{"id":9965,"date":"2021-02-12T05:55:47","date_gmt":"2021-02-12T04:55:47","guid":{"rendered":"http:\/\/rutube.fr\/?p=9965"},"modified":"2021-02-12T05:55:47","modified_gmt":"2021-02-12T04:55:47","slug":"i-media-n335-trappes-conquete-islamique-silence-mediatique","status":"publish","type":"post","link":"https:\/\/webtube.fr\/index.php\/2021\/02\/12\/i-media-n335-trappes-conquete-islamique-silence-mediatique\/","title":{"rendered":"I-M\u00e9dia n\u00b0335 \u2013 Trappes : conqu\u00eate islamique, silence m\u00e9diatique"},"content":{"rendered":"\n<p>Articles \u00a0:\u00a0<a href=\"http:\/\/rutube.fr\/2021\/02\/\" target=\"_blank\" rel=\"noreferrer noopener\">Fev. 2021<\/a>\u00a0\u2013\u00a0<a href=\"http:\/\/rutube.fr\/2021\/01\/\" target=\"_blank\" rel=\"noreferrer noopener\">Jan. 2021<\/a>\u00a0\u2013\u00a0<a href=\"http:\/\/rutube.fr\/2020\/12\/\" target=\"_blank\" rel=\"noreferrer noopener\">Dec. 2020<\/a>\u00a0\u2013\u00a0<a href=\"http:\/\/rutube.fr\/2020\/11\/\" target=\"_blank\" rel=\"noreferrer noopener\">Nov. 2020<\/a><\/p>\n\n\n\n<figure><iframe loading=\"lazy\" width=\"800\" height=\"200\" src=\"http:\/\/www.weboomedia.fr\/RutubeStreaming1.htm\" frameborder=\"N\" scrolling=\"no\"><\/iframe><\/figure>\n\n\n\n<figure class=\"wp-block-image size-large\"><a href=\"https:\/\/youtu.be\/nJV5ydA_qTc\" target=\"_blank\" rel=\"noopener noreferrer\"><img decoding=\"async\" src=\"https:\/\/yt3.ggpht.com\/ytc\/AAUvwng6R2nmHJAwazwiT-P6UUVJIMWgoJHB27JUOCLb=s900-c-k-c0x00ffffff-no-rj\" alt=\"\"\/><\/a><\/figure>\n\n\n\n<figure class=\"wp-block-embed-youtube wp-block-embed is-type-video is-provider-youtube wp-embed-aspect-16-9 wp-has-aspect-ratio\"><div class=\"wp-block-embed__wrapper\">\n<iframe loading=\"lazy\" title=\"I-M\u00e9dia n\u00b0335 \u2013 Trappes : conqu\u00eate islamique, silence m\u00e9diatique\" width=\"840\" height=\"473\" src=\"https:\/\/www.youtube.com\/embed\/nJV5ydA_qTc?feature=oembed\" frameborder=\"0\" allow=\"accelerometer; autoplay; clipboard-write; encrypted-media; gyroscope; picture-in-picture\" allowfullscreen><\/iframe>\n<\/div><\/figure>\n\n\n\n<p><a href=\"https:\/\/www.youtube.com\/watch?v=nJV5ydA_qTc&amp;t=0s\">00:00<\/a>\u200b Introduction<\/p>\n\n\n\n<p> <a href=\"https:\/\/www.youtube.com\/watch?v=nJV5ydA_qTc&amp;t=70s\">01:10<\/a>\u200b L\u2019image de la semaine Les app\u00e9tits m\u00e9diatiques de Vincent Bollor\u00e9 agitent le petit monde des journalistes. <\/p>\n\n\n\n<p><a href=\"https:\/\/www.youtube.com\/watch?v=nJV5ydA_qTc&amp;t=245s\">04:05<\/a>\u200b Trappes : conqu\u00eate islamique, silence m\u00e9diatique Face \u00e0 ce professeur menac\u00e9 de mort par des islamistes qui fait la Une de l\u2019actualit\u00e9 avec ses propos sur Trappes\u2026 les m\u00e9dias politiquement corrects h\u00e9sitent entre l\u2019occultation et les attaques vicieuses.<\/p>\n\n\n\n<p> <a href=\"https:\/\/www.youtube.com\/watch?v=nJV5ydA_qTc&amp;t=1324s\">22:04<\/a>\u200b Revue de presse <\/p>\n\n\n\n<p><a href=\"https:\/\/www.youtube.com\/watch?v=nJV5ydA_qTc&amp;t=2143s\">35:43<\/a>\u200b Covid-19 : la propagande catastrophiste des m\u00e9dias Retour sur la d\u00e9sinformation catastrophiste des m\u00e9dias quant \u00e0 la crise du Covid-19.<\/p>\n\n\n\n<!-- ADDFREESTATS.COM AUTOCODE V4.0 -->\n<script type=\"text\/javascript\">\n<!--\nvar AFS_Account=\"00636949\";\nvar AFS_Tracker=\"auto\";\nvar AFS_Server=\"www6\";\nvar AFS_Page=\"DetectName\";\nvar AFS_Url=\"DetectUrl\";\n\/\/ -->\n<\/script>\n<script type=\"text\/javascript\" src=\"http:\/\/www6.addfreestats.com\/cgi-bin\/afstrack.cgi?usr=00636949\">\n<\/script>\n<noscript>\n<a href=\"http:\/\/www.addfreestats.com\">\n<img decoding=\"async\" src=\"http:\/\/www6.addfreestats.com\/cgi-bin\/connect.cgi?usr=00636949Pauto\" border=\"0\" alt=\"AddFreeStats.com Free Web Stats!\">Web Stats<\/a>\n<\/noscript>\n\n<!-- ENDADDFREESTATS.COM AUTOCODE V4.0  \u2192\n","protected":false},"excerpt":{"rendered":"<p>Articles \u00a0:\u00a0Fev. 2021\u00a0\u2013\u00a0Jan. 2021\u00a0\u2013\u00a0Dec. 2020\u00a0\u2013\u00a0Nov. 2020 00:00\u200b Introduction 01:10\u200b L\u2019image de la semaine Les app\u00e9tits m\u00e9diatiques de Vincent Bollor\u00e9 agitent le petit monde des journalistes. 04:05\u200b Trappes : conqu\u00eate islamique, silence m\u00e9diatique Face \u00e0 ce professeur menac\u00e9 de mort par des islamistes qui fait la Une de l\u2019actualit\u00e9 avec ses propos sur Trappes\u2026 les m\u00e9dias &hellip; <a href=\"https:\/\/webtube.fr\/index.php\/2021\/02\/12\/i-media-n335-trappes-conquete-islamique-silence-mediatique\/\" class=\"more-link\">Continuer la lecture<span class=\"screen-reader-text\"> de &laquo;&nbsp;I-M\u00e9dia n\u00b0335 \u2013 Trappes : conqu\u00eate islamique, silence m\u00e9diatique&nbsp;&raquo;<\/span><\/a><\/p>\n","protected":false},"author":1,"featured_media":0,"comment_status":"open","ping_status":"open","sticky":false,"template":"","format":"standard","meta":{"_jetpack_memberships_contains_paid_content":false,"footnotes":""},"categories":[2],"tags":[],"class_list":["post-9965","post","type-post","status-publish","format-standard","hentry","category-non-classe"],"yoast_head":"<!-- This site is optimized with the Yoast SEO plugin v27.3 - https:\/\/yoast.com\/product\/yoast-seo-wordpress\/ -->\n<title>I-M\u00e9dia n\u00b0335 \u2013 Trappes : conqu\u00eate islamique, silence m\u00e9diatique - # WEBTUBE.fr<\/title>\n<meta name=\"robots\" content=\"index, follow, max-snippet:-1, max-image-preview:large, max-video-preview:-1\" \/>\n<link rel=\"canonical\" href=\"https:\/\/webtube.fr\/index.php\/2021\/02\/12\/i-media-n335-trappes-conquete-islamique-silence-mediatique\/\" \/>\n<meta property=\"og:locale\" content=\"fr_FR\" \/>\n<meta property=\"og:type\" content=\"article\" \/>\n<meta property=\"og:title\" content=\"I-M\u00e9dia n\u00b0335 \u2013 Trappes : conqu\u00eate islamique, silence m\u00e9diatique - # WEBTUBE.fr\" \/>\n<meta property=\"og:description\" content=\"Articles \u00a0:\u00a0Fev. 2021\u00a0\u2013\u00a0Jan. 2021\u00a0\u2013\u00a0Dec. 2020\u00a0\u2013\u00a0Nov. 2020 00:00\u200b Introduction 01:10\u200b L\u2019image de la semaine Les app\u00e9tits m\u00e9diatiques de Vincent Bollor\u00e9 agitent le petit monde des journalistes. 04:05\u200b Trappes : conqu\u00eate islamique, silence m\u00e9diatique Face \u00e0 ce professeur menac\u00e9 de mort par des islamistes qui fait la Une de l\u2019actualit\u00e9 avec ses propos sur Trappes\u2026 les m\u00e9dias &hellip; Continuer la lecture de &laquo;&nbsp;I-M\u00e9dia n\u00b0335 \u2013 Trappes : conqu\u00eate islamique, silence m\u00e9diatique&nbsp;&raquo;\" \/>\n<meta property=\"og:url\" content=\"https:\/\/webtube.fr\/index.php\/2021\/02\/12\/i-media-n335-trappes-conquete-islamique-silence-mediatique\/\" \/>\n<meta property=\"og:site_name\" content=\"# WEBTUBE.fr\" \/>\n<meta property=\"article:publisher\" content=\"https:\/\/www.facebook.com\/profile.php?id=100069673161887\" \/>\n<meta property=\"article:published_time\" content=\"2021-02-12T04:55:47+00:00\" \/>\n<meta property=\"og:image\" content=\"https:\/\/yt3.ggpht.com\/ytc\/AAUvwng6R2nmHJAwazwiT-P6UUVJIMWgoJHB27JUOCLb=s900-c-k-c0x00ffffff-no-rj\" \/>\n<meta name=\"author\" content=\"admin5851\" \/>\n<meta name=\"twitter:card\" content=\"summary_large_image\" \/>\n<meta name=\"twitter:creator\" content=\"@OrtfNews\" \/>\n<meta name=\"twitter:site\" content=\"@OrtfNews\" \/>\n<meta name=\"twitter:label1\" content=\"\u00c9crit par\" \/>\n\t<meta name=\"twitter:data1\" content=\"admin5851\" \/>\n<script type=\"application\/ld+json\" class=\"yoast-schema-graph\">{\"@context\":\"https:\\\/\\\/schema.org\",\"@graph\":[{\"@type\":\"Article\",\"@id\":\"https:\\\/\\\/webtube.fr\\\/index.php\\\/2021\\\/02\\\/12\\\/i-media-n335-trappes-conquete-islamique-silence-mediatique\\\/#article\",\"isPartOf\":{\"@id\":\"https:\\\/\\\/webtube.fr\\\/index.php\\\/2021\\\/02\\\/12\\\/i-media-n335-trappes-conquete-islamique-silence-mediatique\\\/\"},\"author\":{\"name\":\"admin5851\",\"@id\":\"https:\\\/\\\/webtube.fr\\\/#\\\/schema\\\/person\\\/dcc633686e0e2a79a6bf7b92c9507618\"},\"headline\":\"I-M\u00e9dia n\u00b0335 \u2013 Trappes : conqu\u00eate islamique, silence m\u00e9diatique\",\"datePublished\":\"2021-02-12T04:55:47+00:00\",\"mainEntityOfPage\":{\"@id\":\"https:\\\/\\\/webtube.fr\\\/index.php\\\/2021\\\/02\\\/12\\\/i-media-n335-trappes-conquete-islamique-silence-mediatique\\\/\"},\"wordCount\":109,\"commentCount\":0,\"publisher\":{\"@id\":\"https:\\\/\\\/webtube.fr\\\/#organization\"},\"image\":{\"@id\":\"https:\\\/\\\/webtube.fr\\\/index.php\\\/2021\\\/02\\\/12\\\/i-media-n335-trappes-conquete-islamique-silence-mediatique\\\/#primaryimage\"},\"thumbnailUrl\":\"https:\\\/\\\/yt3.ggpht.com\\\/ytc\\\/AAUvwng6R2nmHJAwazwiT-P6UUVJIMWgoJHB27JUOCLb=s900-c-k-c0x00ffffff-no-rj\",\"inLanguage\":\"fr-FR\",\"potentialAction\":[{\"@type\":\"CommentAction\",\"name\":\"Comment\",\"target\":[\"https:\\\/\\\/webtube.fr\\\/index.php\\\/2021\\\/02\\\/12\\\/i-media-n335-trappes-conquete-islamique-silence-mediatique\\\/#respond\"]}]},{\"@type\":\"WebPage\",\"@id\":\"https:\\\/\\\/webtube.fr\\\/index.php\\\/2021\\\/02\\\/12\\\/i-media-n335-trappes-conquete-islamique-silence-mediatique\\\/\",\"url\":\"https:\\\/\\\/webtube.fr\\\/index.php\\\/2021\\\/02\\\/12\\\/i-media-n335-trappes-conquete-islamique-silence-mediatique\\\/\",\"name\":\"I-M\u00e9dia n\u00b0335 \u2013 Trappes : conqu\u00eate islamique, silence m\u00e9diatique - # WEBTUBE.fr\",\"isPartOf\":{\"@id\":\"https:\\\/\\\/webtube.fr\\\/#website\"},\"primaryImageOfPage\":{\"@id\":\"https:\\\/\\\/webtube.fr\\\/index.php\\\/2021\\\/02\\\/12\\\/i-media-n335-trappes-conquete-islamique-silence-mediatique\\\/#primaryimage\"},\"image\":{\"@id\":\"https:\\\/\\\/webtube.fr\\\/index.php\\\/2021\\\/02\\\/12\\\/i-media-n335-trappes-conquete-islamique-silence-mediatique\\\/#primaryimage\"},\"thumbnailUrl\":\"https:\\\/\\\/yt3.ggpht.com\\\/ytc\\\/AAUvwng6R2nmHJAwazwiT-P6UUVJIMWgoJHB27JUOCLb=s900-c-k-c0x00ffffff-no-rj\",\"datePublished\":\"2021-02-12T04:55:47+00:00\",\"breadcrumb\":{\"@id\":\"https:\\\/\\\/webtube.fr\\\/index.php\\\/2021\\\/02\\\/12\\\/i-media-n335-trappes-conquete-islamique-silence-mediatique\\\/#breadcrumb\"},\"inLanguage\":\"fr-FR\",\"potentialAction\":[{\"@type\":\"ReadAction\",\"target\":[\"https:\\\/\\\/webtube.fr\\\/index.php\\\/2021\\\/02\\\/12\\\/i-media-n335-trappes-conquete-islamique-silence-mediatique\\\/\"]}]},{\"@type\":\"ImageObject\",\"inLanguage\":\"fr-FR\",\"@id\":\"https:\\\/\\\/webtube.fr\\\/index.php\\\/2021\\\/02\\\/12\\\/i-media-n335-trappes-conquete-islamique-silence-mediatique\\\/#primaryimage\",\"url\":\"https:\\\/\\\/yt3.ggpht.com\\\/ytc\\\/AAUvwng6R2nmHJAwazwiT-P6UUVJIMWgoJHB27JUOCLb=s900-c-k-c0x00ffffff-no-rj\",\"contentUrl\":\"https:\\\/\\\/yt3.ggpht.com\\\/ytc\\\/AAUvwng6R2nmHJAwazwiT-P6UUVJIMWgoJHB27JUOCLb=s900-c-k-c0x00ffffff-no-rj\"},{\"@type\":\"BreadcrumbList\",\"@id\":\"https:\\\/\\\/webtube.fr\\\/index.php\\\/2021\\\/02\\\/12\\\/i-media-n335-trappes-conquete-islamique-silence-mediatique\\\/#breadcrumb\",\"itemListElement\":[{\"@type\":\"ListItem\",\"position\":1,\"name\":\"Accueil\",\"item\":\"https:\\\/\\\/webtube.fr\\\/\"},{\"@type\":\"ListItem\",\"position\":2,\"name\":\"I-M\u00e9dia n\u00b0335 \u2013 Trappes : conqu\u00eate islamique, silence m\u00e9diatique\"}]},{\"@type\":\"WebSite\",\"@id\":\"https:\\\/\\\/webtube.fr\\\/#website\",\"url\":\"https:\\\/\\\/webtube.fr\\\/\",\"name\":\"WEBTUBE\",\"description\":\"WEBTUBE.fr  Streaming Vid\u00e9o and News , toutes les infos sans filtres !\",\"publisher\":{\"@id\":\"https:\\\/\\\/webtube.fr\\\/#organization\"},\"alternateName\":\"Rutube\",\"potentialAction\":[{\"@type\":\"SearchAction\",\"target\":{\"@type\":\"EntryPoint\",\"urlTemplate\":\"https:\\\/\\\/webtube.fr\\\/?s={search_term_string}\"},\"query-input\":{\"@type\":\"PropertyValueSpecification\",\"valueRequired\":true,\"valueName\":\"search_term_string\"}}],\"inLanguage\":\"fr-FR\"},{\"@type\":\"Organization\",\"@id\":\"https:\\\/\\\/webtube.fr\\\/#organization\",\"name\":\"# WEBTUBE.fr\",\"url\":\"https:\\\/\\\/webtube.fr\\\/\",\"logo\":{\"@type\":\"ImageObject\",\"inLanguage\":\"fr-FR\",\"@id\":\"https:\\\/\\\/webtube.fr\\\/#\\\/schema\\\/logo\\\/image\\\/\",\"url\":\"https:\\\/\\\/webtube.fr\\\/wp-content\\\/uploads\\\/2025\\\/09\\\/cropped-Logo_webtubeIA-1.jpg\",\"contentUrl\":\"https:\\\/\\\/webtube.fr\\\/wp-content\\\/uploads\\\/2025\\\/09\\\/cropped-Logo_webtubeIA-1.jpg\",\"width\":240,\"height\":240,\"caption\":\"# WEBTUBE.fr\"},\"image\":{\"@id\":\"https:\\\/\\\/webtube.fr\\\/#\\\/schema\\\/logo\\\/image\\\/\"},\"sameAs\":[\"https:\\\/\\\/www.facebook.com\\\/profile.php?id=100069673161887\",\"https:\\\/\\\/x.com\\\/OrtfNews\",\"https:\\\/\\\/www.facebook.com\\\/profile.php?id=100013751440523\"]},{\"@type\":\"Person\",\"@id\":\"https:\\\/\\\/webtube.fr\\\/#\\\/schema\\\/person\\\/dcc633686e0e2a79a6bf7b92c9507618\",\"name\":\"admin5851\",\"image\":{\"@type\":\"ImageObject\",\"inLanguage\":\"fr-FR\",\"@id\":\"https:\\\/\\\/secure.gravatar.com\\\/avatar\\\/ea1b672a827879c0febb022a108a871292b3d08fadc66a0a43fa47acfe82e38a?s=96&d=mm&r=g\",\"url\":\"https:\\\/\\\/secure.gravatar.com\\\/avatar\\\/ea1b672a827879c0febb022a108a871292b3d08fadc66a0a43fa47acfe82e38a?s=96&d=mm&r=g\",\"contentUrl\":\"https:\\\/\\\/secure.gravatar.com\\\/avatar\\\/ea1b672a827879c0febb022a108a871292b3d08fadc66a0a43fa47acfe82e38a?s=96&d=mm&r=g\",\"caption\":\"admin5851\"},\"sameAs\":[\"http:\\\/\\\/linlcju.cluster100.hosting.ovh.net\"],\"url\":\"https:\\\/\\\/webtube.fr\\\/index.php\\\/author\\\/admin5851\\\/\"}]}<\/script>\n<!-- \/ Yoast SEO plugin. -->","yoast_head_json":{"title":"I-M\u00e9dia n\u00b0335 \u2013 Trappes : conqu\u00eate islamique, silence m\u00e9diatique - # WEBTUBE.fr","robots":{"index":"index","follow":"follow","max-snippet":"max-snippet:-1","max-image-preview":"max-image-preview:large","max-video-preview":"max-video-preview:-1"},"canonical":"https:\/\/webtube.fr\/index.php\/2021\/02\/12\/i-media-n335-trappes-conquete-islamique-silence-mediatique\/","og_locale":"fr_FR","og_type":"article","og_title":"I-M\u00e9dia n\u00b0335 \u2013 Trappes : conqu\u00eate islamique, silence m\u00e9diatique - # WEBTUBE.fr","og_description":"Articles \u00a0:\u00a0Fev. 2021\u00a0\u2013\u00a0Jan. 2021\u00a0\u2013\u00a0Dec. 2020\u00a0\u2013\u00a0Nov. 2020 00:00\u200b Introduction 01:10\u200b L\u2019image de la semaine Les app\u00e9tits m\u00e9diatiques de Vincent Bollor\u00e9 agitent le petit monde des journalistes. 04:05\u200b Trappes : conqu\u00eate islamique, silence m\u00e9diatique Face \u00e0 ce professeur menac\u00e9 de mort par des islamistes qui fait la Une de l\u2019actualit\u00e9 avec ses propos sur Trappes\u2026 les m\u00e9dias &hellip; Continuer la lecture de &laquo;&nbsp;I-M\u00e9dia n\u00b0335 \u2013 Trappes : conqu\u00eate islamique, silence m\u00e9diatique&nbsp;&raquo;","og_url":"https:\/\/webtube.fr\/index.php\/2021\/02\/12\/i-media-n335-trappes-conquete-islamique-silence-mediatique\/","og_site_name":"# WEBTUBE.fr","article_publisher":"https:\/\/www.facebook.com\/profile.php?id=100069673161887","article_published_time":"2021-02-12T04:55:47+00:00","og_image":[{"url":"https:\/\/yt3.ggpht.com\/ytc\/AAUvwng6R2nmHJAwazwiT-P6UUVJIMWgoJHB27JUOCLb=s900-c-k-c0x00ffffff-no-rj","type":"","width":"","height":""}],"author":"admin5851","twitter_card":"summary_large_image","twitter_creator":"@OrtfNews","twitter_site":"@OrtfNews","twitter_misc":{"\u00c9crit par":"admin5851"},"schema":{"@context":"https:\/\/schema.org","@graph":[{"@type":"Article","@id":"https:\/\/webtube.fr\/index.php\/2021\/02\/12\/i-media-n335-trappes-conquete-islamique-silence-mediatique\/#article","isPartOf":{"@id":"https:\/\/webtube.fr\/index.php\/2021\/02\/12\/i-media-n335-trappes-conquete-islamique-silence-mediatique\/"},"author":{"name":"admin5851","@id":"https:\/\/webtube.fr\/#\/schema\/person\/dcc633686e0e2a79a6bf7b92c9507618"},"headline":"I-M\u00e9dia n\u00b0335 \u2013 Trappes : conqu\u00eate islamique, silence m\u00e9diatique","datePublished":"2021-02-12T04:55:47+00:00","mainEntityOfPage":{"@id":"https:\/\/webtube.fr\/index.php\/2021\/02\/12\/i-media-n335-trappes-conquete-islamique-silence-mediatique\/"},"wordCount":109,"commentCount":0,"publisher":{"@id":"https:\/\/webtube.fr\/#organization"},"image":{"@id":"https:\/\/webtube.fr\/index.php\/2021\/02\/12\/i-media-n335-trappes-conquete-islamique-silence-mediatique\/#primaryimage"},"thumbnailUrl":"https:\/\/yt3.ggpht.com\/ytc\/AAUvwng6R2nmHJAwazwiT-P6UUVJIMWgoJHB27JUOCLb=s900-c-k-c0x00ffffff-no-rj","inLanguage":"fr-FR","potentialAction":[{"@type":"CommentAction","name":"Comment","target":["https:\/\/webtube.fr\/index.php\/2021\/02\/12\/i-media-n335-trappes-conquete-islamique-silence-mediatique\/#respond"]}]},{"@type":"WebPage","@id":"https:\/\/webtube.fr\/index.php\/2021\/02\/12\/i-media-n335-trappes-conquete-islamique-silence-mediatique\/","url":"https:\/\/webtube.fr\/index.php\/2021\/02\/12\/i-media-n335-trappes-conquete-islamique-silence-mediatique\/","name":"I-M\u00e9dia n\u00b0335 \u2013 Trappes : conqu\u00eate islamique, silence m\u00e9diatique - # WEBTUBE.fr","isPartOf":{"@id":"https:\/\/webtube.fr\/#website"},"primaryImageOfPage":{"@id":"https:\/\/webtube.fr\/index.php\/2021\/02\/12\/i-media-n335-trappes-conquete-islamique-silence-mediatique\/#primaryimage"},"image":{"@id":"https:\/\/webtube.fr\/index.php\/2021\/02\/12\/i-media-n335-trappes-conquete-islamique-silence-mediatique\/#primaryimage"},"thumbnailUrl":"https:\/\/yt3.ggpht.com\/ytc\/AAUvwng6R2nmHJAwazwiT-P6UUVJIMWgoJHB27JUOCLb=s900-c-k-c0x00ffffff-no-rj","datePublished":"2021-02-12T04:55:47+00:00","breadcrumb":{"@id":"https:\/\/webtube.fr\/index.php\/2021\/02\/12\/i-media-n335-trappes-conquete-islamique-silence-mediatique\/#breadcrumb"},"inLanguage":"fr-FR","potentialAction":[{"@type":"ReadAction","target":["https:\/\/webtube.fr\/index.php\/2021\/02\/12\/i-media-n335-trappes-conquete-islamique-silence-mediatique\/"]}]},{"@type":"ImageObject","inLanguage":"fr-FR","@id":"https:\/\/webtube.fr\/index.php\/2021\/02\/12\/i-media-n335-trappes-conquete-islamique-silence-mediatique\/#primaryimage","url":"https:\/\/yt3.ggpht.com\/ytc\/AAUvwng6R2nmHJAwazwiT-P6UUVJIMWgoJHB27JUOCLb=s900-c-k-c0x00ffffff-no-rj","contentUrl":"https:\/\/yt3.ggpht.com\/ytc\/AAUvwng6R2nmHJAwazwiT-P6UUVJIMWgoJHB27JUOCLb=s900-c-k-c0x00ffffff-no-rj"},{"@type":"BreadcrumbList","@id":"https:\/\/webtube.fr\/index.php\/2021\/02\/12\/i-media-n335-trappes-conquete-islamique-silence-mediatique\/#breadcrumb","itemListElement":[{"@type":"ListItem","position":1,"name":"Accueil","item":"https:\/\/webtube.fr\/"},{"@type":"ListItem","position":2,"name":"I-M\u00e9dia n\u00b0335 \u2013 Trappes : conqu\u00eate islamique, silence m\u00e9diatique"}]},{"@type":"WebSite","@id":"https:\/\/webtube.fr\/#website","url":"https:\/\/webtube.fr\/","name":"WEBTUBE","description":"WEBTUBE.fr  Streaming Vid\u00e9o and News , toutes les infos sans filtres !","publisher":{"@id":"https:\/\/webtube.fr\/#organization"},"alternateName":"Rutube","potentialAction":[{"@type":"SearchAction","target":{"@type":"EntryPoint","urlTemplate":"https:\/\/webtube.fr\/?s={search_term_string}"},"query-input":{"@type":"PropertyValueSpecification","valueRequired":true,"valueName":"search_term_string"}}],"inLanguage":"fr-FR"},{"@type":"Organization","@id":"https:\/\/webtube.fr\/#organization","name":"# WEBTUBE.fr","url":"https:\/\/webtube.fr\/","logo":{"@type":"ImageObject","inLanguage":"fr-FR","@id":"https:\/\/webtube.fr\/#\/schema\/logo\/image\/","url":"https:\/\/webtube.fr\/wp-content\/uploads\/2025\/09\/cropped-Logo_webtubeIA-1.jpg","contentUrl":"https:\/\/webtube.fr\/wp-content\/uploads\/2025\/09\/cropped-Logo_webtubeIA-1.jpg","width":240,"height":240,"caption":"# WEBTUBE.fr"},"image":{"@id":"https:\/\/webtube.fr\/#\/schema\/logo\/image\/"},"sameAs":["https:\/\/www.facebook.com\/profile.php?id=100069673161887","https:\/\/x.com\/OrtfNews","https:\/\/www.facebook.com\/profile.php?id=100013751440523"]},{"@type":"Person","@id":"https:\/\/webtube.fr\/#\/schema\/person\/dcc633686e0e2a79a6bf7b92c9507618","name":"admin5851","image":{"@type":"ImageObject","inLanguage":"fr-FR","@id":"https:\/\/secure.gravatar.com\/avatar\/ea1b672a827879c0febb022a108a871292b3d08fadc66a0a43fa47acfe82e38a?s=96&d=mm&r=g","url":"https:\/\/secure.gravatar.com\/avatar\/ea1b672a827879c0febb022a108a871292b3d08fadc66a0a43fa47acfe82e38a?s=96&d=mm&r=g","contentUrl":"https:\/\/secure.gravatar.com\/avatar\/ea1b672a827879c0febb022a108a871292b3d08fadc66a0a43fa47acfe82e38a?s=96&d=mm&r=g","caption":"admin5851"},"sameAs":["http:\/\/linlcju.cluster100.hosting.ovh.net"],"url":"https:\/\/webtube.fr\/index.php\/author\/admin5851\/"}]}},"jetpack_featured_media_url":"","jetpack_sharing_enabled":true,"_links":{"self":[{"href":"https:\/\/webtube.fr\/index.php\/wp-json\/wp\/v2\/posts\/9965","targetHints":{"allow":["GET"]}}],"collection":[{"href":"https:\/\/webtube.fr\/index.php\/wp-json\/wp\/v2\/posts"}],"about":[{"href":"https:\/\/webtube.fr\/index.php\/wp-json\/wp\/v2\/types\/post"}],"author":[{"embeddable":true,"href":"https:\/\/webtube.fr\/index.php\/wp-json\/wp\/v2\/users\/1"}],"replies":[{"embeddable":true,"href":"https:\/\/webtube.fr\/index.php\/wp-json\/wp\/v2\/comments?post=9965"}],"version-history":[{"count":0,"href":"https:\/\/webtube.fr\/index.php\/wp-json\/wp\/v2\/posts\/9965\/revisions"}],"wp:attachment":[{"href":"https:\/\/webtube.fr\/index.php\/wp-json\/wp\/v2\/media?parent=9965"}],"wp:term":[{"taxonomy":"category","embeddable":true,"href":"https:\/\/webtube.fr\/index.php\/wp-json\/wp\/v2\/categories?post=9965"},{"taxonomy":"post_tag","embeddable":true,"href":"https:\/\/webtube.fr\/index.php\/wp-json\/wp\/v2\/tags?post=9965"}],"curies":[{"name":"wp","href":"https:\/\/api.w.org\/{rel}","templated":true}]}}