{"id":9958,"date":"2021-02-11T06:10:38","date_gmt":"2021-02-11T05:10:38","guid":{"rendered":"http:\/\/rutube.fr\/?p=9958"},"modified":"2021-02-11T06:10:38","modified_gmt":"2021-02-11T05:10:38","slug":"la-deputee-et-le-professeur-du-deni-a-la-realite","status":"publish","type":"post","link":"https:\/\/webtube.fr\/index.php\/2021\/02\/11\/la-deputee-et-le-professeur-du-deni-a-la-realite\/","title":{"rendered":"La d\u00e9put\u00e9e et le professeur : du d\u00e9ni \u00e0 la r\u00e9alit\u00e9"},"content":{"rendered":"\n<p>Articles \u00a0:\u00a0<a href=\"http:\/\/rutube.fr\/2021\/02\/\" target=\"_blank\" rel=\"noreferrer noopener\">Fev. 2021<\/a>\u00a0\u2013\u00a0<a href=\"http:\/\/rutube.fr\/2021\/01\/\" target=\"_blank\" rel=\"noreferrer noopener\">Jan. 2021<\/a>\u00a0\u2013\u00a0<a href=\"http:\/\/rutube.fr\/2020\/12\/\" target=\"_blank\" rel=\"noreferrer noopener\">Dec. 2020<\/a>\u00a0\u2013\u00a0<a href=\"http:\/\/rutube.fr\/2020\/11\/\" target=\"_blank\" rel=\"noreferrer noopener\">Nov. 2020<\/a><\/p>\n\n\n\n<figure><iframe loading=\"lazy\" width=\"800\" height=\"200\" src=\"http:\/\/www.weboomedia.fr\/RutubeStreaming1.htm\" frameborder=\"N\" scrolling=\"no\"><\/iframe><\/figure>\n\n\n\n<figure class=\"wp-block-image size-large\"><img decoding=\"async\" src=\"https:\/\/www.bvoltaire.fr\/media\/2021\/02\/capture-decran-2021-02-10-a-093718-1240x698.png\" alt=\"\"\/><\/figure>\n\n\n\n<p>Mme Souad Zitouni, d\u00e9put\u00e9e LREM de la premi\u00e8re circonscription de Vaucluse, est intervenue, ces derniers jours, \u00e0 l\u2019Assembl\u00e9e nationale, dans le cadre de la loi sur le s\u00e9paratisme. Elle fait partie des signataires d\u2019une r\u00e9cente tribune mettant en garde contre le retour des&nbsp;<a href=\"https:\/\/www.bvoltaire.fr\/ramu-de-bellescize-le-debat-sur-le-voile-revele-un-malaise-tres-profond-dune-societe-qui-sislamise\/\" target=\"_blank\" rel=\"noreferrer noopener\">pol\u00e9miques sur le voile islamique<\/a>&nbsp;lors de l\u2019examen du texte. Logiquement, cette d\u00e9put\u00e9e de Vaucluse s\u2019est donc oppos\u00e9e \u00e0 l\u2019introduction d\u2019un amendement interdisant le port du&nbsp;<a href=\"https:\/\/www.bvoltaire.fr\/sujet\/voile-islamique\/\">voile islamique<\/a>&nbsp;au sein des universit\u00e9s et lors de l\u2019accompagnement des enfants dans les transports scolaires.<\/p>\n\n\n\n<p>Ses arguments : beaucoup de femmes portent le voile volontairement et en r\u00e9duire le d\u00e9bat \u00e0 un probl\u00e8me de soumission appara\u00eet simpliste. Elle ajoute que le vivre ensemble ne signifie pas vivre pareil et qu\u2019en fonction des principes Libert\u00e9-\u00c9galit\u00e9-Fraternit\u00e9, les femmes doivent pouvoir vivre leur spiritualit\u00e9, exercer leur libert\u00e9 de croire ou de ne pas croire gr\u00e2ce au port du voile qui en constitue l\u2019un des moyens.<\/p>\n\n\n\n<p>Ce vendredi 5 f\u00e9vrier, invit\u00e9e sur&nbsp;<em>RMC<\/em>&nbsp;chez Apolline de Malherbe, la d\u00e9put\u00e9e, de nouveau interrog\u00e9e sur la question du voile, pr\u00e9cisait sa pens\u00e9e, notamment \u00e0 propos du&nbsp;<a href=\"https:\/\/www.bvoltaire.fr\/voile-des-petites-filles-musulmanes-aurore-berge-est-contre\/\" target=\"_blank\" rel=\"noreferrer noopener\">voile port\u00e9 par des fillettes<\/a>. Elle d\u00e9clarait n\u2019avoir jamais crois\u00e9 de fillettes portant un voile dans le Vaucluse. Elle ajoute que m\u00eame si une telle situation advenait, d\u2019une part l\u2019\u00c9tat n\u2019a pas \u00e0 s\u2019immiscer dans l\u2019\u00e9ducation par les parents de leurs enfants. Elle concluait en reconnaissant \u00e0 ces fillettes le discernement suffisant pour refuser de porter le voile malgr\u00e9 l\u2019avis de ses parents.<\/p>\n\n\n\n<p>Ce positionnement a le m\u00e9rite de la clart\u00e9. N\u00e9anmoins, il ne correspond pas aux principes de la\u00efcit\u00e9 et d\u2019assimilation applicables en France et place la d\u00e9put\u00e9e dans le d\u00e9ni le plus complet.<\/p>\n\n\n\n<p>Tout d\u2019abord, la d\u00e9put\u00e9e a une conception r\u00e9ductrice de la la\u00efcit\u00e9 en pensant qu\u2019elle repose seulement sur la libert\u00e9 religieuse de croire ou de ne pas croire ; elle en oublie le deuxi\u00e8me pilier, \u00e0 savoir le devoir de discr\u00e9tion dans l\u2019espace public, destin\u00e9 simplement au respect des autres.<\/p>\n\n\n\n<p>Ensuite, les arguments d\u00e9velopp\u00e9s par la d\u00e9put\u00e9e font compl\u00e8tement abstraction du principe d\u2019assimilation et de la c\u00e9l\u00e8bre citation \u00ab \u00c0 Rome, fais comme les Romains \u00bb selon laquelle toute personne d\u00e9sirant vivre en France doit respecter les r\u00e8gles et modes de vie des Fran\u00e7aises et des Fran\u00e7ais. Ce principe d\u2019assimilation a historiquement permis d\u2019int\u00e9grer des milliers d\u2019\u00e9trangers dans la communaut\u00e9 nationale.<\/p>\n\n\n\n<p>Enfin, dans son intervention sur&nbsp;<em>RMC<\/em>, cette d\u00e9put\u00e9e refuse ou feint de voir la r\u00e9alit\u00e9 dans laquelle le port du voile est, le plus souvent, un signe de soumission et une manifestation d\u2019appartenance communautaire et, donc, s\u00e9paratiste. Le d\u00e9ni des r\u00e9alit\u00e9s est \u00e0 son comble quand elle estime qu\u2019une fillette de 7-8 ans, dot\u00e9e d\u2019un libre arbitre, peut refuser \u00e0 ses parents le port du voile.<\/p>\n\n\n\n<p>Ce monde idyllique, construit sur le d\u00e9ni, n\u2019est pas identique, semble-t-il, \u00e0 celui que vit, au quotidien, Didier Lemaire, professeur de philosophie dans un lyc\u00e9e de&nbsp;<a href=\"https:\/\/www.bvoltaire.fr\/sujet\/trappes\/\">Trappes<\/a>. Ce professeur mentionne (je cite) que&nbsp;<em>\u00ab les attaques contre l\u2019\u00e9cole et les enseignants se multiplient, qu\u2019avant on avait des atteintes individuelles \u00e0 la la\u00efcit\u00e9 ; aujourd\u2019hui, on a des manifestations collectives de s\u00e9paratisme. En septembre, par exemple, lors d\u2019un atelier sur la transmission du souvenir entre g\u00e9n\u00e9rations, les filles, \u00e0 l\u2019unanimit\u00e9, ont refus\u00e9 d\u2019\u00eatre film\u00e9es sans leur voile. \u00bb<\/em>&nbsp;Il per\u00e7oit, chez certains gar\u00e7ons, un d\u00e9nigrement de la France. Ce professeur voit, lui, des jeunes filles sous pression des gar\u00e7ons et interdites de se rendre dans certains endroits r\u00e9serv\u00e9s aux hommes.<\/p>\n\n\n\n<p>En d\u00e9finitive, deux personnes, deux regards diff\u00e9rents. Un qui constate la sombre r\u00e9alit\u00e9 de l\u2019islamisme, l\u2019autre qui se compla\u00eet dans le d\u00e9ni ou dans la soumission, voire dans le client\u00e9lisme politique ?<\/p>\n\n\n\n<p><a href=\"https:\/\/www.bvoltaire.fr\/auteur\/christianmontagard\/\">Christian Montagard<\/a>, Boulevard Voltaire<\/p>\n\n\n\n<!-- ADDFREESTATS.COM AUTOCODE V4.0 -->\n<script type=\"text\/javascript\">\n<!--\nvar AFS_Account=\"00636949\";\nvar AFS_Tracker=\"auto\";\nvar AFS_Server=\"www6\";\nvar AFS_Page=\"DetectName\";\nvar AFS_Url=\"DetectUrl\";\n\/\/ -->\n<\/script>\n<script type=\"text\/javascript\" src=\"http:\/\/www6.addfreestats.com\/cgi-bin\/afstrack.cgi?usr=00636949\">\n<\/script>\n<noscript>\n<a href=\"http:\/\/www.addfreestats.com\">\n<img decoding=\"async\" src=\"http:\/\/www6.addfreestats.com\/cgi-bin\/connect.cgi?usr=00636949Pauto\" border=\"0\" alt=\"AddFreeStats.com Free Web Stats!\">Web Stats<\/a>\n<\/noscript>\n\n<!-- ENDADDFREESTATS.COM AUTOCODE V4.0  \u2192\n","protected":false},"excerpt":{"rendered":"<p>Articles \u00a0:\u00a0Fev. 2021\u00a0\u2013\u00a0Jan. 2021\u00a0\u2013\u00a0Dec. 2020\u00a0\u2013\u00a0Nov. 2020 Mme Souad Zitouni, d\u00e9put\u00e9e LREM de la premi\u00e8re circonscription de Vaucluse, est intervenue, ces derniers jours, \u00e0 l\u2019Assembl\u00e9e nationale, dans le cadre de la loi sur le s\u00e9paratisme. Elle fait partie des signataires d\u2019une r\u00e9cente tribune mettant en garde contre le retour des&nbsp;pol\u00e9miques sur le voile islamique&nbsp;lors de l\u2019examen &hellip; <a href=\"https:\/\/webtube.fr\/index.php\/2021\/02\/11\/la-deputee-et-le-professeur-du-deni-a-la-realite\/\" class=\"more-link\">Continuer la lecture<span class=\"screen-reader-text\"> de &laquo;&nbsp;La d\u00e9put\u00e9e et le professeur : du d\u00e9ni \u00e0 la r\u00e9alit\u00e9&nbsp;&raquo;<\/span><\/a><\/p>\n","protected":false},"author":1,"featured_media":0,"comment_status":"open","ping_status":"open","sticky":false,"template":"","format":"standard","meta":{"_jetpack_memberships_contains_paid_content":false,"footnotes":""},"categories":[2],"tags":[],"class_list":["post-9958","post","type-post","status-publish","format-standard","hentry","category-non-classe"],"yoast_head":"<!-- This site is optimized with the Yoast SEO plugin v27.3 - https:\/\/yoast.com\/product\/yoast-seo-wordpress\/ -->\n<title>La d\u00e9put\u00e9e et le professeur : du d\u00e9ni \u00e0 la r\u00e9alit\u00e9 - # WEBTUBE.fr<\/title>\n<meta name=\"robots\" content=\"index, follow, max-snippet:-1, max-image-preview:large, max-video-preview:-1\" \/>\n<link rel=\"canonical\" href=\"https:\/\/webtube.fr\/index.php\/2021\/02\/11\/la-deputee-et-le-professeur-du-deni-a-la-realite\/\" \/>\n<meta property=\"og:locale\" content=\"fr_FR\" \/>\n<meta property=\"og:type\" content=\"article\" \/>\n<meta property=\"og:title\" content=\"La d\u00e9put\u00e9e et le professeur : du d\u00e9ni \u00e0 la r\u00e9alit\u00e9 - # WEBTUBE.fr\" \/>\n<meta property=\"og:description\" content=\"Articles \u00a0:\u00a0Fev. 2021\u00a0\u2013\u00a0Jan. 2021\u00a0\u2013\u00a0Dec. 2020\u00a0\u2013\u00a0Nov. 2020 Mme Souad Zitouni, d\u00e9put\u00e9e LREM de la premi\u00e8re circonscription de Vaucluse, est intervenue, ces derniers jours, \u00e0 l\u2019Assembl\u00e9e nationale, dans le cadre de la loi sur le s\u00e9paratisme. Elle fait partie des signataires d\u2019une r\u00e9cente tribune mettant en garde contre le retour des&nbsp;pol\u00e9miques sur le voile islamique&nbsp;lors de l\u2019examen &hellip; Continuer la lecture de &laquo;&nbsp;La d\u00e9put\u00e9e et le professeur : du d\u00e9ni \u00e0 la r\u00e9alit\u00e9&nbsp;&raquo;\" \/>\n<meta property=\"og:url\" content=\"https:\/\/webtube.fr\/index.php\/2021\/02\/11\/la-deputee-et-le-professeur-du-deni-a-la-realite\/\" \/>\n<meta property=\"og:site_name\" content=\"# WEBTUBE.fr\" \/>\n<meta property=\"article:publisher\" content=\"https:\/\/www.facebook.com\/profile.php?id=100069673161887\" \/>\n<meta property=\"article:published_time\" content=\"2021-02-11T05:10:38+00:00\" \/>\n<meta property=\"og:image\" content=\"https:\/\/www.bvoltaire.fr\/media\/2021\/02\/capture-decran-2021-02-10-a-093718-1240x698.png\" \/>\n<meta name=\"author\" content=\"admin5851\" \/>\n<meta name=\"twitter:card\" content=\"summary_large_image\" \/>\n<meta name=\"twitter:creator\" content=\"@OrtfNews\" \/>\n<meta name=\"twitter:site\" content=\"@OrtfNews\" \/>\n<meta name=\"twitter:label1\" content=\"\u00c9crit par\" \/>\n\t<meta name=\"twitter:data1\" content=\"admin5851\" \/>\n\t<meta name=\"twitter:label2\" content=\"Dur\u00e9e de lecture estim\u00e9e\" \/>\n\t<meta name=\"twitter:data2\" content=\"4 minutes\" \/>\n<script type=\"application\/ld+json\" class=\"yoast-schema-graph\">{\"@context\":\"https:\\\/\\\/schema.org\",\"@graph\":[{\"@type\":\"Article\",\"@id\":\"https:\\\/\\\/webtube.fr\\\/index.php\\\/2021\\\/02\\\/11\\\/la-deputee-et-le-professeur-du-deni-a-la-realite\\\/#article\",\"isPartOf\":{\"@id\":\"https:\\\/\\\/webtube.fr\\\/index.php\\\/2021\\\/02\\\/11\\\/la-deputee-et-le-professeur-du-deni-a-la-realite\\\/\"},\"author\":{\"name\":\"admin5851\",\"@id\":\"https:\\\/\\\/webtube.fr\\\/#\\\/schema\\\/person\\\/dcc633686e0e2a79a6bf7b92c9507618\"},\"headline\":\"La d\u00e9put\u00e9e et le professeur : du d\u00e9ni \u00e0 la r\u00e9alit\u00e9\",\"datePublished\":\"2021-02-11T05:10:38+00:00\",\"mainEntityOfPage\":{\"@id\":\"https:\\\/\\\/webtube.fr\\\/index.php\\\/2021\\\/02\\\/11\\\/la-deputee-et-le-professeur-du-deni-a-la-realite\\\/\"},\"wordCount\":730,\"commentCount\":0,\"publisher\":{\"@id\":\"https:\\\/\\\/webtube.fr\\\/#organization\"},\"image\":{\"@id\":\"https:\\\/\\\/webtube.fr\\\/index.php\\\/2021\\\/02\\\/11\\\/la-deputee-et-le-professeur-du-deni-a-la-realite\\\/#primaryimage\"},\"thumbnailUrl\":\"https:\\\/\\\/www.bvoltaire.fr\\\/media\\\/2021\\\/02\\\/capture-decran-2021-02-10-a-093718-1240x698.png\",\"inLanguage\":\"fr-FR\",\"potentialAction\":[{\"@type\":\"CommentAction\",\"name\":\"Comment\",\"target\":[\"https:\\\/\\\/webtube.fr\\\/index.php\\\/2021\\\/02\\\/11\\\/la-deputee-et-le-professeur-du-deni-a-la-realite\\\/#respond\"]}]},{\"@type\":\"WebPage\",\"@id\":\"https:\\\/\\\/webtube.fr\\\/index.php\\\/2021\\\/02\\\/11\\\/la-deputee-et-le-professeur-du-deni-a-la-realite\\\/\",\"url\":\"https:\\\/\\\/webtube.fr\\\/index.php\\\/2021\\\/02\\\/11\\\/la-deputee-et-le-professeur-du-deni-a-la-realite\\\/\",\"name\":\"La d\u00e9put\u00e9e et le professeur : du d\u00e9ni \u00e0 la r\u00e9alit\u00e9 - # WEBTUBE.fr\",\"isPartOf\":{\"@id\":\"https:\\\/\\\/webtube.fr\\\/#website\"},\"primaryImageOfPage\":{\"@id\":\"https:\\\/\\\/webtube.fr\\\/index.php\\\/2021\\\/02\\\/11\\\/la-deputee-et-le-professeur-du-deni-a-la-realite\\\/#primaryimage\"},\"image\":{\"@id\":\"https:\\\/\\\/webtube.fr\\\/index.php\\\/2021\\\/02\\\/11\\\/la-deputee-et-le-professeur-du-deni-a-la-realite\\\/#primaryimage\"},\"thumbnailUrl\":\"https:\\\/\\\/www.bvoltaire.fr\\\/media\\\/2021\\\/02\\\/capture-decran-2021-02-10-a-093718-1240x698.png\",\"datePublished\":\"2021-02-11T05:10:38+00:00\",\"breadcrumb\":{\"@id\":\"https:\\\/\\\/webtube.fr\\\/index.php\\\/2021\\\/02\\\/11\\\/la-deputee-et-le-professeur-du-deni-a-la-realite\\\/#breadcrumb\"},\"inLanguage\":\"fr-FR\",\"potentialAction\":[{\"@type\":\"ReadAction\",\"target\":[\"https:\\\/\\\/webtube.fr\\\/index.php\\\/2021\\\/02\\\/11\\\/la-deputee-et-le-professeur-du-deni-a-la-realite\\\/\"]}]},{\"@type\":\"ImageObject\",\"inLanguage\":\"fr-FR\",\"@id\":\"https:\\\/\\\/webtube.fr\\\/index.php\\\/2021\\\/02\\\/11\\\/la-deputee-et-le-professeur-du-deni-a-la-realite\\\/#primaryimage\",\"url\":\"https:\\\/\\\/www.bvoltaire.fr\\\/media\\\/2021\\\/02\\\/capture-decran-2021-02-10-a-093718-1240x698.png\",\"contentUrl\":\"https:\\\/\\\/www.bvoltaire.fr\\\/media\\\/2021\\\/02\\\/capture-decran-2021-02-10-a-093718-1240x698.png\"},{\"@type\":\"BreadcrumbList\",\"@id\":\"https:\\\/\\\/webtube.fr\\\/index.php\\\/2021\\\/02\\\/11\\\/la-deputee-et-le-professeur-du-deni-a-la-realite\\\/#breadcrumb\",\"itemListElement\":[{\"@type\":\"ListItem\",\"position\":1,\"name\":\"Accueil\",\"item\":\"https:\\\/\\\/webtube.fr\\\/\"},{\"@type\":\"ListItem\",\"position\":2,\"name\":\"La d\u00e9put\u00e9e et le professeur : du d\u00e9ni \u00e0 la r\u00e9alit\u00e9\"}]},{\"@type\":\"WebSite\",\"@id\":\"https:\\\/\\\/webtube.fr\\\/#website\",\"url\":\"https:\\\/\\\/webtube.fr\\\/\",\"name\":\"WEBTUBE\",\"description\":\"WEBTUBE.fr  Streaming Vid\u00e9o and News , toutes les infos sans filtres !\",\"publisher\":{\"@id\":\"https:\\\/\\\/webtube.fr\\\/#organization\"},\"alternateName\":\"Rutube\",\"potentialAction\":[{\"@type\":\"SearchAction\",\"target\":{\"@type\":\"EntryPoint\",\"urlTemplate\":\"https:\\\/\\\/webtube.fr\\\/?s={search_term_string}\"},\"query-input\":{\"@type\":\"PropertyValueSpecification\",\"valueRequired\":true,\"valueName\":\"search_term_string\"}}],\"inLanguage\":\"fr-FR\"},{\"@type\":\"Organization\",\"@id\":\"https:\\\/\\\/webtube.fr\\\/#organization\",\"name\":\"# WEBTUBE.fr\",\"url\":\"https:\\\/\\\/webtube.fr\\\/\",\"logo\":{\"@type\":\"ImageObject\",\"inLanguage\":\"fr-FR\",\"@id\":\"https:\\\/\\\/webtube.fr\\\/#\\\/schema\\\/logo\\\/image\\\/\",\"url\":\"https:\\\/\\\/webtube.fr\\\/wp-content\\\/uploads\\\/2025\\\/09\\\/cropped-Logo_webtubeIA-1.jpg\",\"contentUrl\":\"https:\\\/\\\/webtube.fr\\\/wp-content\\\/uploads\\\/2025\\\/09\\\/cropped-Logo_webtubeIA-1.jpg\",\"width\":240,\"height\":240,\"caption\":\"# WEBTUBE.fr\"},\"image\":{\"@id\":\"https:\\\/\\\/webtube.fr\\\/#\\\/schema\\\/logo\\\/image\\\/\"},\"sameAs\":[\"https:\\\/\\\/www.facebook.com\\\/profile.php?id=100069673161887\",\"https:\\\/\\\/x.com\\\/OrtfNews\",\"https:\\\/\\\/www.facebook.com\\\/profile.php?id=100013751440523\"]},{\"@type\":\"Person\",\"@id\":\"https:\\\/\\\/webtube.fr\\\/#\\\/schema\\\/person\\\/dcc633686e0e2a79a6bf7b92c9507618\",\"name\":\"admin5851\",\"image\":{\"@type\":\"ImageObject\",\"inLanguage\":\"fr-FR\",\"@id\":\"https:\\\/\\\/secure.gravatar.com\\\/avatar\\\/ea1b672a827879c0febb022a108a871292b3d08fadc66a0a43fa47acfe82e38a?s=96&d=mm&r=g\",\"url\":\"https:\\\/\\\/secure.gravatar.com\\\/avatar\\\/ea1b672a827879c0febb022a108a871292b3d08fadc66a0a43fa47acfe82e38a?s=96&d=mm&r=g\",\"contentUrl\":\"https:\\\/\\\/secure.gravatar.com\\\/avatar\\\/ea1b672a827879c0febb022a108a871292b3d08fadc66a0a43fa47acfe82e38a?s=96&d=mm&r=g\",\"caption\":\"admin5851\"},\"sameAs\":[\"http:\\\/\\\/linlcju.cluster100.hosting.ovh.net\"],\"url\":\"https:\\\/\\\/webtube.fr\\\/index.php\\\/author\\\/admin5851\\\/\"}]}<\/script>\n<!-- \/ Yoast SEO plugin. -->","yoast_head_json":{"title":"La d\u00e9put\u00e9e et le professeur : du d\u00e9ni \u00e0 la r\u00e9alit\u00e9 - # WEBTUBE.fr","robots":{"index":"index","follow":"follow","max-snippet":"max-snippet:-1","max-image-preview":"max-image-preview:large","max-video-preview":"max-video-preview:-1"},"canonical":"https:\/\/webtube.fr\/index.php\/2021\/02\/11\/la-deputee-et-le-professeur-du-deni-a-la-realite\/","og_locale":"fr_FR","og_type":"article","og_title":"La d\u00e9put\u00e9e et le professeur : du d\u00e9ni \u00e0 la r\u00e9alit\u00e9 - # WEBTUBE.fr","og_description":"Articles \u00a0:\u00a0Fev. 2021\u00a0\u2013\u00a0Jan. 2021\u00a0\u2013\u00a0Dec. 2020\u00a0\u2013\u00a0Nov. 2020 Mme Souad Zitouni, d\u00e9put\u00e9e LREM de la premi\u00e8re circonscription de Vaucluse, est intervenue, ces derniers jours, \u00e0 l\u2019Assembl\u00e9e nationale, dans le cadre de la loi sur le s\u00e9paratisme. Elle fait partie des signataires d\u2019une r\u00e9cente tribune mettant en garde contre le retour des&nbsp;pol\u00e9miques sur le voile islamique&nbsp;lors de l\u2019examen &hellip; Continuer la lecture de &laquo;&nbsp;La d\u00e9put\u00e9e et le professeur : du d\u00e9ni \u00e0 la r\u00e9alit\u00e9&nbsp;&raquo;","og_url":"https:\/\/webtube.fr\/index.php\/2021\/02\/11\/la-deputee-et-le-professeur-du-deni-a-la-realite\/","og_site_name":"# WEBTUBE.fr","article_publisher":"https:\/\/www.facebook.com\/profile.php?id=100069673161887","article_published_time":"2021-02-11T05:10:38+00:00","og_image":[{"url":"https:\/\/www.bvoltaire.fr\/media\/2021\/02\/capture-decran-2021-02-10-a-093718-1240x698.png","type":"","width":"","height":""}],"author":"admin5851","twitter_card":"summary_large_image","twitter_creator":"@OrtfNews","twitter_site":"@OrtfNews","twitter_misc":{"\u00c9crit par":"admin5851","Dur\u00e9e de lecture estim\u00e9e":"4 minutes"},"schema":{"@context":"https:\/\/schema.org","@graph":[{"@type":"Article","@id":"https:\/\/webtube.fr\/index.php\/2021\/02\/11\/la-deputee-et-le-professeur-du-deni-a-la-realite\/#article","isPartOf":{"@id":"https:\/\/webtube.fr\/index.php\/2021\/02\/11\/la-deputee-et-le-professeur-du-deni-a-la-realite\/"},"author":{"name":"admin5851","@id":"https:\/\/webtube.fr\/#\/schema\/person\/dcc633686e0e2a79a6bf7b92c9507618"},"headline":"La d\u00e9put\u00e9e et le professeur : du d\u00e9ni \u00e0 la r\u00e9alit\u00e9","datePublished":"2021-02-11T05:10:38+00:00","mainEntityOfPage":{"@id":"https:\/\/webtube.fr\/index.php\/2021\/02\/11\/la-deputee-et-le-professeur-du-deni-a-la-realite\/"},"wordCount":730,"commentCount":0,"publisher":{"@id":"https:\/\/webtube.fr\/#organization"},"image":{"@id":"https:\/\/webtube.fr\/index.php\/2021\/02\/11\/la-deputee-et-le-professeur-du-deni-a-la-realite\/#primaryimage"},"thumbnailUrl":"https:\/\/www.bvoltaire.fr\/media\/2021\/02\/capture-decran-2021-02-10-a-093718-1240x698.png","inLanguage":"fr-FR","potentialAction":[{"@type":"CommentAction","name":"Comment","target":["https:\/\/webtube.fr\/index.php\/2021\/02\/11\/la-deputee-et-le-professeur-du-deni-a-la-realite\/#respond"]}]},{"@type":"WebPage","@id":"https:\/\/webtube.fr\/index.php\/2021\/02\/11\/la-deputee-et-le-professeur-du-deni-a-la-realite\/","url":"https:\/\/webtube.fr\/index.php\/2021\/02\/11\/la-deputee-et-le-professeur-du-deni-a-la-realite\/","name":"La d\u00e9put\u00e9e et le professeur : du d\u00e9ni \u00e0 la r\u00e9alit\u00e9 - # WEBTUBE.fr","isPartOf":{"@id":"https:\/\/webtube.fr\/#website"},"primaryImageOfPage":{"@id":"https:\/\/webtube.fr\/index.php\/2021\/02\/11\/la-deputee-et-le-professeur-du-deni-a-la-realite\/#primaryimage"},"image":{"@id":"https:\/\/webtube.fr\/index.php\/2021\/02\/11\/la-deputee-et-le-professeur-du-deni-a-la-realite\/#primaryimage"},"thumbnailUrl":"https:\/\/www.bvoltaire.fr\/media\/2021\/02\/capture-decran-2021-02-10-a-093718-1240x698.png","datePublished":"2021-02-11T05:10:38+00:00","breadcrumb":{"@id":"https:\/\/webtube.fr\/index.php\/2021\/02\/11\/la-deputee-et-le-professeur-du-deni-a-la-realite\/#breadcrumb"},"inLanguage":"fr-FR","potentialAction":[{"@type":"ReadAction","target":["https:\/\/webtube.fr\/index.php\/2021\/02\/11\/la-deputee-et-le-professeur-du-deni-a-la-realite\/"]}]},{"@type":"ImageObject","inLanguage":"fr-FR","@id":"https:\/\/webtube.fr\/index.php\/2021\/02\/11\/la-deputee-et-le-professeur-du-deni-a-la-realite\/#primaryimage","url":"https:\/\/www.bvoltaire.fr\/media\/2021\/02\/capture-decran-2021-02-10-a-093718-1240x698.png","contentUrl":"https:\/\/www.bvoltaire.fr\/media\/2021\/02\/capture-decran-2021-02-10-a-093718-1240x698.png"},{"@type":"BreadcrumbList","@id":"https:\/\/webtube.fr\/index.php\/2021\/02\/11\/la-deputee-et-le-professeur-du-deni-a-la-realite\/#breadcrumb","itemListElement":[{"@type":"ListItem","position":1,"name":"Accueil","item":"https:\/\/webtube.fr\/"},{"@type":"ListItem","position":2,"name":"La d\u00e9put\u00e9e et le professeur : du d\u00e9ni \u00e0 la r\u00e9alit\u00e9"}]},{"@type":"WebSite","@id":"https:\/\/webtube.fr\/#website","url":"https:\/\/webtube.fr\/","name":"WEBTUBE","description":"WEBTUBE.fr  Streaming Vid\u00e9o and News , toutes les infos sans filtres !","publisher":{"@id":"https:\/\/webtube.fr\/#organization"},"alternateName":"Rutube","potentialAction":[{"@type":"SearchAction","target":{"@type":"EntryPoint","urlTemplate":"https:\/\/webtube.fr\/?s={search_term_string}"},"query-input":{"@type":"PropertyValueSpecification","valueRequired":true,"valueName":"search_term_string"}}],"inLanguage":"fr-FR"},{"@type":"Organization","@id":"https:\/\/webtube.fr\/#organization","name":"# WEBTUBE.fr","url":"https:\/\/webtube.fr\/","logo":{"@type":"ImageObject","inLanguage":"fr-FR","@id":"https:\/\/webtube.fr\/#\/schema\/logo\/image\/","url":"https:\/\/webtube.fr\/wp-content\/uploads\/2025\/09\/cropped-Logo_webtubeIA-1.jpg","contentUrl":"https:\/\/webtube.fr\/wp-content\/uploads\/2025\/09\/cropped-Logo_webtubeIA-1.jpg","width":240,"height":240,"caption":"# WEBTUBE.fr"},"image":{"@id":"https:\/\/webtube.fr\/#\/schema\/logo\/image\/"},"sameAs":["https:\/\/www.facebook.com\/profile.php?id=100069673161887","https:\/\/x.com\/OrtfNews","https:\/\/www.facebook.com\/profile.php?id=100013751440523"]},{"@type":"Person","@id":"https:\/\/webtube.fr\/#\/schema\/person\/dcc633686e0e2a79a6bf7b92c9507618","name":"admin5851","image":{"@type":"ImageObject","inLanguage":"fr-FR","@id":"https:\/\/secure.gravatar.com\/avatar\/ea1b672a827879c0febb022a108a871292b3d08fadc66a0a43fa47acfe82e38a?s=96&d=mm&r=g","url":"https:\/\/secure.gravatar.com\/avatar\/ea1b672a827879c0febb022a108a871292b3d08fadc66a0a43fa47acfe82e38a?s=96&d=mm&r=g","contentUrl":"https:\/\/secure.gravatar.com\/avatar\/ea1b672a827879c0febb022a108a871292b3d08fadc66a0a43fa47acfe82e38a?s=96&d=mm&r=g","caption":"admin5851"},"sameAs":["http:\/\/linlcju.cluster100.hosting.ovh.net"],"url":"https:\/\/webtube.fr\/index.php\/author\/admin5851\/"}]}},"jetpack_featured_media_url":"","jetpack_sharing_enabled":true,"_links":{"self":[{"href":"https:\/\/webtube.fr\/index.php\/wp-json\/wp\/v2\/posts\/9958","targetHints":{"allow":["GET"]}}],"collection":[{"href":"https:\/\/webtube.fr\/index.php\/wp-json\/wp\/v2\/posts"}],"about":[{"href":"https:\/\/webtube.fr\/index.php\/wp-json\/wp\/v2\/types\/post"}],"author":[{"embeddable":true,"href":"https:\/\/webtube.fr\/index.php\/wp-json\/wp\/v2\/users\/1"}],"replies":[{"embeddable":true,"href":"https:\/\/webtube.fr\/index.php\/wp-json\/wp\/v2\/comments?post=9958"}],"version-history":[{"count":0,"href":"https:\/\/webtube.fr\/index.php\/wp-json\/wp\/v2\/posts\/9958\/revisions"}],"wp:attachment":[{"href":"https:\/\/webtube.fr\/index.php\/wp-json\/wp\/v2\/media?parent=9958"}],"wp:term":[{"taxonomy":"category","embeddable":true,"href":"https:\/\/webtube.fr\/index.php\/wp-json\/wp\/v2\/categories?post=9958"},{"taxonomy":"post_tag","embeddable":true,"href":"https:\/\/webtube.fr\/index.php\/wp-json\/wp\/v2\/tags?post=9958"}],"curies":[{"name":"wp","href":"https:\/\/api.w.org\/{rel}","templated":true}]}}