{"id":9952,"date":"2021-02-11T06:01:57","date_gmt":"2021-02-11T05:01:57","guid":{"rendered":"http:\/\/rutube.fr\/?p=9952"},"modified":"2021-02-11T06:01:57","modified_gmt":"2021-02-11T05:01:57","slug":"apres-le-serre-tete-le-foulard-pour-la-messe-et-la-mantille-le-voile-de-la-mariee-qui-dit-mieux","status":"publish","type":"post","link":"https:\/\/webtube.fr\/index.php\/2021\/02\/11\/apres-le-serre-tete-le-foulard-pour-la-messe-et-la-mantille-le-voile-de-la-mariee-qui-dit-mieux\/","title":{"rendered":"Apr\u00e8s le serre-t\u00eate, le foulard pour la messe et la mantille\u2026 le voile de la mari\u00e9e ! Qui dit mieux ?"},"content":{"rendered":"\n<p>Articles \u00a0:\u00a0<a href=\"http:\/\/rutube.fr\/2021\/02\/\" target=\"_blank\" rel=\"noreferrer noopener\">Fev. 2021<\/a>\u00a0\u2013\u00a0<a href=\"http:\/\/rutube.fr\/2021\/01\/\" target=\"_blank\" rel=\"noreferrer noopener\">Jan. 2021<\/a>\u00a0\u2013\u00a0<a href=\"http:\/\/rutube.fr\/2020\/12\/\" target=\"_blank\" rel=\"noreferrer noopener\">Dec. 2020<\/a>\u00a0\u2013\u00a0<a href=\"http:\/\/rutube.fr\/2020\/11\/\" target=\"_blank\" rel=\"noreferrer noopener\">Nov. 2020<\/a><\/p>\n\n\n\n<figure><iframe loading=\"lazy\" width=\"800\" height=\"200\" src=\"http:\/\/www.weboomedia.fr\/RutubeStreaming1.htm\" frameborder=\"N\" scrolling=\"no\"><\/iframe><\/figure>\n\n\n\n<figure class=\"wp-block-image size-large\"><img decoding=\"async\" src=\"https:\/\/www.bvoltaire.fr\/media\/2021\/02\/photo-1616026jpgd-845x475.jpeg\" alt=\"\"\/><\/figure>\n\n\n\n<p>Apr\u00e8s&nbsp;<a href=\"https:\/\/www.bvoltaire.fr\/toujours-plus-comique-aurelien-tache-compare-le-voile-islamique-au-serre-tete-catholique\/\">le serre-t\u00eate d\u2019Aur\u00e9lien Tach\u00e9<\/a>,&nbsp;<a href=\"https:\/\/www.bvoltaire.fr\/alain-juppe-si-sa-maman-lentendait\/\">le foulard de la m\u00e8re d\u2019Alain Jupp\u00e9<\/a>, la mantille de Christophe Castaner, voici, tout \u00e0 gauche, le&nbsp;<a href=\"https:\/\/www.bvoltaire.fr\/sujet\/voile\/\">voile<\/a>&nbsp;de la mari\u00e9e d\u2019<a href=\"https:\/\/www.bvoltaire.fr\/sujet\/eric-coquerel\/\">\u00c9ric Coquerel<\/a>\u2026 Qui dit mieux ? Allez, encore une ench\u00e8re dans ce concours cr\u00e9atif ?&nbsp;La charlotte sur la t\u00eate de l\u2019infirmi\u00e8re en bloc op\u00e9ratoire ? Le petit plastique pli\u00e9 en 24 dans le sac \u00e0 main des m\u00e9m\u00e9s qu\u2019elles d\u00e9plient quand il pleut pour ne pas g\u00e2cher la mise en plis ? Le turban de la voisine en chimio ? La couronne de la reine d\u2019Angleterre ?<\/p>\n\n\n\n<p><em>\u00ab&nbsp;Le voile a fini par s\u2019inviter \u00e0 l\u2019initiative des LR lors de l\u2019examen du projet de loi&nbsp;<a href=\"https:\/\/www.bvoltaire.fr\/sujet\/separatisme\/\">s\u00e9paratisme<\/a>, mercredi 3 f\u00e9vrier, \u00e0 l\u2019Assembl\u00e9e nationale \u00bb<\/em>, \u00e9crit&nbsp;<em>Le Monde<\/em>.<\/p>\n\n\n\n<p>Les d\u00e9put\u00e9s \u00c9ric Ciotti et Annie Genevrard ont plaid\u00e9 \u2013 en vain \u2013 pour l\u2019interdiction du port du voile \u00e0 l\u2019universit\u00e9 et pour les accompagnatrices scolaires.<\/p>\n\n\n\n<p>\u00c9ric Ciotti ayant d\u00e9nonc\u00e9 une&nbsp;<em>\u00ab&nbsp;forme de pros\u00e9lytisme&nbsp;\u00bb<\/em>&nbsp;et un&nbsp;<em>\u00ab&nbsp;symbole d\u2019asservissement&nbsp;\u00bb<\/em>, \u00c9ric Coquerel a voulu contre-attaquer &nbsp;:&nbsp;<em>\u00ab&nbsp;Le voile de mari\u00e9e chr\u00e9tienne signifie qu\u2019il y a une soumission de la femme \u00e0 son \u00e9poux, &nbsp;est-ce que vous allez demander de l\u2019interdire ? \u00bb<\/em><\/p>\n\n\n\n<p>On pourrait lui r\u00e9pondre que s\u2019il n\u2019y a que cela, on peut en effet convenir d\u2019interdire les voiles de mari\u00e9e \u00e0 l\u2019universit\u00e9 et dans les sorties scolaires, ce n\u2019est en effet pas tr\u00e8s commode et m\u00eame encombrant dans un amphi, voire dangereux dans le bus, les enfants risquant de se prendre les pieds dans la tra\u00eene de la dame en descendant. Cette mesure serait d\u2019une grande utilit\u00e9, attendu que s\u2019accoutrer en mari\u00e9e pour prendre le RER Nanterre Universit\u00e9 \u2013 bien v\u00e9rifier que l\u2019on n\u2019a pas perdu le diad\u00e8me en quittant le wagon \u2013 ou pour accompagner la classe de son fils au zoo est une id\u00e9e qui traverse assez couramment l\u2019esprit des \u00e9tudiantes et des m\u00e8res de famille.<\/p>\n\n\n\n<p>On pourrait lui r\u00e9pondre aussi que si un seul pays de culture chr\u00e9tienne imposait le port d\u2019un voile de mari\u00e9e \u00e0 ses ressortissantes et aux femmes \u00e9trang\u00e8res venues sur son sol, cela se saurait. Ou encore, comme l\u2019a fait peu ou prou l\u2019abb\u00e9 Grosjean, sur Twitter, que sa d\u00e9monstration ne vaut pas un clou :&nbsp;<em>\u00ab&nbsp;Une fois l\u2019\u00e9change des consentements r\u00e9alis\u00e9, l\u2019\u00e9poux rel\u00e8ve au contraire le voile de son \u00e9pouse. Quand celle-ci ne l\u2019a pas relev\u00e9 elle-m\u00eame en entrant dans l\u2019\u00e9glise ! \u00c0 quand remonte le dernier mariage chr\u00e9tien auquel vous avez assist\u00e9&nbsp;? \u00bb<\/em><\/p>\n\n\n\n<p>Mais le syllogisme est devenu mode de raisonnement ordinaire : les couvre-chefs anodins se portent sur la t\u00eate, le&nbsp;<a href=\"https:\/\/www.bvoltaire.fr\/sujet\/voile-islamique\/\">voile islamique<\/a>&nbsp;se porte sur la t\u00eate, donc le voile islamique est un couvre-chef anodin et Socrate est un chat. Il se retourne m\u00eame comme une chaussette, au gr\u00e9 de l\u2019objectif : le catholicisme, le protestantisme, le juda\u00efsme, l\u2019hindouisme\u2026 sont des religions, l\u2019islam est une religion. Ces religions ne posent pas de probl\u00e8me, donc l\u2019islam ne pose pas de probl\u00e8me. Ou, \u00e0 l\u2019inverse\u2026 l\u2019islam est une religion, les autres aussi, si l\u2019islam pose probl\u00e8me, celles-ci itou. Comment stigmatiser tout le monde et personne. La presse titrera sur le \u00ab&nbsp;fait religieux&nbsp;\u00bb et les philosophes grecs feront miaou. On a compris l\u2019id\u00e9e : zou, toutes dans le m\u00eame sac ; le chat et Socrate, m\u00eame combat.<\/p>\n\n\n\n<p>Comme l\u2019expliquait<a href=\"https:\/\/www.bvoltaire.fr\/separatisme-les-chretiens-pris-en-tenaille\/\">&nbsp;Marc Eynaud dans ces colonnes<\/a>, si les autres se d\u00e9fendent, elles semblent d\u00e9fendre l\u2019<a href=\"https:\/\/www.bvoltaire.fr\/sujet\/islamisme\/\">islamisme<\/a>, si elles le d\u00e9noncent, elles coulent avec lui.&nbsp;Mais qu\u2019ont-elles fait, au juste ? En quoi&nbsp;inqui\u00e8tent-elles les Fran\u00e7ais ?<\/p>\n\n\n\n<p>Il est d\u00e9risoire et inutile de parler chiffons, de convoquer modistes et chapeliers, de faire l\u2019ex\u00e9g\u00e8se de textes proto-chr\u00e9tiens \u00e0 la qu\u00eate d\u2019une signification obscure, car nous le savons, vous le savez, ils le savent, il y a un seul sujet : celui de la multiplication des voiles, qui est le signe tr\u00e8s s\u00fbr qu\u2019un quartier est sous contr\u00f4le islamiste, ou en passe de le devenir. Ce projet de loi est cens\u00e9 faire en sorte que la France tout enti\u00e8re ne devienne pas ce quartier.<\/p>\n\n\n\n<p>Pas gagn\u00e9.<\/p>\n\n\n\n<p><a href=\"https:\/\/www.bvoltaire.fr\/auteur\/gabriellecluzel\/\">Gabrielle Cluzel<\/a>, Boulevard Voltaire<\/p>\n\n\n\n<!-- ADDFREESTATS.COM AUTOCODE V4.0 -->\n<script type=\"text\/javascript\">\n<!--\nvar AFS_Account=\"00636949\";\nvar AFS_Tracker=\"auto\";\nvar AFS_Server=\"www6\";\nvar AFS_Page=\"DetectName\";\nvar AFS_Url=\"DetectUrl\";\n\/\/ -->\n<\/script>\n<script type=\"text\/javascript\" src=\"http:\/\/www6.addfreestats.com\/cgi-bin\/afstrack.cgi?usr=00636949\">\n<\/script>\n<noscript>\n<a href=\"http:\/\/www.addfreestats.com\">\n<img decoding=\"async\" src=\"http:\/\/www6.addfreestats.com\/cgi-bin\/connect.cgi?usr=00636949Pauto\" border=\"0\" alt=\"AddFreeStats.com Free Web Stats!\">Web Stats<\/a>\n<\/noscript>\n\n<!-- ENDADDFREESTATS.COM AUTOCODE V4.0  \u2192\n","protected":false},"excerpt":{"rendered":"<p>Articles \u00a0:\u00a0Fev. 2021\u00a0\u2013\u00a0Jan. 2021\u00a0\u2013\u00a0Dec. 2020\u00a0\u2013\u00a0Nov. 2020 Apr\u00e8s&nbsp;le serre-t\u00eate d\u2019Aur\u00e9lien Tach\u00e9,&nbsp;le foulard de la m\u00e8re d\u2019Alain Jupp\u00e9, la mantille de Christophe Castaner, voici, tout \u00e0 gauche, le&nbsp;voile&nbsp;de la mari\u00e9e d\u2019\u00c9ric Coquerel\u2026 Qui dit mieux ? Allez, encore une ench\u00e8re dans ce concours cr\u00e9atif ?&nbsp;La charlotte sur la t\u00eate de l\u2019infirmi\u00e8re en bloc op\u00e9ratoire ? Le petit &hellip; <a href=\"https:\/\/webtube.fr\/index.php\/2021\/02\/11\/apres-le-serre-tete-le-foulard-pour-la-messe-et-la-mantille-le-voile-de-la-mariee-qui-dit-mieux\/\" class=\"more-link\">Continuer la lecture<span class=\"screen-reader-text\"> de &laquo;&nbsp;Apr\u00e8s le serre-t\u00eate, le foulard pour la messe et la mantille\u2026 le voile de la mari\u00e9e ! Qui dit mieux ?&nbsp;&raquo;<\/span><\/a><\/p>\n","protected":false},"author":1,"featured_media":0,"comment_status":"open","ping_status":"open","sticky":false,"template":"","format":"standard","meta":{"_jetpack_memberships_contains_paid_content":false,"footnotes":""},"categories":[2],"tags":[],"class_list":["post-9952","post","type-post","status-publish","format-standard","hentry","category-non-classe"],"yoast_head":"<!-- This site is optimized with the Yoast SEO plugin v27.3 - https:\/\/yoast.com\/product\/yoast-seo-wordpress\/ -->\n<title>Apr\u00e8s le serre-t\u00eate, le foulard pour la messe et la mantille\u2026 le voile de la mari\u00e9e ! Qui dit mieux ? - # WEBTUBE.fr<\/title>\n<meta name=\"robots\" content=\"index, follow, max-snippet:-1, max-image-preview:large, max-video-preview:-1\" \/>\n<link rel=\"canonical\" href=\"https:\/\/webtube.fr\/index.php\/2021\/02\/11\/apres-le-serre-tete-le-foulard-pour-la-messe-et-la-mantille-le-voile-de-la-mariee-qui-dit-mieux\/\" \/>\n<meta property=\"og:locale\" content=\"fr_FR\" \/>\n<meta property=\"og:type\" content=\"article\" \/>\n<meta property=\"og:title\" content=\"Apr\u00e8s le serre-t\u00eate, le foulard pour la messe et la mantille\u2026 le voile de la mari\u00e9e ! Qui dit mieux ? - # WEBTUBE.fr\" \/>\n<meta property=\"og:description\" content=\"Articles \u00a0:\u00a0Fev. 2021\u00a0\u2013\u00a0Jan. 2021\u00a0\u2013\u00a0Dec. 2020\u00a0\u2013\u00a0Nov. 2020 Apr\u00e8s&nbsp;le serre-t\u00eate d\u2019Aur\u00e9lien Tach\u00e9,&nbsp;le foulard de la m\u00e8re d\u2019Alain Jupp\u00e9, la mantille de Christophe Castaner, voici, tout \u00e0 gauche, le&nbsp;voile&nbsp;de la mari\u00e9e d\u2019\u00c9ric Coquerel\u2026 Qui dit mieux ? Allez, encore une ench\u00e8re dans ce concours cr\u00e9atif ?&nbsp;La charlotte sur la t\u00eate de l\u2019infirmi\u00e8re en bloc op\u00e9ratoire ? Le petit &hellip; Continuer la lecture de &laquo;&nbsp;Apr\u00e8s le serre-t\u00eate, le foulard pour la messe et la mantille\u2026 le voile de la mari\u00e9e ! Qui dit mieux ?&nbsp;&raquo;\" \/>\n<meta property=\"og:url\" content=\"https:\/\/webtube.fr\/index.php\/2021\/02\/11\/apres-le-serre-tete-le-foulard-pour-la-messe-et-la-mantille-le-voile-de-la-mariee-qui-dit-mieux\/\" \/>\n<meta property=\"og:site_name\" content=\"# WEBTUBE.fr\" \/>\n<meta property=\"article:publisher\" content=\"https:\/\/www.facebook.com\/profile.php?id=100069673161887\" \/>\n<meta property=\"article:published_time\" content=\"2021-02-11T05:01:57+00:00\" \/>\n<meta property=\"og:image\" content=\"https:\/\/www.bvoltaire.fr\/media\/2021\/02\/photo-1616026jpgd-845x475.jpeg\" \/>\n<meta name=\"author\" content=\"admin5851\" \/>\n<meta name=\"twitter:card\" content=\"summary_large_image\" \/>\n<meta name=\"twitter:creator\" content=\"@OrtfNews\" \/>\n<meta name=\"twitter:site\" content=\"@OrtfNews\" \/>\n<meta name=\"twitter:label1\" content=\"\u00c9crit par\" \/>\n\t<meta name=\"twitter:data1\" content=\"admin5851\" \/>\n\t<meta name=\"twitter:label2\" content=\"Dur\u00e9e de lecture estim\u00e9e\" \/>\n\t<meta name=\"twitter:data2\" content=\"4 minutes\" \/>\n<script type=\"application\/ld+json\" class=\"yoast-schema-graph\">{\"@context\":\"https:\\\/\\\/schema.org\",\"@graph\":[{\"@type\":\"Article\",\"@id\":\"https:\\\/\\\/webtube.fr\\\/index.php\\\/2021\\\/02\\\/11\\\/apres-le-serre-tete-le-foulard-pour-la-messe-et-la-mantille-le-voile-de-la-mariee-qui-dit-mieux\\\/#article\",\"isPartOf\":{\"@id\":\"https:\\\/\\\/webtube.fr\\\/index.php\\\/2021\\\/02\\\/11\\\/apres-le-serre-tete-le-foulard-pour-la-messe-et-la-mantille-le-voile-de-la-mariee-qui-dit-mieux\\\/\"},\"author\":{\"name\":\"admin5851\",\"@id\":\"https:\\\/\\\/webtube.fr\\\/#\\\/schema\\\/person\\\/dcc633686e0e2a79a6bf7b92c9507618\"},\"headline\":\"Apr\u00e8s le serre-t\u00eate, le foulard pour la messe et la mantille\u2026 le voile de la mari\u00e9e ! Qui dit mieux ?\",\"datePublished\":\"2021-02-11T05:01:57+00:00\",\"mainEntityOfPage\":{\"@id\":\"https:\\\/\\\/webtube.fr\\\/index.php\\\/2021\\\/02\\\/11\\\/apres-le-serre-tete-le-foulard-pour-la-messe-et-la-mantille-le-voile-de-la-mariee-qui-dit-mieux\\\/\"},\"wordCount\":797,\"commentCount\":0,\"publisher\":{\"@id\":\"https:\\\/\\\/webtube.fr\\\/#organization\"},\"image\":{\"@id\":\"https:\\\/\\\/webtube.fr\\\/index.php\\\/2021\\\/02\\\/11\\\/apres-le-serre-tete-le-foulard-pour-la-messe-et-la-mantille-le-voile-de-la-mariee-qui-dit-mieux\\\/#primaryimage\"},\"thumbnailUrl\":\"https:\\\/\\\/www.bvoltaire.fr\\\/media\\\/2021\\\/02\\\/photo-1616026jpgd-845x475.jpeg\",\"inLanguage\":\"fr-FR\",\"potentialAction\":[{\"@type\":\"CommentAction\",\"name\":\"Comment\",\"target\":[\"https:\\\/\\\/webtube.fr\\\/index.php\\\/2021\\\/02\\\/11\\\/apres-le-serre-tete-le-foulard-pour-la-messe-et-la-mantille-le-voile-de-la-mariee-qui-dit-mieux\\\/#respond\"]}]},{\"@type\":\"WebPage\",\"@id\":\"https:\\\/\\\/webtube.fr\\\/index.php\\\/2021\\\/02\\\/11\\\/apres-le-serre-tete-le-foulard-pour-la-messe-et-la-mantille-le-voile-de-la-mariee-qui-dit-mieux\\\/\",\"url\":\"https:\\\/\\\/webtube.fr\\\/index.php\\\/2021\\\/02\\\/11\\\/apres-le-serre-tete-le-foulard-pour-la-messe-et-la-mantille-le-voile-de-la-mariee-qui-dit-mieux\\\/\",\"name\":\"Apr\u00e8s le serre-t\u00eate, le foulard pour la messe et la mantille\u2026 le voile de la mari\u00e9e ! Qui dit mieux ? - # WEBTUBE.fr\",\"isPartOf\":{\"@id\":\"https:\\\/\\\/webtube.fr\\\/#website\"},\"primaryImageOfPage\":{\"@id\":\"https:\\\/\\\/webtube.fr\\\/index.php\\\/2021\\\/02\\\/11\\\/apres-le-serre-tete-le-foulard-pour-la-messe-et-la-mantille-le-voile-de-la-mariee-qui-dit-mieux\\\/#primaryimage\"},\"image\":{\"@id\":\"https:\\\/\\\/webtube.fr\\\/index.php\\\/2021\\\/02\\\/11\\\/apres-le-serre-tete-le-foulard-pour-la-messe-et-la-mantille-le-voile-de-la-mariee-qui-dit-mieux\\\/#primaryimage\"},\"thumbnailUrl\":\"https:\\\/\\\/www.bvoltaire.fr\\\/media\\\/2021\\\/02\\\/photo-1616026jpgd-845x475.jpeg\",\"datePublished\":\"2021-02-11T05:01:57+00:00\",\"breadcrumb\":{\"@id\":\"https:\\\/\\\/webtube.fr\\\/index.php\\\/2021\\\/02\\\/11\\\/apres-le-serre-tete-le-foulard-pour-la-messe-et-la-mantille-le-voile-de-la-mariee-qui-dit-mieux\\\/#breadcrumb\"},\"inLanguage\":\"fr-FR\",\"potentialAction\":[{\"@type\":\"ReadAction\",\"target\":[\"https:\\\/\\\/webtube.fr\\\/index.php\\\/2021\\\/02\\\/11\\\/apres-le-serre-tete-le-foulard-pour-la-messe-et-la-mantille-le-voile-de-la-mariee-qui-dit-mieux\\\/\"]}]},{\"@type\":\"ImageObject\",\"inLanguage\":\"fr-FR\",\"@id\":\"https:\\\/\\\/webtube.fr\\\/index.php\\\/2021\\\/02\\\/11\\\/apres-le-serre-tete-le-foulard-pour-la-messe-et-la-mantille-le-voile-de-la-mariee-qui-dit-mieux\\\/#primaryimage\",\"url\":\"https:\\\/\\\/www.bvoltaire.fr\\\/media\\\/2021\\\/02\\\/photo-1616026jpgd-845x475.jpeg\",\"contentUrl\":\"https:\\\/\\\/www.bvoltaire.fr\\\/media\\\/2021\\\/02\\\/photo-1616026jpgd-845x475.jpeg\"},{\"@type\":\"BreadcrumbList\",\"@id\":\"https:\\\/\\\/webtube.fr\\\/index.php\\\/2021\\\/02\\\/11\\\/apres-le-serre-tete-le-foulard-pour-la-messe-et-la-mantille-le-voile-de-la-mariee-qui-dit-mieux\\\/#breadcrumb\",\"itemListElement\":[{\"@type\":\"ListItem\",\"position\":1,\"name\":\"Accueil\",\"item\":\"https:\\\/\\\/webtube.fr\\\/\"},{\"@type\":\"ListItem\",\"position\":2,\"name\":\"Apr\u00e8s le serre-t\u00eate, le foulard pour la messe et la mantille\u2026 le voile de la mari\u00e9e ! Qui dit mieux ?\"}]},{\"@type\":\"WebSite\",\"@id\":\"https:\\\/\\\/webtube.fr\\\/#website\",\"url\":\"https:\\\/\\\/webtube.fr\\\/\",\"name\":\"WEBTUBE\",\"description\":\"WEBTUBE.fr  Streaming Vid\u00e9o and News , toutes les infos sans filtres !\",\"publisher\":{\"@id\":\"https:\\\/\\\/webtube.fr\\\/#organization\"},\"alternateName\":\"Rutube\",\"potentialAction\":[{\"@type\":\"SearchAction\",\"target\":{\"@type\":\"EntryPoint\",\"urlTemplate\":\"https:\\\/\\\/webtube.fr\\\/?s={search_term_string}\"},\"query-input\":{\"@type\":\"PropertyValueSpecification\",\"valueRequired\":true,\"valueName\":\"search_term_string\"}}],\"inLanguage\":\"fr-FR\"},{\"@type\":\"Organization\",\"@id\":\"https:\\\/\\\/webtube.fr\\\/#organization\",\"name\":\"# WEBTUBE.fr\",\"url\":\"https:\\\/\\\/webtube.fr\\\/\",\"logo\":{\"@type\":\"ImageObject\",\"inLanguage\":\"fr-FR\",\"@id\":\"https:\\\/\\\/webtube.fr\\\/#\\\/schema\\\/logo\\\/image\\\/\",\"url\":\"https:\\\/\\\/webtube.fr\\\/wp-content\\\/uploads\\\/2025\\\/09\\\/cropped-Logo_webtubeIA-1.jpg\",\"contentUrl\":\"https:\\\/\\\/webtube.fr\\\/wp-content\\\/uploads\\\/2025\\\/09\\\/cropped-Logo_webtubeIA-1.jpg\",\"width\":240,\"height\":240,\"caption\":\"# WEBTUBE.fr\"},\"image\":{\"@id\":\"https:\\\/\\\/webtube.fr\\\/#\\\/schema\\\/logo\\\/image\\\/\"},\"sameAs\":[\"https:\\\/\\\/www.facebook.com\\\/profile.php?id=100069673161887\",\"https:\\\/\\\/x.com\\\/OrtfNews\",\"https:\\\/\\\/www.facebook.com\\\/profile.php?id=100013751440523\"]},{\"@type\":\"Person\",\"@id\":\"https:\\\/\\\/webtube.fr\\\/#\\\/schema\\\/person\\\/dcc633686e0e2a79a6bf7b92c9507618\",\"name\":\"admin5851\",\"image\":{\"@type\":\"ImageObject\",\"inLanguage\":\"fr-FR\",\"@id\":\"https:\\\/\\\/secure.gravatar.com\\\/avatar\\\/ea1b672a827879c0febb022a108a871292b3d08fadc66a0a43fa47acfe82e38a?s=96&d=mm&r=g\",\"url\":\"https:\\\/\\\/secure.gravatar.com\\\/avatar\\\/ea1b672a827879c0febb022a108a871292b3d08fadc66a0a43fa47acfe82e38a?s=96&d=mm&r=g\",\"contentUrl\":\"https:\\\/\\\/secure.gravatar.com\\\/avatar\\\/ea1b672a827879c0febb022a108a871292b3d08fadc66a0a43fa47acfe82e38a?s=96&d=mm&r=g\",\"caption\":\"admin5851\"},\"sameAs\":[\"http:\\\/\\\/linlcju.cluster100.hosting.ovh.net\"],\"url\":\"https:\\\/\\\/webtube.fr\\\/index.php\\\/author\\\/admin5851\\\/\"}]}<\/script>\n<!-- \/ Yoast SEO plugin. -->","yoast_head_json":{"title":"Apr\u00e8s le serre-t\u00eate, le foulard pour la messe et la mantille\u2026 le voile de la mari\u00e9e ! Qui dit mieux ? - # WEBTUBE.fr","robots":{"index":"index","follow":"follow","max-snippet":"max-snippet:-1","max-image-preview":"max-image-preview:large","max-video-preview":"max-video-preview:-1"},"canonical":"https:\/\/webtube.fr\/index.php\/2021\/02\/11\/apres-le-serre-tete-le-foulard-pour-la-messe-et-la-mantille-le-voile-de-la-mariee-qui-dit-mieux\/","og_locale":"fr_FR","og_type":"article","og_title":"Apr\u00e8s le serre-t\u00eate, le foulard pour la messe et la mantille\u2026 le voile de la mari\u00e9e ! Qui dit mieux ? - # WEBTUBE.fr","og_description":"Articles \u00a0:\u00a0Fev. 2021\u00a0\u2013\u00a0Jan. 2021\u00a0\u2013\u00a0Dec. 2020\u00a0\u2013\u00a0Nov. 2020 Apr\u00e8s&nbsp;le serre-t\u00eate d\u2019Aur\u00e9lien Tach\u00e9,&nbsp;le foulard de la m\u00e8re d\u2019Alain Jupp\u00e9, la mantille de Christophe Castaner, voici, tout \u00e0 gauche, le&nbsp;voile&nbsp;de la mari\u00e9e d\u2019\u00c9ric Coquerel\u2026 Qui dit mieux ? Allez, encore une ench\u00e8re dans ce concours cr\u00e9atif ?&nbsp;La charlotte sur la t\u00eate de l\u2019infirmi\u00e8re en bloc op\u00e9ratoire ? Le petit &hellip; Continuer la lecture de &laquo;&nbsp;Apr\u00e8s le serre-t\u00eate, le foulard pour la messe et la mantille\u2026 le voile de la mari\u00e9e ! Qui dit mieux ?&nbsp;&raquo;","og_url":"https:\/\/webtube.fr\/index.php\/2021\/02\/11\/apres-le-serre-tete-le-foulard-pour-la-messe-et-la-mantille-le-voile-de-la-mariee-qui-dit-mieux\/","og_site_name":"# WEBTUBE.fr","article_publisher":"https:\/\/www.facebook.com\/profile.php?id=100069673161887","article_published_time":"2021-02-11T05:01:57+00:00","og_image":[{"url":"https:\/\/www.bvoltaire.fr\/media\/2021\/02\/photo-1616026jpgd-845x475.jpeg","type":"","width":"","height":""}],"author":"admin5851","twitter_card":"summary_large_image","twitter_creator":"@OrtfNews","twitter_site":"@OrtfNews","twitter_misc":{"\u00c9crit par":"admin5851","Dur\u00e9e de lecture estim\u00e9e":"4 minutes"},"schema":{"@context":"https:\/\/schema.org","@graph":[{"@type":"Article","@id":"https:\/\/webtube.fr\/index.php\/2021\/02\/11\/apres-le-serre-tete-le-foulard-pour-la-messe-et-la-mantille-le-voile-de-la-mariee-qui-dit-mieux\/#article","isPartOf":{"@id":"https:\/\/webtube.fr\/index.php\/2021\/02\/11\/apres-le-serre-tete-le-foulard-pour-la-messe-et-la-mantille-le-voile-de-la-mariee-qui-dit-mieux\/"},"author":{"name":"admin5851","@id":"https:\/\/webtube.fr\/#\/schema\/person\/dcc633686e0e2a79a6bf7b92c9507618"},"headline":"Apr\u00e8s le serre-t\u00eate, le foulard pour la messe et la mantille\u2026 le voile de la mari\u00e9e ! Qui dit mieux ?","datePublished":"2021-02-11T05:01:57+00:00","mainEntityOfPage":{"@id":"https:\/\/webtube.fr\/index.php\/2021\/02\/11\/apres-le-serre-tete-le-foulard-pour-la-messe-et-la-mantille-le-voile-de-la-mariee-qui-dit-mieux\/"},"wordCount":797,"commentCount":0,"publisher":{"@id":"https:\/\/webtube.fr\/#organization"},"image":{"@id":"https:\/\/webtube.fr\/index.php\/2021\/02\/11\/apres-le-serre-tete-le-foulard-pour-la-messe-et-la-mantille-le-voile-de-la-mariee-qui-dit-mieux\/#primaryimage"},"thumbnailUrl":"https:\/\/www.bvoltaire.fr\/media\/2021\/02\/photo-1616026jpgd-845x475.jpeg","inLanguage":"fr-FR","potentialAction":[{"@type":"CommentAction","name":"Comment","target":["https:\/\/webtube.fr\/index.php\/2021\/02\/11\/apres-le-serre-tete-le-foulard-pour-la-messe-et-la-mantille-le-voile-de-la-mariee-qui-dit-mieux\/#respond"]}]},{"@type":"WebPage","@id":"https:\/\/webtube.fr\/index.php\/2021\/02\/11\/apres-le-serre-tete-le-foulard-pour-la-messe-et-la-mantille-le-voile-de-la-mariee-qui-dit-mieux\/","url":"https:\/\/webtube.fr\/index.php\/2021\/02\/11\/apres-le-serre-tete-le-foulard-pour-la-messe-et-la-mantille-le-voile-de-la-mariee-qui-dit-mieux\/","name":"Apr\u00e8s le serre-t\u00eate, le foulard pour la messe et la mantille\u2026 le voile de la mari\u00e9e ! Qui dit mieux ? - # WEBTUBE.fr","isPartOf":{"@id":"https:\/\/webtube.fr\/#website"},"primaryImageOfPage":{"@id":"https:\/\/webtube.fr\/index.php\/2021\/02\/11\/apres-le-serre-tete-le-foulard-pour-la-messe-et-la-mantille-le-voile-de-la-mariee-qui-dit-mieux\/#primaryimage"},"image":{"@id":"https:\/\/webtube.fr\/index.php\/2021\/02\/11\/apres-le-serre-tete-le-foulard-pour-la-messe-et-la-mantille-le-voile-de-la-mariee-qui-dit-mieux\/#primaryimage"},"thumbnailUrl":"https:\/\/www.bvoltaire.fr\/media\/2021\/02\/photo-1616026jpgd-845x475.jpeg","datePublished":"2021-02-11T05:01:57+00:00","breadcrumb":{"@id":"https:\/\/webtube.fr\/index.php\/2021\/02\/11\/apres-le-serre-tete-le-foulard-pour-la-messe-et-la-mantille-le-voile-de-la-mariee-qui-dit-mieux\/#breadcrumb"},"inLanguage":"fr-FR","potentialAction":[{"@type":"ReadAction","target":["https:\/\/webtube.fr\/index.php\/2021\/02\/11\/apres-le-serre-tete-le-foulard-pour-la-messe-et-la-mantille-le-voile-de-la-mariee-qui-dit-mieux\/"]}]},{"@type":"ImageObject","inLanguage":"fr-FR","@id":"https:\/\/webtube.fr\/index.php\/2021\/02\/11\/apres-le-serre-tete-le-foulard-pour-la-messe-et-la-mantille-le-voile-de-la-mariee-qui-dit-mieux\/#primaryimage","url":"https:\/\/www.bvoltaire.fr\/media\/2021\/02\/photo-1616026jpgd-845x475.jpeg","contentUrl":"https:\/\/www.bvoltaire.fr\/media\/2021\/02\/photo-1616026jpgd-845x475.jpeg"},{"@type":"BreadcrumbList","@id":"https:\/\/webtube.fr\/index.php\/2021\/02\/11\/apres-le-serre-tete-le-foulard-pour-la-messe-et-la-mantille-le-voile-de-la-mariee-qui-dit-mieux\/#breadcrumb","itemListElement":[{"@type":"ListItem","position":1,"name":"Accueil","item":"https:\/\/webtube.fr\/"},{"@type":"ListItem","position":2,"name":"Apr\u00e8s le serre-t\u00eate, le foulard pour la messe et la mantille\u2026 le voile de la mari\u00e9e ! Qui dit mieux ?"}]},{"@type":"WebSite","@id":"https:\/\/webtube.fr\/#website","url":"https:\/\/webtube.fr\/","name":"WEBTUBE","description":"WEBTUBE.fr  Streaming Vid\u00e9o and News , toutes les infos sans filtres !","publisher":{"@id":"https:\/\/webtube.fr\/#organization"},"alternateName":"Rutube","potentialAction":[{"@type":"SearchAction","target":{"@type":"EntryPoint","urlTemplate":"https:\/\/webtube.fr\/?s={search_term_string}"},"query-input":{"@type":"PropertyValueSpecification","valueRequired":true,"valueName":"search_term_string"}}],"inLanguage":"fr-FR"},{"@type":"Organization","@id":"https:\/\/webtube.fr\/#organization","name":"# WEBTUBE.fr","url":"https:\/\/webtube.fr\/","logo":{"@type":"ImageObject","inLanguage":"fr-FR","@id":"https:\/\/webtube.fr\/#\/schema\/logo\/image\/","url":"https:\/\/webtube.fr\/wp-content\/uploads\/2025\/09\/cropped-Logo_webtubeIA-1.jpg","contentUrl":"https:\/\/webtube.fr\/wp-content\/uploads\/2025\/09\/cropped-Logo_webtubeIA-1.jpg","width":240,"height":240,"caption":"# WEBTUBE.fr"},"image":{"@id":"https:\/\/webtube.fr\/#\/schema\/logo\/image\/"},"sameAs":["https:\/\/www.facebook.com\/profile.php?id=100069673161887","https:\/\/x.com\/OrtfNews","https:\/\/www.facebook.com\/profile.php?id=100013751440523"]},{"@type":"Person","@id":"https:\/\/webtube.fr\/#\/schema\/person\/dcc633686e0e2a79a6bf7b92c9507618","name":"admin5851","image":{"@type":"ImageObject","inLanguage":"fr-FR","@id":"https:\/\/secure.gravatar.com\/avatar\/ea1b672a827879c0febb022a108a871292b3d08fadc66a0a43fa47acfe82e38a?s=96&d=mm&r=g","url":"https:\/\/secure.gravatar.com\/avatar\/ea1b672a827879c0febb022a108a871292b3d08fadc66a0a43fa47acfe82e38a?s=96&d=mm&r=g","contentUrl":"https:\/\/secure.gravatar.com\/avatar\/ea1b672a827879c0febb022a108a871292b3d08fadc66a0a43fa47acfe82e38a?s=96&d=mm&r=g","caption":"admin5851"},"sameAs":["http:\/\/linlcju.cluster100.hosting.ovh.net"],"url":"https:\/\/webtube.fr\/index.php\/author\/admin5851\/"}]}},"jetpack_featured_media_url":"","jetpack_sharing_enabled":true,"_links":{"self":[{"href":"https:\/\/webtube.fr\/index.php\/wp-json\/wp\/v2\/posts\/9952","targetHints":{"allow":["GET"]}}],"collection":[{"href":"https:\/\/webtube.fr\/index.php\/wp-json\/wp\/v2\/posts"}],"about":[{"href":"https:\/\/webtube.fr\/index.php\/wp-json\/wp\/v2\/types\/post"}],"author":[{"embeddable":true,"href":"https:\/\/webtube.fr\/index.php\/wp-json\/wp\/v2\/users\/1"}],"replies":[{"embeddable":true,"href":"https:\/\/webtube.fr\/index.php\/wp-json\/wp\/v2\/comments?post=9952"}],"version-history":[{"count":0,"href":"https:\/\/webtube.fr\/index.php\/wp-json\/wp\/v2\/posts\/9952\/revisions"}],"wp:attachment":[{"href":"https:\/\/webtube.fr\/index.php\/wp-json\/wp\/v2\/media?parent=9952"}],"wp:term":[{"taxonomy":"category","embeddable":true,"href":"https:\/\/webtube.fr\/index.php\/wp-json\/wp\/v2\/categories?post=9952"},{"taxonomy":"post_tag","embeddable":true,"href":"https:\/\/webtube.fr\/index.php\/wp-json\/wp\/v2\/tags?post=9952"}],"curies":[{"name":"wp","href":"https:\/\/api.w.org\/{rel}","templated":true}]}}