{"id":9872,"date":"2021-01-31T16:44:03","date_gmt":"2021-01-31T15:44:03","guid":{"rendered":"http:\/\/rutube.fr\/?p=9872"},"modified":"2021-01-31T16:44:03","modified_gmt":"2021-01-31T15:44:03","slug":"jetais-a-paris-avec-florian-philippot-vive-le-virus-de-la-vie-liberte","status":"publish","type":"post","link":"https:\/\/webtube.fr\/index.php\/2021\/01\/31\/jetais-a-paris-avec-florian-philippot-vive-le-virus-de-la-vie-liberte\/","title":{"rendered":"J\u2019\u00e9tais \u00e0 Paris avec Florian Philippot : vive le virus de la vie, libert\u00e9 !"},"content":{"rendered":"\n<p>Articles \u00a0: <a href=\"http:\/\/rutube.fr\/2021\/01\/\" target=\"_blank\" rel=\"noreferrer noopener\">Jan. 2021<\/a> &#8211; <a href=\"http:\/\/rutube.fr\/2020\/12\/\" target=\"_blank\" rel=\"noreferrer noopener\">Dec. 2020<\/a> &#8211; <a href=\"http:\/\/rutube.fr\/2020\/11\/\" target=\"_blank\" rel=\"noreferrer noopener\">Nov. 2020<\/a> &#8211; <a href=\"http:\/\/rutube.fr\/2020\/10\/\" target=\"_blank\" rel=\"noreferrer noopener\">Oct. 2020<\/a><\/p>\n\n\n\n<figure><iframe loading=\"lazy\" width=\"800\" height=\"200\" src=\"http:\/\/www.weboomedia.fr\/RutubeStreaming1.htm\" frameborder=\"N\" scrolling=\"no\"><\/iframe><\/figure>\n\n\n\n<figure class=\"wp-block-image size-large\"><img decoding=\"async\" src=\"https:\/\/static.ripostelaique.com\/wp-content\/uploads\/2021\/01\/Rassemblement-Les-Patriotes-30-janvier-les-mensonges-%C3%A7a-suffit-vous-nous-devez-des-comptes-1024x575.jpg\" alt=\"\"\/><\/figure>\n\n\n\n<p>Hier, samedi 30 janvier, et pour la 13<sup>e<\/sup>\u00a0fois \u00e0 Paris, Les Patriotes se sont r\u00e9unis autour de Florian Philippot : plusieurs centaines de personnes de tous \u00e2ges, volontaires, d\u00e9termin\u00e9s, enthousiastes pour dire non \u00e0 la \u00ab\u00a0<em><strong>coronafolie \u00bb<\/strong><\/em>\u00a0sous les fen\u00eatres du ministre de la sant\u00e9.<\/p>\n\n\n\n<p>Un peu avant le d\u00e9but du rassemblement, plusieurs policiers ont trouv\u00e9 de bon ton de verbaliser plusieurs personnes non masqu\u00e9es ou mal masqu\u00e9es. Effet Castex-plus, sans doute, puisque la veille ce dernier nous avait menac\u00e9s d\u2019une virulence punitive en cas d\u2019irrespect des diverses camisoles sanitaires !<\/p>\n\n\n\n<figure class=\"wp-block-embed-twitter wp-block-embed is-type-rich is-provider-twitter\"><div class=\"wp-block-embed__wrapper\">\n<blockquote class=\"twitter-tweet\" data-width=\"550\" data-dnt=\"true\"><p lang=\"fr\" dir=\"ltr\">Plusieurs centaines de personnes pr\u00e9sentes \u00e0 la manifestation contre la &quot;corona folie&quot; et pour les libert\u00e9s initi\u00e9e par <a href=\"https:\/\/twitter.com\/_LesPatriotes?ref_src=twsrc%5Etfw\">@_LesPatriotes<\/a>. La police met des amendes pour non port du masque <a href=\"https:\/\/twitter.com\/hashtag\/COVID19?src=hash&amp;ref_src=twsrc%5Etfw\">#COVID19<\/a> <a href=\"https:\/\/t.co\/meeBd7S2tV\">pic.twitter.com\/meeBd7S2tV<\/a><\/p>&mdash; Jonathan Moadab (@MoadabJ) <a href=\"https:\/\/twitter.com\/MoadabJ\/status\/1355520920631259141?ref_src=twsrc%5Etfw\">January 30, 2021<\/a><\/blockquote><script async src=\"https:\/\/platform.twitter.com\/widgets.js\" charset=\"utf-8\"><\/script>\n<\/div><\/figure>\n\n\n\n<figure class=\"wp-block-embed-twitter wp-block-embed is-type-rich is-provider-twitter\"><div class=\"wp-block-embed__wrapper\">\n<blockquote class=\"twitter-tweet\" data-width=\"550\" data-dnt=\"true\"><p lang=\"fr\" dir=\"ltr\">Pierre a \u00e9cop\u00e9 d&#39;une amende de 135 euros pour non port du masque \u00e0 la manifestation <a href=\"https:\/\/twitter.com\/_LesPatriotes?ref_src=twsrc%5Etfw\">@_LesPatriotes<\/a> contre les restrictions de libert\u00e9 <a href=\"https:\/\/twitter.com\/hashtag\/COVID19?src=hash&amp;ref_src=twsrc%5Etfw\">#COVID19<\/a> <a href=\"https:\/\/twitter.com\/hashtag\/coronafolie?src=hash&amp;ref_src=twsrc%5Etfw\">#coronafolie<\/a> <a href=\"https:\/\/t.co\/DEeHBtfOmR\">pic.twitter.com\/DEeHBtfOmR<\/a><\/p>&mdash; Jonathan Moadab (@MoadabJ) <a href=\"https:\/\/twitter.com\/MoadabJ\/status\/1355523183810662403?ref_src=twsrc%5Etfw\">January 30, 2021<\/a><\/blockquote><script async src=\"https:\/\/platform.twitter.com\/widgets.js\" charset=\"utf-8\"><\/script>\n<\/div><\/figure>\n\n\n\n<p><strong>Dominique Bourse-Provence, r\u00e9f\u00e9rent de Paris<\/strong>, fait remarquer que le gouvernement a recul\u00e9 sur l\u2019instauration d\u2019un passeport sanitaire et renonce pour l\u2019instant \u00e0 un troisi\u00e8me confinement. Et que, pour ne pas perdre la face, il d\u00e9cide de fermer les fronti\u00e8res et les grands centres commerciaux. Il f\u00e9licite les jeunes de la Cocarde Etudiante qui ont subi l\u2019attaque violente des antifas il y a quelques jours.<\/p>\n\n\n\n<p><a href=\"https:\/\/letudiantlibre.fr\/actualite\/les-militants-de-la-cocarde-etudiante-attaques-par-les-antifas\/\">https:\/\/letudiantlibre.fr\/actualite\/les-militants-de-la-cocarde-etudiante-attaques-par-les-antifas\/<\/a><\/p>\n\n\n\n<p><strong>Un jeune homme dynamique, S\u00e9bastien El Debs<\/strong>, r\u00e9f\u00e9rent Les Patriotes des Yvelines, se pr\u00e9sente pour la premi\u00e8re fois et \u00e9nonce avec enthousiasme les actions des militants de son d\u00e9partement, sous les applaudissements de\u00a0 l\u2019assistance.<\/p>\n\n\n\n<p><strong>Ensuite intervient Philippe Murer, \u00e9conomiste proche des milieux souverainiste et \u00e9cologiste,<\/strong>\u00a0qui nous parle de la Grande R\u00e9initialisation (Great Reset) et du forum de Davos qu\u2019il nomme le \u201c<em>Syndicat des Elites Mondialistes\u201d.\u00a0<\/em>Il rappelle que Schwab a pr\u00f4n\u00e9 le confinement de 24 mois\u2026 jusqu\u2019\u00e0 la vaccination pour tous, la cons\u00e9quence \u00e9tant la fermeture de 75% des bars et restaurants !\u00a0 Pour lui, Macron et l\u2019U.E. qui appliquent les id\u00e9es de Schwab, sont des\u00a0<strong><em>\u201ccr\u00e9tins \u00e9duqu\u00e9s\u201d\u00a0<\/em><\/strong>qui, par leur politique destructrice veulent r\u00e9duire l\u2019homme \u00e0 un \u00eatre asservi \u00e0 un\u00a0<strong>revenu<\/strong>\u00a0<strong>universel<\/strong>, soumis \u00e0 une\u00a0<strong>surveillance<\/strong>\u00a0<strong>num\u00e9rique<\/strong>. Rien de mieux pour d\u00e9truire un homme, affirme-t-il, que de le payer \u00e0 ne rien faire. Pour vaincre cette nouvelle mondialisation, cette nouvelle tyranie, il faut regagner notre souverainet\u00e9 et exiger des r\u00e9f\u00e9rendums populaires.<\/p>\n\n\n\n<figure class=\"wp-block-embed-twitter wp-block-embed is-type-rich is-provider-twitter\"><div class=\"wp-block-embed__wrapper\">\n<blockquote class=\"twitter-tweet\" data-width=\"550\" data-dnt=\"true\"><p lang=\"fr\" dir=\"ltr\">&quot;Le gouvernement utilise le <a href=\"https:\/\/twitter.com\/hashtag\/COVID19?src=hash&amp;ref_src=twsrc%5Etfw\">#COVID19<\/a> pour d\u00e9truire nos libert\u00e9s&quot; selon <a href=\"https:\/\/twitter.com\/PhilippeMurer?ref_src=twsrc%5Etfw\">@PhilippeMurer<\/a> \u00e0 la manifestation <a href=\"https:\/\/twitter.com\/_LesPatriotes?ref_src=twsrc%5Etfw\">@_LesPatriotes<\/a> <a href=\"https:\/\/t.co\/xQZDoqz5rs\">pic.twitter.com\/xQZDoqz5rs<\/a><\/p>&mdash; Jonathan Moadab (@MoadabJ) <a href=\"https:\/\/twitter.com\/MoadabJ\/status\/1355526818800005129?ref_src=twsrc%5Etfw\">January 30, 2021<\/a><\/blockquote><script async src=\"https:\/\/platform.twitter.com\/widgets.js\" charset=\"utf-8\"><\/script>\n<\/div><\/figure>\n\n\n\n<p><strong>Pour mieux connaitre Philippe Murer&nbsp;:<\/strong>&nbsp;<a href=\"http:\/\/leblogdephilippemurer.com\/\">Le Blog de Philippe Murer \u2013 Quelques r\u00e9flexions sur l\u2019\u00e9conomie et l\u2019environnement<\/a><\/p>\n\n\n\n<p><strong>Ensuite, un restaurateur, St\u00e9phane Larrat, nous parle du v\u00e9cu traumatisant de son fils de huit ans<\/strong>&nbsp;\u00e0 qui une de ses deux institutrices impose le port du masque de mani\u00e8re drastique, contrairement \u00e0 l\u2019autre qui se montre beaucoup plus \u201ccoulante\u201d. Il envisage de retirer son fils de l\u2019\u00e9cole les jours o\u00f9 son enfant subit la dictature du masque. Il conclut que de faire subir ces contraintes aux enfants signifie que nos dirigeants nous veulent vraiment du mal !<\/p>\n\n\n\n<p><strong>B\u00e9bert du groupe Les Forbans intervient ensuite, voix de tous les gens de spectacle interdits de se produire<\/strong>\u00a0<strong>sur sc\u00e8ne.<\/strong>\u00a0Il explique qu\u2019il n\u2019a pu se produire en concert que trois fois en onze mois contre les trente fois habituelles. Et compare la grippe espagnole de 1918\/19, qui avait fait 50 millions de morts en un an dans le monde\u00a0 alors que nous sommes \u00e0 2 millions avec l\u2019\u00e9pid\u00e9mie de covid : cela m\u00e9rite-t-il de tout bloquer ?<\/p>\n\n\n\n<p><strong>Florian Philippot prend enfin la parole<\/strong>. Il cite Michelet en disant que nous n\u2019avons pas le droit de c\u00e9der au d\u00e9couragement. Ils sont en train de nous construire un monde infernal, poursuit-il. \u201c<em>V\u00e9ran en prison\u201d,<\/em>\u00a0scande la foule \u00e0 plusieurs reprises ! \u201cVous \u00eates des r\u00e9sistants, vous \u00eates des r\u00e9sistants\u201d, affirme avec conviction le tribun ; et l\u2019assembl\u00e9e scande \u201c<em>r\u00e9sistance\u201d<\/em>\u00e0 plusieurs reprises avec ferveur. Florian \u00e9num\u00e8re ensuite le nom des 17 villes de France qui organisent aussi\u00a0 un rassemblement ce samedi. Il rend ensuite hommage au restaurateur de Nice, Christophe, qui a os\u00e9 d\u00e9fier la dictature sanitaire. Il s\u2019adresse \u00e0 l\u2019ensemble de la profession pour l\u2019assurer du soutien des Patriotes, et\u00a0 enjoint les restaurateurs de r\u00e9-ouvrir les \u00e9tablissements et de travailler normalement et non pas sous cloche sanitaire, leurs restaurants n\u2019\u00e9tant pas des cantines d\u2019h\u00f4pitaux.<\/p>\n\n\n\n<figure class=\"wp-block-embed-twitter wp-block-embed is-type-rich is-provider-twitter\"><div class=\"wp-block-embed__wrapper\">\n<blockquote class=\"twitter-tweet\" data-width=\"550\" data-dnt=\"true\"><p lang=\"fr\" dir=\"ltr\">.<a href=\"https:\/\/twitter.com\/f_philippot?ref_src=twsrc%5Etfw\">@f_philippot<\/a> appelle \u00e0 la r\u00e9ouverture des restaurants, mais pas sous la forme de &quot;cantine d&#39;h\u00f4pital&quot; <a href=\"https:\/\/twitter.com\/_LesPatriotes?ref_src=twsrc%5Etfw\">@_LesPatriotes<\/a> <a href=\"https:\/\/twitter.com\/hashtag\/COVID19?src=hash&amp;ref_src=twsrc%5Etfw\">#COVID19<\/a> <a href=\"https:\/\/t.co\/cJhHXIUEyD\">pic.twitter.com\/cJhHXIUEyD<\/a><\/p>&mdash; Jonathan Moadab (@MoadabJ) <a href=\"https:\/\/twitter.com\/MoadabJ\/status\/1355532138108637184?ref_src=twsrc%5Etfw\">January 30, 2021<\/a><\/blockquote><script async src=\"https:\/\/platform.twitter.com\/widgets.js\" charset=\"utf-8\"><\/script>\n<\/div><\/figure>\n\n\n\n<p><strong>Il parle alors de la tr\u00e8s importante communication de l\u2019Universit\u00e9 am\u00e9ricaine de Stanford qui d\u00e9montre que toutes les contraintes de confinement et de couvre-feu sont inutiles contre la propagation du virus :<\/strong>&nbsp;un \u00e9norme pav\u00e9 dans la mare de nos dictateurs sanitaires au pouvoir !<\/p>\n\n\n\n<p>(A ce sujet ne pas manquer la vid\u00e9o de F.P.&nbsp;<a href=\"https:\/\/www.youtube.com\/watch?v=Xxh3vYH80bM\">Raoult attaque tr\u00e8s fort et fait des r\u00e9v\u00e9lations ! \u2013 YouTube)<\/a><\/p>\n\n\n\n<p>Il revient sur le fait que Castex a recul\u00e9 sur l\u2019imminence d\u2019un troisi\u00e8me confinement et qu\u2019auparavant il avait renonc\u00e9 au passeport sanitaire. Cela fait deux fois qu\u2019ils reculent et, selon lui, s\u2019ils maintiennent des mesures liberticides, c\u2019est par b\u00eatise, sadisme et int\u00e9r\u00eat ! Et c\u2019est sous pr\u00e9texte de covid qu\u2019ils veulent imposer le vote par correspondance qui n\u2019est qu\u2019un \u201c<strong><em>vol par correspondance\u201d<\/em><\/strong>! Et, pendant ce temps, ils continuent \u00e0 fermer des centaines de lits d\u2019h\u00f4pitaux, ajoute-t-il.<\/p>\n\n\n\n<p><strong><em>\u201cR\u00e9sistance, r\u00e9sistance\u201d<\/em><\/strong>, scande encore l\u2019assistance ! Et \u201c<em>tout le monde d\u00e9teste la Macronie\u201d<\/em>!<\/p>\n\n\n\n<p><strong>Florian Philippot parle ensuite de la peur, des gens terroris\u00e9s<\/strong>, portant le masque en plein air, dans leur voiture, m\u00eame chez eux, de cette soci\u00e9t\u00e9 de\u00a0<strong>zombies<\/strong>\u00a0qui s\u2019installe. Il nous demande de parler \u00e0 ces gens, de leur expliquer qu\u2019il faut cesser d\u2019\u00eatre des moutons. Il ajoute que vivre n\u2019est pas que survivre et que nous ne pouvons accepter un monde sans sourires, sans visages. Un monde sinistre sans partager, sans faire la f\u00eate, avec des g\u00e9n\u00e9rations s\u00e9par\u00e9es, un monde qui interdit de travailler normalement avec autrui, un monde sans sport, sans chansons\u2026Bref, un monde o\u00f9 il n\u2019est permis\u00a0 que de se taire et travailler comme des zombies ! Est-ce ce monde que nous voulons l\u00e9guer aux g\u00e9n\u00e9rations futures, demande-t-il ? Il \u00e9voque ensuite les m\u00e9decins de plateaux-t\u00e9l\u00e9 qui veulent que nous restions en taule, et dit que nous ne voulons plus les voir car ils n\u2019ont aucune l\u00e9gitimit\u00e9.<\/p>\n\n\n\n<figure class=\"wp-block-embed-twitter wp-block-embed is-type-rich is-provider-twitter\"><div class=\"wp-block-embed__wrapper\">\n<blockquote class=\"twitter-tweet\" data-width=\"550\" data-dnt=\"true\"><p lang=\"fr\" dir=\"ltr\">.<a href=\"https:\/\/twitter.com\/f_philippot?ref_src=twsrc%5Etfw\">@f_philippot<\/a> et Bebert des Forbans sont c\u00f4te \u00e0 c\u00f4te contre les restrictions des libert\u00e9s en cette p\u00e9riode de <a href=\"https:\/\/twitter.com\/hashtag\/coronavirus?src=hash&amp;ref_src=twsrc%5Etfw\">#coronavirus<\/a> <a href=\"https:\/\/twitter.com\/_LesPatriotes?ref_src=twsrc%5Etfw\">@_LesPatriotes<\/a> <a href=\"https:\/\/t.co\/lpaMhcxjia\">pic.twitter.com\/lpaMhcxjia<\/a><\/p>&mdash; Jonathan Moadab (@MoadabJ) <a href=\"https:\/\/twitter.com\/MoadabJ\/status\/1355538559617404928?ref_src=twsrc%5Etfw\">January 30, 2021<\/a><\/blockquote><script async src=\"https:\/\/platform.twitter.com\/widgets.js\" charset=\"utf-8\"><\/script>\n<\/div><\/figure>\n\n\n\n<p><strong>Il conclut en nous sommant d\u2019attraper le virus de la vie et de cr\u00e9er une \u00e9pid\u00e9mie de vie !<\/strong>\u00a0Il n\u2019y a aucun vaccin contre le virus de la libert\u00e9, ajoute-t-il et de citer Paul Eluard qui, en 1942, \u00e9crivait :\u00a0<em><strong>\u201cJe suis n\u00e9 pour te connaitre, pour te nommer, Libert\u00e9\u201d!<\/strong><\/em><\/p>\n\n\n\n<figure class=\"wp-block-embed-twitter wp-block-embed is-type-rich is-provider-twitter\"><div class=\"wp-block-embed__wrapper\">\n<blockquote class=\"twitter-tweet\" data-width=\"550\" data-dnt=\"true\"><p lang=\"fr\" dir=\"ltr\">Superbe mobilisation sous les fen\u00eatres de V\u00e9ran ce samedi contre la Coronafolie ! Avec <a href=\"https:\/\/twitter.com\/PhilippeMurer?ref_src=twsrc%5Etfw\">@PhilippeMurer<\/a> et B\u00e9bert des Forbans ! Libert\u00e9, sant\u00e9, r\u00e9sistance ! Et 17 rassemblements partout en France ! \u00c0 l\u2019initiative des Patriotes \ud83c\uddeb\ud83c\uddf7. On se bat. Et on continuera ! <a href=\"https:\/\/t.co\/BSyEKBFS0P\">pic.twitter.com\/BSyEKBFS0P<\/a><\/p>&mdash; Florian Philippot (@f_philippot) <a href=\"https:\/\/twitter.com\/f_philippot\/status\/1355557413584314370?ref_src=twsrc%5Etfw\">January 30, 2021<\/a><\/blockquote><script async src=\"https:\/\/platform.twitter.com\/widgets.js\" charset=\"utf-8\"><\/script>\n<\/div><\/figure>\n\n\n\n<p>Merci au m\u00e9dia RT pour son reportage et ses vid\u00e9os que j\u2019ai relay\u00e9es ci-dessus. Il est \u00e0 noter que les m\u00e9dias \u201cofficiels\u201d ont brill\u00e9 par leur absence :<a href=\"https:\/\/francais.rt.com\/france\/83335-fermeture-restaurants-couvre-feu-nouvelle-mobilisation-patriotes-coronafolie\">\u00a0https:\/\/francais.rt.com\/france\/83335-fermeture-restaurants-couvre-feu-nouvelle-mobilisation-patriotes-coronafolie<\/a><\/p>\n\n\n\n<!-- ADDFREESTATS.COM AUTOCODE V4.0 -->\n<script type=\"text\/javascript\">\n<!--\nvar AFS_Account=\"00636949\";\nvar AFS_Tracker=\"auto\";\nvar AFS_Server=\"www6\";\nvar AFS_Page=\"DetectName\";\nvar AFS_Url=\"DetectUrl\";\n\/\/ -->\n<\/script>\n<script type=\"text\/javascript\" src=\"http:\/\/www6.addfreestats.com\/cgi-bin\/afstrack.cgi?usr=00636949\">\n<\/script>\n<noscript>\n<a href=\"http:\/\/www.addfreestats.com\">\n<img decoding=\"async\" src=\"http:\/\/www6.addfreestats.com\/cgi-bin\/connect.cgi?usr=00636949Pauto\" border=\"0\" alt=\"AddFreeStats.com Free Web Stats!\">Web Stats<\/a>\n<\/noscript>\n\n<!-- ENDADDFREESTATS.COM AUTOCODE V4.0  \u2192\n","protected":false},"excerpt":{"rendered":"<p>Articles \u00a0: Jan. 2021 &#8211; Dec. 2020 &#8211; Nov. 2020 &#8211; Oct. 2020 Hier, samedi 30 janvier, et pour la 13e\u00a0fois \u00e0 Paris, Les Patriotes se sont r\u00e9unis autour de Florian Philippot : plusieurs centaines de personnes de tous \u00e2ges, volontaires, d\u00e9termin\u00e9s, enthousiastes pour dire non \u00e0 la \u00ab\u00a0coronafolie \u00bb\u00a0sous les fen\u00eatres du ministre de &hellip; <a href=\"https:\/\/webtube.fr\/index.php\/2021\/01\/31\/jetais-a-paris-avec-florian-philippot-vive-le-virus-de-la-vie-liberte\/\" class=\"more-link\">Continuer la lecture<span class=\"screen-reader-text\"> de &laquo;&nbsp;J\u2019\u00e9tais \u00e0 Paris avec Florian Philippot : vive le virus de la vie, libert\u00e9 !&nbsp;&raquo;<\/span><\/a><\/p>\n","protected":false},"author":1,"featured_media":0,"comment_status":"open","ping_status":"open","sticky":false,"template":"","format":"standard","meta":{"_jetpack_memberships_contains_paid_content":false,"footnotes":""},"categories":[2],"tags":[],"class_list":["post-9872","post","type-post","status-publish","format-standard","hentry","category-non-classe"],"yoast_head":"<!-- This site is optimized with the Yoast SEO plugin v27.3 - https:\/\/yoast.com\/product\/yoast-seo-wordpress\/ -->\n<title>J\u2019\u00e9tais \u00e0 Paris avec Florian Philippot : vive le virus de la vie, libert\u00e9 ! - # WEBTUBE.fr<\/title>\n<meta name=\"robots\" content=\"index, follow, max-snippet:-1, max-image-preview:large, max-video-preview:-1\" \/>\n<link rel=\"canonical\" href=\"https:\/\/webtube.fr\/index.php\/2021\/01\/31\/jetais-a-paris-avec-florian-philippot-vive-le-virus-de-la-vie-liberte\/\" \/>\n<meta property=\"og:locale\" content=\"fr_FR\" \/>\n<meta property=\"og:type\" content=\"article\" \/>\n<meta property=\"og:title\" content=\"J\u2019\u00e9tais \u00e0 Paris avec Florian Philippot : vive le virus de la vie, libert\u00e9 ! - # WEBTUBE.fr\" \/>\n<meta property=\"og:description\" content=\"Articles \u00a0: Jan. 2021 &#8211; Dec. 2020 &#8211; Nov. 2020 &#8211; Oct. 2020 Hier, samedi 30 janvier, et pour la 13e\u00a0fois \u00e0 Paris, Les Patriotes se sont r\u00e9unis autour de Florian Philippot : plusieurs centaines de personnes de tous \u00e2ges, volontaires, d\u00e9termin\u00e9s, enthousiastes pour dire non \u00e0 la \u00ab\u00a0coronafolie \u00bb\u00a0sous les fen\u00eatres du ministre de &hellip; Continuer la lecture de &laquo;&nbsp;J\u2019\u00e9tais \u00e0 Paris avec Florian Philippot : vive le virus de la vie, libert\u00e9 !&nbsp;&raquo;\" \/>\n<meta property=\"og:url\" content=\"https:\/\/webtube.fr\/index.php\/2021\/01\/31\/jetais-a-paris-avec-florian-philippot-vive-le-virus-de-la-vie-liberte\/\" \/>\n<meta property=\"og:site_name\" content=\"# WEBTUBE.fr\" \/>\n<meta property=\"article:publisher\" content=\"https:\/\/www.facebook.com\/profile.php?id=100069673161887\" \/>\n<meta property=\"article:published_time\" content=\"2021-01-31T15:44:03+00:00\" \/>\n<meta property=\"og:image\" content=\"https:\/\/static.ripostelaique.com\/wp-content\/uploads\/2021\/01\/Rassemblement-Les-Patriotes-30-janvier-les-mensonges-%C3%A7a-suffit-vous-nous-devez-des-comptes-1024x575.jpg\" \/>\n<meta name=\"author\" content=\"admin5851\" \/>\n<meta name=\"twitter:card\" content=\"summary_large_image\" \/>\n<meta name=\"twitter:creator\" content=\"@OrtfNews\" \/>\n<meta name=\"twitter:site\" content=\"@OrtfNews\" \/>\n<meta name=\"twitter:label1\" content=\"\u00c9crit par\" \/>\n\t<meta name=\"twitter:data1\" content=\"admin5851\" \/>\n\t<meta name=\"twitter:label2\" content=\"Dur\u00e9e de lecture estim\u00e9e\" \/>\n\t<meta name=\"twitter:data2\" content=\"6 minutes\" \/>\n<script type=\"application\/ld+json\" class=\"yoast-schema-graph\">{\"@context\":\"https:\\\/\\\/schema.org\",\"@graph\":[{\"@type\":\"Article\",\"@id\":\"https:\\\/\\\/webtube.fr\\\/index.php\\\/2021\\\/01\\\/31\\\/jetais-a-paris-avec-florian-philippot-vive-le-virus-de-la-vie-liberte\\\/#article\",\"isPartOf\":{\"@id\":\"https:\\\/\\\/webtube.fr\\\/index.php\\\/2021\\\/01\\\/31\\\/jetais-a-paris-avec-florian-philippot-vive-le-virus-de-la-vie-liberte\\\/\"},\"author\":{\"name\":\"admin5851\",\"@id\":\"https:\\\/\\\/webtube.fr\\\/#\\\/schema\\\/person\\\/dcc633686e0e2a79a6bf7b92c9507618\"},\"headline\":\"J\u2019\u00e9tais \u00e0 Paris avec Florian Philippot : vive le virus de la vie, libert\u00e9 !\",\"datePublished\":\"2021-01-31T15:44:03+00:00\",\"mainEntityOfPage\":{\"@id\":\"https:\\\/\\\/webtube.fr\\\/index.php\\\/2021\\\/01\\\/31\\\/jetais-a-paris-avec-florian-philippot-vive-le-virus-de-la-vie-liberte\\\/\"},\"wordCount\":1305,\"commentCount\":0,\"publisher\":{\"@id\":\"https:\\\/\\\/webtube.fr\\\/#organization\"},\"image\":{\"@id\":\"https:\\\/\\\/webtube.fr\\\/index.php\\\/2021\\\/01\\\/31\\\/jetais-a-paris-avec-florian-philippot-vive-le-virus-de-la-vie-liberte\\\/#primaryimage\"},\"thumbnailUrl\":\"https:\\\/\\\/static.ripostelaique.com\\\/wp-content\\\/uploads\\\/2021\\\/01\\\/Rassemblement-Les-Patriotes-30-janvier-les-mensonges-%C3%A7a-suffit-vous-nous-devez-des-comptes-1024x575.jpg\",\"inLanguage\":\"fr-FR\",\"potentialAction\":[{\"@type\":\"CommentAction\",\"name\":\"Comment\",\"target\":[\"https:\\\/\\\/webtube.fr\\\/index.php\\\/2021\\\/01\\\/31\\\/jetais-a-paris-avec-florian-philippot-vive-le-virus-de-la-vie-liberte\\\/#respond\"]}]},{\"@type\":\"WebPage\",\"@id\":\"https:\\\/\\\/webtube.fr\\\/index.php\\\/2021\\\/01\\\/31\\\/jetais-a-paris-avec-florian-philippot-vive-le-virus-de-la-vie-liberte\\\/\",\"url\":\"https:\\\/\\\/webtube.fr\\\/index.php\\\/2021\\\/01\\\/31\\\/jetais-a-paris-avec-florian-philippot-vive-le-virus-de-la-vie-liberte\\\/\",\"name\":\"J\u2019\u00e9tais \u00e0 Paris avec Florian Philippot : vive le virus de la vie, libert\u00e9 ! - # WEBTUBE.fr\",\"isPartOf\":{\"@id\":\"https:\\\/\\\/webtube.fr\\\/#website\"},\"primaryImageOfPage\":{\"@id\":\"https:\\\/\\\/webtube.fr\\\/index.php\\\/2021\\\/01\\\/31\\\/jetais-a-paris-avec-florian-philippot-vive-le-virus-de-la-vie-liberte\\\/#primaryimage\"},\"image\":{\"@id\":\"https:\\\/\\\/webtube.fr\\\/index.php\\\/2021\\\/01\\\/31\\\/jetais-a-paris-avec-florian-philippot-vive-le-virus-de-la-vie-liberte\\\/#primaryimage\"},\"thumbnailUrl\":\"https:\\\/\\\/static.ripostelaique.com\\\/wp-content\\\/uploads\\\/2021\\\/01\\\/Rassemblement-Les-Patriotes-30-janvier-les-mensonges-%C3%A7a-suffit-vous-nous-devez-des-comptes-1024x575.jpg\",\"datePublished\":\"2021-01-31T15:44:03+00:00\",\"breadcrumb\":{\"@id\":\"https:\\\/\\\/webtube.fr\\\/index.php\\\/2021\\\/01\\\/31\\\/jetais-a-paris-avec-florian-philippot-vive-le-virus-de-la-vie-liberte\\\/#breadcrumb\"},\"inLanguage\":\"fr-FR\",\"potentialAction\":[{\"@type\":\"ReadAction\",\"target\":[\"https:\\\/\\\/webtube.fr\\\/index.php\\\/2021\\\/01\\\/31\\\/jetais-a-paris-avec-florian-philippot-vive-le-virus-de-la-vie-liberte\\\/\"]}]},{\"@type\":\"ImageObject\",\"inLanguage\":\"fr-FR\",\"@id\":\"https:\\\/\\\/webtube.fr\\\/index.php\\\/2021\\\/01\\\/31\\\/jetais-a-paris-avec-florian-philippot-vive-le-virus-de-la-vie-liberte\\\/#primaryimage\",\"url\":\"https:\\\/\\\/static.ripostelaique.com\\\/wp-content\\\/uploads\\\/2021\\\/01\\\/Rassemblement-Les-Patriotes-30-janvier-les-mensonges-%C3%A7a-suffit-vous-nous-devez-des-comptes-1024x575.jpg\",\"contentUrl\":\"https:\\\/\\\/static.ripostelaique.com\\\/wp-content\\\/uploads\\\/2021\\\/01\\\/Rassemblement-Les-Patriotes-30-janvier-les-mensonges-%C3%A7a-suffit-vous-nous-devez-des-comptes-1024x575.jpg\"},{\"@type\":\"BreadcrumbList\",\"@id\":\"https:\\\/\\\/webtube.fr\\\/index.php\\\/2021\\\/01\\\/31\\\/jetais-a-paris-avec-florian-philippot-vive-le-virus-de-la-vie-liberte\\\/#breadcrumb\",\"itemListElement\":[{\"@type\":\"ListItem\",\"position\":1,\"name\":\"Accueil\",\"item\":\"https:\\\/\\\/webtube.fr\\\/\"},{\"@type\":\"ListItem\",\"position\":2,\"name\":\"J\u2019\u00e9tais \u00e0 Paris avec Florian Philippot : vive le virus de la vie, libert\u00e9 !\"}]},{\"@type\":\"WebSite\",\"@id\":\"https:\\\/\\\/webtube.fr\\\/#website\",\"url\":\"https:\\\/\\\/webtube.fr\\\/\",\"name\":\"WEBTUBE\",\"description\":\"WEBTUBE.fr  Streaming Vid\u00e9o and News , toutes les infos sans filtres !\",\"publisher\":{\"@id\":\"https:\\\/\\\/webtube.fr\\\/#organization\"},\"alternateName\":\"Rutube\",\"potentialAction\":[{\"@type\":\"SearchAction\",\"target\":{\"@type\":\"EntryPoint\",\"urlTemplate\":\"https:\\\/\\\/webtube.fr\\\/?s={search_term_string}\"},\"query-input\":{\"@type\":\"PropertyValueSpecification\",\"valueRequired\":true,\"valueName\":\"search_term_string\"}}],\"inLanguage\":\"fr-FR\"},{\"@type\":\"Organization\",\"@id\":\"https:\\\/\\\/webtube.fr\\\/#organization\",\"name\":\"# WEBTUBE.fr\",\"url\":\"https:\\\/\\\/webtube.fr\\\/\",\"logo\":{\"@type\":\"ImageObject\",\"inLanguage\":\"fr-FR\",\"@id\":\"https:\\\/\\\/webtube.fr\\\/#\\\/schema\\\/logo\\\/image\\\/\",\"url\":\"https:\\\/\\\/webtube.fr\\\/wp-content\\\/uploads\\\/2025\\\/09\\\/cropped-Logo_webtubeIA-1.jpg\",\"contentUrl\":\"https:\\\/\\\/webtube.fr\\\/wp-content\\\/uploads\\\/2025\\\/09\\\/cropped-Logo_webtubeIA-1.jpg\",\"width\":240,\"height\":240,\"caption\":\"# WEBTUBE.fr\"},\"image\":{\"@id\":\"https:\\\/\\\/webtube.fr\\\/#\\\/schema\\\/logo\\\/image\\\/\"},\"sameAs\":[\"https:\\\/\\\/www.facebook.com\\\/profile.php?id=100069673161887\",\"https:\\\/\\\/x.com\\\/OrtfNews\",\"https:\\\/\\\/www.facebook.com\\\/profile.php?id=100013751440523\"]},{\"@type\":\"Person\",\"@id\":\"https:\\\/\\\/webtube.fr\\\/#\\\/schema\\\/person\\\/dcc633686e0e2a79a6bf7b92c9507618\",\"name\":\"admin5851\",\"image\":{\"@type\":\"ImageObject\",\"inLanguage\":\"fr-FR\",\"@id\":\"https:\\\/\\\/secure.gravatar.com\\\/avatar\\\/ea1b672a827879c0febb022a108a871292b3d08fadc66a0a43fa47acfe82e38a?s=96&d=mm&r=g\",\"url\":\"https:\\\/\\\/secure.gravatar.com\\\/avatar\\\/ea1b672a827879c0febb022a108a871292b3d08fadc66a0a43fa47acfe82e38a?s=96&d=mm&r=g\",\"contentUrl\":\"https:\\\/\\\/secure.gravatar.com\\\/avatar\\\/ea1b672a827879c0febb022a108a871292b3d08fadc66a0a43fa47acfe82e38a?s=96&d=mm&r=g\",\"caption\":\"admin5851\"},\"sameAs\":[\"http:\\\/\\\/linlcju.cluster100.hosting.ovh.net\"],\"url\":\"https:\\\/\\\/webtube.fr\\\/index.php\\\/author\\\/admin5851\\\/\"}]}<\/script>\n<!-- \/ Yoast SEO plugin. -->","yoast_head_json":{"title":"J\u2019\u00e9tais \u00e0 Paris avec Florian Philippot : vive le virus de la vie, libert\u00e9 ! - # WEBTUBE.fr","robots":{"index":"index","follow":"follow","max-snippet":"max-snippet:-1","max-image-preview":"max-image-preview:large","max-video-preview":"max-video-preview:-1"},"canonical":"https:\/\/webtube.fr\/index.php\/2021\/01\/31\/jetais-a-paris-avec-florian-philippot-vive-le-virus-de-la-vie-liberte\/","og_locale":"fr_FR","og_type":"article","og_title":"J\u2019\u00e9tais \u00e0 Paris avec Florian Philippot : vive le virus de la vie, libert\u00e9 ! - # WEBTUBE.fr","og_description":"Articles \u00a0: Jan. 2021 &#8211; Dec. 2020 &#8211; Nov. 2020 &#8211; Oct. 2020 Hier, samedi 30 janvier, et pour la 13e\u00a0fois \u00e0 Paris, Les Patriotes se sont r\u00e9unis autour de Florian Philippot : plusieurs centaines de personnes de tous \u00e2ges, volontaires, d\u00e9termin\u00e9s, enthousiastes pour dire non \u00e0 la \u00ab\u00a0coronafolie \u00bb\u00a0sous les fen\u00eatres du ministre de &hellip; Continuer la lecture de &laquo;&nbsp;J\u2019\u00e9tais \u00e0 Paris avec Florian Philippot : vive le virus de la vie, libert\u00e9 !&nbsp;&raquo;","og_url":"https:\/\/webtube.fr\/index.php\/2021\/01\/31\/jetais-a-paris-avec-florian-philippot-vive-le-virus-de-la-vie-liberte\/","og_site_name":"# WEBTUBE.fr","article_publisher":"https:\/\/www.facebook.com\/profile.php?id=100069673161887","article_published_time":"2021-01-31T15:44:03+00:00","og_image":[{"url":"https:\/\/static.ripostelaique.com\/wp-content\/uploads\/2021\/01\/Rassemblement-Les-Patriotes-30-janvier-les-mensonges-%C3%A7a-suffit-vous-nous-devez-des-comptes-1024x575.jpg","type":"","width":"","height":""}],"author":"admin5851","twitter_card":"summary_large_image","twitter_creator":"@OrtfNews","twitter_site":"@OrtfNews","twitter_misc":{"\u00c9crit par":"admin5851","Dur\u00e9e de lecture estim\u00e9e":"6 minutes"},"schema":{"@context":"https:\/\/schema.org","@graph":[{"@type":"Article","@id":"https:\/\/webtube.fr\/index.php\/2021\/01\/31\/jetais-a-paris-avec-florian-philippot-vive-le-virus-de-la-vie-liberte\/#article","isPartOf":{"@id":"https:\/\/webtube.fr\/index.php\/2021\/01\/31\/jetais-a-paris-avec-florian-philippot-vive-le-virus-de-la-vie-liberte\/"},"author":{"name":"admin5851","@id":"https:\/\/webtube.fr\/#\/schema\/person\/dcc633686e0e2a79a6bf7b92c9507618"},"headline":"J\u2019\u00e9tais \u00e0 Paris avec Florian Philippot : vive le virus de la vie, libert\u00e9 !","datePublished":"2021-01-31T15:44:03+00:00","mainEntityOfPage":{"@id":"https:\/\/webtube.fr\/index.php\/2021\/01\/31\/jetais-a-paris-avec-florian-philippot-vive-le-virus-de-la-vie-liberte\/"},"wordCount":1305,"commentCount":0,"publisher":{"@id":"https:\/\/webtube.fr\/#organization"},"image":{"@id":"https:\/\/webtube.fr\/index.php\/2021\/01\/31\/jetais-a-paris-avec-florian-philippot-vive-le-virus-de-la-vie-liberte\/#primaryimage"},"thumbnailUrl":"https:\/\/static.ripostelaique.com\/wp-content\/uploads\/2021\/01\/Rassemblement-Les-Patriotes-30-janvier-les-mensonges-%C3%A7a-suffit-vous-nous-devez-des-comptes-1024x575.jpg","inLanguage":"fr-FR","potentialAction":[{"@type":"CommentAction","name":"Comment","target":["https:\/\/webtube.fr\/index.php\/2021\/01\/31\/jetais-a-paris-avec-florian-philippot-vive-le-virus-de-la-vie-liberte\/#respond"]}]},{"@type":"WebPage","@id":"https:\/\/webtube.fr\/index.php\/2021\/01\/31\/jetais-a-paris-avec-florian-philippot-vive-le-virus-de-la-vie-liberte\/","url":"https:\/\/webtube.fr\/index.php\/2021\/01\/31\/jetais-a-paris-avec-florian-philippot-vive-le-virus-de-la-vie-liberte\/","name":"J\u2019\u00e9tais \u00e0 Paris avec Florian Philippot : vive le virus de la vie, libert\u00e9 ! - # WEBTUBE.fr","isPartOf":{"@id":"https:\/\/webtube.fr\/#website"},"primaryImageOfPage":{"@id":"https:\/\/webtube.fr\/index.php\/2021\/01\/31\/jetais-a-paris-avec-florian-philippot-vive-le-virus-de-la-vie-liberte\/#primaryimage"},"image":{"@id":"https:\/\/webtube.fr\/index.php\/2021\/01\/31\/jetais-a-paris-avec-florian-philippot-vive-le-virus-de-la-vie-liberte\/#primaryimage"},"thumbnailUrl":"https:\/\/static.ripostelaique.com\/wp-content\/uploads\/2021\/01\/Rassemblement-Les-Patriotes-30-janvier-les-mensonges-%C3%A7a-suffit-vous-nous-devez-des-comptes-1024x575.jpg","datePublished":"2021-01-31T15:44:03+00:00","breadcrumb":{"@id":"https:\/\/webtube.fr\/index.php\/2021\/01\/31\/jetais-a-paris-avec-florian-philippot-vive-le-virus-de-la-vie-liberte\/#breadcrumb"},"inLanguage":"fr-FR","potentialAction":[{"@type":"ReadAction","target":["https:\/\/webtube.fr\/index.php\/2021\/01\/31\/jetais-a-paris-avec-florian-philippot-vive-le-virus-de-la-vie-liberte\/"]}]},{"@type":"ImageObject","inLanguage":"fr-FR","@id":"https:\/\/webtube.fr\/index.php\/2021\/01\/31\/jetais-a-paris-avec-florian-philippot-vive-le-virus-de-la-vie-liberte\/#primaryimage","url":"https:\/\/static.ripostelaique.com\/wp-content\/uploads\/2021\/01\/Rassemblement-Les-Patriotes-30-janvier-les-mensonges-%C3%A7a-suffit-vous-nous-devez-des-comptes-1024x575.jpg","contentUrl":"https:\/\/static.ripostelaique.com\/wp-content\/uploads\/2021\/01\/Rassemblement-Les-Patriotes-30-janvier-les-mensonges-%C3%A7a-suffit-vous-nous-devez-des-comptes-1024x575.jpg"},{"@type":"BreadcrumbList","@id":"https:\/\/webtube.fr\/index.php\/2021\/01\/31\/jetais-a-paris-avec-florian-philippot-vive-le-virus-de-la-vie-liberte\/#breadcrumb","itemListElement":[{"@type":"ListItem","position":1,"name":"Accueil","item":"https:\/\/webtube.fr\/"},{"@type":"ListItem","position":2,"name":"J\u2019\u00e9tais \u00e0 Paris avec Florian Philippot : vive le virus de la vie, libert\u00e9 !"}]},{"@type":"WebSite","@id":"https:\/\/webtube.fr\/#website","url":"https:\/\/webtube.fr\/","name":"WEBTUBE","description":"WEBTUBE.fr  Streaming Vid\u00e9o and News , toutes les infos sans filtres !","publisher":{"@id":"https:\/\/webtube.fr\/#organization"},"alternateName":"Rutube","potentialAction":[{"@type":"SearchAction","target":{"@type":"EntryPoint","urlTemplate":"https:\/\/webtube.fr\/?s={search_term_string}"},"query-input":{"@type":"PropertyValueSpecification","valueRequired":true,"valueName":"search_term_string"}}],"inLanguage":"fr-FR"},{"@type":"Organization","@id":"https:\/\/webtube.fr\/#organization","name":"# WEBTUBE.fr","url":"https:\/\/webtube.fr\/","logo":{"@type":"ImageObject","inLanguage":"fr-FR","@id":"https:\/\/webtube.fr\/#\/schema\/logo\/image\/","url":"https:\/\/webtube.fr\/wp-content\/uploads\/2025\/09\/cropped-Logo_webtubeIA-1.jpg","contentUrl":"https:\/\/webtube.fr\/wp-content\/uploads\/2025\/09\/cropped-Logo_webtubeIA-1.jpg","width":240,"height":240,"caption":"# WEBTUBE.fr"},"image":{"@id":"https:\/\/webtube.fr\/#\/schema\/logo\/image\/"},"sameAs":["https:\/\/www.facebook.com\/profile.php?id=100069673161887","https:\/\/x.com\/OrtfNews","https:\/\/www.facebook.com\/profile.php?id=100013751440523"]},{"@type":"Person","@id":"https:\/\/webtube.fr\/#\/schema\/person\/dcc633686e0e2a79a6bf7b92c9507618","name":"admin5851","image":{"@type":"ImageObject","inLanguage":"fr-FR","@id":"https:\/\/secure.gravatar.com\/avatar\/ea1b672a827879c0febb022a108a871292b3d08fadc66a0a43fa47acfe82e38a?s=96&d=mm&r=g","url":"https:\/\/secure.gravatar.com\/avatar\/ea1b672a827879c0febb022a108a871292b3d08fadc66a0a43fa47acfe82e38a?s=96&d=mm&r=g","contentUrl":"https:\/\/secure.gravatar.com\/avatar\/ea1b672a827879c0febb022a108a871292b3d08fadc66a0a43fa47acfe82e38a?s=96&d=mm&r=g","caption":"admin5851"},"sameAs":["http:\/\/linlcju.cluster100.hosting.ovh.net"],"url":"https:\/\/webtube.fr\/index.php\/author\/admin5851\/"}]}},"jetpack_featured_media_url":"","jetpack_sharing_enabled":true,"_links":{"self":[{"href":"https:\/\/webtube.fr\/index.php\/wp-json\/wp\/v2\/posts\/9872","targetHints":{"allow":["GET"]}}],"collection":[{"href":"https:\/\/webtube.fr\/index.php\/wp-json\/wp\/v2\/posts"}],"about":[{"href":"https:\/\/webtube.fr\/index.php\/wp-json\/wp\/v2\/types\/post"}],"author":[{"embeddable":true,"href":"https:\/\/webtube.fr\/index.php\/wp-json\/wp\/v2\/users\/1"}],"replies":[{"embeddable":true,"href":"https:\/\/webtube.fr\/index.php\/wp-json\/wp\/v2\/comments?post=9872"}],"version-history":[{"count":0,"href":"https:\/\/webtube.fr\/index.php\/wp-json\/wp\/v2\/posts\/9872\/revisions"}],"wp:attachment":[{"href":"https:\/\/webtube.fr\/index.php\/wp-json\/wp\/v2\/media?parent=9872"}],"wp:term":[{"taxonomy":"category","embeddable":true,"href":"https:\/\/webtube.fr\/index.php\/wp-json\/wp\/v2\/categories?post=9872"},{"taxonomy":"post_tag","embeddable":true,"href":"https:\/\/webtube.fr\/index.php\/wp-json\/wp\/v2\/tags?post=9872"}],"curies":[{"name":"wp","href":"https:\/\/api.w.org\/{rel}","templated":true}]}}