{"id":8615,"date":"2020-10-04T09:21:55","date_gmt":"2020-10-04T07:21:55","guid":{"rendered":"http:\/\/rutube.fr\/?p=8615"},"modified":"2020-10-04T09:21:55","modified_gmt":"2020-10-04T07:21:55","slug":"victorine-et-maria-assassinees-a-cause-de-macron-et-merkel","status":"publish","type":"post","link":"https:\/\/webtube.fr\/index.php\/2020\/10\/04\/victorine-et-maria-assassinees-a-cause-de-macron-et-merkel\/","title":{"rendered":"Victorine et Maria : assassin\u00e9es \u00e0 cause de Macron et Merkel"},"content":{"rendered":"\n<p>Articles \u00a0: <a rel=\"noreferrer noopener\" href=\"http:\/\/rutube.fr\/2020\/10\/\" target=\"_blank\">Oct. 2020<\/a> &#8211; <a rel=\"noreferrer noopener\" href=\"http:\/\/rutube.fr\/2020\/09\/\" target=\"_blank\">Sept 2020<\/a> &#8211; <a rel=\"noreferrer noopener\" href=\"http:\/\/rutube.fr\/2020\/08\/\" target=\"_blank\">Ao\u00fbt 2020<\/a> &#8211; <a rel=\"noreferrer noopener\" href=\"http:\/\/rutube.fr\/2020\/07\/\" target=\"_blank\">juillet 2020<\/a><\/p>\n\n\n\n<figure><iframe loading=\"lazy\" width=\"800\" height=\"200\" src=\"http:\/\/www.weboomedia.fr\/RutubeStreaming1.htm\" frameborder=\"N\" scrolling=\"no\"><\/iframe><\/figure>\n\n\n\n<p>Riposte La\u00efque<\/p>\n\n\n\n<figure class=\"wp-block-image size-large\"><img decoding=\"async\" src=\"https:\/\/static.ripostelaique.com\/wp-content\/uploads\/2020\/10\/Victorine-titre.jpg\" alt=\"\"\/><\/figure>\n\n\n\n<p>Villefontaine, Villefontaine, cela ne vous rappelle-t-il pas quelque chose&nbsp;?<\/p>\n\n\n\n<p>\u201eUne lyc\u00e9enne cible de menaces de mort, par exemple&nbsp;?&nbsp; Car elle avait tenu de \u201eviolents propos anti-Islam\u201c dans une vid\u00e9o sur Instagram ?<\/p>\n\n\n\n<p>Violents, ses propos&nbsp;? Et son harc\u00e8lement, son attaque, pas violents, peut-\u00eatre&nbsp;? Elle explique&nbsp;:&nbsp;<em>Et ce gar\u00e7on qui me draguait au d\u00e9but a commenc\u00e9 \u00e0 m\u2019insulter de \u201csale pute, sale lesbienne, sale raciste et j\u2019en passe. Et il m\u2019a insult\u00e9e au nom d\u2019Allah\u00bb<\/em><em>.&nbsp;<\/em>Exasp\u00e9r\u00e9e, sans soutien, elle a d\u00e9cid\u00e9 d\u2019\u00e9voquer la religion dans la vid\u00e9o qui lui a attir\u00e9 un torrent de menaces sur les r\u00e9seaux sociaux. Elle a d\u00fb \u00eatre exfiltr\u00e9e de son lyc\u00e9e. Le lyc\u00e9e Leonard de Vinci de VILLEFONTAINE&nbsp;! Le franc est tomb\u00e9&nbsp;? Les deux jeunes filles \u00e9taient&nbsp;dans la m\u00eame \u00e9cole&nbsp;de Villefontaine et Victorine&nbsp;avait apport\u00e9 son soutien \u00e0 Mila&nbsp;sur les r\u00e9seaux sociaux.<\/p>\n\n\n\n<p><strong>MORT PAR NOYADE AVEC L\u2019INTERVENTION D\u2019UN TIERS<\/strong><strong>?<\/strong>&nbsp;Victorine a probablement \u00e9t\u00e9 \u00e9trangl\u00e9e et non pas noy\u00e9e.<\/p>\n\n\n\n<p>Voici ce que nous servent les m\u00e9dias : Nouveau drame en France : le corps de Victorine (18 ans), disparue samedi soir, retrouv\u00e9 sans vie (Sans vie ! mais quelle retenue mensong\u00e8re, il n\u2019est pas sans vie, son pauvre corps, il a \u00e9t\u00e9 maltrait\u00e9, d\u00e9moli, outrag\u00e9, \u00e9trangl\u00e9, jet\u00e9 \u00e0 l\u2019eau!).<\/p>\n\n\n\n<p>Qui s\u2019int\u00e9resse aux roses d\u00e9pos\u00e9es, \u00e0 la marche blanche, aux messages poignants sur Twitter, sur Instagram et sur Facebook ? Qui veut connaitre le nom de ses fr\u00e8res et s\u0153urs effondr\u00e9s, celui de l\u2019\u00e9glise qui hier soir, a organis\u00e9 un service en hommage \u00e0 la petite Victorine ? Qui s\u2019int\u00e9resse au centre commercial dans lequel elle a fait ses derniers achats, au pull rose et aux basquets qu\u2019elle portait ? A son petit sac blanc et \u00e0 ses boucles d\u2019oreilles ? Tout ce dont vous nous bassinez, vous les m\u00e9dias manipulateurs. Ce que nous voulons, c\u2019est que ce monstre, soit rapidement trouv\u00e9 et expuls\u00e9, de m\u00eame que tous ses potes dont je ne r\u00e9v\u00e9lerai pas les croyances d\u00e9biles, de peur de me retrouver derri\u00e8re les barreaux.<\/p>\n\n\n\n<p><strong><u>Deux jeunes fille, Victorine, Maria, jolies, jeunes, pleines d\u2019espoir.<\/u><\/strong><\/p>\n\n\n\n<figure class=\"wp-block-image size-large\"><img decoding=\"async\" src=\"https:\/\/static.ripostelaique.com\/wp-content\/uploads\/2020\/10\/Victorine-600x338.jpg\" alt=\"\"\/><\/figure>\n\n\n\n<figure class=\"wp-block-image size-large\"><img decoding=\"async\" src=\"https:\/\/static.ripostelaique.com\/wp-content\/uploads\/2020\/10\/Victorine-Maria.jpg\" alt=\"\"\/><\/figure>\n\n\n\n<p>En octobre il y a 4 ans, nous lisions le m\u00eame genre de \u00ab&nbsp;fait divers&nbsp;\u00bb. Maria Ladenburger est elle aussi \u00ab&nbsp;morte par intervention d\u2019un tiers&nbsp;\u00bb&nbsp;! Son bourreau, originaire d\u2018Afghanistan, demandeur d\u2019asile immigr\u00e9 en 2015 en Allemagne en tant que \u00ab r\u00e9fugi\u00e9 mineur non accompagn\u00e9 \u00bb de 33 ans. Affectueusement entour\u00e9 par une famille d\u2019accueil aux frais du contribuable, dont les malheureux parents de Maria.<\/p>\n\n\n\n<p>Deux maires :<\/p>\n\n\n\n<p>Dieter Salomon, bourgmestre de Fribourg (\u00e9colo), d\u00e9plore les agressions dans sa ville et l\u2019ins\u00e9curit\u00e9 qui y r\u00e8gne.<\/p>\n\n\n\n<p>Patrick Nicole-Williams, maire de Villefontaine se dit \u201ctr\u00e8s affect\u00e9 et choqu\u00e9\u201d par la mortde Victorine<\/p>\n\n\n\n<p>Deux cours d\u2019eau :<\/p>\n\n\n\n<p>Maria Ladenburger, 19 ans, viol\u00e9e, tortur\u00e9e, et noy\u00e9e&nbsp;dans une rivi\u00e8re&nbsp;\u00e0 Fribourg-en-Brisgau en Allemagne le 16 octobre 2016.<\/p>\n\n\n\n<p>Le corps de Victorine Dartois, 18 ans,&nbsp; lui aussi retrouv\u00e9 immerg\u00e9&nbsp;dans un ruisseau&nbsp;(de Turitin)&nbsp;.<\/p>\n\n\n\n<p>Deux \u00e9tudiantes s\u00e9rieuses<\/p>\n\n\n\n<p>Maria suivait des \u00e9tudes de m\u00e9decine et dans son temps libre (&nbsp;!), volontaire pour le centre des r\u00e9fugi\u00e9 s\u2019occupait de jeunes migrants, les aidait \u00e0 s\u2019y retrouver\u2026\u2026<\/p>\n\n\n\n<p>Victorine, une jeune fille sans probl\u00e8me, p\u00e9tillante et souriante, venait d\u2019int\u00e9grer une \u00e9cole sup\u00e9rieure \u00e0 Lyon. Personne ne lui connaissait de probl\u00e8me.<\/p>\n\n\n\n<p>Deux chemins isol\u00e9s&nbsp;:<\/p>\n\n\n\n<p>Un\u00a0petit chemin\u00a0pas rassurant bien connu des jeunes (Victorine). A 19 h samedi 26 septembre. Un chemin qui passe par le\u00a0stade de la Prairie\u00a0puis un petit bois travers\u00e9 par une chemin non \u00e9clair\u00e9. Un lieu pas rassurant parce qu\u2019il n\u2019y a aucune habitation, et pas de lumi\u00e8re.<\/p>\n\n\n\n<figure class=\"wp-block-image size-large\"><img decoding=\"async\" src=\"https:\/\/static.ripostelaique.com\/wp-content\/uploads\/2020\/10\/Victorine-lieu-du-crime-2-300x200.jpg\" alt=\"\"\/><figcaption><strong>Voil\u00e0 o\u00f9 a \u00e9t\u00e9 jet\u00e9 le corps de la petite Victorine<\/strong><\/figcaption><\/figure>\n\n\n\n<p>Le 16 octobre 2016, Maria longe le\u00a0chemin qui borde le Dreisam, pr\u00e8s du stade\u00a0du Schwarzwald.<\/p>\n\n\n\n<figure class=\"wp-block-image size-large\"><img decoding=\"async\" src=\"https:\/\/static.ripostelaique.com\/wp-content\/uploads\/2020\/10\/Victorine-Maria-lieu-du-crime.jpg\" alt=\"\"\/><figcaption><strong>Et voil\u00e0 o\u00f9 un\u201dmineur isol\u00e9\u201d a abandonn\u00e9 celui de Maria, apr\u00e8s l\u2019avoir tortu\u00e9e<\/strong><\/figcaption><\/figure>\n\n\n\n<p>Deux jeunes filles seules dans l\u2019obscurit\u00e9&nbsp;:<\/p>\n\n\n\n<p>Victorine, ayant manqu\u00e9 son bus, a appel\u00e9 sa famille et pr\u00e9venu qu\u2019elle allait rentrer seule \u00e0 pied. Sans ses amis. Elle n\u2019est jamais arriv\u00e9e.<\/p>\n\n\n\n<p>C\u2019\u00e9tait \u00e0 v\u00e9lo que rentrait Maria, le long de la rivi\u00e8re. Sans ses amis. Elle \u00e9tait fatigu\u00e9e et voulait rentrer se coucher. On l\u2019a retrouv\u00e9e assassin\u00e9e.<\/p>\n\n\n\n<p>Sa famille est d\u00e9vast\u00e9e, est-il besoin de le pr\u00e9ciser&nbsp;? Une famille \u00ab&nbsp;normale&nbsp;\u00bb, les parents ayant montr\u00e9 \u00e0 leurs 4 enfants comment \u00e9voluer dans un milieu \u00ab&nbsp;normal&nbsp;\u00bb<\/p>\n\n\n\n<p>Vous avez des filles, des s\u0153urs, des ni\u00e8ces, des petites cousines&nbsp;? Dites-leur de vous appeler, en route. Ne les laissez&nbsp;jamais&nbsp;rentrer \u00e0 pied le soir. En hiver, il fera sombre d\u00e8s 17 heures. Donnez-leur toujours de quoi prendre un taxi, le cas \u00e9ch\u00e9ant. Toujours. Ce n\u2019est pas de la soumission, c\u2019est la plus simple prudence. Que de familles d\u00e9vast\u00e9es, d\u00e9truites.<\/p>\n\n\n\n<p><strong>Sa tante pense qu\u2019elle a rencontr\u00e9 \u201cquelqu\u2019un qui ne fallait pas\u201d !<\/strong><\/p>\n\n\n\n<p>Au moment o\u00f9 j\u2018envoie mon article, on ne connait pas ce \u00ab&nbsp;quelqu\u2019un&nbsp;\u00bb. Mais nous savons tous qu\u2019il ne fallait pas qu\u2019il soit l\u00e0, et esp\u00e9rons qu\u2019il sera bient\u00f4t l\u00e0 o\u00f9 il faut.&nbsp;Ceci, bien entendu, au cas o\u00f9 on veut bien nous d\u00e9voiler la v\u00e9rit\u00e9.<\/p>\n\n\n\n<p><strong>Anne Schubert<\/strong><\/p>\n\n\n\n<p><em>P.S.\u00a0: les parents de Maria ont re\u00e7u le PRIX CITOYEN de la Presse allemande pour leur comportement exemplaire apr\u00e8s l\u2019assassinat de leur fille. Je les respecte trop pour commenter.<\/em><\/p>\n\n\n\n<!-- ADDFREESTATS.COM AUTOCODE V4.0 -->\n<script type=\"text\/javascript\">\n<!--\nvar AFS_Account=\"00636949\";\nvar AFS_Tracker=\"auto\";\nvar AFS_Server=\"www6\";\nvar AFS_Page=\"DetectName\";\nvar AFS_Url=\"DetectUrl\";\n\/\/ -->\n<\/script>\n<script type=\"text\/javascript\" src=\"http:\/\/www6.addfreestats.com\/cgi-bin\/afstrack.cgi?usr=00636949\">\n<\/script>\n<noscript>\n<a href=\"http:\/\/www.addfreestats.com\">\n<img decoding=\"async\" src=\"http:\/\/www6.addfreestats.com\/cgi-bin\/connect.cgi?usr=00636949Pauto\" border=\"0\" alt=\"AddFreeStats.com Free Web Stats!\">Web Stats<\/a>\n<\/noscript>\n\n<!-- ENDADDFREESTATS.COM AUTOCODE V4.0  \u2192\n","protected":false},"excerpt":{"rendered":"<p>Articles \u00a0: Oct. 2020 &#8211; Sept 2020 &#8211; Ao\u00fbt 2020 &#8211; juillet 2020 Riposte La\u00efque Villefontaine, Villefontaine, cela ne vous rappelle-t-il pas quelque chose&nbsp;? \u201eUne lyc\u00e9enne cible de menaces de mort, par exemple&nbsp;?&nbsp; Car elle avait tenu de \u201eviolents propos anti-Islam\u201c dans une vid\u00e9o sur Instagram ? Violents, ses propos&nbsp;? Et son harc\u00e8lement, son attaque, &hellip; <a href=\"https:\/\/webtube.fr\/index.php\/2020\/10\/04\/victorine-et-maria-assassinees-a-cause-de-macron-et-merkel\/\" class=\"more-link\">Continuer la lecture<span class=\"screen-reader-text\"> de &laquo;&nbsp;Victorine et Maria : assassin\u00e9es \u00e0 cause de Macron et Merkel&nbsp;&raquo;<\/span><\/a><\/p>\n","protected":false},"author":1,"featured_media":0,"comment_status":"open","ping_status":"open","sticky":false,"template":"","format":"standard","meta":{"_jetpack_memberships_contains_paid_content":false,"footnotes":""},"categories":[2],"tags":[],"class_list":["post-8615","post","type-post","status-publish","format-standard","hentry","category-non-classe"],"yoast_head":"<!-- This site is optimized with the Yoast SEO plugin v27.3 - https:\/\/yoast.com\/product\/yoast-seo-wordpress\/ -->\n<title>Victorine et Maria : assassin\u00e9es \u00e0 cause de Macron et Merkel - # WEBTUBE.fr<\/title>\n<meta name=\"robots\" content=\"index, follow, max-snippet:-1, max-image-preview:large, max-video-preview:-1\" \/>\n<link rel=\"canonical\" href=\"https:\/\/webtube.fr\/index.php\/2020\/10\/04\/victorine-et-maria-assassinees-a-cause-de-macron-et-merkel\/\" \/>\n<meta property=\"og:locale\" content=\"fr_FR\" \/>\n<meta property=\"og:type\" content=\"article\" \/>\n<meta property=\"og:title\" content=\"Victorine et Maria : assassin\u00e9es \u00e0 cause de Macron et Merkel - # WEBTUBE.fr\" \/>\n<meta property=\"og:description\" content=\"Articles \u00a0: Oct. 2020 &#8211; Sept 2020 &#8211; Ao\u00fbt 2020 &#8211; juillet 2020 Riposte La\u00efque Villefontaine, Villefontaine, cela ne vous rappelle-t-il pas quelque chose&nbsp;? \u201eUne lyc\u00e9enne cible de menaces de mort, par exemple&nbsp;?&nbsp; Car elle avait tenu de \u201eviolents propos anti-Islam\u201c dans une vid\u00e9o sur Instagram ? Violents, ses propos&nbsp;? Et son harc\u00e8lement, son attaque, &hellip; Continuer la lecture de &laquo;&nbsp;Victorine et Maria : assassin\u00e9es \u00e0 cause de Macron et Merkel&nbsp;&raquo;\" \/>\n<meta property=\"og:url\" content=\"https:\/\/webtube.fr\/index.php\/2020\/10\/04\/victorine-et-maria-assassinees-a-cause-de-macron-et-merkel\/\" \/>\n<meta property=\"og:site_name\" content=\"# WEBTUBE.fr\" \/>\n<meta property=\"article:publisher\" content=\"https:\/\/www.facebook.com\/profile.php?id=100069673161887\" \/>\n<meta property=\"article:published_time\" content=\"2020-10-04T07:21:55+00:00\" \/>\n<meta property=\"og:image\" content=\"https:\/\/static.ripostelaique.com\/wp-content\/uploads\/2020\/10\/Victorine-titre.jpg\" \/>\n<meta name=\"author\" content=\"admin5851\" \/>\n<meta name=\"twitter:card\" content=\"summary_large_image\" \/>\n<meta name=\"twitter:creator\" content=\"@OrtfNews\" \/>\n<meta name=\"twitter:site\" content=\"@OrtfNews\" \/>\n<meta name=\"twitter:label1\" content=\"\u00c9crit par\" \/>\n\t<meta name=\"twitter:data1\" content=\"admin5851\" \/>\n\t<meta name=\"twitter:label2\" content=\"Dur\u00e9e de lecture estim\u00e9e\" \/>\n\t<meta name=\"twitter:data2\" content=\"5 minutes\" \/>\n<script type=\"application\/ld+json\" class=\"yoast-schema-graph\">{\"@context\":\"https:\\\/\\\/schema.org\",\"@graph\":[{\"@type\":\"Article\",\"@id\":\"https:\\\/\\\/webtube.fr\\\/index.php\\\/2020\\\/10\\\/04\\\/victorine-et-maria-assassinees-a-cause-de-macron-et-merkel\\\/#article\",\"isPartOf\":{\"@id\":\"https:\\\/\\\/webtube.fr\\\/index.php\\\/2020\\\/10\\\/04\\\/victorine-et-maria-assassinees-a-cause-de-macron-et-merkel\\\/\"},\"author\":{\"name\":\"admin5851\",\"@id\":\"https:\\\/\\\/webtube.fr\\\/#\\\/schema\\\/person\\\/dcc633686e0e2a79a6bf7b92c9507618\"},\"headline\":\"Victorine et Maria : assassin\u00e9es \u00e0 cause de Macron et Merkel\",\"datePublished\":\"2020-10-04T07:21:55+00:00\",\"mainEntityOfPage\":{\"@id\":\"https:\\\/\\\/webtube.fr\\\/index.php\\\/2020\\\/10\\\/04\\\/victorine-et-maria-assassinees-a-cause-de-macron-et-merkel\\\/\"},\"wordCount\":1005,\"commentCount\":0,\"publisher\":{\"@id\":\"https:\\\/\\\/webtube.fr\\\/#organization\"},\"image\":{\"@id\":\"https:\\\/\\\/webtube.fr\\\/index.php\\\/2020\\\/10\\\/04\\\/victorine-et-maria-assassinees-a-cause-de-macron-et-merkel\\\/#primaryimage\"},\"thumbnailUrl\":\"https:\\\/\\\/static.ripostelaique.com\\\/wp-content\\\/uploads\\\/2020\\\/10\\\/Victorine-titre.jpg\",\"inLanguage\":\"fr-FR\",\"potentialAction\":[{\"@type\":\"CommentAction\",\"name\":\"Comment\",\"target\":[\"https:\\\/\\\/webtube.fr\\\/index.php\\\/2020\\\/10\\\/04\\\/victorine-et-maria-assassinees-a-cause-de-macron-et-merkel\\\/#respond\"]}]},{\"@type\":\"WebPage\",\"@id\":\"https:\\\/\\\/webtube.fr\\\/index.php\\\/2020\\\/10\\\/04\\\/victorine-et-maria-assassinees-a-cause-de-macron-et-merkel\\\/\",\"url\":\"https:\\\/\\\/webtube.fr\\\/index.php\\\/2020\\\/10\\\/04\\\/victorine-et-maria-assassinees-a-cause-de-macron-et-merkel\\\/\",\"name\":\"Victorine et Maria : assassin\u00e9es \u00e0 cause de Macron et Merkel - # WEBTUBE.fr\",\"isPartOf\":{\"@id\":\"https:\\\/\\\/webtube.fr\\\/#website\"},\"primaryImageOfPage\":{\"@id\":\"https:\\\/\\\/webtube.fr\\\/index.php\\\/2020\\\/10\\\/04\\\/victorine-et-maria-assassinees-a-cause-de-macron-et-merkel\\\/#primaryimage\"},\"image\":{\"@id\":\"https:\\\/\\\/webtube.fr\\\/index.php\\\/2020\\\/10\\\/04\\\/victorine-et-maria-assassinees-a-cause-de-macron-et-merkel\\\/#primaryimage\"},\"thumbnailUrl\":\"https:\\\/\\\/static.ripostelaique.com\\\/wp-content\\\/uploads\\\/2020\\\/10\\\/Victorine-titre.jpg\",\"datePublished\":\"2020-10-04T07:21:55+00:00\",\"breadcrumb\":{\"@id\":\"https:\\\/\\\/webtube.fr\\\/index.php\\\/2020\\\/10\\\/04\\\/victorine-et-maria-assassinees-a-cause-de-macron-et-merkel\\\/#breadcrumb\"},\"inLanguage\":\"fr-FR\",\"potentialAction\":[{\"@type\":\"ReadAction\",\"target\":[\"https:\\\/\\\/webtube.fr\\\/index.php\\\/2020\\\/10\\\/04\\\/victorine-et-maria-assassinees-a-cause-de-macron-et-merkel\\\/\"]}]},{\"@type\":\"ImageObject\",\"inLanguage\":\"fr-FR\",\"@id\":\"https:\\\/\\\/webtube.fr\\\/index.php\\\/2020\\\/10\\\/04\\\/victorine-et-maria-assassinees-a-cause-de-macron-et-merkel\\\/#primaryimage\",\"url\":\"https:\\\/\\\/static.ripostelaique.com\\\/wp-content\\\/uploads\\\/2020\\\/10\\\/Victorine-titre.jpg\",\"contentUrl\":\"https:\\\/\\\/static.ripostelaique.com\\\/wp-content\\\/uploads\\\/2020\\\/10\\\/Victorine-titre.jpg\"},{\"@type\":\"BreadcrumbList\",\"@id\":\"https:\\\/\\\/webtube.fr\\\/index.php\\\/2020\\\/10\\\/04\\\/victorine-et-maria-assassinees-a-cause-de-macron-et-merkel\\\/#breadcrumb\",\"itemListElement\":[{\"@type\":\"ListItem\",\"position\":1,\"name\":\"Accueil\",\"item\":\"https:\\\/\\\/webtube.fr\\\/\"},{\"@type\":\"ListItem\",\"position\":2,\"name\":\"Victorine et Maria : assassin\u00e9es \u00e0 cause de Macron et Merkel\"}]},{\"@type\":\"WebSite\",\"@id\":\"https:\\\/\\\/webtube.fr\\\/#website\",\"url\":\"https:\\\/\\\/webtube.fr\\\/\",\"name\":\"WEBTUBE\",\"description\":\"WEBTUBE.fr  Streaming Vid\u00e9o and News , toutes les infos sans filtres !\",\"publisher\":{\"@id\":\"https:\\\/\\\/webtube.fr\\\/#organization\"},\"alternateName\":\"Rutube\",\"potentialAction\":[{\"@type\":\"SearchAction\",\"target\":{\"@type\":\"EntryPoint\",\"urlTemplate\":\"https:\\\/\\\/webtube.fr\\\/?s={search_term_string}\"},\"query-input\":{\"@type\":\"PropertyValueSpecification\",\"valueRequired\":true,\"valueName\":\"search_term_string\"}}],\"inLanguage\":\"fr-FR\"},{\"@type\":\"Organization\",\"@id\":\"https:\\\/\\\/webtube.fr\\\/#organization\",\"name\":\"# WEBTUBE.fr\",\"url\":\"https:\\\/\\\/webtube.fr\\\/\",\"logo\":{\"@type\":\"ImageObject\",\"inLanguage\":\"fr-FR\",\"@id\":\"https:\\\/\\\/webtube.fr\\\/#\\\/schema\\\/logo\\\/image\\\/\",\"url\":\"https:\\\/\\\/webtube.fr\\\/wp-content\\\/uploads\\\/2025\\\/09\\\/cropped-Logo_webtubeIA-1.jpg\",\"contentUrl\":\"https:\\\/\\\/webtube.fr\\\/wp-content\\\/uploads\\\/2025\\\/09\\\/cropped-Logo_webtubeIA-1.jpg\",\"width\":240,\"height\":240,\"caption\":\"# WEBTUBE.fr\"},\"image\":{\"@id\":\"https:\\\/\\\/webtube.fr\\\/#\\\/schema\\\/logo\\\/image\\\/\"},\"sameAs\":[\"https:\\\/\\\/www.facebook.com\\\/profile.php?id=100069673161887\",\"https:\\\/\\\/x.com\\\/OrtfNews\",\"https:\\\/\\\/www.facebook.com\\\/profile.php?id=100013751440523\"]},{\"@type\":\"Person\",\"@id\":\"https:\\\/\\\/webtube.fr\\\/#\\\/schema\\\/person\\\/dcc633686e0e2a79a6bf7b92c9507618\",\"name\":\"admin5851\",\"image\":{\"@type\":\"ImageObject\",\"inLanguage\":\"fr-FR\",\"@id\":\"https:\\\/\\\/secure.gravatar.com\\\/avatar\\\/ea1b672a827879c0febb022a108a871292b3d08fadc66a0a43fa47acfe82e38a?s=96&d=mm&r=g\",\"url\":\"https:\\\/\\\/secure.gravatar.com\\\/avatar\\\/ea1b672a827879c0febb022a108a871292b3d08fadc66a0a43fa47acfe82e38a?s=96&d=mm&r=g\",\"contentUrl\":\"https:\\\/\\\/secure.gravatar.com\\\/avatar\\\/ea1b672a827879c0febb022a108a871292b3d08fadc66a0a43fa47acfe82e38a?s=96&d=mm&r=g\",\"caption\":\"admin5851\"},\"sameAs\":[\"http:\\\/\\\/linlcju.cluster100.hosting.ovh.net\"],\"url\":\"https:\\\/\\\/webtube.fr\\\/index.php\\\/author\\\/admin5851\\\/\"}]}<\/script>\n<!-- \/ Yoast SEO plugin. -->","yoast_head_json":{"title":"Victorine et Maria : assassin\u00e9es \u00e0 cause de Macron et Merkel - # WEBTUBE.fr","robots":{"index":"index","follow":"follow","max-snippet":"max-snippet:-1","max-image-preview":"max-image-preview:large","max-video-preview":"max-video-preview:-1"},"canonical":"https:\/\/webtube.fr\/index.php\/2020\/10\/04\/victorine-et-maria-assassinees-a-cause-de-macron-et-merkel\/","og_locale":"fr_FR","og_type":"article","og_title":"Victorine et Maria : assassin\u00e9es \u00e0 cause de Macron et Merkel - # WEBTUBE.fr","og_description":"Articles \u00a0: Oct. 2020 &#8211; Sept 2020 &#8211; Ao\u00fbt 2020 &#8211; juillet 2020 Riposte La\u00efque Villefontaine, Villefontaine, cela ne vous rappelle-t-il pas quelque chose&nbsp;? \u201eUne lyc\u00e9enne cible de menaces de mort, par exemple&nbsp;?&nbsp; Car elle avait tenu de \u201eviolents propos anti-Islam\u201c dans une vid\u00e9o sur Instagram ? Violents, ses propos&nbsp;? Et son harc\u00e8lement, son attaque, &hellip; Continuer la lecture de &laquo;&nbsp;Victorine et Maria : assassin\u00e9es \u00e0 cause de Macron et Merkel&nbsp;&raquo;","og_url":"https:\/\/webtube.fr\/index.php\/2020\/10\/04\/victorine-et-maria-assassinees-a-cause-de-macron-et-merkel\/","og_site_name":"# WEBTUBE.fr","article_publisher":"https:\/\/www.facebook.com\/profile.php?id=100069673161887","article_published_time":"2020-10-04T07:21:55+00:00","og_image":[{"url":"https:\/\/static.ripostelaique.com\/wp-content\/uploads\/2020\/10\/Victorine-titre.jpg","type":"","width":"","height":""}],"author":"admin5851","twitter_card":"summary_large_image","twitter_creator":"@OrtfNews","twitter_site":"@OrtfNews","twitter_misc":{"\u00c9crit par":"admin5851","Dur\u00e9e de lecture estim\u00e9e":"5 minutes"},"schema":{"@context":"https:\/\/schema.org","@graph":[{"@type":"Article","@id":"https:\/\/webtube.fr\/index.php\/2020\/10\/04\/victorine-et-maria-assassinees-a-cause-de-macron-et-merkel\/#article","isPartOf":{"@id":"https:\/\/webtube.fr\/index.php\/2020\/10\/04\/victorine-et-maria-assassinees-a-cause-de-macron-et-merkel\/"},"author":{"name":"admin5851","@id":"https:\/\/webtube.fr\/#\/schema\/person\/dcc633686e0e2a79a6bf7b92c9507618"},"headline":"Victorine et Maria : assassin\u00e9es \u00e0 cause de Macron et Merkel","datePublished":"2020-10-04T07:21:55+00:00","mainEntityOfPage":{"@id":"https:\/\/webtube.fr\/index.php\/2020\/10\/04\/victorine-et-maria-assassinees-a-cause-de-macron-et-merkel\/"},"wordCount":1005,"commentCount":0,"publisher":{"@id":"https:\/\/webtube.fr\/#organization"},"image":{"@id":"https:\/\/webtube.fr\/index.php\/2020\/10\/04\/victorine-et-maria-assassinees-a-cause-de-macron-et-merkel\/#primaryimage"},"thumbnailUrl":"https:\/\/static.ripostelaique.com\/wp-content\/uploads\/2020\/10\/Victorine-titre.jpg","inLanguage":"fr-FR","potentialAction":[{"@type":"CommentAction","name":"Comment","target":["https:\/\/webtube.fr\/index.php\/2020\/10\/04\/victorine-et-maria-assassinees-a-cause-de-macron-et-merkel\/#respond"]}]},{"@type":"WebPage","@id":"https:\/\/webtube.fr\/index.php\/2020\/10\/04\/victorine-et-maria-assassinees-a-cause-de-macron-et-merkel\/","url":"https:\/\/webtube.fr\/index.php\/2020\/10\/04\/victorine-et-maria-assassinees-a-cause-de-macron-et-merkel\/","name":"Victorine et Maria : assassin\u00e9es \u00e0 cause de Macron et Merkel - # WEBTUBE.fr","isPartOf":{"@id":"https:\/\/webtube.fr\/#website"},"primaryImageOfPage":{"@id":"https:\/\/webtube.fr\/index.php\/2020\/10\/04\/victorine-et-maria-assassinees-a-cause-de-macron-et-merkel\/#primaryimage"},"image":{"@id":"https:\/\/webtube.fr\/index.php\/2020\/10\/04\/victorine-et-maria-assassinees-a-cause-de-macron-et-merkel\/#primaryimage"},"thumbnailUrl":"https:\/\/static.ripostelaique.com\/wp-content\/uploads\/2020\/10\/Victorine-titre.jpg","datePublished":"2020-10-04T07:21:55+00:00","breadcrumb":{"@id":"https:\/\/webtube.fr\/index.php\/2020\/10\/04\/victorine-et-maria-assassinees-a-cause-de-macron-et-merkel\/#breadcrumb"},"inLanguage":"fr-FR","potentialAction":[{"@type":"ReadAction","target":["https:\/\/webtube.fr\/index.php\/2020\/10\/04\/victorine-et-maria-assassinees-a-cause-de-macron-et-merkel\/"]}]},{"@type":"ImageObject","inLanguage":"fr-FR","@id":"https:\/\/webtube.fr\/index.php\/2020\/10\/04\/victorine-et-maria-assassinees-a-cause-de-macron-et-merkel\/#primaryimage","url":"https:\/\/static.ripostelaique.com\/wp-content\/uploads\/2020\/10\/Victorine-titre.jpg","contentUrl":"https:\/\/static.ripostelaique.com\/wp-content\/uploads\/2020\/10\/Victorine-titre.jpg"},{"@type":"BreadcrumbList","@id":"https:\/\/webtube.fr\/index.php\/2020\/10\/04\/victorine-et-maria-assassinees-a-cause-de-macron-et-merkel\/#breadcrumb","itemListElement":[{"@type":"ListItem","position":1,"name":"Accueil","item":"https:\/\/webtube.fr\/"},{"@type":"ListItem","position":2,"name":"Victorine et Maria : assassin\u00e9es \u00e0 cause de Macron et Merkel"}]},{"@type":"WebSite","@id":"https:\/\/webtube.fr\/#website","url":"https:\/\/webtube.fr\/","name":"WEBTUBE","description":"WEBTUBE.fr  Streaming Vid\u00e9o and News , toutes les infos sans filtres !","publisher":{"@id":"https:\/\/webtube.fr\/#organization"},"alternateName":"Rutube","potentialAction":[{"@type":"SearchAction","target":{"@type":"EntryPoint","urlTemplate":"https:\/\/webtube.fr\/?s={search_term_string}"},"query-input":{"@type":"PropertyValueSpecification","valueRequired":true,"valueName":"search_term_string"}}],"inLanguage":"fr-FR"},{"@type":"Organization","@id":"https:\/\/webtube.fr\/#organization","name":"# WEBTUBE.fr","url":"https:\/\/webtube.fr\/","logo":{"@type":"ImageObject","inLanguage":"fr-FR","@id":"https:\/\/webtube.fr\/#\/schema\/logo\/image\/","url":"https:\/\/webtube.fr\/wp-content\/uploads\/2025\/09\/cropped-Logo_webtubeIA-1.jpg","contentUrl":"https:\/\/webtube.fr\/wp-content\/uploads\/2025\/09\/cropped-Logo_webtubeIA-1.jpg","width":240,"height":240,"caption":"# WEBTUBE.fr"},"image":{"@id":"https:\/\/webtube.fr\/#\/schema\/logo\/image\/"},"sameAs":["https:\/\/www.facebook.com\/profile.php?id=100069673161887","https:\/\/x.com\/OrtfNews","https:\/\/www.facebook.com\/profile.php?id=100013751440523"]},{"@type":"Person","@id":"https:\/\/webtube.fr\/#\/schema\/person\/dcc633686e0e2a79a6bf7b92c9507618","name":"admin5851","image":{"@type":"ImageObject","inLanguage":"fr-FR","@id":"https:\/\/secure.gravatar.com\/avatar\/ea1b672a827879c0febb022a108a871292b3d08fadc66a0a43fa47acfe82e38a?s=96&d=mm&r=g","url":"https:\/\/secure.gravatar.com\/avatar\/ea1b672a827879c0febb022a108a871292b3d08fadc66a0a43fa47acfe82e38a?s=96&d=mm&r=g","contentUrl":"https:\/\/secure.gravatar.com\/avatar\/ea1b672a827879c0febb022a108a871292b3d08fadc66a0a43fa47acfe82e38a?s=96&d=mm&r=g","caption":"admin5851"},"sameAs":["http:\/\/linlcju.cluster100.hosting.ovh.net"],"url":"https:\/\/webtube.fr\/index.php\/author\/admin5851\/"}]}},"jetpack_featured_media_url":"","jetpack_sharing_enabled":true,"_links":{"self":[{"href":"https:\/\/webtube.fr\/index.php\/wp-json\/wp\/v2\/posts\/8615","targetHints":{"allow":["GET"]}}],"collection":[{"href":"https:\/\/webtube.fr\/index.php\/wp-json\/wp\/v2\/posts"}],"about":[{"href":"https:\/\/webtube.fr\/index.php\/wp-json\/wp\/v2\/types\/post"}],"author":[{"embeddable":true,"href":"https:\/\/webtube.fr\/index.php\/wp-json\/wp\/v2\/users\/1"}],"replies":[{"embeddable":true,"href":"https:\/\/webtube.fr\/index.php\/wp-json\/wp\/v2\/comments?post=8615"}],"version-history":[{"count":0,"href":"https:\/\/webtube.fr\/index.php\/wp-json\/wp\/v2\/posts\/8615\/revisions"}],"wp:attachment":[{"href":"https:\/\/webtube.fr\/index.php\/wp-json\/wp\/v2\/media?parent=8615"}],"wp:term":[{"taxonomy":"category","embeddable":true,"href":"https:\/\/webtube.fr\/index.php\/wp-json\/wp\/v2\/categories?post=8615"},{"taxonomy":"post_tag","embeddable":true,"href":"https:\/\/webtube.fr\/index.php\/wp-json\/wp\/v2\/tags?post=8615"}],"curies":[{"name":"wp","href":"https:\/\/api.w.org\/{rel}","templated":true}]}}