{"id":5331,"date":"2019-11-11T15:52:35","date_gmt":"2019-11-11T14:52:35","guid":{"rendered":"http:\/\/rutube.fr\/?p=5331"},"modified":"2019-11-11T15:52:35","modified_gmt":"2019-11-11T14:52:35","slug":"migrants-evacues-de-paris-melun-devant-le-fait-accompli","status":"publish","type":"post","link":"https:\/\/webtube.fr\/index.php\/2019\/11\/11\/migrants-evacues-de-paris-melun-devant-le-fait-accompli\/","title":{"rendered":"Migrants \u00e9vacu\u00e9s de Paris : Melun devant le fait accompli\u2026"},"content":{"rendered":"\n<p><em>Source Boulevard Voltaire<\/em><\/p>\n\n\n\n<figure class=\"wp-block-image\"><img decoding=\"async\" src=\"https:\/\/static.euronews.com\/articles\/stories\/03\/62\/73\/22\/602x338_cmsv2_4e7ca69f-99fd-51e0-a416-7d578187d410-3627322.jpg\" alt=\"\"\/><\/figure>\n\n\n\n<p>Louis Vogel, le maire de Melun, membre d\u2019Agir, la droite constructive, est furax : il a d\u00e9couvert que 102 migrants, parmi les 1.611 personnes \u00e9vacu\u00e9es, jeudi matin, des campements de la porte de la Chapelle et de Saint-Denis, ont \u00e9t\u00e9 accueillis dans un b\u00e2timent de l\u2019ancien h\u00f4pital de sa ville. Sans qu\u2019on ne lui demande son avis ! Sur r\u00e9quisition de la pr\u00e9fecture de police de Paris, ils ont \u00e9t\u00e9 pris en charge par la Croix-Rouge.<\/p>\n\n\n\n<p>Voil\u00e0 donc la mairie de Paris d\u00e9livr\u00e9e de deux camps insalubres. Que Mme Hidago ne s\u2019inqui\u00e8te pas&nbsp;: dans une conf\u00e9rence de presse improvis\u00e9e,&nbsp;<a href=\"https:\/\/www.bvoltaire.fr\/serge-federbusch-un-camp-de-migrants-soit-disant-ferme-dix-de-retrouves\/\" target=\"_blank\" rel=\"noreferrer noopener\">le pr\u00e9fet de police a assur\u00e9 qu\u2019ils ne reviendraient pas.<\/a>&nbsp;<em>Le Parisien<\/em>&nbsp;rapporte ses propos&nbsp;:&nbsp;<em>\u00ab&nbsp;Jusque-l\u00e0, on avait des op\u00e9rations de mise \u00e0 l\u2019abri de 200, 300 personnes, mais on ne vidait jamais les campements et ils revenaient. Avec cette op\u00e9ration, on a un objectif de z\u00e9ro retour.&nbsp;\u00bb<\/em>&nbsp;Qu\u2019on se le dise&nbsp;!<\/p>\n\n\n\n<p>Vous avez compris : on refile \u00e0 d\u2019autres le \u00ab dossier \u00bb, la patate chaude, m\u00eame si cette expression est d\u00e9valorisante pour des migrants clandestins dont le seul tort est de profiter du laxisme de l\u2019\u00c9tat et de la perm\u00e9abilit\u00e9 des fronti\u00e8res europ\u00e9ennes. Ils sont donc r\u00e9partis dans une quinzaine de b\u00e2timents d\u2019\u00cele-de-France, en attendant que leur situation soit \u00e9tudi\u00e9e. Certains d\u2019entre eux obtiendront le droit d\u2019asile ou une carte de s\u00e9jour provisoire. Et les autres ? On sait qu\u2019il y a tr\u00e8s peu de reconduites \u00e0 la fronti\u00e8re.<\/p>\n\n\n\n<p>On comprend la col\u00e8re du maire de Melun. Cet ancien encart\u00e9 aux R\u00e9publicains doit peut-\u00eatre regretter d\u2019avoir rejoint un parti trop accommodant avec la politique macronienne.&nbsp;<em>\u00ab Il est inadmissible que la municipalit\u00e9 n\u2019ait \u00e9t\u00e9 pr\u00e9venue par aucun canal officiel et qu\u2019elle se retrouve en premi\u00e8re ligne pour g\u00e9rer les errements de la politique de la ville de Paris en mati\u00e8re d\u2019accueil de migrants&nbsp;\u00bb<\/em>, a-t-il d\u00e9clar\u00e9, selon&nbsp;<em>Le Parisien<\/em>, estimant que&nbsp;<em>\u00ab&nbsp;Melun a fait sa part, plus que sa part&nbsp;\u00bb<\/em>. Mais le gouvernement n\u2019a cure de ses plaintes. Il pense avoir r\u00e9ussi son op\u00e9ration de communication en d\u00e9barrassant Paris d\u2019une partie de ses migrants, f\u00fbt-ce au d\u00e9triment d\u2019autres communes.<\/p>\n\n\n\n<p>Il est \u00e9vident qu\u2019au-del\u00e0 de leurs arri\u00e8re-pens\u00e9es \u00e9lectorales, \u00e0 l\u2019approche des municipales \u2013 n\u2019oublions pas que Benjamin Griveaux est leur candidat \u00e0 Paris \u2013, puis des pr\u00e9sidentielles,&nbsp;<a href=\"https:\/\/www.bvoltaire.fr\/le-discours-demmanuel-macron-sur-limmigration-la-dechirure\/\" target=\"_blank\" rel=\"noreferrer noopener\">Macron<\/a>,&nbsp;<a href=\"https:\/\/www.bvoltaire.fr\/reprendre-le-controle-de-limmigration-poudre-de-perlimpinpin\/\" target=\"_blank\" rel=\"noreferrer noopener\">\u00c9douard Philippe<\/a>, Christophe Castaner et consorts se sont empar\u00e9s du th\u00e8me de l\u2019immigration pour&nbsp;<a href=\"https:\/\/www.bvoltaire.fr\/edouard-philippe-et-les-quotas-dimmigration-je-vous-ai-bien-eus\/\" target=\"_blank\" rel=\"noreferrer noopener\">faire croire \u00e0 l\u2019opinion publique qu\u2019ils agissent, alors qu\u2019ils ne d\u00e9ploient que des faux-semblants.<\/a>&nbsp;Le pr\u00e9fet d\u2019\u00cele-de-France a beau avoir annonc\u00e9 que&nbsp;<em>\u00ab&nbsp;ceux qui n\u2019ont pas le droit au s\u00e9jour \u00bb<\/em>&nbsp;seront pri\u00e9s de quitter les lieux d\u2019h\u00e9bergement, on sait ce qu\u2019il en est&nbsp;: 90 % de ces r\u00e9fugi\u00e9s clandestins dispara\u00eetront dans la nature.<\/p>\n\n\n\n<p>La mairie de Paris, hypocrite, se f\u00e9licite de cette op\u00e9ration de \u00ab&nbsp;mise \u00e0 l\u2019abri&nbsp;\u00bb \u2013 ce n\u2019est pas la premi\u00e8re fois qu\u2019Anne Hidalgo pense \u00e0&nbsp;ses \u00e9lecteurs avant de penser \u00e0 ses voisins \u2013 mais r\u00e9clame une politique d\u2019accueil forte, avec la mise en place de centres humanitaires le long des routes migratoires. Pas question de pr\u00e9coniser des mesures pour limiter l\u2019afflux des migrants. Quant au gouvernement, par l\u2019interm\u00e9diaire du pr\u00e9fet de police, il affirme avec aplomb que les camps \u00e9vacu\u00e9s ne se reformeront pas.<\/p>\n\n\n\n<p>Ironie de l\u2019histoire,&nbsp;<em>Le Parisien<\/em>&nbsp;note qu\u2019\u00e0 Melun, d\u00e8s le d\u00e9but de l\u2019apr\u00e8s-midi, certains \u00e9migr\u00e9s cherchaient d\u00e9j\u00e0 la gare de bus pour rejoindre Paris. Si l\u2019on veut ma\u00eetriser les flux migratoires, c\u2019est le gouvernement qu\u2019il convient d\u2019\u00e9vacuer dans les plus brefs d\u00e9lais&nbsp;!<\/p>\n","protected":false},"excerpt":{"rendered":"<p>Source Boulevard Voltaire Louis Vogel, le maire de Melun, membre d\u2019Agir, la droite constructive, est furax : il a d\u00e9couvert que 102 migrants, parmi les 1.611 personnes \u00e9vacu\u00e9es, jeudi matin, des campements de la porte de la Chapelle et de Saint-Denis, ont \u00e9t\u00e9 accueillis dans un b\u00e2timent de l\u2019ancien h\u00f4pital de sa ville. Sans qu\u2019on &hellip; <a href=\"https:\/\/webtube.fr\/index.php\/2019\/11\/11\/migrants-evacues-de-paris-melun-devant-le-fait-accompli\/\" class=\"more-link\">Continuer la lecture<span class=\"screen-reader-text\"> de &laquo;&nbsp;Migrants \u00e9vacu\u00e9s de Paris : Melun devant le fait accompli\u2026&nbsp;&raquo;<\/span><\/a><\/p>\n","protected":false},"author":1,"featured_media":0,"comment_status":"open","ping_status":"open","sticky":false,"template":"","format":"standard","meta":{"_jetpack_memberships_contains_paid_content":false,"footnotes":""},"categories":[2],"tags":[],"class_list":["post-5331","post","type-post","status-publish","format-standard","hentry","category-non-classe"],"yoast_head":"<!-- This site is optimized with the Yoast SEO plugin v27.3 - https:\/\/yoast.com\/product\/yoast-seo-wordpress\/ -->\n<title>Migrants \u00e9vacu\u00e9s de Paris : Melun devant le fait accompli\u2026 - # WEBTUBE.fr<\/title>\n<meta name=\"robots\" content=\"index, follow, max-snippet:-1, max-image-preview:large, max-video-preview:-1\" \/>\n<link rel=\"canonical\" href=\"https:\/\/webtube.fr\/index.php\/2019\/11\/11\/migrants-evacues-de-paris-melun-devant-le-fait-accompli\/\" \/>\n<meta property=\"og:locale\" content=\"fr_FR\" \/>\n<meta property=\"og:type\" content=\"article\" \/>\n<meta property=\"og:title\" content=\"Migrants \u00e9vacu\u00e9s de Paris : Melun devant le fait accompli\u2026 - # WEBTUBE.fr\" \/>\n<meta property=\"og:description\" content=\"Source Boulevard Voltaire Louis Vogel, le maire de Melun, membre d\u2019Agir, la droite constructive, est furax : il a d\u00e9couvert que 102 migrants, parmi les 1.611 personnes \u00e9vacu\u00e9es, jeudi matin, des campements de la porte de la Chapelle et de Saint-Denis, ont \u00e9t\u00e9 accueillis dans un b\u00e2timent de l\u2019ancien h\u00f4pital de sa ville. Sans qu\u2019on &hellip; Continuer la lecture de &laquo;&nbsp;Migrants \u00e9vacu\u00e9s de Paris : Melun devant le fait accompli\u2026&nbsp;&raquo;\" \/>\n<meta property=\"og:url\" content=\"https:\/\/webtube.fr\/index.php\/2019\/11\/11\/migrants-evacues-de-paris-melun-devant-le-fait-accompli\/\" \/>\n<meta property=\"og:site_name\" content=\"# WEBTUBE.fr\" \/>\n<meta property=\"article:publisher\" content=\"https:\/\/www.facebook.com\/profile.php?id=100069673161887\" \/>\n<meta property=\"article:published_time\" content=\"2019-11-11T14:52:35+00:00\" \/>\n<meta property=\"og:image\" content=\"https:\/\/static.euronews.com\/articles\/stories\/03\/62\/73\/22\/602x338_cmsv2_4e7ca69f-99fd-51e0-a416-7d578187d410-3627322.jpg\" \/>\n<meta name=\"author\" content=\"admin5851\" \/>\n<meta name=\"twitter:card\" content=\"summary_large_image\" \/>\n<meta name=\"twitter:creator\" content=\"@OrtfNews\" \/>\n<meta name=\"twitter:site\" content=\"@OrtfNews\" \/>\n<meta name=\"twitter:label1\" content=\"\u00c9crit par\" \/>\n\t<meta name=\"twitter:data1\" content=\"admin5851\" \/>\n\t<meta name=\"twitter:label2\" content=\"Dur\u00e9e de lecture estim\u00e9e\" \/>\n\t<meta name=\"twitter:data2\" content=\"3 minutes\" \/>\n<script type=\"application\/ld+json\" class=\"yoast-schema-graph\">{\"@context\":\"https:\\\/\\\/schema.org\",\"@graph\":[{\"@type\":\"Article\",\"@id\":\"https:\\\/\\\/webtube.fr\\\/index.php\\\/2019\\\/11\\\/11\\\/migrants-evacues-de-paris-melun-devant-le-fait-accompli\\\/#article\",\"isPartOf\":{\"@id\":\"https:\\\/\\\/webtube.fr\\\/index.php\\\/2019\\\/11\\\/11\\\/migrants-evacues-de-paris-melun-devant-le-fait-accompli\\\/\"},\"author\":{\"name\":\"admin5851\",\"@id\":\"https:\\\/\\\/webtube.fr\\\/#\\\/schema\\\/person\\\/dcc633686e0e2a79a6bf7b92c9507618\"},\"headline\":\"Migrants \u00e9vacu\u00e9s de Paris : Melun devant le fait accompli\u2026\",\"datePublished\":\"2019-11-11T14:52:35+00:00\",\"mainEntityOfPage\":{\"@id\":\"https:\\\/\\\/webtube.fr\\\/index.php\\\/2019\\\/11\\\/11\\\/migrants-evacues-de-paris-melun-devant-le-fait-accompli\\\/\"},\"wordCount\":698,\"commentCount\":0,\"publisher\":{\"@id\":\"https:\\\/\\\/webtube.fr\\\/#organization\"},\"image\":{\"@id\":\"https:\\\/\\\/webtube.fr\\\/index.php\\\/2019\\\/11\\\/11\\\/migrants-evacues-de-paris-melun-devant-le-fait-accompli\\\/#primaryimage\"},\"thumbnailUrl\":\"https:\\\/\\\/static.euronews.com\\\/articles\\\/stories\\\/03\\\/62\\\/73\\\/22\\\/602x338_cmsv2_4e7ca69f-99fd-51e0-a416-7d578187d410-3627322.jpg\",\"inLanguage\":\"fr-FR\",\"potentialAction\":[{\"@type\":\"CommentAction\",\"name\":\"Comment\",\"target\":[\"https:\\\/\\\/webtube.fr\\\/index.php\\\/2019\\\/11\\\/11\\\/migrants-evacues-de-paris-melun-devant-le-fait-accompli\\\/#respond\"]}]},{\"@type\":\"WebPage\",\"@id\":\"https:\\\/\\\/webtube.fr\\\/index.php\\\/2019\\\/11\\\/11\\\/migrants-evacues-de-paris-melun-devant-le-fait-accompli\\\/\",\"url\":\"https:\\\/\\\/webtube.fr\\\/index.php\\\/2019\\\/11\\\/11\\\/migrants-evacues-de-paris-melun-devant-le-fait-accompli\\\/\",\"name\":\"Migrants \u00e9vacu\u00e9s de Paris : Melun devant le fait accompli\u2026 - # WEBTUBE.fr\",\"isPartOf\":{\"@id\":\"https:\\\/\\\/webtube.fr\\\/#website\"},\"primaryImageOfPage\":{\"@id\":\"https:\\\/\\\/webtube.fr\\\/index.php\\\/2019\\\/11\\\/11\\\/migrants-evacues-de-paris-melun-devant-le-fait-accompli\\\/#primaryimage\"},\"image\":{\"@id\":\"https:\\\/\\\/webtube.fr\\\/index.php\\\/2019\\\/11\\\/11\\\/migrants-evacues-de-paris-melun-devant-le-fait-accompli\\\/#primaryimage\"},\"thumbnailUrl\":\"https:\\\/\\\/static.euronews.com\\\/articles\\\/stories\\\/03\\\/62\\\/73\\\/22\\\/602x338_cmsv2_4e7ca69f-99fd-51e0-a416-7d578187d410-3627322.jpg\",\"datePublished\":\"2019-11-11T14:52:35+00:00\",\"breadcrumb\":{\"@id\":\"https:\\\/\\\/webtube.fr\\\/index.php\\\/2019\\\/11\\\/11\\\/migrants-evacues-de-paris-melun-devant-le-fait-accompli\\\/#breadcrumb\"},\"inLanguage\":\"fr-FR\",\"potentialAction\":[{\"@type\":\"ReadAction\",\"target\":[\"https:\\\/\\\/webtube.fr\\\/index.php\\\/2019\\\/11\\\/11\\\/migrants-evacues-de-paris-melun-devant-le-fait-accompli\\\/\"]}]},{\"@type\":\"ImageObject\",\"inLanguage\":\"fr-FR\",\"@id\":\"https:\\\/\\\/webtube.fr\\\/index.php\\\/2019\\\/11\\\/11\\\/migrants-evacues-de-paris-melun-devant-le-fait-accompli\\\/#primaryimage\",\"url\":\"https:\\\/\\\/static.euronews.com\\\/articles\\\/stories\\\/03\\\/62\\\/73\\\/22\\\/602x338_cmsv2_4e7ca69f-99fd-51e0-a416-7d578187d410-3627322.jpg\",\"contentUrl\":\"https:\\\/\\\/static.euronews.com\\\/articles\\\/stories\\\/03\\\/62\\\/73\\\/22\\\/602x338_cmsv2_4e7ca69f-99fd-51e0-a416-7d578187d410-3627322.jpg\"},{\"@type\":\"BreadcrumbList\",\"@id\":\"https:\\\/\\\/webtube.fr\\\/index.php\\\/2019\\\/11\\\/11\\\/migrants-evacues-de-paris-melun-devant-le-fait-accompli\\\/#breadcrumb\",\"itemListElement\":[{\"@type\":\"ListItem\",\"position\":1,\"name\":\"Accueil\",\"item\":\"https:\\\/\\\/webtube.fr\\\/\"},{\"@type\":\"ListItem\",\"position\":2,\"name\":\"Migrants \u00e9vacu\u00e9s de Paris : Melun devant le fait accompli\u2026\"}]},{\"@type\":\"WebSite\",\"@id\":\"https:\\\/\\\/webtube.fr\\\/#website\",\"url\":\"https:\\\/\\\/webtube.fr\\\/\",\"name\":\"WEBTUBE\",\"description\":\"WEBTUBE.fr  Streaming Vid\u00e9o and News , toutes les infos sans filtres !\",\"publisher\":{\"@id\":\"https:\\\/\\\/webtube.fr\\\/#organization\"},\"alternateName\":\"Rutube\",\"potentialAction\":[{\"@type\":\"SearchAction\",\"target\":{\"@type\":\"EntryPoint\",\"urlTemplate\":\"https:\\\/\\\/webtube.fr\\\/?s={search_term_string}\"},\"query-input\":{\"@type\":\"PropertyValueSpecification\",\"valueRequired\":true,\"valueName\":\"search_term_string\"}}],\"inLanguage\":\"fr-FR\"},{\"@type\":\"Organization\",\"@id\":\"https:\\\/\\\/webtube.fr\\\/#organization\",\"name\":\"# WEBTUBE.fr\",\"url\":\"https:\\\/\\\/webtube.fr\\\/\",\"logo\":{\"@type\":\"ImageObject\",\"inLanguage\":\"fr-FR\",\"@id\":\"https:\\\/\\\/webtube.fr\\\/#\\\/schema\\\/logo\\\/image\\\/\",\"url\":\"https:\\\/\\\/webtube.fr\\\/wp-content\\\/uploads\\\/2025\\\/09\\\/cropped-Logo_webtubeIA-1.jpg\",\"contentUrl\":\"https:\\\/\\\/webtube.fr\\\/wp-content\\\/uploads\\\/2025\\\/09\\\/cropped-Logo_webtubeIA-1.jpg\",\"width\":240,\"height\":240,\"caption\":\"# WEBTUBE.fr\"},\"image\":{\"@id\":\"https:\\\/\\\/webtube.fr\\\/#\\\/schema\\\/logo\\\/image\\\/\"},\"sameAs\":[\"https:\\\/\\\/www.facebook.com\\\/profile.php?id=100069673161887\",\"https:\\\/\\\/x.com\\\/OrtfNews\",\"https:\\\/\\\/www.facebook.com\\\/profile.php?id=100013751440523\"]},{\"@type\":\"Person\",\"@id\":\"https:\\\/\\\/webtube.fr\\\/#\\\/schema\\\/person\\\/dcc633686e0e2a79a6bf7b92c9507618\",\"name\":\"admin5851\",\"image\":{\"@type\":\"ImageObject\",\"inLanguage\":\"fr-FR\",\"@id\":\"https:\\\/\\\/secure.gravatar.com\\\/avatar\\\/ea1b672a827879c0febb022a108a871292b3d08fadc66a0a43fa47acfe82e38a?s=96&d=mm&r=g\",\"url\":\"https:\\\/\\\/secure.gravatar.com\\\/avatar\\\/ea1b672a827879c0febb022a108a871292b3d08fadc66a0a43fa47acfe82e38a?s=96&d=mm&r=g\",\"contentUrl\":\"https:\\\/\\\/secure.gravatar.com\\\/avatar\\\/ea1b672a827879c0febb022a108a871292b3d08fadc66a0a43fa47acfe82e38a?s=96&d=mm&r=g\",\"caption\":\"admin5851\"},\"sameAs\":[\"http:\\\/\\\/linlcju.cluster100.hosting.ovh.net\"],\"url\":\"https:\\\/\\\/webtube.fr\\\/index.php\\\/author\\\/admin5851\\\/\"}]}<\/script>\n<!-- \/ Yoast SEO plugin. -->","yoast_head_json":{"title":"Migrants \u00e9vacu\u00e9s de Paris : Melun devant le fait accompli\u2026 - # WEBTUBE.fr","robots":{"index":"index","follow":"follow","max-snippet":"max-snippet:-1","max-image-preview":"max-image-preview:large","max-video-preview":"max-video-preview:-1"},"canonical":"https:\/\/webtube.fr\/index.php\/2019\/11\/11\/migrants-evacues-de-paris-melun-devant-le-fait-accompli\/","og_locale":"fr_FR","og_type":"article","og_title":"Migrants \u00e9vacu\u00e9s de Paris : Melun devant le fait accompli\u2026 - # WEBTUBE.fr","og_description":"Source Boulevard Voltaire Louis Vogel, le maire de Melun, membre d\u2019Agir, la droite constructive, est furax : il a d\u00e9couvert que 102 migrants, parmi les 1.611 personnes \u00e9vacu\u00e9es, jeudi matin, des campements de la porte de la Chapelle et de Saint-Denis, ont \u00e9t\u00e9 accueillis dans un b\u00e2timent de l\u2019ancien h\u00f4pital de sa ville. Sans qu\u2019on &hellip; Continuer la lecture de &laquo;&nbsp;Migrants \u00e9vacu\u00e9s de Paris : Melun devant le fait accompli\u2026&nbsp;&raquo;","og_url":"https:\/\/webtube.fr\/index.php\/2019\/11\/11\/migrants-evacues-de-paris-melun-devant-le-fait-accompli\/","og_site_name":"# WEBTUBE.fr","article_publisher":"https:\/\/www.facebook.com\/profile.php?id=100069673161887","article_published_time":"2019-11-11T14:52:35+00:00","og_image":[{"url":"https:\/\/static.euronews.com\/articles\/stories\/03\/62\/73\/22\/602x338_cmsv2_4e7ca69f-99fd-51e0-a416-7d578187d410-3627322.jpg","type":"","width":"","height":""}],"author":"admin5851","twitter_card":"summary_large_image","twitter_creator":"@OrtfNews","twitter_site":"@OrtfNews","twitter_misc":{"\u00c9crit par":"admin5851","Dur\u00e9e de lecture estim\u00e9e":"3 minutes"},"schema":{"@context":"https:\/\/schema.org","@graph":[{"@type":"Article","@id":"https:\/\/webtube.fr\/index.php\/2019\/11\/11\/migrants-evacues-de-paris-melun-devant-le-fait-accompli\/#article","isPartOf":{"@id":"https:\/\/webtube.fr\/index.php\/2019\/11\/11\/migrants-evacues-de-paris-melun-devant-le-fait-accompli\/"},"author":{"name":"admin5851","@id":"https:\/\/webtube.fr\/#\/schema\/person\/dcc633686e0e2a79a6bf7b92c9507618"},"headline":"Migrants \u00e9vacu\u00e9s de Paris : Melun devant le fait accompli\u2026","datePublished":"2019-11-11T14:52:35+00:00","mainEntityOfPage":{"@id":"https:\/\/webtube.fr\/index.php\/2019\/11\/11\/migrants-evacues-de-paris-melun-devant-le-fait-accompli\/"},"wordCount":698,"commentCount":0,"publisher":{"@id":"https:\/\/webtube.fr\/#organization"},"image":{"@id":"https:\/\/webtube.fr\/index.php\/2019\/11\/11\/migrants-evacues-de-paris-melun-devant-le-fait-accompli\/#primaryimage"},"thumbnailUrl":"https:\/\/static.euronews.com\/articles\/stories\/03\/62\/73\/22\/602x338_cmsv2_4e7ca69f-99fd-51e0-a416-7d578187d410-3627322.jpg","inLanguage":"fr-FR","potentialAction":[{"@type":"CommentAction","name":"Comment","target":["https:\/\/webtube.fr\/index.php\/2019\/11\/11\/migrants-evacues-de-paris-melun-devant-le-fait-accompli\/#respond"]}]},{"@type":"WebPage","@id":"https:\/\/webtube.fr\/index.php\/2019\/11\/11\/migrants-evacues-de-paris-melun-devant-le-fait-accompli\/","url":"https:\/\/webtube.fr\/index.php\/2019\/11\/11\/migrants-evacues-de-paris-melun-devant-le-fait-accompli\/","name":"Migrants \u00e9vacu\u00e9s de Paris : Melun devant le fait accompli\u2026 - # WEBTUBE.fr","isPartOf":{"@id":"https:\/\/webtube.fr\/#website"},"primaryImageOfPage":{"@id":"https:\/\/webtube.fr\/index.php\/2019\/11\/11\/migrants-evacues-de-paris-melun-devant-le-fait-accompli\/#primaryimage"},"image":{"@id":"https:\/\/webtube.fr\/index.php\/2019\/11\/11\/migrants-evacues-de-paris-melun-devant-le-fait-accompli\/#primaryimage"},"thumbnailUrl":"https:\/\/static.euronews.com\/articles\/stories\/03\/62\/73\/22\/602x338_cmsv2_4e7ca69f-99fd-51e0-a416-7d578187d410-3627322.jpg","datePublished":"2019-11-11T14:52:35+00:00","breadcrumb":{"@id":"https:\/\/webtube.fr\/index.php\/2019\/11\/11\/migrants-evacues-de-paris-melun-devant-le-fait-accompli\/#breadcrumb"},"inLanguage":"fr-FR","potentialAction":[{"@type":"ReadAction","target":["https:\/\/webtube.fr\/index.php\/2019\/11\/11\/migrants-evacues-de-paris-melun-devant-le-fait-accompli\/"]}]},{"@type":"ImageObject","inLanguage":"fr-FR","@id":"https:\/\/webtube.fr\/index.php\/2019\/11\/11\/migrants-evacues-de-paris-melun-devant-le-fait-accompli\/#primaryimage","url":"https:\/\/static.euronews.com\/articles\/stories\/03\/62\/73\/22\/602x338_cmsv2_4e7ca69f-99fd-51e0-a416-7d578187d410-3627322.jpg","contentUrl":"https:\/\/static.euronews.com\/articles\/stories\/03\/62\/73\/22\/602x338_cmsv2_4e7ca69f-99fd-51e0-a416-7d578187d410-3627322.jpg"},{"@type":"BreadcrumbList","@id":"https:\/\/webtube.fr\/index.php\/2019\/11\/11\/migrants-evacues-de-paris-melun-devant-le-fait-accompli\/#breadcrumb","itemListElement":[{"@type":"ListItem","position":1,"name":"Accueil","item":"https:\/\/webtube.fr\/"},{"@type":"ListItem","position":2,"name":"Migrants \u00e9vacu\u00e9s de Paris : Melun devant le fait accompli\u2026"}]},{"@type":"WebSite","@id":"https:\/\/webtube.fr\/#website","url":"https:\/\/webtube.fr\/","name":"WEBTUBE","description":"WEBTUBE.fr  Streaming Vid\u00e9o and News , toutes les infos sans filtres !","publisher":{"@id":"https:\/\/webtube.fr\/#organization"},"alternateName":"Rutube","potentialAction":[{"@type":"SearchAction","target":{"@type":"EntryPoint","urlTemplate":"https:\/\/webtube.fr\/?s={search_term_string}"},"query-input":{"@type":"PropertyValueSpecification","valueRequired":true,"valueName":"search_term_string"}}],"inLanguage":"fr-FR"},{"@type":"Organization","@id":"https:\/\/webtube.fr\/#organization","name":"# WEBTUBE.fr","url":"https:\/\/webtube.fr\/","logo":{"@type":"ImageObject","inLanguage":"fr-FR","@id":"https:\/\/webtube.fr\/#\/schema\/logo\/image\/","url":"https:\/\/webtube.fr\/wp-content\/uploads\/2025\/09\/cropped-Logo_webtubeIA-1.jpg","contentUrl":"https:\/\/webtube.fr\/wp-content\/uploads\/2025\/09\/cropped-Logo_webtubeIA-1.jpg","width":240,"height":240,"caption":"# WEBTUBE.fr"},"image":{"@id":"https:\/\/webtube.fr\/#\/schema\/logo\/image\/"},"sameAs":["https:\/\/www.facebook.com\/profile.php?id=100069673161887","https:\/\/x.com\/OrtfNews","https:\/\/www.facebook.com\/profile.php?id=100013751440523"]},{"@type":"Person","@id":"https:\/\/webtube.fr\/#\/schema\/person\/dcc633686e0e2a79a6bf7b92c9507618","name":"admin5851","image":{"@type":"ImageObject","inLanguage":"fr-FR","@id":"https:\/\/secure.gravatar.com\/avatar\/ea1b672a827879c0febb022a108a871292b3d08fadc66a0a43fa47acfe82e38a?s=96&d=mm&r=g","url":"https:\/\/secure.gravatar.com\/avatar\/ea1b672a827879c0febb022a108a871292b3d08fadc66a0a43fa47acfe82e38a?s=96&d=mm&r=g","contentUrl":"https:\/\/secure.gravatar.com\/avatar\/ea1b672a827879c0febb022a108a871292b3d08fadc66a0a43fa47acfe82e38a?s=96&d=mm&r=g","caption":"admin5851"},"sameAs":["http:\/\/linlcju.cluster100.hosting.ovh.net"],"url":"https:\/\/webtube.fr\/index.php\/author\/admin5851\/"}]}},"jetpack_featured_media_url":"","jetpack_sharing_enabled":true,"_links":{"self":[{"href":"https:\/\/webtube.fr\/index.php\/wp-json\/wp\/v2\/posts\/5331","targetHints":{"allow":["GET"]}}],"collection":[{"href":"https:\/\/webtube.fr\/index.php\/wp-json\/wp\/v2\/posts"}],"about":[{"href":"https:\/\/webtube.fr\/index.php\/wp-json\/wp\/v2\/types\/post"}],"author":[{"embeddable":true,"href":"https:\/\/webtube.fr\/index.php\/wp-json\/wp\/v2\/users\/1"}],"replies":[{"embeddable":true,"href":"https:\/\/webtube.fr\/index.php\/wp-json\/wp\/v2\/comments?post=5331"}],"version-history":[{"count":0,"href":"https:\/\/webtube.fr\/index.php\/wp-json\/wp\/v2\/posts\/5331\/revisions"}],"wp:attachment":[{"href":"https:\/\/webtube.fr\/index.php\/wp-json\/wp\/v2\/media?parent=5331"}],"wp:term":[{"taxonomy":"category","embeddable":true,"href":"https:\/\/webtube.fr\/index.php\/wp-json\/wp\/v2\/categories?post=5331"},{"taxonomy":"post_tag","embeddable":true,"href":"https:\/\/webtube.fr\/index.php\/wp-json\/wp\/v2\/tags?post=5331"}],"curies":[{"name":"wp","href":"https:\/\/api.w.org\/{rel}","templated":true}]}}