{"id":35570,"date":"2026-04-28T06:57:03","date_gmt":"2026-04-28T06:57:03","guid":{"rendered":"https:\/\/webtube.fr\/?p=35570"},"modified":"2026-04-28T06:57:03","modified_gmt":"2026-04-28T06:57:03","slug":"sachez-le-pour-emmanuel-macron-plus-de-trois-quarts-des-francais-sont-mabouls","status":"publish","type":"post","link":"https:\/\/webtube.fr\/index.php\/2026\/04\/28\/sachez-le-pour-emmanuel-macron-plus-de-trois-quarts-des-francais-sont-mabouls\/","title":{"rendered":". Sachez-le : pour Emmanuel Macron, plus de trois quarts des Fran\u00e7ais sont \u00ab mabouls \u00bb !"},"content":{"rendered":"\n<p>Articles : <a href=\"https:\/\/webtube.fr\/index.php\/2026\/04\/\" target=\"_blank\" rel=\"noreferrer noopener\">Avril 2026<\/a> &#8211; <a href=\"https:\/\/webtube.fr\/index.php\/2026\/03\/\" target=\"_blank\" rel=\"noreferrer noopener\">Mar. 2026<\/a> &#8211; <a href=\"https:\/\/webtube.fr\/index.php\/2026\/02\/\" target=\"_blank\" rel=\"noreferrer noopener\">Fev 2026<\/a> &#8211; <a href=\"https:\/\/webtube.fr\/index.php\/2026\/01\/\" target=\"_blank\" rel=\"noreferrer noopener\">Jan 2026<\/a> &#8211;<br>Facebook&nbsp;:&nbsp;<a href=\"https:\/\/www.facebook.com\/profile.php?id=100069673161887\">https:\/\/www.facebook.com\/profile.php?id=100069673161887<\/a> Twitter : <a href=\"https:\/\/twitter.com\/OrtfNews\" target=\"_blank\" rel=\"noreferrer noopener\">https:\/\/twitter.com\/OrtfNews<\/a> Music 24\/24 : <a href=\"http:\/\/DJMUSIC.fr\/\" target=\"_blank\" rel=\"noreferrer noopener\">http:\/\/DJMUSIC.fr<\/a><\/p>\n\n\n\n<figure class=\"wp-block-image size-large\"><img decoding=\"async\" src=\"https:\/\/media.bvoltaire.fr\/file\/Bvoltaire\/2025\/07\/IL20250720062348-macron-1-scaled-929x522.jpg\" alt=\"\"\/><\/figure>\n\n\n\n<p><strong>#webtube <\/strong>: <em>Pour plus de 76 % des Fran\u00e7ais, l\u2019\u00c9tat devait arr\u00eater momentan\u00e9ment d\u2019accorder des visas aux Alg\u00e9riens (sondage CSA). Sachez-le : Emmanuel Macron consid\u00e8re que plus des trois quarts des Fran\u00e7ais sont \u00ab mabouls \u00bb ! En octobre 2025,\u00a0<a href=\"https:\/\/www.cnews.fr\/france\/2025-10-03\/sondage-76-des-francais-estiment-quil-faut-arreter-daccorder-des-visas-aux\" target=\"_blank\" rel=\"noreferrer noopener\">un sondage CSA<\/a>\u00a0pour\u00a0CNews\/Europe 1\/leJDD\u00a0r\u00e9v\u00e9lait que, pour plus de 76 % des Fran\u00e7ais, l\u2019\u00c9tat devait arr\u00eater d\u2019accorder des visas aux Alg\u00e9riens qui veulent venir en France tant que l\u2019Alg\u00e9rie refuse de r\u00e9cup\u00e9rer ses ressortissants.<\/em><\/p>\n\n\n\n<p>Or, Emmanuel Macron, en d\u00e9placement dans l\u2019Ari\u00e8ge ce lundi, a durement attaqu\u00e9 les partisans d\u2019une ligne ferme \u00e0 l\u2019endroit de l\u2019Alg\u00e9rie : pour lui, ceux qui&nbsp;<em>\u00ab veulent se f\u00e2cher avec l\u2019Alg\u00e9rie \u00bb<\/em>&nbsp;sont des&nbsp;<em>\u00ab mabouls \u00bb<\/em>. Cette d\u00e9claration &#8211; la pr\u00e9cision est d\u2019importance &#8211; intervient alors que le Pr\u00e9sident passait de la pommade dans le dos d\u2019un m\u00e9decin form\u00e9 \u00e0 Oran : ce dernier se plaignait du syst\u00e8me des PADHUE [praticien \u00e0 dipl\u00f4me hors Union europ\u00e9enne en France, NDLR], une v\u00e9rification des connaissances impos\u00e9e aux m\u00e9decins \u00e9trangers en France, qu\u2019Emmanuel Macron a qualifi\u00e9 aussi sec de \u00ab&nbsp;<em>bordel<\/em>&nbsp;\u00bb (sic). \u00ab&nbsp;<em>On marche sur la t\u00eate<\/em>&nbsp;\u00bb, a-t-il rajout\u00e9, s\u2019appropriant sans complexe la bonne formule de nos amis paysans \u00e0 son endroit. Flatter les allochtones, cracher sur les autochtones. De la pr\u00e9f\u00e9rence \u00e9trang\u00e8re dans le texte.<\/p>\n\n\n\n<h2 class=\"wp-block-heading\">Comme si&#8230;<\/h2>\n\n\n\n<p>Comme si ce n\u2019\u00e9tait pas l\u2019Alg\u00e9rie, elle m\u00eame, qui avait d\u00e9cid\u00e9 de se f\u00e2cher. La France d\u2019Emmanuel Macron ressemble \u00e0 une \u00e9pouse enamour\u00e9e, accroch\u00e9e au pantalon de son conjoint toxique qui vient de demander le divorce : \u00ab&nbsp;<em>Ne me quitte paaaas !<\/em>&nbsp;\u00bb<\/p>\n\n\n\n<p>\u00c0 ce sujet \u2014&nbsp;<a href=\"https:\/\/www.bvoltaire.fr\/lespoir-de-voir-christophe-gleizes-libere-se-serait-il-envole-avec-le-pape\/\">L\u2019espoir de voir Christophe Gleizes lib\u00e9r\u00e9 se serait-il envol\u00e9 avec le pape ?<\/a><\/p>\n\n\n\n<p>Comme si les mamours, pr\u00e9f\u00e9r\u00e9s aux mabouls par le matador Emmanuel Macron, avaient mieux fonctionn\u00e9. Tout a \u00e9t\u00e9 essay\u00e9 : les visites officielles, les flatteries, les ruptures du je\u00fbne du ministre des Affaires \u00e9trang\u00e8res \u00e0 la mosqu\u00e9e de Paris, les murmures \u00e0 l\u2019oreille du pape\u2026 Les OQTF sont toujours sur notre sol et&nbsp;<a href=\"https:\/\/www.bvoltaire.fr\/lespoir-de-voir-christophe-gleizes-libere-se-serait-il-envole-avec-le-pape\/\" target=\"_blank\" rel=\"noreferrer noopener\">Christophe Gleizes<\/a>&nbsp;est encore dans les ge\u00f4les alg\u00e9riennes. Quant \u00e0 Boualem Sansal, il doit sa lib\u00e9ration aux Allemands.<\/p>\n\n\n\n<p>Comme si Emmanuel Macron avait le moindre mot \u00e0 dire, s\u2019agissant des contr\u00f4les des m\u00e9decins \u00e9trangers, quand lui et son \u00e9pouse sont soign\u00e9s, dorlot\u00e9s, assist\u00e9s \u00e0 chacun de leur d\u00e9placement par des m\u00e9decins militaires de pointe et tri\u00e9s sur le volet. Les Fran\u00e7ais ont vu leurs enfants refus\u00e9s \u00e0 l\u2019entr\u00e9e des universit\u00e9s de m\u00e9decine par des concours tr\u00e8s s\u00e9lectifs et ils devraient se voir imposer sans moufter, pour leur propre sant\u00e9, des praticiens \u00e9trangers n\u2019ayant pas fait l\u2019objet d\u2019un contr\u00f4le aussi exigeant ? Une politique m\u00e9dicale qui ressemblerait singuli\u00e8rement \u00e0 celles agricole et \u00e9nerg\u00e9tique (en mati\u00e8re de gaz de schiste) : accepter \u00e0 l\u2019importation ce que l\u2019on n\u2019a pas le droit de produire chez soi. N&rsquo;est-ce pas cela, plut\u00f4t, qui est compl\u00e8tement fou, dingue, d\u00e9ment ; bref\u2026 maboul ?<\/p>\n\n\n\n<p>Gageons, en plus, que dans quelques ann\u00e9es, l\u2019Alg\u00e9rie fera grief \u00e0 la France d\u2019avoir aspir\u00e9 ses praticiens quand elle en avait elle-m\u00eame tant besoin.<\/p>\n\n\n\n<p>Si l\u2019on doit parler des PADHUE, il n\u2019y a qu\u2019une seule chose \u00e0 dire : un Pr\u00e9sident n\u2019aurait PADHUE dire \u00e7a. S\u2019il y a du \u00ab&nbsp;<em>bordel<\/em>&nbsp;\u00bb dans le pays, les mabouls &#8211; et fiers de l\u2019\u00eatre &#8211; savent bien \u00e0 qui on le doit.<\/p>\n\n\n\n<p><a href=\"https:\/\/www.bvoltaire.fr\/auteur\/gabriellecluzel\/\">Gabrielle Cluzel<\/a>, dans BV<\/p>\n\n\n\n<p><br><a href=\"https:\/\/www.bvoltaire.fr\/2026\/04\/27\/\"><\/a><br><\/p>\n","protected":false},"excerpt":{"rendered":"<p>Articles : Avril 2026 &#8211; Mar. 2026 &#8211; Fev 2026 &#8211; Jan 2026 &#8211;Facebook&nbsp;:&nbsp;https:\/\/www.facebook.com\/profile.php?id=100069673161887 Twitter : https:\/\/twitter.com\/OrtfNews Music 24\/24 : http:\/\/DJMUSIC.fr #webtube : Pour plus de 76 % des Fran\u00e7ais, l\u2019\u00c9tat devait arr\u00eater momentan\u00e9ment d\u2019accorder des visas aux Alg\u00e9riens (sondage CSA). Sachez-le : Emmanuel Macron consid\u00e8re que plus des trois quarts des Fran\u00e7ais sont \u00ab &hellip; <a href=\"https:\/\/webtube.fr\/index.php\/2026\/04\/28\/sachez-le-pour-emmanuel-macron-plus-de-trois-quarts-des-francais-sont-mabouls\/\" class=\"more-link\">Continuer la lecture<span class=\"screen-reader-text\"> de &laquo;&nbsp;. Sachez-le : pour Emmanuel Macron, plus de trois quarts des Fran\u00e7ais sont \u00ab mabouls \u00bb !&nbsp;&raquo;<\/span><\/a><\/p>\n","protected":false},"author":1,"featured_media":0,"comment_status":"open","ping_status":"open","sticky":false,"template":"","format":"standard","meta":{"_jetpack_memberships_contains_paid_content":false,"footnotes":""},"categories":[1],"tags":[],"class_list":["post-35570","post","type-post","status-publish","format-standard","hentry","category-uncategorized"],"yoast_head":"<!-- This site is optimized with the Yoast SEO plugin v27.3 - https:\/\/yoast.com\/product\/yoast-seo-wordpress\/ -->\n<title>. Sachez-le : pour Emmanuel Macron, plus de trois quarts des Fran\u00e7ais sont \u00ab mabouls \u00bb ! - # WEBTUBE.fr<\/title>\n<meta name=\"robots\" content=\"index, follow, max-snippet:-1, max-image-preview:large, max-video-preview:-1\" \/>\n<link rel=\"canonical\" href=\"https:\/\/webtube.fr\/index.php\/2026\/04\/28\/sachez-le-pour-emmanuel-macron-plus-de-trois-quarts-des-francais-sont-mabouls\/\" \/>\n<meta property=\"og:locale\" content=\"fr_FR\" \/>\n<meta property=\"og:type\" content=\"article\" \/>\n<meta property=\"og:title\" content=\". Sachez-le : pour Emmanuel Macron, plus de trois quarts des Fran\u00e7ais sont \u00ab mabouls \u00bb ! - # WEBTUBE.fr\" \/>\n<meta property=\"og:description\" content=\"Articles : Avril 2026 &#8211; Mar. 2026 &#8211; Fev 2026 &#8211; Jan 2026 &#8211;Facebook&nbsp;:&nbsp;https:\/\/www.facebook.com\/profile.php?id=100069673161887 Twitter : https:\/\/twitter.com\/OrtfNews Music 24\/24 : http:\/\/DJMUSIC.fr #webtube : Pour plus de 76 % des Fran\u00e7ais, l\u2019\u00c9tat devait arr\u00eater momentan\u00e9ment d\u2019accorder des visas aux Alg\u00e9riens (sondage CSA). Sachez-le : Emmanuel Macron consid\u00e8re que plus des trois quarts des Fran\u00e7ais sont \u00ab &hellip; Continuer la lecture de &laquo;&nbsp;. Sachez-le : pour Emmanuel Macron, plus de trois quarts des Fran\u00e7ais sont \u00ab mabouls \u00bb !&nbsp;&raquo;\" \/>\n<meta property=\"og:url\" content=\"https:\/\/webtube.fr\/index.php\/2026\/04\/28\/sachez-le-pour-emmanuel-macron-plus-de-trois-quarts-des-francais-sont-mabouls\/\" \/>\n<meta property=\"og:site_name\" content=\"# WEBTUBE.fr\" \/>\n<meta property=\"article:publisher\" content=\"https:\/\/www.facebook.com\/profile.php?id=100069673161887\" \/>\n<meta property=\"article:published_time\" content=\"2026-04-28T06:57:03+00:00\" \/>\n<meta property=\"og:image\" content=\"https:\/\/media.bvoltaire.fr\/file\/Bvoltaire\/2025\/07\/IL20250720062348-macron-1-scaled-929x522.jpg\" \/>\n<meta name=\"author\" content=\"admin5851\" \/>\n<meta name=\"twitter:card\" content=\"summary_large_image\" \/>\n<meta name=\"twitter:creator\" content=\"@OrtfNews\" \/>\n<meta name=\"twitter:site\" content=\"@OrtfNews\" \/>\n<meta name=\"twitter:label1\" content=\"\u00c9crit par\" \/>\n\t<meta name=\"twitter:data1\" content=\"admin5851\" \/>\n\t<meta name=\"twitter:label2\" content=\"Dur\u00e9e de lecture estim\u00e9e\" \/>\n\t<meta name=\"twitter:data2\" content=\"3 minutes\" \/>\n<script type=\"application\/ld+json\" class=\"yoast-schema-graph\">{\"@context\":\"https:\\\/\\\/schema.org\",\"@graph\":[{\"@type\":\"Article\",\"@id\":\"https:\\\/\\\/webtube.fr\\\/index.php\\\/2026\\\/04\\\/28\\\/sachez-le-pour-emmanuel-macron-plus-de-trois-quarts-des-francais-sont-mabouls\\\/#article\",\"isPartOf\":{\"@id\":\"https:\\\/\\\/webtube.fr\\\/index.php\\\/2026\\\/04\\\/28\\\/sachez-le-pour-emmanuel-macron-plus-de-trois-quarts-des-francais-sont-mabouls\\\/\"},\"author\":{\"name\":\"admin5851\",\"@id\":\"https:\\\/\\\/webtube.fr\\\/#\\\/schema\\\/person\\\/dcc633686e0e2a79a6bf7b92c9507618\"},\"headline\":\". Sachez-le : pour Emmanuel Macron, plus de trois quarts des Fran\u00e7ais sont \u00ab mabouls \u00bb !\",\"datePublished\":\"2026-04-28T06:57:03+00:00\",\"mainEntityOfPage\":{\"@id\":\"https:\\\/\\\/webtube.fr\\\/index.php\\\/2026\\\/04\\\/28\\\/sachez-le-pour-emmanuel-macron-plus-de-trois-quarts-des-francais-sont-mabouls\\\/\"},\"wordCount\":666,\"commentCount\":0,\"publisher\":{\"@id\":\"https:\\\/\\\/webtube.fr\\\/#organization\"},\"image\":{\"@id\":\"https:\\\/\\\/webtube.fr\\\/index.php\\\/2026\\\/04\\\/28\\\/sachez-le-pour-emmanuel-macron-plus-de-trois-quarts-des-francais-sont-mabouls\\\/#primaryimage\"},\"thumbnailUrl\":\"https:\\\/\\\/media.bvoltaire.fr\\\/file\\\/Bvoltaire\\\/2025\\\/07\\\/IL20250720062348-macron-1-scaled-929x522.jpg\",\"articleSection\":[\"Uncategorized\"],\"inLanguage\":\"fr-FR\",\"potentialAction\":[{\"@type\":\"CommentAction\",\"name\":\"Comment\",\"target\":[\"https:\\\/\\\/webtube.fr\\\/index.php\\\/2026\\\/04\\\/28\\\/sachez-le-pour-emmanuel-macron-plus-de-trois-quarts-des-francais-sont-mabouls\\\/#respond\"]}]},{\"@type\":\"WebPage\",\"@id\":\"https:\\\/\\\/webtube.fr\\\/index.php\\\/2026\\\/04\\\/28\\\/sachez-le-pour-emmanuel-macron-plus-de-trois-quarts-des-francais-sont-mabouls\\\/\",\"url\":\"https:\\\/\\\/webtube.fr\\\/index.php\\\/2026\\\/04\\\/28\\\/sachez-le-pour-emmanuel-macron-plus-de-trois-quarts-des-francais-sont-mabouls\\\/\",\"name\":\". Sachez-le : pour Emmanuel Macron, plus de trois quarts des Fran\u00e7ais sont \u00ab mabouls \u00bb ! - # WEBTUBE.fr\",\"isPartOf\":{\"@id\":\"https:\\\/\\\/webtube.fr\\\/#website\"},\"primaryImageOfPage\":{\"@id\":\"https:\\\/\\\/webtube.fr\\\/index.php\\\/2026\\\/04\\\/28\\\/sachez-le-pour-emmanuel-macron-plus-de-trois-quarts-des-francais-sont-mabouls\\\/#primaryimage\"},\"image\":{\"@id\":\"https:\\\/\\\/webtube.fr\\\/index.php\\\/2026\\\/04\\\/28\\\/sachez-le-pour-emmanuel-macron-plus-de-trois-quarts-des-francais-sont-mabouls\\\/#primaryimage\"},\"thumbnailUrl\":\"https:\\\/\\\/media.bvoltaire.fr\\\/file\\\/Bvoltaire\\\/2025\\\/07\\\/IL20250720062348-macron-1-scaled-929x522.jpg\",\"datePublished\":\"2026-04-28T06:57:03+00:00\",\"breadcrumb\":{\"@id\":\"https:\\\/\\\/webtube.fr\\\/index.php\\\/2026\\\/04\\\/28\\\/sachez-le-pour-emmanuel-macron-plus-de-trois-quarts-des-francais-sont-mabouls\\\/#breadcrumb\"},\"inLanguage\":\"fr-FR\",\"potentialAction\":[{\"@type\":\"ReadAction\",\"target\":[\"https:\\\/\\\/webtube.fr\\\/index.php\\\/2026\\\/04\\\/28\\\/sachez-le-pour-emmanuel-macron-plus-de-trois-quarts-des-francais-sont-mabouls\\\/\"]}]},{\"@type\":\"ImageObject\",\"inLanguage\":\"fr-FR\",\"@id\":\"https:\\\/\\\/webtube.fr\\\/index.php\\\/2026\\\/04\\\/28\\\/sachez-le-pour-emmanuel-macron-plus-de-trois-quarts-des-francais-sont-mabouls\\\/#primaryimage\",\"url\":\"https:\\\/\\\/media.bvoltaire.fr\\\/file\\\/Bvoltaire\\\/2025\\\/07\\\/IL20250720062348-macron-1-scaled-929x522.jpg\",\"contentUrl\":\"https:\\\/\\\/media.bvoltaire.fr\\\/file\\\/Bvoltaire\\\/2025\\\/07\\\/IL20250720062348-macron-1-scaled-929x522.jpg\"},{\"@type\":\"BreadcrumbList\",\"@id\":\"https:\\\/\\\/webtube.fr\\\/index.php\\\/2026\\\/04\\\/28\\\/sachez-le-pour-emmanuel-macron-plus-de-trois-quarts-des-francais-sont-mabouls\\\/#breadcrumb\",\"itemListElement\":[{\"@type\":\"ListItem\",\"position\":1,\"name\":\"Accueil\",\"item\":\"https:\\\/\\\/webtube.fr\\\/\"},{\"@type\":\"ListItem\",\"position\":2,\"name\":\". Sachez-le : pour Emmanuel Macron, plus de trois quarts des Fran\u00e7ais sont \u00ab mabouls \u00bb !\"}]},{\"@type\":\"WebSite\",\"@id\":\"https:\\\/\\\/webtube.fr\\\/#website\",\"url\":\"https:\\\/\\\/webtube.fr\\\/\",\"name\":\"WEBTUBE\",\"description\":\"WEBTUBE.fr  Streaming Vid\u00e9o and News , toutes les infos sans filtres !\",\"publisher\":{\"@id\":\"https:\\\/\\\/webtube.fr\\\/#organization\"},\"alternateName\":\"Rutube\",\"potentialAction\":[{\"@type\":\"SearchAction\",\"target\":{\"@type\":\"EntryPoint\",\"urlTemplate\":\"https:\\\/\\\/webtube.fr\\\/?s={search_term_string}\"},\"query-input\":{\"@type\":\"PropertyValueSpecification\",\"valueRequired\":true,\"valueName\":\"search_term_string\"}}],\"inLanguage\":\"fr-FR\"},{\"@type\":\"Organization\",\"@id\":\"https:\\\/\\\/webtube.fr\\\/#organization\",\"name\":\"# WEBTUBE.fr\",\"url\":\"https:\\\/\\\/webtube.fr\\\/\",\"logo\":{\"@type\":\"ImageObject\",\"inLanguage\":\"fr-FR\",\"@id\":\"https:\\\/\\\/webtube.fr\\\/#\\\/schema\\\/logo\\\/image\\\/\",\"url\":\"https:\\\/\\\/webtube.fr\\\/wp-content\\\/uploads\\\/2025\\\/09\\\/cropped-Logo_webtubeIA-1.jpg\",\"contentUrl\":\"https:\\\/\\\/webtube.fr\\\/wp-content\\\/uploads\\\/2025\\\/09\\\/cropped-Logo_webtubeIA-1.jpg\",\"width\":240,\"height\":240,\"caption\":\"# WEBTUBE.fr\"},\"image\":{\"@id\":\"https:\\\/\\\/webtube.fr\\\/#\\\/schema\\\/logo\\\/image\\\/\"},\"sameAs\":[\"https:\\\/\\\/www.facebook.com\\\/profile.php?id=100069673161887\",\"https:\\\/\\\/x.com\\\/OrtfNews\",\"https:\\\/\\\/www.facebook.com\\\/profile.php?id=100013751440523\"]},{\"@type\":\"Person\",\"@id\":\"https:\\\/\\\/webtube.fr\\\/#\\\/schema\\\/person\\\/dcc633686e0e2a79a6bf7b92c9507618\",\"name\":\"admin5851\",\"image\":{\"@type\":\"ImageObject\",\"inLanguage\":\"fr-FR\",\"@id\":\"https:\\\/\\\/secure.gravatar.com\\\/avatar\\\/ea1b672a827879c0febb022a108a871292b3d08fadc66a0a43fa47acfe82e38a?s=96&d=mm&r=g\",\"url\":\"https:\\\/\\\/secure.gravatar.com\\\/avatar\\\/ea1b672a827879c0febb022a108a871292b3d08fadc66a0a43fa47acfe82e38a?s=96&d=mm&r=g\",\"contentUrl\":\"https:\\\/\\\/secure.gravatar.com\\\/avatar\\\/ea1b672a827879c0febb022a108a871292b3d08fadc66a0a43fa47acfe82e38a?s=96&d=mm&r=g\",\"caption\":\"admin5851\"},\"sameAs\":[\"http:\\\/\\\/linlcju.cluster100.hosting.ovh.net\"],\"url\":\"https:\\\/\\\/webtube.fr\\\/index.php\\\/author\\\/admin5851\\\/\"}]}<\/script>\n<!-- \/ Yoast SEO plugin. -->","yoast_head_json":{"title":". Sachez-le : pour Emmanuel Macron, plus de trois quarts des Fran\u00e7ais sont \u00ab mabouls \u00bb ! - # WEBTUBE.fr","robots":{"index":"index","follow":"follow","max-snippet":"max-snippet:-1","max-image-preview":"max-image-preview:large","max-video-preview":"max-video-preview:-1"},"canonical":"https:\/\/webtube.fr\/index.php\/2026\/04\/28\/sachez-le-pour-emmanuel-macron-plus-de-trois-quarts-des-francais-sont-mabouls\/","og_locale":"fr_FR","og_type":"article","og_title":". Sachez-le : pour Emmanuel Macron, plus de trois quarts des Fran\u00e7ais sont \u00ab mabouls \u00bb ! - # WEBTUBE.fr","og_description":"Articles : Avril 2026 &#8211; Mar. 2026 &#8211; Fev 2026 &#8211; Jan 2026 &#8211;Facebook&nbsp;:&nbsp;https:\/\/www.facebook.com\/profile.php?id=100069673161887 Twitter : https:\/\/twitter.com\/OrtfNews Music 24\/24 : http:\/\/DJMUSIC.fr #webtube : Pour plus de 76 % des Fran\u00e7ais, l\u2019\u00c9tat devait arr\u00eater momentan\u00e9ment d\u2019accorder des visas aux Alg\u00e9riens (sondage CSA). Sachez-le : Emmanuel Macron consid\u00e8re que plus des trois quarts des Fran\u00e7ais sont \u00ab &hellip; Continuer la lecture de &laquo;&nbsp;. Sachez-le : pour Emmanuel Macron, plus de trois quarts des Fran\u00e7ais sont \u00ab mabouls \u00bb !&nbsp;&raquo;","og_url":"https:\/\/webtube.fr\/index.php\/2026\/04\/28\/sachez-le-pour-emmanuel-macron-plus-de-trois-quarts-des-francais-sont-mabouls\/","og_site_name":"# WEBTUBE.fr","article_publisher":"https:\/\/www.facebook.com\/profile.php?id=100069673161887","article_published_time":"2026-04-28T06:57:03+00:00","og_image":[{"url":"https:\/\/media.bvoltaire.fr\/file\/Bvoltaire\/2025\/07\/IL20250720062348-macron-1-scaled-929x522.jpg","type":"","width":"","height":""}],"author":"admin5851","twitter_card":"summary_large_image","twitter_creator":"@OrtfNews","twitter_site":"@OrtfNews","twitter_misc":{"\u00c9crit par":"admin5851","Dur\u00e9e de lecture estim\u00e9e":"3 minutes"},"schema":{"@context":"https:\/\/schema.org","@graph":[{"@type":"Article","@id":"https:\/\/webtube.fr\/index.php\/2026\/04\/28\/sachez-le-pour-emmanuel-macron-plus-de-trois-quarts-des-francais-sont-mabouls\/#article","isPartOf":{"@id":"https:\/\/webtube.fr\/index.php\/2026\/04\/28\/sachez-le-pour-emmanuel-macron-plus-de-trois-quarts-des-francais-sont-mabouls\/"},"author":{"name":"admin5851","@id":"https:\/\/webtube.fr\/#\/schema\/person\/dcc633686e0e2a79a6bf7b92c9507618"},"headline":". Sachez-le : pour Emmanuel Macron, plus de trois quarts des Fran\u00e7ais sont \u00ab mabouls \u00bb !","datePublished":"2026-04-28T06:57:03+00:00","mainEntityOfPage":{"@id":"https:\/\/webtube.fr\/index.php\/2026\/04\/28\/sachez-le-pour-emmanuel-macron-plus-de-trois-quarts-des-francais-sont-mabouls\/"},"wordCount":666,"commentCount":0,"publisher":{"@id":"https:\/\/webtube.fr\/#organization"},"image":{"@id":"https:\/\/webtube.fr\/index.php\/2026\/04\/28\/sachez-le-pour-emmanuel-macron-plus-de-trois-quarts-des-francais-sont-mabouls\/#primaryimage"},"thumbnailUrl":"https:\/\/media.bvoltaire.fr\/file\/Bvoltaire\/2025\/07\/IL20250720062348-macron-1-scaled-929x522.jpg","articleSection":["Uncategorized"],"inLanguage":"fr-FR","potentialAction":[{"@type":"CommentAction","name":"Comment","target":["https:\/\/webtube.fr\/index.php\/2026\/04\/28\/sachez-le-pour-emmanuel-macron-plus-de-trois-quarts-des-francais-sont-mabouls\/#respond"]}]},{"@type":"WebPage","@id":"https:\/\/webtube.fr\/index.php\/2026\/04\/28\/sachez-le-pour-emmanuel-macron-plus-de-trois-quarts-des-francais-sont-mabouls\/","url":"https:\/\/webtube.fr\/index.php\/2026\/04\/28\/sachez-le-pour-emmanuel-macron-plus-de-trois-quarts-des-francais-sont-mabouls\/","name":". Sachez-le : pour Emmanuel Macron, plus de trois quarts des Fran\u00e7ais sont \u00ab mabouls \u00bb ! - # WEBTUBE.fr","isPartOf":{"@id":"https:\/\/webtube.fr\/#website"},"primaryImageOfPage":{"@id":"https:\/\/webtube.fr\/index.php\/2026\/04\/28\/sachez-le-pour-emmanuel-macron-plus-de-trois-quarts-des-francais-sont-mabouls\/#primaryimage"},"image":{"@id":"https:\/\/webtube.fr\/index.php\/2026\/04\/28\/sachez-le-pour-emmanuel-macron-plus-de-trois-quarts-des-francais-sont-mabouls\/#primaryimage"},"thumbnailUrl":"https:\/\/media.bvoltaire.fr\/file\/Bvoltaire\/2025\/07\/IL20250720062348-macron-1-scaled-929x522.jpg","datePublished":"2026-04-28T06:57:03+00:00","breadcrumb":{"@id":"https:\/\/webtube.fr\/index.php\/2026\/04\/28\/sachez-le-pour-emmanuel-macron-plus-de-trois-quarts-des-francais-sont-mabouls\/#breadcrumb"},"inLanguage":"fr-FR","potentialAction":[{"@type":"ReadAction","target":["https:\/\/webtube.fr\/index.php\/2026\/04\/28\/sachez-le-pour-emmanuel-macron-plus-de-trois-quarts-des-francais-sont-mabouls\/"]}]},{"@type":"ImageObject","inLanguage":"fr-FR","@id":"https:\/\/webtube.fr\/index.php\/2026\/04\/28\/sachez-le-pour-emmanuel-macron-plus-de-trois-quarts-des-francais-sont-mabouls\/#primaryimage","url":"https:\/\/media.bvoltaire.fr\/file\/Bvoltaire\/2025\/07\/IL20250720062348-macron-1-scaled-929x522.jpg","contentUrl":"https:\/\/media.bvoltaire.fr\/file\/Bvoltaire\/2025\/07\/IL20250720062348-macron-1-scaled-929x522.jpg"},{"@type":"BreadcrumbList","@id":"https:\/\/webtube.fr\/index.php\/2026\/04\/28\/sachez-le-pour-emmanuel-macron-plus-de-trois-quarts-des-francais-sont-mabouls\/#breadcrumb","itemListElement":[{"@type":"ListItem","position":1,"name":"Accueil","item":"https:\/\/webtube.fr\/"},{"@type":"ListItem","position":2,"name":". Sachez-le : pour Emmanuel Macron, plus de trois quarts des Fran\u00e7ais sont \u00ab mabouls \u00bb !"}]},{"@type":"WebSite","@id":"https:\/\/webtube.fr\/#website","url":"https:\/\/webtube.fr\/","name":"WEBTUBE","description":"WEBTUBE.fr  Streaming Vid\u00e9o and News , toutes les infos sans filtres !","publisher":{"@id":"https:\/\/webtube.fr\/#organization"},"alternateName":"Rutube","potentialAction":[{"@type":"SearchAction","target":{"@type":"EntryPoint","urlTemplate":"https:\/\/webtube.fr\/?s={search_term_string}"},"query-input":{"@type":"PropertyValueSpecification","valueRequired":true,"valueName":"search_term_string"}}],"inLanguage":"fr-FR"},{"@type":"Organization","@id":"https:\/\/webtube.fr\/#organization","name":"# WEBTUBE.fr","url":"https:\/\/webtube.fr\/","logo":{"@type":"ImageObject","inLanguage":"fr-FR","@id":"https:\/\/webtube.fr\/#\/schema\/logo\/image\/","url":"https:\/\/webtube.fr\/wp-content\/uploads\/2025\/09\/cropped-Logo_webtubeIA-1.jpg","contentUrl":"https:\/\/webtube.fr\/wp-content\/uploads\/2025\/09\/cropped-Logo_webtubeIA-1.jpg","width":240,"height":240,"caption":"# WEBTUBE.fr"},"image":{"@id":"https:\/\/webtube.fr\/#\/schema\/logo\/image\/"},"sameAs":["https:\/\/www.facebook.com\/profile.php?id=100069673161887","https:\/\/x.com\/OrtfNews","https:\/\/www.facebook.com\/profile.php?id=100013751440523"]},{"@type":"Person","@id":"https:\/\/webtube.fr\/#\/schema\/person\/dcc633686e0e2a79a6bf7b92c9507618","name":"admin5851","image":{"@type":"ImageObject","inLanguage":"fr-FR","@id":"https:\/\/secure.gravatar.com\/avatar\/ea1b672a827879c0febb022a108a871292b3d08fadc66a0a43fa47acfe82e38a?s=96&d=mm&r=g","url":"https:\/\/secure.gravatar.com\/avatar\/ea1b672a827879c0febb022a108a871292b3d08fadc66a0a43fa47acfe82e38a?s=96&d=mm&r=g","contentUrl":"https:\/\/secure.gravatar.com\/avatar\/ea1b672a827879c0febb022a108a871292b3d08fadc66a0a43fa47acfe82e38a?s=96&d=mm&r=g","caption":"admin5851"},"sameAs":["http:\/\/linlcju.cluster100.hosting.ovh.net"],"url":"https:\/\/webtube.fr\/index.php\/author\/admin5851\/"}]}},"jetpack_featured_media_url":"","jetpack_sharing_enabled":true,"_links":{"self":[{"href":"https:\/\/webtube.fr\/index.php\/wp-json\/wp\/v2\/posts\/35570","targetHints":{"allow":["GET"]}}],"collection":[{"href":"https:\/\/webtube.fr\/index.php\/wp-json\/wp\/v2\/posts"}],"about":[{"href":"https:\/\/webtube.fr\/index.php\/wp-json\/wp\/v2\/types\/post"}],"author":[{"embeddable":true,"href":"https:\/\/webtube.fr\/index.php\/wp-json\/wp\/v2\/users\/1"}],"replies":[{"embeddable":true,"href":"https:\/\/webtube.fr\/index.php\/wp-json\/wp\/v2\/comments?post=35570"}],"version-history":[{"count":1,"href":"https:\/\/webtube.fr\/index.php\/wp-json\/wp\/v2\/posts\/35570\/revisions"}],"predecessor-version":[{"id":35571,"href":"https:\/\/webtube.fr\/index.php\/wp-json\/wp\/v2\/posts\/35570\/revisions\/35571"}],"wp:attachment":[{"href":"https:\/\/webtube.fr\/index.php\/wp-json\/wp\/v2\/media?parent=35570"}],"wp:term":[{"taxonomy":"category","embeddable":true,"href":"https:\/\/webtube.fr\/index.php\/wp-json\/wp\/v2\/categories?post=35570"},{"taxonomy":"post_tag","embeddable":true,"href":"https:\/\/webtube.fr\/index.php\/wp-json\/wp\/v2\/tags?post=35570"}],"curies":[{"name":"wp","href":"https:\/\/api.w.org\/{rel}","templated":true}]}}