{"id":35562,"date":"2026-04-28T06:25:23","date_gmt":"2026-04-28T06:25:23","guid":{"rendered":"https:\/\/webtube.fr\/?p=35562"},"modified":"2026-04-28T06:25:24","modified_gmt":"2026-04-28T06:25:24","slug":"racisme-anti-blanc-la-fin-du-silence-reportage","status":"publish","type":"post","link":"https:\/\/webtube.fr\/index.php\/2026\/04\/28\/racisme-anti-blanc-la-fin-du-silence-reportage\/","title":{"rendered":". Racisme anti-blanc : la fin du silence. Reportage."},"content":{"rendered":"\n<p>Articles : <a href=\"https:\/\/webtube.fr\/index.php\/2026\/04\/\" target=\"_blank\" rel=\"noreferrer noopener\">Avril 2026<\/a> &#8211; <a href=\"https:\/\/webtube.fr\/index.php\/2026\/03\/\" target=\"_blank\" rel=\"noreferrer noopener\">Mar. 2026<\/a> &#8211; <a href=\"https:\/\/webtube.fr\/index.php\/2026\/02\/\" target=\"_blank\" rel=\"noreferrer noopener\">Fev 2026<\/a> &#8211; <a href=\"https:\/\/webtube.fr\/index.php\/2026\/01\/\" target=\"_blank\" rel=\"noreferrer noopener\">Jan 2026<\/a> &#8211;<br>Facebook&nbsp;:&nbsp;<a href=\"https:\/\/www.facebook.com\/profile.php?id=100069673161887\">https:\/\/www.facebook.com\/profile.php?id=100069673161887<\/a> Twitter : <a href=\"https:\/\/twitter.com\/OrtfNews\" target=\"_blank\" rel=\"noreferrer noopener\">https:\/\/twitter.com\/OrtfNews<\/a> Music 24\/24 : <a href=\"http:\/\/DJMUSIC.fr\/\" target=\"_blank\" rel=\"noreferrer noopener\">http:\/\/DJMUSIC.fr<\/a><\/p>\n\n\n\n<figure class=\"wp-block-image size-large\"><img decoding=\"async\" src=\"https:\/\/cdn-s-www.republicain-lorrain.fr\/images\/7D84F7E1-475A-44E8-81EE-F35198A69E7D\/NW_raw\/cette-affiche-a-ete-collee-sur-plusieurs-vitrines-de-la-rue-nationale-au-centre-ville-de-forbach-photo-rl-pascal-mittelberger-1595850811.jpg\" alt=\"\"\/><\/figure>\n\n\n\n<p>#webtube : <em>Documentaire Cnews<\/em><\/p>\n\n\n\n<div style=\"position:relative;padding-bottom:56.25%;height:0;overflow:hidden;\"><iframe src=\"https:\/\/geo.dailymotion.com\/player.html?video=xa77cns\"style=\"width:100%; height:100%; position:absolute; left:0px; top:0px; overflow:hidden; border:none;\"allowfullscreentitle=\"Dailymotion Video Player\"allow=\"web-share\"><\/iframe><\/div>\n\n\n\n<p>Source : <em>FDS<\/em>&#8211; Cnews<\/p>\n\n\n\n<p><\/p>\n","protected":false},"excerpt":{"rendered":"<p>Articles : Avril 2026 &#8211; Mar. 2026 &#8211; Fev 2026 &#8211; Jan 2026 &#8211;Facebook&nbsp;:&nbsp;https:\/\/www.facebook.com\/profile.php?id=100069673161887 Twitter : https:\/\/twitter.com\/OrtfNews Music 24\/24 : http:\/\/DJMUSIC.fr #webtube : Documentaire Cnews Source : FDS&#8211; Cnews<\/p>\n","protected":false},"author":1,"featured_media":0,"comment_status":"open","ping_status":"open","sticky":false,"template":"","format":"standard","meta":{"_jetpack_memberships_contains_paid_content":false,"footnotes":""},"categories":[1],"tags":[],"class_list":["post-35562","post","type-post","status-publish","format-standard","hentry","category-uncategorized"],"yoast_head":"<!-- This site is optimized with the Yoast SEO plugin v27.3 - https:\/\/yoast.com\/product\/yoast-seo-wordpress\/ -->\n<title>. Racisme anti-blanc : la fin du silence. Reportage. - # WEBTUBE.fr<\/title>\n<meta name=\"robots\" content=\"index, follow, max-snippet:-1, max-image-preview:large, max-video-preview:-1\" \/>\n<link rel=\"canonical\" href=\"https:\/\/webtube.fr\/index.php\/2026\/04\/28\/racisme-anti-blanc-la-fin-du-silence-reportage\/\" \/>\n<meta property=\"og:locale\" content=\"fr_FR\" \/>\n<meta property=\"og:type\" content=\"article\" \/>\n<meta property=\"og:title\" content=\". Racisme anti-blanc : la fin du silence. Reportage. - # WEBTUBE.fr\" \/>\n<meta property=\"og:description\" content=\"Articles : Avril 2026 &#8211; Mar. 2026 &#8211; Fev 2026 &#8211; Jan 2026 &#8211;Facebook&nbsp;:&nbsp;https:\/\/www.facebook.com\/profile.php?id=100069673161887 Twitter : https:\/\/twitter.com\/OrtfNews Music 24\/24 : http:\/\/DJMUSIC.fr #webtube : Documentaire Cnews Source : FDS&#8211; Cnews\" \/>\n<meta property=\"og:url\" content=\"https:\/\/webtube.fr\/index.php\/2026\/04\/28\/racisme-anti-blanc-la-fin-du-silence-reportage\/\" \/>\n<meta property=\"og:site_name\" content=\"# WEBTUBE.fr\" \/>\n<meta property=\"article:publisher\" content=\"https:\/\/www.facebook.com\/profile.php?id=100069673161887\" \/>\n<meta property=\"article:published_time\" content=\"2026-04-28T06:25:23+00:00\" \/>\n<meta property=\"article:modified_time\" content=\"2026-04-28T06:25:24+00:00\" \/>\n<meta property=\"og:image\" content=\"https:\/\/cdn-s-www.republicain-lorrain.fr\/images\/7D84F7E1-475A-44E8-81EE-F35198A69E7D\/NW_raw\/cette-affiche-a-ete-collee-sur-plusieurs-vitrines-de-la-rue-nationale-au-centre-ville-de-forbach-photo-rl-pascal-mittelberger-1595850811.jpg\" \/>\n<meta name=\"author\" content=\"admin5851\" \/>\n<meta name=\"twitter:card\" content=\"summary_large_image\" \/>\n<meta name=\"twitter:creator\" content=\"@OrtfNews\" \/>\n<meta name=\"twitter:site\" content=\"@OrtfNews\" \/>\n<meta name=\"twitter:label1\" content=\"\u00c9crit par\" \/>\n\t<meta name=\"twitter:data1\" content=\"admin5851\" \/>\n\t<meta name=\"twitter:label2\" content=\"Dur\u00e9e de lecture estim\u00e9e\" \/>\n\t<meta name=\"twitter:data2\" content=\"1 minute\" \/>\n<script type=\"application\/ld+json\" class=\"yoast-schema-graph\">{\"@context\":\"https:\\\/\\\/schema.org\",\"@graph\":[{\"@type\":\"Article\",\"@id\":\"https:\\\/\\\/webtube.fr\\\/index.php\\\/2026\\\/04\\\/28\\\/racisme-anti-blanc-la-fin-du-silence-reportage\\\/#article\",\"isPartOf\":{\"@id\":\"https:\\\/\\\/webtube.fr\\\/index.php\\\/2026\\\/04\\\/28\\\/racisme-anti-blanc-la-fin-du-silence-reportage\\\/\"},\"author\":{\"name\":\"admin5851\",\"@id\":\"https:\\\/\\\/webtube.fr\\\/#\\\/schema\\\/person\\\/dcc633686e0e2a79a6bf7b92c9507618\"},\"headline\":\". Racisme anti-blanc : la fin du silence. Reportage.\",\"datePublished\":\"2026-04-28T06:25:23+00:00\",\"dateModified\":\"2026-04-28T06:25:24+00:00\",\"mainEntityOfPage\":{\"@id\":\"https:\\\/\\\/webtube.fr\\\/index.php\\\/2026\\\/04\\\/28\\\/racisme-anti-blanc-la-fin-du-silence-reportage\\\/\"},\"wordCount\":40,\"commentCount\":0,\"publisher\":{\"@id\":\"https:\\\/\\\/webtube.fr\\\/#organization\"},\"image\":{\"@id\":\"https:\\\/\\\/webtube.fr\\\/index.php\\\/2026\\\/04\\\/28\\\/racisme-anti-blanc-la-fin-du-silence-reportage\\\/#primaryimage\"},\"thumbnailUrl\":\"https:\\\/\\\/cdn-s-www.republicain-lorrain.fr\\\/images\\\/7D84F7E1-475A-44E8-81EE-F35198A69E7D\\\/NW_raw\\\/cette-affiche-a-ete-collee-sur-plusieurs-vitrines-de-la-rue-nationale-au-centre-ville-de-forbach-photo-rl-pascal-mittelberger-1595850811.jpg\",\"articleSection\":[\"Uncategorized\"],\"inLanguage\":\"fr-FR\",\"potentialAction\":[{\"@type\":\"CommentAction\",\"name\":\"Comment\",\"target\":[\"https:\\\/\\\/webtube.fr\\\/index.php\\\/2026\\\/04\\\/28\\\/racisme-anti-blanc-la-fin-du-silence-reportage\\\/#respond\"]}]},{\"@type\":\"WebPage\",\"@id\":\"https:\\\/\\\/webtube.fr\\\/index.php\\\/2026\\\/04\\\/28\\\/racisme-anti-blanc-la-fin-du-silence-reportage\\\/\",\"url\":\"https:\\\/\\\/webtube.fr\\\/index.php\\\/2026\\\/04\\\/28\\\/racisme-anti-blanc-la-fin-du-silence-reportage\\\/\",\"name\":\". Racisme anti-blanc : la fin du silence. Reportage. - # WEBTUBE.fr\",\"isPartOf\":{\"@id\":\"https:\\\/\\\/webtube.fr\\\/#website\"},\"primaryImageOfPage\":{\"@id\":\"https:\\\/\\\/webtube.fr\\\/index.php\\\/2026\\\/04\\\/28\\\/racisme-anti-blanc-la-fin-du-silence-reportage\\\/#primaryimage\"},\"image\":{\"@id\":\"https:\\\/\\\/webtube.fr\\\/index.php\\\/2026\\\/04\\\/28\\\/racisme-anti-blanc-la-fin-du-silence-reportage\\\/#primaryimage\"},\"thumbnailUrl\":\"https:\\\/\\\/cdn-s-www.republicain-lorrain.fr\\\/images\\\/7D84F7E1-475A-44E8-81EE-F35198A69E7D\\\/NW_raw\\\/cette-affiche-a-ete-collee-sur-plusieurs-vitrines-de-la-rue-nationale-au-centre-ville-de-forbach-photo-rl-pascal-mittelberger-1595850811.jpg\",\"datePublished\":\"2026-04-28T06:25:23+00:00\",\"dateModified\":\"2026-04-28T06:25:24+00:00\",\"breadcrumb\":{\"@id\":\"https:\\\/\\\/webtube.fr\\\/index.php\\\/2026\\\/04\\\/28\\\/racisme-anti-blanc-la-fin-du-silence-reportage\\\/#breadcrumb\"},\"inLanguage\":\"fr-FR\",\"potentialAction\":[{\"@type\":\"ReadAction\",\"target\":[\"https:\\\/\\\/webtube.fr\\\/index.php\\\/2026\\\/04\\\/28\\\/racisme-anti-blanc-la-fin-du-silence-reportage\\\/\"]}]},{\"@type\":\"ImageObject\",\"inLanguage\":\"fr-FR\",\"@id\":\"https:\\\/\\\/webtube.fr\\\/index.php\\\/2026\\\/04\\\/28\\\/racisme-anti-blanc-la-fin-du-silence-reportage\\\/#primaryimage\",\"url\":\"https:\\\/\\\/cdn-s-www.republicain-lorrain.fr\\\/images\\\/7D84F7E1-475A-44E8-81EE-F35198A69E7D\\\/NW_raw\\\/cette-affiche-a-ete-collee-sur-plusieurs-vitrines-de-la-rue-nationale-au-centre-ville-de-forbach-photo-rl-pascal-mittelberger-1595850811.jpg\",\"contentUrl\":\"https:\\\/\\\/cdn-s-www.republicain-lorrain.fr\\\/images\\\/7D84F7E1-475A-44E8-81EE-F35198A69E7D\\\/NW_raw\\\/cette-affiche-a-ete-collee-sur-plusieurs-vitrines-de-la-rue-nationale-au-centre-ville-de-forbach-photo-rl-pascal-mittelberger-1595850811.jpg\"},{\"@type\":\"BreadcrumbList\",\"@id\":\"https:\\\/\\\/webtube.fr\\\/index.php\\\/2026\\\/04\\\/28\\\/racisme-anti-blanc-la-fin-du-silence-reportage\\\/#breadcrumb\",\"itemListElement\":[{\"@type\":\"ListItem\",\"position\":1,\"name\":\"Accueil\",\"item\":\"https:\\\/\\\/webtube.fr\\\/\"},{\"@type\":\"ListItem\",\"position\":2,\"name\":\". Racisme anti-blanc : la fin du silence. Reportage.\"}]},{\"@type\":\"WebSite\",\"@id\":\"https:\\\/\\\/webtube.fr\\\/#website\",\"url\":\"https:\\\/\\\/webtube.fr\\\/\",\"name\":\"WEBTUBE\",\"description\":\"WEBTUBE.fr  Streaming Vid\u00e9o and News , toutes les infos sans filtres !\",\"publisher\":{\"@id\":\"https:\\\/\\\/webtube.fr\\\/#organization\"},\"alternateName\":\"Rutube\",\"potentialAction\":[{\"@type\":\"SearchAction\",\"target\":{\"@type\":\"EntryPoint\",\"urlTemplate\":\"https:\\\/\\\/webtube.fr\\\/?s={search_term_string}\"},\"query-input\":{\"@type\":\"PropertyValueSpecification\",\"valueRequired\":true,\"valueName\":\"search_term_string\"}}],\"inLanguage\":\"fr-FR\"},{\"@type\":\"Organization\",\"@id\":\"https:\\\/\\\/webtube.fr\\\/#organization\",\"name\":\"# WEBTUBE.fr\",\"url\":\"https:\\\/\\\/webtube.fr\\\/\",\"logo\":{\"@type\":\"ImageObject\",\"inLanguage\":\"fr-FR\",\"@id\":\"https:\\\/\\\/webtube.fr\\\/#\\\/schema\\\/logo\\\/image\\\/\",\"url\":\"https:\\\/\\\/webtube.fr\\\/wp-content\\\/uploads\\\/2025\\\/09\\\/cropped-Logo_webtubeIA-1.jpg\",\"contentUrl\":\"https:\\\/\\\/webtube.fr\\\/wp-content\\\/uploads\\\/2025\\\/09\\\/cropped-Logo_webtubeIA-1.jpg\",\"width\":240,\"height\":240,\"caption\":\"# WEBTUBE.fr\"},\"image\":{\"@id\":\"https:\\\/\\\/webtube.fr\\\/#\\\/schema\\\/logo\\\/image\\\/\"},\"sameAs\":[\"https:\\\/\\\/www.facebook.com\\\/profile.php?id=100069673161887\",\"https:\\\/\\\/x.com\\\/OrtfNews\",\"https:\\\/\\\/www.facebook.com\\\/profile.php?id=100013751440523\"]},{\"@type\":\"Person\",\"@id\":\"https:\\\/\\\/webtube.fr\\\/#\\\/schema\\\/person\\\/dcc633686e0e2a79a6bf7b92c9507618\",\"name\":\"admin5851\",\"image\":{\"@type\":\"ImageObject\",\"inLanguage\":\"fr-FR\",\"@id\":\"https:\\\/\\\/secure.gravatar.com\\\/avatar\\\/ea1b672a827879c0febb022a108a871292b3d08fadc66a0a43fa47acfe82e38a?s=96&d=mm&r=g\",\"url\":\"https:\\\/\\\/secure.gravatar.com\\\/avatar\\\/ea1b672a827879c0febb022a108a871292b3d08fadc66a0a43fa47acfe82e38a?s=96&d=mm&r=g\",\"contentUrl\":\"https:\\\/\\\/secure.gravatar.com\\\/avatar\\\/ea1b672a827879c0febb022a108a871292b3d08fadc66a0a43fa47acfe82e38a?s=96&d=mm&r=g\",\"caption\":\"admin5851\"},\"sameAs\":[\"http:\\\/\\\/linlcju.cluster100.hosting.ovh.net\"],\"url\":\"https:\\\/\\\/webtube.fr\\\/index.php\\\/author\\\/admin5851\\\/\"}]}<\/script>\n<!-- \/ Yoast SEO plugin. -->","yoast_head_json":{"title":". Racisme anti-blanc : la fin du silence. Reportage. - # WEBTUBE.fr","robots":{"index":"index","follow":"follow","max-snippet":"max-snippet:-1","max-image-preview":"max-image-preview:large","max-video-preview":"max-video-preview:-1"},"canonical":"https:\/\/webtube.fr\/index.php\/2026\/04\/28\/racisme-anti-blanc-la-fin-du-silence-reportage\/","og_locale":"fr_FR","og_type":"article","og_title":". Racisme anti-blanc : la fin du silence. Reportage. - # WEBTUBE.fr","og_description":"Articles : Avril 2026 &#8211; Mar. 2026 &#8211; Fev 2026 &#8211; Jan 2026 &#8211;Facebook&nbsp;:&nbsp;https:\/\/www.facebook.com\/profile.php?id=100069673161887 Twitter : https:\/\/twitter.com\/OrtfNews Music 24\/24 : http:\/\/DJMUSIC.fr #webtube : Documentaire Cnews Source : FDS&#8211; Cnews","og_url":"https:\/\/webtube.fr\/index.php\/2026\/04\/28\/racisme-anti-blanc-la-fin-du-silence-reportage\/","og_site_name":"# WEBTUBE.fr","article_publisher":"https:\/\/www.facebook.com\/profile.php?id=100069673161887","article_published_time":"2026-04-28T06:25:23+00:00","article_modified_time":"2026-04-28T06:25:24+00:00","og_image":[{"url":"https:\/\/cdn-s-www.republicain-lorrain.fr\/images\/7D84F7E1-475A-44E8-81EE-F35198A69E7D\/NW_raw\/cette-affiche-a-ete-collee-sur-plusieurs-vitrines-de-la-rue-nationale-au-centre-ville-de-forbach-photo-rl-pascal-mittelberger-1595850811.jpg","type":"","width":"","height":""}],"author":"admin5851","twitter_card":"summary_large_image","twitter_creator":"@OrtfNews","twitter_site":"@OrtfNews","twitter_misc":{"\u00c9crit par":"admin5851","Dur\u00e9e de lecture estim\u00e9e":"1 minute"},"schema":{"@context":"https:\/\/schema.org","@graph":[{"@type":"Article","@id":"https:\/\/webtube.fr\/index.php\/2026\/04\/28\/racisme-anti-blanc-la-fin-du-silence-reportage\/#article","isPartOf":{"@id":"https:\/\/webtube.fr\/index.php\/2026\/04\/28\/racisme-anti-blanc-la-fin-du-silence-reportage\/"},"author":{"name":"admin5851","@id":"https:\/\/webtube.fr\/#\/schema\/person\/dcc633686e0e2a79a6bf7b92c9507618"},"headline":". Racisme anti-blanc : la fin du silence. Reportage.","datePublished":"2026-04-28T06:25:23+00:00","dateModified":"2026-04-28T06:25:24+00:00","mainEntityOfPage":{"@id":"https:\/\/webtube.fr\/index.php\/2026\/04\/28\/racisme-anti-blanc-la-fin-du-silence-reportage\/"},"wordCount":40,"commentCount":0,"publisher":{"@id":"https:\/\/webtube.fr\/#organization"},"image":{"@id":"https:\/\/webtube.fr\/index.php\/2026\/04\/28\/racisme-anti-blanc-la-fin-du-silence-reportage\/#primaryimage"},"thumbnailUrl":"https:\/\/cdn-s-www.republicain-lorrain.fr\/images\/7D84F7E1-475A-44E8-81EE-F35198A69E7D\/NW_raw\/cette-affiche-a-ete-collee-sur-plusieurs-vitrines-de-la-rue-nationale-au-centre-ville-de-forbach-photo-rl-pascal-mittelberger-1595850811.jpg","articleSection":["Uncategorized"],"inLanguage":"fr-FR","potentialAction":[{"@type":"CommentAction","name":"Comment","target":["https:\/\/webtube.fr\/index.php\/2026\/04\/28\/racisme-anti-blanc-la-fin-du-silence-reportage\/#respond"]}]},{"@type":"WebPage","@id":"https:\/\/webtube.fr\/index.php\/2026\/04\/28\/racisme-anti-blanc-la-fin-du-silence-reportage\/","url":"https:\/\/webtube.fr\/index.php\/2026\/04\/28\/racisme-anti-blanc-la-fin-du-silence-reportage\/","name":". Racisme anti-blanc : la fin du silence. Reportage. - # WEBTUBE.fr","isPartOf":{"@id":"https:\/\/webtube.fr\/#website"},"primaryImageOfPage":{"@id":"https:\/\/webtube.fr\/index.php\/2026\/04\/28\/racisme-anti-blanc-la-fin-du-silence-reportage\/#primaryimage"},"image":{"@id":"https:\/\/webtube.fr\/index.php\/2026\/04\/28\/racisme-anti-blanc-la-fin-du-silence-reportage\/#primaryimage"},"thumbnailUrl":"https:\/\/cdn-s-www.republicain-lorrain.fr\/images\/7D84F7E1-475A-44E8-81EE-F35198A69E7D\/NW_raw\/cette-affiche-a-ete-collee-sur-plusieurs-vitrines-de-la-rue-nationale-au-centre-ville-de-forbach-photo-rl-pascal-mittelberger-1595850811.jpg","datePublished":"2026-04-28T06:25:23+00:00","dateModified":"2026-04-28T06:25:24+00:00","breadcrumb":{"@id":"https:\/\/webtube.fr\/index.php\/2026\/04\/28\/racisme-anti-blanc-la-fin-du-silence-reportage\/#breadcrumb"},"inLanguage":"fr-FR","potentialAction":[{"@type":"ReadAction","target":["https:\/\/webtube.fr\/index.php\/2026\/04\/28\/racisme-anti-blanc-la-fin-du-silence-reportage\/"]}]},{"@type":"ImageObject","inLanguage":"fr-FR","@id":"https:\/\/webtube.fr\/index.php\/2026\/04\/28\/racisme-anti-blanc-la-fin-du-silence-reportage\/#primaryimage","url":"https:\/\/cdn-s-www.republicain-lorrain.fr\/images\/7D84F7E1-475A-44E8-81EE-F35198A69E7D\/NW_raw\/cette-affiche-a-ete-collee-sur-plusieurs-vitrines-de-la-rue-nationale-au-centre-ville-de-forbach-photo-rl-pascal-mittelberger-1595850811.jpg","contentUrl":"https:\/\/cdn-s-www.republicain-lorrain.fr\/images\/7D84F7E1-475A-44E8-81EE-F35198A69E7D\/NW_raw\/cette-affiche-a-ete-collee-sur-plusieurs-vitrines-de-la-rue-nationale-au-centre-ville-de-forbach-photo-rl-pascal-mittelberger-1595850811.jpg"},{"@type":"BreadcrumbList","@id":"https:\/\/webtube.fr\/index.php\/2026\/04\/28\/racisme-anti-blanc-la-fin-du-silence-reportage\/#breadcrumb","itemListElement":[{"@type":"ListItem","position":1,"name":"Accueil","item":"https:\/\/webtube.fr\/"},{"@type":"ListItem","position":2,"name":". Racisme anti-blanc : la fin du silence. Reportage."}]},{"@type":"WebSite","@id":"https:\/\/webtube.fr\/#website","url":"https:\/\/webtube.fr\/","name":"WEBTUBE","description":"WEBTUBE.fr  Streaming Vid\u00e9o and News , toutes les infos sans filtres !","publisher":{"@id":"https:\/\/webtube.fr\/#organization"},"alternateName":"Rutube","potentialAction":[{"@type":"SearchAction","target":{"@type":"EntryPoint","urlTemplate":"https:\/\/webtube.fr\/?s={search_term_string}"},"query-input":{"@type":"PropertyValueSpecification","valueRequired":true,"valueName":"search_term_string"}}],"inLanguage":"fr-FR"},{"@type":"Organization","@id":"https:\/\/webtube.fr\/#organization","name":"# WEBTUBE.fr","url":"https:\/\/webtube.fr\/","logo":{"@type":"ImageObject","inLanguage":"fr-FR","@id":"https:\/\/webtube.fr\/#\/schema\/logo\/image\/","url":"https:\/\/webtube.fr\/wp-content\/uploads\/2025\/09\/cropped-Logo_webtubeIA-1.jpg","contentUrl":"https:\/\/webtube.fr\/wp-content\/uploads\/2025\/09\/cropped-Logo_webtubeIA-1.jpg","width":240,"height":240,"caption":"# WEBTUBE.fr"},"image":{"@id":"https:\/\/webtube.fr\/#\/schema\/logo\/image\/"},"sameAs":["https:\/\/www.facebook.com\/profile.php?id=100069673161887","https:\/\/x.com\/OrtfNews","https:\/\/www.facebook.com\/profile.php?id=100013751440523"]},{"@type":"Person","@id":"https:\/\/webtube.fr\/#\/schema\/person\/dcc633686e0e2a79a6bf7b92c9507618","name":"admin5851","image":{"@type":"ImageObject","inLanguage":"fr-FR","@id":"https:\/\/secure.gravatar.com\/avatar\/ea1b672a827879c0febb022a108a871292b3d08fadc66a0a43fa47acfe82e38a?s=96&d=mm&r=g","url":"https:\/\/secure.gravatar.com\/avatar\/ea1b672a827879c0febb022a108a871292b3d08fadc66a0a43fa47acfe82e38a?s=96&d=mm&r=g","contentUrl":"https:\/\/secure.gravatar.com\/avatar\/ea1b672a827879c0febb022a108a871292b3d08fadc66a0a43fa47acfe82e38a?s=96&d=mm&r=g","caption":"admin5851"},"sameAs":["http:\/\/linlcju.cluster100.hosting.ovh.net"],"url":"https:\/\/webtube.fr\/index.php\/author\/admin5851\/"}]}},"jetpack_featured_media_url":"","jetpack_sharing_enabled":true,"_links":{"self":[{"href":"https:\/\/webtube.fr\/index.php\/wp-json\/wp\/v2\/posts\/35562","targetHints":{"allow":["GET"]}}],"collection":[{"href":"https:\/\/webtube.fr\/index.php\/wp-json\/wp\/v2\/posts"}],"about":[{"href":"https:\/\/webtube.fr\/index.php\/wp-json\/wp\/v2\/types\/post"}],"author":[{"embeddable":true,"href":"https:\/\/webtube.fr\/index.php\/wp-json\/wp\/v2\/users\/1"}],"replies":[{"embeddable":true,"href":"https:\/\/webtube.fr\/index.php\/wp-json\/wp\/v2\/comments?post=35562"}],"version-history":[{"count":1,"href":"https:\/\/webtube.fr\/index.php\/wp-json\/wp\/v2\/posts\/35562\/revisions"}],"predecessor-version":[{"id":35563,"href":"https:\/\/webtube.fr\/index.php\/wp-json\/wp\/v2\/posts\/35562\/revisions\/35563"}],"wp:attachment":[{"href":"https:\/\/webtube.fr\/index.php\/wp-json\/wp\/v2\/media?parent=35562"}],"wp:term":[{"taxonomy":"category","embeddable":true,"href":"https:\/\/webtube.fr\/index.php\/wp-json\/wp\/v2\/categories?post=35562"},{"taxonomy":"post_tag","embeddable":true,"href":"https:\/\/webtube.fr\/index.php\/wp-json\/wp\/v2\/tags?post=35562"}],"curies":[{"name":"wp","href":"https:\/\/api.w.org\/{rel}","templated":true}]}}