{"id":35560,"date":"2026-04-27T04:52:20","date_gmt":"2026-04-27T04:52:20","guid":{"rendered":"https:\/\/webtube.fr\/?p=35560"},"modified":"2026-04-27T04:52:21","modified_gmt":"2026-04-27T04:52:21","slug":"guerre-au-moyen-orient-le-monde-dapres-a-chacun-sa-guerre","status":"publish","type":"post","link":"https:\/\/webtube.fr\/index.php\/2026\/04\/27\/guerre-au-moyen-orient-le-monde-dapres-a-chacun-sa-guerre\/","title":{"rendered":". Guerre au Moyen-Orient\u00a0: le monde d\u2019apr\u00e8s. \u00c0 chacun sa guerre\u00a0?"},"content":{"rendered":"\n<p>Articles : <a href=\"https:\/\/webtube.fr\/index.php\/2026\/04\/\" target=\"_blank\" rel=\"noreferrer noopener\">Avril 2026<\/a> &#8211; <a href=\"https:\/\/webtube.fr\/index.php\/2026\/03\/\" target=\"_blank\" rel=\"noreferrer noopener\">Mar. 2026<\/a> &#8211; <a href=\"https:\/\/webtube.fr\/index.php\/2026\/02\/\" target=\"_blank\" rel=\"noreferrer noopener\">Fev 2026<\/a> &#8211; <a href=\"https:\/\/webtube.fr\/index.php\/2026\/01\/\" target=\"_blank\" rel=\"noreferrer noopener\">Jan 2026<\/a> &#8211;<br>Facebook&nbsp;:&nbsp;<a href=\"https:\/\/www.facebook.com\/profile.php?id=100069673161887\">https:\/\/www.facebook.com\/profile.php?id=100069673161887<\/a> Twitter : <a href=\"https:\/\/twitter.com\/OrtfNews\" target=\"_blank\" rel=\"noreferrer noopener\">https:\/\/twitter.com\/OrtfNews<\/a> Music 24\/24 : <a href=\"http:\/\/DJMUSIC.fr\/\" target=\"_blank\" rel=\"noreferrer noopener\">http:\/\/DJMUSIC.fr<\/a><\/p>\n\n\n\n<figure class=\"wp-block-image size-large\"><img decoding=\"async\" src=\"https:\/\/media.bvoltaire.fr\/file\/Bvoltaire\/2026\/03\/IL20260304104827-trump-scaled-929x522.jpg\" alt=\"\"\/><\/figure>\n\n\n\n<p><strong>#webtube : <\/strong><em>Quid de l\u2019avenir du Moyen-Orient et du reste du monde ? \u00c0 l\u2019heure o\u00f9 les n\u00e9gociateurs iraniens, conduits par le ministre des affaires \u00e9trang\u00e8res Abbas Araghtchi, ont quitt\u00e9 Islamabad samedi, apr\u00e8s y \u00eatre arriv\u00e9s la veille pour s\u2019entretenir avec de hauts responsables pakistanais au sujet des pourparlers de paix avec les \u00c9tats-Unis, et o\u00f9 les n\u00e9gociateurs am\u00e9ricains dont, au premier plan, Steve Wittkoff et Jarred Kushner, ont \u00e9t\u00e9 retenus par Trump, le monde retient son souffle. Les n\u00e9gociateurs iraniens ont derni\u00e8rement d\u00e9clar\u00e9 que \u00ab\u00a0les Am\u00e9ricains cherchaient \u00e0 sauver la face\u00a0\u00bb. Comment s\u2019attendre alors que les d\u00e9marches politiques du Pakistan \u00e0 l\u2019\u00e9gard des deux bellig\u00e9rants puissent atteindre un quelconque r\u00e9sultat concret. Le d\u00e9troit,\u00a0<a href=\"https:\/\/www.bvoltaire.fr\/le-detroit-dormuz-larme-fatale-des-gardiens-de-la-revolution\/comment-page-2\/\" target=\"_blank\" rel=\"noreferrer noopener\">\u00ab l\u2019arme ultime des gardiens de la r\u00e9volution \u00bb<\/a>, reste pour l\u2019instant bloqu\u00e9, m\u00eame\u00a0<a href=\"https:\/\/www.lefigaro.fr\/international\/guerre-en-iran-au-moins-45-navires-ont-franchi-le-detroit-d-ormuz-depuis-quatre-jours-20260421\" target=\"_blank\" rel=\"noreferrer noopener\">si quelques navires civils peu nombreux\u00a0<\/a>r\u00e9ussissent \u00e0 passer outre les blocus iranien et am\u00e9ricain. Alors dans ces conditions quid de l\u2019avenir du Moyen-Orient et du reste du monde ?<\/em><\/p>\n\n\n\n<h2 class=\"wp-block-heading\">Moyent-Orient : l\u2019Iran \u00e0 la manoeuvre<\/h2>\n\n\n\n<p>Les Iraniens n\u2019ont pas rendu les armes apr\u00e8s quatre semaines de bombardements intensifs et une semaine de cessez-le-feu, alors qu\u2019attendre du futur round de n\u00e9gociations ? Malgr\u00e9 les efforts des Pakistanais, et en particulier du mar\u00e9chal Asim Munir, le \u00ab mar\u00e9chal pr\u00e9f\u00e9r\u00e9 de Donald Trump \u00bb, les Iraniens ont \u00e9t\u00e9 tr\u00e8s longs \u00e0 se laisser persuader de revenir n\u00e9gocier apr\u00e8s l\u2019\u00e9chec du round pr\u00e9c\u00e9dent \u00e0 Islamabad o\u00f9 s\u2019\u00e9tait rendu le vice-pr\u00e9sident Vance. Le gouvernement iranien n\u2019a pas \u00e9t\u00e9 battu par les armes, donc il maintient ses menaces de bombarder ou de miner le d\u00e9troit d\u2019Ormuz, tant que les Am\u00e9ricains et les Isra\u00e9liens n\u2019auront pas d\u00e9finitivement quitt\u00e9 la r\u00e9gion. Par ce chantage, il impose ses propres conditions, notamment de s\u2019approprier le d\u00e9troit, contrairement \u00e0 ce que pr\u00e9conise le droit maritime international (notamment la convention de Montego Bay de 1982) et fait payer des droits de passage aux navires qui souhaitent l\u2019emprunter. Pour ce faire, ce qui reste de la marine iranienne en aurait min\u00e9 les rives omanaises et oblige donc de fait le trafic maritime international \u00e0 passer par ses propres eaux territoriales.<\/p>\n\n\n\n<p>Isra\u00ebl, ayant \u00e9t\u00e9 contraint par ses alli\u00e9s am\u00e9ricains \u00e0 mettre en \u0153uvre un cessez-le-feu de six semaines avec le Hezbollah, occupe une bande de territoire libanais de dix \u00e0 cinq kilom\u00e8tres de profondeur et de la M\u00e9diterran\u00e9e \u00e0 la plaine de la Bekaa. Les n\u00e9gociations entre Isra\u00ebl et le Liban doivent reprendre lundi 27 avril \u00e0 Washington, mais le Hezbollah refuse d\u2019en accepter par avance le r\u00e9sultat. Il est vrai que son d\u00e9sarmement, ou son d\u00e9mant\u00e8lement en est l\u2019enjeu principal. Ces n\u00e9gociations de Washington n\u2019aboutiront donc \u00e0 aucun consensus, tant le gouvernement libanais semble impuissant et surtout r\u00e9ticent \u00e0 en mettre en \u0153uvre les d\u00e9cisions \u00e9ventuelles.<\/p>\n\n\n\n<p>\u00c0 ce sujet \u2014&nbsp;<a href=\"https:\/\/www.bvoltaire.fr\/le-detroit-dormuz-larme-fatale-des-gardiens-de-la-revolution\/comment-page-2\/\">Le d\u00e9troit d\u2019Ormuz, l\u2019arme fatale des Gardiens de la r\u00e9volution<\/a><\/p>\n\n\n\n<p>Donc le d\u00e9s\u00e9quilibre du Moyen-Orient n\u2019est pas pr\u00eat de trouver une issue favorable aux \u00c9tats-Unis ou aux int\u00e9r\u00eats commerciaux occidentaux tant que la Chine n\u2019aura pas exerc\u00e9 une pression notable sur ses alli\u00e9s iraniens qu\u2019elle ravitaille par voie terrestre pour leur \u00e9viter une reddition sans condition. Au-del\u00e0 de la reprise du trafic des tankers correspondant \u00e0 10 % de ses besoins, elle cherche aussi \u00e0 affaiblir les Am\u00e9ricains autant que cela sera encore possible.<\/p>\n\n\n\n<h2 class=\"wp-block-heading\">Une r\u00e9vision de la g\u00e9opolitique mondiale<\/h2>\n\n\n\n<p>Cet engluement de l\u2019armada am\u00e9ricaine (trois groupes a\u00e9ronavals) au Proche-Orient inqui\u00e8te les principaux alli\u00e9s des \u00c9tats-Unis, quant \u00e0 leurs capacit\u00e9s et \u00e0 leur volont\u00e9 de venir les assister en cas de besoin. Les Am\u00e9ricains auraient ainsi \u00e9puis\u00e9 leurs munitions, non seulement dans leurs bombardements intensifs de l\u2019Iran, mais aussi dans la d\u00e9fense antia\u00e9rienne de leurs alli\u00e9s arabes contre les drones et les missiles iraniens. Le remplacement de ces ressources pourrait ainsi prendre six ans. Consid\u00e9rant les 850 missiles Tomahawk qui avaient \u00e9t\u00e9 utilis\u00e9s lors des frappes contre l\u2019Iran, le pr\u00e9sident Zelensky s\u2019inqui\u00e8te pour le sort de son pays au cas o\u00f9 les Russes en profiteraient pour reprendre l\u2019avantage. D\u2019apr\u00e8s lui, en effet, ces Tomahawk utilis\u00e9s en Iran, auraient pu \u00ab&nbsp;<em>changer la donne en Ukraine<\/em>&nbsp;\u00bb. L\u2019arm\u00e9e ukrainienne aurait apparemment rep\u00e9r\u00e9 \u00ab 1945 positions russes qu\u2019elles pourraient traiter avec ce genre de missile \u00bb. En outre, le m\u00eame pr\u00e9sident Zelensky constate qu&rsquo; \u00ab<em><a href=\"https:\/\/kyivindependent.com\/over-800-patriot-missiles-used-in-middle-east-in-3-days-more-than-ukraine-since-2022-zelensky-says\/\" target=\"_blank\" rel=\"noreferrer noopener\">&nbsp;il y a eu plus de missiles antia\u00e9riens Patriot tir\u00e9s en trois jours au Moyen-Orient,soit 800, qu\u2019en Ukraine depuis 2022<\/a><\/em>&nbsp;\u00bb. Par ailleurs, pragmatique et man\u0153uvrier, le pr\u00e9sident ukrainien propose-t-il de participer \u00e0 la d\u00e9fense des pays arabes du Golfe avec ses drones tueurs de drones.<\/p>\n\n\n\n<p>Pour sa part, Pete Hegseth, le secr\u00e9taire d\u2019\u00c9tat \u00e0 la guerre am\u00e9ricain, fustige le manque de collaboration des Europ\u00e9ens dans une \u00e9ventuelle action de stabilisation que pourraient mener les alli\u00e9s occidentaux de l\u2019Am\u00e9rique dans le d\u00e9troit d\u2019Ormuz en vue d\u2019y r\u00e9tablir la libert\u00e9 de circulation maritime. \u00ab&nbsp;<em>Nous ne comptons pas sur l\u2019Europe<\/em>&nbsp;\u00bb, a-t-il martel\u00e9, vendredi dernier, dans son discours adress\u00e9 depuis le Pentagone. Il faudra donc en d\u00e9duire que ce ne seront pas \u00e0 l\u2019avenir les armes am\u00e9ricaines qui prot\u00e9geront l\u2019Europe en cas d\u2019attaque russe sur une r\u00e9publique balte et que ce sera aux seuls Europ\u00e9ens d\u2019assumer seuls leur d\u00e9fense, au moins dans un premier temps. A chacun sa guerre, pourrait-on en conclure ! La guerre des uns n\u2019\u00e9tant pas la guerre des autres, il appartiendra donc aux Europ\u00e9ens de se prot\u00e9ger seuls contre les Russes et aux Am\u00e9ricains de n\u2019utiliser leurs armes qu\u2019\u00e0 l\u2019aune de leurs int\u00e9r\u00eats. L\u2019attitude n\u00e9gative des Europ\u00e9ens dans la r\u00e9ouverture \u00ab de vive force \u00bb du d\u00e9troit d\u2019Ormuz indispose d\u2019autant plus Pete Hegseth que selon lui, \u00ab&nbsp;<em>ce serait aux Europ\u00e9ens de d\u00e9fendre leurs int\u00e9r\u00eats, et non aux Am\u00e9ricains de le faire<\/em>&nbsp;\u00bb. \u00ab&nbsp;<em>Le d\u00e9troit d\u2019Ormuz est plus leur combat que le n\u00f4tre !<\/em>&nbsp;\u00bb a-t-il aussi pr\u00e9cis\u00e9, vendredi dernier, dans&nbsp;<a href=\"https:\/\/www.lefigaro.fr\/international\/le-detroit-d-ormuz-est-plus-leur-combat-que-le-notre-pete-hegseth-critique-les-europeens-et-les-somme-de-se-mettre-a-l-eau-20260424\" target=\"_blank\" rel=\"noreferrer noopener\">son discours<\/a>.<\/p>\n\n\n\n<p>Mais au fait, qu\u2019ont donc fait les Europ\u00e9ens depuis 1974 pour lib\u00e9rer la partie nord de l\u2019\u00eele de Chypre occup\u00e9e ill\u00e9galement par l\u2019arm\u00e9e turque&nbsp;: des discours certes, mais pas d\u2019action diplomatique ou militaire&nbsp;! Cela tombe d\u2019ailleurs bien car c\u2019est Chypre qui assume depuis le 1<sup>er<\/sup>&nbsp;janvier dernier la pr\u00e9sidence tournante de l\u2019Union europ\u00e9enne, et ce, jusqu\u2019au 30 juin prochain. Il ne sera donc jamais trop tard pour produire autre chose que des discours sans lendemain. Enfin, tr\u00e8s derni\u00e8rement&nbsp;<a href=\"https:\/\/www.lefigaro.fr\/international\/washington-envisage-de-reexaminer-sa-position-sur-les-iles-malouines-londres-reaffirme-que-la-souverainete-appartient-au-royaume-uni-20260424\" target=\"_blank\" rel=\"noreferrer noopener\">l\u2019administration am\u00e9ricaine a pr\u00e9cis\u00e9 qu\u2019elle \u00ab&nbsp;<em>envisageait de r\u00e9examiner sa position sur les \u00eeles malouines<\/em>&nbsp;\u00bb<\/a>&nbsp;au moment-m\u00eame o\u00f9&nbsp;<a href=\"https:\/\/www.rtl.fr\/actu\/international\/les-iles-malouines-sous-giron-argentin-le-royaume-uni-revendique-sa-souverainete-sur-l-archipel-et-affirme-qu-il-ne-cedera-a-aucune-pression-7900628068\" target=\"_blank\" rel=\"noreferrer noopener\">l\u2019Argentine du pr\u00e9sident Javier Milei revendiquait de \u00ab&nbsp;<em>mettre les Malouines sous le giron argentin<\/em>&nbsp;\u00bb<\/a>&nbsp;\u2026 Oui vraiment, \u00e0 chacun sa guerre&nbsp;? Margaret Thatcher doit se retourner dans sa tombe.<\/p>\n\n\n\n<p><a href=\"https:\/\/www.bvoltaire.fr\/auteur\/vincentarbaretier\/\">Vincent Arbar\u00e9tier<\/a>, dans BV<\/p>\n\n\n\n<p><\/p>\n\n\n\n<p><\/p>\n","protected":false},"excerpt":{"rendered":"<p>Articles : Avril 2026 &#8211; Mar. 2026 &#8211; Fev 2026 &#8211; Jan 2026 &#8211;Facebook&nbsp;:&nbsp;https:\/\/www.facebook.com\/profile.php?id=100069673161887 Twitter : https:\/\/twitter.com\/OrtfNews Music 24\/24 : http:\/\/DJMUSIC.fr #webtube : Quid de l\u2019avenir du Moyen-Orient et du reste du monde ? \u00c0 l\u2019heure o\u00f9 les n\u00e9gociateurs iraniens, conduits par le ministre des affaires \u00e9trang\u00e8res Abbas Araghtchi, ont quitt\u00e9 Islamabad samedi, apr\u00e8s y &hellip; <a href=\"https:\/\/webtube.fr\/index.php\/2026\/04\/27\/guerre-au-moyen-orient-le-monde-dapres-a-chacun-sa-guerre\/\" class=\"more-link\">Continuer la lecture<span class=\"screen-reader-text\"> de &laquo;&nbsp;. Guerre au Moyen-Orient\u00a0: le monde d\u2019apr\u00e8s. \u00c0 chacun sa guerre\u00a0?&nbsp;&raquo;<\/span><\/a><\/p>\n","protected":false},"author":1,"featured_media":0,"comment_status":"open","ping_status":"open","sticky":false,"template":"","format":"standard","meta":{"_jetpack_memberships_contains_paid_content":false,"footnotes":""},"categories":[1],"tags":[],"class_list":["post-35560","post","type-post","status-publish","format-standard","hentry","category-uncategorized"],"yoast_head":"<!-- This site is optimized with the Yoast SEO plugin v27.3 - https:\/\/yoast.com\/product\/yoast-seo-wordpress\/ -->\n<title>. Guerre au Moyen-Orient\u00a0: le monde d\u2019apr\u00e8s. \u00c0 chacun sa guerre\u00a0? - # WEBTUBE.fr<\/title>\n<meta name=\"robots\" content=\"index, follow, max-snippet:-1, max-image-preview:large, max-video-preview:-1\" \/>\n<link rel=\"canonical\" href=\"https:\/\/webtube.fr\/index.php\/2026\/04\/27\/guerre-au-moyen-orient-le-monde-dapres-a-chacun-sa-guerre\/\" \/>\n<meta property=\"og:locale\" content=\"fr_FR\" \/>\n<meta property=\"og:type\" content=\"article\" \/>\n<meta property=\"og:title\" content=\". Guerre au Moyen-Orient\u00a0: le monde d\u2019apr\u00e8s. \u00c0 chacun sa guerre\u00a0? - # WEBTUBE.fr\" \/>\n<meta property=\"og:description\" content=\"Articles : Avril 2026 &#8211; Mar. 2026 &#8211; Fev 2026 &#8211; Jan 2026 &#8211;Facebook&nbsp;:&nbsp;https:\/\/www.facebook.com\/profile.php?id=100069673161887 Twitter : https:\/\/twitter.com\/OrtfNews Music 24\/24 : http:\/\/DJMUSIC.fr #webtube : Quid de l\u2019avenir du Moyen-Orient et du reste du monde ? \u00c0 l\u2019heure o\u00f9 les n\u00e9gociateurs iraniens, conduits par le ministre des affaires \u00e9trang\u00e8res Abbas Araghtchi, ont quitt\u00e9 Islamabad samedi, apr\u00e8s y &hellip; Continuer la lecture de &laquo;&nbsp;. Guerre au Moyen-Orient\u00a0: le monde d\u2019apr\u00e8s. \u00c0 chacun sa guerre\u00a0?&nbsp;&raquo;\" \/>\n<meta property=\"og:url\" content=\"https:\/\/webtube.fr\/index.php\/2026\/04\/27\/guerre-au-moyen-orient-le-monde-dapres-a-chacun-sa-guerre\/\" \/>\n<meta property=\"og:site_name\" content=\"# WEBTUBE.fr\" \/>\n<meta property=\"article:publisher\" content=\"https:\/\/www.facebook.com\/profile.php?id=100069673161887\" \/>\n<meta property=\"article:published_time\" content=\"2026-04-27T04:52:20+00:00\" \/>\n<meta property=\"article:modified_time\" content=\"2026-04-27T04:52:21+00:00\" \/>\n<meta property=\"og:image\" content=\"https:\/\/media.bvoltaire.fr\/file\/Bvoltaire\/2026\/03\/IL20260304104827-trump-scaled-929x522.jpg\" \/>\n<meta name=\"author\" content=\"admin5851\" \/>\n<meta name=\"twitter:card\" content=\"summary_large_image\" \/>\n<meta name=\"twitter:creator\" content=\"@OrtfNews\" \/>\n<meta name=\"twitter:site\" content=\"@OrtfNews\" \/>\n<meta name=\"twitter:label1\" content=\"\u00c9crit par\" \/>\n\t<meta name=\"twitter:data1\" content=\"admin5851\" \/>\n\t<meta name=\"twitter:label2\" content=\"Dur\u00e9e de lecture estim\u00e9e\" \/>\n\t<meta name=\"twitter:data2\" content=\"6 minutes\" \/>\n<script type=\"application\/ld+json\" class=\"yoast-schema-graph\">{\"@context\":\"https:\\\/\\\/schema.org\",\"@graph\":[{\"@type\":\"Article\",\"@id\":\"https:\\\/\\\/webtube.fr\\\/index.php\\\/2026\\\/04\\\/27\\\/guerre-au-moyen-orient-le-monde-dapres-a-chacun-sa-guerre\\\/#article\",\"isPartOf\":{\"@id\":\"https:\\\/\\\/webtube.fr\\\/index.php\\\/2026\\\/04\\\/27\\\/guerre-au-moyen-orient-le-monde-dapres-a-chacun-sa-guerre\\\/\"},\"author\":{\"name\":\"admin5851\",\"@id\":\"https:\\\/\\\/webtube.fr\\\/#\\\/schema\\\/person\\\/dcc633686e0e2a79a6bf7b92c9507618\"},\"headline\":\". Guerre au Moyen-Orient\u00a0: le monde d\u2019apr\u00e8s. \u00c0 chacun sa guerre\u00a0?\",\"datePublished\":\"2026-04-27T04:52:20+00:00\",\"dateModified\":\"2026-04-27T04:52:21+00:00\",\"mainEntityOfPage\":{\"@id\":\"https:\\\/\\\/webtube.fr\\\/index.php\\\/2026\\\/04\\\/27\\\/guerre-au-moyen-orient-le-monde-dapres-a-chacun-sa-guerre\\\/\"},\"wordCount\":1280,\"commentCount\":0,\"publisher\":{\"@id\":\"https:\\\/\\\/webtube.fr\\\/#organization\"},\"image\":{\"@id\":\"https:\\\/\\\/webtube.fr\\\/index.php\\\/2026\\\/04\\\/27\\\/guerre-au-moyen-orient-le-monde-dapres-a-chacun-sa-guerre\\\/#primaryimage\"},\"thumbnailUrl\":\"https:\\\/\\\/media.bvoltaire.fr\\\/file\\\/Bvoltaire\\\/2026\\\/03\\\/IL20260304104827-trump-scaled-929x522.jpg\",\"articleSection\":[\"Uncategorized\"],\"inLanguage\":\"fr-FR\",\"potentialAction\":[{\"@type\":\"CommentAction\",\"name\":\"Comment\",\"target\":[\"https:\\\/\\\/webtube.fr\\\/index.php\\\/2026\\\/04\\\/27\\\/guerre-au-moyen-orient-le-monde-dapres-a-chacun-sa-guerre\\\/#respond\"]}]},{\"@type\":\"WebPage\",\"@id\":\"https:\\\/\\\/webtube.fr\\\/index.php\\\/2026\\\/04\\\/27\\\/guerre-au-moyen-orient-le-monde-dapres-a-chacun-sa-guerre\\\/\",\"url\":\"https:\\\/\\\/webtube.fr\\\/index.php\\\/2026\\\/04\\\/27\\\/guerre-au-moyen-orient-le-monde-dapres-a-chacun-sa-guerre\\\/\",\"name\":\". Guerre au Moyen-Orient\u00a0: le monde d\u2019apr\u00e8s. \u00c0 chacun sa guerre\u00a0? - # WEBTUBE.fr\",\"isPartOf\":{\"@id\":\"https:\\\/\\\/webtube.fr\\\/#website\"},\"primaryImageOfPage\":{\"@id\":\"https:\\\/\\\/webtube.fr\\\/index.php\\\/2026\\\/04\\\/27\\\/guerre-au-moyen-orient-le-monde-dapres-a-chacun-sa-guerre\\\/#primaryimage\"},\"image\":{\"@id\":\"https:\\\/\\\/webtube.fr\\\/index.php\\\/2026\\\/04\\\/27\\\/guerre-au-moyen-orient-le-monde-dapres-a-chacun-sa-guerre\\\/#primaryimage\"},\"thumbnailUrl\":\"https:\\\/\\\/media.bvoltaire.fr\\\/file\\\/Bvoltaire\\\/2026\\\/03\\\/IL20260304104827-trump-scaled-929x522.jpg\",\"datePublished\":\"2026-04-27T04:52:20+00:00\",\"dateModified\":\"2026-04-27T04:52:21+00:00\",\"breadcrumb\":{\"@id\":\"https:\\\/\\\/webtube.fr\\\/index.php\\\/2026\\\/04\\\/27\\\/guerre-au-moyen-orient-le-monde-dapres-a-chacun-sa-guerre\\\/#breadcrumb\"},\"inLanguage\":\"fr-FR\",\"potentialAction\":[{\"@type\":\"ReadAction\",\"target\":[\"https:\\\/\\\/webtube.fr\\\/index.php\\\/2026\\\/04\\\/27\\\/guerre-au-moyen-orient-le-monde-dapres-a-chacun-sa-guerre\\\/\"]}]},{\"@type\":\"ImageObject\",\"inLanguage\":\"fr-FR\",\"@id\":\"https:\\\/\\\/webtube.fr\\\/index.php\\\/2026\\\/04\\\/27\\\/guerre-au-moyen-orient-le-monde-dapres-a-chacun-sa-guerre\\\/#primaryimage\",\"url\":\"https:\\\/\\\/media.bvoltaire.fr\\\/file\\\/Bvoltaire\\\/2026\\\/03\\\/IL20260304104827-trump-scaled-929x522.jpg\",\"contentUrl\":\"https:\\\/\\\/media.bvoltaire.fr\\\/file\\\/Bvoltaire\\\/2026\\\/03\\\/IL20260304104827-trump-scaled-929x522.jpg\"},{\"@type\":\"BreadcrumbList\",\"@id\":\"https:\\\/\\\/webtube.fr\\\/index.php\\\/2026\\\/04\\\/27\\\/guerre-au-moyen-orient-le-monde-dapres-a-chacun-sa-guerre\\\/#breadcrumb\",\"itemListElement\":[{\"@type\":\"ListItem\",\"position\":1,\"name\":\"Accueil\",\"item\":\"https:\\\/\\\/webtube.fr\\\/\"},{\"@type\":\"ListItem\",\"position\":2,\"name\":\". Guerre au Moyen-Orient\u00a0: le monde d\u2019apr\u00e8s. \u00c0 chacun sa guerre\u00a0?\"}]},{\"@type\":\"WebSite\",\"@id\":\"https:\\\/\\\/webtube.fr\\\/#website\",\"url\":\"https:\\\/\\\/webtube.fr\\\/\",\"name\":\"WEBTUBE\",\"description\":\"WEBTUBE.fr  Streaming Vid\u00e9o and News , toutes les infos sans filtres !\",\"publisher\":{\"@id\":\"https:\\\/\\\/webtube.fr\\\/#organization\"},\"alternateName\":\"Rutube\",\"potentialAction\":[{\"@type\":\"SearchAction\",\"target\":{\"@type\":\"EntryPoint\",\"urlTemplate\":\"https:\\\/\\\/webtube.fr\\\/?s={search_term_string}\"},\"query-input\":{\"@type\":\"PropertyValueSpecification\",\"valueRequired\":true,\"valueName\":\"search_term_string\"}}],\"inLanguage\":\"fr-FR\"},{\"@type\":\"Organization\",\"@id\":\"https:\\\/\\\/webtube.fr\\\/#organization\",\"name\":\"# WEBTUBE.fr\",\"url\":\"https:\\\/\\\/webtube.fr\\\/\",\"logo\":{\"@type\":\"ImageObject\",\"inLanguage\":\"fr-FR\",\"@id\":\"https:\\\/\\\/webtube.fr\\\/#\\\/schema\\\/logo\\\/image\\\/\",\"url\":\"https:\\\/\\\/webtube.fr\\\/wp-content\\\/uploads\\\/2025\\\/09\\\/cropped-Logo_webtubeIA-1.jpg\",\"contentUrl\":\"https:\\\/\\\/webtube.fr\\\/wp-content\\\/uploads\\\/2025\\\/09\\\/cropped-Logo_webtubeIA-1.jpg\",\"width\":240,\"height\":240,\"caption\":\"# WEBTUBE.fr\"},\"image\":{\"@id\":\"https:\\\/\\\/webtube.fr\\\/#\\\/schema\\\/logo\\\/image\\\/\"},\"sameAs\":[\"https:\\\/\\\/www.facebook.com\\\/profile.php?id=100069673161887\",\"https:\\\/\\\/x.com\\\/OrtfNews\",\"https:\\\/\\\/www.facebook.com\\\/profile.php?id=100013751440523\"]},{\"@type\":\"Person\",\"@id\":\"https:\\\/\\\/webtube.fr\\\/#\\\/schema\\\/person\\\/dcc633686e0e2a79a6bf7b92c9507618\",\"name\":\"admin5851\",\"image\":{\"@type\":\"ImageObject\",\"inLanguage\":\"fr-FR\",\"@id\":\"https:\\\/\\\/secure.gravatar.com\\\/avatar\\\/ea1b672a827879c0febb022a108a871292b3d08fadc66a0a43fa47acfe82e38a?s=96&d=mm&r=g\",\"url\":\"https:\\\/\\\/secure.gravatar.com\\\/avatar\\\/ea1b672a827879c0febb022a108a871292b3d08fadc66a0a43fa47acfe82e38a?s=96&d=mm&r=g\",\"contentUrl\":\"https:\\\/\\\/secure.gravatar.com\\\/avatar\\\/ea1b672a827879c0febb022a108a871292b3d08fadc66a0a43fa47acfe82e38a?s=96&d=mm&r=g\",\"caption\":\"admin5851\"},\"sameAs\":[\"http:\\\/\\\/linlcju.cluster100.hosting.ovh.net\"],\"url\":\"https:\\\/\\\/webtube.fr\\\/index.php\\\/author\\\/admin5851\\\/\"}]}<\/script>\n<!-- \/ Yoast SEO plugin. -->","yoast_head_json":{"title":". Guerre au Moyen-Orient\u00a0: le monde d\u2019apr\u00e8s. \u00c0 chacun sa guerre\u00a0? - # WEBTUBE.fr","robots":{"index":"index","follow":"follow","max-snippet":"max-snippet:-1","max-image-preview":"max-image-preview:large","max-video-preview":"max-video-preview:-1"},"canonical":"https:\/\/webtube.fr\/index.php\/2026\/04\/27\/guerre-au-moyen-orient-le-monde-dapres-a-chacun-sa-guerre\/","og_locale":"fr_FR","og_type":"article","og_title":". Guerre au Moyen-Orient\u00a0: le monde d\u2019apr\u00e8s. \u00c0 chacun sa guerre\u00a0? - # WEBTUBE.fr","og_description":"Articles : Avril 2026 &#8211; Mar. 2026 &#8211; Fev 2026 &#8211; Jan 2026 &#8211;Facebook&nbsp;:&nbsp;https:\/\/www.facebook.com\/profile.php?id=100069673161887 Twitter : https:\/\/twitter.com\/OrtfNews Music 24\/24 : http:\/\/DJMUSIC.fr #webtube : Quid de l\u2019avenir du Moyen-Orient et du reste du monde ? \u00c0 l\u2019heure o\u00f9 les n\u00e9gociateurs iraniens, conduits par le ministre des affaires \u00e9trang\u00e8res Abbas Araghtchi, ont quitt\u00e9 Islamabad samedi, apr\u00e8s y &hellip; Continuer la lecture de &laquo;&nbsp;. Guerre au Moyen-Orient\u00a0: le monde d\u2019apr\u00e8s. \u00c0 chacun sa guerre\u00a0?&nbsp;&raquo;","og_url":"https:\/\/webtube.fr\/index.php\/2026\/04\/27\/guerre-au-moyen-orient-le-monde-dapres-a-chacun-sa-guerre\/","og_site_name":"# WEBTUBE.fr","article_publisher":"https:\/\/www.facebook.com\/profile.php?id=100069673161887","article_published_time":"2026-04-27T04:52:20+00:00","article_modified_time":"2026-04-27T04:52:21+00:00","og_image":[{"url":"https:\/\/media.bvoltaire.fr\/file\/Bvoltaire\/2026\/03\/IL20260304104827-trump-scaled-929x522.jpg","type":"","width":"","height":""}],"author":"admin5851","twitter_card":"summary_large_image","twitter_creator":"@OrtfNews","twitter_site":"@OrtfNews","twitter_misc":{"\u00c9crit par":"admin5851","Dur\u00e9e de lecture estim\u00e9e":"6 minutes"},"schema":{"@context":"https:\/\/schema.org","@graph":[{"@type":"Article","@id":"https:\/\/webtube.fr\/index.php\/2026\/04\/27\/guerre-au-moyen-orient-le-monde-dapres-a-chacun-sa-guerre\/#article","isPartOf":{"@id":"https:\/\/webtube.fr\/index.php\/2026\/04\/27\/guerre-au-moyen-orient-le-monde-dapres-a-chacun-sa-guerre\/"},"author":{"name":"admin5851","@id":"https:\/\/webtube.fr\/#\/schema\/person\/dcc633686e0e2a79a6bf7b92c9507618"},"headline":". Guerre au Moyen-Orient\u00a0: le monde d\u2019apr\u00e8s. \u00c0 chacun sa guerre\u00a0?","datePublished":"2026-04-27T04:52:20+00:00","dateModified":"2026-04-27T04:52:21+00:00","mainEntityOfPage":{"@id":"https:\/\/webtube.fr\/index.php\/2026\/04\/27\/guerre-au-moyen-orient-le-monde-dapres-a-chacun-sa-guerre\/"},"wordCount":1280,"commentCount":0,"publisher":{"@id":"https:\/\/webtube.fr\/#organization"},"image":{"@id":"https:\/\/webtube.fr\/index.php\/2026\/04\/27\/guerre-au-moyen-orient-le-monde-dapres-a-chacun-sa-guerre\/#primaryimage"},"thumbnailUrl":"https:\/\/media.bvoltaire.fr\/file\/Bvoltaire\/2026\/03\/IL20260304104827-trump-scaled-929x522.jpg","articleSection":["Uncategorized"],"inLanguage":"fr-FR","potentialAction":[{"@type":"CommentAction","name":"Comment","target":["https:\/\/webtube.fr\/index.php\/2026\/04\/27\/guerre-au-moyen-orient-le-monde-dapres-a-chacun-sa-guerre\/#respond"]}]},{"@type":"WebPage","@id":"https:\/\/webtube.fr\/index.php\/2026\/04\/27\/guerre-au-moyen-orient-le-monde-dapres-a-chacun-sa-guerre\/","url":"https:\/\/webtube.fr\/index.php\/2026\/04\/27\/guerre-au-moyen-orient-le-monde-dapres-a-chacun-sa-guerre\/","name":". Guerre au Moyen-Orient\u00a0: le monde d\u2019apr\u00e8s. \u00c0 chacun sa guerre\u00a0? - # WEBTUBE.fr","isPartOf":{"@id":"https:\/\/webtube.fr\/#website"},"primaryImageOfPage":{"@id":"https:\/\/webtube.fr\/index.php\/2026\/04\/27\/guerre-au-moyen-orient-le-monde-dapres-a-chacun-sa-guerre\/#primaryimage"},"image":{"@id":"https:\/\/webtube.fr\/index.php\/2026\/04\/27\/guerre-au-moyen-orient-le-monde-dapres-a-chacun-sa-guerre\/#primaryimage"},"thumbnailUrl":"https:\/\/media.bvoltaire.fr\/file\/Bvoltaire\/2026\/03\/IL20260304104827-trump-scaled-929x522.jpg","datePublished":"2026-04-27T04:52:20+00:00","dateModified":"2026-04-27T04:52:21+00:00","breadcrumb":{"@id":"https:\/\/webtube.fr\/index.php\/2026\/04\/27\/guerre-au-moyen-orient-le-monde-dapres-a-chacun-sa-guerre\/#breadcrumb"},"inLanguage":"fr-FR","potentialAction":[{"@type":"ReadAction","target":["https:\/\/webtube.fr\/index.php\/2026\/04\/27\/guerre-au-moyen-orient-le-monde-dapres-a-chacun-sa-guerre\/"]}]},{"@type":"ImageObject","inLanguage":"fr-FR","@id":"https:\/\/webtube.fr\/index.php\/2026\/04\/27\/guerre-au-moyen-orient-le-monde-dapres-a-chacun-sa-guerre\/#primaryimage","url":"https:\/\/media.bvoltaire.fr\/file\/Bvoltaire\/2026\/03\/IL20260304104827-trump-scaled-929x522.jpg","contentUrl":"https:\/\/media.bvoltaire.fr\/file\/Bvoltaire\/2026\/03\/IL20260304104827-trump-scaled-929x522.jpg"},{"@type":"BreadcrumbList","@id":"https:\/\/webtube.fr\/index.php\/2026\/04\/27\/guerre-au-moyen-orient-le-monde-dapres-a-chacun-sa-guerre\/#breadcrumb","itemListElement":[{"@type":"ListItem","position":1,"name":"Accueil","item":"https:\/\/webtube.fr\/"},{"@type":"ListItem","position":2,"name":". Guerre au Moyen-Orient\u00a0: le monde d\u2019apr\u00e8s. \u00c0 chacun sa guerre\u00a0?"}]},{"@type":"WebSite","@id":"https:\/\/webtube.fr\/#website","url":"https:\/\/webtube.fr\/","name":"WEBTUBE","description":"WEBTUBE.fr  Streaming Vid\u00e9o and News , toutes les infos sans filtres !","publisher":{"@id":"https:\/\/webtube.fr\/#organization"},"alternateName":"Rutube","potentialAction":[{"@type":"SearchAction","target":{"@type":"EntryPoint","urlTemplate":"https:\/\/webtube.fr\/?s={search_term_string}"},"query-input":{"@type":"PropertyValueSpecification","valueRequired":true,"valueName":"search_term_string"}}],"inLanguage":"fr-FR"},{"@type":"Organization","@id":"https:\/\/webtube.fr\/#organization","name":"# WEBTUBE.fr","url":"https:\/\/webtube.fr\/","logo":{"@type":"ImageObject","inLanguage":"fr-FR","@id":"https:\/\/webtube.fr\/#\/schema\/logo\/image\/","url":"https:\/\/webtube.fr\/wp-content\/uploads\/2025\/09\/cropped-Logo_webtubeIA-1.jpg","contentUrl":"https:\/\/webtube.fr\/wp-content\/uploads\/2025\/09\/cropped-Logo_webtubeIA-1.jpg","width":240,"height":240,"caption":"# WEBTUBE.fr"},"image":{"@id":"https:\/\/webtube.fr\/#\/schema\/logo\/image\/"},"sameAs":["https:\/\/www.facebook.com\/profile.php?id=100069673161887","https:\/\/x.com\/OrtfNews","https:\/\/www.facebook.com\/profile.php?id=100013751440523"]},{"@type":"Person","@id":"https:\/\/webtube.fr\/#\/schema\/person\/dcc633686e0e2a79a6bf7b92c9507618","name":"admin5851","image":{"@type":"ImageObject","inLanguage":"fr-FR","@id":"https:\/\/secure.gravatar.com\/avatar\/ea1b672a827879c0febb022a108a871292b3d08fadc66a0a43fa47acfe82e38a?s=96&d=mm&r=g","url":"https:\/\/secure.gravatar.com\/avatar\/ea1b672a827879c0febb022a108a871292b3d08fadc66a0a43fa47acfe82e38a?s=96&d=mm&r=g","contentUrl":"https:\/\/secure.gravatar.com\/avatar\/ea1b672a827879c0febb022a108a871292b3d08fadc66a0a43fa47acfe82e38a?s=96&d=mm&r=g","caption":"admin5851"},"sameAs":["http:\/\/linlcju.cluster100.hosting.ovh.net"],"url":"https:\/\/webtube.fr\/index.php\/author\/admin5851\/"}]}},"jetpack_featured_media_url":"","jetpack_sharing_enabled":true,"_links":{"self":[{"href":"https:\/\/webtube.fr\/index.php\/wp-json\/wp\/v2\/posts\/35560","targetHints":{"allow":["GET"]}}],"collection":[{"href":"https:\/\/webtube.fr\/index.php\/wp-json\/wp\/v2\/posts"}],"about":[{"href":"https:\/\/webtube.fr\/index.php\/wp-json\/wp\/v2\/types\/post"}],"author":[{"embeddable":true,"href":"https:\/\/webtube.fr\/index.php\/wp-json\/wp\/v2\/users\/1"}],"replies":[{"embeddable":true,"href":"https:\/\/webtube.fr\/index.php\/wp-json\/wp\/v2\/comments?post=35560"}],"version-history":[{"count":1,"href":"https:\/\/webtube.fr\/index.php\/wp-json\/wp\/v2\/posts\/35560\/revisions"}],"predecessor-version":[{"id":35561,"href":"https:\/\/webtube.fr\/index.php\/wp-json\/wp\/v2\/posts\/35560\/revisions\/35561"}],"wp:attachment":[{"href":"https:\/\/webtube.fr\/index.php\/wp-json\/wp\/v2\/media?parent=35560"}],"wp:term":[{"taxonomy":"category","embeddable":true,"href":"https:\/\/webtube.fr\/index.php\/wp-json\/wp\/v2\/categories?post=35560"},{"taxonomy":"post_tag","embeddable":true,"href":"https:\/\/webtube.fr\/index.php\/wp-json\/wp\/v2\/tags?post=35560"}],"curies":[{"name":"wp","href":"https:\/\/api.w.org\/{rel}","templated":true}]}}