{"id":35540,"date":"2026-04-26T05:24:52","date_gmt":"2026-04-26T05:24:52","guid":{"rendered":"https:\/\/webtube.fr\/?p=35540"},"modified":"2026-04-26T05:24:52","modified_gmt":"2026-04-26T05:24:52","slug":"i-media-revient-sur-le-piratage-de-lagence-nationale-des-titres-securises-et-leviction-dolivier-nora-chez-grasset","status":"publish","type":"post","link":"https:\/\/webtube.fr\/index.php\/2026\/04\/26\/i-media-revient-sur-le-piratage-de-lagence-nationale-des-titres-securises-et-leviction-dolivier-nora-chez-grasset\/","title":{"rendered":". I-M\u00e9dia revient sur le piratage de l\u2019Agence nationale des titres s\u00e9curis\u00e9s et l\u2019\u00e9viction d\u2019Olivier Nora chez Grasset"},"content":{"rendered":"\n<p>Articles : <a href=\"https:\/\/webtube.fr\/index.php\/2026\/04\/\" target=\"_blank\" rel=\"noreferrer noopener\">Avril 2026<\/a> &#8211; <a href=\"https:\/\/webtube.fr\/index.php\/2026\/03\/\" target=\"_blank\" rel=\"noreferrer noopener\">Mar. 2026<\/a> &#8211; <a href=\"https:\/\/webtube.fr\/index.php\/2026\/02\/\" target=\"_blank\" rel=\"noreferrer noopener\">Fev 2026<\/a> &#8211; <a href=\"https:\/\/webtube.fr\/index.php\/2026\/01\/\" target=\"_blank\" rel=\"noreferrer noopener\">Jan 2026<\/a> &#8211;<br>Facebook&nbsp;:&nbsp;<a href=\"https:\/\/www.facebook.com\/profile.php?id=100069673161887\">https:\/\/www.facebook.com\/profile.php?id=100069673161887<\/a> Twitter : <a href=\"https:\/\/twitter.com\/OrtfNews\" target=\"_blank\" rel=\"noreferrer noopener\">https:\/\/twitter.com\/OrtfNews<\/a> Music 24\/24 : <a href=\"http:\/\/DJMUSIC.fr\/\" target=\"_blank\" rel=\"noreferrer noopener\">http:\/\/DJMUSIC.fr<\/a><\/p>\n\n\n\n<figure class=\"wp-block-image size-large\"><img decoding=\"async\" src=\"https:\/\/www.breizh-info.com\/wp-content\/uploads\/2026\/04\/cyber-scaled.jpg\" alt=\"\"\/><\/figure>\n\n\n\n<p><strong>#webtube <\/strong>: <em>Le nouveau num\u00e9ro d\u2019I-M\u00e9dia, le magazine hebdomadaire de critique des m\u00e9dias diffus\u00e9 sur TV Libert\u00e9s, est en ligne. Pr\u00e9sent\u00e9 par Floriane Jeannin, en compagnie cette semaine de Jean-Yves Le Gallou, le programme revient sur plusieurs sujets marquants de l\u2019actualit\u00e9 m\u00e9diatique et politique r\u00e9cente, avec un focus sur deux dossiers principaux.<\/em><\/p>\n\n\n\n<h3 class=\"wp-block-heading\">L\u2019image de la semaine : le piratage de l\u2019ANTS et la fuite en avant europ\u00e9enne<\/h3>\n\n\n\n<p>Le premier volet du programme est consacr\u00e9 au piratage massif dont a \u00e9t\u00e9 victime l\u2019Agence nationale des titres s\u00e9curis\u00e9s (ANTS). Pr\u00e8s de 11,7 millions de comptes auraient \u00e9t\u00e9 compromis, avec des donn\u00e9es personnelles \u2014 noms, pr\u00e9noms, adresses \u00e9lectroniques, num\u00e9ros de t\u00e9l\u00e9phone et parfois informations de connexion \u2014 d\u00e9sormais dans la nature. L\u2019affaire est d\u2019autant plus embarrassante que l\u2019ANTS est pr\u00e9cis\u00e9ment l\u2019organisme charg\u00e9 de d\u00e9livrer cartes d\u2019identit\u00e9, passeports et permis de conduire, c\u2019est-\u00e0-dire les documents qui structurent la vie administrative des Fran\u00e7ais.<\/p>\n\n\n\n<p>Les deux chroniqueurs replacent cette fuite dans un contexte plus large. Quelques jours auparavant, une application europ\u00e9enne de v\u00e9rification d\u2019identit\u00e9, pr\u00e9sent\u00e9e comme la plus s\u00e9curis\u00e9e au monde par Ursula von der Leyen dans le cadre d\u2019un dispositif cens\u00e9 prot\u00e9ger les mineurs sur les r\u00e9seaux sociaux, aurait \u00e9t\u00e9 contourn\u00e9e en moins de vingt-quatre heures par un consultant en cybers\u00e9curit\u00e9. Simultan\u00e9ment, la Commission europ\u00e9enne d\u00e9ploie une campagne de communication grand public autour des notions de \u00ab d\u00e9mocratie \u00bb et de \u00ab libert\u00e9 d\u2019expression \u00bb, ciblant prioritairement les 18-30 ans. Pour Jean-Yves Le Gallou, le contraste entre l\u2019affichage et la r\u00e9alit\u00e9 rappelle moins&nbsp;<em>1984<\/em>&nbsp;que son esprit. Florian Jeannin souligne \u00e9galement la tonalit\u00e9 employ\u00e9e par le gouvernement, qui parle d\u2019un simple \u00ab incident de s\u00e9curit\u00e9 \u00bb pour qualifier une fuite portant sur pr\u00e8s de la moiti\u00e9 des titres \u00e9mis dans le pays.<\/p>\n\n\n\n<figure class=\"wp-block-embed is-type-video is-provider-youtube wp-block-embed-youtube wp-embed-aspect-16-9 wp-has-aspect-ratio\"><div class=\"wp-block-embed__wrapper\">\n<iframe loading=\"lazy\" title=\"D\u00e9faillances en France - 0 point\u00e9 pour Nunez en cybers\u00e9curit\u00e9 ! | I-M\u00e9dia - TVL\" width=\"840\" height=\"473\" src=\"https:\/\/www.youtube.com\/embed\/Le0kK2HTm1s?feature=oembed\" frameborder=\"0\" allow=\"accelerometer; autoplay; clipboard-write; encrypted-media; gyroscope; picture-in-picture; web-share\" referrerpolicy=\"strict-origin-when-cross-origin\" allowfullscreen><\/iframe>\n<\/div><\/figure>\n\n\n\n<h3 class=\"wp-block-heading\">Le dossier : l\u2019\u00e9viction d\u2019Olivier Nora chez Grasset<\/h3>\n\n\n\n<p>Le second sujet revient sur le remerciement d\u2019Olivier Nora \u00e0 la t\u00eate des \u00e9ditions Grasset, qui a suscit\u00e9 une vague d\u2019indignation dans une partie du monde litt\u00e9raire parisien \u2014 dont un \u00e9ditorial de Bernard-Henri L\u00e9vy dans&nbsp;<em>Le Point<\/em>, ainsi qu\u2019une tribune sign\u00e9e par 115 auteurs annon\u00e7ant leur d\u00e9part de la maison. Selon certaines sources relay\u00e9es dans l\u2019\u00e9mission, l\u2019\u00e9crasante majorit\u00e9 d\u2019entre eux seraient class\u00e9s \u00e0 gauche.<\/p>\n\n\n\n<p>Les deux chroniqueurs reviennent sur la r\u00e9ponse publique de Vincent Bollor\u00e9, propri\u00e9taire du groupe, qui a notamment rappel\u00e9 que la r\u00e9mun\u00e9ration annuelle d\u2019Olivier Nora \u00e9tait pass\u00e9e de 83 000 euros \u00e0 1,17 million d\u2019euros en l\u2019espace d\u2019un an. L\u2019\u00e9mission diffuse \u00e9galement l\u2019extrait devenu viral de l\u2019\u00e9crivain David Dufresne d\u00e9chirant son contrat Grasset en direct sur le plateau de&nbsp;<em>C ce soir<\/em>. Jean-Yves Le Gallou conteste l\u2019id\u00e9e d\u2019un monopole \u00e9ditorial d\u2019un seul bord, rappelant que plusieurs grands quotidiens de gauche sont adoss\u00e9s \u00e0 des fortunes d\u2019ampleur comparable (Niel au&nbsp;<em>Monde<\/em>, Kretinsky \u00e0&nbsp;<em>Lib\u00e9ration<\/em>, Pigasse dans plusieurs titres), et pointe le v\u00e9ritable d\u00e9ficit du paysage : celui du pluralisme \u00e9ditorial effectif dans les librairies, o\u00f9 les piles restent largement orient\u00e9es dans un sens unique.<\/p>\n\n\n\n<h3 class=\"wp-block-heading\">Les pastilles de l\u2019information<\/h3>\n\n\n\n<p>Plusieurs sujets plus brefs sont \u00e9galement abord\u00e9s dans ce num\u00e9ro :<\/p>\n\n\n\n<ul class=\"wp-block-list\">\n<li>La profanation d\u2019une statue du Christ par un soldat isra\u00e9lien au Liban, et la mani\u00e8re tr\u00e8s diff\u00e9rente dont les r\u00e9dactions fran\u00e7aises ont choisi \u2014 ou non \u2014 de montrer l\u2019image,\u00a0<em>Le Monde<\/em>\u00a0publiant la photo de l\u2019acte quand\u00a0<em>Le Figaro<\/em>\u00a0et\u00a0<em>La Croix<\/em>\u00a0ont opt\u00e9 pour des illustrations neutres ;<\/li>\n\n\n\n<li>Un reportage de M6 qualifi\u00e9 de \u00ab point Godwin \u00bb par les deux chroniqueurs, qui met sur le m\u00eame plan l\u2019installation de croix sans autorisation par un collectif catholique identitaire dans l\u2019arri\u00e8re-pays ni\u00e7ois et des autocollants nazis retrouv\u00e9s dans les rues du vieux Nice ;<\/li>\n\n\n\n<li>Xavier Niel, qui avait justifi\u00e9 son report \u00e0 une audition devant la commission d\u2019enqu\u00eate parlementaire sur l\u2019audiovisuel public (pr\u00e9sid\u00e9e par Aur\u00e9lien Saintoul) par un \u00ab emp\u00eachement urgent et ind\u00e9pendant de sa volont\u00e9 \u00bb, mais que l\u2019on aurait en r\u00e9alit\u00e9 retrouv\u00e9 au ski \u00e0 Courchevel ;<\/li>\n\n\n\n<li>La saisie de 800 armes blanches lors de 20 500 contr\u00f4les r\u00e9alis\u00e9s aux abords des \u00e9tablissements scolaires l\u2019an pass\u00e9, soit pr\u00e8s de 4 % de contr\u00f4les positifs, et la caricature publi\u00e9e par\u00a0<em>Lib\u00e9ration<\/em>\u00a0sign\u00e9e Coco, mettant en sc\u00e8ne un \u00e9l\u00e8ve pr\u00e9nomm\u00e9 \u00ab Kilian \u00bb en train d\u2019aff\u00fbter un couteau ;<\/li>\n\n\n\n<li>Le refus d\u2019Elon Musk de se pr\u00e9senter \u00e0 sa convocation au parquet de Paris, dans le sillage de l\u2019affaire Pavel Durov, dont la garde \u00e0 vue de 96 heures est rappel\u00e9e ;<\/li>\n\n\n\n<li>L\u2019interview promotionnelle de Gabriel Attal sur le plateau de\u00a0<em>C \u00e0 vous<\/em>\u00a0pour la sortie de son livre, qui a enregistr\u00e9 la plus faible audience de la saison, les chroniqueurs pointant par ailleurs le d\u00e9calage entre le r\u00e9cit personnel mis en avant par l\u2019ancien Premier ministre et ses origines sociales r\u00e9elles.<\/li>\n<\/ul>\n\n\n\n<p>Le num\u00e9ro se conclut, comme \u00e0 l\u2019accoutum\u00e9e, par un portrait sign\u00e9 de l\u2019Observatoire du journalisme (OJIM), consacr\u00e9 cette semaine \u00e0&nbsp;<strong>\u00c9lisabeth Lemoine<\/strong>, pr\u00e9sentatrice de l\u2019\u00e9mission&nbsp;<em>C \u00e0 vous<\/em>&nbsp;sur France 5. Le portrait revient sur son parcours \u2014 Plessis-Robinson, famille catholique de sept enfants, \u00e9tudes de lettres, radios priv\u00e9es puis t\u00e9l\u00e9visions publiques \u2014, ses prises de position, la mani\u00e8re dont elle s\u2019inscrit dans la ligne voulue par Delphine Ernotte \u00e0 la t\u00eate de France T\u00e9l\u00e9visions, ainsi que sur plusieurs t\u00e9moignages recueillis par la presse sur son management interne.<\/p>\n\n\n\n<p><em>breizh-info.com<\/em><\/p>\n","protected":false},"excerpt":{"rendered":"<p>Articles : Avril 2026 &#8211; Mar. 2026 &#8211; Fev 2026 &#8211; Jan 2026 &#8211;Facebook&nbsp;:&nbsp;https:\/\/www.facebook.com\/profile.php?id=100069673161887 Twitter : https:\/\/twitter.com\/OrtfNews Music 24\/24 : http:\/\/DJMUSIC.fr #webtube : Le nouveau num\u00e9ro d\u2019I-M\u00e9dia, le magazine hebdomadaire de critique des m\u00e9dias diffus\u00e9 sur TV Libert\u00e9s, est en ligne. Pr\u00e9sent\u00e9 par Floriane Jeannin, en compagnie cette semaine de Jean-Yves Le Gallou, le programme &hellip; <a href=\"https:\/\/webtube.fr\/index.php\/2026\/04\/26\/i-media-revient-sur-le-piratage-de-lagence-nationale-des-titres-securises-et-leviction-dolivier-nora-chez-grasset\/\" class=\"more-link\">Continuer la lecture<span class=\"screen-reader-text\"> de &laquo;&nbsp;. I-M\u00e9dia revient sur le piratage de l\u2019Agence nationale des titres s\u00e9curis\u00e9s et l\u2019\u00e9viction d\u2019Olivier Nora chez Grasset&nbsp;&raquo;<\/span><\/a><\/p>\n","protected":false},"author":1,"featured_media":0,"comment_status":"open","ping_status":"open","sticky":false,"template":"","format":"standard","meta":{"_jetpack_memberships_contains_paid_content":false,"footnotes":""},"categories":[1],"tags":[],"class_list":["post-35540","post","type-post","status-publish","format-standard","hentry","category-uncategorized"],"yoast_head":"<!-- This site is optimized with the Yoast SEO plugin v27.3 - https:\/\/yoast.com\/product\/yoast-seo-wordpress\/ -->\n<title>. I-M\u00e9dia revient sur le piratage de l\u2019Agence nationale des titres s\u00e9curis\u00e9s et l\u2019\u00e9viction d\u2019Olivier Nora chez Grasset - # WEBTUBE.fr<\/title>\n<meta name=\"robots\" content=\"index, follow, max-snippet:-1, max-image-preview:large, max-video-preview:-1\" \/>\n<link rel=\"canonical\" href=\"https:\/\/webtube.fr\/index.php\/2026\/04\/26\/i-media-revient-sur-le-piratage-de-lagence-nationale-des-titres-securises-et-leviction-dolivier-nora-chez-grasset\/\" \/>\n<meta property=\"og:locale\" content=\"fr_FR\" \/>\n<meta property=\"og:type\" content=\"article\" \/>\n<meta property=\"og:title\" content=\". I-M\u00e9dia revient sur le piratage de l\u2019Agence nationale des titres s\u00e9curis\u00e9s et l\u2019\u00e9viction d\u2019Olivier Nora chez Grasset - # WEBTUBE.fr\" \/>\n<meta property=\"og:description\" content=\"Articles : Avril 2026 &#8211; Mar. 2026 &#8211; Fev 2026 &#8211; Jan 2026 &#8211;Facebook&nbsp;:&nbsp;https:\/\/www.facebook.com\/profile.php?id=100069673161887 Twitter : https:\/\/twitter.com\/OrtfNews Music 24\/24 : http:\/\/DJMUSIC.fr #webtube : Le nouveau num\u00e9ro d\u2019I-M\u00e9dia, le magazine hebdomadaire de critique des m\u00e9dias diffus\u00e9 sur TV Libert\u00e9s, est en ligne. Pr\u00e9sent\u00e9 par Floriane Jeannin, en compagnie cette semaine de Jean-Yves Le Gallou, le programme &hellip; Continuer la lecture de &laquo;&nbsp;. I-M\u00e9dia revient sur le piratage de l\u2019Agence nationale des titres s\u00e9curis\u00e9s et l\u2019\u00e9viction d\u2019Olivier Nora chez Grasset&nbsp;&raquo;\" \/>\n<meta property=\"og:url\" content=\"https:\/\/webtube.fr\/index.php\/2026\/04\/26\/i-media-revient-sur-le-piratage-de-lagence-nationale-des-titres-securises-et-leviction-dolivier-nora-chez-grasset\/\" \/>\n<meta property=\"og:site_name\" content=\"# WEBTUBE.fr\" \/>\n<meta property=\"article:publisher\" content=\"https:\/\/www.facebook.com\/profile.php?id=100069673161887\" \/>\n<meta property=\"article:published_time\" content=\"2026-04-26T05:24:52+00:00\" \/>\n<meta property=\"og:image\" content=\"https:\/\/www.breizh-info.com\/wp-content\/uploads\/2026\/04\/cyber-scaled.jpg\" \/>\n<meta name=\"author\" content=\"admin5851\" \/>\n<meta name=\"twitter:card\" content=\"summary_large_image\" \/>\n<meta name=\"twitter:creator\" content=\"@OrtfNews\" \/>\n<meta name=\"twitter:site\" content=\"@OrtfNews\" \/>\n<meta name=\"twitter:label1\" content=\"\u00c9crit par\" \/>\n\t<meta name=\"twitter:data1\" content=\"admin5851\" \/>\n\t<meta name=\"twitter:label2\" content=\"Dur\u00e9e de lecture estim\u00e9e\" \/>\n\t<meta name=\"twitter:data2\" content=\"5 minutes\" \/>\n<script type=\"application\/ld+json\" class=\"yoast-schema-graph\">{\"@context\":\"https:\\\/\\\/schema.org\",\"@graph\":[{\"@type\":\"Article\",\"@id\":\"https:\\\/\\\/webtube.fr\\\/index.php\\\/2026\\\/04\\\/26\\\/i-media-revient-sur-le-piratage-de-lagence-nationale-des-titres-securises-et-leviction-dolivier-nora-chez-grasset\\\/#article\",\"isPartOf\":{\"@id\":\"https:\\\/\\\/webtube.fr\\\/index.php\\\/2026\\\/04\\\/26\\\/i-media-revient-sur-le-piratage-de-lagence-nationale-des-titres-securises-et-leviction-dolivier-nora-chez-grasset\\\/\"},\"author\":{\"name\":\"admin5851\",\"@id\":\"https:\\\/\\\/webtube.fr\\\/#\\\/schema\\\/person\\\/dcc633686e0e2a79a6bf7b92c9507618\"},\"headline\":\". I-M\u00e9dia revient sur le piratage de l\u2019Agence nationale des titres s\u00e9curis\u00e9s et l\u2019\u00e9viction d\u2019Olivier Nora chez Grasset\",\"datePublished\":\"2026-04-26T05:24:52+00:00\",\"mainEntityOfPage\":{\"@id\":\"https:\\\/\\\/webtube.fr\\\/index.php\\\/2026\\\/04\\\/26\\\/i-media-revient-sur-le-piratage-de-lagence-nationale-des-titres-securises-et-leviction-dolivier-nora-chez-grasset\\\/\"},\"wordCount\":1031,\"commentCount\":0,\"publisher\":{\"@id\":\"https:\\\/\\\/webtube.fr\\\/#organization\"},\"image\":{\"@id\":\"https:\\\/\\\/webtube.fr\\\/index.php\\\/2026\\\/04\\\/26\\\/i-media-revient-sur-le-piratage-de-lagence-nationale-des-titres-securises-et-leviction-dolivier-nora-chez-grasset\\\/#primaryimage\"},\"thumbnailUrl\":\"https:\\\/\\\/www.breizh-info.com\\\/wp-content\\\/uploads\\\/2026\\\/04\\\/cyber-scaled.jpg\",\"articleSection\":[\"Uncategorized\"],\"inLanguage\":\"fr-FR\",\"potentialAction\":[{\"@type\":\"CommentAction\",\"name\":\"Comment\",\"target\":[\"https:\\\/\\\/webtube.fr\\\/index.php\\\/2026\\\/04\\\/26\\\/i-media-revient-sur-le-piratage-de-lagence-nationale-des-titres-securises-et-leviction-dolivier-nora-chez-grasset\\\/#respond\"]}]},{\"@type\":\"WebPage\",\"@id\":\"https:\\\/\\\/webtube.fr\\\/index.php\\\/2026\\\/04\\\/26\\\/i-media-revient-sur-le-piratage-de-lagence-nationale-des-titres-securises-et-leviction-dolivier-nora-chez-grasset\\\/\",\"url\":\"https:\\\/\\\/webtube.fr\\\/index.php\\\/2026\\\/04\\\/26\\\/i-media-revient-sur-le-piratage-de-lagence-nationale-des-titres-securises-et-leviction-dolivier-nora-chez-grasset\\\/\",\"name\":\". I-M\u00e9dia revient sur le piratage de l\u2019Agence nationale des titres s\u00e9curis\u00e9s et l\u2019\u00e9viction d\u2019Olivier Nora chez Grasset - # WEBTUBE.fr\",\"isPartOf\":{\"@id\":\"https:\\\/\\\/webtube.fr\\\/#website\"},\"primaryImageOfPage\":{\"@id\":\"https:\\\/\\\/webtube.fr\\\/index.php\\\/2026\\\/04\\\/26\\\/i-media-revient-sur-le-piratage-de-lagence-nationale-des-titres-securises-et-leviction-dolivier-nora-chez-grasset\\\/#primaryimage\"},\"image\":{\"@id\":\"https:\\\/\\\/webtube.fr\\\/index.php\\\/2026\\\/04\\\/26\\\/i-media-revient-sur-le-piratage-de-lagence-nationale-des-titres-securises-et-leviction-dolivier-nora-chez-grasset\\\/#primaryimage\"},\"thumbnailUrl\":\"https:\\\/\\\/www.breizh-info.com\\\/wp-content\\\/uploads\\\/2026\\\/04\\\/cyber-scaled.jpg\",\"datePublished\":\"2026-04-26T05:24:52+00:00\",\"breadcrumb\":{\"@id\":\"https:\\\/\\\/webtube.fr\\\/index.php\\\/2026\\\/04\\\/26\\\/i-media-revient-sur-le-piratage-de-lagence-nationale-des-titres-securises-et-leviction-dolivier-nora-chez-grasset\\\/#breadcrumb\"},\"inLanguage\":\"fr-FR\",\"potentialAction\":[{\"@type\":\"ReadAction\",\"target\":[\"https:\\\/\\\/webtube.fr\\\/index.php\\\/2026\\\/04\\\/26\\\/i-media-revient-sur-le-piratage-de-lagence-nationale-des-titres-securises-et-leviction-dolivier-nora-chez-grasset\\\/\"]}]},{\"@type\":\"ImageObject\",\"inLanguage\":\"fr-FR\",\"@id\":\"https:\\\/\\\/webtube.fr\\\/index.php\\\/2026\\\/04\\\/26\\\/i-media-revient-sur-le-piratage-de-lagence-nationale-des-titres-securises-et-leviction-dolivier-nora-chez-grasset\\\/#primaryimage\",\"url\":\"https:\\\/\\\/www.breizh-info.com\\\/wp-content\\\/uploads\\\/2026\\\/04\\\/cyber-scaled.jpg\",\"contentUrl\":\"https:\\\/\\\/www.breizh-info.com\\\/wp-content\\\/uploads\\\/2026\\\/04\\\/cyber-scaled.jpg\"},{\"@type\":\"BreadcrumbList\",\"@id\":\"https:\\\/\\\/webtube.fr\\\/index.php\\\/2026\\\/04\\\/26\\\/i-media-revient-sur-le-piratage-de-lagence-nationale-des-titres-securises-et-leviction-dolivier-nora-chez-grasset\\\/#breadcrumb\",\"itemListElement\":[{\"@type\":\"ListItem\",\"position\":1,\"name\":\"Accueil\",\"item\":\"https:\\\/\\\/webtube.fr\\\/\"},{\"@type\":\"ListItem\",\"position\":2,\"name\":\". I-M\u00e9dia revient sur le piratage de l\u2019Agence nationale des titres s\u00e9curis\u00e9s et l\u2019\u00e9viction d\u2019Olivier Nora chez Grasset\"}]},{\"@type\":\"WebSite\",\"@id\":\"https:\\\/\\\/webtube.fr\\\/#website\",\"url\":\"https:\\\/\\\/webtube.fr\\\/\",\"name\":\"WEBTUBE\",\"description\":\"WEBTUBE.fr  Streaming Vid\u00e9o and News , toutes les infos sans filtres !\",\"publisher\":{\"@id\":\"https:\\\/\\\/webtube.fr\\\/#organization\"},\"alternateName\":\"Rutube\",\"potentialAction\":[{\"@type\":\"SearchAction\",\"target\":{\"@type\":\"EntryPoint\",\"urlTemplate\":\"https:\\\/\\\/webtube.fr\\\/?s={search_term_string}\"},\"query-input\":{\"@type\":\"PropertyValueSpecification\",\"valueRequired\":true,\"valueName\":\"search_term_string\"}}],\"inLanguage\":\"fr-FR\"},{\"@type\":\"Organization\",\"@id\":\"https:\\\/\\\/webtube.fr\\\/#organization\",\"name\":\"# WEBTUBE.fr\",\"url\":\"https:\\\/\\\/webtube.fr\\\/\",\"logo\":{\"@type\":\"ImageObject\",\"inLanguage\":\"fr-FR\",\"@id\":\"https:\\\/\\\/webtube.fr\\\/#\\\/schema\\\/logo\\\/image\\\/\",\"url\":\"https:\\\/\\\/webtube.fr\\\/wp-content\\\/uploads\\\/2025\\\/09\\\/cropped-Logo_webtubeIA-1.jpg\",\"contentUrl\":\"https:\\\/\\\/webtube.fr\\\/wp-content\\\/uploads\\\/2025\\\/09\\\/cropped-Logo_webtubeIA-1.jpg\",\"width\":240,\"height\":240,\"caption\":\"# WEBTUBE.fr\"},\"image\":{\"@id\":\"https:\\\/\\\/webtube.fr\\\/#\\\/schema\\\/logo\\\/image\\\/\"},\"sameAs\":[\"https:\\\/\\\/www.facebook.com\\\/profile.php?id=100069673161887\",\"https:\\\/\\\/x.com\\\/OrtfNews\",\"https:\\\/\\\/www.facebook.com\\\/profile.php?id=100013751440523\"]},{\"@type\":\"Person\",\"@id\":\"https:\\\/\\\/webtube.fr\\\/#\\\/schema\\\/person\\\/dcc633686e0e2a79a6bf7b92c9507618\",\"name\":\"admin5851\",\"image\":{\"@type\":\"ImageObject\",\"inLanguage\":\"fr-FR\",\"@id\":\"https:\\\/\\\/secure.gravatar.com\\\/avatar\\\/ea1b672a827879c0febb022a108a871292b3d08fadc66a0a43fa47acfe82e38a?s=96&d=mm&r=g\",\"url\":\"https:\\\/\\\/secure.gravatar.com\\\/avatar\\\/ea1b672a827879c0febb022a108a871292b3d08fadc66a0a43fa47acfe82e38a?s=96&d=mm&r=g\",\"contentUrl\":\"https:\\\/\\\/secure.gravatar.com\\\/avatar\\\/ea1b672a827879c0febb022a108a871292b3d08fadc66a0a43fa47acfe82e38a?s=96&d=mm&r=g\",\"caption\":\"admin5851\"},\"sameAs\":[\"http:\\\/\\\/linlcju.cluster100.hosting.ovh.net\"],\"url\":\"https:\\\/\\\/webtube.fr\\\/index.php\\\/author\\\/admin5851\\\/\"}]}<\/script>\n<!-- \/ Yoast SEO plugin. -->","yoast_head_json":{"title":". I-M\u00e9dia revient sur le piratage de l\u2019Agence nationale des titres s\u00e9curis\u00e9s et l\u2019\u00e9viction d\u2019Olivier Nora chez Grasset - # WEBTUBE.fr","robots":{"index":"index","follow":"follow","max-snippet":"max-snippet:-1","max-image-preview":"max-image-preview:large","max-video-preview":"max-video-preview:-1"},"canonical":"https:\/\/webtube.fr\/index.php\/2026\/04\/26\/i-media-revient-sur-le-piratage-de-lagence-nationale-des-titres-securises-et-leviction-dolivier-nora-chez-grasset\/","og_locale":"fr_FR","og_type":"article","og_title":". I-M\u00e9dia revient sur le piratage de l\u2019Agence nationale des titres s\u00e9curis\u00e9s et l\u2019\u00e9viction d\u2019Olivier Nora chez Grasset - # WEBTUBE.fr","og_description":"Articles : Avril 2026 &#8211; Mar. 2026 &#8211; Fev 2026 &#8211; Jan 2026 &#8211;Facebook&nbsp;:&nbsp;https:\/\/www.facebook.com\/profile.php?id=100069673161887 Twitter : https:\/\/twitter.com\/OrtfNews Music 24\/24 : http:\/\/DJMUSIC.fr #webtube : Le nouveau num\u00e9ro d\u2019I-M\u00e9dia, le magazine hebdomadaire de critique des m\u00e9dias diffus\u00e9 sur TV Libert\u00e9s, est en ligne. Pr\u00e9sent\u00e9 par Floriane Jeannin, en compagnie cette semaine de Jean-Yves Le Gallou, le programme &hellip; Continuer la lecture de &laquo;&nbsp;. I-M\u00e9dia revient sur le piratage de l\u2019Agence nationale des titres s\u00e9curis\u00e9s et l\u2019\u00e9viction d\u2019Olivier Nora chez Grasset&nbsp;&raquo;","og_url":"https:\/\/webtube.fr\/index.php\/2026\/04\/26\/i-media-revient-sur-le-piratage-de-lagence-nationale-des-titres-securises-et-leviction-dolivier-nora-chez-grasset\/","og_site_name":"# WEBTUBE.fr","article_publisher":"https:\/\/www.facebook.com\/profile.php?id=100069673161887","article_published_time":"2026-04-26T05:24:52+00:00","og_image":[{"url":"https:\/\/www.breizh-info.com\/wp-content\/uploads\/2026\/04\/cyber-scaled.jpg","type":"","width":"","height":""}],"author":"admin5851","twitter_card":"summary_large_image","twitter_creator":"@OrtfNews","twitter_site":"@OrtfNews","twitter_misc":{"\u00c9crit par":"admin5851","Dur\u00e9e de lecture estim\u00e9e":"5 minutes"},"schema":{"@context":"https:\/\/schema.org","@graph":[{"@type":"Article","@id":"https:\/\/webtube.fr\/index.php\/2026\/04\/26\/i-media-revient-sur-le-piratage-de-lagence-nationale-des-titres-securises-et-leviction-dolivier-nora-chez-grasset\/#article","isPartOf":{"@id":"https:\/\/webtube.fr\/index.php\/2026\/04\/26\/i-media-revient-sur-le-piratage-de-lagence-nationale-des-titres-securises-et-leviction-dolivier-nora-chez-grasset\/"},"author":{"name":"admin5851","@id":"https:\/\/webtube.fr\/#\/schema\/person\/dcc633686e0e2a79a6bf7b92c9507618"},"headline":". I-M\u00e9dia revient sur le piratage de l\u2019Agence nationale des titres s\u00e9curis\u00e9s et l\u2019\u00e9viction d\u2019Olivier Nora chez Grasset","datePublished":"2026-04-26T05:24:52+00:00","mainEntityOfPage":{"@id":"https:\/\/webtube.fr\/index.php\/2026\/04\/26\/i-media-revient-sur-le-piratage-de-lagence-nationale-des-titres-securises-et-leviction-dolivier-nora-chez-grasset\/"},"wordCount":1031,"commentCount":0,"publisher":{"@id":"https:\/\/webtube.fr\/#organization"},"image":{"@id":"https:\/\/webtube.fr\/index.php\/2026\/04\/26\/i-media-revient-sur-le-piratage-de-lagence-nationale-des-titres-securises-et-leviction-dolivier-nora-chez-grasset\/#primaryimage"},"thumbnailUrl":"https:\/\/www.breizh-info.com\/wp-content\/uploads\/2026\/04\/cyber-scaled.jpg","articleSection":["Uncategorized"],"inLanguage":"fr-FR","potentialAction":[{"@type":"CommentAction","name":"Comment","target":["https:\/\/webtube.fr\/index.php\/2026\/04\/26\/i-media-revient-sur-le-piratage-de-lagence-nationale-des-titres-securises-et-leviction-dolivier-nora-chez-grasset\/#respond"]}]},{"@type":"WebPage","@id":"https:\/\/webtube.fr\/index.php\/2026\/04\/26\/i-media-revient-sur-le-piratage-de-lagence-nationale-des-titres-securises-et-leviction-dolivier-nora-chez-grasset\/","url":"https:\/\/webtube.fr\/index.php\/2026\/04\/26\/i-media-revient-sur-le-piratage-de-lagence-nationale-des-titres-securises-et-leviction-dolivier-nora-chez-grasset\/","name":". I-M\u00e9dia revient sur le piratage de l\u2019Agence nationale des titres s\u00e9curis\u00e9s et l\u2019\u00e9viction d\u2019Olivier Nora chez Grasset - # WEBTUBE.fr","isPartOf":{"@id":"https:\/\/webtube.fr\/#website"},"primaryImageOfPage":{"@id":"https:\/\/webtube.fr\/index.php\/2026\/04\/26\/i-media-revient-sur-le-piratage-de-lagence-nationale-des-titres-securises-et-leviction-dolivier-nora-chez-grasset\/#primaryimage"},"image":{"@id":"https:\/\/webtube.fr\/index.php\/2026\/04\/26\/i-media-revient-sur-le-piratage-de-lagence-nationale-des-titres-securises-et-leviction-dolivier-nora-chez-grasset\/#primaryimage"},"thumbnailUrl":"https:\/\/www.breizh-info.com\/wp-content\/uploads\/2026\/04\/cyber-scaled.jpg","datePublished":"2026-04-26T05:24:52+00:00","breadcrumb":{"@id":"https:\/\/webtube.fr\/index.php\/2026\/04\/26\/i-media-revient-sur-le-piratage-de-lagence-nationale-des-titres-securises-et-leviction-dolivier-nora-chez-grasset\/#breadcrumb"},"inLanguage":"fr-FR","potentialAction":[{"@type":"ReadAction","target":["https:\/\/webtube.fr\/index.php\/2026\/04\/26\/i-media-revient-sur-le-piratage-de-lagence-nationale-des-titres-securises-et-leviction-dolivier-nora-chez-grasset\/"]}]},{"@type":"ImageObject","inLanguage":"fr-FR","@id":"https:\/\/webtube.fr\/index.php\/2026\/04\/26\/i-media-revient-sur-le-piratage-de-lagence-nationale-des-titres-securises-et-leviction-dolivier-nora-chez-grasset\/#primaryimage","url":"https:\/\/www.breizh-info.com\/wp-content\/uploads\/2026\/04\/cyber-scaled.jpg","contentUrl":"https:\/\/www.breizh-info.com\/wp-content\/uploads\/2026\/04\/cyber-scaled.jpg"},{"@type":"BreadcrumbList","@id":"https:\/\/webtube.fr\/index.php\/2026\/04\/26\/i-media-revient-sur-le-piratage-de-lagence-nationale-des-titres-securises-et-leviction-dolivier-nora-chez-grasset\/#breadcrumb","itemListElement":[{"@type":"ListItem","position":1,"name":"Accueil","item":"https:\/\/webtube.fr\/"},{"@type":"ListItem","position":2,"name":". I-M\u00e9dia revient sur le piratage de l\u2019Agence nationale des titres s\u00e9curis\u00e9s et l\u2019\u00e9viction d\u2019Olivier Nora chez Grasset"}]},{"@type":"WebSite","@id":"https:\/\/webtube.fr\/#website","url":"https:\/\/webtube.fr\/","name":"WEBTUBE","description":"WEBTUBE.fr  Streaming Vid\u00e9o and News , toutes les infos sans filtres !","publisher":{"@id":"https:\/\/webtube.fr\/#organization"},"alternateName":"Rutube","potentialAction":[{"@type":"SearchAction","target":{"@type":"EntryPoint","urlTemplate":"https:\/\/webtube.fr\/?s={search_term_string}"},"query-input":{"@type":"PropertyValueSpecification","valueRequired":true,"valueName":"search_term_string"}}],"inLanguage":"fr-FR"},{"@type":"Organization","@id":"https:\/\/webtube.fr\/#organization","name":"# WEBTUBE.fr","url":"https:\/\/webtube.fr\/","logo":{"@type":"ImageObject","inLanguage":"fr-FR","@id":"https:\/\/webtube.fr\/#\/schema\/logo\/image\/","url":"https:\/\/webtube.fr\/wp-content\/uploads\/2025\/09\/cropped-Logo_webtubeIA-1.jpg","contentUrl":"https:\/\/webtube.fr\/wp-content\/uploads\/2025\/09\/cropped-Logo_webtubeIA-1.jpg","width":240,"height":240,"caption":"# WEBTUBE.fr"},"image":{"@id":"https:\/\/webtube.fr\/#\/schema\/logo\/image\/"},"sameAs":["https:\/\/www.facebook.com\/profile.php?id=100069673161887","https:\/\/x.com\/OrtfNews","https:\/\/www.facebook.com\/profile.php?id=100013751440523"]},{"@type":"Person","@id":"https:\/\/webtube.fr\/#\/schema\/person\/dcc633686e0e2a79a6bf7b92c9507618","name":"admin5851","image":{"@type":"ImageObject","inLanguage":"fr-FR","@id":"https:\/\/secure.gravatar.com\/avatar\/ea1b672a827879c0febb022a108a871292b3d08fadc66a0a43fa47acfe82e38a?s=96&d=mm&r=g","url":"https:\/\/secure.gravatar.com\/avatar\/ea1b672a827879c0febb022a108a871292b3d08fadc66a0a43fa47acfe82e38a?s=96&d=mm&r=g","contentUrl":"https:\/\/secure.gravatar.com\/avatar\/ea1b672a827879c0febb022a108a871292b3d08fadc66a0a43fa47acfe82e38a?s=96&d=mm&r=g","caption":"admin5851"},"sameAs":["http:\/\/linlcju.cluster100.hosting.ovh.net"],"url":"https:\/\/webtube.fr\/index.php\/author\/admin5851\/"}]}},"jetpack_featured_media_url":"","jetpack_sharing_enabled":true,"_links":{"self":[{"href":"https:\/\/webtube.fr\/index.php\/wp-json\/wp\/v2\/posts\/35540","targetHints":{"allow":["GET"]}}],"collection":[{"href":"https:\/\/webtube.fr\/index.php\/wp-json\/wp\/v2\/posts"}],"about":[{"href":"https:\/\/webtube.fr\/index.php\/wp-json\/wp\/v2\/types\/post"}],"author":[{"embeddable":true,"href":"https:\/\/webtube.fr\/index.php\/wp-json\/wp\/v2\/users\/1"}],"replies":[{"embeddable":true,"href":"https:\/\/webtube.fr\/index.php\/wp-json\/wp\/v2\/comments?post=35540"}],"version-history":[{"count":1,"href":"https:\/\/webtube.fr\/index.php\/wp-json\/wp\/v2\/posts\/35540\/revisions"}],"predecessor-version":[{"id":35541,"href":"https:\/\/webtube.fr\/index.php\/wp-json\/wp\/v2\/posts\/35540\/revisions\/35541"}],"wp:attachment":[{"href":"https:\/\/webtube.fr\/index.php\/wp-json\/wp\/v2\/media?parent=35540"}],"wp:term":[{"taxonomy":"category","embeddable":true,"href":"https:\/\/webtube.fr\/index.php\/wp-json\/wp\/v2\/categories?post=35540"},{"taxonomy":"post_tag","embeddable":true,"href":"https:\/\/webtube.fr\/index.php\/wp-json\/wp\/v2\/tags?post=35540"}],"curies":[{"name":"wp","href":"https:\/\/api.w.org\/{rel}","templated":true}]}}