{"id":34860,"date":"2026-03-16T06:57:56","date_gmt":"2026-03-16T06:57:56","guid":{"rendered":"https:\/\/webtube.fr\/?p=34860"},"modified":"2026-03-16T06:57:56","modified_gmt":"2026-03-16T06:57:56","slug":"le-djihad-par-le-marche-de-florence-bergeaud-blackler","status":"publish","type":"post","link":"https:\/\/webtube.fr\/index.php\/2026\/03\/16\/le-djihad-par-le-marche-de-florence-bergeaud-blackler\/","title":{"rendered":". Le Djihad par le march\u00e9, de Florence Bergeaud-Blackler"},"content":{"rendered":"\n<p>Articles : <a href=\"https:\/\/webtube.fr\/index.php\/2026\/03\/\" target=\"_blank\" rel=\"noreferrer noopener\">Mar. 2026<\/a> &#8211; <a href=\"https:\/\/webtube.fr\/index.php\/2026\/02\/\" target=\"_blank\" rel=\"noreferrer noopener\">Fev 2026<\/a> &#8211; <a href=\"https:\/\/webtube.fr\/index.php\/2026\/01\/\" target=\"_blank\" rel=\"noreferrer noopener\">Jan 2026<\/a> &#8211; <a href=\"https:\/\/webtube.fr\/index.php\/2025\/12\/\" target=\"_blank\" rel=\"noreferrer noopener\">Dec. 2025<\/a> &#8211;<br>Facebook&nbsp;:&nbsp;<a href=\"https:\/\/www.facebook.com\/profile.php?id=100069673161887\">https:\/\/www.facebook.com\/profile.php?id=100069673161887<\/a> Twitter : <a href=\"https:\/\/twitter.com\/OrtfNews\" target=\"_blank\" rel=\"noreferrer noopener\">https:\/\/twitter.com\/OrtfNews<\/a> Music 24\/24 : <a href=\"http:\/\/DJMUSIC.fr\/\" target=\"_blank\" rel=\"noreferrer noopener\">http:\/\/DJMUSIC.fr<\/a><\/p>\n\n\n\n<figure class=\"wp-block-image size-large\"><img decoding=\"async\" src=\"https:\/\/r2.ripostelaique.com\/wp-content\/uploads\/2024\/09\/Bergeaud.jpg\" alt=\"\"\/><\/figure>\n\n\n\n<p><strong>#webtube<\/strong> : <em>Dans cet ouvrage fondamental paru en 2025 aux \u00e9ditions Odile Jacob, Florence Bergeaud-Blackler, anthropologue et charg\u00e9e de recherche au CNRS, sp\u00e9cialiste reconnue des questions de normes religieuses, livre une analyse des m\u00e9canismes par lesquels l\u2019islam radical s\u2019est empar\u00e9 du march\u00e9 halal. Forte de vingt-cinq ann\u00e9es de recherches sur le terrain, l\u2019auteure d\u00e9construit avec une rigueur scientifique exemplaire ce qu\u2019elle nomme\u00a0<strong>le \u00ab\u00a0djihad par le march\u00e9\u00a0\u00bb \u2013 une strat\u00e9gie discr\u00e8te mais redoutablement efficace d\u2019infiltration des soci\u00e9t\u00e9s occidentales par la voie consum\u00e9riste.<\/strong><\/em><\/p>\n\n\n\n<h2 class=\"wp-block-heading\">La th\u00e8se centrale : le cheval de Troie du halal<\/h2>\n\n\n\n<p>L\u2019argument principal de Bergeaud-Blackler est solidement \u00e9tay\u00e9 : le halal, traditionnellement con\u00e7u comme une pratique religieuse individuelle relevant de la conscience personnelle des musulmans, a \u00e9t\u00e9 progressivement transform\u00e9 en un instrument g\u00e9opolitique et id\u00e9ologique. L\u2019auteure d\u00e9montre comment des mouvements se r\u00e9clamant d\u2019un islam rigoriste, principalement issus de la mouvance des Fr\u00e8res musulmans, ont m\u00e9thodiquement investi les instances de normalisation, les organismes de certification et les grandes surfaces pour imposer leur d\u00e9finition restrictive du halal comme la seule l\u00e9gitime.<\/p>\n\n\n\n<p><strong>Cette conqu\u00eate ne s\u2019est pas faite par la violence ou la confrontation frontale, mais par une infiltration patiente des rouages \u00e9conomiques et administratifs \u2013<\/strong>&nbsp;une strat\u00e9gie bien plus pernicieuse car silencieuse et difficile \u00e0 combattre.<\/p>\n\n\n\n<h2 class=\"wp-block-heading\">Les m\u00e9canismes de la normalisation rigoriste<\/h2>\n\n\n\n<p>L\u2019enqu\u00eate met en lumi\u00e8re avec une pr\u00e9cision chirurgicale les diff\u00e9rentes \u00e9tapes de cette entreprise de captation. Bergeaud-Blackler montre comment des f\u00e9d\u00e9rations islamiques bien organis\u00e9es ont r\u00e9ussi \u00e0 s\u2019imposer comme les interlocuteurs oblig\u00e9s des pouvoirs publics, des abattoirs et des grandes surfaces. Leur objectif ?&nbsp;<strong>Faire pr\u00e9valoir une conception du halal exigeant l\u2019absence totale d\u2019\u00e9tourdissement des animaux, contre l\u2019avis de nombreux musulmans mod\u00e9r\u00e9s et de v\u00e9t\u00e9rinaires soucieux du bien-\u00eatre animal.<\/strong><\/p>\n\n\n\n<p>L\u2019auteure documente notamment le r\u00f4le cl\u00e9 jou\u00e9 par ces organisations au sein de l\u2019ACN (Association de certification halal) qui est devenue, sous leur influence, la r\u00e9f\u00e9rence normative en France. Cette mainmise sur la certification a des cons\u00e9quences consid\u00e9rables :&nbsp;<strong>elle permet de contr\u00f4ler un march\u00e9 estim\u00e9 \u00e0 plusieurs milliards d\u2019euros, mais aussi et surtout de normaliser socialement une pratique religieuse radicale.<\/strong><\/p>\n\n\n\n<h2 class=\"wp-block-heading\">Une modification silencieuse des \u00e9quilibres culturels<\/h2>\n\n\n\n<p>Ce qui rend l\u2019analyse de Bergeaud-Blackler particuli\u00e8rement pr\u00e9cieuse, c\u2019est sa capacit\u00e9 \u00e0 montrer comment cette offensive \u00e9conomique produit des effets profonds sur le tissu social. En transformant une obligation religieuse en produit de consommation courante labellis\u00e9,&nbsp;<strong>les mouvements islamistes parviennent \u00e0 diffuser leurs normes dans l\u2019ensemble de la soci\u00e9t\u00e9, y compris aupr\u00e8s de musulmans peu pratiquants ou de culture musulmane&nbsp;<\/strong><strong>mais&nbsp;<\/strong><strong>s\u00e9cularis\u00e9<\/strong><strong>s<\/strong><strong>.<\/strong><\/p>\n\n\n\n<p><strong>Le supermarch\u00e9&nbsp;<a href=\"imap:\/\/redaction%40ripostelaique%2Ecom@imap.gmail.com:993\/fetch%3EUID%3E\/INBOX%3E63959#sdfootnote1sym\"><sup>1<\/sup><\/a>devient ainsi un vecteur discret mais puissant de r\u00e9islamisation<\/strong>. Le consommateur qui ach\u00e8te un produit estampill\u00e9 \u00ab&nbsp;halal&nbsp;\u00bb par ces organismes rigoristes int\u00e8gre, sans n\u00e9cessairement en avoir conscience, une norme religieuse stricte dans sa vie quotidienne. C\u2019est ce que l\u2019auteure nomme \u00ab&nbsp;l\u2019islamisation par les pratiques&nbsp;\u00bb \u2013 un processus d\u2019autant plus efficace qu\u2019il \u00e9chappe au d\u00e9bat public et \u00e0 la controverse id\u00e9ologique.<\/p>\n\n\n\n<h2 class=\"wp-block-heading\">Une rigueur scientifique au service de la clart\u00e9<\/h2>\n\n\n\n<p>L\u2019un des grands m\u00e9rites de cet ouvrage est son ancrage dans une m\u00e9thodologie irr\u00e9prochable. Bergeaud-Blackler ne se contente pas d\u2019affirmations p\u00e9remptoires : elle multiplie les sources, croise les donn\u00e9es, analyse les textes normatifs, les rapports d\u2019activit\u00e9 des f\u00e9d\u00e9rations, les proc\u00e8s-verbaux de r\u00e9unions. Son travail de terrain, men\u00e9 sur plusieurs d\u00e9cennies, lui permet de retracer avec une acuit\u00e9 rare l\u2019\u00e9volution des discours et des pratiques.<\/p>\n\n\n\n<p>L\u2019auteure \u00e9vite soigneusement tout amalgame ou g\u00e9n\u00e9ralisation h\u00e2tive. Elle prend soin de distinguer les diff\u00e9rentes sensibilit\u00e9s de l\u2019islam, les pratiques traditionnelles et les innovations radicales, les musulmans pratiquants ordinaires et les militants islamistes. Cette finesse d\u2019analyse rend son propos d\u2019autant plus convaincant : ce n\u2019est pas l\u2019islam en tant que religion qui est mis en cause, mais bien l\u2019instrumentalisation politique de certaines de ses pratiques par des mouvements id\u00e9ologiques.<\/p>\n\n\n\n<h2 class=\"wp-block-heading\">Un angle mort du d\u00e9bat public \u00e9clair\u00e9<\/h2>\n\n\n\n<p>L\u2019ouvrage remplit \u00e9galement une fonction civique essentielle en \u00e9clairant un aspect du d\u00e9bat public trop souvent n\u00e9glig\u00e9. Alors que les questions de voile, de mosqu\u00e9es ou de pr\u00e9dications font r\u00e9guli\u00e8rement la une des m\u00e9dias, le march\u00e9 halal est rest\u00e9 longtemps dans l\u2019ombre, consid\u00e9r\u00e9 comme une simple affaire commerciale sans port\u00e9e politique.<\/p>\n\n\n\n<p>Bergeaud-Blackler montre au contraire que ce march\u00e9 est devenu un champ de bataille id\u00e9ologique majeur. La bataille pour la d\u00e9finition du halal est aussi une bataille pour le contr\u00f4le de l\u2019islam europ\u00e9en : qui aura le pouvoir de dire ce qu\u2019est un \u00ab&nbsp;bon musulman&nbsp;\u00bb ? Les rigoristes qui imposent une lecture litt\u00e9raliste et exclusive des textes, ou les musulmans mod\u00e9r\u00e9s qui d\u00e9fendent une pratique compatible avec les valeurs des soci\u00e9t\u00e9s ouvertes ?<\/p>\n\n\n\n<h2 class=\"wp-block-heading\">Une contribution d\u00e9cisive \u00e0 la compr\u00e9hension des d\u00e9fis contemporains<\/h2>\n\n\n\n<p>Au final,&nbsp;<em>Le Djihad par le march\u00e9<\/em>&nbsp;s\u2019impose comme une contribution majeure \u00e0 la compr\u00e9hension des d\u00e9fis que posent les strat\u00e9gies d\u2019influence islamistes dans les d\u00e9mocraties occidentales. L\u2019ouvrage a le m\u00e9rite rare de conjuguer exigence acad\u00e9mique et accessibilit\u00e9, rendant intelligibles des m\u00e9canismes complexes sans jamais sacrifier la rigueur.<\/p>\n\n\n\n<p>Florence Bergeaud-Blackler offre ainsi au lecteur les cl\u00e9s pour comprendre un ph\u00e9nom\u00e8ne dont on per\u00e7oit les effets sans toujours en saisir les ressorts. Son livre arme intellectuellement celles et ceux qui souhaitent d\u00e9fendre une conception ouverte et pluraliste de l\u2019islam, compatible avec les principes r\u00e9publicains.<\/p>\n\n\n\n<p><strong>C\u2019est pourquoi cette lecture est non seulement recommandable mais n\u00e9cessaire<\/strong>&nbsp;\u2013 pour tous ceux qui veulent comprendre les transformations silencieuses de notre soci\u00e9t\u00e9, pour les d\u00e9cideurs publics en qu\u00eate d\u2019analyses, pour les citoyens soucieux de ne pas laisser les radicaux d\u00e9finir seuls les contours de l\u2019islam de France.<\/p>\n\n\n\n<p><strong>Jean Lamolie<\/strong>, Riposte La\u00efque<\/p>\n\n\n\n<p><a href=\"imap:\/\/redaction%40ripostelaique%2Ecom@imap.gmail.com:993\/fetch%3EUID%3E\/INBOX%3E63959#sdfootnote1anc\">1&nbsp;<\/a>De nombreuses enseignes alimentaires proposent d\u00e9sormais des rayons halal<\/p>\n","protected":false},"excerpt":{"rendered":"<p>Articles : Mar. 2026 &#8211; Fev 2026 &#8211; Jan 2026 &#8211; Dec. 2025 &#8211;Facebook&nbsp;:&nbsp;https:\/\/www.facebook.com\/profile.php?id=100069673161887 Twitter : https:\/\/twitter.com\/OrtfNews Music 24\/24 : http:\/\/DJMUSIC.fr #webtube : Dans cet ouvrage fondamental paru en 2025 aux \u00e9ditions Odile Jacob, Florence Bergeaud-Blackler, anthropologue et charg\u00e9e de recherche au CNRS, sp\u00e9cialiste reconnue des questions de normes religieuses, livre une analyse des m\u00e9canismes &hellip; <a href=\"https:\/\/webtube.fr\/index.php\/2026\/03\/16\/le-djihad-par-le-marche-de-florence-bergeaud-blackler\/\" class=\"more-link\">Continuer la lecture<span class=\"screen-reader-text\"> de &laquo;&nbsp;. Le Djihad par le march\u00e9, de Florence Bergeaud-Blackler&nbsp;&raquo;<\/span><\/a><\/p>\n","protected":false},"author":1,"featured_media":0,"comment_status":"open","ping_status":"open","sticky":false,"template":"","format":"standard","meta":{"_jetpack_memberships_contains_paid_content":false,"footnotes":""},"categories":[1],"tags":[],"class_list":["post-34860","post","type-post","status-publish","format-standard","hentry","category-uncategorized"],"yoast_head":"<!-- This site is optimized with the Yoast SEO plugin v27.3 - https:\/\/yoast.com\/product\/yoast-seo-wordpress\/ -->\n<title>. Le Djihad par le march\u00e9, de Florence Bergeaud-Blackler - # WEBTUBE.fr<\/title>\n<meta name=\"robots\" content=\"index, follow, max-snippet:-1, max-image-preview:large, max-video-preview:-1\" \/>\n<link rel=\"canonical\" href=\"https:\/\/webtube.fr\/index.php\/2026\/03\/16\/le-djihad-par-le-marche-de-florence-bergeaud-blackler\/\" \/>\n<meta property=\"og:locale\" content=\"fr_FR\" \/>\n<meta property=\"og:type\" content=\"article\" \/>\n<meta property=\"og:title\" content=\". Le Djihad par le march\u00e9, de Florence Bergeaud-Blackler - # WEBTUBE.fr\" \/>\n<meta property=\"og:description\" content=\"Articles : Mar. 2026 &#8211; Fev 2026 &#8211; Jan 2026 &#8211; Dec. 2025 &#8211;Facebook&nbsp;:&nbsp;https:\/\/www.facebook.com\/profile.php?id=100069673161887 Twitter : https:\/\/twitter.com\/OrtfNews Music 24\/24 : http:\/\/DJMUSIC.fr #webtube : Dans cet ouvrage fondamental paru en 2025 aux \u00e9ditions Odile Jacob, Florence Bergeaud-Blackler, anthropologue et charg\u00e9e de recherche au CNRS, sp\u00e9cialiste reconnue des questions de normes religieuses, livre une analyse des m\u00e9canismes &hellip; Continuer la lecture de &laquo;&nbsp;. Le Djihad par le march\u00e9, de Florence Bergeaud-Blackler&nbsp;&raquo;\" \/>\n<meta property=\"og:url\" content=\"https:\/\/webtube.fr\/index.php\/2026\/03\/16\/le-djihad-par-le-marche-de-florence-bergeaud-blackler\/\" \/>\n<meta property=\"og:site_name\" content=\"# WEBTUBE.fr\" \/>\n<meta property=\"article:publisher\" content=\"https:\/\/www.facebook.com\/profile.php?id=100069673161887\" \/>\n<meta property=\"article:published_time\" content=\"2026-03-16T06:57:56+00:00\" \/>\n<meta property=\"og:image\" content=\"https:\/\/r2.ripostelaique.com\/wp-content\/uploads\/2024\/09\/Bergeaud.jpg\" \/>\n<meta name=\"author\" content=\"admin5851\" \/>\n<meta name=\"twitter:card\" content=\"summary_large_image\" \/>\n<meta name=\"twitter:creator\" content=\"@OrtfNews\" \/>\n<meta name=\"twitter:site\" content=\"@OrtfNews\" \/>\n<meta name=\"twitter:label1\" content=\"\u00c9crit par\" \/>\n\t<meta name=\"twitter:data1\" content=\"admin5851\" \/>\n\t<meta name=\"twitter:label2\" content=\"Dur\u00e9e de lecture estim\u00e9e\" \/>\n\t<meta name=\"twitter:data2\" content=\"5 minutes\" \/>\n<script type=\"application\/ld+json\" class=\"yoast-schema-graph\">{\"@context\":\"https:\\\/\\\/schema.org\",\"@graph\":[{\"@type\":\"Article\",\"@id\":\"https:\\\/\\\/webtube.fr\\\/index.php\\\/2026\\\/03\\\/16\\\/le-djihad-par-le-marche-de-florence-bergeaud-blackler\\\/#article\",\"isPartOf\":{\"@id\":\"https:\\\/\\\/webtube.fr\\\/index.php\\\/2026\\\/03\\\/16\\\/le-djihad-par-le-marche-de-florence-bergeaud-blackler\\\/\"},\"author\":{\"name\":\"admin5851\",\"@id\":\"https:\\\/\\\/webtube.fr\\\/#\\\/schema\\\/person\\\/dcc633686e0e2a79a6bf7b92c9507618\"},\"headline\":\". Le Djihad par le march\u00e9, de Florence Bergeaud-Blackler\",\"datePublished\":\"2026-03-16T06:57:56+00:00\",\"mainEntityOfPage\":{\"@id\":\"https:\\\/\\\/webtube.fr\\\/index.php\\\/2026\\\/03\\\/16\\\/le-djihad-par-le-marche-de-florence-bergeaud-blackler\\\/\"},\"wordCount\":1096,\"commentCount\":0,\"publisher\":{\"@id\":\"https:\\\/\\\/webtube.fr\\\/#organization\"},\"image\":{\"@id\":\"https:\\\/\\\/webtube.fr\\\/index.php\\\/2026\\\/03\\\/16\\\/le-djihad-par-le-marche-de-florence-bergeaud-blackler\\\/#primaryimage\"},\"thumbnailUrl\":\"https:\\\/\\\/r2.ripostelaique.com\\\/wp-content\\\/uploads\\\/2024\\\/09\\\/Bergeaud.jpg\",\"articleSection\":[\"Uncategorized\"],\"inLanguage\":\"fr-FR\",\"potentialAction\":[{\"@type\":\"CommentAction\",\"name\":\"Comment\",\"target\":[\"https:\\\/\\\/webtube.fr\\\/index.php\\\/2026\\\/03\\\/16\\\/le-djihad-par-le-marche-de-florence-bergeaud-blackler\\\/#respond\"]}]},{\"@type\":\"WebPage\",\"@id\":\"https:\\\/\\\/webtube.fr\\\/index.php\\\/2026\\\/03\\\/16\\\/le-djihad-par-le-marche-de-florence-bergeaud-blackler\\\/\",\"url\":\"https:\\\/\\\/webtube.fr\\\/index.php\\\/2026\\\/03\\\/16\\\/le-djihad-par-le-marche-de-florence-bergeaud-blackler\\\/\",\"name\":\". Le Djihad par le march\u00e9, de Florence Bergeaud-Blackler - # WEBTUBE.fr\",\"isPartOf\":{\"@id\":\"https:\\\/\\\/webtube.fr\\\/#website\"},\"primaryImageOfPage\":{\"@id\":\"https:\\\/\\\/webtube.fr\\\/index.php\\\/2026\\\/03\\\/16\\\/le-djihad-par-le-marche-de-florence-bergeaud-blackler\\\/#primaryimage\"},\"image\":{\"@id\":\"https:\\\/\\\/webtube.fr\\\/index.php\\\/2026\\\/03\\\/16\\\/le-djihad-par-le-marche-de-florence-bergeaud-blackler\\\/#primaryimage\"},\"thumbnailUrl\":\"https:\\\/\\\/r2.ripostelaique.com\\\/wp-content\\\/uploads\\\/2024\\\/09\\\/Bergeaud.jpg\",\"datePublished\":\"2026-03-16T06:57:56+00:00\",\"breadcrumb\":{\"@id\":\"https:\\\/\\\/webtube.fr\\\/index.php\\\/2026\\\/03\\\/16\\\/le-djihad-par-le-marche-de-florence-bergeaud-blackler\\\/#breadcrumb\"},\"inLanguage\":\"fr-FR\",\"potentialAction\":[{\"@type\":\"ReadAction\",\"target\":[\"https:\\\/\\\/webtube.fr\\\/index.php\\\/2026\\\/03\\\/16\\\/le-djihad-par-le-marche-de-florence-bergeaud-blackler\\\/\"]}]},{\"@type\":\"ImageObject\",\"inLanguage\":\"fr-FR\",\"@id\":\"https:\\\/\\\/webtube.fr\\\/index.php\\\/2026\\\/03\\\/16\\\/le-djihad-par-le-marche-de-florence-bergeaud-blackler\\\/#primaryimage\",\"url\":\"https:\\\/\\\/r2.ripostelaique.com\\\/wp-content\\\/uploads\\\/2024\\\/09\\\/Bergeaud.jpg\",\"contentUrl\":\"https:\\\/\\\/r2.ripostelaique.com\\\/wp-content\\\/uploads\\\/2024\\\/09\\\/Bergeaud.jpg\"},{\"@type\":\"BreadcrumbList\",\"@id\":\"https:\\\/\\\/webtube.fr\\\/index.php\\\/2026\\\/03\\\/16\\\/le-djihad-par-le-marche-de-florence-bergeaud-blackler\\\/#breadcrumb\",\"itemListElement\":[{\"@type\":\"ListItem\",\"position\":1,\"name\":\"Accueil\",\"item\":\"https:\\\/\\\/webtube.fr\\\/\"},{\"@type\":\"ListItem\",\"position\":2,\"name\":\". Le Djihad par le march\u00e9, de Florence Bergeaud-Blackler\"}]},{\"@type\":\"WebSite\",\"@id\":\"https:\\\/\\\/webtube.fr\\\/#website\",\"url\":\"https:\\\/\\\/webtube.fr\\\/\",\"name\":\"WEBTUBE\",\"description\":\"WEBTUBE.fr  Streaming Vid\u00e9o and News , toutes les infos sans filtres !\",\"publisher\":{\"@id\":\"https:\\\/\\\/webtube.fr\\\/#organization\"},\"alternateName\":\"Rutube\",\"potentialAction\":[{\"@type\":\"SearchAction\",\"target\":{\"@type\":\"EntryPoint\",\"urlTemplate\":\"https:\\\/\\\/webtube.fr\\\/?s={search_term_string}\"},\"query-input\":{\"@type\":\"PropertyValueSpecification\",\"valueRequired\":true,\"valueName\":\"search_term_string\"}}],\"inLanguage\":\"fr-FR\"},{\"@type\":\"Organization\",\"@id\":\"https:\\\/\\\/webtube.fr\\\/#organization\",\"name\":\"# WEBTUBE.fr\",\"url\":\"https:\\\/\\\/webtube.fr\\\/\",\"logo\":{\"@type\":\"ImageObject\",\"inLanguage\":\"fr-FR\",\"@id\":\"https:\\\/\\\/webtube.fr\\\/#\\\/schema\\\/logo\\\/image\\\/\",\"url\":\"https:\\\/\\\/webtube.fr\\\/wp-content\\\/uploads\\\/2025\\\/09\\\/cropped-Logo_webtubeIA-1.jpg\",\"contentUrl\":\"https:\\\/\\\/webtube.fr\\\/wp-content\\\/uploads\\\/2025\\\/09\\\/cropped-Logo_webtubeIA-1.jpg\",\"width\":240,\"height\":240,\"caption\":\"# WEBTUBE.fr\"},\"image\":{\"@id\":\"https:\\\/\\\/webtube.fr\\\/#\\\/schema\\\/logo\\\/image\\\/\"},\"sameAs\":[\"https:\\\/\\\/www.facebook.com\\\/profile.php?id=100069673161887\",\"https:\\\/\\\/x.com\\\/OrtfNews\",\"https:\\\/\\\/www.facebook.com\\\/profile.php?id=100013751440523\"]},{\"@type\":\"Person\",\"@id\":\"https:\\\/\\\/webtube.fr\\\/#\\\/schema\\\/person\\\/dcc633686e0e2a79a6bf7b92c9507618\",\"name\":\"admin5851\",\"image\":{\"@type\":\"ImageObject\",\"inLanguage\":\"fr-FR\",\"@id\":\"https:\\\/\\\/secure.gravatar.com\\\/avatar\\\/ea1b672a827879c0febb022a108a871292b3d08fadc66a0a43fa47acfe82e38a?s=96&d=mm&r=g\",\"url\":\"https:\\\/\\\/secure.gravatar.com\\\/avatar\\\/ea1b672a827879c0febb022a108a871292b3d08fadc66a0a43fa47acfe82e38a?s=96&d=mm&r=g\",\"contentUrl\":\"https:\\\/\\\/secure.gravatar.com\\\/avatar\\\/ea1b672a827879c0febb022a108a871292b3d08fadc66a0a43fa47acfe82e38a?s=96&d=mm&r=g\",\"caption\":\"admin5851\"},\"sameAs\":[\"http:\\\/\\\/linlcju.cluster100.hosting.ovh.net\"],\"url\":\"https:\\\/\\\/webtube.fr\\\/index.php\\\/author\\\/admin5851\\\/\"}]}<\/script>\n<!-- \/ Yoast SEO plugin. -->","yoast_head_json":{"title":". Le Djihad par le march\u00e9, de Florence Bergeaud-Blackler - # WEBTUBE.fr","robots":{"index":"index","follow":"follow","max-snippet":"max-snippet:-1","max-image-preview":"max-image-preview:large","max-video-preview":"max-video-preview:-1"},"canonical":"https:\/\/webtube.fr\/index.php\/2026\/03\/16\/le-djihad-par-le-marche-de-florence-bergeaud-blackler\/","og_locale":"fr_FR","og_type":"article","og_title":". Le Djihad par le march\u00e9, de Florence Bergeaud-Blackler - # WEBTUBE.fr","og_description":"Articles : Mar. 2026 &#8211; Fev 2026 &#8211; Jan 2026 &#8211; Dec. 2025 &#8211;Facebook&nbsp;:&nbsp;https:\/\/www.facebook.com\/profile.php?id=100069673161887 Twitter : https:\/\/twitter.com\/OrtfNews Music 24\/24 : http:\/\/DJMUSIC.fr #webtube : Dans cet ouvrage fondamental paru en 2025 aux \u00e9ditions Odile Jacob, Florence Bergeaud-Blackler, anthropologue et charg\u00e9e de recherche au CNRS, sp\u00e9cialiste reconnue des questions de normes religieuses, livre une analyse des m\u00e9canismes &hellip; Continuer la lecture de &laquo;&nbsp;. Le Djihad par le march\u00e9, de Florence Bergeaud-Blackler&nbsp;&raquo;","og_url":"https:\/\/webtube.fr\/index.php\/2026\/03\/16\/le-djihad-par-le-marche-de-florence-bergeaud-blackler\/","og_site_name":"# WEBTUBE.fr","article_publisher":"https:\/\/www.facebook.com\/profile.php?id=100069673161887","article_published_time":"2026-03-16T06:57:56+00:00","og_image":[{"url":"https:\/\/r2.ripostelaique.com\/wp-content\/uploads\/2024\/09\/Bergeaud.jpg","type":"","width":"","height":""}],"author":"admin5851","twitter_card":"summary_large_image","twitter_creator":"@OrtfNews","twitter_site":"@OrtfNews","twitter_misc":{"\u00c9crit par":"admin5851","Dur\u00e9e de lecture estim\u00e9e":"5 minutes"},"schema":{"@context":"https:\/\/schema.org","@graph":[{"@type":"Article","@id":"https:\/\/webtube.fr\/index.php\/2026\/03\/16\/le-djihad-par-le-marche-de-florence-bergeaud-blackler\/#article","isPartOf":{"@id":"https:\/\/webtube.fr\/index.php\/2026\/03\/16\/le-djihad-par-le-marche-de-florence-bergeaud-blackler\/"},"author":{"name":"admin5851","@id":"https:\/\/webtube.fr\/#\/schema\/person\/dcc633686e0e2a79a6bf7b92c9507618"},"headline":". Le Djihad par le march\u00e9, de Florence Bergeaud-Blackler","datePublished":"2026-03-16T06:57:56+00:00","mainEntityOfPage":{"@id":"https:\/\/webtube.fr\/index.php\/2026\/03\/16\/le-djihad-par-le-marche-de-florence-bergeaud-blackler\/"},"wordCount":1096,"commentCount":0,"publisher":{"@id":"https:\/\/webtube.fr\/#organization"},"image":{"@id":"https:\/\/webtube.fr\/index.php\/2026\/03\/16\/le-djihad-par-le-marche-de-florence-bergeaud-blackler\/#primaryimage"},"thumbnailUrl":"https:\/\/r2.ripostelaique.com\/wp-content\/uploads\/2024\/09\/Bergeaud.jpg","articleSection":["Uncategorized"],"inLanguage":"fr-FR","potentialAction":[{"@type":"CommentAction","name":"Comment","target":["https:\/\/webtube.fr\/index.php\/2026\/03\/16\/le-djihad-par-le-marche-de-florence-bergeaud-blackler\/#respond"]}]},{"@type":"WebPage","@id":"https:\/\/webtube.fr\/index.php\/2026\/03\/16\/le-djihad-par-le-marche-de-florence-bergeaud-blackler\/","url":"https:\/\/webtube.fr\/index.php\/2026\/03\/16\/le-djihad-par-le-marche-de-florence-bergeaud-blackler\/","name":". Le Djihad par le march\u00e9, de Florence Bergeaud-Blackler - # WEBTUBE.fr","isPartOf":{"@id":"https:\/\/webtube.fr\/#website"},"primaryImageOfPage":{"@id":"https:\/\/webtube.fr\/index.php\/2026\/03\/16\/le-djihad-par-le-marche-de-florence-bergeaud-blackler\/#primaryimage"},"image":{"@id":"https:\/\/webtube.fr\/index.php\/2026\/03\/16\/le-djihad-par-le-marche-de-florence-bergeaud-blackler\/#primaryimage"},"thumbnailUrl":"https:\/\/r2.ripostelaique.com\/wp-content\/uploads\/2024\/09\/Bergeaud.jpg","datePublished":"2026-03-16T06:57:56+00:00","breadcrumb":{"@id":"https:\/\/webtube.fr\/index.php\/2026\/03\/16\/le-djihad-par-le-marche-de-florence-bergeaud-blackler\/#breadcrumb"},"inLanguage":"fr-FR","potentialAction":[{"@type":"ReadAction","target":["https:\/\/webtube.fr\/index.php\/2026\/03\/16\/le-djihad-par-le-marche-de-florence-bergeaud-blackler\/"]}]},{"@type":"ImageObject","inLanguage":"fr-FR","@id":"https:\/\/webtube.fr\/index.php\/2026\/03\/16\/le-djihad-par-le-marche-de-florence-bergeaud-blackler\/#primaryimage","url":"https:\/\/r2.ripostelaique.com\/wp-content\/uploads\/2024\/09\/Bergeaud.jpg","contentUrl":"https:\/\/r2.ripostelaique.com\/wp-content\/uploads\/2024\/09\/Bergeaud.jpg"},{"@type":"BreadcrumbList","@id":"https:\/\/webtube.fr\/index.php\/2026\/03\/16\/le-djihad-par-le-marche-de-florence-bergeaud-blackler\/#breadcrumb","itemListElement":[{"@type":"ListItem","position":1,"name":"Accueil","item":"https:\/\/webtube.fr\/"},{"@type":"ListItem","position":2,"name":". Le Djihad par le march\u00e9, de Florence Bergeaud-Blackler"}]},{"@type":"WebSite","@id":"https:\/\/webtube.fr\/#website","url":"https:\/\/webtube.fr\/","name":"WEBTUBE","description":"WEBTUBE.fr  Streaming Vid\u00e9o and News , toutes les infos sans filtres !","publisher":{"@id":"https:\/\/webtube.fr\/#organization"},"alternateName":"Rutube","potentialAction":[{"@type":"SearchAction","target":{"@type":"EntryPoint","urlTemplate":"https:\/\/webtube.fr\/?s={search_term_string}"},"query-input":{"@type":"PropertyValueSpecification","valueRequired":true,"valueName":"search_term_string"}}],"inLanguage":"fr-FR"},{"@type":"Organization","@id":"https:\/\/webtube.fr\/#organization","name":"# WEBTUBE.fr","url":"https:\/\/webtube.fr\/","logo":{"@type":"ImageObject","inLanguage":"fr-FR","@id":"https:\/\/webtube.fr\/#\/schema\/logo\/image\/","url":"https:\/\/webtube.fr\/wp-content\/uploads\/2025\/09\/cropped-Logo_webtubeIA-1.jpg","contentUrl":"https:\/\/webtube.fr\/wp-content\/uploads\/2025\/09\/cropped-Logo_webtubeIA-1.jpg","width":240,"height":240,"caption":"# WEBTUBE.fr"},"image":{"@id":"https:\/\/webtube.fr\/#\/schema\/logo\/image\/"},"sameAs":["https:\/\/www.facebook.com\/profile.php?id=100069673161887","https:\/\/x.com\/OrtfNews","https:\/\/www.facebook.com\/profile.php?id=100013751440523"]},{"@type":"Person","@id":"https:\/\/webtube.fr\/#\/schema\/person\/dcc633686e0e2a79a6bf7b92c9507618","name":"admin5851","image":{"@type":"ImageObject","inLanguage":"fr-FR","@id":"https:\/\/secure.gravatar.com\/avatar\/ea1b672a827879c0febb022a108a871292b3d08fadc66a0a43fa47acfe82e38a?s=96&d=mm&r=g","url":"https:\/\/secure.gravatar.com\/avatar\/ea1b672a827879c0febb022a108a871292b3d08fadc66a0a43fa47acfe82e38a?s=96&d=mm&r=g","contentUrl":"https:\/\/secure.gravatar.com\/avatar\/ea1b672a827879c0febb022a108a871292b3d08fadc66a0a43fa47acfe82e38a?s=96&d=mm&r=g","caption":"admin5851"},"sameAs":["http:\/\/linlcju.cluster100.hosting.ovh.net"],"url":"https:\/\/webtube.fr\/index.php\/author\/admin5851\/"}]}},"jetpack_featured_media_url":"","jetpack_sharing_enabled":true,"_links":{"self":[{"href":"https:\/\/webtube.fr\/index.php\/wp-json\/wp\/v2\/posts\/34860","targetHints":{"allow":["GET"]}}],"collection":[{"href":"https:\/\/webtube.fr\/index.php\/wp-json\/wp\/v2\/posts"}],"about":[{"href":"https:\/\/webtube.fr\/index.php\/wp-json\/wp\/v2\/types\/post"}],"author":[{"embeddable":true,"href":"https:\/\/webtube.fr\/index.php\/wp-json\/wp\/v2\/users\/1"}],"replies":[{"embeddable":true,"href":"https:\/\/webtube.fr\/index.php\/wp-json\/wp\/v2\/comments?post=34860"}],"version-history":[{"count":1,"href":"https:\/\/webtube.fr\/index.php\/wp-json\/wp\/v2\/posts\/34860\/revisions"}],"predecessor-version":[{"id":34861,"href":"https:\/\/webtube.fr\/index.php\/wp-json\/wp\/v2\/posts\/34860\/revisions\/34861"}],"wp:attachment":[{"href":"https:\/\/webtube.fr\/index.php\/wp-json\/wp\/v2\/media?parent=34860"}],"wp:term":[{"taxonomy":"category","embeddable":true,"href":"https:\/\/webtube.fr\/index.php\/wp-json\/wp\/v2\/categories?post=34860"},{"taxonomy":"post_tag","embeddable":true,"href":"https:\/\/webtube.fr\/index.php\/wp-json\/wp\/v2\/tags?post=34860"}],"curies":[{"name":"wp","href":"https:\/\/api.w.org\/{rel}","templated":true}]}}