{"id":34852,"date":"2026-03-16T06:01:27","date_gmt":"2026-03-16T06:01:27","guid":{"rendered":"https:\/\/webtube.fr\/?p=34852"},"modified":"2026-03-16T06:01:27","modified_gmt":"2026-03-16T06:01:27","slug":"macron-lampleur-des-degats-marc-eynaud-est-linvite-de-charles-gave","status":"publish","type":"post","link":"https:\/\/webtube.fr\/index.php\/2026\/03\/16\/macron-lampleur-des-degats-marc-eynaud-est-linvite-de-charles-gave\/","title":{"rendered":". Macron, l&rsquo;ampleur des d\u00e9g\u00e2ts, Marc Eynaud est l&rsquo;invit\u00e9 de Charles Gave"},"content":{"rendered":"\n<p><\/p>\n\n\n\n<p>Articles : <a href=\"https:\/\/webtube.fr\/index.php\/2026\/03\/\" target=\"_blank\" rel=\"noreferrer noopener\">Mar. 2026<\/a> &#8211; <a href=\"https:\/\/webtube.fr\/index.php\/2026\/02\/\" target=\"_blank\" rel=\"noreferrer noopener\">Fev 2026<\/a> &#8211; <a href=\"https:\/\/webtube.fr\/index.php\/2026\/01\/\" target=\"_blank\" rel=\"noreferrer noopener\">Jan 2026<\/a> &#8211; <a href=\"https:\/\/webtube.fr\/index.php\/2025\/12\/\" target=\"_blank\" rel=\"noreferrer noopener\">Dec. 2025<\/a> &#8211;<br>Facebook&nbsp;:&nbsp;<a href=\"https:\/\/www.facebook.com\/profile.php?id=100069673161887\">https:\/\/www.facebook.com\/profile.php?id=100069673161887<\/a> Twitter : <a href=\"https:\/\/twitter.com\/OrtfNews\" target=\"_blank\" rel=\"noreferrer noopener\">https:\/\/twitter.com\/OrtfNews<\/a> Music 24\/24 : <a href=\"http:\/\/DJMUSIC.fr\/\" target=\"_blank\" rel=\"noreferrer noopener\">http:\/\/DJMUSIC.fr<\/a><\/p>\n\n\n\n<figure class=\"wp-block-image size-large\"><img decoding=\"async\" src=\"https:\/\/i.ytimg.com\/vi\/PgM7dClwFYM\/hqdefault.jpg?v=69b526b4\" alt=\"\"\/><\/figure>\n\n\n\n<p><strong>#webtube<\/strong> : <em>Que s\u2019est-il pass\u00e9 ? Comment expliquer qu\u2019en 2026 pr\u00e8s des trois quarts des Fran\u00e7ais aient un jugement si s\u00e9v\u00e8re sur Emmanuel Macron, ce jeune pr\u00e9sident qu\u2019ils ont pourtant \u00e9lu en 2017 et r\u00e9\u00e9lu en 2022 ? Les Fran\u00e7ais n\u2019expriment-ils pas un ressentiment exag\u00e9r\u00e9 ? Ne sont-ils pas incoh\u00e9rents, voire contradictoires ?<\/em><\/p>\n\n\n\n<figure class=\"wp-block-embed is-type-video is-provider-youtube wp-block-embed-youtube wp-embed-aspect-16-9 wp-has-aspect-ratio\"><div class=\"wp-block-embed__wrapper\">\n<iframe loading=\"lazy\" title=\"Macron, l&#039;ampleur des d\u00e9g\u00e2ts, Marc Eynaud est l&#039;invit\u00e9 de Charles Gave\" width=\"840\" height=\"473\" src=\"https:\/\/www.youtube.com\/embed\/PgM7dClwFYM?feature=oembed\" frameborder=\"0\" allow=\"accelerometer; autoplay; clipboard-write; encrypted-media; gyroscope; picture-in-picture; web-share\" referrerpolicy=\"strict-origin-when-cross-origin\" allowfullscreen><\/iframe>\n<\/div><\/figure>\n\n\n\n<p><a href=\"https:\/\/www.youtube.com\/watch?v=PgM7dClwFYM\">0:00<\/a> Introduction \u2013 Pr\u00e9sentation de l&rsquo;invit\u00e9 Marc Eynaud et de son livre \u00ab\u00a0L&rsquo;ampleur des d\u00e9g\u00e2ts \u2013 2017-2026 Le vrai bilan d&rsquo;une pr\u00e9sidence\u00a0\u00bb <a href=\"https:\/\/www.youtube.com\/watch?v=PgM7dClwFYM&amp;t=225s\">3:45<\/a> Pourquoi Emmanuel Macron est-il devenu l&rsquo;un des pr\u00e9sidents les plus impopulaires de la Ve R\u00e9publique ? <a href=\"https:\/\/www.youtube.com\/watch?v=PgM7dClwFYM&amp;t=560s\">9:20<\/a> Le bilan \u00e9conomique : ce qui a vraiment chang\u00e9 (ou pas) entre 2017 et 2026 <a href=\"https:\/\/www.youtube.com\/watch?v=PgM7dClwFYM&amp;t=1130s\">18:50<\/a> La gestion des crises (Gilets jaunes, Covid, inflation, \u00e9nergie, retraites\u2026) <a href=\"https:\/\/www.youtube.com\/watch?v=PgM7dClwFYM&amp;t=1630s\">27:10<\/a> La politique \u00e9trang\u00e8re et europ\u00e9enne : les illusions perdues <a href=\"https:\/\/www.youtube.com\/watch?v=PgM7dClwFYM&amp;t=2140s\">35:40<\/a> Immigration, s\u00e9curit\u00e9 et ordre public \u2013 Les chiffres et la perception des Fran\u00e7ais 44:15 La d\u00e9mocratie et les institutions : concentration du pouvoir, 49.3 \u00e0 r\u00e9p\u00e9tition, relation avec le Parlement 52:50 La communication et l\u2019image du pr\u00e9sident : du \u00ab Jupiter \u00bb au rejet massif 1:01:30 Les Fran\u00e7ais sont-ils injustes ou le bilan est-il vraiment catastrophique ? 1:10:15 Conclusion \u2013 Quel avenir apr\u00e8s 2027 ? Le\u00e7ons de cette pr\u00e9sidence 1:18:40 \u00c9changes avec Charles Gave \u2013 Questions crois\u00e9es et regard final Fin \u2248 1:25:00 (selon dur\u00e9e r\u00e9elle)<\/p>\n\n\n\n<p>Source : <em>Youtube &#8211; IDL<\/em><\/p>\n\n\n\n<p><\/p>\n","protected":false},"excerpt":{"rendered":"<p>Articles : Mar. 2026 &#8211; Fev 2026 &#8211; Jan 2026 &#8211; Dec. 2025 &#8211;Facebook&nbsp;:&nbsp;https:\/\/www.facebook.com\/profile.php?id=100069673161887 Twitter : https:\/\/twitter.com\/OrtfNews Music 24\/24 : http:\/\/DJMUSIC.fr #webtube : Que s\u2019est-il pass\u00e9 ? Comment expliquer qu\u2019en 2026 pr\u00e8s des trois quarts des Fran\u00e7ais aient un jugement si s\u00e9v\u00e8re sur Emmanuel Macron, ce jeune pr\u00e9sident qu\u2019ils ont pourtant \u00e9lu en 2017 et &hellip; <a href=\"https:\/\/webtube.fr\/index.php\/2026\/03\/16\/macron-lampleur-des-degats-marc-eynaud-est-linvite-de-charles-gave\/\" class=\"more-link\">Continuer la lecture<span class=\"screen-reader-text\"> de &laquo;&nbsp;. Macron, l&rsquo;ampleur des d\u00e9g\u00e2ts, Marc Eynaud est l&rsquo;invit\u00e9 de Charles Gave&nbsp;&raquo;<\/span><\/a><\/p>\n","protected":false},"author":1,"featured_media":0,"comment_status":"open","ping_status":"open","sticky":false,"template":"","format":"standard","meta":{"_jetpack_memberships_contains_paid_content":false,"footnotes":""},"categories":[1],"tags":[],"class_list":["post-34852","post","type-post","status-publish","format-standard","hentry","category-uncategorized"],"yoast_head":"<!-- This site is optimized with the Yoast SEO plugin v27.3 - https:\/\/yoast.com\/product\/yoast-seo-wordpress\/ -->\n<title>. Macron, l&#039;ampleur des d\u00e9g\u00e2ts, Marc Eynaud est l&#039;invit\u00e9 de Charles Gave - # WEBTUBE.fr<\/title>\n<meta name=\"robots\" content=\"index, follow, max-snippet:-1, max-image-preview:large, max-video-preview:-1\" \/>\n<link rel=\"canonical\" href=\"https:\/\/webtube.fr\/index.php\/2026\/03\/16\/macron-lampleur-des-degats-marc-eynaud-est-linvite-de-charles-gave\/\" \/>\n<meta property=\"og:locale\" content=\"fr_FR\" \/>\n<meta property=\"og:type\" content=\"article\" \/>\n<meta property=\"og:title\" content=\". Macron, l&#039;ampleur des d\u00e9g\u00e2ts, Marc Eynaud est l&#039;invit\u00e9 de Charles Gave - # WEBTUBE.fr\" \/>\n<meta property=\"og:description\" content=\"Articles : Mar. 2026 &#8211; Fev 2026 &#8211; Jan 2026 &#8211; Dec. 2025 &#8211;Facebook&nbsp;:&nbsp;https:\/\/www.facebook.com\/profile.php?id=100069673161887 Twitter : https:\/\/twitter.com\/OrtfNews Music 24\/24 : http:\/\/DJMUSIC.fr #webtube : Que s\u2019est-il pass\u00e9 ? Comment expliquer qu\u2019en 2026 pr\u00e8s des trois quarts des Fran\u00e7ais aient un jugement si s\u00e9v\u00e8re sur Emmanuel Macron, ce jeune pr\u00e9sident qu\u2019ils ont pourtant \u00e9lu en 2017 et &hellip; Continuer la lecture de &laquo;&nbsp;. Macron, l&rsquo;ampleur des d\u00e9g\u00e2ts, Marc Eynaud est l&rsquo;invit\u00e9 de Charles Gave&nbsp;&raquo;\" \/>\n<meta property=\"og:url\" content=\"https:\/\/webtube.fr\/index.php\/2026\/03\/16\/macron-lampleur-des-degats-marc-eynaud-est-linvite-de-charles-gave\/\" \/>\n<meta property=\"og:site_name\" content=\"# WEBTUBE.fr\" \/>\n<meta property=\"article:publisher\" content=\"https:\/\/www.facebook.com\/profile.php?id=100069673161887\" \/>\n<meta property=\"article:published_time\" content=\"2026-03-16T06:01:27+00:00\" \/>\n<meta property=\"og:image\" content=\"https:\/\/i.ytimg.com\/vi\/PgM7dClwFYM\/hqdefault.jpg?v=69b526b4\" \/>\n<meta name=\"author\" content=\"admin5851\" \/>\n<meta name=\"twitter:card\" content=\"summary_large_image\" \/>\n<meta name=\"twitter:creator\" content=\"@OrtfNews\" \/>\n<meta name=\"twitter:site\" content=\"@OrtfNews\" \/>\n<meta name=\"twitter:label1\" content=\"\u00c9crit par\" \/>\n\t<meta name=\"twitter:data1\" content=\"admin5851\" \/>\n\t<meta name=\"twitter:label2\" content=\"Dur\u00e9e de lecture estim\u00e9e\" \/>\n\t<meta name=\"twitter:data2\" content=\"2 minutes\" \/>\n<script type=\"application\/ld+json\" class=\"yoast-schema-graph\">{\"@context\":\"https:\\\/\\\/schema.org\",\"@graph\":[{\"@type\":\"Article\",\"@id\":\"https:\\\/\\\/webtube.fr\\\/index.php\\\/2026\\\/03\\\/16\\\/macron-lampleur-des-degats-marc-eynaud-est-linvite-de-charles-gave\\\/#article\",\"isPartOf\":{\"@id\":\"https:\\\/\\\/webtube.fr\\\/index.php\\\/2026\\\/03\\\/16\\\/macron-lampleur-des-degats-marc-eynaud-est-linvite-de-charles-gave\\\/\"},\"author\":{\"name\":\"admin5851\",\"@id\":\"https:\\\/\\\/webtube.fr\\\/#\\\/schema\\\/person\\\/dcc633686e0e2a79a6bf7b92c9507618\"},\"headline\":\". Macron, l&rsquo;ampleur des d\u00e9g\u00e2ts, Marc Eynaud est l&rsquo;invit\u00e9 de Charles Gave\",\"datePublished\":\"2026-03-16T06:01:27+00:00\",\"mainEntityOfPage\":{\"@id\":\"https:\\\/\\\/webtube.fr\\\/index.php\\\/2026\\\/03\\\/16\\\/macron-lampleur-des-degats-marc-eynaud-est-linvite-de-charles-gave\\\/\"},\"wordCount\":260,\"commentCount\":0,\"publisher\":{\"@id\":\"https:\\\/\\\/webtube.fr\\\/#organization\"},\"image\":{\"@id\":\"https:\\\/\\\/webtube.fr\\\/index.php\\\/2026\\\/03\\\/16\\\/macron-lampleur-des-degats-marc-eynaud-est-linvite-de-charles-gave\\\/#primaryimage\"},\"thumbnailUrl\":\"https:\\\/\\\/i.ytimg.com\\\/vi\\\/PgM7dClwFYM\\\/hqdefault.jpg?v=69b526b4\",\"articleSection\":[\"Uncategorized\"],\"inLanguage\":\"fr-FR\",\"potentialAction\":[{\"@type\":\"CommentAction\",\"name\":\"Comment\",\"target\":[\"https:\\\/\\\/webtube.fr\\\/index.php\\\/2026\\\/03\\\/16\\\/macron-lampleur-des-degats-marc-eynaud-est-linvite-de-charles-gave\\\/#respond\"]}]},{\"@type\":\"WebPage\",\"@id\":\"https:\\\/\\\/webtube.fr\\\/index.php\\\/2026\\\/03\\\/16\\\/macron-lampleur-des-degats-marc-eynaud-est-linvite-de-charles-gave\\\/\",\"url\":\"https:\\\/\\\/webtube.fr\\\/index.php\\\/2026\\\/03\\\/16\\\/macron-lampleur-des-degats-marc-eynaud-est-linvite-de-charles-gave\\\/\",\"name\":\". Macron, l'ampleur des d\u00e9g\u00e2ts, Marc Eynaud est l'invit\u00e9 de Charles Gave - # WEBTUBE.fr\",\"isPartOf\":{\"@id\":\"https:\\\/\\\/webtube.fr\\\/#website\"},\"primaryImageOfPage\":{\"@id\":\"https:\\\/\\\/webtube.fr\\\/index.php\\\/2026\\\/03\\\/16\\\/macron-lampleur-des-degats-marc-eynaud-est-linvite-de-charles-gave\\\/#primaryimage\"},\"image\":{\"@id\":\"https:\\\/\\\/webtube.fr\\\/index.php\\\/2026\\\/03\\\/16\\\/macron-lampleur-des-degats-marc-eynaud-est-linvite-de-charles-gave\\\/#primaryimage\"},\"thumbnailUrl\":\"https:\\\/\\\/i.ytimg.com\\\/vi\\\/PgM7dClwFYM\\\/hqdefault.jpg?v=69b526b4\",\"datePublished\":\"2026-03-16T06:01:27+00:00\",\"breadcrumb\":{\"@id\":\"https:\\\/\\\/webtube.fr\\\/index.php\\\/2026\\\/03\\\/16\\\/macron-lampleur-des-degats-marc-eynaud-est-linvite-de-charles-gave\\\/#breadcrumb\"},\"inLanguage\":\"fr-FR\",\"potentialAction\":[{\"@type\":\"ReadAction\",\"target\":[\"https:\\\/\\\/webtube.fr\\\/index.php\\\/2026\\\/03\\\/16\\\/macron-lampleur-des-degats-marc-eynaud-est-linvite-de-charles-gave\\\/\"]}]},{\"@type\":\"ImageObject\",\"inLanguage\":\"fr-FR\",\"@id\":\"https:\\\/\\\/webtube.fr\\\/index.php\\\/2026\\\/03\\\/16\\\/macron-lampleur-des-degats-marc-eynaud-est-linvite-de-charles-gave\\\/#primaryimage\",\"url\":\"https:\\\/\\\/i.ytimg.com\\\/vi\\\/PgM7dClwFYM\\\/hqdefault.jpg?v=69b526b4\",\"contentUrl\":\"https:\\\/\\\/i.ytimg.com\\\/vi\\\/PgM7dClwFYM\\\/hqdefault.jpg?v=69b526b4\"},{\"@type\":\"BreadcrumbList\",\"@id\":\"https:\\\/\\\/webtube.fr\\\/index.php\\\/2026\\\/03\\\/16\\\/macron-lampleur-des-degats-marc-eynaud-est-linvite-de-charles-gave\\\/#breadcrumb\",\"itemListElement\":[{\"@type\":\"ListItem\",\"position\":1,\"name\":\"Accueil\",\"item\":\"https:\\\/\\\/webtube.fr\\\/\"},{\"@type\":\"ListItem\",\"position\":2,\"name\":\". Macron, l&rsquo;ampleur des d\u00e9g\u00e2ts, Marc Eynaud est l&rsquo;invit\u00e9 de Charles Gave\"}]},{\"@type\":\"WebSite\",\"@id\":\"https:\\\/\\\/webtube.fr\\\/#website\",\"url\":\"https:\\\/\\\/webtube.fr\\\/\",\"name\":\"WEBTUBE\",\"description\":\"WEBTUBE.fr  Streaming Vid\u00e9o and News , toutes les infos sans filtres !\",\"publisher\":{\"@id\":\"https:\\\/\\\/webtube.fr\\\/#organization\"},\"alternateName\":\"Rutube\",\"potentialAction\":[{\"@type\":\"SearchAction\",\"target\":{\"@type\":\"EntryPoint\",\"urlTemplate\":\"https:\\\/\\\/webtube.fr\\\/?s={search_term_string}\"},\"query-input\":{\"@type\":\"PropertyValueSpecification\",\"valueRequired\":true,\"valueName\":\"search_term_string\"}}],\"inLanguage\":\"fr-FR\"},{\"@type\":\"Organization\",\"@id\":\"https:\\\/\\\/webtube.fr\\\/#organization\",\"name\":\"# WEBTUBE.fr\",\"url\":\"https:\\\/\\\/webtube.fr\\\/\",\"logo\":{\"@type\":\"ImageObject\",\"inLanguage\":\"fr-FR\",\"@id\":\"https:\\\/\\\/webtube.fr\\\/#\\\/schema\\\/logo\\\/image\\\/\",\"url\":\"https:\\\/\\\/webtube.fr\\\/wp-content\\\/uploads\\\/2025\\\/09\\\/cropped-Logo_webtubeIA-1.jpg\",\"contentUrl\":\"https:\\\/\\\/webtube.fr\\\/wp-content\\\/uploads\\\/2025\\\/09\\\/cropped-Logo_webtubeIA-1.jpg\",\"width\":240,\"height\":240,\"caption\":\"# WEBTUBE.fr\"},\"image\":{\"@id\":\"https:\\\/\\\/webtube.fr\\\/#\\\/schema\\\/logo\\\/image\\\/\"},\"sameAs\":[\"https:\\\/\\\/www.facebook.com\\\/profile.php?id=100069673161887\",\"https:\\\/\\\/x.com\\\/OrtfNews\",\"https:\\\/\\\/www.facebook.com\\\/profile.php?id=100013751440523\"]},{\"@type\":\"Person\",\"@id\":\"https:\\\/\\\/webtube.fr\\\/#\\\/schema\\\/person\\\/dcc633686e0e2a79a6bf7b92c9507618\",\"name\":\"admin5851\",\"image\":{\"@type\":\"ImageObject\",\"inLanguage\":\"fr-FR\",\"@id\":\"https:\\\/\\\/secure.gravatar.com\\\/avatar\\\/ea1b672a827879c0febb022a108a871292b3d08fadc66a0a43fa47acfe82e38a?s=96&d=mm&r=g\",\"url\":\"https:\\\/\\\/secure.gravatar.com\\\/avatar\\\/ea1b672a827879c0febb022a108a871292b3d08fadc66a0a43fa47acfe82e38a?s=96&d=mm&r=g\",\"contentUrl\":\"https:\\\/\\\/secure.gravatar.com\\\/avatar\\\/ea1b672a827879c0febb022a108a871292b3d08fadc66a0a43fa47acfe82e38a?s=96&d=mm&r=g\",\"caption\":\"admin5851\"},\"sameAs\":[\"http:\\\/\\\/linlcju.cluster100.hosting.ovh.net\"],\"url\":\"https:\\\/\\\/webtube.fr\\\/index.php\\\/author\\\/admin5851\\\/\"}]}<\/script>\n<!-- \/ Yoast SEO plugin. -->","yoast_head_json":{"title":". Macron, l'ampleur des d\u00e9g\u00e2ts, Marc Eynaud est l'invit\u00e9 de Charles Gave - # WEBTUBE.fr","robots":{"index":"index","follow":"follow","max-snippet":"max-snippet:-1","max-image-preview":"max-image-preview:large","max-video-preview":"max-video-preview:-1"},"canonical":"https:\/\/webtube.fr\/index.php\/2026\/03\/16\/macron-lampleur-des-degats-marc-eynaud-est-linvite-de-charles-gave\/","og_locale":"fr_FR","og_type":"article","og_title":". Macron, l'ampleur des d\u00e9g\u00e2ts, Marc Eynaud est l'invit\u00e9 de Charles Gave - # WEBTUBE.fr","og_description":"Articles : Mar. 2026 &#8211; Fev 2026 &#8211; Jan 2026 &#8211; Dec. 2025 &#8211;Facebook&nbsp;:&nbsp;https:\/\/www.facebook.com\/profile.php?id=100069673161887 Twitter : https:\/\/twitter.com\/OrtfNews Music 24\/24 : http:\/\/DJMUSIC.fr #webtube : Que s\u2019est-il pass\u00e9 ? Comment expliquer qu\u2019en 2026 pr\u00e8s des trois quarts des Fran\u00e7ais aient un jugement si s\u00e9v\u00e8re sur Emmanuel Macron, ce jeune pr\u00e9sident qu\u2019ils ont pourtant \u00e9lu en 2017 et &hellip; Continuer la lecture de &laquo;&nbsp;. Macron, l&rsquo;ampleur des d\u00e9g\u00e2ts, Marc Eynaud est l&rsquo;invit\u00e9 de Charles Gave&nbsp;&raquo;","og_url":"https:\/\/webtube.fr\/index.php\/2026\/03\/16\/macron-lampleur-des-degats-marc-eynaud-est-linvite-de-charles-gave\/","og_site_name":"# WEBTUBE.fr","article_publisher":"https:\/\/www.facebook.com\/profile.php?id=100069673161887","article_published_time":"2026-03-16T06:01:27+00:00","og_image":[{"url":"https:\/\/i.ytimg.com\/vi\/PgM7dClwFYM\/hqdefault.jpg?v=69b526b4","type":"","width":"","height":""}],"author":"admin5851","twitter_card":"summary_large_image","twitter_creator":"@OrtfNews","twitter_site":"@OrtfNews","twitter_misc":{"\u00c9crit par":"admin5851","Dur\u00e9e de lecture estim\u00e9e":"2 minutes"},"schema":{"@context":"https:\/\/schema.org","@graph":[{"@type":"Article","@id":"https:\/\/webtube.fr\/index.php\/2026\/03\/16\/macron-lampleur-des-degats-marc-eynaud-est-linvite-de-charles-gave\/#article","isPartOf":{"@id":"https:\/\/webtube.fr\/index.php\/2026\/03\/16\/macron-lampleur-des-degats-marc-eynaud-est-linvite-de-charles-gave\/"},"author":{"name":"admin5851","@id":"https:\/\/webtube.fr\/#\/schema\/person\/dcc633686e0e2a79a6bf7b92c9507618"},"headline":". Macron, l&rsquo;ampleur des d\u00e9g\u00e2ts, Marc Eynaud est l&rsquo;invit\u00e9 de Charles Gave","datePublished":"2026-03-16T06:01:27+00:00","mainEntityOfPage":{"@id":"https:\/\/webtube.fr\/index.php\/2026\/03\/16\/macron-lampleur-des-degats-marc-eynaud-est-linvite-de-charles-gave\/"},"wordCount":260,"commentCount":0,"publisher":{"@id":"https:\/\/webtube.fr\/#organization"},"image":{"@id":"https:\/\/webtube.fr\/index.php\/2026\/03\/16\/macron-lampleur-des-degats-marc-eynaud-est-linvite-de-charles-gave\/#primaryimage"},"thumbnailUrl":"https:\/\/i.ytimg.com\/vi\/PgM7dClwFYM\/hqdefault.jpg?v=69b526b4","articleSection":["Uncategorized"],"inLanguage":"fr-FR","potentialAction":[{"@type":"CommentAction","name":"Comment","target":["https:\/\/webtube.fr\/index.php\/2026\/03\/16\/macron-lampleur-des-degats-marc-eynaud-est-linvite-de-charles-gave\/#respond"]}]},{"@type":"WebPage","@id":"https:\/\/webtube.fr\/index.php\/2026\/03\/16\/macron-lampleur-des-degats-marc-eynaud-est-linvite-de-charles-gave\/","url":"https:\/\/webtube.fr\/index.php\/2026\/03\/16\/macron-lampleur-des-degats-marc-eynaud-est-linvite-de-charles-gave\/","name":". Macron, l'ampleur des d\u00e9g\u00e2ts, Marc Eynaud est l'invit\u00e9 de Charles Gave - # WEBTUBE.fr","isPartOf":{"@id":"https:\/\/webtube.fr\/#website"},"primaryImageOfPage":{"@id":"https:\/\/webtube.fr\/index.php\/2026\/03\/16\/macron-lampleur-des-degats-marc-eynaud-est-linvite-de-charles-gave\/#primaryimage"},"image":{"@id":"https:\/\/webtube.fr\/index.php\/2026\/03\/16\/macron-lampleur-des-degats-marc-eynaud-est-linvite-de-charles-gave\/#primaryimage"},"thumbnailUrl":"https:\/\/i.ytimg.com\/vi\/PgM7dClwFYM\/hqdefault.jpg?v=69b526b4","datePublished":"2026-03-16T06:01:27+00:00","breadcrumb":{"@id":"https:\/\/webtube.fr\/index.php\/2026\/03\/16\/macron-lampleur-des-degats-marc-eynaud-est-linvite-de-charles-gave\/#breadcrumb"},"inLanguage":"fr-FR","potentialAction":[{"@type":"ReadAction","target":["https:\/\/webtube.fr\/index.php\/2026\/03\/16\/macron-lampleur-des-degats-marc-eynaud-est-linvite-de-charles-gave\/"]}]},{"@type":"ImageObject","inLanguage":"fr-FR","@id":"https:\/\/webtube.fr\/index.php\/2026\/03\/16\/macron-lampleur-des-degats-marc-eynaud-est-linvite-de-charles-gave\/#primaryimage","url":"https:\/\/i.ytimg.com\/vi\/PgM7dClwFYM\/hqdefault.jpg?v=69b526b4","contentUrl":"https:\/\/i.ytimg.com\/vi\/PgM7dClwFYM\/hqdefault.jpg?v=69b526b4"},{"@type":"BreadcrumbList","@id":"https:\/\/webtube.fr\/index.php\/2026\/03\/16\/macron-lampleur-des-degats-marc-eynaud-est-linvite-de-charles-gave\/#breadcrumb","itemListElement":[{"@type":"ListItem","position":1,"name":"Accueil","item":"https:\/\/webtube.fr\/"},{"@type":"ListItem","position":2,"name":". Macron, l&rsquo;ampleur des d\u00e9g\u00e2ts, Marc Eynaud est l&rsquo;invit\u00e9 de Charles Gave"}]},{"@type":"WebSite","@id":"https:\/\/webtube.fr\/#website","url":"https:\/\/webtube.fr\/","name":"WEBTUBE","description":"WEBTUBE.fr  Streaming Vid\u00e9o and News , toutes les infos sans filtres !","publisher":{"@id":"https:\/\/webtube.fr\/#organization"},"alternateName":"Rutube","potentialAction":[{"@type":"SearchAction","target":{"@type":"EntryPoint","urlTemplate":"https:\/\/webtube.fr\/?s={search_term_string}"},"query-input":{"@type":"PropertyValueSpecification","valueRequired":true,"valueName":"search_term_string"}}],"inLanguage":"fr-FR"},{"@type":"Organization","@id":"https:\/\/webtube.fr\/#organization","name":"# WEBTUBE.fr","url":"https:\/\/webtube.fr\/","logo":{"@type":"ImageObject","inLanguage":"fr-FR","@id":"https:\/\/webtube.fr\/#\/schema\/logo\/image\/","url":"https:\/\/webtube.fr\/wp-content\/uploads\/2025\/09\/cropped-Logo_webtubeIA-1.jpg","contentUrl":"https:\/\/webtube.fr\/wp-content\/uploads\/2025\/09\/cropped-Logo_webtubeIA-1.jpg","width":240,"height":240,"caption":"# WEBTUBE.fr"},"image":{"@id":"https:\/\/webtube.fr\/#\/schema\/logo\/image\/"},"sameAs":["https:\/\/www.facebook.com\/profile.php?id=100069673161887","https:\/\/x.com\/OrtfNews","https:\/\/www.facebook.com\/profile.php?id=100013751440523"]},{"@type":"Person","@id":"https:\/\/webtube.fr\/#\/schema\/person\/dcc633686e0e2a79a6bf7b92c9507618","name":"admin5851","image":{"@type":"ImageObject","inLanguage":"fr-FR","@id":"https:\/\/secure.gravatar.com\/avatar\/ea1b672a827879c0febb022a108a871292b3d08fadc66a0a43fa47acfe82e38a?s=96&d=mm&r=g","url":"https:\/\/secure.gravatar.com\/avatar\/ea1b672a827879c0febb022a108a871292b3d08fadc66a0a43fa47acfe82e38a?s=96&d=mm&r=g","contentUrl":"https:\/\/secure.gravatar.com\/avatar\/ea1b672a827879c0febb022a108a871292b3d08fadc66a0a43fa47acfe82e38a?s=96&d=mm&r=g","caption":"admin5851"},"sameAs":["http:\/\/linlcju.cluster100.hosting.ovh.net"],"url":"https:\/\/webtube.fr\/index.php\/author\/admin5851\/"}]}},"jetpack_featured_media_url":"","jetpack_sharing_enabled":true,"_links":{"self":[{"href":"https:\/\/webtube.fr\/index.php\/wp-json\/wp\/v2\/posts\/34852","targetHints":{"allow":["GET"]}}],"collection":[{"href":"https:\/\/webtube.fr\/index.php\/wp-json\/wp\/v2\/posts"}],"about":[{"href":"https:\/\/webtube.fr\/index.php\/wp-json\/wp\/v2\/types\/post"}],"author":[{"embeddable":true,"href":"https:\/\/webtube.fr\/index.php\/wp-json\/wp\/v2\/users\/1"}],"replies":[{"embeddable":true,"href":"https:\/\/webtube.fr\/index.php\/wp-json\/wp\/v2\/comments?post=34852"}],"version-history":[{"count":1,"href":"https:\/\/webtube.fr\/index.php\/wp-json\/wp\/v2\/posts\/34852\/revisions"}],"predecessor-version":[{"id":34853,"href":"https:\/\/webtube.fr\/index.php\/wp-json\/wp\/v2\/posts\/34852\/revisions\/34853"}],"wp:attachment":[{"href":"https:\/\/webtube.fr\/index.php\/wp-json\/wp\/v2\/media?parent=34852"}],"wp:term":[{"taxonomy":"category","embeddable":true,"href":"https:\/\/webtube.fr\/index.php\/wp-json\/wp\/v2\/categories?post=34852"},{"taxonomy":"post_tag","embeddable":true,"href":"https:\/\/webtube.fr\/index.php\/wp-json\/wp\/v2\/tags?post=34852"}],"curies":[{"name":"wp","href":"https:\/\/api.w.org\/{rel}","templated":true}]}}