{"id":34846,"date":"2026-03-15T08:05:00","date_gmt":"2026-03-15T08:05:00","guid":{"rendered":"https:\/\/webtube.fr\/?p=34846"},"modified":"2026-03-15T08:05:00","modified_gmt":"2026-03-15T08:05:00","slug":"remigration-pour-que-leurope-reste-la-terre-des-europeens-la-vision-de-jean-yves-le-gallou","status":"publish","type":"post","link":"https:\/\/webtube.fr\/index.php\/2026\/03\/15\/remigration-pour-que-leurope-reste-la-terre-des-europeens-la-vision-de-jean-yves-le-gallou\/","title":{"rendered":". Remigration, pour que l\u2019Europe reste la terre des Europ\u00e9ens \u2013 La vision de Jean-Yves Le Gallou"},"content":{"rendered":"\n<p>Articles : <a href=\"https:\/\/webtube.fr\/index.php\/2026\/03\/\" target=\"_blank\" rel=\"noreferrer noopener\">Mar. 2026<\/a> &#8211; <a href=\"https:\/\/webtube.fr\/index.php\/2026\/02\/\" target=\"_blank\" rel=\"noreferrer noopener\">Fev 2026<\/a> &#8211; <a href=\"https:\/\/webtube.fr\/index.php\/2026\/01\/\" target=\"_blank\" rel=\"noreferrer noopener\">Jan 2026<\/a> &#8211; <a href=\"https:\/\/webtube.fr\/index.php\/2025\/12\/\" target=\"_blank\" rel=\"noreferrer noopener\">Dec. 2025<\/a> &#8211;<br>Facebook&nbsp;:&nbsp;<a href=\"https:\/\/www.facebook.com\/profile.php?id=100069673161887\">https:\/\/www.facebook.com\/profile.php?id=100069673161887<\/a> Twitter : <a href=\"https:\/\/twitter.com\/OrtfNews\" target=\"_blank\" rel=\"noreferrer noopener\">https:\/\/twitter.com\/OrtfNews<\/a> Music 24\/24 : <a href=\"http:\/\/DJMUSIC.fr\/\" target=\"_blank\" rel=\"noreferrer noopener\">http:\/\/DJMUSIC.fr<\/a><\/p>\n\n\n\n<figure class=\"wp-block-image size-large\"><img decoding=\"async\" src=\"https:\/\/www.polemia.com\/wp-content\/uploads\/2026\/03\/la-remigration-pour-que-leurope-reste-la-terre-des-europeens-entretien-avec-jean-yves-le-gallou.webp\" alt=\"\"\/><\/figure>\n\n\n\n<p><strong>#webtube : <\/strong><em>Le nouvel ouvrage de Jean-Yves Le Gallou a r\u00e9cemment \u00e9t\u00e9 publi\u00e9 :\u00a0<a href=\"https:\/\/nouvelle-librairie.com\/boutique\/militantisme\/remigration-pour-leurope-de-nos-enfants-precommandes-ouvertes-expeditions-a-partir-du-5-mars\/\" target=\"_blank\" rel=\"noreferrer noopener\">Remigration. Pour l\u2019Europe de nos enfants<\/a>. Portant sur le sujet essentiel de la remigration, il s\u2019agit d\u2019un livre qui couvre la totalit\u00e9 des questions li\u00e9es \u00e0 ce grand projet. \u00c0 l\u2019occasion de la sortie de cet ouvrage, Jean-Yves Le Gallou \u00e9tait interrog\u00e9 par la Librairie Logos.<\/em><\/p>\n\n\n\n<figure class=\"wp-block-embed is-type-video is-provider-youtube wp-block-embed-youtube wp-embed-aspect-16-9 wp-has-aspect-ratio\"><div class=\"wp-block-embed__wrapper\">\n<iframe loading=\"lazy\" title=\"\ud83c\udf99 Entretien avec Jean-Yves Le Gallou \u00e0 la Librairie Logos\" width=\"840\" height=\"473\" src=\"https:\/\/www.youtube.com\/embed\/-6_vLa4_WEU?feature=oembed\" frameborder=\"0\" allow=\"accelerometer; autoplay; clipboard-write; encrypted-media; gyroscope; picture-in-picture; web-share\" referrerpolicy=\"strict-origin-when-cross-origin\" allowfullscreen><\/iframe>\n<\/div><\/figure>\n\n\n\n<p>Source : <em>Pol\u00e9mia<\/em><\/p>\n\n\n\n<p><a href=\"https:\/\/www.polemia.com\/author\/jean-yves-le-gallou\/\">Jean-Yves Le Gallou<\/a> Jean-Yves Le Gallou, ENA, inspecteur g\u00e9n\u00e9ral de l\u2019administration (ER), ancien d\u00e9put\u00e9 europ\u00e9en est le pr\u00e9sident de Pol\u00e9mia. Essayiste il a publi\u00e9 de nombreux ouvrages dont\u00a0<em>La Tyrannie m\u00e9diatique<\/em>\u00a0et\u00a0<em>Immigration : la catastrophe, que faire ?<\/em>. Jean-Yves Le Gallou pr\u00e9sente chaque semaine sur TVlibert\u00e9s i-m\u00e9dia, \u00e9mission d\u2019analyse critique des m\u00e9dias.<\/p>\n\n\n\n<p><\/p>\n","protected":false},"excerpt":{"rendered":"<p>Articles : Mar. 2026 &#8211; Fev 2026 &#8211; Jan 2026 &#8211; Dec. 2025 &#8211;Facebook&nbsp;:&nbsp;https:\/\/www.facebook.com\/profile.php?id=100069673161887 Twitter : https:\/\/twitter.com\/OrtfNews Music 24\/24 : http:\/\/DJMUSIC.fr #webtube : Le nouvel ouvrage de Jean-Yves Le Gallou a r\u00e9cemment \u00e9t\u00e9 publi\u00e9 :\u00a0Remigration. Pour l\u2019Europe de nos enfants. Portant sur le sujet essentiel de la remigration, il s\u2019agit d\u2019un livre qui couvre la &hellip; <a href=\"https:\/\/webtube.fr\/index.php\/2026\/03\/15\/remigration-pour-que-leurope-reste-la-terre-des-europeens-la-vision-de-jean-yves-le-gallou\/\" class=\"more-link\">Continuer la lecture<span class=\"screen-reader-text\"> de &laquo;&nbsp;. Remigration, pour que l\u2019Europe reste la terre des Europ\u00e9ens \u2013 La vision de Jean-Yves Le Gallou&nbsp;&raquo;<\/span><\/a><\/p>\n","protected":false},"author":1,"featured_media":0,"comment_status":"open","ping_status":"open","sticky":false,"template":"","format":"standard","meta":{"_jetpack_memberships_contains_paid_content":false,"footnotes":""},"categories":[1],"tags":[],"class_list":["post-34846","post","type-post","status-publish","format-standard","hentry","category-uncategorized"],"yoast_head":"<!-- This site is optimized with the Yoast SEO plugin v27.3 - https:\/\/yoast.com\/product\/yoast-seo-wordpress\/ -->\n<title>. Remigration, pour que l\u2019Europe reste la terre des Europ\u00e9ens \u2013 La vision de Jean-Yves Le Gallou - # WEBTUBE.fr<\/title>\n<meta name=\"robots\" content=\"index, follow, max-snippet:-1, max-image-preview:large, max-video-preview:-1\" \/>\n<link rel=\"canonical\" href=\"https:\/\/webtube.fr\/index.php\/2026\/03\/15\/remigration-pour-que-leurope-reste-la-terre-des-europeens-la-vision-de-jean-yves-le-gallou\/\" \/>\n<meta property=\"og:locale\" content=\"fr_FR\" \/>\n<meta property=\"og:type\" content=\"article\" \/>\n<meta property=\"og:title\" content=\". Remigration, pour que l\u2019Europe reste la terre des Europ\u00e9ens \u2013 La vision de Jean-Yves Le Gallou - # WEBTUBE.fr\" \/>\n<meta property=\"og:description\" content=\"Articles : Mar. 2026 &#8211; Fev 2026 &#8211; Jan 2026 &#8211; Dec. 2025 &#8211;Facebook&nbsp;:&nbsp;https:\/\/www.facebook.com\/profile.php?id=100069673161887 Twitter : https:\/\/twitter.com\/OrtfNews Music 24\/24 : http:\/\/DJMUSIC.fr #webtube : Le nouvel ouvrage de Jean-Yves Le Gallou a r\u00e9cemment \u00e9t\u00e9 publi\u00e9 :\u00a0Remigration. Pour l\u2019Europe de nos enfants. Portant sur le sujet essentiel de la remigration, il s\u2019agit d\u2019un livre qui couvre la &hellip; Continuer la lecture de &laquo;&nbsp;. Remigration, pour que l\u2019Europe reste la terre des Europ\u00e9ens \u2013 La vision de Jean-Yves Le Gallou&nbsp;&raquo;\" \/>\n<meta property=\"og:url\" content=\"https:\/\/webtube.fr\/index.php\/2026\/03\/15\/remigration-pour-que-leurope-reste-la-terre-des-europeens-la-vision-de-jean-yves-le-gallou\/\" \/>\n<meta property=\"og:site_name\" content=\"# WEBTUBE.fr\" \/>\n<meta property=\"article:publisher\" content=\"https:\/\/www.facebook.com\/profile.php?id=100069673161887\" \/>\n<meta property=\"article:published_time\" content=\"2026-03-15T08:05:00+00:00\" \/>\n<meta property=\"og:image\" content=\"https:\/\/www.polemia.com\/wp-content\/uploads\/2026\/03\/la-remigration-pour-que-leurope-reste-la-terre-des-europeens-entretien-avec-jean-yves-le-gallou.webp\" \/>\n<meta name=\"author\" content=\"admin5851\" \/>\n<meta name=\"twitter:card\" content=\"summary_large_image\" \/>\n<meta name=\"twitter:creator\" content=\"@OrtfNews\" \/>\n<meta name=\"twitter:site\" content=\"@OrtfNews\" \/>\n<meta name=\"twitter:label1\" content=\"\u00c9crit par\" \/>\n\t<meta name=\"twitter:data1\" content=\"admin5851\" \/>\n\t<meta name=\"twitter:label2\" content=\"Dur\u00e9e de lecture estim\u00e9e\" \/>\n\t<meta name=\"twitter:data2\" content=\"1 minute\" \/>\n<script type=\"application\/ld+json\" class=\"yoast-schema-graph\">{\"@context\":\"https:\\\/\\\/schema.org\",\"@graph\":[{\"@type\":\"Article\",\"@id\":\"https:\\\/\\\/webtube.fr\\\/index.php\\\/2026\\\/03\\\/15\\\/remigration-pour-que-leurope-reste-la-terre-des-europeens-la-vision-de-jean-yves-le-gallou\\\/#article\",\"isPartOf\":{\"@id\":\"https:\\\/\\\/webtube.fr\\\/index.php\\\/2026\\\/03\\\/15\\\/remigration-pour-que-leurope-reste-la-terre-des-europeens-la-vision-de-jean-yves-le-gallou\\\/\"},\"author\":{\"name\":\"admin5851\",\"@id\":\"https:\\\/\\\/webtube.fr\\\/#\\\/schema\\\/person\\\/dcc633686e0e2a79a6bf7b92c9507618\"},\"headline\":\". Remigration, pour que l\u2019Europe reste la terre des Europ\u00e9ens \u2013 La vision de Jean-Yves Le Gallou\",\"datePublished\":\"2026-03-15T08:05:00+00:00\",\"mainEntityOfPage\":{\"@id\":\"https:\\\/\\\/webtube.fr\\\/index.php\\\/2026\\\/03\\\/15\\\/remigration-pour-que-leurope-reste-la-terre-des-europeens-la-vision-de-jean-yves-le-gallou\\\/\"},\"wordCount\":179,\"commentCount\":0,\"publisher\":{\"@id\":\"https:\\\/\\\/webtube.fr\\\/#organization\"},\"image\":{\"@id\":\"https:\\\/\\\/webtube.fr\\\/index.php\\\/2026\\\/03\\\/15\\\/remigration-pour-que-leurope-reste-la-terre-des-europeens-la-vision-de-jean-yves-le-gallou\\\/#primaryimage\"},\"thumbnailUrl\":\"https:\\\/\\\/www.polemia.com\\\/wp-content\\\/uploads\\\/2026\\\/03\\\/la-remigration-pour-que-leurope-reste-la-terre-des-europeens-entretien-avec-jean-yves-le-gallou.webp\",\"articleSection\":[\"Uncategorized\"],\"inLanguage\":\"fr-FR\",\"potentialAction\":[{\"@type\":\"CommentAction\",\"name\":\"Comment\",\"target\":[\"https:\\\/\\\/webtube.fr\\\/index.php\\\/2026\\\/03\\\/15\\\/remigration-pour-que-leurope-reste-la-terre-des-europeens-la-vision-de-jean-yves-le-gallou\\\/#respond\"]}]},{\"@type\":\"WebPage\",\"@id\":\"https:\\\/\\\/webtube.fr\\\/index.php\\\/2026\\\/03\\\/15\\\/remigration-pour-que-leurope-reste-la-terre-des-europeens-la-vision-de-jean-yves-le-gallou\\\/\",\"url\":\"https:\\\/\\\/webtube.fr\\\/index.php\\\/2026\\\/03\\\/15\\\/remigration-pour-que-leurope-reste-la-terre-des-europeens-la-vision-de-jean-yves-le-gallou\\\/\",\"name\":\". Remigration, pour que l\u2019Europe reste la terre des Europ\u00e9ens \u2013 La vision de Jean-Yves Le Gallou - # WEBTUBE.fr\",\"isPartOf\":{\"@id\":\"https:\\\/\\\/webtube.fr\\\/#website\"},\"primaryImageOfPage\":{\"@id\":\"https:\\\/\\\/webtube.fr\\\/index.php\\\/2026\\\/03\\\/15\\\/remigration-pour-que-leurope-reste-la-terre-des-europeens-la-vision-de-jean-yves-le-gallou\\\/#primaryimage\"},\"image\":{\"@id\":\"https:\\\/\\\/webtube.fr\\\/index.php\\\/2026\\\/03\\\/15\\\/remigration-pour-que-leurope-reste-la-terre-des-europeens-la-vision-de-jean-yves-le-gallou\\\/#primaryimage\"},\"thumbnailUrl\":\"https:\\\/\\\/www.polemia.com\\\/wp-content\\\/uploads\\\/2026\\\/03\\\/la-remigration-pour-que-leurope-reste-la-terre-des-europeens-entretien-avec-jean-yves-le-gallou.webp\",\"datePublished\":\"2026-03-15T08:05:00+00:00\",\"breadcrumb\":{\"@id\":\"https:\\\/\\\/webtube.fr\\\/index.php\\\/2026\\\/03\\\/15\\\/remigration-pour-que-leurope-reste-la-terre-des-europeens-la-vision-de-jean-yves-le-gallou\\\/#breadcrumb\"},\"inLanguage\":\"fr-FR\",\"potentialAction\":[{\"@type\":\"ReadAction\",\"target\":[\"https:\\\/\\\/webtube.fr\\\/index.php\\\/2026\\\/03\\\/15\\\/remigration-pour-que-leurope-reste-la-terre-des-europeens-la-vision-de-jean-yves-le-gallou\\\/\"]}]},{\"@type\":\"ImageObject\",\"inLanguage\":\"fr-FR\",\"@id\":\"https:\\\/\\\/webtube.fr\\\/index.php\\\/2026\\\/03\\\/15\\\/remigration-pour-que-leurope-reste-la-terre-des-europeens-la-vision-de-jean-yves-le-gallou\\\/#primaryimage\",\"url\":\"https:\\\/\\\/www.polemia.com\\\/wp-content\\\/uploads\\\/2026\\\/03\\\/la-remigration-pour-que-leurope-reste-la-terre-des-europeens-entretien-avec-jean-yves-le-gallou.webp\",\"contentUrl\":\"https:\\\/\\\/www.polemia.com\\\/wp-content\\\/uploads\\\/2026\\\/03\\\/la-remigration-pour-que-leurope-reste-la-terre-des-europeens-entretien-avec-jean-yves-le-gallou.webp\"},{\"@type\":\"BreadcrumbList\",\"@id\":\"https:\\\/\\\/webtube.fr\\\/index.php\\\/2026\\\/03\\\/15\\\/remigration-pour-que-leurope-reste-la-terre-des-europeens-la-vision-de-jean-yves-le-gallou\\\/#breadcrumb\",\"itemListElement\":[{\"@type\":\"ListItem\",\"position\":1,\"name\":\"Accueil\",\"item\":\"https:\\\/\\\/webtube.fr\\\/\"},{\"@type\":\"ListItem\",\"position\":2,\"name\":\". Remigration, pour que l\u2019Europe reste la terre des Europ\u00e9ens \u2013 La vision de Jean-Yves Le Gallou\"}]},{\"@type\":\"WebSite\",\"@id\":\"https:\\\/\\\/webtube.fr\\\/#website\",\"url\":\"https:\\\/\\\/webtube.fr\\\/\",\"name\":\"WEBTUBE\",\"description\":\"WEBTUBE.fr  Streaming Vid\u00e9o and News , toutes les infos sans filtres !\",\"publisher\":{\"@id\":\"https:\\\/\\\/webtube.fr\\\/#organization\"},\"alternateName\":\"Rutube\",\"potentialAction\":[{\"@type\":\"SearchAction\",\"target\":{\"@type\":\"EntryPoint\",\"urlTemplate\":\"https:\\\/\\\/webtube.fr\\\/?s={search_term_string}\"},\"query-input\":{\"@type\":\"PropertyValueSpecification\",\"valueRequired\":true,\"valueName\":\"search_term_string\"}}],\"inLanguage\":\"fr-FR\"},{\"@type\":\"Organization\",\"@id\":\"https:\\\/\\\/webtube.fr\\\/#organization\",\"name\":\"# WEBTUBE.fr\",\"url\":\"https:\\\/\\\/webtube.fr\\\/\",\"logo\":{\"@type\":\"ImageObject\",\"inLanguage\":\"fr-FR\",\"@id\":\"https:\\\/\\\/webtube.fr\\\/#\\\/schema\\\/logo\\\/image\\\/\",\"url\":\"https:\\\/\\\/webtube.fr\\\/wp-content\\\/uploads\\\/2025\\\/09\\\/cropped-Logo_webtubeIA-1.jpg\",\"contentUrl\":\"https:\\\/\\\/webtube.fr\\\/wp-content\\\/uploads\\\/2025\\\/09\\\/cropped-Logo_webtubeIA-1.jpg\",\"width\":240,\"height\":240,\"caption\":\"# WEBTUBE.fr\"},\"image\":{\"@id\":\"https:\\\/\\\/webtube.fr\\\/#\\\/schema\\\/logo\\\/image\\\/\"},\"sameAs\":[\"https:\\\/\\\/www.facebook.com\\\/profile.php?id=100069673161887\",\"https:\\\/\\\/x.com\\\/OrtfNews\",\"https:\\\/\\\/www.facebook.com\\\/profile.php?id=100013751440523\"]},{\"@type\":\"Person\",\"@id\":\"https:\\\/\\\/webtube.fr\\\/#\\\/schema\\\/person\\\/dcc633686e0e2a79a6bf7b92c9507618\",\"name\":\"admin5851\",\"image\":{\"@type\":\"ImageObject\",\"inLanguage\":\"fr-FR\",\"@id\":\"https:\\\/\\\/secure.gravatar.com\\\/avatar\\\/ea1b672a827879c0febb022a108a871292b3d08fadc66a0a43fa47acfe82e38a?s=96&d=mm&r=g\",\"url\":\"https:\\\/\\\/secure.gravatar.com\\\/avatar\\\/ea1b672a827879c0febb022a108a871292b3d08fadc66a0a43fa47acfe82e38a?s=96&d=mm&r=g\",\"contentUrl\":\"https:\\\/\\\/secure.gravatar.com\\\/avatar\\\/ea1b672a827879c0febb022a108a871292b3d08fadc66a0a43fa47acfe82e38a?s=96&d=mm&r=g\",\"caption\":\"admin5851\"},\"sameAs\":[\"http:\\\/\\\/linlcju.cluster100.hosting.ovh.net\"],\"url\":\"https:\\\/\\\/webtube.fr\\\/index.php\\\/author\\\/admin5851\\\/\"}]}<\/script>\n<!-- \/ Yoast SEO plugin. -->","yoast_head_json":{"title":". Remigration, pour que l\u2019Europe reste la terre des Europ\u00e9ens \u2013 La vision de Jean-Yves Le Gallou - # WEBTUBE.fr","robots":{"index":"index","follow":"follow","max-snippet":"max-snippet:-1","max-image-preview":"max-image-preview:large","max-video-preview":"max-video-preview:-1"},"canonical":"https:\/\/webtube.fr\/index.php\/2026\/03\/15\/remigration-pour-que-leurope-reste-la-terre-des-europeens-la-vision-de-jean-yves-le-gallou\/","og_locale":"fr_FR","og_type":"article","og_title":". Remigration, pour que l\u2019Europe reste la terre des Europ\u00e9ens \u2013 La vision de Jean-Yves Le Gallou - # WEBTUBE.fr","og_description":"Articles : Mar. 2026 &#8211; Fev 2026 &#8211; Jan 2026 &#8211; Dec. 2025 &#8211;Facebook&nbsp;:&nbsp;https:\/\/www.facebook.com\/profile.php?id=100069673161887 Twitter : https:\/\/twitter.com\/OrtfNews Music 24\/24 : http:\/\/DJMUSIC.fr #webtube : Le nouvel ouvrage de Jean-Yves Le Gallou a r\u00e9cemment \u00e9t\u00e9 publi\u00e9 :\u00a0Remigration. Pour l\u2019Europe de nos enfants. Portant sur le sujet essentiel de la remigration, il s\u2019agit d\u2019un livre qui couvre la &hellip; Continuer la lecture de &laquo;&nbsp;. Remigration, pour que l\u2019Europe reste la terre des Europ\u00e9ens \u2013 La vision de Jean-Yves Le Gallou&nbsp;&raquo;","og_url":"https:\/\/webtube.fr\/index.php\/2026\/03\/15\/remigration-pour-que-leurope-reste-la-terre-des-europeens-la-vision-de-jean-yves-le-gallou\/","og_site_name":"# WEBTUBE.fr","article_publisher":"https:\/\/www.facebook.com\/profile.php?id=100069673161887","article_published_time":"2026-03-15T08:05:00+00:00","og_image":[{"url":"https:\/\/www.polemia.com\/wp-content\/uploads\/2026\/03\/la-remigration-pour-que-leurope-reste-la-terre-des-europeens-entretien-avec-jean-yves-le-gallou.webp","type":"","width":"","height":""}],"author":"admin5851","twitter_card":"summary_large_image","twitter_creator":"@OrtfNews","twitter_site":"@OrtfNews","twitter_misc":{"\u00c9crit par":"admin5851","Dur\u00e9e de lecture estim\u00e9e":"1 minute"},"schema":{"@context":"https:\/\/schema.org","@graph":[{"@type":"Article","@id":"https:\/\/webtube.fr\/index.php\/2026\/03\/15\/remigration-pour-que-leurope-reste-la-terre-des-europeens-la-vision-de-jean-yves-le-gallou\/#article","isPartOf":{"@id":"https:\/\/webtube.fr\/index.php\/2026\/03\/15\/remigration-pour-que-leurope-reste-la-terre-des-europeens-la-vision-de-jean-yves-le-gallou\/"},"author":{"name":"admin5851","@id":"https:\/\/webtube.fr\/#\/schema\/person\/dcc633686e0e2a79a6bf7b92c9507618"},"headline":". Remigration, pour que l\u2019Europe reste la terre des Europ\u00e9ens \u2013 La vision de Jean-Yves Le Gallou","datePublished":"2026-03-15T08:05:00+00:00","mainEntityOfPage":{"@id":"https:\/\/webtube.fr\/index.php\/2026\/03\/15\/remigration-pour-que-leurope-reste-la-terre-des-europeens-la-vision-de-jean-yves-le-gallou\/"},"wordCount":179,"commentCount":0,"publisher":{"@id":"https:\/\/webtube.fr\/#organization"},"image":{"@id":"https:\/\/webtube.fr\/index.php\/2026\/03\/15\/remigration-pour-que-leurope-reste-la-terre-des-europeens-la-vision-de-jean-yves-le-gallou\/#primaryimage"},"thumbnailUrl":"https:\/\/www.polemia.com\/wp-content\/uploads\/2026\/03\/la-remigration-pour-que-leurope-reste-la-terre-des-europeens-entretien-avec-jean-yves-le-gallou.webp","articleSection":["Uncategorized"],"inLanguage":"fr-FR","potentialAction":[{"@type":"CommentAction","name":"Comment","target":["https:\/\/webtube.fr\/index.php\/2026\/03\/15\/remigration-pour-que-leurope-reste-la-terre-des-europeens-la-vision-de-jean-yves-le-gallou\/#respond"]}]},{"@type":"WebPage","@id":"https:\/\/webtube.fr\/index.php\/2026\/03\/15\/remigration-pour-que-leurope-reste-la-terre-des-europeens-la-vision-de-jean-yves-le-gallou\/","url":"https:\/\/webtube.fr\/index.php\/2026\/03\/15\/remigration-pour-que-leurope-reste-la-terre-des-europeens-la-vision-de-jean-yves-le-gallou\/","name":". Remigration, pour que l\u2019Europe reste la terre des Europ\u00e9ens \u2013 La vision de Jean-Yves Le Gallou - # WEBTUBE.fr","isPartOf":{"@id":"https:\/\/webtube.fr\/#website"},"primaryImageOfPage":{"@id":"https:\/\/webtube.fr\/index.php\/2026\/03\/15\/remigration-pour-que-leurope-reste-la-terre-des-europeens-la-vision-de-jean-yves-le-gallou\/#primaryimage"},"image":{"@id":"https:\/\/webtube.fr\/index.php\/2026\/03\/15\/remigration-pour-que-leurope-reste-la-terre-des-europeens-la-vision-de-jean-yves-le-gallou\/#primaryimage"},"thumbnailUrl":"https:\/\/www.polemia.com\/wp-content\/uploads\/2026\/03\/la-remigration-pour-que-leurope-reste-la-terre-des-europeens-entretien-avec-jean-yves-le-gallou.webp","datePublished":"2026-03-15T08:05:00+00:00","breadcrumb":{"@id":"https:\/\/webtube.fr\/index.php\/2026\/03\/15\/remigration-pour-que-leurope-reste-la-terre-des-europeens-la-vision-de-jean-yves-le-gallou\/#breadcrumb"},"inLanguage":"fr-FR","potentialAction":[{"@type":"ReadAction","target":["https:\/\/webtube.fr\/index.php\/2026\/03\/15\/remigration-pour-que-leurope-reste-la-terre-des-europeens-la-vision-de-jean-yves-le-gallou\/"]}]},{"@type":"ImageObject","inLanguage":"fr-FR","@id":"https:\/\/webtube.fr\/index.php\/2026\/03\/15\/remigration-pour-que-leurope-reste-la-terre-des-europeens-la-vision-de-jean-yves-le-gallou\/#primaryimage","url":"https:\/\/www.polemia.com\/wp-content\/uploads\/2026\/03\/la-remigration-pour-que-leurope-reste-la-terre-des-europeens-entretien-avec-jean-yves-le-gallou.webp","contentUrl":"https:\/\/www.polemia.com\/wp-content\/uploads\/2026\/03\/la-remigration-pour-que-leurope-reste-la-terre-des-europeens-entretien-avec-jean-yves-le-gallou.webp"},{"@type":"BreadcrumbList","@id":"https:\/\/webtube.fr\/index.php\/2026\/03\/15\/remigration-pour-que-leurope-reste-la-terre-des-europeens-la-vision-de-jean-yves-le-gallou\/#breadcrumb","itemListElement":[{"@type":"ListItem","position":1,"name":"Accueil","item":"https:\/\/webtube.fr\/"},{"@type":"ListItem","position":2,"name":". Remigration, pour que l\u2019Europe reste la terre des Europ\u00e9ens \u2013 La vision de Jean-Yves Le Gallou"}]},{"@type":"WebSite","@id":"https:\/\/webtube.fr\/#website","url":"https:\/\/webtube.fr\/","name":"WEBTUBE","description":"WEBTUBE.fr  Streaming Vid\u00e9o and News , toutes les infos sans filtres !","publisher":{"@id":"https:\/\/webtube.fr\/#organization"},"alternateName":"Rutube","potentialAction":[{"@type":"SearchAction","target":{"@type":"EntryPoint","urlTemplate":"https:\/\/webtube.fr\/?s={search_term_string}"},"query-input":{"@type":"PropertyValueSpecification","valueRequired":true,"valueName":"search_term_string"}}],"inLanguage":"fr-FR"},{"@type":"Organization","@id":"https:\/\/webtube.fr\/#organization","name":"# WEBTUBE.fr","url":"https:\/\/webtube.fr\/","logo":{"@type":"ImageObject","inLanguage":"fr-FR","@id":"https:\/\/webtube.fr\/#\/schema\/logo\/image\/","url":"https:\/\/webtube.fr\/wp-content\/uploads\/2025\/09\/cropped-Logo_webtubeIA-1.jpg","contentUrl":"https:\/\/webtube.fr\/wp-content\/uploads\/2025\/09\/cropped-Logo_webtubeIA-1.jpg","width":240,"height":240,"caption":"# WEBTUBE.fr"},"image":{"@id":"https:\/\/webtube.fr\/#\/schema\/logo\/image\/"},"sameAs":["https:\/\/www.facebook.com\/profile.php?id=100069673161887","https:\/\/x.com\/OrtfNews","https:\/\/www.facebook.com\/profile.php?id=100013751440523"]},{"@type":"Person","@id":"https:\/\/webtube.fr\/#\/schema\/person\/dcc633686e0e2a79a6bf7b92c9507618","name":"admin5851","image":{"@type":"ImageObject","inLanguage":"fr-FR","@id":"https:\/\/secure.gravatar.com\/avatar\/ea1b672a827879c0febb022a108a871292b3d08fadc66a0a43fa47acfe82e38a?s=96&d=mm&r=g","url":"https:\/\/secure.gravatar.com\/avatar\/ea1b672a827879c0febb022a108a871292b3d08fadc66a0a43fa47acfe82e38a?s=96&d=mm&r=g","contentUrl":"https:\/\/secure.gravatar.com\/avatar\/ea1b672a827879c0febb022a108a871292b3d08fadc66a0a43fa47acfe82e38a?s=96&d=mm&r=g","caption":"admin5851"},"sameAs":["http:\/\/linlcju.cluster100.hosting.ovh.net"],"url":"https:\/\/webtube.fr\/index.php\/author\/admin5851\/"}]}},"jetpack_featured_media_url":"","jetpack_sharing_enabled":true,"_links":{"self":[{"href":"https:\/\/webtube.fr\/index.php\/wp-json\/wp\/v2\/posts\/34846","targetHints":{"allow":["GET"]}}],"collection":[{"href":"https:\/\/webtube.fr\/index.php\/wp-json\/wp\/v2\/posts"}],"about":[{"href":"https:\/\/webtube.fr\/index.php\/wp-json\/wp\/v2\/types\/post"}],"author":[{"embeddable":true,"href":"https:\/\/webtube.fr\/index.php\/wp-json\/wp\/v2\/users\/1"}],"replies":[{"embeddable":true,"href":"https:\/\/webtube.fr\/index.php\/wp-json\/wp\/v2\/comments?post=34846"}],"version-history":[{"count":1,"href":"https:\/\/webtube.fr\/index.php\/wp-json\/wp\/v2\/posts\/34846\/revisions"}],"predecessor-version":[{"id":34847,"href":"https:\/\/webtube.fr\/index.php\/wp-json\/wp\/v2\/posts\/34846\/revisions\/34847"}],"wp:attachment":[{"href":"https:\/\/webtube.fr\/index.php\/wp-json\/wp\/v2\/media?parent=34846"}],"wp:term":[{"taxonomy":"category","embeddable":true,"href":"https:\/\/webtube.fr\/index.php\/wp-json\/wp\/v2\/categories?post=34846"},{"taxonomy":"post_tag","embeddable":true,"href":"https:\/\/webtube.fr\/index.php\/wp-json\/wp\/v2\/tags?post=34846"}],"curies":[{"name":"wp","href":"https:\/\/api.w.org\/{rel}","templated":true}]}}