{"id":31176,"date":"2026-01-11T09:47:46","date_gmt":"2026-01-11T09:47:46","guid":{"rendered":"https:\/\/webtube.fr\/?p=31176"},"modified":"2026-01-11T09:47:47","modified_gmt":"2026-01-11T09:47:47","slug":"affaire-maduro-la-civilisation-sefface-le-temps-des-pirates-est-la","status":"publish","type":"post","link":"https:\/\/webtube.fr\/index.php\/2026\/01\/11\/affaire-maduro-la-civilisation-sefface-le-temps-des-pirates-est-la\/","title":{"rendered":". Affaire Maduro : la civilisation s\u2019efface, le temps des pirates est l\u00e0"},"content":{"rendered":"\n<p>Articles : <a href=\"https:\/\/webtube.fr\/index.php\/2026\/01\/\" target=\"_blank\" rel=\"noreferrer noopener\">Jan 2026<\/a> &#8211; <a href=\"https:\/\/webtube.fr\/index.php\/2025\/12\/\" target=\"_blank\" rel=\"noreferrer noopener\">Dec. 2025<\/a> &#8211; <a href=\"https:\/\/webtube.fr\/index.php\/2025\/11\/\">Nov. 2025<\/a> &#8211; <a href=\"https:\/\/webtube.fr\/index.php\/2025\/10\/\" target=\"_blank\" rel=\"noreferrer noopener\">Oct. 2025<\/a> &#8211;<br>Facebook&nbsp;:&nbsp;<a href=\"https:\/\/www.facebook.com\/profile.php?id=100069673161887\">https:\/\/www.facebook.com\/profile.php?id=100069673161887<\/a> Twitter : <a href=\"https:\/\/twitter.com\/OrtfNews\" target=\"_blank\" rel=\"noreferrer noopener\">https:\/\/twitter.com\/OrtfNews<\/a> Music 24\/24 : <a href=\"http:\/\/DJMUSIC.fr\/\" target=\"_blank\" rel=\"noreferrer noopener\">http:\/\/DJMUSIC.fr<\/a><\/p>\n\n\n\n<figure class=\"wp-block-image size-large\"><a href=\"http:\/\/weboomedia.free.fr\/ORTF\/php\/\" target=\"_blank\" rel=\" noreferrer noopener\"><img decoding=\"async\" src=\"https:\/\/www.polemia.com\/wp-content\/uploads\/2026\/01\/affaire-maduro-la-civilisation-sefface-le-temps-des-pirates-est-la.webp\" alt=\"\"\/><\/a><\/figure>\n\n\n\n<p><strong>#webtube<\/strong> : <em>L\u2019intervention militaire am\u00e9ricaine au Venezuela a frapp\u00e9 les esprits \u00e0 travers le monde. En partie parce que l\u2019op\u00e9ration a \u00e9t\u00e9 r\u00e9ussie de mani\u00e8re a priori impressionnante. Mais aussi, et surtout, parce que l\u2019enl\u00e8vement de Nicolas Maduro marque un tournant dans la mani\u00e8re dont la souverainet\u00e9 des \u00c9tats sera envisag\u00e9e \u00e0 l\u2019avenir. Pour analyser, cet \u00e9v\u00e9nement majeur, voici un texte d\u2019\u00c9ric Delcroix, juriste, essayiste et \u00e9crivain, auteur de\u00a0<a href=\"https:\/\/www.akribeia.fr\/censure\/2106-droit-conscience-et-sentiments.html\">Droit, conscience et sentiments<\/a>.<br>Pol\u00e9mia<\/em><\/p>\n\n\n\n<h3 class=\"wp-block-heading\">Ambigu\u00eft\u00e9s journalistiques<\/h3>\n\n\n\n<p>Le rapt du pr\u00e9sident en exercice du Venezuela, \u00e0 Caracas, ainsi dans son propre pays, pour \u00eatre livr\u00e9 \u00e0 la&nbsp;<em>justice de droit commun&nbsp;<\/em>d\u2019un autre pays est un pr\u00e9c\u00e9dent tr\u00e8s grave. Que ce dictateur ait \u00e9t\u00e9 une fripouille castriste \u00e9videmment peu recommandable est une chose, mais le traitement qui lui a \u00e9t\u00e9 inflig\u00e9 ind\u00e9pendamment de sa&nbsp;<em>qualit\u00e9<\/em>&nbsp;est un pr\u00e9c\u00e9dent qui rev\u00eat une importance universelle majeure.<br>D\u2019abord, entendons-nous bien et nommons les choses pour sortir de l\u2019ambigu\u00eft\u00e9 et de l\u2019\u00e0-peu-pr\u00e8s journalistique. Non, Nicolas Maduro n\u2019a pas \u00e9t\u00e9&nbsp;<em>captur\u00e9<\/em>, il a \u00e9t\u00e9&nbsp;<em>enlev\u00e9<\/em>&nbsp;; non, il n\u2019a pas \u00e9t\u00e9&nbsp;<em>exfiltr\u00e9<\/em>&nbsp;du Venezuela, comme on le fait pour sauver son agent, il a \u00e9t\u00e9&nbsp;<em>extrad\u00e9<\/em>&nbsp;ill\u00e9galement. Non plus, il n\u2019est pas un pr\u00e9sident&nbsp;<em>d\u00e9chu<\/em>&nbsp;comme le pr\u00e9sentent les m\u00e9dias : seul le Venezuela pourrait le d\u00e9choir de son titre selon les institutions de ce pays ou par un coup d\u2019\u00c9tat.<br>Et son proc\u00e8s, en violation de son immunit\u00e9 de chef d\u2019\u00c9tat, dans un pays tiers et sous la loi de ce pays \u00e9tranger est le signe de la g\u00e9n\u00e9ralisation du d\u00e9sordre et de la dissolution ultime de la diff\u00e9rence que l\u2019on avait coutume de faire entre la raison d\u2019\u00c9tat et la simple piraterie.<\/p>\n\n\n\n<h3 class=\"wp-block-heading\">R\u00e9gime des \u00c9tats et lois de ceux-ci<\/h3>\n\n\n\n<p>Depuis le trait\u00e9 de Westphalie (M\u00fcnster et Osnabr\u00fcck, 1648), les \u00c9tats \u00e9taient reconnus comme des&nbsp;<em>entit\u00e9s souveraines<\/em>, ne d\u00e9pendant que d\u2019elles-m\u00eames. Les responsables des \u00c9tats ne devant rendre de comptes, en tant que tels, qu\u2019\u00e0 leur propre ordre int\u00e9rieur. Il est vrai que ces r\u00e8gles, pour dominantes qu\u2019elles fussent, \u00e9taient des r\u00e8gles europ\u00e9ennes, devenues universelles de par l\u2019influence europ\u00e9enne sur le monde, influence qui n\u2019est plus\u2026<br>D\u00e9j\u00e0, sous le poids des Am\u00e9ricains, lors du grand proc\u00e8s de Nuremberg (1945-1946), ces r\u00e8gles avaient \u00e9t\u00e9 transgress\u00e9es et des voix s\u2019\u00e9taient \u00e9lev\u00e9es, y compris aux \u00c9tats-Unis, telles celles du s\u00e9nateur Taft ou du juge de la Cour supr\u00eame Harlan Fiske Stone.<br>\u00c0 une plus petite \u00e9chelle, les Am\u00e9ricains avaient d\u00e9j\u00e0 proc\u00e9d\u00e9 \u00e0 l\u2019arrestation de Manuel Noriega apr\u00e8s l\u2019invasion du Panama par l\u2019arm\u00e9e am\u00e9ricaine (1989), mais le statut effectif de l\u2019\u00ab homme fort \u00bb, qui r\u00e9gnait alors plus ou moins officiellement sur le Panama, en fait un cas probablement marginal.<br>Ces derni\u00e8res d\u00e9cennies ont vu, \u00e0 l\u2019initiative des Am\u00e9ricains mais non sans la complicit\u00e9 de leurs vassaux europ\u00e9ens, l\u2019application barbare de la liquidation des chefs vaincus, tels l\u2019Irakien Saddam Hussein, ex\u00e9cut\u00e9 sous supervision am\u00e9ricaine (2006), ou le Libyen Mouammar Kadhafi, odieusement lynch\u00e9 sous supervision franco-am\u00e9ricaine (2011).<br>Aujourd\u2019hui Napol\u00e9on serait pendu par les Anglais et je ne crois pas que cela aurait \u00e9t\u00e9 souhaitable, ni pour notre histoire ni pour celle de la civilisation.<\/p>\n\n\n\n<h3 class=\"wp-block-heading\">Fin des souverainet\u00e9s et immunit\u00e9s :&nbsp;<em>Vae victis !<\/em><\/h3>\n\n\n\n<p>Selon la justice des \u00c9tats-Unis, Nicolas Maduro est accus\u00e9 de trafic de drogue, mais m\u00eame en \u00e9liminant l\u2019obstacle dirimant de l\u2019immunit\u00e9 pr\u00e9cit\u00e9e, et donc \u00e0 titre subsidiaire, le point de savoir s\u2019il est ill\u00e9gal de commercialiser telle ou telle drogue rel\u00e8ve de la souverainet\u00e9 des \u00c9tats. Lors de la prohibition de l\u2019alcool aux \u00c9tats-Unis (1920-1933), le pr\u00e9sident am\u00e9ricain n\u2019allait pas envoyer des commandos pour enlever, et juger sous sa loi nationale, le chef de l\u2019\u00c9tat canadien ou le pr\u00e9sident du Mexique, pays dont les productions d\u2019alcool alimentaient la contrebande des vertueux Am\u00e9ricains.<br>Et pendant que nous y sommes, pourquoi notre arm\u00e9e n\u2019irait-elle pas maintenant enlever, pour le juger \u00e0 Paris entre deux malandrins, le chef du gouvernement hollandais dans son pays \u00e0 partir duquel le cannabis et ses d\u00e9riv\u00e9s sont l\u00e9galement commercialis\u00e9s, et alimentent pour finir le trafic de drogue en France\u2026<br>Ceux qui se r\u00e9jouissent du sort fait au sinistre Maduro ont tout simplement des t\u00eates de colibri, comme Trump, sauf que ce dernier a pour lui le pouvoir et la puissance qu\u2019il ne conjugue qu\u2019au pr\u00e9sent (au futur sera-ce la Chine ?). Le d\u00e9mant\u00e8lement de l\u2019ordre mondialiste am\u00e9ricano-centr\u00e9 instaur\u00e9 depuis 1945 est une chose positive, en revanche la dissolution des d\u00e9bris de la paix de Westphalie fait dispara\u00eetre les distinctions entre&nbsp;<em>actes de souverainet\u00e9<\/em>&nbsp;et&nbsp;<em>actes de piraterie<\/em>&nbsp;et cela est effroyablement dangereux.<br>Une parenth\u00e8se de civilisation tri-centenaire vient de se refermer. C\u2019\u00e9tait pourtant bien, la civilisation. Mais c\u2019\u00e9tait avant\u2026<br>Attention aux lendemains qui d\u00e9chantent.&nbsp;<em>Vae victis !<\/em><\/p>\n\n\n\n<p><strong>\u00c9ric Delcroix<\/strong>, Pol\u00e9mia<\/p>\n\n\n\n<p><\/p>\n\n\n\n<p><\/p>\n","protected":false},"excerpt":{"rendered":"<p>Articles : Jan 2026 &#8211; Dec. 2025 &#8211; Nov. 2025 &#8211; Oct. 2025 &#8211;Facebook&nbsp;:&nbsp;https:\/\/www.facebook.com\/profile.php?id=100069673161887 Twitter : https:\/\/twitter.com\/OrtfNews Music 24\/24 : http:\/\/DJMUSIC.fr #webtube : L\u2019intervention militaire am\u00e9ricaine au Venezuela a frapp\u00e9 les esprits \u00e0 travers le monde. En partie parce que l\u2019op\u00e9ration a \u00e9t\u00e9 r\u00e9ussie de mani\u00e8re a priori impressionnante. Mais aussi, et surtout, parce que &hellip; <a href=\"https:\/\/webtube.fr\/index.php\/2026\/01\/11\/affaire-maduro-la-civilisation-sefface-le-temps-des-pirates-est-la\/\" class=\"more-link\">Continuer la lecture<span class=\"screen-reader-text\"> de &laquo;&nbsp;. Affaire Maduro : la civilisation s\u2019efface, le temps des pirates est l\u00e0&nbsp;&raquo;<\/span><\/a><\/p>\n","protected":false},"author":1,"featured_media":0,"comment_status":"open","ping_status":"open","sticky":false,"template":"","format":"standard","meta":{"_jetpack_memberships_contains_paid_content":false,"footnotes":""},"categories":[1],"tags":[],"class_list":["post-31176","post","type-post","status-publish","format-standard","hentry","category-uncategorized"],"yoast_head":"<!-- This site is optimized with the Yoast SEO plugin v27.3 - https:\/\/yoast.com\/product\/yoast-seo-wordpress\/ -->\n<title>. Affaire Maduro : la civilisation s\u2019efface, le temps des pirates est l\u00e0 - # WEBTUBE.fr<\/title>\n<meta name=\"robots\" content=\"index, follow, max-snippet:-1, max-image-preview:large, max-video-preview:-1\" \/>\n<link rel=\"canonical\" href=\"https:\/\/webtube.fr\/index.php\/2026\/01\/11\/affaire-maduro-la-civilisation-sefface-le-temps-des-pirates-est-la\/\" \/>\n<meta property=\"og:locale\" content=\"fr_FR\" \/>\n<meta property=\"og:type\" content=\"article\" \/>\n<meta property=\"og:title\" content=\". Affaire Maduro : la civilisation s\u2019efface, le temps des pirates est l\u00e0 - # WEBTUBE.fr\" \/>\n<meta property=\"og:description\" content=\"Articles : Jan 2026 &#8211; Dec. 2025 &#8211; Nov. 2025 &#8211; Oct. 2025 &#8211;Facebook&nbsp;:&nbsp;https:\/\/www.facebook.com\/profile.php?id=100069673161887 Twitter : https:\/\/twitter.com\/OrtfNews Music 24\/24 : http:\/\/DJMUSIC.fr #webtube : L\u2019intervention militaire am\u00e9ricaine au Venezuela a frapp\u00e9 les esprits \u00e0 travers le monde. En partie parce que l\u2019op\u00e9ration a \u00e9t\u00e9 r\u00e9ussie de mani\u00e8re a priori impressionnante. Mais aussi, et surtout, parce que &hellip; Continuer la lecture de &laquo;&nbsp;. Affaire Maduro : la civilisation s\u2019efface, le temps des pirates est l\u00e0&nbsp;&raquo;\" \/>\n<meta property=\"og:url\" content=\"https:\/\/webtube.fr\/index.php\/2026\/01\/11\/affaire-maduro-la-civilisation-sefface-le-temps-des-pirates-est-la\/\" \/>\n<meta property=\"og:site_name\" content=\"# WEBTUBE.fr\" \/>\n<meta property=\"article:publisher\" content=\"https:\/\/www.facebook.com\/profile.php?id=100069673161887\" \/>\n<meta property=\"article:published_time\" content=\"2026-01-11T09:47:46+00:00\" \/>\n<meta property=\"article:modified_time\" content=\"2026-01-11T09:47:47+00:00\" \/>\n<meta property=\"og:image\" content=\"https:\/\/www.polemia.com\/wp-content\/uploads\/2026\/01\/affaire-maduro-la-civilisation-sefface-le-temps-des-pirates-est-la.webp\" \/>\n<meta name=\"author\" content=\"admin5851\" \/>\n<meta name=\"twitter:card\" content=\"summary_large_image\" \/>\n<meta name=\"twitter:creator\" content=\"@OrtfNews\" \/>\n<meta name=\"twitter:site\" content=\"@OrtfNews\" \/>\n<meta name=\"twitter:label1\" content=\"\u00c9crit par\" \/>\n\t<meta name=\"twitter:data1\" content=\"admin5851\" \/>\n\t<meta name=\"twitter:label2\" content=\"Dur\u00e9e de lecture estim\u00e9e\" \/>\n\t<meta name=\"twitter:data2\" content=\"5 minutes\" \/>\n<script type=\"application\/ld+json\" class=\"yoast-schema-graph\">{\"@context\":\"https:\\\/\\\/schema.org\",\"@graph\":[{\"@type\":\"Article\",\"@id\":\"https:\\\/\\\/webtube.fr\\\/index.php\\\/2026\\\/01\\\/11\\\/affaire-maduro-la-civilisation-sefface-le-temps-des-pirates-est-la\\\/#article\",\"isPartOf\":{\"@id\":\"https:\\\/\\\/webtube.fr\\\/index.php\\\/2026\\\/01\\\/11\\\/affaire-maduro-la-civilisation-sefface-le-temps-des-pirates-est-la\\\/\"},\"author\":{\"name\":\"admin5851\",\"@id\":\"https:\\\/\\\/webtube.fr\\\/#\\\/schema\\\/person\\\/dcc633686e0e2a79a6bf7b92c9507618\"},\"headline\":\". Affaire Maduro : la civilisation s\u2019efface, le temps des pirates est l\u00e0\",\"datePublished\":\"2026-01-11T09:47:46+00:00\",\"dateModified\":\"2026-01-11T09:47:47+00:00\",\"mainEntityOfPage\":{\"@id\":\"https:\\\/\\\/webtube.fr\\\/index.php\\\/2026\\\/01\\\/11\\\/affaire-maduro-la-civilisation-sefface-le-temps-des-pirates-est-la\\\/\"},\"wordCount\":946,\"commentCount\":0,\"publisher\":{\"@id\":\"https:\\\/\\\/webtube.fr\\\/#organization\"},\"image\":{\"@id\":\"https:\\\/\\\/webtube.fr\\\/index.php\\\/2026\\\/01\\\/11\\\/affaire-maduro-la-civilisation-sefface-le-temps-des-pirates-est-la\\\/#primaryimage\"},\"thumbnailUrl\":\"https:\\\/\\\/www.polemia.com\\\/wp-content\\\/uploads\\\/2026\\\/01\\\/affaire-maduro-la-civilisation-sefface-le-temps-des-pirates-est-la.webp\",\"articleSection\":[\"Uncategorized\"],\"inLanguage\":\"fr-FR\",\"potentialAction\":[{\"@type\":\"CommentAction\",\"name\":\"Comment\",\"target\":[\"https:\\\/\\\/webtube.fr\\\/index.php\\\/2026\\\/01\\\/11\\\/affaire-maduro-la-civilisation-sefface-le-temps-des-pirates-est-la\\\/#respond\"]}]},{\"@type\":\"WebPage\",\"@id\":\"https:\\\/\\\/webtube.fr\\\/index.php\\\/2026\\\/01\\\/11\\\/affaire-maduro-la-civilisation-sefface-le-temps-des-pirates-est-la\\\/\",\"url\":\"https:\\\/\\\/webtube.fr\\\/index.php\\\/2026\\\/01\\\/11\\\/affaire-maduro-la-civilisation-sefface-le-temps-des-pirates-est-la\\\/\",\"name\":\". Affaire Maduro : la civilisation s\u2019efface, le temps des pirates est l\u00e0 - # WEBTUBE.fr\",\"isPartOf\":{\"@id\":\"https:\\\/\\\/webtube.fr\\\/#website\"},\"primaryImageOfPage\":{\"@id\":\"https:\\\/\\\/webtube.fr\\\/index.php\\\/2026\\\/01\\\/11\\\/affaire-maduro-la-civilisation-sefface-le-temps-des-pirates-est-la\\\/#primaryimage\"},\"image\":{\"@id\":\"https:\\\/\\\/webtube.fr\\\/index.php\\\/2026\\\/01\\\/11\\\/affaire-maduro-la-civilisation-sefface-le-temps-des-pirates-est-la\\\/#primaryimage\"},\"thumbnailUrl\":\"https:\\\/\\\/www.polemia.com\\\/wp-content\\\/uploads\\\/2026\\\/01\\\/affaire-maduro-la-civilisation-sefface-le-temps-des-pirates-est-la.webp\",\"datePublished\":\"2026-01-11T09:47:46+00:00\",\"dateModified\":\"2026-01-11T09:47:47+00:00\",\"breadcrumb\":{\"@id\":\"https:\\\/\\\/webtube.fr\\\/index.php\\\/2026\\\/01\\\/11\\\/affaire-maduro-la-civilisation-sefface-le-temps-des-pirates-est-la\\\/#breadcrumb\"},\"inLanguage\":\"fr-FR\",\"potentialAction\":[{\"@type\":\"ReadAction\",\"target\":[\"https:\\\/\\\/webtube.fr\\\/index.php\\\/2026\\\/01\\\/11\\\/affaire-maduro-la-civilisation-sefface-le-temps-des-pirates-est-la\\\/\"]}]},{\"@type\":\"ImageObject\",\"inLanguage\":\"fr-FR\",\"@id\":\"https:\\\/\\\/webtube.fr\\\/index.php\\\/2026\\\/01\\\/11\\\/affaire-maduro-la-civilisation-sefface-le-temps-des-pirates-est-la\\\/#primaryimage\",\"url\":\"https:\\\/\\\/www.polemia.com\\\/wp-content\\\/uploads\\\/2026\\\/01\\\/affaire-maduro-la-civilisation-sefface-le-temps-des-pirates-est-la.webp\",\"contentUrl\":\"https:\\\/\\\/www.polemia.com\\\/wp-content\\\/uploads\\\/2026\\\/01\\\/affaire-maduro-la-civilisation-sefface-le-temps-des-pirates-est-la.webp\"},{\"@type\":\"BreadcrumbList\",\"@id\":\"https:\\\/\\\/webtube.fr\\\/index.php\\\/2026\\\/01\\\/11\\\/affaire-maduro-la-civilisation-sefface-le-temps-des-pirates-est-la\\\/#breadcrumb\",\"itemListElement\":[{\"@type\":\"ListItem\",\"position\":1,\"name\":\"Accueil\",\"item\":\"https:\\\/\\\/webtube.fr\\\/\"},{\"@type\":\"ListItem\",\"position\":2,\"name\":\". Affaire Maduro : la civilisation s\u2019efface, le temps des pirates est l\u00e0\"}]},{\"@type\":\"WebSite\",\"@id\":\"https:\\\/\\\/webtube.fr\\\/#website\",\"url\":\"https:\\\/\\\/webtube.fr\\\/\",\"name\":\"WEBTUBE\",\"description\":\"WEBTUBE.fr  Streaming Vid\u00e9o and News , toutes les infos sans filtres !\",\"publisher\":{\"@id\":\"https:\\\/\\\/webtube.fr\\\/#organization\"},\"alternateName\":\"Rutube\",\"potentialAction\":[{\"@type\":\"SearchAction\",\"target\":{\"@type\":\"EntryPoint\",\"urlTemplate\":\"https:\\\/\\\/webtube.fr\\\/?s={search_term_string}\"},\"query-input\":{\"@type\":\"PropertyValueSpecification\",\"valueRequired\":true,\"valueName\":\"search_term_string\"}}],\"inLanguage\":\"fr-FR\"},{\"@type\":\"Organization\",\"@id\":\"https:\\\/\\\/webtube.fr\\\/#organization\",\"name\":\"# WEBTUBE.fr\",\"url\":\"https:\\\/\\\/webtube.fr\\\/\",\"logo\":{\"@type\":\"ImageObject\",\"inLanguage\":\"fr-FR\",\"@id\":\"https:\\\/\\\/webtube.fr\\\/#\\\/schema\\\/logo\\\/image\\\/\",\"url\":\"https:\\\/\\\/webtube.fr\\\/wp-content\\\/uploads\\\/2025\\\/09\\\/cropped-Logo_webtubeIA-1.jpg\",\"contentUrl\":\"https:\\\/\\\/webtube.fr\\\/wp-content\\\/uploads\\\/2025\\\/09\\\/cropped-Logo_webtubeIA-1.jpg\",\"width\":240,\"height\":240,\"caption\":\"# WEBTUBE.fr\"},\"image\":{\"@id\":\"https:\\\/\\\/webtube.fr\\\/#\\\/schema\\\/logo\\\/image\\\/\"},\"sameAs\":[\"https:\\\/\\\/www.facebook.com\\\/profile.php?id=100069673161887\",\"https:\\\/\\\/x.com\\\/OrtfNews\",\"https:\\\/\\\/www.facebook.com\\\/profile.php?id=100013751440523\"]},{\"@type\":\"Person\",\"@id\":\"https:\\\/\\\/webtube.fr\\\/#\\\/schema\\\/person\\\/dcc633686e0e2a79a6bf7b92c9507618\",\"name\":\"admin5851\",\"image\":{\"@type\":\"ImageObject\",\"inLanguage\":\"fr-FR\",\"@id\":\"https:\\\/\\\/secure.gravatar.com\\\/avatar\\\/ea1b672a827879c0febb022a108a871292b3d08fadc66a0a43fa47acfe82e38a?s=96&d=mm&r=g\",\"url\":\"https:\\\/\\\/secure.gravatar.com\\\/avatar\\\/ea1b672a827879c0febb022a108a871292b3d08fadc66a0a43fa47acfe82e38a?s=96&d=mm&r=g\",\"contentUrl\":\"https:\\\/\\\/secure.gravatar.com\\\/avatar\\\/ea1b672a827879c0febb022a108a871292b3d08fadc66a0a43fa47acfe82e38a?s=96&d=mm&r=g\",\"caption\":\"admin5851\"},\"sameAs\":[\"http:\\\/\\\/linlcju.cluster100.hosting.ovh.net\"],\"url\":\"https:\\\/\\\/webtube.fr\\\/index.php\\\/author\\\/admin5851\\\/\"}]}<\/script>\n<!-- \/ Yoast SEO plugin. -->","yoast_head_json":{"title":". Affaire Maduro : la civilisation s\u2019efface, le temps des pirates est l\u00e0 - # WEBTUBE.fr","robots":{"index":"index","follow":"follow","max-snippet":"max-snippet:-1","max-image-preview":"max-image-preview:large","max-video-preview":"max-video-preview:-1"},"canonical":"https:\/\/webtube.fr\/index.php\/2026\/01\/11\/affaire-maduro-la-civilisation-sefface-le-temps-des-pirates-est-la\/","og_locale":"fr_FR","og_type":"article","og_title":". Affaire Maduro : la civilisation s\u2019efface, le temps des pirates est l\u00e0 - # WEBTUBE.fr","og_description":"Articles : Jan 2026 &#8211; Dec. 2025 &#8211; Nov. 2025 &#8211; Oct. 2025 &#8211;Facebook&nbsp;:&nbsp;https:\/\/www.facebook.com\/profile.php?id=100069673161887 Twitter : https:\/\/twitter.com\/OrtfNews Music 24\/24 : http:\/\/DJMUSIC.fr #webtube : L\u2019intervention militaire am\u00e9ricaine au Venezuela a frapp\u00e9 les esprits \u00e0 travers le monde. En partie parce que l\u2019op\u00e9ration a \u00e9t\u00e9 r\u00e9ussie de mani\u00e8re a priori impressionnante. Mais aussi, et surtout, parce que &hellip; Continuer la lecture de &laquo;&nbsp;. Affaire Maduro : la civilisation s\u2019efface, le temps des pirates est l\u00e0&nbsp;&raquo;","og_url":"https:\/\/webtube.fr\/index.php\/2026\/01\/11\/affaire-maduro-la-civilisation-sefface-le-temps-des-pirates-est-la\/","og_site_name":"# WEBTUBE.fr","article_publisher":"https:\/\/www.facebook.com\/profile.php?id=100069673161887","article_published_time":"2026-01-11T09:47:46+00:00","article_modified_time":"2026-01-11T09:47:47+00:00","og_image":[{"url":"https:\/\/www.polemia.com\/wp-content\/uploads\/2026\/01\/affaire-maduro-la-civilisation-sefface-le-temps-des-pirates-est-la.webp","type":"","width":"","height":""}],"author":"admin5851","twitter_card":"summary_large_image","twitter_creator":"@OrtfNews","twitter_site":"@OrtfNews","twitter_misc":{"\u00c9crit par":"admin5851","Dur\u00e9e de lecture estim\u00e9e":"5 minutes"},"schema":{"@context":"https:\/\/schema.org","@graph":[{"@type":"Article","@id":"https:\/\/webtube.fr\/index.php\/2026\/01\/11\/affaire-maduro-la-civilisation-sefface-le-temps-des-pirates-est-la\/#article","isPartOf":{"@id":"https:\/\/webtube.fr\/index.php\/2026\/01\/11\/affaire-maduro-la-civilisation-sefface-le-temps-des-pirates-est-la\/"},"author":{"name":"admin5851","@id":"https:\/\/webtube.fr\/#\/schema\/person\/dcc633686e0e2a79a6bf7b92c9507618"},"headline":". Affaire Maduro : la civilisation s\u2019efface, le temps des pirates est l\u00e0","datePublished":"2026-01-11T09:47:46+00:00","dateModified":"2026-01-11T09:47:47+00:00","mainEntityOfPage":{"@id":"https:\/\/webtube.fr\/index.php\/2026\/01\/11\/affaire-maduro-la-civilisation-sefface-le-temps-des-pirates-est-la\/"},"wordCount":946,"commentCount":0,"publisher":{"@id":"https:\/\/webtube.fr\/#organization"},"image":{"@id":"https:\/\/webtube.fr\/index.php\/2026\/01\/11\/affaire-maduro-la-civilisation-sefface-le-temps-des-pirates-est-la\/#primaryimage"},"thumbnailUrl":"https:\/\/www.polemia.com\/wp-content\/uploads\/2026\/01\/affaire-maduro-la-civilisation-sefface-le-temps-des-pirates-est-la.webp","articleSection":["Uncategorized"],"inLanguage":"fr-FR","potentialAction":[{"@type":"CommentAction","name":"Comment","target":["https:\/\/webtube.fr\/index.php\/2026\/01\/11\/affaire-maduro-la-civilisation-sefface-le-temps-des-pirates-est-la\/#respond"]}]},{"@type":"WebPage","@id":"https:\/\/webtube.fr\/index.php\/2026\/01\/11\/affaire-maduro-la-civilisation-sefface-le-temps-des-pirates-est-la\/","url":"https:\/\/webtube.fr\/index.php\/2026\/01\/11\/affaire-maduro-la-civilisation-sefface-le-temps-des-pirates-est-la\/","name":". Affaire Maduro : la civilisation s\u2019efface, le temps des pirates est l\u00e0 - # WEBTUBE.fr","isPartOf":{"@id":"https:\/\/webtube.fr\/#website"},"primaryImageOfPage":{"@id":"https:\/\/webtube.fr\/index.php\/2026\/01\/11\/affaire-maduro-la-civilisation-sefface-le-temps-des-pirates-est-la\/#primaryimage"},"image":{"@id":"https:\/\/webtube.fr\/index.php\/2026\/01\/11\/affaire-maduro-la-civilisation-sefface-le-temps-des-pirates-est-la\/#primaryimage"},"thumbnailUrl":"https:\/\/www.polemia.com\/wp-content\/uploads\/2026\/01\/affaire-maduro-la-civilisation-sefface-le-temps-des-pirates-est-la.webp","datePublished":"2026-01-11T09:47:46+00:00","dateModified":"2026-01-11T09:47:47+00:00","breadcrumb":{"@id":"https:\/\/webtube.fr\/index.php\/2026\/01\/11\/affaire-maduro-la-civilisation-sefface-le-temps-des-pirates-est-la\/#breadcrumb"},"inLanguage":"fr-FR","potentialAction":[{"@type":"ReadAction","target":["https:\/\/webtube.fr\/index.php\/2026\/01\/11\/affaire-maduro-la-civilisation-sefface-le-temps-des-pirates-est-la\/"]}]},{"@type":"ImageObject","inLanguage":"fr-FR","@id":"https:\/\/webtube.fr\/index.php\/2026\/01\/11\/affaire-maduro-la-civilisation-sefface-le-temps-des-pirates-est-la\/#primaryimage","url":"https:\/\/www.polemia.com\/wp-content\/uploads\/2026\/01\/affaire-maduro-la-civilisation-sefface-le-temps-des-pirates-est-la.webp","contentUrl":"https:\/\/www.polemia.com\/wp-content\/uploads\/2026\/01\/affaire-maduro-la-civilisation-sefface-le-temps-des-pirates-est-la.webp"},{"@type":"BreadcrumbList","@id":"https:\/\/webtube.fr\/index.php\/2026\/01\/11\/affaire-maduro-la-civilisation-sefface-le-temps-des-pirates-est-la\/#breadcrumb","itemListElement":[{"@type":"ListItem","position":1,"name":"Accueil","item":"https:\/\/webtube.fr\/"},{"@type":"ListItem","position":2,"name":". Affaire Maduro : la civilisation s\u2019efface, le temps des pirates est l\u00e0"}]},{"@type":"WebSite","@id":"https:\/\/webtube.fr\/#website","url":"https:\/\/webtube.fr\/","name":"WEBTUBE","description":"WEBTUBE.fr  Streaming Vid\u00e9o and News , toutes les infos sans filtres !","publisher":{"@id":"https:\/\/webtube.fr\/#organization"},"alternateName":"Rutube","potentialAction":[{"@type":"SearchAction","target":{"@type":"EntryPoint","urlTemplate":"https:\/\/webtube.fr\/?s={search_term_string}"},"query-input":{"@type":"PropertyValueSpecification","valueRequired":true,"valueName":"search_term_string"}}],"inLanguage":"fr-FR"},{"@type":"Organization","@id":"https:\/\/webtube.fr\/#organization","name":"# WEBTUBE.fr","url":"https:\/\/webtube.fr\/","logo":{"@type":"ImageObject","inLanguage":"fr-FR","@id":"https:\/\/webtube.fr\/#\/schema\/logo\/image\/","url":"https:\/\/webtube.fr\/wp-content\/uploads\/2025\/09\/cropped-Logo_webtubeIA-1.jpg","contentUrl":"https:\/\/webtube.fr\/wp-content\/uploads\/2025\/09\/cropped-Logo_webtubeIA-1.jpg","width":240,"height":240,"caption":"# WEBTUBE.fr"},"image":{"@id":"https:\/\/webtube.fr\/#\/schema\/logo\/image\/"},"sameAs":["https:\/\/www.facebook.com\/profile.php?id=100069673161887","https:\/\/x.com\/OrtfNews","https:\/\/www.facebook.com\/profile.php?id=100013751440523"]},{"@type":"Person","@id":"https:\/\/webtube.fr\/#\/schema\/person\/dcc633686e0e2a79a6bf7b92c9507618","name":"admin5851","image":{"@type":"ImageObject","inLanguage":"fr-FR","@id":"https:\/\/secure.gravatar.com\/avatar\/ea1b672a827879c0febb022a108a871292b3d08fadc66a0a43fa47acfe82e38a?s=96&d=mm&r=g","url":"https:\/\/secure.gravatar.com\/avatar\/ea1b672a827879c0febb022a108a871292b3d08fadc66a0a43fa47acfe82e38a?s=96&d=mm&r=g","contentUrl":"https:\/\/secure.gravatar.com\/avatar\/ea1b672a827879c0febb022a108a871292b3d08fadc66a0a43fa47acfe82e38a?s=96&d=mm&r=g","caption":"admin5851"},"sameAs":["http:\/\/linlcju.cluster100.hosting.ovh.net"],"url":"https:\/\/webtube.fr\/index.php\/author\/admin5851\/"}]}},"jetpack_featured_media_url":"","jetpack_sharing_enabled":true,"_links":{"self":[{"href":"https:\/\/webtube.fr\/index.php\/wp-json\/wp\/v2\/posts\/31176","targetHints":{"allow":["GET"]}}],"collection":[{"href":"https:\/\/webtube.fr\/index.php\/wp-json\/wp\/v2\/posts"}],"about":[{"href":"https:\/\/webtube.fr\/index.php\/wp-json\/wp\/v2\/types\/post"}],"author":[{"embeddable":true,"href":"https:\/\/webtube.fr\/index.php\/wp-json\/wp\/v2\/users\/1"}],"replies":[{"embeddable":true,"href":"https:\/\/webtube.fr\/index.php\/wp-json\/wp\/v2\/comments?post=31176"}],"version-history":[{"count":1,"href":"https:\/\/webtube.fr\/index.php\/wp-json\/wp\/v2\/posts\/31176\/revisions"}],"predecessor-version":[{"id":31177,"href":"https:\/\/webtube.fr\/index.php\/wp-json\/wp\/v2\/posts\/31176\/revisions\/31177"}],"wp:attachment":[{"href":"https:\/\/webtube.fr\/index.php\/wp-json\/wp\/v2\/media?parent=31176"}],"wp:term":[{"taxonomy":"category","embeddable":true,"href":"https:\/\/webtube.fr\/index.php\/wp-json\/wp\/v2\/categories?post=31176"},{"taxonomy":"post_tag","embeddable":true,"href":"https:\/\/webtube.fr\/index.php\/wp-json\/wp\/v2\/tags?post=31176"}],"curies":[{"name":"wp","href":"https:\/\/api.w.org\/{rel}","templated":true}]}}