{"id":31174,"date":"2026-01-11T09:41:26","date_gmt":"2026-01-11T09:41:26","guid":{"rendered":"https:\/\/webtube.fr\/?p=31174"},"modified":"2026-01-11T09:41:27","modified_gmt":"2026-01-11T09:41:27","slug":"le-declin-des-medias-de-grand-chemin","status":"publish","type":"post","link":"https:\/\/webtube.fr\/index.php\/2026\/01\/11\/le-declin-des-medias-de-grand-chemin\/","title":{"rendered":". Le d\u00e9clin des m\u00e9dias de grand chemin"},"content":{"rendered":"\n<p>Articles : <a href=\"https:\/\/webtube.fr\/index.php\/2026\/01\/\" target=\"_blank\" rel=\"noreferrer noopener\">Jan 2026<\/a> &#8211; <a href=\"https:\/\/webtube.fr\/index.php\/2025\/12\/\" target=\"_blank\" rel=\"noreferrer noopener\">Dec. 2025<\/a> &#8211; <a href=\"https:\/\/webtube.fr\/index.php\/2025\/11\/\">Nov. 2025<\/a> &#8211; <a href=\"https:\/\/webtube.fr\/index.php\/2025\/10\/\" target=\"_blank\" rel=\"noreferrer noopener\">Oct. 2025<\/a> &#8211;<br>Facebook&nbsp;:&nbsp;<a href=\"https:\/\/www.facebook.com\/profile.php?id=100069673161887\">https:\/\/www.facebook.com\/profile.php?id=100069673161887<\/a> Twitter : <a href=\"https:\/\/twitter.com\/OrtfNews\" target=\"_blank\" rel=\"noreferrer noopener\">https:\/\/twitter.com\/OrtfNews<\/a> Music 24\/24 : <a href=\"http:\/\/DJMUSIC.fr\/\" target=\"_blank\" rel=\"noreferrer noopener\">http:\/\/DJMUSIC.fr<\/a><\/p>\n\n\n\n<figure class=\"wp-block-image size-large\"><a href=\"http:\/\/weboomedia.free.fr\/ORTF\/php\/\" target=\"_blank\" rel=\" noreferrer noopener\"><img decoding=\"async\" src=\"https:\/\/www.polemia.com\/wp-content\/uploads\/2026\/01\/le-declin-des-medias-de-grand-chemin.webp\" alt=\"\"\/><\/a><\/figure>\n\n\n\n<p><strong>#webtube<\/strong> :<em> Le journaliste \u00c9douard Chanot dirige l\u2019\u00e9mission\u00a0Chocs du monde\u00a0sur\u00a0TVL\u00a0apr\u00e8s avoir \u00e9t\u00e9 r\u00e9dacteur en chef chez\u00a0Sputnik Paris\u00a0et\u00a0RT France. Dans son dernier livre,\u00a0<a href=\"https:\/\/nouvelle-librairie.com\/boutique\/politique\/medias\/breche-dans-le-mainstream-lage-des-alternatives-mediatiques-edouard-chanot\/\" target=\"_blank\" rel=\"noreferrer noopener\">Br\u00e8che dans le\u00a0mainstream\u00a0\u2014 L\u2019\u00e2ge des alternatives m\u00e9diatiques<\/a>\u00a0(\u00c9ditions\u00a0La Nouvelle Librairie, 96 pages, 9 euros), pr\u00e9fac\u00e9 par le pr\u00e9sident de l\u2019Observatoire du journalisme\u00a0Claude Chollet, l\u2019auteur s\u2019int\u00e9resse \u00e0 la r\u00e9volution num\u00e9rique en cours qui offre des opportunit\u00e9s certaines aux acteurs de la \u00ab\u00a0r\u00e9information\u00a0\u00bb pour combattre la \u00ab\u00a0pens\u00e9e unique\u00a0\u00bb, malgr\u00e9 les censures diligent\u00e9es par la caste m\u00e9diatico-politique.<\/em><\/p>\n\n\n\n<h3 class=\"wp-block-heading\">La Charte de Marseille<\/h3>\n\n\n\n<p>En avril 2025, \u00e0 l\u2019occasion des Assises m\u00e9diterran\u00e9ennes du journalisme, une trentaine de m\u00e9dias signent une charte d\u00e9ontologique inspir\u00e9e par des journalistes et des chercheurs marqu\u00e9s \u00e0 gauche. Outre le m\u00e9dia de service public&nbsp;<em>France M\u00e9dias Monde<\/em>, plusieurs d\u2019entre eux sont subventionn\u00e9s par l\u2019\u00c9tat comme&nbsp;<em>L\u2019Humanit\u00e9<\/em>,&nbsp;<em>Politis<\/em>,&nbsp;<em>La Marseillaise<\/em>&nbsp;ou&nbsp;<em>Rue89Lyon<\/em>. Les syndicats&nbsp;<em>SNJ<\/em>,&nbsp;<em>SNJ-CGT<\/em>,&nbsp;<em>CFDT-Journalistes<\/em>&nbsp;et les \u00e9coles de journalisme de Lannion, Tours et Cergy sont \u00e9galement signataires [concernant ces \u00e9tablissements, nous recommandons l\u2019essai de Xavier Eman,&nbsp;<em>Formatage continu \u2014 Tour de France des quatorze principales \u00e9coles de journalisme<\/em>&nbsp;(\u00c9ditions&nbsp;<em>La Nouvelle Librairie<\/em>)].<\/p>\n\n\n\n<p>Cette&nbsp;<em>Charte de Marseille<\/em>&nbsp;a pour vocation \u00ab&nbsp;de r\u00e9pondre [avec rigueur et humanit\u00e9] aux d\u00e9fis journalistiques li\u00e9s aux migrations&nbsp;\u00bb, en insistant sur la dignit\u00e9 des personnes migrantes, la lutte contre les st\u00e9r\u00e9otypes et la n\u00e9cessit\u00e9 de contextualiser les faits migratoires, notamment dans les affaires judiciaires impliquant des individus d\u2019origine \u00e9trang\u00e8re.<\/p>\n\n\n\n<p>Comme le souligne le pr\u00e9facier, \u00ab&nbsp;dans les faits, c\u2019est une v\u00e9ritable liste \u00e0 la Pr\u00e9vert de consignes visant \u00e0 brider encore davantage l\u2019information sur l\u2019immigration&nbsp;\u00bb, d\u2019autant que les signataires s\u2019engagent \u00e0 cacher ou \u00e0 ne pas insister sur la religion ou l\u2019origine des \u00e9trangers incrimin\u00e9s. La Charte enjoint les journalistes \u00e0 \u00eatre \u00ab&nbsp;vigilants sur les termes employ\u00e9s&nbsp;\u00bb afin d\u2019\u00ab&nbsp;\u00e9viter amalgames et approximations&nbsp;\u00bb et leur recommande, entre autres, de participer \u00e0 des formations incluant des partenariats transfrontaliers et des collaborations avec des ONG tels que&nbsp;<em>France Terre d\u2019Asile<\/em>&nbsp;ou&nbsp;<em>SOS M\u00e9diterran\u00e9e<\/em>.<\/p>\n\n\n\n<h3 class=\"wp-block-heading\">Une remise en cause de la caste<\/h3>\n\n\n\n<p>\u00ab&nbsp;Covid, guerre \u00e0 Gaza, en Ukraine et, avant cela, Gilets jaunes&nbsp;: durant ces crises \u2014 qui sont celles d\u2019un monde qui se redessine \u2014, le besoin d\u2019entendre une voix dissidente s\u2019est fait sentir et n\u2019a \u00e9t\u00e9 combl\u00e9 par aucun m\u00e9dia dominant.&nbsp;\u00bb<\/p>\n\n\n\n<p>La pens\u00e9e unique \u00ab&nbsp;lib\u00e9rale-libertaire&nbsp;\u00bb \u2014 caract\u00e9ris\u00e9e par la fusion de l\u2019extr\u00eame centre et de l\u2019ultragauche (dans sa dimension soci\u00e9tale plut\u00f4t que sociale) \u2014 r\u00e9pond de moins en moins aux attentes de la population en mati\u00e8re d\u2019information.<\/p>\n\n\n\n<p>En janvier 2025, le barom\u00e8tre&nbsp;<em>La Croix<\/em>\/<em>Verian<\/em>\/<em>La Poste<\/em>&nbsp;\u00e9value \u00e0 62 % le nombre de Fran\u00e7ais qui expriment une d\u00e9fiance quant \u00e0 \u00ab&nbsp;ce que disent les m\u00e9dias sur les grands sujets d\u2019actualit\u00e9&nbsp;\u00bb, un chiffre en augmentation de cinq points par rapport \u00e0 2023.<\/p>\n\n\n\n<p>Dans le m\u00eame temps, les journaux t\u00e9l\u00e9vis\u00e9s des grandes cha\u00eenes perdent r\u00e9guli\u00e8rement des parts d\u2019audience en raison de la concurrence des cha\u00eenes d\u2019information continue et des r\u00e9seaux sociaux et des m\u00e9dias alternatifs (notamment les vid\u00e9os) tr\u00e8s populaires chez les jeunes.<\/p>\n\n\n\n<p>La revue de presse d\u2019un&nbsp;<em>youtubeur<\/em>&nbsp;comme&nbsp;<em>Hugo D\u00e9crypte<\/em>&nbsp;est consult\u00e9e au moins une fois par semaine par 40 % des moins de 35 ans. \u00ab&nbsp;Les influenceurs sont les figures incontournables de la d\u00e9cennie 2020, et leurs m\u00e9thodes ont infus\u00e9 jusque dans les m\u00e9dias. Ainsi, les nouveaux codes informationnels m\u00ealent l\u2019objectivit\u00e9 \u2014 th\u00e9orique \u2014 du journalisme et la subjectivit\u00e9 \u2014 totalement assum\u00e9e \u2014 des influenceurs.&nbsp;\u00bb<\/p>\n\n\n\n<h3 class=\"wp-block-heading\">La nomenklatura d\u00e9fend ses positions<\/h3>\n\n\n\n<p>\u00ab&nbsp;De nouvelles figures et de nouveaux m\u00e9dias sont apparus, oxyg\u00e9nant l\u2019atmosph\u00e8re ambiante&nbsp;\u00bb et conduisant de nombreux journalistes en place \u00e0 d\u00e9plorer l\u2019infiltration de l\u2019extr\u00eame droite dans le paysage m\u00e9diatique, bien que ce renouvellement concerne \u00e9galement la gauche avec des m\u00e9dias comme&nbsp;<em>Blast<\/em>&nbsp;(qui b\u00e9n\u00e9ficie de financements publics),&nbsp;<em>QG<\/em>&nbsp;ou&nbsp;<em>Off Investigation<\/em>.<\/p>\n\n\n\n<p>Comme l\u2019illustre la&nbsp;<em>Charte de Marseille<\/em>, les m\u00e9dias de grand chemin persistent et signent dans l\u2019expression de leur id\u00e9ologie lib\u00e9rale-libertaire, tout en cherchant \u00e0 censurer ou \u00e0 discr\u00e9diter leurs opposants en les d\u00e9signant comme des adeptes du fascisme, du populisme, du complotisme, etc.<\/p>\n\n\n\n<p>Certaines banques accompagnent volontiers ces mesures liberticides en fermant des comptes sans justification, comme l\u2019ont \u00e9t\u00e9 ceux de&nbsp;<em>TVL<\/em>&nbsp;en 2025.<\/p>\n\n\n\n<p>\u00ab&nbsp;Bien entendu, l\u2019Arcom n\u2019est pas en reste. L\u2019affaire&nbsp;<em>C8<\/em>&nbsp;de f\u00e9vrier 2025 a rappel\u00e9 que la censure est un proc\u00e9d\u00e9 toujours d\u2019actualit\u00e9, appliqu\u00e9 dans ce cas pr\u00e9cis par des juges non \u00e9lus qui ont expuls\u00e9 du champ de l\u2019acceptable un m\u00e9dia pour de mauvaises plaisanteries et une suppos\u00e9e absence de pluralisme \u2014 ce dernier n\u2019\u00e9tant, \u00e9videmment, pas exig\u00e9 sur une radio comme&nbsp;<em>France Inter<\/em>.&nbsp;\u00bb<\/p>\n\n\n\n<p>\u00ab&nbsp;\u00c0 l\u2019\u00e9t\u00e9 2025, Aurore Berg\u00e9, la ministre charg\u00e9e de l\u2019\u00e9galit\u00e9 entre les femmes et les hommes, a annonc\u00e9 la mise en place d\u2019une coalition d\u2019une dizaine d\u2019associations LGBT et\/ou dites \u201cantiracistes\u201d charg\u00e9e de faire remonter \u00e0 l\u2019Arcom les \u201ccontenus haineux\u201d.&nbsp;\u00bb (Pour m\u00e9moire, le pr\u00e9sident de cette autorit\u00e9 publique ind\u00e9pendante est nomm\u00e9 par le Pr\u00e9sident de la R\u00e9publique.)<\/p>\n\n\n\n<h3 class=\"wp-block-heading\">L\u2019arriv\u00e9e de l\u2019IA<\/h3>\n\n\n\n<p>\u00c9douard Chanot est persuad\u00e9 que toutes ces r\u00e9actions r\u00e9v\u00e8lent une perte d\u2019influence des m\u00e9dias de grand chemin, comme le confirme le peu de cr\u00e9dibilit\u00e9 accord\u00e9e \u00e0 des&nbsp;<em>fact-checkers<\/em>&nbsp;qui pr\u00e9tendent r\u00e9tablir les faits tout en cachant maladroitement une volont\u00e9 de contr\u00f4le des opinions politiquement divergentes.<\/p>\n\n\n\n<p>\u00ab&nbsp;Cette pression a commenc\u00e9 \u00e0 diminuer avec la lib\u00e9ralisation de la parole due au rachat de&nbsp;<em>Twitter\/X<\/em>&nbsp;par Elon Musk, ce qui a permis, par la m\u00eame occasion, l\u2019essor d\u2019une v\u00e9rification de l\u2019information plus neutre exerc\u00e9e par l\u2019IA.&nbsp;\u00bb<\/p>\n\n\n\n<p>Plus neutre ne veut bien s\u00fbr pas dire infaillible, comme le confie un journaliste dans le livre&nbsp;:&nbsp;\u00ab&nbsp;Un jour, j\u2019\u00e9crivais un papier sur les r\u00e9actions fran\u00e7aises \u00e0 une annonce de Zelensky. J\u2019ai demand\u00e9 \u00e0 l\u2019IA de me les lister\u2026 elle a tout invent\u00e9. Tout \u00e9tait coh\u00e9rent, refl\u00e9tant parfaitement ce que Marine Le Pen ou M\u00e9lenchon aurait pu en dire, mais elle a eu tout faux, pour la simple et bonne raison qu\u2019ils n\u2019avaient pas encore r\u00e9agi&nbsp;!&nbsp;\u00bb<\/p>\n\n\n\n<p>[L\u2019IA va pourtant devenir indispensable et c\u2019est la raison pour laquelle&nbsp;<em>Pol\u00e9mia<\/em>&nbsp;vient de lancer&nbsp;<em>Pol\u00e9m\u2019IA<\/em>, entra\u00een\u00e9e uniquement avec des sources identitaires et appel\u00e9e \u00e0 monter en puissance durant les prochains mois.]<\/p>\n\n\n\n<p>Enfin, comme le souligne \u00c9douard Chanot, l\u2019ind\u00e9pendance des m\u00e9dias alternatifs r\u00e9side dans les contributions g\u00e9n\u00e9reuses de \u00ab&nbsp;plusieurs milliers de donateurs [qui] offrent quotidiennement \u00e0 leurs r\u00e9daction leur libert\u00e9 de ton, [\u2026] cr\u00e9ant par l\u00e0 m\u00eame une troisi\u00e8me voie, aux c\u00f4t\u00e9s du mod\u00e8le de m\u00e9dias publics et de celui des grandes fortunes&nbsp;\u00bb\u2026<\/p>\n\n\n\n<p><strong>Johan Hardoy<\/strong>, Pol\u00e9mia<\/p>\n\n\n\n<p><\/p>\n","protected":false},"excerpt":{"rendered":"<p>Articles : Jan 2026 &#8211; Dec. 2025 &#8211; Nov. 2025 &#8211; Oct. 2025 &#8211;Facebook&nbsp;:&nbsp;https:\/\/www.facebook.com\/profile.php?id=100069673161887 Twitter : https:\/\/twitter.com\/OrtfNews Music 24\/24 : http:\/\/DJMUSIC.fr #webtube : Le journaliste \u00c9douard Chanot dirige l\u2019\u00e9mission\u00a0Chocs du monde\u00a0sur\u00a0TVL\u00a0apr\u00e8s avoir \u00e9t\u00e9 r\u00e9dacteur en chef chez\u00a0Sputnik Paris\u00a0et\u00a0RT France. Dans son dernier livre,\u00a0Br\u00e8che dans le\u00a0mainstream\u00a0\u2014 L\u2019\u00e2ge des alternatives m\u00e9diatiques\u00a0(\u00c9ditions\u00a0La Nouvelle Librairie, 96 pages, 9 euros), &hellip; <a href=\"https:\/\/webtube.fr\/index.php\/2026\/01\/11\/le-declin-des-medias-de-grand-chemin\/\" class=\"more-link\">Continuer la lecture<span class=\"screen-reader-text\"> de &laquo;&nbsp;. Le d\u00e9clin des m\u00e9dias de grand chemin&nbsp;&raquo;<\/span><\/a><\/p>\n","protected":false},"author":1,"featured_media":0,"comment_status":"open","ping_status":"open","sticky":false,"template":"","format":"standard","meta":{"_jetpack_memberships_contains_paid_content":false,"footnotes":""},"categories":[1],"tags":[],"class_list":["post-31174","post","type-post","status-publish","format-standard","hentry","category-uncategorized"],"yoast_head":"<!-- This site is optimized with the Yoast SEO plugin v27.3 - https:\/\/yoast.com\/product\/yoast-seo-wordpress\/ -->\n<title>. Le d\u00e9clin des m\u00e9dias de grand chemin - # WEBTUBE.fr<\/title>\n<meta name=\"robots\" content=\"index, follow, max-snippet:-1, max-image-preview:large, max-video-preview:-1\" \/>\n<link rel=\"canonical\" href=\"https:\/\/webtube.fr\/index.php\/2026\/01\/11\/le-declin-des-medias-de-grand-chemin\/\" \/>\n<meta property=\"og:locale\" content=\"fr_FR\" \/>\n<meta property=\"og:type\" content=\"article\" \/>\n<meta property=\"og:title\" content=\". Le d\u00e9clin des m\u00e9dias de grand chemin - # WEBTUBE.fr\" \/>\n<meta property=\"og:description\" content=\"Articles : Jan 2026 &#8211; Dec. 2025 &#8211; Nov. 2025 &#8211; Oct. 2025 &#8211;Facebook&nbsp;:&nbsp;https:\/\/www.facebook.com\/profile.php?id=100069673161887 Twitter : https:\/\/twitter.com\/OrtfNews Music 24\/24 : http:\/\/DJMUSIC.fr #webtube : Le journaliste \u00c9douard Chanot dirige l\u2019\u00e9mission\u00a0Chocs du monde\u00a0sur\u00a0TVL\u00a0apr\u00e8s avoir \u00e9t\u00e9 r\u00e9dacteur en chef chez\u00a0Sputnik Paris\u00a0et\u00a0RT France. Dans son dernier livre,\u00a0Br\u00e8che dans le\u00a0mainstream\u00a0\u2014 L\u2019\u00e2ge des alternatives m\u00e9diatiques\u00a0(\u00c9ditions\u00a0La Nouvelle Librairie, 96 pages, 9 euros), &hellip; Continuer la lecture de &laquo;&nbsp;. Le d\u00e9clin des m\u00e9dias de grand chemin&nbsp;&raquo;\" \/>\n<meta property=\"og:url\" content=\"https:\/\/webtube.fr\/index.php\/2026\/01\/11\/le-declin-des-medias-de-grand-chemin\/\" \/>\n<meta property=\"og:site_name\" content=\"# WEBTUBE.fr\" \/>\n<meta property=\"article:publisher\" content=\"https:\/\/www.facebook.com\/profile.php?id=100069673161887\" \/>\n<meta property=\"article:published_time\" content=\"2026-01-11T09:41:26+00:00\" \/>\n<meta property=\"article:modified_time\" content=\"2026-01-11T09:41:27+00:00\" \/>\n<meta property=\"og:image\" content=\"https:\/\/www.polemia.com\/wp-content\/uploads\/2026\/01\/le-declin-des-medias-de-grand-chemin.webp\" \/>\n<meta name=\"author\" content=\"admin5851\" \/>\n<meta name=\"twitter:card\" content=\"summary_large_image\" \/>\n<meta name=\"twitter:creator\" content=\"@OrtfNews\" \/>\n<meta name=\"twitter:site\" content=\"@OrtfNews\" \/>\n<meta name=\"twitter:label1\" content=\"\u00c9crit par\" \/>\n\t<meta name=\"twitter:data1\" content=\"admin5851\" \/>\n\t<meta name=\"twitter:label2\" content=\"Dur\u00e9e de lecture estim\u00e9e\" \/>\n\t<meta name=\"twitter:data2\" content=\"6 minutes\" \/>\n<script type=\"application\/ld+json\" class=\"yoast-schema-graph\">{\"@context\":\"https:\\\/\\\/schema.org\",\"@graph\":[{\"@type\":\"Article\",\"@id\":\"https:\\\/\\\/webtube.fr\\\/index.php\\\/2026\\\/01\\\/11\\\/le-declin-des-medias-de-grand-chemin\\\/#article\",\"isPartOf\":{\"@id\":\"https:\\\/\\\/webtube.fr\\\/index.php\\\/2026\\\/01\\\/11\\\/le-declin-des-medias-de-grand-chemin\\\/\"},\"author\":{\"name\":\"admin5851\",\"@id\":\"https:\\\/\\\/webtube.fr\\\/#\\\/schema\\\/person\\\/dcc633686e0e2a79a6bf7b92c9507618\"},\"headline\":\". Le d\u00e9clin des m\u00e9dias de grand chemin\",\"datePublished\":\"2026-01-11T09:41:26+00:00\",\"dateModified\":\"2026-01-11T09:41:27+00:00\",\"mainEntityOfPage\":{\"@id\":\"https:\\\/\\\/webtube.fr\\\/index.php\\\/2026\\\/01\\\/11\\\/le-declin-des-medias-de-grand-chemin\\\/\"},\"wordCount\":1313,\"commentCount\":0,\"publisher\":{\"@id\":\"https:\\\/\\\/webtube.fr\\\/#organization\"},\"image\":{\"@id\":\"https:\\\/\\\/webtube.fr\\\/index.php\\\/2026\\\/01\\\/11\\\/le-declin-des-medias-de-grand-chemin\\\/#primaryimage\"},\"thumbnailUrl\":\"https:\\\/\\\/www.polemia.com\\\/wp-content\\\/uploads\\\/2026\\\/01\\\/le-declin-des-medias-de-grand-chemin.webp\",\"articleSection\":[\"Uncategorized\"],\"inLanguage\":\"fr-FR\",\"potentialAction\":[{\"@type\":\"CommentAction\",\"name\":\"Comment\",\"target\":[\"https:\\\/\\\/webtube.fr\\\/index.php\\\/2026\\\/01\\\/11\\\/le-declin-des-medias-de-grand-chemin\\\/#respond\"]}]},{\"@type\":\"WebPage\",\"@id\":\"https:\\\/\\\/webtube.fr\\\/index.php\\\/2026\\\/01\\\/11\\\/le-declin-des-medias-de-grand-chemin\\\/\",\"url\":\"https:\\\/\\\/webtube.fr\\\/index.php\\\/2026\\\/01\\\/11\\\/le-declin-des-medias-de-grand-chemin\\\/\",\"name\":\". Le d\u00e9clin des m\u00e9dias de grand chemin - # WEBTUBE.fr\",\"isPartOf\":{\"@id\":\"https:\\\/\\\/webtube.fr\\\/#website\"},\"primaryImageOfPage\":{\"@id\":\"https:\\\/\\\/webtube.fr\\\/index.php\\\/2026\\\/01\\\/11\\\/le-declin-des-medias-de-grand-chemin\\\/#primaryimage\"},\"image\":{\"@id\":\"https:\\\/\\\/webtube.fr\\\/index.php\\\/2026\\\/01\\\/11\\\/le-declin-des-medias-de-grand-chemin\\\/#primaryimage\"},\"thumbnailUrl\":\"https:\\\/\\\/www.polemia.com\\\/wp-content\\\/uploads\\\/2026\\\/01\\\/le-declin-des-medias-de-grand-chemin.webp\",\"datePublished\":\"2026-01-11T09:41:26+00:00\",\"dateModified\":\"2026-01-11T09:41:27+00:00\",\"breadcrumb\":{\"@id\":\"https:\\\/\\\/webtube.fr\\\/index.php\\\/2026\\\/01\\\/11\\\/le-declin-des-medias-de-grand-chemin\\\/#breadcrumb\"},\"inLanguage\":\"fr-FR\",\"potentialAction\":[{\"@type\":\"ReadAction\",\"target\":[\"https:\\\/\\\/webtube.fr\\\/index.php\\\/2026\\\/01\\\/11\\\/le-declin-des-medias-de-grand-chemin\\\/\"]}]},{\"@type\":\"ImageObject\",\"inLanguage\":\"fr-FR\",\"@id\":\"https:\\\/\\\/webtube.fr\\\/index.php\\\/2026\\\/01\\\/11\\\/le-declin-des-medias-de-grand-chemin\\\/#primaryimage\",\"url\":\"https:\\\/\\\/www.polemia.com\\\/wp-content\\\/uploads\\\/2026\\\/01\\\/le-declin-des-medias-de-grand-chemin.webp\",\"contentUrl\":\"https:\\\/\\\/www.polemia.com\\\/wp-content\\\/uploads\\\/2026\\\/01\\\/le-declin-des-medias-de-grand-chemin.webp\"},{\"@type\":\"BreadcrumbList\",\"@id\":\"https:\\\/\\\/webtube.fr\\\/index.php\\\/2026\\\/01\\\/11\\\/le-declin-des-medias-de-grand-chemin\\\/#breadcrumb\",\"itemListElement\":[{\"@type\":\"ListItem\",\"position\":1,\"name\":\"Accueil\",\"item\":\"https:\\\/\\\/webtube.fr\\\/\"},{\"@type\":\"ListItem\",\"position\":2,\"name\":\". Le d\u00e9clin des m\u00e9dias de grand chemin\"}]},{\"@type\":\"WebSite\",\"@id\":\"https:\\\/\\\/webtube.fr\\\/#website\",\"url\":\"https:\\\/\\\/webtube.fr\\\/\",\"name\":\"WEBTUBE\",\"description\":\"WEBTUBE.fr  Streaming Vid\u00e9o and News , toutes les infos sans filtres !\",\"publisher\":{\"@id\":\"https:\\\/\\\/webtube.fr\\\/#organization\"},\"alternateName\":\"Rutube\",\"potentialAction\":[{\"@type\":\"SearchAction\",\"target\":{\"@type\":\"EntryPoint\",\"urlTemplate\":\"https:\\\/\\\/webtube.fr\\\/?s={search_term_string}\"},\"query-input\":{\"@type\":\"PropertyValueSpecification\",\"valueRequired\":true,\"valueName\":\"search_term_string\"}}],\"inLanguage\":\"fr-FR\"},{\"@type\":\"Organization\",\"@id\":\"https:\\\/\\\/webtube.fr\\\/#organization\",\"name\":\"# WEBTUBE.fr\",\"url\":\"https:\\\/\\\/webtube.fr\\\/\",\"logo\":{\"@type\":\"ImageObject\",\"inLanguage\":\"fr-FR\",\"@id\":\"https:\\\/\\\/webtube.fr\\\/#\\\/schema\\\/logo\\\/image\\\/\",\"url\":\"https:\\\/\\\/webtube.fr\\\/wp-content\\\/uploads\\\/2025\\\/09\\\/cropped-Logo_webtubeIA-1.jpg\",\"contentUrl\":\"https:\\\/\\\/webtube.fr\\\/wp-content\\\/uploads\\\/2025\\\/09\\\/cropped-Logo_webtubeIA-1.jpg\",\"width\":240,\"height\":240,\"caption\":\"# WEBTUBE.fr\"},\"image\":{\"@id\":\"https:\\\/\\\/webtube.fr\\\/#\\\/schema\\\/logo\\\/image\\\/\"},\"sameAs\":[\"https:\\\/\\\/www.facebook.com\\\/profile.php?id=100069673161887\",\"https:\\\/\\\/x.com\\\/OrtfNews\",\"https:\\\/\\\/www.facebook.com\\\/profile.php?id=100013751440523\"]},{\"@type\":\"Person\",\"@id\":\"https:\\\/\\\/webtube.fr\\\/#\\\/schema\\\/person\\\/dcc633686e0e2a79a6bf7b92c9507618\",\"name\":\"admin5851\",\"image\":{\"@type\":\"ImageObject\",\"inLanguage\":\"fr-FR\",\"@id\":\"https:\\\/\\\/secure.gravatar.com\\\/avatar\\\/ea1b672a827879c0febb022a108a871292b3d08fadc66a0a43fa47acfe82e38a?s=96&d=mm&r=g\",\"url\":\"https:\\\/\\\/secure.gravatar.com\\\/avatar\\\/ea1b672a827879c0febb022a108a871292b3d08fadc66a0a43fa47acfe82e38a?s=96&d=mm&r=g\",\"contentUrl\":\"https:\\\/\\\/secure.gravatar.com\\\/avatar\\\/ea1b672a827879c0febb022a108a871292b3d08fadc66a0a43fa47acfe82e38a?s=96&d=mm&r=g\",\"caption\":\"admin5851\"},\"sameAs\":[\"http:\\\/\\\/linlcju.cluster100.hosting.ovh.net\"],\"url\":\"https:\\\/\\\/webtube.fr\\\/index.php\\\/author\\\/admin5851\\\/\"}]}<\/script>\n<!-- \/ Yoast SEO plugin. -->","yoast_head_json":{"title":". Le d\u00e9clin des m\u00e9dias de grand chemin - # WEBTUBE.fr","robots":{"index":"index","follow":"follow","max-snippet":"max-snippet:-1","max-image-preview":"max-image-preview:large","max-video-preview":"max-video-preview:-1"},"canonical":"https:\/\/webtube.fr\/index.php\/2026\/01\/11\/le-declin-des-medias-de-grand-chemin\/","og_locale":"fr_FR","og_type":"article","og_title":". Le d\u00e9clin des m\u00e9dias de grand chemin - # WEBTUBE.fr","og_description":"Articles : Jan 2026 &#8211; Dec. 2025 &#8211; Nov. 2025 &#8211; Oct. 2025 &#8211;Facebook&nbsp;:&nbsp;https:\/\/www.facebook.com\/profile.php?id=100069673161887 Twitter : https:\/\/twitter.com\/OrtfNews Music 24\/24 : http:\/\/DJMUSIC.fr #webtube : Le journaliste \u00c9douard Chanot dirige l\u2019\u00e9mission\u00a0Chocs du monde\u00a0sur\u00a0TVL\u00a0apr\u00e8s avoir \u00e9t\u00e9 r\u00e9dacteur en chef chez\u00a0Sputnik Paris\u00a0et\u00a0RT France. Dans son dernier livre,\u00a0Br\u00e8che dans le\u00a0mainstream\u00a0\u2014 L\u2019\u00e2ge des alternatives m\u00e9diatiques\u00a0(\u00c9ditions\u00a0La Nouvelle Librairie, 96 pages, 9 euros), &hellip; Continuer la lecture de &laquo;&nbsp;. Le d\u00e9clin des m\u00e9dias de grand chemin&nbsp;&raquo;","og_url":"https:\/\/webtube.fr\/index.php\/2026\/01\/11\/le-declin-des-medias-de-grand-chemin\/","og_site_name":"# WEBTUBE.fr","article_publisher":"https:\/\/www.facebook.com\/profile.php?id=100069673161887","article_published_time":"2026-01-11T09:41:26+00:00","article_modified_time":"2026-01-11T09:41:27+00:00","og_image":[{"url":"https:\/\/www.polemia.com\/wp-content\/uploads\/2026\/01\/le-declin-des-medias-de-grand-chemin.webp","type":"","width":"","height":""}],"author":"admin5851","twitter_card":"summary_large_image","twitter_creator":"@OrtfNews","twitter_site":"@OrtfNews","twitter_misc":{"\u00c9crit par":"admin5851","Dur\u00e9e de lecture estim\u00e9e":"6 minutes"},"schema":{"@context":"https:\/\/schema.org","@graph":[{"@type":"Article","@id":"https:\/\/webtube.fr\/index.php\/2026\/01\/11\/le-declin-des-medias-de-grand-chemin\/#article","isPartOf":{"@id":"https:\/\/webtube.fr\/index.php\/2026\/01\/11\/le-declin-des-medias-de-grand-chemin\/"},"author":{"name":"admin5851","@id":"https:\/\/webtube.fr\/#\/schema\/person\/dcc633686e0e2a79a6bf7b92c9507618"},"headline":". Le d\u00e9clin des m\u00e9dias de grand chemin","datePublished":"2026-01-11T09:41:26+00:00","dateModified":"2026-01-11T09:41:27+00:00","mainEntityOfPage":{"@id":"https:\/\/webtube.fr\/index.php\/2026\/01\/11\/le-declin-des-medias-de-grand-chemin\/"},"wordCount":1313,"commentCount":0,"publisher":{"@id":"https:\/\/webtube.fr\/#organization"},"image":{"@id":"https:\/\/webtube.fr\/index.php\/2026\/01\/11\/le-declin-des-medias-de-grand-chemin\/#primaryimage"},"thumbnailUrl":"https:\/\/www.polemia.com\/wp-content\/uploads\/2026\/01\/le-declin-des-medias-de-grand-chemin.webp","articleSection":["Uncategorized"],"inLanguage":"fr-FR","potentialAction":[{"@type":"CommentAction","name":"Comment","target":["https:\/\/webtube.fr\/index.php\/2026\/01\/11\/le-declin-des-medias-de-grand-chemin\/#respond"]}]},{"@type":"WebPage","@id":"https:\/\/webtube.fr\/index.php\/2026\/01\/11\/le-declin-des-medias-de-grand-chemin\/","url":"https:\/\/webtube.fr\/index.php\/2026\/01\/11\/le-declin-des-medias-de-grand-chemin\/","name":". Le d\u00e9clin des m\u00e9dias de grand chemin - # WEBTUBE.fr","isPartOf":{"@id":"https:\/\/webtube.fr\/#website"},"primaryImageOfPage":{"@id":"https:\/\/webtube.fr\/index.php\/2026\/01\/11\/le-declin-des-medias-de-grand-chemin\/#primaryimage"},"image":{"@id":"https:\/\/webtube.fr\/index.php\/2026\/01\/11\/le-declin-des-medias-de-grand-chemin\/#primaryimage"},"thumbnailUrl":"https:\/\/www.polemia.com\/wp-content\/uploads\/2026\/01\/le-declin-des-medias-de-grand-chemin.webp","datePublished":"2026-01-11T09:41:26+00:00","dateModified":"2026-01-11T09:41:27+00:00","breadcrumb":{"@id":"https:\/\/webtube.fr\/index.php\/2026\/01\/11\/le-declin-des-medias-de-grand-chemin\/#breadcrumb"},"inLanguage":"fr-FR","potentialAction":[{"@type":"ReadAction","target":["https:\/\/webtube.fr\/index.php\/2026\/01\/11\/le-declin-des-medias-de-grand-chemin\/"]}]},{"@type":"ImageObject","inLanguage":"fr-FR","@id":"https:\/\/webtube.fr\/index.php\/2026\/01\/11\/le-declin-des-medias-de-grand-chemin\/#primaryimage","url":"https:\/\/www.polemia.com\/wp-content\/uploads\/2026\/01\/le-declin-des-medias-de-grand-chemin.webp","contentUrl":"https:\/\/www.polemia.com\/wp-content\/uploads\/2026\/01\/le-declin-des-medias-de-grand-chemin.webp"},{"@type":"BreadcrumbList","@id":"https:\/\/webtube.fr\/index.php\/2026\/01\/11\/le-declin-des-medias-de-grand-chemin\/#breadcrumb","itemListElement":[{"@type":"ListItem","position":1,"name":"Accueil","item":"https:\/\/webtube.fr\/"},{"@type":"ListItem","position":2,"name":". Le d\u00e9clin des m\u00e9dias de grand chemin"}]},{"@type":"WebSite","@id":"https:\/\/webtube.fr\/#website","url":"https:\/\/webtube.fr\/","name":"WEBTUBE","description":"WEBTUBE.fr  Streaming Vid\u00e9o and News , toutes les infos sans filtres !","publisher":{"@id":"https:\/\/webtube.fr\/#organization"},"alternateName":"Rutube","potentialAction":[{"@type":"SearchAction","target":{"@type":"EntryPoint","urlTemplate":"https:\/\/webtube.fr\/?s={search_term_string}"},"query-input":{"@type":"PropertyValueSpecification","valueRequired":true,"valueName":"search_term_string"}}],"inLanguage":"fr-FR"},{"@type":"Organization","@id":"https:\/\/webtube.fr\/#organization","name":"# WEBTUBE.fr","url":"https:\/\/webtube.fr\/","logo":{"@type":"ImageObject","inLanguage":"fr-FR","@id":"https:\/\/webtube.fr\/#\/schema\/logo\/image\/","url":"https:\/\/webtube.fr\/wp-content\/uploads\/2025\/09\/cropped-Logo_webtubeIA-1.jpg","contentUrl":"https:\/\/webtube.fr\/wp-content\/uploads\/2025\/09\/cropped-Logo_webtubeIA-1.jpg","width":240,"height":240,"caption":"# WEBTUBE.fr"},"image":{"@id":"https:\/\/webtube.fr\/#\/schema\/logo\/image\/"},"sameAs":["https:\/\/www.facebook.com\/profile.php?id=100069673161887","https:\/\/x.com\/OrtfNews","https:\/\/www.facebook.com\/profile.php?id=100013751440523"]},{"@type":"Person","@id":"https:\/\/webtube.fr\/#\/schema\/person\/dcc633686e0e2a79a6bf7b92c9507618","name":"admin5851","image":{"@type":"ImageObject","inLanguage":"fr-FR","@id":"https:\/\/secure.gravatar.com\/avatar\/ea1b672a827879c0febb022a108a871292b3d08fadc66a0a43fa47acfe82e38a?s=96&d=mm&r=g","url":"https:\/\/secure.gravatar.com\/avatar\/ea1b672a827879c0febb022a108a871292b3d08fadc66a0a43fa47acfe82e38a?s=96&d=mm&r=g","contentUrl":"https:\/\/secure.gravatar.com\/avatar\/ea1b672a827879c0febb022a108a871292b3d08fadc66a0a43fa47acfe82e38a?s=96&d=mm&r=g","caption":"admin5851"},"sameAs":["http:\/\/linlcju.cluster100.hosting.ovh.net"],"url":"https:\/\/webtube.fr\/index.php\/author\/admin5851\/"}]}},"jetpack_featured_media_url":"","jetpack_sharing_enabled":true,"_links":{"self":[{"href":"https:\/\/webtube.fr\/index.php\/wp-json\/wp\/v2\/posts\/31174","targetHints":{"allow":["GET"]}}],"collection":[{"href":"https:\/\/webtube.fr\/index.php\/wp-json\/wp\/v2\/posts"}],"about":[{"href":"https:\/\/webtube.fr\/index.php\/wp-json\/wp\/v2\/types\/post"}],"author":[{"embeddable":true,"href":"https:\/\/webtube.fr\/index.php\/wp-json\/wp\/v2\/users\/1"}],"replies":[{"embeddable":true,"href":"https:\/\/webtube.fr\/index.php\/wp-json\/wp\/v2\/comments?post=31174"}],"version-history":[{"count":1,"href":"https:\/\/webtube.fr\/index.php\/wp-json\/wp\/v2\/posts\/31174\/revisions"}],"predecessor-version":[{"id":31175,"href":"https:\/\/webtube.fr\/index.php\/wp-json\/wp\/v2\/posts\/31174\/revisions\/31175"}],"wp:attachment":[{"href":"https:\/\/webtube.fr\/index.php\/wp-json\/wp\/v2\/media?parent=31174"}],"wp:term":[{"taxonomy":"category","embeddable":true,"href":"https:\/\/webtube.fr\/index.php\/wp-json\/wp\/v2\/categories?post=31174"},{"taxonomy":"post_tag","embeddable":true,"href":"https:\/\/webtube.fr\/index.php\/wp-json\/wp\/v2\/tags?post=31174"}],"curies":[{"name":"wp","href":"https:\/\/api.w.org\/{rel}","templated":true}]}}