{"id":30995,"date":"2026-01-09T07:27:04","date_gmt":"2026-01-09T07:27:04","guid":{"rendered":"https:\/\/webtube.fr\/?p=30995"},"modified":"2026-01-09T07:27:05","modified_gmt":"2026-01-09T07:27:05","slug":"ce-jour-ou-les-agriculteurs-sont-entres-dans-paris","status":"publish","type":"post","link":"https:\/\/webtube.fr\/index.php\/2026\/01\/09\/ce-jour-ou-les-agriculteurs-sont-entres-dans-paris\/","title":{"rendered":". Ce jour o\u00f9 les agriculteurs sont entr\u00e9s dans Paris"},"content":{"rendered":"\n<p>Articles : <a href=\"https:\/\/webtube.fr\/index.php\/2026\/01\/\" target=\"_blank\" rel=\"noreferrer noopener\">Jan 2026<\/a> &#8211; <a href=\"https:\/\/webtube.fr\/index.php\/2025\/12\/\" target=\"_blank\" rel=\"noreferrer noopener\">Dec. 2025<\/a> &#8211; <a href=\"https:\/\/webtube.fr\/index.php\/2025\/11\/\">Nov. 2025<\/a> &#8211; <a href=\"https:\/\/webtube.fr\/index.php\/2025\/10\/\" target=\"_blank\" rel=\"noreferrer noopener\">Oct. 2025<\/a> &#8211;<br>Facebook&nbsp;:&nbsp;<a href=\"https:\/\/www.facebook.com\/profile.php?id=100069673161887\">https:\/\/www.facebook.com\/profile.php?id=100069673161887<\/a> Twitter : <a href=\"https:\/\/twitter.com\/OrtfNews\" target=\"_blank\" rel=\"noreferrer noopener\">https:\/\/twitter.com\/OrtfNews<\/a> Music 24\/24 : <a href=\"http:\/\/DJMUSIC.fr\/\" target=\"_blank\" rel=\"noreferrer noopener\">http:\/\/DJMUSIC.fr<\/a><\/p>\n\n\n\n<figure class=\"wp-block-image size-large\"><a href=\"http:\/\/weboomedia.free.fr\/ORTF\/php\/\" target=\"_blank\" rel=\" noreferrer noopener\"><img decoding=\"async\" src=\"https:\/\/media.bvoltaire.fr\/file\/Bvoltaire\/2026\/01\/IL20260108175104-whatsapp-image-2026-01-08-at-102500-scaled-929x522.jpeg\" alt=\"\"\/><\/a><\/figure>\n\n\n\n<p><strong>#webtube<\/strong> : <em>Devant l&rsquo;Assembl\u00e9e nationale s&rsquo;est fait entendre le \u00ab\u00a0cri de d\u00e9sespoir \u00bb des manifestants. \u00ab\u00a0Les loups sont entr\u00e9s dans Paris\u00a0\u00bb\u00a0chantait Serge Reggiani. Cette fois ce sont les tracteurs du monde agricole qui ont infiltr\u00e9 la capitale, dans la nuit du mercredi au jeudi 8 janvier. De cette arm\u00e9e de fourches et de paysans, un seul tracteur a r\u00e9ussi \u00e0 atteindre l\u2019Assembl\u00e9e nationale, en bravant les barrages de police et l\u2019interdiction de circuler de la Pr\u00e9fecture. Tomy est le h\u00e9ros du jour.<\/em><\/p>\n\n\n\n<p>Avec son tracteur, il est parti d\u2019Aveyron mardi matin pour monter \u00e0 Paris.<em>\u00a0\u00ab On a beau foutre le bordel \u00e0 Rodez, il ne se passe rien, alors on vient \u00e0 Paris, l\u00e0 o\u00f9 les d\u00e9cisions sont prises\u00a0<em>\u00bb,\u00a0<\/em><\/em>nous explique-t-il. Deux jours de route \u00e0 esquiver les forces de l\u2019ordre et d\u00e9jouer les emb\u00fbches. La nuit, il s&rsquo;assoupissait dans son tracteur, cach\u00e9 dans les bois.\u00a0<em>\u00ab Moi j\u2019ai dormi cinq heures en deux jours \u00bb<\/em>\u00a0raconte S\u00e9verine \u00e0 c\u00f4t\u00e9 de lui. Une femme interrompe notre \u00e9change en apportant des victuailles aux manifestants.\u00a0<em>\u00ab Je suis parisienne, j\u2019avais un grand-p\u00e8re aveyronnais \u00bb<\/em>\u00a0claironne-t-elle.\u00a0<em>\u00ab J\u2019ai roul\u00e9 sans phare, ni giro, rien, pour ne pas me faire chopper\u00a0<em>\u00bb<\/em><\/em>\u00a0raconte Tomy qui a roul\u00e9 la nuit\u00a0<em>\u00ab \u00e9clair\u00e9 par la neige \u00bb<\/em>. Alors que ses camarades d\u00e9cident de filer vers le centre de Paris, lui seul vise l\u2019Assembl\u00e9e nationale. Dans la nuit, il parvient \u00e0 son but et se gare devant le Palais Bourbon. De l\u2019autre c\u00f4t\u00e9 de la Seine, tr\u00f4ne l\u2019ob\u00e9lisque de la Concorde. Sur le socle de sa monture, une banderole a \u00e9t\u00e9 install\u00e9e au petit matin sur laquelle on peut lire : \u00ab<em>\u00a0Ursula, tu nous prends vraiment pour des cons \u00bb.<\/em><\/p>\n\n\n\n<blockquote class=\"twitter-tweet\"><p lang=\"fr\" dir=\"ltr\">la mafia des GAUCHOS !! \ud83e\udd7a\ud83e\udd7a\ud83e\udd7a\u23ec\ud83e\udd14\ud83e\udd14\ud83e\udd14\ud83e\udd14 <a href=\"https:\/\/t.co\/6d5vhfwucX\">pic.twitter.com\/6d5vhfwucX<\/a><\/p>&mdash; \ud83c\uddeb\ud83c\uddf7Olivier92\ud83c\uddfa\ud83c\uddf8 (@americanflagusa) <a href=\"https:\/\/twitter.com\/americanflagusa\/status\/2009288509610152306?ref_src=twsrc%5Etfw\">January 8, 2026<\/a><\/blockquote> <script async src=\"https:\/\/platform.twitter.com\/widgets.js\" charset=\"utf-8\"><\/script>\n\n\n\n<h2 class=\"wp-block-heading\"><em>\u00ab Sortez bande de charognards \u00bb<\/em><\/h2>\n\n\n\n<p><em>\u00ab&nbsp;On tue nos vaches&nbsp;\u00bb<\/em>. J\u00e9r\u00f4me appartient lui aussi au syndicat de la coordination rurale. Il ne d\u00e9col\u00e8re pas contre&nbsp;<a href=\"https:\/\/www.bvoltaire.fr\/edito-si-lue-etait-bonne-pour-la-france-nos-agriculteurs-seraient-riches-et-heureux\/\" target=\"_blank\" rel=\"noreferrer noopener\">l\u2019inefficacit\u00e9 du gouvernement<\/a>&nbsp;et les contradictions d\u2019un&nbsp;<em>\u00ab protocole aberrant&nbsp;\u00bb&nbsp;<\/em><a href=\"https:\/\/www.bvoltaire.fr\/animaux-dermatose-nodulaire-et-maintenant-on-abat-des-betes-vaccinees\/\" target=\"_blank\" rel=\"noreferrer noopener\">dans la gestion de la DNC<\/a>.&nbsp;<em>\u00ab Des troupeaux entiers vaccin\u00e9s ont \u00e9t\u00e9 supprim\u00e9s,<\/em>&nbsp;se d\u00e9sesp\u00e8re-t-il,&nbsp;<em>des troupeaux d\u2019une valeur sentimentale inestimable qui ont \u00e9t\u00e9 constitu\u00e9s par nos grands-parents qui sont aujourd\u2019hui au cimeti\u00e8re&nbsp;\u00bb<\/em>. Eleveur de 90 limousines, il parle avec amour de ce m\u00e9tier qui lui permet aujourd\u2019hui \u00e0 peine de survivre.&nbsp;<em>\u00ab Quand on voit ce qu\u2019il nous reste \u00e0 la fin du mois, ce n\u2019est plus tenable \u00bb<\/em>&nbsp;entend-on derri\u00e8re nous. J\u00e9r\u00f4me aime ses b\u00eates,&nbsp;<em>\u00ab tous les matins, je me l\u00e8ve et je pense \u00e0 elles, souvent m\u00eame avant ma famille \u00bb<\/em>&nbsp;glisse-t-il non sans \u00e9motion.<\/p>\n\n\n\n<p>Plus loin dans Paris, des dizaines de tracteurs stationnent sur la place de l\u2019Etoile, ou sont retenus porte d\u2019Auteuil. Tout au long de la journ\u00e9e, les &nbsp;Parisiens viennent se joindre au compte-goutte aux agriculteurs. Parmi eux, Henri d\u2019Anselme, soucieux de soutenir ce&nbsp;<em>\u00ab mouvement populaire \u00bb. \u00ab On est en train de signer l\u2019arr\u00eat de mort de l\u2019artisanat de la paysannerie fran\u00e7aise \u00bb<\/em>&nbsp;explique le jeune homme connu pour son tour des cath\u00e9drales et son morceau de bravoure \u00e0 Annecy.&nbsp;<em>\u00ab On a remplac\u00e9 le beau par l\u2019utile, le bon par le rentable, le vrai par l\u2019efficace \u00bb<\/em>&nbsp;m\u00e9dite-t-il en nous montrant son c\u0153ur :&nbsp;<em>\u00ab le probl\u00e8me il est l\u00e0. Il est philanthropique, il faut sortir de nos mentalit\u00e9s, nous assistons \u00e0 l\u2019essoufflement d\u2019un syst\u00e8me ultracapitaliste \u00bb<\/em>. Soudain, un mouvement de foule se cr\u00e9\u00e9 autour de la pr\u00e9sidente de l\u2019Assembl\u00e9e nationale qui op\u00e8re, sous les hu\u00e9es, une br\u00e8ve tentative de discussion avec les manifestants&nbsp;<em>\u00ab il est o\u00f9 l\u2019argent \u00bb, \u00ab d\u00e9mission \u00bb<\/em>, lance la foule d\u2019o\u00f9 se distingue une adresse aux \u00e9lus de la nation :&nbsp;<em>\u00ab Sortez bande de charognards \u00bb.&nbsp;<\/em>Bouscul\u00e9e, Ya\u00ebl Braun Pivet \u00e9courte son \u00e9change.<\/p>\n\n\n\n<blockquote class=\"twitter-tweet\"><p lang=\"fr\" dir=\"ltr\">\u00ab Tous les soutiens sont les bienvenus \u00bb estime Maglone. \u00ab \u00c7a veut dire que notre message est compris. \u00bb <a href=\"https:\/\/t.co\/2oFWG3v7Py\">pic.twitter.com\/2oFWG3v7Py<\/a><\/p>&mdash; Boulevard Voltaire (@BVoltaire) <a href=\"https:\/\/twitter.com\/BVoltaire\/status\/2009297796344762656?ref_src=twsrc%5Etfw\">January 8, 2026<\/a><\/blockquote> <script async src=\"https:\/\/platform.twitter.com\/widgets.js\" charset=\"utf-8\"><\/script> \n\n\n\n<p>\u00c0 ce sujet \u2014&nbsp;<a href=\"https:\/\/www.bvoltaire.fr\/edito-si-lue-etait-bonne-pour-la-france-nos-agriculteurs-seraient-riches-et-heureux\/\">[\u00c9DITO] Si l\u2019UE \u00e9tait bonne pour la France, nos agriculteurs seraient riches et heureux<\/a><\/p>\n\n\n\n<h2 class=\"wp-block-heading\"><em>\u00ab La vraie \u00e9cologie c&rsquo;est le monde rural \u00bb<\/em><\/h2>\n\n\n\n<p>A 22 ans, Gabriel veut croire qu\u2019il est encore possible d\u2019exercer le m\u00e9tier d\u2019\u00e9leveur :&nbsp;<em>\u00ab&nbsp;je ne veux pas gal\u00e9rer comme mes parents&nbsp;\u00bb<\/em>. Devant l\u2019Assembl\u00e9e nationale, il vient pousser un<em>&nbsp;\u00ab cri de d\u00e9sespoir avant la mort \u00bb.<\/em>&nbsp;Comme ses camarades, il veut de la&nbsp;<em>\u00ab&nbsp;reconnaissance&nbsp;\u00bb<\/em>&nbsp;et compare le trait\u00e9 du Mercosur \u00e0 du&nbsp;<em>\u00ab&nbsp;m\u00e9pris&nbsp;\u00bb<\/em>&nbsp;vis-\u00e0-vis du monde agricole.&nbsp;<em>\u00ab Le probl\u00e8me c\u2019est la mondialisation, je comprends que les gens ach\u00e8tent moins cher, mais la solution c\u2019est pas d\u2019acheter des trucs de l\u2019autre bout du monde \u00bb.<\/em>&nbsp;Tous ici ont le sentiment de se battre contre l\u2019inexorable, la fin d\u2019un monde. Mais il n\u2019y a pas de r\u00e9signation, la d\u00e9termination ne les quitte pas, comme la boue qui colle \u00e0 leurs bottes.&nbsp;<em>\u00ab On nous impose des normes \u00e9cologiques que les autres n\u2019ont pas \u00bb,<\/em>&nbsp;tous ont le m\u00eame bon sens, tiennent le m\u00eame discours, le m\u00eame langage de la terre. L&rsquo;honneur a un visage ce jour-l\u00e0.<\/p>\n\n\n\n<p>Plusieurs d\u00e9put\u00e9s viennent apporter leur soutien. Beaucoup sont du Rassemblement national. Jacobelli, Laporte, Diaz, Sicard, Ballard, ils sont nombreux. Sarah Knafo est pr\u00e9sente aussi. Lorsqu\u2019une d\u00e9l\u00e9gation de La France Insoumise pointe son nez, parmi les agriculteurs beaucoup sont \u00e9c\u0153ur\u00e9s. La foule grommelle.&nbsp;<em>\u00ab Ils cherchent des voix \u00bb, \u00ab ils nous ont entub\u00e9s pendant des ann\u00e9es \u00bb , \u00ab ils sont alli\u00e9s avec les \u00e9colos qui veulent notre peau \u00bb,&nbsp;\u00ab la vraie \u00e9cologie c&rsquo;est le monde rural \u00bb.&nbsp;<\/em>Lorsqu\u2019un cri se d\u00e9tache,&nbsp;<em>\u00ab nous on attend Jordan ! \u00bb.<\/em><\/p>\n\n\n\n<blockquote class=\"twitter-tweet\"><p lang=\"fr\" dir=\"ltr\">\u00ab Les agriculteurs travaillent beaucoup et gagnent peu \u00bb d\u00e9clare Jeanne, venue soutenir les agriculteurs qui manifestent place de l\u2019\u00c9toile. <a href=\"https:\/\/t.co\/ttw4NJzWdh\">pic.twitter.com\/ttw4NJzWdh<\/a><\/p>&mdash; Boulevard Voltaire (@BVoltaire) <a href=\"https:\/\/twitter.com\/BVoltaire\/status\/2009292124445983203?ref_src=twsrc%5Etfw\">January 8, 2026<\/a><\/blockquote> <script async src=\"https:\/\/platform.twitter.com\/widgets.js\" charset=\"utf-8\"><\/script> \n\n\n\n<p><a href=\"https:\/\/www.bvoltaire.fr\/auteur\/ymsevillia\/\">Yves-Marie S\u00e9villia<\/a>, dans BV<\/p>\n\n\n\n<p><\/p>\n","protected":false},"excerpt":{"rendered":"<p>Articles : Jan 2026 &#8211; Dec. 2025 &#8211; Nov. 2025 &#8211; Oct. 2025 &#8211;Facebook&nbsp;:&nbsp;https:\/\/www.facebook.com\/profile.php?id=100069673161887 Twitter : https:\/\/twitter.com\/OrtfNews Music 24\/24 : http:\/\/DJMUSIC.fr #webtube : Devant l&rsquo;Assembl\u00e9e nationale s&rsquo;est fait entendre le \u00ab\u00a0cri de d\u00e9sespoir \u00bb des manifestants. \u00ab\u00a0Les loups sont entr\u00e9s dans Paris\u00a0\u00bb\u00a0chantait Serge Reggiani. Cette fois ce sont les tracteurs du monde agricole qui ont &hellip; <a href=\"https:\/\/webtube.fr\/index.php\/2026\/01\/09\/ce-jour-ou-les-agriculteurs-sont-entres-dans-paris\/\" class=\"more-link\">Continuer la lecture<span class=\"screen-reader-text\"> de &laquo;&nbsp;. Ce jour o\u00f9 les agriculteurs sont entr\u00e9s dans Paris&nbsp;&raquo;<\/span><\/a><\/p>\n","protected":false},"author":1,"featured_media":0,"comment_status":"open","ping_status":"open","sticky":false,"template":"","format":"standard","meta":{"_jetpack_memberships_contains_paid_content":false,"footnotes":""},"categories":[1],"tags":[],"class_list":["post-30995","post","type-post","status-publish","format-standard","hentry","category-uncategorized"],"yoast_head":"<!-- This site is optimized with the Yoast SEO plugin v27.3 - https:\/\/yoast.com\/product\/yoast-seo-wordpress\/ -->\n<title>. Ce jour o\u00f9 les agriculteurs sont entr\u00e9s dans Paris - # WEBTUBE.fr<\/title>\n<meta name=\"robots\" content=\"index, follow, max-snippet:-1, max-image-preview:large, max-video-preview:-1\" \/>\n<link rel=\"canonical\" href=\"https:\/\/webtube.fr\/index.php\/2026\/01\/09\/ce-jour-ou-les-agriculteurs-sont-entres-dans-paris\/\" \/>\n<meta property=\"og:locale\" content=\"fr_FR\" \/>\n<meta property=\"og:type\" content=\"article\" \/>\n<meta property=\"og:title\" content=\". Ce jour o\u00f9 les agriculteurs sont entr\u00e9s dans Paris - # WEBTUBE.fr\" \/>\n<meta property=\"og:description\" content=\"Articles : Jan 2026 &#8211; Dec. 2025 &#8211; Nov. 2025 &#8211; Oct. 2025 &#8211;Facebook&nbsp;:&nbsp;https:\/\/www.facebook.com\/profile.php?id=100069673161887 Twitter : https:\/\/twitter.com\/OrtfNews Music 24\/24 : http:\/\/DJMUSIC.fr #webtube : Devant l&rsquo;Assembl\u00e9e nationale s&rsquo;est fait entendre le \u00ab\u00a0cri de d\u00e9sespoir \u00bb des manifestants. \u00ab\u00a0Les loups sont entr\u00e9s dans Paris\u00a0\u00bb\u00a0chantait Serge Reggiani. Cette fois ce sont les tracteurs du monde agricole qui ont &hellip; Continuer la lecture de &laquo;&nbsp;. Ce jour o\u00f9 les agriculteurs sont entr\u00e9s dans Paris&nbsp;&raquo;\" \/>\n<meta property=\"og:url\" content=\"https:\/\/webtube.fr\/index.php\/2026\/01\/09\/ce-jour-ou-les-agriculteurs-sont-entres-dans-paris\/\" \/>\n<meta property=\"og:site_name\" content=\"# WEBTUBE.fr\" \/>\n<meta property=\"article:publisher\" content=\"https:\/\/www.facebook.com\/profile.php?id=100069673161887\" \/>\n<meta property=\"article:published_time\" content=\"2026-01-09T07:27:04+00:00\" \/>\n<meta property=\"article:modified_time\" content=\"2026-01-09T07:27:05+00:00\" \/>\n<meta property=\"og:image\" content=\"https:\/\/media.bvoltaire.fr\/file\/Bvoltaire\/2026\/01\/IL20260108175104-whatsapp-image-2026-01-08-at-102500-scaled-929x522.jpeg\" \/>\n<meta name=\"author\" content=\"admin5851\" \/>\n<meta name=\"twitter:card\" content=\"summary_large_image\" \/>\n<meta name=\"twitter:creator\" content=\"@OrtfNews\" \/>\n<meta name=\"twitter:site\" content=\"@OrtfNews\" \/>\n<meta name=\"twitter:label1\" content=\"\u00c9crit par\" \/>\n\t<meta name=\"twitter:data1\" content=\"admin5851\" \/>\n\t<meta name=\"twitter:label2\" content=\"Dur\u00e9e de lecture estim\u00e9e\" \/>\n\t<meta name=\"twitter:data2\" content=\"5 minutes\" \/>\n<script type=\"application\/ld+json\" class=\"yoast-schema-graph\">{\"@context\":\"https:\\\/\\\/schema.org\",\"@graph\":[{\"@type\":\"Article\",\"@id\":\"https:\\\/\\\/webtube.fr\\\/index.php\\\/2026\\\/01\\\/09\\\/ce-jour-ou-les-agriculteurs-sont-entres-dans-paris\\\/#article\",\"isPartOf\":{\"@id\":\"https:\\\/\\\/webtube.fr\\\/index.php\\\/2026\\\/01\\\/09\\\/ce-jour-ou-les-agriculteurs-sont-entres-dans-paris\\\/\"},\"author\":{\"name\":\"admin5851\",\"@id\":\"https:\\\/\\\/webtube.fr\\\/#\\\/schema\\\/person\\\/dcc633686e0e2a79a6bf7b92c9507618\"},\"headline\":\". Ce jour o\u00f9 les agriculteurs sont entr\u00e9s dans Paris\",\"datePublished\":\"2026-01-09T07:27:04+00:00\",\"dateModified\":\"2026-01-09T07:27:05+00:00\",\"mainEntityOfPage\":{\"@id\":\"https:\\\/\\\/webtube.fr\\\/index.php\\\/2026\\\/01\\\/09\\\/ce-jour-ou-les-agriculteurs-sont-entres-dans-paris\\\/\"},\"wordCount\":1088,\"commentCount\":0,\"publisher\":{\"@id\":\"https:\\\/\\\/webtube.fr\\\/#organization\"},\"image\":{\"@id\":\"https:\\\/\\\/webtube.fr\\\/index.php\\\/2026\\\/01\\\/09\\\/ce-jour-ou-les-agriculteurs-sont-entres-dans-paris\\\/#primaryimage\"},\"thumbnailUrl\":\"https:\\\/\\\/media.bvoltaire.fr\\\/file\\\/Bvoltaire\\\/2026\\\/01\\\/IL20260108175104-whatsapp-image-2026-01-08-at-102500-scaled-929x522.jpeg\",\"articleSection\":[\"Uncategorized\"],\"inLanguage\":\"fr-FR\",\"potentialAction\":[{\"@type\":\"CommentAction\",\"name\":\"Comment\",\"target\":[\"https:\\\/\\\/webtube.fr\\\/index.php\\\/2026\\\/01\\\/09\\\/ce-jour-ou-les-agriculteurs-sont-entres-dans-paris\\\/#respond\"]}]},{\"@type\":\"WebPage\",\"@id\":\"https:\\\/\\\/webtube.fr\\\/index.php\\\/2026\\\/01\\\/09\\\/ce-jour-ou-les-agriculteurs-sont-entres-dans-paris\\\/\",\"url\":\"https:\\\/\\\/webtube.fr\\\/index.php\\\/2026\\\/01\\\/09\\\/ce-jour-ou-les-agriculteurs-sont-entres-dans-paris\\\/\",\"name\":\". Ce jour o\u00f9 les agriculteurs sont entr\u00e9s dans Paris - # WEBTUBE.fr\",\"isPartOf\":{\"@id\":\"https:\\\/\\\/webtube.fr\\\/#website\"},\"primaryImageOfPage\":{\"@id\":\"https:\\\/\\\/webtube.fr\\\/index.php\\\/2026\\\/01\\\/09\\\/ce-jour-ou-les-agriculteurs-sont-entres-dans-paris\\\/#primaryimage\"},\"image\":{\"@id\":\"https:\\\/\\\/webtube.fr\\\/index.php\\\/2026\\\/01\\\/09\\\/ce-jour-ou-les-agriculteurs-sont-entres-dans-paris\\\/#primaryimage\"},\"thumbnailUrl\":\"https:\\\/\\\/media.bvoltaire.fr\\\/file\\\/Bvoltaire\\\/2026\\\/01\\\/IL20260108175104-whatsapp-image-2026-01-08-at-102500-scaled-929x522.jpeg\",\"datePublished\":\"2026-01-09T07:27:04+00:00\",\"dateModified\":\"2026-01-09T07:27:05+00:00\",\"breadcrumb\":{\"@id\":\"https:\\\/\\\/webtube.fr\\\/index.php\\\/2026\\\/01\\\/09\\\/ce-jour-ou-les-agriculteurs-sont-entres-dans-paris\\\/#breadcrumb\"},\"inLanguage\":\"fr-FR\",\"potentialAction\":[{\"@type\":\"ReadAction\",\"target\":[\"https:\\\/\\\/webtube.fr\\\/index.php\\\/2026\\\/01\\\/09\\\/ce-jour-ou-les-agriculteurs-sont-entres-dans-paris\\\/\"]}]},{\"@type\":\"ImageObject\",\"inLanguage\":\"fr-FR\",\"@id\":\"https:\\\/\\\/webtube.fr\\\/index.php\\\/2026\\\/01\\\/09\\\/ce-jour-ou-les-agriculteurs-sont-entres-dans-paris\\\/#primaryimage\",\"url\":\"https:\\\/\\\/media.bvoltaire.fr\\\/file\\\/Bvoltaire\\\/2026\\\/01\\\/IL20260108175104-whatsapp-image-2026-01-08-at-102500-scaled-929x522.jpeg\",\"contentUrl\":\"https:\\\/\\\/media.bvoltaire.fr\\\/file\\\/Bvoltaire\\\/2026\\\/01\\\/IL20260108175104-whatsapp-image-2026-01-08-at-102500-scaled-929x522.jpeg\"},{\"@type\":\"BreadcrumbList\",\"@id\":\"https:\\\/\\\/webtube.fr\\\/index.php\\\/2026\\\/01\\\/09\\\/ce-jour-ou-les-agriculteurs-sont-entres-dans-paris\\\/#breadcrumb\",\"itemListElement\":[{\"@type\":\"ListItem\",\"position\":1,\"name\":\"Accueil\",\"item\":\"https:\\\/\\\/webtube.fr\\\/\"},{\"@type\":\"ListItem\",\"position\":2,\"name\":\". Ce jour o\u00f9 les agriculteurs sont entr\u00e9s dans Paris\"}]},{\"@type\":\"WebSite\",\"@id\":\"https:\\\/\\\/webtube.fr\\\/#website\",\"url\":\"https:\\\/\\\/webtube.fr\\\/\",\"name\":\"WEBTUBE\",\"description\":\"WEBTUBE.fr  Streaming Vid\u00e9o and News , toutes les infos sans filtres !\",\"publisher\":{\"@id\":\"https:\\\/\\\/webtube.fr\\\/#organization\"},\"alternateName\":\"Rutube\",\"potentialAction\":[{\"@type\":\"SearchAction\",\"target\":{\"@type\":\"EntryPoint\",\"urlTemplate\":\"https:\\\/\\\/webtube.fr\\\/?s={search_term_string}\"},\"query-input\":{\"@type\":\"PropertyValueSpecification\",\"valueRequired\":true,\"valueName\":\"search_term_string\"}}],\"inLanguage\":\"fr-FR\"},{\"@type\":\"Organization\",\"@id\":\"https:\\\/\\\/webtube.fr\\\/#organization\",\"name\":\"# WEBTUBE.fr\",\"url\":\"https:\\\/\\\/webtube.fr\\\/\",\"logo\":{\"@type\":\"ImageObject\",\"inLanguage\":\"fr-FR\",\"@id\":\"https:\\\/\\\/webtube.fr\\\/#\\\/schema\\\/logo\\\/image\\\/\",\"url\":\"https:\\\/\\\/webtube.fr\\\/wp-content\\\/uploads\\\/2025\\\/09\\\/cropped-Logo_webtubeIA-1.jpg\",\"contentUrl\":\"https:\\\/\\\/webtube.fr\\\/wp-content\\\/uploads\\\/2025\\\/09\\\/cropped-Logo_webtubeIA-1.jpg\",\"width\":240,\"height\":240,\"caption\":\"# WEBTUBE.fr\"},\"image\":{\"@id\":\"https:\\\/\\\/webtube.fr\\\/#\\\/schema\\\/logo\\\/image\\\/\"},\"sameAs\":[\"https:\\\/\\\/www.facebook.com\\\/profile.php?id=100069673161887\",\"https:\\\/\\\/x.com\\\/OrtfNews\",\"https:\\\/\\\/www.facebook.com\\\/profile.php?id=100013751440523\"]},{\"@type\":\"Person\",\"@id\":\"https:\\\/\\\/webtube.fr\\\/#\\\/schema\\\/person\\\/dcc633686e0e2a79a6bf7b92c9507618\",\"name\":\"admin5851\",\"image\":{\"@type\":\"ImageObject\",\"inLanguage\":\"fr-FR\",\"@id\":\"https:\\\/\\\/secure.gravatar.com\\\/avatar\\\/ea1b672a827879c0febb022a108a871292b3d08fadc66a0a43fa47acfe82e38a?s=96&d=mm&r=g\",\"url\":\"https:\\\/\\\/secure.gravatar.com\\\/avatar\\\/ea1b672a827879c0febb022a108a871292b3d08fadc66a0a43fa47acfe82e38a?s=96&d=mm&r=g\",\"contentUrl\":\"https:\\\/\\\/secure.gravatar.com\\\/avatar\\\/ea1b672a827879c0febb022a108a871292b3d08fadc66a0a43fa47acfe82e38a?s=96&d=mm&r=g\",\"caption\":\"admin5851\"},\"sameAs\":[\"http:\\\/\\\/linlcju.cluster100.hosting.ovh.net\"],\"url\":\"https:\\\/\\\/webtube.fr\\\/index.php\\\/author\\\/admin5851\\\/\"}]}<\/script>\n<!-- \/ Yoast SEO plugin. -->","yoast_head_json":{"title":". Ce jour o\u00f9 les agriculteurs sont entr\u00e9s dans Paris - # WEBTUBE.fr","robots":{"index":"index","follow":"follow","max-snippet":"max-snippet:-1","max-image-preview":"max-image-preview:large","max-video-preview":"max-video-preview:-1"},"canonical":"https:\/\/webtube.fr\/index.php\/2026\/01\/09\/ce-jour-ou-les-agriculteurs-sont-entres-dans-paris\/","og_locale":"fr_FR","og_type":"article","og_title":". Ce jour o\u00f9 les agriculteurs sont entr\u00e9s dans Paris - # WEBTUBE.fr","og_description":"Articles : Jan 2026 &#8211; Dec. 2025 &#8211; Nov. 2025 &#8211; Oct. 2025 &#8211;Facebook&nbsp;:&nbsp;https:\/\/www.facebook.com\/profile.php?id=100069673161887 Twitter : https:\/\/twitter.com\/OrtfNews Music 24\/24 : http:\/\/DJMUSIC.fr #webtube : Devant l&rsquo;Assembl\u00e9e nationale s&rsquo;est fait entendre le \u00ab\u00a0cri de d\u00e9sespoir \u00bb des manifestants. \u00ab\u00a0Les loups sont entr\u00e9s dans Paris\u00a0\u00bb\u00a0chantait Serge Reggiani. Cette fois ce sont les tracteurs du monde agricole qui ont &hellip; Continuer la lecture de &laquo;&nbsp;. Ce jour o\u00f9 les agriculteurs sont entr\u00e9s dans Paris&nbsp;&raquo;","og_url":"https:\/\/webtube.fr\/index.php\/2026\/01\/09\/ce-jour-ou-les-agriculteurs-sont-entres-dans-paris\/","og_site_name":"# WEBTUBE.fr","article_publisher":"https:\/\/www.facebook.com\/profile.php?id=100069673161887","article_published_time":"2026-01-09T07:27:04+00:00","article_modified_time":"2026-01-09T07:27:05+00:00","og_image":[{"url":"https:\/\/media.bvoltaire.fr\/file\/Bvoltaire\/2026\/01\/IL20260108175104-whatsapp-image-2026-01-08-at-102500-scaled-929x522.jpeg","type":"","width":"","height":""}],"author":"admin5851","twitter_card":"summary_large_image","twitter_creator":"@OrtfNews","twitter_site":"@OrtfNews","twitter_misc":{"\u00c9crit par":"admin5851","Dur\u00e9e de lecture estim\u00e9e":"5 minutes"},"schema":{"@context":"https:\/\/schema.org","@graph":[{"@type":"Article","@id":"https:\/\/webtube.fr\/index.php\/2026\/01\/09\/ce-jour-ou-les-agriculteurs-sont-entres-dans-paris\/#article","isPartOf":{"@id":"https:\/\/webtube.fr\/index.php\/2026\/01\/09\/ce-jour-ou-les-agriculteurs-sont-entres-dans-paris\/"},"author":{"name":"admin5851","@id":"https:\/\/webtube.fr\/#\/schema\/person\/dcc633686e0e2a79a6bf7b92c9507618"},"headline":". Ce jour o\u00f9 les agriculteurs sont entr\u00e9s dans Paris","datePublished":"2026-01-09T07:27:04+00:00","dateModified":"2026-01-09T07:27:05+00:00","mainEntityOfPage":{"@id":"https:\/\/webtube.fr\/index.php\/2026\/01\/09\/ce-jour-ou-les-agriculteurs-sont-entres-dans-paris\/"},"wordCount":1088,"commentCount":0,"publisher":{"@id":"https:\/\/webtube.fr\/#organization"},"image":{"@id":"https:\/\/webtube.fr\/index.php\/2026\/01\/09\/ce-jour-ou-les-agriculteurs-sont-entres-dans-paris\/#primaryimage"},"thumbnailUrl":"https:\/\/media.bvoltaire.fr\/file\/Bvoltaire\/2026\/01\/IL20260108175104-whatsapp-image-2026-01-08-at-102500-scaled-929x522.jpeg","articleSection":["Uncategorized"],"inLanguage":"fr-FR","potentialAction":[{"@type":"CommentAction","name":"Comment","target":["https:\/\/webtube.fr\/index.php\/2026\/01\/09\/ce-jour-ou-les-agriculteurs-sont-entres-dans-paris\/#respond"]}]},{"@type":"WebPage","@id":"https:\/\/webtube.fr\/index.php\/2026\/01\/09\/ce-jour-ou-les-agriculteurs-sont-entres-dans-paris\/","url":"https:\/\/webtube.fr\/index.php\/2026\/01\/09\/ce-jour-ou-les-agriculteurs-sont-entres-dans-paris\/","name":". Ce jour o\u00f9 les agriculteurs sont entr\u00e9s dans Paris - # WEBTUBE.fr","isPartOf":{"@id":"https:\/\/webtube.fr\/#website"},"primaryImageOfPage":{"@id":"https:\/\/webtube.fr\/index.php\/2026\/01\/09\/ce-jour-ou-les-agriculteurs-sont-entres-dans-paris\/#primaryimage"},"image":{"@id":"https:\/\/webtube.fr\/index.php\/2026\/01\/09\/ce-jour-ou-les-agriculteurs-sont-entres-dans-paris\/#primaryimage"},"thumbnailUrl":"https:\/\/media.bvoltaire.fr\/file\/Bvoltaire\/2026\/01\/IL20260108175104-whatsapp-image-2026-01-08-at-102500-scaled-929x522.jpeg","datePublished":"2026-01-09T07:27:04+00:00","dateModified":"2026-01-09T07:27:05+00:00","breadcrumb":{"@id":"https:\/\/webtube.fr\/index.php\/2026\/01\/09\/ce-jour-ou-les-agriculteurs-sont-entres-dans-paris\/#breadcrumb"},"inLanguage":"fr-FR","potentialAction":[{"@type":"ReadAction","target":["https:\/\/webtube.fr\/index.php\/2026\/01\/09\/ce-jour-ou-les-agriculteurs-sont-entres-dans-paris\/"]}]},{"@type":"ImageObject","inLanguage":"fr-FR","@id":"https:\/\/webtube.fr\/index.php\/2026\/01\/09\/ce-jour-ou-les-agriculteurs-sont-entres-dans-paris\/#primaryimage","url":"https:\/\/media.bvoltaire.fr\/file\/Bvoltaire\/2026\/01\/IL20260108175104-whatsapp-image-2026-01-08-at-102500-scaled-929x522.jpeg","contentUrl":"https:\/\/media.bvoltaire.fr\/file\/Bvoltaire\/2026\/01\/IL20260108175104-whatsapp-image-2026-01-08-at-102500-scaled-929x522.jpeg"},{"@type":"BreadcrumbList","@id":"https:\/\/webtube.fr\/index.php\/2026\/01\/09\/ce-jour-ou-les-agriculteurs-sont-entres-dans-paris\/#breadcrumb","itemListElement":[{"@type":"ListItem","position":1,"name":"Accueil","item":"https:\/\/webtube.fr\/"},{"@type":"ListItem","position":2,"name":". Ce jour o\u00f9 les agriculteurs sont entr\u00e9s dans Paris"}]},{"@type":"WebSite","@id":"https:\/\/webtube.fr\/#website","url":"https:\/\/webtube.fr\/","name":"WEBTUBE","description":"WEBTUBE.fr  Streaming Vid\u00e9o and News , toutes les infos sans filtres !","publisher":{"@id":"https:\/\/webtube.fr\/#organization"},"alternateName":"Rutube","potentialAction":[{"@type":"SearchAction","target":{"@type":"EntryPoint","urlTemplate":"https:\/\/webtube.fr\/?s={search_term_string}"},"query-input":{"@type":"PropertyValueSpecification","valueRequired":true,"valueName":"search_term_string"}}],"inLanguage":"fr-FR"},{"@type":"Organization","@id":"https:\/\/webtube.fr\/#organization","name":"# WEBTUBE.fr","url":"https:\/\/webtube.fr\/","logo":{"@type":"ImageObject","inLanguage":"fr-FR","@id":"https:\/\/webtube.fr\/#\/schema\/logo\/image\/","url":"https:\/\/webtube.fr\/wp-content\/uploads\/2025\/09\/cropped-Logo_webtubeIA-1.jpg","contentUrl":"https:\/\/webtube.fr\/wp-content\/uploads\/2025\/09\/cropped-Logo_webtubeIA-1.jpg","width":240,"height":240,"caption":"# WEBTUBE.fr"},"image":{"@id":"https:\/\/webtube.fr\/#\/schema\/logo\/image\/"},"sameAs":["https:\/\/www.facebook.com\/profile.php?id=100069673161887","https:\/\/x.com\/OrtfNews","https:\/\/www.facebook.com\/profile.php?id=100013751440523"]},{"@type":"Person","@id":"https:\/\/webtube.fr\/#\/schema\/person\/dcc633686e0e2a79a6bf7b92c9507618","name":"admin5851","image":{"@type":"ImageObject","inLanguage":"fr-FR","@id":"https:\/\/secure.gravatar.com\/avatar\/ea1b672a827879c0febb022a108a871292b3d08fadc66a0a43fa47acfe82e38a?s=96&d=mm&r=g","url":"https:\/\/secure.gravatar.com\/avatar\/ea1b672a827879c0febb022a108a871292b3d08fadc66a0a43fa47acfe82e38a?s=96&d=mm&r=g","contentUrl":"https:\/\/secure.gravatar.com\/avatar\/ea1b672a827879c0febb022a108a871292b3d08fadc66a0a43fa47acfe82e38a?s=96&d=mm&r=g","caption":"admin5851"},"sameAs":["http:\/\/linlcju.cluster100.hosting.ovh.net"],"url":"https:\/\/webtube.fr\/index.php\/author\/admin5851\/"}]}},"jetpack_featured_media_url":"","jetpack_sharing_enabled":true,"_links":{"self":[{"href":"https:\/\/webtube.fr\/index.php\/wp-json\/wp\/v2\/posts\/30995","targetHints":{"allow":["GET"]}}],"collection":[{"href":"https:\/\/webtube.fr\/index.php\/wp-json\/wp\/v2\/posts"}],"about":[{"href":"https:\/\/webtube.fr\/index.php\/wp-json\/wp\/v2\/types\/post"}],"author":[{"embeddable":true,"href":"https:\/\/webtube.fr\/index.php\/wp-json\/wp\/v2\/users\/1"}],"replies":[{"embeddable":true,"href":"https:\/\/webtube.fr\/index.php\/wp-json\/wp\/v2\/comments?post=30995"}],"version-history":[{"count":1,"href":"https:\/\/webtube.fr\/index.php\/wp-json\/wp\/v2\/posts\/30995\/revisions"}],"predecessor-version":[{"id":30996,"href":"https:\/\/webtube.fr\/index.php\/wp-json\/wp\/v2\/posts\/30995\/revisions\/30996"}],"wp:attachment":[{"href":"https:\/\/webtube.fr\/index.php\/wp-json\/wp\/v2\/media?parent=30995"}],"wp:term":[{"taxonomy":"category","embeddable":true,"href":"https:\/\/webtube.fr\/index.php\/wp-json\/wp\/v2\/categories?post=30995"},{"taxonomy":"post_tag","embeddable":true,"href":"https:\/\/webtube.fr\/index.php\/wp-json\/wp\/v2\/tags?post=30995"}],"curies":[{"name":"wp","href":"https:\/\/api.w.org\/{rel}","templated":true}]}}