{"id":30989,"date":"2026-01-07T07:35:50","date_gmt":"2026-01-07T07:35:50","guid":{"rendered":"https:\/\/webtube.fr\/?p=30989"},"modified":"2026-01-07T07:35:51","modified_gmt":"2026-01-07T07:35:51","slug":"a-berlin-lextreme-gauche-attaque-et-sabote-dans-limpunite","status":"publish","type":"post","link":"https:\/\/webtube.fr\/index.php\/2026\/01\/07\/a-berlin-lextreme-gauche-attaque-et-sabote-dans-limpunite\/","title":{"rendered":". \u00c0 Berlin, l\u2019extr\u00eame gauche attaque et sabote\u2026 dans l\u2019impunit\u00e9 ?"},"content":{"rendered":"\n<p>Articles : <a href=\"https:\/\/webtube.fr\/index.php\/2026\/01\/\" target=\"_blank\" rel=\"noreferrer noopener\">Jan 2026<\/a> &#8211; <a href=\"https:\/\/webtube.fr\/index.php\/2025\/12\/\" target=\"_blank\" rel=\"noreferrer noopener\">Dec. 2025<\/a> &#8211; <a href=\"https:\/\/webtube.fr\/index.php\/2025\/11\/\">Nov. 2025<\/a> &#8211; <a href=\"https:\/\/webtube.fr\/index.php\/2025\/10\/\" target=\"_blank\" rel=\"noreferrer noopener\">Oct. 2025<\/a> &#8211;<br>Facebook&nbsp;:&nbsp;<a href=\"https:\/\/www.facebook.com\/profile.php?id=100069673161887\">https:\/\/www.facebook.com\/profile.php?id=100069673161887<\/a> Twitter : <a href=\"https:\/\/twitter.com\/OrtfNews\" target=\"_blank\" rel=\"noreferrer noopener\">https:\/\/twitter.com\/OrtfNews<\/a> Music 24\/24 : <a href=\"http:\/\/DJMUSIC.fr\/\" target=\"_blank\" rel=\"noreferrer noopener\">http:\/\/DJMUSIC.fr<\/a><\/p>\n\n\n\n<figure class=\"wp-block-image size-large\"><a href=\"http:\/\/weboomedia.free.fr\/ORTF\/php\/\" target=\"_blank\" rel=\" noreferrer noopener\"><img decoding=\"async\" src=\"https:\/\/www.polemia.com\/wp-content\/uploads\/2026\/01\/a-berlin-lextreme-gauche-attaque-et-sabote-dans-limpunite.webp\" alt=\"\"\/><\/a><\/figure>\n\n\n\n<p><strong>#webtube <\/strong>: <em>Berlin, capitale d\u2019un des pays les plus puissants du monde, a \u00e9t\u00e9 frapp\u00e9e par un groupe d\u2019extr\u00eame gauche le lundi 3 janvier 2026 vers 3 heures du matin. 45 000 m\u00e9nages et 2 200 entreprises ont \u00e9t\u00e9 priv\u00e9s d\u2019\u00e9lectricit\u00e9 suite \u00e0 un sabotage reconnu par un groupe d\u2019extr\u00eame gauche, le Vulkangruppe.<br>Jean Hemera, officier de cavalerie<\/em><\/p>\n\n\n\n<h3 class=\"wp-block-heading\">Un groupe violent de gauche<\/h3>\n\n\n\n<p>D\u00e9j\u00e0 en 2024, ce groupe d\u2019extr\u00eame gauche avait, suite \u00e0 un autre sabotage visant l\u2019usine Tesla, provoqu\u00e9 une coupure de courant de plusieurs jours qui avait impact\u00e9 plusieurs milliers de m\u00e9nages.<\/p>\n\n\n\n<p>D\u2019apr\u00e8s l\u2019Office f\u00e9d\u00e9ral de protection de la Constitution (Bundesverfassungsschutz), le groupe est actif depuis bien plus longtemps. \u00ab \u00c0 Berlin et dans le Brandebourg, des groupes surnomm\u00e9s \u201cgroupes volcan\u201d commettent des attentats incendiaires contre des infrastructures critiques \u00e0 intervalles r\u00e9guliers depuis 2011, souvent avec des cons\u00e9quences importantes pour la population \u00bb, indique le dernier rapport.<\/p>\n\n\n\n<p>Il s\u2019agit donc en 2026 de la poursuite d\u2019une logique d\u00e9vastatrice et les services de s\u00e9curit\u00e9 allemands ne citent aucune arrestation, aucune dissolution : rien. Les politiques ne parlent que d\u2019augmenter le nombre de groupes \u00e9lectrog\u00e8nes, de demander l\u2019aide de l\u2019\u00c9tat f\u00e9d\u00e9ral et l\u2019aide de l\u2019arm\u00e9e.<\/p>\n\n\n\n<p>Comme d\u2019habitude, quand on montre la lune \u00e0 ces politiques en charge de la s\u00e9curit\u00e9 des populations, ils ne regardent que le doigt.<\/p>\n\n\n\n<h3 class=\"wp-block-heading\">Un bilan lourd<\/h3>\n\n\n\n<p>Sur le terrain, des dizaines de milliers de foyers, ainsi que des supermarch\u00e9s, des commerces, des restaurants et des entreprises du sud-ouest de Berlin, sont priv\u00e9s d\u2019\u00e9lectricit\u00e9 depuis samedi matin. Une grande partie de Steglitz-Zehlendorf est touch\u00e9e par la panne. Police, pompiers, protection civile et organisations humanitaires sont mobilis\u00e9s en nombre. Mais avec quelle r\u00e9elle efficacit\u00e9 ? Quelques gymnases ont \u00e9t\u00e9 transform\u00e9s en centre d\u2019accueil, mais il ne s\u2019agit que de quelques centaines de lits de camp face \u00e0 45 000 foyers sans chauffage. Ceux qui le peuvent ont quitt\u00e9 la ville et se sont r\u00e9fugi\u00e9s dans la famille ou chez des amis. Il neige \u00e0 Berlin et la temp\u00e9rature descend jusqu\u2019\u00e0 \u2013 10 degr\u00e9s la nuit.<\/p>\n\n\n\n<h3 class=\"wp-block-heading\">Les points cl\u00e9s lundi 05 janvier 2026<\/h3>\n\n\n\n<ul class=\"wp-block-list\">\n<li>Le groupe d\u2019extr\u00eame gauche Vulkan a revendiqu\u00e9 l\u2019incendie criminel d\u2019un pont \u00e0 haubans de la centrale \u00e9lectrique de Lichterfelde. La police confirme l\u2019authenticit\u00e9 de cette reconnaissance.<\/li>\n\n\n\n<li>30 000 foyers et 1 700 entreprises sont toujours priv\u00e9s d\u2019\u00e9lectricit\u00e9 ce lundi, 3 jours apr\u00e8s le sabotage. Le r\u00e9tablissement complet du courant est pr\u00e9vu au plus t\u00f4t pour jeudi. Les pertes pour les entreprises se montent \u00e0 plusieurs centaines de millions d\u2019euros. Il est clair que de nombreuses personnes mourront du fait de ce sabotage.<\/li>\n\n\n\n<li>Les communications t\u00e9l\u00e9phoniques et les appels d\u2019urgence sont limit\u00e9s. Plusieurs centres d\u2019h\u00e9bergement d\u2019urgence, centres d\u2019accueil et points de contact sont ouverts pour alerter les pompiers et la police en cas d\u2019urgence. Dix-sept \u00e9coles resteront ferm\u00e9es jusqu\u2019\u00e0 mercredi ; un service de garde d\u2019urgence sera mis en place. Les cr\u00e8ches concern\u00e9es seront \u00e9galement ferm\u00e9es lundi, avec un service de garde d\u2019urgence d\u00e8s mardi.<\/li>\n<\/ul>\n\n\n\n<h3 class=\"wp-block-heading\">Les mesures<\/h3>\n\n\n\n<p>Le maire de Berlin, Kai Wegner, brille par sa comp\u00e9tence, ainsi que son conseil municipal (chr\u00e9tiens-d\u00e9mocrates plus socialistes) : il a qualifi\u00e9 l\u2019attaque contre le r\u00e9seau \u00e9lectrique d\u2019\u00ab acte terroriste \u00bb, la candidate t\u00eate-de-liste du parti Die Linke, Elif Eralp, a exig\u00e9 un renforcement de la pr\u00e9paration aux crises, la s\u00e9natrice charg\u00e9e des Affaires \u00e9conomiques, Franziska Giffey (SPD), a demand\u00e9 l\u2019aide du gouvernement f\u00e9d\u00e9ral pour l\u2019enqu\u00eate.<\/p>\n\n\n\n<p>Le maire (CDU, chr\u00e9tien-d\u00e9mocrate) souhaite consolider les infrastructures critiques. \u00ab Cela prouve une fois de plus qu\u2019une s\u00e9curit\u00e9 \u00e0 100 % est impossible \u00bb, a d\u00e9clar\u00e9 l\u2019\u00e9lu CDU. L\u2019\u00c9tat reste vuln\u00e9rable \u00e0 des attaques de ce type.<\/p>\n\n\n\n<p>\u00ab Nous devons \u00e9liminer cette vuln\u00e9rabilit\u00e9 \u00bb, a-t-il ajout\u00e9. Il a toutefois pr\u00e9cis\u00e9 que cela prendrait du temps et que des zones critiques demeurent pour l\u2019instant \u00e0 prot\u00e9ger. \u00ab Dois-je poster un policier \u00e0 chaque endroit ? \u00bb Seule une petite partie du r\u00e9seau \u00e9lectrique est a\u00e9rienne. Cette portion n\u00e9cessite une protection renforc\u00e9e, par exemple par la vid\u00e9osurveillance et des services de s\u00e9curit\u00e9.<\/p>\n\n\n\n<p>Autant de logorrh\u00e9es verbales qui aident efficacement les sinistr\u00e9s. Il sera int\u00e9ressant de constater ce que les urnes diront aux prochaines \u00e9lections.<\/p>\n\n\n\n<h3 class=\"wp-block-heading\">Facit<\/h3>\n\n\n\n<p>Ce sabotage est malheureusement encore une fois le r\u00e9sultat de l\u2019incurie des politiques allemands de tous bords, qui ne connaissent qu\u2019une cible dans leurs trahisons r\u00e9p\u00e9t\u00e9es : quelles mesures concr\u00e8tes contre ces groupuscules connus des services, antifas et autres, mais profitant d\u2019une impunit\u00e9 totale ?<\/p>\n\n\n\n<p>Il serait bon que les politiques de notre pays en tirent un enseignement et prennent, eux aussi, des mesures de salut public contre les acteurs de la m\u00eame mouvance qui pillent, br\u00fblent, d\u00e9truisent \u00e0 intervalles r\u00e9guliers dans nos villes et nos villages.<\/p>\n\n\n\n<p>Comme le disait Einstein : \u00ab Le monde ne sera pas d\u00e9truit par ceux qui font le mal, mais par ceux qui les regardent sans rien faire \u00bb.<\/p>\n\n\n\n<p><strong>Jean H\u00e9m\u00e9ra<\/strong>, dans Pol\u00e9mia<\/p>\n\n\n\n<p><\/p>\n","protected":false},"excerpt":{"rendered":"<p>Articles : Jan 2026 &#8211; Dec. 2025 &#8211; Nov. 2025 &#8211; Oct. 2025 &#8211;Facebook&nbsp;:&nbsp;https:\/\/www.facebook.com\/profile.php?id=100069673161887 Twitter : https:\/\/twitter.com\/OrtfNews Music 24\/24 : http:\/\/DJMUSIC.fr #webtube : Berlin, capitale d\u2019un des pays les plus puissants du monde, a \u00e9t\u00e9 frapp\u00e9e par un groupe d\u2019extr\u00eame gauche le lundi 3 janvier 2026 vers 3 heures du matin. 45 000 m\u00e9nages et &hellip; <a href=\"https:\/\/webtube.fr\/index.php\/2026\/01\/07\/a-berlin-lextreme-gauche-attaque-et-sabote-dans-limpunite\/\" class=\"more-link\">Continuer la lecture<span class=\"screen-reader-text\"> de &laquo;&nbsp;. \u00c0 Berlin, l\u2019extr\u00eame gauche attaque et sabote\u2026 dans l\u2019impunit\u00e9 ?&nbsp;&raquo;<\/span><\/a><\/p>\n","protected":false},"author":1,"featured_media":0,"comment_status":"open","ping_status":"open","sticky":false,"template":"","format":"standard","meta":{"_jetpack_memberships_contains_paid_content":false,"footnotes":""},"categories":[1],"tags":[],"class_list":["post-30989","post","type-post","status-publish","format-standard","hentry","category-uncategorized"],"yoast_head":"<!-- This site is optimized with the Yoast SEO plugin v27.3 - https:\/\/yoast.com\/product\/yoast-seo-wordpress\/ -->\n<title>. \u00c0 Berlin, l\u2019extr\u00eame gauche attaque et sabote\u2026 dans l\u2019impunit\u00e9 ? - # WEBTUBE.fr<\/title>\n<meta name=\"robots\" content=\"index, follow, max-snippet:-1, max-image-preview:large, max-video-preview:-1\" \/>\n<link rel=\"canonical\" href=\"https:\/\/webtube.fr\/index.php\/2026\/01\/07\/a-berlin-lextreme-gauche-attaque-et-sabote-dans-limpunite\/\" \/>\n<meta property=\"og:locale\" content=\"fr_FR\" \/>\n<meta property=\"og:type\" content=\"article\" \/>\n<meta property=\"og:title\" content=\". \u00c0 Berlin, l\u2019extr\u00eame gauche attaque et sabote\u2026 dans l\u2019impunit\u00e9 ? - # WEBTUBE.fr\" \/>\n<meta property=\"og:description\" content=\"Articles : Jan 2026 &#8211; Dec. 2025 &#8211; Nov. 2025 &#8211; Oct. 2025 &#8211;Facebook&nbsp;:&nbsp;https:\/\/www.facebook.com\/profile.php?id=100069673161887 Twitter : https:\/\/twitter.com\/OrtfNews Music 24\/24 : http:\/\/DJMUSIC.fr #webtube : Berlin, capitale d\u2019un des pays les plus puissants du monde, a \u00e9t\u00e9 frapp\u00e9e par un groupe d\u2019extr\u00eame gauche le lundi 3 janvier 2026 vers 3 heures du matin. 45 000 m\u00e9nages et &hellip; Continuer la lecture de &laquo;&nbsp;. \u00c0 Berlin, l\u2019extr\u00eame gauche attaque et sabote\u2026 dans l\u2019impunit\u00e9 ?&nbsp;&raquo;\" \/>\n<meta property=\"og:url\" content=\"https:\/\/webtube.fr\/index.php\/2026\/01\/07\/a-berlin-lextreme-gauche-attaque-et-sabote-dans-limpunite\/\" \/>\n<meta property=\"og:site_name\" content=\"# WEBTUBE.fr\" \/>\n<meta property=\"article:publisher\" content=\"https:\/\/www.facebook.com\/profile.php?id=100069673161887\" \/>\n<meta property=\"article:published_time\" content=\"2026-01-07T07:35:50+00:00\" \/>\n<meta property=\"article:modified_time\" content=\"2026-01-07T07:35:51+00:00\" \/>\n<meta property=\"og:image\" content=\"https:\/\/www.polemia.com\/wp-content\/uploads\/2026\/01\/a-berlin-lextreme-gauche-attaque-et-sabote-dans-limpunite.webp\" \/>\n<meta name=\"author\" content=\"admin5851\" \/>\n<meta name=\"twitter:card\" content=\"summary_large_image\" \/>\n<meta name=\"twitter:creator\" content=\"@OrtfNews\" \/>\n<meta name=\"twitter:site\" content=\"@OrtfNews\" \/>\n<meta name=\"twitter:label1\" content=\"\u00c9crit par\" \/>\n\t<meta name=\"twitter:data1\" content=\"admin5851\" \/>\n\t<meta name=\"twitter:label2\" content=\"Dur\u00e9e de lecture estim\u00e9e\" \/>\n\t<meta name=\"twitter:data2\" content=\"4 minutes\" \/>\n<script type=\"application\/ld+json\" class=\"yoast-schema-graph\">{\"@context\":\"https:\\\/\\\/schema.org\",\"@graph\":[{\"@type\":\"Article\",\"@id\":\"https:\\\/\\\/webtube.fr\\\/index.php\\\/2026\\\/01\\\/07\\\/a-berlin-lextreme-gauche-attaque-et-sabote-dans-limpunite\\\/#article\",\"isPartOf\":{\"@id\":\"https:\\\/\\\/webtube.fr\\\/index.php\\\/2026\\\/01\\\/07\\\/a-berlin-lextreme-gauche-attaque-et-sabote-dans-limpunite\\\/\"},\"author\":{\"name\":\"admin5851\",\"@id\":\"https:\\\/\\\/webtube.fr\\\/#\\\/schema\\\/person\\\/dcc633686e0e2a79a6bf7b92c9507618\"},\"headline\":\". \u00c0 Berlin, l\u2019extr\u00eame gauche attaque et sabote\u2026 dans l\u2019impunit\u00e9 ?\",\"datePublished\":\"2026-01-07T07:35:50+00:00\",\"dateModified\":\"2026-01-07T07:35:51+00:00\",\"mainEntityOfPage\":{\"@id\":\"https:\\\/\\\/webtube.fr\\\/index.php\\\/2026\\\/01\\\/07\\\/a-berlin-lextreme-gauche-attaque-et-sabote-dans-limpunite\\\/\"},\"wordCount\":910,\"commentCount\":0,\"publisher\":{\"@id\":\"https:\\\/\\\/webtube.fr\\\/#organization\"},\"image\":{\"@id\":\"https:\\\/\\\/webtube.fr\\\/index.php\\\/2026\\\/01\\\/07\\\/a-berlin-lextreme-gauche-attaque-et-sabote-dans-limpunite\\\/#primaryimage\"},\"thumbnailUrl\":\"https:\\\/\\\/www.polemia.com\\\/wp-content\\\/uploads\\\/2026\\\/01\\\/a-berlin-lextreme-gauche-attaque-et-sabote-dans-limpunite.webp\",\"articleSection\":[\"Uncategorized\"],\"inLanguage\":\"fr-FR\",\"potentialAction\":[{\"@type\":\"CommentAction\",\"name\":\"Comment\",\"target\":[\"https:\\\/\\\/webtube.fr\\\/index.php\\\/2026\\\/01\\\/07\\\/a-berlin-lextreme-gauche-attaque-et-sabote-dans-limpunite\\\/#respond\"]}]},{\"@type\":\"WebPage\",\"@id\":\"https:\\\/\\\/webtube.fr\\\/index.php\\\/2026\\\/01\\\/07\\\/a-berlin-lextreme-gauche-attaque-et-sabote-dans-limpunite\\\/\",\"url\":\"https:\\\/\\\/webtube.fr\\\/index.php\\\/2026\\\/01\\\/07\\\/a-berlin-lextreme-gauche-attaque-et-sabote-dans-limpunite\\\/\",\"name\":\". \u00c0 Berlin, l\u2019extr\u00eame gauche attaque et sabote\u2026 dans l\u2019impunit\u00e9 ? - # WEBTUBE.fr\",\"isPartOf\":{\"@id\":\"https:\\\/\\\/webtube.fr\\\/#website\"},\"primaryImageOfPage\":{\"@id\":\"https:\\\/\\\/webtube.fr\\\/index.php\\\/2026\\\/01\\\/07\\\/a-berlin-lextreme-gauche-attaque-et-sabote-dans-limpunite\\\/#primaryimage\"},\"image\":{\"@id\":\"https:\\\/\\\/webtube.fr\\\/index.php\\\/2026\\\/01\\\/07\\\/a-berlin-lextreme-gauche-attaque-et-sabote-dans-limpunite\\\/#primaryimage\"},\"thumbnailUrl\":\"https:\\\/\\\/www.polemia.com\\\/wp-content\\\/uploads\\\/2026\\\/01\\\/a-berlin-lextreme-gauche-attaque-et-sabote-dans-limpunite.webp\",\"datePublished\":\"2026-01-07T07:35:50+00:00\",\"dateModified\":\"2026-01-07T07:35:51+00:00\",\"breadcrumb\":{\"@id\":\"https:\\\/\\\/webtube.fr\\\/index.php\\\/2026\\\/01\\\/07\\\/a-berlin-lextreme-gauche-attaque-et-sabote-dans-limpunite\\\/#breadcrumb\"},\"inLanguage\":\"fr-FR\",\"potentialAction\":[{\"@type\":\"ReadAction\",\"target\":[\"https:\\\/\\\/webtube.fr\\\/index.php\\\/2026\\\/01\\\/07\\\/a-berlin-lextreme-gauche-attaque-et-sabote-dans-limpunite\\\/\"]}]},{\"@type\":\"ImageObject\",\"inLanguage\":\"fr-FR\",\"@id\":\"https:\\\/\\\/webtube.fr\\\/index.php\\\/2026\\\/01\\\/07\\\/a-berlin-lextreme-gauche-attaque-et-sabote-dans-limpunite\\\/#primaryimage\",\"url\":\"https:\\\/\\\/www.polemia.com\\\/wp-content\\\/uploads\\\/2026\\\/01\\\/a-berlin-lextreme-gauche-attaque-et-sabote-dans-limpunite.webp\",\"contentUrl\":\"https:\\\/\\\/www.polemia.com\\\/wp-content\\\/uploads\\\/2026\\\/01\\\/a-berlin-lextreme-gauche-attaque-et-sabote-dans-limpunite.webp\"},{\"@type\":\"BreadcrumbList\",\"@id\":\"https:\\\/\\\/webtube.fr\\\/index.php\\\/2026\\\/01\\\/07\\\/a-berlin-lextreme-gauche-attaque-et-sabote-dans-limpunite\\\/#breadcrumb\",\"itemListElement\":[{\"@type\":\"ListItem\",\"position\":1,\"name\":\"Accueil\",\"item\":\"https:\\\/\\\/webtube.fr\\\/\"},{\"@type\":\"ListItem\",\"position\":2,\"name\":\". \u00c0 Berlin, l\u2019extr\u00eame gauche attaque et sabote\u2026 dans l\u2019impunit\u00e9 ?\"}]},{\"@type\":\"WebSite\",\"@id\":\"https:\\\/\\\/webtube.fr\\\/#website\",\"url\":\"https:\\\/\\\/webtube.fr\\\/\",\"name\":\"WEBTUBE\",\"description\":\"WEBTUBE.fr  Streaming Vid\u00e9o and News , toutes les infos sans filtres !\",\"publisher\":{\"@id\":\"https:\\\/\\\/webtube.fr\\\/#organization\"},\"alternateName\":\"Rutube\",\"potentialAction\":[{\"@type\":\"SearchAction\",\"target\":{\"@type\":\"EntryPoint\",\"urlTemplate\":\"https:\\\/\\\/webtube.fr\\\/?s={search_term_string}\"},\"query-input\":{\"@type\":\"PropertyValueSpecification\",\"valueRequired\":true,\"valueName\":\"search_term_string\"}}],\"inLanguage\":\"fr-FR\"},{\"@type\":\"Organization\",\"@id\":\"https:\\\/\\\/webtube.fr\\\/#organization\",\"name\":\"# WEBTUBE.fr\",\"url\":\"https:\\\/\\\/webtube.fr\\\/\",\"logo\":{\"@type\":\"ImageObject\",\"inLanguage\":\"fr-FR\",\"@id\":\"https:\\\/\\\/webtube.fr\\\/#\\\/schema\\\/logo\\\/image\\\/\",\"url\":\"https:\\\/\\\/webtube.fr\\\/wp-content\\\/uploads\\\/2025\\\/09\\\/cropped-Logo_webtubeIA-1.jpg\",\"contentUrl\":\"https:\\\/\\\/webtube.fr\\\/wp-content\\\/uploads\\\/2025\\\/09\\\/cropped-Logo_webtubeIA-1.jpg\",\"width\":240,\"height\":240,\"caption\":\"# WEBTUBE.fr\"},\"image\":{\"@id\":\"https:\\\/\\\/webtube.fr\\\/#\\\/schema\\\/logo\\\/image\\\/\"},\"sameAs\":[\"https:\\\/\\\/www.facebook.com\\\/profile.php?id=100069673161887\",\"https:\\\/\\\/x.com\\\/OrtfNews\",\"https:\\\/\\\/www.facebook.com\\\/profile.php?id=100013751440523\"]},{\"@type\":\"Person\",\"@id\":\"https:\\\/\\\/webtube.fr\\\/#\\\/schema\\\/person\\\/dcc633686e0e2a79a6bf7b92c9507618\",\"name\":\"admin5851\",\"image\":{\"@type\":\"ImageObject\",\"inLanguage\":\"fr-FR\",\"@id\":\"https:\\\/\\\/secure.gravatar.com\\\/avatar\\\/ea1b672a827879c0febb022a108a871292b3d08fadc66a0a43fa47acfe82e38a?s=96&d=mm&r=g\",\"url\":\"https:\\\/\\\/secure.gravatar.com\\\/avatar\\\/ea1b672a827879c0febb022a108a871292b3d08fadc66a0a43fa47acfe82e38a?s=96&d=mm&r=g\",\"contentUrl\":\"https:\\\/\\\/secure.gravatar.com\\\/avatar\\\/ea1b672a827879c0febb022a108a871292b3d08fadc66a0a43fa47acfe82e38a?s=96&d=mm&r=g\",\"caption\":\"admin5851\"},\"sameAs\":[\"http:\\\/\\\/linlcju.cluster100.hosting.ovh.net\"],\"url\":\"https:\\\/\\\/webtube.fr\\\/index.php\\\/author\\\/admin5851\\\/\"}]}<\/script>\n<!-- \/ Yoast SEO plugin. -->","yoast_head_json":{"title":". \u00c0 Berlin, l\u2019extr\u00eame gauche attaque et sabote\u2026 dans l\u2019impunit\u00e9 ? - # WEBTUBE.fr","robots":{"index":"index","follow":"follow","max-snippet":"max-snippet:-1","max-image-preview":"max-image-preview:large","max-video-preview":"max-video-preview:-1"},"canonical":"https:\/\/webtube.fr\/index.php\/2026\/01\/07\/a-berlin-lextreme-gauche-attaque-et-sabote-dans-limpunite\/","og_locale":"fr_FR","og_type":"article","og_title":". \u00c0 Berlin, l\u2019extr\u00eame gauche attaque et sabote\u2026 dans l\u2019impunit\u00e9 ? - # WEBTUBE.fr","og_description":"Articles : Jan 2026 &#8211; Dec. 2025 &#8211; Nov. 2025 &#8211; Oct. 2025 &#8211;Facebook&nbsp;:&nbsp;https:\/\/www.facebook.com\/profile.php?id=100069673161887 Twitter : https:\/\/twitter.com\/OrtfNews Music 24\/24 : http:\/\/DJMUSIC.fr #webtube : Berlin, capitale d\u2019un des pays les plus puissants du monde, a \u00e9t\u00e9 frapp\u00e9e par un groupe d\u2019extr\u00eame gauche le lundi 3 janvier 2026 vers 3 heures du matin. 45 000 m\u00e9nages et &hellip; Continuer la lecture de &laquo;&nbsp;. \u00c0 Berlin, l\u2019extr\u00eame gauche attaque et sabote\u2026 dans l\u2019impunit\u00e9 ?&nbsp;&raquo;","og_url":"https:\/\/webtube.fr\/index.php\/2026\/01\/07\/a-berlin-lextreme-gauche-attaque-et-sabote-dans-limpunite\/","og_site_name":"# WEBTUBE.fr","article_publisher":"https:\/\/www.facebook.com\/profile.php?id=100069673161887","article_published_time":"2026-01-07T07:35:50+00:00","article_modified_time":"2026-01-07T07:35:51+00:00","og_image":[{"url":"https:\/\/www.polemia.com\/wp-content\/uploads\/2026\/01\/a-berlin-lextreme-gauche-attaque-et-sabote-dans-limpunite.webp","type":"","width":"","height":""}],"author":"admin5851","twitter_card":"summary_large_image","twitter_creator":"@OrtfNews","twitter_site":"@OrtfNews","twitter_misc":{"\u00c9crit par":"admin5851","Dur\u00e9e de lecture estim\u00e9e":"4 minutes"},"schema":{"@context":"https:\/\/schema.org","@graph":[{"@type":"Article","@id":"https:\/\/webtube.fr\/index.php\/2026\/01\/07\/a-berlin-lextreme-gauche-attaque-et-sabote-dans-limpunite\/#article","isPartOf":{"@id":"https:\/\/webtube.fr\/index.php\/2026\/01\/07\/a-berlin-lextreme-gauche-attaque-et-sabote-dans-limpunite\/"},"author":{"name":"admin5851","@id":"https:\/\/webtube.fr\/#\/schema\/person\/dcc633686e0e2a79a6bf7b92c9507618"},"headline":". \u00c0 Berlin, l\u2019extr\u00eame gauche attaque et sabote\u2026 dans l\u2019impunit\u00e9 ?","datePublished":"2026-01-07T07:35:50+00:00","dateModified":"2026-01-07T07:35:51+00:00","mainEntityOfPage":{"@id":"https:\/\/webtube.fr\/index.php\/2026\/01\/07\/a-berlin-lextreme-gauche-attaque-et-sabote-dans-limpunite\/"},"wordCount":910,"commentCount":0,"publisher":{"@id":"https:\/\/webtube.fr\/#organization"},"image":{"@id":"https:\/\/webtube.fr\/index.php\/2026\/01\/07\/a-berlin-lextreme-gauche-attaque-et-sabote-dans-limpunite\/#primaryimage"},"thumbnailUrl":"https:\/\/www.polemia.com\/wp-content\/uploads\/2026\/01\/a-berlin-lextreme-gauche-attaque-et-sabote-dans-limpunite.webp","articleSection":["Uncategorized"],"inLanguage":"fr-FR","potentialAction":[{"@type":"CommentAction","name":"Comment","target":["https:\/\/webtube.fr\/index.php\/2026\/01\/07\/a-berlin-lextreme-gauche-attaque-et-sabote-dans-limpunite\/#respond"]}]},{"@type":"WebPage","@id":"https:\/\/webtube.fr\/index.php\/2026\/01\/07\/a-berlin-lextreme-gauche-attaque-et-sabote-dans-limpunite\/","url":"https:\/\/webtube.fr\/index.php\/2026\/01\/07\/a-berlin-lextreme-gauche-attaque-et-sabote-dans-limpunite\/","name":". \u00c0 Berlin, l\u2019extr\u00eame gauche attaque et sabote\u2026 dans l\u2019impunit\u00e9 ? - # WEBTUBE.fr","isPartOf":{"@id":"https:\/\/webtube.fr\/#website"},"primaryImageOfPage":{"@id":"https:\/\/webtube.fr\/index.php\/2026\/01\/07\/a-berlin-lextreme-gauche-attaque-et-sabote-dans-limpunite\/#primaryimage"},"image":{"@id":"https:\/\/webtube.fr\/index.php\/2026\/01\/07\/a-berlin-lextreme-gauche-attaque-et-sabote-dans-limpunite\/#primaryimage"},"thumbnailUrl":"https:\/\/www.polemia.com\/wp-content\/uploads\/2026\/01\/a-berlin-lextreme-gauche-attaque-et-sabote-dans-limpunite.webp","datePublished":"2026-01-07T07:35:50+00:00","dateModified":"2026-01-07T07:35:51+00:00","breadcrumb":{"@id":"https:\/\/webtube.fr\/index.php\/2026\/01\/07\/a-berlin-lextreme-gauche-attaque-et-sabote-dans-limpunite\/#breadcrumb"},"inLanguage":"fr-FR","potentialAction":[{"@type":"ReadAction","target":["https:\/\/webtube.fr\/index.php\/2026\/01\/07\/a-berlin-lextreme-gauche-attaque-et-sabote-dans-limpunite\/"]}]},{"@type":"ImageObject","inLanguage":"fr-FR","@id":"https:\/\/webtube.fr\/index.php\/2026\/01\/07\/a-berlin-lextreme-gauche-attaque-et-sabote-dans-limpunite\/#primaryimage","url":"https:\/\/www.polemia.com\/wp-content\/uploads\/2026\/01\/a-berlin-lextreme-gauche-attaque-et-sabote-dans-limpunite.webp","contentUrl":"https:\/\/www.polemia.com\/wp-content\/uploads\/2026\/01\/a-berlin-lextreme-gauche-attaque-et-sabote-dans-limpunite.webp"},{"@type":"BreadcrumbList","@id":"https:\/\/webtube.fr\/index.php\/2026\/01\/07\/a-berlin-lextreme-gauche-attaque-et-sabote-dans-limpunite\/#breadcrumb","itemListElement":[{"@type":"ListItem","position":1,"name":"Accueil","item":"https:\/\/webtube.fr\/"},{"@type":"ListItem","position":2,"name":". \u00c0 Berlin, l\u2019extr\u00eame gauche attaque et sabote\u2026 dans l\u2019impunit\u00e9 ?"}]},{"@type":"WebSite","@id":"https:\/\/webtube.fr\/#website","url":"https:\/\/webtube.fr\/","name":"WEBTUBE","description":"WEBTUBE.fr  Streaming Vid\u00e9o and News , toutes les infos sans filtres !","publisher":{"@id":"https:\/\/webtube.fr\/#organization"},"alternateName":"Rutube","potentialAction":[{"@type":"SearchAction","target":{"@type":"EntryPoint","urlTemplate":"https:\/\/webtube.fr\/?s={search_term_string}"},"query-input":{"@type":"PropertyValueSpecification","valueRequired":true,"valueName":"search_term_string"}}],"inLanguage":"fr-FR"},{"@type":"Organization","@id":"https:\/\/webtube.fr\/#organization","name":"# WEBTUBE.fr","url":"https:\/\/webtube.fr\/","logo":{"@type":"ImageObject","inLanguage":"fr-FR","@id":"https:\/\/webtube.fr\/#\/schema\/logo\/image\/","url":"https:\/\/webtube.fr\/wp-content\/uploads\/2025\/09\/cropped-Logo_webtubeIA-1.jpg","contentUrl":"https:\/\/webtube.fr\/wp-content\/uploads\/2025\/09\/cropped-Logo_webtubeIA-1.jpg","width":240,"height":240,"caption":"# WEBTUBE.fr"},"image":{"@id":"https:\/\/webtube.fr\/#\/schema\/logo\/image\/"},"sameAs":["https:\/\/www.facebook.com\/profile.php?id=100069673161887","https:\/\/x.com\/OrtfNews","https:\/\/www.facebook.com\/profile.php?id=100013751440523"]},{"@type":"Person","@id":"https:\/\/webtube.fr\/#\/schema\/person\/dcc633686e0e2a79a6bf7b92c9507618","name":"admin5851","image":{"@type":"ImageObject","inLanguage":"fr-FR","@id":"https:\/\/secure.gravatar.com\/avatar\/ea1b672a827879c0febb022a108a871292b3d08fadc66a0a43fa47acfe82e38a?s=96&d=mm&r=g","url":"https:\/\/secure.gravatar.com\/avatar\/ea1b672a827879c0febb022a108a871292b3d08fadc66a0a43fa47acfe82e38a?s=96&d=mm&r=g","contentUrl":"https:\/\/secure.gravatar.com\/avatar\/ea1b672a827879c0febb022a108a871292b3d08fadc66a0a43fa47acfe82e38a?s=96&d=mm&r=g","caption":"admin5851"},"sameAs":["http:\/\/linlcju.cluster100.hosting.ovh.net"],"url":"https:\/\/webtube.fr\/index.php\/author\/admin5851\/"}]}},"jetpack_featured_media_url":"","jetpack_sharing_enabled":true,"_links":{"self":[{"href":"https:\/\/webtube.fr\/index.php\/wp-json\/wp\/v2\/posts\/30989","targetHints":{"allow":["GET"]}}],"collection":[{"href":"https:\/\/webtube.fr\/index.php\/wp-json\/wp\/v2\/posts"}],"about":[{"href":"https:\/\/webtube.fr\/index.php\/wp-json\/wp\/v2\/types\/post"}],"author":[{"embeddable":true,"href":"https:\/\/webtube.fr\/index.php\/wp-json\/wp\/v2\/users\/1"}],"replies":[{"embeddable":true,"href":"https:\/\/webtube.fr\/index.php\/wp-json\/wp\/v2\/comments?post=30989"}],"version-history":[{"count":1,"href":"https:\/\/webtube.fr\/index.php\/wp-json\/wp\/v2\/posts\/30989\/revisions"}],"predecessor-version":[{"id":30990,"href":"https:\/\/webtube.fr\/index.php\/wp-json\/wp\/v2\/posts\/30989\/revisions\/30990"}],"wp:attachment":[{"href":"https:\/\/webtube.fr\/index.php\/wp-json\/wp\/v2\/media?parent=30989"}],"wp:term":[{"taxonomy":"category","embeddable":true,"href":"https:\/\/webtube.fr\/index.php\/wp-json\/wp\/v2\/categories?post=30989"},{"taxonomy":"post_tag","embeddable":true,"href":"https:\/\/webtube.fr\/index.php\/wp-json\/wp\/v2\/tags?post=30989"}],"curies":[{"name":"wp","href":"https:\/\/api.w.org\/{rel}","templated":true}]}}