{"id":30978,"date":"2026-01-07T06:31:52","date_gmt":"2026-01-07T06:31:52","guid":{"rendered":"https:\/\/webtube.fr\/?p=30978"},"modified":"2026-01-07T06:31:52","modified_gmt":"2026-01-07T06:31:52","slug":"lancement-de-la-9e-edition-swiss-stop-islamization-sarah-knafo-ou-nemesis","status":"publish","type":"post","link":"https:\/\/webtube.fr\/index.php\/2026\/01\/07\/lancement-de-la-9e-edition-swiss-stop-islamization-sarah-knafo-ou-nemesis\/","title":{"rendered":". Lancement de la 9e \u00e9dition \u00ab\u00a0Swiss Stop Islamization\u00a0\u00bb : Sarah Knafo ou N\u00e9m\u00e9sis ?"},"content":{"rendered":"\n<p>Articles : <a href=\"https:\/\/webtube.fr\/index.php\/2026\/01\/\" target=\"_blank\" rel=\"noreferrer noopener\">Jan 2026<\/a> &#8211; <a href=\"https:\/\/webtube.fr\/index.php\/2025\/12\/\" target=\"_blank\" rel=\"noreferrer noopener\">Dec. 2025<\/a> &#8211; <a href=\"https:\/\/webtube.fr\/index.php\/2025\/11\/\">Nov. 2025<\/a> &#8211; <a href=\"https:\/\/webtube.fr\/index.php\/2025\/10\/\" target=\"_blank\" rel=\"noreferrer noopener\">Oct. 2025<\/a> &#8211;<br>Facebook&nbsp;:&nbsp;<a href=\"https:\/\/www.facebook.com\/profile.php?id=100069673161887\">https:\/\/www.facebook.com\/profile.php?id=100069673161887<\/a> Twitter : <a href=\"https:\/\/twitter.com\/OrtfNews\" target=\"_blank\" rel=\"noreferrer noopener\">https:\/\/twitter.com\/OrtfNews<\/a> Music 24\/24 : <a href=\"http:\/\/DJMUSIC.fr\/\" target=\"_blank\" rel=\"noreferrer noopener\">http:\/\/DJMUSIC.fr<\/a><\/p>\n\n\n\n<figure class=\"wp-block-image size-large\"><a href=\"http:\/\/weboomedia.free.fr\/ORTF\/php\/\" target=\"_blank\" rel=\" noreferrer noopener\"><img decoding=\"async\" src=\"https:\/\/r2.ripostelaique.com\/wp-content\/uploads\/2023\/09\/stopislamisation-1024x576-1.png\" alt=\"\"\/><\/a><\/figure>\n\n\n\n<p><strong>#webtube <\/strong>: <em>La neuvi\u00e8me \u00e9dition du \u00ab Swiss Stop Islamization Award \u00bb vient d\u2019\u00eatre lanc\u00e9e. Un Prix que j\u2019ai cr\u00e9\u00e9 pour r\u00e9compenser moralement et financi\u00e8rement (2000 francs pour chacun) les personnalit\u00e9s qui, en Suisse et dans les pays voisins, luttent courageusement contre l\u2019islamisation de l\u2019Europe et contre les fanatiques islamistes qui, dans le but de remplacer la d\u00e9mocratie par la charia (la loi religieuse islamique), entravent par tous les moyens l\u2019int\u00e9gration des musulmans dans notre soci\u00e9t\u00e9 et tentent de les r\u00e9islamiser et de les radicaliser. \u00c0 ce jour, 26 laur\u00e9ats ont \u00e9t\u00e9 honor\u00e9s et 24 ont accept\u00e9 leur r\u00e9compense, pour un total de 48 000 francs.<\/em><\/p>\n\n\n\n<p>Voici les 8 nomin\u00e9s pour 2026 :&nbsp;<strong>Hamed Abdel-Samad<\/strong>&nbsp;(Allemagne),&nbsp;<strong>Amine Abdelmajide<\/strong>&nbsp;(Suisse-Lausanne),&nbsp;<strong>Anna Maria Cisint<\/strong>&nbsp;(Italie),&nbsp;<strong>Collectif N\u00e9m\u00e9sis<\/strong>&nbsp;(France),&nbsp;<strong>Sarah Knafo<\/strong>&nbsp;(France),&nbsp;<strong>Dr Dominique Schwander<\/strong>&nbsp;(Suisse-Valais),&nbsp;<strong>Hamid Zanaz<\/strong>&nbsp;(France),&nbsp;<strong>Alain Wagner<\/strong>&nbsp;(France).<\/p>\n\n\n\n<p>Ce prix international a d\u00e9montr\u00e9 qu\u2019en Europe, des centaines de personnes tentent depuis des d\u00e9cennies, en vain, d\u2019ouvrir les yeux des politiciens, des journalistes et des citoyens sur les dangers que repr\u00e9sente pour notre soci\u00e9t\u00e9 l\u2019invasion de millions d\u2019immigrants de confession musulmane. L\u2019une d\u2019entre elles est le c\u00e9l\u00e8bre \u00e9crivain franco-alg\u00e9rien Boualem Sansal (81 ans), d\u00e9j\u00e0 laur\u00e9at de ce prix en 2024, qui a \u00e9t\u00e9 arr\u00eat\u00e9 par le r\u00e9gime alg\u00e9rien en novembre 2024 et condamn\u00e9 \u00e0 5 ans de prison sous pr\u00e9texte d\u2019atteinte \u00e0 l\u2019unit\u00e9 nationale suite \u00e0 certaines de ses d\u00e9clarations, et lib\u00e9r\u00e9 apr\u00e8s un an pour des raisons humanitaires.<\/p>\n\n\n\n<p>L\u2019ann\u00e9e pr\u00e9c\u00e9dente,&nbsp;<strong>Boualem Sansal<\/strong>&nbsp;avait r\u00e9dig\u00e9 la pr\u00e9face du livre \u00ab&nbsp;<em>La douce conqu\u00eate : l\u2019Europe capitule<\/em>&nbsp;<em>devant l\u2019islam&nbsp;<\/em>\u00bb, du journaliste italien&nbsp;<strong>Giulio Meotti<\/strong>&nbsp;(laur\u00e9at du prix en 2025). Dans cette pr\u00e9face, l\u2019\u00e9crivain franco-alg\u00e9rien avait exprim\u00e9 son d\u00e9couragement \u2013 auquel je m\u2019associe \u2013 de ne pas avoir r\u00e9ussi \u00e0 convaincre les Europ\u00e9ens du triste destin qui les attendait. \u00ab Nous, les \u00ab&nbsp;lanceurs d\u2019alerte&nbsp;\u00bb, qui depuis des d\u00e9cennies mettons en garde contre les dangers de l\u2019islam politique non seulement nos compatriotes, mais tous les peuples de la Terre, \u00e9crit-il, devrions enfin prendre acte de notre incapacit\u00e9 \u00e0 r\u00e9veiller les consciences, cesser de sonner le tocsin et arr\u00eater de les importuner. Le citoyen moyen ne s\u2019en rend pas compte, mais la r\u00e9alit\u00e9 sous-jacente est la suivante : l\u2019islamisme colonise le monde, progresse \u00e0 grands pas de la p\u00e9riph\u00e9rie vers le centre, imposant ses rythmes, ses voiles et son halal, dans l\u2019attente d\u2019une grande capitulation mondiale pour ensuite promulguer sa loi de fer sur Terre, au nom d\u2019Allah (\u2026). L\u2019abolition du califat ottoman en 1924 a marqu\u00e9 la fin de la domination musulmane et le d\u00e9clin de sa civilisation. Mais, loin de dispara\u00eetre, l\u2019islam a imm\u00e9diatement repris l\u2019initiative, a lib\u00e9r\u00e9 ses terres de la colonisation et a entam\u00e9 une nouvelle conqu\u00eate de l\u2019Europe \u00bb.<\/p>\n\n\n\n<p>Dans son livre \u00ab&nbsp;<em>Au nom d\u2019Allah : origine et histoire du totalitarisme islamiste<\/em>&nbsp;\u00bb, publi\u00e9 en France en 2013,&nbsp;<strong>Boualem Sansal<\/strong>&nbsp;avait accus\u00e9&nbsp;<strong>les m\u00e9dias europ\u00e9ens&nbsp;d\u2019\u00eatre l\u00e2ches<\/strong>, car, pour \u00e9viter les accusations d\u2019islamophobie et de racisme, ou par crainte d\u2019exacerber les tensions entre les communaut\u00e9s,&nbsp;<strong>ils pr\u00e9f\u00e9raient \u00e9viter d\u2019aborder le th\u00e8me de l\u2019islam<\/strong>. \u00ab En Europe, terre de libert\u00e9 par excellence, on peut tout critiquer et recourir \u00e0 toutes les formes de critique, jusqu\u2019\u00e0 la satire et la parodie, \u00e9crit-il,&nbsp;<strong>mais on ne peut critiquer l\u2019islam et son proph\u00e8te<\/strong>, m\u00eame avec les mots les plus formels et les meilleures intentions (\u2026). Aux yeux des radicaux, cette prudence appara\u00eet comme la preuve que la soci\u00e9t\u00e9 est pr\u00eate \u00e0 capituler, qu\u2019il suffit d\u2019une pouss\u00e9e pour la faire voler en \u00e9clats (\u2026). Ainsi, dans tous les pays, le d\u00e9bat s\u2019est \u00e9teint, \u00e0 force d\u2019intimidations, de censures, d\u2019autocensures et de pr\u00e9cautions rh\u00e9toriques. Le d\u00e9bat sur l\u2019islam a d\u00e9j\u00e0 disparu des instances institutionnelles.&nbsp;<strong>Or l\u2019islam doit \u00eatre \u00e9tudi\u00e9, discut\u00e9, interrog\u00e9, voire critiqu\u00e9<\/strong>. Par exemple : \u00ab&nbsp;Comment faire \u00e9voluer la condition f\u00e9minine, comment concilier islam et modernit\u00e9, islam et d\u00e9mocratie, droits et devoirs du croyant et du citoyen, etc. Ce sont l\u00e0 des questions qui attendent des r\u00e9ponses depuis des si\u00e8cles. C\u2019est dans ce d\u00e9bat ouvert et franc, sur ces questions pr\u00e9cises, que nous trouverons les arguments pour d\u00e9noncer la fausset\u00e9 de l\u2019islamisme et le vaincre&nbsp;\u00bb \u00bb.<br><strong>&nbsp;TOC TOC : m\u00e9dias europ\u00e9ens, vous \u00e9coutez ?<br><\/strong><br><strong>Giorgio Ghiringhelli&nbsp;<\/strong><br>(Fondateur et coordinateur du mouvement politique \u00ab&nbsp;Il Guastafeste&nbsp;\u00bb)<br>**********************************************<\/p>\n\n\n\n<p>Voici, pour conclure, les raisons de la candidature de Sarah Knafo et du Collectif N\u00e9m\u00e9sis :<\/p>\n\n\n\n<p><strong>Sarah Knafo (FRANCE) \u2013<\/strong>&nbsp;N\u00e9e le 24 avril 1993 \u00e0 Pavillons-sous-Bois (banlieue parisienne) dans une famille juive du Maroc, cette jeune repr\u00e9sentante du parti de droite Reconqu\u00eate est de plus en plus pr\u00e9sente dans les m\u00e9dias fran\u00e7ais et dans les d\u00e9bats sur les cha\u00eenes priv\u00e9es (\u00e0 la radio ou \u00e0 la t\u00e9l\u00e9), o\u00f9 elle brille par sa culture, son intelligence, sa comp\u00e9tence, son art oratoire et\u2026 son charme. Dipl\u00f4m\u00e9e en sciences \u00e9conomiques et politiques de l\u2019universit\u00e9 Panth\u00e9on-Sorbonne, Sarah Knafo a poursuivi ses \u00e9tudes \u00e0 l\u2019ENA (\u00c9cole nationale d\u2019administration), et travaill\u00e9 entre autres \u00e0 l\u2019ambassade de France en Libye, s\u2019int\u00e9ressant aux routes migratoires. Engag\u00e9e ensuite \u00e0 la Direction g\u00e9n\u00e9rale des \u00e9trangers, elle a r\u00e9dig\u00e9 un \u00ab guide pratique \u00bb pour permettre les proc\u00e9dures d\u2019expulsion des immigr\u00e9s clandestins. En 2020, elle est magistrate \u00e0 la Cour des comptes, charg\u00e9e de contr\u00f4ler les comptes annuels de l\u2019\u00c9lys\u00e9e. L\u2019ann\u00e9e suivante, elle prend cong\u00e9 pour travailler sur la campagne \u00e9lectorale d\u2019\u00c9ric Zemmour (dont elle est la compagne), candidat \u00e0 la Pr\u00e9sidence en 2022 avec le nouveau parti Reconqu\u00eate. En 2024, elle est \u00e9lue au Parlement europ\u00e9en en tant que candidate de Reconqu\u00eate, puis devient vice-pr\u00e9sidente du groupe&nbsp; \u00ab Europe des nations souveraines \u00bb. En janvier 2025 elle \u00e9tait pr\u00e9sente \u00e0 la c\u00e9r\u00e9monie d\u2019investiture de Donald Trump \u00e0 Washington. En vue des \u00e9lections pr\u00e9sidentielles fran\u00e7aises de 2027, Sarah Knafo pr\u00f4ne l\u2019union de la droite.<\/p>\n\n\n\n<p>Depuis ses d\u00e9buts en politique, elle milite contre l\u2019islamisation de la France et pour un gel des naturalisations et de l\u2019immigration. \u201cChaque ann\u00e9e, nous accueillons un demi-million d\u2019immigr\u00e9s, pour la plupart originaires de pays musulmans&nbsp;\u00bb, a-t-elle d\u00e9clar\u00e9 sur les plateaux qui daignent l\u2019inviter. \u201cNous devons comprendre qu\u2019il existe aujourd\u2019hui un antis\u00e9mitisme syst\u00e9matique et culturel dans le monde musulman, donc si nous voulons lutter contre l\u2019antis\u00e9mitisme et contre l\u2019islamisation, qui est \u00e9galement la cause d\u2019un racisme anti-Blanc de plus en plus r\u00e9pandu en France, nous devons lutter contre le carburant qui alimente ce ph\u00e9nom\u00e8ne, c\u2019est-\u00e0-dire l\u2019immigration. En effet, nous ne pouvons pas accueillir des centaines de milliers de musulmans chaque ann\u00e9e et leur dire ensuite qu\u2019ils n\u2019ont pas le droit d\u2019appliquer leur religion&nbsp;\u00bb. Sarah Knafo ne veut pas emp\u00eacher les musulmans de pratiquer leur religion en priv\u00e9, mais elle s\u2019oppose \u00e0 leurs pr\u00e9tentions \u00e0 la visibilit\u00e9 dans l\u2019espace public, par exemple avec les pri\u00e8res rituelles dans la rue et la prolif\u00e9ration de v\u00eatements \u00e0 connotation religieuse, comme le voile islamique. Elle estime notamment qu\u2019il est urgent de lutter contre l\u2019organisation islamiste des Fr\u00e8res musulmans en fermant leurs \u00e9coles de formation (par exemple l\u2019institut situ\u00e9 \u00e0 Ch\u00e2teau-Chinon, qui a en fait \u00e9t\u00e9 ferm\u00e9 par d\u00e9cret pr\u00e9sidentiel en septembre dernier), en expulsant les pr\u00e9dicateurs \u00e9trangers, en bloquant les financements en provenance de l\u2019\u00e9tranger, en emp\u00eachant la constitution de listes communautaires et en luttant contre la corruption. La belle et combative repr\u00e9sentante de Reconqu\u00eate estime \u00e9galement qu\u2019il faut expulser les criminels \u00e9trangers et, en ce qui concerne les criminels mineurs, affirme \u201cqu\u2019un jeune qui tue comme un adulte doit \u00eatre jug\u00e9 comme un adulte&nbsp;\u00bb. Une nouvelle \u00e9toile est-elle n\u00e9e dans le firmament politique fran\u00e7ais ?<\/p>\n\n\n\n<p><strong>Collectif N\u00e9m\u00e9sis (FRANCE)<\/strong>&nbsp;\u2013 En octobre 2019, un groupe de jeunes femmes d\u00e9cide de fonder \u00e0 Paris un mouvement f\u00e9ministe et identitaire de droite en opposition au f\u00e9minisme de gauche, qu\u2019elles jugent trop complaisant \u00e0 l\u2019\u00e9gard des islamistes et de l\u2019immigration de masse consid\u00e9r\u00e9e comme un danger pour les femmes occidentales. Le mouvement prend le nom de N\u00e9m\u00e9sis, d\u00e9esse grecque de la justice distributive (qui vise \u00e0 attribuer \u00e0 chacun ce qu\u2019il m\u00e9rite selon ses actes : elle punit les exc\u00e8s, corrige les injustices et r\u00e9tablit l\u2019ordre moral) et de la vengeance. Parmi les fondatrices, Alice Cordier, qui dirige le mouvement depuis lors. Les principaux objectifs du Collectif N\u00e9m\u00e9sis sont de d\u00e9noncer les violences sexuelles perp\u00e9tr\u00e9es \u00e0 l\u2019encontre des femmes par des hommes majoritairement des immigr\u00e9s et demander l\u2019expulsion de tous les \u00e9trangers coupables de viols. \u00c0 ceux qui leur font remarquer que les \u00e9trangers ne sont pas les seuls \u00e0 exercer des violences sur les femmes, elles r\u00e9pondent \u00ab nous avons d\u00e9j\u00e0 assez de violeurs fran\u00e7ais pour en importer d\u2019autres \u00bb et scandent le slogan \u00ab violeurs fran\u00e7ais en prison, violeurs \u00e9trangers dans l\u2019avion \u00bb.<\/p>\n\n\n\n<p>Comme l\u2019indique Le Monde du 22 novembre 2024, le mouvement \u00ab rend les immigr\u00e9s et les musulmans responsables des violences sexuelles. Ses membres ont pris l\u2019habitude de s\u2019infiltrer dans les manifestations de gauche pour y clamer ses slogans \u00bb. En effet, ces jeunes femmes m\u00e8nent leur combat avec beaucoup de courage et de d\u00e9termination, participant \u00e0 leurs risques et p\u00e9rils \u00e0 des manifestations dans diff\u00e9rentes villes de France. Ce n\u2019est pas un hasard si Alice Cordier, 28 ans, a d\u00e9j\u00e0 re\u00e7u des menaces de mort. \u00c0 Lille, par exemple, le 2 septembre 2023, les membres de N\u00e9m\u00e9sis avaient men\u00e9 une s\u00e9rie d\u2019actions pour d\u00e9noncer l\u2019ins\u00e9curit\u00e9 et l\u2019islamisation de la ville. \u00c0 Marseille, le 1er octobre 2022, elles avaient manifest\u00e9 contre le rapatriement en France de dizaines d\u2019\u00e9pouses de djihadistes. \u00c0 Paris, le 13 f\u00e9vrier 2022, elles avaient d\u00e9nonc\u00e9 le client\u00e9lisme islamiste de Val\u00e9rie P\u00e9cresse (pr\u00e9sidente de la r\u00e9gion \u00cele-de-France), lors d\u2019un de ses meetings \u00e9lectoraux en tant que candidate \u00e0 la pr\u00e9sidence de la France.<\/p>\n\n\n\n<p>Le site Internet du mouvement (www.collectif-nemesis.com) se d\u00e9clare contre le voile islamique, consid\u00e9r\u00e9 comme \u00ab un symbole de l\u2019oppression des femmes et du patriarcat islamiste \u00bb, et cite des statistiques \u00e9tayant l\u2019impact de l\u2019immigration massive, en particulier d\u2019origine africaine, sur la s\u00e9curit\u00e9 des femmes. Par exemple, en \u00cele-de-France, 63 % des agressions sexuelles dans les transports en commun sont commises par des \u00e9trangers. Elles d\u00e9noncent en particulier l\u2019inaction de l\u2019\u00c9tat fran\u00e7ais, qui n\u2019expulse pas (ou trop rarement) les \u00e9trangers sous OQTF (concern\u00e9s par la mesure administrative leur intimant une obligation de quitter le territoire fran\u00e7ais) parce qu\u2019ils repr\u00e9sentent une menace pour l\u2019ordre public.<\/p>\n\n\n\n<p><strong>Giorgio Ghiringhelli<\/strong>, Riposte La\u00efque<\/p>\n\n\n\n<p><\/p>\n","protected":false},"excerpt":{"rendered":"<p>Articles : Jan 2026 &#8211; Dec. 2025 &#8211; Nov. 2025 &#8211; Oct. 2025 &#8211;Facebook&nbsp;:&nbsp;https:\/\/www.facebook.com\/profile.php?id=100069673161887 Twitter : https:\/\/twitter.com\/OrtfNews Music 24\/24 : http:\/\/DJMUSIC.fr #webtube : La neuvi\u00e8me \u00e9dition du \u00ab Swiss Stop Islamization Award \u00bb vient d\u2019\u00eatre lanc\u00e9e. Un Prix que j\u2019ai cr\u00e9\u00e9 pour r\u00e9compenser moralement et financi\u00e8rement (2000 francs pour chacun) les personnalit\u00e9s qui, en Suisse &hellip; <a href=\"https:\/\/webtube.fr\/index.php\/2026\/01\/07\/lancement-de-la-9e-edition-swiss-stop-islamization-sarah-knafo-ou-nemesis\/\" class=\"more-link\">Continuer la lecture<span class=\"screen-reader-text\"> de &laquo;&nbsp;. Lancement de la 9e \u00e9dition \u00ab\u00a0Swiss Stop Islamization\u00a0\u00bb : Sarah Knafo ou N\u00e9m\u00e9sis ?&nbsp;&raquo;<\/span><\/a><\/p>\n","protected":false},"author":1,"featured_media":0,"comment_status":"open","ping_status":"open","sticky":false,"template":"","format":"standard","meta":{"_jetpack_memberships_contains_paid_content":false,"footnotes":""},"categories":[1],"tags":[],"class_list":["post-30978","post","type-post","status-publish","format-standard","hentry","category-uncategorized"],"yoast_head":"<!-- This site is optimized with the Yoast SEO plugin v27.3 - https:\/\/yoast.com\/product\/yoast-seo-wordpress\/ -->\n<title>. Lancement de la 9e \u00e9dition \u00ab\u00a0Swiss Stop Islamization\u00a0\u00bb : Sarah Knafo ou N\u00e9m\u00e9sis ? - # WEBTUBE.fr<\/title>\n<meta name=\"robots\" content=\"index, follow, max-snippet:-1, max-image-preview:large, max-video-preview:-1\" \/>\n<link rel=\"canonical\" href=\"https:\/\/webtube.fr\/index.php\/2026\/01\/07\/lancement-de-la-9e-edition-swiss-stop-islamization-sarah-knafo-ou-nemesis\/\" \/>\n<meta property=\"og:locale\" content=\"fr_FR\" \/>\n<meta property=\"og:type\" content=\"article\" \/>\n<meta property=\"og:title\" content=\". Lancement de la 9e \u00e9dition \u00ab\u00a0Swiss Stop Islamization\u00a0\u00bb : Sarah Knafo ou N\u00e9m\u00e9sis ? - # WEBTUBE.fr\" \/>\n<meta property=\"og:description\" content=\"Articles : Jan 2026 &#8211; Dec. 2025 &#8211; Nov. 2025 &#8211; Oct. 2025 &#8211;Facebook&nbsp;:&nbsp;https:\/\/www.facebook.com\/profile.php?id=100069673161887 Twitter : https:\/\/twitter.com\/OrtfNews Music 24\/24 : http:\/\/DJMUSIC.fr #webtube : La neuvi\u00e8me \u00e9dition du \u00ab Swiss Stop Islamization Award \u00bb vient d\u2019\u00eatre lanc\u00e9e. Un Prix que j\u2019ai cr\u00e9\u00e9 pour r\u00e9compenser moralement et financi\u00e8rement (2000 francs pour chacun) les personnalit\u00e9s qui, en Suisse &hellip; Continuer la lecture de &laquo;&nbsp;. Lancement de la 9e \u00e9dition \u00ab\u00a0Swiss Stop Islamization\u00a0\u00bb : Sarah Knafo ou N\u00e9m\u00e9sis ?&nbsp;&raquo;\" \/>\n<meta property=\"og:url\" content=\"https:\/\/webtube.fr\/index.php\/2026\/01\/07\/lancement-de-la-9e-edition-swiss-stop-islamization-sarah-knafo-ou-nemesis\/\" \/>\n<meta property=\"og:site_name\" content=\"# WEBTUBE.fr\" \/>\n<meta property=\"article:publisher\" content=\"https:\/\/www.facebook.com\/profile.php?id=100069673161887\" \/>\n<meta property=\"article:published_time\" content=\"2026-01-07T06:31:52+00:00\" \/>\n<meta property=\"og:image\" content=\"https:\/\/r2.ripostelaique.com\/wp-content\/uploads\/2023\/09\/stopislamisation-1024x576-1.png\" \/>\n<meta name=\"author\" content=\"admin5851\" \/>\n<meta name=\"twitter:card\" content=\"summary_large_image\" \/>\n<meta name=\"twitter:creator\" content=\"@OrtfNews\" \/>\n<meta name=\"twitter:site\" content=\"@OrtfNews\" \/>\n<meta name=\"twitter:label1\" content=\"\u00c9crit par\" \/>\n\t<meta name=\"twitter:data1\" content=\"admin5851\" \/>\n\t<meta name=\"twitter:label2\" content=\"Dur\u00e9e de lecture estim\u00e9e\" \/>\n\t<meta name=\"twitter:data2\" content=\"10 minutes\" \/>\n<script type=\"application\/ld+json\" class=\"yoast-schema-graph\">{\"@context\":\"https:\\\/\\\/schema.org\",\"@graph\":[{\"@type\":\"Article\",\"@id\":\"https:\\\/\\\/webtube.fr\\\/index.php\\\/2026\\\/01\\\/07\\\/lancement-de-la-9e-edition-swiss-stop-islamization-sarah-knafo-ou-nemesis\\\/#article\",\"isPartOf\":{\"@id\":\"https:\\\/\\\/webtube.fr\\\/index.php\\\/2026\\\/01\\\/07\\\/lancement-de-la-9e-edition-swiss-stop-islamization-sarah-knafo-ou-nemesis\\\/\"},\"author\":{\"name\":\"admin5851\",\"@id\":\"https:\\\/\\\/webtube.fr\\\/#\\\/schema\\\/person\\\/dcc633686e0e2a79a6bf7b92c9507618\"},\"headline\":\". Lancement de la 9e \u00e9dition \u00ab\u00a0Swiss Stop Islamization\u00a0\u00bb : Sarah Knafo ou N\u00e9m\u00e9sis ?\",\"datePublished\":\"2026-01-07T06:31:52+00:00\",\"mainEntityOfPage\":{\"@id\":\"https:\\\/\\\/webtube.fr\\\/index.php\\\/2026\\\/01\\\/07\\\/lancement-de-la-9e-edition-swiss-stop-islamization-sarah-knafo-ou-nemesis\\\/\"},\"wordCount\":1968,\"commentCount\":0,\"publisher\":{\"@id\":\"https:\\\/\\\/webtube.fr\\\/#organization\"},\"image\":{\"@id\":\"https:\\\/\\\/webtube.fr\\\/index.php\\\/2026\\\/01\\\/07\\\/lancement-de-la-9e-edition-swiss-stop-islamization-sarah-knafo-ou-nemesis\\\/#primaryimage\"},\"thumbnailUrl\":\"https:\\\/\\\/r2.ripostelaique.com\\\/wp-content\\\/uploads\\\/2023\\\/09\\\/stopislamisation-1024x576-1.png\",\"articleSection\":[\"Uncategorized\"],\"inLanguage\":\"fr-FR\",\"potentialAction\":[{\"@type\":\"CommentAction\",\"name\":\"Comment\",\"target\":[\"https:\\\/\\\/webtube.fr\\\/index.php\\\/2026\\\/01\\\/07\\\/lancement-de-la-9e-edition-swiss-stop-islamization-sarah-knafo-ou-nemesis\\\/#respond\"]}]},{\"@type\":\"WebPage\",\"@id\":\"https:\\\/\\\/webtube.fr\\\/index.php\\\/2026\\\/01\\\/07\\\/lancement-de-la-9e-edition-swiss-stop-islamization-sarah-knafo-ou-nemesis\\\/\",\"url\":\"https:\\\/\\\/webtube.fr\\\/index.php\\\/2026\\\/01\\\/07\\\/lancement-de-la-9e-edition-swiss-stop-islamization-sarah-knafo-ou-nemesis\\\/\",\"name\":\". Lancement de la 9e \u00e9dition \u00ab\u00a0Swiss Stop Islamization\u00a0\u00bb : Sarah Knafo ou N\u00e9m\u00e9sis ? - # WEBTUBE.fr\",\"isPartOf\":{\"@id\":\"https:\\\/\\\/webtube.fr\\\/#website\"},\"primaryImageOfPage\":{\"@id\":\"https:\\\/\\\/webtube.fr\\\/index.php\\\/2026\\\/01\\\/07\\\/lancement-de-la-9e-edition-swiss-stop-islamization-sarah-knafo-ou-nemesis\\\/#primaryimage\"},\"image\":{\"@id\":\"https:\\\/\\\/webtube.fr\\\/index.php\\\/2026\\\/01\\\/07\\\/lancement-de-la-9e-edition-swiss-stop-islamization-sarah-knafo-ou-nemesis\\\/#primaryimage\"},\"thumbnailUrl\":\"https:\\\/\\\/r2.ripostelaique.com\\\/wp-content\\\/uploads\\\/2023\\\/09\\\/stopislamisation-1024x576-1.png\",\"datePublished\":\"2026-01-07T06:31:52+00:00\",\"breadcrumb\":{\"@id\":\"https:\\\/\\\/webtube.fr\\\/index.php\\\/2026\\\/01\\\/07\\\/lancement-de-la-9e-edition-swiss-stop-islamization-sarah-knafo-ou-nemesis\\\/#breadcrumb\"},\"inLanguage\":\"fr-FR\",\"potentialAction\":[{\"@type\":\"ReadAction\",\"target\":[\"https:\\\/\\\/webtube.fr\\\/index.php\\\/2026\\\/01\\\/07\\\/lancement-de-la-9e-edition-swiss-stop-islamization-sarah-knafo-ou-nemesis\\\/\"]}]},{\"@type\":\"ImageObject\",\"inLanguage\":\"fr-FR\",\"@id\":\"https:\\\/\\\/webtube.fr\\\/index.php\\\/2026\\\/01\\\/07\\\/lancement-de-la-9e-edition-swiss-stop-islamization-sarah-knafo-ou-nemesis\\\/#primaryimage\",\"url\":\"https:\\\/\\\/r2.ripostelaique.com\\\/wp-content\\\/uploads\\\/2023\\\/09\\\/stopislamisation-1024x576-1.png\",\"contentUrl\":\"https:\\\/\\\/r2.ripostelaique.com\\\/wp-content\\\/uploads\\\/2023\\\/09\\\/stopislamisation-1024x576-1.png\"},{\"@type\":\"BreadcrumbList\",\"@id\":\"https:\\\/\\\/webtube.fr\\\/index.php\\\/2026\\\/01\\\/07\\\/lancement-de-la-9e-edition-swiss-stop-islamization-sarah-knafo-ou-nemesis\\\/#breadcrumb\",\"itemListElement\":[{\"@type\":\"ListItem\",\"position\":1,\"name\":\"Accueil\",\"item\":\"https:\\\/\\\/webtube.fr\\\/\"},{\"@type\":\"ListItem\",\"position\":2,\"name\":\". Lancement de la 9e \u00e9dition \u00ab\u00a0Swiss Stop Islamization\u00a0\u00bb : Sarah Knafo ou N\u00e9m\u00e9sis ?\"}]},{\"@type\":\"WebSite\",\"@id\":\"https:\\\/\\\/webtube.fr\\\/#website\",\"url\":\"https:\\\/\\\/webtube.fr\\\/\",\"name\":\"WEBTUBE\",\"description\":\"WEBTUBE.fr  Streaming Vid\u00e9o and News , toutes les infos sans filtres !\",\"publisher\":{\"@id\":\"https:\\\/\\\/webtube.fr\\\/#organization\"},\"alternateName\":\"Rutube\",\"potentialAction\":[{\"@type\":\"SearchAction\",\"target\":{\"@type\":\"EntryPoint\",\"urlTemplate\":\"https:\\\/\\\/webtube.fr\\\/?s={search_term_string}\"},\"query-input\":{\"@type\":\"PropertyValueSpecification\",\"valueRequired\":true,\"valueName\":\"search_term_string\"}}],\"inLanguage\":\"fr-FR\"},{\"@type\":\"Organization\",\"@id\":\"https:\\\/\\\/webtube.fr\\\/#organization\",\"name\":\"# WEBTUBE.fr\",\"url\":\"https:\\\/\\\/webtube.fr\\\/\",\"logo\":{\"@type\":\"ImageObject\",\"inLanguage\":\"fr-FR\",\"@id\":\"https:\\\/\\\/webtube.fr\\\/#\\\/schema\\\/logo\\\/image\\\/\",\"url\":\"https:\\\/\\\/webtube.fr\\\/wp-content\\\/uploads\\\/2025\\\/09\\\/cropped-Logo_webtubeIA-1.jpg\",\"contentUrl\":\"https:\\\/\\\/webtube.fr\\\/wp-content\\\/uploads\\\/2025\\\/09\\\/cropped-Logo_webtubeIA-1.jpg\",\"width\":240,\"height\":240,\"caption\":\"# WEBTUBE.fr\"},\"image\":{\"@id\":\"https:\\\/\\\/webtube.fr\\\/#\\\/schema\\\/logo\\\/image\\\/\"},\"sameAs\":[\"https:\\\/\\\/www.facebook.com\\\/profile.php?id=100069673161887\",\"https:\\\/\\\/x.com\\\/OrtfNews\",\"https:\\\/\\\/www.facebook.com\\\/profile.php?id=100013751440523\"]},{\"@type\":\"Person\",\"@id\":\"https:\\\/\\\/webtube.fr\\\/#\\\/schema\\\/person\\\/dcc633686e0e2a79a6bf7b92c9507618\",\"name\":\"admin5851\",\"image\":{\"@type\":\"ImageObject\",\"inLanguage\":\"fr-FR\",\"@id\":\"https:\\\/\\\/secure.gravatar.com\\\/avatar\\\/ea1b672a827879c0febb022a108a871292b3d08fadc66a0a43fa47acfe82e38a?s=96&d=mm&r=g\",\"url\":\"https:\\\/\\\/secure.gravatar.com\\\/avatar\\\/ea1b672a827879c0febb022a108a871292b3d08fadc66a0a43fa47acfe82e38a?s=96&d=mm&r=g\",\"contentUrl\":\"https:\\\/\\\/secure.gravatar.com\\\/avatar\\\/ea1b672a827879c0febb022a108a871292b3d08fadc66a0a43fa47acfe82e38a?s=96&d=mm&r=g\",\"caption\":\"admin5851\"},\"sameAs\":[\"http:\\\/\\\/linlcju.cluster100.hosting.ovh.net\"],\"url\":\"https:\\\/\\\/webtube.fr\\\/index.php\\\/author\\\/admin5851\\\/\"}]}<\/script>\n<!-- \/ Yoast SEO plugin. -->","yoast_head_json":{"title":". Lancement de la 9e \u00e9dition \u00ab\u00a0Swiss Stop Islamization\u00a0\u00bb : Sarah Knafo ou N\u00e9m\u00e9sis ? - # WEBTUBE.fr","robots":{"index":"index","follow":"follow","max-snippet":"max-snippet:-1","max-image-preview":"max-image-preview:large","max-video-preview":"max-video-preview:-1"},"canonical":"https:\/\/webtube.fr\/index.php\/2026\/01\/07\/lancement-de-la-9e-edition-swiss-stop-islamization-sarah-knafo-ou-nemesis\/","og_locale":"fr_FR","og_type":"article","og_title":". Lancement de la 9e \u00e9dition \u00ab\u00a0Swiss Stop Islamization\u00a0\u00bb : Sarah Knafo ou N\u00e9m\u00e9sis ? - # WEBTUBE.fr","og_description":"Articles : Jan 2026 &#8211; Dec. 2025 &#8211; Nov. 2025 &#8211; Oct. 2025 &#8211;Facebook&nbsp;:&nbsp;https:\/\/www.facebook.com\/profile.php?id=100069673161887 Twitter : https:\/\/twitter.com\/OrtfNews Music 24\/24 : http:\/\/DJMUSIC.fr #webtube : La neuvi\u00e8me \u00e9dition du \u00ab Swiss Stop Islamization Award \u00bb vient d\u2019\u00eatre lanc\u00e9e. Un Prix que j\u2019ai cr\u00e9\u00e9 pour r\u00e9compenser moralement et financi\u00e8rement (2000 francs pour chacun) les personnalit\u00e9s qui, en Suisse &hellip; Continuer la lecture de &laquo;&nbsp;. Lancement de la 9e \u00e9dition \u00ab\u00a0Swiss Stop Islamization\u00a0\u00bb : Sarah Knafo ou N\u00e9m\u00e9sis ?&nbsp;&raquo;","og_url":"https:\/\/webtube.fr\/index.php\/2026\/01\/07\/lancement-de-la-9e-edition-swiss-stop-islamization-sarah-knafo-ou-nemesis\/","og_site_name":"# WEBTUBE.fr","article_publisher":"https:\/\/www.facebook.com\/profile.php?id=100069673161887","article_published_time":"2026-01-07T06:31:52+00:00","og_image":[{"url":"https:\/\/r2.ripostelaique.com\/wp-content\/uploads\/2023\/09\/stopislamisation-1024x576-1.png","type":"","width":"","height":""}],"author":"admin5851","twitter_card":"summary_large_image","twitter_creator":"@OrtfNews","twitter_site":"@OrtfNews","twitter_misc":{"\u00c9crit par":"admin5851","Dur\u00e9e de lecture estim\u00e9e":"10 minutes"},"schema":{"@context":"https:\/\/schema.org","@graph":[{"@type":"Article","@id":"https:\/\/webtube.fr\/index.php\/2026\/01\/07\/lancement-de-la-9e-edition-swiss-stop-islamization-sarah-knafo-ou-nemesis\/#article","isPartOf":{"@id":"https:\/\/webtube.fr\/index.php\/2026\/01\/07\/lancement-de-la-9e-edition-swiss-stop-islamization-sarah-knafo-ou-nemesis\/"},"author":{"name":"admin5851","@id":"https:\/\/webtube.fr\/#\/schema\/person\/dcc633686e0e2a79a6bf7b92c9507618"},"headline":". Lancement de la 9e \u00e9dition \u00ab\u00a0Swiss Stop Islamization\u00a0\u00bb : Sarah Knafo ou N\u00e9m\u00e9sis ?","datePublished":"2026-01-07T06:31:52+00:00","mainEntityOfPage":{"@id":"https:\/\/webtube.fr\/index.php\/2026\/01\/07\/lancement-de-la-9e-edition-swiss-stop-islamization-sarah-knafo-ou-nemesis\/"},"wordCount":1968,"commentCount":0,"publisher":{"@id":"https:\/\/webtube.fr\/#organization"},"image":{"@id":"https:\/\/webtube.fr\/index.php\/2026\/01\/07\/lancement-de-la-9e-edition-swiss-stop-islamization-sarah-knafo-ou-nemesis\/#primaryimage"},"thumbnailUrl":"https:\/\/r2.ripostelaique.com\/wp-content\/uploads\/2023\/09\/stopislamisation-1024x576-1.png","articleSection":["Uncategorized"],"inLanguage":"fr-FR","potentialAction":[{"@type":"CommentAction","name":"Comment","target":["https:\/\/webtube.fr\/index.php\/2026\/01\/07\/lancement-de-la-9e-edition-swiss-stop-islamization-sarah-knafo-ou-nemesis\/#respond"]}]},{"@type":"WebPage","@id":"https:\/\/webtube.fr\/index.php\/2026\/01\/07\/lancement-de-la-9e-edition-swiss-stop-islamization-sarah-knafo-ou-nemesis\/","url":"https:\/\/webtube.fr\/index.php\/2026\/01\/07\/lancement-de-la-9e-edition-swiss-stop-islamization-sarah-knafo-ou-nemesis\/","name":". Lancement de la 9e \u00e9dition \u00ab\u00a0Swiss Stop Islamization\u00a0\u00bb : Sarah Knafo ou N\u00e9m\u00e9sis ? - # WEBTUBE.fr","isPartOf":{"@id":"https:\/\/webtube.fr\/#website"},"primaryImageOfPage":{"@id":"https:\/\/webtube.fr\/index.php\/2026\/01\/07\/lancement-de-la-9e-edition-swiss-stop-islamization-sarah-knafo-ou-nemesis\/#primaryimage"},"image":{"@id":"https:\/\/webtube.fr\/index.php\/2026\/01\/07\/lancement-de-la-9e-edition-swiss-stop-islamization-sarah-knafo-ou-nemesis\/#primaryimage"},"thumbnailUrl":"https:\/\/r2.ripostelaique.com\/wp-content\/uploads\/2023\/09\/stopislamisation-1024x576-1.png","datePublished":"2026-01-07T06:31:52+00:00","breadcrumb":{"@id":"https:\/\/webtube.fr\/index.php\/2026\/01\/07\/lancement-de-la-9e-edition-swiss-stop-islamization-sarah-knafo-ou-nemesis\/#breadcrumb"},"inLanguage":"fr-FR","potentialAction":[{"@type":"ReadAction","target":["https:\/\/webtube.fr\/index.php\/2026\/01\/07\/lancement-de-la-9e-edition-swiss-stop-islamization-sarah-knafo-ou-nemesis\/"]}]},{"@type":"ImageObject","inLanguage":"fr-FR","@id":"https:\/\/webtube.fr\/index.php\/2026\/01\/07\/lancement-de-la-9e-edition-swiss-stop-islamization-sarah-knafo-ou-nemesis\/#primaryimage","url":"https:\/\/r2.ripostelaique.com\/wp-content\/uploads\/2023\/09\/stopislamisation-1024x576-1.png","contentUrl":"https:\/\/r2.ripostelaique.com\/wp-content\/uploads\/2023\/09\/stopislamisation-1024x576-1.png"},{"@type":"BreadcrumbList","@id":"https:\/\/webtube.fr\/index.php\/2026\/01\/07\/lancement-de-la-9e-edition-swiss-stop-islamization-sarah-knafo-ou-nemesis\/#breadcrumb","itemListElement":[{"@type":"ListItem","position":1,"name":"Accueil","item":"https:\/\/webtube.fr\/"},{"@type":"ListItem","position":2,"name":". Lancement de la 9e \u00e9dition \u00ab\u00a0Swiss Stop Islamization\u00a0\u00bb : Sarah Knafo ou N\u00e9m\u00e9sis ?"}]},{"@type":"WebSite","@id":"https:\/\/webtube.fr\/#website","url":"https:\/\/webtube.fr\/","name":"WEBTUBE","description":"WEBTUBE.fr  Streaming Vid\u00e9o and News , toutes les infos sans filtres !","publisher":{"@id":"https:\/\/webtube.fr\/#organization"},"alternateName":"Rutube","potentialAction":[{"@type":"SearchAction","target":{"@type":"EntryPoint","urlTemplate":"https:\/\/webtube.fr\/?s={search_term_string}"},"query-input":{"@type":"PropertyValueSpecification","valueRequired":true,"valueName":"search_term_string"}}],"inLanguage":"fr-FR"},{"@type":"Organization","@id":"https:\/\/webtube.fr\/#organization","name":"# WEBTUBE.fr","url":"https:\/\/webtube.fr\/","logo":{"@type":"ImageObject","inLanguage":"fr-FR","@id":"https:\/\/webtube.fr\/#\/schema\/logo\/image\/","url":"https:\/\/webtube.fr\/wp-content\/uploads\/2025\/09\/cropped-Logo_webtubeIA-1.jpg","contentUrl":"https:\/\/webtube.fr\/wp-content\/uploads\/2025\/09\/cropped-Logo_webtubeIA-1.jpg","width":240,"height":240,"caption":"# WEBTUBE.fr"},"image":{"@id":"https:\/\/webtube.fr\/#\/schema\/logo\/image\/"},"sameAs":["https:\/\/www.facebook.com\/profile.php?id=100069673161887","https:\/\/x.com\/OrtfNews","https:\/\/www.facebook.com\/profile.php?id=100013751440523"]},{"@type":"Person","@id":"https:\/\/webtube.fr\/#\/schema\/person\/dcc633686e0e2a79a6bf7b92c9507618","name":"admin5851","image":{"@type":"ImageObject","inLanguage":"fr-FR","@id":"https:\/\/secure.gravatar.com\/avatar\/ea1b672a827879c0febb022a108a871292b3d08fadc66a0a43fa47acfe82e38a?s=96&d=mm&r=g","url":"https:\/\/secure.gravatar.com\/avatar\/ea1b672a827879c0febb022a108a871292b3d08fadc66a0a43fa47acfe82e38a?s=96&d=mm&r=g","contentUrl":"https:\/\/secure.gravatar.com\/avatar\/ea1b672a827879c0febb022a108a871292b3d08fadc66a0a43fa47acfe82e38a?s=96&d=mm&r=g","caption":"admin5851"},"sameAs":["http:\/\/linlcju.cluster100.hosting.ovh.net"],"url":"https:\/\/webtube.fr\/index.php\/author\/admin5851\/"}]}},"jetpack_featured_media_url":"","jetpack_sharing_enabled":true,"_links":{"self":[{"href":"https:\/\/webtube.fr\/index.php\/wp-json\/wp\/v2\/posts\/30978","targetHints":{"allow":["GET"]}}],"collection":[{"href":"https:\/\/webtube.fr\/index.php\/wp-json\/wp\/v2\/posts"}],"about":[{"href":"https:\/\/webtube.fr\/index.php\/wp-json\/wp\/v2\/types\/post"}],"author":[{"embeddable":true,"href":"https:\/\/webtube.fr\/index.php\/wp-json\/wp\/v2\/users\/1"}],"replies":[{"embeddable":true,"href":"https:\/\/webtube.fr\/index.php\/wp-json\/wp\/v2\/comments?post=30978"}],"version-history":[{"count":1,"href":"https:\/\/webtube.fr\/index.php\/wp-json\/wp\/v2\/posts\/30978\/revisions"}],"predecessor-version":[{"id":30979,"href":"https:\/\/webtube.fr\/index.php\/wp-json\/wp\/v2\/posts\/30978\/revisions\/30979"}],"wp:attachment":[{"href":"https:\/\/webtube.fr\/index.php\/wp-json\/wp\/v2\/media?parent=30978"}],"wp:term":[{"taxonomy":"category","embeddable":true,"href":"https:\/\/webtube.fr\/index.php\/wp-json\/wp\/v2\/categories?post=30978"},{"taxonomy":"post_tag","embeddable":true,"href":"https:\/\/webtube.fr\/index.php\/wp-json\/wp\/v2\/tags?post=30978"}],"curies":[{"name":"wp","href":"https:\/\/api.w.org\/{rel}","templated":true}]}}