{"id":30976,"date":"2026-01-07T06:23:04","date_gmt":"2026-01-07T06:23:04","guid":{"rendered":"https:\/\/webtube.fr\/?p=30976"},"modified":"2026-01-07T06:23:04","modified_gmt":"2026-01-07T06:23:04","slug":"enseignante-agressee-le-prenom-quon-na-pas-le-droit-de-connaitre","status":"publish","type":"post","link":"https:\/\/webtube.fr\/index.php\/2026\/01\/07\/enseignante-agressee-le-prenom-quon-na-pas-le-droit-de-connaitre\/","title":{"rendered":". Enseignante agress\u00e9e : le pr\u00e9nom qu\u2019on n\u2019a pas le droit de conna\u00eetre"},"content":{"rendered":"\n<p>Articles : <a href=\"https:\/\/webtube.fr\/index.php\/2026\/01\/\" target=\"_blank\" rel=\"noreferrer noopener\">Jan 2026<\/a> &#8211; <a href=\"https:\/\/webtube.fr\/index.php\/2025\/12\/\" target=\"_blank\" rel=\"noreferrer noopener\">Dec. 2025<\/a> &#8211; <a href=\"https:\/\/webtube.fr\/index.php\/2025\/11\/\">Nov. 2025<\/a> &#8211; <a href=\"https:\/\/webtube.fr\/index.php\/2025\/10\/\" target=\"_blank\" rel=\"noreferrer noopener\">Oct. 2025<\/a> &#8211;<br>Facebook&nbsp;:&nbsp;<a href=\"https:\/\/www.facebook.com\/profile.php?id=100069673161887\">https:\/\/www.facebook.com\/profile.php?id=100069673161887<\/a> Twitter : <a href=\"https:\/\/twitter.com\/OrtfNews\" target=\"_blank\" rel=\"noreferrer noopener\">https:\/\/twitter.com\/OrtfNews<\/a> Music 24\/24 : <a href=\"http:\/\/DJMUSIC.fr\/\" target=\"_blank\" rel=\"noreferrer noopener\">http:\/\/DJMUSIC.fr<\/a><\/p>\n\n\n\n<figure class=\"wp-block-image size-large\"><a href=\"http:\/\/weboomedia.free.fr\/ORTF\/php\/\" target=\"_blank\" rel=\" noreferrer noopener\"><img decoding=\"async\" src=\"https:\/\/r2.ripostelaique.com\/wp-content\/uploads\/2026\/01\/file_0000000008d47246a859cfda554439ca.png\" alt=\"\"\/><\/a><\/figure>\n\n\n\n<p><strong>#webtube<\/strong> : <em>Une enseignante agress\u00e9e par une \u00e9l\u00e8ve exclue de son \u00e9tablissement, dans le XVe arrondissement de Paris. Les faits sont \u00e9tablis, document\u00e9s, rapport\u00e9s sans contestation possible. Une adulte charg\u00e9e de transmettre, frapp\u00e9e par une mineure que l\u2019institution venait pr\u00e9cis\u00e9ment de sanctionner. Le symbole est total.<\/em><\/p>\n\n\n\n<p>Ce qui frappe imm\u00e9diatement, au-del\u00e0 de la violence elle-m\u00eame, c\u2019est le traitement narratif du fait divers. Tout est dit sur la victime, sa fonction, son exposition, sa peur, le climat de tension permanent dans les conseils de discipline. Et presque rien sur l\u2019agresseuse. Pas de pr\u00e9nom. Pas de contexte personnel. Pas de trajectoire. Un effacement m\u00e9thodique.<\/p>\n\n\n\n<p>Ce silence n\u2019est ni un oubli, ni une pr\u00e9caution neutre. Il est une d\u00e9cision. Administrative, politique, id\u00e9ologique. Dans d\u2019autres affaires, parfois bien moins graves, les pr\u00e9noms circulent imm\u00e9diatement, deviennent un \u00e9l\u00e9ment central du r\u00e9cit m\u00e9diatique, un marqueur moral. Ici, non. Ici, le non-dit est organis\u00e9.<\/p>\n\n\n\n<p>Comme si l\u2019identit\u00e9 de l\u2019agresseur devait \u00eatre prot\u00e9g\u00e9e plus soigneusement que l\u2019int\u00e9grit\u00e9 de celle qui enseigne. Comme si nommer devenait une faute plus grave que frapper. Ce choix \u00e9ditorial n\u2019est pas isol\u00e9. Il s\u2019inscrit dans une logique d\u00e9sormais bien rod\u00e9e o\u00f9 l\u2019institution pr\u00e9f\u00e8re neutraliser l\u2019information plut\u00f4t que d\u2019assumer ses cons\u00e9quences.<\/p>\n\n\n\n<p>L\u2019anonymat n\u2019est plus un principe juridique appliqu\u00e9 avec coh\u00e9rence. Il est devenu un outil de gestion id\u00e9ologique du r\u00e9el. On anonymise quand le r\u00e9el d\u00e9range, on pr\u00e9cise quand il conforte le r\u00e9cit dominant. Ce n\u2019est pas la protection de la mineure qui est en jeu ici, car celle-ci aurait pu \u00eatre assur\u00e9e sans cette opacit\u00e9 totale. C\u2019est la protection d\u2019un syst\u00e8me qui ne veut plus regarder certaines r\u00e9alit\u00e9s en face.<\/p>\n\n\n\n<p>Le pr\u00e9nom absent n\u2019est pas une donn\u00e9e manquante. C\u2019est une information en soi. Il dit la peur de nommer, donc la peur d\u2019expliquer, donc la peur de tirer les cons\u00e9quences politiques, \u00e9ducatives et s\u00e9curitaires de ce qui se passe aujourd\u2019hui dans certains \u00e9tablissements scolaires. Pendant que l\u2019institution se tait, ce sont les enseignants qui encaissent, seuls, sans pouvoir m\u00eame d\u00e9crire compl\u00e8tement la violence qu\u2019ils subissent.<\/p>\n\n\n\n<p>Ce m\u00e9canisme du non-dit n\u2019est pas une d\u00e9rive marginale. Il est devenu une m\u00e9thode de gouvernement de l\u2019\u00e9cole. L\u2019\u00c9ducation nationale ne g\u00e8re plus des conflits, elle g\u00e8re des narratifs. Les conseils de discipline, cens\u00e9s \u00eatre des espaces de r\u00e9gulation et d\u2019autorit\u00e9, sont aujourd\u2019hui d\u00e9crits par les personnels eux-m\u00eames comme des moments de tension extr\u00eame, parfois de peur physique.<\/p>\n\n\n\n<p>Ce renversement est fondamental. L\u2019institution qui devait prot\u00e9ger ceux qui incarnent l\u2019autorit\u00e9 s\u2019est progressivement mise \u00e0 prot\u00e9ger l\u2019autorit\u00e9 abstraite de son propre discours. Il ne faut pas faire de vagues. Il ne faut pas cr\u00e9er de pol\u00e9mique. Il ne faut surtout pas produire d\u2019informations qui pourraient nourrir un d\u00e9bat interdit.<\/p>\n\n\n\n<p>Alors on \u00e9dulcore. On anonymise. On d\u00e9contextualise. On transforme un acte de violence en incident administratif. On d\u00e9politise par le silence ce qui est pourtant \u00e9minemment politique. L\u2019agression de cette enseignante n\u2019est pas un fait isol\u00e9. Elle est le produit d\u2019un empilement de renoncements.<\/p>\n\n\n\n<p>Renoncement \u00e0 sanctionner clairement en amont. Renoncement \u00e0 assumer l\u2019exclusion comme une mesure de protection collective. Renoncement enfin \u00e0 dire les choses une fois que la violence \u00e9clate. Dans ce sch\u00e9ma, l\u2019\u00e9l\u00e8ve agresseuse devient paradoxalement l\u2019objet principal de la sollicitude institutionnelle, tandis que l\u2019enseignante agress\u00e9e est somm\u00e9e de faire preuve de r\u00e9silience, de compr\u00e9hension, parfois m\u00eame de discr\u00e9tion.<\/p>\n\n\n\n<p>Le message implicite est limpide. L\u2019ordre scolaire ne doit pas \u00eatre d\u00e9fendu s\u2019il risque de mettre en lumi\u00e8re ses propres \u00e9checs. Le non-dit prot\u00e8ge toujours le m\u00eame camp parce qu\u2019il prot\u00e8ge une id\u00e9ologie qui refuse de reconna\u00eetre que certaines politiques \u00e9ducatives produisent de l\u2019ins\u00e9curit\u00e9 concr\u00e8te.<\/p>\n\n\n\n<p>Il n\u2019y a donc pas de pr\u00e9nom, et ce n\u2019est pas une pr\u00e9caution. C\u2019est une ligne politique. Quand une enseignante est agress\u00e9e et que l\u2019institution choisit d\u2019effacer l\u2019agresseur du r\u00e9cit, elle fait un choix clair : celui de prot\u00e9ger un discours plut\u00f4t que des corps.<\/p>\n\n\n\n<p>Ce silence n\u2019apaise rien. Il organise l\u2019impunit\u00e9 symbolique. Il dit aux enseignants qu\u2019ils peuvent \u00eatre frapp\u00e9s, mais ne pas nommer. Il dit aux \u00e9l\u00e8ves violents que l\u2019acte sera dilu\u00e9, relativis\u00e9, absorb\u00e9 par l\u2019administration.<\/p>\n\n\n\n<p>\u00c0 ce stade, l\u2019absence de pr\u00e9nom n\u2019est plus un d\u00e9tail journalistique. C\u2019est la preuve d\u2019une faillite morale et institutionnelle. Une \u00e9cole qui ne nomme plus ce qui la frappe est une \u00e9cole qui a d\u00e9j\u00e0 renonc\u00e9 \u00e0 se d\u00e9fendre.<\/p>\n\n\n\n<p><strong>J\u00e9r\u00f4me Vigu\u00e8s<\/strong>, Riposte La\u00efque<\/p>\n\n\n\n<p><\/p>\n","protected":false},"excerpt":{"rendered":"<p>Articles : Jan 2026 &#8211; Dec. 2025 &#8211; Nov. 2025 &#8211; Oct. 2025 &#8211;Facebook&nbsp;:&nbsp;https:\/\/www.facebook.com\/profile.php?id=100069673161887 Twitter : https:\/\/twitter.com\/OrtfNews Music 24\/24 : http:\/\/DJMUSIC.fr #webtube : Une enseignante agress\u00e9e par une \u00e9l\u00e8ve exclue de son \u00e9tablissement, dans le XVe arrondissement de Paris. Les faits sont \u00e9tablis, document\u00e9s, rapport\u00e9s sans contestation possible. Une adulte charg\u00e9e de transmettre, frapp\u00e9e par &hellip; <a href=\"https:\/\/webtube.fr\/index.php\/2026\/01\/07\/enseignante-agressee-le-prenom-quon-na-pas-le-droit-de-connaitre\/\" class=\"more-link\">Continuer la lecture<span class=\"screen-reader-text\"> de &laquo;&nbsp;. Enseignante agress\u00e9e : le pr\u00e9nom qu\u2019on n\u2019a pas le droit de conna\u00eetre&nbsp;&raquo;<\/span><\/a><\/p>\n","protected":false},"author":1,"featured_media":0,"comment_status":"open","ping_status":"open","sticky":false,"template":"","format":"standard","meta":{"_jetpack_memberships_contains_paid_content":false,"footnotes":""},"categories":[1],"tags":[],"class_list":["post-30976","post","type-post","status-publish","format-standard","hentry","category-uncategorized"],"yoast_head":"<!-- This site is optimized with the Yoast SEO plugin v27.3 - https:\/\/yoast.com\/product\/yoast-seo-wordpress\/ -->\n<title>. Enseignante agress\u00e9e : le pr\u00e9nom qu\u2019on n\u2019a pas le droit de conna\u00eetre - # WEBTUBE.fr<\/title>\n<meta name=\"robots\" content=\"index, follow, max-snippet:-1, max-image-preview:large, max-video-preview:-1\" \/>\n<link rel=\"canonical\" href=\"https:\/\/webtube.fr\/index.php\/2026\/01\/07\/enseignante-agressee-le-prenom-quon-na-pas-le-droit-de-connaitre\/\" \/>\n<meta property=\"og:locale\" content=\"fr_FR\" \/>\n<meta property=\"og:type\" content=\"article\" \/>\n<meta property=\"og:title\" content=\". Enseignante agress\u00e9e : le pr\u00e9nom qu\u2019on n\u2019a pas le droit de conna\u00eetre - # WEBTUBE.fr\" \/>\n<meta property=\"og:description\" content=\"Articles : Jan 2026 &#8211; Dec. 2025 &#8211; Nov. 2025 &#8211; Oct. 2025 &#8211;Facebook&nbsp;:&nbsp;https:\/\/www.facebook.com\/profile.php?id=100069673161887 Twitter : https:\/\/twitter.com\/OrtfNews Music 24\/24 : http:\/\/DJMUSIC.fr #webtube : Une enseignante agress\u00e9e par une \u00e9l\u00e8ve exclue de son \u00e9tablissement, dans le XVe arrondissement de Paris. Les faits sont \u00e9tablis, document\u00e9s, rapport\u00e9s sans contestation possible. Une adulte charg\u00e9e de transmettre, frapp\u00e9e par &hellip; Continuer la lecture de &laquo;&nbsp;. Enseignante agress\u00e9e : le pr\u00e9nom qu\u2019on n\u2019a pas le droit de conna\u00eetre&nbsp;&raquo;\" \/>\n<meta property=\"og:url\" content=\"https:\/\/webtube.fr\/index.php\/2026\/01\/07\/enseignante-agressee-le-prenom-quon-na-pas-le-droit-de-connaitre\/\" \/>\n<meta property=\"og:site_name\" content=\"# WEBTUBE.fr\" \/>\n<meta property=\"article:publisher\" content=\"https:\/\/www.facebook.com\/profile.php?id=100069673161887\" \/>\n<meta property=\"article:published_time\" content=\"2026-01-07T06:23:04+00:00\" \/>\n<meta property=\"og:image\" content=\"https:\/\/r2.ripostelaique.com\/wp-content\/uploads\/2026\/01\/file_0000000008d47246a859cfda554439ca.png\" \/>\n<meta name=\"author\" content=\"admin5851\" \/>\n<meta name=\"twitter:card\" content=\"summary_large_image\" \/>\n<meta name=\"twitter:creator\" content=\"@OrtfNews\" \/>\n<meta name=\"twitter:site\" content=\"@OrtfNews\" \/>\n<meta name=\"twitter:label1\" content=\"\u00c9crit par\" \/>\n\t<meta name=\"twitter:data1\" content=\"admin5851\" \/>\n\t<meta name=\"twitter:label2\" content=\"Dur\u00e9e de lecture estim\u00e9e\" \/>\n\t<meta name=\"twitter:data2\" content=\"4 minutes\" \/>\n<script type=\"application\/ld+json\" class=\"yoast-schema-graph\">{\"@context\":\"https:\\\/\\\/schema.org\",\"@graph\":[{\"@type\":\"Article\",\"@id\":\"https:\\\/\\\/webtube.fr\\\/index.php\\\/2026\\\/01\\\/07\\\/enseignante-agressee-le-prenom-quon-na-pas-le-droit-de-connaitre\\\/#article\",\"isPartOf\":{\"@id\":\"https:\\\/\\\/webtube.fr\\\/index.php\\\/2026\\\/01\\\/07\\\/enseignante-agressee-le-prenom-quon-na-pas-le-droit-de-connaitre\\\/\"},\"author\":{\"name\":\"admin5851\",\"@id\":\"https:\\\/\\\/webtube.fr\\\/#\\\/schema\\\/person\\\/dcc633686e0e2a79a6bf7b92c9507618\"},\"headline\":\". Enseignante agress\u00e9e : le pr\u00e9nom qu\u2019on n\u2019a pas le droit de conna\u00eetre\",\"datePublished\":\"2026-01-07T06:23:04+00:00\",\"mainEntityOfPage\":{\"@id\":\"https:\\\/\\\/webtube.fr\\\/index.php\\\/2026\\\/01\\\/07\\\/enseignante-agressee-le-prenom-quon-na-pas-le-droit-de-connaitre\\\/\"},\"wordCount\":900,\"commentCount\":0,\"publisher\":{\"@id\":\"https:\\\/\\\/webtube.fr\\\/#organization\"},\"image\":{\"@id\":\"https:\\\/\\\/webtube.fr\\\/index.php\\\/2026\\\/01\\\/07\\\/enseignante-agressee-le-prenom-quon-na-pas-le-droit-de-connaitre\\\/#primaryimage\"},\"thumbnailUrl\":\"https:\\\/\\\/r2.ripostelaique.com\\\/wp-content\\\/uploads\\\/2026\\\/01\\\/file_0000000008d47246a859cfda554439ca.png\",\"articleSection\":[\"Uncategorized\"],\"inLanguage\":\"fr-FR\",\"potentialAction\":[{\"@type\":\"CommentAction\",\"name\":\"Comment\",\"target\":[\"https:\\\/\\\/webtube.fr\\\/index.php\\\/2026\\\/01\\\/07\\\/enseignante-agressee-le-prenom-quon-na-pas-le-droit-de-connaitre\\\/#respond\"]}]},{\"@type\":\"WebPage\",\"@id\":\"https:\\\/\\\/webtube.fr\\\/index.php\\\/2026\\\/01\\\/07\\\/enseignante-agressee-le-prenom-quon-na-pas-le-droit-de-connaitre\\\/\",\"url\":\"https:\\\/\\\/webtube.fr\\\/index.php\\\/2026\\\/01\\\/07\\\/enseignante-agressee-le-prenom-quon-na-pas-le-droit-de-connaitre\\\/\",\"name\":\". Enseignante agress\u00e9e : le pr\u00e9nom qu\u2019on n\u2019a pas le droit de conna\u00eetre - # WEBTUBE.fr\",\"isPartOf\":{\"@id\":\"https:\\\/\\\/webtube.fr\\\/#website\"},\"primaryImageOfPage\":{\"@id\":\"https:\\\/\\\/webtube.fr\\\/index.php\\\/2026\\\/01\\\/07\\\/enseignante-agressee-le-prenom-quon-na-pas-le-droit-de-connaitre\\\/#primaryimage\"},\"image\":{\"@id\":\"https:\\\/\\\/webtube.fr\\\/index.php\\\/2026\\\/01\\\/07\\\/enseignante-agressee-le-prenom-quon-na-pas-le-droit-de-connaitre\\\/#primaryimage\"},\"thumbnailUrl\":\"https:\\\/\\\/r2.ripostelaique.com\\\/wp-content\\\/uploads\\\/2026\\\/01\\\/file_0000000008d47246a859cfda554439ca.png\",\"datePublished\":\"2026-01-07T06:23:04+00:00\",\"breadcrumb\":{\"@id\":\"https:\\\/\\\/webtube.fr\\\/index.php\\\/2026\\\/01\\\/07\\\/enseignante-agressee-le-prenom-quon-na-pas-le-droit-de-connaitre\\\/#breadcrumb\"},\"inLanguage\":\"fr-FR\",\"potentialAction\":[{\"@type\":\"ReadAction\",\"target\":[\"https:\\\/\\\/webtube.fr\\\/index.php\\\/2026\\\/01\\\/07\\\/enseignante-agressee-le-prenom-quon-na-pas-le-droit-de-connaitre\\\/\"]}]},{\"@type\":\"ImageObject\",\"inLanguage\":\"fr-FR\",\"@id\":\"https:\\\/\\\/webtube.fr\\\/index.php\\\/2026\\\/01\\\/07\\\/enseignante-agressee-le-prenom-quon-na-pas-le-droit-de-connaitre\\\/#primaryimage\",\"url\":\"https:\\\/\\\/r2.ripostelaique.com\\\/wp-content\\\/uploads\\\/2026\\\/01\\\/file_0000000008d47246a859cfda554439ca.png\",\"contentUrl\":\"https:\\\/\\\/r2.ripostelaique.com\\\/wp-content\\\/uploads\\\/2026\\\/01\\\/file_0000000008d47246a859cfda554439ca.png\"},{\"@type\":\"BreadcrumbList\",\"@id\":\"https:\\\/\\\/webtube.fr\\\/index.php\\\/2026\\\/01\\\/07\\\/enseignante-agressee-le-prenom-quon-na-pas-le-droit-de-connaitre\\\/#breadcrumb\",\"itemListElement\":[{\"@type\":\"ListItem\",\"position\":1,\"name\":\"Accueil\",\"item\":\"https:\\\/\\\/webtube.fr\\\/\"},{\"@type\":\"ListItem\",\"position\":2,\"name\":\". Enseignante agress\u00e9e : le pr\u00e9nom qu\u2019on n\u2019a pas le droit de conna\u00eetre\"}]},{\"@type\":\"WebSite\",\"@id\":\"https:\\\/\\\/webtube.fr\\\/#website\",\"url\":\"https:\\\/\\\/webtube.fr\\\/\",\"name\":\"WEBTUBE\",\"description\":\"WEBTUBE.fr  Streaming Vid\u00e9o and News , toutes les infos sans filtres !\",\"publisher\":{\"@id\":\"https:\\\/\\\/webtube.fr\\\/#organization\"},\"alternateName\":\"Rutube\",\"potentialAction\":[{\"@type\":\"SearchAction\",\"target\":{\"@type\":\"EntryPoint\",\"urlTemplate\":\"https:\\\/\\\/webtube.fr\\\/?s={search_term_string}\"},\"query-input\":{\"@type\":\"PropertyValueSpecification\",\"valueRequired\":true,\"valueName\":\"search_term_string\"}}],\"inLanguage\":\"fr-FR\"},{\"@type\":\"Organization\",\"@id\":\"https:\\\/\\\/webtube.fr\\\/#organization\",\"name\":\"# WEBTUBE.fr\",\"url\":\"https:\\\/\\\/webtube.fr\\\/\",\"logo\":{\"@type\":\"ImageObject\",\"inLanguage\":\"fr-FR\",\"@id\":\"https:\\\/\\\/webtube.fr\\\/#\\\/schema\\\/logo\\\/image\\\/\",\"url\":\"https:\\\/\\\/webtube.fr\\\/wp-content\\\/uploads\\\/2025\\\/09\\\/cropped-Logo_webtubeIA-1.jpg\",\"contentUrl\":\"https:\\\/\\\/webtube.fr\\\/wp-content\\\/uploads\\\/2025\\\/09\\\/cropped-Logo_webtubeIA-1.jpg\",\"width\":240,\"height\":240,\"caption\":\"# WEBTUBE.fr\"},\"image\":{\"@id\":\"https:\\\/\\\/webtube.fr\\\/#\\\/schema\\\/logo\\\/image\\\/\"},\"sameAs\":[\"https:\\\/\\\/www.facebook.com\\\/profile.php?id=100069673161887\",\"https:\\\/\\\/x.com\\\/OrtfNews\",\"https:\\\/\\\/www.facebook.com\\\/profile.php?id=100013751440523\"]},{\"@type\":\"Person\",\"@id\":\"https:\\\/\\\/webtube.fr\\\/#\\\/schema\\\/person\\\/dcc633686e0e2a79a6bf7b92c9507618\",\"name\":\"admin5851\",\"image\":{\"@type\":\"ImageObject\",\"inLanguage\":\"fr-FR\",\"@id\":\"https:\\\/\\\/secure.gravatar.com\\\/avatar\\\/ea1b672a827879c0febb022a108a871292b3d08fadc66a0a43fa47acfe82e38a?s=96&d=mm&r=g\",\"url\":\"https:\\\/\\\/secure.gravatar.com\\\/avatar\\\/ea1b672a827879c0febb022a108a871292b3d08fadc66a0a43fa47acfe82e38a?s=96&d=mm&r=g\",\"contentUrl\":\"https:\\\/\\\/secure.gravatar.com\\\/avatar\\\/ea1b672a827879c0febb022a108a871292b3d08fadc66a0a43fa47acfe82e38a?s=96&d=mm&r=g\",\"caption\":\"admin5851\"},\"sameAs\":[\"http:\\\/\\\/linlcju.cluster100.hosting.ovh.net\"],\"url\":\"https:\\\/\\\/webtube.fr\\\/index.php\\\/author\\\/admin5851\\\/\"}]}<\/script>\n<!-- \/ Yoast SEO plugin. -->","yoast_head_json":{"title":". Enseignante agress\u00e9e : le pr\u00e9nom qu\u2019on n\u2019a pas le droit de conna\u00eetre - # WEBTUBE.fr","robots":{"index":"index","follow":"follow","max-snippet":"max-snippet:-1","max-image-preview":"max-image-preview:large","max-video-preview":"max-video-preview:-1"},"canonical":"https:\/\/webtube.fr\/index.php\/2026\/01\/07\/enseignante-agressee-le-prenom-quon-na-pas-le-droit-de-connaitre\/","og_locale":"fr_FR","og_type":"article","og_title":". Enseignante agress\u00e9e : le pr\u00e9nom qu\u2019on n\u2019a pas le droit de conna\u00eetre - # WEBTUBE.fr","og_description":"Articles : Jan 2026 &#8211; Dec. 2025 &#8211; Nov. 2025 &#8211; Oct. 2025 &#8211;Facebook&nbsp;:&nbsp;https:\/\/www.facebook.com\/profile.php?id=100069673161887 Twitter : https:\/\/twitter.com\/OrtfNews Music 24\/24 : http:\/\/DJMUSIC.fr #webtube : Une enseignante agress\u00e9e par une \u00e9l\u00e8ve exclue de son \u00e9tablissement, dans le XVe arrondissement de Paris. Les faits sont \u00e9tablis, document\u00e9s, rapport\u00e9s sans contestation possible. Une adulte charg\u00e9e de transmettre, frapp\u00e9e par &hellip; Continuer la lecture de &laquo;&nbsp;. Enseignante agress\u00e9e : le pr\u00e9nom qu\u2019on n\u2019a pas le droit de conna\u00eetre&nbsp;&raquo;","og_url":"https:\/\/webtube.fr\/index.php\/2026\/01\/07\/enseignante-agressee-le-prenom-quon-na-pas-le-droit-de-connaitre\/","og_site_name":"# WEBTUBE.fr","article_publisher":"https:\/\/www.facebook.com\/profile.php?id=100069673161887","article_published_time":"2026-01-07T06:23:04+00:00","og_image":[{"url":"https:\/\/r2.ripostelaique.com\/wp-content\/uploads\/2026\/01\/file_0000000008d47246a859cfda554439ca.png","type":"","width":"","height":""}],"author":"admin5851","twitter_card":"summary_large_image","twitter_creator":"@OrtfNews","twitter_site":"@OrtfNews","twitter_misc":{"\u00c9crit par":"admin5851","Dur\u00e9e de lecture estim\u00e9e":"4 minutes"},"schema":{"@context":"https:\/\/schema.org","@graph":[{"@type":"Article","@id":"https:\/\/webtube.fr\/index.php\/2026\/01\/07\/enseignante-agressee-le-prenom-quon-na-pas-le-droit-de-connaitre\/#article","isPartOf":{"@id":"https:\/\/webtube.fr\/index.php\/2026\/01\/07\/enseignante-agressee-le-prenom-quon-na-pas-le-droit-de-connaitre\/"},"author":{"name":"admin5851","@id":"https:\/\/webtube.fr\/#\/schema\/person\/dcc633686e0e2a79a6bf7b92c9507618"},"headline":". Enseignante agress\u00e9e : le pr\u00e9nom qu\u2019on n\u2019a pas le droit de conna\u00eetre","datePublished":"2026-01-07T06:23:04+00:00","mainEntityOfPage":{"@id":"https:\/\/webtube.fr\/index.php\/2026\/01\/07\/enseignante-agressee-le-prenom-quon-na-pas-le-droit-de-connaitre\/"},"wordCount":900,"commentCount":0,"publisher":{"@id":"https:\/\/webtube.fr\/#organization"},"image":{"@id":"https:\/\/webtube.fr\/index.php\/2026\/01\/07\/enseignante-agressee-le-prenom-quon-na-pas-le-droit-de-connaitre\/#primaryimage"},"thumbnailUrl":"https:\/\/r2.ripostelaique.com\/wp-content\/uploads\/2026\/01\/file_0000000008d47246a859cfda554439ca.png","articleSection":["Uncategorized"],"inLanguage":"fr-FR","potentialAction":[{"@type":"CommentAction","name":"Comment","target":["https:\/\/webtube.fr\/index.php\/2026\/01\/07\/enseignante-agressee-le-prenom-quon-na-pas-le-droit-de-connaitre\/#respond"]}]},{"@type":"WebPage","@id":"https:\/\/webtube.fr\/index.php\/2026\/01\/07\/enseignante-agressee-le-prenom-quon-na-pas-le-droit-de-connaitre\/","url":"https:\/\/webtube.fr\/index.php\/2026\/01\/07\/enseignante-agressee-le-prenom-quon-na-pas-le-droit-de-connaitre\/","name":". Enseignante agress\u00e9e : le pr\u00e9nom qu\u2019on n\u2019a pas le droit de conna\u00eetre - # WEBTUBE.fr","isPartOf":{"@id":"https:\/\/webtube.fr\/#website"},"primaryImageOfPage":{"@id":"https:\/\/webtube.fr\/index.php\/2026\/01\/07\/enseignante-agressee-le-prenom-quon-na-pas-le-droit-de-connaitre\/#primaryimage"},"image":{"@id":"https:\/\/webtube.fr\/index.php\/2026\/01\/07\/enseignante-agressee-le-prenom-quon-na-pas-le-droit-de-connaitre\/#primaryimage"},"thumbnailUrl":"https:\/\/r2.ripostelaique.com\/wp-content\/uploads\/2026\/01\/file_0000000008d47246a859cfda554439ca.png","datePublished":"2026-01-07T06:23:04+00:00","breadcrumb":{"@id":"https:\/\/webtube.fr\/index.php\/2026\/01\/07\/enseignante-agressee-le-prenom-quon-na-pas-le-droit-de-connaitre\/#breadcrumb"},"inLanguage":"fr-FR","potentialAction":[{"@type":"ReadAction","target":["https:\/\/webtube.fr\/index.php\/2026\/01\/07\/enseignante-agressee-le-prenom-quon-na-pas-le-droit-de-connaitre\/"]}]},{"@type":"ImageObject","inLanguage":"fr-FR","@id":"https:\/\/webtube.fr\/index.php\/2026\/01\/07\/enseignante-agressee-le-prenom-quon-na-pas-le-droit-de-connaitre\/#primaryimage","url":"https:\/\/r2.ripostelaique.com\/wp-content\/uploads\/2026\/01\/file_0000000008d47246a859cfda554439ca.png","contentUrl":"https:\/\/r2.ripostelaique.com\/wp-content\/uploads\/2026\/01\/file_0000000008d47246a859cfda554439ca.png"},{"@type":"BreadcrumbList","@id":"https:\/\/webtube.fr\/index.php\/2026\/01\/07\/enseignante-agressee-le-prenom-quon-na-pas-le-droit-de-connaitre\/#breadcrumb","itemListElement":[{"@type":"ListItem","position":1,"name":"Accueil","item":"https:\/\/webtube.fr\/"},{"@type":"ListItem","position":2,"name":". Enseignante agress\u00e9e : le pr\u00e9nom qu\u2019on n\u2019a pas le droit de conna\u00eetre"}]},{"@type":"WebSite","@id":"https:\/\/webtube.fr\/#website","url":"https:\/\/webtube.fr\/","name":"WEBTUBE","description":"WEBTUBE.fr  Streaming Vid\u00e9o and News , toutes les infos sans filtres !","publisher":{"@id":"https:\/\/webtube.fr\/#organization"},"alternateName":"Rutube","potentialAction":[{"@type":"SearchAction","target":{"@type":"EntryPoint","urlTemplate":"https:\/\/webtube.fr\/?s={search_term_string}"},"query-input":{"@type":"PropertyValueSpecification","valueRequired":true,"valueName":"search_term_string"}}],"inLanguage":"fr-FR"},{"@type":"Organization","@id":"https:\/\/webtube.fr\/#organization","name":"# WEBTUBE.fr","url":"https:\/\/webtube.fr\/","logo":{"@type":"ImageObject","inLanguage":"fr-FR","@id":"https:\/\/webtube.fr\/#\/schema\/logo\/image\/","url":"https:\/\/webtube.fr\/wp-content\/uploads\/2025\/09\/cropped-Logo_webtubeIA-1.jpg","contentUrl":"https:\/\/webtube.fr\/wp-content\/uploads\/2025\/09\/cropped-Logo_webtubeIA-1.jpg","width":240,"height":240,"caption":"# WEBTUBE.fr"},"image":{"@id":"https:\/\/webtube.fr\/#\/schema\/logo\/image\/"},"sameAs":["https:\/\/www.facebook.com\/profile.php?id=100069673161887","https:\/\/x.com\/OrtfNews","https:\/\/www.facebook.com\/profile.php?id=100013751440523"]},{"@type":"Person","@id":"https:\/\/webtube.fr\/#\/schema\/person\/dcc633686e0e2a79a6bf7b92c9507618","name":"admin5851","image":{"@type":"ImageObject","inLanguage":"fr-FR","@id":"https:\/\/secure.gravatar.com\/avatar\/ea1b672a827879c0febb022a108a871292b3d08fadc66a0a43fa47acfe82e38a?s=96&d=mm&r=g","url":"https:\/\/secure.gravatar.com\/avatar\/ea1b672a827879c0febb022a108a871292b3d08fadc66a0a43fa47acfe82e38a?s=96&d=mm&r=g","contentUrl":"https:\/\/secure.gravatar.com\/avatar\/ea1b672a827879c0febb022a108a871292b3d08fadc66a0a43fa47acfe82e38a?s=96&d=mm&r=g","caption":"admin5851"},"sameAs":["http:\/\/linlcju.cluster100.hosting.ovh.net"],"url":"https:\/\/webtube.fr\/index.php\/author\/admin5851\/"}]}},"jetpack_featured_media_url":"","jetpack_sharing_enabled":true,"_links":{"self":[{"href":"https:\/\/webtube.fr\/index.php\/wp-json\/wp\/v2\/posts\/30976","targetHints":{"allow":["GET"]}}],"collection":[{"href":"https:\/\/webtube.fr\/index.php\/wp-json\/wp\/v2\/posts"}],"about":[{"href":"https:\/\/webtube.fr\/index.php\/wp-json\/wp\/v2\/types\/post"}],"author":[{"embeddable":true,"href":"https:\/\/webtube.fr\/index.php\/wp-json\/wp\/v2\/users\/1"}],"replies":[{"embeddable":true,"href":"https:\/\/webtube.fr\/index.php\/wp-json\/wp\/v2\/comments?post=30976"}],"version-history":[{"count":1,"href":"https:\/\/webtube.fr\/index.php\/wp-json\/wp\/v2\/posts\/30976\/revisions"}],"predecessor-version":[{"id":30977,"href":"https:\/\/webtube.fr\/index.php\/wp-json\/wp\/v2\/posts\/30976\/revisions\/30977"}],"wp:attachment":[{"href":"https:\/\/webtube.fr\/index.php\/wp-json\/wp\/v2\/media?parent=30976"}],"wp:term":[{"taxonomy":"category","embeddable":true,"href":"https:\/\/webtube.fr\/index.php\/wp-json\/wp\/v2\/categories?post=30976"},{"taxonomy":"post_tag","embeddable":true,"href":"https:\/\/webtube.fr\/index.php\/wp-json\/wp\/v2\/tags?post=30976"}],"curies":[{"name":"wp","href":"https:\/\/api.w.org\/{rel}","templated":true}]}}