{"id":30974,"date":"2026-01-07T06:17:22","date_gmt":"2026-01-07T06:17:22","guid":{"rendered":"https:\/\/webtube.fr\/?p=30974"},"modified":"2026-01-07T06:17:23","modified_gmt":"2026-01-07T06:17:23","slug":"le-groenland-etait-danois-avant-la-naissance-des-etats-unis-il-nest-pas-a-vendre","status":"publish","type":"post","link":"https:\/\/webtube.fr\/index.php\/2026\/01\/07\/le-groenland-etait-danois-avant-la-naissance-des-etats-unis-il-nest-pas-a-vendre\/","title":{"rendered":". Le Groenland \u00e9tait danois avant la naissance des Etats-Unis : il n\u2019est pas \u00e0 vendre"},"content":{"rendered":"\n<p>Articles : <a href=\"https:\/\/webtube.fr\/index.php\/2026\/01\/\" target=\"_blank\" rel=\"noreferrer noopener\">Jan 2026<\/a> &#8211; <a href=\"https:\/\/webtube.fr\/index.php\/2025\/12\/\" target=\"_blank\" rel=\"noreferrer noopener\">Dec. 2025<\/a> &#8211; <a href=\"https:\/\/webtube.fr\/index.php\/2025\/11\/\">Nov. 2025<\/a> &#8211; <a href=\"https:\/\/webtube.fr\/index.php\/2025\/10\/\" target=\"_blank\" rel=\"noreferrer noopener\">Oct. 2025<\/a> &#8211;<br>Facebook&nbsp;:&nbsp;<a href=\"https:\/\/www.facebook.com\/profile.php?id=100069673161887\">https:\/\/www.facebook.com\/profile.php?id=100069673161887<\/a> Twitter : <a href=\"https:\/\/twitter.com\/OrtfNews\" target=\"_blank\" rel=\"noreferrer noopener\">https:\/\/twitter.com\/OrtfNews<\/a> Music 24\/24 : <a href=\"http:\/\/DJMUSIC.fr\/\" target=\"_blank\" rel=\"noreferrer noopener\">http:\/\/DJMUSIC.fr<\/a><\/p>\n\n\n\n<figure class=\"wp-block-image size-large\"><a href=\"http:\/\/weboomedia.free.fr\/ORTF\/php\/\" target=\"_blank\" rel=\" noreferrer noopener\"><img decoding=\"async\" src=\"https:\/\/r2.ripostelaique.com\/wp-content\/uploads\/2026\/01\/Capture-decran-253.png\" alt=\"\"\/><\/a><\/figure>\n\n\n\n<p><strong>#webtube<\/strong> :<em> Cette carte de l\u2019Arctique explique \u00e0 elle seule pourquoi Trump veut le Canada et le Groenland<strong>.<\/strong>\u00a0Car l\u2019avenir \u00e9nerg\u00e9tique de la plan\u00e8te se situe sous les glaces du p\u00f4le, qui sont en train de dispara\u00eetre et vont lib\u00e9rer l\u2019acc\u00e8s aux plus vastes gisements miniers de tous les temps.<\/em><\/p>\n\n\n\n<p>Il semblerait que les Europ\u00e9ens ouvrent les yeux avec 72 heures de retard et r\u00e9alisent enfin que ce qui est arriv\u00e9 au Venezuela pourrait bien arriver \u00e0 un pays europ\u00e9en.<\/p>\n\n\n\n<p>Le raid de la Delta force que Macron saluait pour avoir lib\u00e9r\u00e9 un peuple opprim\u00e9 par un dictateur aux mains rouges de sang devient soudain une agression en totale violation du droit international, depuis que Trump a de nouveau manifest\u00e9 son intention de s\u2019emparer du Groenland.<\/p>\n\n\n\n<p>Personne n\u2019y croyait en Europe, mais depuis le coup de force de Caracas, la fable d\u2019une annexion pure et simple du Groenland par l\u2019impr\u00e9visible Trump devient une menace potentielle prise tr\u00e8s au s\u00e9rieux, aussi bien \u00e0 Copenhague qu\u2019\u00e0 Bruxelles.<\/p>\n\n\n\n<p><strong>Le Groenland est colonie danoise depuis 1721, donc bien avant la naissance des \u00c9tats-Unis.<\/strong>&nbsp;Il b\u00e9n\u00e9ficie d\u2019une tr\u00e8s large autonomie en dehors des domaines de la d\u00e9fense et de la politique \u00e9trang\u00e8re qui incombent au Royaume danois. Le peuple poss\u00e8de son propre gouvernement et sa prochaine accession \u00e0 l\u2019ind\u00e9pendance est \u00e0 sa seule discr\u00e9tion, Copenhague n\u2019ayant aucune intention de s\u2019y opposer. Son statut complexe est proche de celui de nos territoires d\u2019outre-mer.<\/p>\n\n\n\n<p>Vaste comme quatre fois la France, il est pratiquement inhabit\u00e9, avec seulement 56 000 habitants qui pour l\u2019instant n\u2019exploitent pas les immenses ressources g\u00e9ologiques que convoite Donald Trump, notamment les terres rares.&nbsp;<strong>Sur les 50 min\u00e9raux critiques indispensables aux industries de pointe, l\u2019\u00eele continent en d\u00e9tient 80 %.<\/strong><\/p>\n\n\n\n<p>Le Groenland a un \u00e9vident int\u00e9r\u00eat strat\u00e9gique pour les \u00c9tats-Unis qui y poss\u00e8dent la base spatiale de Pitiffik (ex-Thul\u00e9) depuis les ann\u00e9es cinquante. Cette base construite du temps de la guerre froide surveille les missiles balistiques russes, puisque les routes polaires sont les plus courtes pour jouer avec le feu nucl\u00e9aire. Une d\u00e9tection avanc\u00e9e des tirs ennemis est donc essentielle pour Washington. Mais poss\u00e9dant d\u00e9j\u00e0 une base \u00e0 cet effet, l\u2019int\u00e9r\u00eat de Trump est ailleurs.<\/p>\n\n\n\n<p>Hant\u00e9 par la coop\u00e9ration entre Moscou et P\u00e9kin qui ambitionnent d\u2019exploiter conjointement l\u2019Eldorado qui dort sous les glaces de l\u2019Arctique, l\u2019obs\u00e9d\u00e9 de la grande Am\u00e9rique r\u00eave d\u2019une annexion du Canada et du Groenland, ce qui donnerait aux \u00c9tats-Unis un territoire encore plus vaste que les 17 millions de km2 de la f\u00e9d\u00e9ration de Russie.<strong>&nbsp;Et surtout, l\u2019arc polaire Alaska, Canada, Groenland passerait sous contr\u00f4le am\u00e9ricain<\/strong>. Un pactole g\u00e9ologique gigantesque qui propulserait Donald Trump au sommet du podium des bienfaiteurs de l\u2019Am\u00e9rique.<\/p>\n\n\n\n<p>Cette obsession de la grandeur et de la sup\u00e9riorit\u00e9 de son pays est extr\u00eamement dangereuse.<\/p>\n\n\n\n<p>Apr\u00e8s les propos de Trump annon\u00e7ant vouloir&nbsp;<em><strong>\u00ab&nbsp;s\u2019occuper du Groenland dans deux mois&nbsp;\u00bb<\/strong><\/em>, le Premier ministre groenlandais, exasp\u00e9r\u00e9, a r\u00e9pondu&nbsp;<em><strong>\u00ab&nbsp;\u00c7a suffit maintenant !&nbsp;\u00bb<\/strong><\/em><\/p>\n\n\n\n<p>R\u00e9action qui laisse Trump de marbre, sachant que ni le Danemark ni l\u2019Europe n\u2019ont les moyens militaires, \u00e9conomiques ou politiques de s\u2019opposer \u00e0 sa volont\u00e9.<\/p>\n\n\n\n<p>Le seul moyen radical qui stopperait net la charge de l\u2019\u00e9l\u00e9phant Trump serait un virage \u00e0 180\u00b0 de la politique de l\u2019Europe, une rupture totale&nbsp;<strong>avec une sortie de l\u2019Otan imm\u00e9diate et une solide paix avec la Russie.<\/strong>&nbsp;Impensable aujourd\u2019hui alors que c\u2019e\u00fbt \u00e9t\u00e9 la bonne solution en 1991, quand l\u2019URSS s\u2019est effondr\u00e9e. Mais le malheur de l\u2019Europe a \u00e9t\u00e9 de suivre aveugl\u00e9ment les diktats de Washington qui craignait par-dessus tout une vaste Europe de Gibraltar \u00e0 Vladivostok, laquelle aurait constitu\u00e9 le plus puissant ensemble militaro-\u00e9conomique du moment. Aveugl\u00e9e par son am\u00e9ricanisme infantile et n\u2019ayant pas su saisir cette chance inesp\u00e9r\u00e9e apr\u00e8s des d\u00e9cennies de guerre froide, l\u2019Europe n\u2019est plus qu\u2019un nain politique et militaire, en plein d\u00e9clin \u00e9conomique qui plus est. Un d\u00e9sastre amplifi\u00e9 par une mondialisation d\u00e9vastatrice, qui la m\u00e8ne \u00e0 la perte irr\u00e9versible de son identit\u00e9 et de sa culture.<\/p>\n\n\n\n<p>Quel que soit le domaine consid\u00e9r\u00e9, l\u2019Europe a tout faux.&nbsp;<\/p>\n\n\n\n<p><strong>Il est donc trop tard. L\u2019Europe a fait le choix suicidaire de la soumission \u00e0 Washington.<\/strong>&nbsp;Elle pr\u00e9f\u00e8re acheter des F-35 que Trump peut clouer au sol \u00e0 distance, alors que l\u2019industrie de l\u2019armement europ\u00e9enne a les moyens de rivaliser avec les meilleurs mat\u00e9riels US.&nbsp;<\/p>\n\n\n\n<p>Airbus et Boeing en sont la preuve. Quand on veut on peut. Mais totalement divis\u00e9s, les Europ\u00e9ens ne cessent de se savonner mutuellement la planche. Ce dont Trump est parfaitement conscient.<\/p>\n\n\n\n<p><strong>Avant de conclure, rappelons que si Trump d\u00e9cide un coup de force pour s\u2019emparer de l\u2019\u00eele, il s\u2019agira cette fois d\u2019une agression contre un pays de l\u2019Otan, ce qui signera automatiquement la fin de l\u2019article 5 de l\u2019Alliance ! Il faut quand m\u00eame oser !<\/strong><\/p>\n\n\n\n<p>Cela dit, ceux qui s\u2019imaginent encore que Trump va voler au secours des pays baltes et se frotter aux 6 200 t\u00eates nucl\u00e9aires de Poutine sont de doux r\u00eaveurs. Mais c\u2019est un autre sujet.<\/p>\n\n\n\n<p><strong>Pour terminer, rappelons que 80 % des Groenlandais sont favorables \u00e0 l\u2019ind\u00e9pendance,&nbsp;mais que 85 % d\u2019entre eux rejettent l\u2019id\u00e9e de devenir am\u00e9ricains.<\/strong>&nbsp;Seulement 6 % sont pr\u00eats \u00e0 adopter la banni\u00e8re \u00e9toil\u00e9e comme embl\u00e8me national.<\/p>\n\n\n\n<p>Par cons\u00e9quent, on ne peut qu\u2019esp\u00e9rer que l\u2019avenir du Groenland continue d\u2019appartenir au seul peuple groenlandais, sans agression, ni chantage, ni menace, ni pression, ni sanction d\u2019aucune sorte. Autrement dit, tout le contraire de la m\u00e9thode Trump.<\/p>\n\n\n\n<p><strong>Jacques Guillemain<\/strong>, Riposte La\u00efque<\/p>\n\n\n\n<p><\/p>\n","protected":false},"excerpt":{"rendered":"<p>Articles : Jan 2026 &#8211; Dec. 2025 &#8211; Nov. 2025 &#8211; Oct. 2025 &#8211;Facebook&nbsp;:&nbsp;https:\/\/www.facebook.com\/profile.php?id=100069673161887 Twitter : https:\/\/twitter.com\/OrtfNews Music 24\/24 : http:\/\/DJMUSIC.fr #webtube : Cette carte de l\u2019Arctique explique \u00e0 elle seule pourquoi Trump veut le Canada et le Groenland.\u00a0Car l\u2019avenir \u00e9nerg\u00e9tique de la plan\u00e8te se situe sous les glaces du p\u00f4le, qui sont en train &hellip; <a href=\"https:\/\/webtube.fr\/index.php\/2026\/01\/07\/le-groenland-etait-danois-avant-la-naissance-des-etats-unis-il-nest-pas-a-vendre\/\" class=\"more-link\">Continuer la lecture<span class=\"screen-reader-text\"> de &laquo;&nbsp;. Le Groenland \u00e9tait danois avant la naissance des Etats-Unis : il n\u2019est pas \u00e0 vendre&nbsp;&raquo;<\/span><\/a><\/p>\n","protected":false},"author":1,"featured_media":0,"comment_status":"open","ping_status":"open","sticky":false,"template":"","format":"standard","meta":{"_jetpack_memberships_contains_paid_content":false,"footnotes":""},"categories":[1],"tags":[],"class_list":["post-30974","post","type-post","status-publish","format-standard","hentry","category-uncategorized"],"yoast_head":"<!-- This site is optimized with the Yoast SEO plugin v27.3 - https:\/\/yoast.com\/product\/yoast-seo-wordpress\/ -->\n<title>. Le Groenland \u00e9tait danois avant la naissance des Etats-Unis : il n\u2019est pas \u00e0 vendre - # WEBTUBE.fr<\/title>\n<meta name=\"robots\" content=\"index, follow, max-snippet:-1, max-image-preview:large, max-video-preview:-1\" \/>\n<link rel=\"canonical\" href=\"https:\/\/webtube.fr\/index.php\/2026\/01\/07\/le-groenland-etait-danois-avant-la-naissance-des-etats-unis-il-nest-pas-a-vendre\/\" \/>\n<meta property=\"og:locale\" content=\"fr_FR\" \/>\n<meta property=\"og:type\" content=\"article\" \/>\n<meta property=\"og:title\" content=\". Le Groenland \u00e9tait danois avant la naissance des Etats-Unis : il n\u2019est pas \u00e0 vendre - # WEBTUBE.fr\" \/>\n<meta property=\"og:description\" content=\"Articles : Jan 2026 &#8211; Dec. 2025 &#8211; Nov. 2025 &#8211; Oct. 2025 &#8211;Facebook&nbsp;:&nbsp;https:\/\/www.facebook.com\/profile.php?id=100069673161887 Twitter : https:\/\/twitter.com\/OrtfNews Music 24\/24 : http:\/\/DJMUSIC.fr #webtube : Cette carte de l\u2019Arctique explique \u00e0 elle seule pourquoi Trump veut le Canada et le Groenland.\u00a0Car l\u2019avenir \u00e9nerg\u00e9tique de la plan\u00e8te se situe sous les glaces du p\u00f4le, qui sont en train &hellip; Continuer la lecture de &laquo;&nbsp;. Le Groenland \u00e9tait danois avant la naissance des Etats-Unis : il n\u2019est pas \u00e0 vendre&nbsp;&raquo;\" \/>\n<meta property=\"og:url\" content=\"https:\/\/webtube.fr\/index.php\/2026\/01\/07\/le-groenland-etait-danois-avant-la-naissance-des-etats-unis-il-nest-pas-a-vendre\/\" \/>\n<meta property=\"og:site_name\" content=\"# WEBTUBE.fr\" \/>\n<meta property=\"article:publisher\" content=\"https:\/\/www.facebook.com\/profile.php?id=100069673161887\" \/>\n<meta property=\"article:published_time\" content=\"2026-01-07T06:17:22+00:00\" \/>\n<meta property=\"article:modified_time\" content=\"2026-01-07T06:17:23+00:00\" \/>\n<meta property=\"og:image\" content=\"https:\/\/r2.ripostelaique.com\/wp-content\/uploads\/2026\/01\/Capture-decran-253.png\" \/>\n<meta name=\"author\" content=\"admin5851\" \/>\n<meta name=\"twitter:card\" content=\"summary_large_image\" \/>\n<meta name=\"twitter:creator\" content=\"@OrtfNews\" \/>\n<meta name=\"twitter:site\" content=\"@OrtfNews\" \/>\n<meta name=\"twitter:label1\" content=\"\u00c9crit par\" \/>\n\t<meta name=\"twitter:data1\" content=\"admin5851\" \/>\n\t<meta name=\"twitter:label2\" content=\"Dur\u00e9e de lecture estim\u00e9e\" \/>\n\t<meta name=\"twitter:data2\" content=\"5 minutes\" \/>\n<script type=\"application\/ld+json\" class=\"yoast-schema-graph\">{\"@context\":\"https:\\\/\\\/schema.org\",\"@graph\":[{\"@type\":\"Article\",\"@id\":\"https:\\\/\\\/webtube.fr\\\/index.php\\\/2026\\\/01\\\/07\\\/le-groenland-etait-danois-avant-la-naissance-des-etats-unis-il-nest-pas-a-vendre\\\/#article\",\"isPartOf\":{\"@id\":\"https:\\\/\\\/webtube.fr\\\/index.php\\\/2026\\\/01\\\/07\\\/le-groenland-etait-danois-avant-la-naissance-des-etats-unis-il-nest-pas-a-vendre\\\/\"},\"author\":{\"name\":\"admin5851\",\"@id\":\"https:\\\/\\\/webtube.fr\\\/#\\\/schema\\\/person\\\/dcc633686e0e2a79a6bf7b92c9507618\"},\"headline\":\". Le Groenland \u00e9tait danois avant la naissance des Etats-Unis : il n\u2019est pas \u00e0 vendre\",\"datePublished\":\"2026-01-07T06:17:22+00:00\",\"dateModified\":\"2026-01-07T06:17:23+00:00\",\"mainEntityOfPage\":{\"@id\":\"https:\\\/\\\/webtube.fr\\\/index.php\\\/2026\\\/01\\\/07\\\/le-groenland-etait-danois-avant-la-naissance-des-etats-unis-il-nest-pas-a-vendre\\\/\"},\"wordCount\":1063,\"commentCount\":0,\"publisher\":{\"@id\":\"https:\\\/\\\/webtube.fr\\\/#organization\"},\"image\":{\"@id\":\"https:\\\/\\\/webtube.fr\\\/index.php\\\/2026\\\/01\\\/07\\\/le-groenland-etait-danois-avant-la-naissance-des-etats-unis-il-nest-pas-a-vendre\\\/#primaryimage\"},\"thumbnailUrl\":\"https:\\\/\\\/r2.ripostelaique.com\\\/wp-content\\\/uploads\\\/2026\\\/01\\\/Capture-decran-253.png\",\"articleSection\":[\"Uncategorized\"],\"inLanguage\":\"fr-FR\",\"potentialAction\":[{\"@type\":\"CommentAction\",\"name\":\"Comment\",\"target\":[\"https:\\\/\\\/webtube.fr\\\/index.php\\\/2026\\\/01\\\/07\\\/le-groenland-etait-danois-avant-la-naissance-des-etats-unis-il-nest-pas-a-vendre\\\/#respond\"]}]},{\"@type\":\"WebPage\",\"@id\":\"https:\\\/\\\/webtube.fr\\\/index.php\\\/2026\\\/01\\\/07\\\/le-groenland-etait-danois-avant-la-naissance-des-etats-unis-il-nest-pas-a-vendre\\\/\",\"url\":\"https:\\\/\\\/webtube.fr\\\/index.php\\\/2026\\\/01\\\/07\\\/le-groenland-etait-danois-avant-la-naissance-des-etats-unis-il-nest-pas-a-vendre\\\/\",\"name\":\". Le Groenland \u00e9tait danois avant la naissance des Etats-Unis : il n\u2019est pas \u00e0 vendre - # WEBTUBE.fr\",\"isPartOf\":{\"@id\":\"https:\\\/\\\/webtube.fr\\\/#website\"},\"primaryImageOfPage\":{\"@id\":\"https:\\\/\\\/webtube.fr\\\/index.php\\\/2026\\\/01\\\/07\\\/le-groenland-etait-danois-avant-la-naissance-des-etats-unis-il-nest-pas-a-vendre\\\/#primaryimage\"},\"image\":{\"@id\":\"https:\\\/\\\/webtube.fr\\\/index.php\\\/2026\\\/01\\\/07\\\/le-groenland-etait-danois-avant-la-naissance-des-etats-unis-il-nest-pas-a-vendre\\\/#primaryimage\"},\"thumbnailUrl\":\"https:\\\/\\\/r2.ripostelaique.com\\\/wp-content\\\/uploads\\\/2026\\\/01\\\/Capture-decran-253.png\",\"datePublished\":\"2026-01-07T06:17:22+00:00\",\"dateModified\":\"2026-01-07T06:17:23+00:00\",\"breadcrumb\":{\"@id\":\"https:\\\/\\\/webtube.fr\\\/index.php\\\/2026\\\/01\\\/07\\\/le-groenland-etait-danois-avant-la-naissance-des-etats-unis-il-nest-pas-a-vendre\\\/#breadcrumb\"},\"inLanguage\":\"fr-FR\",\"potentialAction\":[{\"@type\":\"ReadAction\",\"target\":[\"https:\\\/\\\/webtube.fr\\\/index.php\\\/2026\\\/01\\\/07\\\/le-groenland-etait-danois-avant-la-naissance-des-etats-unis-il-nest-pas-a-vendre\\\/\"]}]},{\"@type\":\"ImageObject\",\"inLanguage\":\"fr-FR\",\"@id\":\"https:\\\/\\\/webtube.fr\\\/index.php\\\/2026\\\/01\\\/07\\\/le-groenland-etait-danois-avant-la-naissance-des-etats-unis-il-nest-pas-a-vendre\\\/#primaryimage\",\"url\":\"https:\\\/\\\/r2.ripostelaique.com\\\/wp-content\\\/uploads\\\/2026\\\/01\\\/Capture-decran-253.png\",\"contentUrl\":\"https:\\\/\\\/r2.ripostelaique.com\\\/wp-content\\\/uploads\\\/2026\\\/01\\\/Capture-decran-253.png\"},{\"@type\":\"BreadcrumbList\",\"@id\":\"https:\\\/\\\/webtube.fr\\\/index.php\\\/2026\\\/01\\\/07\\\/le-groenland-etait-danois-avant-la-naissance-des-etats-unis-il-nest-pas-a-vendre\\\/#breadcrumb\",\"itemListElement\":[{\"@type\":\"ListItem\",\"position\":1,\"name\":\"Accueil\",\"item\":\"https:\\\/\\\/webtube.fr\\\/\"},{\"@type\":\"ListItem\",\"position\":2,\"name\":\". Le Groenland \u00e9tait danois avant la naissance des Etats-Unis : il n\u2019est pas \u00e0 vendre\"}]},{\"@type\":\"WebSite\",\"@id\":\"https:\\\/\\\/webtube.fr\\\/#website\",\"url\":\"https:\\\/\\\/webtube.fr\\\/\",\"name\":\"WEBTUBE\",\"description\":\"WEBTUBE.fr  Streaming Vid\u00e9o and News , toutes les infos sans filtres !\",\"publisher\":{\"@id\":\"https:\\\/\\\/webtube.fr\\\/#organization\"},\"alternateName\":\"Rutube\",\"potentialAction\":[{\"@type\":\"SearchAction\",\"target\":{\"@type\":\"EntryPoint\",\"urlTemplate\":\"https:\\\/\\\/webtube.fr\\\/?s={search_term_string}\"},\"query-input\":{\"@type\":\"PropertyValueSpecification\",\"valueRequired\":true,\"valueName\":\"search_term_string\"}}],\"inLanguage\":\"fr-FR\"},{\"@type\":\"Organization\",\"@id\":\"https:\\\/\\\/webtube.fr\\\/#organization\",\"name\":\"# WEBTUBE.fr\",\"url\":\"https:\\\/\\\/webtube.fr\\\/\",\"logo\":{\"@type\":\"ImageObject\",\"inLanguage\":\"fr-FR\",\"@id\":\"https:\\\/\\\/webtube.fr\\\/#\\\/schema\\\/logo\\\/image\\\/\",\"url\":\"https:\\\/\\\/webtube.fr\\\/wp-content\\\/uploads\\\/2025\\\/09\\\/cropped-Logo_webtubeIA-1.jpg\",\"contentUrl\":\"https:\\\/\\\/webtube.fr\\\/wp-content\\\/uploads\\\/2025\\\/09\\\/cropped-Logo_webtubeIA-1.jpg\",\"width\":240,\"height\":240,\"caption\":\"# WEBTUBE.fr\"},\"image\":{\"@id\":\"https:\\\/\\\/webtube.fr\\\/#\\\/schema\\\/logo\\\/image\\\/\"},\"sameAs\":[\"https:\\\/\\\/www.facebook.com\\\/profile.php?id=100069673161887\",\"https:\\\/\\\/x.com\\\/OrtfNews\",\"https:\\\/\\\/www.facebook.com\\\/profile.php?id=100013751440523\"]},{\"@type\":\"Person\",\"@id\":\"https:\\\/\\\/webtube.fr\\\/#\\\/schema\\\/person\\\/dcc633686e0e2a79a6bf7b92c9507618\",\"name\":\"admin5851\",\"image\":{\"@type\":\"ImageObject\",\"inLanguage\":\"fr-FR\",\"@id\":\"https:\\\/\\\/secure.gravatar.com\\\/avatar\\\/ea1b672a827879c0febb022a108a871292b3d08fadc66a0a43fa47acfe82e38a?s=96&d=mm&r=g\",\"url\":\"https:\\\/\\\/secure.gravatar.com\\\/avatar\\\/ea1b672a827879c0febb022a108a871292b3d08fadc66a0a43fa47acfe82e38a?s=96&d=mm&r=g\",\"contentUrl\":\"https:\\\/\\\/secure.gravatar.com\\\/avatar\\\/ea1b672a827879c0febb022a108a871292b3d08fadc66a0a43fa47acfe82e38a?s=96&d=mm&r=g\",\"caption\":\"admin5851\"},\"sameAs\":[\"http:\\\/\\\/linlcju.cluster100.hosting.ovh.net\"],\"url\":\"https:\\\/\\\/webtube.fr\\\/index.php\\\/author\\\/admin5851\\\/\"}]}<\/script>\n<!-- \/ Yoast SEO plugin. -->","yoast_head_json":{"title":". Le Groenland \u00e9tait danois avant la naissance des Etats-Unis : il n\u2019est pas \u00e0 vendre - # WEBTUBE.fr","robots":{"index":"index","follow":"follow","max-snippet":"max-snippet:-1","max-image-preview":"max-image-preview:large","max-video-preview":"max-video-preview:-1"},"canonical":"https:\/\/webtube.fr\/index.php\/2026\/01\/07\/le-groenland-etait-danois-avant-la-naissance-des-etats-unis-il-nest-pas-a-vendre\/","og_locale":"fr_FR","og_type":"article","og_title":". Le Groenland \u00e9tait danois avant la naissance des Etats-Unis : il n\u2019est pas \u00e0 vendre - # WEBTUBE.fr","og_description":"Articles : Jan 2026 &#8211; Dec. 2025 &#8211; Nov. 2025 &#8211; Oct. 2025 &#8211;Facebook&nbsp;:&nbsp;https:\/\/www.facebook.com\/profile.php?id=100069673161887 Twitter : https:\/\/twitter.com\/OrtfNews Music 24\/24 : http:\/\/DJMUSIC.fr #webtube : Cette carte de l\u2019Arctique explique \u00e0 elle seule pourquoi Trump veut le Canada et le Groenland.\u00a0Car l\u2019avenir \u00e9nerg\u00e9tique de la plan\u00e8te se situe sous les glaces du p\u00f4le, qui sont en train &hellip; Continuer la lecture de &laquo;&nbsp;. Le Groenland \u00e9tait danois avant la naissance des Etats-Unis : il n\u2019est pas \u00e0 vendre&nbsp;&raquo;","og_url":"https:\/\/webtube.fr\/index.php\/2026\/01\/07\/le-groenland-etait-danois-avant-la-naissance-des-etats-unis-il-nest-pas-a-vendre\/","og_site_name":"# WEBTUBE.fr","article_publisher":"https:\/\/www.facebook.com\/profile.php?id=100069673161887","article_published_time":"2026-01-07T06:17:22+00:00","article_modified_time":"2026-01-07T06:17:23+00:00","og_image":[{"url":"https:\/\/r2.ripostelaique.com\/wp-content\/uploads\/2026\/01\/Capture-decran-253.png","type":"","width":"","height":""}],"author":"admin5851","twitter_card":"summary_large_image","twitter_creator":"@OrtfNews","twitter_site":"@OrtfNews","twitter_misc":{"\u00c9crit par":"admin5851","Dur\u00e9e de lecture estim\u00e9e":"5 minutes"},"schema":{"@context":"https:\/\/schema.org","@graph":[{"@type":"Article","@id":"https:\/\/webtube.fr\/index.php\/2026\/01\/07\/le-groenland-etait-danois-avant-la-naissance-des-etats-unis-il-nest-pas-a-vendre\/#article","isPartOf":{"@id":"https:\/\/webtube.fr\/index.php\/2026\/01\/07\/le-groenland-etait-danois-avant-la-naissance-des-etats-unis-il-nest-pas-a-vendre\/"},"author":{"name":"admin5851","@id":"https:\/\/webtube.fr\/#\/schema\/person\/dcc633686e0e2a79a6bf7b92c9507618"},"headline":". Le Groenland \u00e9tait danois avant la naissance des Etats-Unis : il n\u2019est pas \u00e0 vendre","datePublished":"2026-01-07T06:17:22+00:00","dateModified":"2026-01-07T06:17:23+00:00","mainEntityOfPage":{"@id":"https:\/\/webtube.fr\/index.php\/2026\/01\/07\/le-groenland-etait-danois-avant-la-naissance-des-etats-unis-il-nest-pas-a-vendre\/"},"wordCount":1063,"commentCount":0,"publisher":{"@id":"https:\/\/webtube.fr\/#organization"},"image":{"@id":"https:\/\/webtube.fr\/index.php\/2026\/01\/07\/le-groenland-etait-danois-avant-la-naissance-des-etats-unis-il-nest-pas-a-vendre\/#primaryimage"},"thumbnailUrl":"https:\/\/r2.ripostelaique.com\/wp-content\/uploads\/2026\/01\/Capture-decran-253.png","articleSection":["Uncategorized"],"inLanguage":"fr-FR","potentialAction":[{"@type":"CommentAction","name":"Comment","target":["https:\/\/webtube.fr\/index.php\/2026\/01\/07\/le-groenland-etait-danois-avant-la-naissance-des-etats-unis-il-nest-pas-a-vendre\/#respond"]}]},{"@type":"WebPage","@id":"https:\/\/webtube.fr\/index.php\/2026\/01\/07\/le-groenland-etait-danois-avant-la-naissance-des-etats-unis-il-nest-pas-a-vendre\/","url":"https:\/\/webtube.fr\/index.php\/2026\/01\/07\/le-groenland-etait-danois-avant-la-naissance-des-etats-unis-il-nest-pas-a-vendre\/","name":". Le Groenland \u00e9tait danois avant la naissance des Etats-Unis : il n\u2019est pas \u00e0 vendre - # WEBTUBE.fr","isPartOf":{"@id":"https:\/\/webtube.fr\/#website"},"primaryImageOfPage":{"@id":"https:\/\/webtube.fr\/index.php\/2026\/01\/07\/le-groenland-etait-danois-avant-la-naissance-des-etats-unis-il-nest-pas-a-vendre\/#primaryimage"},"image":{"@id":"https:\/\/webtube.fr\/index.php\/2026\/01\/07\/le-groenland-etait-danois-avant-la-naissance-des-etats-unis-il-nest-pas-a-vendre\/#primaryimage"},"thumbnailUrl":"https:\/\/r2.ripostelaique.com\/wp-content\/uploads\/2026\/01\/Capture-decran-253.png","datePublished":"2026-01-07T06:17:22+00:00","dateModified":"2026-01-07T06:17:23+00:00","breadcrumb":{"@id":"https:\/\/webtube.fr\/index.php\/2026\/01\/07\/le-groenland-etait-danois-avant-la-naissance-des-etats-unis-il-nest-pas-a-vendre\/#breadcrumb"},"inLanguage":"fr-FR","potentialAction":[{"@type":"ReadAction","target":["https:\/\/webtube.fr\/index.php\/2026\/01\/07\/le-groenland-etait-danois-avant-la-naissance-des-etats-unis-il-nest-pas-a-vendre\/"]}]},{"@type":"ImageObject","inLanguage":"fr-FR","@id":"https:\/\/webtube.fr\/index.php\/2026\/01\/07\/le-groenland-etait-danois-avant-la-naissance-des-etats-unis-il-nest-pas-a-vendre\/#primaryimage","url":"https:\/\/r2.ripostelaique.com\/wp-content\/uploads\/2026\/01\/Capture-decran-253.png","contentUrl":"https:\/\/r2.ripostelaique.com\/wp-content\/uploads\/2026\/01\/Capture-decran-253.png"},{"@type":"BreadcrumbList","@id":"https:\/\/webtube.fr\/index.php\/2026\/01\/07\/le-groenland-etait-danois-avant-la-naissance-des-etats-unis-il-nest-pas-a-vendre\/#breadcrumb","itemListElement":[{"@type":"ListItem","position":1,"name":"Accueil","item":"https:\/\/webtube.fr\/"},{"@type":"ListItem","position":2,"name":". Le Groenland \u00e9tait danois avant la naissance des Etats-Unis : il n\u2019est pas \u00e0 vendre"}]},{"@type":"WebSite","@id":"https:\/\/webtube.fr\/#website","url":"https:\/\/webtube.fr\/","name":"WEBTUBE","description":"WEBTUBE.fr  Streaming Vid\u00e9o and News , toutes les infos sans filtres !","publisher":{"@id":"https:\/\/webtube.fr\/#organization"},"alternateName":"Rutube","potentialAction":[{"@type":"SearchAction","target":{"@type":"EntryPoint","urlTemplate":"https:\/\/webtube.fr\/?s={search_term_string}"},"query-input":{"@type":"PropertyValueSpecification","valueRequired":true,"valueName":"search_term_string"}}],"inLanguage":"fr-FR"},{"@type":"Organization","@id":"https:\/\/webtube.fr\/#organization","name":"# WEBTUBE.fr","url":"https:\/\/webtube.fr\/","logo":{"@type":"ImageObject","inLanguage":"fr-FR","@id":"https:\/\/webtube.fr\/#\/schema\/logo\/image\/","url":"https:\/\/webtube.fr\/wp-content\/uploads\/2025\/09\/cropped-Logo_webtubeIA-1.jpg","contentUrl":"https:\/\/webtube.fr\/wp-content\/uploads\/2025\/09\/cropped-Logo_webtubeIA-1.jpg","width":240,"height":240,"caption":"# WEBTUBE.fr"},"image":{"@id":"https:\/\/webtube.fr\/#\/schema\/logo\/image\/"},"sameAs":["https:\/\/www.facebook.com\/profile.php?id=100069673161887","https:\/\/x.com\/OrtfNews","https:\/\/www.facebook.com\/profile.php?id=100013751440523"]},{"@type":"Person","@id":"https:\/\/webtube.fr\/#\/schema\/person\/dcc633686e0e2a79a6bf7b92c9507618","name":"admin5851","image":{"@type":"ImageObject","inLanguage":"fr-FR","@id":"https:\/\/secure.gravatar.com\/avatar\/ea1b672a827879c0febb022a108a871292b3d08fadc66a0a43fa47acfe82e38a?s=96&d=mm&r=g","url":"https:\/\/secure.gravatar.com\/avatar\/ea1b672a827879c0febb022a108a871292b3d08fadc66a0a43fa47acfe82e38a?s=96&d=mm&r=g","contentUrl":"https:\/\/secure.gravatar.com\/avatar\/ea1b672a827879c0febb022a108a871292b3d08fadc66a0a43fa47acfe82e38a?s=96&d=mm&r=g","caption":"admin5851"},"sameAs":["http:\/\/linlcju.cluster100.hosting.ovh.net"],"url":"https:\/\/webtube.fr\/index.php\/author\/admin5851\/"}]}},"jetpack_featured_media_url":"","jetpack_sharing_enabled":true,"_links":{"self":[{"href":"https:\/\/webtube.fr\/index.php\/wp-json\/wp\/v2\/posts\/30974","targetHints":{"allow":["GET"]}}],"collection":[{"href":"https:\/\/webtube.fr\/index.php\/wp-json\/wp\/v2\/posts"}],"about":[{"href":"https:\/\/webtube.fr\/index.php\/wp-json\/wp\/v2\/types\/post"}],"author":[{"embeddable":true,"href":"https:\/\/webtube.fr\/index.php\/wp-json\/wp\/v2\/users\/1"}],"replies":[{"embeddable":true,"href":"https:\/\/webtube.fr\/index.php\/wp-json\/wp\/v2\/comments?post=30974"}],"version-history":[{"count":1,"href":"https:\/\/webtube.fr\/index.php\/wp-json\/wp\/v2\/posts\/30974\/revisions"}],"predecessor-version":[{"id":30975,"href":"https:\/\/webtube.fr\/index.php\/wp-json\/wp\/v2\/posts\/30974\/revisions\/30975"}],"wp:attachment":[{"href":"https:\/\/webtube.fr\/index.php\/wp-json\/wp\/v2\/media?parent=30974"}],"wp:term":[{"taxonomy":"category","embeddable":true,"href":"https:\/\/webtube.fr\/index.php\/wp-json\/wp\/v2\/categories?post=30974"},{"taxonomy":"post_tag","embeddable":true,"href":"https:\/\/webtube.fr\/index.php\/wp-json\/wp\/v2\/tags?post=30974"}],"curies":[{"name":"wp","href":"https:\/\/api.w.org\/{rel}","templated":true}]}}