{"id":30956,"date":"2026-01-05T07:04:35","date_gmt":"2026-01-05T07:04:35","guid":{"rendered":"https:\/\/webtube.fr\/?p=30956"},"modified":"2026-01-05T07:04:35","modified_gmt":"2026-01-05T07:04:35","slug":"new-york-le-world-trade-center-illumine-aux-couleurs-de-lislam","status":"publish","type":"post","link":"https:\/\/webtube.fr\/index.php\/2026\/01\/05\/new-york-le-world-trade-center-illumine-aux-couleurs-de-lislam\/","title":{"rendered":". New York : le World Trade Center illumin\u00e9 aux couleurs de\u2026 l\u2019islam"},"content":{"rendered":"\n<p>Articles : <a href=\"https:\/\/webtube.fr\/index.php\/2026\/01\/\" target=\"_blank\" rel=\"noreferrer noopener\">Jan 2026<\/a> &#8211; <a href=\"https:\/\/webtube.fr\/index.php\/2025\/12\/\" target=\"_blank\" rel=\"noreferrer noopener\">Dec. 2025<\/a> &#8211; <a href=\"https:\/\/webtube.fr\/index.php\/2025\/11\/\">Nov. 2025<\/a> &#8211; <a href=\"https:\/\/webtube.fr\/index.php\/2025\/10\/\" target=\"_blank\" rel=\"noreferrer noopener\">Oct. 2025<\/a> &#8211;<br>Facebook&nbsp;:&nbsp;<a href=\"https:\/\/www.facebook.com\/profile.php?id=100069673161887\">https:\/\/www.facebook.com\/profile.php?id=100069673161887<\/a> Twitter : <a href=\"https:\/\/twitter.com\/OrtfNews\" target=\"_blank\" rel=\"noreferrer noopener\">https:\/\/twitter.com\/OrtfNews<\/a> Music 24\/24 : <a href=\"http:\/\/DJMUSIC.fr\/\" target=\"_blank\" rel=\"noreferrer noopener\">http:\/\/DJMUSIC.fr<\/a><\/p>\n\n\n\n<figure class=\"wp-block-image size-large\"><a href=\"http:\/\/weboomedia.free.fr\/ORTF\/php\/\" target=\"_blank\" rel=\" noreferrer noopener\"><img decoding=\"async\" src=\"https:\/\/media.bvoltaire.fr\/file\/Bvoltaire\/2026\/01\/IL20260104141215-new-york-green-1-scaled-929x522.jpg\" alt=\"\"\/><\/a><\/figure>\n\n\n\n<p><strong>#webtube<\/strong> : <em>Ce 3 janvier ont ainsi \u00e9t\u00e9 habill\u00e9s de lumi\u00e8re verte pas moins de 16 \u00e9difices, dont le One World Trade Center&#8230; \u00c0 peine 48 heures apr\u00e8s la prise de fonction du nouveau maire de New York,\u00a0<a href=\"https:\/\/www.bvoltaire.fr\/point-de-vue-nominations-controversees-serment-sur-le-coran-z-mamdani-a-la-tete-de-new-york\/\" target=\"_blank\" rel=\"noreferrer noopener\">Zohran Mamdani<\/a>, les monuments embl\u00e9matiques de la m\u00e9galopole se sont illumin\u00e9s en vert, couleur de l\u2019islam. Il s\u2019agissait, dit-on, de s&rsquo;inscrire dans le cadre d\u2019une toute nouvelle op\u00e9ration festive faisant d\u00e9sormais du mois de janvier le\u00a0\u00ab\u00a0Muslim Heritage Month\u00a0\u00bb.<\/em><\/p>\n\n\n\n<p><em>\u00ab La r\u00e9silience, la compassion et les contributions des communaut\u00e9s musulmanes participent \u00e0 rendre New York plus fort<\/em>, a officiellement d\u00e9clar\u00e9 le gouverneur de l\u2019\u00c9tat,\u00a0<a href=\"https:\/\/x.com\/GovKathyHochul\/status\/2007237810735198280\" target=\"_blank\" rel=\"noreferrer noopener\">Kathy Hochul<\/a>.\u00a0<em>Ce soir, des monuments \u00e0 travers l\u2019\u00c9tat sont illumin\u00e9s en vert alors que New York c\u00e9l\u00e8bre le Mois du patrimoine des Am\u00e9ricains musulmans. \u00bb<\/em>\u00a0Ce 3 janvier ont ainsi \u00e9t\u00e9 habill\u00e9s de lumi\u00e8re verte pas moins de seize \u00e9difices hautement symboliques, dont le One World Trade Center, construit \u00e0 la place des tours jumelles qui avaient \u00e9t\u00e9 d\u00e9truites\u00a0<a href=\"https:\/\/www.bvoltaire.fr\/vingt-apres-qua-change-le-11-septembre\/\" target=\"_blank\" rel=\"noreferrer noopener\">le 11 septembre 2001<\/a>\u00a0par\u2026 des terroristes musulmans.<\/p>\n\n\n\n<blockquote class=\"twitter-tweet\"><p lang=\"fr\" dir=\"ltr\">48 heures apr\u00e8s la prise de fonction du maire de New York Zohran Mamdani le One World Trade Center est \u00e9clair\u00e9 aux couleurs de l\u2019Islam. 24 ans apr\u00e8s les attentats islamistes du 11 septembre. La messe est dite pour New York. <a href=\"https:\/\/t.co\/wA0tusz4oz\">pic.twitter.com\/wA0tusz4oz<\/a><\/p>&mdash; Eric Klein (@EricKLein_) <a href=\"https:\/\/twitter.com\/EricKLein_\/status\/2007357946884436119?ref_src=twsrc%5Etfw\">January 3, 2026<\/a><\/blockquote> <script async src=\"https:\/\/platform.twitter.com\/widgets.js\" charset=\"utf-8\"><\/script>\n\n\n\n<p>La cruelle ironie de la sc\u00e8ne n\u2019a pas \u00e9chapp\u00e9 \u00e0 nombre d\u2019internautes.&nbsp;<em>\u00ab Quelle honte et quelle insulte pour tous les personnes d\u00e9c\u00e9d\u00e9es le 11 septembre \u00bb<\/em>, s\u2019est indign\u00e9e&nbsp;<a href=\"https:\/\/x.com\/violette_muguet\/status\/2007396716786733118\" target=\"_blank\" rel=\"noreferrer noopener\">Violette, sur X<\/a>.&nbsp;<em>\u00ab La boucle est boucl\u00e9e, Oussama ben Laden a gagn\u00e9 \u00bb<\/em>, a ajout\u00e9&nbsp;<a href=\"https:\/\/x.com\/boi62920\/status\/2007447566540038630\" target=\"_blank\" rel=\"noreferrer noopener\">Fran\u00e7ois<\/a>.&nbsp;<em>\u00ab Combien de temps avant qu&rsquo;ils diffusent le muezzin du haut de l&rsquo;Empire State Building ? \u00bb<\/em>, s\u2019est interrog\u00e9&nbsp;<a href=\"https:\/\/x.com\/hounoz\/status\/2007393030308090146\" target=\"_blank\" rel=\"noreferrer noopener\">un autre Fran\u00e7ais<\/a>. Ladite&nbsp;<em>\u00ab contribution \u00bb<\/em>&nbsp;des musulmans \u00e0 la ville de New York ne laisse pas d\u2019\u00e9tonner, \u00e9galement.&nbsp;<em>\u00ab Cela fait quatre fois que je vais \u00e0 NY. La seule visibilit\u00e9 de l&rsquo;islam l\u00e0-bas, ce sont les food-trucks halal<\/em>, a ainsi r\u00e9agi&nbsp;<a href=\"https:\/\/x.com\/Romualddu13\/status\/2007383334297485327\" target=\"_blank\" rel=\"noreferrer noopener\">Romuald<\/a>.&nbsp;<em>Quelle percutante contribution&#8230; \u00bb<\/em><\/p>\n\n\n\n<h2 class=\"wp-block-heading\">Un maire islamo-wokiste<\/h2>\n\n\n\n<p>En l\u2019espace de quelques jours \u00e0 peine, Zohran Mamdani a d\u2019ores et d\u00e9j\u00e0 envoy\u00e9 tous les signaux attendus par sa communaut\u00e9. Imm\u00e9diatement apr\u00e8s avoir pr\u00eat\u00e9 serment la main sur le Coran, ce pro-palestinien radical a pris plusieurs mesures qui donnent le ton de son futur mandat : il a annul\u00e9 un premier d\u00e9cret s\u2019opposant officiellement au boycott d\u2019Isra\u00ebl et abrog\u00e9 un second qui consacrait l\u2019adoption par la ville de la d\u00e9finition de l\u2019antis\u00e9mitisme de l\u2019Alliance internationale pour la m\u00e9moire de l\u2019Holocauste (IHRA), largement utilis\u00e9e \u00e0 l\u2019\u00e9chelle internationale et incluant la n\u00e9gation du droit du peuple juif \u00e0 l\u2019autod\u00e9termination. En clair, il sera d\u00e9sormais th\u00e9oriquement possible, pour le nouveau maire, d\u2019en appeler au d\u00e9mant\u00e8lement de l\u2019\u00c9tat juif sans crainte de se faire traiter d\u2019antis\u00e9mite en retour.<\/p>\n\n\n\n<blockquote class=\"twitter-tweet\"><p lang=\"fr\" dir=\"ltr\">New York : Mamdani abroge la d\u00e9finition de l&#39;antis\u00e9mitisme de l&#39;IHRA et autorise le boycott d&#39;Isra\u00ebl <a href=\"https:\/\/t.co\/4mv19fMmlo\">https:\/\/t.co\/4mv19fMmlo<\/a><\/p>&mdash; i24NEWS Fran\u00e7ais (@i24NEWS_FR) <a href=\"https:\/\/twitter.com\/i24NEWS_FR\/status\/2006966757148471711?ref_src=twsrc%5Etfw\">January 2, 2026<\/a><\/blockquote> <script async src=\"https:\/\/platform.twitter.com\/widgets.js\" charset=\"utf-8\"><\/script>\n\n\n\n<p>\u00c0 ce sujet \u2014&nbsp;<a href=\"https:\/\/www.bvoltaire.fr\/point-de-vue-nominations-controversees-serment-sur-le-coran-z-mamdani-a-la-tete-de-new-york\/\">[POINT DE VUE] Nominations controvers\u00e9es, serment sur le Coran&nbsp;: Z. Mamdani \u00e0 la t\u00eate de New York<\/a><br>En parall\u00e8le, le tr\u00e8s ambigu Mamdani soigne son image de gauchiste bon teint. Il a mis \u00e0 son programme la gratuit\u00e9 totale des bus, le gel des loyers de deux millions de logements, ainsi que la cr\u00e9ation d\u2019un r\u00e9seau municipal d\u2019\u00e9piceries sociales, \u00e0 but non lucratif. Souhaitant ratisser aussi large que possible, le trentenaire a men\u00e9 une campagne 100 % intersectionnelle, jurant son engagement r\u00e9solu en faveur des droits \u00ab LGBTQ+ \u00bb, et plus particuli\u00e8rement des personnes trans.&nbsp;<em>\u00ab&nbsp;La strat\u00e9gie de recrutement de Zohran Mamdani est simple&nbsp;: nommer une personne LGBTQ+ \u00e0 un poste visible&nbsp;<a href=\"https:\/\/x.com\/FBBlackler\/status\/2006825488581537952\" target=\"_blank\" rel=\"noreferrer noopener\">afin que les gauchistes acceptent la nomination d\u2019un djihadiste<\/a>&nbsp;\u00e0 un poste plus crucial&nbsp;\u00bb<\/em>, a ainsi tweet\u00e9 l\u2019anthropologue&nbsp;<a href=\"https:\/\/www.bvoltaire.fr\/frerisme-pour-f-bergeaud-blackler-il-faut-informer-les-francais\/\" target=\"_blank\" rel=\"noreferrer noopener\">Florence Bergeaud-Blackler<\/a>. Le 2 janvier, Zohran Mamdani a ainsi nomm\u00e9 au poste cl\u00e9 de&nbsp;<em>\u00ab Chief Counsel \u00bb<\/em>&nbsp;un certain Ramzi Kassem, avocat&nbsp;<a href=\"https:\/\/www.instagram.com\/reels\/DTBg1jPiBnf\/\" target=\"_blank\" rel=\"noreferrer noopener\">notoirement connu pour avoir assur\u00e9 la d\u00e9fense d\u2019un terroriste d\u2019Al-Qa\u00efda<\/a>\u2026<\/p>\n\n\n\n<h2 class=\"wp-block-heading\">Un as de la taq\u00eeya<\/h2>\n\n\n\n<p>\u00c0 l\u2019image de l\u2019extr\u00eame gauche fran\u00e7aise, le camp d\u00e9mocrate am\u00e9ricain est actuellement phagocyt\u00e9 par une mouvance qui dissimule son app\u00e9tit de conqu\u00eate civilisationnelle sous les habits convenus du progressisme.&nbsp;<em>\u00ab&nbsp;<a href=\"https:\/\/x.com\/FBBlackler\/status\/2007589891946013011\" target=\"_blank\" rel=\"noreferrer noopener\">Mamdani est un fr\u00e9riste d\u00e9guis\u00e9 en communiste<\/a>&nbsp;\u00bb<\/em>, analyse encore Florence Bergeaud-Blackler, sp\u00e9cialiste du sujet. Les vid\u00e9os dans lesquelles celui qui n\u2019\u00e9tait pas encore en campagne laisse tomber le masque (en costume traditionnel, le ton belliqueux) sont en effet sans \u00e9quivoque.<\/p>\n\n\n\n<blockquote class=\"twitter-tweet\"><p lang=\"fr\" dir=\"ltr\">Mamdani parle le langage de la gauche mais son message, ses actes disent autre chose\u2026 le Voici sans fard. <a href=\"https:\/\/t.co\/jysqW6sudx\">https:\/\/t.co\/jysqW6sudx<\/a><\/p>&mdash; Florence Bergeaud-Blackler \ud83c\udf93 (@FBBlackler) <a href=\"https:\/\/twitter.com\/FBBlackler\/status\/2007105969310847197?ref_src=twsrc%5Etfw\">January 2, 2026<\/a><\/blockquote> <script async src=\"https:\/\/platform.twitter.com\/widgets.js\" charset=\"utf-8\"><\/script>\n\n\n\n<p><a href=\"https:\/\/www.bvoltaire.fr\/auteur\/jeankast\/\">Jean Kast<\/a>, dans BV<\/p>\n\n\n\n<p><\/p>\n","protected":false},"excerpt":{"rendered":"<p>Articles : Jan 2026 &#8211; Dec. 2025 &#8211; Nov. 2025 &#8211; Oct. 2025 &#8211;Facebook&nbsp;:&nbsp;https:\/\/www.facebook.com\/profile.php?id=100069673161887 Twitter : https:\/\/twitter.com\/OrtfNews Music 24\/24 : http:\/\/DJMUSIC.fr #webtube : Ce 3 janvier ont ainsi \u00e9t\u00e9 habill\u00e9s de lumi\u00e8re verte pas moins de 16 \u00e9difices, dont le One World Trade Center&#8230; \u00c0 peine 48 heures apr\u00e8s la prise de fonction du nouveau &hellip; <a href=\"https:\/\/webtube.fr\/index.php\/2026\/01\/05\/new-york-le-world-trade-center-illumine-aux-couleurs-de-lislam\/\" class=\"more-link\">Continuer la lecture<span class=\"screen-reader-text\"> de &laquo;&nbsp;. New York : le World Trade Center illumin\u00e9 aux couleurs de\u2026 l\u2019islam&nbsp;&raquo;<\/span><\/a><\/p>\n","protected":false},"author":1,"featured_media":0,"comment_status":"open","ping_status":"open","sticky":false,"template":"","format":"standard","meta":{"_jetpack_memberships_contains_paid_content":false,"footnotes":""},"categories":[1],"tags":[],"class_list":["post-30956","post","type-post","status-publish","format-standard","hentry","category-uncategorized"],"yoast_head":"<!-- This site is optimized with the Yoast SEO plugin v27.3 - https:\/\/yoast.com\/product\/yoast-seo-wordpress\/ -->\n<title>. New York : le World Trade Center illumin\u00e9 aux couleurs de\u2026 l\u2019islam - # WEBTUBE.fr<\/title>\n<meta name=\"robots\" content=\"index, follow, max-snippet:-1, max-image-preview:large, max-video-preview:-1\" \/>\n<link rel=\"canonical\" href=\"https:\/\/webtube.fr\/index.php\/2026\/01\/05\/new-york-le-world-trade-center-illumine-aux-couleurs-de-lislam\/\" \/>\n<meta property=\"og:locale\" content=\"fr_FR\" \/>\n<meta property=\"og:type\" content=\"article\" \/>\n<meta property=\"og:title\" content=\". New York : le World Trade Center illumin\u00e9 aux couleurs de\u2026 l\u2019islam - # WEBTUBE.fr\" \/>\n<meta property=\"og:description\" content=\"Articles : Jan 2026 &#8211; Dec. 2025 &#8211; Nov. 2025 &#8211; Oct. 2025 &#8211;Facebook&nbsp;:&nbsp;https:\/\/www.facebook.com\/profile.php?id=100069673161887 Twitter : https:\/\/twitter.com\/OrtfNews Music 24\/24 : http:\/\/DJMUSIC.fr #webtube : Ce 3 janvier ont ainsi \u00e9t\u00e9 habill\u00e9s de lumi\u00e8re verte pas moins de 16 \u00e9difices, dont le One World Trade Center&#8230; \u00c0 peine 48 heures apr\u00e8s la prise de fonction du nouveau &hellip; Continuer la lecture de &laquo;&nbsp;. New York : le World Trade Center illumin\u00e9 aux couleurs de\u2026 l\u2019islam&nbsp;&raquo;\" \/>\n<meta property=\"og:url\" content=\"https:\/\/webtube.fr\/index.php\/2026\/01\/05\/new-york-le-world-trade-center-illumine-aux-couleurs-de-lislam\/\" \/>\n<meta property=\"og:site_name\" content=\"# WEBTUBE.fr\" \/>\n<meta property=\"article:publisher\" content=\"https:\/\/www.facebook.com\/profile.php?id=100069673161887\" \/>\n<meta property=\"article:published_time\" content=\"2026-01-05T07:04:35+00:00\" \/>\n<meta property=\"og:image\" content=\"https:\/\/media.bvoltaire.fr\/file\/Bvoltaire\/2026\/01\/IL20260104141215-new-york-green-1-scaled-929x522.jpg\" \/>\n<meta name=\"author\" content=\"admin5851\" \/>\n<meta name=\"twitter:card\" content=\"summary_large_image\" \/>\n<meta name=\"twitter:creator\" content=\"@OrtfNews\" \/>\n<meta name=\"twitter:site\" content=\"@OrtfNews\" \/>\n<meta name=\"twitter:label1\" content=\"\u00c9crit par\" \/>\n\t<meta name=\"twitter:data1\" content=\"admin5851\" \/>\n\t<meta name=\"twitter:label2\" content=\"Dur\u00e9e de lecture estim\u00e9e\" \/>\n\t<meta name=\"twitter:data2\" content=\"4 minutes\" \/>\n<script type=\"application\/ld+json\" class=\"yoast-schema-graph\">{\"@context\":\"https:\\\/\\\/schema.org\",\"@graph\":[{\"@type\":\"Article\",\"@id\":\"https:\\\/\\\/webtube.fr\\\/index.php\\\/2026\\\/01\\\/05\\\/new-york-le-world-trade-center-illumine-aux-couleurs-de-lislam\\\/#article\",\"isPartOf\":{\"@id\":\"https:\\\/\\\/webtube.fr\\\/index.php\\\/2026\\\/01\\\/05\\\/new-york-le-world-trade-center-illumine-aux-couleurs-de-lislam\\\/\"},\"author\":{\"name\":\"admin5851\",\"@id\":\"https:\\\/\\\/webtube.fr\\\/#\\\/schema\\\/person\\\/dcc633686e0e2a79a6bf7b92c9507618\"},\"headline\":\". New York : le World Trade Center illumin\u00e9 aux couleurs de\u2026 l\u2019islam\",\"datePublished\":\"2026-01-05T07:04:35+00:00\",\"mainEntityOfPage\":{\"@id\":\"https:\\\/\\\/webtube.fr\\\/index.php\\\/2026\\\/01\\\/05\\\/new-york-le-world-trade-center-illumine-aux-couleurs-de-lislam\\\/\"},\"wordCount\":890,\"commentCount\":0,\"publisher\":{\"@id\":\"https:\\\/\\\/webtube.fr\\\/#organization\"},\"image\":{\"@id\":\"https:\\\/\\\/webtube.fr\\\/index.php\\\/2026\\\/01\\\/05\\\/new-york-le-world-trade-center-illumine-aux-couleurs-de-lislam\\\/#primaryimage\"},\"thumbnailUrl\":\"https:\\\/\\\/media.bvoltaire.fr\\\/file\\\/Bvoltaire\\\/2026\\\/01\\\/IL20260104141215-new-york-green-1-scaled-929x522.jpg\",\"articleSection\":[\"Uncategorized\"],\"inLanguage\":\"fr-FR\",\"potentialAction\":[{\"@type\":\"CommentAction\",\"name\":\"Comment\",\"target\":[\"https:\\\/\\\/webtube.fr\\\/index.php\\\/2026\\\/01\\\/05\\\/new-york-le-world-trade-center-illumine-aux-couleurs-de-lislam\\\/#respond\"]}]},{\"@type\":\"WebPage\",\"@id\":\"https:\\\/\\\/webtube.fr\\\/index.php\\\/2026\\\/01\\\/05\\\/new-york-le-world-trade-center-illumine-aux-couleurs-de-lislam\\\/\",\"url\":\"https:\\\/\\\/webtube.fr\\\/index.php\\\/2026\\\/01\\\/05\\\/new-york-le-world-trade-center-illumine-aux-couleurs-de-lislam\\\/\",\"name\":\". New York : le World Trade Center illumin\u00e9 aux couleurs de\u2026 l\u2019islam - # WEBTUBE.fr\",\"isPartOf\":{\"@id\":\"https:\\\/\\\/webtube.fr\\\/#website\"},\"primaryImageOfPage\":{\"@id\":\"https:\\\/\\\/webtube.fr\\\/index.php\\\/2026\\\/01\\\/05\\\/new-york-le-world-trade-center-illumine-aux-couleurs-de-lislam\\\/#primaryimage\"},\"image\":{\"@id\":\"https:\\\/\\\/webtube.fr\\\/index.php\\\/2026\\\/01\\\/05\\\/new-york-le-world-trade-center-illumine-aux-couleurs-de-lislam\\\/#primaryimage\"},\"thumbnailUrl\":\"https:\\\/\\\/media.bvoltaire.fr\\\/file\\\/Bvoltaire\\\/2026\\\/01\\\/IL20260104141215-new-york-green-1-scaled-929x522.jpg\",\"datePublished\":\"2026-01-05T07:04:35+00:00\",\"breadcrumb\":{\"@id\":\"https:\\\/\\\/webtube.fr\\\/index.php\\\/2026\\\/01\\\/05\\\/new-york-le-world-trade-center-illumine-aux-couleurs-de-lislam\\\/#breadcrumb\"},\"inLanguage\":\"fr-FR\",\"potentialAction\":[{\"@type\":\"ReadAction\",\"target\":[\"https:\\\/\\\/webtube.fr\\\/index.php\\\/2026\\\/01\\\/05\\\/new-york-le-world-trade-center-illumine-aux-couleurs-de-lislam\\\/\"]}]},{\"@type\":\"ImageObject\",\"inLanguage\":\"fr-FR\",\"@id\":\"https:\\\/\\\/webtube.fr\\\/index.php\\\/2026\\\/01\\\/05\\\/new-york-le-world-trade-center-illumine-aux-couleurs-de-lislam\\\/#primaryimage\",\"url\":\"https:\\\/\\\/media.bvoltaire.fr\\\/file\\\/Bvoltaire\\\/2026\\\/01\\\/IL20260104141215-new-york-green-1-scaled-929x522.jpg\",\"contentUrl\":\"https:\\\/\\\/media.bvoltaire.fr\\\/file\\\/Bvoltaire\\\/2026\\\/01\\\/IL20260104141215-new-york-green-1-scaled-929x522.jpg\"},{\"@type\":\"BreadcrumbList\",\"@id\":\"https:\\\/\\\/webtube.fr\\\/index.php\\\/2026\\\/01\\\/05\\\/new-york-le-world-trade-center-illumine-aux-couleurs-de-lislam\\\/#breadcrumb\",\"itemListElement\":[{\"@type\":\"ListItem\",\"position\":1,\"name\":\"Accueil\",\"item\":\"https:\\\/\\\/webtube.fr\\\/\"},{\"@type\":\"ListItem\",\"position\":2,\"name\":\". New York : le World Trade Center illumin\u00e9 aux couleurs de\u2026 l\u2019islam\"}]},{\"@type\":\"WebSite\",\"@id\":\"https:\\\/\\\/webtube.fr\\\/#website\",\"url\":\"https:\\\/\\\/webtube.fr\\\/\",\"name\":\"WEBTUBE\",\"description\":\"WEBTUBE.fr  Streaming Vid\u00e9o and News , toutes les infos sans filtres !\",\"publisher\":{\"@id\":\"https:\\\/\\\/webtube.fr\\\/#organization\"},\"alternateName\":\"Rutube\",\"potentialAction\":[{\"@type\":\"SearchAction\",\"target\":{\"@type\":\"EntryPoint\",\"urlTemplate\":\"https:\\\/\\\/webtube.fr\\\/?s={search_term_string}\"},\"query-input\":{\"@type\":\"PropertyValueSpecification\",\"valueRequired\":true,\"valueName\":\"search_term_string\"}}],\"inLanguage\":\"fr-FR\"},{\"@type\":\"Organization\",\"@id\":\"https:\\\/\\\/webtube.fr\\\/#organization\",\"name\":\"# WEBTUBE.fr\",\"url\":\"https:\\\/\\\/webtube.fr\\\/\",\"logo\":{\"@type\":\"ImageObject\",\"inLanguage\":\"fr-FR\",\"@id\":\"https:\\\/\\\/webtube.fr\\\/#\\\/schema\\\/logo\\\/image\\\/\",\"url\":\"https:\\\/\\\/webtube.fr\\\/wp-content\\\/uploads\\\/2025\\\/09\\\/cropped-Logo_webtubeIA-1.jpg\",\"contentUrl\":\"https:\\\/\\\/webtube.fr\\\/wp-content\\\/uploads\\\/2025\\\/09\\\/cropped-Logo_webtubeIA-1.jpg\",\"width\":240,\"height\":240,\"caption\":\"# WEBTUBE.fr\"},\"image\":{\"@id\":\"https:\\\/\\\/webtube.fr\\\/#\\\/schema\\\/logo\\\/image\\\/\"},\"sameAs\":[\"https:\\\/\\\/www.facebook.com\\\/profile.php?id=100069673161887\",\"https:\\\/\\\/x.com\\\/OrtfNews\",\"https:\\\/\\\/www.facebook.com\\\/profile.php?id=100013751440523\"]},{\"@type\":\"Person\",\"@id\":\"https:\\\/\\\/webtube.fr\\\/#\\\/schema\\\/person\\\/dcc633686e0e2a79a6bf7b92c9507618\",\"name\":\"admin5851\",\"image\":{\"@type\":\"ImageObject\",\"inLanguage\":\"fr-FR\",\"@id\":\"https:\\\/\\\/secure.gravatar.com\\\/avatar\\\/ea1b672a827879c0febb022a108a871292b3d08fadc66a0a43fa47acfe82e38a?s=96&d=mm&r=g\",\"url\":\"https:\\\/\\\/secure.gravatar.com\\\/avatar\\\/ea1b672a827879c0febb022a108a871292b3d08fadc66a0a43fa47acfe82e38a?s=96&d=mm&r=g\",\"contentUrl\":\"https:\\\/\\\/secure.gravatar.com\\\/avatar\\\/ea1b672a827879c0febb022a108a871292b3d08fadc66a0a43fa47acfe82e38a?s=96&d=mm&r=g\",\"caption\":\"admin5851\"},\"sameAs\":[\"http:\\\/\\\/linlcju.cluster100.hosting.ovh.net\"],\"url\":\"https:\\\/\\\/webtube.fr\\\/index.php\\\/author\\\/admin5851\\\/\"}]}<\/script>\n<!-- \/ Yoast SEO plugin. -->","yoast_head_json":{"title":". New York : le World Trade Center illumin\u00e9 aux couleurs de\u2026 l\u2019islam - # WEBTUBE.fr","robots":{"index":"index","follow":"follow","max-snippet":"max-snippet:-1","max-image-preview":"max-image-preview:large","max-video-preview":"max-video-preview:-1"},"canonical":"https:\/\/webtube.fr\/index.php\/2026\/01\/05\/new-york-le-world-trade-center-illumine-aux-couleurs-de-lislam\/","og_locale":"fr_FR","og_type":"article","og_title":". New York : le World Trade Center illumin\u00e9 aux couleurs de\u2026 l\u2019islam - # WEBTUBE.fr","og_description":"Articles : Jan 2026 &#8211; Dec. 2025 &#8211; Nov. 2025 &#8211; Oct. 2025 &#8211;Facebook&nbsp;:&nbsp;https:\/\/www.facebook.com\/profile.php?id=100069673161887 Twitter : https:\/\/twitter.com\/OrtfNews Music 24\/24 : http:\/\/DJMUSIC.fr #webtube : Ce 3 janvier ont ainsi \u00e9t\u00e9 habill\u00e9s de lumi\u00e8re verte pas moins de 16 \u00e9difices, dont le One World Trade Center&#8230; \u00c0 peine 48 heures apr\u00e8s la prise de fonction du nouveau &hellip; Continuer la lecture de &laquo;&nbsp;. New York : le World Trade Center illumin\u00e9 aux couleurs de\u2026 l\u2019islam&nbsp;&raquo;","og_url":"https:\/\/webtube.fr\/index.php\/2026\/01\/05\/new-york-le-world-trade-center-illumine-aux-couleurs-de-lislam\/","og_site_name":"# WEBTUBE.fr","article_publisher":"https:\/\/www.facebook.com\/profile.php?id=100069673161887","article_published_time":"2026-01-05T07:04:35+00:00","og_image":[{"url":"https:\/\/media.bvoltaire.fr\/file\/Bvoltaire\/2026\/01\/IL20260104141215-new-york-green-1-scaled-929x522.jpg","type":"","width":"","height":""}],"author":"admin5851","twitter_card":"summary_large_image","twitter_creator":"@OrtfNews","twitter_site":"@OrtfNews","twitter_misc":{"\u00c9crit par":"admin5851","Dur\u00e9e de lecture estim\u00e9e":"4 minutes"},"schema":{"@context":"https:\/\/schema.org","@graph":[{"@type":"Article","@id":"https:\/\/webtube.fr\/index.php\/2026\/01\/05\/new-york-le-world-trade-center-illumine-aux-couleurs-de-lislam\/#article","isPartOf":{"@id":"https:\/\/webtube.fr\/index.php\/2026\/01\/05\/new-york-le-world-trade-center-illumine-aux-couleurs-de-lislam\/"},"author":{"name":"admin5851","@id":"https:\/\/webtube.fr\/#\/schema\/person\/dcc633686e0e2a79a6bf7b92c9507618"},"headline":". New York : le World Trade Center illumin\u00e9 aux couleurs de\u2026 l\u2019islam","datePublished":"2026-01-05T07:04:35+00:00","mainEntityOfPage":{"@id":"https:\/\/webtube.fr\/index.php\/2026\/01\/05\/new-york-le-world-trade-center-illumine-aux-couleurs-de-lislam\/"},"wordCount":890,"commentCount":0,"publisher":{"@id":"https:\/\/webtube.fr\/#organization"},"image":{"@id":"https:\/\/webtube.fr\/index.php\/2026\/01\/05\/new-york-le-world-trade-center-illumine-aux-couleurs-de-lislam\/#primaryimage"},"thumbnailUrl":"https:\/\/media.bvoltaire.fr\/file\/Bvoltaire\/2026\/01\/IL20260104141215-new-york-green-1-scaled-929x522.jpg","articleSection":["Uncategorized"],"inLanguage":"fr-FR","potentialAction":[{"@type":"CommentAction","name":"Comment","target":["https:\/\/webtube.fr\/index.php\/2026\/01\/05\/new-york-le-world-trade-center-illumine-aux-couleurs-de-lislam\/#respond"]}]},{"@type":"WebPage","@id":"https:\/\/webtube.fr\/index.php\/2026\/01\/05\/new-york-le-world-trade-center-illumine-aux-couleurs-de-lislam\/","url":"https:\/\/webtube.fr\/index.php\/2026\/01\/05\/new-york-le-world-trade-center-illumine-aux-couleurs-de-lislam\/","name":". New York : le World Trade Center illumin\u00e9 aux couleurs de\u2026 l\u2019islam - # WEBTUBE.fr","isPartOf":{"@id":"https:\/\/webtube.fr\/#website"},"primaryImageOfPage":{"@id":"https:\/\/webtube.fr\/index.php\/2026\/01\/05\/new-york-le-world-trade-center-illumine-aux-couleurs-de-lislam\/#primaryimage"},"image":{"@id":"https:\/\/webtube.fr\/index.php\/2026\/01\/05\/new-york-le-world-trade-center-illumine-aux-couleurs-de-lislam\/#primaryimage"},"thumbnailUrl":"https:\/\/media.bvoltaire.fr\/file\/Bvoltaire\/2026\/01\/IL20260104141215-new-york-green-1-scaled-929x522.jpg","datePublished":"2026-01-05T07:04:35+00:00","breadcrumb":{"@id":"https:\/\/webtube.fr\/index.php\/2026\/01\/05\/new-york-le-world-trade-center-illumine-aux-couleurs-de-lislam\/#breadcrumb"},"inLanguage":"fr-FR","potentialAction":[{"@type":"ReadAction","target":["https:\/\/webtube.fr\/index.php\/2026\/01\/05\/new-york-le-world-trade-center-illumine-aux-couleurs-de-lislam\/"]}]},{"@type":"ImageObject","inLanguage":"fr-FR","@id":"https:\/\/webtube.fr\/index.php\/2026\/01\/05\/new-york-le-world-trade-center-illumine-aux-couleurs-de-lislam\/#primaryimage","url":"https:\/\/media.bvoltaire.fr\/file\/Bvoltaire\/2026\/01\/IL20260104141215-new-york-green-1-scaled-929x522.jpg","contentUrl":"https:\/\/media.bvoltaire.fr\/file\/Bvoltaire\/2026\/01\/IL20260104141215-new-york-green-1-scaled-929x522.jpg"},{"@type":"BreadcrumbList","@id":"https:\/\/webtube.fr\/index.php\/2026\/01\/05\/new-york-le-world-trade-center-illumine-aux-couleurs-de-lislam\/#breadcrumb","itemListElement":[{"@type":"ListItem","position":1,"name":"Accueil","item":"https:\/\/webtube.fr\/"},{"@type":"ListItem","position":2,"name":". New York : le World Trade Center illumin\u00e9 aux couleurs de\u2026 l\u2019islam"}]},{"@type":"WebSite","@id":"https:\/\/webtube.fr\/#website","url":"https:\/\/webtube.fr\/","name":"WEBTUBE","description":"WEBTUBE.fr  Streaming Vid\u00e9o and News , toutes les infos sans filtres !","publisher":{"@id":"https:\/\/webtube.fr\/#organization"},"alternateName":"Rutube","potentialAction":[{"@type":"SearchAction","target":{"@type":"EntryPoint","urlTemplate":"https:\/\/webtube.fr\/?s={search_term_string}"},"query-input":{"@type":"PropertyValueSpecification","valueRequired":true,"valueName":"search_term_string"}}],"inLanguage":"fr-FR"},{"@type":"Organization","@id":"https:\/\/webtube.fr\/#organization","name":"# WEBTUBE.fr","url":"https:\/\/webtube.fr\/","logo":{"@type":"ImageObject","inLanguage":"fr-FR","@id":"https:\/\/webtube.fr\/#\/schema\/logo\/image\/","url":"https:\/\/webtube.fr\/wp-content\/uploads\/2025\/09\/cropped-Logo_webtubeIA-1.jpg","contentUrl":"https:\/\/webtube.fr\/wp-content\/uploads\/2025\/09\/cropped-Logo_webtubeIA-1.jpg","width":240,"height":240,"caption":"# WEBTUBE.fr"},"image":{"@id":"https:\/\/webtube.fr\/#\/schema\/logo\/image\/"},"sameAs":["https:\/\/www.facebook.com\/profile.php?id=100069673161887","https:\/\/x.com\/OrtfNews","https:\/\/www.facebook.com\/profile.php?id=100013751440523"]},{"@type":"Person","@id":"https:\/\/webtube.fr\/#\/schema\/person\/dcc633686e0e2a79a6bf7b92c9507618","name":"admin5851","image":{"@type":"ImageObject","inLanguage":"fr-FR","@id":"https:\/\/secure.gravatar.com\/avatar\/ea1b672a827879c0febb022a108a871292b3d08fadc66a0a43fa47acfe82e38a?s=96&d=mm&r=g","url":"https:\/\/secure.gravatar.com\/avatar\/ea1b672a827879c0febb022a108a871292b3d08fadc66a0a43fa47acfe82e38a?s=96&d=mm&r=g","contentUrl":"https:\/\/secure.gravatar.com\/avatar\/ea1b672a827879c0febb022a108a871292b3d08fadc66a0a43fa47acfe82e38a?s=96&d=mm&r=g","caption":"admin5851"},"sameAs":["http:\/\/linlcju.cluster100.hosting.ovh.net"],"url":"https:\/\/webtube.fr\/index.php\/author\/admin5851\/"}]}},"jetpack_featured_media_url":"","jetpack_sharing_enabled":true,"_links":{"self":[{"href":"https:\/\/webtube.fr\/index.php\/wp-json\/wp\/v2\/posts\/30956","targetHints":{"allow":["GET"]}}],"collection":[{"href":"https:\/\/webtube.fr\/index.php\/wp-json\/wp\/v2\/posts"}],"about":[{"href":"https:\/\/webtube.fr\/index.php\/wp-json\/wp\/v2\/types\/post"}],"author":[{"embeddable":true,"href":"https:\/\/webtube.fr\/index.php\/wp-json\/wp\/v2\/users\/1"}],"replies":[{"embeddable":true,"href":"https:\/\/webtube.fr\/index.php\/wp-json\/wp\/v2\/comments?post=30956"}],"version-history":[{"count":1,"href":"https:\/\/webtube.fr\/index.php\/wp-json\/wp\/v2\/posts\/30956\/revisions"}],"predecessor-version":[{"id":30957,"href":"https:\/\/webtube.fr\/index.php\/wp-json\/wp\/v2\/posts\/30956\/revisions\/30957"}],"wp:attachment":[{"href":"https:\/\/webtube.fr\/index.php\/wp-json\/wp\/v2\/media?parent=30956"}],"wp:term":[{"taxonomy":"category","embeddable":true,"href":"https:\/\/webtube.fr\/index.php\/wp-json\/wp\/v2\/categories?post=30956"},{"taxonomy":"post_tag","embeddable":true,"href":"https:\/\/webtube.fr\/index.php\/wp-json\/wp\/v2\/tags?post=30956"}],"curies":[{"name":"wp","href":"https:\/\/api.w.org\/{rel}","templated":true}]}}