{"id":30945,"date":"2026-01-04T08:34:01","date_gmt":"2026-01-04T08:34:01","guid":{"rendered":"https:\/\/webtube.fr\/?p=30945"},"modified":"2026-01-04T08:34:01","modified_gmt":"2026-01-04T08:34:01","slug":"lille-un-groupe-antifa-brule-des-drapeaux-francais-et-le-revendique-sur-les-reseaux","status":"publish","type":"post","link":"https:\/\/webtube.fr\/index.php\/2026\/01\/04\/lille-un-groupe-antifa-brule-des-drapeaux-francais-et-le-revendique-sur-les-reseaux\/","title":{"rendered":". Lille : un groupe antifa br\u00fble des drapeaux fran\u00e7ais et le revendique sur les r\u00e9seaux"},"content":{"rendered":"\n<p>Articles : <a href=\"https:\/\/webtube.fr\/index.php\/2026\/01\/\" target=\"_blank\" rel=\"noreferrer noopener\">Jan 2026<\/a> &#8211; <a href=\"https:\/\/webtube.fr\/index.php\/2025\/12\/\" target=\"_blank\" rel=\"noreferrer noopener\">Dec. 2025<\/a> &#8211; <a href=\"https:\/\/webtube.fr\/index.php\/2025\/11\/\">Nov. 2025<\/a> &#8211; <a href=\"https:\/\/webtube.fr\/index.php\/2025\/10\/\" target=\"_blank\" rel=\"noreferrer noopener\">Oct. 2025<\/a> &#8211;<br>Facebook&nbsp;:&nbsp;<a href=\"https:\/\/www.facebook.com\/profile.php?id=100069673161887\">https:\/\/www.facebook.com\/profile.php?id=100069673161887<\/a> Twitter : <a href=\"https:\/\/twitter.com\/OrtfNews\" target=\"_blank\" rel=\"noreferrer noopener\">https:\/\/twitter.com\/OrtfNews<\/a> Music 24\/24 : <a href=\"http:\/\/DJMUSIC.fr\/\" target=\"_blank\" rel=\"noreferrer noopener\">http:\/\/DJMUSIC.fr<\/a><\/p>\n\n\n\n<figure class=\"wp-block-image size-large\"><a href=\"http:\/\/weboomedia.free.fr\/ORTF\/php\/\" target=\"_blank\" rel=\" noreferrer noopener\"><img decoding=\"async\" src=\"https:\/\/media.bvoltaire.fr\/file\/Bvoltaire\/2026\/01\/IL20260102173409-photo-11-scaled-929x522.png\" alt=\"\"\/><\/a><\/figure>\n\n\n\n<p><strong>#webtube<\/strong> :<em> La destruction ou l\u2019outrage au drapeau tricolore dans l\u2019espace public est passible d\u2019une amende de 1 500 euros. Parce qu\u2019ils semblent avoir cru bon de placer la nouvelle ann\u00e9e sous le signe de la haine de la patrie, des individus se sont mis en sc\u00e8ne, dans la nuit du 31 d\u00e9cembre, en train d\u2019arracher, de pi\u00e9tiner et de br\u00fbler des drapeaux tricolores accroch\u00e9s dans diff\u00e9rents lieux de la m\u00e9tropole lilloise.<\/em><\/p>\n\n\n\n<p>Publi\u00e9e sur Internet, avec en fond sonore la c\u00e9l\u00e8bre chanson de Charles Trenet Douce France, la vid\u00e9o que le fondateur d\u2019<em>Occidentis<\/em>&nbsp;et directeur \u00e9ditorial du m\u00e9dia&nbsp;<em>Fronti\u00e8res<\/em>, David Alaime, a d\u00e9nich\u00e9e et fait circuler sur les r\u00e9seaux sociaux (<a href=\"https:\/\/www.instagram.com\/p\/DS-eV4-DRyE\/?utm_source=ig_embed&amp;utm_campaign=invalid\" target=\"_blank\" rel=\"noreferrer noopener\">\u00e0 voir ici<\/a>), ach\u00e8ve de d\u00e9montrer une chose certaine : les antifas ha\u00efssent la France et, d\u2019une certaine mani\u00e8re, veulent la voir br\u00fbler.<\/p>\n\n\n\n<h2 class=\"wp-block-heading\"><strong>La terreur antifa\u2026<\/strong><\/h2>\n\n\n\n<p>C\u2019est le tout jeune groupe antifasciste baptis\u00e9 \u00ab&nbsp;<em>Front de rue<\/em>&nbsp;\u00bb, form\u00e9 en novembre 2025, qui a revendiqu\u00e9 cette action sur son compte Instagram, dans une vid\u00e9o \u00e9ph\u00e9m\u00e8re qui a depuis disparu. Ces militants ont pour habitude d\u2019arpenter les rues de Lille lors d\u2019op\u00e9rations dites de \u00ab&nbsp;<em>Mob<\/em>&nbsp;\u00bb ou de \u00ab&nbsp;<em>ratissage<\/em>&nbsp;\u00bb, \u00e0 la recherche de militants nationalistes et patriotes, comme ils l\u2019exposent eux-m\u00eames sur&nbsp;<a href=\"https:\/\/www.instagram.com\/frontderue.antifasciste?igsh=cHFsajMzemllMW1q\" target=\"_blank\" rel=\"noreferrer noopener\">leurs r\u00e9seaux sociaux<\/a>. Faute des bastonnades qu\u2019ils semblent d\u00e9sesp\u00e9r\u00e9ment rechercher, ils se sont cette fois rabattus sur&nbsp;<a href=\"https:\/\/www.bvoltaire.fr\/point-de-vue-apres-raise-the-colours-en-gb-operationtricolore-chez-nous\/\" target=\"_blank\" rel=\"noreferrer noopener\">l&rsquo;\u00ab #<em>op\u00e9ration tricolore<\/em>&nbsp;\u00bb<\/a>&nbsp;men\u00e9e par des militants patriotes. Lanc\u00e9e en septembre 2025, cette initiative consiste \u00e0 accrocher des drapeaux fran\u00e7ais dans des lieux al\u00e9atoires de l\u2019espace public. Les antifas, en manque manifeste de sensations fortes, ont marqu\u00e9 cette fin d\u2019ann\u00e9e en allant les d\u00e9crocher pour les br\u00fbler, dans une mise en sc\u00e8ne p\u00e9nalement r\u00e9pr\u00e9hensible.<\/p>\n\n\n\n<p>Visages masqu\u00e9s et anonymis\u00e9s, ces militants se disent \u00ab&nbsp;<em>antifascistes, f\u00e9ministes et communistes<\/em>&nbsp;\u00bb et pr\u00e9tendent vouloir \u00ab&nbsp;<em>\u00e9radiquer tous les groupes violents d\u2019extr\u00eame droite et d\u2019ultra-droite [\u2026] par tous les moyens n\u00e9cessaires<\/em>&nbsp;\u00bb. Dans les faits, ils recouvrent la ville de leurs graffitis et s\u2019attaquent non pas \u00e0 des groupes violents, mais \u00e0 des actions pacifiques et \u00e0 des d\u00e9clarations d\u2019amour \u00e0 la France.<\/p>\n\n\n\n<h2 class=\"wp-block-heading\"><strong>\u2026 au service de l\u2019anti-France<\/strong><\/h2>\n\n\n\n<p>D\u00e8s lors, la figure embl\u00e9matique de l&rsquo;&nbsp;<em>\u00ab antifascisme \u00bb<\/em>&nbsp;en France, le&nbsp;<a href=\"https:\/\/www.bvoltaire.fr\/point-de-vue-contre-toute-attente-raphael-arnault-serait-violent-cest-un-ancien-lfi-qui-le-dit\/\" target=\"_blank\" rel=\"noreferrer noopener\">d\u00e9put\u00e9 LFI Rapha\u00ebl Arnault,<\/a>&nbsp;aura du mal \u00e0 faire croire que l\u2019amour de la patrie se trouverait du c\u00f4t\u00e9 des antifas. R\u00e9guli\u00e8rement, d&rsquo;ailleurs, ce sont au contraire dans leurs rangs que les symboles nationaux sont pris pour cible. \u00c0 Lyon, le&nbsp;<a href=\"https:\/\/lemediaen442.fr\/incident-a-lyon-lors-de-la-greve-des-antifas-brulent-le-drapeau-francais-apres-avoir-inscrit-dessus-nique-ta-mere\/\" target=\"_blank\" rel=\"noreferrer noopener\">31 janvier 2023<\/a>, lors de la gr\u00e8ve contre la r\u00e9forme des retraites, des antifas sont mont\u00e9s sur le toit de l\u2019office de tourisme et ont incendi\u00e9 un drapeau fran\u00e7ais sur lequel \u00e9tait inscrit \u00ab&nbsp;<em>Nique ta m\u00e8re<\/em>&nbsp;\u00bb. Quelques jours plus t\u00f4t, le 19 janvier, une sc\u00e8ne similaire avait d\u00e9j\u00e0 \u00e9t\u00e9 d\u00e9nonc\u00e9e : des antifas avaient tent\u00e9 de mettre le feu \u00e0 un drapeau tricolore, sous le regard outr\u00e9 des pompiers alors en manifestation.<\/p>\n\n\n\n<blockquote class=\"twitter-tweet\"><p lang=\"fr\" dir=\"ltr\">Les militants font barrage pour \u00e9viter les violences <a href=\"https:\/\/t.co\/CiVrs9mpaJ\">pic.twitter.com\/CiVrs9mpaJ<\/a><\/p>&mdash; Lyon Capitale (@lyoncap) <a href=\"https:\/\/twitter.com\/lyoncap\/status\/1616062120390688770?ref_src=twsrc%5Etfw\">January 19, 2023<\/a><\/blockquote> <script async src=\"https:\/\/platform.twitter.com\/widgets.js\" charset=\"utf-8\"><\/script>\n\n\n\n<p>\u00c0 ce sujet \u2014&nbsp;<a href=\"https:\/\/www.bvoltaire.fr\/point-de-vue-apres-raise-the-colours-en-gb-operationtricolore-chez-nous\/\">[POINT DE VUE] Apr\u00e8s \u00ab&nbsp;Raise the Colours en GB&nbsp;\u00bb, #Op\u00e9rationTricolore chez nous ?<\/a>.<\/p>\n\n\n\n<p>Moins d\u2019un an auparavant, toujours \u00e0 Lyon, des drapeaux fran\u00e7ais avaient \u00e9t\u00e9 br\u00fbl\u00e9s en marge d\u2019une manifestation organis\u00e9e par le mouvement \u00ab&nbsp;<em>Les Soul\u00e8vements de la Terre<\/em>&nbsp;\u00bb, une action qui avait conduit \u00e0&nbsp;<a href=\"https:\/\/www.leprogres.fr\/faits-divers-justice\/2022\/03\/05\/des-images-insupportables-des-drapeaux-francais-brules-lors-de-la-manifestation-contre-bayer-monsanto\" target=\"_blank\" rel=\"noreferrer noopener\">l\u2019interpellation de 17 personnes<\/a>. Plus r\u00e9cemment encore, en octobre 2025, des antifas ont&nbsp;<a href=\"https:\/\/www.observatoire-violences.fr\/articles\/lorient-des-antifas-aspergent-des-drapeaux-francais-de-peinture\" target=\"_blank\" rel=\"noreferrer noopener\">asperg\u00e9 de peinture des drapeaux tricolores<\/a>&nbsp;accroch\u00e9s \u00e0 une fen\u00eatre, revendiquant leur acte par des tags tels que \u00ab&nbsp;<em>BZH antifa<\/em>&nbsp;\u00bb, \u00ab&nbsp;<em>Lorient antifa<\/em>&nbsp;\u00bb ou \u00ab&nbsp;<em>Fachos cassez-vous !<\/em>&nbsp;\u00bb.<\/p>\n\n\n\n<p>\u00c0 cette heure, le parquet de Lille n\u2019a pas r\u00e9pondu \u00e0 nos sollicitations portant sur d\u2019\u00e9ventuelles suites judiciaires. Le Code p\u00e9nal pr\u00e9voit pourtant des sanctions en cas d\u2019outrage au drapeau tricolore dans l\u2019espace public et de diffusion d\u2019images de ces faits. Les auteurs encourent jusqu\u2019\u00e0 1 500 euros d\u2019amende.<\/p>\n\n\n\n<ul class=\"wp-block-list\">\n<li><a href=\"https:\/\/www.bvoltaire.fr\/auteur\/alienordepompignan\/\">Alienor de Pompignan<\/a>, dans BV<\/li>\n<\/ul>\n\n\n\n<p><\/p>\n","protected":false},"excerpt":{"rendered":"<p>Articles : Jan 2026 &#8211; Dec. 2025 &#8211; Nov. 2025 &#8211; Oct. 2025 &#8211;Facebook&nbsp;:&nbsp;https:\/\/www.facebook.com\/profile.php?id=100069673161887 Twitter : https:\/\/twitter.com\/OrtfNews Music 24\/24 : http:\/\/DJMUSIC.fr #webtube : La destruction ou l\u2019outrage au drapeau tricolore dans l\u2019espace public est passible d\u2019une amende de 1 500 euros. Parce qu\u2019ils semblent avoir cru bon de placer la nouvelle ann\u00e9e sous le signe &hellip; <a href=\"https:\/\/webtube.fr\/index.php\/2026\/01\/04\/lille-un-groupe-antifa-brule-des-drapeaux-francais-et-le-revendique-sur-les-reseaux\/\" class=\"more-link\">Continuer la lecture<span class=\"screen-reader-text\"> de &laquo;&nbsp;. Lille : un groupe antifa br\u00fble des drapeaux fran\u00e7ais et le revendique sur les r\u00e9seaux&nbsp;&raquo;<\/span><\/a><\/p>\n","protected":false},"author":1,"featured_media":0,"comment_status":"open","ping_status":"open","sticky":false,"template":"","format":"standard","meta":{"_jetpack_memberships_contains_paid_content":false,"footnotes":""},"categories":[1],"tags":[],"class_list":["post-30945","post","type-post","status-publish","format-standard","hentry","category-uncategorized"],"yoast_head":"<!-- This site is optimized with the Yoast SEO plugin v27.3 - https:\/\/yoast.com\/product\/yoast-seo-wordpress\/ -->\n<title>. Lille : un groupe antifa br\u00fble des drapeaux fran\u00e7ais et le revendique sur les r\u00e9seaux - # WEBTUBE.fr<\/title>\n<meta name=\"robots\" content=\"index, follow, max-snippet:-1, max-image-preview:large, max-video-preview:-1\" \/>\n<link rel=\"canonical\" href=\"https:\/\/webtube.fr\/index.php\/2026\/01\/04\/lille-un-groupe-antifa-brule-des-drapeaux-francais-et-le-revendique-sur-les-reseaux\/\" \/>\n<meta property=\"og:locale\" content=\"fr_FR\" \/>\n<meta property=\"og:type\" content=\"article\" \/>\n<meta property=\"og:title\" content=\". Lille : un groupe antifa br\u00fble des drapeaux fran\u00e7ais et le revendique sur les r\u00e9seaux - # WEBTUBE.fr\" \/>\n<meta property=\"og:description\" content=\"Articles : Jan 2026 &#8211; Dec. 2025 &#8211; Nov. 2025 &#8211; Oct. 2025 &#8211;Facebook&nbsp;:&nbsp;https:\/\/www.facebook.com\/profile.php?id=100069673161887 Twitter : https:\/\/twitter.com\/OrtfNews Music 24\/24 : http:\/\/DJMUSIC.fr #webtube : La destruction ou l\u2019outrage au drapeau tricolore dans l\u2019espace public est passible d\u2019une amende de 1 500 euros. Parce qu\u2019ils semblent avoir cru bon de placer la nouvelle ann\u00e9e sous le signe &hellip; Continuer la lecture de &laquo;&nbsp;. Lille : un groupe antifa br\u00fble des drapeaux fran\u00e7ais et le revendique sur les r\u00e9seaux&nbsp;&raquo;\" \/>\n<meta property=\"og:url\" content=\"https:\/\/webtube.fr\/index.php\/2026\/01\/04\/lille-un-groupe-antifa-brule-des-drapeaux-francais-et-le-revendique-sur-les-reseaux\/\" \/>\n<meta property=\"og:site_name\" content=\"# WEBTUBE.fr\" \/>\n<meta property=\"article:publisher\" content=\"https:\/\/www.facebook.com\/profile.php?id=100069673161887\" \/>\n<meta property=\"article:published_time\" content=\"2026-01-04T08:34:01+00:00\" \/>\n<meta property=\"og:image\" content=\"https:\/\/media.bvoltaire.fr\/file\/Bvoltaire\/2026\/01\/IL20260102173409-photo-11-scaled-929x522.png\" \/>\n<meta name=\"author\" content=\"admin5851\" \/>\n<meta name=\"twitter:card\" content=\"summary_large_image\" \/>\n<meta name=\"twitter:creator\" content=\"@OrtfNews\" \/>\n<meta name=\"twitter:site\" content=\"@OrtfNews\" \/>\n<meta name=\"twitter:label1\" content=\"\u00c9crit par\" \/>\n\t<meta name=\"twitter:data1\" content=\"admin5851\" \/>\n\t<meta name=\"twitter:label2\" content=\"Dur\u00e9e de lecture estim\u00e9e\" \/>\n\t<meta name=\"twitter:data2\" content=\"4 minutes\" \/>\n<script type=\"application\/ld+json\" class=\"yoast-schema-graph\">{\"@context\":\"https:\\\/\\\/schema.org\",\"@graph\":[{\"@type\":\"Article\",\"@id\":\"https:\\\/\\\/webtube.fr\\\/index.php\\\/2026\\\/01\\\/04\\\/lille-un-groupe-antifa-brule-des-drapeaux-francais-et-le-revendique-sur-les-reseaux\\\/#article\",\"isPartOf\":{\"@id\":\"https:\\\/\\\/webtube.fr\\\/index.php\\\/2026\\\/01\\\/04\\\/lille-un-groupe-antifa-brule-des-drapeaux-francais-et-le-revendique-sur-les-reseaux\\\/\"},\"author\":{\"name\":\"admin5851\",\"@id\":\"https:\\\/\\\/webtube.fr\\\/#\\\/schema\\\/person\\\/dcc633686e0e2a79a6bf7b92c9507618\"},\"headline\":\". Lille : un groupe antifa br\u00fble des drapeaux fran\u00e7ais et le revendique sur les r\u00e9seaux\",\"datePublished\":\"2026-01-04T08:34:01+00:00\",\"mainEntityOfPage\":{\"@id\":\"https:\\\/\\\/webtube.fr\\\/index.php\\\/2026\\\/01\\\/04\\\/lille-un-groupe-antifa-brule-des-drapeaux-francais-et-le-revendique-sur-les-reseaux\\\/\"},\"wordCount\":774,\"commentCount\":0,\"publisher\":{\"@id\":\"https:\\\/\\\/webtube.fr\\\/#organization\"},\"image\":{\"@id\":\"https:\\\/\\\/webtube.fr\\\/index.php\\\/2026\\\/01\\\/04\\\/lille-un-groupe-antifa-brule-des-drapeaux-francais-et-le-revendique-sur-les-reseaux\\\/#primaryimage\"},\"thumbnailUrl\":\"https:\\\/\\\/media.bvoltaire.fr\\\/file\\\/Bvoltaire\\\/2026\\\/01\\\/IL20260102173409-photo-11-scaled-929x522.png\",\"articleSection\":[\"Uncategorized\"],\"inLanguage\":\"fr-FR\",\"potentialAction\":[{\"@type\":\"CommentAction\",\"name\":\"Comment\",\"target\":[\"https:\\\/\\\/webtube.fr\\\/index.php\\\/2026\\\/01\\\/04\\\/lille-un-groupe-antifa-brule-des-drapeaux-francais-et-le-revendique-sur-les-reseaux\\\/#respond\"]}]},{\"@type\":\"WebPage\",\"@id\":\"https:\\\/\\\/webtube.fr\\\/index.php\\\/2026\\\/01\\\/04\\\/lille-un-groupe-antifa-brule-des-drapeaux-francais-et-le-revendique-sur-les-reseaux\\\/\",\"url\":\"https:\\\/\\\/webtube.fr\\\/index.php\\\/2026\\\/01\\\/04\\\/lille-un-groupe-antifa-brule-des-drapeaux-francais-et-le-revendique-sur-les-reseaux\\\/\",\"name\":\". Lille : un groupe antifa br\u00fble des drapeaux fran\u00e7ais et le revendique sur les r\u00e9seaux - # WEBTUBE.fr\",\"isPartOf\":{\"@id\":\"https:\\\/\\\/webtube.fr\\\/#website\"},\"primaryImageOfPage\":{\"@id\":\"https:\\\/\\\/webtube.fr\\\/index.php\\\/2026\\\/01\\\/04\\\/lille-un-groupe-antifa-brule-des-drapeaux-francais-et-le-revendique-sur-les-reseaux\\\/#primaryimage\"},\"image\":{\"@id\":\"https:\\\/\\\/webtube.fr\\\/index.php\\\/2026\\\/01\\\/04\\\/lille-un-groupe-antifa-brule-des-drapeaux-francais-et-le-revendique-sur-les-reseaux\\\/#primaryimage\"},\"thumbnailUrl\":\"https:\\\/\\\/media.bvoltaire.fr\\\/file\\\/Bvoltaire\\\/2026\\\/01\\\/IL20260102173409-photo-11-scaled-929x522.png\",\"datePublished\":\"2026-01-04T08:34:01+00:00\",\"breadcrumb\":{\"@id\":\"https:\\\/\\\/webtube.fr\\\/index.php\\\/2026\\\/01\\\/04\\\/lille-un-groupe-antifa-brule-des-drapeaux-francais-et-le-revendique-sur-les-reseaux\\\/#breadcrumb\"},\"inLanguage\":\"fr-FR\",\"potentialAction\":[{\"@type\":\"ReadAction\",\"target\":[\"https:\\\/\\\/webtube.fr\\\/index.php\\\/2026\\\/01\\\/04\\\/lille-un-groupe-antifa-brule-des-drapeaux-francais-et-le-revendique-sur-les-reseaux\\\/\"]}]},{\"@type\":\"ImageObject\",\"inLanguage\":\"fr-FR\",\"@id\":\"https:\\\/\\\/webtube.fr\\\/index.php\\\/2026\\\/01\\\/04\\\/lille-un-groupe-antifa-brule-des-drapeaux-francais-et-le-revendique-sur-les-reseaux\\\/#primaryimage\",\"url\":\"https:\\\/\\\/media.bvoltaire.fr\\\/file\\\/Bvoltaire\\\/2026\\\/01\\\/IL20260102173409-photo-11-scaled-929x522.png\",\"contentUrl\":\"https:\\\/\\\/media.bvoltaire.fr\\\/file\\\/Bvoltaire\\\/2026\\\/01\\\/IL20260102173409-photo-11-scaled-929x522.png\"},{\"@type\":\"BreadcrumbList\",\"@id\":\"https:\\\/\\\/webtube.fr\\\/index.php\\\/2026\\\/01\\\/04\\\/lille-un-groupe-antifa-brule-des-drapeaux-francais-et-le-revendique-sur-les-reseaux\\\/#breadcrumb\",\"itemListElement\":[{\"@type\":\"ListItem\",\"position\":1,\"name\":\"Accueil\",\"item\":\"https:\\\/\\\/webtube.fr\\\/\"},{\"@type\":\"ListItem\",\"position\":2,\"name\":\". Lille : un groupe antifa br\u00fble des drapeaux fran\u00e7ais et le revendique sur les r\u00e9seaux\"}]},{\"@type\":\"WebSite\",\"@id\":\"https:\\\/\\\/webtube.fr\\\/#website\",\"url\":\"https:\\\/\\\/webtube.fr\\\/\",\"name\":\"WEBTUBE\",\"description\":\"WEBTUBE.fr  Streaming Vid\u00e9o and News , toutes les infos sans filtres !\",\"publisher\":{\"@id\":\"https:\\\/\\\/webtube.fr\\\/#organization\"},\"alternateName\":\"Rutube\",\"potentialAction\":[{\"@type\":\"SearchAction\",\"target\":{\"@type\":\"EntryPoint\",\"urlTemplate\":\"https:\\\/\\\/webtube.fr\\\/?s={search_term_string}\"},\"query-input\":{\"@type\":\"PropertyValueSpecification\",\"valueRequired\":true,\"valueName\":\"search_term_string\"}}],\"inLanguage\":\"fr-FR\"},{\"@type\":\"Organization\",\"@id\":\"https:\\\/\\\/webtube.fr\\\/#organization\",\"name\":\"# WEBTUBE.fr\",\"url\":\"https:\\\/\\\/webtube.fr\\\/\",\"logo\":{\"@type\":\"ImageObject\",\"inLanguage\":\"fr-FR\",\"@id\":\"https:\\\/\\\/webtube.fr\\\/#\\\/schema\\\/logo\\\/image\\\/\",\"url\":\"https:\\\/\\\/webtube.fr\\\/wp-content\\\/uploads\\\/2025\\\/09\\\/cropped-Logo_webtubeIA-1.jpg\",\"contentUrl\":\"https:\\\/\\\/webtube.fr\\\/wp-content\\\/uploads\\\/2025\\\/09\\\/cropped-Logo_webtubeIA-1.jpg\",\"width\":240,\"height\":240,\"caption\":\"# WEBTUBE.fr\"},\"image\":{\"@id\":\"https:\\\/\\\/webtube.fr\\\/#\\\/schema\\\/logo\\\/image\\\/\"},\"sameAs\":[\"https:\\\/\\\/www.facebook.com\\\/profile.php?id=100069673161887\",\"https:\\\/\\\/x.com\\\/OrtfNews\",\"https:\\\/\\\/www.facebook.com\\\/profile.php?id=100013751440523\"]},{\"@type\":\"Person\",\"@id\":\"https:\\\/\\\/webtube.fr\\\/#\\\/schema\\\/person\\\/dcc633686e0e2a79a6bf7b92c9507618\",\"name\":\"admin5851\",\"image\":{\"@type\":\"ImageObject\",\"inLanguage\":\"fr-FR\",\"@id\":\"https:\\\/\\\/secure.gravatar.com\\\/avatar\\\/ea1b672a827879c0febb022a108a871292b3d08fadc66a0a43fa47acfe82e38a?s=96&d=mm&r=g\",\"url\":\"https:\\\/\\\/secure.gravatar.com\\\/avatar\\\/ea1b672a827879c0febb022a108a871292b3d08fadc66a0a43fa47acfe82e38a?s=96&d=mm&r=g\",\"contentUrl\":\"https:\\\/\\\/secure.gravatar.com\\\/avatar\\\/ea1b672a827879c0febb022a108a871292b3d08fadc66a0a43fa47acfe82e38a?s=96&d=mm&r=g\",\"caption\":\"admin5851\"},\"sameAs\":[\"http:\\\/\\\/linlcju.cluster100.hosting.ovh.net\"],\"url\":\"https:\\\/\\\/webtube.fr\\\/index.php\\\/author\\\/admin5851\\\/\"}]}<\/script>\n<!-- \/ Yoast SEO plugin. -->","yoast_head_json":{"title":". Lille : un groupe antifa br\u00fble des drapeaux fran\u00e7ais et le revendique sur les r\u00e9seaux - # WEBTUBE.fr","robots":{"index":"index","follow":"follow","max-snippet":"max-snippet:-1","max-image-preview":"max-image-preview:large","max-video-preview":"max-video-preview:-1"},"canonical":"https:\/\/webtube.fr\/index.php\/2026\/01\/04\/lille-un-groupe-antifa-brule-des-drapeaux-francais-et-le-revendique-sur-les-reseaux\/","og_locale":"fr_FR","og_type":"article","og_title":". Lille : un groupe antifa br\u00fble des drapeaux fran\u00e7ais et le revendique sur les r\u00e9seaux - # WEBTUBE.fr","og_description":"Articles : Jan 2026 &#8211; Dec. 2025 &#8211; Nov. 2025 &#8211; Oct. 2025 &#8211;Facebook&nbsp;:&nbsp;https:\/\/www.facebook.com\/profile.php?id=100069673161887 Twitter : https:\/\/twitter.com\/OrtfNews Music 24\/24 : http:\/\/DJMUSIC.fr #webtube : La destruction ou l\u2019outrage au drapeau tricolore dans l\u2019espace public est passible d\u2019une amende de 1 500 euros. Parce qu\u2019ils semblent avoir cru bon de placer la nouvelle ann\u00e9e sous le signe &hellip; Continuer la lecture de &laquo;&nbsp;. Lille : un groupe antifa br\u00fble des drapeaux fran\u00e7ais et le revendique sur les r\u00e9seaux&nbsp;&raquo;","og_url":"https:\/\/webtube.fr\/index.php\/2026\/01\/04\/lille-un-groupe-antifa-brule-des-drapeaux-francais-et-le-revendique-sur-les-reseaux\/","og_site_name":"# WEBTUBE.fr","article_publisher":"https:\/\/www.facebook.com\/profile.php?id=100069673161887","article_published_time":"2026-01-04T08:34:01+00:00","og_image":[{"url":"https:\/\/media.bvoltaire.fr\/file\/Bvoltaire\/2026\/01\/IL20260102173409-photo-11-scaled-929x522.png","type":"","width":"","height":""}],"author":"admin5851","twitter_card":"summary_large_image","twitter_creator":"@OrtfNews","twitter_site":"@OrtfNews","twitter_misc":{"\u00c9crit par":"admin5851","Dur\u00e9e de lecture estim\u00e9e":"4 minutes"},"schema":{"@context":"https:\/\/schema.org","@graph":[{"@type":"Article","@id":"https:\/\/webtube.fr\/index.php\/2026\/01\/04\/lille-un-groupe-antifa-brule-des-drapeaux-francais-et-le-revendique-sur-les-reseaux\/#article","isPartOf":{"@id":"https:\/\/webtube.fr\/index.php\/2026\/01\/04\/lille-un-groupe-antifa-brule-des-drapeaux-francais-et-le-revendique-sur-les-reseaux\/"},"author":{"name":"admin5851","@id":"https:\/\/webtube.fr\/#\/schema\/person\/dcc633686e0e2a79a6bf7b92c9507618"},"headline":". Lille : un groupe antifa br\u00fble des drapeaux fran\u00e7ais et le revendique sur les r\u00e9seaux","datePublished":"2026-01-04T08:34:01+00:00","mainEntityOfPage":{"@id":"https:\/\/webtube.fr\/index.php\/2026\/01\/04\/lille-un-groupe-antifa-brule-des-drapeaux-francais-et-le-revendique-sur-les-reseaux\/"},"wordCount":774,"commentCount":0,"publisher":{"@id":"https:\/\/webtube.fr\/#organization"},"image":{"@id":"https:\/\/webtube.fr\/index.php\/2026\/01\/04\/lille-un-groupe-antifa-brule-des-drapeaux-francais-et-le-revendique-sur-les-reseaux\/#primaryimage"},"thumbnailUrl":"https:\/\/media.bvoltaire.fr\/file\/Bvoltaire\/2026\/01\/IL20260102173409-photo-11-scaled-929x522.png","articleSection":["Uncategorized"],"inLanguage":"fr-FR","potentialAction":[{"@type":"CommentAction","name":"Comment","target":["https:\/\/webtube.fr\/index.php\/2026\/01\/04\/lille-un-groupe-antifa-brule-des-drapeaux-francais-et-le-revendique-sur-les-reseaux\/#respond"]}]},{"@type":"WebPage","@id":"https:\/\/webtube.fr\/index.php\/2026\/01\/04\/lille-un-groupe-antifa-brule-des-drapeaux-francais-et-le-revendique-sur-les-reseaux\/","url":"https:\/\/webtube.fr\/index.php\/2026\/01\/04\/lille-un-groupe-antifa-brule-des-drapeaux-francais-et-le-revendique-sur-les-reseaux\/","name":". Lille : un groupe antifa br\u00fble des drapeaux fran\u00e7ais et le revendique sur les r\u00e9seaux - # WEBTUBE.fr","isPartOf":{"@id":"https:\/\/webtube.fr\/#website"},"primaryImageOfPage":{"@id":"https:\/\/webtube.fr\/index.php\/2026\/01\/04\/lille-un-groupe-antifa-brule-des-drapeaux-francais-et-le-revendique-sur-les-reseaux\/#primaryimage"},"image":{"@id":"https:\/\/webtube.fr\/index.php\/2026\/01\/04\/lille-un-groupe-antifa-brule-des-drapeaux-francais-et-le-revendique-sur-les-reseaux\/#primaryimage"},"thumbnailUrl":"https:\/\/media.bvoltaire.fr\/file\/Bvoltaire\/2026\/01\/IL20260102173409-photo-11-scaled-929x522.png","datePublished":"2026-01-04T08:34:01+00:00","breadcrumb":{"@id":"https:\/\/webtube.fr\/index.php\/2026\/01\/04\/lille-un-groupe-antifa-brule-des-drapeaux-francais-et-le-revendique-sur-les-reseaux\/#breadcrumb"},"inLanguage":"fr-FR","potentialAction":[{"@type":"ReadAction","target":["https:\/\/webtube.fr\/index.php\/2026\/01\/04\/lille-un-groupe-antifa-brule-des-drapeaux-francais-et-le-revendique-sur-les-reseaux\/"]}]},{"@type":"ImageObject","inLanguage":"fr-FR","@id":"https:\/\/webtube.fr\/index.php\/2026\/01\/04\/lille-un-groupe-antifa-brule-des-drapeaux-francais-et-le-revendique-sur-les-reseaux\/#primaryimage","url":"https:\/\/media.bvoltaire.fr\/file\/Bvoltaire\/2026\/01\/IL20260102173409-photo-11-scaled-929x522.png","contentUrl":"https:\/\/media.bvoltaire.fr\/file\/Bvoltaire\/2026\/01\/IL20260102173409-photo-11-scaled-929x522.png"},{"@type":"BreadcrumbList","@id":"https:\/\/webtube.fr\/index.php\/2026\/01\/04\/lille-un-groupe-antifa-brule-des-drapeaux-francais-et-le-revendique-sur-les-reseaux\/#breadcrumb","itemListElement":[{"@type":"ListItem","position":1,"name":"Accueil","item":"https:\/\/webtube.fr\/"},{"@type":"ListItem","position":2,"name":". Lille : un groupe antifa br\u00fble des drapeaux fran\u00e7ais et le revendique sur les r\u00e9seaux"}]},{"@type":"WebSite","@id":"https:\/\/webtube.fr\/#website","url":"https:\/\/webtube.fr\/","name":"WEBTUBE","description":"WEBTUBE.fr  Streaming Vid\u00e9o and News , toutes les infos sans filtres !","publisher":{"@id":"https:\/\/webtube.fr\/#organization"},"alternateName":"Rutube","potentialAction":[{"@type":"SearchAction","target":{"@type":"EntryPoint","urlTemplate":"https:\/\/webtube.fr\/?s={search_term_string}"},"query-input":{"@type":"PropertyValueSpecification","valueRequired":true,"valueName":"search_term_string"}}],"inLanguage":"fr-FR"},{"@type":"Organization","@id":"https:\/\/webtube.fr\/#organization","name":"# WEBTUBE.fr","url":"https:\/\/webtube.fr\/","logo":{"@type":"ImageObject","inLanguage":"fr-FR","@id":"https:\/\/webtube.fr\/#\/schema\/logo\/image\/","url":"https:\/\/webtube.fr\/wp-content\/uploads\/2025\/09\/cropped-Logo_webtubeIA-1.jpg","contentUrl":"https:\/\/webtube.fr\/wp-content\/uploads\/2025\/09\/cropped-Logo_webtubeIA-1.jpg","width":240,"height":240,"caption":"# WEBTUBE.fr"},"image":{"@id":"https:\/\/webtube.fr\/#\/schema\/logo\/image\/"},"sameAs":["https:\/\/www.facebook.com\/profile.php?id=100069673161887","https:\/\/x.com\/OrtfNews","https:\/\/www.facebook.com\/profile.php?id=100013751440523"]},{"@type":"Person","@id":"https:\/\/webtube.fr\/#\/schema\/person\/dcc633686e0e2a79a6bf7b92c9507618","name":"admin5851","image":{"@type":"ImageObject","inLanguage":"fr-FR","@id":"https:\/\/secure.gravatar.com\/avatar\/ea1b672a827879c0febb022a108a871292b3d08fadc66a0a43fa47acfe82e38a?s=96&d=mm&r=g","url":"https:\/\/secure.gravatar.com\/avatar\/ea1b672a827879c0febb022a108a871292b3d08fadc66a0a43fa47acfe82e38a?s=96&d=mm&r=g","contentUrl":"https:\/\/secure.gravatar.com\/avatar\/ea1b672a827879c0febb022a108a871292b3d08fadc66a0a43fa47acfe82e38a?s=96&d=mm&r=g","caption":"admin5851"},"sameAs":["http:\/\/linlcju.cluster100.hosting.ovh.net"],"url":"https:\/\/webtube.fr\/index.php\/author\/admin5851\/"}]}},"jetpack_featured_media_url":"","jetpack_sharing_enabled":true,"_links":{"self":[{"href":"https:\/\/webtube.fr\/index.php\/wp-json\/wp\/v2\/posts\/30945","targetHints":{"allow":["GET"]}}],"collection":[{"href":"https:\/\/webtube.fr\/index.php\/wp-json\/wp\/v2\/posts"}],"about":[{"href":"https:\/\/webtube.fr\/index.php\/wp-json\/wp\/v2\/types\/post"}],"author":[{"embeddable":true,"href":"https:\/\/webtube.fr\/index.php\/wp-json\/wp\/v2\/users\/1"}],"replies":[{"embeddable":true,"href":"https:\/\/webtube.fr\/index.php\/wp-json\/wp\/v2\/comments?post=30945"}],"version-history":[{"count":1,"href":"https:\/\/webtube.fr\/index.php\/wp-json\/wp\/v2\/posts\/30945\/revisions"}],"predecessor-version":[{"id":30946,"href":"https:\/\/webtube.fr\/index.php\/wp-json\/wp\/v2\/posts\/30945\/revisions\/30946"}],"wp:attachment":[{"href":"https:\/\/webtube.fr\/index.php\/wp-json\/wp\/v2\/media?parent=30945"}],"wp:term":[{"taxonomy":"category","embeddable":true,"href":"https:\/\/webtube.fr\/index.php\/wp-json\/wp\/v2\/categories?post=30945"},{"taxonomy":"post_tag","embeddable":true,"href":"https:\/\/webtube.fr\/index.php\/wp-json\/wp\/v2\/tags?post=30945"}],"curies":[{"name":"wp","href":"https:\/\/api.w.org\/{rel}","templated":true}]}}