{"id":30943,"date":"2026-01-04T08:27:55","date_gmt":"2026-01-04T08:27:55","guid":{"rendered":"https:\/\/webtube.fr\/?p=30943"},"modified":"2026-01-04T08:27:56","modified_gmt":"2026-01-04T08:27:56","slug":"un-record-de-macron-150-000-demandeurs-dasile-en-plus-en-2025","status":"publish","type":"post","link":"https:\/\/webtube.fr\/index.php\/2026\/01\/04\/un-record-de-macron-150-000-demandeurs-dasile-en-plus-en-2025\/","title":{"rendered":". Un record de Macron ? 150 000 demandeurs d\u2019asile en plus en 2025 !"},"content":{"rendered":"\n<p>Articles : <a href=\"https:\/\/webtube.fr\/index.php\/2026\/01\/\" target=\"_blank\" rel=\"noreferrer noopener\">Jan 2026<\/a> &#8211; <a href=\"https:\/\/webtube.fr\/index.php\/2025\/12\/\" target=\"_blank\" rel=\"noreferrer noopener\">Dec. 2025<\/a> &#8211; <a href=\"https:\/\/webtube.fr\/index.php\/2025\/11\/\">Nov. 2025<\/a> &#8211; <a href=\"https:\/\/webtube.fr\/index.php\/2025\/10\/\" target=\"_blank\" rel=\"noreferrer noopener\">Oct. 2025<\/a> &#8211;<br>Facebook&nbsp;:&nbsp;<a href=\"https:\/\/www.facebook.com\/profile.php?id=100069673161887\">https:\/\/www.facebook.com\/profile.php?id=100069673161887<\/a> Twitter : <a href=\"https:\/\/twitter.com\/OrtfNews\" target=\"_blank\" rel=\"noreferrer noopener\">https:\/\/twitter.com\/OrtfNews<\/a> Music 24\/24 : <a href=\"http:\/\/DJMUSIC.fr\/\" target=\"_blank\" rel=\"noreferrer noopener\">http:\/\/DJMUSIC.fr<\/a><\/p>\n\n\n\n<figure class=\"wp-block-image size-large\"><a href=\"http:\/\/weboomedia.free.fr\/ORTF\/php\/\" target=\"_blank\" rel=\" noreferrer noopener\"><img decoding=\"async\" src=\"https:\/\/media.bvoltaire.fr\/file\/Bvoltaire\/2024\/04\/IL20240409203420-Immigration--scaled-929x522.jpg\" alt=\"\"\/><\/a><\/figure>\n\n\n\n<p><strong>#webtube<\/strong> : <em>Alors que le chiffre a baiss\u00e9 de 20 % en Europe, la France est devenue la championne, \u00e0 \u00e9galit\u00e9 avec l&rsquo;Allemagne&#8230; Macron est d\u00e9cid\u00e9ment le pr\u00e9sident de tous les records : d\u00e9ficits, dette,\u00a0<a href=\"https:\/\/www.bvoltaire.fr\/nouvel-an-2026-bilan-provisoire-sanglant-entre-meurtre-et-violences-urbaines\/\" target=\"_blank\" rel=\"noreferrer noopener\">voitures br\u00fbl\u00e9es, homicides<\/a>, immigration. Et, sur ce dernier rayon, il s&rsquo;est surpass\u00e9 \u00e0 tous les \u00e9tages. Les chiffres de l&rsquo;asile r\u00e9v\u00e9l\u00e9s par\u00a0<a href=\"https:\/\/www.lefigaro.fr\/actualite-france\/les-demandeurs-d-asile-toujours-aussi-attires-par-la-france-20260102\" target=\"_blank\" rel=\"noreferrer noopener\">Le Figaro<\/a>\u00a0ce vendredi sont vertigineux.<\/em><\/p>\n\n\n\n<h2 class=\"wp-block-heading\">Un rythme de croisi\u00e8re de 150 000 par an !<\/h2>\n\n\n\n<p>Une constante des ann\u00e9es Macron aura \u00e9t\u00e9 l&rsquo;explosion des demandes d&rsquo;asile :&nbsp;<a href=\"https:\/\/www.immigration.interieur.gouv.fr\/Info-ressources\/Etudes-et-statistiques\/Les-chiffres-de-l-immigration-en-France\/Asile#:~:text=Les%20premi%C3%A8res%20demandes%20d'asile,rapport%20%C3%A0%202023%20(1.1).\" target=\"_blank\" rel=\"noreferrer noopener\">depuis 2019 (\u00e0 l&rsquo;exception des ann\u00e9es COVID 2020 et 2021), le chiffre s&rsquo;est maintenu syst\u00e9matiquement au-dessus de 150 000 par an<\/a>. Les bonnes \u00e2mes argueront des crises en Syrie, en Afghanistan, etc. Mais, m\u00eame quand ces guerres cessent &#8211; et c&rsquo;est le cas dans ces deux pays&nbsp; &#8211; le guichet France ne d\u00e9semplit pas ! Et cette ann\u00e9e, les Congolais (12 000) supplantent les Ukrainiens et les Afghans (11 000)&#8230; La France est devenue le terrain d&rsquo;atterrissage de toutes les migrations internationales&#8230;<\/p>\n\n\n\n<p>\u00c0 ce sujet \u2014&nbsp;<a href=\"https:\/\/www.bvoltaire.fr\/nouvel-an-2026-bilan-provisoire-sanglant-entre-meurtre-et-violences-urbaines\/\">Nouvel An 2026 : bilan provisoire sanglant, entre meurtre et violences urbaines<\/a><\/p>\n\n\n\n<h2 class=\"wp-block-heading\">Et en Europe ?<\/h2>\n\n\n\n<p>Mais, si ce bilan de l&rsquo;asile est un scandale, c&rsquo;est que la France aurait d\u00fb profiter de la baisse g\u00e9n\u00e9rale des flux vers l&rsquo;Union europ\u00e9enne constat\u00e9e cette ann\u00e9e. Or il n&rsquo;en est rien. En ce domaine comme dans tant d&rsquo;autres (l&rsquo;endettement), la France est l&rsquo;homme malade de l&rsquo;Europe. Selon Eurostat, on est pass\u00e9 d&rsquo;un million de demandeurs d&rsquo;asile en 2024 \u00e0 800 000 cette ann\u00e9e. C&rsquo;est encore beaucoup, mais la pente \u00e9tait bonne, et il fallait se saisir de l&rsquo;occasion ! Macron \u00e9tait trop occup\u00e9 ailleurs, visiblement. Et, l\u00e0 o\u00f9 nos voisins ont serr\u00e9 la vis, la France macronienne a continu\u00e9 d&rsquo;ouvrir les vannes, \u00e0 tel point&nbsp; que, selon&nbsp;<em>Le Figaro<\/em>,&nbsp;<em>\u00ab La grande nouveaut\u00e9 de 2025 est que, en mati\u00e8re de flux de demandeurs d\u2019asile, la France se situe aujourd\u2019hui au m\u00eame niveau que l\u2019Allemagne, qui \u00e9tait jusqu\u2019alors la porte d\u2019entr\u00e9e principale. \u00bb&nbsp;<\/em>Le seul domaine o\u00f9 nous nous effor\u00e7ons de d\u00e9passer notre voisin historique, c&rsquo;est l&rsquo;immigration !<\/p>\n\n\n\n<h2 class=\"wp-block-heading\">Et les d\u00e9bout\u00e9s ?<\/h2>\n\n\n\n<p>Mais les na\u00effs &#8211; ce sont les m\u00eames que les bonnes \u00e2mes &#8211; vous diront que&nbsp;<em>\u00ab demande \u00bb&nbsp;<\/em>ne signifie pas acceptation. Et en effet, une majorit\u00e9 de ces demandes n&rsquo;est pas accept\u00e9e: 60 \u00e0 70 % de refus selon les ann\u00e9es. Mais les Fran\u00e7ais savent d\u00e9sormais &#8211; tout comme les demandeurs d&rsquo;asile qui ont bien compris que la France \u00e9tait la meilleure passoire de l&rsquo;Europe &#8211; que les d\u00e9bout\u00e9s, qui auraient vocation \u00e0 regagner leur pays d&rsquo;origine, selon les belles formules administratives, restent la plupart du temps sur le sol fran\u00e7ais, accroissant chaque ann\u00e9e d&rsquo;une nouvelle couche de 100 000 notre stock de clandestins, bien aliment\u00e9 par ailleurs par d&rsquo;autres fili\u00e8res, hors demandes d&rsquo;asile. Et l&rsquo;on sait aussi le taux ridicule d&rsquo;OQTF effectivement appliqu\u00e9es&#8230; Un stock qui devrait donc d\u00e9sormais atteindre&#8230;un million ! En effet, G\u00e9rald Darmanin lui-m\u00eame \u00e9valuait, en d\u00e9cembre 2023, devant les s\u00e9nateurs, ce nombre \u00e0 \u00ab&nbsp;<em>600 000 \u00e0 900 000<\/em>&nbsp;\u00bb sans-papiers ! Deux ans plus tard, il n&rsquo;est pas interdit de penser que le million a \u00e9t\u00e9 atteint&#8230; Comment un pays qui ne sait m\u00eame plus \u00e0 qui il a accord\u00e9 la nationalit\u00e9 et qui se paie le luxe d&rsquo;avoir un million de clandestins peut-il tenir encore longtemps&#8230; ?<\/p>\n\n\n\n<p>En m\u00e9ditant ce bilan catastrophique, on ne peut se d\u00e9fendre d&rsquo;entendre une phrase des&nbsp;<a href=\"https:\/\/www.bvoltaire.fr\/voeux-de-macron-non-mais-allo-quoi\/\" target=\"_blank\" rel=\"noreferrer noopener\">voeux pr\u00e9sidentiels<\/a>&nbsp;avec une r\u00e9sonance d&rsquo;ironie tragique :&nbsp;<em>\u00ab Notre pays tient&#8230; \u00bb&nbsp;<\/em>&nbsp;Nous pouvons sinc\u00e8rement nous souhaiter une bonne ann\u00e9e, mais nous savons bien qu&rsquo;une ann\u00e9e Macron de plus ne sera pas une bonne ann\u00e9e pour la France. Une ann\u00e9e de plus d&rsquo;impuissance&#8230;<\/p>\n\n\n\n<p><a href=\"https:\/\/www.bvoltaire.fr\/auteur\/fredericsirgant\/\">Fr\u00e9d\u00e9ric Sirgant<\/a>, dans BV<\/p>\n\n\n\n<p><\/p>\n","protected":false},"excerpt":{"rendered":"<p>Articles : Jan 2026 &#8211; Dec. 2025 &#8211; Nov. 2025 &#8211; Oct. 2025 &#8211;Facebook&nbsp;:&nbsp;https:\/\/www.facebook.com\/profile.php?id=100069673161887 Twitter : https:\/\/twitter.com\/OrtfNews Music 24\/24 : http:\/\/DJMUSIC.fr #webtube : Alors que le chiffre a baiss\u00e9 de 20 % en Europe, la France est devenue la championne, \u00e0 \u00e9galit\u00e9 avec l&rsquo;Allemagne&#8230; Macron est d\u00e9cid\u00e9ment le pr\u00e9sident de tous les records : d\u00e9ficits, &hellip; <a href=\"https:\/\/webtube.fr\/index.php\/2026\/01\/04\/un-record-de-macron-150-000-demandeurs-dasile-en-plus-en-2025\/\" class=\"more-link\">Continuer la lecture<span class=\"screen-reader-text\"> de &laquo;&nbsp;. Un record de Macron ? 150 000 demandeurs d\u2019asile en plus en 2025 !&nbsp;&raquo;<\/span><\/a><\/p>\n","protected":false},"author":1,"featured_media":0,"comment_status":"open","ping_status":"open","sticky":false,"template":"","format":"standard","meta":{"_jetpack_memberships_contains_paid_content":false,"footnotes":""},"categories":[1],"tags":[],"class_list":["post-30943","post","type-post","status-publish","format-standard","hentry","category-uncategorized"],"yoast_head":"<!-- This site is optimized with the Yoast SEO plugin v27.3 - https:\/\/yoast.com\/product\/yoast-seo-wordpress\/ -->\n<title>. Un record de Macron ? 150 000 demandeurs d\u2019asile en plus en 2025 ! - # WEBTUBE.fr<\/title>\n<meta name=\"robots\" content=\"index, follow, max-snippet:-1, max-image-preview:large, max-video-preview:-1\" \/>\n<link rel=\"canonical\" href=\"https:\/\/webtube.fr\/index.php\/2026\/01\/04\/un-record-de-macron-150-000-demandeurs-dasile-en-plus-en-2025\/\" \/>\n<meta property=\"og:locale\" content=\"fr_FR\" \/>\n<meta property=\"og:type\" content=\"article\" \/>\n<meta property=\"og:title\" content=\". Un record de Macron ? 150 000 demandeurs d\u2019asile en plus en 2025 ! - # WEBTUBE.fr\" \/>\n<meta property=\"og:description\" content=\"Articles : Jan 2026 &#8211; Dec. 2025 &#8211; Nov. 2025 &#8211; Oct. 2025 &#8211;Facebook&nbsp;:&nbsp;https:\/\/www.facebook.com\/profile.php?id=100069673161887 Twitter : https:\/\/twitter.com\/OrtfNews Music 24\/24 : http:\/\/DJMUSIC.fr #webtube : Alors que le chiffre a baiss\u00e9 de 20 % en Europe, la France est devenue la championne, \u00e0 \u00e9galit\u00e9 avec l&rsquo;Allemagne&#8230; Macron est d\u00e9cid\u00e9ment le pr\u00e9sident de tous les records : d\u00e9ficits, &hellip; Continuer la lecture de &laquo;&nbsp;. Un record de Macron ? 150 000 demandeurs d\u2019asile en plus en 2025 !&nbsp;&raquo;\" \/>\n<meta property=\"og:url\" content=\"https:\/\/webtube.fr\/index.php\/2026\/01\/04\/un-record-de-macron-150-000-demandeurs-dasile-en-plus-en-2025\/\" \/>\n<meta property=\"og:site_name\" content=\"# WEBTUBE.fr\" \/>\n<meta property=\"article:publisher\" content=\"https:\/\/www.facebook.com\/profile.php?id=100069673161887\" \/>\n<meta property=\"article:published_time\" content=\"2026-01-04T08:27:55+00:00\" \/>\n<meta property=\"article:modified_time\" content=\"2026-01-04T08:27:56+00:00\" \/>\n<meta property=\"og:image\" content=\"https:\/\/media.bvoltaire.fr\/file\/Bvoltaire\/2024\/04\/IL20240409203420-Immigration--scaled-929x522.jpg\" \/>\n<meta name=\"author\" content=\"admin5851\" \/>\n<meta name=\"twitter:card\" content=\"summary_large_image\" \/>\n<meta name=\"twitter:creator\" content=\"@OrtfNews\" \/>\n<meta name=\"twitter:site\" content=\"@OrtfNews\" \/>\n<meta name=\"twitter:label1\" content=\"\u00c9crit par\" \/>\n\t<meta name=\"twitter:data1\" content=\"admin5851\" \/>\n\t<meta name=\"twitter:label2\" content=\"Dur\u00e9e de lecture estim\u00e9e\" \/>\n\t<meta name=\"twitter:data2\" content=\"3 minutes\" \/>\n<script type=\"application\/ld+json\" class=\"yoast-schema-graph\">{\"@context\":\"https:\\\/\\\/schema.org\",\"@graph\":[{\"@type\":\"Article\",\"@id\":\"https:\\\/\\\/webtube.fr\\\/index.php\\\/2026\\\/01\\\/04\\\/un-record-de-macron-150-000-demandeurs-dasile-en-plus-en-2025\\\/#article\",\"isPartOf\":{\"@id\":\"https:\\\/\\\/webtube.fr\\\/index.php\\\/2026\\\/01\\\/04\\\/un-record-de-macron-150-000-demandeurs-dasile-en-plus-en-2025\\\/\"},\"author\":{\"name\":\"admin5851\",\"@id\":\"https:\\\/\\\/webtube.fr\\\/#\\\/schema\\\/person\\\/dcc633686e0e2a79a6bf7b92c9507618\"},\"headline\":\". Un record de Macron ? 150 000 demandeurs d\u2019asile en plus en 2025 !\",\"datePublished\":\"2026-01-04T08:27:55+00:00\",\"dateModified\":\"2026-01-04T08:27:56+00:00\",\"mainEntityOfPage\":{\"@id\":\"https:\\\/\\\/webtube.fr\\\/index.php\\\/2026\\\/01\\\/04\\\/un-record-de-macron-150-000-demandeurs-dasile-en-plus-en-2025\\\/\"},\"wordCount\":673,\"commentCount\":0,\"publisher\":{\"@id\":\"https:\\\/\\\/webtube.fr\\\/#organization\"},\"image\":{\"@id\":\"https:\\\/\\\/webtube.fr\\\/index.php\\\/2026\\\/01\\\/04\\\/un-record-de-macron-150-000-demandeurs-dasile-en-plus-en-2025\\\/#primaryimage\"},\"thumbnailUrl\":\"https:\\\/\\\/media.bvoltaire.fr\\\/file\\\/Bvoltaire\\\/2024\\\/04\\\/IL20240409203420-Immigration--scaled-929x522.jpg\",\"articleSection\":[\"Uncategorized\"],\"inLanguage\":\"fr-FR\",\"potentialAction\":[{\"@type\":\"CommentAction\",\"name\":\"Comment\",\"target\":[\"https:\\\/\\\/webtube.fr\\\/index.php\\\/2026\\\/01\\\/04\\\/un-record-de-macron-150-000-demandeurs-dasile-en-plus-en-2025\\\/#respond\"]}]},{\"@type\":\"WebPage\",\"@id\":\"https:\\\/\\\/webtube.fr\\\/index.php\\\/2026\\\/01\\\/04\\\/un-record-de-macron-150-000-demandeurs-dasile-en-plus-en-2025\\\/\",\"url\":\"https:\\\/\\\/webtube.fr\\\/index.php\\\/2026\\\/01\\\/04\\\/un-record-de-macron-150-000-demandeurs-dasile-en-plus-en-2025\\\/\",\"name\":\". Un record de Macron ? 150 000 demandeurs d\u2019asile en plus en 2025 ! - # WEBTUBE.fr\",\"isPartOf\":{\"@id\":\"https:\\\/\\\/webtube.fr\\\/#website\"},\"primaryImageOfPage\":{\"@id\":\"https:\\\/\\\/webtube.fr\\\/index.php\\\/2026\\\/01\\\/04\\\/un-record-de-macron-150-000-demandeurs-dasile-en-plus-en-2025\\\/#primaryimage\"},\"image\":{\"@id\":\"https:\\\/\\\/webtube.fr\\\/index.php\\\/2026\\\/01\\\/04\\\/un-record-de-macron-150-000-demandeurs-dasile-en-plus-en-2025\\\/#primaryimage\"},\"thumbnailUrl\":\"https:\\\/\\\/media.bvoltaire.fr\\\/file\\\/Bvoltaire\\\/2024\\\/04\\\/IL20240409203420-Immigration--scaled-929x522.jpg\",\"datePublished\":\"2026-01-04T08:27:55+00:00\",\"dateModified\":\"2026-01-04T08:27:56+00:00\",\"breadcrumb\":{\"@id\":\"https:\\\/\\\/webtube.fr\\\/index.php\\\/2026\\\/01\\\/04\\\/un-record-de-macron-150-000-demandeurs-dasile-en-plus-en-2025\\\/#breadcrumb\"},\"inLanguage\":\"fr-FR\",\"potentialAction\":[{\"@type\":\"ReadAction\",\"target\":[\"https:\\\/\\\/webtube.fr\\\/index.php\\\/2026\\\/01\\\/04\\\/un-record-de-macron-150-000-demandeurs-dasile-en-plus-en-2025\\\/\"]}]},{\"@type\":\"ImageObject\",\"inLanguage\":\"fr-FR\",\"@id\":\"https:\\\/\\\/webtube.fr\\\/index.php\\\/2026\\\/01\\\/04\\\/un-record-de-macron-150-000-demandeurs-dasile-en-plus-en-2025\\\/#primaryimage\",\"url\":\"https:\\\/\\\/media.bvoltaire.fr\\\/file\\\/Bvoltaire\\\/2024\\\/04\\\/IL20240409203420-Immigration--scaled-929x522.jpg\",\"contentUrl\":\"https:\\\/\\\/media.bvoltaire.fr\\\/file\\\/Bvoltaire\\\/2024\\\/04\\\/IL20240409203420-Immigration--scaled-929x522.jpg\"},{\"@type\":\"BreadcrumbList\",\"@id\":\"https:\\\/\\\/webtube.fr\\\/index.php\\\/2026\\\/01\\\/04\\\/un-record-de-macron-150-000-demandeurs-dasile-en-plus-en-2025\\\/#breadcrumb\",\"itemListElement\":[{\"@type\":\"ListItem\",\"position\":1,\"name\":\"Accueil\",\"item\":\"https:\\\/\\\/webtube.fr\\\/\"},{\"@type\":\"ListItem\",\"position\":2,\"name\":\". Un record de Macron ? 150 000 demandeurs d\u2019asile en plus en 2025 !\"}]},{\"@type\":\"WebSite\",\"@id\":\"https:\\\/\\\/webtube.fr\\\/#website\",\"url\":\"https:\\\/\\\/webtube.fr\\\/\",\"name\":\"WEBTUBE\",\"description\":\"WEBTUBE.fr  Streaming Vid\u00e9o and News , toutes les infos sans filtres !\",\"publisher\":{\"@id\":\"https:\\\/\\\/webtube.fr\\\/#organization\"},\"alternateName\":\"Rutube\",\"potentialAction\":[{\"@type\":\"SearchAction\",\"target\":{\"@type\":\"EntryPoint\",\"urlTemplate\":\"https:\\\/\\\/webtube.fr\\\/?s={search_term_string}\"},\"query-input\":{\"@type\":\"PropertyValueSpecification\",\"valueRequired\":true,\"valueName\":\"search_term_string\"}}],\"inLanguage\":\"fr-FR\"},{\"@type\":\"Organization\",\"@id\":\"https:\\\/\\\/webtube.fr\\\/#organization\",\"name\":\"# WEBTUBE.fr\",\"url\":\"https:\\\/\\\/webtube.fr\\\/\",\"logo\":{\"@type\":\"ImageObject\",\"inLanguage\":\"fr-FR\",\"@id\":\"https:\\\/\\\/webtube.fr\\\/#\\\/schema\\\/logo\\\/image\\\/\",\"url\":\"https:\\\/\\\/webtube.fr\\\/wp-content\\\/uploads\\\/2025\\\/09\\\/cropped-Logo_webtubeIA-1.jpg\",\"contentUrl\":\"https:\\\/\\\/webtube.fr\\\/wp-content\\\/uploads\\\/2025\\\/09\\\/cropped-Logo_webtubeIA-1.jpg\",\"width\":240,\"height\":240,\"caption\":\"# WEBTUBE.fr\"},\"image\":{\"@id\":\"https:\\\/\\\/webtube.fr\\\/#\\\/schema\\\/logo\\\/image\\\/\"},\"sameAs\":[\"https:\\\/\\\/www.facebook.com\\\/profile.php?id=100069673161887\",\"https:\\\/\\\/x.com\\\/OrtfNews\",\"https:\\\/\\\/www.facebook.com\\\/profile.php?id=100013751440523\"]},{\"@type\":\"Person\",\"@id\":\"https:\\\/\\\/webtube.fr\\\/#\\\/schema\\\/person\\\/dcc633686e0e2a79a6bf7b92c9507618\",\"name\":\"admin5851\",\"image\":{\"@type\":\"ImageObject\",\"inLanguage\":\"fr-FR\",\"@id\":\"https:\\\/\\\/secure.gravatar.com\\\/avatar\\\/ea1b672a827879c0febb022a108a871292b3d08fadc66a0a43fa47acfe82e38a?s=96&d=mm&r=g\",\"url\":\"https:\\\/\\\/secure.gravatar.com\\\/avatar\\\/ea1b672a827879c0febb022a108a871292b3d08fadc66a0a43fa47acfe82e38a?s=96&d=mm&r=g\",\"contentUrl\":\"https:\\\/\\\/secure.gravatar.com\\\/avatar\\\/ea1b672a827879c0febb022a108a871292b3d08fadc66a0a43fa47acfe82e38a?s=96&d=mm&r=g\",\"caption\":\"admin5851\"},\"sameAs\":[\"http:\\\/\\\/linlcju.cluster100.hosting.ovh.net\"],\"url\":\"https:\\\/\\\/webtube.fr\\\/index.php\\\/author\\\/admin5851\\\/\"}]}<\/script>\n<!-- \/ Yoast SEO plugin. -->","yoast_head_json":{"title":". Un record de Macron ? 150 000 demandeurs d\u2019asile en plus en 2025 ! - # WEBTUBE.fr","robots":{"index":"index","follow":"follow","max-snippet":"max-snippet:-1","max-image-preview":"max-image-preview:large","max-video-preview":"max-video-preview:-1"},"canonical":"https:\/\/webtube.fr\/index.php\/2026\/01\/04\/un-record-de-macron-150-000-demandeurs-dasile-en-plus-en-2025\/","og_locale":"fr_FR","og_type":"article","og_title":". Un record de Macron ? 150 000 demandeurs d\u2019asile en plus en 2025 ! - # WEBTUBE.fr","og_description":"Articles : Jan 2026 &#8211; Dec. 2025 &#8211; Nov. 2025 &#8211; Oct. 2025 &#8211;Facebook&nbsp;:&nbsp;https:\/\/www.facebook.com\/profile.php?id=100069673161887 Twitter : https:\/\/twitter.com\/OrtfNews Music 24\/24 : http:\/\/DJMUSIC.fr #webtube : Alors que le chiffre a baiss\u00e9 de 20 % en Europe, la France est devenue la championne, \u00e0 \u00e9galit\u00e9 avec l&rsquo;Allemagne&#8230; Macron est d\u00e9cid\u00e9ment le pr\u00e9sident de tous les records : d\u00e9ficits, &hellip; Continuer la lecture de &laquo;&nbsp;. Un record de Macron ? 150 000 demandeurs d\u2019asile en plus en 2025 !&nbsp;&raquo;","og_url":"https:\/\/webtube.fr\/index.php\/2026\/01\/04\/un-record-de-macron-150-000-demandeurs-dasile-en-plus-en-2025\/","og_site_name":"# WEBTUBE.fr","article_publisher":"https:\/\/www.facebook.com\/profile.php?id=100069673161887","article_published_time":"2026-01-04T08:27:55+00:00","article_modified_time":"2026-01-04T08:27:56+00:00","og_image":[{"url":"https:\/\/media.bvoltaire.fr\/file\/Bvoltaire\/2024\/04\/IL20240409203420-Immigration--scaled-929x522.jpg","type":"","width":"","height":""}],"author":"admin5851","twitter_card":"summary_large_image","twitter_creator":"@OrtfNews","twitter_site":"@OrtfNews","twitter_misc":{"\u00c9crit par":"admin5851","Dur\u00e9e de lecture estim\u00e9e":"3 minutes"},"schema":{"@context":"https:\/\/schema.org","@graph":[{"@type":"Article","@id":"https:\/\/webtube.fr\/index.php\/2026\/01\/04\/un-record-de-macron-150-000-demandeurs-dasile-en-plus-en-2025\/#article","isPartOf":{"@id":"https:\/\/webtube.fr\/index.php\/2026\/01\/04\/un-record-de-macron-150-000-demandeurs-dasile-en-plus-en-2025\/"},"author":{"name":"admin5851","@id":"https:\/\/webtube.fr\/#\/schema\/person\/dcc633686e0e2a79a6bf7b92c9507618"},"headline":". Un record de Macron ? 150 000 demandeurs d\u2019asile en plus en 2025 !","datePublished":"2026-01-04T08:27:55+00:00","dateModified":"2026-01-04T08:27:56+00:00","mainEntityOfPage":{"@id":"https:\/\/webtube.fr\/index.php\/2026\/01\/04\/un-record-de-macron-150-000-demandeurs-dasile-en-plus-en-2025\/"},"wordCount":673,"commentCount":0,"publisher":{"@id":"https:\/\/webtube.fr\/#organization"},"image":{"@id":"https:\/\/webtube.fr\/index.php\/2026\/01\/04\/un-record-de-macron-150-000-demandeurs-dasile-en-plus-en-2025\/#primaryimage"},"thumbnailUrl":"https:\/\/media.bvoltaire.fr\/file\/Bvoltaire\/2024\/04\/IL20240409203420-Immigration--scaled-929x522.jpg","articleSection":["Uncategorized"],"inLanguage":"fr-FR","potentialAction":[{"@type":"CommentAction","name":"Comment","target":["https:\/\/webtube.fr\/index.php\/2026\/01\/04\/un-record-de-macron-150-000-demandeurs-dasile-en-plus-en-2025\/#respond"]}]},{"@type":"WebPage","@id":"https:\/\/webtube.fr\/index.php\/2026\/01\/04\/un-record-de-macron-150-000-demandeurs-dasile-en-plus-en-2025\/","url":"https:\/\/webtube.fr\/index.php\/2026\/01\/04\/un-record-de-macron-150-000-demandeurs-dasile-en-plus-en-2025\/","name":". Un record de Macron ? 150 000 demandeurs d\u2019asile en plus en 2025 ! - # WEBTUBE.fr","isPartOf":{"@id":"https:\/\/webtube.fr\/#website"},"primaryImageOfPage":{"@id":"https:\/\/webtube.fr\/index.php\/2026\/01\/04\/un-record-de-macron-150-000-demandeurs-dasile-en-plus-en-2025\/#primaryimage"},"image":{"@id":"https:\/\/webtube.fr\/index.php\/2026\/01\/04\/un-record-de-macron-150-000-demandeurs-dasile-en-plus-en-2025\/#primaryimage"},"thumbnailUrl":"https:\/\/media.bvoltaire.fr\/file\/Bvoltaire\/2024\/04\/IL20240409203420-Immigration--scaled-929x522.jpg","datePublished":"2026-01-04T08:27:55+00:00","dateModified":"2026-01-04T08:27:56+00:00","breadcrumb":{"@id":"https:\/\/webtube.fr\/index.php\/2026\/01\/04\/un-record-de-macron-150-000-demandeurs-dasile-en-plus-en-2025\/#breadcrumb"},"inLanguage":"fr-FR","potentialAction":[{"@type":"ReadAction","target":["https:\/\/webtube.fr\/index.php\/2026\/01\/04\/un-record-de-macron-150-000-demandeurs-dasile-en-plus-en-2025\/"]}]},{"@type":"ImageObject","inLanguage":"fr-FR","@id":"https:\/\/webtube.fr\/index.php\/2026\/01\/04\/un-record-de-macron-150-000-demandeurs-dasile-en-plus-en-2025\/#primaryimage","url":"https:\/\/media.bvoltaire.fr\/file\/Bvoltaire\/2024\/04\/IL20240409203420-Immigration--scaled-929x522.jpg","contentUrl":"https:\/\/media.bvoltaire.fr\/file\/Bvoltaire\/2024\/04\/IL20240409203420-Immigration--scaled-929x522.jpg"},{"@type":"BreadcrumbList","@id":"https:\/\/webtube.fr\/index.php\/2026\/01\/04\/un-record-de-macron-150-000-demandeurs-dasile-en-plus-en-2025\/#breadcrumb","itemListElement":[{"@type":"ListItem","position":1,"name":"Accueil","item":"https:\/\/webtube.fr\/"},{"@type":"ListItem","position":2,"name":". Un record de Macron ? 150 000 demandeurs d\u2019asile en plus en 2025 !"}]},{"@type":"WebSite","@id":"https:\/\/webtube.fr\/#website","url":"https:\/\/webtube.fr\/","name":"WEBTUBE","description":"WEBTUBE.fr  Streaming Vid\u00e9o and News , toutes les infos sans filtres !","publisher":{"@id":"https:\/\/webtube.fr\/#organization"},"alternateName":"Rutube","potentialAction":[{"@type":"SearchAction","target":{"@type":"EntryPoint","urlTemplate":"https:\/\/webtube.fr\/?s={search_term_string}"},"query-input":{"@type":"PropertyValueSpecification","valueRequired":true,"valueName":"search_term_string"}}],"inLanguage":"fr-FR"},{"@type":"Organization","@id":"https:\/\/webtube.fr\/#organization","name":"# WEBTUBE.fr","url":"https:\/\/webtube.fr\/","logo":{"@type":"ImageObject","inLanguage":"fr-FR","@id":"https:\/\/webtube.fr\/#\/schema\/logo\/image\/","url":"https:\/\/webtube.fr\/wp-content\/uploads\/2025\/09\/cropped-Logo_webtubeIA-1.jpg","contentUrl":"https:\/\/webtube.fr\/wp-content\/uploads\/2025\/09\/cropped-Logo_webtubeIA-1.jpg","width":240,"height":240,"caption":"# WEBTUBE.fr"},"image":{"@id":"https:\/\/webtube.fr\/#\/schema\/logo\/image\/"},"sameAs":["https:\/\/www.facebook.com\/profile.php?id=100069673161887","https:\/\/x.com\/OrtfNews","https:\/\/www.facebook.com\/profile.php?id=100013751440523"]},{"@type":"Person","@id":"https:\/\/webtube.fr\/#\/schema\/person\/dcc633686e0e2a79a6bf7b92c9507618","name":"admin5851","image":{"@type":"ImageObject","inLanguage":"fr-FR","@id":"https:\/\/secure.gravatar.com\/avatar\/ea1b672a827879c0febb022a108a871292b3d08fadc66a0a43fa47acfe82e38a?s=96&d=mm&r=g","url":"https:\/\/secure.gravatar.com\/avatar\/ea1b672a827879c0febb022a108a871292b3d08fadc66a0a43fa47acfe82e38a?s=96&d=mm&r=g","contentUrl":"https:\/\/secure.gravatar.com\/avatar\/ea1b672a827879c0febb022a108a871292b3d08fadc66a0a43fa47acfe82e38a?s=96&d=mm&r=g","caption":"admin5851"},"sameAs":["http:\/\/linlcju.cluster100.hosting.ovh.net"],"url":"https:\/\/webtube.fr\/index.php\/author\/admin5851\/"}]}},"jetpack_featured_media_url":"","jetpack_sharing_enabled":true,"_links":{"self":[{"href":"https:\/\/webtube.fr\/index.php\/wp-json\/wp\/v2\/posts\/30943","targetHints":{"allow":["GET"]}}],"collection":[{"href":"https:\/\/webtube.fr\/index.php\/wp-json\/wp\/v2\/posts"}],"about":[{"href":"https:\/\/webtube.fr\/index.php\/wp-json\/wp\/v2\/types\/post"}],"author":[{"embeddable":true,"href":"https:\/\/webtube.fr\/index.php\/wp-json\/wp\/v2\/users\/1"}],"replies":[{"embeddable":true,"href":"https:\/\/webtube.fr\/index.php\/wp-json\/wp\/v2\/comments?post=30943"}],"version-history":[{"count":1,"href":"https:\/\/webtube.fr\/index.php\/wp-json\/wp\/v2\/posts\/30943\/revisions"}],"predecessor-version":[{"id":30944,"href":"https:\/\/webtube.fr\/index.php\/wp-json\/wp\/v2\/posts\/30943\/revisions\/30944"}],"wp:attachment":[{"href":"https:\/\/webtube.fr\/index.php\/wp-json\/wp\/v2\/media?parent=30943"}],"wp:term":[{"taxonomy":"category","embeddable":true,"href":"https:\/\/webtube.fr\/index.php\/wp-json\/wp\/v2\/categories?post=30943"},{"taxonomy":"post_tag","embeddable":true,"href":"https:\/\/webtube.fr\/index.php\/wp-json\/wp\/v2\/tags?post=30943"}],"curies":[{"name":"wp","href":"https:\/\/api.w.org\/{rel}","templated":true}]}}