{"id":30941,"date":"2026-01-04T08:17:56","date_gmt":"2026-01-04T08:17:56","guid":{"rendered":"https:\/\/webtube.fr\/?p=30941"},"modified":"2026-01-04T08:17:56","modified_gmt":"2026-01-04T08:17:56","slug":"ca-dilue-la-couleur-de-peau-noire-quand-des-racises-rejettent-la-mixite","status":"publish","type":"post","link":"https:\/\/webtube.fr\/index.php\/2026\/01\/04\/ca-dilue-la-couleur-de-peau-noire-quand-des-racises-rejettent-la-mixite\/","title":{"rendered":". \u00ab \u00c7a dilue la couleur de peau noire \u00bb\u00a0: quand des racis\u00e9s rejettent la mixit\u00e9"},"content":{"rendered":"\n<p>Articles : <a href=\"https:\/\/webtube.fr\/index.php\/2026\/01\/\" target=\"_blank\" rel=\"noreferrer noopener\">Jan 2026<\/a> &#8211; <a href=\"https:\/\/webtube.fr\/index.php\/2025\/12\/\" target=\"_blank\" rel=\"noreferrer noopener\">Dec. 2025<\/a> &#8211; <a href=\"https:\/\/webtube.fr\/index.php\/2025\/11\/\">Nov. 2025<\/a> &#8211; <a href=\"https:\/\/webtube.fr\/index.php\/2025\/10\/\" target=\"_blank\" rel=\"noreferrer noopener\">Oct. 2025<\/a> &#8211;<br>Facebook&nbsp;:&nbsp;<a href=\"https:\/\/www.facebook.com\/profile.php?id=100069673161887\">https:\/\/www.facebook.com\/profile.php?id=100069673161887<\/a> Twitter : <a href=\"https:\/\/twitter.com\/OrtfNews\" target=\"_blank\" rel=\"noreferrer noopener\">https:\/\/twitter.com\/OrtfNews<\/a> Music 24\/24 : <a href=\"http:\/\/DJMUSIC.fr\/\" target=\"_blank\" rel=\"noreferrer noopener\">http:\/\/DJMUSIC.fr<\/a><\/p>\n\n\n\n<figure class=\"wp-block-image size-large\"><a href=\"http:\/\/weboomedia.free.fr\/ORTF\/php\/\" target=\"_blank\" rel=\" noreferrer noopener\"><img decoding=\"async\" src=\"https:\/\/media.bvoltaire.fr\/file\/Bvoltaire\/2026\/01\/IL20260103153932-metissage-2-scaled-929x522.jpg\" alt=\"\"\/><\/a><\/figure>\n\n\n\n<p><strong>#webtube<\/strong> : <em>\u00ab Donc c\u2019est probl\u00e9matique&#8230; \u00bb Vous ne connaissez pas la Librairie Africaine ? Ouverte en ao\u00fbt 2024, cette chaine YouTube dit promouvoir la lecture,\u00a0<a href=\"https:\/\/www.youtube.com\/@LaLibrairieAfricaine\" target=\"_blank\" rel=\"noreferrer noopener\">\u00ab notamment d\u2019\u0153uvres afros, pour s\u2019\u00e9lever \u00bb<\/a>. Belle ambition. Elle compte \u00e0 peine plus de 20 000 abonn\u00e9s pour un total de 160 vid\u00e9os, mais d\u00e9j\u00e0 quelques jolies perles \u00e0 son actif. On lui doit notamment\u00a0<a href=\"https:\/\/www.bvoltaire.fr\/on-fait-plus-de-gosses-queux-a-lfi-un-esprit-de-revanche-anti-francais-assume\/?fsp_sid=10507\" target=\"_blank\" rel=\"noreferrer noopener\">la fameuse interview de Carlos Martens Bilongo<\/a>\u00a0\u2013 vid\u00e9o depuis retir\u00e9e de la plateforme \u2013 dans laquelle le d\u00e9put\u00e9 LFI \u00e9voquait la\u00a0\u00ab promotion-canap\u00e9 \u00bb\u00a0de certaines femmes politiques, exprimait sa soif de revanche identitaire (\u00ab On va leur montrer qu&rsquo;on est plus nombreux \u00bb) et moquait la\u00a0\u00ab pauvret\u00e9 intellectuelle \u00bb\u00a0du Nord de la France.<\/em><\/p>\n\n\n\n<p>Mais depuis quelques heures,\u00a0<a href=\"https:\/\/www.youtube.com\/watch?v=pmrQnVH_DtI\" target=\"_blank\" rel=\"noreferrer noopener\">une autre vid\u00e9o issue de la m\u00eame cha\u00eene<\/a>\u00a0suscite la pol\u00e9mique. Le chroniqueur Ludovic-Hermann Wanda y recevait la jeune Lexie \u2013 \u00e9galement active sur les r\u00e9seaux sous le nom de \u00ab MrsSamiraa \u00bb &#8211; ainsi que la doctorante en socio-anthropologie (sic) Marie-Fid\u00e8le Dusingize, pour y discuter de divers sujets, notamment des couples mixtes.\u00a0<em>\u00ab Faire des b\u00e9b\u00e9s avec un Blanc, \u00e7a fait des m\u00e9tisses et au fur et \u00e0 mesure, sur le long terme, \u00e7a \u00e9limine les Noirs<\/em>, y a notamment expliqu\u00e9 la jeune Lexie.\u00a0<em>Se lier avec un Blanc ou une Blanche, au final, \u00e7a cr\u00e9e des m\u00e9tisses, et \u00e0 long terme \u00e7a devient des Blancs, \u00e7a dilue la couleur de peau noire. Donc c\u2019est probl\u00e9matique \u00bb<\/em>. Devinant la port\u00e9e pol\u00e9mique de tels propos, son intervieweur lui a demand\u00e9 de pr\u00e9ciser sa pens\u00e9e. D\u00e9fendrait-elle la th\u00e8se d\u2019un\u00a0<em>\u00ab Grand Remplacement invers\u00e9 \u00bb<\/em>\u00a0?\u00a0<em>\u00ab Voil\u00e0 \u00bb<\/em>, a alors confirm\u00e9 l\u2019int\u00e9ress\u00e9e. En face, la doctorante exprima son d\u00e9saccord, mais estima n\u00e9anmoins qu\u2019un tel discours \u00e9tait\u00a0<em>\u00ab int\u00e9ressant sur le plan politique \u00bb<\/em>\u2026<\/p>\n\n\n\n<blockquote class=\"twitter-tweet\" data-media-max-width=\"560\"><p lang=\"fr\" dir=\"ltr\">Les blancs n\u2019auraient pas le droit d\u2019avoir ce d\u00e9bat mais c\u2019est int\u00e9ressant. <a href=\"https:\/\/t.co\/82Cb8LIgFF\">pic.twitter.com\/82Cb8LIgFF<\/a><\/p>&mdash; Geronimus lll \ud83c\udde8\ud83c\uddf5 (@Geronimuslll) <a href=\"https:\/\/twitter.com\/Geronimuslll\/status\/2007090295792615575?ref_src=twsrc%5Etfw\">January 2, 2026<\/a><\/blockquote> <script async src=\"https:\/\/platform.twitter.com\/widgets.js\" charset=\"utf-8\"><\/script>\n\n\n\n<p>Cet \u00e9loge d\u2019une&nbsp;<em>\u00ab noirceur \u00bb<\/em>&nbsp;non dilu\u00e9e a fait r\u00e9agir bon nombre d\u2019internautes.&nbsp;<em>\u00ab Vous imaginez ce genre d\u2019\u00e9mission raciale avec que des Blancs ? \u00bb<\/em>, lan\u00e7a&nbsp;<a href=\"https:\/\/x.com\/BenjaminDaga2\/status\/2007105988147470672\" target=\"_blank\" rel=\"noreferrer noopener\">Benjamin<\/a>, sur X.&nbsp;<em>\u00ab Le m\u00eame d\u00e9bat entre Blancs et ce serait une crise d&rsquo;hyst\u00e9rie chez les \u00ab\u00a0antiracistes\u00a0\u00bb \u00bb<\/em>, observa&nbsp;<a href=\"https:\/\/x.com\/BlobelPonge\/status\/2007103128706113749\" target=\"_blank\" rel=\"noreferrer noopener\">un autre Twittos<\/a>.&nbsp;<em>\u00ab M\u00eame discours entre Blancs, \u2018y a le GIGN qui d\u00e9barque dans la seconde, un Grenelle de la mixit\u00e9 voit le jour dans la semaine et tout ce beau monde est banni des r\u00e9seaux et du syst\u00e8me bancaire \u00bb<\/em>, estima&nbsp;<a href=\"https:\/\/x.com\/ElCrackitoDuNet\/status\/2007111622989697302\" target=\"_blank\" rel=\"noreferrer noopener\">un troisi\u00e8me<\/a>.<\/p>\n\n\n\n<h2 class=\"wp-block-heading\">Du m\u00e9tissage obligatoire \u00e0 la guerre raciale ?<\/h2>\n\n\n\n<p>L&rsquo;injonction au m\u00e9tissage serait-elle en passe d&rsquo;\u00eatre ringardis\u00e9e ? Il y a quelques ann\u00e9es \u00e0 peine, \u00e0 gauche, on pr\u00e9sentait le m\u00e9lange ethnique comme un quasi devoir moral.&nbsp;<em>\u00ab Le racisme le plus profond, c\u2019est celui qui refuse le m\u00e9tissage \u00bb<\/em>, expliquait-on alors, dans&nbsp;<a href=\"https:\/\/www.lemonde.fr\/societe\/article\/2019\/11\/09\/le-racisme-le-plus-profond-c-est-celui-qui-refuse-le-metissage_6018572_3224.html\" target=\"_blank\" rel=\"noreferrer noopener\"><em>Le Monde<\/em><\/a>. La \u00ab diversit\u00e9 \u00bb devait s\u2019imposer et la multiplicit\u00e9 des origines \u00e9taient c\u00e9l\u00e9br\u00e9es.&nbsp;<em>\u00ab Lorsque je suis n\u00e9, un Fran\u00e7ais sur dix avait un grand-parent \u00e9tranger.&nbsp;<a href=\"https:\/\/x.com\/JLMelenchon\/status\/1801720134580519130\" target=\"_blank\" rel=\"noreferrer noopener\">Dor\u00e9navant, c&rsquo;est un sur quatre<\/a>&nbsp;! \u00bb<\/em>, s\u2019\u00e9merveillait Jean-Luc M\u00e9lenchon, en juin 2024. Son appel \u00e0 la&nbsp;<em>\u00ab cr\u00e9olisation \u00bb<\/em>&nbsp;faisait \u00e9cho aux propos de l\u2019acteur Matthieu Kassovitz qui avait d\u00e9clar\u00e9 ne pas pouvoir vivre dans&nbsp;<a href=\"https:\/\/www.youtube.com\/watch?v=QKkKDniLNVM\" target=\"_blank\" rel=\"noreferrer noopener\"><em>\u00ab une France blanche \u00bb<\/em><\/a>.&nbsp;<em>\u00ab J\u2019esp\u00e8re qu\u2019on va continuer \u00e0 se m\u00e9langer \u00bb<\/em>, avait-il encore d\u00e9clar\u00e9&nbsp;<a href=\"https:\/\/tvmag.lefigaro.fr\/programme-tv\/actu-tele\/on-ne-peut-pas-vivre-dans-une-france-blanche-mathieu-kassovitz-revient-sur-ses-propos-polemiques-sur-lci-20250525\" target=\"_blank\" rel=\"noreferrer noopener\">sur LCI, en 2025<\/a>.<\/p>\n\n\n\n<p>En visionnant cet \u00e9change sur le ton de la conversation de salon, on peut se demander si la logique \u00ab antiraciste \u00bb n&rsquo;est pas en train de passer un nouveau cran. Exit, le m\u00e9tissage. D\u00e9sormais, certains en appelleraient plut\u00f4t \u00e0 la s\u00e9paration nette des ethnies et \u00e0 la pr\u00e9servation d\u2019une certaine puret\u00e9 raciale. L\u2019id\u00e9e \u00e9tant, bien s\u00fbr, de se tenir \u00e0 bonne distance du \u00ab Blanc \u00bb, figure qu&rsquo;on imagine d\u00e9moniaque et \u00e0 l\u2019origine de tous les maux.&nbsp;<em>\u00ab Doit-on consid\u00e9rer comme certains que, l\u2019Occident ayant sem\u00e9 le chaos \u00e0 travers le monde, le juste retournement de situation serait d\u2019observer un changement d\u00e9mographique sur son territoire ? \u00bb<\/em>, a ainsi questionn\u00e9 le chroniqueur Ludovic-Hermann Wanda, durant la m\u00eame \u00e9mission de la Librairie africaine. Autrement dit, le peuple blanc serait&nbsp;<em>\u00ab vou\u00e9 \u00e0 disparaitre pour permettre aux autres peuples d\u2019\u00e9clore \u00bb<\/em>. Qu\u2019en termes galants ces choses-l\u00e0 sont dites !<\/p>\n\n\n\n<p>Cette fois-ci, la jeune Lexie se montra la plus mesur\u00e9e et r\u00e9pondit que la cohabitation pacifique \u00e9tait sans doute la meilleure option.&nbsp;<em>\u00ab Ma s\u0153ur, je ne suis tellement pas d\u2019accord avec toi !<\/em>, objecta alors Marie-Fid\u00e8le Dusingize.&nbsp;<em>C\u2019est la guerre ! On est dans une guerre raciale qui se perp\u00e9tue \u00bb<\/em>. La doctorante poursuivit sa d\u00e9monstration en s\u2019appuyant sur une sc\u00e8ne sanglante du film&nbsp;<em>Sinners<\/em>&nbsp;dans laquelle le h\u00e9ros afro-am\u00e9ricain massacre un groupe de vampires au teint blafard.&nbsp;<em>\u00ab Les vampires, c\u2019est pas anodin ! Des vampires qui s\u2019attaquent aux populations noires, c\u2019est une continuit\u00e9 de la violence raciale que subit la communaut\u00e9 noire qui a commenc\u00e9 avec l\u2019esclavage et continue \u00e0 travers le racisme structurel \u00bb<\/em>, analysa-t-elle avant d\u2019avouer qu\u2019elle avait trouv\u00e9 cette sc\u00e8ne de massacre&nbsp;<em>\u00ab extr\u00eamement jouissive \u00bb<\/em>. Les suceurs de sang repr\u00e9senteraient-ils les Blancs ? Allez savoir.&nbsp;<em>\u00ab \u00c7a avait du sens<\/em>, ajouta encore l\u2019universitaire<em>. C\u2019\u00e9tait un moyen de dire qu\u2019on gagne une petite guerre dans cette affaire-l\u00e0 \u00bb<\/em>\u2026<\/p>\n\n\n\n<blockquote class=\"twitter-tweet\" data-media-max-width=\"560\"><p lang=\"fr\" dir=\"ltr\">Dans certains m\u00e9dias, on discute tranquillement du bien-fond\u00e9 de la disparition des Blancs en Occident. On avance l&#39;id\u00e9e que ce remplacement permettrait &quot;aux autres peuples d\u2019\u00e9clore&quot;&#8230; C&#39;est beau, l&#39;antiracisme. <a href=\"https:\/\/t.co\/jmJEFzJ6Ky\">pic.twitter.com\/jmJEFzJ6Ky<\/a><\/p>&mdash; Jean Kast (@jeankastoff) <a href=\"https:\/\/twitter.com\/jeankastoff\/status\/2007465975633891694?ref_src=twsrc%5Etfw\">January 3, 2026<\/a><\/blockquote> <script async src=\"https:\/\/platform.twitter.com\/widgets.js\" charset=\"utf-8\"><\/script>\n\n\n\n<p>\u00c0 ce sujet \u2014&nbsp;<a href=\"https:\/\/www.bvoltaire.fr\/on-fait-plus-de-gosses-queux-a-lfi-un-esprit-de-revanche-anti-francais-assume\/?fsp_sid=10507\"><em>\u00ab On fait plus de gosses qu\u2019eux \u00bb<\/em>&nbsp;: \u00e0 LFI, un esprit de revanche anti-Fran\u00e7ais assum\u00e9<\/a><\/p>\n\n\n\n<p>\u00c9videmment, ne vous attendez pas \u00e0 voir ces propos condamn\u00e9s par la gauche. Pendant que CNews est&nbsp;<a href=\"https:\/\/www.bvoltaire.fr\/cnews-punie-par-larcom-pour-avoir-brise-le-tabou-des-attaques-au-couteau\/\" target=\"_blank\" rel=\"noreferrer noopener\">sanctionn\u00e9 par l\u2019Arcom pour des propos \u00e9tablissant un lien entre ins\u00e9curit\u00e9 et immigration<\/a>, sur d&rsquo;autres m\u00e9dias, on peut disserter en toute impunit\u00e9 sur le caract\u00e8re&nbsp;<em>\u00ab probl\u00e9matique \u00bb<\/em>&nbsp;du m\u00e9tissage.<\/p>\n\n\n\n<p><a href=\"https:\/\/www.bvoltaire.fr\/auteur\/jeankast\/\">Jean Kast<\/a>, dans BV<\/p>\n\n\n\n<p><\/p>\n","protected":false},"excerpt":{"rendered":"<p>Articles : Jan 2026 &#8211; Dec. 2025 &#8211; Nov. 2025 &#8211; Oct. 2025 &#8211;Facebook&nbsp;:&nbsp;https:\/\/www.facebook.com\/profile.php?id=100069673161887 Twitter : https:\/\/twitter.com\/OrtfNews Music 24\/24 : http:\/\/DJMUSIC.fr #webtube : \u00ab Donc c\u2019est probl\u00e9matique&#8230; \u00bb Vous ne connaissez pas la Librairie Africaine ? Ouverte en ao\u00fbt 2024, cette chaine YouTube dit promouvoir la lecture,\u00a0\u00ab notamment d\u2019\u0153uvres afros, pour s\u2019\u00e9lever \u00bb. Belle ambition. &hellip; <a href=\"https:\/\/webtube.fr\/index.php\/2026\/01\/04\/ca-dilue-la-couleur-de-peau-noire-quand-des-racises-rejettent-la-mixite\/\" class=\"more-link\">Continuer la lecture<span class=\"screen-reader-text\"> de &laquo;&nbsp;. \u00ab \u00c7a dilue la couleur de peau noire \u00bb\u00a0: quand des racis\u00e9s rejettent la mixit\u00e9&nbsp;&raquo;<\/span><\/a><\/p>\n","protected":false},"author":1,"featured_media":0,"comment_status":"open","ping_status":"open","sticky":false,"template":"","format":"standard","meta":{"_jetpack_memberships_contains_paid_content":false,"footnotes":""},"categories":[1],"tags":[],"class_list":["post-30941","post","type-post","status-publish","format-standard","hentry","category-uncategorized"],"yoast_head":"<!-- This site is optimized with the Yoast SEO plugin v27.3 - https:\/\/yoast.com\/product\/yoast-seo-wordpress\/ -->\n<title>. \u00ab \u00c7a dilue la couleur de peau noire \u00bb\u00a0: quand des racis\u00e9s rejettent la mixit\u00e9 - # WEBTUBE.fr<\/title>\n<meta name=\"robots\" content=\"index, follow, max-snippet:-1, max-image-preview:large, max-video-preview:-1\" \/>\n<link rel=\"canonical\" href=\"https:\/\/webtube.fr\/index.php\/2026\/01\/04\/ca-dilue-la-couleur-de-peau-noire-quand-des-racises-rejettent-la-mixite\/\" \/>\n<meta property=\"og:locale\" content=\"fr_FR\" \/>\n<meta property=\"og:type\" content=\"article\" \/>\n<meta property=\"og:title\" content=\". \u00ab \u00c7a dilue la couleur de peau noire \u00bb\u00a0: quand des racis\u00e9s rejettent la mixit\u00e9 - # WEBTUBE.fr\" \/>\n<meta property=\"og:description\" content=\"Articles : Jan 2026 &#8211; Dec. 2025 &#8211; Nov. 2025 &#8211; Oct. 2025 &#8211;Facebook&nbsp;:&nbsp;https:\/\/www.facebook.com\/profile.php?id=100069673161887 Twitter : https:\/\/twitter.com\/OrtfNews Music 24\/24 : http:\/\/DJMUSIC.fr #webtube : \u00ab Donc c\u2019est probl\u00e9matique&#8230; \u00bb Vous ne connaissez pas la Librairie Africaine ? Ouverte en ao\u00fbt 2024, cette chaine YouTube dit promouvoir la lecture,\u00a0\u00ab notamment d\u2019\u0153uvres afros, pour s\u2019\u00e9lever \u00bb. Belle ambition. &hellip; Continuer la lecture de &laquo;&nbsp;. \u00ab \u00c7a dilue la couleur de peau noire \u00bb\u00a0: quand des racis\u00e9s rejettent la mixit\u00e9&nbsp;&raquo;\" \/>\n<meta property=\"og:url\" content=\"https:\/\/webtube.fr\/index.php\/2026\/01\/04\/ca-dilue-la-couleur-de-peau-noire-quand-des-racises-rejettent-la-mixite\/\" \/>\n<meta property=\"og:site_name\" content=\"# WEBTUBE.fr\" \/>\n<meta property=\"article:publisher\" content=\"https:\/\/www.facebook.com\/profile.php?id=100069673161887\" \/>\n<meta property=\"article:published_time\" content=\"2026-01-04T08:17:56+00:00\" \/>\n<meta property=\"og:image\" content=\"https:\/\/media.bvoltaire.fr\/file\/Bvoltaire\/2026\/01\/IL20260103153932-metissage-2-scaled-929x522.jpg\" \/>\n<meta name=\"author\" content=\"admin5851\" \/>\n<meta name=\"twitter:card\" content=\"summary_large_image\" \/>\n<meta name=\"twitter:creator\" content=\"@OrtfNews\" \/>\n<meta name=\"twitter:site\" content=\"@OrtfNews\" \/>\n<meta name=\"twitter:label1\" content=\"\u00c9crit par\" \/>\n\t<meta name=\"twitter:data1\" content=\"admin5851\" \/>\n\t<meta name=\"twitter:label2\" content=\"Dur\u00e9e de lecture estim\u00e9e\" \/>\n\t<meta name=\"twitter:data2\" content=\"5 minutes\" \/>\n<script type=\"application\/ld+json\" class=\"yoast-schema-graph\">{\"@context\":\"https:\\\/\\\/schema.org\",\"@graph\":[{\"@type\":\"Article\",\"@id\":\"https:\\\/\\\/webtube.fr\\\/index.php\\\/2026\\\/01\\\/04\\\/ca-dilue-la-couleur-de-peau-noire-quand-des-racises-rejettent-la-mixite\\\/#article\",\"isPartOf\":{\"@id\":\"https:\\\/\\\/webtube.fr\\\/index.php\\\/2026\\\/01\\\/04\\\/ca-dilue-la-couleur-de-peau-noire-quand-des-racises-rejettent-la-mixite\\\/\"},\"author\":{\"name\":\"admin5851\",\"@id\":\"https:\\\/\\\/webtube.fr\\\/#\\\/schema\\\/person\\\/dcc633686e0e2a79a6bf7b92c9507618\"},\"headline\":\". \u00ab \u00c7a dilue la couleur de peau noire \u00bb\u00a0: quand des racis\u00e9s rejettent la mixit\u00e9\",\"datePublished\":\"2026-01-04T08:17:56+00:00\",\"mainEntityOfPage\":{\"@id\":\"https:\\\/\\\/webtube.fr\\\/index.php\\\/2026\\\/01\\\/04\\\/ca-dilue-la-couleur-de-peau-noire-quand-des-racises-rejettent-la-mixite\\\/\"},\"wordCount\":1081,\"commentCount\":0,\"publisher\":{\"@id\":\"https:\\\/\\\/webtube.fr\\\/#organization\"},\"image\":{\"@id\":\"https:\\\/\\\/webtube.fr\\\/index.php\\\/2026\\\/01\\\/04\\\/ca-dilue-la-couleur-de-peau-noire-quand-des-racises-rejettent-la-mixite\\\/#primaryimage\"},\"thumbnailUrl\":\"https:\\\/\\\/media.bvoltaire.fr\\\/file\\\/Bvoltaire\\\/2026\\\/01\\\/IL20260103153932-metissage-2-scaled-929x522.jpg\",\"articleSection\":[\"Uncategorized\"],\"inLanguage\":\"fr-FR\",\"potentialAction\":[{\"@type\":\"CommentAction\",\"name\":\"Comment\",\"target\":[\"https:\\\/\\\/webtube.fr\\\/index.php\\\/2026\\\/01\\\/04\\\/ca-dilue-la-couleur-de-peau-noire-quand-des-racises-rejettent-la-mixite\\\/#respond\"]}]},{\"@type\":\"WebPage\",\"@id\":\"https:\\\/\\\/webtube.fr\\\/index.php\\\/2026\\\/01\\\/04\\\/ca-dilue-la-couleur-de-peau-noire-quand-des-racises-rejettent-la-mixite\\\/\",\"url\":\"https:\\\/\\\/webtube.fr\\\/index.php\\\/2026\\\/01\\\/04\\\/ca-dilue-la-couleur-de-peau-noire-quand-des-racises-rejettent-la-mixite\\\/\",\"name\":\". \u00ab \u00c7a dilue la couleur de peau noire \u00bb\u00a0: quand des racis\u00e9s rejettent la mixit\u00e9 - # WEBTUBE.fr\",\"isPartOf\":{\"@id\":\"https:\\\/\\\/webtube.fr\\\/#website\"},\"primaryImageOfPage\":{\"@id\":\"https:\\\/\\\/webtube.fr\\\/index.php\\\/2026\\\/01\\\/04\\\/ca-dilue-la-couleur-de-peau-noire-quand-des-racises-rejettent-la-mixite\\\/#primaryimage\"},\"image\":{\"@id\":\"https:\\\/\\\/webtube.fr\\\/index.php\\\/2026\\\/01\\\/04\\\/ca-dilue-la-couleur-de-peau-noire-quand-des-racises-rejettent-la-mixite\\\/#primaryimage\"},\"thumbnailUrl\":\"https:\\\/\\\/media.bvoltaire.fr\\\/file\\\/Bvoltaire\\\/2026\\\/01\\\/IL20260103153932-metissage-2-scaled-929x522.jpg\",\"datePublished\":\"2026-01-04T08:17:56+00:00\",\"breadcrumb\":{\"@id\":\"https:\\\/\\\/webtube.fr\\\/index.php\\\/2026\\\/01\\\/04\\\/ca-dilue-la-couleur-de-peau-noire-quand-des-racises-rejettent-la-mixite\\\/#breadcrumb\"},\"inLanguage\":\"fr-FR\",\"potentialAction\":[{\"@type\":\"ReadAction\",\"target\":[\"https:\\\/\\\/webtube.fr\\\/index.php\\\/2026\\\/01\\\/04\\\/ca-dilue-la-couleur-de-peau-noire-quand-des-racises-rejettent-la-mixite\\\/\"]}]},{\"@type\":\"ImageObject\",\"inLanguage\":\"fr-FR\",\"@id\":\"https:\\\/\\\/webtube.fr\\\/index.php\\\/2026\\\/01\\\/04\\\/ca-dilue-la-couleur-de-peau-noire-quand-des-racises-rejettent-la-mixite\\\/#primaryimage\",\"url\":\"https:\\\/\\\/media.bvoltaire.fr\\\/file\\\/Bvoltaire\\\/2026\\\/01\\\/IL20260103153932-metissage-2-scaled-929x522.jpg\",\"contentUrl\":\"https:\\\/\\\/media.bvoltaire.fr\\\/file\\\/Bvoltaire\\\/2026\\\/01\\\/IL20260103153932-metissage-2-scaled-929x522.jpg\"},{\"@type\":\"BreadcrumbList\",\"@id\":\"https:\\\/\\\/webtube.fr\\\/index.php\\\/2026\\\/01\\\/04\\\/ca-dilue-la-couleur-de-peau-noire-quand-des-racises-rejettent-la-mixite\\\/#breadcrumb\",\"itemListElement\":[{\"@type\":\"ListItem\",\"position\":1,\"name\":\"Accueil\",\"item\":\"https:\\\/\\\/webtube.fr\\\/\"},{\"@type\":\"ListItem\",\"position\":2,\"name\":\". \u00ab \u00c7a dilue la couleur de peau noire \u00bb\u00a0: quand des racis\u00e9s rejettent la mixit\u00e9\"}]},{\"@type\":\"WebSite\",\"@id\":\"https:\\\/\\\/webtube.fr\\\/#website\",\"url\":\"https:\\\/\\\/webtube.fr\\\/\",\"name\":\"WEBTUBE\",\"description\":\"WEBTUBE.fr  Streaming Vid\u00e9o and News , toutes les infos sans filtres !\",\"publisher\":{\"@id\":\"https:\\\/\\\/webtube.fr\\\/#organization\"},\"alternateName\":\"Rutube\",\"potentialAction\":[{\"@type\":\"SearchAction\",\"target\":{\"@type\":\"EntryPoint\",\"urlTemplate\":\"https:\\\/\\\/webtube.fr\\\/?s={search_term_string}\"},\"query-input\":{\"@type\":\"PropertyValueSpecification\",\"valueRequired\":true,\"valueName\":\"search_term_string\"}}],\"inLanguage\":\"fr-FR\"},{\"@type\":\"Organization\",\"@id\":\"https:\\\/\\\/webtube.fr\\\/#organization\",\"name\":\"# WEBTUBE.fr\",\"url\":\"https:\\\/\\\/webtube.fr\\\/\",\"logo\":{\"@type\":\"ImageObject\",\"inLanguage\":\"fr-FR\",\"@id\":\"https:\\\/\\\/webtube.fr\\\/#\\\/schema\\\/logo\\\/image\\\/\",\"url\":\"https:\\\/\\\/webtube.fr\\\/wp-content\\\/uploads\\\/2025\\\/09\\\/cropped-Logo_webtubeIA-1.jpg\",\"contentUrl\":\"https:\\\/\\\/webtube.fr\\\/wp-content\\\/uploads\\\/2025\\\/09\\\/cropped-Logo_webtubeIA-1.jpg\",\"width\":240,\"height\":240,\"caption\":\"# WEBTUBE.fr\"},\"image\":{\"@id\":\"https:\\\/\\\/webtube.fr\\\/#\\\/schema\\\/logo\\\/image\\\/\"},\"sameAs\":[\"https:\\\/\\\/www.facebook.com\\\/profile.php?id=100069673161887\",\"https:\\\/\\\/x.com\\\/OrtfNews\",\"https:\\\/\\\/www.facebook.com\\\/profile.php?id=100013751440523\"]},{\"@type\":\"Person\",\"@id\":\"https:\\\/\\\/webtube.fr\\\/#\\\/schema\\\/person\\\/dcc633686e0e2a79a6bf7b92c9507618\",\"name\":\"admin5851\",\"image\":{\"@type\":\"ImageObject\",\"inLanguage\":\"fr-FR\",\"@id\":\"https:\\\/\\\/secure.gravatar.com\\\/avatar\\\/ea1b672a827879c0febb022a108a871292b3d08fadc66a0a43fa47acfe82e38a?s=96&d=mm&r=g\",\"url\":\"https:\\\/\\\/secure.gravatar.com\\\/avatar\\\/ea1b672a827879c0febb022a108a871292b3d08fadc66a0a43fa47acfe82e38a?s=96&d=mm&r=g\",\"contentUrl\":\"https:\\\/\\\/secure.gravatar.com\\\/avatar\\\/ea1b672a827879c0febb022a108a871292b3d08fadc66a0a43fa47acfe82e38a?s=96&d=mm&r=g\",\"caption\":\"admin5851\"},\"sameAs\":[\"http:\\\/\\\/linlcju.cluster100.hosting.ovh.net\"],\"url\":\"https:\\\/\\\/webtube.fr\\\/index.php\\\/author\\\/admin5851\\\/\"}]}<\/script>\n<!-- \/ Yoast SEO plugin. -->","yoast_head_json":{"title":". \u00ab \u00c7a dilue la couleur de peau noire \u00bb\u00a0: quand des racis\u00e9s rejettent la mixit\u00e9 - # WEBTUBE.fr","robots":{"index":"index","follow":"follow","max-snippet":"max-snippet:-1","max-image-preview":"max-image-preview:large","max-video-preview":"max-video-preview:-1"},"canonical":"https:\/\/webtube.fr\/index.php\/2026\/01\/04\/ca-dilue-la-couleur-de-peau-noire-quand-des-racises-rejettent-la-mixite\/","og_locale":"fr_FR","og_type":"article","og_title":". \u00ab \u00c7a dilue la couleur de peau noire \u00bb\u00a0: quand des racis\u00e9s rejettent la mixit\u00e9 - # WEBTUBE.fr","og_description":"Articles : Jan 2026 &#8211; Dec. 2025 &#8211; Nov. 2025 &#8211; Oct. 2025 &#8211;Facebook&nbsp;:&nbsp;https:\/\/www.facebook.com\/profile.php?id=100069673161887 Twitter : https:\/\/twitter.com\/OrtfNews Music 24\/24 : http:\/\/DJMUSIC.fr #webtube : \u00ab Donc c\u2019est probl\u00e9matique&#8230; \u00bb Vous ne connaissez pas la Librairie Africaine ? Ouverte en ao\u00fbt 2024, cette chaine YouTube dit promouvoir la lecture,\u00a0\u00ab notamment d\u2019\u0153uvres afros, pour s\u2019\u00e9lever \u00bb. Belle ambition. &hellip; Continuer la lecture de &laquo;&nbsp;. \u00ab \u00c7a dilue la couleur de peau noire \u00bb\u00a0: quand des racis\u00e9s rejettent la mixit\u00e9&nbsp;&raquo;","og_url":"https:\/\/webtube.fr\/index.php\/2026\/01\/04\/ca-dilue-la-couleur-de-peau-noire-quand-des-racises-rejettent-la-mixite\/","og_site_name":"# WEBTUBE.fr","article_publisher":"https:\/\/www.facebook.com\/profile.php?id=100069673161887","article_published_time":"2026-01-04T08:17:56+00:00","og_image":[{"url":"https:\/\/media.bvoltaire.fr\/file\/Bvoltaire\/2026\/01\/IL20260103153932-metissage-2-scaled-929x522.jpg","type":"","width":"","height":""}],"author":"admin5851","twitter_card":"summary_large_image","twitter_creator":"@OrtfNews","twitter_site":"@OrtfNews","twitter_misc":{"\u00c9crit par":"admin5851","Dur\u00e9e de lecture estim\u00e9e":"5 minutes"},"schema":{"@context":"https:\/\/schema.org","@graph":[{"@type":"Article","@id":"https:\/\/webtube.fr\/index.php\/2026\/01\/04\/ca-dilue-la-couleur-de-peau-noire-quand-des-racises-rejettent-la-mixite\/#article","isPartOf":{"@id":"https:\/\/webtube.fr\/index.php\/2026\/01\/04\/ca-dilue-la-couleur-de-peau-noire-quand-des-racises-rejettent-la-mixite\/"},"author":{"name":"admin5851","@id":"https:\/\/webtube.fr\/#\/schema\/person\/dcc633686e0e2a79a6bf7b92c9507618"},"headline":". \u00ab \u00c7a dilue la couleur de peau noire \u00bb\u00a0: quand des racis\u00e9s rejettent la mixit\u00e9","datePublished":"2026-01-04T08:17:56+00:00","mainEntityOfPage":{"@id":"https:\/\/webtube.fr\/index.php\/2026\/01\/04\/ca-dilue-la-couleur-de-peau-noire-quand-des-racises-rejettent-la-mixite\/"},"wordCount":1081,"commentCount":0,"publisher":{"@id":"https:\/\/webtube.fr\/#organization"},"image":{"@id":"https:\/\/webtube.fr\/index.php\/2026\/01\/04\/ca-dilue-la-couleur-de-peau-noire-quand-des-racises-rejettent-la-mixite\/#primaryimage"},"thumbnailUrl":"https:\/\/media.bvoltaire.fr\/file\/Bvoltaire\/2026\/01\/IL20260103153932-metissage-2-scaled-929x522.jpg","articleSection":["Uncategorized"],"inLanguage":"fr-FR","potentialAction":[{"@type":"CommentAction","name":"Comment","target":["https:\/\/webtube.fr\/index.php\/2026\/01\/04\/ca-dilue-la-couleur-de-peau-noire-quand-des-racises-rejettent-la-mixite\/#respond"]}]},{"@type":"WebPage","@id":"https:\/\/webtube.fr\/index.php\/2026\/01\/04\/ca-dilue-la-couleur-de-peau-noire-quand-des-racises-rejettent-la-mixite\/","url":"https:\/\/webtube.fr\/index.php\/2026\/01\/04\/ca-dilue-la-couleur-de-peau-noire-quand-des-racises-rejettent-la-mixite\/","name":". \u00ab \u00c7a dilue la couleur de peau noire \u00bb\u00a0: quand des racis\u00e9s rejettent la mixit\u00e9 - # WEBTUBE.fr","isPartOf":{"@id":"https:\/\/webtube.fr\/#website"},"primaryImageOfPage":{"@id":"https:\/\/webtube.fr\/index.php\/2026\/01\/04\/ca-dilue-la-couleur-de-peau-noire-quand-des-racises-rejettent-la-mixite\/#primaryimage"},"image":{"@id":"https:\/\/webtube.fr\/index.php\/2026\/01\/04\/ca-dilue-la-couleur-de-peau-noire-quand-des-racises-rejettent-la-mixite\/#primaryimage"},"thumbnailUrl":"https:\/\/media.bvoltaire.fr\/file\/Bvoltaire\/2026\/01\/IL20260103153932-metissage-2-scaled-929x522.jpg","datePublished":"2026-01-04T08:17:56+00:00","breadcrumb":{"@id":"https:\/\/webtube.fr\/index.php\/2026\/01\/04\/ca-dilue-la-couleur-de-peau-noire-quand-des-racises-rejettent-la-mixite\/#breadcrumb"},"inLanguage":"fr-FR","potentialAction":[{"@type":"ReadAction","target":["https:\/\/webtube.fr\/index.php\/2026\/01\/04\/ca-dilue-la-couleur-de-peau-noire-quand-des-racises-rejettent-la-mixite\/"]}]},{"@type":"ImageObject","inLanguage":"fr-FR","@id":"https:\/\/webtube.fr\/index.php\/2026\/01\/04\/ca-dilue-la-couleur-de-peau-noire-quand-des-racises-rejettent-la-mixite\/#primaryimage","url":"https:\/\/media.bvoltaire.fr\/file\/Bvoltaire\/2026\/01\/IL20260103153932-metissage-2-scaled-929x522.jpg","contentUrl":"https:\/\/media.bvoltaire.fr\/file\/Bvoltaire\/2026\/01\/IL20260103153932-metissage-2-scaled-929x522.jpg"},{"@type":"BreadcrumbList","@id":"https:\/\/webtube.fr\/index.php\/2026\/01\/04\/ca-dilue-la-couleur-de-peau-noire-quand-des-racises-rejettent-la-mixite\/#breadcrumb","itemListElement":[{"@type":"ListItem","position":1,"name":"Accueil","item":"https:\/\/webtube.fr\/"},{"@type":"ListItem","position":2,"name":". \u00ab \u00c7a dilue la couleur de peau noire \u00bb\u00a0: quand des racis\u00e9s rejettent la mixit\u00e9"}]},{"@type":"WebSite","@id":"https:\/\/webtube.fr\/#website","url":"https:\/\/webtube.fr\/","name":"WEBTUBE","description":"WEBTUBE.fr  Streaming Vid\u00e9o and News , toutes les infos sans filtres !","publisher":{"@id":"https:\/\/webtube.fr\/#organization"},"alternateName":"Rutube","potentialAction":[{"@type":"SearchAction","target":{"@type":"EntryPoint","urlTemplate":"https:\/\/webtube.fr\/?s={search_term_string}"},"query-input":{"@type":"PropertyValueSpecification","valueRequired":true,"valueName":"search_term_string"}}],"inLanguage":"fr-FR"},{"@type":"Organization","@id":"https:\/\/webtube.fr\/#organization","name":"# WEBTUBE.fr","url":"https:\/\/webtube.fr\/","logo":{"@type":"ImageObject","inLanguage":"fr-FR","@id":"https:\/\/webtube.fr\/#\/schema\/logo\/image\/","url":"https:\/\/webtube.fr\/wp-content\/uploads\/2025\/09\/cropped-Logo_webtubeIA-1.jpg","contentUrl":"https:\/\/webtube.fr\/wp-content\/uploads\/2025\/09\/cropped-Logo_webtubeIA-1.jpg","width":240,"height":240,"caption":"# WEBTUBE.fr"},"image":{"@id":"https:\/\/webtube.fr\/#\/schema\/logo\/image\/"},"sameAs":["https:\/\/www.facebook.com\/profile.php?id=100069673161887","https:\/\/x.com\/OrtfNews","https:\/\/www.facebook.com\/profile.php?id=100013751440523"]},{"@type":"Person","@id":"https:\/\/webtube.fr\/#\/schema\/person\/dcc633686e0e2a79a6bf7b92c9507618","name":"admin5851","image":{"@type":"ImageObject","inLanguage":"fr-FR","@id":"https:\/\/secure.gravatar.com\/avatar\/ea1b672a827879c0febb022a108a871292b3d08fadc66a0a43fa47acfe82e38a?s=96&d=mm&r=g","url":"https:\/\/secure.gravatar.com\/avatar\/ea1b672a827879c0febb022a108a871292b3d08fadc66a0a43fa47acfe82e38a?s=96&d=mm&r=g","contentUrl":"https:\/\/secure.gravatar.com\/avatar\/ea1b672a827879c0febb022a108a871292b3d08fadc66a0a43fa47acfe82e38a?s=96&d=mm&r=g","caption":"admin5851"},"sameAs":["http:\/\/linlcju.cluster100.hosting.ovh.net"],"url":"https:\/\/webtube.fr\/index.php\/author\/admin5851\/"}]}},"jetpack_featured_media_url":"","jetpack_sharing_enabled":true,"_links":{"self":[{"href":"https:\/\/webtube.fr\/index.php\/wp-json\/wp\/v2\/posts\/30941","targetHints":{"allow":["GET"]}}],"collection":[{"href":"https:\/\/webtube.fr\/index.php\/wp-json\/wp\/v2\/posts"}],"about":[{"href":"https:\/\/webtube.fr\/index.php\/wp-json\/wp\/v2\/types\/post"}],"author":[{"embeddable":true,"href":"https:\/\/webtube.fr\/index.php\/wp-json\/wp\/v2\/users\/1"}],"replies":[{"embeddable":true,"href":"https:\/\/webtube.fr\/index.php\/wp-json\/wp\/v2\/comments?post=30941"}],"version-history":[{"count":1,"href":"https:\/\/webtube.fr\/index.php\/wp-json\/wp\/v2\/posts\/30941\/revisions"}],"predecessor-version":[{"id":30942,"href":"https:\/\/webtube.fr\/index.php\/wp-json\/wp\/v2\/posts\/30941\/revisions\/30942"}],"wp:attachment":[{"href":"https:\/\/webtube.fr\/index.php\/wp-json\/wp\/v2\/media?parent=30941"}],"wp:term":[{"taxonomy":"category","embeddable":true,"href":"https:\/\/webtube.fr\/index.php\/wp-json\/wp\/v2\/categories?post=30941"},{"taxonomy":"post_tag","embeddable":true,"href":"https:\/\/webtube.fr\/index.php\/wp-json\/wp\/v2\/tags?post=30941"}],"curies":[{"name":"wp","href":"https:\/\/api.w.org\/{rel}","templated":true}]}}