{"id":26271,"date":"2024-07-20T05:37:59","date_gmt":"2024-07-20T05:37:59","guid":{"rendered":"http:\/\/13.36.34.64\/?p=26271"},"modified":"2024-07-20T05:37:59","modified_gmt":"2024-07-20T05:37:59","slug":"von-der-leyen-rempile-pour-un-second-mandat-a-la-tete-de-la-commission-europeenne","status":"publish","type":"post","link":"https:\/\/webtube.fr\/index.php\/2024\/07\/20\/von-der-leyen-rempile-pour-un-second-mandat-a-la-tete-de-la-commission-europeenne\/","title":{"rendered":". Von der Leyen rempile pour un second mandat \u00e0 la t\u00eate de la Commission Europ\u00e9enne"},"content":{"rendered":"\n<figure><iframe loading=\"lazy\" width=\"800\" height=\"200\" src=\"http:\/\/rutubes.free.fr\/RutubeEmule-island.html\" frameborder=\"N\" scrolling=\"no\"><\/iframe><\/figure>\n\n\n\n<p>Articles \u00a0\u00a0\u00a0: <a href=\"https:\/\/webtube.fr\/2024\/07\/\" target=\"_blank\" rel=\"noreferrer noopener\">Juil. 2024<\/a> &#8211; <a href=\"https:\/\/webtube.fr\/2024\/06\/\" target=\"_blank\" rel=\"noreferrer noopener\">Juin 2024<\/a> &#8211; <a href=\"https:\/\/webtube.fr\/2024\/05\/\" target=\"_blank\" rel=\"noreferrer noopener\">Mai 2024<\/a> &#8211; <a href=\"https:\/\/webtube.fr\/2024\/04\/\" target=\"_blank\" rel=\"noreferrer noopener\">Avr. 2024<\/a> &#8211; Facebook\u00a0:\u00a0<a href=\"https:\/\/www.facebook.com\/profile.php?id=100069673161887\">https:\/\/www.facebook.com\/profile.php?id=100069673161887<\/a> Twitter : <a href=\"https:\/\/twitter.com\/OrtfNews\" target=\"_blank\" rel=\"noreferrer noopener\">https:\/\/twitter.com\/OrtfNews<\/a> Music 24\/24 : <a href=\"http:\/\/DJMUSIC.fr\/\" target=\"_blank\" rel=\"noreferrer noopener\">http:\/\/DJMUSIC.fr<\/a><\/p>\n\n\n\n<figure class=\"wp-block-image size-full\"><img loading=\"lazy\" decoding=\"async\" width=\"743\" height=\"734\" src=\"http:\/\/13.36.34.64\/wp-content\/uploads\/2024\/07\/image-42.png\" alt=\"\" class=\"wp-image-26272\" srcset=\"https:\/\/webtube.fr\/wp-content\/uploads\/2024\/07\/image-42.png 743w, https:\/\/webtube.fr\/wp-content\/uploads\/2024\/07\/image-42-300x296.png 300w\" sizes=\"auto, (max-width: 709px) 85vw, (max-width: 909px) 67vw, (max-width: 984px) 61vw, (max-width: 1362px) 45vw, 600px\" \/><\/figure>\n\n\n\n<p><strong>\u00b0\u00b0 WEBTUBE<\/strong> : <em>C\u2019est extr\u00eamement hilarant de voir la situation pr\u00e9-\u00e9lectorale europ\u00e9enne comme la situation pr\u00e9-\u00e9lectorale fran\u00e7aise \u00eatre exactement la m\u00eame apr\u00e8s les \u00e9lections. Et dire que tout le monde a vot\u00e9 comme un seul homme en pensant que \u00e7a servirait \u00e0 quelque chose.  C\u2019est comme si voter ne servait \u00e0 rien. Voter ne sert \u00e0 rien d\u2019ailleurs. D\u2019ailleurs, tout le monde le sait, \u00e0 commencer par la gauche radicale. Comme la  Manon  \u00ab\u00a0Aubry\u00a0\u00bb qui embrasse Von der Leyen&#8230; Vous n&rsquo;avez pas encore compris ?<\/em><\/p>\n\n\n\n<p><em><strong>5 ans de plus.<\/strong><\/em><\/p>\n\n\n\n<p><em><strong>Je ne saurais exprimer \u00e0 quel point je suis reconnaissant de la confiance de tous les d\u00e9put\u00e9s europ\u00e9ens qui ont vot\u00e9 pour moi.<\/strong><\/em><\/p>\n\n\n\n<blockquote class=\"twitter-tweet\"><p lang=\"en\" dir=\"ltr\">5 more years.<br><br>I can\u2019t begin to express how grateful I am for the trust of all MEPs that voted for me. <a href=\"https:\/\/t.co\/d9n3yfIVtS\">pic.twitter.com\/d9n3yfIVtS<\/a><\/p>&mdash; Ursula von der Leyen (@vonderleyen) <a href=\"https:\/\/twitter.com\/vonderleyen\/status\/1813916725991354676?ref_src=twsrc%5Etfw\">July 18, 2024<\/a><\/blockquote> <script async src=\"https:\/\/platform.twitter.com\/widgets.js\" charset=\"utf-8\"><\/script>\n\n\n\n<blockquote class=\"twitter-tweet\"><p lang=\"fr\" dir=\"ltr\">\ud83c\uddeb\ud83c\uddf7 ALERTE &#8211; Ya\u00ebl Braun-Pivet est r\u00e9\u00e9lue pr\u00e9sidente de l\u2019Assembl\u00e9e nationale. <a href=\"https:\/\/t.co\/Wq6NXcH2J3\">pic.twitter.com\/Wq6NXcH2J3<\/a><\/p>&mdash; Mediavenir (@Mediavenir) <a href=\"https:\/\/twitter.com\/Mediavenir\/status\/1814004474987299270?ref_src=twsrc%5Etfw\">July 18, 2024<\/a><\/blockquote> <script async src=\"https:\/\/platform.twitter.com\/widgets.js\" charset=\"utf-8\"><\/script>\n\n\n\n<blockquote class=\"twitter-tweet\"><p lang=\"fr\" dir=\"ltr\">\ud83d\udc49 Manon Aubry (LFI) surprise en train d\u2019embrasser Ursula Von der Leyen pour la f\u00e9liciter apr\u00e8s sa r\u00e9\u00e9lection \u00e0 la t\u00eate de la Commission europ\u00e9enne. <a href=\"https:\/\/t.co\/7MckbJQDjt\">pic.twitter.com\/7MckbJQDjt<\/a><\/p>&mdash; Fronti\u00e8res (@Frontieresmedia) <a href=\"https:\/\/twitter.com\/Frontieresmedia\/status\/1813929789440311511?ref_src=twsrc%5Etfw\">July 18, 2024<\/a><\/blockquote> <script async src=\"https:\/\/platform.twitter.com\/widgets.js\" charset=\"utf-8\"><\/script>\n\n\n\n<p><\/p>\n\n\n\n<p><strong>Nous allons avoir beaucoup de dette, d\u2019envahisseurs musulmans et de guerre.Bref, plus de \u00ab\u00a0prosp\u00e9rit\u00e9\u00a0\u00bb, de \u00ab\u00a0comp\u00e9titivit\u00e9\u00a0\u00bb et de \u00ab\u00a0d\u00e9mocratie\u00a0\u00bb.<\/strong><\/p>\n\n\n\n<blockquote class=\"twitter-tweet\"><p lang=\"fr\" dir=\"ltr\">Pour une Europe plus souveraine, plus prosp\u00e8re et comp\u00e9titive, plus d\u00e9mocratique, f\u00e9licitations ch\u00e8re Ursula <a href=\"https:\/\/twitter.com\/vonderleyen?ref_src=twsrc%5Etfw\">@vonderleyen<\/a> ! <a href=\"https:\/\/t.co\/gEhoH9kM2i\">pic.twitter.com\/gEhoH9kM2i<\/a><\/p>&mdash; Emmanuel Macron (@EmmanuelMacron) <a href=\"https:\/\/twitter.com\/EmmanuelMacron\/status\/1813940602427584737?ref_src=twsrc%5Etfw\">July 18, 2024<\/a><\/blockquote> <script async src=\"https:\/\/platform.twitter.com\/widgets.js\" charset=\"utf-8\"><\/script>\n\n\n\n<p>Source D.P.<\/p>\n\n\n\n<figure><iframe loading=\"lazy\" width=\"800\" height=\"200\" src=\"http:\/\/rutubes.free.fr\/RutubeEmule-island.html\" frameborder=\"N\" scrolling=\"no\"><\/iframe><\/figure>\n\n<!-- AFS Analytics V7- Web Analytics 7.0 -->\n<script type='text\/javascript'>\n(function(i,s,o,g,r,a,m){i['AfsAnalyticsObject']=r;i[r]=i[r]||function(){(i[r].q=i[r].q||[]).push(arguments)},i[r].l=1*new Date();a=s.createElement(o),m=s.getElementsByTagName(o)[0];a.async=1;a.src=g;m.parentNode.insertBefore(a,m)})(window,document,'script','\/\/code.afsanalytics.com\/js2\/analytics.js','aa');\naa('create', '00636949','auto');\naa('set', 'autotrack', 'on');\naa('set', 'autotrack.iframe', 'dataset');\naa('send', 'pageview');\n<\/script>\n<!-- End AFS Analytics \u2192\n","protected":false},"excerpt":{"rendered":"<p>Articles \u00a0\u00a0\u00a0: Juil. 2024 &#8211; Juin 2024 &#8211; Mai 2024 &#8211; Avr. 2024 &#8211; Facebook\u00a0:\u00a0https:\/\/www.facebook.com\/profile.php?id=100069673161887 Twitter : https:\/\/twitter.com\/OrtfNews Music 24\/24 : http:\/\/DJMUSIC.fr \u00b0\u00b0 WEBTUBE : C\u2019est extr\u00eamement hilarant de voir la situation pr\u00e9-\u00e9lectorale europ\u00e9enne comme la situation pr\u00e9-\u00e9lectorale fran\u00e7aise \u00eatre exactement la m\u00eame apr\u00e8s les \u00e9lections. Et dire que tout le monde a vot\u00e9 comme &hellip; <a href=\"https:\/\/webtube.fr\/index.php\/2024\/07\/20\/von-der-leyen-rempile-pour-un-second-mandat-a-la-tete-de-la-commission-europeenne\/\" class=\"more-link\">Continuer la lecture<span class=\"screen-reader-text\"> de &laquo;&nbsp;. Von der Leyen rempile pour un second mandat \u00e0 la t\u00eate de la Commission Europ\u00e9enne&nbsp;&raquo;<\/span><\/a><\/p>\n","protected":false},"author":1,"featured_media":0,"comment_status":"open","ping_status":"open","sticky":false,"template":"","format":"standard","meta":{"_jetpack_memberships_contains_paid_content":false,"footnotes":""},"categories":[1],"tags":[],"class_list":["post-26271","post","type-post","status-publish","format-standard","hentry","category-uncategorized"],"yoast_head":"<!-- This site is optimized with the Yoast SEO plugin v27.3 - https:\/\/yoast.com\/product\/yoast-seo-wordpress\/ -->\n<title>. Von der Leyen rempile pour un second mandat \u00e0 la t\u00eate de la Commission Europ\u00e9enne - # WEBTUBE.fr<\/title>\n<meta name=\"robots\" content=\"index, follow, max-snippet:-1, max-image-preview:large, max-video-preview:-1\" \/>\n<link rel=\"canonical\" href=\"https:\/\/webtube.fr\/index.php\/2024\/07\/20\/von-der-leyen-rempile-pour-un-second-mandat-a-la-tete-de-la-commission-europeenne\/\" \/>\n<meta property=\"og:locale\" content=\"fr_FR\" \/>\n<meta property=\"og:type\" content=\"article\" \/>\n<meta property=\"og:title\" content=\". Von der Leyen rempile pour un second mandat \u00e0 la t\u00eate de la Commission Europ\u00e9enne - # WEBTUBE.fr\" \/>\n<meta property=\"og:description\" content=\"Articles \u00a0\u00a0\u00a0: Juil. 2024 &#8211; Juin 2024 &#8211; Mai 2024 &#8211; Avr. 2024 &#8211; Facebook\u00a0:\u00a0https:\/\/www.facebook.com\/profile.php?id=100069673161887 Twitter : https:\/\/twitter.com\/OrtfNews Music 24\/24 : http:\/\/DJMUSIC.fr \u00b0\u00b0 WEBTUBE : C\u2019est extr\u00eamement hilarant de voir la situation pr\u00e9-\u00e9lectorale europ\u00e9enne comme la situation pr\u00e9-\u00e9lectorale fran\u00e7aise \u00eatre exactement la m\u00eame apr\u00e8s les \u00e9lections. Et dire que tout le monde a vot\u00e9 comme &hellip; Continuer la lecture de &laquo;&nbsp;. Von der Leyen rempile pour un second mandat \u00e0 la t\u00eate de la Commission Europ\u00e9enne&nbsp;&raquo;\" \/>\n<meta property=\"og:url\" content=\"https:\/\/webtube.fr\/index.php\/2024\/07\/20\/von-der-leyen-rempile-pour-un-second-mandat-a-la-tete-de-la-commission-europeenne\/\" \/>\n<meta property=\"og:site_name\" content=\"# WEBTUBE.fr\" \/>\n<meta property=\"article:publisher\" content=\"https:\/\/www.facebook.com\/profile.php?id=100069673161887\" \/>\n<meta property=\"article:published_time\" content=\"2024-07-20T05:37:59+00:00\" \/>\n<meta property=\"og:image\" content=\"https:\/\/webtube.fr\/wp-content\/uploads\/2024\/07\/image-42.png\" \/>\n\t<meta property=\"og:image:width\" content=\"743\" \/>\n\t<meta property=\"og:image:height\" content=\"734\" \/>\n\t<meta property=\"og:image:type\" content=\"image\/png\" \/>\n<meta name=\"author\" content=\"admin5851\" \/>\n<meta name=\"twitter:card\" content=\"summary_large_image\" \/>\n<meta name=\"twitter:creator\" content=\"@OrtfNews\" \/>\n<meta name=\"twitter:site\" content=\"@OrtfNews\" \/>\n<meta name=\"twitter:label1\" content=\"\u00c9crit par\" \/>\n\t<meta name=\"twitter:data1\" content=\"admin5851\" \/>\n\t<meta name=\"twitter:label2\" content=\"Dur\u00e9e de lecture estim\u00e9e\" \/>\n\t<meta name=\"twitter:data2\" content=\"2 minutes\" \/>\n<script type=\"application\/ld+json\" class=\"yoast-schema-graph\">{\"@context\":\"https:\\\/\\\/schema.org\",\"@graph\":[{\"@type\":\"Article\",\"@id\":\"https:\\\/\\\/webtube.fr\\\/index.php\\\/2024\\\/07\\\/20\\\/von-der-leyen-rempile-pour-un-second-mandat-a-la-tete-de-la-commission-europeenne\\\/#article\",\"isPartOf\":{\"@id\":\"https:\\\/\\\/webtube.fr\\\/index.php\\\/2024\\\/07\\\/20\\\/von-der-leyen-rempile-pour-un-second-mandat-a-la-tete-de-la-commission-europeenne\\\/\"},\"author\":{\"name\":\"admin5851\",\"@id\":\"https:\\\/\\\/webtube.fr\\\/#\\\/schema\\\/person\\\/dcc633686e0e2a79a6bf7b92c9507618\"},\"headline\":\". Von der Leyen rempile pour un second mandat \u00e0 la t\u00eate de la Commission Europ\u00e9enne\",\"datePublished\":\"2024-07-20T05:37:59+00:00\",\"mainEntityOfPage\":{\"@id\":\"https:\\\/\\\/webtube.fr\\\/index.php\\\/2024\\\/07\\\/20\\\/von-der-leyen-rempile-pour-un-second-mandat-a-la-tete-de-la-commission-europeenne\\\/\"},\"wordCount\":317,\"commentCount\":0,\"publisher\":{\"@id\":\"https:\\\/\\\/webtube.fr\\\/#organization\"},\"image\":{\"@id\":\"https:\\\/\\\/webtube.fr\\\/index.php\\\/2024\\\/07\\\/20\\\/von-der-leyen-rempile-pour-un-second-mandat-a-la-tete-de-la-commission-europeenne\\\/#primaryimage\"},\"thumbnailUrl\":\"http:\\\/\\\/13.36.34.64\\\/wp-content\\\/uploads\\\/2024\\\/07\\\/image-42.png\",\"articleSection\":[\"Uncategorized\"],\"inLanguage\":\"fr-FR\",\"potentialAction\":[{\"@type\":\"CommentAction\",\"name\":\"Comment\",\"target\":[\"https:\\\/\\\/webtube.fr\\\/index.php\\\/2024\\\/07\\\/20\\\/von-der-leyen-rempile-pour-un-second-mandat-a-la-tete-de-la-commission-europeenne\\\/#respond\"]}]},{\"@type\":\"WebPage\",\"@id\":\"https:\\\/\\\/webtube.fr\\\/index.php\\\/2024\\\/07\\\/20\\\/von-der-leyen-rempile-pour-un-second-mandat-a-la-tete-de-la-commission-europeenne\\\/\",\"url\":\"https:\\\/\\\/webtube.fr\\\/index.php\\\/2024\\\/07\\\/20\\\/von-der-leyen-rempile-pour-un-second-mandat-a-la-tete-de-la-commission-europeenne\\\/\",\"name\":\". Von der Leyen rempile pour un second mandat \u00e0 la t\u00eate de la Commission Europ\u00e9enne - # WEBTUBE.fr\",\"isPartOf\":{\"@id\":\"https:\\\/\\\/webtube.fr\\\/#website\"},\"primaryImageOfPage\":{\"@id\":\"https:\\\/\\\/webtube.fr\\\/index.php\\\/2024\\\/07\\\/20\\\/von-der-leyen-rempile-pour-un-second-mandat-a-la-tete-de-la-commission-europeenne\\\/#primaryimage\"},\"image\":{\"@id\":\"https:\\\/\\\/webtube.fr\\\/index.php\\\/2024\\\/07\\\/20\\\/von-der-leyen-rempile-pour-un-second-mandat-a-la-tete-de-la-commission-europeenne\\\/#primaryimage\"},\"thumbnailUrl\":\"http:\\\/\\\/13.36.34.64\\\/wp-content\\\/uploads\\\/2024\\\/07\\\/image-42.png\",\"datePublished\":\"2024-07-20T05:37:59+00:00\",\"breadcrumb\":{\"@id\":\"https:\\\/\\\/webtube.fr\\\/index.php\\\/2024\\\/07\\\/20\\\/von-der-leyen-rempile-pour-un-second-mandat-a-la-tete-de-la-commission-europeenne\\\/#breadcrumb\"},\"inLanguage\":\"fr-FR\",\"potentialAction\":[{\"@type\":\"ReadAction\",\"target\":[\"https:\\\/\\\/webtube.fr\\\/index.php\\\/2024\\\/07\\\/20\\\/von-der-leyen-rempile-pour-un-second-mandat-a-la-tete-de-la-commission-europeenne\\\/\"]}]},{\"@type\":\"ImageObject\",\"inLanguage\":\"fr-FR\",\"@id\":\"https:\\\/\\\/webtube.fr\\\/index.php\\\/2024\\\/07\\\/20\\\/von-der-leyen-rempile-pour-un-second-mandat-a-la-tete-de-la-commission-europeenne\\\/#primaryimage\",\"url\":\"http:\\\/\\\/13.36.34.64\\\/wp-content\\\/uploads\\\/2024\\\/07\\\/image-42.png\",\"contentUrl\":\"http:\\\/\\\/13.36.34.64\\\/wp-content\\\/uploads\\\/2024\\\/07\\\/image-42.png\"},{\"@type\":\"BreadcrumbList\",\"@id\":\"https:\\\/\\\/webtube.fr\\\/index.php\\\/2024\\\/07\\\/20\\\/von-der-leyen-rempile-pour-un-second-mandat-a-la-tete-de-la-commission-europeenne\\\/#breadcrumb\",\"itemListElement\":[{\"@type\":\"ListItem\",\"position\":1,\"name\":\"Accueil\",\"item\":\"https:\\\/\\\/webtube.fr\\\/\"},{\"@type\":\"ListItem\",\"position\":2,\"name\":\". Von der Leyen rempile pour un second mandat \u00e0 la t\u00eate de la Commission Europ\u00e9enne\"}]},{\"@type\":\"WebSite\",\"@id\":\"https:\\\/\\\/webtube.fr\\\/#website\",\"url\":\"https:\\\/\\\/webtube.fr\\\/\",\"name\":\"WEBTUBE\",\"description\":\"WEBTUBE.fr  Streaming Vid\u00e9o and News , toutes les infos sans filtres !\",\"publisher\":{\"@id\":\"https:\\\/\\\/webtube.fr\\\/#organization\"},\"alternateName\":\"Rutube\",\"potentialAction\":[{\"@type\":\"SearchAction\",\"target\":{\"@type\":\"EntryPoint\",\"urlTemplate\":\"https:\\\/\\\/webtube.fr\\\/?s={search_term_string}\"},\"query-input\":{\"@type\":\"PropertyValueSpecification\",\"valueRequired\":true,\"valueName\":\"search_term_string\"}}],\"inLanguage\":\"fr-FR\"},{\"@type\":\"Organization\",\"@id\":\"https:\\\/\\\/webtube.fr\\\/#organization\",\"name\":\"# WEBTUBE.fr\",\"url\":\"https:\\\/\\\/webtube.fr\\\/\",\"logo\":{\"@type\":\"ImageObject\",\"inLanguage\":\"fr-FR\",\"@id\":\"https:\\\/\\\/webtube.fr\\\/#\\\/schema\\\/logo\\\/image\\\/\",\"url\":\"https:\\\/\\\/webtube.fr\\\/wp-content\\\/uploads\\\/2025\\\/09\\\/cropped-Logo_webtubeIA-1.jpg\",\"contentUrl\":\"https:\\\/\\\/webtube.fr\\\/wp-content\\\/uploads\\\/2025\\\/09\\\/cropped-Logo_webtubeIA-1.jpg\",\"width\":240,\"height\":240,\"caption\":\"# WEBTUBE.fr\"},\"image\":{\"@id\":\"https:\\\/\\\/webtube.fr\\\/#\\\/schema\\\/logo\\\/image\\\/\"},\"sameAs\":[\"https:\\\/\\\/www.facebook.com\\\/profile.php?id=100069673161887\",\"https:\\\/\\\/x.com\\\/OrtfNews\",\"https:\\\/\\\/www.facebook.com\\\/profile.php?id=100013751440523\"]},{\"@type\":\"Person\",\"@id\":\"https:\\\/\\\/webtube.fr\\\/#\\\/schema\\\/person\\\/dcc633686e0e2a79a6bf7b92c9507618\",\"name\":\"admin5851\",\"image\":{\"@type\":\"ImageObject\",\"inLanguage\":\"fr-FR\",\"@id\":\"https:\\\/\\\/secure.gravatar.com\\\/avatar\\\/ea1b672a827879c0febb022a108a871292b3d08fadc66a0a43fa47acfe82e38a?s=96&d=mm&r=g\",\"url\":\"https:\\\/\\\/secure.gravatar.com\\\/avatar\\\/ea1b672a827879c0febb022a108a871292b3d08fadc66a0a43fa47acfe82e38a?s=96&d=mm&r=g\",\"contentUrl\":\"https:\\\/\\\/secure.gravatar.com\\\/avatar\\\/ea1b672a827879c0febb022a108a871292b3d08fadc66a0a43fa47acfe82e38a?s=96&d=mm&r=g\",\"caption\":\"admin5851\"},\"sameAs\":[\"http:\\\/\\\/linlcju.cluster100.hosting.ovh.net\"],\"url\":\"https:\\\/\\\/webtube.fr\\\/index.php\\\/author\\\/admin5851\\\/\"}]}<\/script>\n<!-- \/ Yoast SEO plugin. -->","yoast_head_json":{"title":". Von der Leyen rempile pour un second mandat \u00e0 la t\u00eate de la Commission Europ\u00e9enne - # WEBTUBE.fr","robots":{"index":"index","follow":"follow","max-snippet":"max-snippet:-1","max-image-preview":"max-image-preview:large","max-video-preview":"max-video-preview:-1"},"canonical":"https:\/\/webtube.fr\/index.php\/2024\/07\/20\/von-der-leyen-rempile-pour-un-second-mandat-a-la-tete-de-la-commission-europeenne\/","og_locale":"fr_FR","og_type":"article","og_title":". Von der Leyen rempile pour un second mandat \u00e0 la t\u00eate de la Commission Europ\u00e9enne - # WEBTUBE.fr","og_description":"Articles \u00a0\u00a0\u00a0: Juil. 2024 &#8211; Juin 2024 &#8211; Mai 2024 &#8211; Avr. 2024 &#8211; Facebook\u00a0:\u00a0https:\/\/www.facebook.com\/profile.php?id=100069673161887 Twitter : https:\/\/twitter.com\/OrtfNews Music 24\/24 : http:\/\/DJMUSIC.fr \u00b0\u00b0 WEBTUBE : C\u2019est extr\u00eamement hilarant de voir la situation pr\u00e9-\u00e9lectorale europ\u00e9enne comme la situation pr\u00e9-\u00e9lectorale fran\u00e7aise \u00eatre exactement la m\u00eame apr\u00e8s les \u00e9lections. Et dire que tout le monde a vot\u00e9 comme &hellip; Continuer la lecture de &laquo;&nbsp;. Von der Leyen rempile pour un second mandat \u00e0 la t\u00eate de la Commission Europ\u00e9enne&nbsp;&raquo;","og_url":"https:\/\/webtube.fr\/index.php\/2024\/07\/20\/von-der-leyen-rempile-pour-un-second-mandat-a-la-tete-de-la-commission-europeenne\/","og_site_name":"# WEBTUBE.fr","article_publisher":"https:\/\/www.facebook.com\/profile.php?id=100069673161887","article_published_time":"2024-07-20T05:37:59+00:00","og_image":[{"width":743,"height":734,"url":"https:\/\/webtube.fr\/wp-content\/uploads\/2024\/07\/image-42.png","type":"image\/png"}],"author":"admin5851","twitter_card":"summary_large_image","twitter_creator":"@OrtfNews","twitter_site":"@OrtfNews","twitter_misc":{"\u00c9crit par":"admin5851","Dur\u00e9e de lecture estim\u00e9e":"2 minutes"},"schema":{"@context":"https:\/\/schema.org","@graph":[{"@type":"Article","@id":"https:\/\/webtube.fr\/index.php\/2024\/07\/20\/von-der-leyen-rempile-pour-un-second-mandat-a-la-tete-de-la-commission-europeenne\/#article","isPartOf":{"@id":"https:\/\/webtube.fr\/index.php\/2024\/07\/20\/von-der-leyen-rempile-pour-un-second-mandat-a-la-tete-de-la-commission-europeenne\/"},"author":{"name":"admin5851","@id":"https:\/\/webtube.fr\/#\/schema\/person\/dcc633686e0e2a79a6bf7b92c9507618"},"headline":". Von der Leyen rempile pour un second mandat \u00e0 la t\u00eate de la Commission Europ\u00e9enne","datePublished":"2024-07-20T05:37:59+00:00","mainEntityOfPage":{"@id":"https:\/\/webtube.fr\/index.php\/2024\/07\/20\/von-der-leyen-rempile-pour-un-second-mandat-a-la-tete-de-la-commission-europeenne\/"},"wordCount":317,"commentCount":0,"publisher":{"@id":"https:\/\/webtube.fr\/#organization"},"image":{"@id":"https:\/\/webtube.fr\/index.php\/2024\/07\/20\/von-der-leyen-rempile-pour-un-second-mandat-a-la-tete-de-la-commission-europeenne\/#primaryimage"},"thumbnailUrl":"http:\/\/13.36.34.64\/wp-content\/uploads\/2024\/07\/image-42.png","articleSection":["Uncategorized"],"inLanguage":"fr-FR","potentialAction":[{"@type":"CommentAction","name":"Comment","target":["https:\/\/webtube.fr\/index.php\/2024\/07\/20\/von-der-leyen-rempile-pour-un-second-mandat-a-la-tete-de-la-commission-europeenne\/#respond"]}]},{"@type":"WebPage","@id":"https:\/\/webtube.fr\/index.php\/2024\/07\/20\/von-der-leyen-rempile-pour-un-second-mandat-a-la-tete-de-la-commission-europeenne\/","url":"https:\/\/webtube.fr\/index.php\/2024\/07\/20\/von-der-leyen-rempile-pour-un-second-mandat-a-la-tete-de-la-commission-europeenne\/","name":". Von der Leyen rempile pour un second mandat \u00e0 la t\u00eate de la Commission Europ\u00e9enne - # WEBTUBE.fr","isPartOf":{"@id":"https:\/\/webtube.fr\/#website"},"primaryImageOfPage":{"@id":"https:\/\/webtube.fr\/index.php\/2024\/07\/20\/von-der-leyen-rempile-pour-un-second-mandat-a-la-tete-de-la-commission-europeenne\/#primaryimage"},"image":{"@id":"https:\/\/webtube.fr\/index.php\/2024\/07\/20\/von-der-leyen-rempile-pour-un-second-mandat-a-la-tete-de-la-commission-europeenne\/#primaryimage"},"thumbnailUrl":"http:\/\/13.36.34.64\/wp-content\/uploads\/2024\/07\/image-42.png","datePublished":"2024-07-20T05:37:59+00:00","breadcrumb":{"@id":"https:\/\/webtube.fr\/index.php\/2024\/07\/20\/von-der-leyen-rempile-pour-un-second-mandat-a-la-tete-de-la-commission-europeenne\/#breadcrumb"},"inLanguage":"fr-FR","potentialAction":[{"@type":"ReadAction","target":["https:\/\/webtube.fr\/index.php\/2024\/07\/20\/von-der-leyen-rempile-pour-un-second-mandat-a-la-tete-de-la-commission-europeenne\/"]}]},{"@type":"ImageObject","inLanguage":"fr-FR","@id":"https:\/\/webtube.fr\/index.php\/2024\/07\/20\/von-der-leyen-rempile-pour-un-second-mandat-a-la-tete-de-la-commission-europeenne\/#primaryimage","url":"http:\/\/13.36.34.64\/wp-content\/uploads\/2024\/07\/image-42.png","contentUrl":"http:\/\/13.36.34.64\/wp-content\/uploads\/2024\/07\/image-42.png"},{"@type":"BreadcrumbList","@id":"https:\/\/webtube.fr\/index.php\/2024\/07\/20\/von-der-leyen-rempile-pour-un-second-mandat-a-la-tete-de-la-commission-europeenne\/#breadcrumb","itemListElement":[{"@type":"ListItem","position":1,"name":"Accueil","item":"https:\/\/webtube.fr\/"},{"@type":"ListItem","position":2,"name":". Von der Leyen rempile pour un second mandat \u00e0 la t\u00eate de la Commission Europ\u00e9enne"}]},{"@type":"WebSite","@id":"https:\/\/webtube.fr\/#website","url":"https:\/\/webtube.fr\/","name":"WEBTUBE","description":"WEBTUBE.fr  Streaming Vid\u00e9o and News , toutes les infos sans filtres !","publisher":{"@id":"https:\/\/webtube.fr\/#organization"},"alternateName":"Rutube","potentialAction":[{"@type":"SearchAction","target":{"@type":"EntryPoint","urlTemplate":"https:\/\/webtube.fr\/?s={search_term_string}"},"query-input":{"@type":"PropertyValueSpecification","valueRequired":true,"valueName":"search_term_string"}}],"inLanguage":"fr-FR"},{"@type":"Organization","@id":"https:\/\/webtube.fr\/#organization","name":"# WEBTUBE.fr","url":"https:\/\/webtube.fr\/","logo":{"@type":"ImageObject","inLanguage":"fr-FR","@id":"https:\/\/webtube.fr\/#\/schema\/logo\/image\/","url":"https:\/\/webtube.fr\/wp-content\/uploads\/2025\/09\/cropped-Logo_webtubeIA-1.jpg","contentUrl":"https:\/\/webtube.fr\/wp-content\/uploads\/2025\/09\/cropped-Logo_webtubeIA-1.jpg","width":240,"height":240,"caption":"# WEBTUBE.fr"},"image":{"@id":"https:\/\/webtube.fr\/#\/schema\/logo\/image\/"},"sameAs":["https:\/\/www.facebook.com\/profile.php?id=100069673161887","https:\/\/x.com\/OrtfNews","https:\/\/www.facebook.com\/profile.php?id=100013751440523"]},{"@type":"Person","@id":"https:\/\/webtube.fr\/#\/schema\/person\/dcc633686e0e2a79a6bf7b92c9507618","name":"admin5851","image":{"@type":"ImageObject","inLanguage":"fr-FR","@id":"https:\/\/secure.gravatar.com\/avatar\/ea1b672a827879c0febb022a108a871292b3d08fadc66a0a43fa47acfe82e38a?s=96&d=mm&r=g","url":"https:\/\/secure.gravatar.com\/avatar\/ea1b672a827879c0febb022a108a871292b3d08fadc66a0a43fa47acfe82e38a?s=96&d=mm&r=g","contentUrl":"https:\/\/secure.gravatar.com\/avatar\/ea1b672a827879c0febb022a108a871292b3d08fadc66a0a43fa47acfe82e38a?s=96&d=mm&r=g","caption":"admin5851"},"sameAs":["http:\/\/linlcju.cluster100.hosting.ovh.net"],"url":"https:\/\/webtube.fr\/index.php\/author\/admin5851\/"}]}},"jetpack_featured_media_url":"","jetpack_sharing_enabled":true,"_links":{"self":[{"href":"https:\/\/webtube.fr\/index.php\/wp-json\/wp\/v2\/posts\/26271","targetHints":{"allow":["GET"]}}],"collection":[{"href":"https:\/\/webtube.fr\/index.php\/wp-json\/wp\/v2\/posts"}],"about":[{"href":"https:\/\/webtube.fr\/index.php\/wp-json\/wp\/v2\/types\/post"}],"author":[{"embeddable":true,"href":"https:\/\/webtube.fr\/index.php\/wp-json\/wp\/v2\/users\/1"}],"replies":[{"embeddable":true,"href":"https:\/\/webtube.fr\/index.php\/wp-json\/wp\/v2\/comments?post=26271"}],"version-history":[{"count":0,"href":"https:\/\/webtube.fr\/index.php\/wp-json\/wp\/v2\/posts\/26271\/revisions"}],"wp:attachment":[{"href":"https:\/\/webtube.fr\/index.php\/wp-json\/wp\/v2\/media?parent=26271"}],"wp:term":[{"taxonomy":"category","embeddable":true,"href":"https:\/\/webtube.fr\/index.php\/wp-json\/wp\/v2\/categories?post=26271"},{"taxonomy":"post_tag","embeddable":true,"href":"https:\/\/webtube.fr\/index.php\/wp-json\/wp\/v2\/tags?post=26271"}],"curies":[{"name":"wp","href":"https:\/\/api.w.org\/{rel}","templated":true}]}}