{"id":24435,"date":"2023-11-30T16:27:17","date_gmt":"2023-11-30T16:27:17","guid":{"rendered":"http:\/\/13.36.34.64\/?p=24435"},"modified":"2023-11-30T16:27:17","modified_gmt":"2023-11-30T16:27:17","slug":"i-media-n469-omerta-sur-limmigration-feu-sur-lextreme-droite-pourquoi-ils-vous-mentent","status":"publish","type":"post","link":"https:\/\/webtube.fr\/index.php\/2023\/11\/30\/i-media-n469-omerta-sur-limmigration-feu-sur-lextreme-droite-pourquoi-ils-vous-mentent\/","title":{"rendered":". I-M\u00e9dia n\u00b0469 &#8211; Omerta sur l\u2019immigration, feu sur l\u2019extr\u00eame droite, pourquoi ils vous mentent !"},"content":{"rendered":"\n<figure><iframe loading=\"lazy\" width=\"800\" height=\"200\" src=\"http:\/\/rutubes.free.fr\/RutubeEmule-island.html\" frameborder=\"N\" scrolling=\"no\"><\/iframe><\/figure>\n\n\n\n<p>Articles \u00a0\u00a0\u00a0 : <a href=\"https:\/\/webtube.fr\/2023\/11\/\" target=\"_blank\" rel=\"noreferrer noopener\">Nov. 2023<\/a> &#8211; <a href=\"http:\/\/rutube.fr\/2023\/10\/\" target=\"_blank\" rel=\"noreferrer noopener\">Oct. 2023<\/a> &#8211; <a href=\"http:\/\/rutube.fr\/2023\/09\/\" target=\"_blank\" rel=\"noreferrer noopener\">Sept 2023<\/a> &#8211; <a href=\"http:\/\/rutube.fr\/2023\/08\/\" target=\"_blank\" rel=\"noreferrer noopener\">Aout 2023<\/a> &#8211; Facebook\u00a0:\u00a0<a href=\"https:\/\/www.facebook.com\/profile.php?id=100069673161887\">https:\/\/www.facebook.com\/profile.php?id=100069673161887<\/a> Twitter : <a href=\"https:\/\/twitter.com\/OrtfNews\" target=\"_blank\" rel=\"noreferrer noopener\">https:\/\/twitter.com\/OrtfNews<\/a><\/p>\n\n\n\n<figure class=\"wp-block-image size-large\"><img decoding=\"async\" src=\"https:\/\/tvl.fr\/upload\/media\/program\/0001\/26\/thumb_25926_program_facebook.jpg\" alt=\"\"\/><\/figure>\n\n\n\n<p><strong>++ WEBTUBE<\/strong> : \u200b<em>Cette semaine dans \u00ab\u00a0I-M\u00e9dia\u00a0\u00bb, Jean-Yves Le Gallou et Floriane Jeannin reviennent sur les manifestations en hommage \u00e0 Thomas qui ont donn\u00e9 lieu \u00e0 un v\u00e9ritable d\u00e9cha\u00eenement m\u00e9diatique. \u00ab\u00a0Ratonnade\u00a0\u00bb, \u00ab\u00a0razzia\u00a0\u00bb, aucun mot ni aucune indignation n\u2019\u00e9taient assez forts dans les m\u00e9dias de grand chemin pour d\u00e9noncer la \u00ab\u00a0descente de l\u2019extr\u00eame droite\u00a0\u00bb dans la cit\u00e9 de la Monnaie \u00e0 Romans-sur-Is\u00e8re. Le bilan est pourtant le suivant : prot\u00e9g\u00e9 par la police, les jeunes de cit\u00e9 n\u2019ont rien eu. Ils ont en revanche r\u00e9ussi \u00e0 capturer un des manifestants qui a \u00e9t\u00e9 arrach\u00e9 de son v\u00e9hicule avant d\u2019\u00eatre pass\u00e9 \u00e0 tabac. Et mis nu sous la menace d\u2019un jerrycan d\u2019essence pour le br\u00fbler vif\u2026<\/em> <strong>La suite ci-dessous :<\/strong><\/p>\n\n\n\n<p>Sur le service public, un homme s\u2019est particuli\u00e8rement distingu\u00e9 : il s\u2019agit de Patrick Cohen avec une chronique qui reprend totalement le point de vue des assaillants mis en cause et qui omet de mentionner les couteaux de plus de 20 centim\u00e8tres qui ont atteint mortellement Thomas, 16 ans. Dans le dossier du jour, nous voyageons des Pays-Bas \u00e0 l\u2019Irlande jusqu\u2019\u00e0 l\u2019Espagne avec l\u00e0 aussi un grand coupable qui pour les m\u00e9dias : l\u2019extr\u00eame droite. On n\u2019oubliera pas les pastilles de l&rsquo;information et pour conclure, le portrait piquant du jour en partenariat avec l\u2019OJIM consacr\u00e9 \u00e0 Patrick Cohen, le journaliste contre la libert\u00e9 d\u2019expression et la libert\u00e9 de penser !<\/p>\n\n\n\n<figure class=\"wp-block-embed is-type-video is-provider-youtube wp-block-embed-youtube wp-embed-aspect-16-9 wp-has-aspect-ratio\"><div class=\"wp-block-embed__wrapper\">\n<iframe loading=\"lazy\" title=\"I-M\u00e9dia n\u00b0469 - Omerta sur l\u2019immigration, feu sur l\u2019extr\u00eame droite, pourquoi ils vous mentent !\" width=\"840\" height=\"473\" src=\"https:\/\/www.youtube.com\/embed\/rTfMHYASfA8?feature=oembed\" frameborder=\"0\" allow=\"accelerometer; autoplay; clipboard-write; encrypted-media; gyroscope; picture-in-picture; web-share\" allowfullscreen><\/iframe>\n<\/div><\/figure>\n\n\n\n<p><a href=\"https:\/\/www.youtube.com\/watch?v=rTfMHYASfA8&amp;t=188s\"><br>03:08<\/a> &#8211; <a href=\"https:\/\/www.youtube.com\/watch?v=rTfMHYASfA8&amp;t=278s\">04:38<\/a> Sommaire I-M\u00e9dia 469 <a href=\"https:\/\/www.youtube.com\/watch?v=rTfMHYASfA8&amp;t=278s\">04:38<\/a> &#8211; <a href=\"https:\/\/www.youtube.com\/watch?v=rTfMHYASfA8&amp;t=347s\">05:47<\/a> La m\u00e9t\u00e9o de l\u2019info : Les m\u00e9dias de grand chemin <a href=\"https:\/\/www.youtube.com\/watch?v=rTfMHYASfA8&amp;t=347s\">05:47<\/a> &#8211; <a href=\"https:\/\/www.youtube.com\/watch?v=rTfMHYASfA8&amp;t=1320s\">22:00<\/a> D\u00e9cha\u00eenement m\u00e9diatique contre les manifestations en hommage \u00e0 Thomas <a href=\"https:\/\/www.youtube.com\/watch?v=rTfMHYASfA8&amp;t=1320s\">22:00<\/a> &#8211; <a href=\"https:\/\/www.youtube.com\/watch?v=rTfMHYASfA8&amp;t=2043s\">34:03<\/a> \u201cL\u2019extr\u00eame droite\u201d \u00e0 \u201cl\u2019assaut\u201d de l\u2019Europe ? Les pastilles de l\u2019info : <a href=\"https:\/\/www.youtube.com\/watch?v=rTfMHYASfA8&amp;t=2043s\">34:03<\/a> &#8211; <a href=\"https:\/\/www.youtube.com\/watch?v=rTfMHYASfA8&amp;t=2453s\">40:53<\/a> Cr\u00e9pol \/ Roman sur Is\u00e8re, suite\u2026 <a href=\"https:\/\/www.youtube.com\/watch?v=rTfMHYASfA8&amp;t=2453s\">40:53<\/a> &#8211; <a href=\"https:\/\/www.youtube.com\/watch?v=rTfMHYASfA8&amp;t=2604s\">43:24<\/a> Apr\u00e8s le pass sanitaire, avant la pass \u00e9nergie, voici le pass JO ! <a href=\"https:\/\/www.youtube.com\/watch?v=rTfMHYASfA8&amp;t=2604s\">43:24<\/a> &#8211; <a href=\"https:\/\/www.youtube.com\/watch?v=rTfMHYASfA8&amp;t=2679s\">44:39<\/a> L\u2019IA serait-elle de gauche ? <a href=\"https:\/\/www.youtube.com\/watch?v=rTfMHYASfA8&amp;t=2679s\">44:39<\/a> &#8211; <a href=\"https:\/\/www.youtube.com\/watch?v=rTfMHYASfA8&amp;t=2857s\">47:37<\/a> On en a plein le dos de Julien Pain <a href=\"https:\/\/www.youtube.com\/watch?v=rTfMHYASfA8&amp;t=2857s\">47:37<\/a> &#8211; <a href=\"https:\/\/www.youtube.com\/watch?v=rTfMHYASfA8&amp;t=2923s\">48:43<\/a> Au revoir Mich\u00e8le Rivasi \u2010-\u2010&#8212;&#8212;&#8212;&#8211; <a href=\"https:\/\/www.youtube.com\/watch?v=rTfMHYASfA8&amp;t=2923s\">48:43<\/a> &#8211; <a href=\"https:\/\/www.youtube.com\/watch?v=rTfMHYASfA8&amp;t=2984s\">49:44<\/a> Conclusion <a href=\"https:\/\/www.youtube.com\/watch?v=rTfMHYASfA8&amp;t=2984s\">49:44<\/a> &#8211; <a href=\"https:\/\/www.youtube.com\/watch?v=rTfMHYASfA8&amp;t=3226s\">53:46<\/a> Portrait piquant<\/p>\n\n\n\n<figure><iframe loading=\"lazy\" width=\"800\" height=\"200\" src=\"http:\/\/rutubes.free.fr\/RutubeEmule-island.html\" frameborder=\"N\" scrolling=\"no\"><\/iframe><\/figure>\n\n<!-- AFS Analytics V7- Web Analytics 7.0 -->\n<script type='text\/javascript'>\n(function(i,s,o,g,r,a,m){i['AfsAnalyticsObject']=r;i[r]=i[r]||function(){(i[r].q=i[r].q||[]).push(arguments)},i[r].l=1*new Date();a=s.createElement(o),m=s.getElementsByTagName(o)[0];a.async=1;a.src=g;m.parentNode.insertBefore(a,m)})(window,document,'script','\/\/code.afsanalytics.com\/js2\/analytics.js','aa');\naa('create', '00636949','auto');\naa('set', 'autotrack', 'on');\naa('set', 'autotrack.iframe', 'dataset');\naa('send', 'pageview');\n<\/script>\n<!-- End AFS Analytics -->\n","protected":false},"excerpt":{"rendered":"<p>Articles \u00a0\u00a0\u00a0 : Nov. 2023 &#8211; Oct. 2023 &#8211; Sept 2023 &#8211; Aout 2023 &#8211; Facebook\u00a0:\u00a0https:\/\/www.facebook.com\/profile.php?id=100069673161887 Twitter : https:\/\/twitter.com\/OrtfNews ++ WEBTUBE : \u200bCette semaine dans \u00ab\u00a0I-M\u00e9dia\u00a0\u00bb, Jean-Yves Le Gallou et Floriane Jeannin reviennent sur les manifestations en hommage \u00e0 Thomas qui ont donn\u00e9 lieu \u00e0 un v\u00e9ritable d\u00e9cha\u00eenement m\u00e9diatique. \u00ab\u00a0Ratonnade\u00a0\u00bb, \u00ab\u00a0razzia\u00a0\u00bb, aucun mot ni aucune &hellip; <a href=\"https:\/\/webtube.fr\/index.php\/2023\/11\/30\/i-media-n469-omerta-sur-limmigration-feu-sur-lextreme-droite-pourquoi-ils-vous-mentent\/\" class=\"more-link\">Continuer la lecture<span class=\"screen-reader-text\"> de &laquo;&nbsp;. I-M\u00e9dia n\u00b0469 &#8211; Omerta sur l\u2019immigration, feu sur l\u2019extr\u00eame droite, pourquoi ils vous mentent !&nbsp;&raquo;<\/span><\/a><\/p>\n","protected":false},"author":1,"featured_media":0,"comment_status":"open","ping_status":"open","sticky":false,"template":"","format":"standard","meta":{"_jetpack_memberships_contains_paid_content":false,"footnotes":""},"categories":[1],"tags":[],"class_list":["post-24435","post","type-post","status-publish","format-standard","hentry","category-uncategorized"],"yoast_head":"<!-- This site is optimized with the Yoast SEO plugin v27.3 - https:\/\/yoast.com\/product\/yoast-seo-wordpress\/ -->\n<title>. I-M\u00e9dia n\u00b0469 - Omerta sur l\u2019immigration, feu sur l\u2019extr\u00eame droite, pourquoi ils vous mentent ! - # WEBTUBE.fr<\/title>\n<meta name=\"robots\" content=\"index, follow, max-snippet:-1, max-image-preview:large, max-video-preview:-1\" \/>\n<link rel=\"canonical\" href=\"https:\/\/webtube.fr\/index.php\/2023\/11\/30\/i-media-n469-omerta-sur-limmigration-feu-sur-lextreme-droite-pourquoi-ils-vous-mentent\/\" \/>\n<meta property=\"og:locale\" content=\"fr_FR\" \/>\n<meta property=\"og:type\" content=\"article\" \/>\n<meta property=\"og:title\" content=\". I-M\u00e9dia n\u00b0469 - Omerta sur l\u2019immigration, feu sur l\u2019extr\u00eame droite, pourquoi ils vous mentent ! - # WEBTUBE.fr\" \/>\n<meta property=\"og:description\" content=\"Articles \u00a0\u00a0\u00a0 : Nov. 2023 &#8211; Oct. 2023 &#8211; Sept 2023 &#8211; Aout 2023 &#8211; Facebook\u00a0:\u00a0https:\/\/www.facebook.com\/profile.php?id=100069673161887 Twitter : https:\/\/twitter.com\/OrtfNews ++ WEBTUBE : \u200bCette semaine dans \u00ab\u00a0I-M\u00e9dia\u00a0\u00bb, Jean-Yves Le Gallou et Floriane Jeannin reviennent sur les manifestations en hommage \u00e0 Thomas qui ont donn\u00e9 lieu \u00e0 un v\u00e9ritable d\u00e9cha\u00eenement m\u00e9diatique. \u00ab\u00a0Ratonnade\u00a0\u00bb, \u00ab\u00a0razzia\u00a0\u00bb, aucun mot ni aucune &hellip; Continuer la lecture de &laquo;&nbsp;. I-M\u00e9dia n\u00b0469 &#8211; Omerta sur l\u2019immigration, feu sur l\u2019extr\u00eame droite, pourquoi ils vous mentent !&nbsp;&raquo;\" \/>\n<meta property=\"og:url\" content=\"https:\/\/webtube.fr\/index.php\/2023\/11\/30\/i-media-n469-omerta-sur-limmigration-feu-sur-lextreme-droite-pourquoi-ils-vous-mentent\/\" \/>\n<meta property=\"og:site_name\" content=\"# WEBTUBE.fr\" \/>\n<meta property=\"article:publisher\" content=\"https:\/\/www.facebook.com\/profile.php?id=100069673161887\" \/>\n<meta property=\"article:published_time\" content=\"2023-11-30T16:27:17+00:00\" \/>\n<meta property=\"og:image\" content=\"https:\/\/tvl.fr\/upload\/media\/program\/0001\/26\/thumb_25926_program_facebook.jpg\" \/>\n<meta name=\"author\" content=\"admin5851\" \/>\n<meta name=\"twitter:card\" content=\"summary_large_image\" \/>\n<meta name=\"twitter:creator\" content=\"@OrtfNews\" \/>\n<meta name=\"twitter:site\" content=\"@OrtfNews\" \/>\n<meta name=\"twitter:label1\" content=\"\u00c9crit par\" \/>\n\t<meta name=\"twitter:data1\" content=\"admin5851\" \/>\n\t<meta name=\"twitter:label2\" content=\"Dur\u00e9e de lecture estim\u00e9e\" \/>\n\t<meta name=\"twitter:data2\" content=\"2 minutes\" \/>\n<script type=\"application\/ld+json\" class=\"yoast-schema-graph\">{\"@context\":\"https:\\\/\\\/schema.org\",\"@graph\":[{\"@type\":\"Article\",\"@id\":\"https:\\\/\\\/webtube.fr\\\/index.php\\\/2023\\\/11\\\/30\\\/i-media-n469-omerta-sur-limmigration-feu-sur-lextreme-droite-pourquoi-ils-vous-mentent\\\/#article\",\"isPartOf\":{\"@id\":\"https:\\\/\\\/webtube.fr\\\/index.php\\\/2023\\\/11\\\/30\\\/i-media-n469-omerta-sur-limmigration-feu-sur-lextreme-droite-pourquoi-ils-vous-mentent\\\/\"},\"author\":{\"name\":\"admin5851\",\"@id\":\"https:\\\/\\\/webtube.fr\\\/#\\\/schema\\\/person\\\/dcc633686e0e2a79a6bf7b92c9507618\"},\"headline\":\". I-M\u00e9dia n\u00b0469 &#8211; Omerta sur l\u2019immigration, feu sur l\u2019extr\u00eame droite, pourquoi ils vous mentent !\",\"datePublished\":\"2023-11-30T16:27:17+00:00\",\"mainEntityOfPage\":{\"@id\":\"https:\\\/\\\/webtube.fr\\\/index.php\\\/2023\\\/11\\\/30\\\/i-media-n469-omerta-sur-limmigration-feu-sur-lextreme-droite-pourquoi-ils-vous-mentent\\\/\"},\"wordCount\":383,\"commentCount\":0,\"publisher\":{\"@id\":\"https:\\\/\\\/webtube.fr\\\/#organization\"},\"image\":{\"@id\":\"https:\\\/\\\/webtube.fr\\\/index.php\\\/2023\\\/11\\\/30\\\/i-media-n469-omerta-sur-limmigration-feu-sur-lextreme-droite-pourquoi-ils-vous-mentent\\\/#primaryimage\"},\"thumbnailUrl\":\"https:\\\/\\\/tvl.fr\\\/upload\\\/media\\\/program\\\/0001\\\/26\\\/thumb_25926_program_facebook.jpg\",\"articleSection\":[\"Uncategorized\"],\"inLanguage\":\"fr-FR\",\"potentialAction\":[{\"@type\":\"CommentAction\",\"name\":\"Comment\",\"target\":[\"https:\\\/\\\/webtube.fr\\\/index.php\\\/2023\\\/11\\\/30\\\/i-media-n469-omerta-sur-limmigration-feu-sur-lextreme-droite-pourquoi-ils-vous-mentent\\\/#respond\"]}]},{\"@type\":\"WebPage\",\"@id\":\"https:\\\/\\\/webtube.fr\\\/index.php\\\/2023\\\/11\\\/30\\\/i-media-n469-omerta-sur-limmigration-feu-sur-lextreme-droite-pourquoi-ils-vous-mentent\\\/\",\"url\":\"https:\\\/\\\/webtube.fr\\\/index.php\\\/2023\\\/11\\\/30\\\/i-media-n469-omerta-sur-limmigration-feu-sur-lextreme-droite-pourquoi-ils-vous-mentent\\\/\",\"name\":\". I-M\u00e9dia n\u00b0469 - Omerta sur l\u2019immigration, feu sur l\u2019extr\u00eame droite, pourquoi ils vous mentent ! - # WEBTUBE.fr\",\"isPartOf\":{\"@id\":\"https:\\\/\\\/webtube.fr\\\/#website\"},\"primaryImageOfPage\":{\"@id\":\"https:\\\/\\\/webtube.fr\\\/index.php\\\/2023\\\/11\\\/30\\\/i-media-n469-omerta-sur-limmigration-feu-sur-lextreme-droite-pourquoi-ils-vous-mentent\\\/#primaryimage\"},\"image\":{\"@id\":\"https:\\\/\\\/webtube.fr\\\/index.php\\\/2023\\\/11\\\/30\\\/i-media-n469-omerta-sur-limmigration-feu-sur-lextreme-droite-pourquoi-ils-vous-mentent\\\/#primaryimage\"},\"thumbnailUrl\":\"https:\\\/\\\/tvl.fr\\\/upload\\\/media\\\/program\\\/0001\\\/26\\\/thumb_25926_program_facebook.jpg\",\"datePublished\":\"2023-11-30T16:27:17+00:00\",\"breadcrumb\":{\"@id\":\"https:\\\/\\\/webtube.fr\\\/index.php\\\/2023\\\/11\\\/30\\\/i-media-n469-omerta-sur-limmigration-feu-sur-lextreme-droite-pourquoi-ils-vous-mentent\\\/#breadcrumb\"},\"inLanguage\":\"fr-FR\",\"potentialAction\":[{\"@type\":\"ReadAction\",\"target\":[\"https:\\\/\\\/webtube.fr\\\/index.php\\\/2023\\\/11\\\/30\\\/i-media-n469-omerta-sur-limmigration-feu-sur-lextreme-droite-pourquoi-ils-vous-mentent\\\/\"]}]},{\"@type\":\"ImageObject\",\"inLanguage\":\"fr-FR\",\"@id\":\"https:\\\/\\\/webtube.fr\\\/index.php\\\/2023\\\/11\\\/30\\\/i-media-n469-omerta-sur-limmigration-feu-sur-lextreme-droite-pourquoi-ils-vous-mentent\\\/#primaryimage\",\"url\":\"https:\\\/\\\/tvl.fr\\\/upload\\\/media\\\/program\\\/0001\\\/26\\\/thumb_25926_program_facebook.jpg\",\"contentUrl\":\"https:\\\/\\\/tvl.fr\\\/upload\\\/media\\\/program\\\/0001\\\/26\\\/thumb_25926_program_facebook.jpg\"},{\"@type\":\"BreadcrumbList\",\"@id\":\"https:\\\/\\\/webtube.fr\\\/index.php\\\/2023\\\/11\\\/30\\\/i-media-n469-omerta-sur-limmigration-feu-sur-lextreme-droite-pourquoi-ils-vous-mentent\\\/#breadcrumb\",\"itemListElement\":[{\"@type\":\"ListItem\",\"position\":1,\"name\":\"Accueil\",\"item\":\"https:\\\/\\\/webtube.fr\\\/\"},{\"@type\":\"ListItem\",\"position\":2,\"name\":\". I-M\u00e9dia n\u00b0469 &#8211; Omerta sur l\u2019immigration, feu sur l\u2019extr\u00eame droite, pourquoi ils vous mentent !\"}]},{\"@type\":\"WebSite\",\"@id\":\"https:\\\/\\\/webtube.fr\\\/#website\",\"url\":\"https:\\\/\\\/webtube.fr\\\/\",\"name\":\"WEBTUBE\",\"description\":\"WEBTUBE.fr  Streaming Vid\u00e9o and News , toutes les infos sans filtres !\",\"publisher\":{\"@id\":\"https:\\\/\\\/webtube.fr\\\/#organization\"},\"alternateName\":\"Rutube\",\"potentialAction\":[{\"@type\":\"SearchAction\",\"target\":{\"@type\":\"EntryPoint\",\"urlTemplate\":\"https:\\\/\\\/webtube.fr\\\/?s={search_term_string}\"},\"query-input\":{\"@type\":\"PropertyValueSpecification\",\"valueRequired\":true,\"valueName\":\"search_term_string\"}}],\"inLanguage\":\"fr-FR\"},{\"@type\":\"Organization\",\"@id\":\"https:\\\/\\\/webtube.fr\\\/#organization\",\"name\":\"# WEBTUBE.fr\",\"url\":\"https:\\\/\\\/webtube.fr\\\/\",\"logo\":{\"@type\":\"ImageObject\",\"inLanguage\":\"fr-FR\",\"@id\":\"https:\\\/\\\/webtube.fr\\\/#\\\/schema\\\/logo\\\/image\\\/\",\"url\":\"https:\\\/\\\/webtube.fr\\\/wp-content\\\/uploads\\\/2025\\\/09\\\/cropped-Logo_webtubeIA-1.jpg\",\"contentUrl\":\"https:\\\/\\\/webtube.fr\\\/wp-content\\\/uploads\\\/2025\\\/09\\\/cropped-Logo_webtubeIA-1.jpg\",\"width\":240,\"height\":240,\"caption\":\"# WEBTUBE.fr\"},\"image\":{\"@id\":\"https:\\\/\\\/webtube.fr\\\/#\\\/schema\\\/logo\\\/image\\\/\"},\"sameAs\":[\"https:\\\/\\\/www.facebook.com\\\/profile.php?id=100069673161887\",\"https:\\\/\\\/x.com\\\/OrtfNews\",\"https:\\\/\\\/www.facebook.com\\\/profile.php?id=100013751440523\"]},{\"@type\":\"Person\",\"@id\":\"https:\\\/\\\/webtube.fr\\\/#\\\/schema\\\/person\\\/dcc633686e0e2a79a6bf7b92c9507618\",\"name\":\"admin5851\",\"image\":{\"@type\":\"ImageObject\",\"inLanguage\":\"fr-FR\",\"@id\":\"https:\\\/\\\/secure.gravatar.com\\\/avatar\\\/ea1b672a827879c0febb022a108a871292b3d08fadc66a0a43fa47acfe82e38a?s=96&d=mm&r=g\",\"url\":\"https:\\\/\\\/secure.gravatar.com\\\/avatar\\\/ea1b672a827879c0febb022a108a871292b3d08fadc66a0a43fa47acfe82e38a?s=96&d=mm&r=g\",\"contentUrl\":\"https:\\\/\\\/secure.gravatar.com\\\/avatar\\\/ea1b672a827879c0febb022a108a871292b3d08fadc66a0a43fa47acfe82e38a?s=96&d=mm&r=g\",\"caption\":\"admin5851\"},\"sameAs\":[\"http:\\\/\\\/linlcju.cluster100.hosting.ovh.net\"],\"url\":\"https:\\\/\\\/webtube.fr\\\/index.php\\\/author\\\/admin5851\\\/\"}]}<\/script>\n<!-- \/ Yoast SEO plugin. -->","yoast_head_json":{"title":". I-M\u00e9dia n\u00b0469 - Omerta sur l\u2019immigration, feu sur l\u2019extr\u00eame droite, pourquoi ils vous mentent ! - # WEBTUBE.fr","robots":{"index":"index","follow":"follow","max-snippet":"max-snippet:-1","max-image-preview":"max-image-preview:large","max-video-preview":"max-video-preview:-1"},"canonical":"https:\/\/webtube.fr\/index.php\/2023\/11\/30\/i-media-n469-omerta-sur-limmigration-feu-sur-lextreme-droite-pourquoi-ils-vous-mentent\/","og_locale":"fr_FR","og_type":"article","og_title":". I-M\u00e9dia n\u00b0469 - Omerta sur l\u2019immigration, feu sur l\u2019extr\u00eame droite, pourquoi ils vous mentent ! - # WEBTUBE.fr","og_description":"Articles \u00a0\u00a0\u00a0 : Nov. 2023 &#8211; Oct. 2023 &#8211; Sept 2023 &#8211; Aout 2023 &#8211; Facebook\u00a0:\u00a0https:\/\/www.facebook.com\/profile.php?id=100069673161887 Twitter : https:\/\/twitter.com\/OrtfNews ++ WEBTUBE : \u200bCette semaine dans \u00ab\u00a0I-M\u00e9dia\u00a0\u00bb, Jean-Yves Le Gallou et Floriane Jeannin reviennent sur les manifestations en hommage \u00e0 Thomas qui ont donn\u00e9 lieu \u00e0 un v\u00e9ritable d\u00e9cha\u00eenement m\u00e9diatique. \u00ab\u00a0Ratonnade\u00a0\u00bb, \u00ab\u00a0razzia\u00a0\u00bb, aucun mot ni aucune &hellip; Continuer la lecture de &laquo;&nbsp;. I-M\u00e9dia n\u00b0469 &#8211; Omerta sur l\u2019immigration, feu sur l\u2019extr\u00eame droite, pourquoi ils vous mentent !&nbsp;&raquo;","og_url":"https:\/\/webtube.fr\/index.php\/2023\/11\/30\/i-media-n469-omerta-sur-limmigration-feu-sur-lextreme-droite-pourquoi-ils-vous-mentent\/","og_site_name":"# WEBTUBE.fr","article_publisher":"https:\/\/www.facebook.com\/profile.php?id=100069673161887","article_published_time":"2023-11-30T16:27:17+00:00","og_image":[{"url":"https:\/\/tvl.fr\/upload\/media\/program\/0001\/26\/thumb_25926_program_facebook.jpg","type":"","width":"","height":""}],"author":"admin5851","twitter_card":"summary_large_image","twitter_creator":"@OrtfNews","twitter_site":"@OrtfNews","twitter_misc":{"\u00c9crit par":"admin5851","Dur\u00e9e de lecture estim\u00e9e":"2 minutes"},"schema":{"@context":"https:\/\/schema.org","@graph":[{"@type":"Article","@id":"https:\/\/webtube.fr\/index.php\/2023\/11\/30\/i-media-n469-omerta-sur-limmigration-feu-sur-lextreme-droite-pourquoi-ils-vous-mentent\/#article","isPartOf":{"@id":"https:\/\/webtube.fr\/index.php\/2023\/11\/30\/i-media-n469-omerta-sur-limmigration-feu-sur-lextreme-droite-pourquoi-ils-vous-mentent\/"},"author":{"name":"admin5851","@id":"https:\/\/webtube.fr\/#\/schema\/person\/dcc633686e0e2a79a6bf7b92c9507618"},"headline":". I-M\u00e9dia n\u00b0469 &#8211; Omerta sur l\u2019immigration, feu sur l\u2019extr\u00eame droite, pourquoi ils vous mentent !","datePublished":"2023-11-30T16:27:17+00:00","mainEntityOfPage":{"@id":"https:\/\/webtube.fr\/index.php\/2023\/11\/30\/i-media-n469-omerta-sur-limmigration-feu-sur-lextreme-droite-pourquoi-ils-vous-mentent\/"},"wordCount":383,"commentCount":0,"publisher":{"@id":"https:\/\/webtube.fr\/#organization"},"image":{"@id":"https:\/\/webtube.fr\/index.php\/2023\/11\/30\/i-media-n469-omerta-sur-limmigration-feu-sur-lextreme-droite-pourquoi-ils-vous-mentent\/#primaryimage"},"thumbnailUrl":"https:\/\/tvl.fr\/upload\/media\/program\/0001\/26\/thumb_25926_program_facebook.jpg","articleSection":["Uncategorized"],"inLanguage":"fr-FR","potentialAction":[{"@type":"CommentAction","name":"Comment","target":["https:\/\/webtube.fr\/index.php\/2023\/11\/30\/i-media-n469-omerta-sur-limmigration-feu-sur-lextreme-droite-pourquoi-ils-vous-mentent\/#respond"]}]},{"@type":"WebPage","@id":"https:\/\/webtube.fr\/index.php\/2023\/11\/30\/i-media-n469-omerta-sur-limmigration-feu-sur-lextreme-droite-pourquoi-ils-vous-mentent\/","url":"https:\/\/webtube.fr\/index.php\/2023\/11\/30\/i-media-n469-omerta-sur-limmigration-feu-sur-lextreme-droite-pourquoi-ils-vous-mentent\/","name":". I-M\u00e9dia n\u00b0469 - Omerta sur l\u2019immigration, feu sur l\u2019extr\u00eame droite, pourquoi ils vous mentent ! - # WEBTUBE.fr","isPartOf":{"@id":"https:\/\/webtube.fr\/#website"},"primaryImageOfPage":{"@id":"https:\/\/webtube.fr\/index.php\/2023\/11\/30\/i-media-n469-omerta-sur-limmigration-feu-sur-lextreme-droite-pourquoi-ils-vous-mentent\/#primaryimage"},"image":{"@id":"https:\/\/webtube.fr\/index.php\/2023\/11\/30\/i-media-n469-omerta-sur-limmigration-feu-sur-lextreme-droite-pourquoi-ils-vous-mentent\/#primaryimage"},"thumbnailUrl":"https:\/\/tvl.fr\/upload\/media\/program\/0001\/26\/thumb_25926_program_facebook.jpg","datePublished":"2023-11-30T16:27:17+00:00","breadcrumb":{"@id":"https:\/\/webtube.fr\/index.php\/2023\/11\/30\/i-media-n469-omerta-sur-limmigration-feu-sur-lextreme-droite-pourquoi-ils-vous-mentent\/#breadcrumb"},"inLanguage":"fr-FR","potentialAction":[{"@type":"ReadAction","target":["https:\/\/webtube.fr\/index.php\/2023\/11\/30\/i-media-n469-omerta-sur-limmigration-feu-sur-lextreme-droite-pourquoi-ils-vous-mentent\/"]}]},{"@type":"ImageObject","inLanguage":"fr-FR","@id":"https:\/\/webtube.fr\/index.php\/2023\/11\/30\/i-media-n469-omerta-sur-limmigration-feu-sur-lextreme-droite-pourquoi-ils-vous-mentent\/#primaryimage","url":"https:\/\/tvl.fr\/upload\/media\/program\/0001\/26\/thumb_25926_program_facebook.jpg","contentUrl":"https:\/\/tvl.fr\/upload\/media\/program\/0001\/26\/thumb_25926_program_facebook.jpg"},{"@type":"BreadcrumbList","@id":"https:\/\/webtube.fr\/index.php\/2023\/11\/30\/i-media-n469-omerta-sur-limmigration-feu-sur-lextreme-droite-pourquoi-ils-vous-mentent\/#breadcrumb","itemListElement":[{"@type":"ListItem","position":1,"name":"Accueil","item":"https:\/\/webtube.fr\/"},{"@type":"ListItem","position":2,"name":". I-M\u00e9dia n\u00b0469 &#8211; Omerta sur l\u2019immigration, feu sur l\u2019extr\u00eame droite, pourquoi ils vous mentent !"}]},{"@type":"WebSite","@id":"https:\/\/webtube.fr\/#website","url":"https:\/\/webtube.fr\/","name":"WEBTUBE","description":"WEBTUBE.fr  Streaming Vid\u00e9o and News , toutes les infos sans filtres !","publisher":{"@id":"https:\/\/webtube.fr\/#organization"},"alternateName":"Rutube","potentialAction":[{"@type":"SearchAction","target":{"@type":"EntryPoint","urlTemplate":"https:\/\/webtube.fr\/?s={search_term_string}"},"query-input":{"@type":"PropertyValueSpecification","valueRequired":true,"valueName":"search_term_string"}}],"inLanguage":"fr-FR"},{"@type":"Organization","@id":"https:\/\/webtube.fr\/#organization","name":"# WEBTUBE.fr","url":"https:\/\/webtube.fr\/","logo":{"@type":"ImageObject","inLanguage":"fr-FR","@id":"https:\/\/webtube.fr\/#\/schema\/logo\/image\/","url":"https:\/\/webtube.fr\/wp-content\/uploads\/2025\/09\/cropped-Logo_webtubeIA-1.jpg","contentUrl":"https:\/\/webtube.fr\/wp-content\/uploads\/2025\/09\/cropped-Logo_webtubeIA-1.jpg","width":240,"height":240,"caption":"# WEBTUBE.fr"},"image":{"@id":"https:\/\/webtube.fr\/#\/schema\/logo\/image\/"},"sameAs":["https:\/\/www.facebook.com\/profile.php?id=100069673161887","https:\/\/x.com\/OrtfNews","https:\/\/www.facebook.com\/profile.php?id=100013751440523"]},{"@type":"Person","@id":"https:\/\/webtube.fr\/#\/schema\/person\/dcc633686e0e2a79a6bf7b92c9507618","name":"admin5851","image":{"@type":"ImageObject","inLanguage":"fr-FR","@id":"https:\/\/secure.gravatar.com\/avatar\/ea1b672a827879c0febb022a108a871292b3d08fadc66a0a43fa47acfe82e38a?s=96&d=mm&r=g","url":"https:\/\/secure.gravatar.com\/avatar\/ea1b672a827879c0febb022a108a871292b3d08fadc66a0a43fa47acfe82e38a?s=96&d=mm&r=g","contentUrl":"https:\/\/secure.gravatar.com\/avatar\/ea1b672a827879c0febb022a108a871292b3d08fadc66a0a43fa47acfe82e38a?s=96&d=mm&r=g","caption":"admin5851"},"sameAs":["http:\/\/linlcju.cluster100.hosting.ovh.net"],"url":"https:\/\/webtube.fr\/index.php\/author\/admin5851\/"}]}},"jetpack_featured_media_url":"","jetpack_sharing_enabled":true,"_links":{"self":[{"href":"https:\/\/webtube.fr\/index.php\/wp-json\/wp\/v2\/posts\/24435","targetHints":{"allow":["GET"]}}],"collection":[{"href":"https:\/\/webtube.fr\/index.php\/wp-json\/wp\/v2\/posts"}],"about":[{"href":"https:\/\/webtube.fr\/index.php\/wp-json\/wp\/v2\/types\/post"}],"author":[{"embeddable":true,"href":"https:\/\/webtube.fr\/index.php\/wp-json\/wp\/v2\/users\/1"}],"replies":[{"embeddable":true,"href":"https:\/\/webtube.fr\/index.php\/wp-json\/wp\/v2\/comments?post=24435"}],"version-history":[{"count":0,"href":"https:\/\/webtube.fr\/index.php\/wp-json\/wp\/v2\/posts\/24435\/revisions"}],"wp:attachment":[{"href":"https:\/\/webtube.fr\/index.php\/wp-json\/wp\/v2\/media?parent=24435"}],"wp:term":[{"taxonomy":"category","embeddable":true,"href":"https:\/\/webtube.fr\/index.php\/wp-json\/wp\/v2\/categories?post=24435"},{"taxonomy":"post_tag","embeddable":true,"href":"https:\/\/webtube.fr\/index.php\/wp-json\/wp\/v2\/tags?post=24435"}],"curies":[{"name":"wp","href":"https:\/\/api.w.org\/{rel}","templated":true}]}}