{"id":24431,"date":"2023-11-30T10:10:04","date_gmt":"2023-11-30T10:10:04","guid":{"rendered":"http:\/\/13.36.34.64\/?p=24431"},"modified":"2023-11-30T10:10:04","modified_gmt":"2023-11-30T10:10:04","slug":"8-jeunes-lyonnais-en-garde-a-vue-pour-avoir-colle-en-hommage-de-thomas","status":"publish","type":"post","link":"https:\/\/webtube.fr\/index.php\/2023\/11\/30\/8-jeunes-lyonnais-en-garde-a-vue-pour-avoir-colle-en-hommage-de-thomas\/","title":{"rendered":". 8 jeunes Lyonnais en garde \u00e0 vue pour avoir coll\u00e9 en hommage de Thomas"},"content":{"rendered":"\n<figure><iframe loading=\"lazy\" width=\"800\" height=\"200\" src=\"http:\/\/rutubes.free.fr\/RutubeEmule-island.html\" frameborder=\"N\" scrolling=\"no\"><\/iframe><\/figure>\n\n\n\n<p>Articles \u00a0\u00a0\u00a0 : <a href=\"https:\/\/webtube.fr\/2023\/11\/\" target=\"_blank\" rel=\"noreferrer noopener\">Nov. 2023<\/a> &#8211; <a href=\"http:\/\/rutube.fr\/2023\/10\/\" target=\"_blank\" rel=\"noreferrer noopener\">Oct. 2023<\/a> &#8211; <a href=\"http:\/\/rutube.fr\/2023\/09\/\" target=\"_blank\" rel=\"noreferrer noopener\">Sept 2023<\/a> &#8211; <a href=\"http:\/\/rutube.fr\/2023\/08\/\" target=\"_blank\" rel=\"noreferrer noopener\">Aout 2023<\/a> &#8211; Facebook\u00a0:\u00a0<a href=\"https:\/\/www.facebook.com\/profile.php?id=100069673161887\">https:\/\/www.facebook.com\/profile.php?id=100069673161887<\/a> Twitter : <a href=\"https:\/\/twitter.com\/OrtfNews\" target=\"_blank\" rel=\"noreferrer noopener\">https:\/\/twitter.com\/OrtfNews<\/a><\/p>\n\n\n\n<figure class=\"wp-block-image size-large\"><img decoding=\"async\" src=\"https:\/\/ripostelaique.com\/wp-content\/uploads\/2023\/11\/crepol-1-678x381.jpg\" alt=\"\"\/><\/figure>\n\n\n\n<p><strong>++ WEBTUBE <\/strong>:<em> GARDE \u00c0 VUE POUR AVOIR COLL\u00c9 DES AFFICHES POUR THOMAS ! Le r\u00e9gime de Macron poursuit sa chasse aux patriotes. Apr\u00e8s les six prisonniers politiques de Romans, 8 jeunes militants qui collaient pour rendre hommage \u00e0 Thomas plac\u00e9s en garde \u00e0 vue.<\/em><\/p>\n\n\n\n<p>De quoi donner raison \u00e0 la vid\u00e9o du jour de Pierre Cassen<\/p>\n\n\n\n<figure class=\"wp-block-embed is-type-wp-embed is-provider-pierre-cassen-un-homme-libre wp-block-embed-pierre-cassen-un-homme-libre\"><div class=\"wp-block-embed__wrapper\">\n<blockquote class=\"wp-embedded-content\" data-secret=\"MOQmnOPNlE\"><a href=\"https:\/\/pierrecassen.com\/2023\/11\/29\/mobilisation-generale-de-lappareil-detat-pour-mettre-au-pas-les-resistants-francais\/\">Mobilisation de l&rsquo;appareil d&rsquo;Etat pour mettre au pas les r\u00e9sistants fran\u00e7ais<\/a><\/blockquote><iframe loading=\"lazy\" class=\"wp-embedded-content\" sandbox=\"allow-scripts\" security=\"restricted\" style=\"position: absolute; clip: rect(1px, 1px, 1px, 1px);\" title=\"\u00ab\u00a0Mobilisation de l&rsquo;appareil d&rsquo;Etat pour mettre au pas les r\u00e9sistants fran\u00e7ais\u00a0\u00bb &#8212; Pierre Cassen, un homme libre!!\" src=\"https:\/\/pierrecassen.com\/2023\/11\/29\/mobilisation-generale-de-lappareil-detat-pour-mettre-au-pas-les-resistants-francais\/embed\/#?secret=lgiavLOhQw#?secret=MOQmnOPNlE\" data-secret=\"MOQmnOPNlE\" width=\"600\" height=\"338\" frameborder=\"0\" marginwidth=\"0\" marginheight=\"0\" scrolling=\"no\"><\/iframe>\n<\/div><\/figure>\n\n\n\n<figure class=\"wp-block-embed is-type-wp-embed is-provider-fdesouche wp-block-embed-fdesouche\"><div class=\"wp-block-embed__wrapper\">\n<blockquote class=\"wp-embedded-content\" data-secret=\"TchumTWRbf\"><a href=\"https:\/\/www.fdesouche.com\/2023\/11\/29\/justice-pour-thomas-islam-hors-deurope-limmigration-tue-mobilisation-a-lyon-en-reaction-a-lattaque-de-crepol-maj-indignation-apres-plusieurs-gav-pour-des-collages-daff\/\">\u00ab Justice pour Thomas ! Islam hors d&#8217;Europe ! L&#8217;immigration tue ! \u00bb : mobilisation \u00e0 Lyon en r\u00e9action \u00e0 l&#8217;attaque de Cr\u00e9pol (M\u00e0J : indignation apr\u00e8s plusieurs GAV pour des collages d&#8217;affiches)<\/a><\/blockquote><iframe loading=\"lazy\" class=\"wp-embedded-content\" sandbox=\"allow-scripts\" security=\"restricted\" style=\"position: absolute; clip: rect(1px, 1px, 1px, 1px);\" title=\"\u00ab\u00a0\u00ab Justice pour Thomas ! Islam hors d&#8217;Europe ! L&#8217;immigration tue ! \u00bb : mobilisation \u00e0 Lyon en r\u00e9action \u00e0 l&#8217;attaque de Cr\u00e9pol (M\u00e0J : indignation apr\u00e8s plusieurs GAV pour des collages d&#8217;affiches)\u00a0\u00bb &#8212; Fdesouche\" src=\"https:\/\/www.fdesouche.com\/2023\/11\/29\/justice-pour-thomas-islam-hors-deurope-limmigration-tue-mobilisation-a-lyon-en-reaction-a-lattaque-de-crepol-maj-indignation-apres-plusieurs-gav-pour-des-collages-daff\/embed\/#?secret=1Gftxs1JyY#?secret=TchumTWRbf\" data-secret=\"TchumTWRbf\" width=\"600\" height=\"338\" frameborder=\"0\" marginwidth=\"0\" marginheight=\"0\" scrolling=\"no\"><\/iframe>\n<\/div><\/figure>\n\n\n\n<p><em><strong>Patrick Cohen : la fabrique du mensonge.<\/strong><\/em><\/p>\n\n\n\n<p><em><strong>La n\u00e9gation du r\u00e9el.<\/strong><\/em><\/p>\n\n\n\n<p><em><strong>L\u2019infinie l\u00e2chet\u00e9 des faiseurs d\u2019opinion.<\/strong><\/em><\/p>\n\n\n\n<figure class=\"wp-block-embed is-type-wp-embed is-provider-boulevard-voltaire wp-block-embed-boulevard-voltaire\"><div class=\"wp-block-embed__wrapper\">\n<blockquote class=\"wp-embedded-content\" data-secret=\"57PtRnLD1U\"><a href=\"https:\/\/www.bvoltaire.fr\/la-semaine-media-crepol-la-fabrique-du-mensonge\/\">[La semaine m\u00e9dia] Cr\u00e9pol, la fabrique du mensonge<\/a><\/blockquote><iframe loading=\"lazy\" class=\"wp-embedded-content\" sandbox=\"allow-scripts\" security=\"restricted\" style=\"position: absolute; clip: rect(1px, 1px, 1px, 1px);\" title=\"\u00ab\u00a0[La semaine m\u00e9dia] Cr\u00e9pol, la fabrique du mensonge\u00a0\u00bb &#8212; Boulevard Voltaire\" src=\"https:\/\/www.bvoltaire.fr\/la-semaine-media-crepol-la-fabrique-du-mensonge\/embed\/#?secret=xpFVRVGmw3#?secret=57PtRnLD1U\" data-secret=\"57PtRnLD1U\" width=\"600\" height=\"338\" frameborder=\"0\" marginwidth=\"0\" marginheight=\"0\" scrolling=\"no\"><\/iframe>\n<\/div><\/figure>\n\n\n\n<figure><iframe loading=\"lazy\" width=\"800\" height=\"200\" src=\"http:\/\/rutubes.free.fr\/RutubeEmule-island.html\" frameborder=\"N\" scrolling=\"no\"><\/iframe><\/figure>\n\n<!-- AFS Analytics V7- Web Analytics 7.0 -->\n<script type='text\/javascript'>\n(function(i,s,o,g,r,a,m){i['AfsAnalyticsObject']=r;i[r]=i[r]||function(){(i[r].q=i[r].q||[]).push(arguments)},i[r].l=1*new Date();a=s.createElement(o),m=s.getElementsByTagName(o)[0];a.async=1;a.src=g;m.parentNode.insertBefore(a,m)})(window,document,'script','\/\/code.afsanalytics.com\/js2\/analytics.js','aa');\naa('create', '00636949','auto');\naa('set', 'autotrack', 'on');\naa('set', 'autotrack.iframe', 'dataset');\naa('send', 'pageview');\n<\/script>\n<!-- End AFS Analytics -->\n","protected":false},"excerpt":{"rendered":"<p>Articles \u00a0\u00a0\u00a0 : Nov. 2023 &#8211; Oct. 2023 &#8211; Sept 2023 &#8211; Aout 2023 &#8211; Facebook\u00a0:\u00a0https:\/\/www.facebook.com\/profile.php?id=100069673161887 Twitter : https:\/\/twitter.com\/OrtfNews ++ WEBTUBE : GARDE \u00c0 VUE POUR AVOIR COLL\u00c9 DES AFFICHES POUR THOMAS ! Le r\u00e9gime de Macron poursuit sa chasse aux patriotes. Apr\u00e8s les six prisonniers politiques de Romans, 8 jeunes militants qui collaient pour &hellip; <a href=\"https:\/\/webtube.fr\/index.php\/2023\/11\/30\/8-jeunes-lyonnais-en-garde-a-vue-pour-avoir-colle-en-hommage-de-thomas\/\" class=\"more-link\">Continuer la lecture<span class=\"screen-reader-text\"> de &laquo;&nbsp;. 8 jeunes Lyonnais en garde \u00e0 vue pour avoir coll\u00e9 en hommage de Thomas&nbsp;&raquo;<\/span><\/a><\/p>\n","protected":false},"author":1,"featured_media":0,"comment_status":"open","ping_status":"open","sticky":false,"template":"","format":"standard","meta":{"_jetpack_memberships_contains_paid_content":false,"footnotes":""},"categories":[1],"tags":[],"class_list":["post-24431","post","type-post","status-publish","format-standard","hentry","category-uncategorized"],"yoast_head":"<!-- This site is optimized with the Yoast SEO plugin v27.3 - https:\/\/yoast.com\/product\/yoast-seo-wordpress\/ -->\n<title>. 8 jeunes Lyonnais en garde \u00e0 vue pour avoir coll\u00e9 en hommage de Thomas - # WEBTUBE.fr<\/title>\n<meta name=\"robots\" content=\"index, follow, max-snippet:-1, max-image-preview:large, max-video-preview:-1\" \/>\n<link rel=\"canonical\" href=\"https:\/\/webtube.fr\/index.php\/2023\/11\/30\/8-jeunes-lyonnais-en-garde-a-vue-pour-avoir-colle-en-hommage-de-thomas\/\" \/>\n<meta property=\"og:locale\" content=\"fr_FR\" \/>\n<meta property=\"og:type\" content=\"article\" \/>\n<meta property=\"og:title\" content=\". 8 jeunes Lyonnais en garde \u00e0 vue pour avoir coll\u00e9 en hommage de Thomas - # WEBTUBE.fr\" \/>\n<meta property=\"og:description\" content=\"Articles \u00a0\u00a0\u00a0 : Nov. 2023 &#8211; Oct. 2023 &#8211; Sept 2023 &#8211; Aout 2023 &#8211; Facebook\u00a0:\u00a0https:\/\/www.facebook.com\/profile.php?id=100069673161887 Twitter : https:\/\/twitter.com\/OrtfNews ++ WEBTUBE : GARDE \u00c0 VUE POUR AVOIR COLL\u00c9 DES AFFICHES POUR THOMAS ! Le r\u00e9gime de Macron poursuit sa chasse aux patriotes. Apr\u00e8s les six prisonniers politiques de Romans, 8 jeunes militants qui collaient pour &hellip; Continuer la lecture de &laquo;&nbsp;. 8 jeunes Lyonnais en garde \u00e0 vue pour avoir coll\u00e9 en hommage de Thomas&nbsp;&raquo;\" \/>\n<meta property=\"og:url\" content=\"https:\/\/webtube.fr\/index.php\/2023\/11\/30\/8-jeunes-lyonnais-en-garde-a-vue-pour-avoir-colle-en-hommage-de-thomas\/\" \/>\n<meta property=\"og:site_name\" content=\"# WEBTUBE.fr\" \/>\n<meta property=\"article:publisher\" content=\"https:\/\/www.facebook.com\/profile.php?id=100069673161887\" \/>\n<meta property=\"article:published_time\" content=\"2023-11-30T10:10:04+00:00\" \/>\n<meta property=\"og:image\" content=\"https:\/\/ripostelaique.com\/wp-content\/uploads\/2023\/11\/crepol-1-678x381.jpg\" \/>\n<meta name=\"author\" content=\"admin5851\" \/>\n<meta name=\"twitter:card\" content=\"summary_large_image\" \/>\n<meta name=\"twitter:creator\" content=\"@OrtfNews\" \/>\n<meta name=\"twitter:site\" content=\"@OrtfNews\" \/>\n<meta name=\"twitter:label1\" content=\"\u00c9crit par\" \/>\n\t<meta name=\"twitter:data1\" content=\"admin5851\" \/>\n\t<meta name=\"twitter:label2\" content=\"Dur\u00e9e de lecture estim\u00e9e\" \/>\n\t<meta name=\"twitter:data2\" content=\"1 minute\" \/>\n<script type=\"application\/ld+json\" class=\"yoast-schema-graph\">{\"@context\":\"https:\\\/\\\/schema.org\",\"@graph\":[{\"@type\":\"Article\",\"@id\":\"https:\\\/\\\/webtube.fr\\\/index.php\\\/2023\\\/11\\\/30\\\/8-jeunes-lyonnais-en-garde-a-vue-pour-avoir-colle-en-hommage-de-thomas\\\/#article\",\"isPartOf\":{\"@id\":\"https:\\\/\\\/webtube.fr\\\/index.php\\\/2023\\\/11\\\/30\\\/8-jeunes-lyonnais-en-garde-a-vue-pour-avoir-colle-en-hommage-de-thomas\\\/\"},\"author\":{\"name\":\"admin5851\",\"@id\":\"https:\\\/\\\/webtube.fr\\\/#\\\/schema\\\/person\\\/dcc633686e0e2a79a6bf7b92c9507618\"},\"headline\":\". 8 jeunes Lyonnais en garde \u00e0 vue pour avoir coll\u00e9 en hommage de Thomas\",\"datePublished\":\"2023-11-30T10:10:04+00:00\",\"mainEntityOfPage\":{\"@id\":\"https:\\\/\\\/webtube.fr\\\/index.php\\\/2023\\\/11\\\/30\\\/8-jeunes-lyonnais-en-garde-a-vue-pour-avoir-colle-en-hommage-de-thomas\\\/\"},\"wordCount\":121,\"commentCount\":0,\"publisher\":{\"@id\":\"https:\\\/\\\/webtube.fr\\\/#organization\"},\"image\":{\"@id\":\"https:\\\/\\\/webtube.fr\\\/index.php\\\/2023\\\/11\\\/30\\\/8-jeunes-lyonnais-en-garde-a-vue-pour-avoir-colle-en-hommage-de-thomas\\\/#primaryimage\"},\"thumbnailUrl\":\"https:\\\/\\\/ripostelaique.com\\\/wp-content\\\/uploads\\\/2023\\\/11\\\/crepol-1-678x381.jpg\",\"articleSection\":[\"Uncategorized\"],\"inLanguage\":\"fr-FR\",\"potentialAction\":[{\"@type\":\"CommentAction\",\"name\":\"Comment\",\"target\":[\"https:\\\/\\\/webtube.fr\\\/index.php\\\/2023\\\/11\\\/30\\\/8-jeunes-lyonnais-en-garde-a-vue-pour-avoir-colle-en-hommage-de-thomas\\\/#respond\"]}]},{\"@type\":\"WebPage\",\"@id\":\"https:\\\/\\\/webtube.fr\\\/index.php\\\/2023\\\/11\\\/30\\\/8-jeunes-lyonnais-en-garde-a-vue-pour-avoir-colle-en-hommage-de-thomas\\\/\",\"url\":\"https:\\\/\\\/webtube.fr\\\/index.php\\\/2023\\\/11\\\/30\\\/8-jeunes-lyonnais-en-garde-a-vue-pour-avoir-colle-en-hommage-de-thomas\\\/\",\"name\":\". 8 jeunes Lyonnais en garde \u00e0 vue pour avoir coll\u00e9 en hommage de Thomas - # WEBTUBE.fr\",\"isPartOf\":{\"@id\":\"https:\\\/\\\/webtube.fr\\\/#website\"},\"primaryImageOfPage\":{\"@id\":\"https:\\\/\\\/webtube.fr\\\/index.php\\\/2023\\\/11\\\/30\\\/8-jeunes-lyonnais-en-garde-a-vue-pour-avoir-colle-en-hommage-de-thomas\\\/#primaryimage\"},\"image\":{\"@id\":\"https:\\\/\\\/webtube.fr\\\/index.php\\\/2023\\\/11\\\/30\\\/8-jeunes-lyonnais-en-garde-a-vue-pour-avoir-colle-en-hommage-de-thomas\\\/#primaryimage\"},\"thumbnailUrl\":\"https:\\\/\\\/ripostelaique.com\\\/wp-content\\\/uploads\\\/2023\\\/11\\\/crepol-1-678x381.jpg\",\"datePublished\":\"2023-11-30T10:10:04+00:00\",\"breadcrumb\":{\"@id\":\"https:\\\/\\\/webtube.fr\\\/index.php\\\/2023\\\/11\\\/30\\\/8-jeunes-lyonnais-en-garde-a-vue-pour-avoir-colle-en-hommage-de-thomas\\\/#breadcrumb\"},\"inLanguage\":\"fr-FR\",\"potentialAction\":[{\"@type\":\"ReadAction\",\"target\":[\"https:\\\/\\\/webtube.fr\\\/index.php\\\/2023\\\/11\\\/30\\\/8-jeunes-lyonnais-en-garde-a-vue-pour-avoir-colle-en-hommage-de-thomas\\\/\"]}]},{\"@type\":\"ImageObject\",\"inLanguage\":\"fr-FR\",\"@id\":\"https:\\\/\\\/webtube.fr\\\/index.php\\\/2023\\\/11\\\/30\\\/8-jeunes-lyonnais-en-garde-a-vue-pour-avoir-colle-en-hommage-de-thomas\\\/#primaryimage\",\"url\":\"https:\\\/\\\/ripostelaique.com\\\/wp-content\\\/uploads\\\/2023\\\/11\\\/crepol-1-678x381.jpg\",\"contentUrl\":\"https:\\\/\\\/ripostelaique.com\\\/wp-content\\\/uploads\\\/2023\\\/11\\\/crepol-1-678x381.jpg\"},{\"@type\":\"BreadcrumbList\",\"@id\":\"https:\\\/\\\/webtube.fr\\\/index.php\\\/2023\\\/11\\\/30\\\/8-jeunes-lyonnais-en-garde-a-vue-pour-avoir-colle-en-hommage-de-thomas\\\/#breadcrumb\",\"itemListElement\":[{\"@type\":\"ListItem\",\"position\":1,\"name\":\"Accueil\",\"item\":\"https:\\\/\\\/webtube.fr\\\/\"},{\"@type\":\"ListItem\",\"position\":2,\"name\":\". 8 jeunes Lyonnais en garde \u00e0 vue pour avoir coll\u00e9 en hommage de Thomas\"}]},{\"@type\":\"WebSite\",\"@id\":\"https:\\\/\\\/webtube.fr\\\/#website\",\"url\":\"https:\\\/\\\/webtube.fr\\\/\",\"name\":\"WEBTUBE\",\"description\":\"WEBTUBE.fr  Streaming Vid\u00e9o and News , toutes les infos sans filtres !\",\"publisher\":{\"@id\":\"https:\\\/\\\/webtube.fr\\\/#organization\"},\"alternateName\":\"Rutube\",\"potentialAction\":[{\"@type\":\"SearchAction\",\"target\":{\"@type\":\"EntryPoint\",\"urlTemplate\":\"https:\\\/\\\/webtube.fr\\\/?s={search_term_string}\"},\"query-input\":{\"@type\":\"PropertyValueSpecification\",\"valueRequired\":true,\"valueName\":\"search_term_string\"}}],\"inLanguage\":\"fr-FR\"},{\"@type\":\"Organization\",\"@id\":\"https:\\\/\\\/webtube.fr\\\/#organization\",\"name\":\"# WEBTUBE.fr\",\"url\":\"https:\\\/\\\/webtube.fr\\\/\",\"logo\":{\"@type\":\"ImageObject\",\"inLanguage\":\"fr-FR\",\"@id\":\"https:\\\/\\\/webtube.fr\\\/#\\\/schema\\\/logo\\\/image\\\/\",\"url\":\"https:\\\/\\\/webtube.fr\\\/wp-content\\\/uploads\\\/2025\\\/09\\\/cropped-Logo_webtubeIA-1.jpg\",\"contentUrl\":\"https:\\\/\\\/webtube.fr\\\/wp-content\\\/uploads\\\/2025\\\/09\\\/cropped-Logo_webtubeIA-1.jpg\",\"width\":240,\"height\":240,\"caption\":\"# WEBTUBE.fr\"},\"image\":{\"@id\":\"https:\\\/\\\/webtube.fr\\\/#\\\/schema\\\/logo\\\/image\\\/\"},\"sameAs\":[\"https:\\\/\\\/www.facebook.com\\\/profile.php?id=100069673161887\",\"https:\\\/\\\/x.com\\\/OrtfNews\",\"https:\\\/\\\/www.facebook.com\\\/profile.php?id=100013751440523\"]},{\"@type\":\"Person\",\"@id\":\"https:\\\/\\\/webtube.fr\\\/#\\\/schema\\\/person\\\/dcc633686e0e2a79a6bf7b92c9507618\",\"name\":\"admin5851\",\"image\":{\"@type\":\"ImageObject\",\"inLanguage\":\"fr-FR\",\"@id\":\"https:\\\/\\\/secure.gravatar.com\\\/avatar\\\/ea1b672a827879c0febb022a108a871292b3d08fadc66a0a43fa47acfe82e38a?s=96&d=mm&r=g\",\"url\":\"https:\\\/\\\/secure.gravatar.com\\\/avatar\\\/ea1b672a827879c0febb022a108a871292b3d08fadc66a0a43fa47acfe82e38a?s=96&d=mm&r=g\",\"contentUrl\":\"https:\\\/\\\/secure.gravatar.com\\\/avatar\\\/ea1b672a827879c0febb022a108a871292b3d08fadc66a0a43fa47acfe82e38a?s=96&d=mm&r=g\",\"caption\":\"admin5851\"},\"sameAs\":[\"http:\\\/\\\/linlcju.cluster100.hosting.ovh.net\"],\"url\":\"https:\\\/\\\/webtube.fr\\\/index.php\\\/author\\\/admin5851\\\/\"}]}<\/script>\n<!-- \/ Yoast SEO plugin. -->","yoast_head_json":{"title":". 8 jeunes Lyonnais en garde \u00e0 vue pour avoir coll\u00e9 en hommage de Thomas - # WEBTUBE.fr","robots":{"index":"index","follow":"follow","max-snippet":"max-snippet:-1","max-image-preview":"max-image-preview:large","max-video-preview":"max-video-preview:-1"},"canonical":"https:\/\/webtube.fr\/index.php\/2023\/11\/30\/8-jeunes-lyonnais-en-garde-a-vue-pour-avoir-colle-en-hommage-de-thomas\/","og_locale":"fr_FR","og_type":"article","og_title":". 8 jeunes Lyonnais en garde \u00e0 vue pour avoir coll\u00e9 en hommage de Thomas - # WEBTUBE.fr","og_description":"Articles \u00a0\u00a0\u00a0 : Nov. 2023 &#8211; Oct. 2023 &#8211; Sept 2023 &#8211; Aout 2023 &#8211; Facebook\u00a0:\u00a0https:\/\/www.facebook.com\/profile.php?id=100069673161887 Twitter : https:\/\/twitter.com\/OrtfNews ++ WEBTUBE : GARDE \u00c0 VUE POUR AVOIR COLL\u00c9 DES AFFICHES POUR THOMAS ! Le r\u00e9gime de Macron poursuit sa chasse aux patriotes. Apr\u00e8s les six prisonniers politiques de Romans, 8 jeunes militants qui collaient pour &hellip; Continuer la lecture de &laquo;&nbsp;. 8 jeunes Lyonnais en garde \u00e0 vue pour avoir coll\u00e9 en hommage de Thomas&nbsp;&raquo;","og_url":"https:\/\/webtube.fr\/index.php\/2023\/11\/30\/8-jeunes-lyonnais-en-garde-a-vue-pour-avoir-colle-en-hommage-de-thomas\/","og_site_name":"# WEBTUBE.fr","article_publisher":"https:\/\/www.facebook.com\/profile.php?id=100069673161887","article_published_time":"2023-11-30T10:10:04+00:00","og_image":[{"url":"https:\/\/ripostelaique.com\/wp-content\/uploads\/2023\/11\/crepol-1-678x381.jpg","type":"","width":"","height":""}],"author":"admin5851","twitter_card":"summary_large_image","twitter_creator":"@OrtfNews","twitter_site":"@OrtfNews","twitter_misc":{"\u00c9crit par":"admin5851","Dur\u00e9e de lecture estim\u00e9e":"1 minute"},"schema":{"@context":"https:\/\/schema.org","@graph":[{"@type":"Article","@id":"https:\/\/webtube.fr\/index.php\/2023\/11\/30\/8-jeunes-lyonnais-en-garde-a-vue-pour-avoir-colle-en-hommage-de-thomas\/#article","isPartOf":{"@id":"https:\/\/webtube.fr\/index.php\/2023\/11\/30\/8-jeunes-lyonnais-en-garde-a-vue-pour-avoir-colle-en-hommage-de-thomas\/"},"author":{"name":"admin5851","@id":"https:\/\/webtube.fr\/#\/schema\/person\/dcc633686e0e2a79a6bf7b92c9507618"},"headline":". 8 jeunes Lyonnais en garde \u00e0 vue pour avoir coll\u00e9 en hommage de Thomas","datePublished":"2023-11-30T10:10:04+00:00","mainEntityOfPage":{"@id":"https:\/\/webtube.fr\/index.php\/2023\/11\/30\/8-jeunes-lyonnais-en-garde-a-vue-pour-avoir-colle-en-hommage-de-thomas\/"},"wordCount":121,"commentCount":0,"publisher":{"@id":"https:\/\/webtube.fr\/#organization"},"image":{"@id":"https:\/\/webtube.fr\/index.php\/2023\/11\/30\/8-jeunes-lyonnais-en-garde-a-vue-pour-avoir-colle-en-hommage-de-thomas\/#primaryimage"},"thumbnailUrl":"https:\/\/ripostelaique.com\/wp-content\/uploads\/2023\/11\/crepol-1-678x381.jpg","articleSection":["Uncategorized"],"inLanguage":"fr-FR","potentialAction":[{"@type":"CommentAction","name":"Comment","target":["https:\/\/webtube.fr\/index.php\/2023\/11\/30\/8-jeunes-lyonnais-en-garde-a-vue-pour-avoir-colle-en-hommage-de-thomas\/#respond"]}]},{"@type":"WebPage","@id":"https:\/\/webtube.fr\/index.php\/2023\/11\/30\/8-jeunes-lyonnais-en-garde-a-vue-pour-avoir-colle-en-hommage-de-thomas\/","url":"https:\/\/webtube.fr\/index.php\/2023\/11\/30\/8-jeunes-lyonnais-en-garde-a-vue-pour-avoir-colle-en-hommage-de-thomas\/","name":". 8 jeunes Lyonnais en garde \u00e0 vue pour avoir coll\u00e9 en hommage de Thomas - # WEBTUBE.fr","isPartOf":{"@id":"https:\/\/webtube.fr\/#website"},"primaryImageOfPage":{"@id":"https:\/\/webtube.fr\/index.php\/2023\/11\/30\/8-jeunes-lyonnais-en-garde-a-vue-pour-avoir-colle-en-hommage-de-thomas\/#primaryimage"},"image":{"@id":"https:\/\/webtube.fr\/index.php\/2023\/11\/30\/8-jeunes-lyonnais-en-garde-a-vue-pour-avoir-colle-en-hommage-de-thomas\/#primaryimage"},"thumbnailUrl":"https:\/\/ripostelaique.com\/wp-content\/uploads\/2023\/11\/crepol-1-678x381.jpg","datePublished":"2023-11-30T10:10:04+00:00","breadcrumb":{"@id":"https:\/\/webtube.fr\/index.php\/2023\/11\/30\/8-jeunes-lyonnais-en-garde-a-vue-pour-avoir-colle-en-hommage-de-thomas\/#breadcrumb"},"inLanguage":"fr-FR","potentialAction":[{"@type":"ReadAction","target":["https:\/\/webtube.fr\/index.php\/2023\/11\/30\/8-jeunes-lyonnais-en-garde-a-vue-pour-avoir-colle-en-hommage-de-thomas\/"]}]},{"@type":"ImageObject","inLanguage":"fr-FR","@id":"https:\/\/webtube.fr\/index.php\/2023\/11\/30\/8-jeunes-lyonnais-en-garde-a-vue-pour-avoir-colle-en-hommage-de-thomas\/#primaryimage","url":"https:\/\/ripostelaique.com\/wp-content\/uploads\/2023\/11\/crepol-1-678x381.jpg","contentUrl":"https:\/\/ripostelaique.com\/wp-content\/uploads\/2023\/11\/crepol-1-678x381.jpg"},{"@type":"BreadcrumbList","@id":"https:\/\/webtube.fr\/index.php\/2023\/11\/30\/8-jeunes-lyonnais-en-garde-a-vue-pour-avoir-colle-en-hommage-de-thomas\/#breadcrumb","itemListElement":[{"@type":"ListItem","position":1,"name":"Accueil","item":"https:\/\/webtube.fr\/"},{"@type":"ListItem","position":2,"name":". 8 jeunes Lyonnais en garde \u00e0 vue pour avoir coll\u00e9 en hommage de Thomas"}]},{"@type":"WebSite","@id":"https:\/\/webtube.fr\/#website","url":"https:\/\/webtube.fr\/","name":"WEBTUBE","description":"WEBTUBE.fr  Streaming Vid\u00e9o and News , toutes les infos sans filtres !","publisher":{"@id":"https:\/\/webtube.fr\/#organization"},"alternateName":"Rutube","potentialAction":[{"@type":"SearchAction","target":{"@type":"EntryPoint","urlTemplate":"https:\/\/webtube.fr\/?s={search_term_string}"},"query-input":{"@type":"PropertyValueSpecification","valueRequired":true,"valueName":"search_term_string"}}],"inLanguage":"fr-FR"},{"@type":"Organization","@id":"https:\/\/webtube.fr\/#organization","name":"# WEBTUBE.fr","url":"https:\/\/webtube.fr\/","logo":{"@type":"ImageObject","inLanguage":"fr-FR","@id":"https:\/\/webtube.fr\/#\/schema\/logo\/image\/","url":"https:\/\/webtube.fr\/wp-content\/uploads\/2025\/09\/cropped-Logo_webtubeIA-1.jpg","contentUrl":"https:\/\/webtube.fr\/wp-content\/uploads\/2025\/09\/cropped-Logo_webtubeIA-1.jpg","width":240,"height":240,"caption":"# WEBTUBE.fr"},"image":{"@id":"https:\/\/webtube.fr\/#\/schema\/logo\/image\/"},"sameAs":["https:\/\/www.facebook.com\/profile.php?id=100069673161887","https:\/\/x.com\/OrtfNews","https:\/\/www.facebook.com\/profile.php?id=100013751440523"]},{"@type":"Person","@id":"https:\/\/webtube.fr\/#\/schema\/person\/dcc633686e0e2a79a6bf7b92c9507618","name":"admin5851","image":{"@type":"ImageObject","inLanguage":"fr-FR","@id":"https:\/\/secure.gravatar.com\/avatar\/ea1b672a827879c0febb022a108a871292b3d08fadc66a0a43fa47acfe82e38a?s=96&d=mm&r=g","url":"https:\/\/secure.gravatar.com\/avatar\/ea1b672a827879c0febb022a108a871292b3d08fadc66a0a43fa47acfe82e38a?s=96&d=mm&r=g","contentUrl":"https:\/\/secure.gravatar.com\/avatar\/ea1b672a827879c0febb022a108a871292b3d08fadc66a0a43fa47acfe82e38a?s=96&d=mm&r=g","caption":"admin5851"},"sameAs":["http:\/\/linlcju.cluster100.hosting.ovh.net"],"url":"https:\/\/webtube.fr\/index.php\/author\/admin5851\/"}]}},"jetpack_featured_media_url":"","jetpack_sharing_enabled":true,"_links":{"self":[{"href":"https:\/\/webtube.fr\/index.php\/wp-json\/wp\/v2\/posts\/24431","targetHints":{"allow":["GET"]}}],"collection":[{"href":"https:\/\/webtube.fr\/index.php\/wp-json\/wp\/v2\/posts"}],"about":[{"href":"https:\/\/webtube.fr\/index.php\/wp-json\/wp\/v2\/types\/post"}],"author":[{"embeddable":true,"href":"https:\/\/webtube.fr\/index.php\/wp-json\/wp\/v2\/users\/1"}],"replies":[{"embeddable":true,"href":"https:\/\/webtube.fr\/index.php\/wp-json\/wp\/v2\/comments?post=24431"}],"version-history":[{"count":0,"href":"https:\/\/webtube.fr\/index.php\/wp-json\/wp\/v2\/posts\/24431\/revisions"}],"wp:attachment":[{"href":"https:\/\/webtube.fr\/index.php\/wp-json\/wp\/v2\/media?parent=24431"}],"wp:term":[{"taxonomy":"category","embeddable":true,"href":"https:\/\/webtube.fr\/index.php\/wp-json\/wp\/v2\/categories?post=24431"},{"taxonomy":"post_tag","embeddable":true,"href":"https:\/\/webtube.fr\/index.php\/wp-json\/wp\/v2\/tags?post=24431"}],"curies":[{"name":"wp","href":"https:\/\/api.w.org\/{rel}","templated":true}]}}