{"id":24429,"date":"2023-11-30T10:02:30","date_gmt":"2023-11-30T10:02:30","guid":{"rendered":"http:\/\/13.36.34.64\/?p=24429"},"modified":"2023-11-30T10:02:30","modified_gmt":"2023-11-30T10:02:30","slug":"linterview-politique-integrale-deric-zemmour-sur-rmc","status":"publish","type":"post","link":"https:\/\/webtube.fr\/index.php\/2023\/11\/30\/linterview-politique-integrale-deric-zemmour-sur-rmc\/","title":{"rendered":". L&rsquo;interview politique int\u00e9grale d&rsquo;Eric Zemmour sur RMC."},"content":{"rendered":"\n<figure><iframe loading=\"lazy\" width=\"800\" height=\"200\" src=\"http:\/\/rutubes.free.fr\/RutubeEmule-island.html\" frameborder=\"N\" scrolling=\"no\"><\/iframe><\/figure>\n\n\n\n<p>Articles \u00a0\u00a0\u00a0 : <a href=\"https:\/\/webtube.fr\/2023\/11\/\" target=\"_blank\" rel=\"noreferrer noopener\">Nov. 2023<\/a> &#8211; <a href=\"http:\/\/rutube.fr\/2023\/10\/\" target=\"_blank\" rel=\"noreferrer noopener\">Oct. 2023<\/a> &#8211; <a href=\"http:\/\/rutube.fr\/2023\/09\/\" target=\"_blank\" rel=\"noreferrer noopener\">Sept 2023<\/a> &#8211; <a href=\"http:\/\/rutube.fr\/2023\/08\/\" target=\"_blank\" rel=\"noreferrer noopener\">Aout 2023<\/a> &#8211; Facebook\u00a0:\u00a0<a href=\"https:\/\/www.facebook.com\/profile.php?id=100069673161887\">https:\/\/www.facebook.com\/profile.php?id=100069673161887<\/a> Twitter : <a href=\"https:\/\/twitter.com\/OrtfNews\" target=\"_blank\" rel=\"noreferrer noopener\">https:\/\/twitter.com\/OrtfNews<\/a><\/p>\n\n\n\n<figure class=\"wp-block-image size-large\"><img decoding=\"async\" src=\"https:\/\/i.ytimg.com\/vi\/bwxBRItKfsk\/maxresdefault.jpg\" alt=\"\"\/><\/figure>\n\n\n\n<p><strong>++ WEBTUBE<\/strong> : <em>Tous les matins, Apolline de Malherbe re\u00e7oit chaque jour la personnalit\u00e9 qui fait l\u2019actualit\u00e9 dans son \u00ab\u00a0Face \u00e0 face\u00a0\u00bb. Politiques, femmes et hommes issus de la soci\u00e9t\u00e9 civile, grands patrons\u2026 se succ\u00e9deront \u00e0 son micro. En simultan\u00e9 sur BFMTV. RMC, la radio Info Talk Sport. Depuis deux d\u00e9cennies, c&rsquo;est neuf heures d&rsquo;information du lundi au vendredi, pour d\u00e9battre et \u00e9changer sur l&rsquo;actualit\u00e9. A travers la pr\u00e9-matinale Charles Matin, la matinale d&rsquo;Apolline Matin, l&rsquo;interview politique d&rsquo;Apolline de Malherbe, les d\u00e9bats anim\u00e9s des Grandes Gueules et d&rsquo;Estelle Midi, RMC donne chaque jour la parole aux Fran\u00e7ais, sans compromis et avec respect. RMC c&rsquo;est \u00e9galement la radio n\u00b01 sur le sport. Chaque jour, l\u2019antenne est mobilis\u00e9e pour \u00eatre au plus pr\u00e8s des grandes comp\u00e9titions sportives. Informations exclusives, invit\u00e9s d\u2019exception, analyses et d\u00e9bats sur l\u2019actualit\u00e9\u2026 Avec 52 semaines par an, tous les jours de 15h \u00e0 minuit, les journalistes et la Dream Team RMC continuent de faire vivre aux auditeurs, le meilleur du sport, \u00e0 travers les \u00e9missions Super Moscato Show, Rothen s&rsquo;enflamme ou encore l&rsquo;After Foot.<\/em> <strong>La video ci-dessous :<\/strong><\/p>\n\n\n\n<figure class=\"wp-block-embed is-type-video is-provider-youtube wp-block-embed-youtube wp-embed-aspect-16-9 wp-has-aspect-ratio\"><div class=\"wp-block-embed__wrapper\">\n<iframe loading=\"lazy\" title=\"L&#039;interview politique int\u00e9grale d&#039;Eric Zemmour sur RMC\" width=\"840\" height=\"473\" src=\"https:\/\/www.youtube.com\/embed\/4WMiS713JPs?feature=oembed\" frameborder=\"0\" allow=\"accelerometer; autoplay; clipboard-write; encrypted-media; gyroscope; picture-in-picture; web-share\" allowfullscreen><\/iframe>\n<\/div><\/figure>\n\n\n\n<figure><iframe loading=\"lazy\" width=\"800\" height=\"200\" src=\"http:\/\/rutubes.free.fr\/RutubeEmule-island.html\" frameborder=\"N\" scrolling=\"no\"><\/iframe><\/figure>\n\n<!-- AFS Analytics V7- Web Analytics 7.0 -->\n<script type='text\/javascript'>\n(function(i,s,o,g,r,a,m){i['AfsAnalyticsObject']=r;i[r]=i[r]||function(){(i[r].q=i[r].q||[]).push(arguments)},i[r].l=1*new Date();a=s.createElement(o),m=s.getElementsByTagName(o)[0];a.async=1;a.src=g;m.parentNode.insertBefore(a,m)})(window,document,'script','\/\/code.afsanalytics.com\/js2\/analytics.js','aa');\naa('create', '00636949','auto');\naa('set', 'autotrack', 'on');\naa('set', 'autotrack.iframe', 'dataset');\naa('send', 'pageview');\n<\/script>\n<!-- End AFS Analytics -->\n","protected":false},"excerpt":{"rendered":"<p>Articles \u00a0\u00a0\u00a0 : Nov. 2023 &#8211; Oct. 2023 &#8211; Sept 2023 &#8211; Aout 2023 &#8211; Facebook\u00a0:\u00a0https:\/\/www.facebook.com\/profile.php?id=100069673161887 Twitter : https:\/\/twitter.com\/OrtfNews ++ WEBTUBE : Tous les matins, Apolline de Malherbe re\u00e7oit chaque jour la personnalit\u00e9 qui fait l\u2019actualit\u00e9 dans son \u00ab\u00a0Face \u00e0 face\u00a0\u00bb. Politiques, femmes et hommes issus de la soci\u00e9t\u00e9 civile, grands patrons\u2026 se succ\u00e9deront \u00e0 &hellip; <a href=\"https:\/\/webtube.fr\/index.php\/2023\/11\/30\/linterview-politique-integrale-deric-zemmour-sur-rmc\/\" class=\"more-link\">Continuer la lecture<span class=\"screen-reader-text\"> de &laquo;&nbsp;. L&rsquo;interview politique int\u00e9grale d&rsquo;Eric Zemmour sur RMC.&nbsp;&raquo;<\/span><\/a><\/p>\n","protected":false},"author":1,"featured_media":0,"comment_status":"open","ping_status":"open","sticky":false,"template":"","format":"standard","meta":{"_jetpack_memberships_contains_paid_content":false,"footnotes":""},"categories":[1],"tags":[],"class_list":["post-24429","post","type-post","status-publish","format-standard","hentry","category-uncategorized"],"yoast_head":"<!-- This site is optimized with the Yoast SEO plugin v27.3 - https:\/\/yoast.com\/product\/yoast-seo-wordpress\/ -->\n<title>. L&#039;interview politique int\u00e9grale d&#039;Eric Zemmour sur RMC. - # WEBTUBE.fr<\/title>\n<meta name=\"robots\" content=\"index, follow, max-snippet:-1, max-image-preview:large, max-video-preview:-1\" \/>\n<link rel=\"canonical\" href=\"https:\/\/webtube.fr\/index.php\/2023\/11\/30\/linterview-politique-integrale-deric-zemmour-sur-rmc\/\" \/>\n<meta property=\"og:locale\" content=\"fr_FR\" \/>\n<meta property=\"og:type\" content=\"article\" \/>\n<meta property=\"og:title\" content=\". L&#039;interview politique int\u00e9grale d&#039;Eric Zemmour sur RMC. - # WEBTUBE.fr\" \/>\n<meta property=\"og:description\" content=\"Articles \u00a0\u00a0\u00a0 : Nov. 2023 &#8211; Oct. 2023 &#8211; Sept 2023 &#8211; Aout 2023 &#8211; Facebook\u00a0:\u00a0https:\/\/www.facebook.com\/profile.php?id=100069673161887 Twitter : https:\/\/twitter.com\/OrtfNews ++ WEBTUBE : Tous les matins, Apolline de Malherbe re\u00e7oit chaque jour la personnalit\u00e9 qui fait l\u2019actualit\u00e9 dans son \u00ab\u00a0Face \u00e0 face\u00a0\u00bb. Politiques, femmes et hommes issus de la soci\u00e9t\u00e9 civile, grands patrons\u2026 se succ\u00e9deront \u00e0 &hellip; Continuer la lecture de &laquo;&nbsp;. L&rsquo;interview politique int\u00e9grale d&rsquo;Eric Zemmour sur RMC.&nbsp;&raquo;\" \/>\n<meta property=\"og:url\" content=\"https:\/\/webtube.fr\/index.php\/2023\/11\/30\/linterview-politique-integrale-deric-zemmour-sur-rmc\/\" \/>\n<meta property=\"og:site_name\" content=\"# WEBTUBE.fr\" \/>\n<meta property=\"article:publisher\" content=\"https:\/\/www.facebook.com\/profile.php?id=100069673161887\" \/>\n<meta property=\"article:published_time\" content=\"2023-11-30T10:02:30+00:00\" \/>\n<meta property=\"og:image\" content=\"https:\/\/i.ytimg.com\/vi\/bwxBRItKfsk\/maxresdefault.jpg\" \/>\n<meta name=\"author\" content=\"admin5851\" \/>\n<meta name=\"twitter:card\" content=\"summary_large_image\" \/>\n<meta name=\"twitter:creator\" content=\"@OrtfNews\" \/>\n<meta name=\"twitter:site\" content=\"@OrtfNews\" \/>\n<meta name=\"twitter:label1\" content=\"\u00c9crit par\" \/>\n\t<meta name=\"twitter:data1\" content=\"admin5851\" \/>\n\t<meta name=\"twitter:label2\" content=\"Dur\u00e9e de lecture estim\u00e9e\" \/>\n\t<meta name=\"twitter:data2\" content=\"1 minute\" \/>\n<script type=\"application\/ld+json\" class=\"yoast-schema-graph\">{\"@context\":\"https:\\\/\\\/schema.org\",\"@graph\":[{\"@type\":\"Article\",\"@id\":\"https:\\\/\\\/webtube.fr\\\/index.php\\\/2023\\\/11\\\/30\\\/linterview-politique-integrale-deric-zemmour-sur-rmc\\\/#article\",\"isPartOf\":{\"@id\":\"https:\\\/\\\/webtube.fr\\\/index.php\\\/2023\\\/11\\\/30\\\/linterview-politique-integrale-deric-zemmour-sur-rmc\\\/\"},\"author\":{\"name\":\"admin5851\",\"@id\":\"https:\\\/\\\/webtube.fr\\\/#\\\/schema\\\/person\\\/dcc633686e0e2a79a6bf7b92c9507618\"},\"headline\":\". L&rsquo;interview politique int\u00e9grale d&rsquo;Eric Zemmour sur RMC.\",\"datePublished\":\"2023-11-30T10:02:30+00:00\",\"mainEntityOfPage\":{\"@id\":\"https:\\\/\\\/webtube.fr\\\/index.php\\\/2023\\\/11\\\/30\\\/linterview-politique-integrale-deric-zemmour-sur-rmc\\\/\"},\"wordCount\":225,\"commentCount\":0,\"publisher\":{\"@id\":\"https:\\\/\\\/webtube.fr\\\/#organization\"},\"image\":{\"@id\":\"https:\\\/\\\/webtube.fr\\\/index.php\\\/2023\\\/11\\\/30\\\/linterview-politique-integrale-deric-zemmour-sur-rmc\\\/#primaryimage\"},\"thumbnailUrl\":\"https:\\\/\\\/i.ytimg.com\\\/vi\\\/bwxBRItKfsk\\\/maxresdefault.jpg\",\"articleSection\":[\"Uncategorized\"],\"inLanguage\":\"fr-FR\",\"potentialAction\":[{\"@type\":\"CommentAction\",\"name\":\"Comment\",\"target\":[\"https:\\\/\\\/webtube.fr\\\/index.php\\\/2023\\\/11\\\/30\\\/linterview-politique-integrale-deric-zemmour-sur-rmc\\\/#respond\"]}]},{\"@type\":\"WebPage\",\"@id\":\"https:\\\/\\\/webtube.fr\\\/index.php\\\/2023\\\/11\\\/30\\\/linterview-politique-integrale-deric-zemmour-sur-rmc\\\/\",\"url\":\"https:\\\/\\\/webtube.fr\\\/index.php\\\/2023\\\/11\\\/30\\\/linterview-politique-integrale-deric-zemmour-sur-rmc\\\/\",\"name\":\". L'interview politique int\u00e9grale d'Eric Zemmour sur RMC. - # WEBTUBE.fr\",\"isPartOf\":{\"@id\":\"https:\\\/\\\/webtube.fr\\\/#website\"},\"primaryImageOfPage\":{\"@id\":\"https:\\\/\\\/webtube.fr\\\/index.php\\\/2023\\\/11\\\/30\\\/linterview-politique-integrale-deric-zemmour-sur-rmc\\\/#primaryimage\"},\"image\":{\"@id\":\"https:\\\/\\\/webtube.fr\\\/index.php\\\/2023\\\/11\\\/30\\\/linterview-politique-integrale-deric-zemmour-sur-rmc\\\/#primaryimage\"},\"thumbnailUrl\":\"https:\\\/\\\/i.ytimg.com\\\/vi\\\/bwxBRItKfsk\\\/maxresdefault.jpg\",\"datePublished\":\"2023-11-30T10:02:30+00:00\",\"breadcrumb\":{\"@id\":\"https:\\\/\\\/webtube.fr\\\/index.php\\\/2023\\\/11\\\/30\\\/linterview-politique-integrale-deric-zemmour-sur-rmc\\\/#breadcrumb\"},\"inLanguage\":\"fr-FR\",\"potentialAction\":[{\"@type\":\"ReadAction\",\"target\":[\"https:\\\/\\\/webtube.fr\\\/index.php\\\/2023\\\/11\\\/30\\\/linterview-politique-integrale-deric-zemmour-sur-rmc\\\/\"]}]},{\"@type\":\"ImageObject\",\"inLanguage\":\"fr-FR\",\"@id\":\"https:\\\/\\\/webtube.fr\\\/index.php\\\/2023\\\/11\\\/30\\\/linterview-politique-integrale-deric-zemmour-sur-rmc\\\/#primaryimage\",\"url\":\"https:\\\/\\\/i.ytimg.com\\\/vi\\\/bwxBRItKfsk\\\/maxresdefault.jpg\",\"contentUrl\":\"https:\\\/\\\/i.ytimg.com\\\/vi\\\/bwxBRItKfsk\\\/maxresdefault.jpg\"},{\"@type\":\"BreadcrumbList\",\"@id\":\"https:\\\/\\\/webtube.fr\\\/index.php\\\/2023\\\/11\\\/30\\\/linterview-politique-integrale-deric-zemmour-sur-rmc\\\/#breadcrumb\",\"itemListElement\":[{\"@type\":\"ListItem\",\"position\":1,\"name\":\"Accueil\",\"item\":\"https:\\\/\\\/webtube.fr\\\/\"},{\"@type\":\"ListItem\",\"position\":2,\"name\":\". L&rsquo;interview politique int\u00e9grale d&rsquo;Eric Zemmour sur RMC.\"}]},{\"@type\":\"WebSite\",\"@id\":\"https:\\\/\\\/webtube.fr\\\/#website\",\"url\":\"https:\\\/\\\/webtube.fr\\\/\",\"name\":\"WEBTUBE\",\"description\":\"WEBTUBE.fr  Streaming Vid\u00e9o and News , toutes les infos sans filtres !\",\"publisher\":{\"@id\":\"https:\\\/\\\/webtube.fr\\\/#organization\"},\"alternateName\":\"Rutube\",\"potentialAction\":[{\"@type\":\"SearchAction\",\"target\":{\"@type\":\"EntryPoint\",\"urlTemplate\":\"https:\\\/\\\/webtube.fr\\\/?s={search_term_string}\"},\"query-input\":{\"@type\":\"PropertyValueSpecification\",\"valueRequired\":true,\"valueName\":\"search_term_string\"}}],\"inLanguage\":\"fr-FR\"},{\"@type\":\"Organization\",\"@id\":\"https:\\\/\\\/webtube.fr\\\/#organization\",\"name\":\"# WEBTUBE.fr\",\"url\":\"https:\\\/\\\/webtube.fr\\\/\",\"logo\":{\"@type\":\"ImageObject\",\"inLanguage\":\"fr-FR\",\"@id\":\"https:\\\/\\\/webtube.fr\\\/#\\\/schema\\\/logo\\\/image\\\/\",\"url\":\"https:\\\/\\\/webtube.fr\\\/wp-content\\\/uploads\\\/2025\\\/09\\\/cropped-Logo_webtubeIA-1.jpg\",\"contentUrl\":\"https:\\\/\\\/webtube.fr\\\/wp-content\\\/uploads\\\/2025\\\/09\\\/cropped-Logo_webtubeIA-1.jpg\",\"width\":240,\"height\":240,\"caption\":\"# WEBTUBE.fr\"},\"image\":{\"@id\":\"https:\\\/\\\/webtube.fr\\\/#\\\/schema\\\/logo\\\/image\\\/\"},\"sameAs\":[\"https:\\\/\\\/www.facebook.com\\\/profile.php?id=100069673161887\",\"https:\\\/\\\/x.com\\\/OrtfNews\",\"https:\\\/\\\/www.facebook.com\\\/profile.php?id=100013751440523\"]},{\"@type\":\"Person\",\"@id\":\"https:\\\/\\\/webtube.fr\\\/#\\\/schema\\\/person\\\/dcc633686e0e2a79a6bf7b92c9507618\",\"name\":\"admin5851\",\"image\":{\"@type\":\"ImageObject\",\"inLanguage\":\"fr-FR\",\"@id\":\"https:\\\/\\\/secure.gravatar.com\\\/avatar\\\/ea1b672a827879c0febb022a108a871292b3d08fadc66a0a43fa47acfe82e38a?s=96&d=mm&r=g\",\"url\":\"https:\\\/\\\/secure.gravatar.com\\\/avatar\\\/ea1b672a827879c0febb022a108a871292b3d08fadc66a0a43fa47acfe82e38a?s=96&d=mm&r=g\",\"contentUrl\":\"https:\\\/\\\/secure.gravatar.com\\\/avatar\\\/ea1b672a827879c0febb022a108a871292b3d08fadc66a0a43fa47acfe82e38a?s=96&d=mm&r=g\",\"caption\":\"admin5851\"},\"sameAs\":[\"http:\\\/\\\/linlcju.cluster100.hosting.ovh.net\"],\"url\":\"https:\\\/\\\/webtube.fr\\\/index.php\\\/author\\\/admin5851\\\/\"}]}<\/script>\n<!-- \/ Yoast SEO plugin. -->","yoast_head_json":{"title":". L'interview politique int\u00e9grale d'Eric Zemmour sur RMC. - # WEBTUBE.fr","robots":{"index":"index","follow":"follow","max-snippet":"max-snippet:-1","max-image-preview":"max-image-preview:large","max-video-preview":"max-video-preview:-1"},"canonical":"https:\/\/webtube.fr\/index.php\/2023\/11\/30\/linterview-politique-integrale-deric-zemmour-sur-rmc\/","og_locale":"fr_FR","og_type":"article","og_title":". L'interview politique int\u00e9grale d'Eric Zemmour sur RMC. - # WEBTUBE.fr","og_description":"Articles \u00a0\u00a0\u00a0 : Nov. 2023 &#8211; Oct. 2023 &#8211; Sept 2023 &#8211; Aout 2023 &#8211; Facebook\u00a0:\u00a0https:\/\/www.facebook.com\/profile.php?id=100069673161887 Twitter : https:\/\/twitter.com\/OrtfNews ++ WEBTUBE : Tous les matins, Apolline de Malherbe re\u00e7oit chaque jour la personnalit\u00e9 qui fait l\u2019actualit\u00e9 dans son \u00ab\u00a0Face \u00e0 face\u00a0\u00bb. Politiques, femmes et hommes issus de la soci\u00e9t\u00e9 civile, grands patrons\u2026 se succ\u00e9deront \u00e0 &hellip; Continuer la lecture de &laquo;&nbsp;. L&rsquo;interview politique int\u00e9grale d&rsquo;Eric Zemmour sur RMC.&nbsp;&raquo;","og_url":"https:\/\/webtube.fr\/index.php\/2023\/11\/30\/linterview-politique-integrale-deric-zemmour-sur-rmc\/","og_site_name":"# WEBTUBE.fr","article_publisher":"https:\/\/www.facebook.com\/profile.php?id=100069673161887","article_published_time":"2023-11-30T10:02:30+00:00","og_image":[{"url":"https:\/\/i.ytimg.com\/vi\/bwxBRItKfsk\/maxresdefault.jpg","type":"","width":"","height":""}],"author":"admin5851","twitter_card":"summary_large_image","twitter_creator":"@OrtfNews","twitter_site":"@OrtfNews","twitter_misc":{"\u00c9crit par":"admin5851","Dur\u00e9e de lecture estim\u00e9e":"1 minute"},"schema":{"@context":"https:\/\/schema.org","@graph":[{"@type":"Article","@id":"https:\/\/webtube.fr\/index.php\/2023\/11\/30\/linterview-politique-integrale-deric-zemmour-sur-rmc\/#article","isPartOf":{"@id":"https:\/\/webtube.fr\/index.php\/2023\/11\/30\/linterview-politique-integrale-deric-zemmour-sur-rmc\/"},"author":{"name":"admin5851","@id":"https:\/\/webtube.fr\/#\/schema\/person\/dcc633686e0e2a79a6bf7b92c9507618"},"headline":". L&rsquo;interview politique int\u00e9grale d&rsquo;Eric Zemmour sur RMC.","datePublished":"2023-11-30T10:02:30+00:00","mainEntityOfPage":{"@id":"https:\/\/webtube.fr\/index.php\/2023\/11\/30\/linterview-politique-integrale-deric-zemmour-sur-rmc\/"},"wordCount":225,"commentCount":0,"publisher":{"@id":"https:\/\/webtube.fr\/#organization"},"image":{"@id":"https:\/\/webtube.fr\/index.php\/2023\/11\/30\/linterview-politique-integrale-deric-zemmour-sur-rmc\/#primaryimage"},"thumbnailUrl":"https:\/\/i.ytimg.com\/vi\/bwxBRItKfsk\/maxresdefault.jpg","articleSection":["Uncategorized"],"inLanguage":"fr-FR","potentialAction":[{"@type":"CommentAction","name":"Comment","target":["https:\/\/webtube.fr\/index.php\/2023\/11\/30\/linterview-politique-integrale-deric-zemmour-sur-rmc\/#respond"]}]},{"@type":"WebPage","@id":"https:\/\/webtube.fr\/index.php\/2023\/11\/30\/linterview-politique-integrale-deric-zemmour-sur-rmc\/","url":"https:\/\/webtube.fr\/index.php\/2023\/11\/30\/linterview-politique-integrale-deric-zemmour-sur-rmc\/","name":". L'interview politique int\u00e9grale d'Eric Zemmour sur RMC. - # WEBTUBE.fr","isPartOf":{"@id":"https:\/\/webtube.fr\/#website"},"primaryImageOfPage":{"@id":"https:\/\/webtube.fr\/index.php\/2023\/11\/30\/linterview-politique-integrale-deric-zemmour-sur-rmc\/#primaryimage"},"image":{"@id":"https:\/\/webtube.fr\/index.php\/2023\/11\/30\/linterview-politique-integrale-deric-zemmour-sur-rmc\/#primaryimage"},"thumbnailUrl":"https:\/\/i.ytimg.com\/vi\/bwxBRItKfsk\/maxresdefault.jpg","datePublished":"2023-11-30T10:02:30+00:00","breadcrumb":{"@id":"https:\/\/webtube.fr\/index.php\/2023\/11\/30\/linterview-politique-integrale-deric-zemmour-sur-rmc\/#breadcrumb"},"inLanguage":"fr-FR","potentialAction":[{"@type":"ReadAction","target":["https:\/\/webtube.fr\/index.php\/2023\/11\/30\/linterview-politique-integrale-deric-zemmour-sur-rmc\/"]}]},{"@type":"ImageObject","inLanguage":"fr-FR","@id":"https:\/\/webtube.fr\/index.php\/2023\/11\/30\/linterview-politique-integrale-deric-zemmour-sur-rmc\/#primaryimage","url":"https:\/\/i.ytimg.com\/vi\/bwxBRItKfsk\/maxresdefault.jpg","contentUrl":"https:\/\/i.ytimg.com\/vi\/bwxBRItKfsk\/maxresdefault.jpg"},{"@type":"BreadcrumbList","@id":"https:\/\/webtube.fr\/index.php\/2023\/11\/30\/linterview-politique-integrale-deric-zemmour-sur-rmc\/#breadcrumb","itemListElement":[{"@type":"ListItem","position":1,"name":"Accueil","item":"https:\/\/webtube.fr\/"},{"@type":"ListItem","position":2,"name":". L&rsquo;interview politique int\u00e9grale d&rsquo;Eric Zemmour sur RMC."}]},{"@type":"WebSite","@id":"https:\/\/webtube.fr\/#website","url":"https:\/\/webtube.fr\/","name":"WEBTUBE","description":"WEBTUBE.fr  Streaming Vid\u00e9o and News , toutes les infos sans filtres !","publisher":{"@id":"https:\/\/webtube.fr\/#organization"},"alternateName":"Rutube","potentialAction":[{"@type":"SearchAction","target":{"@type":"EntryPoint","urlTemplate":"https:\/\/webtube.fr\/?s={search_term_string}"},"query-input":{"@type":"PropertyValueSpecification","valueRequired":true,"valueName":"search_term_string"}}],"inLanguage":"fr-FR"},{"@type":"Organization","@id":"https:\/\/webtube.fr\/#organization","name":"# WEBTUBE.fr","url":"https:\/\/webtube.fr\/","logo":{"@type":"ImageObject","inLanguage":"fr-FR","@id":"https:\/\/webtube.fr\/#\/schema\/logo\/image\/","url":"https:\/\/webtube.fr\/wp-content\/uploads\/2025\/09\/cropped-Logo_webtubeIA-1.jpg","contentUrl":"https:\/\/webtube.fr\/wp-content\/uploads\/2025\/09\/cropped-Logo_webtubeIA-1.jpg","width":240,"height":240,"caption":"# WEBTUBE.fr"},"image":{"@id":"https:\/\/webtube.fr\/#\/schema\/logo\/image\/"},"sameAs":["https:\/\/www.facebook.com\/profile.php?id=100069673161887","https:\/\/x.com\/OrtfNews","https:\/\/www.facebook.com\/profile.php?id=100013751440523"]},{"@type":"Person","@id":"https:\/\/webtube.fr\/#\/schema\/person\/dcc633686e0e2a79a6bf7b92c9507618","name":"admin5851","image":{"@type":"ImageObject","inLanguage":"fr-FR","@id":"https:\/\/secure.gravatar.com\/avatar\/ea1b672a827879c0febb022a108a871292b3d08fadc66a0a43fa47acfe82e38a?s=96&d=mm&r=g","url":"https:\/\/secure.gravatar.com\/avatar\/ea1b672a827879c0febb022a108a871292b3d08fadc66a0a43fa47acfe82e38a?s=96&d=mm&r=g","contentUrl":"https:\/\/secure.gravatar.com\/avatar\/ea1b672a827879c0febb022a108a871292b3d08fadc66a0a43fa47acfe82e38a?s=96&d=mm&r=g","caption":"admin5851"},"sameAs":["http:\/\/linlcju.cluster100.hosting.ovh.net"],"url":"https:\/\/webtube.fr\/index.php\/author\/admin5851\/"}]}},"jetpack_featured_media_url":"","jetpack_sharing_enabled":true,"_links":{"self":[{"href":"https:\/\/webtube.fr\/index.php\/wp-json\/wp\/v2\/posts\/24429","targetHints":{"allow":["GET"]}}],"collection":[{"href":"https:\/\/webtube.fr\/index.php\/wp-json\/wp\/v2\/posts"}],"about":[{"href":"https:\/\/webtube.fr\/index.php\/wp-json\/wp\/v2\/types\/post"}],"author":[{"embeddable":true,"href":"https:\/\/webtube.fr\/index.php\/wp-json\/wp\/v2\/users\/1"}],"replies":[{"embeddable":true,"href":"https:\/\/webtube.fr\/index.php\/wp-json\/wp\/v2\/comments?post=24429"}],"version-history":[{"count":0,"href":"https:\/\/webtube.fr\/index.php\/wp-json\/wp\/v2\/posts\/24429\/revisions"}],"wp:attachment":[{"href":"https:\/\/webtube.fr\/index.php\/wp-json\/wp\/v2\/media?parent=24429"}],"wp:term":[{"taxonomy":"category","embeddable":true,"href":"https:\/\/webtube.fr\/index.php\/wp-json\/wp\/v2\/categories?post=24429"},{"taxonomy":"post_tag","embeddable":true,"href":"https:\/\/webtube.fr\/index.php\/wp-json\/wp\/v2\/tags?post=24429"}],"curies":[{"name":"wp","href":"https:\/\/api.w.org\/{rel}","templated":true}]}}