{"id":24427,"date":"2023-11-30T05:33:12","date_gmt":"2023-11-30T05:33:12","guid":{"rendered":"http:\/\/13.36.34.64\/?p=24427"},"modified":"2023-11-30T05:33:12","modified_gmt":"2023-11-30T05:33:12","slug":"elle-placarde-des-affiches-pour-thomas-et-finit-en-garde-a-vue","status":"publish","type":"post","link":"https:\/\/webtube.fr\/index.php\/2023\/11\/30\/elle-placarde-des-affiches-pour-thomas-et-finit-en-garde-a-vue\/","title":{"rendered":". Elle placarde des affiches pour Thomas et finit en garde \u00e0 vue"},"content":{"rendered":"\n<figure><iframe loading=\"lazy\" width=\"800\" height=\"200\" src=\"http:\/\/rutubes.free.fr\/RutubeEmule-island.html\" frameborder=\"N\" scrolling=\"no\"><\/iframe><\/figure>\n\n\n\n<p>Articles \u00a0\u00a0\u00a0 : <a href=\"https:\/\/webtube.fr\/2023\/11\/\" target=\"_blank\" rel=\"noreferrer noopener\">Nov. 2023<\/a> &#8211; <a href=\"http:\/\/rutube.fr\/2023\/10\/\" target=\"_blank\" rel=\"noreferrer noopener\">Oct. 2023<\/a> &#8211; <a href=\"http:\/\/rutube.fr\/2023\/09\/\" target=\"_blank\" rel=\"noreferrer noopener\">Sept 2023<\/a> &#8211; <a href=\"http:\/\/rutube.fr\/2023\/08\/\" target=\"_blank\" rel=\"noreferrer noopener\">Aout 2023<\/a> &#8211; Facebook\u00a0:\u00a0<a href=\"https:\/\/www.facebook.com\/profile.php?id=100069673161887\">https:\/\/www.facebook.com\/profile.php?id=100069673161887<\/a> Twitter : <a href=\"https:\/\/twitter.com\/OrtfNews\" target=\"_blank\" rel=\"noreferrer noopener\">https:\/\/twitter.com\/OrtfNews<\/a><\/p>\n\n\n\n<figure class=\"wp-block-image size-large\"><img decoding=\"async\" src=\"https:\/\/media.bvoltaire.fr\/file\/Bvoltaire\/2023\/11\/Capture-decran-2023-11-23-a-22.33.37-845x475.png\" alt=\"\"\/><\/figure>\n\n\n\n<p><strong>++ WEBTUBE<\/strong> : <em>Depuis le samedi 18 novembre, la France pleure Thomas. Partout, des rassemblements s\u2019organisent pour rendre hommage au jeune rugbyman tu\u00e9 \u00e0 Cr\u00e9pol (Dr\u00f4me). Apr\u00e8s\u00a0<a href=\"https:\/\/www.bvoltaire.fr\/hommage-a-thomas-la-gauche-a-peur-mais-de-quoi\/\" target=\"_blank\" rel=\"noreferrer noopener\">Aix-en-Provence<\/a>, Romans-sur-Is\u00e8re ou encore Annecy, c\u2019est \u00e0 Lyon que plusieurs organisations envisageaient de se rassembler, ce lundi 27 novembre, pour saluer la m\u00e9moire du jeune homme. Malgr\u00e9 l\u2019interdiction de la pr\u00e9fecture, plusieurs centaines de jeunes ont d\u00e9fil\u00e9 sur la presqu\u2019\u00eele lyonnaise aux cris de\u00a0\u00ab Justice pour Thomas \u00bb. Rapidement, le rassemblement est dispers\u00e9. Au m\u00eame moment, en p\u00e9riph\u00e9rie et dans les rues du Vieux Lyon, Chlo\u00e9, 26 ans, et son fianc\u00e9 retrouvent six amis et d\u00e9butent un collage sauvage en hommage \u00e0 Thomas. Trois heures plus tard, interpell\u00e9s en flagrant d\u00e9lit, ils finissent au poste, plac\u00e9s en garde \u00e0 vue. Elle n\u2019en ressortira que vingt heures plus tard.<\/em> <strong>La suite ci-dessous : <\/strong><\/p>\n\n\n\n<p><strong>Provocation \u00e0 la haine raciale<\/strong><\/p>\n\n\n\n<p><em>\u00ab&nbsp;On a trouv\u00e9 injuste que la manifestation en hommage \u00e0 Thomas soit interdite par la pr\u00e9fecture \u00bb<\/em>, raconte Chlo\u00e9 \u00e0&nbsp;<em>BV<\/em>. La jeune femme, bien que r\u00e9volt\u00e9e par la mort du jeune homme, d\u00e9cide malgr\u00e9 tout de ne pas participer au rassemblement interdit.&nbsp;<em>\u00ab Je ne voulais pas m\u2019y rendre parce que je ne voulais pas finir en garde \u00e0 vue. On n\u2019avait pas envie de jouer avec le feu\u2026 \u00bb<\/em>, explique-t-elle. Alors, avec un petit groupe d\u2019amis, elle s\u2019organise pour imprimer des affiches \u00e0 la m\u00e9moire de Thomas et acheter le mat\u00e9riel n\u00e9cessaire pour les coller.&nbsp;<em>\u00ab Comme la manifestation \u00e9tait interdite, on voulait marquer le coup avec une action pacifique \u00bb<\/em>, d\u00e9taille Chlo\u00e9. Vers 21 h 30, le groupe commence \u00e0 coller leurs affiches aux slogans accrocheurs (<em>\u00ab Thomas, 16 ans, tu\u00e9 par des barbares \u00bb<\/em>,&nbsp;<em>\u00ab Thomas tu\u00e9 parce que blanc \u00bb<\/em>,&nbsp;<em>\u00ab Thomas, Lola et demain toi \u00bb<\/em>) et taguer des murs dans la m\u00e9tropole lyonnaise. Alors que leur action prend fin, ils sont interpell\u00e9s en flagrant d\u00e9lit par les forces de l\u2019ordre, dans le V<sup>e<\/sup>&nbsp;arrondissement.&nbsp;<em>\u00ab Au d\u00e9but, ils nous ont demand\u00e9 de les suivre pour un simple contr\u00f4le d\u2019identit\u00e9 \u00bb<\/em>, se souvient Chlo\u00e9. Arriv\u00e9s au poste, les huit amis (<a href=\"https:\/\/x.com\/prefetrhone\/status\/1729370845061992854?s=20\" target=\"_blank\" rel=\"noreferrer noopener\">deux femmes et six hommes<\/a>) sont plac\u00e9s en garde \u00e0 vue.&nbsp;<em>\u00ab On n\u2019\u00e9tait pas trop inquiet. On assumait ce qu\u2019on avait fait. On s\u2019est dit qu\u2019au pire, on aurait des travaux d\u2019int\u00e9r\u00eat g\u00e9n\u00e9ral pour nettoyer les murs de la ville ou une amende \u00bb<\/em>, nous rapporte la jeune femme. Mais celle-ci d\u00e9chante rapidement.<\/p>\n\n\n<div class=\"wp-block-image\">\n<figure class=\"alignleft\"><img decoding=\"async\" src=\"https:\/\/media.bvoltaire.fr\/file\/Bvoltaire\/2023\/04\/BV-Vecteur.svg\" alt=\"\"\/><\/figure>\n<\/div>\n\n\n<p>\u00c0 ce sujet \u2014&nbsp;<a href=\"https:\/\/www.bvoltaire.fr\/hommage-a-thomas-la-gauche-a-peur-mais-de-quoi\/\">Hommage \u00e0 Thomas : La gauche a peur, mais de quoi ?<\/a><\/p>\n\n\n\n<p>Le simple contr\u00f4le d\u2019identit\u00e9 se transforme en une longue nuit au poste.&nbsp;<em>\u00ab&nbsp;Au bout de quelques heures, ils nous ont inform\u00e9s qu\u2019on \u00e9tait plac\u00e9s en garde \u00e0 vue pour 24 heures pour d\u00e9gradations de bien public en r\u00e9union et provocation publique \u00e0 la haine et \u00e0 la violence en raison de la race \u00bb<\/em>, poursuit Chlo\u00e9. Le dernier motif,&nbsp;<a href=\"https:\/\/x.com\/AmauryBucco\/status\/1729603520364523873?s=20\" target=\"_blank\" rel=\"noreferrer noopener\">confirm\u00e9 par un journaliste de&nbsp;<em>Valeurs actuelles<\/em><\/a>,&nbsp;lui parait totalement exag\u00e9r\u00e9.&nbsp;<em>\u00ab L\u00e0, on a commenc\u00e9 \u00e0 paniquer&#8230; \u00bb<\/em>, admet-elle. Au petit matin, apr\u00e8s les d\u00e9positions et le relev\u00e9 d\u2019empreintes d\u00e9butent les perquisitions. Son domicile, qu\u2019elle partage avec son fianc\u00e9, est retourn\u00e9.&nbsp;<em>\u00ab Les policiers sont tomb\u00e9s sur un coffre-fort dans un de nos placards. Il y avait environ 5.000 euros en liquide dedans. On avait mis de c\u00f4t\u00e9 cet argent, offert lors de notre mariage civil ou de notre pendaison de cr\u00e9maill\u00e8re pour la r\u00e9novation de notre maison \u00bb<\/em>, s\u2019alarme la jeune femme, qui apprendra par la suite que cette somme d\u2019argent a \u00e9t\u00e9 plac\u00e9e sous scell\u00e9. Finalement, apr\u00e8s vingt heures de garde \u00e0 vue, Chlo\u00e9 est rel\u00e2ch\u00e9e et retrouve son fianc\u00e9, lib\u00e9r\u00e9 une heure plus t\u00f4t.&nbsp;<em>\u00ab Deux de nos amis sont toujours retenus<\/em>, nous informe-t-elle.&nbsp;<em>Je ne sais pas pourquoi leur garde \u00e0 vue a \u00e9t\u00e9 prolong\u00e9e. \u00bb<\/em><\/p>\n\n\n\n<p><strong>Cagnotte de soutien<\/strong><\/p>\n\n\n\n<p>Remise de ses \u00e9motions, la jeune femme ne comprend toujours pas la tournure des \u00e9v\u00e9nements.\u00a0<em>\u00ab\u00a0Pendant toute notre garde \u00e0 vue, la police a \u00e9t\u00e9 tr\u00e8s bienveillante. On voyait bien que les agents ne comprenaient pas pourquoi la proc\u00e9dure habituelle en cas de collage sauvage n\u2019\u00e9tait pas appliqu\u00e9e dans notre cas. Je pense que le parquet voulait faire de nous un exemple \u00bb<\/em>, r\u00e9sume-t-elle aupr\u00e8s de\u00a0<em>BV<\/em>.\u00a0<em>\u00ab Notre avocat \u00e9galement consid\u00e8re que tout cela est disproportionn\u00e9\u00a0\u00bb<\/em>, ajoute Chlo\u00e9. Gr\u00e2ce \u00e0 l\u2019association de soutien aux lanceurs d\u2019alerte (ASLA), le jeune couple a lanc\u00e9 une cagnotte pour anticiper les possibles frais judiciaires \u00e0 venir.\u00a0<em>\u00ab\u00a0Pour le moment, nous ne savons pas quelles seront les suites judiciaires de cette affaire\u00a0\u00bb<\/em>, conclut Chlo\u00e9.<\/p>\n\n\n\n<p><a href=\"https:\/\/www.bvoltaire.fr\/auteur\/clemencedelongraye\/\">Cl\u00e9mence de Longraye<\/a>, Boulevard Voltaire<\/p>\n\n\n\n<figure><iframe loading=\"lazy\" width=\"800\" height=\"200\" src=\"http:\/\/rutubes.free.fr\/RutubeEmule-island.html\" frameborder=\"N\" scrolling=\"no\"><\/iframe><\/figure>\n\n<!-- AFS Analytics V7- Web Analytics 7.0 -->\n<script type='text\/javascript'>\n(function(i,s,o,g,r,a,m){i['AfsAnalyticsObject']=r;i[r]=i[r]||function(){(i[r].q=i[r].q||[]).push(arguments)},i[r].l=1*new Date();a=s.createElement(o),m=s.getElementsByTagName(o)[0];a.async=1;a.src=g;m.parentNode.insertBefore(a,m)})(window,document,'script','\/\/code.afsanalytics.com\/js2\/analytics.js','aa');\naa('create', '00636949','auto');\naa('set', 'autotrack', 'on');\naa('set', 'autotrack.iframe', 'dataset');\naa('send', 'pageview');\n<\/script>\n<!-- End AFS Analytics -->\n","protected":false},"excerpt":{"rendered":"<p>Articles \u00a0\u00a0\u00a0 : Nov. 2023 &#8211; Oct. 2023 &#8211; Sept 2023 &#8211; Aout 2023 &#8211; Facebook\u00a0:\u00a0https:\/\/www.facebook.com\/profile.php?id=100069673161887 Twitter : https:\/\/twitter.com\/OrtfNews ++ WEBTUBE : Depuis le samedi 18 novembre, la France pleure Thomas. Partout, des rassemblements s\u2019organisent pour rendre hommage au jeune rugbyman tu\u00e9 \u00e0 Cr\u00e9pol (Dr\u00f4me). Apr\u00e8s\u00a0Aix-en-Provence, Romans-sur-Is\u00e8re ou encore Annecy, c\u2019est \u00e0 Lyon que plusieurs &hellip; <a href=\"https:\/\/webtube.fr\/index.php\/2023\/11\/30\/elle-placarde-des-affiches-pour-thomas-et-finit-en-garde-a-vue\/\" class=\"more-link\">Continuer la lecture<span class=\"screen-reader-text\"> de &laquo;&nbsp;. Elle placarde des affiches pour Thomas et finit en garde \u00e0 vue&nbsp;&raquo;<\/span><\/a><\/p>\n","protected":false},"author":1,"featured_media":0,"comment_status":"open","ping_status":"open","sticky":false,"template":"","format":"standard","meta":{"_jetpack_memberships_contains_paid_content":false,"footnotes":""},"categories":[1],"tags":[],"class_list":["post-24427","post","type-post","status-publish","format-standard","hentry","category-uncategorized"],"yoast_head":"<!-- This site is optimized with the Yoast SEO plugin v27.3 - https:\/\/yoast.com\/product\/yoast-seo-wordpress\/ -->\n<title>. Elle placarde des affiches pour Thomas et finit en garde \u00e0 vue - # WEBTUBE.fr<\/title>\n<meta name=\"robots\" content=\"index, follow, max-snippet:-1, max-image-preview:large, max-video-preview:-1\" \/>\n<link rel=\"canonical\" href=\"https:\/\/webtube.fr\/index.php\/2023\/11\/30\/elle-placarde-des-affiches-pour-thomas-et-finit-en-garde-a-vue\/\" \/>\n<meta property=\"og:locale\" content=\"fr_FR\" \/>\n<meta property=\"og:type\" content=\"article\" \/>\n<meta property=\"og:title\" content=\". Elle placarde des affiches pour Thomas et finit en garde \u00e0 vue - # WEBTUBE.fr\" \/>\n<meta property=\"og:description\" content=\"Articles \u00a0\u00a0\u00a0 : Nov. 2023 &#8211; Oct. 2023 &#8211; Sept 2023 &#8211; Aout 2023 &#8211; Facebook\u00a0:\u00a0https:\/\/www.facebook.com\/profile.php?id=100069673161887 Twitter : https:\/\/twitter.com\/OrtfNews ++ WEBTUBE : Depuis le samedi 18 novembre, la France pleure Thomas. Partout, des rassemblements s\u2019organisent pour rendre hommage au jeune rugbyman tu\u00e9 \u00e0 Cr\u00e9pol (Dr\u00f4me). Apr\u00e8s\u00a0Aix-en-Provence, Romans-sur-Is\u00e8re ou encore Annecy, c\u2019est \u00e0 Lyon que plusieurs &hellip; Continuer la lecture de &laquo;&nbsp;. Elle placarde des affiches pour Thomas et finit en garde \u00e0 vue&nbsp;&raquo;\" \/>\n<meta property=\"og:url\" content=\"https:\/\/webtube.fr\/index.php\/2023\/11\/30\/elle-placarde-des-affiches-pour-thomas-et-finit-en-garde-a-vue\/\" \/>\n<meta property=\"og:site_name\" content=\"# WEBTUBE.fr\" \/>\n<meta property=\"article:publisher\" content=\"https:\/\/www.facebook.com\/profile.php?id=100069673161887\" \/>\n<meta property=\"article:published_time\" content=\"2023-11-30T05:33:12+00:00\" \/>\n<meta property=\"og:image\" content=\"https:\/\/media.bvoltaire.fr\/file\/Bvoltaire\/2023\/11\/Capture-decran-2023-11-23-a-22.33.37-845x475.png\" \/>\n<meta name=\"author\" content=\"admin5851\" \/>\n<meta name=\"twitter:card\" content=\"summary_large_image\" \/>\n<meta name=\"twitter:creator\" content=\"@OrtfNews\" \/>\n<meta name=\"twitter:site\" content=\"@OrtfNews\" \/>\n<meta name=\"twitter:label1\" content=\"\u00c9crit par\" \/>\n\t<meta name=\"twitter:data1\" content=\"admin5851\" \/>\n\t<meta name=\"twitter:label2\" content=\"Dur\u00e9e de lecture estim\u00e9e\" \/>\n\t<meta name=\"twitter:data2\" content=\"4 minutes\" \/>\n<script type=\"application\/ld+json\" class=\"yoast-schema-graph\">{\"@context\":\"https:\\\/\\\/schema.org\",\"@graph\":[{\"@type\":\"Article\",\"@id\":\"https:\\\/\\\/webtube.fr\\\/index.php\\\/2023\\\/11\\\/30\\\/elle-placarde-des-affiches-pour-thomas-et-finit-en-garde-a-vue\\\/#article\",\"isPartOf\":{\"@id\":\"https:\\\/\\\/webtube.fr\\\/index.php\\\/2023\\\/11\\\/30\\\/elle-placarde-des-affiches-pour-thomas-et-finit-en-garde-a-vue\\\/\"},\"author\":{\"name\":\"admin5851\",\"@id\":\"https:\\\/\\\/webtube.fr\\\/#\\\/schema\\\/person\\\/dcc633686e0e2a79a6bf7b92c9507618\"},\"headline\":\". Elle placarde des affiches pour Thomas et finit en garde \u00e0 vue\",\"datePublished\":\"2023-11-30T05:33:12+00:00\",\"mainEntityOfPage\":{\"@id\":\"https:\\\/\\\/webtube.fr\\\/index.php\\\/2023\\\/11\\\/30\\\/elle-placarde-des-affiches-pour-thomas-et-finit-en-garde-a-vue\\\/\"},\"wordCount\":838,\"commentCount\":0,\"publisher\":{\"@id\":\"https:\\\/\\\/webtube.fr\\\/#organization\"},\"image\":{\"@id\":\"https:\\\/\\\/webtube.fr\\\/index.php\\\/2023\\\/11\\\/30\\\/elle-placarde-des-affiches-pour-thomas-et-finit-en-garde-a-vue\\\/#primaryimage\"},\"thumbnailUrl\":\"https:\\\/\\\/media.bvoltaire.fr\\\/file\\\/Bvoltaire\\\/2023\\\/11\\\/Capture-decran-2023-11-23-a-22.33.37-845x475.png\",\"articleSection\":[\"Uncategorized\"],\"inLanguage\":\"fr-FR\",\"potentialAction\":[{\"@type\":\"CommentAction\",\"name\":\"Comment\",\"target\":[\"https:\\\/\\\/webtube.fr\\\/index.php\\\/2023\\\/11\\\/30\\\/elle-placarde-des-affiches-pour-thomas-et-finit-en-garde-a-vue\\\/#respond\"]}]},{\"@type\":\"WebPage\",\"@id\":\"https:\\\/\\\/webtube.fr\\\/index.php\\\/2023\\\/11\\\/30\\\/elle-placarde-des-affiches-pour-thomas-et-finit-en-garde-a-vue\\\/\",\"url\":\"https:\\\/\\\/webtube.fr\\\/index.php\\\/2023\\\/11\\\/30\\\/elle-placarde-des-affiches-pour-thomas-et-finit-en-garde-a-vue\\\/\",\"name\":\". Elle placarde des affiches pour Thomas et finit en garde \u00e0 vue - # WEBTUBE.fr\",\"isPartOf\":{\"@id\":\"https:\\\/\\\/webtube.fr\\\/#website\"},\"primaryImageOfPage\":{\"@id\":\"https:\\\/\\\/webtube.fr\\\/index.php\\\/2023\\\/11\\\/30\\\/elle-placarde-des-affiches-pour-thomas-et-finit-en-garde-a-vue\\\/#primaryimage\"},\"image\":{\"@id\":\"https:\\\/\\\/webtube.fr\\\/index.php\\\/2023\\\/11\\\/30\\\/elle-placarde-des-affiches-pour-thomas-et-finit-en-garde-a-vue\\\/#primaryimage\"},\"thumbnailUrl\":\"https:\\\/\\\/media.bvoltaire.fr\\\/file\\\/Bvoltaire\\\/2023\\\/11\\\/Capture-decran-2023-11-23-a-22.33.37-845x475.png\",\"datePublished\":\"2023-11-30T05:33:12+00:00\",\"breadcrumb\":{\"@id\":\"https:\\\/\\\/webtube.fr\\\/index.php\\\/2023\\\/11\\\/30\\\/elle-placarde-des-affiches-pour-thomas-et-finit-en-garde-a-vue\\\/#breadcrumb\"},\"inLanguage\":\"fr-FR\",\"potentialAction\":[{\"@type\":\"ReadAction\",\"target\":[\"https:\\\/\\\/webtube.fr\\\/index.php\\\/2023\\\/11\\\/30\\\/elle-placarde-des-affiches-pour-thomas-et-finit-en-garde-a-vue\\\/\"]}]},{\"@type\":\"ImageObject\",\"inLanguage\":\"fr-FR\",\"@id\":\"https:\\\/\\\/webtube.fr\\\/index.php\\\/2023\\\/11\\\/30\\\/elle-placarde-des-affiches-pour-thomas-et-finit-en-garde-a-vue\\\/#primaryimage\",\"url\":\"https:\\\/\\\/media.bvoltaire.fr\\\/file\\\/Bvoltaire\\\/2023\\\/11\\\/Capture-decran-2023-11-23-a-22.33.37-845x475.png\",\"contentUrl\":\"https:\\\/\\\/media.bvoltaire.fr\\\/file\\\/Bvoltaire\\\/2023\\\/11\\\/Capture-decran-2023-11-23-a-22.33.37-845x475.png\"},{\"@type\":\"BreadcrumbList\",\"@id\":\"https:\\\/\\\/webtube.fr\\\/index.php\\\/2023\\\/11\\\/30\\\/elle-placarde-des-affiches-pour-thomas-et-finit-en-garde-a-vue\\\/#breadcrumb\",\"itemListElement\":[{\"@type\":\"ListItem\",\"position\":1,\"name\":\"Accueil\",\"item\":\"https:\\\/\\\/webtube.fr\\\/\"},{\"@type\":\"ListItem\",\"position\":2,\"name\":\". Elle placarde des affiches pour Thomas et finit en garde \u00e0 vue\"}]},{\"@type\":\"WebSite\",\"@id\":\"https:\\\/\\\/webtube.fr\\\/#website\",\"url\":\"https:\\\/\\\/webtube.fr\\\/\",\"name\":\"WEBTUBE\",\"description\":\"WEBTUBE.fr  Streaming Vid\u00e9o and News , toutes les infos sans filtres !\",\"publisher\":{\"@id\":\"https:\\\/\\\/webtube.fr\\\/#organization\"},\"alternateName\":\"Rutube\",\"potentialAction\":[{\"@type\":\"SearchAction\",\"target\":{\"@type\":\"EntryPoint\",\"urlTemplate\":\"https:\\\/\\\/webtube.fr\\\/?s={search_term_string}\"},\"query-input\":{\"@type\":\"PropertyValueSpecification\",\"valueRequired\":true,\"valueName\":\"search_term_string\"}}],\"inLanguage\":\"fr-FR\"},{\"@type\":\"Organization\",\"@id\":\"https:\\\/\\\/webtube.fr\\\/#organization\",\"name\":\"# WEBTUBE.fr\",\"url\":\"https:\\\/\\\/webtube.fr\\\/\",\"logo\":{\"@type\":\"ImageObject\",\"inLanguage\":\"fr-FR\",\"@id\":\"https:\\\/\\\/webtube.fr\\\/#\\\/schema\\\/logo\\\/image\\\/\",\"url\":\"https:\\\/\\\/webtube.fr\\\/wp-content\\\/uploads\\\/2025\\\/09\\\/cropped-Logo_webtubeIA-1.jpg\",\"contentUrl\":\"https:\\\/\\\/webtube.fr\\\/wp-content\\\/uploads\\\/2025\\\/09\\\/cropped-Logo_webtubeIA-1.jpg\",\"width\":240,\"height\":240,\"caption\":\"# WEBTUBE.fr\"},\"image\":{\"@id\":\"https:\\\/\\\/webtube.fr\\\/#\\\/schema\\\/logo\\\/image\\\/\"},\"sameAs\":[\"https:\\\/\\\/www.facebook.com\\\/profile.php?id=100069673161887\",\"https:\\\/\\\/x.com\\\/OrtfNews\",\"https:\\\/\\\/www.facebook.com\\\/profile.php?id=100013751440523\"]},{\"@type\":\"Person\",\"@id\":\"https:\\\/\\\/webtube.fr\\\/#\\\/schema\\\/person\\\/dcc633686e0e2a79a6bf7b92c9507618\",\"name\":\"admin5851\",\"image\":{\"@type\":\"ImageObject\",\"inLanguage\":\"fr-FR\",\"@id\":\"https:\\\/\\\/secure.gravatar.com\\\/avatar\\\/ea1b672a827879c0febb022a108a871292b3d08fadc66a0a43fa47acfe82e38a?s=96&d=mm&r=g\",\"url\":\"https:\\\/\\\/secure.gravatar.com\\\/avatar\\\/ea1b672a827879c0febb022a108a871292b3d08fadc66a0a43fa47acfe82e38a?s=96&d=mm&r=g\",\"contentUrl\":\"https:\\\/\\\/secure.gravatar.com\\\/avatar\\\/ea1b672a827879c0febb022a108a871292b3d08fadc66a0a43fa47acfe82e38a?s=96&d=mm&r=g\",\"caption\":\"admin5851\"},\"sameAs\":[\"http:\\\/\\\/linlcju.cluster100.hosting.ovh.net\"],\"url\":\"https:\\\/\\\/webtube.fr\\\/index.php\\\/author\\\/admin5851\\\/\"}]}<\/script>\n<!-- \/ Yoast SEO plugin. -->","yoast_head_json":{"title":". Elle placarde des affiches pour Thomas et finit en garde \u00e0 vue - # WEBTUBE.fr","robots":{"index":"index","follow":"follow","max-snippet":"max-snippet:-1","max-image-preview":"max-image-preview:large","max-video-preview":"max-video-preview:-1"},"canonical":"https:\/\/webtube.fr\/index.php\/2023\/11\/30\/elle-placarde-des-affiches-pour-thomas-et-finit-en-garde-a-vue\/","og_locale":"fr_FR","og_type":"article","og_title":". Elle placarde des affiches pour Thomas et finit en garde \u00e0 vue - # WEBTUBE.fr","og_description":"Articles \u00a0\u00a0\u00a0 : Nov. 2023 &#8211; Oct. 2023 &#8211; Sept 2023 &#8211; Aout 2023 &#8211; Facebook\u00a0:\u00a0https:\/\/www.facebook.com\/profile.php?id=100069673161887 Twitter : https:\/\/twitter.com\/OrtfNews ++ WEBTUBE : Depuis le samedi 18 novembre, la France pleure Thomas. Partout, des rassemblements s\u2019organisent pour rendre hommage au jeune rugbyman tu\u00e9 \u00e0 Cr\u00e9pol (Dr\u00f4me). Apr\u00e8s\u00a0Aix-en-Provence, Romans-sur-Is\u00e8re ou encore Annecy, c\u2019est \u00e0 Lyon que plusieurs &hellip; Continuer la lecture de &laquo;&nbsp;. Elle placarde des affiches pour Thomas et finit en garde \u00e0 vue&nbsp;&raquo;","og_url":"https:\/\/webtube.fr\/index.php\/2023\/11\/30\/elle-placarde-des-affiches-pour-thomas-et-finit-en-garde-a-vue\/","og_site_name":"# WEBTUBE.fr","article_publisher":"https:\/\/www.facebook.com\/profile.php?id=100069673161887","article_published_time":"2023-11-30T05:33:12+00:00","og_image":[{"url":"https:\/\/media.bvoltaire.fr\/file\/Bvoltaire\/2023\/11\/Capture-decran-2023-11-23-a-22.33.37-845x475.png","type":"","width":"","height":""}],"author":"admin5851","twitter_card":"summary_large_image","twitter_creator":"@OrtfNews","twitter_site":"@OrtfNews","twitter_misc":{"\u00c9crit par":"admin5851","Dur\u00e9e de lecture estim\u00e9e":"4 minutes"},"schema":{"@context":"https:\/\/schema.org","@graph":[{"@type":"Article","@id":"https:\/\/webtube.fr\/index.php\/2023\/11\/30\/elle-placarde-des-affiches-pour-thomas-et-finit-en-garde-a-vue\/#article","isPartOf":{"@id":"https:\/\/webtube.fr\/index.php\/2023\/11\/30\/elle-placarde-des-affiches-pour-thomas-et-finit-en-garde-a-vue\/"},"author":{"name":"admin5851","@id":"https:\/\/webtube.fr\/#\/schema\/person\/dcc633686e0e2a79a6bf7b92c9507618"},"headline":". Elle placarde des affiches pour Thomas et finit en garde \u00e0 vue","datePublished":"2023-11-30T05:33:12+00:00","mainEntityOfPage":{"@id":"https:\/\/webtube.fr\/index.php\/2023\/11\/30\/elle-placarde-des-affiches-pour-thomas-et-finit-en-garde-a-vue\/"},"wordCount":838,"commentCount":0,"publisher":{"@id":"https:\/\/webtube.fr\/#organization"},"image":{"@id":"https:\/\/webtube.fr\/index.php\/2023\/11\/30\/elle-placarde-des-affiches-pour-thomas-et-finit-en-garde-a-vue\/#primaryimage"},"thumbnailUrl":"https:\/\/media.bvoltaire.fr\/file\/Bvoltaire\/2023\/11\/Capture-decran-2023-11-23-a-22.33.37-845x475.png","articleSection":["Uncategorized"],"inLanguage":"fr-FR","potentialAction":[{"@type":"CommentAction","name":"Comment","target":["https:\/\/webtube.fr\/index.php\/2023\/11\/30\/elle-placarde-des-affiches-pour-thomas-et-finit-en-garde-a-vue\/#respond"]}]},{"@type":"WebPage","@id":"https:\/\/webtube.fr\/index.php\/2023\/11\/30\/elle-placarde-des-affiches-pour-thomas-et-finit-en-garde-a-vue\/","url":"https:\/\/webtube.fr\/index.php\/2023\/11\/30\/elle-placarde-des-affiches-pour-thomas-et-finit-en-garde-a-vue\/","name":". Elle placarde des affiches pour Thomas et finit en garde \u00e0 vue - # WEBTUBE.fr","isPartOf":{"@id":"https:\/\/webtube.fr\/#website"},"primaryImageOfPage":{"@id":"https:\/\/webtube.fr\/index.php\/2023\/11\/30\/elle-placarde-des-affiches-pour-thomas-et-finit-en-garde-a-vue\/#primaryimage"},"image":{"@id":"https:\/\/webtube.fr\/index.php\/2023\/11\/30\/elle-placarde-des-affiches-pour-thomas-et-finit-en-garde-a-vue\/#primaryimage"},"thumbnailUrl":"https:\/\/media.bvoltaire.fr\/file\/Bvoltaire\/2023\/11\/Capture-decran-2023-11-23-a-22.33.37-845x475.png","datePublished":"2023-11-30T05:33:12+00:00","breadcrumb":{"@id":"https:\/\/webtube.fr\/index.php\/2023\/11\/30\/elle-placarde-des-affiches-pour-thomas-et-finit-en-garde-a-vue\/#breadcrumb"},"inLanguage":"fr-FR","potentialAction":[{"@type":"ReadAction","target":["https:\/\/webtube.fr\/index.php\/2023\/11\/30\/elle-placarde-des-affiches-pour-thomas-et-finit-en-garde-a-vue\/"]}]},{"@type":"ImageObject","inLanguage":"fr-FR","@id":"https:\/\/webtube.fr\/index.php\/2023\/11\/30\/elle-placarde-des-affiches-pour-thomas-et-finit-en-garde-a-vue\/#primaryimage","url":"https:\/\/media.bvoltaire.fr\/file\/Bvoltaire\/2023\/11\/Capture-decran-2023-11-23-a-22.33.37-845x475.png","contentUrl":"https:\/\/media.bvoltaire.fr\/file\/Bvoltaire\/2023\/11\/Capture-decran-2023-11-23-a-22.33.37-845x475.png"},{"@type":"BreadcrumbList","@id":"https:\/\/webtube.fr\/index.php\/2023\/11\/30\/elle-placarde-des-affiches-pour-thomas-et-finit-en-garde-a-vue\/#breadcrumb","itemListElement":[{"@type":"ListItem","position":1,"name":"Accueil","item":"https:\/\/webtube.fr\/"},{"@type":"ListItem","position":2,"name":". Elle placarde des affiches pour Thomas et finit en garde \u00e0 vue"}]},{"@type":"WebSite","@id":"https:\/\/webtube.fr\/#website","url":"https:\/\/webtube.fr\/","name":"WEBTUBE","description":"WEBTUBE.fr  Streaming Vid\u00e9o and News , toutes les infos sans filtres !","publisher":{"@id":"https:\/\/webtube.fr\/#organization"},"alternateName":"Rutube","potentialAction":[{"@type":"SearchAction","target":{"@type":"EntryPoint","urlTemplate":"https:\/\/webtube.fr\/?s={search_term_string}"},"query-input":{"@type":"PropertyValueSpecification","valueRequired":true,"valueName":"search_term_string"}}],"inLanguage":"fr-FR"},{"@type":"Organization","@id":"https:\/\/webtube.fr\/#organization","name":"# WEBTUBE.fr","url":"https:\/\/webtube.fr\/","logo":{"@type":"ImageObject","inLanguage":"fr-FR","@id":"https:\/\/webtube.fr\/#\/schema\/logo\/image\/","url":"https:\/\/webtube.fr\/wp-content\/uploads\/2025\/09\/cropped-Logo_webtubeIA-1.jpg","contentUrl":"https:\/\/webtube.fr\/wp-content\/uploads\/2025\/09\/cropped-Logo_webtubeIA-1.jpg","width":240,"height":240,"caption":"# WEBTUBE.fr"},"image":{"@id":"https:\/\/webtube.fr\/#\/schema\/logo\/image\/"},"sameAs":["https:\/\/www.facebook.com\/profile.php?id=100069673161887","https:\/\/x.com\/OrtfNews","https:\/\/www.facebook.com\/profile.php?id=100013751440523"]},{"@type":"Person","@id":"https:\/\/webtube.fr\/#\/schema\/person\/dcc633686e0e2a79a6bf7b92c9507618","name":"admin5851","image":{"@type":"ImageObject","inLanguage":"fr-FR","@id":"https:\/\/secure.gravatar.com\/avatar\/ea1b672a827879c0febb022a108a871292b3d08fadc66a0a43fa47acfe82e38a?s=96&d=mm&r=g","url":"https:\/\/secure.gravatar.com\/avatar\/ea1b672a827879c0febb022a108a871292b3d08fadc66a0a43fa47acfe82e38a?s=96&d=mm&r=g","contentUrl":"https:\/\/secure.gravatar.com\/avatar\/ea1b672a827879c0febb022a108a871292b3d08fadc66a0a43fa47acfe82e38a?s=96&d=mm&r=g","caption":"admin5851"},"sameAs":["http:\/\/linlcju.cluster100.hosting.ovh.net"],"url":"https:\/\/webtube.fr\/index.php\/author\/admin5851\/"}]}},"jetpack_featured_media_url":"","jetpack_sharing_enabled":true,"_links":{"self":[{"href":"https:\/\/webtube.fr\/index.php\/wp-json\/wp\/v2\/posts\/24427","targetHints":{"allow":["GET"]}}],"collection":[{"href":"https:\/\/webtube.fr\/index.php\/wp-json\/wp\/v2\/posts"}],"about":[{"href":"https:\/\/webtube.fr\/index.php\/wp-json\/wp\/v2\/types\/post"}],"author":[{"embeddable":true,"href":"https:\/\/webtube.fr\/index.php\/wp-json\/wp\/v2\/users\/1"}],"replies":[{"embeddable":true,"href":"https:\/\/webtube.fr\/index.php\/wp-json\/wp\/v2\/comments?post=24427"}],"version-history":[{"count":0,"href":"https:\/\/webtube.fr\/index.php\/wp-json\/wp\/v2\/posts\/24427\/revisions"}],"wp:attachment":[{"href":"https:\/\/webtube.fr\/index.php\/wp-json\/wp\/v2\/media?parent=24427"}],"wp:term":[{"taxonomy":"category","embeddable":true,"href":"https:\/\/webtube.fr\/index.php\/wp-json\/wp\/v2\/categories?post=24427"},{"taxonomy":"post_tag","embeddable":true,"href":"https:\/\/webtube.fr\/index.php\/wp-json\/wp\/v2\/tags?post=24427"}],"curies":[{"name":"wp","href":"https:\/\/api.w.org\/{rel}","templated":true}]}}