{"id":24425,"date":"2023-11-30T05:28:58","date_gmt":"2023-11-30T05:28:58","guid":{"rendered":"http:\/\/13.36.34.64\/?p=24425"},"modified":"2023-11-30T05:28:58","modified_gmt":"2023-11-30T05:28:58","slug":"dupond-moretti-relaxe-un-parfum-de-politique-tres-prononce","status":"publish","type":"post","link":"https:\/\/webtube.fr\/index.php\/2023\/11\/30\/dupond-moretti-relaxe-un-parfum-de-politique-tres-prononce\/","title":{"rendered":". Dupond-Moretti relax\u00e9 : un parfum de politique tr\u00e8s prononc\u00e9"},"content":{"rendered":"\n<figure><iframe loading=\"lazy\" width=\"800\" height=\"200\" src=\"http:\/\/rutubes.free.fr\/RutubeEmule-island.html\" frameborder=\"N\" scrolling=\"no\"><\/iframe><\/figure>\n\n\n\n<p>Articles \u00a0\u00a0\u00a0 : <a href=\"https:\/\/webtube.fr\/2023\/11\/\" target=\"_blank\" rel=\"noreferrer noopener\">Nov. 2023<\/a> &#8211; <a href=\"http:\/\/rutube.fr\/2023\/10\/\" target=\"_blank\" rel=\"noreferrer noopener\">Oct. 2023<\/a> &#8211; <a href=\"http:\/\/rutube.fr\/2023\/09\/\" target=\"_blank\" rel=\"noreferrer noopener\">Sept 2023<\/a> &#8211; <a href=\"http:\/\/rutube.fr\/2023\/08\/\" target=\"_blank\" rel=\"noreferrer noopener\">Aout 2023<\/a> &#8211; Facebook\u00a0:\u00a0<a href=\"https:\/\/www.facebook.com\/profile.php?id=100069673161887\">https:\/\/www.facebook.com\/profile.php?id=100069673161887<\/a> Twitter : <a href=\"https:\/\/twitter.com\/OrtfNews\" target=\"_blank\" rel=\"noreferrer noopener\">https:\/\/twitter.com\/OrtfNews<\/a><\/p>\n\n\n\n<figure class=\"wp-block-image size-large\"><img decoding=\"async\" src=\"https:\/\/www.bvoltaire.fr\/media\/2020\/08\/689px-dupont-moretti-689x475.jpg\" alt=\"\"\/><\/figure>\n\n\n\n<p><strong>++ WEBTUBE<\/strong> : <em>\u00c9ric Dupond-Moretti sauve son maroquin. Relax\u00e9, il reste le ministre de la Justice de ce pays. Ceux qui croyaient \u00e0 sa condamnation resteront sur ce go\u00fbt de banane, fa\u00e7on beaujolais nouveau. Une surprise ? Pas pour\u00a0BV. Dans son article du 14 novembre dernier\u00a0<a href=\"https:\/\/www.bvoltaire.fr\/pourquoi-eric-dupond-moretti-na-pas-grand-chose-a-craindre-de-la-cjr\/\" target=\"_blank\" rel=\"noreferrer noopener\">\u00ab Pourquoi \u00c9ric Dupond-Moretti n\u2019a pas grand-chose \u00e0 craindre de la CJR \u00bb<\/a>, Sabine de Villeroch\u00e9 \u00e9crivait :\u00a0\u00ab Gageons que, fid\u00e8le \u00e0 sa l\u00e9gendaire cl\u00e9mence, cette institution d&rsquo;exception qui n&rsquo;a \u00e9t\u00e9 con\u00e7ue que pour des hommes d&rsquo;exception (elle est la seule habilit\u00e9e \u00e0 juger des Premiers ministres, ministres ou secr\u00e9taires d&rsquo;\u00c9tat pour des crimes et d\u00e9lits commis dans l&rsquo;exercice de leurs fonctions) saura faire preuve d&rsquo;humanit\u00e9. \u00bb\u00a0Extra-lucide au sens propre, notre cons\u0153ur expliquait \u00e0 quel point la cour cachait une machine molle et inutile. Inutile mais co\u00fbteuse. <strong>La suite ci-dessous :<\/strong><\/em><\/p>\n\n\n\n<p><strong>Laxiste pour les banlieues et les \u00e9colos violents<\/strong><\/p>\n\n\n\n<p><a href=\"https:\/\/www.senat.fr\/rap\/l23-128-323\/l23-128-32311.html\" target=\"_blank\" rel=\"noreferrer noopener\">Car le S\u00e9nat a \u00e9tabli les comptes<\/a>.&nbsp;<em>\u00ab En 2024, la dotation demand\u00e9e [par la CJR, NDLR] s\u2019\u00e9l\u00e8ve \u00e0 984.000 euros \u00bb<\/em>, comme en 2023, \u00e9crit le rapporteur. Le salaire annuel de cinquante smicards. Il est vrai que les loyers des locaux de la CJR, rue Constantine, dans le tr\u00e8s chic septi\u00e8me arrondissement, p\u00e8sent \u00e0 eux seuls pr\u00e8s de 500.000 euros par an (497.000 euros). La relaxe de Dupond-Moretti p\u00e8se donc sur le contribuable. Et pose en elle-m\u00eame de plus en plus question. En quelques jours, les Fran\u00e7ais auront assist\u00e9 \u00e0 une incroyable omerta qui dure encore sur les noms et les pr\u00e9noms des \u00ab jeunes \u00bb de Romans-sur-Is\u00e8re soup\u00e7onn\u00e9s d\u2019avoir particip\u00e9 \u00e0 l\u2019\u00e9quip\u00e9e meurtri\u00e8re de Cr\u00e9pol. L\u2019enqu\u00eate est longue, compliqu\u00e9e, nous dit-on officiellement. C\u2019est le temps de la justice, de la d\u00e9cence, etc.<\/p>\n\n\n<div class=\"wp-block-image\">\n<figure class=\"alignleft\"><img decoding=\"async\" src=\"https:\/\/media.bvoltaire.fr\/file\/Bvoltaire\/2023\/04\/BV-Vecteur.svg\" alt=\"\"\/><\/figure>\n<\/div>\n\n\n<p>\u00c0 ce sujet \u2014&nbsp;<a href=\"https:\/\/www.bvoltaire.fr\/pourquoi-eric-dupond-moretti-na-pas-grand-chose-a-craindre-de-la-cjr\/\">Pourquoi \u00c9ric Dupond-Moretti n\u2019a pas grand-chose \u00e0 craindre de la CJR<\/a><\/p>\n\n\n\n<p>M\u00eame ambiance tr\u00e8s tr\u00e8s compr\u00e9hensive \u00e0 Niort, o\u00f9 le proc\u00e8s des manifestants anti-bassines li\u00e9s \u00e0 l\u2019ultra-gauche violente, qui s\u2019\u00e9taient illustr\u00e9s le 25 mars dernier \u00e0 Sainte-Soline (Deux-S\u00e8vres), tire \u00e0 sa fin. Pas encore de verdict mais un r\u00e9quisitoire, lui aussi tout c\u00e2lin. Plut\u00f4t go\u00fbt de fraise. Le parquet ne requiert\u2026 aucune peine de prison ferme : seulement six \u00e0 douze mois de prison avec sursis,&nbsp;<a href=\"https:\/\/www.lanouvellerepublique.fr\/france-monde\/bassines-reprise-du-proces-des-organisateurs-des-manifestations-interdites-2\" target=\"_blank\" rel=\"noreferrer noopener\">selon le quotidien local&nbsp;<em>La Nouvelle R\u00e9publique<\/em>&nbsp;du 28 novembre<\/a>. Neuf pr\u00e9venus sont concern\u00e9s : la d\u00e9cision est mise en d\u00e9lib\u00e9r\u00e9 au 17 janvier.&nbsp;<em>\u00ab Le procureur Julien Wattebled a demand\u00e9 au tribunal de \u00ab\u00a0trouver un \u00e9quilibre entre la libert\u00e9 d&rsquo;expression et le maintien de la coh\u00e9sion sociale\u00a0\u00bb, tout en d\u00e9crivant un d\u00e9partement o\u00f9 \u00ab\u00a0la peur r\u00e8gne depuis trop longtemps\u00a0\u00bb \u00bb<\/em>, explique le journal. Contre Julien Le Guet, consid\u00e9r\u00e9 comme&nbsp;<em>\u00ab au c\u0153ur de l\u2019organisation \u00bb<\/em>, il est requis douze mois de prison avec sursis, 2.100 euros d\u2019amende et une interdiction d\u2019approcher les r\u00e9serves de Sainte-Soline et Mauz\u00e9-le-Mignon. La prochaine fois, Julien, on te grondera tr\u00e8s fort ! Le fameux Le Guet et ses amis hurlent, bien s\u00fbr, au proc\u00e8s politique.<\/p>\n\n\n\n<p><strong>Redoutable contre l&rsquo;ultra-droite<\/strong><\/p>\n\n\n\n<p>Rappel des faits. Dans son rapport \u00e9crit juste apr\u00e8s la manifestation anti-bassines, la pr\u00e9f\u00e8te des Deux-S\u00e8vres faisait \u00e9tat de 47 gendarmes bless\u00e9s, dont deux en urgence absolue lors de leur prise en charge. Les gendarmes avaient contr\u00f4l\u00e9 7.000 manifestants : un sur dix \u00e9tait r\u00e9f\u00e9renc\u00e9 dans la documentation judiciaire ! 130 \u00e9taient mentionn\u00e9s au fichier des personnes recherch\u00e9es et 76 \u00e9taient tout simplement\u2026 fich\u00e9s S ! Les forces de l\u2019ordre avaient not\u00e9 scrupuleusement les armes employ\u00e9es : pierres, boules de p\u00e9tanque, cocktails Molotov, cocktails incendiaires, sans doute cocktail \u00e0 l\u2019acide. Quatre v\u00e9hicules de gendarmerie avaient \u00e9t\u00e9 d\u00e9truits par le feu. Des Bisounours. Darmanin qui souhaitait dissoudre Les Soul\u00e8vements de la Terre, l&rsquo;organisateur des festivit\u00e9s, s&rsquo;est fait&#8230; bananer par le Conseil d&rsquo;\u00c9tat, d\u00e9but novembre. D\u00e9cid\u00e9ment&#8230;<\/p>\n\n\n\n<p>Alors, laxiste, la justice ? Pas du tout, voyons ! Au tribunal de Valence comparaissent les jeunes dits d\u2019ultra-droite venus manifester \u00e0 Romans apr\u00e8s le meurtre de Thomas, le samedi 25 novembre (manifestation non autoris\u00e9e mais qui n&rsquo;a pas fait de bless\u00e9s, rappelons-le, sauf le jeune manifestant venu de leurs rangs et pass\u00e9 \u00e0 tabac par les \u00ab jeunes \u00bb Dr\u00f4mois). Interpell\u00e9s sur place, jug\u00e9s en comparution imm\u00e9diate, ils sont six \u00e0 \u00e9coper de six \u00e0 dix mois de prison ferme, assortis d\u2019interdictions de s\u00e9journer dans la Dr\u00f4me et de d\u00e9tenir une arme pendant cinq ans. Motif :\u00a0<em>\u00ab participation \u00e0 un groupement form\u00e9 en vue de la pr\u00e9paration de violences \u00bb<\/em>\u00a0ou de\u00a0<em>\u00ab d\u00e9gradations \u00bb<\/em>. Ils peuvent faire appel, mais Darmanin et Dupond-Moretti l&rsquo;ont dit : ils ne feront pas de cadeaux. L&rsquo;ordre doit r\u00e9gner, on vous dit. Celui des banlieues et de l&rsquo;ultra-gauche violente. Comme un parfum de politique tr\u00e8s prononc\u00e9.<\/p>\n\n\n\n<p><a href=\"https:\/\/www.bvoltaire.fr\/auteur\/marcbaudriller\/\">Marc Baudriller<\/a>, Boulevard Voltaire<\/p>\n\n\n\n<figure><iframe loading=\"lazy\" width=\"800\" height=\"200\" src=\"http:\/\/rutubes.free.fr\/RutubeEmule-island.html\" frameborder=\"N\" scrolling=\"no\"><\/iframe><\/figure>\n\n<!-- AFS Analytics V7- Web Analytics 7.0 -->\n<script type='text\/javascript'>\n(function(i,s,o,g,r,a,m){i['AfsAnalyticsObject']=r;i[r]=i[r]||function(){(i[r].q=i[r].q||[]).push(arguments)},i[r].l=1*new Date();a=s.createElement(o),m=s.getElementsByTagName(o)[0];a.async=1;a.src=g;m.parentNode.insertBefore(a,m)})(window,document,'script','\/\/code.afsanalytics.com\/js2\/analytics.js','aa');\naa('create', '00636949','auto');\naa('set', 'autotrack', 'on');\naa('set', 'autotrack.iframe', 'dataset');\naa('send', 'pageview');\n<\/script>\n<!-- End AFS Analytics -->\n","protected":false},"excerpt":{"rendered":"<p>Articles \u00a0\u00a0\u00a0 : Nov. 2023 &#8211; Oct. 2023 &#8211; Sept 2023 &#8211; Aout 2023 &#8211; Facebook\u00a0:\u00a0https:\/\/www.facebook.com\/profile.php?id=100069673161887 Twitter : https:\/\/twitter.com\/OrtfNews ++ WEBTUBE : \u00c9ric Dupond-Moretti sauve son maroquin. Relax\u00e9, il reste le ministre de la Justice de ce pays. Ceux qui croyaient \u00e0 sa condamnation resteront sur ce go\u00fbt de banane, fa\u00e7on beaujolais nouveau. Une surprise &hellip; <a href=\"https:\/\/webtube.fr\/index.php\/2023\/11\/30\/dupond-moretti-relaxe-un-parfum-de-politique-tres-prononce\/\" class=\"more-link\">Continuer la lecture<span class=\"screen-reader-text\"> de &laquo;&nbsp;. Dupond-Moretti relax\u00e9 : un parfum de politique tr\u00e8s prononc\u00e9&nbsp;&raquo;<\/span><\/a><\/p>\n","protected":false},"author":1,"featured_media":0,"comment_status":"open","ping_status":"open","sticky":false,"template":"","format":"standard","meta":{"_jetpack_memberships_contains_paid_content":false,"footnotes":""},"categories":[1],"tags":[],"class_list":["post-24425","post","type-post","status-publish","format-standard","hentry","category-uncategorized"],"yoast_head":"<!-- This site is optimized with the Yoast SEO plugin v27.3 - https:\/\/yoast.com\/product\/yoast-seo-wordpress\/ -->\n<title>. Dupond-Moretti relax\u00e9 : un parfum de politique tr\u00e8s prononc\u00e9 - # WEBTUBE.fr<\/title>\n<meta name=\"robots\" content=\"index, follow, max-snippet:-1, max-image-preview:large, max-video-preview:-1\" \/>\n<link rel=\"canonical\" href=\"https:\/\/webtube.fr\/index.php\/2023\/11\/30\/dupond-moretti-relaxe-un-parfum-de-politique-tres-prononce\/\" \/>\n<meta property=\"og:locale\" content=\"fr_FR\" \/>\n<meta property=\"og:type\" content=\"article\" \/>\n<meta property=\"og:title\" content=\". Dupond-Moretti relax\u00e9 : un parfum de politique tr\u00e8s prononc\u00e9 - # WEBTUBE.fr\" \/>\n<meta property=\"og:description\" content=\"Articles \u00a0\u00a0\u00a0 : Nov. 2023 &#8211; Oct. 2023 &#8211; Sept 2023 &#8211; Aout 2023 &#8211; Facebook\u00a0:\u00a0https:\/\/www.facebook.com\/profile.php?id=100069673161887 Twitter : https:\/\/twitter.com\/OrtfNews ++ WEBTUBE : \u00c9ric Dupond-Moretti sauve son maroquin. Relax\u00e9, il reste le ministre de la Justice de ce pays. Ceux qui croyaient \u00e0 sa condamnation resteront sur ce go\u00fbt de banane, fa\u00e7on beaujolais nouveau. Une surprise &hellip; Continuer la lecture de &laquo;&nbsp;. Dupond-Moretti relax\u00e9 : un parfum de politique tr\u00e8s prononc\u00e9&nbsp;&raquo;\" \/>\n<meta property=\"og:url\" content=\"https:\/\/webtube.fr\/index.php\/2023\/11\/30\/dupond-moretti-relaxe-un-parfum-de-politique-tres-prononce\/\" \/>\n<meta property=\"og:site_name\" content=\"# WEBTUBE.fr\" \/>\n<meta property=\"article:publisher\" content=\"https:\/\/www.facebook.com\/profile.php?id=100069673161887\" \/>\n<meta property=\"article:published_time\" content=\"2023-11-30T05:28:58+00:00\" \/>\n<meta property=\"og:image\" content=\"https:\/\/www.bvoltaire.fr\/media\/2020\/08\/689px-dupont-moretti-689x475.jpg\" \/>\n<meta name=\"author\" content=\"admin5851\" \/>\n<meta name=\"twitter:card\" content=\"summary_large_image\" \/>\n<meta name=\"twitter:creator\" content=\"@OrtfNews\" \/>\n<meta name=\"twitter:site\" content=\"@OrtfNews\" \/>\n<meta name=\"twitter:label1\" content=\"\u00c9crit par\" \/>\n\t<meta name=\"twitter:data1\" content=\"admin5851\" \/>\n\t<meta name=\"twitter:label2\" content=\"Dur\u00e9e de lecture estim\u00e9e\" \/>\n\t<meta name=\"twitter:data2\" content=\"4 minutes\" \/>\n<script type=\"application\/ld+json\" class=\"yoast-schema-graph\">{\"@context\":\"https:\\\/\\\/schema.org\",\"@graph\":[{\"@type\":\"Article\",\"@id\":\"https:\\\/\\\/webtube.fr\\\/index.php\\\/2023\\\/11\\\/30\\\/dupond-moretti-relaxe-un-parfum-de-politique-tres-prononce\\\/#article\",\"isPartOf\":{\"@id\":\"https:\\\/\\\/webtube.fr\\\/index.php\\\/2023\\\/11\\\/30\\\/dupond-moretti-relaxe-un-parfum-de-politique-tres-prononce\\\/\"},\"author\":{\"name\":\"admin5851\",\"@id\":\"https:\\\/\\\/webtube.fr\\\/#\\\/schema\\\/person\\\/dcc633686e0e2a79a6bf7b92c9507618\"},\"headline\":\". Dupond-Moretti relax\u00e9 : un parfum de politique tr\u00e8s prononc\u00e9\",\"datePublished\":\"2023-11-30T05:28:58+00:00\",\"mainEntityOfPage\":{\"@id\":\"https:\\\/\\\/webtube.fr\\\/index.php\\\/2023\\\/11\\\/30\\\/dupond-moretti-relaxe-un-parfum-de-politique-tres-prononce\\\/\"},\"wordCount\":846,\"commentCount\":0,\"publisher\":{\"@id\":\"https:\\\/\\\/webtube.fr\\\/#organization\"},\"image\":{\"@id\":\"https:\\\/\\\/webtube.fr\\\/index.php\\\/2023\\\/11\\\/30\\\/dupond-moretti-relaxe-un-parfum-de-politique-tres-prononce\\\/#primaryimage\"},\"thumbnailUrl\":\"https:\\\/\\\/www.bvoltaire.fr\\\/media\\\/2020\\\/08\\\/689px-dupont-moretti-689x475.jpg\",\"articleSection\":[\"Uncategorized\"],\"inLanguage\":\"fr-FR\",\"potentialAction\":[{\"@type\":\"CommentAction\",\"name\":\"Comment\",\"target\":[\"https:\\\/\\\/webtube.fr\\\/index.php\\\/2023\\\/11\\\/30\\\/dupond-moretti-relaxe-un-parfum-de-politique-tres-prononce\\\/#respond\"]}]},{\"@type\":\"WebPage\",\"@id\":\"https:\\\/\\\/webtube.fr\\\/index.php\\\/2023\\\/11\\\/30\\\/dupond-moretti-relaxe-un-parfum-de-politique-tres-prononce\\\/\",\"url\":\"https:\\\/\\\/webtube.fr\\\/index.php\\\/2023\\\/11\\\/30\\\/dupond-moretti-relaxe-un-parfum-de-politique-tres-prononce\\\/\",\"name\":\". Dupond-Moretti relax\u00e9 : un parfum de politique tr\u00e8s prononc\u00e9 - # WEBTUBE.fr\",\"isPartOf\":{\"@id\":\"https:\\\/\\\/webtube.fr\\\/#website\"},\"primaryImageOfPage\":{\"@id\":\"https:\\\/\\\/webtube.fr\\\/index.php\\\/2023\\\/11\\\/30\\\/dupond-moretti-relaxe-un-parfum-de-politique-tres-prononce\\\/#primaryimage\"},\"image\":{\"@id\":\"https:\\\/\\\/webtube.fr\\\/index.php\\\/2023\\\/11\\\/30\\\/dupond-moretti-relaxe-un-parfum-de-politique-tres-prononce\\\/#primaryimage\"},\"thumbnailUrl\":\"https:\\\/\\\/www.bvoltaire.fr\\\/media\\\/2020\\\/08\\\/689px-dupont-moretti-689x475.jpg\",\"datePublished\":\"2023-11-30T05:28:58+00:00\",\"breadcrumb\":{\"@id\":\"https:\\\/\\\/webtube.fr\\\/index.php\\\/2023\\\/11\\\/30\\\/dupond-moretti-relaxe-un-parfum-de-politique-tres-prononce\\\/#breadcrumb\"},\"inLanguage\":\"fr-FR\",\"potentialAction\":[{\"@type\":\"ReadAction\",\"target\":[\"https:\\\/\\\/webtube.fr\\\/index.php\\\/2023\\\/11\\\/30\\\/dupond-moretti-relaxe-un-parfum-de-politique-tres-prononce\\\/\"]}]},{\"@type\":\"ImageObject\",\"inLanguage\":\"fr-FR\",\"@id\":\"https:\\\/\\\/webtube.fr\\\/index.php\\\/2023\\\/11\\\/30\\\/dupond-moretti-relaxe-un-parfum-de-politique-tres-prononce\\\/#primaryimage\",\"url\":\"https:\\\/\\\/www.bvoltaire.fr\\\/media\\\/2020\\\/08\\\/689px-dupont-moretti-689x475.jpg\",\"contentUrl\":\"https:\\\/\\\/www.bvoltaire.fr\\\/media\\\/2020\\\/08\\\/689px-dupont-moretti-689x475.jpg\"},{\"@type\":\"BreadcrumbList\",\"@id\":\"https:\\\/\\\/webtube.fr\\\/index.php\\\/2023\\\/11\\\/30\\\/dupond-moretti-relaxe-un-parfum-de-politique-tres-prononce\\\/#breadcrumb\",\"itemListElement\":[{\"@type\":\"ListItem\",\"position\":1,\"name\":\"Accueil\",\"item\":\"https:\\\/\\\/webtube.fr\\\/\"},{\"@type\":\"ListItem\",\"position\":2,\"name\":\". Dupond-Moretti relax\u00e9 : un parfum de politique tr\u00e8s prononc\u00e9\"}]},{\"@type\":\"WebSite\",\"@id\":\"https:\\\/\\\/webtube.fr\\\/#website\",\"url\":\"https:\\\/\\\/webtube.fr\\\/\",\"name\":\"WEBTUBE\",\"description\":\"WEBTUBE.fr  Streaming Vid\u00e9o and News , toutes les infos sans filtres !\",\"publisher\":{\"@id\":\"https:\\\/\\\/webtube.fr\\\/#organization\"},\"alternateName\":\"Rutube\",\"potentialAction\":[{\"@type\":\"SearchAction\",\"target\":{\"@type\":\"EntryPoint\",\"urlTemplate\":\"https:\\\/\\\/webtube.fr\\\/?s={search_term_string}\"},\"query-input\":{\"@type\":\"PropertyValueSpecification\",\"valueRequired\":true,\"valueName\":\"search_term_string\"}}],\"inLanguage\":\"fr-FR\"},{\"@type\":\"Organization\",\"@id\":\"https:\\\/\\\/webtube.fr\\\/#organization\",\"name\":\"# WEBTUBE.fr\",\"url\":\"https:\\\/\\\/webtube.fr\\\/\",\"logo\":{\"@type\":\"ImageObject\",\"inLanguage\":\"fr-FR\",\"@id\":\"https:\\\/\\\/webtube.fr\\\/#\\\/schema\\\/logo\\\/image\\\/\",\"url\":\"https:\\\/\\\/webtube.fr\\\/wp-content\\\/uploads\\\/2025\\\/09\\\/cropped-Logo_webtubeIA-1.jpg\",\"contentUrl\":\"https:\\\/\\\/webtube.fr\\\/wp-content\\\/uploads\\\/2025\\\/09\\\/cropped-Logo_webtubeIA-1.jpg\",\"width\":240,\"height\":240,\"caption\":\"# WEBTUBE.fr\"},\"image\":{\"@id\":\"https:\\\/\\\/webtube.fr\\\/#\\\/schema\\\/logo\\\/image\\\/\"},\"sameAs\":[\"https:\\\/\\\/www.facebook.com\\\/profile.php?id=100069673161887\",\"https:\\\/\\\/x.com\\\/OrtfNews\",\"https:\\\/\\\/www.facebook.com\\\/profile.php?id=100013751440523\"]},{\"@type\":\"Person\",\"@id\":\"https:\\\/\\\/webtube.fr\\\/#\\\/schema\\\/person\\\/dcc633686e0e2a79a6bf7b92c9507618\",\"name\":\"admin5851\",\"image\":{\"@type\":\"ImageObject\",\"inLanguage\":\"fr-FR\",\"@id\":\"https:\\\/\\\/secure.gravatar.com\\\/avatar\\\/ea1b672a827879c0febb022a108a871292b3d08fadc66a0a43fa47acfe82e38a?s=96&d=mm&r=g\",\"url\":\"https:\\\/\\\/secure.gravatar.com\\\/avatar\\\/ea1b672a827879c0febb022a108a871292b3d08fadc66a0a43fa47acfe82e38a?s=96&d=mm&r=g\",\"contentUrl\":\"https:\\\/\\\/secure.gravatar.com\\\/avatar\\\/ea1b672a827879c0febb022a108a871292b3d08fadc66a0a43fa47acfe82e38a?s=96&d=mm&r=g\",\"caption\":\"admin5851\"},\"sameAs\":[\"http:\\\/\\\/linlcju.cluster100.hosting.ovh.net\"],\"url\":\"https:\\\/\\\/webtube.fr\\\/index.php\\\/author\\\/admin5851\\\/\"}]}<\/script>\n<!-- \/ Yoast SEO plugin. -->","yoast_head_json":{"title":". Dupond-Moretti relax\u00e9 : un parfum de politique tr\u00e8s prononc\u00e9 - # WEBTUBE.fr","robots":{"index":"index","follow":"follow","max-snippet":"max-snippet:-1","max-image-preview":"max-image-preview:large","max-video-preview":"max-video-preview:-1"},"canonical":"https:\/\/webtube.fr\/index.php\/2023\/11\/30\/dupond-moretti-relaxe-un-parfum-de-politique-tres-prononce\/","og_locale":"fr_FR","og_type":"article","og_title":". Dupond-Moretti relax\u00e9 : un parfum de politique tr\u00e8s prononc\u00e9 - # WEBTUBE.fr","og_description":"Articles \u00a0\u00a0\u00a0 : Nov. 2023 &#8211; Oct. 2023 &#8211; Sept 2023 &#8211; Aout 2023 &#8211; Facebook\u00a0:\u00a0https:\/\/www.facebook.com\/profile.php?id=100069673161887 Twitter : https:\/\/twitter.com\/OrtfNews ++ WEBTUBE : \u00c9ric Dupond-Moretti sauve son maroquin. Relax\u00e9, il reste le ministre de la Justice de ce pays. Ceux qui croyaient \u00e0 sa condamnation resteront sur ce go\u00fbt de banane, fa\u00e7on beaujolais nouveau. Une surprise &hellip; Continuer la lecture de &laquo;&nbsp;. Dupond-Moretti relax\u00e9 : un parfum de politique tr\u00e8s prononc\u00e9&nbsp;&raquo;","og_url":"https:\/\/webtube.fr\/index.php\/2023\/11\/30\/dupond-moretti-relaxe-un-parfum-de-politique-tres-prononce\/","og_site_name":"# WEBTUBE.fr","article_publisher":"https:\/\/www.facebook.com\/profile.php?id=100069673161887","article_published_time":"2023-11-30T05:28:58+00:00","og_image":[{"url":"https:\/\/www.bvoltaire.fr\/media\/2020\/08\/689px-dupont-moretti-689x475.jpg","type":"","width":"","height":""}],"author":"admin5851","twitter_card":"summary_large_image","twitter_creator":"@OrtfNews","twitter_site":"@OrtfNews","twitter_misc":{"\u00c9crit par":"admin5851","Dur\u00e9e de lecture estim\u00e9e":"4 minutes"},"schema":{"@context":"https:\/\/schema.org","@graph":[{"@type":"Article","@id":"https:\/\/webtube.fr\/index.php\/2023\/11\/30\/dupond-moretti-relaxe-un-parfum-de-politique-tres-prononce\/#article","isPartOf":{"@id":"https:\/\/webtube.fr\/index.php\/2023\/11\/30\/dupond-moretti-relaxe-un-parfum-de-politique-tres-prononce\/"},"author":{"name":"admin5851","@id":"https:\/\/webtube.fr\/#\/schema\/person\/dcc633686e0e2a79a6bf7b92c9507618"},"headline":". Dupond-Moretti relax\u00e9 : un parfum de politique tr\u00e8s prononc\u00e9","datePublished":"2023-11-30T05:28:58+00:00","mainEntityOfPage":{"@id":"https:\/\/webtube.fr\/index.php\/2023\/11\/30\/dupond-moretti-relaxe-un-parfum-de-politique-tres-prononce\/"},"wordCount":846,"commentCount":0,"publisher":{"@id":"https:\/\/webtube.fr\/#organization"},"image":{"@id":"https:\/\/webtube.fr\/index.php\/2023\/11\/30\/dupond-moretti-relaxe-un-parfum-de-politique-tres-prononce\/#primaryimage"},"thumbnailUrl":"https:\/\/www.bvoltaire.fr\/media\/2020\/08\/689px-dupont-moretti-689x475.jpg","articleSection":["Uncategorized"],"inLanguage":"fr-FR","potentialAction":[{"@type":"CommentAction","name":"Comment","target":["https:\/\/webtube.fr\/index.php\/2023\/11\/30\/dupond-moretti-relaxe-un-parfum-de-politique-tres-prononce\/#respond"]}]},{"@type":"WebPage","@id":"https:\/\/webtube.fr\/index.php\/2023\/11\/30\/dupond-moretti-relaxe-un-parfum-de-politique-tres-prononce\/","url":"https:\/\/webtube.fr\/index.php\/2023\/11\/30\/dupond-moretti-relaxe-un-parfum-de-politique-tres-prononce\/","name":". Dupond-Moretti relax\u00e9 : un parfum de politique tr\u00e8s prononc\u00e9 - # WEBTUBE.fr","isPartOf":{"@id":"https:\/\/webtube.fr\/#website"},"primaryImageOfPage":{"@id":"https:\/\/webtube.fr\/index.php\/2023\/11\/30\/dupond-moretti-relaxe-un-parfum-de-politique-tres-prononce\/#primaryimage"},"image":{"@id":"https:\/\/webtube.fr\/index.php\/2023\/11\/30\/dupond-moretti-relaxe-un-parfum-de-politique-tres-prononce\/#primaryimage"},"thumbnailUrl":"https:\/\/www.bvoltaire.fr\/media\/2020\/08\/689px-dupont-moretti-689x475.jpg","datePublished":"2023-11-30T05:28:58+00:00","breadcrumb":{"@id":"https:\/\/webtube.fr\/index.php\/2023\/11\/30\/dupond-moretti-relaxe-un-parfum-de-politique-tres-prononce\/#breadcrumb"},"inLanguage":"fr-FR","potentialAction":[{"@type":"ReadAction","target":["https:\/\/webtube.fr\/index.php\/2023\/11\/30\/dupond-moretti-relaxe-un-parfum-de-politique-tres-prononce\/"]}]},{"@type":"ImageObject","inLanguage":"fr-FR","@id":"https:\/\/webtube.fr\/index.php\/2023\/11\/30\/dupond-moretti-relaxe-un-parfum-de-politique-tres-prononce\/#primaryimage","url":"https:\/\/www.bvoltaire.fr\/media\/2020\/08\/689px-dupont-moretti-689x475.jpg","contentUrl":"https:\/\/www.bvoltaire.fr\/media\/2020\/08\/689px-dupont-moretti-689x475.jpg"},{"@type":"BreadcrumbList","@id":"https:\/\/webtube.fr\/index.php\/2023\/11\/30\/dupond-moretti-relaxe-un-parfum-de-politique-tres-prononce\/#breadcrumb","itemListElement":[{"@type":"ListItem","position":1,"name":"Accueil","item":"https:\/\/webtube.fr\/"},{"@type":"ListItem","position":2,"name":". Dupond-Moretti relax\u00e9 : un parfum de politique tr\u00e8s prononc\u00e9"}]},{"@type":"WebSite","@id":"https:\/\/webtube.fr\/#website","url":"https:\/\/webtube.fr\/","name":"WEBTUBE","description":"WEBTUBE.fr  Streaming Vid\u00e9o and News , toutes les infos sans filtres !","publisher":{"@id":"https:\/\/webtube.fr\/#organization"},"alternateName":"Rutube","potentialAction":[{"@type":"SearchAction","target":{"@type":"EntryPoint","urlTemplate":"https:\/\/webtube.fr\/?s={search_term_string}"},"query-input":{"@type":"PropertyValueSpecification","valueRequired":true,"valueName":"search_term_string"}}],"inLanguage":"fr-FR"},{"@type":"Organization","@id":"https:\/\/webtube.fr\/#organization","name":"# WEBTUBE.fr","url":"https:\/\/webtube.fr\/","logo":{"@type":"ImageObject","inLanguage":"fr-FR","@id":"https:\/\/webtube.fr\/#\/schema\/logo\/image\/","url":"https:\/\/webtube.fr\/wp-content\/uploads\/2025\/09\/cropped-Logo_webtubeIA-1.jpg","contentUrl":"https:\/\/webtube.fr\/wp-content\/uploads\/2025\/09\/cropped-Logo_webtubeIA-1.jpg","width":240,"height":240,"caption":"# WEBTUBE.fr"},"image":{"@id":"https:\/\/webtube.fr\/#\/schema\/logo\/image\/"},"sameAs":["https:\/\/www.facebook.com\/profile.php?id=100069673161887","https:\/\/x.com\/OrtfNews","https:\/\/www.facebook.com\/profile.php?id=100013751440523"]},{"@type":"Person","@id":"https:\/\/webtube.fr\/#\/schema\/person\/dcc633686e0e2a79a6bf7b92c9507618","name":"admin5851","image":{"@type":"ImageObject","inLanguage":"fr-FR","@id":"https:\/\/secure.gravatar.com\/avatar\/ea1b672a827879c0febb022a108a871292b3d08fadc66a0a43fa47acfe82e38a?s=96&d=mm&r=g","url":"https:\/\/secure.gravatar.com\/avatar\/ea1b672a827879c0febb022a108a871292b3d08fadc66a0a43fa47acfe82e38a?s=96&d=mm&r=g","contentUrl":"https:\/\/secure.gravatar.com\/avatar\/ea1b672a827879c0febb022a108a871292b3d08fadc66a0a43fa47acfe82e38a?s=96&d=mm&r=g","caption":"admin5851"},"sameAs":["http:\/\/linlcju.cluster100.hosting.ovh.net"],"url":"https:\/\/webtube.fr\/index.php\/author\/admin5851\/"}]}},"jetpack_featured_media_url":"","jetpack_sharing_enabled":true,"_links":{"self":[{"href":"https:\/\/webtube.fr\/index.php\/wp-json\/wp\/v2\/posts\/24425","targetHints":{"allow":["GET"]}}],"collection":[{"href":"https:\/\/webtube.fr\/index.php\/wp-json\/wp\/v2\/posts"}],"about":[{"href":"https:\/\/webtube.fr\/index.php\/wp-json\/wp\/v2\/types\/post"}],"author":[{"embeddable":true,"href":"https:\/\/webtube.fr\/index.php\/wp-json\/wp\/v2\/users\/1"}],"replies":[{"embeddable":true,"href":"https:\/\/webtube.fr\/index.php\/wp-json\/wp\/v2\/comments?post=24425"}],"version-history":[{"count":0,"href":"https:\/\/webtube.fr\/index.php\/wp-json\/wp\/v2\/posts\/24425\/revisions"}],"wp:attachment":[{"href":"https:\/\/webtube.fr\/index.php\/wp-json\/wp\/v2\/media?parent=24425"}],"wp:term":[{"taxonomy":"category","embeddable":true,"href":"https:\/\/webtube.fr\/index.php\/wp-json\/wp\/v2\/categories?post=24425"},{"taxonomy":"post_tag","embeddable":true,"href":"https:\/\/webtube.fr\/index.php\/wp-json\/wp\/v2\/tags?post=24425"}],"curies":[{"name":"wp","href":"https:\/\/api.w.org\/{rel}","templated":true}]}}