{"id":24186,"date":"2023-11-11T16:28:56","date_gmt":"2023-11-11T16:28:56","guid":{"rendered":"http:\/\/13.36.34.64\/?p=24186"},"modified":"2023-11-11T16:28:56","modified_gmt":"2023-11-11T16:28:56","slug":"11-novembre-la-premiere-guerre-mondiale-en-synthese","status":"publish","type":"post","link":"https:\/\/webtube.fr\/index.php\/2023\/11\/11\/11-novembre-la-premiere-guerre-mondiale-en-synthese\/","title":{"rendered":". 11 novembre. La Premi\u00e8re guerre mondiale en synth\u00e8se"},"content":{"rendered":"\n<figure><iframe loading=\"lazy\" width=\"800\" height=\"200\" src=\"http:\/\/rutubes.free.fr\/RutubeEmule-island.html\" frameborder=\"N\" scrolling=\"no\"><\/iframe><\/figure>\n\n\n\n<p>Articles \u00a0\u00a0\u00a0 : <a href=\"https:\/\/webtube.fr\/2023\/11\/\" target=\"_blank\" rel=\"noreferrer noopener\">Nov. 2023<\/a> &#8211; <a href=\"http:\/\/rutube.fr\/2023\/10\/\" target=\"_blank\" rel=\"noreferrer noopener\">Oct. 2023<\/a> &#8211; <a href=\"http:\/\/rutube.fr\/2023\/09\/\" target=\"_blank\" rel=\"noreferrer noopener\">Sept 2023<\/a> &#8211; <a href=\"http:\/\/rutube.fr\/2023\/08\/\" target=\"_blank\" rel=\"noreferrer noopener\">Aout 2023<\/a> &#8211; Facebook\u00a0:\u00a0<a href=\"https:\/\/www.facebook.com\/profile.php?id=100069673161887\">https:\/\/www.facebook.com\/profile.php?id=100069673161887<\/a> Twitter : <a href=\"https:\/\/twitter.com\/OrtfNews\" target=\"_blank\" rel=\"noreferrer noopener\">https:\/\/twitter.com\/OrtfNews<\/a><\/p>\n\n\n\n<figure class=\"wp-block-image size-large\"><img decoding=\"async\" src=\"https:\/\/www.breizh-info.com\/wp-content\/uploads\/2023\/11\/guerre-768x527.jpeg\" alt=\"\"\/><\/figure>\n\n\n\n<p><strong>++ WEBTUBE <\/strong>: <em>La Premi\u00e8re Guerre mondiale, souvent qualifi\u00e9e de Grande Guerre, a \u00e9t\u00e9 un tournant majeur dans l\u2019histoire moderne, impliquant des puissances mondiales et se soldant par des changements radicaux dans le paysage politique et social mondial. Les causes de la guerre sont complexes, incluant des rivalit\u00e9s imp\u00e9rialistes et surtout familiales (c\u2019est une guerre de cousins\u2026), des tensions nationalistes, des alliances militaires, et la course aux armements.<\/em><\/p>\n\n\n\n<p>Les tensions \u00e9taient palpables dans les Balkans, o\u00f9 l\u2019assassinat de l\u2019archiduc Fran\u00e7ois-Ferdinand d\u2019Autriche en juin 1914 a mis le feu aux poudres et est souvent cit\u00e9 comme le catalyseur du conflit, la suite ci-dessous :<\/p>\n\n\n\n<h3 class=\"wp-block-heading\">D\u00e9roulement<\/h3>\n\n\n\n<p>La guerre a \u00e9volu\u00e9 en plusieurs phases, d\u00e9butant avec une guerre de mouvement rapide suivie d\u2019une longue p\u00e9riode de guerre de tranch\u00e9es. Des batailles notables comprennent la Marne, la Somme, et Verdun. La guerre a aussi vu l\u2019utilisation g\u00e9n\u00e9ralis\u00e9e de nouvelles technologies militaires, y compris les gaz toxiques et la guerre sous-marine<\/p>\n\n\n\n<p>La Grande guerre a \u00e9t\u00e9 caract\u00e9ris\u00e9e en partie par son immobilisme et ses combats de tranch\u00e9es, o\u00f9 des millions d\u2019hommes ont \u00e9t\u00e9 engloutis par la boue et le feu. La bataille de Verdun, en particulier, repr\u00e9sente l\u2019horreur de la guerre avec ses bombardements incessants et ses centaines de milliers de morts pour des gains territoriaux minimes, ce qui a \u00e9t\u00e9 d\u00e9crit comme \u201cun enfer\u201d par les soldats dans leurs journaux et lettres.<\/p>\n\n\n\n<p><strong>1914: L\u2019\u00c9clatement de la Guerre et la Guerre de Mouvement<\/strong><\/p>\n\n\n\n<p>Juillet-Ao\u00fbt 1914: L\u2019assassinat de l\u2019archiduc Fran\u00e7ois-Ferdinand entra\u00eene une r\u00e9action en cha\u00eene d\u2019ultimatums et de d\u00e9clarations de guerre.<\/p>\n\n\n\n<p>Ao\u00fbt 1914: La Bataille des Fronti\u00e8res, o\u00f9 les arm\u00e9es allemandes p\u00e9n\u00e8trent en Belgique et dans le nord-est de la France.<br>Septembre 1914: La Premi\u00e8re Bataille de la Marne stoppe l\u2019avance allemande pr\u00e8s de Paris et force les deux camps \u00e0 s\u2019enterrer dans des tranch\u00e9es [1].<\/p>\n\n\n\n<p><strong>1915-1916: La Guerre de Position et les Grandes Offensives<\/strong><\/p>\n\n\n\n<p>1915: Les puissances centrales cherchent \u00e0 percer le front de l\u2019Est avec la victoire \u00e0 la bataille de Tannenberg [7].<\/p>\n\n\n\n<p>F\u00e9vrier-D\u00e9cembre 1916: La Bataille de Verdun, symbole de la r\u00e9sistance fran\u00e7aise, entra\u00eene des pertes \u00e9normes des deux c\u00f4t\u00e9s [4].<\/p>\n\n\n\n<p><strong>1917: Les R\u00e9volutions et l\u2019Entr\u00e9e en Guerre des \u00c9tats-Unis<\/strong><\/p>\n\n\n\n<p>Avril 1917: L\u2019entr\u00e9e en guerre des \u00c9tats-Unis apr\u00e8s la r\u00e9v\u00e9lation de la proposition d\u2019alliance du t\u00e9l\u00e9gramme Zimmermann et la reprise illimit\u00e9e de la guerre sous-marine par l\u2019Allemagne.<\/p>\n\n\n\n<p>Octobre 1917: La R\u00e9volution russe entra\u00eene le retrait de la Russie du conflit, affectant le front oriental [2].<\/p>\n\n\n\n<p><strong>1918: Les Derni\u00e8res Offensives et l\u2019Armistice<\/strong><\/p>\n\n\n\n<p>Mars-Juillet 1918: Les Allemands lancent une s\u00e9rie d\u2019offensives de printemps dans l\u2019espoir de remporter la guerre avant l\u2019arriv\u00e9e massive des troupes am\u00e9ricaines.<\/p>\n\n\n\n<p>Ao\u00fbt-Novembre 1918: Les Alli\u00e9s, renforc\u00e9s par les troupes am\u00e9ricaines, lancent la contre-offensive de la Somme et percent le front allemand.<\/p>\n\n\n\n<p>11 Novembre 1918: Signature de l\u2019armistice \u00e0 Rethondes, marquant la fin des combats<\/p>\n\n\n\n<h3 class=\"wp-block-heading\">H\u00e9ros et personnalit\u00e9s<\/h3>\n\n\n\n<p>Philippe P\u00e9tain a \u00e9t\u00e9 un brillant commandant militaire fran\u00e7ais, notamment \u00e0 Verdun en 1916, o\u00f9 il a d\u00e9fendu la ville avec acharnement contre l\u2019arm\u00e9e allemande<\/p>\n\n\n\n<p><strong>Georges Clemenceau<\/strong>&nbsp;\u00e9tait un homme politique fran\u00e7ais et le Premier ministre de la France pendant la Premi\u00e8re Guerre mondiale. Il \u00e9tait surnomm\u00e9 \u201cLe Tigre\u201d en raison de sa d\u00e9termination.<\/p>\n\n\n\n<p><strong>Paul von Hindenburg<\/strong>&nbsp;\u00e9tait un g\u00e9n\u00e9ral allemand de renom pendant la Premi\u00e8re Guerre mondiale. Il a remport\u00e9 des victoires majeures, notamment \u00e0 Tannenberg en 1914. Hindenburg est devenu le pr\u00e9sident de la R\u00e9publique de Weimar en Allemagne apr\u00e8s la guerre<\/p>\n\n\n\n<p><strong>Manfred von Richthofen<\/strong>, surnomm\u00e9 le \u201cBaron Rouge\u201d, \u00e9tait un as de l\u2019aviation allemande pendant la guerre. Il est c\u00e9l\u00e8bre pour ses 80 victoires a\u00e9riennes. Richthofen est devenu une ic\u00f4ne de l\u2019aviation de chasse et est rest\u00e9 dans les m\u00e9moires comme l\u2019un des pilotes les plus talentueux de la Premi\u00e8re Guerre mondiale.<\/p>\n\n\n\n<p><strong>T.E. Lawrence<\/strong>, mieux connu sous le nom de Lawrence d\u2019Arabie, \u00e9tait un officier britannique et un \u00e9missaire diplomatique pendant la guerre. Il est devenu c\u00e9l\u00e8bre pour son r\u00f4le dans la r\u00e9volte arabe contre l\u2019Empire ottoman, contribuant ainsi \u00e0 la red\u00e9finition du Moyen-Orient apr\u00e8s la guerre.<\/p>\n\n\n\n<p><strong>Georges Guynemer<\/strong>&nbsp;\u00e9tait un as de l\u2019aviation fran\u00e7ais. Il est c\u00e9l\u00e8bre pour ses combats a\u00e9riens h\u00e9ro\u00efques, ayant abattu de nombreux avions ennemis malgr\u00e9 sa sant\u00e9 fragile. Il est devenu un symbole de la bravoure des pilotes de chasse fran\u00e7ais pendant la guerre<\/p>\n\n\n\n<p><strong>Alvin York<\/strong>&nbsp;\u00e9tait un soldat am\u00e9ricain. Lors de la bataille de l\u2019Argonne en 1918, il a captur\u00e9 \u00e0 lui seul un grand nombre de soldats allemands et a neutralis\u00e9 une position de mitrailleuse ennemie. Son courage lui a valu la M\u00e9daille d\u2019honneur, la plus haute d\u00e9coration militaire am\u00e9ricaine.<\/p>\n\n\n\n<p><strong>Edith Cavell<\/strong>&nbsp;\u00e9tait une infirmi\u00e8re britannique en Belgique. Elle a aid\u00e9 des soldats alli\u00e9s \u00e0 s\u2019\u00e9chapper de l\u2019occupation allemande. Elle a \u00e9t\u00e9 ex\u00e9cut\u00e9e par les Allemands en 1915, devenant un symbole de la r\u00e9sistance et de l\u2019altruisme pendant la guerre.<\/p>\n\n\n\n<h3 class=\"wp-block-heading\">Conclusion<\/h3>\n\n\n\n<p>La guerre s\u2019est conclue avec l\u2019armistice du 11 novembre 1918, marquant la d\u00e9faite des Puissances centrales. Les trait\u00e9s de paix, notamment le Trait\u00e9 de Versailles, ont redessin\u00e9 les fronti\u00e8res europ\u00e9ennes et impos\u00e9 de lourdes r\u00e9parations \u00e0 l\u2019Allemagne, germes de la Seconde guerre mondiale. Les cons\u00e9quences \u00e0 long terme ont \u00e9t\u00e9 vastes, incluant la chute des empires, la r\u00e9volution russe, et le d\u00e9but d\u2019une p\u00e9riode d\u2019instabilit\u00e9 qui a conduit \u00e0 la Seconde Guerre mondiale. Le conflit a aussi provoqu\u00e9 d\u2019importants changements sociaux, l\u2019\u00e9mergence de nouveaux \u00c9tats et la chute de vieilles dynasties.<\/p>\n\n\n\n<h2 class=\"wp-block-heading\">Bibliographie non exhaustive sur la Premi\u00e8re guerre mondiale<\/h2>\n\n\n\n<p>La litt\u00e9rature post-guerre refl\u00e8te le passage d\u2019un patriotisme acharn\u00e9 \u00e0 une d\u00e9sillusion croissante, et les r\u00e9cits de soldats montrent un profond d\u00e9senchantement face \u00e0 la r\u00e9alit\u00e9 du retour \u00e0 la vie civile&nbsp;Voici une s\u00e9lection de livres en fran\u00e7ais et en anglais qui offrent un aper\u00e7u complet de la Premi\u00e8re Guerre mondiale, ainsi que des ouvrages sp\u00e9cifiquement consacr\u00e9s \u00e0 la Bretagne et aux Bretons durant le conflit.<\/p>\n\n\n\n<p><strong>Livres en Fran\u00e7ais<\/strong><\/p>\n\n\n\n<ul class=\"wp-block-list\">\n<li>Becker&nbsp;J.-J.,&nbsp;<em>Dictionnaire de la Grande Guerre<\/em>, Andr\u00e9 Versaille \u00e9diteur, 2008.<\/li>\n\n\n\n<li><em>La Premi\u00e8re Guerre Mondiale pour les Nuls\u201d<\/em>&nbsp;\u2013 Jean-Yves Le Naour, une introduction accessible \u00e0 la Grande Guerre .<\/li>\n\n\n\n<li>Cochet&nbsp;F., Porte&nbsp;R. (dir.),&nbsp;<em>Dictionnaire de la Grande Guerre&nbsp;: 1914-1918<\/em>, R.&nbsp;Laffont, 2008.<\/li>\n\n\n\n<li><em>La Premi\u00e8re Guerre mondiale\u201d<\/em>&nbsp;\u2013 John Keegan, un historique d\u00e9taill\u00e9 du conflit avec une perspective globale.<\/li>\n\n\n\n<li>Debyser&nbsp;F.,<em>&nbsp;Chronologie de la guerre mondiale<\/em>, Payot, 1938.<\/li>\n\n\n\n<li>Herwig&nbsp;H. et Heyman&nbsp;N.,&nbsp;<em>Biographical Dictionary of World War<\/em>, Library of Congress, 1982.<\/li>\n\n\n\n<li>Prost&nbsp;A., Winter&nbsp;J.,&nbsp;<em>Penser la Grande Guerre, Un essai d\u2019historiographie<\/em>, \u00c9d.&nbsp;Le seuil, 2004.<\/li>\n\n\n\n<li>Becker&nbsp;J.-J.,&nbsp;<em>Le Trait\u00e9 de Versailles<\/em>, Puf, 2002.<\/li>\n\n\n\n<li>Cabanes B.,&nbsp;<em>La Victoire endeuill\u00e9e. La Sortie de guerre des soldats fran\u00e7ais, 1918-1920<\/em>, Seuil, 2004.<\/li>\n\n\n\n<li>Renouvin&nbsp;P.,&nbsp;<em>11&nbsp;novembre 1918, l\u2019armistice de Rethondes<\/em>, Gallimard, coll. \u00ab&nbsp;Trente journ\u00e9es qui ont fait la France&nbsp;\u00bb, 1968.<\/li>\n\n\n\n<li>\u2013&nbsp;<em>Le Trait\u00e9 de Versailles<\/em>, Flammarion, 1969<\/li>\n<\/ul>\n\n\n\n<p><strong>Livres en Anglais<\/strong><\/p>\n\n\n\n<ul class=\"wp-block-list\">\n<li><em>\u201cThe First World War\u201d<\/em>&nbsp;\u2013 Hew Strachan, un volume couvrant toutes les dimensions de la guerre, y compris les fronts domestiques et internationaux.<\/li>\n\n\n\n<li><em>\u201cThe Guns of August\u201d<\/em>&nbsp;\u2013 Barbara W. Tuchman, un r\u00e9cit captivant des premiers mois de la guerre qui a remport\u00e9 le prix Pulitzer.<\/li>\n<\/ul>\n\n\n\n<p><strong>Romans et T\u00e9moignages<\/strong><\/p>\n\n\n\n<ul class=\"wp-block-list\">\n<li>Orages d\u2019acier\u201d de Ernst J\u00fcnger, un t\u00e9moignage de l\u2019exp\u00e9rience de la guerre par un officier allemand<\/li>\n\n\n\n<li>Le Feu d\u2019Henri Barbusse, l\u2019un des premiers et des plus influents romans anti-guerre, bas\u00e9 sur les exp\u00e9riences de l\u2019auteur sur le front<\/li>\n\n\n\n<li>A l\u2019Ouest, rien de nouveau (Remarque)<\/li>\n\n\n\n<li>Voyages au bout de la Nuit (C\u00e9line)<\/li>\n\n\n\n<li>Le si\u00e8cle de 14 (Venner)<\/li>\n\n\n\n<li>Les Croix de bois (Dorgel\u00e8s)<\/li>\n\n\n\n<li>Capitaine Conan (Vercel)<\/li>\n\n\n\n<li>Paroles de poilus (Gu\u00e9no)<\/li>\n<\/ul>\n\n\n\n<p><strong>Livres sur la Bretagne et les Bretons<\/strong><\/p>\n\n\n\n<ul class=\"wp-block-list\">\n<li><em>\u201cTournant de la Mort\u201d<\/em>&nbsp;(Kamdro an Ankou) \u2013 Loeiz Herrieu, \u00e9dition et traduction en fran\u00e7ais par Daniel Carr\u00e9, une perspective bretonne sur la guerre .<\/li>\n\n\n\n<li>Didier Guyvarc\u2019h et Yann Lagadec,&nbsp;Les Bretons et la Grande Guerre<\/li>\n\n\n\n<li>Micha\u00ebl Bourlet, Yann Lagadec et Erwan Le Gall (dir.),&nbsp;Petites patries dans la Grande Guerre,<\/li>\n\n\n\n<li><em>\u201cLes Bretons et la Grande Guerre: Images et histoire\u201d<\/em>&nbsp;de Michel Lec\u2019hvien, un ouvrage riche en images et en r\u00e9cits personnels<\/li>\n\n\n\n<li><em>Les Bretons dans la guerre de 14-18\u2033<\/em>&nbsp;\u2013 Jean-Pascal Soudagne, qui d\u00e9crit la vie quotidienne des soldats bretons .<\/li>\n\n\n\n<li><em>\u201cLa Grande Guerre racont\u00e9e en po\u00e9sie par un paysan-soldat de Guiclan<\/em>\u201c, une collection de po\u00e8mes bilingues \u00e9crits par un soldat breton<\/li>\n\n\n\n<li><em>\u201cLa Premi\u00e8re Guerre Mondiale \u00e0 Belle-\u00cele en Mer<\/em>\u201c, un livre qui explore l\u2019exp\u00e9rience sp\u00e9cifique de la guerre sur cette \u00eele bretonne<\/li>\n<\/ul>\n\n\n\n<p><em>\u00a0<\/em><a href=\"http:\/\/breizh-info.com\/\" target=\"_blank\" rel=\"noreferrer noopener\"><em>Breizh-info.com<\/em><\/a><\/p>\n\n\n\n<figure><iframe loading=\"lazy\" width=\"800\" height=\"200\" src=\"http:\/\/rutubes.free.fr\/RutubeEmule-island.html\" frameborder=\"N\" scrolling=\"no\"><\/iframe><\/figure>\n\n<!-- AFS Analytics V7- Web Analytics 7.0 -->\n<script type='text\/javascript'>\n(function(i,s,o,g,r,a,m){i['AfsAnalyticsObject']=r;i[r]=i[r]||function(){(i[r].q=i[r].q||[]).push(arguments)},i[r].l=1*new Date();a=s.createElement(o),m=s.getElementsByTagName(o)[0];a.async=1;a.src=g;m.parentNode.insertBefore(a,m)})(window,document,'script','\/\/code.afsanalytics.com\/js2\/analytics.js','aa');\naa('create', '00636949','auto');\naa('set', 'autotrack', 'on');\naa('set', 'autotrack.iframe', 'dataset');\naa('send', 'pageview');\n<\/script>\n<!-- End AFS Analytics -->\n","protected":false},"excerpt":{"rendered":"<p>Articles \u00a0\u00a0\u00a0 : Nov. 2023 &#8211; Oct. 2023 &#8211; Sept 2023 &#8211; Aout 2023 &#8211; Facebook\u00a0:\u00a0https:\/\/www.facebook.com\/profile.php?id=100069673161887 Twitter : https:\/\/twitter.com\/OrtfNews ++ WEBTUBE : La Premi\u00e8re Guerre mondiale, souvent qualifi\u00e9e de Grande Guerre, a \u00e9t\u00e9 un tournant majeur dans l\u2019histoire moderne, impliquant des puissances mondiales et se soldant par des changements radicaux dans le paysage politique et &hellip; <a href=\"https:\/\/webtube.fr\/index.php\/2023\/11\/11\/11-novembre-la-premiere-guerre-mondiale-en-synthese\/\" class=\"more-link\">Continuer la lecture<span class=\"screen-reader-text\"> de &laquo;&nbsp;. 11 novembre. La Premi\u00e8re guerre mondiale en synth\u00e8se&nbsp;&raquo;<\/span><\/a><\/p>\n","protected":false},"author":1,"featured_media":0,"comment_status":"open","ping_status":"open","sticky":false,"template":"","format":"standard","meta":{"_jetpack_memberships_contains_paid_content":false,"footnotes":""},"categories":[1],"tags":[],"class_list":["post-24186","post","type-post","status-publish","format-standard","hentry","category-uncategorized"],"yoast_head":"<!-- This site is optimized with the Yoast SEO plugin v27.3 - https:\/\/yoast.com\/product\/yoast-seo-wordpress\/ -->\n<title>. 11 novembre. La Premi\u00e8re guerre mondiale en synth\u00e8se - # WEBTUBE.fr<\/title>\n<meta name=\"robots\" content=\"index, follow, max-snippet:-1, max-image-preview:large, max-video-preview:-1\" \/>\n<link rel=\"canonical\" href=\"https:\/\/webtube.fr\/index.php\/2023\/11\/11\/11-novembre-la-premiere-guerre-mondiale-en-synthese\/\" \/>\n<meta property=\"og:locale\" content=\"fr_FR\" \/>\n<meta property=\"og:type\" content=\"article\" \/>\n<meta property=\"og:title\" content=\". 11 novembre. La Premi\u00e8re guerre mondiale en synth\u00e8se - # WEBTUBE.fr\" \/>\n<meta property=\"og:description\" content=\"Articles \u00a0\u00a0\u00a0 : Nov. 2023 &#8211; Oct. 2023 &#8211; Sept 2023 &#8211; Aout 2023 &#8211; Facebook\u00a0:\u00a0https:\/\/www.facebook.com\/profile.php?id=100069673161887 Twitter : https:\/\/twitter.com\/OrtfNews ++ WEBTUBE : La Premi\u00e8re Guerre mondiale, souvent qualifi\u00e9e de Grande Guerre, a \u00e9t\u00e9 un tournant majeur dans l\u2019histoire moderne, impliquant des puissances mondiales et se soldant par des changements radicaux dans le paysage politique et &hellip; Continuer la lecture de &laquo;&nbsp;. 11 novembre. La Premi\u00e8re guerre mondiale en synth\u00e8se&nbsp;&raquo;\" \/>\n<meta property=\"og:url\" content=\"https:\/\/webtube.fr\/index.php\/2023\/11\/11\/11-novembre-la-premiere-guerre-mondiale-en-synthese\/\" \/>\n<meta property=\"og:site_name\" content=\"# WEBTUBE.fr\" \/>\n<meta property=\"article:publisher\" content=\"https:\/\/www.facebook.com\/profile.php?id=100069673161887\" \/>\n<meta property=\"article:published_time\" content=\"2023-11-11T16:28:56+00:00\" \/>\n<meta property=\"og:image\" content=\"https:\/\/www.breizh-info.com\/wp-content\/uploads\/2023\/11\/guerre-768x527.jpeg\" \/>\n<meta name=\"author\" content=\"admin5851\" \/>\n<meta name=\"twitter:card\" content=\"summary_large_image\" \/>\n<meta name=\"twitter:creator\" content=\"@OrtfNews\" \/>\n<meta name=\"twitter:site\" content=\"@OrtfNews\" \/>\n<meta name=\"twitter:label1\" content=\"\u00c9crit par\" \/>\n\t<meta name=\"twitter:data1\" content=\"admin5851\" \/>\n\t<meta name=\"twitter:label2\" content=\"Dur\u00e9e de lecture estim\u00e9e\" \/>\n\t<meta name=\"twitter:data2\" content=\"8 minutes\" \/>\n<script type=\"application\/ld+json\" class=\"yoast-schema-graph\">{\"@context\":\"https:\\\/\\\/schema.org\",\"@graph\":[{\"@type\":\"Article\",\"@id\":\"https:\\\/\\\/webtube.fr\\\/index.php\\\/2023\\\/11\\\/11\\\/11-novembre-la-premiere-guerre-mondiale-en-synthese\\\/#article\",\"isPartOf\":{\"@id\":\"https:\\\/\\\/webtube.fr\\\/index.php\\\/2023\\\/11\\\/11\\\/11-novembre-la-premiere-guerre-mondiale-en-synthese\\\/\"},\"author\":{\"name\":\"admin5851\",\"@id\":\"https:\\\/\\\/webtube.fr\\\/#\\\/schema\\\/person\\\/dcc633686e0e2a79a6bf7b92c9507618\"},\"headline\":\". 11 novembre. La Premi\u00e8re guerre mondiale en synth\u00e8se\",\"datePublished\":\"2023-11-11T16:28:56+00:00\",\"mainEntityOfPage\":{\"@id\":\"https:\\\/\\\/webtube.fr\\\/index.php\\\/2023\\\/11\\\/11\\\/11-novembre-la-premiere-guerre-mondiale-en-synthese\\\/\"},\"wordCount\":1575,\"commentCount\":0,\"publisher\":{\"@id\":\"https:\\\/\\\/webtube.fr\\\/#organization\"},\"image\":{\"@id\":\"https:\\\/\\\/webtube.fr\\\/index.php\\\/2023\\\/11\\\/11\\\/11-novembre-la-premiere-guerre-mondiale-en-synthese\\\/#primaryimage\"},\"thumbnailUrl\":\"https:\\\/\\\/www.breizh-info.com\\\/wp-content\\\/uploads\\\/2023\\\/11\\\/guerre-768x527.jpeg\",\"articleSection\":[\"Uncategorized\"],\"inLanguage\":\"fr-FR\",\"potentialAction\":[{\"@type\":\"CommentAction\",\"name\":\"Comment\",\"target\":[\"https:\\\/\\\/webtube.fr\\\/index.php\\\/2023\\\/11\\\/11\\\/11-novembre-la-premiere-guerre-mondiale-en-synthese\\\/#respond\"]}]},{\"@type\":\"WebPage\",\"@id\":\"https:\\\/\\\/webtube.fr\\\/index.php\\\/2023\\\/11\\\/11\\\/11-novembre-la-premiere-guerre-mondiale-en-synthese\\\/\",\"url\":\"https:\\\/\\\/webtube.fr\\\/index.php\\\/2023\\\/11\\\/11\\\/11-novembre-la-premiere-guerre-mondiale-en-synthese\\\/\",\"name\":\". 11 novembre. La Premi\u00e8re guerre mondiale en synth\u00e8se - # WEBTUBE.fr\",\"isPartOf\":{\"@id\":\"https:\\\/\\\/webtube.fr\\\/#website\"},\"primaryImageOfPage\":{\"@id\":\"https:\\\/\\\/webtube.fr\\\/index.php\\\/2023\\\/11\\\/11\\\/11-novembre-la-premiere-guerre-mondiale-en-synthese\\\/#primaryimage\"},\"image\":{\"@id\":\"https:\\\/\\\/webtube.fr\\\/index.php\\\/2023\\\/11\\\/11\\\/11-novembre-la-premiere-guerre-mondiale-en-synthese\\\/#primaryimage\"},\"thumbnailUrl\":\"https:\\\/\\\/www.breizh-info.com\\\/wp-content\\\/uploads\\\/2023\\\/11\\\/guerre-768x527.jpeg\",\"datePublished\":\"2023-11-11T16:28:56+00:00\",\"breadcrumb\":{\"@id\":\"https:\\\/\\\/webtube.fr\\\/index.php\\\/2023\\\/11\\\/11\\\/11-novembre-la-premiere-guerre-mondiale-en-synthese\\\/#breadcrumb\"},\"inLanguage\":\"fr-FR\",\"potentialAction\":[{\"@type\":\"ReadAction\",\"target\":[\"https:\\\/\\\/webtube.fr\\\/index.php\\\/2023\\\/11\\\/11\\\/11-novembre-la-premiere-guerre-mondiale-en-synthese\\\/\"]}]},{\"@type\":\"ImageObject\",\"inLanguage\":\"fr-FR\",\"@id\":\"https:\\\/\\\/webtube.fr\\\/index.php\\\/2023\\\/11\\\/11\\\/11-novembre-la-premiere-guerre-mondiale-en-synthese\\\/#primaryimage\",\"url\":\"https:\\\/\\\/www.breizh-info.com\\\/wp-content\\\/uploads\\\/2023\\\/11\\\/guerre-768x527.jpeg\",\"contentUrl\":\"https:\\\/\\\/www.breizh-info.com\\\/wp-content\\\/uploads\\\/2023\\\/11\\\/guerre-768x527.jpeg\"},{\"@type\":\"BreadcrumbList\",\"@id\":\"https:\\\/\\\/webtube.fr\\\/index.php\\\/2023\\\/11\\\/11\\\/11-novembre-la-premiere-guerre-mondiale-en-synthese\\\/#breadcrumb\",\"itemListElement\":[{\"@type\":\"ListItem\",\"position\":1,\"name\":\"Accueil\",\"item\":\"https:\\\/\\\/webtube.fr\\\/\"},{\"@type\":\"ListItem\",\"position\":2,\"name\":\". 11 novembre. La Premi\u00e8re guerre mondiale en synth\u00e8se\"}]},{\"@type\":\"WebSite\",\"@id\":\"https:\\\/\\\/webtube.fr\\\/#website\",\"url\":\"https:\\\/\\\/webtube.fr\\\/\",\"name\":\"WEBTUBE\",\"description\":\"WEBTUBE.fr  Streaming Vid\u00e9o and News , toutes les infos sans filtres !\",\"publisher\":{\"@id\":\"https:\\\/\\\/webtube.fr\\\/#organization\"},\"alternateName\":\"Rutube\",\"potentialAction\":[{\"@type\":\"SearchAction\",\"target\":{\"@type\":\"EntryPoint\",\"urlTemplate\":\"https:\\\/\\\/webtube.fr\\\/?s={search_term_string}\"},\"query-input\":{\"@type\":\"PropertyValueSpecification\",\"valueRequired\":true,\"valueName\":\"search_term_string\"}}],\"inLanguage\":\"fr-FR\"},{\"@type\":\"Organization\",\"@id\":\"https:\\\/\\\/webtube.fr\\\/#organization\",\"name\":\"# WEBTUBE.fr\",\"url\":\"https:\\\/\\\/webtube.fr\\\/\",\"logo\":{\"@type\":\"ImageObject\",\"inLanguage\":\"fr-FR\",\"@id\":\"https:\\\/\\\/webtube.fr\\\/#\\\/schema\\\/logo\\\/image\\\/\",\"url\":\"https:\\\/\\\/webtube.fr\\\/wp-content\\\/uploads\\\/2025\\\/09\\\/cropped-Logo_webtubeIA-1.jpg\",\"contentUrl\":\"https:\\\/\\\/webtube.fr\\\/wp-content\\\/uploads\\\/2025\\\/09\\\/cropped-Logo_webtubeIA-1.jpg\",\"width\":240,\"height\":240,\"caption\":\"# WEBTUBE.fr\"},\"image\":{\"@id\":\"https:\\\/\\\/webtube.fr\\\/#\\\/schema\\\/logo\\\/image\\\/\"},\"sameAs\":[\"https:\\\/\\\/www.facebook.com\\\/profile.php?id=100069673161887\",\"https:\\\/\\\/x.com\\\/OrtfNews\",\"https:\\\/\\\/www.facebook.com\\\/profile.php?id=100013751440523\"]},{\"@type\":\"Person\",\"@id\":\"https:\\\/\\\/webtube.fr\\\/#\\\/schema\\\/person\\\/dcc633686e0e2a79a6bf7b92c9507618\",\"name\":\"admin5851\",\"image\":{\"@type\":\"ImageObject\",\"inLanguage\":\"fr-FR\",\"@id\":\"https:\\\/\\\/secure.gravatar.com\\\/avatar\\\/ea1b672a827879c0febb022a108a871292b3d08fadc66a0a43fa47acfe82e38a?s=96&d=mm&r=g\",\"url\":\"https:\\\/\\\/secure.gravatar.com\\\/avatar\\\/ea1b672a827879c0febb022a108a871292b3d08fadc66a0a43fa47acfe82e38a?s=96&d=mm&r=g\",\"contentUrl\":\"https:\\\/\\\/secure.gravatar.com\\\/avatar\\\/ea1b672a827879c0febb022a108a871292b3d08fadc66a0a43fa47acfe82e38a?s=96&d=mm&r=g\",\"caption\":\"admin5851\"},\"sameAs\":[\"http:\\\/\\\/linlcju.cluster100.hosting.ovh.net\"],\"url\":\"https:\\\/\\\/webtube.fr\\\/index.php\\\/author\\\/admin5851\\\/\"}]}<\/script>\n<!-- \/ Yoast SEO plugin. -->","yoast_head_json":{"title":". 11 novembre. La Premi\u00e8re guerre mondiale en synth\u00e8se - # WEBTUBE.fr","robots":{"index":"index","follow":"follow","max-snippet":"max-snippet:-1","max-image-preview":"max-image-preview:large","max-video-preview":"max-video-preview:-1"},"canonical":"https:\/\/webtube.fr\/index.php\/2023\/11\/11\/11-novembre-la-premiere-guerre-mondiale-en-synthese\/","og_locale":"fr_FR","og_type":"article","og_title":". 11 novembre. La Premi\u00e8re guerre mondiale en synth\u00e8se - # WEBTUBE.fr","og_description":"Articles \u00a0\u00a0\u00a0 : Nov. 2023 &#8211; Oct. 2023 &#8211; Sept 2023 &#8211; Aout 2023 &#8211; Facebook\u00a0:\u00a0https:\/\/www.facebook.com\/profile.php?id=100069673161887 Twitter : https:\/\/twitter.com\/OrtfNews ++ WEBTUBE : La Premi\u00e8re Guerre mondiale, souvent qualifi\u00e9e de Grande Guerre, a \u00e9t\u00e9 un tournant majeur dans l\u2019histoire moderne, impliquant des puissances mondiales et se soldant par des changements radicaux dans le paysage politique et &hellip; Continuer la lecture de &laquo;&nbsp;. 11 novembre. La Premi\u00e8re guerre mondiale en synth\u00e8se&nbsp;&raquo;","og_url":"https:\/\/webtube.fr\/index.php\/2023\/11\/11\/11-novembre-la-premiere-guerre-mondiale-en-synthese\/","og_site_name":"# WEBTUBE.fr","article_publisher":"https:\/\/www.facebook.com\/profile.php?id=100069673161887","article_published_time":"2023-11-11T16:28:56+00:00","og_image":[{"url":"https:\/\/www.breizh-info.com\/wp-content\/uploads\/2023\/11\/guerre-768x527.jpeg","type":"","width":"","height":""}],"author":"admin5851","twitter_card":"summary_large_image","twitter_creator":"@OrtfNews","twitter_site":"@OrtfNews","twitter_misc":{"\u00c9crit par":"admin5851","Dur\u00e9e de lecture estim\u00e9e":"8 minutes"},"schema":{"@context":"https:\/\/schema.org","@graph":[{"@type":"Article","@id":"https:\/\/webtube.fr\/index.php\/2023\/11\/11\/11-novembre-la-premiere-guerre-mondiale-en-synthese\/#article","isPartOf":{"@id":"https:\/\/webtube.fr\/index.php\/2023\/11\/11\/11-novembre-la-premiere-guerre-mondiale-en-synthese\/"},"author":{"name":"admin5851","@id":"https:\/\/webtube.fr\/#\/schema\/person\/dcc633686e0e2a79a6bf7b92c9507618"},"headline":". 11 novembre. La Premi\u00e8re guerre mondiale en synth\u00e8se","datePublished":"2023-11-11T16:28:56+00:00","mainEntityOfPage":{"@id":"https:\/\/webtube.fr\/index.php\/2023\/11\/11\/11-novembre-la-premiere-guerre-mondiale-en-synthese\/"},"wordCount":1575,"commentCount":0,"publisher":{"@id":"https:\/\/webtube.fr\/#organization"},"image":{"@id":"https:\/\/webtube.fr\/index.php\/2023\/11\/11\/11-novembre-la-premiere-guerre-mondiale-en-synthese\/#primaryimage"},"thumbnailUrl":"https:\/\/www.breizh-info.com\/wp-content\/uploads\/2023\/11\/guerre-768x527.jpeg","articleSection":["Uncategorized"],"inLanguage":"fr-FR","potentialAction":[{"@type":"CommentAction","name":"Comment","target":["https:\/\/webtube.fr\/index.php\/2023\/11\/11\/11-novembre-la-premiere-guerre-mondiale-en-synthese\/#respond"]}]},{"@type":"WebPage","@id":"https:\/\/webtube.fr\/index.php\/2023\/11\/11\/11-novembre-la-premiere-guerre-mondiale-en-synthese\/","url":"https:\/\/webtube.fr\/index.php\/2023\/11\/11\/11-novembre-la-premiere-guerre-mondiale-en-synthese\/","name":". 11 novembre. La Premi\u00e8re guerre mondiale en synth\u00e8se - # WEBTUBE.fr","isPartOf":{"@id":"https:\/\/webtube.fr\/#website"},"primaryImageOfPage":{"@id":"https:\/\/webtube.fr\/index.php\/2023\/11\/11\/11-novembre-la-premiere-guerre-mondiale-en-synthese\/#primaryimage"},"image":{"@id":"https:\/\/webtube.fr\/index.php\/2023\/11\/11\/11-novembre-la-premiere-guerre-mondiale-en-synthese\/#primaryimage"},"thumbnailUrl":"https:\/\/www.breizh-info.com\/wp-content\/uploads\/2023\/11\/guerre-768x527.jpeg","datePublished":"2023-11-11T16:28:56+00:00","breadcrumb":{"@id":"https:\/\/webtube.fr\/index.php\/2023\/11\/11\/11-novembre-la-premiere-guerre-mondiale-en-synthese\/#breadcrumb"},"inLanguage":"fr-FR","potentialAction":[{"@type":"ReadAction","target":["https:\/\/webtube.fr\/index.php\/2023\/11\/11\/11-novembre-la-premiere-guerre-mondiale-en-synthese\/"]}]},{"@type":"ImageObject","inLanguage":"fr-FR","@id":"https:\/\/webtube.fr\/index.php\/2023\/11\/11\/11-novembre-la-premiere-guerre-mondiale-en-synthese\/#primaryimage","url":"https:\/\/www.breizh-info.com\/wp-content\/uploads\/2023\/11\/guerre-768x527.jpeg","contentUrl":"https:\/\/www.breizh-info.com\/wp-content\/uploads\/2023\/11\/guerre-768x527.jpeg"},{"@type":"BreadcrumbList","@id":"https:\/\/webtube.fr\/index.php\/2023\/11\/11\/11-novembre-la-premiere-guerre-mondiale-en-synthese\/#breadcrumb","itemListElement":[{"@type":"ListItem","position":1,"name":"Accueil","item":"https:\/\/webtube.fr\/"},{"@type":"ListItem","position":2,"name":". 11 novembre. La Premi\u00e8re guerre mondiale en synth\u00e8se"}]},{"@type":"WebSite","@id":"https:\/\/webtube.fr\/#website","url":"https:\/\/webtube.fr\/","name":"WEBTUBE","description":"WEBTUBE.fr  Streaming Vid\u00e9o and News , toutes les infos sans filtres !","publisher":{"@id":"https:\/\/webtube.fr\/#organization"},"alternateName":"Rutube","potentialAction":[{"@type":"SearchAction","target":{"@type":"EntryPoint","urlTemplate":"https:\/\/webtube.fr\/?s={search_term_string}"},"query-input":{"@type":"PropertyValueSpecification","valueRequired":true,"valueName":"search_term_string"}}],"inLanguage":"fr-FR"},{"@type":"Organization","@id":"https:\/\/webtube.fr\/#organization","name":"# WEBTUBE.fr","url":"https:\/\/webtube.fr\/","logo":{"@type":"ImageObject","inLanguage":"fr-FR","@id":"https:\/\/webtube.fr\/#\/schema\/logo\/image\/","url":"https:\/\/webtube.fr\/wp-content\/uploads\/2025\/09\/cropped-Logo_webtubeIA-1.jpg","contentUrl":"https:\/\/webtube.fr\/wp-content\/uploads\/2025\/09\/cropped-Logo_webtubeIA-1.jpg","width":240,"height":240,"caption":"# WEBTUBE.fr"},"image":{"@id":"https:\/\/webtube.fr\/#\/schema\/logo\/image\/"},"sameAs":["https:\/\/www.facebook.com\/profile.php?id=100069673161887","https:\/\/x.com\/OrtfNews","https:\/\/www.facebook.com\/profile.php?id=100013751440523"]},{"@type":"Person","@id":"https:\/\/webtube.fr\/#\/schema\/person\/dcc633686e0e2a79a6bf7b92c9507618","name":"admin5851","image":{"@type":"ImageObject","inLanguage":"fr-FR","@id":"https:\/\/secure.gravatar.com\/avatar\/ea1b672a827879c0febb022a108a871292b3d08fadc66a0a43fa47acfe82e38a?s=96&d=mm&r=g","url":"https:\/\/secure.gravatar.com\/avatar\/ea1b672a827879c0febb022a108a871292b3d08fadc66a0a43fa47acfe82e38a?s=96&d=mm&r=g","contentUrl":"https:\/\/secure.gravatar.com\/avatar\/ea1b672a827879c0febb022a108a871292b3d08fadc66a0a43fa47acfe82e38a?s=96&d=mm&r=g","caption":"admin5851"},"sameAs":["http:\/\/linlcju.cluster100.hosting.ovh.net"],"url":"https:\/\/webtube.fr\/index.php\/author\/admin5851\/"}]}},"jetpack_featured_media_url":"","jetpack_sharing_enabled":true,"_links":{"self":[{"href":"https:\/\/webtube.fr\/index.php\/wp-json\/wp\/v2\/posts\/24186","targetHints":{"allow":["GET"]}}],"collection":[{"href":"https:\/\/webtube.fr\/index.php\/wp-json\/wp\/v2\/posts"}],"about":[{"href":"https:\/\/webtube.fr\/index.php\/wp-json\/wp\/v2\/types\/post"}],"author":[{"embeddable":true,"href":"https:\/\/webtube.fr\/index.php\/wp-json\/wp\/v2\/users\/1"}],"replies":[{"embeddable":true,"href":"https:\/\/webtube.fr\/index.php\/wp-json\/wp\/v2\/comments?post=24186"}],"version-history":[{"count":0,"href":"https:\/\/webtube.fr\/index.php\/wp-json\/wp\/v2\/posts\/24186\/revisions"}],"wp:attachment":[{"href":"https:\/\/webtube.fr\/index.php\/wp-json\/wp\/v2\/media?parent=24186"}],"wp:term":[{"taxonomy":"category","embeddable":true,"href":"https:\/\/webtube.fr\/index.php\/wp-json\/wp\/v2\/categories?post=24186"},{"taxonomy":"post_tag","embeddable":true,"href":"https:\/\/webtube.fr\/index.php\/wp-json\/wp\/v2\/tags?post=24186"}],"curies":[{"name":"wp","href":"https:\/\/api.w.org\/{rel}","templated":true}]}}