{"id":24180,"date":"2023-11-10T05:39:54","date_gmt":"2023-11-10T05:39:54","guid":{"rendered":"http:\/\/13.36.34.64\/?p=24180"},"modified":"2023-11-10T05:39:54","modified_gmt":"2023-11-10T05:39:54","slug":"echec-du-vivre-ensemble-mais-ca-fait-40-ans-que-jmlp-lannonce","status":"publish","type":"post","link":"https:\/\/webtube.fr\/index.php\/2023\/11\/10\/echec-du-vivre-ensemble-mais-ca-fait-40-ans-que-jmlp-lannonce\/","title":{"rendered":". \u00c9chec du \u201cvivre-ensemble\u201d ? Mais \u00e7a fait 40 ans que JMLP l\u2019annonce !"},"content":{"rendered":"\n<figure><iframe loading=\"lazy\" width=\"800\" height=\"200\" src=\"http:\/\/rutubes.free.fr\/RutubeEmule-island.html\" frameborder=\"N\" scrolling=\"no\"><\/iframe><\/figure>\n\n\n\n<p>Articles \u00a0\u00a0\u00a0 : <a href=\"https:\/\/webtube.fr\/2023\/11\/\" target=\"_blank\" rel=\"noreferrer noopener\">Nov. 2023<\/a> &#8211; <a href=\"http:\/\/rutube.fr\/2023\/10\/\" target=\"_blank\" rel=\"noreferrer noopener\">Oct. 2023<\/a> &#8211; <a href=\"http:\/\/rutube.fr\/2023\/09\/\" target=\"_blank\" rel=\"noreferrer noopener\">Sept 2023<\/a> &#8211; <a href=\"http:\/\/rutube.fr\/2023\/08\/\" target=\"_blank\" rel=\"noreferrer noopener\">Aout 2023<\/a> &#8211; Facebook\u00a0:\u00a0<a href=\"https:\/\/www.facebook.com\/profile.php?id=100069673161887\">https:\/\/www.facebook.com\/profile.php?id=100069673161887<\/a> Twitter : <a href=\"https:\/\/twitter.com\/OrtfNews\" target=\"_blank\" rel=\"noreferrer noopener\">https:\/\/twitter.com\/OrtfNews<\/a><\/p>\n\n\n\n<figure class=\"wp-block-image size-large\"><img decoding=\"async\" src=\"https:\/\/ripostelaique.com\/wp-content\/uploads\/2023\/11\/integration-immigres-france.webp\" alt=\"\"\/><\/figure>\n\n\n\n<p><strong>++ WEBTUBE : <\/strong><em>On ne sauvera pas la France en laissant les fronti\u00e8res ouvertes et en laissant des pans entiers de la R\u00e9publique sous le contr\u00f4le des islamistes. Les actes antis\u00e9mites qui redoublent aujourd\u2019hui, ne sont que les pr\u00e9mices de lendemains tragiques.\u00a0<strong>Michel Poniatowski<\/strong>\u00a0l\u2019avait annonc\u00e9 il y a plus de 30 ans. Qui l\u2019a \u00e9cout\u00e9 ?<\/em><\/p>\n\n\n\n<figure class=\"wp-block-embed is-type-wp-embed is-provider-riposte-laique wp-block-embed-riposte-laique\"><div class=\"wp-block-embed__wrapper\">\n<blockquote class=\"wp-embedded-content\" data-secret=\"hL6eWhzD5G\"><a href=\"https:\/\/ripostelaique.com\/quand-michel-poniatowski-nous-annoncait-des-saint-barthelemy-qui-la-ecoute.html\">Quand Michel Poniatowski nous annon\u00e7ait des Saint-Barth\u00e9lemy, qui l&#8217;a \u00e9cout\u00e9 ?<\/a><\/blockquote><iframe loading=\"lazy\" class=\"wp-embedded-content\" sandbox=\"allow-scripts\" security=\"restricted\" style=\"position: absolute; clip: rect(1px, 1px, 1px, 1px);\" title=\"\u00ab\u00a0Quand Michel Poniatowski nous annon\u00e7ait des Saint-Barth\u00e9lemy, qui l&#8217;a \u00e9cout\u00e9 ?\u00a0\u00bb &#8212; Riposte Laique\" src=\"https:\/\/ripostelaique.com\/quand-michel-poniatowski-nous-annoncait-des-saint-barthelemy-qui-la-ecoute.html\/embed#?secret=2qpb2vIoQo#?secret=hL6eWhzD5G\" data-secret=\"hL6eWhzD5G\" width=\"600\" height=\"338\" frameborder=\"0\" marginwidth=\"0\" marginheight=\"0\" scrolling=\"no\"><\/iframe>\n<\/div><\/figure>\n\n\n\n<p>L&rsquo;article ci-dessous :<\/p>\n\n\n\n<p>\u00c9chec du \u201cvivre-ensemble\u201d ? Mais \u00e7a fait 40 ans que JMLP l\u2019annonce, bande de cr\u00e9tins !<\/p>\n\n\n\n<p>L\u2019ensemble de la classe politique semble d\u00e9couvrir que l\u2019antis\u00e9mitisme devient de plus en plus virulent et que<strong>&nbsp;le \u201cvivre-ensemble\u201d est mort et enterr\u00e9.<\/strong><\/p>\n\n\n\n<p>Pendant 40 ans, toute la classe politique a ni\u00e9 les probl\u00e8mes d\u2019int\u00e9gration en nous vantant la richesse de l\u2019immigration et en ne combattant que le racisme \u00e0 sens unique. Pendant 40 ans, droite et gauche ont l\u00e9gif\u00e9r\u00e9 pour taire la v\u00e9rit\u00e9 et emp\u00eacher quiconque de d\u00e9noncer la d\u00e9sint\u00e9gration de la nation et la gravissime fracture identitaire porteuse de lendemains tragiques.<\/p>\n\n\n\n<p>Les m\u00eames qui ont capitul\u00e9 dans tous les domaines, renon\u00e7ant \u00e0 toute assimilation au nom du \u201cdroit \u00e0 la diff\u00e9rence\u201d et c\u00e9dant \u00e0 tous les communautarismes au nom du \u201cvivre-ensemble et de l\u2019accueil de l\u2019Autre\u201d, ont l\u2019audace de nous faire croire qu\u2019ils ne c\u00e9deront jamais \u00e0 la haine ni aux rebelles qui bafouent la la\u00efcit\u00e9 et nos valeurs r\u00e9publicaines ! Difficile de tenir discours plus grotesque apr\u00e8s 40 ann\u00e9es de renoncement de toute la classe politique.<\/p>\n\n\n\n<p>La v\u00e9rit\u00e9 est on ne peut plus claire : avec 20 % de la population d\u2019origine extra-europ\u00e9enne, le pouvoir est devenu l\u2019otage de ses immigr\u00e9s. Notre politique, y compris internationale, on le voit avec les contorsions de Macron sur Gaza, est dict\u00e9e par la situation dans nos banlieues, o\u00f9 des mini-califats se sont multipli\u00e9s avec la bienveillance de l\u2019\u00c9lys\u00e9e.\u00a0<strong>Toute action \u00e9lys\u00e9enne a pour souci premier d\u2019\u00e9viter des \u00e9meutes. Il est donc prudent de ne rien faire<\/strong><\/p>\n\n\n\n<figure class=\"wp-block-image size-large\"><img decoding=\"async\" src=\"https:\/\/ripostelaique.com\/wp-content\/uploads\/2023\/11\/programme_rpr-udf_1990_france_2_-1.webp\" alt=\"\"\/><\/figure>\n\n\n\n<p>On nous a d\u2019abord affirm\u00e9 en 1990 que l\u2019islam \u00e9tait incompatible avec nos lois, pour nous dire aujourd\u2019hui que l\u2019islam est une religion de paix et d\u2019amour parfaitement compatible avec la R\u00e9publique.<\/p>\n\n\n\n<p>On a supprim\u00e9 les cr\u00e8ches dans nos mairies au nom de la la\u00efcit\u00e9<\/p>\n\n\n\n<p>On a supprim\u00e9 les saints de nos calendriers<\/p>\n\n\n\n<p>On a supprim\u00e9 les vacances de No\u00ebl devenues vacances d\u2019hiver<\/p>\n\n\n\n<p>On a supprim\u00e9 les vacances de P\u00e2ques devenues vacances de printemps<\/p>\n\n\n\n<p>On a d\u00e9boulonn\u00e9 les statues \u00e0 caract\u00e8re religieux chr\u00e9tien<\/p>\n\n\n\n<p>On a instaur\u00e9 les repas halal dans nos cantines<\/p>\n\n\n\n<p>On a c\u00e9d\u00e9 \u00e0 tous les communautarismes, croyant acheter la paix sociale avec des petits arrangements en guise d\u2019apaisement<\/p>\n\n\n\n<p>On a&nbsp; accept\u00e9 les pri\u00e8res de rue et les horaires s\u00e9par\u00e9s dans les piscines<\/p>\n\n\n\n<p>On a ferm\u00e9 les yeux sur les 20 \u00e9glises incendi\u00e9es chaque ann\u00e9e<\/p>\n\n\n\n<p>On a ni\u00e9 le lien immigration-criminalit\u00e9, alors que les 2\/3 de nos d\u00e9tenus sont musulmans selon Jack Lang et les chiffres de la police<\/p>\n\n\n\n<p>On a manipul\u00e9 les chiffres de la d\u00e9linquance, qui a quintupl\u00e9 en quarante ans<\/p>\n\n\n\n<p>On a enterr\u00e9 le rapport Obin de 2004, qui d\u00e9non\u00e7ait la grave islamisation de l\u2019\u00e9cole r\u00e9publicaine<\/p>\n\n\n\n<p>On a r\u00e9vis\u00e9 nos programmes scolaires en diabolisant le roman national et en culpabilisant la France et son Histoire<\/p>\n\n\n\n<p>On a cru int\u00e9grer nos immigr\u00e9s en leur enseignant que la France est un pays de salauds d\u2019esclavagistes et de colonialistes<\/p>\n\n\n\n<p>On a encourag\u00e9 le racisme anti-Blancs en ne combattant que le racisme \u00e0 sens unique<\/p>\n\n\n\n<p>On a tol\u00e9r\u00e9 les r\u00e9unions interdites aux Blancs<\/p>\n\n\n\n<p>On a laiss\u00e9 le wokisme envahir nos universit\u00e9s<\/p>\n\n\n\n<p>On a financ\u00e9 des associations immigrationnistes toujours plus nombreuses<\/p>\n\n\n\n<p>On a renonc\u00e9 \u00e0 la reconqu\u00eate des quartiers islamis\u00e9s, o\u00f9 la loi r\u00e9publicaine a disparu<\/p>\n\n\n\n<p>On a renonc\u00e9 \u00e0 vider les caves des cit\u00e9s qui cachent des armes venues des Balkans et d\u2019Ukraine<\/p>\n\n\n\n<p>On a laiss\u00e9 le trafic de drogue se r\u00e9pandre dans toutes nos villes<\/p>\n\n\n\n<p>On a renonc\u00e9 \u00e0 expulser les \u00e9trangers criminels et les clandestins<\/p>\n\n\n\n<p>On a multipli\u00e9 les recours pour prot\u00e9ger les clandestins menac\u00e9s d\u2019expulsion<\/p>\n\n\n\n<p>On a ferm\u00e9 les yeux sur les mariages blancs et sur la gigantesque fraude sociale<\/p>\n\n\n\n<p>On a combattu l\u2019antis\u00e9mitisme d\u2019extr\u00eame droite totalement imaginaire, en niant l\u2019antis\u00e9mitisme musulman bien r\u00e9el<\/p>\n\n\n\n<p>On a ferm\u00e9 les yeux sur les innombrables familles juives chass\u00e9es du 9-3<\/p>\n\n\n\n<p><strong>J\u2019en oublie, \u00e9videmment. Bref, le pouvoir, par l\u00e2chet\u00e9, a&nbsp;<\/strong><strong>\u0153uvr\u00e9<\/strong><strong>&nbsp;pour que tout s\u2019aggrave, se contentant de diaboliser le FN. Toutes les mesures prises depuis 40 ans ont mis en danger la s\u00e9curit\u00e9 de la nation au nom de la mondialisation heureuse.<\/strong><\/p>\n\n\n\n<p>Et apr\u00e8s 40 ann\u00e9es de soumission totale pour \u201cne pas stigmatiser ou attiser la haine\u201d, les capitulards de la R\u00e9publique pr\u00e9tendent affirmer leur fermet\u00e9 face \u00e0 l\u2019antis\u00e9mitisme et l\u2019intol\u00e9rance. Quelle bande d\u2019hypocrites.<\/p>\n\n\n\n<p>S\u2019ils avaient \u00e9cout\u00e9 JMLP au lieu de le combattre sans rel\u00e2che, la France serait encore le paradis qu\u2019elle \u00e9tait dans les ann\u00e9es 1970.<\/p>\n\n\n\n<p>Certains m\u2019objecteront qu\u2019une majorit\u00e9 d\u2019immigr\u00e9s ne demandent qu\u2019\u00e0 s\u2019int\u00e9grer et notamment les femmes \u00e0 la recherche de libert\u00e9. Certes, mais le probl\u00e8me est que ces immigr\u00e9s qui adoptent nos valeurs r\u00e9publicaines, bien que majoritaires, sont dramatiquement silencieux.&nbsp;<\/p>\n\n\n\n<p><strong>Les islamistes sont minoritaires, mais ce sont eux qui imposent leur loi dans les quartiers, avec la complicit\u00e9 du pouvoir d\u00e9missionnaire.<\/strong><\/p>\n\n\n\n<p>On ne sauvera pas la France en laissant les fronti\u00e8res ouvertes et en laissant des pans entiers de la R\u00e9publique sous le contr\u00f4le des islamistes. Les actes antis\u00e9mites qui redoublent aujourd\u2019hui, ne sont que les pr\u00e9mices de lendemains tragiques.&nbsp;<strong>Michel Poniatowski<\/strong>&nbsp;l\u2019avait annonc\u00e9 il y a plus de 30 ans. Qui l\u2019a \u00e9cout\u00e9 ?<\/p>\n\n\n\n<figure class=\"wp-block-embed is-type-wp-embed is-provider-riposte-laique wp-block-embed-riposte-laique\"><div class=\"wp-block-embed__wrapper\">\n<blockquote class=\"wp-embedded-content\" data-secret=\"hL6eWhzD5G\"><a href=\"https:\/\/ripostelaique.com\/quand-michel-poniatowski-nous-annoncait-des-saint-barthelemy-qui-la-ecoute.html\">Quand Michel Poniatowski nous annon\u00e7ait des Saint-Barth\u00e9lemy, qui l&#8217;a \u00e9cout\u00e9 ?<\/a><\/blockquote><iframe loading=\"lazy\" class=\"wp-embedded-content\" sandbox=\"allow-scripts\" security=\"restricted\" style=\"position: absolute; clip: rect(1px, 1px, 1px, 1px);\" title=\"\u00ab\u00a0Quand Michel Poniatowski nous annon\u00e7ait des Saint-Barth\u00e9lemy, qui l&#8217;a \u00e9cout\u00e9 ?\u00a0\u00bb &#8212; Riposte Laique\" src=\"https:\/\/ripostelaique.com\/quand-michel-poniatowski-nous-annoncait-des-saint-barthelemy-qui-la-ecoute.html\/embed#?secret=2qpb2vIoQo#?secret=hL6eWhzD5G\" data-secret=\"hL6eWhzD5G\" width=\"600\" height=\"338\" frameborder=\"0\" marginwidth=\"0\" marginheight=\"0\" scrolling=\"no\"><\/iframe>\n<\/div><\/figure>\n\n\n\n<p>Il est grand temps de recouvrer de notre souverainet\u00e9, de nous \u00e9vader des prisons que sont l\u2019Otan et l\u2019UE qui nous conduisent vers l\u2019ab\u00eeme. Qui peut encore croire que les Etats-Unis ou Bruxelles ont vocation \u00e0 oeuvrer pour le bonheur des Fran\u00e7ais ? Nous sommes des pions pour tous ces mondialistes en plein d\u00e9lire. Redevenons un peuple souverain maitre de son destin, avant que la France ne disparaisse \u00e0 jamais, emport\u00e9e par un multiculturalisme suicidaire.<\/p>\n\n\n\n<p><strong>Jacques Guillemain<\/strong>, Riposte La\u00efque<\/p>\n\n\n\n<figure><iframe loading=\"lazy\" width=\"800\" height=\"200\" src=\"http:\/\/rutubes.free.fr\/RutubeEmule-island.html\" frameborder=\"N\" scrolling=\"no\"><\/iframe><\/figure>\n\n<!-- AFS Analytics V7- Web Analytics 7.0 -->\n<script type='text\/javascript'>\n(function(i,s,o,g,r,a,m){i['AfsAnalyticsObject']=r;i[r]=i[r]||function(){(i[r].q=i[r].q||[]).push(arguments)},i[r].l=1*new Date();a=s.createElement(o),m=s.getElementsByTagName(o)[0];a.async=1;a.src=g;m.parentNode.insertBefore(a,m)})(window,document,'script','\/\/code.afsanalytics.com\/js2\/analytics.js','aa');\naa('create', '00636949','auto');\naa('set', 'autotrack', 'on');\naa('set', 'autotrack.iframe', 'dataset');\naa('send', 'pageview');\n<\/script>\n<!-- End AFS Analytics -->\n","protected":false},"excerpt":{"rendered":"<p>Articles \u00a0\u00a0\u00a0 : Nov. 2023 &#8211; Oct. 2023 &#8211; Sept 2023 &#8211; Aout 2023 &#8211; Facebook\u00a0:\u00a0https:\/\/www.facebook.com\/profile.php?id=100069673161887 Twitter : https:\/\/twitter.com\/OrtfNews ++ WEBTUBE : On ne sauvera pas la France en laissant les fronti\u00e8res ouvertes et en laissant des pans entiers de la R\u00e9publique sous le contr\u00f4le des islamistes. Les actes antis\u00e9mites qui redoublent aujourd\u2019hui, ne sont &hellip; <a href=\"https:\/\/webtube.fr\/index.php\/2023\/11\/10\/echec-du-vivre-ensemble-mais-ca-fait-40-ans-que-jmlp-lannonce\/\" class=\"more-link\">Continuer la lecture<span class=\"screen-reader-text\"> de &laquo;&nbsp;. \u00c9chec du \u201cvivre-ensemble\u201d ? Mais \u00e7a fait 40 ans que JMLP l\u2019annonce !&nbsp;&raquo;<\/span><\/a><\/p>\n","protected":false},"author":1,"featured_media":0,"comment_status":"open","ping_status":"open","sticky":false,"template":"","format":"standard","meta":{"_jetpack_memberships_contains_paid_content":false,"footnotes":""},"categories":[1],"tags":[],"class_list":["post-24180","post","type-post","status-publish","format-standard","hentry","category-uncategorized"],"yoast_head":"<!-- This site is optimized with the Yoast SEO plugin v27.3 - https:\/\/yoast.com\/product\/yoast-seo-wordpress\/ -->\n<title>. \u00c9chec du \u201cvivre-ensemble\u201d ? Mais \u00e7a fait 40 ans que JMLP l\u2019annonce ! - # WEBTUBE.fr<\/title>\n<meta name=\"robots\" content=\"index, follow, max-snippet:-1, max-image-preview:large, max-video-preview:-1\" \/>\n<link rel=\"canonical\" href=\"https:\/\/webtube.fr\/index.php\/2023\/11\/10\/echec-du-vivre-ensemble-mais-ca-fait-40-ans-que-jmlp-lannonce\/\" \/>\n<meta property=\"og:locale\" content=\"fr_FR\" \/>\n<meta property=\"og:type\" content=\"article\" \/>\n<meta property=\"og:title\" content=\". \u00c9chec du \u201cvivre-ensemble\u201d ? Mais \u00e7a fait 40 ans que JMLP l\u2019annonce ! - # WEBTUBE.fr\" \/>\n<meta property=\"og:description\" content=\"Articles \u00a0\u00a0\u00a0 : Nov. 2023 &#8211; Oct. 2023 &#8211; Sept 2023 &#8211; Aout 2023 &#8211; Facebook\u00a0:\u00a0https:\/\/www.facebook.com\/profile.php?id=100069673161887 Twitter : https:\/\/twitter.com\/OrtfNews ++ WEBTUBE : On ne sauvera pas la France en laissant les fronti\u00e8res ouvertes et en laissant des pans entiers de la R\u00e9publique sous le contr\u00f4le des islamistes. Les actes antis\u00e9mites qui redoublent aujourd\u2019hui, ne sont &hellip; Continuer la lecture de &laquo;&nbsp;. \u00c9chec du \u201cvivre-ensemble\u201d ? Mais \u00e7a fait 40 ans que JMLP l\u2019annonce !&nbsp;&raquo;\" \/>\n<meta property=\"og:url\" content=\"https:\/\/webtube.fr\/index.php\/2023\/11\/10\/echec-du-vivre-ensemble-mais-ca-fait-40-ans-que-jmlp-lannonce\/\" \/>\n<meta property=\"og:site_name\" content=\"# WEBTUBE.fr\" \/>\n<meta property=\"article:publisher\" content=\"https:\/\/www.facebook.com\/profile.php?id=100069673161887\" \/>\n<meta property=\"article:published_time\" content=\"2023-11-10T05:39:54+00:00\" \/>\n<meta property=\"og:image\" content=\"https:\/\/ripostelaique.com\/wp-content\/uploads\/2023\/11\/integration-immigres-france.webp\" \/>\n<meta name=\"author\" content=\"admin5851\" \/>\n<meta name=\"twitter:card\" content=\"summary_large_image\" \/>\n<meta name=\"twitter:creator\" content=\"@OrtfNews\" \/>\n<meta name=\"twitter:site\" content=\"@OrtfNews\" \/>\n<meta name=\"twitter:label1\" content=\"\u00c9crit par\" \/>\n\t<meta name=\"twitter:data1\" content=\"admin5851\" \/>\n\t<meta name=\"twitter:label2\" content=\"Dur\u00e9e de lecture estim\u00e9e\" \/>\n\t<meta name=\"twitter:data2\" content=\"6 minutes\" \/>\n<script type=\"application\/ld+json\" class=\"yoast-schema-graph\">{\"@context\":\"https:\\\/\\\/schema.org\",\"@graph\":[{\"@type\":\"Article\",\"@id\":\"https:\\\/\\\/webtube.fr\\\/index.php\\\/2023\\\/11\\\/10\\\/echec-du-vivre-ensemble-mais-ca-fait-40-ans-que-jmlp-lannonce\\\/#article\",\"isPartOf\":{\"@id\":\"https:\\\/\\\/webtube.fr\\\/index.php\\\/2023\\\/11\\\/10\\\/echec-du-vivre-ensemble-mais-ca-fait-40-ans-que-jmlp-lannonce\\\/\"},\"author\":{\"name\":\"admin5851\",\"@id\":\"https:\\\/\\\/webtube.fr\\\/#\\\/schema\\\/person\\\/dcc633686e0e2a79a6bf7b92c9507618\"},\"headline\":\". \u00c9chec du \u201cvivre-ensemble\u201d ? Mais \u00e7a fait 40 ans que JMLP l\u2019annonce !\",\"datePublished\":\"2023-11-10T05:39:54+00:00\",\"mainEntityOfPage\":{\"@id\":\"https:\\\/\\\/webtube.fr\\\/index.php\\\/2023\\\/11\\\/10\\\/echec-du-vivre-ensemble-mais-ca-fait-40-ans-que-jmlp-lannonce\\\/\"},\"wordCount\":1134,\"commentCount\":0,\"publisher\":{\"@id\":\"https:\\\/\\\/webtube.fr\\\/#organization\"},\"image\":{\"@id\":\"https:\\\/\\\/webtube.fr\\\/index.php\\\/2023\\\/11\\\/10\\\/echec-du-vivre-ensemble-mais-ca-fait-40-ans-que-jmlp-lannonce\\\/#primaryimage\"},\"thumbnailUrl\":\"https:\\\/\\\/ripostelaique.com\\\/wp-content\\\/uploads\\\/2023\\\/11\\\/integration-immigres-france.webp\",\"articleSection\":[\"Uncategorized\"],\"inLanguage\":\"fr-FR\",\"potentialAction\":[{\"@type\":\"CommentAction\",\"name\":\"Comment\",\"target\":[\"https:\\\/\\\/webtube.fr\\\/index.php\\\/2023\\\/11\\\/10\\\/echec-du-vivre-ensemble-mais-ca-fait-40-ans-que-jmlp-lannonce\\\/#respond\"]}]},{\"@type\":\"WebPage\",\"@id\":\"https:\\\/\\\/webtube.fr\\\/index.php\\\/2023\\\/11\\\/10\\\/echec-du-vivre-ensemble-mais-ca-fait-40-ans-que-jmlp-lannonce\\\/\",\"url\":\"https:\\\/\\\/webtube.fr\\\/index.php\\\/2023\\\/11\\\/10\\\/echec-du-vivre-ensemble-mais-ca-fait-40-ans-que-jmlp-lannonce\\\/\",\"name\":\". \u00c9chec du \u201cvivre-ensemble\u201d ? Mais \u00e7a fait 40 ans que JMLP l\u2019annonce ! - # WEBTUBE.fr\",\"isPartOf\":{\"@id\":\"https:\\\/\\\/webtube.fr\\\/#website\"},\"primaryImageOfPage\":{\"@id\":\"https:\\\/\\\/webtube.fr\\\/index.php\\\/2023\\\/11\\\/10\\\/echec-du-vivre-ensemble-mais-ca-fait-40-ans-que-jmlp-lannonce\\\/#primaryimage\"},\"image\":{\"@id\":\"https:\\\/\\\/webtube.fr\\\/index.php\\\/2023\\\/11\\\/10\\\/echec-du-vivre-ensemble-mais-ca-fait-40-ans-que-jmlp-lannonce\\\/#primaryimage\"},\"thumbnailUrl\":\"https:\\\/\\\/ripostelaique.com\\\/wp-content\\\/uploads\\\/2023\\\/11\\\/integration-immigres-france.webp\",\"datePublished\":\"2023-11-10T05:39:54+00:00\",\"breadcrumb\":{\"@id\":\"https:\\\/\\\/webtube.fr\\\/index.php\\\/2023\\\/11\\\/10\\\/echec-du-vivre-ensemble-mais-ca-fait-40-ans-que-jmlp-lannonce\\\/#breadcrumb\"},\"inLanguage\":\"fr-FR\",\"potentialAction\":[{\"@type\":\"ReadAction\",\"target\":[\"https:\\\/\\\/webtube.fr\\\/index.php\\\/2023\\\/11\\\/10\\\/echec-du-vivre-ensemble-mais-ca-fait-40-ans-que-jmlp-lannonce\\\/\"]}]},{\"@type\":\"ImageObject\",\"inLanguage\":\"fr-FR\",\"@id\":\"https:\\\/\\\/webtube.fr\\\/index.php\\\/2023\\\/11\\\/10\\\/echec-du-vivre-ensemble-mais-ca-fait-40-ans-que-jmlp-lannonce\\\/#primaryimage\",\"url\":\"https:\\\/\\\/ripostelaique.com\\\/wp-content\\\/uploads\\\/2023\\\/11\\\/integration-immigres-france.webp\",\"contentUrl\":\"https:\\\/\\\/ripostelaique.com\\\/wp-content\\\/uploads\\\/2023\\\/11\\\/integration-immigres-france.webp\"},{\"@type\":\"BreadcrumbList\",\"@id\":\"https:\\\/\\\/webtube.fr\\\/index.php\\\/2023\\\/11\\\/10\\\/echec-du-vivre-ensemble-mais-ca-fait-40-ans-que-jmlp-lannonce\\\/#breadcrumb\",\"itemListElement\":[{\"@type\":\"ListItem\",\"position\":1,\"name\":\"Accueil\",\"item\":\"https:\\\/\\\/webtube.fr\\\/\"},{\"@type\":\"ListItem\",\"position\":2,\"name\":\". \u00c9chec du \u201cvivre-ensemble\u201d ? Mais \u00e7a fait 40 ans que JMLP l\u2019annonce !\"}]},{\"@type\":\"WebSite\",\"@id\":\"https:\\\/\\\/webtube.fr\\\/#website\",\"url\":\"https:\\\/\\\/webtube.fr\\\/\",\"name\":\"WEBTUBE\",\"description\":\"WEBTUBE.fr  Streaming Vid\u00e9o and News , toutes les infos sans filtres !\",\"publisher\":{\"@id\":\"https:\\\/\\\/webtube.fr\\\/#organization\"},\"alternateName\":\"Rutube\",\"potentialAction\":[{\"@type\":\"SearchAction\",\"target\":{\"@type\":\"EntryPoint\",\"urlTemplate\":\"https:\\\/\\\/webtube.fr\\\/?s={search_term_string}\"},\"query-input\":{\"@type\":\"PropertyValueSpecification\",\"valueRequired\":true,\"valueName\":\"search_term_string\"}}],\"inLanguage\":\"fr-FR\"},{\"@type\":\"Organization\",\"@id\":\"https:\\\/\\\/webtube.fr\\\/#organization\",\"name\":\"# WEBTUBE.fr\",\"url\":\"https:\\\/\\\/webtube.fr\\\/\",\"logo\":{\"@type\":\"ImageObject\",\"inLanguage\":\"fr-FR\",\"@id\":\"https:\\\/\\\/webtube.fr\\\/#\\\/schema\\\/logo\\\/image\\\/\",\"url\":\"https:\\\/\\\/webtube.fr\\\/wp-content\\\/uploads\\\/2025\\\/09\\\/cropped-Logo_webtubeIA-1.jpg\",\"contentUrl\":\"https:\\\/\\\/webtube.fr\\\/wp-content\\\/uploads\\\/2025\\\/09\\\/cropped-Logo_webtubeIA-1.jpg\",\"width\":240,\"height\":240,\"caption\":\"# WEBTUBE.fr\"},\"image\":{\"@id\":\"https:\\\/\\\/webtube.fr\\\/#\\\/schema\\\/logo\\\/image\\\/\"},\"sameAs\":[\"https:\\\/\\\/www.facebook.com\\\/profile.php?id=100069673161887\",\"https:\\\/\\\/x.com\\\/OrtfNews\",\"https:\\\/\\\/www.facebook.com\\\/profile.php?id=100013751440523\"]},{\"@type\":\"Person\",\"@id\":\"https:\\\/\\\/webtube.fr\\\/#\\\/schema\\\/person\\\/dcc633686e0e2a79a6bf7b92c9507618\",\"name\":\"admin5851\",\"image\":{\"@type\":\"ImageObject\",\"inLanguage\":\"fr-FR\",\"@id\":\"https:\\\/\\\/secure.gravatar.com\\\/avatar\\\/ea1b672a827879c0febb022a108a871292b3d08fadc66a0a43fa47acfe82e38a?s=96&d=mm&r=g\",\"url\":\"https:\\\/\\\/secure.gravatar.com\\\/avatar\\\/ea1b672a827879c0febb022a108a871292b3d08fadc66a0a43fa47acfe82e38a?s=96&d=mm&r=g\",\"contentUrl\":\"https:\\\/\\\/secure.gravatar.com\\\/avatar\\\/ea1b672a827879c0febb022a108a871292b3d08fadc66a0a43fa47acfe82e38a?s=96&d=mm&r=g\",\"caption\":\"admin5851\"},\"sameAs\":[\"http:\\\/\\\/linlcju.cluster100.hosting.ovh.net\"],\"url\":\"https:\\\/\\\/webtube.fr\\\/index.php\\\/author\\\/admin5851\\\/\"}]}<\/script>\n<!-- \/ Yoast SEO plugin. -->","yoast_head_json":{"title":". \u00c9chec du \u201cvivre-ensemble\u201d ? Mais \u00e7a fait 40 ans que JMLP l\u2019annonce ! - # WEBTUBE.fr","robots":{"index":"index","follow":"follow","max-snippet":"max-snippet:-1","max-image-preview":"max-image-preview:large","max-video-preview":"max-video-preview:-1"},"canonical":"https:\/\/webtube.fr\/index.php\/2023\/11\/10\/echec-du-vivre-ensemble-mais-ca-fait-40-ans-que-jmlp-lannonce\/","og_locale":"fr_FR","og_type":"article","og_title":". \u00c9chec du \u201cvivre-ensemble\u201d ? Mais \u00e7a fait 40 ans que JMLP l\u2019annonce ! - # WEBTUBE.fr","og_description":"Articles \u00a0\u00a0\u00a0 : Nov. 2023 &#8211; Oct. 2023 &#8211; Sept 2023 &#8211; Aout 2023 &#8211; Facebook\u00a0:\u00a0https:\/\/www.facebook.com\/profile.php?id=100069673161887 Twitter : https:\/\/twitter.com\/OrtfNews ++ WEBTUBE : On ne sauvera pas la France en laissant les fronti\u00e8res ouvertes et en laissant des pans entiers de la R\u00e9publique sous le contr\u00f4le des islamistes. Les actes antis\u00e9mites qui redoublent aujourd\u2019hui, ne sont &hellip; Continuer la lecture de &laquo;&nbsp;. \u00c9chec du \u201cvivre-ensemble\u201d ? Mais \u00e7a fait 40 ans que JMLP l\u2019annonce !&nbsp;&raquo;","og_url":"https:\/\/webtube.fr\/index.php\/2023\/11\/10\/echec-du-vivre-ensemble-mais-ca-fait-40-ans-que-jmlp-lannonce\/","og_site_name":"# WEBTUBE.fr","article_publisher":"https:\/\/www.facebook.com\/profile.php?id=100069673161887","article_published_time":"2023-11-10T05:39:54+00:00","og_image":[{"url":"https:\/\/ripostelaique.com\/wp-content\/uploads\/2023\/11\/integration-immigres-france.webp","type":"","width":"","height":""}],"author":"admin5851","twitter_card":"summary_large_image","twitter_creator":"@OrtfNews","twitter_site":"@OrtfNews","twitter_misc":{"\u00c9crit par":"admin5851","Dur\u00e9e de lecture estim\u00e9e":"6 minutes"},"schema":{"@context":"https:\/\/schema.org","@graph":[{"@type":"Article","@id":"https:\/\/webtube.fr\/index.php\/2023\/11\/10\/echec-du-vivre-ensemble-mais-ca-fait-40-ans-que-jmlp-lannonce\/#article","isPartOf":{"@id":"https:\/\/webtube.fr\/index.php\/2023\/11\/10\/echec-du-vivre-ensemble-mais-ca-fait-40-ans-que-jmlp-lannonce\/"},"author":{"name":"admin5851","@id":"https:\/\/webtube.fr\/#\/schema\/person\/dcc633686e0e2a79a6bf7b92c9507618"},"headline":". \u00c9chec du \u201cvivre-ensemble\u201d ? Mais \u00e7a fait 40 ans que JMLP l\u2019annonce !","datePublished":"2023-11-10T05:39:54+00:00","mainEntityOfPage":{"@id":"https:\/\/webtube.fr\/index.php\/2023\/11\/10\/echec-du-vivre-ensemble-mais-ca-fait-40-ans-que-jmlp-lannonce\/"},"wordCount":1134,"commentCount":0,"publisher":{"@id":"https:\/\/webtube.fr\/#organization"},"image":{"@id":"https:\/\/webtube.fr\/index.php\/2023\/11\/10\/echec-du-vivre-ensemble-mais-ca-fait-40-ans-que-jmlp-lannonce\/#primaryimage"},"thumbnailUrl":"https:\/\/ripostelaique.com\/wp-content\/uploads\/2023\/11\/integration-immigres-france.webp","articleSection":["Uncategorized"],"inLanguage":"fr-FR","potentialAction":[{"@type":"CommentAction","name":"Comment","target":["https:\/\/webtube.fr\/index.php\/2023\/11\/10\/echec-du-vivre-ensemble-mais-ca-fait-40-ans-que-jmlp-lannonce\/#respond"]}]},{"@type":"WebPage","@id":"https:\/\/webtube.fr\/index.php\/2023\/11\/10\/echec-du-vivre-ensemble-mais-ca-fait-40-ans-que-jmlp-lannonce\/","url":"https:\/\/webtube.fr\/index.php\/2023\/11\/10\/echec-du-vivre-ensemble-mais-ca-fait-40-ans-que-jmlp-lannonce\/","name":". \u00c9chec du \u201cvivre-ensemble\u201d ? Mais \u00e7a fait 40 ans que JMLP l\u2019annonce ! - # WEBTUBE.fr","isPartOf":{"@id":"https:\/\/webtube.fr\/#website"},"primaryImageOfPage":{"@id":"https:\/\/webtube.fr\/index.php\/2023\/11\/10\/echec-du-vivre-ensemble-mais-ca-fait-40-ans-que-jmlp-lannonce\/#primaryimage"},"image":{"@id":"https:\/\/webtube.fr\/index.php\/2023\/11\/10\/echec-du-vivre-ensemble-mais-ca-fait-40-ans-que-jmlp-lannonce\/#primaryimage"},"thumbnailUrl":"https:\/\/ripostelaique.com\/wp-content\/uploads\/2023\/11\/integration-immigres-france.webp","datePublished":"2023-11-10T05:39:54+00:00","breadcrumb":{"@id":"https:\/\/webtube.fr\/index.php\/2023\/11\/10\/echec-du-vivre-ensemble-mais-ca-fait-40-ans-que-jmlp-lannonce\/#breadcrumb"},"inLanguage":"fr-FR","potentialAction":[{"@type":"ReadAction","target":["https:\/\/webtube.fr\/index.php\/2023\/11\/10\/echec-du-vivre-ensemble-mais-ca-fait-40-ans-que-jmlp-lannonce\/"]}]},{"@type":"ImageObject","inLanguage":"fr-FR","@id":"https:\/\/webtube.fr\/index.php\/2023\/11\/10\/echec-du-vivre-ensemble-mais-ca-fait-40-ans-que-jmlp-lannonce\/#primaryimage","url":"https:\/\/ripostelaique.com\/wp-content\/uploads\/2023\/11\/integration-immigres-france.webp","contentUrl":"https:\/\/ripostelaique.com\/wp-content\/uploads\/2023\/11\/integration-immigres-france.webp"},{"@type":"BreadcrumbList","@id":"https:\/\/webtube.fr\/index.php\/2023\/11\/10\/echec-du-vivre-ensemble-mais-ca-fait-40-ans-que-jmlp-lannonce\/#breadcrumb","itemListElement":[{"@type":"ListItem","position":1,"name":"Accueil","item":"https:\/\/webtube.fr\/"},{"@type":"ListItem","position":2,"name":". \u00c9chec du \u201cvivre-ensemble\u201d ? Mais \u00e7a fait 40 ans que JMLP l\u2019annonce !"}]},{"@type":"WebSite","@id":"https:\/\/webtube.fr\/#website","url":"https:\/\/webtube.fr\/","name":"WEBTUBE","description":"WEBTUBE.fr  Streaming Vid\u00e9o and News , toutes les infos sans filtres !","publisher":{"@id":"https:\/\/webtube.fr\/#organization"},"alternateName":"Rutube","potentialAction":[{"@type":"SearchAction","target":{"@type":"EntryPoint","urlTemplate":"https:\/\/webtube.fr\/?s={search_term_string}"},"query-input":{"@type":"PropertyValueSpecification","valueRequired":true,"valueName":"search_term_string"}}],"inLanguage":"fr-FR"},{"@type":"Organization","@id":"https:\/\/webtube.fr\/#organization","name":"# WEBTUBE.fr","url":"https:\/\/webtube.fr\/","logo":{"@type":"ImageObject","inLanguage":"fr-FR","@id":"https:\/\/webtube.fr\/#\/schema\/logo\/image\/","url":"https:\/\/webtube.fr\/wp-content\/uploads\/2025\/09\/cropped-Logo_webtubeIA-1.jpg","contentUrl":"https:\/\/webtube.fr\/wp-content\/uploads\/2025\/09\/cropped-Logo_webtubeIA-1.jpg","width":240,"height":240,"caption":"# WEBTUBE.fr"},"image":{"@id":"https:\/\/webtube.fr\/#\/schema\/logo\/image\/"},"sameAs":["https:\/\/www.facebook.com\/profile.php?id=100069673161887","https:\/\/x.com\/OrtfNews","https:\/\/www.facebook.com\/profile.php?id=100013751440523"]},{"@type":"Person","@id":"https:\/\/webtube.fr\/#\/schema\/person\/dcc633686e0e2a79a6bf7b92c9507618","name":"admin5851","image":{"@type":"ImageObject","inLanguage":"fr-FR","@id":"https:\/\/secure.gravatar.com\/avatar\/ea1b672a827879c0febb022a108a871292b3d08fadc66a0a43fa47acfe82e38a?s=96&d=mm&r=g","url":"https:\/\/secure.gravatar.com\/avatar\/ea1b672a827879c0febb022a108a871292b3d08fadc66a0a43fa47acfe82e38a?s=96&d=mm&r=g","contentUrl":"https:\/\/secure.gravatar.com\/avatar\/ea1b672a827879c0febb022a108a871292b3d08fadc66a0a43fa47acfe82e38a?s=96&d=mm&r=g","caption":"admin5851"},"sameAs":["http:\/\/linlcju.cluster100.hosting.ovh.net"],"url":"https:\/\/webtube.fr\/index.php\/author\/admin5851\/"}]}},"jetpack_featured_media_url":"","jetpack_sharing_enabled":true,"_links":{"self":[{"href":"https:\/\/webtube.fr\/index.php\/wp-json\/wp\/v2\/posts\/24180","targetHints":{"allow":["GET"]}}],"collection":[{"href":"https:\/\/webtube.fr\/index.php\/wp-json\/wp\/v2\/posts"}],"about":[{"href":"https:\/\/webtube.fr\/index.php\/wp-json\/wp\/v2\/types\/post"}],"author":[{"embeddable":true,"href":"https:\/\/webtube.fr\/index.php\/wp-json\/wp\/v2\/users\/1"}],"replies":[{"embeddable":true,"href":"https:\/\/webtube.fr\/index.php\/wp-json\/wp\/v2\/comments?post=24180"}],"version-history":[{"count":0,"href":"https:\/\/webtube.fr\/index.php\/wp-json\/wp\/v2\/posts\/24180\/revisions"}],"wp:attachment":[{"href":"https:\/\/webtube.fr\/index.php\/wp-json\/wp\/v2\/media?parent=24180"}],"wp:term":[{"taxonomy":"category","embeddable":true,"href":"https:\/\/webtube.fr\/index.php\/wp-json\/wp\/v2\/categories?post=24180"},{"taxonomy":"post_tag","embeddable":true,"href":"https:\/\/webtube.fr\/index.php\/wp-json\/wp\/v2\/tags?post=24180"}],"curies":[{"name":"wp","href":"https:\/\/api.w.org\/{rel}","templated":true}]}}