{"id":24173,"date":"2023-11-08T05:43:55","date_gmt":"2023-11-08T05:43:55","guid":{"rendered":"http:\/\/13.36.34.64\/?p=24173"},"modified":"2023-11-08T05:43:55","modified_gmt":"2023-11-08T05:43:55","slug":"viol-dune-enfant-de-13-ans-en-vendee-par-un-migrant-les-faits-nous-donnent-raison-une-fois-de-plus","status":"publish","type":"post","link":"https:\/\/webtube.fr\/index.php\/2023\/11\/08\/viol-dune-enfant-de-13-ans-en-vendee-par-un-migrant-les-faits-nous-donnent-raison-une-fois-de-plus\/","title":{"rendered":". Viol d\u2019une enfant de 13 ans en Vend\u00e9e par un migrant : les faits nous donnent raison une fois de plus"},"content":{"rendered":"\n<figure><iframe loading=\"lazy\" width=\"800\" height=\"200\" src=\"http:\/\/rutubes.free.fr\/RutubeEmule-island.html\" frameborder=\"N\" scrolling=\"no\"><\/iframe><\/figure>\n\n\n\n<p>Articles \u00a0\u00a0\u00a0 : <a href=\"https:\/\/webtube.fr\/2023\/11\/\" target=\"_blank\" rel=\"noreferrer noopener\">Nov. 2023<\/a> &#8211; <a href=\"http:\/\/rutube.fr\/2023\/10\/\" target=\"_blank\" rel=\"noreferrer noopener\">Oct. 2023<\/a> &#8211; <a href=\"http:\/\/rutube.fr\/2023\/09\/\" target=\"_blank\" rel=\"noreferrer noopener\">Sept 2023<\/a> &#8211; <a href=\"http:\/\/rutube.fr\/2023\/08\/\" target=\"_blank\" rel=\"noreferrer noopener\">Aout 2023<\/a> &#8211; Facebook\u00a0:\u00a0<a href=\"https:\/\/www.facebook.com\/profile.php?id=100069673161887\">https:\/\/www.facebook.com\/profile.php?id=100069673161887<\/a> Twitter : <a href=\"https:\/\/twitter.com\/OrtfNews\" target=\"_blank\" rel=\"noreferrer noopener\">https:\/\/twitter.com\/OrtfNews<\/a><\/p>\n\n\n\n<figure class=\"wp-block-image size-large\"><img decoding=\"async\" src=\"https:\/\/ripostelaique.com\/wp-content\/uploads\/2019\/11\/Viols.png\" alt=\"\"\/><\/figure>\n\n\n\n<p><strong>++ WEBTUBE<\/strong> : <em> Ce lundi 6 novembre, un migrant djiboutien de 26 ans a \u00e9t\u00e9 interpell\u00e9 pour le viol d\u2019une adolescente de 13 ans ! Cerise sur le g\u00e2teau, ce pr\u00e9dateur \u00e9tait d\u00e9j\u00e0 vis\u00e9 par une autre affaire de viol ! Mais toujours en libert\u00e9 dans nos rues vend\u00e9ennes !<strong>Allons-nous admettre qu\u2019il existe une culture qui permet de violer nos femmes et filles en Vend\u00e9e ?<\/strong><\/em><\/p>\n\n\n\n<p>L&rsquo;article dans RP<\/p>\n\n\n\n<p>\u00c0 peine avais-je ramass\u00e9 mes banderoles, la sono et appel\u00e9 \u00e0 la dispersion de notre manifestation \u00e0 Saint-Jean-de-Monts o\u00f9 nous d\u00e9noncions et refusions l\u2019accueil de nouveaux migrants sur cette commune, que d\u00e8s le lendemain j\u2019apprends qu\u2019\u00e0 la Roche-sur-Yon, ce lundi 6 novembre, un migrant djiboutien de 26 ans a \u00e9t\u00e9 interpell\u00e9 pour le viol d\u2019une adolescente de 13 ans !<\/p>\n\n\n\n<p>Cerise sur le g\u00e2teau, ce pr\u00e9dateur \u00e9tait d\u00e9j\u00e0 vis\u00e9 par une autre affaire de viol ! Mais toujours en libert\u00e9 dans nos rues vend\u00e9ennes !<\/p>\n\n\n\n<p><strong>Allons-nous admettre qu\u2019il existe une culture qui permet de violer nos femmes et filles en Vend\u00e9e ?<\/strong><\/p>\n\n\n\n<p><strong>Nous n\u2019allons pas accepter<\/strong>&nbsp;encore comme circonstance att\u00e9nuante que ce migrant djiboutien n\u2019avait pas les \u201ccodes culturels\u201d\u2026 Nous n\u2019acceptons plus le laxisme criminel d\u2019une justice qui n\u2019en a que le nom !<\/p>\n\n\n\n<p>Ces cultures allog\u00e8nes, on n\u2019en veut plus, on ne veut pas de leurs m\u0153urs, on ne veut pas de leurs valeurs\u2026 Je ne veux pas que la Vend\u00e9e devienne un pays du tiers-monde, je ne veux pas que ces \u201cChances pour la France\u201d changent notre vie et notre avenir !<\/p>\n\n\n\n<p>Je ne veux plus de ces vrai-faux migrants qui profitent all\u00e8grement du syst\u00e8me et pleurnichent dans les jupons des associations collabos !<br><strong>On ne veut plus de cette immigration<\/strong>&nbsp;qui casse, pille, viol, br\u00fble, trafique la drogue, les bagnoles, les armes\u2026<br>J\u2019engage les d\u00e9cideurs politiques vend\u00e9ens \u00e0 prendre rapidement en compte le d\u00e9sarroi et la peur de leur peuple !<\/p>\n\n\n\n<p>\u00c0 tr\u00e8s bient\u00f4t.<\/p>\n\n\n\n<p><strong>\u00c9ric Mauvoisin-Delavaud<\/strong><br>Pr\u00e9sident du Rassemblement Vend\u00e9en<\/p>\n\n\n\n<figure><iframe loading=\"lazy\" width=\"800\" height=\"200\" src=\"http:\/\/rutubes.free.fr\/RutubeEmule-island.html\" frameborder=\"N\" scrolling=\"no\"><\/iframe><\/figure>\n\n<!-- AFS Analytics V7- Web Analytics 7.0 -->\n<script type='text\/javascript'>\n(function(i,s,o,g,r,a,m){i['AfsAnalyticsObject']=r;i[r]=i[r]||function(){(i[r].q=i[r].q||[]).push(arguments)},i[r].l=1*new Date();a=s.createElement(o),m=s.getElementsByTagName(o)[0];a.async=1;a.src=g;m.parentNode.insertBefore(a,m)})(window,document,'script','\/\/code.afsanalytics.com\/js2\/analytics.js','aa');\naa('create', '00636949','auto');\naa('set', 'autotrack', 'on');\naa('set', 'autotrack.iframe', 'dataset');\naa('send', 'pageview');\n<\/script>\n<!-- End AFS Analytics -->\n","protected":false},"excerpt":{"rendered":"<p>Articles \u00a0\u00a0\u00a0 : Nov. 2023 &#8211; Oct. 2023 &#8211; Sept 2023 &#8211; Aout 2023 &#8211; Facebook\u00a0:\u00a0https:\/\/www.facebook.com\/profile.php?id=100069673161887 Twitter : https:\/\/twitter.com\/OrtfNews ++ WEBTUBE : Ce lundi 6 novembre, un migrant djiboutien de 26 ans a \u00e9t\u00e9 interpell\u00e9 pour le viol d\u2019une adolescente de 13 ans ! Cerise sur le g\u00e2teau, ce pr\u00e9dateur \u00e9tait d\u00e9j\u00e0 vis\u00e9 par une &hellip; <a href=\"https:\/\/webtube.fr\/index.php\/2023\/11\/08\/viol-dune-enfant-de-13-ans-en-vendee-par-un-migrant-les-faits-nous-donnent-raison-une-fois-de-plus\/\" class=\"more-link\">Continuer la lecture<span class=\"screen-reader-text\"> de &laquo;&nbsp;. Viol d\u2019une enfant de 13 ans en Vend\u00e9e par un migrant : les faits nous donnent raison une fois de plus&nbsp;&raquo;<\/span><\/a><\/p>\n","protected":false},"author":1,"featured_media":0,"comment_status":"open","ping_status":"open","sticky":false,"template":"","format":"standard","meta":{"_jetpack_memberships_contains_paid_content":false,"footnotes":""},"categories":[1],"tags":[],"class_list":["post-24173","post","type-post","status-publish","format-standard","hentry","category-uncategorized"],"yoast_head":"<!-- This site is optimized with the Yoast SEO plugin v27.3 - https:\/\/yoast.com\/product\/yoast-seo-wordpress\/ -->\n<title>. Viol d\u2019une enfant de 13 ans en Vend\u00e9e par un migrant : les faits nous donnent raison une fois de plus - # WEBTUBE.fr<\/title>\n<meta name=\"robots\" content=\"index, follow, max-snippet:-1, max-image-preview:large, max-video-preview:-1\" \/>\n<link rel=\"canonical\" href=\"https:\/\/webtube.fr\/index.php\/2023\/11\/08\/viol-dune-enfant-de-13-ans-en-vendee-par-un-migrant-les-faits-nous-donnent-raison-une-fois-de-plus\/\" \/>\n<meta property=\"og:locale\" content=\"fr_FR\" \/>\n<meta property=\"og:type\" content=\"article\" \/>\n<meta property=\"og:title\" content=\". Viol d\u2019une enfant de 13 ans en Vend\u00e9e par un migrant : les faits nous donnent raison une fois de plus - # WEBTUBE.fr\" \/>\n<meta property=\"og:description\" content=\"Articles \u00a0\u00a0\u00a0 : Nov. 2023 &#8211; Oct. 2023 &#8211; Sept 2023 &#8211; Aout 2023 &#8211; Facebook\u00a0:\u00a0https:\/\/www.facebook.com\/profile.php?id=100069673161887 Twitter : https:\/\/twitter.com\/OrtfNews ++ WEBTUBE : Ce lundi 6 novembre, un migrant djiboutien de 26 ans a \u00e9t\u00e9 interpell\u00e9 pour le viol d\u2019une adolescente de 13 ans ! Cerise sur le g\u00e2teau, ce pr\u00e9dateur \u00e9tait d\u00e9j\u00e0 vis\u00e9 par une &hellip; Continuer la lecture de &laquo;&nbsp;. Viol d\u2019une enfant de 13 ans en Vend\u00e9e par un migrant : les faits nous donnent raison une fois de plus&nbsp;&raquo;\" \/>\n<meta property=\"og:url\" content=\"https:\/\/webtube.fr\/index.php\/2023\/11\/08\/viol-dune-enfant-de-13-ans-en-vendee-par-un-migrant-les-faits-nous-donnent-raison-une-fois-de-plus\/\" \/>\n<meta property=\"og:site_name\" content=\"# WEBTUBE.fr\" \/>\n<meta property=\"article:publisher\" content=\"https:\/\/www.facebook.com\/profile.php?id=100069673161887\" \/>\n<meta property=\"article:published_time\" content=\"2023-11-08T05:43:55+00:00\" \/>\n<meta property=\"og:image\" content=\"https:\/\/ripostelaique.com\/wp-content\/uploads\/2019\/11\/Viols.png\" \/>\n<meta name=\"author\" content=\"admin5851\" \/>\n<meta name=\"twitter:card\" content=\"summary_large_image\" \/>\n<meta name=\"twitter:creator\" content=\"@OrtfNews\" \/>\n<meta name=\"twitter:site\" content=\"@OrtfNews\" \/>\n<meta name=\"twitter:label1\" content=\"\u00c9crit par\" \/>\n\t<meta name=\"twitter:data1\" content=\"admin5851\" \/>\n\t<meta name=\"twitter:label2\" content=\"Dur\u00e9e de lecture estim\u00e9e\" \/>\n\t<meta name=\"twitter:data2\" content=\"2 minutes\" \/>\n<script type=\"application\/ld+json\" class=\"yoast-schema-graph\">{\"@context\":\"https:\\\/\\\/schema.org\",\"@graph\":[{\"@type\":\"Article\",\"@id\":\"https:\\\/\\\/webtube.fr\\\/index.php\\\/2023\\\/11\\\/08\\\/viol-dune-enfant-de-13-ans-en-vendee-par-un-migrant-les-faits-nous-donnent-raison-une-fois-de-plus\\\/#article\",\"isPartOf\":{\"@id\":\"https:\\\/\\\/webtube.fr\\\/index.php\\\/2023\\\/11\\\/08\\\/viol-dune-enfant-de-13-ans-en-vendee-par-un-migrant-les-faits-nous-donnent-raison-une-fois-de-plus\\\/\"},\"author\":{\"name\":\"admin5851\",\"@id\":\"https:\\\/\\\/webtube.fr\\\/#\\\/schema\\\/person\\\/dcc633686e0e2a79a6bf7b92c9507618\"},\"headline\":\". Viol d\u2019une enfant de 13 ans en Vend\u00e9e par un migrant : les faits nous donnent raison une fois de plus\",\"datePublished\":\"2023-11-08T05:43:55+00:00\",\"mainEntityOfPage\":{\"@id\":\"https:\\\/\\\/webtube.fr\\\/index.php\\\/2023\\\/11\\\/08\\\/viol-dune-enfant-de-13-ans-en-vendee-par-un-migrant-les-faits-nous-donnent-raison-une-fois-de-plus\\\/\"},\"wordCount\":382,\"commentCount\":0,\"publisher\":{\"@id\":\"https:\\\/\\\/webtube.fr\\\/#organization\"},\"image\":{\"@id\":\"https:\\\/\\\/webtube.fr\\\/index.php\\\/2023\\\/11\\\/08\\\/viol-dune-enfant-de-13-ans-en-vendee-par-un-migrant-les-faits-nous-donnent-raison-une-fois-de-plus\\\/#primaryimage\"},\"thumbnailUrl\":\"https:\\\/\\\/ripostelaique.com\\\/wp-content\\\/uploads\\\/2019\\\/11\\\/Viols.png\",\"articleSection\":[\"Uncategorized\"],\"inLanguage\":\"fr-FR\",\"potentialAction\":[{\"@type\":\"CommentAction\",\"name\":\"Comment\",\"target\":[\"https:\\\/\\\/webtube.fr\\\/index.php\\\/2023\\\/11\\\/08\\\/viol-dune-enfant-de-13-ans-en-vendee-par-un-migrant-les-faits-nous-donnent-raison-une-fois-de-plus\\\/#respond\"]}]},{\"@type\":\"WebPage\",\"@id\":\"https:\\\/\\\/webtube.fr\\\/index.php\\\/2023\\\/11\\\/08\\\/viol-dune-enfant-de-13-ans-en-vendee-par-un-migrant-les-faits-nous-donnent-raison-une-fois-de-plus\\\/\",\"url\":\"https:\\\/\\\/webtube.fr\\\/index.php\\\/2023\\\/11\\\/08\\\/viol-dune-enfant-de-13-ans-en-vendee-par-un-migrant-les-faits-nous-donnent-raison-une-fois-de-plus\\\/\",\"name\":\". Viol d\u2019une enfant de 13 ans en Vend\u00e9e par un migrant : les faits nous donnent raison une fois de plus - # WEBTUBE.fr\",\"isPartOf\":{\"@id\":\"https:\\\/\\\/webtube.fr\\\/#website\"},\"primaryImageOfPage\":{\"@id\":\"https:\\\/\\\/webtube.fr\\\/index.php\\\/2023\\\/11\\\/08\\\/viol-dune-enfant-de-13-ans-en-vendee-par-un-migrant-les-faits-nous-donnent-raison-une-fois-de-plus\\\/#primaryimage\"},\"image\":{\"@id\":\"https:\\\/\\\/webtube.fr\\\/index.php\\\/2023\\\/11\\\/08\\\/viol-dune-enfant-de-13-ans-en-vendee-par-un-migrant-les-faits-nous-donnent-raison-une-fois-de-plus\\\/#primaryimage\"},\"thumbnailUrl\":\"https:\\\/\\\/ripostelaique.com\\\/wp-content\\\/uploads\\\/2019\\\/11\\\/Viols.png\",\"datePublished\":\"2023-11-08T05:43:55+00:00\",\"breadcrumb\":{\"@id\":\"https:\\\/\\\/webtube.fr\\\/index.php\\\/2023\\\/11\\\/08\\\/viol-dune-enfant-de-13-ans-en-vendee-par-un-migrant-les-faits-nous-donnent-raison-une-fois-de-plus\\\/#breadcrumb\"},\"inLanguage\":\"fr-FR\",\"potentialAction\":[{\"@type\":\"ReadAction\",\"target\":[\"https:\\\/\\\/webtube.fr\\\/index.php\\\/2023\\\/11\\\/08\\\/viol-dune-enfant-de-13-ans-en-vendee-par-un-migrant-les-faits-nous-donnent-raison-une-fois-de-plus\\\/\"]}]},{\"@type\":\"ImageObject\",\"inLanguage\":\"fr-FR\",\"@id\":\"https:\\\/\\\/webtube.fr\\\/index.php\\\/2023\\\/11\\\/08\\\/viol-dune-enfant-de-13-ans-en-vendee-par-un-migrant-les-faits-nous-donnent-raison-une-fois-de-plus\\\/#primaryimage\",\"url\":\"https:\\\/\\\/ripostelaique.com\\\/wp-content\\\/uploads\\\/2019\\\/11\\\/Viols.png\",\"contentUrl\":\"https:\\\/\\\/ripostelaique.com\\\/wp-content\\\/uploads\\\/2019\\\/11\\\/Viols.png\"},{\"@type\":\"BreadcrumbList\",\"@id\":\"https:\\\/\\\/webtube.fr\\\/index.php\\\/2023\\\/11\\\/08\\\/viol-dune-enfant-de-13-ans-en-vendee-par-un-migrant-les-faits-nous-donnent-raison-une-fois-de-plus\\\/#breadcrumb\",\"itemListElement\":[{\"@type\":\"ListItem\",\"position\":1,\"name\":\"Accueil\",\"item\":\"https:\\\/\\\/webtube.fr\\\/\"},{\"@type\":\"ListItem\",\"position\":2,\"name\":\". Viol d\u2019une enfant de 13 ans en Vend\u00e9e par un migrant : les faits nous donnent raison une fois de plus\"}]},{\"@type\":\"WebSite\",\"@id\":\"https:\\\/\\\/webtube.fr\\\/#website\",\"url\":\"https:\\\/\\\/webtube.fr\\\/\",\"name\":\"WEBTUBE\",\"description\":\"WEBTUBE.fr  Streaming Vid\u00e9o and News , toutes les infos sans filtres !\",\"publisher\":{\"@id\":\"https:\\\/\\\/webtube.fr\\\/#organization\"},\"alternateName\":\"Rutube\",\"potentialAction\":[{\"@type\":\"SearchAction\",\"target\":{\"@type\":\"EntryPoint\",\"urlTemplate\":\"https:\\\/\\\/webtube.fr\\\/?s={search_term_string}\"},\"query-input\":{\"@type\":\"PropertyValueSpecification\",\"valueRequired\":true,\"valueName\":\"search_term_string\"}}],\"inLanguage\":\"fr-FR\"},{\"@type\":\"Organization\",\"@id\":\"https:\\\/\\\/webtube.fr\\\/#organization\",\"name\":\"# WEBTUBE.fr\",\"url\":\"https:\\\/\\\/webtube.fr\\\/\",\"logo\":{\"@type\":\"ImageObject\",\"inLanguage\":\"fr-FR\",\"@id\":\"https:\\\/\\\/webtube.fr\\\/#\\\/schema\\\/logo\\\/image\\\/\",\"url\":\"https:\\\/\\\/webtube.fr\\\/wp-content\\\/uploads\\\/2025\\\/09\\\/cropped-Logo_webtubeIA-1.jpg\",\"contentUrl\":\"https:\\\/\\\/webtube.fr\\\/wp-content\\\/uploads\\\/2025\\\/09\\\/cropped-Logo_webtubeIA-1.jpg\",\"width\":240,\"height\":240,\"caption\":\"# WEBTUBE.fr\"},\"image\":{\"@id\":\"https:\\\/\\\/webtube.fr\\\/#\\\/schema\\\/logo\\\/image\\\/\"},\"sameAs\":[\"https:\\\/\\\/www.facebook.com\\\/profile.php?id=100069673161887\",\"https:\\\/\\\/x.com\\\/OrtfNews\",\"https:\\\/\\\/www.facebook.com\\\/profile.php?id=100013751440523\"]},{\"@type\":\"Person\",\"@id\":\"https:\\\/\\\/webtube.fr\\\/#\\\/schema\\\/person\\\/dcc633686e0e2a79a6bf7b92c9507618\",\"name\":\"admin5851\",\"image\":{\"@type\":\"ImageObject\",\"inLanguage\":\"fr-FR\",\"@id\":\"https:\\\/\\\/secure.gravatar.com\\\/avatar\\\/ea1b672a827879c0febb022a108a871292b3d08fadc66a0a43fa47acfe82e38a?s=96&d=mm&r=g\",\"url\":\"https:\\\/\\\/secure.gravatar.com\\\/avatar\\\/ea1b672a827879c0febb022a108a871292b3d08fadc66a0a43fa47acfe82e38a?s=96&d=mm&r=g\",\"contentUrl\":\"https:\\\/\\\/secure.gravatar.com\\\/avatar\\\/ea1b672a827879c0febb022a108a871292b3d08fadc66a0a43fa47acfe82e38a?s=96&d=mm&r=g\",\"caption\":\"admin5851\"},\"sameAs\":[\"http:\\\/\\\/linlcju.cluster100.hosting.ovh.net\"],\"url\":\"https:\\\/\\\/webtube.fr\\\/index.php\\\/author\\\/admin5851\\\/\"}]}<\/script>\n<!-- \/ Yoast SEO plugin. -->","yoast_head_json":{"title":". Viol d\u2019une enfant de 13 ans en Vend\u00e9e par un migrant : les faits nous donnent raison une fois de plus - # WEBTUBE.fr","robots":{"index":"index","follow":"follow","max-snippet":"max-snippet:-1","max-image-preview":"max-image-preview:large","max-video-preview":"max-video-preview:-1"},"canonical":"https:\/\/webtube.fr\/index.php\/2023\/11\/08\/viol-dune-enfant-de-13-ans-en-vendee-par-un-migrant-les-faits-nous-donnent-raison-une-fois-de-plus\/","og_locale":"fr_FR","og_type":"article","og_title":". Viol d\u2019une enfant de 13 ans en Vend\u00e9e par un migrant : les faits nous donnent raison une fois de plus - # WEBTUBE.fr","og_description":"Articles \u00a0\u00a0\u00a0 : Nov. 2023 &#8211; Oct. 2023 &#8211; Sept 2023 &#8211; Aout 2023 &#8211; Facebook\u00a0:\u00a0https:\/\/www.facebook.com\/profile.php?id=100069673161887 Twitter : https:\/\/twitter.com\/OrtfNews ++ WEBTUBE : Ce lundi 6 novembre, un migrant djiboutien de 26 ans a \u00e9t\u00e9 interpell\u00e9 pour le viol d\u2019une adolescente de 13 ans ! Cerise sur le g\u00e2teau, ce pr\u00e9dateur \u00e9tait d\u00e9j\u00e0 vis\u00e9 par une &hellip; Continuer la lecture de &laquo;&nbsp;. Viol d\u2019une enfant de 13 ans en Vend\u00e9e par un migrant : les faits nous donnent raison une fois de plus&nbsp;&raquo;","og_url":"https:\/\/webtube.fr\/index.php\/2023\/11\/08\/viol-dune-enfant-de-13-ans-en-vendee-par-un-migrant-les-faits-nous-donnent-raison-une-fois-de-plus\/","og_site_name":"# WEBTUBE.fr","article_publisher":"https:\/\/www.facebook.com\/profile.php?id=100069673161887","article_published_time":"2023-11-08T05:43:55+00:00","og_image":[{"url":"https:\/\/ripostelaique.com\/wp-content\/uploads\/2019\/11\/Viols.png","type":"","width":"","height":""}],"author":"admin5851","twitter_card":"summary_large_image","twitter_creator":"@OrtfNews","twitter_site":"@OrtfNews","twitter_misc":{"\u00c9crit par":"admin5851","Dur\u00e9e de lecture estim\u00e9e":"2 minutes"},"schema":{"@context":"https:\/\/schema.org","@graph":[{"@type":"Article","@id":"https:\/\/webtube.fr\/index.php\/2023\/11\/08\/viol-dune-enfant-de-13-ans-en-vendee-par-un-migrant-les-faits-nous-donnent-raison-une-fois-de-plus\/#article","isPartOf":{"@id":"https:\/\/webtube.fr\/index.php\/2023\/11\/08\/viol-dune-enfant-de-13-ans-en-vendee-par-un-migrant-les-faits-nous-donnent-raison-une-fois-de-plus\/"},"author":{"name":"admin5851","@id":"https:\/\/webtube.fr\/#\/schema\/person\/dcc633686e0e2a79a6bf7b92c9507618"},"headline":". Viol d\u2019une enfant de 13 ans en Vend\u00e9e par un migrant : les faits nous donnent raison une fois de plus","datePublished":"2023-11-08T05:43:55+00:00","mainEntityOfPage":{"@id":"https:\/\/webtube.fr\/index.php\/2023\/11\/08\/viol-dune-enfant-de-13-ans-en-vendee-par-un-migrant-les-faits-nous-donnent-raison-une-fois-de-plus\/"},"wordCount":382,"commentCount":0,"publisher":{"@id":"https:\/\/webtube.fr\/#organization"},"image":{"@id":"https:\/\/webtube.fr\/index.php\/2023\/11\/08\/viol-dune-enfant-de-13-ans-en-vendee-par-un-migrant-les-faits-nous-donnent-raison-une-fois-de-plus\/#primaryimage"},"thumbnailUrl":"https:\/\/ripostelaique.com\/wp-content\/uploads\/2019\/11\/Viols.png","articleSection":["Uncategorized"],"inLanguage":"fr-FR","potentialAction":[{"@type":"CommentAction","name":"Comment","target":["https:\/\/webtube.fr\/index.php\/2023\/11\/08\/viol-dune-enfant-de-13-ans-en-vendee-par-un-migrant-les-faits-nous-donnent-raison-une-fois-de-plus\/#respond"]}]},{"@type":"WebPage","@id":"https:\/\/webtube.fr\/index.php\/2023\/11\/08\/viol-dune-enfant-de-13-ans-en-vendee-par-un-migrant-les-faits-nous-donnent-raison-une-fois-de-plus\/","url":"https:\/\/webtube.fr\/index.php\/2023\/11\/08\/viol-dune-enfant-de-13-ans-en-vendee-par-un-migrant-les-faits-nous-donnent-raison-une-fois-de-plus\/","name":". Viol d\u2019une enfant de 13 ans en Vend\u00e9e par un migrant : les faits nous donnent raison une fois de plus - # WEBTUBE.fr","isPartOf":{"@id":"https:\/\/webtube.fr\/#website"},"primaryImageOfPage":{"@id":"https:\/\/webtube.fr\/index.php\/2023\/11\/08\/viol-dune-enfant-de-13-ans-en-vendee-par-un-migrant-les-faits-nous-donnent-raison-une-fois-de-plus\/#primaryimage"},"image":{"@id":"https:\/\/webtube.fr\/index.php\/2023\/11\/08\/viol-dune-enfant-de-13-ans-en-vendee-par-un-migrant-les-faits-nous-donnent-raison-une-fois-de-plus\/#primaryimage"},"thumbnailUrl":"https:\/\/ripostelaique.com\/wp-content\/uploads\/2019\/11\/Viols.png","datePublished":"2023-11-08T05:43:55+00:00","breadcrumb":{"@id":"https:\/\/webtube.fr\/index.php\/2023\/11\/08\/viol-dune-enfant-de-13-ans-en-vendee-par-un-migrant-les-faits-nous-donnent-raison-une-fois-de-plus\/#breadcrumb"},"inLanguage":"fr-FR","potentialAction":[{"@type":"ReadAction","target":["https:\/\/webtube.fr\/index.php\/2023\/11\/08\/viol-dune-enfant-de-13-ans-en-vendee-par-un-migrant-les-faits-nous-donnent-raison-une-fois-de-plus\/"]}]},{"@type":"ImageObject","inLanguage":"fr-FR","@id":"https:\/\/webtube.fr\/index.php\/2023\/11\/08\/viol-dune-enfant-de-13-ans-en-vendee-par-un-migrant-les-faits-nous-donnent-raison-une-fois-de-plus\/#primaryimage","url":"https:\/\/ripostelaique.com\/wp-content\/uploads\/2019\/11\/Viols.png","contentUrl":"https:\/\/ripostelaique.com\/wp-content\/uploads\/2019\/11\/Viols.png"},{"@type":"BreadcrumbList","@id":"https:\/\/webtube.fr\/index.php\/2023\/11\/08\/viol-dune-enfant-de-13-ans-en-vendee-par-un-migrant-les-faits-nous-donnent-raison-une-fois-de-plus\/#breadcrumb","itemListElement":[{"@type":"ListItem","position":1,"name":"Accueil","item":"https:\/\/webtube.fr\/"},{"@type":"ListItem","position":2,"name":". Viol d\u2019une enfant de 13 ans en Vend\u00e9e par un migrant : les faits nous donnent raison une fois de plus"}]},{"@type":"WebSite","@id":"https:\/\/webtube.fr\/#website","url":"https:\/\/webtube.fr\/","name":"WEBTUBE","description":"WEBTUBE.fr  Streaming Vid\u00e9o and News , toutes les infos sans filtres !","publisher":{"@id":"https:\/\/webtube.fr\/#organization"},"alternateName":"Rutube","potentialAction":[{"@type":"SearchAction","target":{"@type":"EntryPoint","urlTemplate":"https:\/\/webtube.fr\/?s={search_term_string}"},"query-input":{"@type":"PropertyValueSpecification","valueRequired":true,"valueName":"search_term_string"}}],"inLanguage":"fr-FR"},{"@type":"Organization","@id":"https:\/\/webtube.fr\/#organization","name":"# WEBTUBE.fr","url":"https:\/\/webtube.fr\/","logo":{"@type":"ImageObject","inLanguage":"fr-FR","@id":"https:\/\/webtube.fr\/#\/schema\/logo\/image\/","url":"https:\/\/webtube.fr\/wp-content\/uploads\/2025\/09\/cropped-Logo_webtubeIA-1.jpg","contentUrl":"https:\/\/webtube.fr\/wp-content\/uploads\/2025\/09\/cropped-Logo_webtubeIA-1.jpg","width":240,"height":240,"caption":"# WEBTUBE.fr"},"image":{"@id":"https:\/\/webtube.fr\/#\/schema\/logo\/image\/"},"sameAs":["https:\/\/www.facebook.com\/profile.php?id=100069673161887","https:\/\/x.com\/OrtfNews","https:\/\/www.facebook.com\/profile.php?id=100013751440523"]},{"@type":"Person","@id":"https:\/\/webtube.fr\/#\/schema\/person\/dcc633686e0e2a79a6bf7b92c9507618","name":"admin5851","image":{"@type":"ImageObject","inLanguage":"fr-FR","@id":"https:\/\/secure.gravatar.com\/avatar\/ea1b672a827879c0febb022a108a871292b3d08fadc66a0a43fa47acfe82e38a?s=96&d=mm&r=g","url":"https:\/\/secure.gravatar.com\/avatar\/ea1b672a827879c0febb022a108a871292b3d08fadc66a0a43fa47acfe82e38a?s=96&d=mm&r=g","contentUrl":"https:\/\/secure.gravatar.com\/avatar\/ea1b672a827879c0febb022a108a871292b3d08fadc66a0a43fa47acfe82e38a?s=96&d=mm&r=g","caption":"admin5851"},"sameAs":["http:\/\/linlcju.cluster100.hosting.ovh.net"],"url":"https:\/\/webtube.fr\/index.php\/author\/admin5851\/"}]}},"jetpack_featured_media_url":"","jetpack_sharing_enabled":true,"_links":{"self":[{"href":"https:\/\/webtube.fr\/index.php\/wp-json\/wp\/v2\/posts\/24173","targetHints":{"allow":["GET"]}}],"collection":[{"href":"https:\/\/webtube.fr\/index.php\/wp-json\/wp\/v2\/posts"}],"about":[{"href":"https:\/\/webtube.fr\/index.php\/wp-json\/wp\/v2\/types\/post"}],"author":[{"embeddable":true,"href":"https:\/\/webtube.fr\/index.php\/wp-json\/wp\/v2\/users\/1"}],"replies":[{"embeddable":true,"href":"https:\/\/webtube.fr\/index.php\/wp-json\/wp\/v2\/comments?post=24173"}],"version-history":[{"count":0,"href":"https:\/\/webtube.fr\/index.php\/wp-json\/wp\/v2\/posts\/24173\/revisions"}],"wp:attachment":[{"href":"https:\/\/webtube.fr\/index.php\/wp-json\/wp\/v2\/media?parent=24173"}],"wp:term":[{"taxonomy":"category","embeddable":true,"href":"https:\/\/webtube.fr\/index.php\/wp-json\/wp\/v2\/categories?post=24173"},{"taxonomy":"post_tag","embeddable":true,"href":"https:\/\/webtube.fr\/index.php\/wp-json\/wp\/v2\/tags?post=24173"}],"curies":[{"name":"wp","href":"https:\/\/api.w.org\/{rel}","templated":true}]}}