{"id":24157,"date":"2023-11-06T06:05:10","date_gmt":"2023-11-06T06:05:10","guid":{"rendered":"http:\/\/13.36.34.64\/?p=24157"},"modified":"2023-11-06T06:05:10","modified_gmt":"2023-11-06T06:05:10","slug":"la-releve-de-la-garde-la-3e-bonne-reforme-du-regne-de-macron","status":"publish","type":"post","link":"https:\/\/webtube.fr\/index.php\/2023\/11\/06\/la-releve-de-la-garde-la-3e-bonne-reforme-du-regne-de-macron\/","title":{"rendered":". La rel\u00e8ve de la garde : la 3e bonne r\u00e9forme du r\u00e8gne de Macron ?"},"content":{"rendered":"\n<figure><iframe loading=\"lazy\" width=\"800\" height=\"200\" src=\"http:\/\/rutubes.free.fr\/RutubeEmule-island.html\" frameborder=\"N\" scrolling=\"no\"><\/iframe><\/figure>\n\n\n\n<p>Articles \u00a0\u00a0\u00a0 : <a href=\"https:\/\/webtube.fr\/2023\/11\/\" target=\"_blank\" rel=\"noreferrer noopener\">Nov. 2023<\/a> &#8211; <a href=\"http:\/\/rutube.fr\/2023\/10\/\" target=\"_blank\" rel=\"noreferrer noopener\">Oct. 2023<\/a> &#8211; <a href=\"http:\/\/rutube.fr\/2023\/09\/\" target=\"_blank\" rel=\"noreferrer noopener\">Sept 2023<\/a> &#8211; <a href=\"http:\/\/rutube.fr\/2023\/08\/\" target=\"_blank\" rel=\"noreferrer noopener\">Aout 2023<\/a> &#8211; Facebook\u00a0:\u00a0<a href=\"https:\/\/www.facebook.com\/profile.php?id=100069673161887\">https:\/\/www.facebook.com\/profile.php?id=100069673161887<\/a> Twitter : <a href=\"https:\/\/twitter.com\/OrtfNews\" target=\"_blank\" rel=\"noreferrer noopener\">https:\/\/twitter.com\/OrtfNews<\/a><\/p>\n\n\n\n<figure class=\"wp-block-image size-large\"><img decoding=\"async\" src=\"https:\/\/www.bvoltaire.fr\/media\/2022\/05\/macron5.png\" alt=\"\"\/><\/figure>\n\n\n\n<p><strong>++ WEBTUBE :<\/strong> <em>On apprend, ce dimanche, que la Garde r\u00e9publicaine sera \u00e0 nouveau relev\u00e9e officiellement. Cette pratique avait lieu depuis 1909 et il avait fallu attendre Jacques Chirac, d\u00e9cid\u00e9ment bien plus fort en \u00ab d\u00e9construction \u00bb qu\u2019on ne l\u2019avait soup\u00e7onn\u00e9 \u00e0 l\u2019\u00e9poque, pour qu\u2019en 1996 la tradition pr\u00eet fin.<\/em> <em>La suite de l&rsquo;article de BV ci-dessous :<\/em><\/p>\n\n\n\n<p>On apprend, ce dimanche, que la Garde r\u00e9publicaine sera \u00e0 nouveau relev\u00e9e officiellement. C\u2019est&nbsp;<em>RTL<\/em>&nbsp;qui relaie cette information apparemment anodine : \u00e0 partir du 7 novembre, c\u2019est-\u00e0-dire mardi prochain, et tous les premiers mardis du mois, on pourra d\u00e9sormais voir les gardes du r\u00e9giment d\u2019infanterie de la Garde r\u00e9publicaine se relever devant les grilles de l\u2019\u00c9lys\u00e9e selon un c\u00e9r\u00e9monial bien pr\u00e9cis. Une section de ce r\u00e9giment traversera la rue Saint-Honor\u00e9 au pas cadenc\u00e9, avant d\u2019entrer dans la cour d\u2019honneur. Cette pratique avait lieu depuis 1909 et il avait fallu attendre Jacques Chirac, d\u00e9cid\u00e9ment bien plus fort en \u00ab d\u00e9construction \u00bb qu\u2019on ne l\u2019avait soup\u00e7onn\u00e9 \u00e0 l\u2019\u00e9poque, pour qu\u2019en 1996 la tradition pr\u00eet fin.<\/p>\n\n\n\n<p>Nombreuses sont les nations, jeunes ou vieilles, grandes ou petites, qui pratiquent encore ce c\u00e9r\u00e9monial. Le Royaume-Uni est c\u00e9l\u00e8bre pour la rel\u00e8ve de ses gardes (vous savez, ceux qui sont habill\u00e9s en rouge et portent un bonnet \u00e0 poil), qui ne sont d\u2019ailleurs pas des unit\u00e9s protocolaires mais servent sur les th\u00e9\u00e2tres d\u2019op\u00e9ration au m\u00eame titre que les autres r\u00e9giments de la Couronne. Monaco, le Danemark ou la Cor\u00e9e du Sud sont \u00e9galement de ces pays qui consid\u00e8rent qu\u2019un peu de d\u00e9corum martial ne fait pas de mal. Et puis, plus pr\u00e8s de notre pays m\u00e9diterran\u00e9en, il y a les evzones grecs, dont le costume date, pour la plus grande partie, de l\u2019Antiquit\u00e9, et dont chaque symbole rappelle la lutte farouche que mena le pays d\u2019Hom\u00e8re pour s\u2019affranchir de la domination ottomane. Les quatre cents ans de souffrance des Grecs sous le joug des musulmans sont d\u2019ailleurs symbolis\u00e9s par les quatre cents plis des fustanelles r\u00e8glementaires, ces \u00ab jupettes \u00bb folkloriques dont se moquent volontiers les touristes.<\/p>\n\n\n<div class=\"wp-block-image\">\n<figure class=\"alignleft\"><img decoding=\"async\" src=\"https:\/\/media.bvoltaire.fr\/file\/Bvoltaire\/2023\/04\/BV-Vecteur.svg\" alt=\"\"\/><\/figure>\n<\/div>\n\n\n<p>\u00c0 ce sujet \u2014&nbsp;<a href=\"https:\/\/www.bvoltaire.fr\/droit-a-lavortement-dans-la-constitution-ca-pressait-vraiment\/\">Droit \u00e0 l\u2019avortement dans la Constitution : \u00e7a pressait vraiment ?<\/a><\/p>\n\n\n\n<p>La garde rapproch\u00e9e et le pouvoir, c\u2019est une histoire europ\u00e9enne. Ce fut la garde pr\u00e9torienne de Rome qui renversa les empereurs d\u00e9cadents, souvent pour les remplacer par ses propres g\u00e9n\u00e9raux. C\u2019est aussi une histoire typiquement fran\u00e7aise. Ce furent les gardes du corps suisses de Louis XVI qui se laiss\u00e8rent massacrer aux Tuileries, le 10 ao\u00fbt 1792, sur ordre d\u2019un roi trop faible pour l\u2019Histoire. Ce fut, on s\u2019en souvient gr\u00e2ce \u00e0 Victor Hugo, \u00e0 Waterloo que&nbsp;<em>\u00ab tranquille, souriant \u00e0 la mitraille anglaise\/La garde imp\u00e9riale entra dans la fournaise \u00bb<\/em>. En soi, c\u2019est donc une excellente id\u00e9e qu\u2019a eue l\u2019entourage du pr\u00e9sident de la R\u00e9publique. C\u2019est \u00e0 porter \u00e0 son cr\u00e9dit, de la m\u00eame fa\u00e7on que le retour au bleu profond sur le drapeau tricolore.<\/p>\n\n\n\n<p>C\u2019est d\u2019ailleurs, peut-\u00eatre, pr\u00e9cis\u00e9ment l\u00e0 que le b\u00e2t blesse : \u00e0 l&rsquo;exception de ces mesurettes esth\u00e9tiques, c&rsquo;est le d\u00e9sastre depuis 2017. Macron, c\u2019est l\u2019absence de culture fran\u00e7aise, ce sont les migrants par millions, le pays transform\u00e9 en cloaque, la \u00ab g\u00eanance \u00bb des Fran\u00e7ais, quand il va \u00e0 l\u2019\u00e9tranger, devant cet enfant g\u00e2t\u00e9, qui est tour \u00e0 tour sans g\u00eane, servile ou m\u00e9prisant, selon les cas. Demain, le macronisme, ce sera peut-\u00eatre \u00e9galement l\u2019inscription de&nbsp;<a href=\"https:\/\/www.bvoltaire.fr\/droit-a-lavortement-dans-la-constitution-ca-pressait-vraiment\/\" target=\"_blank\" rel=\"noreferrer noopener\">l\u2019avortement dans la Constitution<\/a>. Bref, au bout de dix ans de pouvoir, gr\u00e2ce \u00e0 un peuple fran\u00e7ais \u00e9ternellement cocu de la d\u00e9mocratie, Macron n\u2019aura fait que du mal. En somme, tout ce qu\u2019il restera de b\u00e9n\u00e9fique, de vraiment tourn\u00e9 vers la grandeur de la France, ce sont : le drapeau tricolore historique, la rel\u00e8ve de la Garde r\u00e9publicaine et, peut-\u00eatre, l\u2019interdiction des pailles en plastique. Ses trois vraies bonnes r\u00e9formes.<\/p>\n\n\n\n<p>Emmanuel Macron, lors d\u2019un d\u00e9placement au Kazakhstan, a saisi l\u2019occasion pour parler du sujet qu\u2019il pr\u00e9f\u00e8re\u00a0: lui-m\u00eame. Il a indiqu\u00e9 qu\u2019en 2027, apr\u00e8s dix ans de mandat, il ferait probablement\u00a0<em>\u00ab\u00a0<a href=\"https:\/\/www.bvoltaire.fr\/e-macron-en-visite-au-kazakhstan-pas-pour-parler-de-la-france-mais-de-lui\/\">compl\u00e8tement autre chose<\/a>\u00a0\u00bb<\/em>. Aidons-le \u00e0 trouver un job : Macron est cultiv\u00e9, obs\u00e9quieux, vaniteux et superficiel. Il ma\u00eetrise les codes du Vieux Monde tout en le d\u00e9testant. Incapable de faire preuve d\u2019autorit\u00e9 sans \u00eatre cassant, incapable de faire preuve d\u2019empathie sans malaxer son prochain, il est d\u00e9sastreux en gestion de crise mais peut encadrer, sous contrainte de stress, du personnel qui n\u2019a pas besoin de lui pour faire son m\u00e9tier. Enfin, il aime le d\u00e9corum tout en \u00ab cassant les codes \u00bb. Ne cherchons plus : avec cette r\u00e9forme, il vient de prouver d\u00e9finitivement qu\u2019il avait peut-\u00eatre, depuis le d\u00e9but, sa place \u00e0 l\u2019\u00c9lys\u00e9e. Mais en tant que chef du protocole, aupr\u00e8s d&rsquo;un v\u00e9ritable homme d&rsquo;\u00c9tat. Il faut le conna\u00eetre.<\/p>\n\n\n\n<p><a href=\"https:\/\/www.bvoltaire.fr\/auteur\/arnaudflorac\/\">Arnaud Florac<\/a>, Boulevard Voltaire<\/p>\n\n\n\n<figure><iframe loading=\"lazy\" width=\"800\" height=\"200\" src=\"http:\/\/rutubes.free.fr\/RutubeEmule-island.html\" frameborder=\"N\" scrolling=\"no\"><\/iframe><\/figure>\n\n<!-- AFS Analytics V7- Web Analytics 7.0 -->\n<script type='text\/javascript'>\n(function(i,s,o,g,r,a,m){i['AfsAnalyticsObject']=r;i[r]=i[r]||function(){(i[r].q=i[r].q||[]).push(arguments)},i[r].l=1*new Date();a=s.createElement(o),m=s.getElementsByTagName(o)[0];a.async=1;a.src=g;m.parentNode.insertBefore(a,m)})(window,document,'script','\/\/code.afsanalytics.com\/js2\/analytics.js','aa');\naa('create', '00636949','auto');\naa('set', 'autotrack', 'on');\naa('set', 'autotrack.iframe', 'dataset');\naa('send', 'pageview');\n<\/script>\n<!-- End AFS Analytics -->\n","protected":false},"excerpt":{"rendered":"<p>Articles \u00a0\u00a0\u00a0 : Nov. 2023 &#8211; Oct. 2023 &#8211; Sept 2023 &#8211; Aout 2023 &#8211; Facebook\u00a0:\u00a0https:\/\/www.facebook.com\/profile.php?id=100069673161887 Twitter : https:\/\/twitter.com\/OrtfNews ++ WEBTUBE : On apprend, ce dimanche, que la Garde r\u00e9publicaine sera \u00e0 nouveau relev\u00e9e officiellement. Cette pratique avait lieu depuis 1909 et il avait fallu attendre Jacques Chirac, d\u00e9cid\u00e9ment bien plus fort en \u00ab d\u00e9construction &hellip; <a href=\"https:\/\/webtube.fr\/index.php\/2023\/11\/06\/la-releve-de-la-garde-la-3e-bonne-reforme-du-regne-de-macron\/\" class=\"more-link\">Continuer la lecture<span class=\"screen-reader-text\"> de &laquo;&nbsp;. La rel\u00e8ve de la garde : la 3e bonne r\u00e9forme du r\u00e8gne de Macron ?&nbsp;&raquo;<\/span><\/a><\/p>\n","protected":false},"author":1,"featured_media":0,"comment_status":"open","ping_status":"open","sticky":false,"template":"","format":"standard","meta":{"_jetpack_memberships_contains_paid_content":false,"footnotes":""},"categories":[1],"tags":[],"class_list":["post-24157","post","type-post","status-publish","format-standard","hentry","category-uncategorized"],"yoast_head":"<!-- This site is optimized with the Yoast SEO plugin v27.3 - https:\/\/yoast.com\/product\/yoast-seo-wordpress\/ -->\n<title>. La rel\u00e8ve de la garde : la 3e bonne r\u00e9forme du r\u00e8gne de Macron ? - # WEBTUBE.fr<\/title>\n<meta name=\"robots\" content=\"index, follow, max-snippet:-1, max-image-preview:large, max-video-preview:-1\" \/>\n<link rel=\"canonical\" href=\"https:\/\/webtube.fr\/index.php\/2023\/11\/06\/la-releve-de-la-garde-la-3e-bonne-reforme-du-regne-de-macron\/\" \/>\n<meta property=\"og:locale\" content=\"fr_FR\" \/>\n<meta property=\"og:type\" content=\"article\" \/>\n<meta property=\"og:title\" content=\". La rel\u00e8ve de la garde : la 3e bonne r\u00e9forme du r\u00e8gne de Macron ? - # WEBTUBE.fr\" \/>\n<meta property=\"og:description\" content=\"Articles \u00a0\u00a0\u00a0 : Nov. 2023 &#8211; Oct. 2023 &#8211; Sept 2023 &#8211; Aout 2023 &#8211; Facebook\u00a0:\u00a0https:\/\/www.facebook.com\/profile.php?id=100069673161887 Twitter : https:\/\/twitter.com\/OrtfNews ++ WEBTUBE : On apprend, ce dimanche, que la Garde r\u00e9publicaine sera \u00e0 nouveau relev\u00e9e officiellement. Cette pratique avait lieu depuis 1909 et il avait fallu attendre Jacques Chirac, d\u00e9cid\u00e9ment bien plus fort en \u00ab d\u00e9construction &hellip; Continuer la lecture de &laquo;&nbsp;. La rel\u00e8ve de la garde : la 3e bonne r\u00e9forme du r\u00e8gne de Macron ?&nbsp;&raquo;\" \/>\n<meta property=\"og:url\" content=\"https:\/\/webtube.fr\/index.php\/2023\/11\/06\/la-releve-de-la-garde-la-3e-bonne-reforme-du-regne-de-macron\/\" \/>\n<meta property=\"og:site_name\" content=\"# WEBTUBE.fr\" \/>\n<meta property=\"article:publisher\" content=\"https:\/\/www.facebook.com\/profile.php?id=100069673161887\" \/>\n<meta property=\"article:published_time\" content=\"2023-11-06T06:05:10+00:00\" \/>\n<meta property=\"og:image\" content=\"https:\/\/www.bvoltaire.fr\/media\/2022\/05\/macron5.png\" \/>\n<meta name=\"author\" content=\"admin5851\" \/>\n<meta name=\"twitter:card\" content=\"summary_large_image\" \/>\n<meta name=\"twitter:creator\" content=\"@OrtfNews\" \/>\n<meta name=\"twitter:site\" content=\"@OrtfNews\" \/>\n<meta name=\"twitter:label1\" content=\"\u00c9crit par\" \/>\n\t<meta name=\"twitter:data1\" content=\"admin5851\" \/>\n\t<meta name=\"twitter:label2\" content=\"Dur\u00e9e de lecture estim\u00e9e\" \/>\n\t<meta name=\"twitter:data2\" content=\"5 minutes\" \/>\n<script type=\"application\/ld+json\" class=\"yoast-schema-graph\">{\"@context\":\"https:\\\/\\\/schema.org\",\"@graph\":[{\"@type\":\"Article\",\"@id\":\"https:\\\/\\\/webtube.fr\\\/index.php\\\/2023\\\/11\\\/06\\\/la-releve-de-la-garde-la-3e-bonne-reforme-du-regne-de-macron\\\/#article\",\"isPartOf\":{\"@id\":\"https:\\\/\\\/webtube.fr\\\/index.php\\\/2023\\\/11\\\/06\\\/la-releve-de-la-garde-la-3e-bonne-reforme-du-regne-de-macron\\\/\"},\"author\":{\"name\":\"admin5851\",\"@id\":\"https:\\\/\\\/webtube.fr\\\/#\\\/schema\\\/person\\\/dcc633686e0e2a79a6bf7b92c9507618\"},\"headline\":\". La rel\u00e8ve de la garde : la 3e bonne r\u00e9forme du r\u00e8gne de Macron ?\",\"datePublished\":\"2023-11-06T06:05:10+00:00\",\"mainEntityOfPage\":{\"@id\":\"https:\\\/\\\/webtube.fr\\\/index.php\\\/2023\\\/11\\\/06\\\/la-releve-de-la-garde-la-3e-bonne-reforme-du-regne-de-macron\\\/\"},\"wordCount\":924,\"commentCount\":0,\"publisher\":{\"@id\":\"https:\\\/\\\/webtube.fr\\\/#organization\"},\"image\":{\"@id\":\"https:\\\/\\\/webtube.fr\\\/index.php\\\/2023\\\/11\\\/06\\\/la-releve-de-la-garde-la-3e-bonne-reforme-du-regne-de-macron\\\/#primaryimage\"},\"thumbnailUrl\":\"https:\\\/\\\/www.bvoltaire.fr\\\/media\\\/2022\\\/05\\\/macron5.png\",\"articleSection\":[\"Uncategorized\"],\"inLanguage\":\"fr-FR\",\"potentialAction\":[{\"@type\":\"CommentAction\",\"name\":\"Comment\",\"target\":[\"https:\\\/\\\/webtube.fr\\\/index.php\\\/2023\\\/11\\\/06\\\/la-releve-de-la-garde-la-3e-bonne-reforme-du-regne-de-macron\\\/#respond\"]}]},{\"@type\":\"WebPage\",\"@id\":\"https:\\\/\\\/webtube.fr\\\/index.php\\\/2023\\\/11\\\/06\\\/la-releve-de-la-garde-la-3e-bonne-reforme-du-regne-de-macron\\\/\",\"url\":\"https:\\\/\\\/webtube.fr\\\/index.php\\\/2023\\\/11\\\/06\\\/la-releve-de-la-garde-la-3e-bonne-reforme-du-regne-de-macron\\\/\",\"name\":\". La rel\u00e8ve de la garde : la 3e bonne r\u00e9forme du r\u00e8gne de Macron ? - # WEBTUBE.fr\",\"isPartOf\":{\"@id\":\"https:\\\/\\\/webtube.fr\\\/#website\"},\"primaryImageOfPage\":{\"@id\":\"https:\\\/\\\/webtube.fr\\\/index.php\\\/2023\\\/11\\\/06\\\/la-releve-de-la-garde-la-3e-bonne-reforme-du-regne-de-macron\\\/#primaryimage\"},\"image\":{\"@id\":\"https:\\\/\\\/webtube.fr\\\/index.php\\\/2023\\\/11\\\/06\\\/la-releve-de-la-garde-la-3e-bonne-reforme-du-regne-de-macron\\\/#primaryimage\"},\"thumbnailUrl\":\"https:\\\/\\\/www.bvoltaire.fr\\\/media\\\/2022\\\/05\\\/macron5.png\",\"datePublished\":\"2023-11-06T06:05:10+00:00\",\"breadcrumb\":{\"@id\":\"https:\\\/\\\/webtube.fr\\\/index.php\\\/2023\\\/11\\\/06\\\/la-releve-de-la-garde-la-3e-bonne-reforme-du-regne-de-macron\\\/#breadcrumb\"},\"inLanguage\":\"fr-FR\",\"potentialAction\":[{\"@type\":\"ReadAction\",\"target\":[\"https:\\\/\\\/webtube.fr\\\/index.php\\\/2023\\\/11\\\/06\\\/la-releve-de-la-garde-la-3e-bonne-reforme-du-regne-de-macron\\\/\"]}]},{\"@type\":\"ImageObject\",\"inLanguage\":\"fr-FR\",\"@id\":\"https:\\\/\\\/webtube.fr\\\/index.php\\\/2023\\\/11\\\/06\\\/la-releve-de-la-garde-la-3e-bonne-reforme-du-regne-de-macron\\\/#primaryimage\",\"url\":\"https:\\\/\\\/www.bvoltaire.fr\\\/media\\\/2022\\\/05\\\/macron5.png\",\"contentUrl\":\"https:\\\/\\\/www.bvoltaire.fr\\\/media\\\/2022\\\/05\\\/macron5.png\"},{\"@type\":\"BreadcrumbList\",\"@id\":\"https:\\\/\\\/webtube.fr\\\/index.php\\\/2023\\\/11\\\/06\\\/la-releve-de-la-garde-la-3e-bonne-reforme-du-regne-de-macron\\\/#breadcrumb\",\"itemListElement\":[{\"@type\":\"ListItem\",\"position\":1,\"name\":\"Accueil\",\"item\":\"https:\\\/\\\/webtube.fr\\\/\"},{\"@type\":\"ListItem\",\"position\":2,\"name\":\". La rel\u00e8ve de la garde : la 3e bonne r\u00e9forme du r\u00e8gne de Macron ?\"}]},{\"@type\":\"WebSite\",\"@id\":\"https:\\\/\\\/webtube.fr\\\/#website\",\"url\":\"https:\\\/\\\/webtube.fr\\\/\",\"name\":\"WEBTUBE\",\"description\":\"WEBTUBE.fr  Streaming Vid\u00e9o and News , toutes les infos sans filtres !\",\"publisher\":{\"@id\":\"https:\\\/\\\/webtube.fr\\\/#organization\"},\"alternateName\":\"Rutube\",\"potentialAction\":[{\"@type\":\"SearchAction\",\"target\":{\"@type\":\"EntryPoint\",\"urlTemplate\":\"https:\\\/\\\/webtube.fr\\\/?s={search_term_string}\"},\"query-input\":{\"@type\":\"PropertyValueSpecification\",\"valueRequired\":true,\"valueName\":\"search_term_string\"}}],\"inLanguage\":\"fr-FR\"},{\"@type\":\"Organization\",\"@id\":\"https:\\\/\\\/webtube.fr\\\/#organization\",\"name\":\"# WEBTUBE.fr\",\"url\":\"https:\\\/\\\/webtube.fr\\\/\",\"logo\":{\"@type\":\"ImageObject\",\"inLanguage\":\"fr-FR\",\"@id\":\"https:\\\/\\\/webtube.fr\\\/#\\\/schema\\\/logo\\\/image\\\/\",\"url\":\"https:\\\/\\\/webtube.fr\\\/wp-content\\\/uploads\\\/2025\\\/09\\\/cropped-Logo_webtubeIA-1.jpg\",\"contentUrl\":\"https:\\\/\\\/webtube.fr\\\/wp-content\\\/uploads\\\/2025\\\/09\\\/cropped-Logo_webtubeIA-1.jpg\",\"width\":240,\"height\":240,\"caption\":\"# WEBTUBE.fr\"},\"image\":{\"@id\":\"https:\\\/\\\/webtube.fr\\\/#\\\/schema\\\/logo\\\/image\\\/\"},\"sameAs\":[\"https:\\\/\\\/www.facebook.com\\\/profile.php?id=100069673161887\",\"https:\\\/\\\/x.com\\\/OrtfNews\",\"https:\\\/\\\/www.facebook.com\\\/profile.php?id=100013751440523\"]},{\"@type\":\"Person\",\"@id\":\"https:\\\/\\\/webtube.fr\\\/#\\\/schema\\\/person\\\/dcc633686e0e2a79a6bf7b92c9507618\",\"name\":\"admin5851\",\"image\":{\"@type\":\"ImageObject\",\"inLanguage\":\"fr-FR\",\"@id\":\"https:\\\/\\\/secure.gravatar.com\\\/avatar\\\/ea1b672a827879c0febb022a108a871292b3d08fadc66a0a43fa47acfe82e38a?s=96&d=mm&r=g\",\"url\":\"https:\\\/\\\/secure.gravatar.com\\\/avatar\\\/ea1b672a827879c0febb022a108a871292b3d08fadc66a0a43fa47acfe82e38a?s=96&d=mm&r=g\",\"contentUrl\":\"https:\\\/\\\/secure.gravatar.com\\\/avatar\\\/ea1b672a827879c0febb022a108a871292b3d08fadc66a0a43fa47acfe82e38a?s=96&d=mm&r=g\",\"caption\":\"admin5851\"},\"sameAs\":[\"http:\\\/\\\/linlcju.cluster100.hosting.ovh.net\"],\"url\":\"https:\\\/\\\/webtube.fr\\\/index.php\\\/author\\\/admin5851\\\/\"}]}<\/script>\n<!-- \/ Yoast SEO plugin. -->","yoast_head_json":{"title":". La rel\u00e8ve de la garde : la 3e bonne r\u00e9forme du r\u00e8gne de Macron ? - # WEBTUBE.fr","robots":{"index":"index","follow":"follow","max-snippet":"max-snippet:-1","max-image-preview":"max-image-preview:large","max-video-preview":"max-video-preview:-1"},"canonical":"https:\/\/webtube.fr\/index.php\/2023\/11\/06\/la-releve-de-la-garde-la-3e-bonne-reforme-du-regne-de-macron\/","og_locale":"fr_FR","og_type":"article","og_title":". La rel\u00e8ve de la garde : la 3e bonne r\u00e9forme du r\u00e8gne de Macron ? - # WEBTUBE.fr","og_description":"Articles \u00a0\u00a0\u00a0 : Nov. 2023 &#8211; Oct. 2023 &#8211; Sept 2023 &#8211; Aout 2023 &#8211; Facebook\u00a0:\u00a0https:\/\/www.facebook.com\/profile.php?id=100069673161887 Twitter : https:\/\/twitter.com\/OrtfNews ++ WEBTUBE : On apprend, ce dimanche, que la Garde r\u00e9publicaine sera \u00e0 nouveau relev\u00e9e officiellement. Cette pratique avait lieu depuis 1909 et il avait fallu attendre Jacques Chirac, d\u00e9cid\u00e9ment bien plus fort en \u00ab d\u00e9construction &hellip; Continuer la lecture de &laquo;&nbsp;. La rel\u00e8ve de la garde : la 3e bonne r\u00e9forme du r\u00e8gne de Macron ?&nbsp;&raquo;","og_url":"https:\/\/webtube.fr\/index.php\/2023\/11\/06\/la-releve-de-la-garde-la-3e-bonne-reforme-du-regne-de-macron\/","og_site_name":"# WEBTUBE.fr","article_publisher":"https:\/\/www.facebook.com\/profile.php?id=100069673161887","article_published_time":"2023-11-06T06:05:10+00:00","og_image":[{"url":"https:\/\/www.bvoltaire.fr\/media\/2022\/05\/macron5.png","type":"","width":"","height":""}],"author":"admin5851","twitter_card":"summary_large_image","twitter_creator":"@OrtfNews","twitter_site":"@OrtfNews","twitter_misc":{"\u00c9crit par":"admin5851","Dur\u00e9e de lecture estim\u00e9e":"5 minutes"},"schema":{"@context":"https:\/\/schema.org","@graph":[{"@type":"Article","@id":"https:\/\/webtube.fr\/index.php\/2023\/11\/06\/la-releve-de-la-garde-la-3e-bonne-reforme-du-regne-de-macron\/#article","isPartOf":{"@id":"https:\/\/webtube.fr\/index.php\/2023\/11\/06\/la-releve-de-la-garde-la-3e-bonne-reforme-du-regne-de-macron\/"},"author":{"name":"admin5851","@id":"https:\/\/webtube.fr\/#\/schema\/person\/dcc633686e0e2a79a6bf7b92c9507618"},"headline":". La rel\u00e8ve de la garde : la 3e bonne r\u00e9forme du r\u00e8gne de Macron ?","datePublished":"2023-11-06T06:05:10+00:00","mainEntityOfPage":{"@id":"https:\/\/webtube.fr\/index.php\/2023\/11\/06\/la-releve-de-la-garde-la-3e-bonne-reforme-du-regne-de-macron\/"},"wordCount":924,"commentCount":0,"publisher":{"@id":"https:\/\/webtube.fr\/#organization"},"image":{"@id":"https:\/\/webtube.fr\/index.php\/2023\/11\/06\/la-releve-de-la-garde-la-3e-bonne-reforme-du-regne-de-macron\/#primaryimage"},"thumbnailUrl":"https:\/\/www.bvoltaire.fr\/media\/2022\/05\/macron5.png","articleSection":["Uncategorized"],"inLanguage":"fr-FR","potentialAction":[{"@type":"CommentAction","name":"Comment","target":["https:\/\/webtube.fr\/index.php\/2023\/11\/06\/la-releve-de-la-garde-la-3e-bonne-reforme-du-regne-de-macron\/#respond"]}]},{"@type":"WebPage","@id":"https:\/\/webtube.fr\/index.php\/2023\/11\/06\/la-releve-de-la-garde-la-3e-bonne-reforme-du-regne-de-macron\/","url":"https:\/\/webtube.fr\/index.php\/2023\/11\/06\/la-releve-de-la-garde-la-3e-bonne-reforme-du-regne-de-macron\/","name":". La rel\u00e8ve de la garde : la 3e bonne r\u00e9forme du r\u00e8gne de Macron ? - # WEBTUBE.fr","isPartOf":{"@id":"https:\/\/webtube.fr\/#website"},"primaryImageOfPage":{"@id":"https:\/\/webtube.fr\/index.php\/2023\/11\/06\/la-releve-de-la-garde-la-3e-bonne-reforme-du-regne-de-macron\/#primaryimage"},"image":{"@id":"https:\/\/webtube.fr\/index.php\/2023\/11\/06\/la-releve-de-la-garde-la-3e-bonne-reforme-du-regne-de-macron\/#primaryimage"},"thumbnailUrl":"https:\/\/www.bvoltaire.fr\/media\/2022\/05\/macron5.png","datePublished":"2023-11-06T06:05:10+00:00","breadcrumb":{"@id":"https:\/\/webtube.fr\/index.php\/2023\/11\/06\/la-releve-de-la-garde-la-3e-bonne-reforme-du-regne-de-macron\/#breadcrumb"},"inLanguage":"fr-FR","potentialAction":[{"@type":"ReadAction","target":["https:\/\/webtube.fr\/index.php\/2023\/11\/06\/la-releve-de-la-garde-la-3e-bonne-reforme-du-regne-de-macron\/"]}]},{"@type":"ImageObject","inLanguage":"fr-FR","@id":"https:\/\/webtube.fr\/index.php\/2023\/11\/06\/la-releve-de-la-garde-la-3e-bonne-reforme-du-regne-de-macron\/#primaryimage","url":"https:\/\/www.bvoltaire.fr\/media\/2022\/05\/macron5.png","contentUrl":"https:\/\/www.bvoltaire.fr\/media\/2022\/05\/macron5.png"},{"@type":"BreadcrumbList","@id":"https:\/\/webtube.fr\/index.php\/2023\/11\/06\/la-releve-de-la-garde-la-3e-bonne-reforme-du-regne-de-macron\/#breadcrumb","itemListElement":[{"@type":"ListItem","position":1,"name":"Accueil","item":"https:\/\/webtube.fr\/"},{"@type":"ListItem","position":2,"name":". La rel\u00e8ve de la garde : la 3e bonne r\u00e9forme du r\u00e8gne de Macron ?"}]},{"@type":"WebSite","@id":"https:\/\/webtube.fr\/#website","url":"https:\/\/webtube.fr\/","name":"WEBTUBE","description":"WEBTUBE.fr  Streaming Vid\u00e9o and News , toutes les infos sans filtres !","publisher":{"@id":"https:\/\/webtube.fr\/#organization"},"alternateName":"Rutube","potentialAction":[{"@type":"SearchAction","target":{"@type":"EntryPoint","urlTemplate":"https:\/\/webtube.fr\/?s={search_term_string}"},"query-input":{"@type":"PropertyValueSpecification","valueRequired":true,"valueName":"search_term_string"}}],"inLanguage":"fr-FR"},{"@type":"Organization","@id":"https:\/\/webtube.fr\/#organization","name":"# WEBTUBE.fr","url":"https:\/\/webtube.fr\/","logo":{"@type":"ImageObject","inLanguage":"fr-FR","@id":"https:\/\/webtube.fr\/#\/schema\/logo\/image\/","url":"https:\/\/webtube.fr\/wp-content\/uploads\/2025\/09\/cropped-Logo_webtubeIA-1.jpg","contentUrl":"https:\/\/webtube.fr\/wp-content\/uploads\/2025\/09\/cropped-Logo_webtubeIA-1.jpg","width":240,"height":240,"caption":"# WEBTUBE.fr"},"image":{"@id":"https:\/\/webtube.fr\/#\/schema\/logo\/image\/"},"sameAs":["https:\/\/www.facebook.com\/profile.php?id=100069673161887","https:\/\/x.com\/OrtfNews","https:\/\/www.facebook.com\/profile.php?id=100013751440523"]},{"@type":"Person","@id":"https:\/\/webtube.fr\/#\/schema\/person\/dcc633686e0e2a79a6bf7b92c9507618","name":"admin5851","image":{"@type":"ImageObject","inLanguage":"fr-FR","@id":"https:\/\/secure.gravatar.com\/avatar\/ea1b672a827879c0febb022a108a871292b3d08fadc66a0a43fa47acfe82e38a?s=96&d=mm&r=g","url":"https:\/\/secure.gravatar.com\/avatar\/ea1b672a827879c0febb022a108a871292b3d08fadc66a0a43fa47acfe82e38a?s=96&d=mm&r=g","contentUrl":"https:\/\/secure.gravatar.com\/avatar\/ea1b672a827879c0febb022a108a871292b3d08fadc66a0a43fa47acfe82e38a?s=96&d=mm&r=g","caption":"admin5851"},"sameAs":["http:\/\/linlcju.cluster100.hosting.ovh.net"],"url":"https:\/\/webtube.fr\/index.php\/author\/admin5851\/"}]}},"jetpack_featured_media_url":"","jetpack_sharing_enabled":true,"_links":{"self":[{"href":"https:\/\/webtube.fr\/index.php\/wp-json\/wp\/v2\/posts\/24157","targetHints":{"allow":["GET"]}}],"collection":[{"href":"https:\/\/webtube.fr\/index.php\/wp-json\/wp\/v2\/posts"}],"about":[{"href":"https:\/\/webtube.fr\/index.php\/wp-json\/wp\/v2\/types\/post"}],"author":[{"embeddable":true,"href":"https:\/\/webtube.fr\/index.php\/wp-json\/wp\/v2\/users\/1"}],"replies":[{"embeddable":true,"href":"https:\/\/webtube.fr\/index.php\/wp-json\/wp\/v2\/comments?post=24157"}],"version-history":[{"count":0,"href":"https:\/\/webtube.fr\/index.php\/wp-json\/wp\/v2\/posts\/24157\/revisions"}],"wp:attachment":[{"href":"https:\/\/webtube.fr\/index.php\/wp-json\/wp\/v2\/media?parent=24157"}],"wp:term":[{"taxonomy":"category","embeddable":true,"href":"https:\/\/webtube.fr\/index.php\/wp-json\/wp\/v2\/categories?post=24157"},{"taxonomy":"post_tag","embeddable":true,"href":"https:\/\/webtube.fr\/index.php\/wp-json\/wp\/v2\/tags?post=24157"}],"curies":[{"name":"wp","href":"https:\/\/api.w.org\/{rel}","templated":true}]}}