{"id":24155,"date":"2023-11-06T05:56:07","date_gmt":"2023-11-06T05:56:07","guid":{"rendered":"http:\/\/13.36.34.64\/?p=24155"},"modified":"2023-11-06T05:56:07","modified_gmt":"2023-11-06T05:56:07","slug":"agression-dune-israelite-a-lyon-mathilde-panot-accuse-lextreme-droite","status":"publish","type":"post","link":"https:\/\/webtube.fr\/index.php\/2023\/11\/06\/agression-dune-israelite-a-lyon-mathilde-panot-accuse-lextreme-droite\/","title":{"rendered":". Agression d\u2019une Isra\u00e9lite \u00e0 Lyon : Mathilde Panot accuse \u00ab l\u2019extr\u00eame droite \u00bb"},"content":{"rendered":"\n<figure><iframe loading=\"lazy\" width=\"800\" height=\"200\" src=\"http:\/\/rutubes.free.fr\/RutubeEmule-island.html\" frameborder=\"N\" scrolling=\"no\"><\/iframe><\/figure>\n\n\n\n<p>Articles \u00a0\u00a0\u00a0 : <a href=\"https:\/\/webtube.fr\/2023\/11\/\" target=\"_blank\" rel=\"noreferrer noopener\">Nov. 2023<\/a> &#8211; <a href=\"http:\/\/rutube.fr\/2023\/10\/\" target=\"_blank\" rel=\"noreferrer noopener\">Oct. 2023<\/a> &#8211; <a href=\"http:\/\/rutube.fr\/2023\/09\/\" target=\"_blank\" rel=\"noreferrer noopener\">Sept 2023<\/a> &#8211; <a href=\"http:\/\/rutube.fr\/2023\/08\/\" target=\"_blank\" rel=\"noreferrer noopener\">Aout 2023<\/a> &#8211; Facebook\u00a0:\u00a0<a href=\"https:\/\/www.facebook.com\/profile.php?id=100069673161887\">https:\/\/www.facebook.com\/profile.php?id=100069673161887<\/a> Twitter : <a href=\"https:\/\/twitter.com\/OrtfNews\" target=\"_blank\" rel=\"noreferrer noopener\">https:\/\/twitter.com\/OrtfNews<\/a><\/p>\n\n\n\n<figure class=\"wp-block-image size-large\"><img decoding=\"async\" src=\"https:\/\/www.fdesouche.com\/wp-content\/uploads\/2023\/11\/image-panot.png\" alt=\"\"\/><\/figure>\n\n\n\n<p><strong>++ WEBTUBE :<\/strong> <em>Regardez bien cette photo. Je pense qu&rsquo;elle r\u00e9sume sans grands discours le niveau double z\u00e9ro de cette personne. Mathilde Panot\u00a0accuse l&rsquo;extr\u00eame droite de semer le chaos en France !  Petite question \u00e0 vous tous lecteurs de mes posts : Vous les avez vu ces chemises brunes d\u00e9filer en masse dans nos rues ? Vous les avez vu ces attaques r\u00e9guli\u00e8res de juifs par des fachistes en ce moment ? Vous les avez vu nos \u00ab\u00a0cr\u00e2nes ras\u00e9s\u00a0\u00bb s&rsquo;en prendre quotidiennement aux juifs, aux homosexuels, aux femmes etc&#8230;.?  Plus c&rsquo;est faux, plus c&rsquo;est d\u00e9cal\u00e9 avec la r\u00e9alit\u00e9 plus c&rsquo;est relay\u00e9 par les r\u00e9seaux sociaux. Cette femme et son parti sont une honte pour la France (d&rsquo;avant). La France d&rsquo;aujourd&rsquo;hui ne ressemble plus \u00e0 grand choses.<\/em> <em>Qui va enfin donner une le\u00e7on d&rsquo;histoire \u00e0 cette inculte ?<\/em><\/p>\n\n\n\n<p>L&rsquo;article de BV :<\/p>\n\n\n\n<p>Alors que l&rsquo;enqu\u00eate se poursuit, ce dimanche, sur l&rsquo;attaque au couteau d&rsquo;une femme juive, chez elle, \u00e0 Lyon, la d\u00e9put\u00e9e de La France insoumise Mathilde Panot a, le jour m\u00eame, sur X,&nbsp; accus\u00e9&nbsp;<em>\u00ab l&rsquo;extr\u00eame droite \u00bb<\/em>&nbsp;de&nbsp;<em>\u00ab semer le chaos \u00bb<\/em>&nbsp;en France.<\/p>\n\n\n\n<p><em>\u00ab\u00a0Horreur et indignation. Une femme poignard\u00e9e \u00e0 Lyon. Une croix gamm\u00e9e, symbole nazi antis\u00e9mite tagu\u00e9 sur sa porte. L\u2019extr\u00eame droite s\u00e8me le chaos dans le pays. Tout doit \u00eatre mis en \u0153uvre pour appr\u00e9hender l\u2019agresseur\u00a0\u00bb<\/em>, a-t-elle \u00e9crit sur X, alors que l\u2019enqu\u00eate ne fait que commencer.<\/p>\n\n\n\n<blockquote class=\"twitter-tweet\" data-width=\"550\" data-dnt=\"true\"><p lang=\"fr\" dir=\"ltr\">Horreur et indignation.<br><br>Une femme poignard\u00e9e \u00e0 Lyon.<br><br>Une croix-gamm\u00e9e, symbole nazi antis\u00e9mite tagu\u00e9 sur sa porte.<br><br>L\u2019extr\u00eame-droite s\u00e8me le chaos dans le pays.<br><br>Tout doit \u00eatre mis en \u0153uvre pour appr\u00e9hender l\u2019agresseur.<\/p>&mdash; Mathilde Panot (@MathildePanot) <a href=\"https:\/\/twitter.com\/MathildePanot\/status\/1720878970197971148?ref_src=twsrc%5Etfw\">November 4, 2023<\/a><\/blockquote><script async src=\"https:\/\/platform.twitter.com\/widgets.js\" charset=\"utf-8\"><\/script>\n\n\n\n<p>Des propos repris par son coll\u00e8gue d\u00e9put\u00e9 Thomas Portes, accusant \u00e9galement&nbsp;<em>\u00ab&nbsp;l\u2019extr\u00eame droite \u00bb<\/em>.&nbsp;<em>\u00ab L\u2019horreur. Le nazisme frappe \u00e0 nouveau. \u00c0 Lyon une femme a \u00e9t\u00e9 poignard\u00e9e et une croix-gamm\u00e9e (sic) a \u00e9t\u00e9 tagu\u00e9e sur sa porte. Hier comme aujourd\u2019hui l\u2019extr\u00eame droite est une menace pour le pays. Elle ne r\u00eave que de chaos et de mort. Voil\u00e0 o\u00f9 m\u00e8ne la banalisation de ses id\u00e9es. \u00bb<\/em><\/p>\n\n\n\n<p>Certes, la pr\u00e9sence d&rsquo;une croix gamm\u00e9e tagu\u00e9e sur la porte peut laisser penser qu&rsquo;il s&rsquo;agirait d&rsquo;un acte antis\u00e9mite, m\u00eame si, selon une source polici\u00e8re, il&nbsp;<em>\u00ab n&rsquo;est pas possible \u00bb<\/em>&nbsp;de dater ce tag. Mais, pour l\u2019heure, le parquet de Lyon se montre prudent sur&nbsp;<em>\u00ab le caract\u00e8re antis\u00e9mite de cette attaque, d&rsquo;autant que la piste d&rsquo;un conflit personnel n&rsquo;est pas \u00e9cart\u00e9e&nbsp;\u00bb<\/em>, explique&nbsp;<em>Lyon Mag<\/em>.<\/p>\n\n\n\n<p>Le site d\u2019information lyonnais rappelle, au sujet de Mathilde Panot, que\u00a0<em>\u00ab ce n&rsquo;est pas la premi\u00e8re fois que La France insoumise se m\u00eale ainsi d&rsquo;un fait divers lyonnais. On se souvient qu&rsquo;en 2020, Jean-Luc M\u00e9lenchon avait accus\u00e9 \u00ab\u00a0un moine d&rsquo;extr\u00eame droite\u00a0\u00bb d&rsquo;\u00eatre l&rsquo;auteur des tirs contre le pr\u00eatre orthodoxe Nikolaos Kakavelakis. Une piste certes \u00e9tudi\u00e9e par les enqu\u00eateurs \u00e0 l&rsquo;\u00e9poque mais qui avait rapidement fait pschitt. \u00bb<\/em><\/p>\n\n\n\n<p><a href=\"https:\/\/www.bvoltaire.fr\/auteur\/boulevardvoltaire\/\">Boulevard Voltaire<\/a><\/p>\n\n\n\n<figure><iframe loading=\"lazy\" width=\"800\" height=\"200\" src=\"http:\/\/rutubes.free.fr\/RutubeEmule-island.html\" frameborder=\"N\" scrolling=\"no\"><\/iframe><\/figure>\n\n<!-- AFS Analytics V7- Web Analytics 7.0 -->\n<script type='text\/javascript'>\n(function(i,s,o,g,r,a,m){i['AfsAnalyticsObject']=r;i[r]=i[r]||function(){(i[r].q=i[r].q||[]).push(arguments)},i[r].l=1*new Date();a=s.createElement(o),m=s.getElementsByTagName(o)[0];a.async=1;a.src=g;m.parentNode.insertBefore(a,m)})(window,document,'script','\/\/code.afsanalytics.com\/js2\/analytics.js','aa');\naa('create', '00636949','auto');\naa('set', 'autotrack', 'on');\naa('set', 'autotrack.iframe', 'dataset');\naa('send', 'pageview');\n<\/script>\n<!-- End AFS Analytics -->\n","protected":false},"excerpt":{"rendered":"<p>Articles \u00a0\u00a0\u00a0 : Nov. 2023 &#8211; Oct. 2023 &#8211; Sept 2023 &#8211; Aout 2023 &#8211; Facebook\u00a0:\u00a0https:\/\/www.facebook.com\/profile.php?id=100069673161887 Twitter : https:\/\/twitter.com\/OrtfNews ++ WEBTUBE : Regardez bien cette photo. Je pense qu&rsquo;elle r\u00e9sume sans grands discours le niveau double z\u00e9ro de cette personne. Mathilde Panot\u00a0accuse l&rsquo;extr\u00eame droite de semer le chaos en France ! Petite question \u00e0 vous &hellip; <a href=\"https:\/\/webtube.fr\/index.php\/2023\/11\/06\/agression-dune-israelite-a-lyon-mathilde-panot-accuse-lextreme-droite\/\" class=\"more-link\">Continuer la lecture<span class=\"screen-reader-text\"> de &laquo;&nbsp;. Agression d\u2019une Isra\u00e9lite \u00e0 Lyon : Mathilde Panot accuse \u00ab l\u2019extr\u00eame droite \u00bb&nbsp;&raquo;<\/span><\/a><\/p>\n","protected":false},"author":1,"featured_media":0,"comment_status":"open","ping_status":"open","sticky":false,"template":"","format":"standard","meta":{"_jetpack_memberships_contains_paid_content":false,"footnotes":""},"categories":[1],"tags":[],"class_list":["post-24155","post","type-post","status-publish","format-standard","hentry","category-uncategorized"],"yoast_head":"<!-- This site is optimized with the Yoast SEO plugin v27.3 - https:\/\/yoast.com\/product\/yoast-seo-wordpress\/ -->\n<title>. Agression d\u2019une Isra\u00e9lite \u00e0 Lyon : Mathilde Panot accuse \u00ab l\u2019extr\u00eame droite \u00bb - # WEBTUBE.fr<\/title>\n<meta name=\"robots\" content=\"index, follow, max-snippet:-1, max-image-preview:large, max-video-preview:-1\" \/>\n<link rel=\"canonical\" href=\"https:\/\/webtube.fr\/index.php\/2023\/11\/06\/agression-dune-israelite-a-lyon-mathilde-panot-accuse-lextreme-droite\/\" \/>\n<meta property=\"og:locale\" content=\"fr_FR\" \/>\n<meta property=\"og:type\" content=\"article\" \/>\n<meta property=\"og:title\" content=\". Agression d\u2019une Isra\u00e9lite \u00e0 Lyon : Mathilde Panot accuse \u00ab l\u2019extr\u00eame droite \u00bb - # WEBTUBE.fr\" \/>\n<meta property=\"og:description\" content=\"Articles \u00a0\u00a0\u00a0 : Nov. 2023 &#8211; Oct. 2023 &#8211; Sept 2023 &#8211; Aout 2023 &#8211; Facebook\u00a0:\u00a0https:\/\/www.facebook.com\/profile.php?id=100069673161887 Twitter : https:\/\/twitter.com\/OrtfNews ++ WEBTUBE : Regardez bien cette photo. Je pense qu&rsquo;elle r\u00e9sume sans grands discours le niveau double z\u00e9ro de cette personne. Mathilde Panot\u00a0accuse l&rsquo;extr\u00eame droite de semer le chaos en France ! Petite question \u00e0 vous &hellip; Continuer la lecture de &laquo;&nbsp;. Agression d\u2019une Isra\u00e9lite \u00e0 Lyon : Mathilde Panot accuse \u00ab l\u2019extr\u00eame droite \u00bb&nbsp;&raquo;\" \/>\n<meta property=\"og:url\" content=\"https:\/\/webtube.fr\/index.php\/2023\/11\/06\/agression-dune-israelite-a-lyon-mathilde-panot-accuse-lextreme-droite\/\" \/>\n<meta property=\"og:site_name\" content=\"# WEBTUBE.fr\" \/>\n<meta property=\"article:publisher\" content=\"https:\/\/www.facebook.com\/profile.php?id=100069673161887\" \/>\n<meta property=\"article:published_time\" content=\"2023-11-06T05:56:07+00:00\" \/>\n<meta property=\"og:image\" content=\"https:\/\/www.fdesouche.com\/wp-content\/uploads\/2023\/11\/image-panot.png\" \/>\n<meta name=\"author\" content=\"admin5851\" \/>\n<meta name=\"twitter:card\" content=\"summary_large_image\" \/>\n<meta name=\"twitter:creator\" content=\"@OrtfNews\" \/>\n<meta name=\"twitter:site\" content=\"@OrtfNews\" \/>\n<meta name=\"twitter:label1\" content=\"\u00c9crit par\" \/>\n\t<meta name=\"twitter:data1\" content=\"admin5851\" \/>\n\t<meta name=\"twitter:label2\" content=\"Dur\u00e9e de lecture estim\u00e9e\" \/>\n\t<meta name=\"twitter:data2\" content=\"3 minutes\" \/>\n<script type=\"application\/ld+json\" class=\"yoast-schema-graph\">{\"@context\":\"https:\\\/\\\/schema.org\",\"@graph\":[{\"@type\":\"Article\",\"@id\":\"https:\\\/\\\/webtube.fr\\\/index.php\\\/2023\\\/11\\\/06\\\/agression-dune-israelite-a-lyon-mathilde-panot-accuse-lextreme-droite\\\/#article\",\"isPartOf\":{\"@id\":\"https:\\\/\\\/webtube.fr\\\/index.php\\\/2023\\\/11\\\/06\\\/agression-dune-israelite-a-lyon-mathilde-panot-accuse-lextreme-droite\\\/\"},\"author\":{\"name\":\"admin5851\",\"@id\":\"https:\\\/\\\/webtube.fr\\\/#\\\/schema\\\/person\\\/dcc633686e0e2a79a6bf7b92c9507618\"},\"headline\":\". Agression d\u2019une Isra\u00e9lite \u00e0 Lyon : Mathilde Panot accuse \u00ab l\u2019extr\u00eame droite \u00bb\",\"datePublished\":\"2023-11-06T05:56:07+00:00\",\"mainEntityOfPage\":{\"@id\":\"https:\\\/\\\/webtube.fr\\\/index.php\\\/2023\\\/11\\\/06\\\/agression-dune-israelite-a-lyon-mathilde-panot-accuse-lextreme-droite\\\/\"},\"wordCount\":551,\"commentCount\":0,\"publisher\":{\"@id\":\"https:\\\/\\\/webtube.fr\\\/#organization\"},\"image\":{\"@id\":\"https:\\\/\\\/webtube.fr\\\/index.php\\\/2023\\\/11\\\/06\\\/agression-dune-israelite-a-lyon-mathilde-panot-accuse-lextreme-droite\\\/#primaryimage\"},\"thumbnailUrl\":\"https:\\\/\\\/www.fdesouche.com\\\/wp-content\\\/uploads\\\/2023\\\/11\\\/image-panot.png\",\"articleSection\":[\"Uncategorized\"],\"inLanguage\":\"fr-FR\",\"potentialAction\":[{\"@type\":\"CommentAction\",\"name\":\"Comment\",\"target\":[\"https:\\\/\\\/webtube.fr\\\/index.php\\\/2023\\\/11\\\/06\\\/agression-dune-israelite-a-lyon-mathilde-panot-accuse-lextreme-droite\\\/#respond\"]}]},{\"@type\":\"WebPage\",\"@id\":\"https:\\\/\\\/webtube.fr\\\/index.php\\\/2023\\\/11\\\/06\\\/agression-dune-israelite-a-lyon-mathilde-panot-accuse-lextreme-droite\\\/\",\"url\":\"https:\\\/\\\/webtube.fr\\\/index.php\\\/2023\\\/11\\\/06\\\/agression-dune-israelite-a-lyon-mathilde-panot-accuse-lextreme-droite\\\/\",\"name\":\". Agression d\u2019une Isra\u00e9lite \u00e0 Lyon : Mathilde Panot accuse \u00ab l\u2019extr\u00eame droite \u00bb - # WEBTUBE.fr\",\"isPartOf\":{\"@id\":\"https:\\\/\\\/webtube.fr\\\/#website\"},\"primaryImageOfPage\":{\"@id\":\"https:\\\/\\\/webtube.fr\\\/index.php\\\/2023\\\/11\\\/06\\\/agression-dune-israelite-a-lyon-mathilde-panot-accuse-lextreme-droite\\\/#primaryimage\"},\"image\":{\"@id\":\"https:\\\/\\\/webtube.fr\\\/index.php\\\/2023\\\/11\\\/06\\\/agression-dune-israelite-a-lyon-mathilde-panot-accuse-lextreme-droite\\\/#primaryimage\"},\"thumbnailUrl\":\"https:\\\/\\\/www.fdesouche.com\\\/wp-content\\\/uploads\\\/2023\\\/11\\\/image-panot.png\",\"datePublished\":\"2023-11-06T05:56:07+00:00\",\"breadcrumb\":{\"@id\":\"https:\\\/\\\/webtube.fr\\\/index.php\\\/2023\\\/11\\\/06\\\/agression-dune-israelite-a-lyon-mathilde-panot-accuse-lextreme-droite\\\/#breadcrumb\"},\"inLanguage\":\"fr-FR\",\"potentialAction\":[{\"@type\":\"ReadAction\",\"target\":[\"https:\\\/\\\/webtube.fr\\\/index.php\\\/2023\\\/11\\\/06\\\/agression-dune-israelite-a-lyon-mathilde-panot-accuse-lextreme-droite\\\/\"]}]},{\"@type\":\"ImageObject\",\"inLanguage\":\"fr-FR\",\"@id\":\"https:\\\/\\\/webtube.fr\\\/index.php\\\/2023\\\/11\\\/06\\\/agression-dune-israelite-a-lyon-mathilde-panot-accuse-lextreme-droite\\\/#primaryimage\",\"url\":\"https:\\\/\\\/www.fdesouche.com\\\/wp-content\\\/uploads\\\/2023\\\/11\\\/image-panot.png\",\"contentUrl\":\"https:\\\/\\\/www.fdesouche.com\\\/wp-content\\\/uploads\\\/2023\\\/11\\\/image-panot.png\"},{\"@type\":\"BreadcrumbList\",\"@id\":\"https:\\\/\\\/webtube.fr\\\/index.php\\\/2023\\\/11\\\/06\\\/agression-dune-israelite-a-lyon-mathilde-panot-accuse-lextreme-droite\\\/#breadcrumb\",\"itemListElement\":[{\"@type\":\"ListItem\",\"position\":1,\"name\":\"Accueil\",\"item\":\"https:\\\/\\\/webtube.fr\\\/\"},{\"@type\":\"ListItem\",\"position\":2,\"name\":\". Agression d\u2019une Isra\u00e9lite \u00e0 Lyon : Mathilde Panot accuse \u00ab l\u2019extr\u00eame droite \u00bb\"}]},{\"@type\":\"WebSite\",\"@id\":\"https:\\\/\\\/webtube.fr\\\/#website\",\"url\":\"https:\\\/\\\/webtube.fr\\\/\",\"name\":\"WEBTUBE\",\"description\":\"WEBTUBE.fr  Streaming Vid\u00e9o and News , toutes les infos sans filtres !\",\"publisher\":{\"@id\":\"https:\\\/\\\/webtube.fr\\\/#organization\"},\"alternateName\":\"Rutube\",\"potentialAction\":[{\"@type\":\"SearchAction\",\"target\":{\"@type\":\"EntryPoint\",\"urlTemplate\":\"https:\\\/\\\/webtube.fr\\\/?s={search_term_string}\"},\"query-input\":{\"@type\":\"PropertyValueSpecification\",\"valueRequired\":true,\"valueName\":\"search_term_string\"}}],\"inLanguage\":\"fr-FR\"},{\"@type\":\"Organization\",\"@id\":\"https:\\\/\\\/webtube.fr\\\/#organization\",\"name\":\"# WEBTUBE.fr\",\"url\":\"https:\\\/\\\/webtube.fr\\\/\",\"logo\":{\"@type\":\"ImageObject\",\"inLanguage\":\"fr-FR\",\"@id\":\"https:\\\/\\\/webtube.fr\\\/#\\\/schema\\\/logo\\\/image\\\/\",\"url\":\"https:\\\/\\\/webtube.fr\\\/wp-content\\\/uploads\\\/2025\\\/09\\\/cropped-Logo_webtubeIA-1.jpg\",\"contentUrl\":\"https:\\\/\\\/webtube.fr\\\/wp-content\\\/uploads\\\/2025\\\/09\\\/cropped-Logo_webtubeIA-1.jpg\",\"width\":240,\"height\":240,\"caption\":\"# WEBTUBE.fr\"},\"image\":{\"@id\":\"https:\\\/\\\/webtube.fr\\\/#\\\/schema\\\/logo\\\/image\\\/\"},\"sameAs\":[\"https:\\\/\\\/www.facebook.com\\\/profile.php?id=100069673161887\",\"https:\\\/\\\/x.com\\\/OrtfNews\",\"https:\\\/\\\/www.facebook.com\\\/profile.php?id=100013751440523\"]},{\"@type\":\"Person\",\"@id\":\"https:\\\/\\\/webtube.fr\\\/#\\\/schema\\\/person\\\/dcc633686e0e2a79a6bf7b92c9507618\",\"name\":\"admin5851\",\"image\":{\"@type\":\"ImageObject\",\"inLanguage\":\"fr-FR\",\"@id\":\"https:\\\/\\\/secure.gravatar.com\\\/avatar\\\/ea1b672a827879c0febb022a108a871292b3d08fadc66a0a43fa47acfe82e38a?s=96&d=mm&r=g\",\"url\":\"https:\\\/\\\/secure.gravatar.com\\\/avatar\\\/ea1b672a827879c0febb022a108a871292b3d08fadc66a0a43fa47acfe82e38a?s=96&d=mm&r=g\",\"contentUrl\":\"https:\\\/\\\/secure.gravatar.com\\\/avatar\\\/ea1b672a827879c0febb022a108a871292b3d08fadc66a0a43fa47acfe82e38a?s=96&d=mm&r=g\",\"caption\":\"admin5851\"},\"sameAs\":[\"http:\\\/\\\/linlcju.cluster100.hosting.ovh.net\"],\"url\":\"https:\\\/\\\/webtube.fr\\\/index.php\\\/author\\\/admin5851\\\/\"}]}<\/script>\n<!-- \/ Yoast SEO plugin. -->","yoast_head_json":{"title":". Agression d\u2019une Isra\u00e9lite \u00e0 Lyon : Mathilde Panot accuse \u00ab l\u2019extr\u00eame droite \u00bb - # WEBTUBE.fr","robots":{"index":"index","follow":"follow","max-snippet":"max-snippet:-1","max-image-preview":"max-image-preview:large","max-video-preview":"max-video-preview:-1"},"canonical":"https:\/\/webtube.fr\/index.php\/2023\/11\/06\/agression-dune-israelite-a-lyon-mathilde-panot-accuse-lextreme-droite\/","og_locale":"fr_FR","og_type":"article","og_title":". Agression d\u2019une Isra\u00e9lite \u00e0 Lyon : Mathilde Panot accuse \u00ab l\u2019extr\u00eame droite \u00bb - # WEBTUBE.fr","og_description":"Articles \u00a0\u00a0\u00a0 : Nov. 2023 &#8211; Oct. 2023 &#8211; Sept 2023 &#8211; Aout 2023 &#8211; Facebook\u00a0:\u00a0https:\/\/www.facebook.com\/profile.php?id=100069673161887 Twitter : https:\/\/twitter.com\/OrtfNews ++ WEBTUBE : Regardez bien cette photo. Je pense qu&rsquo;elle r\u00e9sume sans grands discours le niveau double z\u00e9ro de cette personne. Mathilde Panot\u00a0accuse l&rsquo;extr\u00eame droite de semer le chaos en France ! Petite question \u00e0 vous &hellip; Continuer la lecture de &laquo;&nbsp;. Agression d\u2019une Isra\u00e9lite \u00e0 Lyon : Mathilde Panot accuse \u00ab l\u2019extr\u00eame droite \u00bb&nbsp;&raquo;","og_url":"https:\/\/webtube.fr\/index.php\/2023\/11\/06\/agression-dune-israelite-a-lyon-mathilde-panot-accuse-lextreme-droite\/","og_site_name":"# WEBTUBE.fr","article_publisher":"https:\/\/www.facebook.com\/profile.php?id=100069673161887","article_published_time":"2023-11-06T05:56:07+00:00","og_image":[{"url":"https:\/\/www.fdesouche.com\/wp-content\/uploads\/2023\/11\/image-panot.png","type":"","width":"","height":""}],"author":"admin5851","twitter_card":"summary_large_image","twitter_creator":"@OrtfNews","twitter_site":"@OrtfNews","twitter_misc":{"\u00c9crit par":"admin5851","Dur\u00e9e de lecture estim\u00e9e":"3 minutes"},"schema":{"@context":"https:\/\/schema.org","@graph":[{"@type":"Article","@id":"https:\/\/webtube.fr\/index.php\/2023\/11\/06\/agression-dune-israelite-a-lyon-mathilde-panot-accuse-lextreme-droite\/#article","isPartOf":{"@id":"https:\/\/webtube.fr\/index.php\/2023\/11\/06\/agression-dune-israelite-a-lyon-mathilde-panot-accuse-lextreme-droite\/"},"author":{"name":"admin5851","@id":"https:\/\/webtube.fr\/#\/schema\/person\/dcc633686e0e2a79a6bf7b92c9507618"},"headline":". Agression d\u2019une Isra\u00e9lite \u00e0 Lyon : Mathilde Panot accuse \u00ab l\u2019extr\u00eame droite \u00bb","datePublished":"2023-11-06T05:56:07+00:00","mainEntityOfPage":{"@id":"https:\/\/webtube.fr\/index.php\/2023\/11\/06\/agression-dune-israelite-a-lyon-mathilde-panot-accuse-lextreme-droite\/"},"wordCount":551,"commentCount":0,"publisher":{"@id":"https:\/\/webtube.fr\/#organization"},"image":{"@id":"https:\/\/webtube.fr\/index.php\/2023\/11\/06\/agression-dune-israelite-a-lyon-mathilde-panot-accuse-lextreme-droite\/#primaryimage"},"thumbnailUrl":"https:\/\/www.fdesouche.com\/wp-content\/uploads\/2023\/11\/image-panot.png","articleSection":["Uncategorized"],"inLanguage":"fr-FR","potentialAction":[{"@type":"CommentAction","name":"Comment","target":["https:\/\/webtube.fr\/index.php\/2023\/11\/06\/agression-dune-israelite-a-lyon-mathilde-panot-accuse-lextreme-droite\/#respond"]}]},{"@type":"WebPage","@id":"https:\/\/webtube.fr\/index.php\/2023\/11\/06\/agression-dune-israelite-a-lyon-mathilde-panot-accuse-lextreme-droite\/","url":"https:\/\/webtube.fr\/index.php\/2023\/11\/06\/agression-dune-israelite-a-lyon-mathilde-panot-accuse-lextreme-droite\/","name":". Agression d\u2019une Isra\u00e9lite \u00e0 Lyon : Mathilde Panot accuse \u00ab l\u2019extr\u00eame droite \u00bb - # WEBTUBE.fr","isPartOf":{"@id":"https:\/\/webtube.fr\/#website"},"primaryImageOfPage":{"@id":"https:\/\/webtube.fr\/index.php\/2023\/11\/06\/agression-dune-israelite-a-lyon-mathilde-panot-accuse-lextreme-droite\/#primaryimage"},"image":{"@id":"https:\/\/webtube.fr\/index.php\/2023\/11\/06\/agression-dune-israelite-a-lyon-mathilde-panot-accuse-lextreme-droite\/#primaryimage"},"thumbnailUrl":"https:\/\/www.fdesouche.com\/wp-content\/uploads\/2023\/11\/image-panot.png","datePublished":"2023-11-06T05:56:07+00:00","breadcrumb":{"@id":"https:\/\/webtube.fr\/index.php\/2023\/11\/06\/agression-dune-israelite-a-lyon-mathilde-panot-accuse-lextreme-droite\/#breadcrumb"},"inLanguage":"fr-FR","potentialAction":[{"@type":"ReadAction","target":["https:\/\/webtube.fr\/index.php\/2023\/11\/06\/agression-dune-israelite-a-lyon-mathilde-panot-accuse-lextreme-droite\/"]}]},{"@type":"ImageObject","inLanguage":"fr-FR","@id":"https:\/\/webtube.fr\/index.php\/2023\/11\/06\/agression-dune-israelite-a-lyon-mathilde-panot-accuse-lextreme-droite\/#primaryimage","url":"https:\/\/www.fdesouche.com\/wp-content\/uploads\/2023\/11\/image-panot.png","contentUrl":"https:\/\/www.fdesouche.com\/wp-content\/uploads\/2023\/11\/image-panot.png"},{"@type":"BreadcrumbList","@id":"https:\/\/webtube.fr\/index.php\/2023\/11\/06\/agression-dune-israelite-a-lyon-mathilde-panot-accuse-lextreme-droite\/#breadcrumb","itemListElement":[{"@type":"ListItem","position":1,"name":"Accueil","item":"https:\/\/webtube.fr\/"},{"@type":"ListItem","position":2,"name":". Agression d\u2019une Isra\u00e9lite \u00e0 Lyon : Mathilde Panot accuse \u00ab l\u2019extr\u00eame droite \u00bb"}]},{"@type":"WebSite","@id":"https:\/\/webtube.fr\/#website","url":"https:\/\/webtube.fr\/","name":"WEBTUBE","description":"WEBTUBE.fr  Streaming Vid\u00e9o and News , toutes les infos sans filtres !","publisher":{"@id":"https:\/\/webtube.fr\/#organization"},"alternateName":"Rutube","potentialAction":[{"@type":"SearchAction","target":{"@type":"EntryPoint","urlTemplate":"https:\/\/webtube.fr\/?s={search_term_string}"},"query-input":{"@type":"PropertyValueSpecification","valueRequired":true,"valueName":"search_term_string"}}],"inLanguage":"fr-FR"},{"@type":"Organization","@id":"https:\/\/webtube.fr\/#organization","name":"# WEBTUBE.fr","url":"https:\/\/webtube.fr\/","logo":{"@type":"ImageObject","inLanguage":"fr-FR","@id":"https:\/\/webtube.fr\/#\/schema\/logo\/image\/","url":"https:\/\/webtube.fr\/wp-content\/uploads\/2025\/09\/cropped-Logo_webtubeIA-1.jpg","contentUrl":"https:\/\/webtube.fr\/wp-content\/uploads\/2025\/09\/cropped-Logo_webtubeIA-1.jpg","width":240,"height":240,"caption":"# WEBTUBE.fr"},"image":{"@id":"https:\/\/webtube.fr\/#\/schema\/logo\/image\/"},"sameAs":["https:\/\/www.facebook.com\/profile.php?id=100069673161887","https:\/\/x.com\/OrtfNews","https:\/\/www.facebook.com\/profile.php?id=100013751440523"]},{"@type":"Person","@id":"https:\/\/webtube.fr\/#\/schema\/person\/dcc633686e0e2a79a6bf7b92c9507618","name":"admin5851","image":{"@type":"ImageObject","inLanguage":"fr-FR","@id":"https:\/\/secure.gravatar.com\/avatar\/ea1b672a827879c0febb022a108a871292b3d08fadc66a0a43fa47acfe82e38a?s=96&d=mm&r=g","url":"https:\/\/secure.gravatar.com\/avatar\/ea1b672a827879c0febb022a108a871292b3d08fadc66a0a43fa47acfe82e38a?s=96&d=mm&r=g","contentUrl":"https:\/\/secure.gravatar.com\/avatar\/ea1b672a827879c0febb022a108a871292b3d08fadc66a0a43fa47acfe82e38a?s=96&d=mm&r=g","caption":"admin5851"},"sameAs":["http:\/\/linlcju.cluster100.hosting.ovh.net"],"url":"https:\/\/webtube.fr\/index.php\/author\/admin5851\/"}]}},"jetpack_featured_media_url":"","jetpack_sharing_enabled":true,"_links":{"self":[{"href":"https:\/\/webtube.fr\/index.php\/wp-json\/wp\/v2\/posts\/24155","targetHints":{"allow":["GET"]}}],"collection":[{"href":"https:\/\/webtube.fr\/index.php\/wp-json\/wp\/v2\/posts"}],"about":[{"href":"https:\/\/webtube.fr\/index.php\/wp-json\/wp\/v2\/types\/post"}],"author":[{"embeddable":true,"href":"https:\/\/webtube.fr\/index.php\/wp-json\/wp\/v2\/users\/1"}],"replies":[{"embeddable":true,"href":"https:\/\/webtube.fr\/index.php\/wp-json\/wp\/v2\/comments?post=24155"}],"version-history":[{"count":0,"href":"https:\/\/webtube.fr\/index.php\/wp-json\/wp\/v2\/posts\/24155\/revisions"}],"wp:attachment":[{"href":"https:\/\/webtube.fr\/index.php\/wp-json\/wp\/v2\/media?parent=24155"}],"wp:term":[{"taxonomy":"category","embeddable":true,"href":"https:\/\/webtube.fr\/index.php\/wp-json\/wp\/v2\/categories?post=24155"},{"taxonomy":"post_tag","embeddable":true,"href":"https:\/\/webtube.fr\/index.php\/wp-json\/wp\/v2\/tags?post=24155"}],"curies":[{"name":"wp","href":"https:\/\/api.w.org\/{rel}","templated":true}]}}