{"id":24151,"date":"2023-11-06T05:37:47","date_gmt":"2023-11-06T05:37:47","guid":{"rendered":"http:\/\/13.36.34.64\/?p=24151"},"modified":"2023-11-06T05:37:47","modified_gmt":"2023-11-06T05:37:47","slug":"il-y-a-dix-ans-on-criait-deja-dans-nos-rues-mort-aux-juifs-hitler-avait-raison","status":"publish","type":"post","link":"https:\/\/webtube.fr\/index.php\/2023\/11\/06\/il-y-a-dix-ans-on-criait-deja-dans-nos-rues-mort-aux-juifs-hitler-avait-raison\/","title":{"rendered":". Il y a dix ans, on criait d\u00e9j\u00e0 dans nos rues : \u201cMort aux Juifs\u201d, \u201cHitler avait raison\u201d"},"content":{"rendered":"\n<figure><iframe loading=\"lazy\" width=\"800\" height=\"200\" src=\"http:\/\/rutubes.free.fr\/RutubeEmule-island.html\" frameborder=\"N\" scrolling=\"no\"><\/iframe><\/figure>\n\n\n\n<figure class=\"wp-block-image size-large\"><img decoding=\"async\" src=\"https:\/\/ripostelaique.com\/wp-content\/uploads\/2023\/11\/6a821c151a2a7c505fd85b0739eaeb5e.webp\" alt=\"\"\/><\/figure>\n\n\n\n<p><strong>++ WEBTUBE :<\/strong> <em>Le d\u00e9chainement antijuif actuel n\u2019a rien de bien nouveau dans notre France toujours plus islamis\u00e9e. Et ceux qui versent leurs larmes de crocodile aujourd\u2019hui sont les m\u00eames qui ont ferm\u00e9 les yeux hier sur la jud\u00e9ophobie islamique de plus en plus violente. On feint de d\u00e9couvrir un fl\u00e9au revenu en force avec l\u2019immigration de masse&#8230; La suite dans l&rsquo;article ci-dessous :<\/em><\/p>\n\n\n\n<p>Le d\u00e9chainement antijuif actuel n\u2019a rien de bien nouveau dans notre France toujours plus islamis\u00e9e. Et ceux qui versent leurs larmes de crocodile aujourd\u2019hui sont les m\u00eames qui ont ferm\u00e9 les yeux hier sur la jud\u00e9ophobie islamique de plus en plus violente. On feint de d\u00e9couvrir un fl\u00e9au revenu en force avec l\u2019immigration de masse.<\/p>\n\n\n\n<p>Dans le JDD,&nbsp;<strong>Alain Finkielkraut<\/strong>&nbsp;nous rappelle qu\u2019en 2014, en plein conflit \u00e0 Gaza, un v\u00e9ritable pogrom eut lieu \u00e0 Garges-l\u00e8s-Gonesse et \u00e0 Sarcelles, avec drapeaux turcs et slogans haineux : \u201cMort aux Juifs\u201d, \u201cHitler avait raison\u201d.<\/p>\n\n\n\n<p>La synagogue de Sarcelles fut attaqu\u00e9e \u00e0 coups de cocktails Molotov et le maire d\u00e9clarait :&nbsp;<strong>\u201cLe conflit isra\u00e9lo-palestinien n\u2019est que l\u2019excuse pour exprimer la haine du Juif et des institutions\u201d.<\/strong><\/p>\n\n\n\n<p>Dix ans plus t\u00f4t, en 2004, la frileuse R\u00e9publique qui tremble devant l\u2019immigration musulmane si prompte \u00e0 s\u2019enflammer, enterrait le rapport Obin qui d\u00e9non\u00e7ait la dramatique islamisation de l\u2019\u00e9cole. Merci Fillon !<\/p>\n\n\n\n<p>Visitant un lyc\u00e9e de banlieue, l\u2019inspecteur Obin s\u2019\u00e9tonnait qu\u2019il n\u2019y ait plus d\u2019\u00e9l\u00e8ves juifs dans l\u2019\u00e9tablissement. La r\u00e9ponse des enseignants fut limpide :&nbsp;<strong>\u201cC\u2019est bien simple, ils n\u2019\u00e9taient plus assez nombreux pour se d\u00e9fendre\u201d<\/strong>.<\/p>\n\n\n\n<p>Qu\u2019a fait la R\u00e9publique pour pr\u00e9venir le mal et prot\u00e9ger la communaut\u00e9 juive de France ? Elle a accueilli cinq ou six millions de musulmans suppl\u00e9mentaires en vingt ans.&nbsp;<strong>Les familles juives ont \u00e9t\u00e9 chass\u00e9es du 9-3 dans l\u2019indiff\u00e9rence g\u00e9n\u00e9rale.<\/strong><\/p>\n\n\n\n<p>Ce qui fait qu\u2019en France, nous avons 10 millions de musulmans au bas mot pour 500 000 Juifs. Autant dire que le pouvoir est devenu l\u2019otage des banlieues islamis\u00e9es et craint par dessus tout un embrasement g\u00e9n\u00e9ralis\u00e9 incontr\u00f4lable.&nbsp;<strong>Mais plus le risque augmente, plus Macron ouvre les fronti\u00e8res.<\/strong><\/p>\n\n\n\n<p>Pendant des ann\u00e9es, les ayatollahs de la bien-pensance ont pr\u00e9f\u00e9r\u00e9 agiter le spectre du retour des ann\u00e9es 1930 pour ne pas d\u00e9noncer l\u2019antis\u00e9mitisme musulman et ne pas faire le jeu du FN. On voit le r\u00e9sultat de cette l\u00e2chet\u00e9.<\/p>\n\n\n\n<p>Les Isra\u00e9liens ont depuis longtemps \u00e9t\u00e9 assimil\u00e9s \u00e0 des nazis, mais aujourd\u2019hui, les antis\u00e9mites les plus haineux se r\u00e9clament carr\u00e9ment de Hitler.<\/p>\n\n\n\n<p><strong>Dans les territoires perdus de la R\u00e9publique, avec la bienveillance de l\u2019\u00c9lys\u00e9e qui ne fait rien pour les r\u00e9cup\u00e9rer, dans ces quartiers conquis par l\u2019islamisme, les injures les plus fr\u00e9quentes sont \u201cSale Juif\u201d et \u201cSale Fran\u00e7ais\u201d.<\/strong><\/p>\n\n\n\n<p>Dans nos \u00e9coles, l\u2019enseignement de la Shoah est obligatoire mais devient impossible. Et quand l\u2019ONU qualifie les op\u00e9rations de Tsahal \u00e0 Gaza de g\u00e9nocide, comment peut-on apaiser la jeunesse des banlieues ?<\/p>\n\n\n\n<p>Mais au del\u00e0 de la France, la jud\u00e9ophobie s\u2019exprime \u00e0 travers toute la plan\u00e8te.&nbsp;<\/p>\n\n\n\n<p>Ce qui inqui\u00e8te, nous dit Finkielkraut,&nbsp;<strong>c\u2019est l\u2019alliance naissante entre la jud\u00e9ophobie islamiste et le wokisme<\/strong>. Le conflit entre dominants et domin\u00e9s remplace la lutte des classes. L\u2019anti-imp\u00e9rialisme remplace l\u2019anticapitalisme. Et dans ce climat \u00e9minemment inflammable, Isra\u00ebl repr\u00e9sente le mod\u00e8le d\u2019imp\u00e9rialisme qu\u2019il faut combattre.<\/p>\n\n\n\n<p>Qu\u2019Isra\u00ebl ait fait la paix avec l\u2019\u00c9gypte et la Jordanie en restituant les territoires conquis en 1967 importe peu. Isra\u00ebl reste le dominant qu\u2019il faut \u00e9liminer. Et que p\u00e8sent 15 \u00e0 20 millions de Juifs dans le monde face \u00e0 1,5 milliard de musulmans ? Tout le drame des Juifs r\u00e9side dans ce d\u00e9s\u00e9quilibre num\u00e9rique.<\/p>\n\n\n\n<p>Dans les universit\u00e9s am\u00e9ricaines et m\u00eame certaines fran\u00e7aises, on se mobilise pour&nbsp;<strong>\u201cune Palestine libre de la rivi\u00e8re jusqu\u2019\u00e0 la mer\u201d<\/strong>. Par cons\u00e9quent, une Palestine sans Juifs.<\/p>\n\n\n\n<p>Mais cela n\u2019arrivera jamais. Car tous ces cr\u00e9tins incapables de faire la paix et qui ont la haine au c\u0153ur n\u2019ont pas compris que&nbsp;<strong>le peuple juif&nbsp;<\/strong><strong>pr\u00e9f\u00e9rera<\/strong><strong>&nbsp;l\u2019holocauste nucl\u00e9aire \u00e0 une nouvelle Shoah<\/strong>. Auquel cas il n\u2019y aura plus de Palestine pour personne.<\/p>\n\n\n\n<p>En attendant, en France, nous avons un pouvoir inexistant qui ne cesse de combattre une extr\u00eame droite imaginaire pour mieux fermer les yeux sur l\u2019antis\u00e9mitisme musulman qui va se terminer en trag\u00e9die nationale.<\/p>\n\n\n\n<p>Macron est incapable de prot\u00e9ger la communaut\u00e9 juive, incapable de prot\u00e9ger les enfants \u00e0 l\u2019\u00e9cole, incapable de prot\u00e9ger les femmes dans les transports. La France, jadis un paradis, devient tout simplement invivable et dangereuse, d\u2019abord pour les Juifs qui ont peur, mais aussi pour tous les m\u00e9cr\u00e9ants.<\/p>\n\n\n\n<p>C\u2019est beau la richesse de l\u2019immigration, c\u2019est beau le vivre-ensemble, c\u2019est beau le multiculturalisme, c\u2019est beau la mondialisation heureuse.\u00a0<strong>Mais le pire, comme dit JMLP, c\u2019est que nous n\u2019avons encore rien vu !\u00a0<\/strong>Les esprits s\u2019\u00e9chauffent comme le montre cette vid\u00e9o :<\/p>\n\n\n\n<figure class=\"wp-block-embed is-type-video is-provider-youtube wp-block-embed-youtube wp-embed-aspect-16-9 wp-has-aspect-ratio\"><div class=\"wp-block-embed__wrapper\">\n<iframe loading=\"lazy\" title=\"Appels \u00e0 la r\u00e9volte musulmane\" width=\"840\" height=\"473\" src=\"https:\/\/www.youtube.com\/embed\/wsOyL5MlXfc?feature=oembed\" frameborder=\"0\" allow=\"accelerometer; autoplay; clipboard-write; encrypted-media; gyroscope; picture-in-picture; web-share\" allowfullscreen><\/iframe>\n<\/div><\/figure>\n\n\n\n<p><strong>L\u2019immigration de masse devient le plus grand ratage de nos 2 000 ans d\u2019histoire.<\/strong><\/p>\n\n\n\n<p><strong>Jacques Guillemain<\/strong>, Riposte La\u00efque<\/p>\n\n\n\n<figure><iframe loading=\"lazy\" width=\"800\" height=\"200\" src=\"http:\/\/rutubes.free.fr\/RutubeEmule-island.html\" frameborder=\"N\" scrolling=\"no\"><\/iframe><\/figure>\n\n<!-- AFS Analytics V7- Web Analytics 7.0 -->\n<script type='text\/javascript'>\n(function(i,s,o,g,r,a,m){i['AfsAnalyticsObject']=r;i[r]=i[r]||function(){(i[r].q=i[r].q||[]).push(arguments)},i[r].l=1*new Date();a=s.createElement(o),m=s.getElementsByTagName(o)[0];a.async=1;a.src=g;m.parentNode.insertBefore(a,m)})(window,document,'script','\/\/code.afsanalytics.com\/js2\/analytics.js','aa');\naa('create', '00636949','auto');\naa('set', 'autotrack', 'on');\naa('set', 'autotrack.iframe', 'dataset');\naa('send', 'pageview');\n<\/script>\n<!-- End AFS Analytics -->\n","protected":false},"excerpt":{"rendered":"<p>++ WEBTUBE : Le d\u00e9chainement antijuif actuel n\u2019a rien de bien nouveau dans notre France toujours plus islamis\u00e9e. Et ceux qui versent leurs larmes de crocodile aujourd\u2019hui sont les m\u00eames qui ont ferm\u00e9 les yeux hier sur la jud\u00e9ophobie islamique de plus en plus violente. On feint de d\u00e9couvrir un fl\u00e9au revenu en force avec &hellip; <a href=\"https:\/\/webtube.fr\/index.php\/2023\/11\/06\/il-y-a-dix-ans-on-criait-deja-dans-nos-rues-mort-aux-juifs-hitler-avait-raison\/\" class=\"more-link\">Continuer la lecture<span class=\"screen-reader-text\"> de &laquo;&nbsp;. Il y a dix ans, on criait d\u00e9j\u00e0 dans nos rues : \u201cMort aux Juifs\u201d, \u201cHitler avait raison\u201d&nbsp;&raquo;<\/span><\/a><\/p>\n","protected":false},"author":1,"featured_media":0,"comment_status":"open","ping_status":"open","sticky":false,"template":"","format":"standard","meta":{"_jetpack_memberships_contains_paid_content":false,"footnotes":""},"categories":[1],"tags":[],"class_list":["post-24151","post","type-post","status-publish","format-standard","hentry","category-uncategorized"],"yoast_head":"<!-- This site is optimized with the Yoast SEO plugin v27.3 - https:\/\/yoast.com\/product\/yoast-seo-wordpress\/ -->\n<title>. Il y a dix ans, on criait d\u00e9j\u00e0 dans nos rues : \u201cMort aux Juifs\u201d, \u201cHitler avait raison\u201d - # WEBTUBE.fr<\/title>\n<meta name=\"robots\" content=\"index, follow, max-snippet:-1, max-image-preview:large, max-video-preview:-1\" \/>\n<link rel=\"canonical\" href=\"https:\/\/webtube.fr\/index.php\/2023\/11\/06\/il-y-a-dix-ans-on-criait-deja-dans-nos-rues-mort-aux-juifs-hitler-avait-raison\/\" \/>\n<meta property=\"og:locale\" content=\"fr_FR\" \/>\n<meta property=\"og:type\" content=\"article\" \/>\n<meta property=\"og:title\" content=\". Il y a dix ans, on criait d\u00e9j\u00e0 dans nos rues : \u201cMort aux Juifs\u201d, \u201cHitler avait raison\u201d - # WEBTUBE.fr\" \/>\n<meta property=\"og:description\" content=\"++ WEBTUBE : Le d\u00e9chainement antijuif actuel n\u2019a rien de bien nouveau dans notre France toujours plus islamis\u00e9e. Et ceux qui versent leurs larmes de crocodile aujourd\u2019hui sont les m\u00eames qui ont ferm\u00e9 les yeux hier sur la jud\u00e9ophobie islamique de plus en plus violente. On feint de d\u00e9couvrir un fl\u00e9au revenu en force avec &hellip; Continuer la lecture de &laquo;&nbsp;. Il y a dix ans, on criait d\u00e9j\u00e0 dans nos rues : \u201cMort aux Juifs\u201d, \u201cHitler avait raison\u201d&nbsp;&raquo;\" \/>\n<meta property=\"og:url\" content=\"https:\/\/webtube.fr\/index.php\/2023\/11\/06\/il-y-a-dix-ans-on-criait-deja-dans-nos-rues-mort-aux-juifs-hitler-avait-raison\/\" \/>\n<meta property=\"og:site_name\" content=\"# WEBTUBE.fr\" \/>\n<meta property=\"article:publisher\" content=\"https:\/\/www.facebook.com\/profile.php?id=100069673161887\" \/>\n<meta property=\"article:published_time\" content=\"2023-11-06T05:37:47+00:00\" \/>\n<meta property=\"og:image\" content=\"https:\/\/ripostelaique.com\/wp-content\/uploads\/2023\/11\/6a821c151a2a7c505fd85b0739eaeb5e.webp\" \/>\n<meta name=\"author\" content=\"admin5851\" \/>\n<meta name=\"twitter:card\" content=\"summary_large_image\" \/>\n<meta name=\"twitter:creator\" content=\"@OrtfNews\" \/>\n<meta name=\"twitter:site\" content=\"@OrtfNews\" \/>\n<meta name=\"twitter:label1\" content=\"\u00c9crit par\" \/>\n\t<meta name=\"twitter:data1\" content=\"admin5851\" \/>\n\t<meta name=\"twitter:label2\" content=\"Dur\u00e9e de lecture estim\u00e9e\" \/>\n\t<meta name=\"twitter:data2\" content=\"5 minutes\" \/>\n<script type=\"application\/ld+json\" class=\"yoast-schema-graph\">{\"@context\":\"https:\\\/\\\/schema.org\",\"@graph\":[{\"@type\":\"Article\",\"@id\":\"https:\\\/\\\/webtube.fr\\\/index.php\\\/2023\\\/11\\\/06\\\/il-y-a-dix-ans-on-criait-deja-dans-nos-rues-mort-aux-juifs-hitler-avait-raison\\\/#article\",\"isPartOf\":{\"@id\":\"https:\\\/\\\/webtube.fr\\\/index.php\\\/2023\\\/11\\\/06\\\/il-y-a-dix-ans-on-criait-deja-dans-nos-rues-mort-aux-juifs-hitler-avait-raison\\\/\"},\"author\":{\"name\":\"admin5851\",\"@id\":\"https:\\\/\\\/webtube.fr\\\/#\\\/schema\\\/person\\\/dcc633686e0e2a79a6bf7b92c9507618\"},\"headline\":\". Il y a dix ans, on criait d\u00e9j\u00e0 dans nos rues : \u201cMort aux Juifs\u201d, \u201cHitler avait raison\u201d\",\"datePublished\":\"2023-11-06T05:37:47+00:00\",\"mainEntityOfPage\":{\"@id\":\"https:\\\/\\\/webtube.fr\\\/index.php\\\/2023\\\/11\\\/06\\\/il-y-a-dix-ans-on-criait-deja-dans-nos-rues-mort-aux-juifs-hitler-avait-raison\\\/\"},\"wordCount\":947,\"commentCount\":0,\"publisher\":{\"@id\":\"https:\\\/\\\/webtube.fr\\\/#organization\"},\"image\":{\"@id\":\"https:\\\/\\\/webtube.fr\\\/index.php\\\/2023\\\/11\\\/06\\\/il-y-a-dix-ans-on-criait-deja-dans-nos-rues-mort-aux-juifs-hitler-avait-raison\\\/#primaryimage\"},\"thumbnailUrl\":\"https:\\\/\\\/ripostelaique.com\\\/wp-content\\\/uploads\\\/2023\\\/11\\\/6a821c151a2a7c505fd85b0739eaeb5e.webp\",\"articleSection\":[\"Uncategorized\"],\"inLanguage\":\"fr-FR\",\"potentialAction\":[{\"@type\":\"CommentAction\",\"name\":\"Comment\",\"target\":[\"https:\\\/\\\/webtube.fr\\\/index.php\\\/2023\\\/11\\\/06\\\/il-y-a-dix-ans-on-criait-deja-dans-nos-rues-mort-aux-juifs-hitler-avait-raison\\\/#respond\"]}]},{\"@type\":\"WebPage\",\"@id\":\"https:\\\/\\\/webtube.fr\\\/index.php\\\/2023\\\/11\\\/06\\\/il-y-a-dix-ans-on-criait-deja-dans-nos-rues-mort-aux-juifs-hitler-avait-raison\\\/\",\"url\":\"https:\\\/\\\/webtube.fr\\\/index.php\\\/2023\\\/11\\\/06\\\/il-y-a-dix-ans-on-criait-deja-dans-nos-rues-mort-aux-juifs-hitler-avait-raison\\\/\",\"name\":\". Il y a dix ans, on criait d\u00e9j\u00e0 dans nos rues : \u201cMort aux Juifs\u201d, \u201cHitler avait raison\u201d - # WEBTUBE.fr\",\"isPartOf\":{\"@id\":\"https:\\\/\\\/webtube.fr\\\/#website\"},\"primaryImageOfPage\":{\"@id\":\"https:\\\/\\\/webtube.fr\\\/index.php\\\/2023\\\/11\\\/06\\\/il-y-a-dix-ans-on-criait-deja-dans-nos-rues-mort-aux-juifs-hitler-avait-raison\\\/#primaryimage\"},\"image\":{\"@id\":\"https:\\\/\\\/webtube.fr\\\/index.php\\\/2023\\\/11\\\/06\\\/il-y-a-dix-ans-on-criait-deja-dans-nos-rues-mort-aux-juifs-hitler-avait-raison\\\/#primaryimage\"},\"thumbnailUrl\":\"https:\\\/\\\/ripostelaique.com\\\/wp-content\\\/uploads\\\/2023\\\/11\\\/6a821c151a2a7c505fd85b0739eaeb5e.webp\",\"datePublished\":\"2023-11-06T05:37:47+00:00\",\"breadcrumb\":{\"@id\":\"https:\\\/\\\/webtube.fr\\\/index.php\\\/2023\\\/11\\\/06\\\/il-y-a-dix-ans-on-criait-deja-dans-nos-rues-mort-aux-juifs-hitler-avait-raison\\\/#breadcrumb\"},\"inLanguage\":\"fr-FR\",\"potentialAction\":[{\"@type\":\"ReadAction\",\"target\":[\"https:\\\/\\\/webtube.fr\\\/index.php\\\/2023\\\/11\\\/06\\\/il-y-a-dix-ans-on-criait-deja-dans-nos-rues-mort-aux-juifs-hitler-avait-raison\\\/\"]}]},{\"@type\":\"ImageObject\",\"inLanguage\":\"fr-FR\",\"@id\":\"https:\\\/\\\/webtube.fr\\\/index.php\\\/2023\\\/11\\\/06\\\/il-y-a-dix-ans-on-criait-deja-dans-nos-rues-mort-aux-juifs-hitler-avait-raison\\\/#primaryimage\",\"url\":\"https:\\\/\\\/ripostelaique.com\\\/wp-content\\\/uploads\\\/2023\\\/11\\\/6a821c151a2a7c505fd85b0739eaeb5e.webp\",\"contentUrl\":\"https:\\\/\\\/ripostelaique.com\\\/wp-content\\\/uploads\\\/2023\\\/11\\\/6a821c151a2a7c505fd85b0739eaeb5e.webp\"},{\"@type\":\"BreadcrumbList\",\"@id\":\"https:\\\/\\\/webtube.fr\\\/index.php\\\/2023\\\/11\\\/06\\\/il-y-a-dix-ans-on-criait-deja-dans-nos-rues-mort-aux-juifs-hitler-avait-raison\\\/#breadcrumb\",\"itemListElement\":[{\"@type\":\"ListItem\",\"position\":1,\"name\":\"Accueil\",\"item\":\"https:\\\/\\\/webtube.fr\\\/\"},{\"@type\":\"ListItem\",\"position\":2,\"name\":\". Il y a dix ans, on criait d\u00e9j\u00e0 dans nos rues : \u201cMort aux Juifs\u201d, \u201cHitler avait raison\u201d\"}]},{\"@type\":\"WebSite\",\"@id\":\"https:\\\/\\\/webtube.fr\\\/#website\",\"url\":\"https:\\\/\\\/webtube.fr\\\/\",\"name\":\"WEBTUBE\",\"description\":\"WEBTUBE.fr  Streaming Vid\u00e9o and News , toutes les infos sans filtres !\",\"publisher\":{\"@id\":\"https:\\\/\\\/webtube.fr\\\/#organization\"},\"alternateName\":\"Rutube\",\"potentialAction\":[{\"@type\":\"SearchAction\",\"target\":{\"@type\":\"EntryPoint\",\"urlTemplate\":\"https:\\\/\\\/webtube.fr\\\/?s={search_term_string}\"},\"query-input\":{\"@type\":\"PropertyValueSpecification\",\"valueRequired\":true,\"valueName\":\"search_term_string\"}}],\"inLanguage\":\"fr-FR\"},{\"@type\":\"Organization\",\"@id\":\"https:\\\/\\\/webtube.fr\\\/#organization\",\"name\":\"# WEBTUBE.fr\",\"url\":\"https:\\\/\\\/webtube.fr\\\/\",\"logo\":{\"@type\":\"ImageObject\",\"inLanguage\":\"fr-FR\",\"@id\":\"https:\\\/\\\/webtube.fr\\\/#\\\/schema\\\/logo\\\/image\\\/\",\"url\":\"https:\\\/\\\/webtube.fr\\\/wp-content\\\/uploads\\\/2025\\\/09\\\/cropped-Logo_webtubeIA-1.jpg\",\"contentUrl\":\"https:\\\/\\\/webtube.fr\\\/wp-content\\\/uploads\\\/2025\\\/09\\\/cropped-Logo_webtubeIA-1.jpg\",\"width\":240,\"height\":240,\"caption\":\"# WEBTUBE.fr\"},\"image\":{\"@id\":\"https:\\\/\\\/webtube.fr\\\/#\\\/schema\\\/logo\\\/image\\\/\"},\"sameAs\":[\"https:\\\/\\\/www.facebook.com\\\/profile.php?id=100069673161887\",\"https:\\\/\\\/x.com\\\/OrtfNews\",\"https:\\\/\\\/www.facebook.com\\\/profile.php?id=100013751440523\"]},{\"@type\":\"Person\",\"@id\":\"https:\\\/\\\/webtube.fr\\\/#\\\/schema\\\/person\\\/dcc633686e0e2a79a6bf7b92c9507618\",\"name\":\"admin5851\",\"image\":{\"@type\":\"ImageObject\",\"inLanguage\":\"fr-FR\",\"@id\":\"https:\\\/\\\/secure.gravatar.com\\\/avatar\\\/ea1b672a827879c0febb022a108a871292b3d08fadc66a0a43fa47acfe82e38a?s=96&d=mm&r=g\",\"url\":\"https:\\\/\\\/secure.gravatar.com\\\/avatar\\\/ea1b672a827879c0febb022a108a871292b3d08fadc66a0a43fa47acfe82e38a?s=96&d=mm&r=g\",\"contentUrl\":\"https:\\\/\\\/secure.gravatar.com\\\/avatar\\\/ea1b672a827879c0febb022a108a871292b3d08fadc66a0a43fa47acfe82e38a?s=96&d=mm&r=g\",\"caption\":\"admin5851\"},\"sameAs\":[\"http:\\\/\\\/linlcju.cluster100.hosting.ovh.net\"],\"url\":\"https:\\\/\\\/webtube.fr\\\/index.php\\\/author\\\/admin5851\\\/\"}]}<\/script>\n<!-- \/ Yoast SEO plugin. -->","yoast_head_json":{"title":". Il y a dix ans, on criait d\u00e9j\u00e0 dans nos rues : \u201cMort aux Juifs\u201d, \u201cHitler avait raison\u201d - # WEBTUBE.fr","robots":{"index":"index","follow":"follow","max-snippet":"max-snippet:-1","max-image-preview":"max-image-preview:large","max-video-preview":"max-video-preview:-1"},"canonical":"https:\/\/webtube.fr\/index.php\/2023\/11\/06\/il-y-a-dix-ans-on-criait-deja-dans-nos-rues-mort-aux-juifs-hitler-avait-raison\/","og_locale":"fr_FR","og_type":"article","og_title":". Il y a dix ans, on criait d\u00e9j\u00e0 dans nos rues : \u201cMort aux Juifs\u201d, \u201cHitler avait raison\u201d - # WEBTUBE.fr","og_description":"++ WEBTUBE : Le d\u00e9chainement antijuif actuel n\u2019a rien de bien nouveau dans notre France toujours plus islamis\u00e9e. Et ceux qui versent leurs larmes de crocodile aujourd\u2019hui sont les m\u00eames qui ont ferm\u00e9 les yeux hier sur la jud\u00e9ophobie islamique de plus en plus violente. On feint de d\u00e9couvrir un fl\u00e9au revenu en force avec &hellip; Continuer la lecture de &laquo;&nbsp;. Il y a dix ans, on criait d\u00e9j\u00e0 dans nos rues : \u201cMort aux Juifs\u201d, \u201cHitler avait raison\u201d&nbsp;&raquo;","og_url":"https:\/\/webtube.fr\/index.php\/2023\/11\/06\/il-y-a-dix-ans-on-criait-deja-dans-nos-rues-mort-aux-juifs-hitler-avait-raison\/","og_site_name":"# WEBTUBE.fr","article_publisher":"https:\/\/www.facebook.com\/profile.php?id=100069673161887","article_published_time":"2023-11-06T05:37:47+00:00","og_image":[{"url":"https:\/\/ripostelaique.com\/wp-content\/uploads\/2023\/11\/6a821c151a2a7c505fd85b0739eaeb5e.webp","type":"","width":"","height":""}],"author":"admin5851","twitter_card":"summary_large_image","twitter_creator":"@OrtfNews","twitter_site":"@OrtfNews","twitter_misc":{"\u00c9crit par":"admin5851","Dur\u00e9e de lecture estim\u00e9e":"5 minutes"},"schema":{"@context":"https:\/\/schema.org","@graph":[{"@type":"Article","@id":"https:\/\/webtube.fr\/index.php\/2023\/11\/06\/il-y-a-dix-ans-on-criait-deja-dans-nos-rues-mort-aux-juifs-hitler-avait-raison\/#article","isPartOf":{"@id":"https:\/\/webtube.fr\/index.php\/2023\/11\/06\/il-y-a-dix-ans-on-criait-deja-dans-nos-rues-mort-aux-juifs-hitler-avait-raison\/"},"author":{"name":"admin5851","@id":"https:\/\/webtube.fr\/#\/schema\/person\/dcc633686e0e2a79a6bf7b92c9507618"},"headline":". Il y a dix ans, on criait d\u00e9j\u00e0 dans nos rues : \u201cMort aux Juifs\u201d, \u201cHitler avait raison\u201d","datePublished":"2023-11-06T05:37:47+00:00","mainEntityOfPage":{"@id":"https:\/\/webtube.fr\/index.php\/2023\/11\/06\/il-y-a-dix-ans-on-criait-deja-dans-nos-rues-mort-aux-juifs-hitler-avait-raison\/"},"wordCount":947,"commentCount":0,"publisher":{"@id":"https:\/\/webtube.fr\/#organization"},"image":{"@id":"https:\/\/webtube.fr\/index.php\/2023\/11\/06\/il-y-a-dix-ans-on-criait-deja-dans-nos-rues-mort-aux-juifs-hitler-avait-raison\/#primaryimage"},"thumbnailUrl":"https:\/\/ripostelaique.com\/wp-content\/uploads\/2023\/11\/6a821c151a2a7c505fd85b0739eaeb5e.webp","articleSection":["Uncategorized"],"inLanguage":"fr-FR","potentialAction":[{"@type":"CommentAction","name":"Comment","target":["https:\/\/webtube.fr\/index.php\/2023\/11\/06\/il-y-a-dix-ans-on-criait-deja-dans-nos-rues-mort-aux-juifs-hitler-avait-raison\/#respond"]}]},{"@type":"WebPage","@id":"https:\/\/webtube.fr\/index.php\/2023\/11\/06\/il-y-a-dix-ans-on-criait-deja-dans-nos-rues-mort-aux-juifs-hitler-avait-raison\/","url":"https:\/\/webtube.fr\/index.php\/2023\/11\/06\/il-y-a-dix-ans-on-criait-deja-dans-nos-rues-mort-aux-juifs-hitler-avait-raison\/","name":". Il y a dix ans, on criait d\u00e9j\u00e0 dans nos rues : \u201cMort aux Juifs\u201d, \u201cHitler avait raison\u201d - # WEBTUBE.fr","isPartOf":{"@id":"https:\/\/webtube.fr\/#website"},"primaryImageOfPage":{"@id":"https:\/\/webtube.fr\/index.php\/2023\/11\/06\/il-y-a-dix-ans-on-criait-deja-dans-nos-rues-mort-aux-juifs-hitler-avait-raison\/#primaryimage"},"image":{"@id":"https:\/\/webtube.fr\/index.php\/2023\/11\/06\/il-y-a-dix-ans-on-criait-deja-dans-nos-rues-mort-aux-juifs-hitler-avait-raison\/#primaryimage"},"thumbnailUrl":"https:\/\/ripostelaique.com\/wp-content\/uploads\/2023\/11\/6a821c151a2a7c505fd85b0739eaeb5e.webp","datePublished":"2023-11-06T05:37:47+00:00","breadcrumb":{"@id":"https:\/\/webtube.fr\/index.php\/2023\/11\/06\/il-y-a-dix-ans-on-criait-deja-dans-nos-rues-mort-aux-juifs-hitler-avait-raison\/#breadcrumb"},"inLanguage":"fr-FR","potentialAction":[{"@type":"ReadAction","target":["https:\/\/webtube.fr\/index.php\/2023\/11\/06\/il-y-a-dix-ans-on-criait-deja-dans-nos-rues-mort-aux-juifs-hitler-avait-raison\/"]}]},{"@type":"ImageObject","inLanguage":"fr-FR","@id":"https:\/\/webtube.fr\/index.php\/2023\/11\/06\/il-y-a-dix-ans-on-criait-deja-dans-nos-rues-mort-aux-juifs-hitler-avait-raison\/#primaryimage","url":"https:\/\/ripostelaique.com\/wp-content\/uploads\/2023\/11\/6a821c151a2a7c505fd85b0739eaeb5e.webp","contentUrl":"https:\/\/ripostelaique.com\/wp-content\/uploads\/2023\/11\/6a821c151a2a7c505fd85b0739eaeb5e.webp"},{"@type":"BreadcrumbList","@id":"https:\/\/webtube.fr\/index.php\/2023\/11\/06\/il-y-a-dix-ans-on-criait-deja-dans-nos-rues-mort-aux-juifs-hitler-avait-raison\/#breadcrumb","itemListElement":[{"@type":"ListItem","position":1,"name":"Accueil","item":"https:\/\/webtube.fr\/"},{"@type":"ListItem","position":2,"name":". Il y a dix ans, on criait d\u00e9j\u00e0 dans nos rues : \u201cMort aux Juifs\u201d, \u201cHitler avait raison\u201d"}]},{"@type":"WebSite","@id":"https:\/\/webtube.fr\/#website","url":"https:\/\/webtube.fr\/","name":"WEBTUBE","description":"WEBTUBE.fr  Streaming Vid\u00e9o and News , toutes les infos sans filtres !","publisher":{"@id":"https:\/\/webtube.fr\/#organization"},"alternateName":"Rutube","potentialAction":[{"@type":"SearchAction","target":{"@type":"EntryPoint","urlTemplate":"https:\/\/webtube.fr\/?s={search_term_string}"},"query-input":{"@type":"PropertyValueSpecification","valueRequired":true,"valueName":"search_term_string"}}],"inLanguage":"fr-FR"},{"@type":"Organization","@id":"https:\/\/webtube.fr\/#organization","name":"# WEBTUBE.fr","url":"https:\/\/webtube.fr\/","logo":{"@type":"ImageObject","inLanguage":"fr-FR","@id":"https:\/\/webtube.fr\/#\/schema\/logo\/image\/","url":"https:\/\/webtube.fr\/wp-content\/uploads\/2025\/09\/cropped-Logo_webtubeIA-1.jpg","contentUrl":"https:\/\/webtube.fr\/wp-content\/uploads\/2025\/09\/cropped-Logo_webtubeIA-1.jpg","width":240,"height":240,"caption":"# WEBTUBE.fr"},"image":{"@id":"https:\/\/webtube.fr\/#\/schema\/logo\/image\/"},"sameAs":["https:\/\/www.facebook.com\/profile.php?id=100069673161887","https:\/\/x.com\/OrtfNews","https:\/\/www.facebook.com\/profile.php?id=100013751440523"]},{"@type":"Person","@id":"https:\/\/webtube.fr\/#\/schema\/person\/dcc633686e0e2a79a6bf7b92c9507618","name":"admin5851","image":{"@type":"ImageObject","inLanguage":"fr-FR","@id":"https:\/\/secure.gravatar.com\/avatar\/ea1b672a827879c0febb022a108a871292b3d08fadc66a0a43fa47acfe82e38a?s=96&d=mm&r=g","url":"https:\/\/secure.gravatar.com\/avatar\/ea1b672a827879c0febb022a108a871292b3d08fadc66a0a43fa47acfe82e38a?s=96&d=mm&r=g","contentUrl":"https:\/\/secure.gravatar.com\/avatar\/ea1b672a827879c0febb022a108a871292b3d08fadc66a0a43fa47acfe82e38a?s=96&d=mm&r=g","caption":"admin5851"},"sameAs":["http:\/\/linlcju.cluster100.hosting.ovh.net"],"url":"https:\/\/webtube.fr\/index.php\/author\/admin5851\/"}]}},"jetpack_featured_media_url":"","jetpack_sharing_enabled":true,"_links":{"self":[{"href":"https:\/\/webtube.fr\/index.php\/wp-json\/wp\/v2\/posts\/24151","targetHints":{"allow":["GET"]}}],"collection":[{"href":"https:\/\/webtube.fr\/index.php\/wp-json\/wp\/v2\/posts"}],"about":[{"href":"https:\/\/webtube.fr\/index.php\/wp-json\/wp\/v2\/types\/post"}],"author":[{"embeddable":true,"href":"https:\/\/webtube.fr\/index.php\/wp-json\/wp\/v2\/users\/1"}],"replies":[{"embeddable":true,"href":"https:\/\/webtube.fr\/index.php\/wp-json\/wp\/v2\/comments?post=24151"}],"version-history":[{"count":0,"href":"https:\/\/webtube.fr\/index.php\/wp-json\/wp\/v2\/posts\/24151\/revisions"}],"wp:attachment":[{"href":"https:\/\/webtube.fr\/index.php\/wp-json\/wp\/v2\/media?parent=24151"}],"wp:term":[{"taxonomy":"category","embeddable":true,"href":"https:\/\/webtube.fr\/index.php\/wp-json\/wp\/v2\/categories?post=24151"},{"taxonomy":"post_tag","embeddable":true,"href":"https:\/\/webtube.fr\/index.php\/wp-json\/wp\/v2\/tags?post=24151"}],"curies":[{"name":"wp","href":"https:\/\/api.w.org\/{rel}","templated":true}]}}