{"id":24149,"date":"2023-11-06T05:29:27","date_gmt":"2023-11-06T05:29:27","guid":{"rendered":"http:\/\/13.36.34.64\/?p=24149"},"modified":"2023-11-06T05:29:27","modified_gmt":"2023-11-06T05:29:27","slug":"manifestation-pro-palestine-a-paris-un-carnaval-islamique-et-un-appel-au-djihad","status":"publish","type":"post","link":"https:\/\/webtube.fr\/index.php\/2023\/11\/06\/manifestation-pro-palestine-a-paris-un-carnaval-islamique-et-un-appel-au-djihad\/","title":{"rendered":". Manifestation pro-Palestine \u00e0 Paris : un carnaval islamique et un appel au djihad !"},"content":{"rendered":"\n<figure><iframe loading=\"lazy\" width=\"800\" height=\"200\" src=\"http:\/\/rutubes.free.fr\/RutubeEmule-island.html\" frameborder=\"N\" scrolling=\"no\"><\/iframe><\/figure>\n\n\n\n<p>Articles \u00a0\u00a0\u00a0 : <a href=\"https:\/\/webtube.fr\/2023\/11\/\" target=\"_blank\" rel=\"noreferrer noopener\">Nov. 2023<\/a> &#8211; <a href=\"http:\/\/rutube.fr\/2023\/10\/\" target=\"_blank\" rel=\"noreferrer noopener\">Oct. 2023<\/a> &#8211; <a href=\"http:\/\/rutube.fr\/2023\/09\/\" target=\"_blank\" rel=\"noreferrer noopener\">Sept 2023<\/a> &#8211; <a href=\"http:\/\/rutube.fr\/2023\/08\/\" target=\"_blank\" rel=\"noreferrer noopener\">Aout 2023<\/a> &#8211; Facebook\u00a0:\u00a0<a href=\"https:\/\/www.facebook.com\/profile.php?id=100069673161887\">https:\/\/www.facebook.com\/profile.php?id=100069673161887<\/a> Twitter : <a href=\"https:\/\/twitter.com\/OrtfNews\" target=\"_blank\" rel=\"noreferrer noopener\">https:\/\/twitter.com\/OrtfNews<\/a><\/p>\n\n\n\n<figure class=\"wp-block-image size-large\"><img decoding=\"async\" src=\"https:\/\/ripostelaique.com\/wp-content\/uploads\/2023\/11\/img_6246-768x512.jpg\" alt=\"\"\/><\/figure>\n\n\n\n<p><strong>++ WEBTUBE<\/strong> : <em>Samedi 4 novembre, je me suis donc rendu dans la capitale afin d\u2019assister \u00e0 la manifestation pro-Palestine autoris\u00e9e par la Pr\u00e9fecture. Ce que j\u2019y ai vu ne m\u2019a non seulement pas \u00e9tonn\u00e9 mais encore m\u2019a confirm\u00e9 que l\u2019islam \u00e9tait derri\u00e8re tout \u00e7a. Le peuple palestinien n\u2019\u00e9tant qu\u2019un \u00e9pouvantail de plus dans l\u2019arsenal de cette religion invasive.<\/em>.. <em>La suite dans l&rsquo;article<\/em> ci-dessous<\/p>\n\n\n\n<p>Une manifestation qui a m\u00eame commenc\u00e9 fort puisque, en sortant de la station R\u00e9publique, j\u2019ai assist\u00e9 \u00e0 un \u00e9change \u00ab&nbsp;courtois&nbsp;\u00bb entre un homme qui venait de crier&nbsp;<em>\u00ab&nbsp;Vive Isra\u00ebl&nbsp;!&nbsp;\u00bb&nbsp;<\/em>et un autre, drapeaux marocain et palestinien sur lui. Ce dernier a bondi en entendant l\u2019outrage et s\u2019exprimant ainsi&nbsp;:&nbsp;<em>\u00ab&nbsp;Viens l\u00e0 fils de pute&nbsp;!&nbsp;\u00bb<\/em>&nbsp;Il a \u00e9t\u00e9 emp\u00each\u00e9 dans son \u00e9lan par d\u2019autres manifestants. J\u2019ai pu parler \u00e0 cet homme qui reconnaissait l\u2019existence de deux \u00c9tats mais consid\u00e9rait que d\u00e9fendre Isra\u00ebl \u00e9tait de la provocation. Le pire c\u2019est que ce n\u2019\u00e9tait pas un m\u00e9chant bougre.<\/p>\n\n\n\n<p>Comme je m\u2019\u00e9tais point\u00e9 en avance, j\u2019ai ainsi pu avoir quelques \u00e9changes avec des non-musulmans, venus l\u00e0 sans doute avec de bonnes intentions mais qui semblaient \u00e0 peu pr\u00e8s tout ignorer de la r\u00e9alit\u00e9 de l\u2019islam. Une r\u00e9alit\u00e9 qui leur a saut\u00e9 aux yeux pendant le parcours, lorsque des porte-\u00e9tendards LGBT ont \u00e9t\u00e9 \u00e9conduits parce qu\u2019incompatibles avec un tel rassemblement, vous vous doutez ! Rassemblement o\u00f9 l\u2019on scandait souvent des slogans en arabe, histoire de bien faire comprendre \u00e0 tous qui commandait ce jour-l\u00e0.\u00a0Une banderole de \u00ab Perspectives musulmanes \u00bb \u2013 \u00a0\u00e7a ne s\u2019invente pas ! \u2013 proposait d\u2019ailleurs de lib\u00e9rer enti\u00e8rement la Palestine. En clair, il faut \u00e9liminer les Juifs de cette terre ?!<\/p>\n\n\n\n<figure class=\"wp-block-image size-large\"><img decoding=\"async\" src=\"https:\/\/ripostelaique.com\/wp-content\/uploads\/2023\/11\/img_6180.jpg\" alt=\"\"\/><\/figure>\n\n\n\n<p><\/p>\n\n\n\n<p>Le pire, c\u2019est que l\u2019islamo-compatible Macron se voyait lui aussi fustig\u00e9 : quelle ingratitude ! Ingratitude de la part aussi de LFI, obligeant Alexis Corbi\u00e8re et Raquel Garrido \u00e0 faire bande \u00e0 part, faute d\u2019avoir reconnu le Hamas comme un mouvement sacr\u00e9, je suppose ?<\/p>\n\n\n\n<p>Toute la repr\u00e9sentation islamique avait fait le d\u00e9placement, entre mod\u00e9r\u00e9ment voil\u00e9es, tr\u00e8s voil\u00e9es, mod\u00e9r\u00e9ment barbus et tr\u00e8s barbus, dont certains faisaient hurler \u00e0 la foule bigarr\u00e9e \u2013 et nombreuse \u2013 en fin de manifestation\u00a0:\u00a0<em>\u00ab\u00a0Et al-Aqsa r\u00e9sistance\u00a0! Et \u00e0 Paris r\u00e9sistance\u00a0! Et \u00e0 Saint-Denis r\u00e9sistance\u00a0! Et \u00e0 Alger r\u00e9sistance\u00a0! Et au Y\u00e9men r\u00e9sistance\u00a0!\u00a0\u00bb<\/em>, etc. Il y avait m\u00eame un appel \u00e0 r\u00e9sister \u00e0 Sabra et Chatila, ces deux camps palestiniens install\u00e9s au Liban et attaqu\u00e9s par les milices chr\u00e9tiennes en 1982. Un appel \u00e0 venger les morts musulmans d\u2019autrefois en tuant des chr\u00e9tiens ? Je pose la question.\u00a0<strong>En tout cas, il s\u2019agissait bien d\u2019un appel \u00e0 la r\u00e9sistance de la maison islam contre le reste du monde en gros, c\u2019est-\u00e0-dire un appel au DJIHAD<\/strong>. Ce que le pr\u00e9fet de Paris Laurent Nu\u00f1ez ne semble pas avoir encore analys\u00e9 comme tel.<\/p>\n\n\n\n<figure class=\"wp-block-image size-large\"><img decoding=\"async\" src=\"https:\/\/ripostelaique.com\/wp-content\/uploads\/2023\/11\/img_6210.jpg\" alt=\"\"\/><\/figure>\n\n\n\n<p><\/p>\n\n\n\n<figure class=\"wp-block-embed is-type-video is-provider-youtube wp-block-embed-youtube wp-embed-aspect-16-9 wp-has-aspect-ratio\"><div class=\"wp-block-embed__wrapper\">\n<iframe loading=\"lazy\" title=\"Appels \u00e0 la r\u00e9volte musulmane\" width=\"840\" height=\"473\" src=\"https:\/\/www.youtube.com\/embed\/wsOyL5MlXfc?feature=oembed\" frameborder=\"0\" allow=\"accelerometer; autoplay; clipboard-write; encrypted-media; gyroscope; picture-in-picture; web-share\" allowfullscreen><\/iframe>\n<\/div><\/figure>\n\n\n\n<p>Mais les petites oies blanches, certaines tr\u00e8s jolies et le montrant volontiers, chantaient la Palestine en ch\u0153ur, dans l\u2019attente d\u2019\u00eatre trait\u00e9es comme des femmes impudiques dans un avenir islamique prochain\u2026<\/p>\n\n\n\n<p>C\u00f4t\u00e9 incidents graves, il n\u2019y en eut point et c\u2019est peut-\u00eatre cela qui \u00e9tait le plus inqui\u00e9tant. Car si aucune voiture ne br\u00fblait, pas plus que les vitrines des magasins n\u2019\u00e9taient bris\u00e9es, on sentait bien la tension belliqueuse confessionnelle, signe d\u2019un futur peut-\u00eatre moins ordonn\u00e9e et beaucoup plus violent dans cette mati\u00e8re.<\/p>\n\n\n\n<p>Bien s\u00fbr, Isra\u00ebl en a pris plein la t\u00eate mais je suis formel l\u00e0-dessus\u00a0: pas un mot de travers n\u2019a \u00e9t\u00e9 prof\u00e9r\u00e9 contre le Hamas\u00a0! Au contraire, ce mouvement de \u00ab\u00a0r\u00e9sistance\u00a0\u00bb (sic) b\u00e9n\u00e9ficiait d\u2019un blanc-seing dont n\u2019oserait m\u00eame pas r\u00eaver la police fran\u00e7aise, forc\u00e9e d\u00e9sormais d\u2019appr\u00e9hender un terroriste islamique au taser \u2013 comme \u00e0 Arras \u2013 au lieu de lui mettre une balle dans le caisson, de peur de compara\u00eetre devant un juge abject qui condamnerait l\u2019auteur du tir \u00e0 de la prison ferme pour meurtre sur personne fragile\u00a0!<\/p>\n\n\n\n<figure class=\"wp-block-embed is-type-video is-provider-youtube wp-block-embed-youtube wp-embed-aspect-16-9 wp-has-aspect-ratio\"><div class=\"wp-block-embed__wrapper\">\n<iframe loading=\"lazy\" title=\"Le feu djihadiste couve sous couvert de la Palestine\" width=\"840\" height=\"473\" src=\"https:\/\/www.youtube.com\/embed\/7-R6wKPmff0?feature=oembed\" frameborder=\"0\" allow=\"accelerometer; autoplay; clipboard-write; encrypted-media; gyroscope; picture-in-picture; web-share\" allowfullscreen><\/iframe>\n<\/div><\/figure>\n\n\n\n<p>Ainsi, entre\u00a0<em>\u00ab\u00a0Isra\u00ebl assassin\u00a0!\u00a0\u00bb<\/em>\u00a0et autres gracieuset\u00e9s, le r\u00e9el m\u2019a encore une fois de plus frapp\u00e9 au visage. Et, comme un symbole,\u00a0<em>Le Triomphe de la R\u00e9publique<\/em>, sur la place de la Nation, \u00e9tait d\u00e9sormais ceint du drapeau palestinien, autant qu\u2019il battait pavillon islamique\u2026<\/p>\n\n\n\n<figure class=\"wp-block-image size-large\"><img decoding=\"async\" src=\"https:\/\/ripostelaique.com\/wp-content\/uploads\/2023\/11\/img_6227.jpg\" alt=\"\"\/><\/figure>\n\n\n\n<p><\/p>\n\n\n\n<p><strong>Charles Demassieux<\/strong>, Riposte La\u00efque<\/p>\n\n\n\n<figure><iframe loading=\"lazy\" width=\"800\" height=\"200\" src=\"http:\/\/rutubes.free.fr\/RutubeEmule-island.html\" frameborder=\"N\" scrolling=\"no\"><\/iframe><\/figure>\n\n<!-- AFS Analytics V7- Web Analytics 7.0 -->\n<script type='text\/javascript'>\n(function(i,s,o,g,r,a,m){i['AfsAnalyticsObject']=r;i[r]=i[r]||function(){(i[r].q=i[r].q||[]).push(arguments)},i[r].l=1*new Date();a=s.createElement(o),m=s.getElementsByTagName(o)[0];a.async=1;a.src=g;m.parentNode.insertBefore(a,m)})(window,document,'script','\/\/code.afsanalytics.com\/js2\/analytics.js','aa');\naa('create', '00636949','auto');\naa('set', 'autotrack', 'on');\naa('set', 'autotrack.iframe', 'dataset');\naa('send', 'pageview');\n<\/script>\n<!-- End AFS Analytics -->\n","protected":false},"excerpt":{"rendered":"<p>Articles \u00a0\u00a0\u00a0 : Nov. 2023 &#8211; Oct. 2023 &#8211; Sept 2023 &#8211; Aout 2023 &#8211; Facebook\u00a0:\u00a0https:\/\/www.facebook.com\/profile.php?id=100069673161887 Twitter : https:\/\/twitter.com\/OrtfNews ++ WEBTUBE : Samedi 4 novembre, je me suis donc rendu dans la capitale afin d\u2019assister \u00e0 la manifestation pro-Palestine autoris\u00e9e par la Pr\u00e9fecture. Ce que j\u2019y ai vu ne m\u2019a non seulement pas \u00e9tonn\u00e9 mais &hellip; <a href=\"https:\/\/webtube.fr\/index.php\/2023\/11\/06\/manifestation-pro-palestine-a-paris-un-carnaval-islamique-et-un-appel-au-djihad\/\" class=\"more-link\">Continuer la lecture<span class=\"screen-reader-text\"> de &laquo;&nbsp;. Manifestation pro-Palestine \u00e0 Paris : un carnaval islamique et un appel au djihad !&nbsp;&raquo;<\/span><\/a><\/p>\n","protected":false},"author":1,"featured_media":0,"comment_status":"open","ping_status":"open","sticky":false,"template":"","format":"standard","meta":{"_jetpack_memberships_contains_paid_content":false,"footnotes":""},"categories":[1],"tags":[],"class_list":["post-24149","post","type-post","status-publish","format-standard","hentry","category-uncategorized"],"yoast_head":"<!-- This site is optimized with the Yoast SEO plugin v27.3 - https:\/\/yoast.com\/product\/yoast-seo-wordpress\/ -->\n<title>. Manifestation pro-Palestine \u00e0 Paris : un carnaval islamique et un appel au djihad ! - # WEBTUBE.fr<\/title>\n<meta name=\"robots\" content=\"index, follow, max-snippet:-1, max-image-preview:large, max-video-preview:-1\" \/>\n<link rel=\"canonical\" href=\"https:\/\/webtube.fr\/index.php\/2023\/11\/06\/manifestation-pro-palestine-a-paris-un-carnaval-islamique-et-un-appel-au-djihad\/\" \/>\n<meta property=\"og:locale\" content=\"fr_FR\" \/>\n<meta property=\"og:type\" content=\"article\" \/>\n<meta property=\"og:title\" content=\". Manifestation pro-Palestine \u00e0 Paris : un carnaval islamique et un appel au djihad ! - # WEBTUBE.fr\" \/>\n<meta property=\"og:description\" content=\"Articles \u00a0\u00a0\u00a0 : Nov. 2023 &#8211; Oct. 2023 &#8211; Sept 2023 &#8211; Aout 2023 &#8211; Facebook\u00a0:\u00a0https:\/\/www.facebook.com\/profile.php?id=100069673161887 Twitter : https:\/\/twitter.com\/OrtfNews ++ WEBTUBE : Samedi 4 novembre, je me suis donc rendu dans la capitale afin d\u2019assister \u00e0 la manifestation pro-Palestine autoris\u00e9e par la Pr\u00e9fecture. Ce que j\u2019y ai vu ne m\u2019a non seulement pas \u00e9tonn\u00e9 mais &hellip; Continuer la lecture de &laquo;&nbsp;. Manifestation pro-Palestine \u00e0 Paris : un carnaval islamique et un appel au djihad !&nbsp;&raquo;\" \/>\n<meta property=\"og:url\" content=\"https:\/\/webtube.fr\/index.php\/2023\/11\/06\/manifestation-pro-palestine-a-paris-un-carnaval-islamique-et-un-appel-au-djihad\/\" \/>\n<meta property=\"og:site_name\" content=\"# WEBTUBE.fr\" \/>\n<meta property=\"article:publisher\" content=\"https:\/\/www.facebook.com\/profile.php?id=100069673161887\" \/>\n<meta property=\"article:published_time\" content=\"2023-11-06T05:29:27+00:00\" \/>\n<meta property=\"og:image\" content=\"https:\/\/ripostelaique.com\/wp-content\/uploads\/2023\/11\/img_6246-768x512.jpg\" \/>\n<meta name=\"author\" content=\"admin5851\" \/>\n<meta name=\"twitter:card\" content=\"summary_large_image\" \/>\n<meta name=\"twitter:creator\" content=\"@OrtfNews\" \/>\n<meta name=\"twitter:site\" content=\"@OrtfNews\" \/>\n<meta name=\"twitter:label1\" content=\"\u00c9crit par\" \/>\n\t<meta name=\"twitter:data1\" content=\"admin5851\" \/>\n\t<meta name=\"twitter:label2\" content=\"Dur\u00e9e de lecture estim\u00e9e\" \/>\n\t<meta name=\"twitter:data2\" content=\"4 minutes\" \/>\n<script type=\"application\/ld+json\" class=\"yoast-schema-graph\">{\"@context\":\"https:\\\/\\\/schema.org\",\"@graph\":[{\"@type\":\"Article\",\"@id\":\"https:\\\/\\\/webtube.fr\\\/index.php\\\/2023\\\/11\\\/06\\\/manifestation-pro-palestine-a-paris-un-carnaval-islamique-et-un-appel-au-djihad\\\/#article\",\"isPartOf\":{\"@id\":\"https:\\\/\\\/webtube.fr\\\/index.php\\\/2023\\\/11\\\/06\\\/manifestation-pro-palestine-a-paris-un-carnaval-islamique-et-un-appel-au-djihad\\\/\"},\"author\":{\"name\":\"admin5851\",\"@id\":\"https:\\\/\\\/webtube.fr\\\/#\\\/schema\\\/person\\\/dcc633686e0e2a79a6bf7b92c9507618\"},\"headline\":\". Manifestation pro-Palestine \u00e0 Paris : un carnaval islamique et un appel au djihad !\",\"datePublished\":\"2023-11-06T05:29:27+00:00\",\"mainEntityOfPage\":{\"@id\":\"https:\\\/\\\/webtube.fr\\\/index.php\\\/2023\\\/11\\\/06\\\/manifestation-pro-palestine-a-paris-un-carnaval-islamique-et-un-appel-au-djihad\\\/\"},\"wordCount\":819,\"commentCount\":0,\"publisher\":{\"@id\":\"https:\\\/\\\/webtube.fr\\\/#organization\"},\"image\":{\"@id\":\"https:\\\/\\\/webtube.fr\\\/index.php\\\/2023\\\/11\\\/06\\\/manifestation-pro-palestine-a-paris-un-carnaval-islamique-et-un-appel-au-djihad\\\/#primaryimage\"},\"thumbnailUrl\":\"https:\\\/\\\/ripostelaique.com\\\/wp-content\\\/uploads\\\/2023\\\/11\\\/img_6246-768x512.jpg\",\"articleSection\":[\"Uncategorized\"],\"inLanguage\":\"fr-FR\",\"potentialAction\":[{\"@type\":\"CommentAction\",\"name\":\"Comment\",\"target\":[\"https:\\\/\\\/webtube.fr\\\/index.php\\\/2023\\\/11\\\/06\\\/manifestation-pro-palestine-a-paris-un-carnaval-islamique-et-un-appel-au-djihad\\\/#respond\"]}]},{\"@type\":\"WebPage\",\"@id\":\"https:\\\/\\\/webtube.fr\\\/index.php\\\/2023\\\/11\\\/06\\\/manifestation-pro-palestine-a-paris-un-carnaval-islamique-et-un-appel-au-djihad\\\/\",\"url\":\"https:\\\/\\\/webtube.fr\\\/index.php\\\/2023\\\/11\\\/06\\\/manifestation-pro-palestine-a-paris-un-carnaval-islamique-et-un-appel-au-djihad\\\/\",\"name\":\". Manifestation pro-Palestine \u00e0 Paris : un carnaval islamique et un appel au djihad ! - # WEBTUBE.fr\",\"isPartOf\":{\"@id\":\"https:\\\/\\\/webtube.fr\\\/#website\"},\"primaryImageOfPage\":{\"@id\":\"https:\\\/\\\/webtube.fr\\\/index.php\\\/2023\\\/11\\\/06\\\/manifestation-pro-palestine-a-paris-un-carnaval-islamique-et-un-appel-au-djihad\\\/#primaryimage\"},\"image\":{\"@id\":\"https:\\\/\\\/webtube.fr\\\/index.php\\\/2023\\\/11\\\/06\\\/manifestation-pro-palestine-a-paris-un-carnaval-islamique-et-un-appel-au-djihad\\\/#primaryimage\"},\"thumbnailUrl\":\"https:\\\/\\\/ripostelaique.com\\\/wp-content\\\/uploads\\\/2023\\\/11\\\/img_6246-768x512.jpg\",\"datePublished\":\"2023-11-06T05:29:27+00:00\",\"breadcrumb\":{\"@id\":\"https:\\\/\\\/webtube.fr\\\/index.php\\\/2023\\\/11\\\/06\\\/manifestation-pro-palestine-a-paris-un-carnaval-islamique-et-un-appel-au-djihad\\\/#breadcrumb\"},\"inLanguage\":\"fr-FR\",\"potentialAction\":[{\"@type\":\"ReadAction\",\"target\":[\"https:\\\/\\\/webtube.fr\\\/index.php\\\/2023\\\/11\\\/06\\\/manifestation-pro-palestine-a-paris-un-carnaval-islamique-et-un-appel-au-djihad\\\/\"]}]},{\"@type\":\"ImageObject\",\"inLanguage\":\"fr-FR\",\"@id\":\"https:\\\/\\\/webtube.fr\\\/index.php\\\/2023\\\/11\\\/06\\\/manifestation-pro-palestine-a-paris-un-carnaval-islamique-et-un-appel-au-djihad\\\/#primaryimage\",\"url\":\"https:\\\/\\\/ripostelaique.com\\\/wp-content\\\/uploads\\\/2023\\\/11\\\/img_6246-768x512.jpg\",\"contentUrl\":\"https:\\\/\\\/ripostelaique.com\\\/wp-content\\\/uploads\\\/2023\\\/11\\\/img_6246-768x512.jpg\"},{\"@type\":\"BreadcrumbList\",\"@id\":\"https:\\\/\\\/webtube.fr\\\/index.php\\\/2023\\\/11\\\/06\\\/manifestation-pro-palestine-a-paris-un-carnaval-islamique-et-un-appel-au-djihad\\\/#breadcrumb\",\"itemListElement\":[{\"@type\":\"ListItem\",\"position\":1,\"name\":\"Accueil\",\"item\":\"https:\\\/\\\/webtube.fr\\\/\"},{\"@type\":\"ListItem\",\"position\":2,\"name\":\". Manifestation pro-Palestine \u00e0 Paris : un carnaval islamique et un appel au djihad !\"}]},{\"@type\":\"WebSite\",\"@id\":\"https:\\\/\\\/webtube.fr\\\/#website\",\"url\":\"https:\\\/\\\/webtube.fr\\\/\",\"name\":\"WEBTUBE\",\"description\":\"WEBTUBE.fr  Streaming Vid\u00e9o and News , toutes les infos sans filtres !\",\"publisher\":{\"@id\":\"https:\\\/\\\/webtube.fr\\\/#organization\"},\"alternateName\":\"Rutube\",\"potentialAction\":[{\"@type\":\"SearchAction\",\"target\":{\"@type\":\"EntryPoint\",\"urlTemplate\":\"https:\\\/\\\/webtube.fr\\\/?s={search_term_string}\"},\"query-input\":{\"@type\":\"PropertyValueSpecification\",\"valueRequired\":true,\"valueName\":\"search_term_string\"}}],\"inLanguage\":\"fr-FR\"},{\"@type\":\"Organization\",\"@id\":\"https:\\\/\\\/webtube.fr\\\/#organization\",\"name\":\"# WEBTUBE.fr\",\"url\":\"https:\\\/\\\/webtube.fr\\\/\",\"logo\":{\"@type\":\"ImageObject\",\"inLanguage\":\"fr-FR\",\"@id\":\"https:\\\/\\\/webtube.fr\\\/#\\\/schema\\\/logo\\\/image\\\/\",\"url\":\"https:\\\/\\\/webtube.fr\\\/wp-content\\\/uploads\\\/2025\\\/09\\\/cropped-Logo_webtubeIA-1.jpg\",\"contentUrl\":\"https:\\\/\\\/webtube.fr\\\/wp-content\\\/uploads\\\/2025\\\/09\\\/cropped-Logo_webtubeIA-1.jpg\",\"width\":240,\"height\":240,\"caption\":\"# WEBTUBE.fr\"},\"image\":{\"@id\":\"https:\\\/\\\/webtube.fr\\\/#\\\/schema\\\/logo\\\/image\\\/\"},\"sameAs\":[\"https:\\\/\\\/www.facebook.com\\\/profile.php?id=100069673161887\",\"https:\\\/\\\/x.com\\\/OrtfNews\",\"https:\\\/\\\/www.facebook.com\\\/profile.php?id=100013751440523\"]},{\"@type\":\"Person\",\"@id\":\"https:\\\/\\\/webtube.fr\\\/#\\\/schema\\\/person\\\/dcc633686e0e2a79a6bf7b92c9507618\",\"name\":\"admin5851\",\"image\":{\"@type\":\"ImageObject\",\"inLanguage\":\"fr-FR\",\"@id\":\"https:\\\/\\\/secure.gravatar.com\\\/avatar\\\/ea1b672a827879c0febb022a108a871292b3d08fadc66a0a43fa47acfe82e38a?s=96&d=mm&r=g\",\"url\":\"https:\\\/\\\/secure.gravatar.com\\\/avatar\\\/ea1b672a827879c0febb022a108a871292b3d08fadc66a0a43fa47acfe82e38a?s=96&d=mm&r=g\",\"contentUrl\":\"https:\\\/\\\/secure.gravatar.com\\\/avatar\\\/ea1b672a827879c0febb022a108a871292b3d08fadc66a0a43fa47acfe82e38a?s=96&d=mm&r=g\",\"caption\":\"admin5851\"},\"sameAs\":[\"http:\\\/\\\/linlcju.cluster100.hosting.ovh.net\"],\"url\":\"https:\\\/\\\/webtube.fr\\\/index.php\\\/author\\\/admin5851\\\/\"}]}<\/script>\n<!-- \/ Yoast SEO plugin. -->","yoast_head_json":{"title":". Manifestation pro-Palestine \u00e0 Paris : un carnaval islamique et un appel au djihad ! - # WEBTUBE.fr","robots":{"index":"index","follow":"follow","max-snippet":"max-snippet:-1","max-image-preview":"max-image-preview:large","max-video-preview":"max-video-preview:-1"},"canonical":"https:\/\/webtube.fr\/index.php\/2023\/11\/06\/manifestation-pro-palestine-a-paris-un-carnaval-islamique-et-un-appel-au-djihad\/","og_locale":"fr_FR","og_type":"article","og_title":". Manifestation pro-Palestine \u00e0 Paris : un carnaval islamique et un appel au djihad ! - # WEBTUBE.fr","og_description":"Articles \u00a0\u00a0\u00a0 : Nov. 2023 &#8211; Oct. 2023 &#8211; Sept 2023 &#8211; Aout 2023 &#8211; Facebook\u00a0:\u00a0https:\/\/www.facebook.com\/profile.php?id=100069673161887 Twitter : https:\/\/twitter.com\/OrtfNews ++ WEBTUBE : Samedi 4 novembre, je me suis donc rendu dans la capitale afin d\u2019assister \u00e0 la manifestation pro-Palestine autoris\u00e9e par la Pr\u00e9fecture. Ce que j\u2019y ai vu ne m\u2019a non seulement pas \u00e9tonn\u00e9 mais &hellip; Continuer la lecture de &laquo;&nbsp;. Manifestation pro-Palestine \u00e0 Paris : un carnaval islamique et un appel au djihad !&nbsp;&raquo;","og_url":"https:\/\/webtube.fr\/index.php\/2023\/11\/06\/manifestation-pro-palestine-a-paris-un-carnaval-islamique-et-un-appel-au-djihad\/","og_site_name":"# WEBTUBE.fr","article_publisher":"https:\/\/www.facebook.com\/profile.php?id=100069673161887","article_published_time":"2023-11-06T05:29:27+00:00","og_image":[{"url":"https:\/\/ripostelaique.com\/wp-content\/uploads\/2023\/11\/img_6246-768x512.jpg","type":"","width":"","height":""}],"author":"admin5851","twitter_card":"summary_large_image","twitter_creator":"@OrtfNews","twitter_site":"@OrtfNews","twitter_misc":{"\u00c9crit par":"admin5851","Dur\u00e9e de lecture estim\u00e9e":"4 minutes"},"schema":{"@context":"https:\/\/schema.org","@graph":[{"@type":"Article","@id":"https:\/\/webtube.fr\/index.php\/2023\/11\/06\/manifestation-pro-palestine-a-paris-un-carnaval-islamique-et-un-appel-au-djihad\/#article","isPartOf":{"@id":"https:\/\/webtube.fr\/index.php\/2023\/11\/06\/manifestation-pro-palestine-a-paris-un-carnaval-islamique-et-un-appel-au-djihad\/"},"author":{"name":"admin5851","@id":"https:\/\/webtube.fr\/#\/schema\/person\/dcc633686e0e2a79a6bf7b92c9507618"},"headline":". Manifestation pro-Palestine \u00e0 Paris : un carnaval islamique et un appel au djihad !","datePublished":"2023-11-06T05:29:27+00:00","mainEntityOfPage":{"@id":"https:\/\/webtube.fr\/index.php\/2023\/11\/06\/manifestation-pro-palestine-a-paris-un-carnaval-islamique-et-un-appel-au-djihad\/"},"wordCount":819,"commentCount":0,"publisher":{"@id":"https:\/\/webtube.fr\/#organization"},"image":{"@id":"https:\/\/webtube.fr\/index.php\/2023\/11\/06\/manifestation-pro-palestine-a-paris-un-carnaval-islamique-et-un-appel-au-djihad\/#primaryimage"},"thumbnailUrl":"https:\/\/ripostelaique.com\/wp-content\/uploads\/2023\/11\/img_6246-768x512.jpg","articleSection":["Uncategorized"],"inLanguage":"fr-FR","potentialAction":[{"@type":"CommentAction","name":"Comment","target":["https:\/\/webtube.fr\/index.php\/2023\/11\/06\/manifestation-pro-palestine-a-paris-un-carnaval-islamique-et-un-appel-au-djihad\/#respond"]}]},{"@type":"WebPage","@id":"https:\/\/webtube.fr\/index.php\/2023\/11\/06\/manifestation-pro-palestine-a-paris-un-carnaval-islamique-et-un-appel-au-djihad\/","url":"https:\/\/webtube.fr\/index.php\/2023\/11\/06\/manifestation-pro-palestine-a-paris-un-carnaval-islamique-et-un-appel-au-djihad\/","name":". Manifestation pro-Palestine \u00e0 Paris : un carnaval islamique et un appel au djihad ! - # WEBTUBE.fr","isPartOf":{"@id":"https:\/\/webtube.fr\/#website"},"primaryImageOfPage":{"@id":"https:\/\/webtube.fr\/index.php\/2023\/11\/06\/manifestation-pro-palestine-a-paris-un-carnaval-islamique-et-un-appel-au-djihad\/#primaryimage"},"image":{"@id":"https:\/\/webtube.fr\/index.php\/2023\/11\/06\/manifestation-pro-palestine-a-paris-un-carnaval-islamique-et-un-appel-au-djihad\/#primaryimage"},"thumbnailUrl":"https:\/\/ripostelaique.com\/wp-content\/uploads\/2023\/11\/img_6246-768x512.jpg","datePublished":"2023-11-06T05:29:27+00:00","breadcrumb":{"@id":"https:\/\/webtube.fr\/index.php\/2023\/11\/06\/manifestation-pro-palestine-a-paris-un-carnaval-islamique-et-un-appel-au-djihad\/#breadcrumb"},"inLanguage":"fr-FR","potentialAction":[{"@type":"ReadAction","target":["https:\/\/webtube.fr\/index.php\/2023\/11\/06\/manifestation-pro-palestine-a-paris-un-carnaval-islamique-et-un-appel-au-djihad\/"]}]},{"@type":"ImageObject","inLanguage":"fr-FR","@id":"https:\/\/webtube.fr\/index.php\/2023\/11\/06\/manifestation-pro-palestine-a-paris-un-carnaval-islamique-et-un-appel-au-djihad\/#primaryimage","url":"https:\/\/ripostelaique.com\/wp-content\/uploads\/2023\/11\/img_6246-768x512.jpg","contentUrl":"https:\/\/ripostelaique.com\/wp-content\/uploads\/2023\/11\/img_6246-768x512.jpg"},{"@type":"BreadcrumbList","@id":"https:\/\/webtube.fr\/index.php\/2023\/11\/06\/manifestation-pro-palestine-a-paris-un-carnaval-islamique-et-un-appel-au-djihad\/#breadcrumb","itemListElement":[{"@type":"ListItem","position":1,"name":"Accueil","item":"https:\/\/webtube.fr\/"},{"@type":"ListItem","position":2,"name":". Manifestation pro-Palestine \u00e0 Paris : un carnaval islamique et un appel au djihad !"}]},{"@type":"WebSite","@id":"https:\/\/webtube.fr\/#website","url":"https:\/\/webtube.fr\/","name":"WEBTUBE","description":"WEBTUBE.fr  Streaming Vid\u00e9o and News , toutes les infos sans filtres !","publisher":{"@id":"https:\/\/webtube.fr\/#organization"},"alternateName":"Rutube","potentialAction":[{"@type":"SearchAction","target":{"@type":"EntryPoint","urlTemplate":"https:\/\/webtube.fr\/?s={search_term_string}"},"query-input":{"@type":"PropertyValueSpecification","valueRequired":true,"valueName":"search_term_string"}}],"inLanguage":"fr-FR"},{"@type":"Organization","@id":"https:\/\/webtube.fr\/#organization","name":"# WEBTUBE.fr","url":"https:\/\/webtube.fr\/","logo":{"@type":"ImageObject","inLanguage":"fr-FR","@id":"https:\/\/webtube.fr\/#\/schema\/logo\/image\/","url":"https:\/\/webtube.fr\/wp-content\/uploads\/2025\/09\/cropped-Logo_webtubeIA-1.jpg","contentUrl":"https:\/\/webtube.fr\/wp-content\/uploads\/2025\/09\/cropped-Logo_webtubeIA-1.jpg","width":240,"height":240,"caption":"# WEBTUBE.fr"},"image":{"@id":"https:\/\/webtube.fr\/#\/schema\/logo\/image\/"},"sameAs":["https:\/\/www.facebook.com\/profile.php?id=100069673161887","https:\/\/x.com\/OrtfNews","https:\/\/www.facebook.com\/profile.php?id=100013751440523"]},{"@type":"Person","@id":"https:\/\/webtube.fr\/#\/schema\/person\/dcc633686e0e2a79a6bf7b92c9507618","name":"admin5851","image":{"@type":"ImageObject","inLanguage":"fr-FR","@id":"https:\/\/secure.gravatar.com\/avatar\/ea1b672a827879c0febb022a108a871292b3d08fadc66a0a43fa47acfe82e38a?s=96&d=mm&r=g","url":"https:\/\/secure.gravatar.com\/avatar\/ea1b672a827879c0febb022a108a871292b3d08fadc66a0a43fa47acfe82e38a?s=96&d=mm&r=g","contentUrl":"https:\/\/secure.gravatar.com\/avatar\/ea1b672a827879c0febb022a108a871292b3d08fadc66a0a43fa47acfe82e38a?s=96&d=mm&r=g","caption":"admin5851"},"sameAs":["http:\/\/linlcju.cluster100.hosting.ovh.net"],"url":"https:\/\/webtube.fr\/index.php\/author\/admin5851\/"}]}},"jetpack_featured_media_url":"","jetpack_sharing_enabled":true,"_links":{"self":[{"href":"https:\/\/webtube.fr\/index.php\/wp-json\/wp\/v2\/posts\/24149","targetHints":{"allow":["GET"]}}],"collection":[{"href":"https:\/\/webtube.fr\/index.php\/wp-json\/wp\/v2\/posts"}],"about":[{"href":"https:\/\/webtube.fr\/index.php\/wp-json\/wp\/v2\/types\/post"}],"author":[{"embeddable":true,"href":"https:\/\/webtube.fr\/index.php\/wp-json\/wp\/v2\/users\/1"}],"replies":[{"embeddable":true,"href":"https:\/\/webtube.fr\/index.php\/wp-json\/wp\/v2\/comments?post=24149"}],"version-history":[{"count":0,"href":"https:\/\/webtube.fr\/index.php\/wp-json\/wp\/v2\/posts\/24149\/revisions"}],"wp:attachment":[{"href":"https:\/\/webtube.fr\/index.php\/wp-json\/wp\/v2\/media?parent=24149"}],"wp:term":[{"taxonomy":"category","embeddable":true,"href":"https:\/\/webtube.fr\/index.php\/wp-json\/wp\/v2\/categories?post=24149"},{"taxonomy":"post_tag","embeddable":true,"href":"https:\/\/webtube.fr\/index.php\/wp-json\/wp\/v2\/tags?post=24149"}],"curies":[{"name":"wp","href":"https:\/\/api.w.org\/{rel}","templated":true}]}}