{"id":24147,"date":"2023-11-06T05:17:22","date_gmt":"2023-11-06T05:17:22","guid":{"rendered":"http:\/\/13.36.34.64\/?p=24147"},"modified":"2023-11-06T05:17:22","modified_gmt":"2023-11-06T05:17:22","slug":"gerard-francois-dumont-sur-le-decompte-de-limmigration-et-labsence-de-registres-communaux-les-maires-ralent-car-le-recensement-ne-correspond-pas-a-ce-quils-consta","status":"publish","type":"post","link":"https:\/\/webtube.fr\/index.php\/2023\/11\/06\/gerard-francois-dumont-sur-le-decompte-de-limmigration-et-labsence-de-registres-communaux-les-maires-ralent-car-le-recensement-ne-correspond-pas-a-ce-quils-consta\/","title":{"rendered":". G\u00e9rard-Fran\u00e7ois Dumont sur le d\u00e9compte de l\u2019immigration et l\u2019absence de registres communaux : \u00ab Les maires r\u00e2lent car le recensement ne correspond pas \u00e0 ce qu\u2019ils constatent sur le terrain \u00bb."},"content":{"rendered":"\n<figure><iframe loading=\"lazy\" width=\"800\" height=\"200\" src=\"http:\/\/rutubes.free.fr\/RutubeEmule-island.html\" frameborder=\"N\" scrolling=\"no\"><\/iframe><\/figure>\n\n\n\n<p>Articles \u00a0\u00a0\u00a0 : <a href=\"https:\/\/webtube.fr\/2023\/11\/\" target=\"_blank\" rel=\"noreferrer noopener\">Nov. 2023<\/a> &#8211; <a href=\"http:\/\/rutube.fr\/2023\/10\/\" target=\"_blank\" rel=\"noreferrer noopener\">Oct. 2023<\/a> &#8211; <a href=\"http:\/\/rutube.fr\/2023\/09\/\" target=\"_blank\" rel=\"noreferrer noopener\">Sept 2023<\/a> &#8211; <a href=\"http:\/\/rutube.fr\/2023\/08\/\" target=\"_blank\" rel=\"noreferrer noopener\">Aout 2023<\/a> &#8211; Facebook\u00a0:\u00a0<a href=\"https:\/\/www.facebook.com\/profile.php?id=100069673161887\">https:\/\/www.facebook.com\/profile.php?id=100069673161887<\/a> Twitter : <a href=\"https:\/\/twitter.com\/OrtfNews\" target=\"_blank\" rel=\"noreferrer noopener\">https:\/\/twitter.com\/OrtfNews<\/a><\/p>\n\n\n\n<figure class=\"wp-block-image size-large\"><img decoding=\"async\" src=\"https:\/\/www.fdesouche.com\/wp-content\/uploads\/2023\/11\/Capturkljljke-1024x632.png\" alt=\"\"\/><\/figure>\n\n\n\n<p><strong>++ WEBTUBE<\/strong> : <em>La France, contrairement \u00e0 la plupart des autres pays au monde, ne s\u2019est pas dot\u00e9e d\u2019outils permettant de cibler ses politiques d\u2019int\u00e9gration.\u00a0<strong>Non seulement elle ignore le nombre pr\u00e9cis d\u2019immigr\u00e9s qui se trouvent sur son sol (un rapport parlementaire avait montr\u00e9, en 2018, que les immigr\u00e9s clandestins pesaient 8 % \u00e0 20 % de la population de la Seine-Saint-Denis), mais elle n\u2019a aussi qu\u2019une id\u00e9e vague de leur r\u00e9partition g\u00e9ographique.<\/strong><\/em><\/p>\n\n\n\n<p>L&rsquo;article  du Point :<\/p>\n\n\n\n<p><strong>En 2021, documente encore l\u2019Insee, 7,3 millions de personnes sont des descendants d\u2019immigr\u00e9s de deuxi\u00e8me g\u00e9n\u00e9ration, c\u2019est\u2011\u00e0\u2011dire des personnes n\u00e9es en France d\u2019au moins un parent immigr\u00e9. Elles repr\u00e9sentent 10,9 % de la population totale.<\/strong><\/p>\n\n\n\n<p>Dernier \u00e9l\u00e9ment statistique : le flux migratoire conna\u00eet ces derni\u00e8res ann\u00e9es une croissance soutenue. En 2022, la France a enregistr\u00e9 l\u2019entr\u00e9e sur le territoire de 467 680 nouveaux immigr\u00e9s (dont 136 724 demandeurs d\u2019asile, 14 782 mineurs non accompagn\u00e9s nouvellement pris en charge par les services de l\u2019aide sociale \u00e0 l\u2019enfance, et 316 174 immigr\u00e9s l\u00e9gaux b\u00e9n\u00e9ficiant d\u2019un titre de s\u00e9jour).<\/p>\n\n\n\n<p>(\u2026)<\/p>\n\n\n\n<p>La France, contrairement \u00e0 la plupart des autres pays au monde, ne s\u2019est pas dot\u00e9e d\u2019outils permettant de cibler ses politiques d\u2019int\u00e9gration.&nbsp;<strong>Non seulement elle ignore le nombre pr\u00e9cis d\u2019immigr\u00e9s qui se trouvent sur son sol (un rapport parlementaire avait montr\u00e9, en 2018, que les immigr\u00e9s clandestins pesaient 8 % \u00e0 20 % de la population de la Seine-Saint-Denis), mais elle n\u2019a aussi qu\u2019une id\u00e9e vague de leur r\u00e9partition g\u00e9ographique.<\/strong>&nbsp;\u00ab Au d\u00e9but des ann\u00e9es 2000, la France a d\u00e9cid\u00e9 de changer sa m\u00e9thode de recensement de la population \u00bb, explique le d\u00e9mographe G\u00e9rard-Fran\u00e7ois Dumont. \u00ab Le recensement n\u2019est plus exhaustif, mais organis\u00e9 selon un \u00e9chantillonnage unique au monde.&nbsp;<strong>Chaque ann\u00e9e, 8 % des communes de plus de 10 000 habitants sont recens\u00e9es. Au bout de cinq ans, on atteint 50 %\u2026 Les donn\u00e9es arrivent de fa\u00e7on tardive, les maires r\u00e2lent car le recensement ne correspond pas \u00e0 ce qu\u2019ils constatent sur le terrain. \u00bb<\/strong><\/p>\n\n\n\n<p><strong>Autre particularit\u00e9 : la France, contrairement \u00e0 ses voisins, ne dispose d\u2019aucun registre communal \u2013 une obligation dans la plupart des pays, o\u00f9 chaque nouvel arrivant dans une municipalit\u00e9, m\u00eame clandestin, doit se faire conna\u00eetre aupr\u00e8s de la mairie afin d\u2019ouvrir ses droits au logement, \u00e0 l\u2019\u00e9cole, aux prestations sociales\u2026<\/strong>&nbsp;\u00ab Comment peut-on d\u00e9velopper des politiques d\u2019int\u00e9gration sans connaissance fine de la population qui vit sur le territoire ? \u00bb s\u2019agace le sp\u00e9cialiste. \u00ab La question de l\u2019int\u00e9gration se pose au niveau local. O\u00f9 d\u00e9ployer des centres d\u2019apprentissage de la langue fran\u00e7aise, si l\u2019on ignore o\u00f9 sont les gens ? On sait que le taux de ch\u00f4mage des immigr\u00e9s venus du Maghreb ou de Turquie est moiti\u00e9 sup\u00e9rieure au taux de ch\u00f4mage de la population native. Comment aider leur int\u00e9gration dans la vie \u00e9conomique, sans actions sp\u00e9cifiques, locales ? \u00bb<\/p>\n\n\n\n<p>(\u2026)<\/p>\n\n\n\n<p><a href=\"https:\/\/www.lepoint.fr\/politique\/les-polemiques-de-l-immigration-y-a-t-il-trop-d-immigres-05-11-2023-2542018_20.php\" target=\"_blank\" rel=\"noreferrer noopener\">Le Point<\/a><\/p>\n\n\n\n<figure><iframe loading=\"lazy\" width=\"800\" height=\"200\" src=\"http:\/\/rutubes.free.fr\/RutubeEmule-island.html\" frameborder=\"N\" scrolling=\"no\"><\/iframe><\/figure>\n\n<!-- AFS Analytics V7- Web Analytics 7.0 -->\n<script type='text\/javascript'>\n(function(i,s,o,g,r,a,m){i['AfsAnalyticsObject']=r;i[r]=i[r]||function(){(i[r].q=i[r].q||[]).push(arguments)},i[r].l=1*new Date();a=s.createElement(o),m=s.getElementsByTagName(o)[0];a.async=1;a.src=g;m.parentNode.insertBefore(a,m)})(window,document,'script','\/\/code.afsanalytics.com\/js2\/analytics.js','aa');\naa('create', '00636949','auto');\naa('set', 'autotrack', 'on');\naa('set', 'autotrack.iframe', 'dataset');\naa('send', 'pageview');\n<\/script>\n<!-- End AFS Analytics -->\n","protected":false},"excerpt":{"rendered":"<p>Articles \u00a0\u00a0\u00a0 : Nov. 2023 &#8211; Oct. 2023 &#8211; Sept 2023 &#8211; Aout 2023 &#8211; Facebook\u00a0:\u00a0https:\/\/www.facebook.com\/profile.php?id=100069673161887 Twitter : https:\/\/twitter.com\/OrtfNews ++ WEBTUBE : La France, contrairement \u00e0 la plupart des autres pays au monde, ne s\u2019est pas dot\u00e9e d\u2019outils permettant de cibler ses politiques d\u2019int\u00e9gration.\u00a0Non seulement elle ignore le nombre pr\u00e9cis d\u2019immigr\u00e9s qui se trouvent sur &hellip; <a href=\"https:\/\/webtube.fr\/index.php\/2023\/11\/06\/gerard-francois-dumont-sur-le-decompte-de-limmigration-et-labsence-de-registres-communaux-les-maires-ralent-car-le-recensement-ne-correspond-pas-a-ce-quils-consta\/\" class=\"more-link\">Continuer la lecture<span class=\"screen-reader-text\"> de &laquo;&nbsp;. G\u00e9rard-Fran\u00e7ois Dumont sur le d\u00e9compte de l\u2019immigration et l\u2019absence de registres communaux : \u00ab Les maires r\u00e2lent car le recensement ne correspond pas \u00e0 ce qu\u2019ils constatent sur le terrain \u00bb.&nbsp;&raquo;<\/span><\/a><\/p>\n","protected":false},"author":1,"featured_media":0,"comment_status":"open","ping_status":"open","sticky":false,"template":"","format":"standard","meta":{"_jetpack_memberships_contains_paid_content":false,"footnotes":""},"categories":[1],"tags":[],"class_list":["post-24147","post","type-post","status-publish","format-standard","hentry","category-uncategorized"],"yoast_head":"<!-- This site is optimized with the Yoast SEO plugin v27.3 - https:\/\/yoast.com\/product\/yoast-seo-wordpress\/ -->\n<title>. G\u00e9rard-Fran\u00e7ois Dumont sur le d\u00e9compte de l\u2019immigration et l\u2019absence de registres communaux : \u00ab Les maires r\u00e2lent car le recensement ne correspond pas \u00e0 ce qu\u2019ils constatent sur le terrain \u00bb. - # WEBTUBE.fr<\/title>\n<meta name=\"robots\" content=\"index, follow, max-snippet:-1, max-image-preview:large, max-video-preview:-1\" \/>\n<link rel=\"canonical\" href=\"https:\/\/webtube.fr\/index.php\/2023\/11\/06\/gerard-francois-dumont-sur-le-decompte-de-limmigration-et-labsence-de-registres-communaux-les-maires-ralent-car-le-recensement-ne-correspond-pas-a-ce-quils-consta\/\" \/>\n<meta property=\"og:locale\" content=\"fr_FR\" \/>\n<meta property=\"og:type\" content=\"article\" \/>\n<meta property=\"og:title\" content=\". G\u00e9rard-Fran\u00e7ois Dumont sur le d\u00e9compte de l\u2019immigration et l\u2019absence de registres communaux : \u00ab Les maires r\u00e2lent car le recensement ne correspond pas \u00e0 ce qu\u2019ils constatent sur le terrain \u00bb. - # WEBTUBE.fr\" \/>\n<meta property=\"og:description\" content=\"Articles \u00a0\u00a0\u00a0 : Nov. 2023 &#8211; Oct. 2023 &#8211; Sept 2023 &#8211; Aout 2023 &#8211; Facebook\u00a0:\u00a0https:\/\/www.facebook.com\/profile.php?id=100069673161887 Twitter : https:\/\/twitter.com\/OrtfNews ++ WEBTUBE : La France, contrairement \u00e0 la plupart des autres pays au monde, ne s\u2019est pas dot\u00e9e d\u2019outils permettant de cibler ses politiques d\u2019int\u00e9gration.\u00a0Non seulement elle ignore le nombre pr\u00e9cis d\u2019immigr\u00e9s qui se trouvent sur &hellip; Continuer la lecture de &laquo;&nbsp;. G\u00e9rard-Fran\u00e7ois Dumont sur le d\u00e9compte de l\u2019immigration et l\u2019absence de registres communaux : \u00ab Les maires r\u00e2lent car le recensement ne correspond pas \u00e0 ce qu\u2019ils constatent sur le terrain \u00bb.&nbsp;&raquo;\" \/>\n<meta property=\"og:url\" content=\"https:\/\/webtube.fr\/index.php\/2023\/11\/06\/gerard-francois-dumont-sur-le-decompte-de-limmigration-et-labsence-de-registres-communaux-les-maires-ralent-car-le-recensement-ne-correspond-pas-a-ce-quils-consta\/\" \/>\n<meta property=\"og:site_name\" content=\"# WEBTUBE.fr\" \/>\n<meta property=\"article:publisher\" content=\"https:\/\/www.facebook.com\/profile.php?id=100069673161887\" \/>\n<meta property=\"article:published_time\" content=\"2023-11-06T05:17:22+00:00\" \/>\n<meta property=\"og:image\" content=\"https:\/\/www.fdesouche.com\/wp-content\/uploads\/2023\/11\/Capturkljljke-1024x632.png\" \/>\n<meta name=\"author\" content=\"admin5851\" \/>\n<meta name=\"twitter:card\" content=\"summary_large_image\" \/>\n<meta name=\"twitter:creator\" content=\"@OrtfNews\" \/>\n<meta name=\"twitter:site\" content=\"@OrtfNews\" \/>\n<meta name=\"twitter:label1\" content=\"\u00c9crit par\" \/>\n\t<meta name=\"twitter:data1\" content=\"admin5851\" \/>\n\t<meta name=\"twitter:label2\" content=\"Dur\u00e9e de lecture estim\u00e9e\" \/>\n\t<meta name=\"twitter:data2\" content=\"3 minutes\" \/>\n<script type=\"application\/ld+json\" class=\"yoast-schema-graph\">{\"@context\":\"https:\\\/\\\/schema.org\",\"@graph\":[{\"@type\":\"Article\",\"@id\":\"https:\\\/\\\/webtube.fr\\\/index.php\\\/2023\\\/11\\\/06\\\/gerard-francois-dumont-sur-le-decompte-de-limmigration-et-labsence-de-registres-communaux-les-maires-ralent-car-le-recensement-ne-correspond-pas-a-ce-quils-consta\\\/#article\",\"isPartOf\":{\"@id\":\"https:\\\/\\\/webtube.fr\\\/index.php\\\/2023\\\/11\\\/06\\\/gerard-francois-dumont-sur-le-decompte-de-limmigration-et-labsence-de-registres-communaux-les-maires-ralent-car-le-recensement-ne-correspond-pas-a-ce-quils-consta\\\/\"},\"author\":{\"name\":\"admin5851\",\"@id\":\"https:\\\/\\\/webtube.fr\\\/#\\\/schema\\\/person\\\/dcc633686e0e2a79a6bf7b92c9507618\"},\"headline\":\". G\u00e9rard-Fran\u00e7ois Dumont sur le d\u00e9compte de l\u2019immigration et l\u2019absence de registres communaux : \u00ab Les maires r\u00e2lent car le recensement ne correspond pas \u00e0 ce qu\u2019ils constatent sur le terrain \u00bb.\",\"datePublished\":\"2023-11-06T05:17:22+00:00\",\"mainEntityOfPage\":{\"@id\":\"https:\\\/\\\/webtube.fr\\\/index.php\\\/2023\\\/11\\\/06\\\/gerard-francois-dumont-sur-le-decompte-de-limmigration-et-labsence-de-registres-communaux-les-maires-ralent-car-le-recensement-ne-correspond-pas-a-ce-quils-consta\\\/\"},\"wordCount\":568,\"commentCount\":0,\"publisher\":{\"@id\":\"https:\\\/\\\/webtube.fr\\\/#organization\"},\"image\":{\"@id\":\"https:\\\/\\\/webtube.fr\\\/index.php\\\/2023\\\/11\\\/06\\\/gerard-francois-dumont-sur-le-decompte-de-limmigration-et-labsence-de-registres-communaux-les-maires-ralent-car-le-recensement-ne-correspond-pas-a-ce-quils-consta\\\/#primaryimage\"},\"thumbnailUrl\":\"https:\\\/\\\/www.fdesouche.com\\\/wp-content\\\/uploads\\\/2023\\\/11\\\/Capturkljljke-1024x632.png\",\"articleSection\":[\"Uncategorized\"],\"inLanguage\":\"fr-FR\",\"potentialAction\":[{\"@type\":\"CommentAction\",\"name\":\"Comment\",\"target\":[\"https:\\\/\\\/webtube.fr\\\/index.php\\\/2023\\\/11\\\/06\\\/gerard-francois-dumont-sur-le-decompte-de-limmigration-et-labsence-de-registres-communaux-les-maires-ralent-car-le-recensement-ne-correspond-pas-a-ce-quils-consta\\\/#respond\"]}]},{\"@type\":\"WebPage\",\"@id\":\"https:\\\/\\\/webtube.fr\\\/index.php\\\/2023\\\/11\\\/06\\\/gerard-francois-dumont-sur-le-decompte-de-limmigration-et-labsence-de-registres-communaux-les-maires-ralent-car-le-recensement-ne-correspond-pas-a-ce-quils-consta\\\/\",\"url\":\"https:\\\/\\\/webtube.fr\\\/index.php\\\/2023\\\/11\\\/06\\\/gerard-francois-dumont-sur-le-decompte-de-limmigration-et-labsence-de-registres-communaux-les-maires-ralent-car-le-recensement-ne-correspond-pas-a-ce-quils-consta\\\/\",\"name\":\". G\u00e9rard-Fran\u00e7ois Dumont sur le d\u00e9compte de l\u2019immigration et l\u2019absence de registres communaux : \u00ab Les maires r\u00e2lent car le recensement ne correspond pas \u00e0 ce qu\u2019ils constatent sur le terrain \u00bb. - # WEBTUBE.fr\",\"isPartOf\":{\"@id\":\"https:\\\/\\\/webtube.fr\\\/#website\"},\"primaryImageOfPage\":{\"@id\":\"https:\\\/\\\/webtube.fr\\\/index.php\\\/2023\\\/11\\\/06\\\/gerard-francois-dumont-sur-le-decompte-de-limmigration-et-labsence-de-registres-communaux-les-maires-ralent-car-le-recensement-ne-correspond-pas-a-ce-quils-consta\\\/#primaryimage\"},\"image\":{\"@id\":\"https:\\\/\\\/webtube.fr\\\/index.php\\\/2023\\\/11\\\/06\\\/gerard-francois-dumont-sur-le-decompte-de-limmigration-et-labsence-de-registres-communaux-les-maires-ralent-car-le-recensement-ne-correspond-pas-a-ce-quils-consta\\\/#primaryimage\"},\"thumbnailUrl\":\"https:\\\/\\\/www.fdesouche.com\\\/wp-content\\\/uploads\\\/2023\\\/11\\\/Capturkljljke-1024x632.png\",\"datePublished\":\"2023-11-06T05:17:22+00:00\",\"breadcrumb\":{\"@id\":\"https:\\\/\\\/webtube.fr\\\/index.php\\\/2023\\\/11\\\/06\\\/gerard-francois-dumont-sur-le-decompte-de-limmigration-et-labsence-de-registres-communaux-les-maires-ralent-car-le-recensement-ne-correspond-pas-a-ce-quils-consta\\\/#breadcrumb\"},\"inLanguage\":\"fr-FR\",\"potentialAction\":[{\"@type\":\"ReadAction\",\"target\":[\"https:\\\/\\\/webtube.fr\\\/index.php\\\/2023\\\/11\\\/06\\\/gerard-francois-dumont-sur-le-decompte-de-limmigration-et-labsence-de-registres-communaux-les-maires-ralent-car-le-recensement-ne-correspond-pas-a-ce-quils-consta\\\/\"]}]},{\"@type\":\"ImageObject\",\"inLanguage\":\"fr-FR\",\"@id\":\"https:\\\/\\\/webtube.fr\\\/index.php\\\/2023\\\/11\\\/06\\\/gerard-francois-dumont-sur-le-decompte-de-limmigration-et-labsence-de-registres-communaux-les-maires-ralent-car-le-recensement-ne-correspond-pas-a-ce-quils-consta\\\/#primaryimage\",\"url\":\"https:\\\/\\\/www.fdesouche.com\\\/wp-content\\\/uploads\\\/2023\\\/11\\\/Capturkljljke-1024x632.png\",\"contentUrl\":\"https:\\\/\\\/www.fdesouche.com\\\/wp-content\\\/uploads\\\/2023\\\/11\\\/Capturkljljke-1024x632.png\"},{\"@type\":\"BreadcrumbList\",\"@id\":\"https:\\\/\\\/webtube.fr\\\/index.php\\\/2023\\\/11\\\/06\\\/gerard-francois-dumont-sur-le-decompte-de-limmigration-et-labsence-de-registres-communaux-les-maires-ralent-car-le-recensement-ne-correspond-pas-a-ce-quils-consta\\\/#breadcrumb\",\"itemListElement\":[{\"@type\":\"ListItem\",\"position\":1,\"name\":\"Accueil\",\"item\":\"https:\\\/\\\/webtube.fr\\\/\"},{\"@type\":\"ListItem\",\"position\":2,\"name\":\". G\u00e9rard-Fran\u00e7ois Dumont sur le d\u00e9compte de l\u2019immigration et l\u2019absence de registres communaux : \u00ab Les maires r\u00e2lent car le recensement ne correspond pas \u00e0 ce qu\u2019ils constatent sur le terrain \u00bb.\"}]},{\"@type\":\"WebSite\",\"@id\":\"https:\\\/\\\/webtube.fr\\\/#website\",\"url\":\"https:\\\/\\\/webtube.fr\\\/\",\"name\":\"WEBTUBE\",\"description\":\"WEBTUBE.fr  Streaming Vid\u00e9o and News , toutes les infos sans filtres !\",\"publisher\":{\"@id\":\"https:\\\/\\\/webtube.fr\\\/#organization\"},\"alternateName\":\"Rutube\",\"potentialAction\":[{\"@type\":\"SearchAction\",\"target\":{\"@type\":\"EntryPoint\",\"urlTemplate\":\"https:\\\/\\\/webtube.fr\\\/?s={search_term_string}\"},\"query-input\":{\"@type\":\"PropertyValueSpecification\",\"valueRequired\":true,\"valueName\":\"search_term_string\"}}],\"inLanguage\":\"fr-FR\"},{\"@type\":\"Organization\",\"@id\":\"https:\\\/\\\/webtube.fr\\\/#organization\",\"name\":\"# WEBTUBE.fr\",\"url\":\"https:\\\/\\\/webtube.fr\\\/\",\"logo\":{\"@type\":\"ImageObject\",\"inLanguage\":\"fr-FR\",\"@id\":\"https:\\\/\\\/webtube.fr\\\/#\\\/schema\\\/logo\\\/image\\\/\",\"url\":\"https:\\\/\\\/webtube.fr\\\/wp-content\\\/uploads\\\/2025\\\/09\\\/cropped-Logo_webtubeIA-1.jpg\",\"contentUrl\":\"https:\\\/\\\/webtube.fr\\\/wp-content\\\/uploads\\\/2025\\\/09\\\/cropped-Logo_webtubeIA-1.jpg\",\"width\":240,\"height\":240,\"caption\":\"# WEBTUBE.fr\"},\"image\":{\"@id\":\"https:\\\/\\\/webtube.fr\\\/#\\\/schema\\\/logo\\\/image\\\/\"},\"sameAs\":[\"https:\\\/\\\/www.facebook.com\\\/profile.php?id=100069673161887\",\"https:\\\/\\\/x.com\\\/OrtfNews\",\"https:\\\/\\\/www.facebook.com\\\/profile.php?id=100013751440523\"]},{\"@type\":\"Person\",\"@id\":\"https:\\\/\\\/webtube.fr\\\/#\\\/schema\\\/person\\\/dcc633686e0e2a79a6bf7b92c9507618\",\"name\":\"admin5851\",\"image\":{\"@type\":\"ImageObject\",\"inLanguage\":\"fr-FR\",\"@id\":\"https:\\\/\\\/secure.gravatar.com\\\/avatar\\\/ea1b672a827879c0febb022a108a871292b3d08fadc66a0a43fa47acfe82e38a?s=96&d=mm&r=g\",\"url\":\"https:\\\/\\\/secure.gravatar.com\\\/avatar\\\/ea1b672a827879c0febb022a108a871292b3d08fadc66a0a43fa47acfe82e38a?s=96&d=mm&r=g\",\"contentUrl\":\"https:\\\/\\\/secure.gravatar.com\\\/avatar\\\/ea1b672a827879c0febb022a108a871292b3d08fadc66a0a43fa47acfe82e38a?s=96&d=mm&r=g\",\"caption\":\"admin5851\"},\"sameAs\":[\"http:\\\/\\\/linlcju.cluster100.hosting.ovh.net\"],\"url\":\"https:\\\/\\\/webtube.fr\\\/index.php\\\/author\\\/admin5851\\\/\"}]}<\/script>\n<!-- \/ Yoast SEO plugin. -->","yoast_head_json":{"title":". G\u00e9rard-Fran\u00e7ois Dumont sur le d\u00e9compte de l\u2019immigration et l\u2019absence de registres communaux : \u00ab Les maires r\u00e2lent car le recensement ne correspond pas \u00e0 ce qu\u2019ils constatent sur le terrain \u00bb. - # WEBTUBE.fr","robots":{"index":"index","follow":"follow","max-snippet":"max-snippet:-1","max-image-preview":"max-image-preview:large","max-video-preview":"max-video-preview:-1"},"canonical":"https:\/\/webtube.fr\/index.php\/2023\/11\/06\/gerard-francois-dumont-sur-le-decompte-de-limmigration-et-labsence-de-registres-communaux-les-maires-ralent-car-le-recensement-ne-correspond-pas-a-ce-quils-consta\/","og_locale":"fr_FR","og_type":"article","og_title":". G\u00e9rard-Fran\u00e7ois Dumont sur le d\u00e9compte de l\u2019immigration et l\u2019absence de registres communaux : \u00ab Les maires r\u00e2lent car le recensement ne correspond pas \u00e0 ce qu\u2019ils constatent sur le terrain \u00bb. - # WEBTUBE.fr","og_description":"Articles \u00a0\u00a0\u00a0 : Nov. 2023 &#8211; Oct. 2023 &#8211; Sept 2023 &#8211; Aout 2023 &#8211; Facebook\u00a0:\u00a0https:\/\/www.facebook.com\/profile.php?id=100069673161887 Twitter : https:\/\/twitter.com\/OrtfNews ++ WEBTUBE : La France, contrairement \u00e0 la plupart des autres pays au monde, ne s\u2019est pas dot\u00e9e d\u2019outils permettant de cibler ses politiques d\u2019int\u00e9gration.\u00a0Non seulement elle ignore le nombre pr\u00e9cis d\u2019immigr\u00e9s qui se trouvent sur &hellip; Continuer la lecture de &laquo;&nbsp;. G\u00e9rard-Fran\u00e7ois Dumont sur le d\u00e9compte de l\u2019immigration et l\u2019absence de registres communaux : \u00ab Les maires r\u00e2lent car le recensement ne correspond pas \u00e0 ce qu\u2019ils constatent sur le terrain \u00bb.&nbsp;&raquo;","og_url":"https:\/\/webtube.fr\/index.php\/2023\/11\/06\/gerard-francois-dumont-sur-le-decompte-de-limmigration-et-labsence-de-registres-communaux-les-maires-ralent-car-le-recensement-ne-correspond-pas-a-ce-quils-consta\/","og_site_name":"# WEBTUBE.fr","article_publisher":"https:\/\/www.facebook.com\/profile.php?id=100069673161887","article_published_time":"2023-11-06T05:17:22+00:00","og_image":[{"url":"https:\/\/www.fdesouche.com\/wp-content\/uploads\/2023\/11\/Capturkljljke-1024x632.png","type":"","width":"","height":""}],"author":"admin5851","twitter_card":"summary_large_image","twitter_creator":"@OrtfNews","twitter_site":"@OrtfNews","twitter_misc":{"\u00c9crit par":"admin5851","Dur\u00e9e de lecture estim\u00e9e":"3 minutes"},"schema":{"@context":"https:\/\/schema.org","@graph":[{"@type":"Article","@id":"https:\/\/webtube.fr\/index.php\/2023\/11\/06\/gerard-francois-dumont-sur-le-decompte-de-limmigration-et-labsence-de-registres-communaux-les-maires-ralent-car-le-recensement-ne-correspond-pas-a-ce-quils-consta\/#article","isPartOf":{"@id":"https:\/\/webtube.fr\/index.php\/2023\/11\/06\/gerard-francois-dumont-sur-le-decompte-de-limmigration-et-labsence-de-registres-communaux-les-maires-ralent-car-le-recensement-ne-correspond-pas-a-ce-quils-consta\/"},"author":{"name":"admin5851","@id":"https:\/\/webtube.fr\/#\/schema\/person\/dcc633686e0e2a79a6bf7b92c9507618"},"headline":". G\u00e9rard-Fran\u00e7ois Dumont sur le d\u00e9compte de l\u2019immigration et l\u2019absence de registres communaux : \u00ab Les maires r\u00e2lent car le recensement ne correspond pas \u00e0 ce qu\u2019ils constatent sur le terrain \u00bb.","datePublished":"2023-11-06T05:17:22+00:00","mainEntityOfPage":{"@id":"https:\/\/webtube.fr\/index.php\/2023\/11\/06\/gerard-francois-dumont-sur-le-decompte-de-limmigration-et-labsence-de-registres-communaux-les-maires-ralent-car-le-recensement-ne-correspond-pas-a-ce-quils-consta\/"},"wordCount":568,"commentCount":0,"publisher":{"@id":"https:\/\/webtube.fr\/#organization"},"image":{"@id":"https:\/\/webtube.fr\/index.php\/2023\/11\/06\/gerard-francois-dumont-sur-le-decompte-de-limmigration-et-labsence-de-registres-communaux-les-maires-ralent-car-le-recensement-ne-correspond-pas-a-ce-quils-consta\/#primaryimage"},"thumbnailUrl":"https:\/\/www.fdesouche.com\/wp-content\/uploads\/2023\/11\/Capturkljljke-1024x632.png","articleSection":["Uncategorized"],"inLanguage":"fr-FR","potentialAction":[{"@type":"CommentAction","name":"Comment","target":["https:\/\/webtube.fr\/index.php\/2023\/11\/06\/gerard-francois-dumont-sur-le-decompte-de-limmigration-et-labsence-de-registres-communaux-les-maires-ralent-car-le-recensement-ne-correspond-pas-a-ce-quils-consta\/#respond"]}]},{"@type":"WebPage","@id":"https:\/\/webtube.fr\/index.php\/2023\/11\/06\/gerard-francois-dumont-sur-le-decompte-de-limmigration-et-labsence-de-registres-communaux-les-maires-ralent-car-le-recensement-ne-correspond-pas-a-ce-quils-consta\/","url":"https:\/\/webtube.fr\/index.php\/2023\/11\/06\/gerard-francois-dumont-sur-le-decompte-de-limmigration-et-labsence-de-registres-communaux-les-maires-ralent-car-le-recensement-ne-correspond-pas-a-ce-quils-consta\/","name":". G\u00e9rard-Fran\u00e7ois Dumont sur le d\u00e9compte de l\u2019immigration et l\u2019absence de registres communaux : \u00ab Les maires r\u00e2lent car le recensement ne correspond pas \u00e0 ce qu\u2019ils constatent sur le terrain \u00bb. - # WEBTUBE.fr","isPartOf":{"@id":"https:\/\/webtube.fr\/#website"},"primaryImageOfPage":{"@id":"https:\/\/webtube.fr\/index.php\/2023\/11\/06\/gerard-francois-dumont-sur-le-decompte-de-limmigration-et-labsence-de-registres-communaux-les-maires-ralent-car-le-recensement-ne-correspond-pas-a-ce-quils-consta\/#primaryimage"},"image":{"@id":"https:\/\/webtube.fr\/index.php\/2023\/11\/06\/gerard-francois-dumont-sur-le-decompte-de-limmigration-et-labsence-de-registres-communaux-les-maires-ralent-car-le-recensement-ne-correspond-pas-a-ce-quils-consta\/#primaryimage"},"thumbnailUrl":"https:\/\/www.fdesouche.com\/wp-content\/uploads\/2023\/11\/Capturkljljke-1024x632.png","datePublished":"2023-11-06T05:17:22+00:00","breadcrumb":{"@id":"https:\/\/webtube.fr\/index.php\/2023\/11\/06\/gerard-francois-dumont-sur-le-decompte-de-limmigration-et-labsence-de-registres-communaux-les-maires-ralent-car-le-recensement-ne-correspond-pas-a-ce-quils-consta\/#breadcrumb"},"inLanguage":"fr-FR","potentialAction":[{"@type":"ReadAction","target":["https:\/\/webtube.fr\/index.php\/2023\/11\/06\/gerard-francois-dumont-sur-le-decompte-de-limmigration-et-labsence-de-registres-communaux-les-maires-ralent-car-le-recensement-ne-correspond-pas-a-ce-quils-consta\/"]}]},{"@type":"ImageObject","inLanguage":"fr-FR","@id":"https:\/\/webtube.fr\/index.php\/2023\/11\/06\/gerard-francois-dumont-sur-le-decompte-de-limmigration-et-labsence-de-registres-communaux-les-maires-ralent-car-le-recensement-ne-correspond-pas-a-ce-quils-consta\/#primaryimage","url":"https:\/\/www.fdesouche.com\/wp-content\/uploads\/2023\/11\/Capturkljljke-1024x632.png","contentUrl":"https:\/\/www.fdesouche.com\/wp-content\/uploads\/2023\/11\/Capturkljljke-1024x632.png"},{"@type":"BreadcrumbList","@id":"https:\/\/webtube.fr\/index.php\/2023\/11\/06\/gerard-francois-dumont-sur-le-decompte-de-limmigration-et-labsence-de-registres-communaux-les-maires-ralent-car-le-recensement-ne-correspond-pas-a-ce-quils-consta\/#breadcrumb","itemListElement":[{"@type":"ListItem","position":1,"name":"Accueil","item":"https:\/\/webtube.fr\/"},{"@type":"ListItem","position":2,"name":". G\u00e9rard-Fran\u00e7ois Dumont sur le d\u00e9compte de l\u2019immigration et l\u2019absence de registres communaux : \u00ab Les maires r\u00e2lent car le recensement ne correspond pas \u00e0 ce qu\u2019ils constatent sur le terrain \u00bb."}]},{"@type":"WebSite","@id":"https:\/\/webtube.fr\/#website","url":"https:\/\/webtube.fr\/","name":"WEBTUBE","description":"WEBTUBE.fr  Streaming Vid\u00e9o and News , toutes les infos sans filtres !","publisher":{"@id":"https:\/\/webtube.fr\/#organization"},"alternateName":"Rutube","potentialAction":[{"@type":"SearchAction","target":{"@type":"EntryPoint","urlTemplate":"https:\/\/webtube.fr\/?s={search_term_string}"},"query-input":{"@type":"PropertyValueSpecification","valueRequired":true,"valueName":"search_term_string"}}],"inLanguage":"fr-FR"},{"@type":"Organization","@id":"https:\/\/webtube.fr\/#organization","name":"# WEBTUBE.fr","url":"https:\/\/webtube.fr\/","logo":{"@type":"ImageObject","inLanguage":"fr-FR","@id":"https:\/\/webtube.fr\/#\/schema\/logo\/image\/","url":"https:\/\/webtube.fr\/wp-content\/uploads\/2025\/09\/cropped-Logo_webtubeIA-1.jpg","contentUrl":"https:\/\/webtube.fr\/wp-content\/uploads\/2025\/09\/cropped-Logo_webtubeIA-1.jpg","width":240,"height":240,"caption":"# WEBTUBE.fr"},"image":{"@id":"https:\/\/webtube.fr\/#\/schema\/logo\/image\/"},"sameAs":["https:\/\/www.facebook.com\/profile.php?id=100069673161887","https:\/\/x.com\/OrtfNews","https:\/\/www.facebook.com\/profile.php?id=100013751440523"]},{"@type":"Person","@id":"https:\/\/webtube.fr\/#\/schema\/person\/dcc633686e0e2a79a6bf7b92c9507618","name":"admin5851","image":{"@type":"ImageObject","inLanguage":"fr-FR","@id":"https:\/\/secure.gravatar.com\/avatar\/ea1b672a827879c0febb022a108a871292b3d08fadc66a0a43fa47acfe82e38a?s=96&d=mm&r=g","url":"https:\/\/secure.gravatar.com\/avatar\/ea1b672a827879c0febb022a108a871292b3d08fadc66a0a43fa47acfe82e38a?s=96&d=mm&r=g","contentUrl":"https:\/\/secure.gravatar.com\/avatar\/ea1b672a827879c0febb022a108a871292b3d08fadc66a0a43fa47acfe82e38a?s=96&d=mm&r=g","caption":"admin5851"},"sameAs":["http:\/\/linlcju.cluster100.hosting.ovh.net"],"url":"https:\/\/webtube.fr\/index.php\/author\/admin5851\/"}]}},"jetpack_featured_media_url":"","jetpack_sharing_enabled":true,"_links":{"self":[{"href":"https:\/\/webtube.fr\/index.php\/wp-json\/wp\/v2\/posts\/24147","targetHints":{"allow":["GET"]}}],"collection":[{"href":"https:\/\/webtube.fr\/index.php\/wp-json\/wp\/v2\/posts"}],"about":[{"href":"https:\/\/webtube.fr\/index.php\/wp-json\/wp\/v2\/types\/post"}],"author":[{"embeddable":true,"href":"https:\/\/webtube.fr\/index.php\/wp-json\/wp\/v2\/users\/1"}],"replies":[{"embeddable":true,"href":"https:\/\/webtube.fr\/index.php\/wp-json\/wp\/v2\/comments?post=24147"}],"version-history":[{"count":0,"href":"https:\/\/webtube.fr\/index.php\/wp-json\/wp\/v2\/posts\/24147\/revisions"}],"wp:attachment":[{"href":"https:\/\/webtube.fr\/index.php\/wp-json\/wp\/v2\/media?parent=24147"}],"wp:term":[{"taxonomy":"category","embeddable":true,"href":"https:\/\/webtube.fr\/index.php\/wp-json\/wp\/v2\/categories?post=24147"},{"taxonomy":"post_tag","embeddable":true,"href":"https:\/\/webtube.fr\/index.php\/wp-json\/wp\/v2\/tags?post=24147"}],"curies":[{"name":"wp","href":"https:\/\/api.w.org\/{rel}","templated":true}]}}