{"id":21954,"date":"2023-04-23T07:07:51","date_gmt":"2023-04-23T05:07:51","guid":{"rendered":"http:\/\/rutube.fr\/?p=21954"},"modified":"2023-04-23T07:07:51","modified_gmt":"2023-04-23T05:07:51","slug":"eric-zemmour-le-combat-culturel-passe-avant-le-combat-politique","status":"publish","type":"post","link":"https:\/\/webtube.fr\/index.php\/2023\/04\/23\/eric-zemmour-le-combat-culturel-passe-avant-le-combat-politique\/","title":{"rendered":"\u00c9ric Zemmour : le combat culturel passe avant le combat politique"},"content":{"rendered":"\n<figure><iframe loading=\"lazy\" width=\"800\" height=\"200\" src=\"http:\/\/rutubes.free.fr\/RutubeEmule-island.html\" frameborder=\"N\" scrolling=\"no\"><\/iframe><\/figure>\n\n\n\n<p>Articles &nbsp;: <a href=\"http:\/\/rutube.fr\/2023\/04\/\" target=\"_blank\" rel=\"noreferrer noopener\">Avr. 2023<\/a>&nbsp; &#8211; &nbsp;<a href=\"http:\/\/rutube.fr\/2023\/03\/\" target=\"_blank\" rel=\"noreferrer noopener\">Mar. 2023<\/a> &#8211; <a href=\"http:\/\/rutube.fr\/2023\/02\/\" target=\"_blank\" rel=\"noreferrer noopener\">Fev. 2023<\/a> &#8211; <a href=\"http:\/\/rutube.fr\/2023\/01\/\" target=\"_blank\" rel=\"noreferrer noopener\">Jan. 2023<\/a> &#8211; Facebook&nbsp;:&nbsp;<a href=\"https:\/\/www.facebook.com\/profile.php?id=100069673161887\">https:\/\/www.facebook.com\/profile.php?id=100069673161887<\/a><\/p>\n\n\n\n<p>Twitter : <a href=\"https:\/\/twitter.com\/OrtfNews\" target=\"_blank\" rel=\"noreferrer noopener\">https:\/\/twitter.com\/OrtfNews<\/a><\/p>\n\n\n\n<figure class=\"wp-block-image size-large\"><img decoding=\"async\" src=\"https:\/\/media.bvoltaire.fr\/file\/Bvoltaire\/2023\/04\/photo-output-7-1240x698.jpg\" alt=\"\"\/><\/figure>\n\n\n\n<p><strong>++ WEBTUBE <\/strong>: <em>On est d&rsquo;accord, c&rsquo;est la survie de la civilisation \u00e0 l&rsquo;europ\u00e9enne (et de la France) qui est en jeu. Il est sans doute d\u00e9j\u00e0 trop tard. Les \u00e9lections pr\u00e9sidentielles de 2022 en France  \u00e9tait le moment  ultime d&rsquo;en prendre conscience et de faire le bon choix. Cette date de 2022 sera un marqueur dans l&rsquo;histoire comme \u00e9tant la derni\u00e8re opportunit\u00e9 manqu\u00e9e de sauver notre pays. Maintenant, il faut sauver les meubles et surtout sauver sa peau. Vos d\u00e9cisions futurs doivent tenir compte de cela.<\/em><\/p>\n\n\n\n<p>Invit\u00e9 exceptionnel, ce week-end, sur\u00a0<em>Boulevard Voltaire<\/em>\u00a0: \u00c9ric Zemmour, qui vient de publier son dernier livre,\u00a0<a href=\"https:\/\/www.amazon.fr\/nai-pas-dit-mon-dernier\/dp\/2957930528\/ref=asc_df_2957930528\/?tag=googshopfr-21&amp;linkCode=df0&amp;hvadid=603208834486&amp;hvpos=&amp;hvnetw=g&amp;hvrand=14927045169568380300&amp;hvpone=&amp;hvptwo=&amp;hvqmt=&amp;hvdev=c&amp;hvdvcmdl=&amp;hvlocint=&amp;hvlocphy=9110625&amp;hvtargid=pla-1957852515574&amp;psc=1\" target=\"_blank\" rel=\"noreferrer noopener\"><em>Je n&rsquo;ai pas dit mon dernier mot<\/em><\/a>. Le pr\u00e9sident de Reconqu\u00eate, un an apr\u00e8s l&rsquo;\u00e9lection pr\u00e9sidentielle, nous livre comment il con\u00e7oit son engagement politique.\u00a0<em>\u00ab Je veux mener la bataille culturelle parce que je pense qu&rsquo;arriver au pouvoir ne suffit pas \u00bb<\/em>, affirme l&rsquo;ancien candidat, qui ajoute :\u00a0<em>\u00ab Il faut pr\u00e9parer le terrain culturel, pr\u00e9parer les esprits, mener la bataille culturelle avant la bataille politique. Sinon, on se condamne \u00e0 ne rien faire. \u00bb<\/em><\/p>\n\n\n\n<figure class=\"wp-block-embed is-type-video is-provider-youtube wp-block-embed-youtube wp-embed-aspect-16-9 wp-has-aspect-ratio\"><div class=\"wp-block-embed__wrapper\">\n<iframe loading=\"lazy\" title=\"[GRAND ENTRETIEN] \u00c9ric ZEMMOUR - &quot;Mener le combat culturel&quot; | Dans votre salon #28\" width=\"840\" height=\"473\" src=\"https:\/\/www.youtube.com\/embed\/joN7jT0LGtE?feature=oembed\" frameborder=\"0\" allow=\"accelerometer; autoplay; clipboard-write; encrypted-media; gyroscope; picture-in-picture; web-share\" allowfullscreen><\/iframe>\n<\/div><\/figure>\n\n\n\n<p>Source : <a href=\"https:\/\/www.bvoltaire.fr\/auteur\/boulevardvoltaire\/\">Boulevard Voltaire<\/a><\/p>\n\n\n\n<figure><iframe loading=\"lazy\" width=\"800\" height=\"200\" src=\"http:\/\/rutubes.free.fr\/RutubeEmule-island.html\" frameborder=\"N\" scrolling=\"no\"><\/iframe><\/figure>\n\n\nADDFREESTATS.COM AUTOCODE V4.0 &#8211;>\n<script type=\"text\/javascript\">\n<!--\nvar AFS_Account=\"00636949\";\nvar AFS_Tracker=\"auto\";\nvar AFS_Server=\"www6\";\nvar AFS_Page=\"DetectName\";\nvar AFS_Url=\"DetectUrl\";\n\/\/ -->\n<\/script>\n<script type=\"text\/javascript\" src=\"http:\/\/www6.addfreestats.com\/cgi-bin\/afstrack.cgi?usr=00636949\">\n<\/script>\n<noscript>\n<a href=\"http:\/\/www.addfreestats.com\">\n<img decoding=\"async\" src=\"http:\/\/www6.addfreestats.com\/cgi-bin\/connect.cgi?usr=00636949Pauto\" border=\"0\" alt=\"AddFreeStats.com Free Web Stats!\">Web Stats<\/a>\n<\/noscript>\n<iframe loading=\"lazy\" width=\"650\" height=\"180\" src=\"http:\/\/onlineradiobox.com\/gr\/mousikokanali\/player\/?cs=gr.mousikokanali&#038;played=1\" frameborder=\"N\" scrolling=\"no\"><\/iframe>\n<a href=\"http:\/\/djmusic.fr\">\n<img decoding=\"async\" src=\"http:\/\/djmusicparis.free.fr\/images\/Djmuisc_Jamendo.jpg\" border=\"0\" alt=\"AddFreeStats.com Free Web Stats!\"> Ecoutez DJMusic.fr<\/a>\n<a href=\"http:\/\/rutubes.free.fr\/Rutube_Cecostream.html\">\n<img decoding=\"async\" src=\"http:\/\/rutubes.free.fr\/images\/webtube-androidP.jpg\" border=\"0\n\n<!-- ENDADDFREESTATS.COM AUTOCODE V4.0  \u2192-->\n","protected":false},"excerpt":{"rendered":"<p>Articles &nbsp;: Avr. 2023&nbsp; &#8211; &nbsp;Mar. 2023 &#8211; Fev. 2023 &#8211; Jan. 2023 &#8211; Facebook&nbsp;:&nbsp;https:\/\/www.facebook.com\/profile.php?id=100069673161887 Twitter : https:\/\/twitter.com\/OrtfNews ++ WEBTUBE : On est d&rsquo;accord, c&rsquo;est la survie de la civilisation \u00e0 l&rsquo;europ\u00e9enne (et de la France) qui est en jeu. Il est sans doute d\u00e9j\u00e0 trop tard. Les \u00e9lections pr\u00e9sidentielles de 2022 en France \u00e9tait &hellip; <a href=\"https:\/\/webtube.fr\/index.php\/2023\/04\/23\/eric-zemmour-le-combat-culturel-passe-avant-le-combat-politique\/\" class=\"more-link\">Continuer la lecture<span class=\"screen-reader-text\"> de &laquo;&nbsp;\u00c9ric Zemmour : le combat culturel passe avant le combat politique&nbsp;&raquo;<\/span><\/a><\/p>\n","protected":false},"author":1,"featured_media":0,"comment_status":"open","ping_status":"open","sticky":false,"template":"","format":"standard","meta":{"_jetpack_memberships_contains_paid_content":false,"footnotes":""},"categories":[2],"tags":[],"class_list":["post-21954","post","type-post","status-publish","format-standard","hentry","category-non-classe"],"yoast_head":"<!-- This site is optimized with the Yoast SEO plugin v27.3 - https:\/\/yoast.com\/product\/yoast-seo-wordpress\/ -->\n<title>\u00c9ric Zemmour : le combat culturel passe avant le combat politique - # WEBTUBE.fr<\/title>\n<meta name=\"robots\" content=\"index, follow, max-snippet:-1, max-image-preview:large, max-video-preview:-1\" \/>\n<link rel=\"canonical\" href=\"https:\/\/webtube.fr\/index.php\/2023\/04\/23\/eric-zemmour-le-combat-culturel-passe-avant-le-combat-politique\/\" \/>\n<meta property=\"og:locale\" content=\"fr_FR\" \/>\n<meta property=\"og:type\" content=\"article\" \/>\n<meta property=\"og:title\" content=\"\u00c9ric Zemmour : le combat culturel passe avant le combat politique - # WEBTUBE.fr\" \/>\n<meta property=\"og:description\" content=\"Articles &nbsp;: Avr. 2023&nbsp; &#8211; &nbsp;Mar. 2023 &#8211; Fev. 2023 &#8211; Jan. 2023 &#8211; Facebook&nbsp;:&nbsp;https:\/\/www.facebook.com\/profile.php?id=100069673161887 Twitter : https:\/\/twitter.com\/OrtfNews ++ WEBTUBE : On est d&rsquo;accord, c&rsquo;est la survie de la civilisation \u00e0 l&rsquo;europ\u00e9enne (et de la France) qui est en jeu. Il est sans doute d\u00e9j\u00e0 trop tard. Les \u00e9lections pr\u00e9sidentielles de 2022 en France \u00e9tait &hellip; Continuer la lecture de &laquo;&nbsp;\u00c9ric Zemmour : le combat culturel passe avant le combat politique&nbsp;&raquo;\" \/>\n<meta property=\"og:url\" content=\"https:\/\/webtube.fr\/index.php\/2023\/04\/23\/eric-zemmour-le-combat-culturel-passe-avant-le-combat-politique\/\" \/>\n<meta property=\"og:site_name\" content=\"# WEBTUBE.fr\" \/>\n<meta property=\"article:publisher\" content=\"https:\/\/www.facebook.com\/profile.php?id=100069673161887\" \/>\n<meta property=\"article:published_time\" content=\"2023-04-23T05:07:51+00:00\" \/>\n<meta property=\"og:image\" content=\"https:\/\/media.bvoltaire.fr\/file\/Bvoltaire\/2023\/04\/photo-output-7-1240x698.jpg\" \/>\n<meta name=\"author\" content=\"admin5851\" \/>\n<meta name=\"twitter:card\" content=\"summary_large_image\" \/>\n<meta name=\"twitter:creator\" content=\"@OrtfNews\" \/>\n<meta name=\"twitter:site\" content=\"@OrtfNews\" \/>\n<meta name=\"twitter:label1\" content=\"\u00c9crit par\" \/>\n\t<meta name=\"twitter:data1\" content=\"admin5851\" \/>\n\t<meta name=\"twitter:label2\" content=\"Dur\u00e9e de lecture estim\u00e9e\" \/>\n\t<meta name=\"twitter:data2\" content=\"2 minutes\" \/>\n<script type=\"application\/ld+json\" class=\"yoast-schema-graph\">{\"@context\":\"https:\\\/\\\/schema.org\",\"@graph\":[{\"@type\":\"Article\",\"@id\":\"https:\\\/\\\/webtube.fr\\\/index.php\\\/2023\\\/04\\\/23\\\/eric-zemmour-le-combat-culturel-passe-avant-le-combat-politique\\\/#article\",\"isPartOf\":{\"@id\":\"https:\\\/\\\/webtube.fr\\\/index.php\\\/2023\\\/04\\\/23\\\/eric-zemmour-le-combat-culturel-passe-avant-le-combat-politique\\\/\"},\"author\":{\"name\":\"admin5851\",\"@id\":\"https:\\\/\\\/webtube.fr\\\/#\\\/schema\\\/person\\\/dcc633686e0e2a79a6bf7b92c9507618\"},\"headline\":\"\u00c9ric Zemmour : le combat culturel passe avant le combat politique\",\"datePublished\":\"2023-04-23T05:07:51+00:00\",\"mainEntityOfPage\":{\"@id\":\"https:\\\/\\\/webtube.fr\\\/index.php\\\/2023\\\/04\\\/23\\\/eric-zemmour-le-combat-culturel-passe-avant-le-combat-politique\\\/\"},\"wordCount\":237,\"commentCount\":0,\"publisher\":{\"@id\":\"https:\\\/\\\/webtube.fr\\\/#organization\"},\"image\":{\"@id\":\"https:\\\/\\\/webtube.fr\\\/index.php\\\/2023\\\/04\\\/23\\\/eric-zemmour-le-combat-culturel-passe-avant-le-combat-politique\\\/#primaryimage\"},\"thumbnailUrl\":\"https:\\\/\\\/media.bvoltaire.fr\\\/file\\\/Bvoltaire\\\/2023\\\/04\\\/photo-output-7-1240x698.jpg\",\"inLanguage\":\"fr-FR\",\"potentialAction\":[{\"@type\":\"CommentAction\",\"name\":\"Comment\",\"target\":[\"https:\\\/\\\/webtube.fr\\\/index.php\\\/2023\\\/04\\\/23\\\/eric-zemmour-le-combat-culturel-passe-avant-le-combat-politique\\\/#respond\"]}]},{\"@type\":\"WebPage\",\"@id\":\"https:\\\/\\\/webtube.fr\\\/index.php\\\/2023\\\/04\\\/23\\\/eric-zemmour-le-combat-culturel-passe-avant-le-combat-politique\\\/\",\"url\":\"https:\\\/\\\/webtube.fr\\\/index.php\\\/2023\\\/04\\\/23\\\/eric-zemmour-le-combat-culturel-passe-avant-le-combat-politique\\\/\",\"name\":\"\u00c9ric Zemmour : le combat culturel passe avant le combat politique - # WEBTUBE.fr\",\"isPartOf\":{\"@id\":\"https:\\\/\\\/webtube.fr\\\/#website\"},\"primaryImageOfPage\":{\"@id\":\"https:\\\/\\\/webtube.fr\\\/index.php\\\/2023\\\/04\\\/23\\\/eric-zemmour-le-combat-culturel-passe-avant-le-combat-politique\\\/#primaryimage\"},\"image\":{\"@id\":\"https:\\\/\\\/webtube.fr\\\/index.php\\\/2023\\\/04\\\/23\\\/eric-zemmour-le-combat-culturel-passe-avant-le-combat-politique\\\/#primaryimage\"},\"thumbnailUrl\":\"https:\\\/\\\/media.bvoltaire.fr\\\/file\\\/Bvoltaire\\\/2023\\\/04\\\/photo-output-7-1240x698.jpg\",\"datePublished\":\"2023-04-23T05:07:51+00:00\",\"breadcrumb\":{\"@id\":\"https:\\\/\\\/webtube.fr\\\/index.php\\\/2023\\\/04\\\/23\\\/eric-zemmour-le-combat-culturel-passe-avant-le-combat-politique\\\/#breadcrumb\"},\"inLanguage\":\"fr-FR\",\"potentialAction\":[{\"@type\":\"ReadAction\",\"target\":[\"https:\\\/\\\/webtube.fr\\\/index.php\\\/2023\\\/04\\\/23\\\/eric-zemmour-le-combat-culturel-passe-avant-le-combat-politique\\\/\"]}]},{\"@type\":\"ImageObject\",\"inLanguage\":\"fr-FR\",\"@id\":\"https:\\\/\\\/webtube.fr\\\/index.php\\\/2023\\\/04\\\/23\\\/eric-zemmour-le-combat-culturel-passe-avant-le-combat-politique\\\/#primaryimage\",\"url\":\"https:\\\/\\\/media.bvoltaire.fr\\\/file\\\/Bvoltaire\\\/2023\\\/04\\\/photo-output-7-1240x698.jpg\",\"contentUrl\":\"https:\\\/\\\/media.bvoltaire.fr\\\/file\\\/Bvoltaire\\\/2023\\\/04\\\/photo-output-7-1240x698.jpg\"},{\"@type\":\"BreadcrumbList\",\"@id\":\"https:\\\/\\\/webtube.fr\\\/index.php\\\/2023\\\/04\\\/23\\\/eric-zemmour-le-combat-culturel-passe-avant-le-combat-politique\\\/#breadcrumb\",\"itemListElement\":[{\"@type\":\"ListItem\",\"position\":1,\"name\":\"Accueil\",\"item\":\"https:\\\/\\\/webtube.fr\\\/\"},{\"@type\":\"ListItem\",\"position\":2,\"name\":\"\u00c9ric Zemmour : le combat culturel passe avant le combat politique\"}]},{\"@type\":\"WebSite\",\"@id\":\"https:\\\/\\\/webtube.fr\\\/#website\",\"url\":\"https:\\\/\\\/webtube.fr\\\/\",\"name\":\"WEBTUBE\",\"description\":\"WEBTUBE.fr  Streaming Vid\u00e9o and News , toutes les infos sans filtres !\",\"publisher\":{\"@id\":\"https:\\\/\\\/webtube.fr\\\/#organization\"},\"alternateName\":\"Rutube\",\"potentialAction\":[{\"@type\":\"SearchAction\",\"target\":{\"@type\":\"EntryPoint\",\"urlTemplate\":\"https:\\\/\\\/webtube.fr\\\/?s={search_term_string}\"},\"query-input\":{\"@type\":\"PropertyValueSpecification\",\"valueRequired\":true,\"valueName\":\"search_term_string\"}}],\"inLanguage\":\"fr-FR\"},{\"@type\":\"Organization\",\"@id\":\"https:\\\/\\\/webtube.fr\\\/#organization\",\"name\":\"# WEBTUBE.fr\",\"url\":\"https:\\\/\\\/webtube.fr\\\/\",\"logo\":{\"@type\":\"ImageObject\",\"inLanguage\":\"fr-FR\",\"@id\":\"https:\\\/\\\/webtube.fr\\\/#\\\/schema\\\/logo\\\/image\\\/\",\"url\":\"https:\\\/\\\/webtube.fr\\\/wp-content\\\/uploads\\\/2025\\\/09\\\/cropped-Logo_webtubeIA-1.jpg\",\"contentUrl\":\"https:\\\/\\\/webtube.fr\\\/wp-content\\\/uploads\\\/2025\\\/09\\\/cropped-Logo_webtubeIA-1.jpg\",\"width\":240,\"height\":240,\"caption\":\"# WEBTUBE.fr\"},\"image\":{\"@id\":\"https:\\\/\\\/webtube.fr\\\/#\\\/schema\\\/logo\\\/image\\\/\"},\"sameAs\":[\"https:\\\/\\\/www.facebook.com\\\/profile.php?id=100069673161887\",\"https:\\\/\\\/x.com\\\/OrtfNews\",\"https:\\\/\\\/www.facebook.com\\\/profile.php?id=100013751440523\"]},{\"@type\":\"Person\",\"@id\":\"https:\\\/\\\/webtube.fr\\\/#\\\/schema\\\/person\\\/dcc633686e0e2a79a6bf7b92c9507618\",\"name\":\"admin5851\",\"image\":{\"@type\":\"ImageObject\",\"inLanguage\":\"fr-FR\",\"@id\":\"https:\\\/\\\/secure.gravatar.com\\\/avatar\\\/ea1b672a827879c0febb022a108a871292b3d08fadc66a0a43fa47acfe82e38a?s=96&d=mm&r=g\",\"url\":\"https:\\\/\\\/secure.gravatar.com\\\/avatar\\\/ea1b672a827879c0febb022a108a871292b3d08fadc66a0a43fa47acfe82e38a?s=96&d=mm&r=g\",\"contentUrl\":\"https:\\\/\\\/secure.gravatar.com\\\/avatar\\\/ea1b672a827879c0febb022a108a871292b3d08fadc66a0a43fa47acfe82e38a?s=96&d=mm&r=g\",\"caption\":\"admin5851\"},\"sameAs\":[\"http:\\\/\\\/linlcju.cluster100.hosting.ovh.net\"],\"url\":\"https:\\\/\\\/webtube.fr\\\/index.php\\\/author\\\/admin5851\\\/\"}]}<\/script>\n<!-- \/ Yoast SEO plugin. -->","yoast_head_json":{"title":"\u00c9ric Zemmour : le combat culturel passe avant le combat politique - # WEBTUBE.fr","robots":{"index":"index","follow":"follow","max-snippet":"max-snippet:-1","max-image-preview":"max-image-preview:large","max-video-preview":"max-video-preview:-1"},"canonical":"https:\/\/webtube.fr\/index.php\/2023\/04\/23\/eric-zemmour-le-combat-culturel-passe-avant-le-combat-politique\/","og_locale":"fr_FR","og_type":"article","og_title":"\u00c9ric Zemmour : le combat culturel passe avant le combat politique - # WEBTUBE.fr","og_description":"Articles &nbsp;: Avr. 2023&nbsp; &#8211; &nbsp;Mar. 2023 &#8211; Fev. 2023 &#8211; Jan. 2023 &#8211; Facebook&nbsp;:&nbsp;https:\/\/www.facebook.com\/profile.php?id=100069673161887 Twitter : https:\/\/twitter.com\/OrtfNews ++ WEBTUBE : On est d&rsquo;accord, c&rsquo;est la survie de la civilisation \u00e0 l&rsquo;europ\u00e9enne (et de la France) qui est en jeu. Il est sans doute d\u00e9j\u00e0 trop tard. Les \u00e9lections pr\u00e9sidentielles de 2022 en France \u00e9tait &hellip; Continuer la lecture de &laquo;&nbsp;\u00c9ric Zemmour : le combat culturel passe avant le combat politique&nbsp;&raquo;","og_url":"https:\/\/webtube.fr\/index.php\/2023\/04\/23\/eric-zemmour-le-combat-culturel-passe-avant-le-combat-politique\/","og_site_name":"# WEBTUBE.fr","article_publisher":"https:\/\/www.facebook.com\/profile.php?id=100069673161887","article_published_time":"2023-04-23T05:07:51+00:00","og_image":[{"url":"https:\/\/media.bvoltaire.fr\/file\/Bvoltaire\/2023\/04\/photo-output-7-1240x698.jpg","type":"","width":"","height":""}],"author":"admin5851","twitter_card":"summary_large_image","twitter_creator":"@OrtfNews","twitter_site":"@OrtfNews","twitter_misc":{"\u00c9crit par":"admin5851","Dur\u00e9e de lecture estim\u00e9e":"2 minutes"},"schema":{"@context":"https:\/\/schema.org","@graph":[{"@type":"Article","@id":"https:\/\/webtube.fr\/index.php\/2023\/04\/23\/eric-zemmour-le-combat-culturel-passe-avant-le-combat-politique\/#article","isPartOf":{"@id":"https:\/\/webtube.fr\/index.php\/2023\/04\/23\/eric-zemmour-le-combat-culturel-passe-avant-le-combat-politique\/"},"author":{"name":"admin5851","@id":"https:\/\/webtube.fr\/#\/schema\/person\/dcc633686e0e2a79a6bf7b92c9507618"},"headline":"\u00c9ric Zemmour : le combat culturel passe avant le combat politique","datePublished":"2023-04-23T05:07:51+00:00","mainEntityOfPage":{"@id":"https:\/\/webtube.fr\/index.php\/2023\/04\/23\/eric-zemmour-le-combat-culturel-passe-avant-le-combat-politique\/"},"wordCount":237,"commentCount":0,"publisher":{"@id":"https:\/\/webtube.fr\/#organization"},"image":{"@id":"https:\/\/webtube.fr\/index.php\/2023\/04\/23\/eric-zemmour-le-combat-culturel-passe-avant-le-combat-politique\/#primaryimage"},"thumbnailUrl":"https:\/\/media.bvoltaire.fr\/file\/Bvoltaire\/2023\/04\/photo-output-7-1240x698.jpg","inLanguage":"fr-FR","potentialAction":[{"@type":"CommentAction","name":"Comment","target":["https:\/\/webtube.fr\/index.php\/2023\/04\/23\/eric-zemmour-le-combat-culturel-passe-avant-le-combat-politique\/#respond"]}]},{"@type":"WebPage","@id":"https:\/\/webtube.fr\/index.php\/2023\/04\/23\/eric-zemmour-le-combat-culturel-passe-avant-le-combat-politique\/","url":"https:\/\/webtube.fr\/index.php\/2023\/04\/23\/eric-zemmour-le-combat-culturel-passe-avant-le-combat-politique\/","name":"\u00c9ric Zemmour : le combat culturel passe avant le combat politique - # WEBTUBE.fr","isPartOf":{"@id":"https:\/\/webtube.fr\/#website"},"primaryImageOfPage":{"@id":"https:\/\/webtube.fr\/index.php\/2023\/04\/23\/eric-zemmour-le-combat-culturel-passe-avant-le-combat-politique\/#primaryimage"},"image":{"@id":"https:\/\/webtube.fr\/index.php\/2023\/04\/23\/eric-zemmour-le-combat-culturel-passe-avant-le-combat-politique\/#primaryimage"},"thumbnailUrl":"https:\/\/media.bvoltaire.fr\/file\/Bvoltaire\/2023\/04\/photo-output-7-1240x698.jpg","datePublished":"2023-04-23T05:07:51+00:00","breadcrumb":{"@id":"https:\/\/webtube.fr\/index.php\/2023\/04\/23\/eric-zemmour-le-combat-culturel-passe-avant-le-combat-politique\/#breadcrumb"},"inLanguage":"fr-FR","potentialAction":[{"@type":"ReadAction","target":["https:\/\/webtube.fr\/index.php\/2023\/04\/23\/eric-zemmour-le-combat-culturel-passe-avant-le-combat-politique\/"]}]},{"@type":"ImageObject","inLanguage":"fr-FR","@id":"https:\/\/webtube.fr\/index.php\/2023\/04\/23\/eric-zemmour-le-combat-culturel-passe-avant-le-combat-politique\/#primaryimage","url":"https:\/\/media.bvoltaire.fr\/file\/Bvoltaire\/2023\/04\/photo-output-7-1240x698.jpg","contentUrl":"https:\/\/media.bvoltaire.fr\/file\/Bvoltaire\/2023\/04\/photo-output-7-1240x698.jpg"},{"@type":"BreadcrumbList","@id":"https:\/\/webtube.fr\/index.php\/2023\/04\/23\/eric-zemmour-le-combat-culturel-passe-avant-le-combat-politique\/#breadcrumb","itemListElement":[{"@type":"ListItem","position":1,"name":"Accueil","item":"https:\/\/webtube.fr\/"},{"@type":"ListItem","position":2,"name":"\u00c9ric Zemmour : le combat culturel passe avant le combat politique"}]},{"@type":"WebSite","@id":"https:\/\/webtube.fr\/#website","url":"https:\/\/webtube.fr\/","name":"WEBTUBE","description":"WEBTUBE.fr  Streaming Vid\u00e9o and News , toutes les infos sans filtres !","publisher":{"@id":"https:\/\/webtube.fr\/#organization"},"alternateName":"Rutube","potentialAction":[{"@type":"SearchAction","target":{"@type":"EntryPoint","urlTemplate":"https:\/\/webtube.fr\/?s={search_term_string}"},"query-input":{"@type":"PropertyValueSpecification","valueRequired":true,"valueName":"search_term_string"}}],"inLanguage":"fr-FR"},{"@type":"Organization","@id":"https:\/\/webtube.fr\/#organization","name":"# WEBTUBE.fr","url":"https:\/\/webtube.fr\/","logo":{"@type":"ImageObject","inLanguage":"fr-FR","@id":"https:\/\/webtube.fr\/#\/schema\/logo\/image\/","url":"https:\/\/webtube.fr\/wp-content\/uploads\/2025\/09\/cropped-Logo_webtubeIA-1.jpg","contentUrl":"https:\/\/webtube.fr\/wp-content\/uploads\/2025\/09\/cropped-Logo_webtubeIA-1.jpg","width":240,"height":240,"caption":"# WEBTUBE.fr"},"image":{"@id":"https:\/\/webtube.fr\/#\/schema\/logo\/image\/"},"sameAs":["https:\/\/www.facebook.com\/profile.php?id=100069673161887","https:\/\/x.com\/OrtfNews","https:\/\/www.facebook.com\/profile.php?id=100013751440523"]},{"@type":"Person","@id":"https:\/\/webtube.fr\/#\/schema\/person\/dcc633686e0e2a79a6bf7b92c9507618","name":"admin5851","image":{"@type":"ImageObject","inLanguage":"fr-FR","@id":"https:\/\/secure.gravatar.com\/avatar\/ea1b672a827879c0febb022a108a871292b3d08fadc66a0a43fa47acfe82e38a?s=96&d=mm&r=g","url":"https:\/\/secure.gravatar.com\/avatar\/ea1b672a827879c0febb022a108a871292b3d08fadc66a0a43fa47acfe82e38a?s=96&d=mm&r=g","contentUrl":"https:\/\/secure.gravatar.com\/avatar\/ea1b672a827879c0febb022a108a871292b3d08fadc66a0a43fa47acfe82e38a?s=96&d=mm&r=g","caption":"admin5851"},"sameAs":["http:\/\/linlcju.cluster100.hosting.ovh.net"],"url":"https:\/\/webtube.fr\/index.php\/author\/admin5851\/"}]}},"jetpack_featured_media_url":"","jetpack_sharing_enabled":true,"_links":{"self":[{"href":"https:\/\/webtube.fr\/index.php\/wp-json\/wp\/v2\/posts\/21954","targetHints":{"allow":["GET"]}}],"collection":[{"href":"https:\/\/webtube.fr\/index.php\/wp-json\/wp\/v2\/posts"}],"about":[{"href":"https:\/\/webtube.fr\/index.php\/wp-json\/wp\/v2\/types\/post"}],"author":[{"embeddable":true,"href":"https:\/\/webtube.fr\/index.php\/wp-json\/wp\/v2\/users\/1"}],"replies":[{"embeddable":true,"href":"https:\/\/webtube.fr\/index.php\/wp-json\/wp\/v2\/comments?post=21954"}],"version-history":[{"count":0,"href":"https:\/\/webtube.fr\/index.php\/wp-json\/wp\/v2\/posts\/21954\/revisions"}],"wp:attachment":[{"href":"https:\/\/webtube.fr\/index.php\/wp-json\/wp\/v2\/media?parent=21954"}],"wp:term":[{"taxonomy":"category","embeddable":true,"href":"https:\/\/webtube.fr\/index.php\/wp-json\/wp\/v2\/categories?post=21954"},{"taxonomy":"post_tag","embeddable":true,"href":"https:\/\/webtube.fr\/index.php\/wp-json\/wp\/v2\/tags?post=21954"}],"curies":[{"name":"wp","href":"https:\/\/api.w.org\/{rel}","templated":true}]}}