{"id":21952,"date":"2023-04-23T06:51:14","date_gmt":"2023-04-23T04:51:14","guid":{"rendered":"http:\/\/rutube.fr\/?p=21952"},"modified":"2023-04-23T06:51:14","modified_gmt":"2023-04-23T04:51:14","slug":"der-leyen-presidente-de-la-commission-europeenne-a-decide-vous-allez-payer-une-taxe-carbone-annuelle-entre-1500-et-2000-e","status":"publish","type":"post","link":"https:\/\/webtube.fr\/index.php\/2023\/04\/23\/der-leyen-presidente-de-la-commission-europeenne-a-decide-vous-allez-payer-une-taxe-carbone-annuelle-entre-1500-et-2000-e\/","title":{"rendered":"Der Leyen (pr\u00e9sidente de la commission europ\u00e9enne) a d\u00e9cid\u00e9 : vous allez payer une taxe carbone annuelle entre 1500 et 2000 \u20ac"},"content":{"rendered":"\n<figure><iframe loading=\"lazy\" width=\"800\" height=\"200\" src=\"http:\/\/rutubes.free.fr\/RutubeEmule-island.html\" frameborder=\"N\" scrolling=\"no\"><\/iframe><\/figure>\n\n\n\n<p>Articles &nbsp;: <a href=\"http:\/\/rutube.fr\/2023\/04\/\" target=\"_blank\" rel=\"noreferrer noopener\">Avr. 2023<\/a>&nbsp; &#8211; &nbsp;<a href=\"http:\/\/rutube.fr\/2023\/03\/\" target=\"_blank\" rel=\"noreferrer noopener\">Mar. 2023<\/a> &#8211; <a href=\"http:\/\/rutube.fr\/2023\/02\/\" target=\"_blank\" rel=\"noreferrer noopener\">Fev. 2023<\/a> &#8211; <a href=\"http:\/\/rutube.fr\/2023\/01\/\" target=\"_blank\" rel=\"noreferrer noopener\">Jan. 2023<\/a> &#8211; Facebook&nbsp;:&nbsp;<a href=\"https:\/\/www.facebook.com\/profile.php?id=100069673161887\">https:\/\/www.facebook.com\/profile.php?id=100069673161887<\/a><\/p>\n\n\n\n<p>Twitter : <a href=\"https:\/\/twitter.com\/OrtfNews\" target=\"_blank\" rel=\"noreferrer noopener\">https:\/\/twitter.com\/OrtfNews<\/a><\/p>\n\n\n\n<figure class=\"wp-block-image size-large\"><img decoding=\"async\" src=\"https:\/\/resistancerepublicaine.com\/wp-content\/uploads\/2023\/04\/capture-2023-04-21-a-18-40-04.jpg\" alt=\"\"\/><\/figure>\n\n\n\n<p><strong>++ WEBTUBE : <\/strong><em>Nous sommes sauv\u00e9s, la Commission Europ\u00e9enne a enfin trouver la solution pour sauver la plan\u00e8te du r\u00e9chauffement climatique : <strong>PAYER<\/strong>. IL fallait y penser. <\/em><\/p>\n\n\n\n<p>Beau coup de gueule de l\u2019essayiste et \u00e9ditorialiste Guillaume Bigot, ancien conseiller de Charles Pasqua et de Jean-Pierre Chev\u00e8nement.&nbsp; Il avait annonc\u00e9 en mars 2000 la destruction du World Trade Center. En 2006 il annonce les \u00e9meutes en banlieue et l\u2019explosion du djihadisme fran\u00e7ais\u2026 Il travaille sur CNews et \u00e0 Front populaire et n\u2019aime pas du tout Greta Thunberg ni Sandrine Rousseau\u2026<\/p>\n\n\n\n<p><strong>D\u00e9monstration imparable et terrifiante.<\/strong>&nbsp;Ils nous encerclent peu \u00e0 peu pour nous contraindre \u00e0 tout vendre, \u00e0 crever de faim, \u00e0 devenir un SDF\u2026<\/p>\n\n\n\n<p>Dans la vid\u00e9o ci-dessous extraite d\u2019une \u00e9mission avec Mathieu Bock-C\u00f4t\u00e9, Guillaume Bigot annonce que der Leyen et le Parlement europ\u00e9en ont vot\u00e9 une taxe carbone que chaque particulier devra payer d\u00e8s 2027, entre 1500 et 2000 euros par famille, une paille ! Der Leyen a donn\u00e9 sa parole : \u00ab<em>\u200aEnsemble, nous ferons de l\u2019Europe le premier continent climatiquement neutre.\u200a\u00bb<\/em><\/p>\n\n\n\nhttps:\/\/twitter.com\/Guillaume_Bigot?ref_src=twsrc%5Etfw%7Ctwcamp%5Etweetembed%7Ctwterm%5E1649295922050768897%7Ctwgr%5E913b093fdf27018a88be7aaa1323c729956db20a%7Ctwcon%5Es1_&#038;ref_url=https%3A%2F%2Fresistancerepublicaine.com%2F2023%2F04%2F22%2Fder-leyen-a-decide-vous-allez-payer-une-taxe-carbone-annuelle-entre-1500-et-2000-e%2F\n\n\n\n<blockquote class=\"twitter-tweet\" data-width=\"550\" data-dnt=\"true\"><p lang=\"fr\" dir=\"ltr\">\ud83d\udd25 Nous sommes en 2030 &#8211; Le Pass Carbone fonctionne \u00e0 merveille !!  \ud83d\ude31<a href=\"https:\/\/twitter.com\/hashtag\/PassCarbone?src=hash&amp;ref_src=twsrc%5Etfw\">#PassCarbone<\/a> = <a href=\"https:\/\/twitter.com\/hashtag\/CreditSocial?src=hash&amp;ref_src=twsrc%5Etfw\">#CreditSocial<\/a> <a href=\"https:\/\/t.co\/LSKheUZxet\">pic.twitter.com\/LSKheUZxet<\/a><\/p>&mdash; Eric Diss \ud83c\uddeb\ud83c\uddf7 (@eric_diss) <a href=\"https:\/\/twitter.com\/eric_diss\/status\/1649331194624868352?ref_src=twsrc%5Etfw\">April 21, 2023<\/a><\/blockquote><script async src=\"https:\/\/platform.twitter.com\/widgets.js\" charset=\"utf-8\"><\/script>\n\n\n\n<p><strong>Christine Tasin<\/strong>, Riposte La\u00efque<\/p>\n\n\n\n<figure><iframe loading=\"lazy\" width=\"800\" height=\"200\" src=\"http:\/\/rutubes.free.fr\/RutubeEmule-island.html\" frameborder=\"N\" scrolling=\"no\"><\/iframe><\/figure>\n\n\nADDFREESTATS.COM AUTOCODE V4.0 &#8211;>\n<script type=\"text\/javascript\">\n<!--\nvar AFS_Account=\"00636949\";\nvar AFS_Tracker=\"auto\";\nvar AFS_Server=\"www6\";\nvar AFS_Page=\"DetectName\";\nvar AFS_Url=\"DetectUrl\";\n\/\/ -->\n<\/script>\n<script type=\"text\/javascript\" src=\"http:\/\/www6.addfreestats.com\/cgi-bin\/afstrack.cgi?usr=00636949\">\n<\/script>\n<noscript>\n<a href=\"http:\/\/www.addfreestats.com\">\n<img decoding=\"async\" src=\"http:\/\/www6.addfreestats.com\/cgi-bin\/connect.cgi?usr=00636949Pauto\" border=\"0\" alt=\"AddFreeStats.com Free Web Stats!\">Web Stats<\/a>\n<\/noscript>\n<iframe loading=\"lazy\" width=\"650\" height=\"180\" src=\"http:\/\/onlineradiobox.com\/gr\/mousikokanali\/player\/?cs=gr.mousikokanali&#038;played=1\" frameborder=\"N\" scrolling=\"no\"><\/iframe>\n<a href=\"http:\/\/djmusic.fr\">\n<img decoding=\"async\" src=\"http:\/\/djmusicparis.free.fr\/images\/Djmuisc_Jamendo.jpg\" border=\"0\" alt=\"AddFreeStats.com Free Web Stats!\"> Ecoutez DJMusic.fr<\/a>\n<a href=\"http:\/\/rutubes.free.fr\/Rutube_Cecostream.html\">\n<img decoding=\"async\" src=\"http:\/\/rutubes.free.fr\/images\/webtube-androidP.jpg\" border=\"0\n\n<!-- ENDADDFREESTATS.COM AUTOCODE V4.0  \u2192-->\n","protected":false},"excerpt":{"rendered":"<p>Articles &nbsp;: Avr. 2023&nbsp; &#8211; &nbsp;Mar. 2023 &#8211; Fev. 2023 &#8211; Jan. 2023 &#8211; Facebook&nbsp;:&nbsp;https:\/\/www.facebook.com\/profile.php?id=100069673161887 Twitter : https:\/\/twitter.com\/OrtfNews ++ WEBTUBE : Nous sommes sauv\u00e9s, la Commission Europ\u00e9enne a enfin trouver la solution pour sauver la plan\u00e8te du r\u00e9chauffement climatique : PAYER. IL fallait y penser. Beau coup de gueule de l\u2019essayiste et \u00e9ditorialiste Guillaume Bigot, &hellip; <a href=\"https:\/\/webtube.fr\/index.php\/2023\/04\/23\/der-leyen-presidente-de-la-commission-europeenne-a-decide-vous-allez-payer-une-taxe-carbone-annuelle-entre-1500-et-2000-e\/\" class=\"more-link\">Continuer la lecture<span class=\"screen-reader-text\"> de &laquo;&nbsp;Der Leyen (pr\u00e9sidente de la commission europ\u00e9enne) a d\u00e9cid\u00e9 : vous allez payer une taxe carbone annuelle entre 1500 et 2000 \u20ac&nbsp;&raquo;<\/span><\/a><\/p>\n","protected":false},"author":1,"featured_media":0,"comment_status":"open","ping_status":"open","sticky":false,"template":"","format":"standard","meta":{"_jetpack_memberships_contains_paid_content":false,"footnotes":""},"categories":[2],"tags":[],"class_list":["post-21952","post","type-post","status-publish","format-standard","hentry","category-non-classe"],"yoast_head":"<!-- This site is optimized with the Yoast SEO plugin v27.3 - https:\/\/yoast.com\/product\/yoast-seo-wordpress\/ -->\n<title>Der Leyen (pr\u00e9sidente de la commission europ\u00e9enne) a d\u00e9cid\u00e9 : vous allez payer une taxe carbone annuelle entre 1500 et 2000 \u20ac - # WEBTUBE.fr<\/title>\n<meta name=\"robots\" content=\"index, follow, max-snippet:-1, max-image-preview:large, max-video-preview:-1\" \/>\n<link rel=\"canonical\" href=\"https:\/\/webtube.fr\/index.php\/2023\/04\/23\/der-leyen-presidente-de-la-commission-europeenne-a-decide-vous-allez-payer-une-taxe-carbone-annuelle-entre-1500-et-2000-e\/\" \/>\n<meta property=\"og:locale\" content=\"fr_FR\" \/>\n<meta property=\"og:type\" content=\"article\" \/>\n<meta property=\"og:title\" content=\"Der Leyen (pr\u00e9sidente de la commission europ\u00e9enne) a d\u00e9cid\u00e9 : vous allez payer une taxe carbone annuelle entre 1500 et 2000 \u20ac - # WEBTUBE.fr\" \/>\n<meta property=\"og:description\" content=\"Articles &nbsp;: Avr. 2023&nbsp; &#8211; &nbsp;Mar. 2023 &#8211; Fev. 2023 &#8211; Jan. 2023 &#8211; Facebook&nbsp;:&nbsp;https:\/\/www.facebook.com\/profile.php?id=100069673161887 Twitter : https:\/\/twitter.com\/OrtfNews ++ WEBTUBE : Nous sommes sauv\u00e9s, la Commission Europ\u00e9enne a enfin trouver la solution pour sauver la plan\u00e8te du r\u00e9chauffement climatique : PAYER. IL fallait y penser. Beau coup de gueule de l\u2019essayiste et \u00e9ditorialiste Guillaume Bigot, &hellip; Continuer la lecture de &laquo;&nbsp;Der Leyen (pr\u00e9sidente de la commission europ\u00e9enne) a d\u00e9cid\u00e9 : vous allez payer une taxe carbone annuelle entre 1500 et 2000 \u20ac&nbsp;&raquo;\" \/>\n<meta property=\"og:url\" content=\"https:\/\/webtube.fr\/index.php\/2023\/04\/23\/der-leyen-presidente-de-la-commission-europeenne-a-decide-vous-allez-payer-une-taxe-carbone-annuelle-entre-1500-et-2000-e\/\" \/>\n<meta property=\"og:site_name\" content=\"# WEBTUBE.fr\" \/>\n<meta property=\"article:publisher\" content=\"https:\/\/www.facebook.com\/profile.php?id=100069673161887\" \/>\n<meta property=\"article:published_time\" content=\"2023-04-23T04:51:14+00:00\" \/>\n<meta property=\"og:image\" content=\"https:\/\/resistancerepublicaine.com\/wp-content\/uploads\/2023\/04\/capture-2023-04-21-a-18-40-04.jpg\" \/>\n<meta name=\"author\" content=\"admin5851\" \/>\n<meta name=\"twitter:card\" content=\"summary_large_image\" \/>\n<meta name=\"twitter:creator\" content=\"@OrtfNews\" \/>\n<meta name=\"twitter:site\" content=\"@OrtfNews\" \/>\n<meta name=\"twitter:label1\" content=\"\u00c9crit par\" \/>\n\t<meta name=\"twitter:data1\" content=\"admin5851\" \/>\n\t<meta name=\"twitter:label2\" content=\"Dur\u00e9e de lecture estim\u00e9e\" \/>\n\t<meta name=\"twitter:data2\" content=\"2 minutes\" \/>\n<script type=\"application\/ld+json\" class=\"yoast-schema-graph\">{\"@context\":\"https:\\\/\\\/schema.org\",\"@graph\":[{\"@type\":\"Article\",\"@id\":\"https:\\\/\\\/webtube.fr\\\/index.php\\\/2023\\\/04\\\/23\\\/der-leyen-presidente-de-la-commission-europeenne-a-decide-vous-allez-payer-une-taxe-carbone-annuelle-entre-1500-et-2000-e\\\/#article\",\"isPartOf\":{\"@id\":\"https:\\\/\\\/webtube.fr\\\/index.php\\\/2023\\\/04\\\/23\\\/der-leyen-presidente-de-la-commission-europeenne-a-decide-vous-allez-payer-une-taxe-carbone-annuelle-entre-1500-et-2000-e\\\/\"},\"author\":{\"name\":\"admin5851\",\"@id\":\"https:\\\/\\\/webtube.fr\\\/#\\\/schema\\\/person\\\/dcc633686e0e2a79a6bf7b92c9507618\"},\"headline\":\"Der Leyen (pr\u00e9sidente de la commission europ\u00e9enne) a d\u00e9cid\u00e9 : vous allez payer une taxe carbone annuelle entre 1500 et 2000 \u20ac\",\"datePublished\":\"2023-04-23T04:51:14+00:00\",\"mainEntityOfPage\":{\"@id\":\"https:\\\/\\\/webtube.fr\\\/index.php\\\/2023\\\/04\\\/23\\\/der-leyen-presidente-de-la-commission-europeenne-a-decide-vous-allez-payer-une-taxe-carbone-annuelle-entre-1500-et-2000-e\\\/\"},\"wordCount\":317,\"commentCount\":0,\"publisher\":{\"@id\":\"https:\\\/\\\/webtube.fr\\\/#organization\"},\"image\":{\"@id\":\"https:\\\/\\\/webtube.fr\\\/index.php\\\/2023\\\/04\\\/23\\\/der-leyen-presidente-de-la-commission-europeenne-a-decide-vous-allez-payer-une-taxe-carbone-annuelle-entre-1500-et-2000-e\\\/#primaryimage\"},\"thumbnailUrl\":\"https:\\\/\\\/resistancerepublicaine.com\\\/wp-content\\\/uploads\\\/2023\\\/04\\\/capture-2023-04-21-a-18-40-04.jpg\",\"inLanguage\":\"fr-FR\",\"potentialAction\":[{\"@type\":\"CommentAction\",\"name\":\"Comment\",\"target\":[\"https:\\\/\\\/webtube.fr\\\/index.php\\\/2023\\\/04\\\/23\\\/der-leyen-presidente-de-la-commission-europeenne-a-decide-vous-allez-payer-une-taxe-carbone-annuelle-entre-1500-et-2000-e\\\/#respond\"]}]},{\"@type\":\"WebPage\",\"@id\":\"https:\\\/\\\/webtube.fr\\\/index.php\\\/2023\\\/04\\\/23\\\/der-leyen-presidente-de-la-commission-europeenne-a-decide-vous-allez-payer-une-taxe-carbone-annuelle-entre-1500-et-2000-e\\\/\",\"url\":\"https:\\\/\\\/webtube.fr\\\/index.php\\\/2023\\\/04\\\/23\\\/der-leyen-presidente-de-la-commission-europeenne-a-decide-vous-allez-payer-une-taxe-carbone-annuelle-entre-1500-et-2000-e\\\/\",\"name\":\"Der Leyen (pr\u00e9sidente de la commission europ\u00e9enne) a d\u00e9cid\u00e9 : vous allez payer une taxe carbone annuelle entre 1500 et 2000 \u20ac - # WEBTUBE.fr\",\"isPartOf\":{\"@id\":\"https:\\\/\\\/webtube.fr\\\/#website\"},\"primaryImageOfPage\":{\"@id\":\"https:\\\/\\\/webtube.fr\\\/index.php\\\/2023\\\/04\\\/23\\\/der-leyen-presidente-de-la-commission-europeenne-a-decide-vous-allez-payer-une-taxe-carbone-annuelle-entre-1500-et-2000-e\\\/#primaryimage\"},\"image\":{\"@id\":\"https:\\\/\\\/webtube.fr\\\/index.php\\\/2023\\\/04\\\/23\\\/der-leyen-presidente-de-la-commission-europeenne-a-decide-vous-allez-payer-une-taxe-carbone-annuelle-entre-1500-et-2000-e\\\/#primaryimage\"},\"thumbnailUrl\":\"https:\\\/\\\/resistancerepublicaine.com\\\/wp-content\\\/uploads\\\/2023\\\/04\\\/capture-2023-04-21-a-18-40-04.jpg\",\"datePublished\":\"2023-04-23T04:51:14+00:00\",\"breadcrumb\":{\"@id\":\"https:\\\/\\\/webtube.fr\\\/index.php\\\/2023\\\/04\\\/23\\\/der-leyen-presidente-de-la-commission-europeenne-a-decide-vous-allez-payer-une-taxe-carbone-annuelle-entre-1500-et-2000-e\\\/#breadcrumb\"},\"inLanguage\":\"fr-FR\",\"potentialAction\":[{\"@type\":\"ReadAction\",\"target\":[\"https:\\\/\\\/webtube.fr\\\/index.php\\\/2023\\\/04\\\/23\\\/der-leyen-presidente-de-la-commission-europeenne-a-decide-vous-allez-payer-une-taxe-carbone-annuelle-entre-1500-et-2000-e\\\/\"]}]},{\"@type\":\"ImageObject\",\"inLanguage\":\"fr-FR\",\"@id\":\"https:\\\/\\\/webtube.fr\\\/index.php\\\/2023\\\/04\\\/23\\\/der-leyen-presidente-de-la-commission-europeenne-a-decide-vous-allez-payer-une-taxe-carbone-annuelle-entre-1500-et-2000-e\\\/#primaryimage\",\"url\":\"https:\\\/\\\/resistancerepublicaine.com\\\/wp-content\\\/uploads\\\/2023\\\/04\\\/capture-2023-04-21-a-18-40-04.jpg\",\"contentUrl\":\"https:\\\/\\\/resistancerepublicaine.com\\\/wp-content\\\/uploads\\\/2023\\\/04\\\/capture-2023-04-21-a-18-40-04.jpg\"},{\"@type\":\"BreadcrumbList\",\"@id\":\"https:\\\/\\\/webtube.fr\\\/index.php\\\/2023\\\/04\\\/23\\\/der-leyen-presidente-de-la-commission-europeenne-a-decide-vous-allez-payer-une-taxe-carbone-annuelle-entre-1500-et-2000-e\\\/#breadcrumb\",\"itemListElement\":[{\"@type\":\"ListItem\",\"position\":1,\"name\":\"Accueil\",\"item\":\"https:\\\/\\\/webtube.fr\\\/\"},{\"@type\":\"ListItem\",\"position\":2,\"name\":\"Der Leyen (pr\u00e9sidente de la commission europ\u00e9enne) a d\u00e9cid\u00e9 : vous allez payer une taxe carbone annuelle entre 1500 et 2000 \u20ac\"}]},{\"@type\":\"WebSite\",\"@id\":\"https:\\\/\\\/webtube.fr\\\/#website\",\"url\":\"https:\\\/\\\/webtube.fr\\\/\",\"name\":\"WEBTUBE\",\"description\":\"WEBTUBE.fr  Streaming Vid\u00e9o and News , toutes les infos sans filtres !\",\"publisher\":{\"@id\":\"https:\\\/\\\/webtube.fr\\\/#organization\"},\"alternateName\":\"Rutube\",\"potentialAction\":[{\"@type\":\"SearchAction\",\"target\":{\"@type\":\"EntryPoint\",\"urlTemplate\":\"https:\\\/\\\/webtube.fr\\\/?s={search_term_string}\"},\"query-input\":{\"@type\":\"PropertyValueSpecification\",\"valueRequired\":true,\"valueName\":\"search_term_string\"}}],\"inLanguage\":\"fr-FR\"},{\"@type\":\"Organization\",\"@id\":\"https:\\\/\\\/webtube.fr\\\/#organization\",\"name\":\"# WEBTUBE.fr\",\"url\":\"https:\\\/\\\/webtube.fr\\\/\",\"logo\":{\"@type\":\"ImageObject\",\"inLanguage\":\"fr-FR\",\"@id\":\"https:\\\/\\\/webtube.fr\\\/#\\\/schema\\\/logo\\\/image\\\/\",\"url\":\"https:\\\/\\\/webtube.fr\\\/wp-content\\\/uploads\\\/2025\\\/09\\\/cropped-Logo_webtubeIA-1.jpg\",\"contentUrl\":\"https:\\\/\\\/webtube.fr\\\/wp-content\\\/uploads\\\/2025\\\/09\\\/cropped-Logo_webtubeIA-1.jpg\",\"width\":240,\"height\":240,\"caption\":\"# WEBTUBE.fr\"},\"image\":{\"@id\":\"https:\\\/\\\/webtube.fr\\\/#\\\/schema\\\/logo\\\/image\\\/\"},\"sameAs\":[\"https:\\\/\\\/www.facebook.com\\\/profile.php?id=100069673161887\",\"https:\\\/\\\/x.com\\\/OrtfNews\",\"https:\\\/\\\/www.facebook.com\\\/profile.php?id=100013751440523\"]},{\"@type\":\"Person\",\"@id\":\"https:\\\/\\\/webtube.fr\\\/#\\\/schema\\\/person\\\/dcc633686e0e2a79a6bf7b92c9507618\",\"name\":\"admin5851\",\"image\":{\"@type\":\"ImageObject\",\"inLanguage\":\"fr-FR\",\"@id\":\"https:\\\/\\\/secure.gravatar.com\\\/avatar\\\/ea1b672a827879c0febb022a108a871292b3d08fadc66a0a43fa47acfe82e38a?s=96&d=mm&r=g\",\"url\":\"https:\\\/\\\/secure.gravatar.com\\\/avatar\\\/ea1b672a827879c0febb022a108a871292b3d08fadc66a0a43fa47acfe82e38a?s=96&d=mm&r=g\",\"contentUrl\":\"https:\\\/\\\/secure.gravatar.com\\\/avatar\\\/ea1b672a827879c0febb022a108a871292b3d08fadc66a0a43fa47acfe82e38a?s=96&d=mm&r=g\",\"caption\":\"admin5851\"},\"sameAs\":[\"http:\\\/\\\/linlcju.cluster100.hosting.ovh.net\"],\"url\":\"https:\\\/\\\/webtube.fr\\\/index.php\\\/author\\\/admin5851\\\/\"}]}<\/script>\n<!-- \/ Yoast SEO plugin. -->","yoast_head_json":{"title":"Der Leyen (pr\u00e9sidente de la commission europ\u00e9enne) a d\u00e9cid\u00e9 : vous allez payer une taxe carbone annuelle entre 1500 et 2000 \u20ac - # WEBTUBE.fr","robots":{"index":"index","follow":"follow","max-snippet":"max-snippet:-1","max-image-preview":"max-image-preview:large","max-video-preview":"max-video-preview:-1"},"canonical":"https:\/\/webtube.fr\/index.php\/2023\/04\/23\/der-leyen-presidente-de-la-commission-europeenne-a-decide-vous-allez-payer-une-taxe-carbone-annuelle-entre-1500-et-2000-e\/","og_locale":"fr_FR","og_type":"article","og_title":"Der Leyen (pr\u00e9sidente de la commission europ\u00e9enne) a d\u00e9cid\u00e9 : vous allez payer une taxe carbone annuelle entre 1500 et 2000 \u20ac - # WEBTUBE.fr","og_description":"Articles &nbsp;: Avr. 2023&nbsp; &#8211; &nbsp;Mar. 2023 &#8211; Fev. 2023 &#8211; Jan. 2023 &#8211; Facebook&nbsp;:&nbsp;https:\/\/www.facebook.com\/profile.php?id=100069673161887 Twitter : https:\/\/twitter.com\/OrtfNews ++ WEBTUBE : Nous sommes sauv\u00e9s, la Commission Europ\u00e9enne a enfin trouver la solution pour sauver la plan\u00e8te du r\u00e9chauffement climatique : PAYER. IL fallait y penser. Beau coup de gueule de l\u2019essayiste et \u00e9ditorialiste Guillaume Bigot, &hellip; Continuer la lecture de &laquo;&nbsp;Der Leyen (pr\u00e9sidente de la commission europ\u00e9enne) a d\u00e9cid\u00e9 : vous allez payer une taxe carbone annuelle entre 1500 et 2000 \u20ac&nbsp;&raquo;","og_url":"https:\/\/webtube.fr\/index.php\/2023\/04\/23\/der-leyen-presidente-de-la-commission-europeenne-a-decide-vous-allez-payer-une-taxe-carbone-annuelle-entre-1500-et-2000-e\/","og_site_name":"# WEBTUBE.fr","article_publisher":"https:\/\/www.facebook.com\/profile.php?id=100069673161887","article_published_time":"2023-04-23T04:51:14+00:00","og_image":[{"url":"https:\/\/resistancerepublicaine.com\/wp-content\/uploads\/2023\/04\/capture-2023-04-21-a-18-40-04.jpg","type":"","width":"","height":""}],"author":"admin5851","twitter_card":"summary_large_image","twitter_creator":"@OrtfNews","twitter_site":"@OrtfNews","twitter_misc":{"\u00c9crit par":"admin5851","Dur\u00e9e de lecture estim\u00e9e":"2 minutes"},"schema":{"@context":"https:\/\/schema.org","@graph":[{"@type":"Article","@id":"https:\/\/webtube.fr\/index.php\/2023\/04\/23\/der-leyen-presidente-de-la-commission-europeenne-a-decide-vous-allez-payer-une-taxe-carbone-annuelle-entre-1500-et-2000-e\/#article","isPartOf":{"@id":"https:\/\/webtube.fr\/index.php\/2023\/04\/23\/der-leyen-presidente-de-la-commission-europeenne-a-decide-vous-allez-payer-une-taxe-carbone-annuelle-entre-1500-et-2000-e\/"},"author":{"name":"admin5851","@id":"https:\/\/webtube.fr\/#\/schema\/person\/dcc633686e0e2a79a6bf7b92c9507618"},"headline":"Der Leyen (pr\u00e9sidente de la commission europ\u00e9enne) a d\u00e9cid\u00e9 : vous allez payer une taxe carbone annuelle entre 1500 et 2000 \u20ac","datePublished":"2023-04-23T04:51:14+00:00","mainEntityOfPage":{"@id":"https:\/\/webtube.fr\/index.php\/2023\/04\/23\/der-leyen-presidente-de-la-commission-europeenne-a-decide-vous-allez-payer-une-taxe-carbone-annuelle-entre-1500-et-2000-e\/"},"wordCount":317,"commentCount":0,"publisher":{"@id":"https:\/\/webtube.fr\/#organization"},"image":{"@id":"https:\/\/webtube.fr\/index.php\/2023\/04\/23\/der-leyen-presidente-de-la-commission-europeenne-a-decide-vous-allez-payer-une-taxe-carbone-annuelle-entre-1500-et-2000-e\/#primaryimage"},"thumbnailUrl":"https:\/\/resistancerepublicaine.com\/wp-content\/uploads\/2023\/04\/capture-2023-04-21-a-18-40-04.jpg","inLanguage":"fr-FR","potentialAction":[{"@type":"CommentAction","name":"Comment","target":["https:\/\/webtube.fr\/index.php\/2023\/04\/23\/der-leyen-presidente-de-la-commission-europeenne-a-decide-vous-allez-payer-une-taxe-carbone-annuelle-entre-1500-et-2000-e\/#respond"]}]},{"@type":"WebPage","@id":"https:\/\/webtube.fr\/index.php\/2023\/04\/23\/der-leyen-presidente-de-la-commission-europeenne-a-decide-vous-allez-payer-une-taxe-carbone-annuelle-entre-1500-et-2000-e\/","url":"https:\/\/webtube.fr\/index.php\/2023\/04\/23\/der-leyen-presidente-de-la-commission-europeenne-a-decide-vous-allez-payer-une-taxe-carbone-annuelle-entre-1500-et-2000-e\/","name":"Der Leyen (pr\u00e9sidente de la commission europ\u00e9enne) a d\u00e9cid\u00e9 : vous allez payer une taxe carbone annuelle entre 1500 et 2000 \u20ac - # WEBTUBE.fr","isPartOf":{"@id":"https:\/\/webtube.fr\/#website"},"primaryImageOfPage":{"@id":"https:\/\/webtube.fr\/index.php\/2023\/04\/23\/der-leyen-presidente-de-la-commission-europeenne-a-decide-vous-allez-payer-une-taxe-carbone-annuelle-entre-1500-et-2000-e\/#primaryimage"},"image":{"@id":"https:\/\/webtube.fr\/index.php\/2023\/04\/23\/der-leyen-presidente-de-la-commission-europeenne-a-decide-vous-allez-payer-une-taxe-carbone-annuelle-entre-1500-et-2000-e\/#primaryimage"},"thumbnailUrl":"https:\/\/resistancerepublicaine.com\/wp-content\/uploads\/2023\/04\/capture-2023-04-21-a-18-40-04.jpg","datePublished":"2023-04-23T04:51:14+00:00","breadcrumb":{"@id":"https:\/\/webtube.fr\/index.php\/2023\/04\/23\/der-leyen-presidente-de-la-commission-europeenne-a-decide-vous-allez-payer-une-taxe-carbone-annuelle-entre-1500-et-2000-e\/#breadcrumb"},"inLanguage":"fr-FR","potentialAction":[{"@type":"ReadAction","target":["https:\/\/webtube.fr\/index.php\/2023\/04\/23\/der-leyen-presidente-de-la-commission-europeenne-a-decide-vous-allez-payer-une-taxe-carbone-annuelle-entre-1500-et-2000-e\/"]}]},{"@type":"ImageObject","inLanguage":"fr-FR","@id":"https:\/\/webtube.fr\/index.php\/2023\/04\/23\/der-leyen-presidente-de-la-commission-europeenne-a-decide-vous-allez-payer-une-taxe-carbone-annuelle-entre-1500-et-2000-e\/#primaryimage","url":"https:\/\/resistancerepublicaine.com\/wp-content\/uploads\/2023\/04\/capture-2023-04-21-a-18-40-04.jpg","contentUrl":"https:\/\/resistancerepublicaine.com\/wp-content\/uploads\/2023\/04\/capture-2023-04-21-a-18-40-04.jpg"},{"@type":"BreadcrumbList","@id":"https:\/\/webtube.fr\/index.php\/2023\/04\/23\/der-leyen-presidente-de-la-commission-europeenne-a-decide-vous-allez-payer-une-taxe-carbone-annuelle-entre-1500-et-2000-e\/#breadcrumb","itemListElement":[{"@type":"ListItem","position":1,"name":"Accueil","item":"https:\/\/webtube.fr\/"},{"@type":"ListItem","position":2,"name":"Der Leyen (pr\u00e9sidente de la commission europ\u00e9enne) a d\u00e9cid\u00e9 : vous allez payer une taxe carbone annuelle entre 1500 et 2000 \u20ac"}]},{"@type":"WebSite","@id":"https:\/\/webtube.fr\/#website","url":"https:\/\/webtube.fr\/","name":"WEBTUBE","description":"WEBTUBE.fr  Streaming Vid\u00e9o and News , toutes les infos sans filtres !","publisher":{"@id":"https:\/\/webtube.fr\/#organization"},"alternateName":"Rutube","potentialAction":[{"@type":"SearchAction","target":{"@type":"EntryPoint","urlTemplate":"https:\/\/webtube.fr\/?s={search_term_string}"},"query-input":{"@type":"PropertyValueSpecification","valueRequired":true,"valueName":"search_term_string"}}],"inLanguage":"fr-FR"},{"@type":"Organization","@id":"https:\/\/webtube.fr\/#organization","name":"# WEBTUBE.fr","url":"https:\/\/webtube.fr\/","logo":{"@type":"ImageObject","inLanguage":"fr-FR","@id":"https:\/\/webtube.fr\/#\/schema\/logo\/image\/","url":"https:\/\/webtube.fr\/wp-content\/uploads\/2025\/09\/cropped-Logo_webtubeIA-1.jpg","contentUrl":"https:\/\/webtube.fr\/wp-content\/uploads\/2025\/09\/cropped-Logo_webtubeIA-1.jpg","width":240,"height":240,"caption":"# WEBTUBE.fr"},"image":{"@id":"https:\/\/webtube.fr\/#\/schema\/logo\/image\/"},"sameAs":["https:\/\/www.facebook.com\/profile.php?id=100069673161887","https:\/\/x.com\/OrtfNews","https:\/\/www.facebook.com\/profile.php?id=100013751440523"]},{"@type":"Person","@id":"https:\/\/webtube.fr\/#\/schema\/person\/dcc633686e0e2a79a6bf7b92c9507618","name":"admin5851","image":{"@type":"ImageObject","inLanguage":"fr-FR","@id":"https:\/\/secure.gravatar.com\/avatar\/ea1b672a827879c0febb022a108a871292b3d08fadc66a0a43fa47acfe82e38a?s=96&d=mm&r=g","url":"https:\/\/secure.gravatar.com\/avatar\/ea1b672a827879c0febb022a108a871292b3d08fadc66a0a43fa47acfe82e38a?s=96&d=mm&r=g","contentUrl":"https:\/\/secure.gravatar.com\/avatar\/ea1b672a827879c0febb022a108a871292b3d08fadc66a0a43fa47acfe82e38a?s=96&d=mm&r=g","caption":"admin5851"},"sameAs":["http:\/\/linlcju.cluster100.hosting.ovh.net"],"url":"https:\/\/webtube.fr\/index.php\/author\/admin5851\/"}]}},"jetpack_featured_media_url":"","jetpack_sharing_enabled":true,"_links":{"self":[{"href":"https:\/\/webtube.fr\/index.php\/wp-json\/wp\/v2\/posts\/21952","targetHints":{"allow":["GET"]}}],"collection":[{"href":"https:\/\/webtube.fr\/index.php\/wp-json\/wp\/v2\/posts"}],"about":[{"href":"https:\/\/webtube.fr\/index.php\/wp-json\/wp\/v2\/types\/post"}],"author":[{"embeddable":true,"href":"https:\/\/webtube.fr\/index.php\/wp-json\/wp\/v2\/users\/1"}],"replies":[{"embeddable":true,"href":"https:\/\/webtube.fr\/index.php\/wp-json\/wp\/v2\/comments?post=21952"}],"version-history":[{"count":0,"href":"https:\/\/webtube.fr\/index.php\/wp-json\/wp\/v2\/posts\/21952\/revisions"}],"wp:attachment":[{"href":"https:\/\/webtube.fr\/index.php\/wp-json\/wp\/v2\/media?parent=21952"}],"wp:term":[{"taxonomy":"category","embeddable":true,"href":"https:\/\/webtube.fr\/index.php\/wp-json\/wp\/v2\/categories?post=21952"},{"taxonomy":"post_tag","embeddable":true,"href":"https:\/\/webtube.fr\/index.php\/wp-json\/wp\/v2\/tags?post=21952"}],"curies":[{"name":"wp","href":"https:\/\/api.w.org\/{rel}","templated":true}]}}