{"id":21872,"date":"2023-04-10T08:24:40","date_gmt":"2023-04-10T06:24:40","guid":{"rendered":"http:\/\/rutube.fr\/?p=21872"},"modified":"2023-04-10T08:24:40","modified_gmt":"2023-04-10T06:24:40","slug":"directive-europeenne-coup-de-massue-contre-les-passoires-energetiques","status":"publish","type":"post","link":"https:\/\/webtube.fr\/index.php\/2023\/04\/10\/directive-europeenne-coup-de-massue-contre-les-passoires-energetiques\/","title":{"rendered":"Directive europ\u00e9enne : coup de massue contre les passoires \u00e9nerg\u00e9tiques"},"content":{"rendered":"\n<figure><iframe loading=\"lazy\" width=\"800\" height=\"200\" src=\"http:\/\/rutubes.free.fr\/RutubeEmule-island.html\" frameborder=\"N\" scrolling=\"no\"><\/iframe><\/figure>\n\n\n\n<p>Articles &nbsp;: <a href=\"http:\/\/rutube.fr\/2023\/04\/\" target=\"_blank\" rel=\"noreferrer noopener\">Avr. 2023<\/a>&nbsp; &#8211; &nbsp;<a href=\"http:\/\/rutube.fr\/2023\/03\/\" target=\"_blank\" rel=\"noreferrer noopener\">Mar. 2023<\/a> &#8211; <a href=\"http:\/\/rutube.fr\/2023\/02\/\" target=\"_blank\" rel=\"noreferrer noopener\">Fev. 2023<\/a> &#8211; <a href=\"http:\/\/rutube.fr\/2023\/01\/\" target=\"_blank\" rel=\"noreferrer noopener\">Jan. 2023<\/a> &#8211; Facebook&nbsp;:&nbsp;<a href=\"https:\/\/www.facebook.com\/profile.php?id=100069673161887\">https:\/\/www.facebook.com\/profile.php?id=100069673161887<\/a><\/p>\n\n\n\n<p>Twitter : <a href=\"https:\/\/twitter.com\/OrtfNews\" target=\"_blank\" rel=\"noreferrer noopener\">https:\/\/twitter.com\/OrtfNews<\/a><\/p>\n\n\n\n<figure class=\"wp-block-image size-large\"><img decoding=\"async\" src=\"https:\/\/d3qigl3j0c210w.cloudfront.net\/articles\/e4020d16-30ae-42da-8888-11cde5c72378\" alt=\"\"\/><\/figure>\n\n\n\n<p>Entre 2M et jusqu&rsquo;\u00e0 11M de logements pourraient \u00e0 terme \u00eatre concern\u00e9s par la directive de la Commission europ\u00e9enne.<\/p>\n\n\n\n<h3 class=\"wp-block-heading\">Alexandre Cuignache est avocat dipl\u00f4m\u00e9 d\u2019Assas, ancien conseiller du Centre-Val de Loire. Il r\u00e9pond \u00e0 nos questions concernant une directive europ\u00e9ennes sur l\u2019immobilier, presque pass\u00e9e inaper\u00e7ue mais qui soul\u00e8ve des questions financi\u00e8res autant qu\u2019\u00e9thiques.<\/h3>\n\n\n\n<h3 class=\"wp-block-heading\">Alexandre Cervantes<\/h3>\n\n\n\n<p><strong>La Commission europ\u00e9enne a vot\u00e9 mardi une directive lourde de cons\u00e9quences sur la population fran\u00e7aise, puisqu\u2019elle oblige les propri\u00e9taires \u00e0 r\u00e9nover leur \u00ab&nbsp;<\/strong><strong><em>passoire<\/em><\/strong><strong>&nbsp;\u00bb thermique pour pouvoir la vendre. Les b\u00e2timents class\u00e9s G et F en performance \u00e9nerg\u00e9tique devront passer \u00e0 E d&rsquo;ici \u00e0 2030, jusqu\u2019\u00e0 D d&rsquo;ici 2033. Qu\u2019en pensez-vous ?<\/strong><\/p>\n\n\n\n<p>Pour moi, c\u2019est une attaque de plein fouet au droit de propri\u00e9t\u00e9 priv\u00e9e. Cette directive, si elle est transcrite au droit fran\u00e7ais, emp\u00eachera tout simplement un des \u00e9l\u00e9ments essentiels du droit de propri\u00e9t\u00e9, c&rsquo;est-\u00e0-dire la libre disposition des biens. \u00c0 partir du moment o\u00f9 l\u2019on ne peut plus disposer librement de ses biens, le droit de propri\u00e9t\u00e9 est bafou\u00e9.<\/p>\n\n\n\n<p>Je rappelle que le droit de propri\u00e9t\u00e9 est un droit inviolable et sacr\u00e9, d\u2019apr\u00e8s la D\u00e9claration des droits de l\u2019homme et du citoyen. Ce n\u2019est pas par hasard, c\u2019est ce qui pr\u00e9serve la libert\u00e9 effective du citoyen, sa vie priv\u00e9e, qui sinon n\u2019a plus de refuge imp\u00e9n\u00e9trable face \u00e0 l\u2019\u00c9tat, ses normes, son contr\u00f4le. Sans cela, la libert\u00e9 n\u2019existe plus qu\u2019en principe, et c\u2019est pourquoi les r\u00e9dacteurs de la D\u00e9claration avaient insist\u00e9 dessus. C\u2019est le seul droit qui est d\u00e9crit comme cela, qualifi\u00e9 d\u2019inviolable et sacr\u00e9. Ce ne sont pas des mots anodins.<\/p>\n\n\n\n<p><strong>Mais on pourrait se dire que cette libert\u00e9 existera toujours, qu\u2019elle sera simplement contrainte, comme elle peut l\u2019\u00eatre d\u00e9j\u00e0. On peut penser aux locataires, qui ne sont pas propri\u00e9taires et pourtant se consid\u00e8rent souvent suffisamment libres pour mener leur vie comme ils l\u2019entendent. Quelle est selon vous le tournant majeur \u00e0 ce niveau, qu\u2019introduirait la directive europ\u00e9enne ?<br \/><\/strong><\/p>\n\n\n\n<p>C\u2019est un pas dans le m\u00eame sens, dans la m\u00eame logique de contrainte permanente et de contr\u00f4le. D\u2019ailleurs, je note que lors du d\u00e9bat sur ce texte au Parlement, l\u2019argument utilis\u00e9 pour faire passer le texte de mani\u00e8re assez consensuelle &#8211; y compris chez des conservateurs et des lib\u00e9raux qui devraient tout de m\u00eame \u00eatre attach\u00e9s au droit de propri\u00e9t\u00e9 &#8211; c\u2019est l\u2019argument \u00e0 la fois \u00e9cologique et \u00e9conomique. Il y a une volont\u00e9 de transformer radicalement le parc immobilier europ\u00e9en, en abandonnant les logements anciens, v\u00e9tustes. C\u2019est une vision du monde compl\u00e8te qui est pouss\u00e9e ici, et que l\u2019on peut sans craindre l\u2019outrance qualifier de totalitaire, c&rsquo;est-\u00e0-dire un syst\u00e8me de contr\u00f4le permanent sur les choses les plus importantes de notre vie quotidienne. Dans la location, c\u2019est exactement le m\u00eame cas, car tant qu\u2019il paye son loyer, le locataire a le m\u00eame droit que le propri\u00e9taire hormis la disposition. Ici il ne pourra plus louer un bien qui lui conviendrait pourtant.<\/p>\n\n\n\n<p><strong>Id\u00e9alement selon vous, la mani\u00e8re de concevoir notre rapport \u00e0 la location et \u00e0 la propri\u00e9t\u00e9 pourrait \u00eatre revue, pour aller \u00e0 rebours de ce mouvement de contr\u00f4le que vous d\u00e9crivez ?\u00a0<\/strong><\/p>\n\n\n\n<p>Absolument. J\u2019habite \u00e0 la campagne, je vois le nombre de logements non occup\u00e9s : ils peuvent \u00eatre r\u00e9nov\u00e9s, isol\u00e9s et utilis\u00e9s \u00e0 terme.<br \/>Je pense que l\u2019on n&rsquo;a pas besoin de construire plus. D\u2019ailleurs, n\u2019importe qui pr\u00e9f\u00e8re vivre dans un logement isol\u00e9 qui lui co\u00fbte moins cher : pas besoin de contrainte, c\u2019est une question de bon sens.&nbsp;<\/p>\n\n\n\n<p>Mais ici, avec une norme aussi dure, ce sont les m\u00e9nages les plus modestes qui en p\u00e2tiront. Ils pouvaient louer un bien beaucoup moins cher parce qu\u2019il est dans un moins bon \u00e9tat : ce n&rsquo;\u00e9tait pas id\u00e9al, mais \u00e7a permettait au moins de mettre un toit sur sa t\u00eate.<\/p>\n\n\n\n<p><a target=\"_blank\" rel=\"noreferrer noopener\" href=\"https:\/\/www.lefigaro.fr\/actualite-france\/passoires-thermiques-la-grande-inquietude-des-proprietaires-20230123\"><strong>Christophe Demerson<\/strong><\/a><strong>, le pr\u00e9sident de l\u2019Union nationale des propri\u00e9taires immobiliers (UNPI) disait \u00e0 ce sujet \u00ab&nbsp;<\/strong><strong><em>voil\u00e0 comment transformer une bonne id\u00e9e en catastrophe industrielle<\/em><\/strong><strong>&nbsp;\u00bb, en critiquant \u00ab&nbsp;<\/strong><strong><em>un calendrier ultracourt, une p\u00e9nurie de mat\u00e9riaux et un manque de main-d\u2019\u0153uvre ne peuvent qu\u2019aboutir \u00e0 des factures qui s\u2019envolent<\/em><\/strong><strong>&nbsp;\u00bb. Vous abondez donc dans son sens ?<br \/><\/strong><\/p>\n\n\n\n<p>Absolument, et ce qu\u2019on voit dans cette \u00e9volution, c\u2019est que l\u2019argument \u00e9cologique qui pousse \u00e0 faire des b\u00e2timents \u00e0 faible \u00e9mission, qui soient bien isol\u00e9s etc., peut \u00eatre tout \u00e0 fait souhaitable, mais pose en fait de gros probl\u00e8mes. D\u2019une part, la contrainte induite est n\u00e9faste, et d\u2019autre part sur un plan strictement \u00e9conomique cela va faire sortir du march\u00e9 un nombre incalculable de biens [ndlr : environ deux millions d\u2019ici deux ans d\u2019apr\u00e8s [l\u2019UNPI]. On va voir une forte hausse des prix, puisqu\u2019on va rar\u00e9fier le march\u00e9. D\u2019autant que la construction de nouveaux logements n\u2019est pas du tout \u00e9cologique en elle-m\u00eame, par exemple parce que la fabrication de ciment est un des premiers producteurs de CO2 dans le monde [ndlr :&nbsp;<a target=\"_blank\" rel=\"noreferrer noopener\" href=\"https:\/\/www.geo.fr\/environnement\/le-beton-ciment-troisieme-pays-des-emissions-de-gaz-a-effet-de-serre-206744\">7%<\/a>&nbsp;des \u00e9missions mondiales de CO2].<\/p>\n\n\n\n<p>L\u2019argument ne me semble pas tenir, surtout avec des implications \u00e9conomiques lourdes. Alors \u00e9videmment, derri\u00e8re on nous dit \u00ab&nbsp;<em>il y aura des subventions, ne vous inqui\u00e9tez pas<\/em>&nbsp;\u00bb, mais on rentre encore et toujours dans un syst\u00e8me de plus grande d\u00e9pendance et de plus grand contr\u00f4le.&nbsp;<\/p>\n\n\n\n<h3 class=\"wp-block-heading\">Alexandre Cervantes, Omerta<\/h3>\n\n\n\n<figure><iframe loading=\"lazy\" width=\"800\" height=\"200\" src=\"http:\/\/rutubes.free.fr\/RutubeEmule-island.html\" frameborder=\"N\" scrolling=\"no\"><\/iframe><\/figure>\n\n\nADDFREESTATS.COM AUTOCODE V4.0 &#8211;>\n<script type=\"text\/javascript\">\n<!--\nvar AFS_Account=\"00636949\";\nvar AFS_Tracker=\"auto\";\nvar AFS_Server=\"www6\";\nvar AFS_Page=\"DetectName\";\nvar AFS_Url=\"DetectUrl\";\n\/\/ -->\n<\/script>\n<script type=\"text\/javascript\" src=\"http:\/\/www6.addfreestats.com\/cgi-bin\/afstrack.cgi?usr=00636949\">\n<\/script>\n<noscript>\n<a href=\"http:\/\/www.addfreestats.com\">\n<img decoding=\"async\" src=\"http:\/\/www6.addfreestats.com\/cgi-bin\/connect.cgi?usr=00636949Pauto\" border=\"0\" alt=\"AddFreeStats.com Free Web Stats!\">Web Stats<\/a>\n<\/noscript>\n<iframe loading=\"lazy\" width=\"650\" height=\"180\" src=\"http:\/\/onlineradiobox.com\/gr\/mousikokanali\/player\/?cs=gr.mousikokanali&#038;played=1\" frameborder=\"N\" scrolling=\"no\"><\/iframe>\n<a href=\"http:\/\/djmusic.fr\">\n<img decoding=\"async\" src=\"http:\/\/djmusicparis.free.fr\/images\/Djmuisc_Jamendo.jpg\" border=\"0\" alt=\"AddFreeStats.com Free Web Stats!\"> Ecoutez DJMusic.fr<\/a>\n<a href=\"http:\/\/rutubes.free.fr\/Rutube_Cecostream.html\">\n<img decoding=\"async\" src=\"http:\/\/rutubes.free.fr\/images\/webtube-androidP.jpg\" border=\"0\n\n<!-- ENDADDFREESTATS.COM AUTOCODE V4.0  \u2192-->\n","protected":false},"excerpt":{"rendered":"<p>Articles &nbsp;: Avr. 2023&nbsp; &#8211; &nbsp;Mar. 2023 &#8211; Fev. 2023 &#8211; Jan. 2023 &#8211; Facebook&nbsp;:&nbsp;https:\/\/www.facebook.com\/profile.php?id=100069673161887 Twitter : https:\/\/twitter.com\/OrtfNews Entre 2M et jusqu&rsquo;\u00e0 11M de logements pourraient \u00e0 terme \u00eatre concern\u00e9s par la directive de la Commission europ\u00e9enne. Alexandre Cuignache est avocat dipl\u00f4m\u00e9 d\u2019Assas, ancien conseiller du Centre-Val de Loire. Il r\u00e9pond \u00e0 nos questions concernant &hellip; <a href=\"https:\/\/webtube.fr\/index.php\/2023\/04\/10\/directive-europeenne-coup-de-massue-contre-les-passoires-energetiques\/\" class=\"more-link\">Continuer la lecture<span class=\"screen-reader-text\"> de &laquo;&nbsp;Directive europ\u00e9enne : coup de massue contre les passoires \u00e9nerg\u00e9tiques&nbsp;&raquo;<\/span><\/a><\/p>\n","protected":false},"author":1,"featured_media":0,"comment_status":"open","ping_status":"open","sticky":false,"template":"","format":"standard","meta":{"_jetpack_memberships_contains_paid_content":false,"footnotes":""},"categories":[2],"tags":[],"class_list":["post-21872","post","type-post","status-publish","format-standard","hentry","category-non-classe"],"yoast_head":"<!-- This site is optimized with the Yoast SEO plugin v27.3 - https:\/\/yoast.com\/product\/yoast-seo-wordpress\/ -->\n<title>Directive europ\u00e9enne : coup de massue contre les passoires \u00e9nerg\u00e9tiques - # WEBTUBE.fr<\/title>\n<meta name=\"robots\" content=\"index, follow, max-snippet:-1, max-image-preview:large, max-video-preview:-1\" \/>\n<link rel=\"canonical\" href=\"https:\/\/webtube.fr\/index.php\/2023\/04\/10\/directive-europeenne-coup-de-massue-contre-les-passoires-energetiques\/\" \/>\n<meta property=\"og:locale\" content=\"fr_FR\" \/>\n<meta property=\"og:type\" content=\"article\" \/>\n<meta property=\"og:title\" content=\"Directive europ\u00e9enne : coup de massue contre les passoires \u00e9nerg\u00e9tiques - # WEBTUBE.fr\" \/>\n<meta property=\"og:description\" content=\"Articles &nbsp;: Avr. 2023&nbsp; &#8211; &nbsp;Mar. 2023 &#8211; Fev. 2023 &#8211; Jan. 2023 &#8211; Facebook&nbsp;:&nbsp;https:\/\/www.facebook.com\/profile.php?id=100069673161887 Twitter : https:\/\/twitter.com\/OrtfNews Entre 2M et jusqu&rsquo;\u00e0 11M de logements pourraient \u00e0 terme \u00eatre concern\u00e9s par la directive de la Commission europ\u00e9enne. Alexandre Cuignache est avocat dipl\u00f4m\u00e9 d\u2019Assas, ancien conseiller du Centre-Val de Loire. Il r\u00e9pond \u00e0 nos questions concernant &hellip; Continuer la lecture de &laquo;&nbsp;Directive europ\u00e9enne : coup de massue contre les passoires \u00e9nerg\u00e9tiques&nbsp;&raquo;\" \/>\n<meta property=\"og:url\" content=\"https:\/\/webtube.fr\/index.php\/2023\/04\/10\/directive-europeenne-coup-de-massue-contre-les-passoires-energetiques\/\" \/>\n<meta property=\"og:site_name\" content=\"# WEBTUBE.fr\" \/>\n<meta property=\"article:publisher\" content=\"https:\/\/www.facebook.com\/profile.php?id=100069673161887\" \/>\n<meta property=\"article:published_time\" content=\"2023-04-10T06:24:40+00:00\" \/>\n<meta property=\"og:image\" content=\"https:\/\/d3qigl3j0c210w.cloudfront.net\/articles\/e4020d16-30ae-42da-8888-11cde5c72378\" \/>\n<meta name=\"author\" content=\"admin5851\" \/>\n<meta name=\"twitter:card\" content=\"summary_large_image\" \/>\n<meta name=\"twitter:creator\" content=\"@OrtfNews\" \/>\n<meta name=\"twitter:site\" content=\"@OrtfNews\" \/>\n<meta name=\"twitter:label1\" content=\"\u00c9crit par\" \/>\n\t<meta name=\"twitter:data1\" content=\"admin5851\" \/>\n\t<meta name=\"twitter:label2\" content=\"Dur\u00e9e de lecture estim\u00e9e\" \/>\n\t<meta name=\"twitter:data2\" content=\"6 minutes\" \/>\n<script type=\"application\/ld+json\" class=\"yoast-schema-graph\">{\"@context\":\"https:\\\/\\\/schema.org\",\"@graph\":[{\"@type\":\"Article\",\"@id\":\"https:\\\/\\\/webtube.fr\\\/index.php\\\/2023\\\/04\\\/10\\\/directive-europeenne-coup-de-massue-contre-les-passoires-energetiques\\\/#article\",\"isPartOf\":{\"@id\":\"https:\\\/\\\/webtube.fr\\\/index.php\\\/2023\\\/04\\\/10\\\/directive-europeenne-coup-de-massue-contre-les-passoires-energetiques\\\/\"},\"author\":{\"name\":\"admin5851\",\"@id\":\"https:\\\/\\\/webtube.fr\\\/#\\\/schema\\\/person\\\/dcc633686e0e2a79a6bf7b92c9507618\"},\"headline\":\"Directive europ\u00e9enne : coup de massue contre les passoires \u00e9nerg\u00e9tiques\",\"datePublished\":\"2023-04-10T06:24:40+00:00\",\"mainEntityOfPage\":{\"@id\":\"https:\\\/\\\/webtube.fr\\\/index.php\\\/2023\\\/04\\\/10\\\/directive-europeenne-coup-de-massue-contre-les-passoires-energetiques\\\/\"},\"wordCount\":1023,\"commentCount\":0,\"publisher\":{\"@id\":\"https:\\\/\\\/webtube.fr\\\/#organization\"},\"image\":{\"@id\":\"https:\\\/\\\/webtube.fr\\\/index.php\\\/2023\\\/04\\\/10\\\/directive-europeenne-coup-de-massue-contre-les-passoires-energetiques\\\/#primaryimage\"},\"thumbnailUrl\":\"https:\\\/\\\/d3qigl3j0c210w.cloudfront.net\\\/articles\\\/e4020d16-30ae-42da-8888-11cde5c72378\",\"inLanguage\":\"fr-FR\",\"potentialAction\":[{\"@type\":\"CommentAction\",\"name\":\"Comment\",\"target\":[\"https:\\\/\\\/webtube.fr\\\/index.php\\\/2023\\\/04\\\/10\\\/directive-europeenne-coup-de-massue-contre-les-passoires-energetiques\\\/#respond\"]}]},{\"@type\":\"WebPage\",\"@id\":\"https:\\\/\\\/webtube.fr\\\/index.php\\\/2023\\\/04\\\/10\\\/directive-europeenne-coup-de-massue-contre-les-passoires-energetiques\\\/\",\"url\":\"https:\\\/\\\/webtube.fr\\\/index.php\\\/2023\\\/04\\\/10\\\/directive-europeenne-coup-de-massue-contre-les-passoires-energetiques\\\/\",\"name\":\"Directive europ\u00e9enne : coup de massue contre les passoires \u00e9nerg\u00e9tiques - # WEBTUBE.fr\",\"isPartOf\":{\"@id\":\"https:\\\/\\\/webtube.fr\\\/#website\"},\"primaryImageOfPage\":{\"@id\":\"https:\\\/\\\/webtube.fr\\\/index.php\\\/2023\\\/04\\\/10\\\/directive-europeenne-coup-de-massue-contre-les-passoires-energetiques\\\/#primaryimage\"},\"image\":{\"@id\":\"https:\\\/\\\/webtube.fr\\\/index.php\\\/2023\\\/04\\\/10\\\/directive-europeenne-coup-de-massue-contre-les-passoires-energetiques\\\/#primaryimage\"},\"thumbnailUrl\":\"https:\\\/\\\/d3qigl3j0c210w.cloudfront.net\\\/articles\\\/e4020d16-30ae-42da-8888-11cde5c72378\",\"datePublished\":\"2023-04-10T06:24:40+00:00\",\"breadcrumb\":{\"@id\":\"https:\\\/\\\/webtube.fr\\\/index.php\\\/2023\\\/04\\\/10\\\/directive-europeenne-coup-de-massue-contre-les-passoires-energetiques\\\/#breadcrumb\"},\"inLanguage\":\"fr-FR\",\"potentialAction\":[{\"@type\":\"ReadAction\",\"target\":[\"https:\\\/\\\/webtube.fr\\\/index.php\\\/2023\\\/04\\\/10\\\/directive-europeenne-coup-de-massue-contre-les-passoires-energetiques\\\/\"]}]},{\"@type\":\"ImageObject\",\"inLanguage\":\"fr-FR\",\"@id\":\"https:\\\/\\\/webtube.fr\\\/index.php\\\/2023\\\/04\\\/10\\\/directive-europeenne-coup-de-massue-contre-les-passoires-energetiques\\\/#primaryimage\",\"url\":\"https:\\\/\\\/d3qigl3j0c210w.cloudfront.net\\\/articles\\\/e4020d16-30ae-42da-8888-11cde5c72378\",\"contentUrl\":\"https:\\\/\\\/d3qigl3j0c210w.cloudfront.net\\\/articles\\\/e4020d16-30ae-42da-8888-11cde5c72378\"},{\"@type\":\"BreadcrumbList\",\"@id\":\"https:\\\/\\\/webtube.fr\\\/index.php\\\/2023\\\/04\\\/10\\\/directive-europeenne-coup-de-massue-contre-les-passoires-energetiques\\\/#breadcrumb\",\"itemListElement\":[{\"@type\":\"ListItem\",\"position\":1,\"name\":\"Accueil\",\"item\":\"https:\\\/\\\/webtube.fr\\\/\"},{\"@type\":\"ListItem\",\"position\":2,\"name\":\"Directive europ\u00e9enne : coup de massue contre les passoires \u00e9nerg\u00e9tiques\"}]},{\"@type\":\"WebSite\",\"@id\":\"https:\\\/\\\/webtube.fr\\\/#website\",\"url\":\"https:\\\/\\\/webtube.fr\\\/\",\"name\":\"WEBTUBE\",\"description\":\"WEBTUBE.fr  Streaming Vid\u00e9o and News , toutes les infos sans filtres !\",\"publisher\":{\"@id\":\"https:\\\/\\\/webtube.fr\\\/#organization\"},\"alternateName\":\"Rutube\",\"potentialAction\":[{\"@type\":\"SearchAction\",\"target\":{\"@type\":\"EntryPoint\",\"urlTemplate\":\"https:\\\/\\\/webtube.fr\\\/?s={search_term_string}\"},\"query-input\":{\"@type\":\"PropertyValueSpecification\",\"valueRequired\":true,\"valueName\":\"search_term_string\"}}],\"inLanguage\":\"fr-FR\"},{\"@type\":\"Organization\",\"@id\":\"https:\\\/\\\/webtube.fr\\\/#organization\",\"name\":\"# WEBTUBE.fr\",\"url\":\"https:\\\/\\\/webtube.fr\\\/\",\"logo\":{\"@type\":\"ImageObject\",\"inLanguage\":\"fr-FR\",\"@id\":\"https:\\\/\\\/webtube.fr\\\/#\\\/schema\\\/logo\\\/image\\\/\",\"url\":\"https:\\\/\\\/webtube.fr\\\/wp-content\\\/uploads\\\/2025\\\/09\\\/cropped-Logo_webtubeIA-1.jpg\",\"contentUrl\":\"https:\\\/\\\/webtube.fr\\\/wp-content\\\/uploads\\\/2025\\\/09\\\/cropped-Logo_webtubeIA-1.jpg\",\"width\":240,\"height\":240,\"caption\":\"# WEBTUBE.fr\"},\"image\":{\"@id\":\"https:\\\/\\\/webtube.fr\\\/#\\\/schema\\\/logo\\\/image\\\/\"},\"sameAs\":[\"https:\\\/\\\/www.facebook.com\\\/profile.php?id=100069673161887\",\"https:\\\/\\\/x.com\\\/OrtfNews\",\"https:\\\/\\\/www.facebook.com\\\/profile.php?id=100013751440523\"]},{\"@type\":\"Person\",\"@id\":\"https:\\\/\\\/webtube.fr\\\/#\\\/schema\\\/person\\\/dcc633686e0e2a79a6bf7b92c9507618\",\"name\":\"admin5851\",\"image\":{\"@type\":\"ImageObject\",\"inLanguage\":\"fr-FR\",\"@id\":\"https:\\\/\\\/secure.gravatar.com\\\/avatar\\\/ea1b672a827879c0febb022a108a871292b3d08fadc66a0a43fa47acfe82e38a?s=96&d=mm&r=g\",\"url\":\"https:\\\/\\\/secure.gravatar.com\\\/avatar\\\/ea1b672a827879c0febb022a108a871292b3d08fadc66a0a43fa47acfe82e38a?s=96&d=mm&r=g\",\"contentUrl\":\"https:\\\/\\\/secure.gravatar.com\\\/avatar\\\/ea1b672a827879c0febb022a108a871292b3d08fadc66a0a43fa47acfe82e38a?s=96&d=mm&r=g\",\"caption\":\"admin5851\"},\"sameAs\":[\"http:\\\/\\\/linlcju.cluster100.hosting.ovh.net\"],\"url\":\"https:\\\/\\\/webtube.fr\\\/index.php\\\/author\\\/admin5851\\\/\"}]}<\/script>\n<!-- \/ Yoast SEO plugin. -->","yoast_head_json":{"title":"Directive europ\u00e9enne : coup de massue contre les passoires \u00e9nerg\u00e9tiques - # WEBTUBE.fr","robots":{"index":"index","follow":"follow","max-snippet":"max-snippet:-1","max-image-preview":"max-image-preview:large","max-video-preview":"max-video-preview:-1"},"canonical":"https:\/\/webtube.fr\/index.php\/2023\/04\/10\/directive-europeenne-coup-de-massue-contre-les-passoires-energetiques\/","og_locale":"fr_FR","og_type":"article","og_title":"Directive europ\u00e9enne : coup de massue contre les passoires \u00e9nerg\u00e9tiques - # WEBTUBE.fr","og_description":"Articles &nbsp;: Avr. 2023&nbsp; &#8211; &nbsp;Mar. 2023 &#8211; Fev. 2023 &#8211; Jan. 2023 &#8211; Facebook&nbsp;:&nbsp;https:\/\/www.facebook.com\/profile.php?id=100069673161887 Twitter : https:\/\/twitter.com\/OrtfNews Entre 2M et jusqu&rsquo;\u00e0 11M de logements pourraient \u00e0 terme \u00eatre concern\u00e9s par la directive de la Commission europ\u00e9enne. Alexandre Cuignache est avocat dipl\u00f4m\u00e9 d\u2019Assas, ancien conseiller du Centre-Val de Loire. Il r\u00e9pond \u00e0 nos questions concernant &hellip; Continuer la lecture de &laquo;&nbsp;Directive europ\u00e9enne : coup de massue contre les passoires \u00e9nerg\u00e9tiques&nbsp;&raquo;","og_url":"https:\/\/webtube.fr\/index.php\/2023\/04\/10\/directive-europeenne-coup-de-massue-contre-les-passoires-energetiques\/","og_site_name":"# WEBTUBE.fr","article_publisher":"https:\/\/www.facebook.com\/profile.php?id=100069673161887","article_published_time":"2023-04-10T06:24:40+00:00","og_image":[{"url":"https:\/\/d3qigl3j0c210w.cloudfront.net\/articles\/e4020d16-30ae-42da-8888-11cde5c72378","type":"","width":"","height":""}],"author":"admin5851","twitter_card":"summary_large_image","twitter_creator":"@OrtfNews","twitter_site":"@OrtfNews","twitter_misc":{"\u00c9crit par":"admin5851","Dur\u00e9e de lecture estim\u00e9e":"6 minutes"},"schema":{"@context":"https:\/\/schema.org","@graph":[{"@type":"Article","@id":"https:\/\/webtube.fr\/index.php\/2023\/04\/10\/directive-europeenne-coup-de-massue-contre-les-passoires-energetiques\/#article","isPartOf":{"@id":"https:\/\/webtube.fr\/index.php\/2023\/04\/10\/directive-europeenne-coup-de-massue-contre-les-passoires-energetiques\/"},"author":{"name":"admin5851","@id":"https:\/\/webtube.fr\/#\/schema\/person\/dcc633686e0e2a79a6bf7b92c9507618"},"headline":"Directive europ\u00e9enne : coup de massue contre les passoires \u00e9nerg\u00e9tiques","datePublished":"2023-04-10T06:24:40+00:00","mainEntityOfPage":{"@id":"https:\/\/webtube.fr\/index.php\/2023\/04\/10\/directive-europeenne-coup-de-massue-contre-les-passoires-energetiques\/"},"wordCount":1023,"commentCount":0,"publisher":{"@id":"https:\/\/webtube.fr\/#organization"},"image":{"@id":"https:\/\/webtube.fr\/index.php\/2023\/04\/10\/directive-europeenne-coup-de-massue-contre-les-passoires-energetiques\/#primaryimage"},"thumbnailUrl":"https:\/\/d3qigl3j0c210w.cloudfront.net\/articles\/e4020d16-30ae-42da-8888-11cde5c72378","inLanguage":"fr-FR","potentialAction":[{"@type":"CommentAction","name":"Comment","target":["https:\/\/webtube.fr\/index.php\/2023\/04\/10\/directive-europeenne-coup-de-massue-contre-les-passoires-energetiques\/#respond"]}]},{"@type":"WebPage","@id":"https:\/\/webtube.fr\/index.php\/2023\/04\/10\/directive-europeenne-coup-de-massue-contre-les-passoires-energetiques\/","url":"https:\/\/webtube.fr\/index.php\/2023\/04\/10\/directive-europeenne-coup-de-massue-contre-les-passoires-energetiques\/","name":"Directive europ\u00e9enne : coup de massue contre les passoires \u00e9nerg\u00e9tiques - # WEBTUBE.fr","isPartOf":{"@id":"https:\/\/webtube.fr\/#website"},"primaryImageOfPage":{"@id":"https:\/\/webtube.fr\/index.php\/2023\/04\/10\/directive-europeenne-coup-de-massue-contre-les-passoires-energetiques\/#primaryimage"},"image":{"@id":"https:\/\/webtube.fr\/index.php\/2023\/04\/10\/directive-europeenne-coup-de-massue-contre-les-passoires-energetiques\/#primaryimage"},"thumbnailUrl":"https:\/\/d3qigl3j0c210w.cloudfront.net\/articles\/e4020d16-30ae-42da-8888-11cde5c72378","datePublished":"2023-04-10T06:24:40+00:00","breadcrumb":{"@id":"https:\/\/webtube.fr\/index.php\/2023\/04\/10\/directive-europeenne-coup-de-massue-contre-les-passoires-energetiques\/#breadcrumb"},"inLanguage":"fr-FR","potentialAction":[{"@type":"ReadAction","target":["https:\/\/webtube.fr\/index.php\/2023\/04\/10\/directive-europeenne-coup-de-massue-contre-les-passoires-energetiques\/"]}]},{"@type":"ImageObject","inLanguage":"fr-FR","@id":"https:\/\/webtube.fr\/index.php\/2023\/04\/10\/directive-europeenne-coup-de-massue-contre-les-passoires-energetiques\/#primaryimage","url":"https:\/\/d3qigl3j0c210w.cloudfront.net\/articles\/e4020d16-30ae-42da-8888-11cde5c72378","contentUrl":"https:\/\/d3qigl3j0c210w.cloudfront.net\/articles\/e4020d16-30ae-42da-8888-11cde5c72378"},{"@type":"BreadcrumbList","@id":"https:\/\/webtube.fr\/index.php\/2023\/04\/10\/directive-europeenne-coup-de-massue-contre-les-passoires-energetiques\/#breadcrumb","itemListElement":[{"@type":"ListItem","position":1,"name":"Accueil","item":"https:\/\/webtube.fr\/"},{"@type":"ListItem","position":2,"name":"Directive europ\u00e9enne : coup de massue contre les passoires \u00e9nerg\u00e9tiques"}]},{"@type":"WebSite","@id":"https:\/\/webtube.fr\/#website","url":"https:\/\/webtube.fr\/","name":"WEBTUBE","description":"WEBTUBE.fr  Streaming Vid\u00e9o and News , toutes les infos sans filtres !","publisher":{"@id":"https:\/\/webtube.fr\/#organization"},"alternateName":"Rutube","potentialAction":[{"@type":"SearchAction","target":{"@type":"EntryPoint","urlTemplate":"https:\/\/webtube.fr\/?s={search_term_string}"},"query-input":{"@type":"PropertyValueSpecification","valueRequired":true,"valueName":"search_term_string"}}],"inLanguage":"fr-FR"},{"@type":"Organization","@id":"https:\/\/webtube.fr\/#organization","name":"# WEBTUBE.fr","url":"https:\/\/webtube.fr\/","logo":{"@type":"ImageObject","inLanguage":"fr-FR","@id":"https:\/\/webtube.fr\/#\/schema\/logo\/image\/","url":"https:\/\/webtube.fr\/wp-content\/uploads\/2025\/09\/cropped-Logo_webtubeIA-1.jpg","contentUrl":"https:\/\/webtube.fr\/wp-content\/uploads\/2025\/09\/cropped-Logo_webtubeIA-1.jpg","width":240,"height":240,"caption":"# WEBTUBE.fr"},"image":{"@id":"https:\/\/webtube.fr\/#\/schema\/logo\/image\/"},"sameAs":["https:\/\/www.facebook.com\/profile.php?id=100069673161887","https:\/\/x.com\/OrtfNews","https:\/\/www.facebook.com\/profile.php?id=100013751440523"]},{"@type":"Person","@id":"https:\/\/webtube.fr\/#\/schema\/person\/dcc633686e0e2a79a6bf7b92c9507618","name":"admin5851","image":{"@type":"ImageObject","inLanguage":"fr-FR","@id":"https:\/\/secure.gravatar.com\/avatar\/ea1b672a827879c0febb022a108a871292b3d08fadc66a0a43fa47acfe82e38a?s=96&d=mm&r=g","url":"https:\/\/secure.gravatar.com\/avatar\/ea1b672a827879c0febb022a108a871292b3d08fadc66a0a43fa47acfe82e38a?s=96&d=mm&r=g","contentUrl":"https:\/\/secure.gravatar.com\/avatar\/ea1b672a827879c0febb022a108a871292b3d08fadc66a0a43fa47acfe82e38a?s=96&d=mm&r=g","caption":"admin5851"},"sameAs":["http:\/\/linlcju.cluster100.hosting.ovh.net"],"url":"https:\/\/webtube.fr\/index.php\/author\/admin5851\/"}]}},"jetpack_featured_media_url":"","jetpack_sharing_enabled":true,"_links":{"self":[{"href":"https:\/\/webtube.fr\/index.php\/wp-json\/wp\/v2\/posts\/21872","targetHints":{"allow":["GET"]}}],"collection":[{"href":"https:\/\/webtube.fr\/index.php\/wp-json\/wp\/v2\/posts"}],"about":[{"href":"https:\/\/webtube.fr\/index.php\/wp-json\/wp\/v2\/types\/post"}],"author":[{"embeddable":true,"href":"https:\/\/webtube.fr\/index.php\/wp-json\/wp\/v2\/users\/1"}],"replies":[{"embeddable":true,"href":"https:\/\/webtube.fr\/index.php\/wp-json\/wp\/v2\/comments?post=21872"}],"version-history":[{"count":0,"href":"https:\/\/webtube.fr\/index.php\/wp-json\/wp\/v2\/posts\/21872\/revisions"}],"wp:attachment":[{"href":"https:\/\/webtube.fr\/index.php\/wp-json\/wp\/v2\/media?parent=21872"}],"wp:term":[{"taxonomy":"category","embeddable":true,"href":"https:\/\/webtube.fr\/index.php\/wp-json\/wp\/v2\/categories?post=21872"},{"taxonomy":"post_tag","embeddable":true,"href":"https:\/\/webtube.fr\/index.php\/wp-json\/wp\/v2\/tags?post=21872"}],"curies":[{"name":"wp","href":"https:\/\/api.w.org\/{rel}","templated":true}]}}