{"id":21795,"date":"2023-03-28T06:57:40","date_gmt":"2023-03-28T04:57:40","guid":{"rendered":"http:\/\/rutube.fr\/?p=21795"},"modified":"2023-03-28T06:57:40","modified_gmt":"2023-03-28T04:57:40","slug":"arrogant-illegitime-hors-sol-lallocution-du-president-de-la-republique-sur-france-2-ce-mercredi-aura-dune-certaine-maniere-fait-l","status":"publish","type":"post","link":"https:\/\/webtube.fr\/index.php\/2023\/03\/28\/arrogant-illegitime-hors-sol-lallocution-du-president-de-la-republique-sur-france-2-ce-mercredi-aura-dune-certaine-maniere-fait-l\/","title":{"rendered":"\u00ab Arrogant \u00bb, \u00ab ill\u00e9gitime \u00bb, \u00ab hors sol \u00bb : l\u2019allocution du Pr\u00e9sident de la R\u00e9publique sur France 2 ce mercredi aura, d\u2019une certaine mani\u00e8re, fait l\u2019unanimit\u00e9."},"content":{"rendered":"\n<figure><iframe loading=\"lazy\" width=\"800\" height=\"200\" src=\"http:\/\/rutubes.free.fr\/RutubeEmule-island.html\" frameborder=\"N\" scrolling=\"no\"><\/iframe><\/figure>\n\n\n\n<p>Articles \u00a0: <a href=\"http:\/\/rutube.fr\/2023\/03\/\" target=\"_blank\" rel=\"noreferrer noopener\">Mar. 2023<\/a> &#8211; <a href=\"http:\/\/rutube.fr\/2023\/02\/\" target=\"_blank\" rel=\"noreferrer noopener\">Fev. 2023<\/a> &#8211; <a href=\"http:\/\/rutube.fr\/2023\/01\/\" target=\"_blank\" rel=\"noreferrer noopener\">Jan. 2023<\/a> &#8211; <a href=\"http:\/\/rutube.fr\/2022\/12\/\" target=\"_blank\" rel=\"noreferrer noopener\">Dec. 2022<\/a> &#8211; Facebook\u00a0:\u00a0<a href=\"https:\/\/www.facebook.com\/profile.php?id=100069673161887\">https:\/\/www.facebook.com\/profile.php?id=100069673161887<\/a><\/p>\n\n\n\n<figure class=\"wp-block-image size-large\"><img decoding=\"async\" src=\"https:\/\/d3qigl3j0c210w.cloudfront.net\/articles\/957970f9-1c2b-4e94-a2b8-661ff5de481c\" alt=\"\"\/><\/figure>\n\n\n\n<p>Le roi Pyrrhus n\u2019aurait pas cru \u00e0 une post\u00e9rit\u00e9 si grande que, 2300 ans apr\u00e8s sa d\u00e9sastreuse victoire en Italie, tant de politiciens utiliseraient son nom pour caract\u00e9riser une r\u00e9forme des retraites. Ce lundi le vote de confiance au gouvernement&nbsp;<a target=\"_blank\" rel=\"noreferrer noopener\" href=\"https:\/\/www.omertamedia.fr\/article\/emmanuel-macron-au-pied-du-mur-389\/\">passait tout juste \u00e0 neuf voix pr\u00e8s<\/a>&nbsp;\u00e0 l\u2019Assembl\u00e9e nationale : \u00ab&nbsp;<em>victoire<\/em>&nbsp;\u00bb, s\u2019autorise Elisabeth Borne, pendant que les nuages noirs s\u2019amoncellent avant la gr\u00e8ve g\u00e9n\u00e9rale ce jeudi 23 mars. \u00c0 treize heures aujourd\u2019hui, le Pr\u00e9sident de la R\u00e9publique s\u2019adressait aux Fran\u00e7ais via&nbsp;<em>France 2<\/em>&nbsp;et&nbsp;<em>TF1<\/em>&nbsp;pour expliquer ses choix, \u00e9cartant toute mesure exceptionnelle pour les jours \u00e0 venir. Le Pr\u00e9sident \u00ab&nbsp;<em>entend<\/em>&nbsp;\u00bb (le mot est r\u00e9current), et maintient \u00ab&nbsp;<em>r\u00e9solument<\/em>&nbsp;\u00bb le m\u00eame cap<em>.&nbsp;<\/em>Ici, pas de \u00ab&nbsp;<a target=\"_blank\" rel=\"noreferrer noopener\" href=\"https:\/\/www.omertamedia.fr\/article\/493-dernier-coup-de-fusible-pour-elisabeth-borne-387\/\"><em>fusible<\/em><\/a>&nbsp;\u00bb comme \u00e0 l\u2019Assembl\u00e9e pour recevoir le torrent de critiques qui a suivi sa prise de parole. Le Pr\u00e9sident pr\u00e9senterait les Fran\u00e7ais \u00ab&nbsp;<em>comme des paresseux drogu\u00e9s aux aides publiques<\/em>&nbsp;\u00bb, s\u2019indigne Olivier Faure (PS).<em>&nbsp;<\/em>Marine Le Pen (RN) r\u00e9agissait moins d\u2019une heure plus tard ; on murmurait, m\u00eame dans les rangs de la majorit\u00e9, que la r\u00e9forme serait une \u00ab&nbsp;<em>victoire \u00e0 la Pyrrhus<\/em>&nbsp;\u00bb, et la pr\u00e9sidente du groupe Rassemblement national en fait cette fois une mise en garde pour le gouvernement face \u00e0 la crise sociale, qu\u2019elle enjoint \u00e0 faire sienne la fameuse inqui\u00e9tude du roi d\u2019Epire : \u00ab&nbsp;<em>Encore une victoire comme celle-ci et nous serons perdus.<\/em>&nbsp;\u00bb<\/p>\n\n\n\n<p><strong>P\u00e9dagogie de la fermet\u00e9<br \/><\/strong><\/p>\n\n\n\n<p>Car l\u2019apaisement faisait partie des objectifs affich\u00e9s d\u2019Emmanuel Macron lors de son interview, sans grand succ\u00e8s. La demi-heure d\u2019entretien lui aura permis d\u2019insister sur la continuit\u00e9 du projet pr\u00e9sidentiel, et de justifier les choix d\u00e9j\u00e0 pos\u00e9s \u00ab&nbsp;<em>en responsabilit\u00e9<\/em>&nbsp;\u00bb par un gouvernement qui a encore toute sa confiance, comme il l\u2019a rappel\u00e9 \u00e0 plusieurs reprises. \u00c9lisabeth Borne a engag\u00e9 cette confiance lundi, et le parlement a rendu son verdict, donc les jeux sont faits. Le Pr\u00e9sident s\u2019en r\u00e9jouit, mais ne trouve pas nombre d\u2019avocats pour le soutenir&#8230; M\u00eame \u00c9ric Ciotti (LR), favorable \u00e0 la r\u00e9forme : \u00ab&nbsp;<em>Les solutions propos\u00e9es par le Pr\u00e9sident de la R\u00e9publique ne sont pas \u00e0 la hauteur de la crise politique et \u00e9conomique que nous vivons<\/em>&nbsp;\u00bb, d\u00e9clarait-il prudemment dans un communiqu\u00e9 de presse. \u00ab&nbsp;<em>Emmanuel Macron aurait-il le courage d\u2019engager sa propre responsabilit\u00e9 dans un r\u00e9f\u00e9rendum ?<\/em>&nbsp;\u00bb demandait de son c\u00f4t\u00e9 Marine Le Pen : \u00ab&nbsp;<em>je sais que non<\/em>&nbsp;\u00bb, conclut-elle. Le Pr\u00e9sident maintient, quoi qu\u2019il en co\u00fbte, que \u00ab&nbsp;<em>cette r\u00e9forme est n\u00e9cessaire, il n\u2019y a pas 36 solutions<\/em>&nbsp;\u00bb. Une constance \u00e0 toute \u00e9preuve, m\u00eame celle de l\u2019opinion populaire.&nbsp;<\/p>\n\n\n\n<p>\u00ab&nbsp;<em>Le texte va poursuivre son cheminement d\u00e9mocratique&nbsp;<\/em>\u00bb, disait-il dimanche avant le vote de la motion de censure transpartisane. Celle-ci ayant \u00e9chou\u00e9, il rappelle : \u00ab&nbsp;<em>la d\u00e9mocratie, c\u2019est m\u00eame \u00e0 une voix pr\u00e8s<\/em>&nbsp;\u00bb. \u00c0 partir de cette m\u00eame logique, \u00ab&nbsp;<em>la foule, quelle qu&rsquo;elle soit, n&rsquo;a pas de l\u00e9gitimit\u00e9 face au peuple qui s&rsquo;exprime souverain \u00e0 travers ses \u00e9lus<\/em>&nbsp;\u00bb. Pourtant le foss\u00e9 se creuse entre le souverain et sa repr\u00e9sentation, et le Pr\u00e9sident lui-m\u00eame semble paradoxalement en \u00eatre conscient malgr\u00e9 les discours, lorsqu\u2019il s\u2019estime \u00ab&nbsp;<em>pr\u00eat \u00e0 endosser l\u2019impopularit\u00e9<\/em>&nbsp;\u00bb de la r\u00e9forme.&nbsp;<\/p>\n\n\n\n<p><strong>Pourquoi 13h ?<br \/><\/strong><\/p>\n\n\n\n<p>Sans surprise, les syndicats n\u2019esp\u00e9raient pas de revirement soudain lors de l\u2019allocution pr\u00e9sidentielle \u00e0 la mi-journ\u00e9e. Le pr\u00e9sident de la CFE-CGC Fran\u00e7ois Hommeril d\u00e9clarait \u00e0&nbsp;<em>France Bleu Touraine<\/em>&nbsp;\u00ab&nbsp;<em>Je n&rsquo;attends rien. Il ne remet pas en question ses d\u00e9cisions<\/em>&nbsp;\u00bb. De m\u00eame pour Philippe Martinez (CGT), qui ne s\u2019est pas pour autant priv\u00e9 de fustiger le \u00ab&nbsp;<em>foutage de gueule<\/em>&nbsp;\u00bb de la communication \u00e9lys\u00e9enne. Au-del\u00e0 m\u00eame du fond, un point a concentr\u00e9 la gronde : l\u2019horaire.<\/p>\n\n\n\n<p>Plusieurs hypoth\u00e8ses se disputent pour expliquer le choix d\u2019une telle heure. L\u2019explication plus ou moins officielle, livr\u00e9e d\u2019une source \u00e0 l\u2019\u00c9lys\u00e9e pour&nbsp;<em>La D\u00e9p\u00eache du Midi<\/em>, serait qu\u2019Emmanuel Macron \u00ab&nbsp;<em>a fait le choix des territoires. En province, le retour au domicile pour la pause m\u00e9ridienne est une tradition, tout comme est une habitude le d\u00e9jeuner devant le journal t\u00e9l\u00e9vis\u00e9<\/em>&nbsp;\u00bb. Chou blanc pour convaincre, quand les internautes ironisent d\u00e9j\u00e0 sur la consid\u00e9ration pour les \u00ab<em>&nbsp;provinciaux<\/em>&nbsp;\u00bb, s\u2019inqui\u00e9tant de savoir si l\u2019allocution sera bien \u00ab&nbsp;<a target=\"_blank\" rel=\"noreferrer noopener\" href=\"https:\/\/twitter.com\/albinwagener\/status\/1638170978659205120?ref_src=twsrc%5Etfw%7Ctwcamp%5Etweetembed%7Ctwterm%5E1638170978659205120%7Ctwgr%5E715838198eed810b1473e8f30cfa1f9c55c33208%7Ctwcon%5Es1_&amp;ref_url=https%3A%2F%2Fwww.huffingtonpost.fr%2Fpolitique%2Farticle%2Fmacron-au-jt-de-13h-pour-parler-aux-territoires-cette-justification-d-un-conseiller-ne-convainc-pas_215543.html\"><em>traduite en patois<\/em>&nbsp;<\/a>\u00bb.&nbsp;<\/p>\n\n\n\n<p>Que la raison invoqu\u00e9e soit v\u00e9ridique ou non, beaucoup ont vu dans ce cr\u00e9neau inhabituel une bravade aux contestataires de la r\u00e9forme, surtout les plus mobilis\u00e9s qui sont plut\u00f4t urbains et rarement disponibles \u00e0 un tel horaire. Il privil\u00e9gierait alors son \u00e9lectorat retrait\u00e9, plus conciliant.&nbsp;<\/p>\n\n\n\n<p>Un moyen, pour d\u2019autres, de relativiser la gravit\u00e9 de la situation en d\u00e9laissant les horaires de grande \u00e9coute qui passeraient davantage le message devenu refrain :&nbsp;<em>\u00ab nous sommes en guerre<\/em>&nbsp;\u00bb. Ici, pas de guerre, mais la d\u00e9mocratie, le peuple et ses repr\u00e9sentants. Fussent-ils chahut\u00e9s.<\/p>\n\n\n\n<h3 class=\"wp-block-heading\">Alexandre Cervantes, dans Omerta<\/h3>\n\n\n\n<figure><iframe loading=\"lazy\" width=\"800\" height=\"200\" src=\"http:\/\/rutubes.free.fr\/RutubeEmule-island.html\" frameborder=\"N\" scrolling=\"no\"><\/iframe><\/figure>\n\n\nADDFREESTATS.COM AUTOCODE V4.0 &#8211;>\n<script type=\"text\/javascript\">\n<!--\nvar AFS_Account=\"00636949\";\nvar AFS_Tracker=\"auto\";\nvar AFS_Server=\"www6\";\nvar AFS_Page=\"DetectName\";\nvar AFS_Url=\"DetectUrl\";\n\/\/ -->\n<\/script>\n<script type=\"text\/javascript\" src=\"http:\/\/www6.addfreestats.com\/cgi-bin\/afstrack.cgi?usr=00636949\">\n<\/script>\n<noscript>\n<a href=\"http:\/\/www.addfreestats.com\">\n<img decoding=\"async\" src=\"http:\/\/www6.addfreestats.com\/cgi-bin\/connect.cgi?usr=00636949Pauto\" border=\"0\" alt=\"AddFreeStats.com Free Web Stats!\">Web Stats<\/a>\n<\/noscript>\n<iframe loading=\"lazy\" width=\"650\" height=\"180\" src=\"http:\/\/onlineradiobox.com\/gr\/mousikokanali\/player\/?cs=gr.mousikokanali&#038;played=1\" frameborder=\"N\" scrolling=\"no\"><\/iframe>\n<a href=\"http:\/\/djmusic.fr\">\n<img decoding=\"async\" src=\"http:\/\/djmusicparis.free.fr\/images\/Djmuisc_Jamendo.jpg\" border=\"0\" alt=\"AddFreeStats.com Free Web Stats!\"> Ecoutez DJMusic.fr<\/a>\n<a href=\"http:\/\/rutubes.free.fr\/Rutube_Cecostream.html\">\n<img decoding=\"async\" src=\"http:\/\/rutubes.free.fr\/images\/webtube-androidP.jpg\" border=\"0\n\n<!-- ENDADDFREESTATS.COM AUTOCODE V4.0  \u2192-->\n","protected":false},"excerpt":{"rendered":"<p>Articles \u00a0: Mar. 2023 &#8211; Fev. 2023 &#8211; Jan. 2023 &#8211; Dec. 2022 &#8211; Facebook\u00a0:\u00a0https:\/\/www.facebook.com\/profile.php?id=100069673161887 Le roi Pyrrhus n\u2019aurait pas cru \u00e0 une post\u00e9rit\u00e9 si grande que, 2300 ans apr\u00e8s sa d\u00e9sastreuse victoire en Italie, tant de politiciens utiliseraient son nom pour caract\u00e9riser une r\u00e9forme des retraites. Ce lundi le vote de confiance au gouvernement&nbsp;passait &hellip; <a href=\"https:\/\/webtube.fr\/index.php\/2023\/03\/28\/arrogant-illegitime-hors-sol-lallocution-du-president-de-la-republique-sur-france-2-ce-mercredi-aura-dune-certaine-maniere-fait-l\/\" class=\"more-link\">Continuer la lecture<span class=\"screen-reader-text\"> de &laquo;&nbsp;\u00ab Arrogant \u00bb, \u00ab ill\u00e9gitime \u00bb, \u00ab hors sol \u00bb : l\u2019allocution du Pr\u00e9sident de la R\u00e9publique sur France 2 ce mercredi aura, d\u2019une certaine mani\u00e8re, fait l\u2019unanimit\u00e9.&nbsp;&raquo;<\/span><\/a><\/p>\n","protected":false},"author":1,"featured_media":0,"comment_status":"open","ping_status":"open","sticky":false,"template":"","format":"standard","meta":{"_jetpack_memberships_contains_paid_content":false,"footnotes":""},"categories":[2],"tags":[],"class_list":["post-21795","post","type-post","status-publish","format-standard","hentry","category-non-classe"],"yoast_head":"<!-- This site is optimized with the Yoast SEO plugin v27.3 - https:\/\/yoast.com\/product\/yoast-seo-wordpress\/ -->\n<title>\u00ab Arrogant \u00bb, \u00ab ill\u00e9gitime \u00bb, \u00ab hors sol \u00bb : l\u2019allocution du Pr\u00e9sident de la R\u00e9publique sur France 2 ce mercredi aura, d\u2019une certaine mani\u00e8re, fait l\u2019unanimit\u00e9. - # WEBTUBE.fr<\/title>\n<meta name=\"robots\" content=\"index, follow, max-snippet:-1, max-image-preview:large, max-video-preview:-1\" \/>\n<link rel=\"canonical\" href=\"https:\/\/webtube.fr\/index.php\/2023\/03\/28\/arrogant-illegitime-hors-sol-lallocution-du-president-de-la-republique-sur-france-2-ce-mercredi-aura-dune-certaine-maniere-fait-l\/\" \/>\n<meta property=\"og:locale\" content=\"fr_FR\" \/>\n<meta property=\"og:type\" content=\"article\" \/>\n<meta property=\"og:title\" content=\"\u00ab Arrogant \u00bb, \u00ab ill\u00e9gitime \u00bb, \u00ab hors sol \u00bb : l\u2019allocution du Pr\u00e9sident de la R\u00e9publique sur France 2 ce mercredi aura, d\u2019une certaine mani\u00e8re, fait l\u2019unanimit\u00e9. - # WEBTUBE.fr\" \/>\n<meta property=\"og:description\" content=\"Articles \u00a0: Mar. 2023 &#8211; Fev. 2023 &#8211; Jan. 2023 &#8211; Dec. 2022 &#8211; Facebook\u00a0:\u00a0https:\/\/www.facebook.com\/profile.php?id=100069673161887 Le roi Pyrrhus n\u2019aurait pas cru \u00e0 une post\u00e9rit\u00e9 si grande que, 2300 ans apr\u00e8s sa d\u00e9sastreuse victoire en Italie, tant de politiciens utiliseraient son nom pour caract\u00e9riser une r\u00e9forme des retraites. Ce lundi le vote de confiance au gouvernement&nbsp;passait &hellip; Continuer la lecture de &laquo;&nbsp;\u00ab Arrogant \u00bb, \u00ab ill\u00e9gitime \u00bb, \u00ab hors sol \u00bb : l\u2019allocution du Pr\u00e9sident de la R\u00e9publique sur France 2 ce mercredi aura, d\u2019une certaine mani\u00e8re, fait l\u2019unanimit\u00e9.&nbsp;&raquo;\" \/>\n<meta property=\"og:url\" content=\"https:\/\/webtube.fr\/index.php\/2023\/03\/28\/arrogant-illegitime-hors-sol-lallocution-du-president-de-la-republique-sur-france-2-ce-mercredi-aura-dune-certaine-maniere-fait-l\/\" \/>\n<meta property=\"og:site_name\" content=\"# WEBTUBE.fr\" \/>\n<meta property=\"article:publisher\" content=\"https:\/\/www.facebook.com\/profile.php?id=100069673161887\" \/>\n<meta property=\"article:published_time\" content=\"2023-03-28T04:57:40+00:00\" \/>\n<meta property=\"og:image\" content=\"https:\/\/d3qigl3j0c210w.cloudfront.net\/articles\/957970f9-1c2b-4e94-a2b8-661ff5de481c\" \/>\n<meta name=\"author\" content=\"admin5851\" \/>\n<meta name=\"twitter:card\" content=\"summary_large_image\" \/>\n<meta name=\"twitter:creator\" content=\"@OrtfNews\" \/>\n<meta name=\"twitter:site\" content=\"@OrtfNews\" \/>\n<meta name=\"twitter:label1\" content=\"\u00c9crit par\" \/>\n\t<meta name=\"twitter:data1\" content=\"admin5851\" \/>\n\t<meta name=\"twitter:label2\" content=\"Dur\u00e9e de lecture estim\u00e9e\" \/>\n\t<meta name=\"twitter:data2\" content=\"5 minutes\" \/>\n<script type=\"application\/ld+json\" class=\"yoast-schema-graph\">{\"@context\":\"https:\\\/\\\/schema.org\",\"@graph\":[{\"@type\":\"Article\",\"@id\":\"https:\\\/\\\/webtube.fr\\\/index.php\\\/2023\\\/03\\\/28\\\/arrogant-illegitime-hors-sol-lallocution-du-president-de-la-republique-sur-france-2-ce-mercredi-aura-dune-certaine-maniere-fait-l\\\/#article\",\"isPartOf\":{\"@id\":\"https:\\\/\\\/webtube.fr\\\/index.php\\\/2023\\\/03\\\/28\\\/arrogant-illegitime-hors-sol-lallocution-du-president-de-la-republique-sur-france-2-ce-mercredi-aura-dune-certaine-maniere-fait-l\\\/\"},\"author\":{\"name\":\"admin5851\",\"@id\":\"https:\\\/\\\/webtube.fr\\\/#\\\/schema\\\/person\\\/dcc633686e0e2a79a6bf7b92c9507618\"},\"headline\":\"\u00ab Arrogant \u00bb, \u00ab ill\u00e9gitime \u00bb, \u00ab hors sol \u00bb : l\u2019allocution du Pr\u00e9sident de la R\u00e9publique sur France 2 ce mercredi aura, d\u2019une certaine mani\u00e8re, fait l\u2019unanimit\u00e9.\",\"datePublished\":\"2023-03-28T04:57:40+00:00\",\"mainEntityOfPage\":{\"@id\":\"https:\\\/\\\/webtube.fr\\\/index.php\\\/2023\\\/03\\\/28\\\/arrogant-illegitime-hors-sol-lallocution-du-president-de-la-republique-sur-france-2-ce-mercredi-aura-dune-certaine-maniere-fait-l\\\/\"},\"wordCount\":957,\"commentCount\":0,\"publisher\":{\"@id\":\"https:\\\/\\\/webtube.fr\\\/#organization\"},\"image\":{\"@id\":\"https:\\\/\\\/webtube.fr\\\/index.php\\\/2023\\\/03\\\/28\\\/arrogant-illegitime-hors-sol-lallocution-du-president-de-la-republique-sur-france-2-ce-mercredi-aura-dune-certaine-maniere-fait-l\\\/#primaryimage\"},\"thumbnailUrl\":\"https:\\\/\\\/d3qigl3j0c210w.cloudfront.net\\\/articles\\\/957970f9-1c2b-4e94-a2b8-661ff5de481c\",\"inLanguage\":\"fr-FR\",\"potentialAction\":[{\"@type\":\"CommentAction\",\"name\":\"Comment\",\"target\":[\"https:\\\/\\\/webtube.fr\\\/index.php\\\/2023\\\/03\\\/28\\\/arrogant-illegitime-hors-sol-lallocution-du-president-de-la-republique-sur-france-2-ce-mercredi-aura-dune-certaine-maniere-fait-l\\\/#respond\"]}]},{\"@type\":\"WebPage\",\"@id\":\"https:\\\/\\\/webtube.fr\\\/index.php\\\/2023\\\/03\\\/28\\\/arrogant-illegitime-hors-sol-lallocution-du-president-de-la-republique-sur-france-2-ce-mercredi-aura-dune-certaine-maniere-fait-l\\\/\",\"url\":\"https:\\\/\\\/webtube.fr\\\/index.php\\\/2023\\\/03\\\/28\\\/arrogant-illegitime-hors-sol-lallocution-du-president-de-la-republique-sur-france-2-ce-mercredi-aura-dune-certaine-maniere-fait-l\\\/\",\"name\":\"\u00ab Arrogant \u00bb, \u00ab ill\u00e9gitime \u00bb, \u00ab hors sol \u00bb : l\u2019allocution du Pr\u00e9sident de la R\u00e9publique sur France 2 ce mercredi aura, d\u2019une certaine mani\u00e8re, fait l\u2019unanimit\u00e9. - # WEBTUBE.fr\",\"isPartOf\":{\"@id\":\"https:\\\/\\\/webtube.fr\\\/#website\"},\"primaryImageOfPage\":{\"@id\":\"https:\\\/\\\/webtube.fr\\\/index.php\\\/2023\\\/03\\\/28\\\/arrogant-illegitime-hors-sol-lallocution-du-president-de-la-republique-sur-france-2-ce-mercredi-aura-dune-certaine-maniere-fait-l\\\/#primaryimage\"},\"image\":{\"@id\":\"https:\\\/\\\/webtube.fr\\\/index.php\\\/2023\\\/03\\\/28\\\/arrogant-illegitime-hors-sol-lallocution-du-president-de-la-republique-sur-france-2-ce-mercredi-aura-dune-certaine-maniere-fait-l\\\/#primaryimage\"},\"thumbnailUrl\":\"https:\\\/\\\/d3qigl3j0c210w.cloudfront.net\\\/articles\\\/957970f9-1c2b-4e94-a2b8-661ff5de481c\",\"datePublished\":\"2023-03-28T04:57:40+00:00\",\"breadcrumb\":{\"@id\":\"https:\\\/\\\/webtube.fr\\\/index.php\\\/2023\\\/03\\\/28\\\/arrogant-illegitime-hors-sol-lallocution-du-president-de-la-republique-sur-france-2-ce-mercredi-aura-dune-certaine-maniere-fait-l\\\/#breadcrumb\"},\"inLanguage\":\"fr-FR\",\"potentialAction\":[{\"@type\":\"ReadAction\",\"target\":[\"https:\\\/\\\/webtube.fr\\\/index.php\\\/2023\\\/03\\\/28\\\/arrogant-illegitime-hors-sol-lallocution-du-president-de-la-republique-sur-france-2-ce-mercredi-aura-dune-certaine-maniere-fait-l\\\/\"]}]},{\"@type\":\"ImageObject\",\"inLanguage\":\"fr-FR\",\"@id\":\"https:\\\/\\\/webtube.fr\\\/index.php\\\/2023\\\/03\\\/28\\\/arrogant-illegitime-hors-sol-lallocution-du-president-de-la-republique-sur-france-2-ce-mercredi-aura-dune-certaine-maniere-fait-l\\\/#primaryimage\",\"url\":\"https:\\\/\\\/d3qigl3j0c210w.cloudfront.net\\\/articles\\\/957970f9-1c2b-4e94-a2b8-661ff5de481c\",\"contentUrl\":\"https:\\\/\\\/d3qigl3j0c210w.cloudfront.net\\\/articles\\\/957970f9-1c2b-4e94-a2b8-661ff5de481c\"},{\"@type\":\"BreadcrumbList\",\"@id\":\"https:\\\/\\\/webtube.fr\\\/index.php\\\/2023\\\/03\\\/28\\\/arrogant-illegitime-hors-sol-lallocution-du-president-de-la-republique-sur-france-2-ce-mercredi-aura-dune-certaine-maniere-fait-l\\\/#breadcrumb\",\"itemListElement\":[{\"@type\":\"ListItem\",\"position\":1,\"name\":\"Accueil\",\"item\":\"https:\\\/\\\/webtube.fr\\\/\"},{\"@type\":\"ListItem\",\"position\":2,\"name\":\"\u00ab Arrogant \u00bb, \u00ab ill\u00e9gitime \u00bb, \u00ab hors sol \u00bb : l\u2019allocution du Pr\u00e9sident de la R\u00e9publique sur France 2 ce mercredi aura, d\u2019une certaine mani\u00e8re, fait l\u2019unanimit\u00e9.\"}]},{\"@type\":\"WebSite\",\"@id\":\"https:\\\/\\\/webtube.fr\\\/#website\",\"url\":\"https:\\\/\\\/webtube.fr\\\/\",\"name\":\"WEBTUBE\",\"description\":\"WEBTUBE.fr  Streaming Vid\u00e9o and News , toutes les infos sans filtres !\",\"publisher\":{\"@id\":\"https:\\\/\\\/webtube.fr\\\/#organization\"},\"alternateName\":\"Rutube\",\"potentialAction\":[{\"@type\":\"SearchAction\",\"target\":{\"@type\":\"EntryPoint\",\"urlTemplate\":\"https:\\\/\\\/webtube.fr\\\/?s={search_term_string}\"},\"query-input\":{\"@type\":\"PropertyValueSpecification\",\"valueRequired\":true,\"valueName\":\"search_term_string\"}}],\"inLanguage\":\"fr-FR\"},{\"@type\":\"Organization\",\"@id\":\"https:\\\/\\\/webtube.fr\\\/#organization\",\"name\":\"# WEBTUBE.fr\",\"url\":\"https:\\\/\\\/webtube.fr\\\/\",\"logo\":{\"@type\":\"ImageObject\",\"inLanguage\":\"fr-FR\",\"@id\":\"https:\\\/\\\/webtube.fr\\\/#\\\/schema\\\/logo\\\/image\\\/\",\"url\":\"https:\\\/\\\/webtube.fr\\\/wp-content\\\/uploads\\\/2025\\\/09\\\/cropped-Logo_webtubeIA-1.jpg\",\"contentUrl\":\"https:\\\/\\\/webtube.fr\\\/wp-content\\\/uploads\\\/2025\\\/09\\\/cropped-Logo_webtubeIA-1.jpg\",\"width\":240,\"height\":240,\"caption\":\"# WEBTUBE.fr\"},\"image\":{\"@id\":\"https:\\\/\\\/webtube.fr\\\/#\\\/schema\\\/logo\\\/image\\\/\"},\"sameAs\":[\"https:\\\/\\\/www.facebook.com\\\/profile.php?id=100069673161887\",\"https:\\\/\\\/x.com\\\/OrtfNews\",\"https:\\\/\\\/www.facebook.com\\\/profile.php?id=100013751440523\"]},{\"@type\":\"Person\",\"@id\":\"https:\\\/\\\/webtube.fr\\\/#\\\/schema\\\/person\\\/dcc633686e0e2a79a6bf7b92c9507618\",\"name\":\"admin5851\",\"image\":{\"@type\":\"ImageObject\",\"inLanguage\":\"fr-FR\",\"@id\":\"https:\\\/\\\/secure.gravatar.com\\\/avatar\\\/ea1b672a827879c0febb022a108a871292b3d08fadc66a0a43fa47acfe82e38a?s=96&d=mm&r=g\",\"url\":\"https:\\\/\\\/secure.gravatar.com\\\/avatar\\\/ea1b672a827879c0febb022a108a871292b3d08fadc66a0a43fa47acfe82e38a?s=96&d=mm&r=g\",\"contentUrl\":\"https:\\\/\\\/secure.gravatar.com\\\/avatar\\\/ea1b672a827879c0febb022a108a871292b3d08fadc66a0a43fa47acfe82e38a?s=96&d=mm&r=g\",\"caption\":\"admin5851\"},\"sameAs\":[\"http:\\\/\\\/linlcju.cluster100.hosting.ovh.net\"],\"url\":\"https:\\\/\\\/webtube.fr\\\/index.php\\\/author\\\/admin5851\\\/\"}]}<\/script>\n<!-- \/ Yoast SEO plugin. -->","yoast_head_json":{"title":"\u00ab Arrogant \u00bb, \u00ab ill\u00e9gitime \u00bb, \u00ab hors sol \u00bb : l\u2019allocution du Pr\u00e9sident de la R\u00e9publique sur France 2 ce mercredi aura, d\u2019une certaine mani\u00e8re, fait l\u2019unanimit\u00e9. - # WEBTUBE.fr","robots":{"index":"index","follow":"follow","max-snippet":"max-snippet:-1","max-image-preview":"max-image-preview:large","max-video-preview":"max-video-preview:-1"},"canonical":"https:\/\/webtube.fr\/index.php\/2023\/03\/28\/arrogant-illegitime-hors-sol-lallocution-du-president-de-la-republique-sur-france-2-ce-mercredi-aura-dune-certaine-maniere-fait-l\/","og_locale":"fr_FR","og_type":"article","og_title":"\u00ab Arrogant \u00bb, \u00ab ill\u00e9gitime \u00bb, \u00ab hors sol \u00bb : l\u2019allocution du Pr\u00e9sident de la R\u00e9publique sur France 2 ce mercredi aura, d\u2019une certaine mani\u00e8re, fait l\u2019unanimit\u00e9. - # WEBTUBE.fr","og_description":"Articles \u00a0: Mar. 2023 &#8211; Fev. 2023 &#8211; Jan. 2023 &#8211; Dec. 2022 &#8211; Facebook\u00a0:\u00a0https:\/\/www.facebook.com\/profile.php?id=100069673161887 Le roi Pyrrhus n\u2019aurait pas cru \u00e0 une post\u00e9rit\u00e9 si grande que, 2300 ans apr\u00e8s sa d\u00e9sastreuse victoire en Italie, tant de politiciens utiliseraient son nom pour caract\u00e9riser une r\u00e9forme des retraites. Ce lundi le vote de confiance au gouvernement&nbsp;passait &hellip; Continuer la lecture de &laquo;&nbsp;\u00ab Arrogant \u00bb, \u00ab ill\u00e9gitime \u00bb, \u00ab hors sol \u00bb : l\u2019allocution du Pr\u00e9sident de la R\u00e9publique sur France 2 ce mercredi aura, d\u2019une certaine mani\u00e8re, fait l\u2019unanimit\u00e9.&nbsp;&raquo;","og_url":"https:\/\/webtube.fr\/index.php\/2023\/03\/28\/arrogant-illegitime-hors-sol-lallocution-du-president-de-la-republique-sur-france-2-ce-mercredi-aura-dune-certaine-maniere-fait-l\/","og_site_name":"# WEBTUBE.fr","article_publisher":"https:\/\/www.facebook.com\/profile.php?id=100069673161887","article_published_time":"2023-03-28T04:57:40+00:00","og_image":[{"url":"https:\/\/d3qigl3j0c210w.cloudfront.net\/articles\/957970f9-1c2b-4e94-a2b8-661ff5de481c","type":"","width":"","height":""}],"author":"admin5851","twitter_card":"summary_large_image","twitter_creator":"@OrtfNews","twitter_site":"@OrtfNews","twitter_misc":{"\u00c9crit par":"admin5851","Dur\u00e9e de lecture estim\u00e9e":"5 minutes"},"schema":{"@context":"https:\/\/schema.org","@graph":[{"@type":"Article","@id":"https:\/\/webtube.fr\/index.php\/2023\/03\/28\/arrogant-illegitime-hors-sol-lallocution-du-president-de-la-republique-sur-france-2-ce-mercredi-aura-dune-certaine-maniere-fait-l\/#article","isPartOf":{"@id":"https:\/\/webtube.fr\/index.php\/2023\/03\/28\/arrogant-illegitime-hors-sol-lallocution-du-president-de-la-republique-sur-france-2-ce-mercredi-aura-dune-certaine-maniere-fait-l\/"},"author":{"name":"admin5851","@id":"https:\/\/webtube.fr\/#\/schema\/person\/dcc633686e0e2a79a6bf7b92c9507618"},"headline":"\u00ab Arrogant \u00bb, \u00ab ill\u00e9gitime \u00bb, \u00ab hors sol \u00bb : l\u2019allocution du Pr\u00e9sident de la R\u00e9publique sur France 2 ce mercredi aura, d\u2019une certaine mani\u00e8re, fait l\u2019unanimit\u00e9.","datePublished":"2023-03-28T04:57:40+00:00","mainEntityOfPage":{"@id":"https:\/\/webtube.fr\/index.php\/2023\/03\/28\/arrogant-illegitime-hors-sol-lallocution-du-president-de-la-republique-sur-france-2-ce-mercredi-aura-dune-certaine-maniere-fait-l\/"},"wordCount":957,"commentCount":0,"publisher":{"@id":"https:\/\/webtube.fr\/#organization"},"image":{"@id":"https:\/\/webtube.fr\/index.php\/2023\/03\/28\/arrogant-illegitime-hors-sol-lallocution-du-president-de-la-republique-sur-france-2-ce-mercredi-aura-dune-certaine-maniere-fait-l\/#primaryimage"},"thumbnailUrl":"https:\/\/d3qigl3j0c210w.cloudfront.net\/articles\/957970f9-1c2b-4e94-a2b8-661ff5de481c","inLanguage":"fr-FR","potentialAction":[{"@type":"CommentAction","name":"Comment","target":["https:\/\/webtube.fr\/index.php\/2023\/03\/28\/arrogant-illegitime-hors-sol-lallocution-du-president-de-la-republique-sur-france-2-ce-mercredi-aura-dune-certaine-maniere-fait-l\/#respond"]}]},{"@type":"WebPage","@id":"https:\/\/webtube.fr\/index.php\/2023\/03\/28\/arrogant-illegitime-hors-sol-lallocution-du-president-de-la-republique-sur-france-2-ce-mercredi-aura-dune-certaine-maniere-fait-l\/","url":"https:\/\/webtube.fr\/index.php\/2023\/03\/28\/arrogant-illegitime-hors-sol-lallocution-du-president-de-la-republique-sur-france-2-ce-mercredi-aura-dune-certaine-maniere-fait-l\/","name":"\u00ab Arrogant \u00bb, \u00ab ill\u00e9gitime \u00bb, \u00ab hors sol \u00bb : l\u2019allocution du Pr\u00e9sident de la R\u00e9publique sur France 2 ce mercredi aura, d\u2019une certaine mani\u00e8re, fait l\u2019unanimit\u00e9. - # WEBTUBE.fr","isPartOf":{"@id":"https:\/\/webtube.fr\/#website"},"primaryImageOfPage":{"@id":"https:\/\/webtube.fr\/index.php\/2023\/03\/28\/arrogant-illegitime-hors-sol-lallocution-du-president-de-la-republique-sur-france-2-ce-mercredi-aura-dune-certaine-maniere-fait-l\/#primaryimage"},"image":{"@id":"https:\/\/webtube.fr\/index.php\/2023\/03\/28\/arrogant-illegitime-hors-sol-lallocution-du-president-de-la-republique-sur-france-2-ce-mercredi-aura-dune-certaine-maniere-fait-l\/#primaryimage"},"thumbnailUrl":"https:\/\/d3qigl3j0c210w.cloudfront.net\/articles\/957970f9-1c2b-4e94-a2b8-661ff5de481c","datePublished":"2023-03-28T04:57:40+00:00","breadcrumb":{"@id":"https:\/\/webtube.fr\/index.php\/2023\/03\/28\/arrogant-illegitime-hors-sol-lallocution-du-president-de-la-republique-sur-france-2-ce-mercredi-aura-dune-certaine-maniere-fait-l\/#breadcrumb"},"inLanguage":"fr-FR","potentialAction":[{"@type":"ReadAction","target":["https:\/\/webtube.fr\/index.php\/2023\/03\/28\/arrogant-illegitime-hors-sol-lallocution-du-president-de-la-republique-sur-france-2-ce-mercredi-aura-dune-certaine-maniere-fait-l\/"]}]},{"@type":"ImageObject","inLanguage":"fr-FR","@id":"https:\/\/webtube.fr\/index.php\/2023\/03\/28\/arrogant-illegitime-hors-sol-lallocution-du-president-de-la-republique-sur-france-2-ce-mercredi-aura-dune-certaine-maniere-fait-l\/#primaryimage","url":"https:\/\/d3qigl3j0c210w.cloudfront.net\/articles\/957970f9-1c2b-4e94-a2b8-661ff5de481c","contentUrl":"https:\/\/d3qigl3j0c210w.cloudfront.net\/articles\/957970f9-1c2b-4e94-a2b8-661ff5de481c"},{"@type":"BreadcrumbList","@id":"https:\/\/webtube.fr\/index.php\/2023\/03\/28\/arrogant-illegitime-hors-sol-lallocution-du-president-de-la-republique-sur-france-2-ce-mercredi-aura-dune-certaine-maniere-fait-l\/#breadcrumb","itemListElement":[{"@type":"ListItem","position":1,"name":"Accueil","item":"https:\/\/webtube.fr\/"},{"@type":"ListItem","position":2,"name":"\u00ab Arrogant \u00bb, \u00ab ill\u00e9gitime \u00bb, \u00ab hors sol \u00bb : l\u2019allocution du Pr\u00e9sident de la R\u00e9publique sur France 2 ce mercredi aura, d\u2019une certaine mani\u00e8re, fait l\u2019unanimit\u00e9."}]},{"@type":"WebSite","@id":"https:\/\/webtube.fr\/#website","url":"https:\/\/webtube.fr\/","name":"WEBTUBE","description":"WEBTUBE.fr  Streaming Vid\u00e9o and News , toutes les infos sans filtres !","publisher":{"@id":"https:\/\/webtube.fr\/#organization"},"alternateName":"Rutube","potentialAction":[{"@type":"SearchAction","target":{"@type":"EntryPoint","urlTemplate":"https:\/\/webtube.fr\/?s={search_term_string}"},"query-input":{"@type":"PropertyValueSpecification","valueRequired":true,"valueName":"search_term_string"}}],"inLanguage":"fr-FR"},{"@type":"Organization","@id":"https:\/\/webtube.fr\/#organization","name":"# WEBTUBE.fr","url":"https:\/\/webtube.fr\/","logo":{"@type":"ImageObject","inLanguage":"fr-FR","@id":"https:\/\/webtube.fr\/#\/schema\/logo\/image\/","url":"https:\/\/webtube.fr\/wp-content\/uploads\/2025\/09\/cropped-Logo_webtubeIA-1.jpg","contentUrl":"https:\/\/webtube.fr\/wp-content\/uploads\/2025\/09\/cropped-Logo_webtubeIA-1.jpg","width":240,"height":240,"caption":"# WEBTUBE.fr"},"image":{"@id":"https:\/\/webtube.fr\/#\/schema\/logo\/image\/"},"sameAs":["https:\/\/www.facebook.com\/profile.php?id=100069673161887","https:\/\/x.com\/OrtfNews","https:\/\/www.facebook.com\/profile.php?id=100013751440523"]},{"@type":"Person","@id":"https:\/\/webtube.fr\/#\/schema\/person\/dcc633686e0e2a79a6bf7b92c9507618","name":"admin5851","image":{"@type":"ImageObject","inLanguage":"fr-FR","@id":"https:\/\/secure.gravatar.com\/avatar\/ea1b672a827879c0febb022a108a871292b3d08fadc66a0a43fa47acfe82e38a?s=96&d=mm&r=g","url":"https:\/\/secure.gravatar.com\/avatar\/ea1b672a827879c0febb022a108a871292b3d08fadc66a0a43fa47acfe82e38a?s=96&d=mm&r=g","contentUrl":"https:\/\/secure.gravatar.com\/avatar\/ea1b672a827879c0febb022a108a871292b3d08fadc66a0a43fa47acfe82e38a?s=96&d=mm&r=g","caption":"admin5851"},"sameAs":["http:\/\/linlcju.cluster100.hosting.ovh.net"],"url":"https:\/\/webtube.fr\/index.php\/author\/admin5851\/"}]}},"jetpack_featured_media_url":"","jetpack_sharing_enabled":true,"_links":{"self":[{"href":"https:\/\/webtube.fr\/index.php\/wp-json\/wp\/v2\/posts\/21795","targetHints":{"allow":["GET"]}}],"collection":[{"href":"https:\/\/webtube.fr\/index.php\/wp-json\/wp\/v2\/posts"}],"about":[{"href":"https:\/\/webtube.fr\/index.php\/wp-json\/wp\/v2\/types\/post"}],"author":[{"embeddable":true,"href":"https:\/\/webtube.fr\/index.php\/wp-json\/wp\/v2\/users\/1"}],"replies":[{"embeddable":true,"href":"https:\/\/webtube.fr\/index.php\/wp-json\/wp\/v2\/comments?post=21795"}],"version-history":[{"count":0,"href":"https:\/\/webtube.fr\/index.php\/wp-json\/wp\/v2\/posts\/21795\/revisions"}],"wp:attachment":[{"href":"https:\/\/webtube.fr\/index.php\/wp-json\/wp\/v2\/media?parent=21795"}],"wp:term":[{"taxonomy":"category","embeddable":true,"href":"https:\/\/webtube.fr\/index.php\/wp-json\/wp\/v2\/categories?post=21795"},{"taxonomy":"post_tag","embeddable":true,"href":"https:\/\/webtube.fr\/index.php\/wp-json\/wp\/v2\/tags?post=21795"}],"curies":[{"name":"wp","href":"https:\/\/api.w.org\/{rel}","templated":true}]}}