{"id":21697,"date":"2023-03-17T05:23:48","date_gmt":"2023-03-17T04:23:48","guid":{"rendered":"http:\/\/rutube.fr\/?p=21697"},"modified":"2023-03-17T05:23:48","modified_gmt":"2023-03-17T04:23:48","slug":"enquete-cette-trouble-association-humanitaire-islamique-couverte-dor-par-leurope","status":"publish","type":"post","link":"https:\/\/webtube.fr\/index.php\/2023\/03\/17\/enquete-cette-trouble-association-humanitaire-islamique-couverte-dor-par-leurope\/","title":{"rendered":"Enqu\u00eate : cette trouble association \u00ab humanitaire \u00bb islamique couverte d\u2019or par l\u2019Europe"},"content":{"rendered":"\n<figure><iframe loading=\"lazy\" width=\"800\" height=\"200\" src=\"http:\/\/rutubes.free.fr\/RutubeEmule-island.html\" frameborder=\"N\" scrolling=\"no\"><\/iframe><\/figure>\n\n\n\n<p>Articles \u00a0: <a href=\"http:\/\/rutube.fr\/2023\/03\/\" target=\"_blank\" rel=\"noreferrer noopener\">Mar. 2023<\/a> &#8211; <a href=\"http:\/\/rutube.fr\/2023\/02\/\" target=\"_blank\" rel=\"noreferrer noopener\">Fev. 2023<\/a> &#8211; <a href=\"http:\/\/rutube.fr\/2023\/01\/\" target=\"_blank\" rel=\"noreferrer noopener\">Jan. 2023<\/a> &#8211; <a href=\"http:\/\/rutube.fr\/2022\/12\/\" target=\"_blank\" rel=\"noreferrer noopener\">Dec. 2022<\/a> &#8211; Facebook\u00a0:\u00a0<a href=\"https:\/\/www.facebook.com\/profile.php?id=100069673161887\">https:\/\/www.facebook.com\/profile.php?id=100069673161887<\/a><\/p>\n\n\n\n<figure class=\"wp-block-image size-large\"><img decoding=\"async\" src=\"https:\/\/www.bvoltaire.fr\/media\/2018\/09\/2018-07-19-17-26-23-1200x800-845x475.jpg\" alt=\"\"\/><\/figure>\n\n\n\n<p>Ce mercredi 15 mars, les institutions europ\u00e9ennes promeuvent, notamment par la voix de&nbsp;<a href=\"https:\/\/twitter.com\/MarionLalisse\/status\/1635688913145671698?s=20\">Marion Lalisse<\/a>, nouvelle coordinatrice de la lutte contre la haine anti-musulmane, la Journ\u00e9e contre l\u2019islamophobie. Discours en arabe, promotion du hijab, sensibilisation \u00e0 l\u2019islamophobie\u2026 Tous ces r\u00e9cents signaux t\u00e9moignent de l\u2019influence grandissante de l\u2019islam radical \u00e0 Bruxelles. Sous couvert d\u2019antiracisme, de valorisation de la jeunesse musulmane et d\u2019actions humanitaires, des associations islamistes parviennent \u00e0 d\u00e9crocher d\u2019importantes subventions europ\u00e9ennes. Selon l\u2019anthropologue Florence Bergeaud-Blackler, sp\u00e9cialiste du sujet et interrog\u00e9e par&nbsp;<em><a href=\"https:\/\/www.lefigaro.fr\/vox\/societe\/florence-bergeaud-blackler-l-ue-finance-des-associations-islamistes-a-hauteur-de-dizaines-de-millions-d-euros-20230308\">Le Figaro<\/a><\/em>, ces financements s\u2019\u00e9l\u00e8veraient&nbsp;<em>\u00ab&nbsp;\u00e0 hauteur de dizaines de millions d\u2019euros&nbsp;\u00bb<\/em>. Parmi les ONG concern\u00e9es,&nbsp;<a href=\"https:\/\/www.bvoltaire.fr\/sujet\/islamic-relief\/\">Islamic Relief<\/a>&nbsp;(Secours islamique) tire son \u00e9pingle du jeu, avec&nbsp;<a href=\"https:\/\/ecrgroup.eu\/files\/MuslimBrotherhood.pdf\">pr\u00e8s de 40 millions d\u2019euros de subsides europ\u00e9ens<\/a>&nbsp;re\u00e7us en une quinzaine d\u2019ann\u00e9es. Et ce, malgr\u00e9 des liens troubles entre l\u2019association et les Fr\u00e8res musulmans.<\/p>\n\n\n\n<p><strong>Antis\u00e9mitisme, terrorisme et Fr\u00e8res musulmans<\/strong><\/p>\n\n\n\n<p>Fond\u00e9 en 1984, Islamic Relief, organisation caritative musulmane, agit au niveau international aupr\u00e8s des&nbsp;<em>\u00ab&nbsp;<a href=\"https:\/\/islamic-relief.org\/about-us\/our-history\/\">populations vuln\u00e9rables<\/a>&nbsp;\u00bb<\/em>. En Syrie, Turquie, Bosnie-Herz\u00e9govine\u2026 l\u2019association vient en aide aux personnes touch\u00e9es par la famine, les ph\u00e9nom\u00e8nes naturels ou le manque d\u2019instruction. Derri\u00e8re cette vitrine bien lisse,&nbsp;<a href=\"https:\/\/www.bvoltaire.fr\/sujet\/islamic-relief\/\">Islamic Relief<\/a>&nbsp;fait face, depuis plusieurs ann\u00e9es, \u00e0 de nombreuses pol\u00e9miques. En 2020, Tayeb Abdoun, ancien dirigeant de l\u2019association,&nbsp;<a href=\"https:\/\/www.jpost.com\/diaspora\/antisemitism\/islamic-aid-director-resigns-after-getting-called-out-for-antisemitism-649171\">\u00e9tait accus\u00e9 d\u2019antis\u00e9mitisme<\/a>. La m\u00eame ann\u00e9e, le&nbsp;<em><a href=\"https:\/\/www.thetimes.co.uk\/article\/islamic-relief-leader-quits-as-times-discovers-antisemitic-posts-5dplrw9vv\">Times<\/a><\/em>&nbsp;r\u00e9v\u00e8le que Heshmat Khalifa, autre membre \u00e9minent de l\u2019ONG, \u00e9tait contraint de d\u00e9missionner apr\u00e8s avoir qualifi\u00e9 les Juifs de&nbsp;<em>\u00ab petits enfants de singes et cochons&nbsp;\u00bb<\/em>.<\/p>\n\n\n\n<p>\u00c0 ces scandales s\u2019ajoute la proximit\u00e9 pr\u00e9sum\u00e9e entre&nbsp;<a href=\"https:\/\/www.bvoltaire.fr\/sujet\/islamic-relief\/\">Islamic Relief<\/a>&nbsp;et les Fr\u00e8res musulmans. Comme l\u2019explique Kamal el-Helbawy, ancien membre de la confr\u00e9rie,&nbsp;<a href=\"https:\/\/ecrgroup.eu\/files\/MuslimBrotherhood.pdf\">dans le livre&nbsp;<em>The Closed Circle<\/em><\/a>&nbsp;:&nbsp;<em>\u00ab&nbsp;Les dirigeants d\u2019<a href=\"https:\/\/www.bvoltaire.fr\/sujet\/islamic-relief\/\">Islamic Relief<\/a>&nbsp;sont des Fr\u00e8res musulmans.&nbsp;\u00bb<\/em>&nbsp;Une affirmation&nbsp;<a href=\"https:\/\/islamic-relief.org\/news\/response-to-allegations-of-links-to-muslim-brotherhood\/\">r\u00e9fut\u00e9e par l\u2019ONG<\/a>, et ce, alors m\u00eame que l\u2019un de ses cofondateurs, Essam el-Haddad, a \u00e9t\u00e9&nbsp;<a href=\"https:\/\/www.challenges.fr\/economie\/egypte-un-conseiller-de-morsi-denonce-un-coup-d-etat-militaire_196323.amp\">conseiller du pr\u00e9sident \u00e9gyptien Mohamed Morsi<\/a>, membre notoire des Fr\u00e8res musulmans. D\u2019autre part, le gouvernement f\u00e9d\u00e9ral allemand,&nbsp;<a href=\"https:\/\/www.welt.de\/politik\/deutschland\/plus230631181\/EU-Finanzierung-Geldsegen-fuer-Islamisten.html\">en avril 2019<\/a>, consid\u00e8re que l\u2019antenne allemande de l\u2019association entretient&nbsp;<em>\u00ab&nbsp;des liens personnels importants avec les Fr\u00e8res musulmans ou des organisations qui leur sont li\u00e9es&nbsp;\u00bb<\/em>. Plus grave encore, Isra\u00ebl, tout comme les \u00c9mirats arabes unis, soup\u00e7onnant&nbsp;<a href=\"https:\/\/www.bvoltaire.fr\/sujet\/islamic-relief\/\">Islamic Relief<\/a>&nbsp;de faire partie du syst\u00e8me de financement du Hamas,&nbsp;<a href=\"https:\/\/www.welt.de\/politik\/ausland\/article230805367\/Israels-Regierung-besorgt-ueber-EU-Foerderung-von-Islamic-Relief.html\">classe l\u2019ONG sur sa liste des organisations terroristes.<\/a><\/p>\n\n\n\n<p><strong>14 millions d\u2019euros en six ans<\/strong><\/p>\n\n\n\n<p>Malgr\u00e9 ces \u00e9l\u00e9ments et de nombreuses mises en garde, l\u2019Union europ\u00e9enne continue de subventionner g\u00e9n\u00e9reusement l\u2019association musulmane. Entre 2014 et 2020,&nbsp;<a href=\"https:\/\/ec.europa.eu\/budget\/financial-transparency-system\/analysis_fr.html\">selon le site de transparence financi\u00e8re de l\u2019UE<\/a>, l\u2019ONG a ainsi re\u00e7u pr\u00e8s de 14 millions d\u2019euros ! En 2020, date de la derni\u00e8re subvention enregistr\u00e9e,&nbsp;<a href=\"https:\/\/www.bvoltaire.fr\/sujet\/islamic-relief\/\">Islamic Relief<\/a>&nbsp;a per\u00e7u 35.125 euros dans le cadre du programme&nbsp;<em>Awareness with human action<\/em>, un projet europ\u00e9en pour aider la collaboration des responsables religieux. Pour l&rsquo;ann\u00e9e 2019, la seule branche allemande d\u2019<a href=\"https:\/\/www.bvoltaire.fr\/sujet\/islamic-relief\/\">Islamic Relief<\/a>&nbsp;a, pour sa part, b\u00e9n\u00e9fici\u00e9 d\u2019une allocation de&nbsp;<a href=\"https:\/\/www.islamicrelief.de\/artikel\/wir-sind-keine-islamisten\/\">712.000 euros<\/a>. Ces aides financi\u00e8res sont, la plupart du temps, vers\u00e9es au titre de l\u2019aide humanitaire.<\/p>\n\n\n\n<p>\u00c0 ces subventions europ\u00e9ennes s\u2019ajoutent les aides vers\u00e9es directement par les \u00c9tats membres. Le Middle East Forum note ainsi,&nbsp;<a href=\"https:\/\/www.meforum.org\/MiddleEastForum\/media\/MEFLibrary\/pdf\/Islamic-Relief-Dossier-v3.pdf\">dans son rapport de 2018<\/a>, qu\u2019une aide de 1,1 million de dollars a \u00e9t\u00e9 vers\u00e9e \u00e0 l\u2019ONG par le gouvernement espagnol en 2011\/2012. La Su\u00e8de lui a \u00e9galement attribu\u00e9 une aide 6,8 millions de dollars. La France, quant \u00e0 elle, verse pr\u00e8s de 2 millions d\u2019euros au Secours islamique fran\u00e7ais,&nbsp;<a href=\"https:\/\/www.senat.fr\/questions\/base\/2021\/qSEQ211125205.html\">association proche d&rsquo;Islamic Relief<\/a>. Outre ces aides financi\u00e8res,&nbsp;<a href=\"https:\/\/www.bvoltaire.fr\/sujet\/islamic-relief\/\">Islamic Relief<\/a>&nbsp;a \u00e9t\u00e9 d\u00e9sign\u00e9 \u00ab&nbsp;<a href=\"https:\/\/civil-protection-humanitarian-aid.ec.europa.eu\/system\/files\/2023-01\/List%20of%20certified%20NGOs%2003.01.2023.pdf\">partenaire humanitaire&nbsp;<\/a>\u00bb de la Commission europ\u00e9enne jusqu\u2019en 2027.<\/p>\n\n\n\n<p><a href=\"https:\/\/www.europarl.europa.eu\/doceo\/document\/E-9-2021-002816_FR.html\">Maintes fois interrog\u00e9es<\/a>\u00a0sur la pertinence de continuer \u00e0 verser de g\u00e9n\u00e9reuses subventions \u00e0 Islamic Relief, dont certaines activit\u00e9s semblent en contradiction avec la charte des valeurs de l\u2019Union europ\u00e9enne, les institutions europ\u00e9ennes assurent se montrer vigilantes et n\u2019avoir, \u00e0 ce jour,\u00a0<a href=\"https:\/\/www.europarl.europa.eu\/doceo\/document\/E-9-2021-002816-ASW_FR.html\">trouv\u00e9 aucune preuve<\/a>\u00a0de quelconque compromission de l\u2019ONG musulmane&#8230; Mais\u00a0<a href=\"https:\/\/www.bvoltaire.fr\/sujet\/islamic-relief\/\">Islamic Relief<\/a>\u00a0n\u2019est peut-\u00eatre que la partie \u00e9merg\u00e9e de l\u2019iceberg. Combien d&rsquo;associations, compromises avec les Fr\u00e8res musulmans et plus discr\u00e8tes, r\u00e9ussissent \u00e9galement \u00e0 soutirer des aides financi\u00e8res \u00e0 l\u2019Union europ\u00e9enne ?<\/p>\n\n\n\n<p><a href=\"https:\/\/www.bvoltaire.fr\/auteur\/clemencedelongraye\/\">Cl\u00e9mence de Longraye<\/a>, Boulevard Voltaire<\/p>\n\n\n\n<figure><iframe loading=\"lazy\" width=\"800\" height=\"200\" src=\"http:\/\/rutubes.free.fr\/RutubeEmule-island.html\" frameborder=\"N\" scrolling=\"no\"><\/iframe><\/figure>\n\n\nADDFREESTATS.COM AUTOCODE V4.0 &#8211;>\n<script type=\"text\/javascript\">\n<!--\nvar AFS_Account=\"00636949\";\nvar AFS_Tracker=\"auto\";\nvar AFS_Server=\"www6\";\nvar AFS_Page=\"DetectName\";\nvar AFS_Url=\"DetectUrl\";\n\/\/ -->\n<\/script>\n<script type=\"text\/javascript\" src=\"http:\/\/www6.addfreestats.com\/cgi-bin\/afstrack.cgi?usr=00636949\">\n<\/script>\n<noscript>\n<a href=\"http:\/\/www.addfreestats.com\">\n<img decoding=\"async\" src=\"http:\/\/www6.addfreestats.com\/cgi-bin\/connect.cgi?usr=00636949Pauto\" border=\"0\" alt=\"AddFreeStats.com Free Web Stats!\">Web Stats<\/a>\n<\/noscript>\n<iframe loading=\"lazy\" width=\"650\" height=\"180\" src=\"http:\/\/onlineradiobox.com\/gr\/mousikokanali\/player\/?cs=gr.mousikokanali&#038;played=1\" frameborder=\"N\" scrolling=\"no\"><\/iframe>\n<a href=\"http:\/\/djmusic.fr\">\n<img decoding=\"async\" src=\"http:\/\/djmusicparis.free.fr\/images\/Djmuisc_Jamendo.jpg\" border=\"0\" alt=\"AddFreeStats.com Free Web Stats!\"> Ecoutez DJMusic.fr<\/a>\n<a href=\"http:\/\/rutubes.free.fr\/Rutube_Cecostream.html\">\n<img decoding=\"async\" src=\"http:\/\/rutubes.free.fr\/images\/webtube-androidP.jpg\" border=\"0\n\n<!-- ENDADDFREESTATS.COM AUTOCODE V4.0  \u2192-->\n","protected":false},"excerpt":{"rendered":"<p>Articles \u00a0: Mar. 2023 &#8211; Fev. 2023 &#8211; Jan. 2023 &#8211; Dec. 2022 &#8211; Facebook\u00a0:\u00a0https:\/\/www.facebook.com\/profile.php?id=100069673161887 Ce mercredi 15 mars, les institutions europ\u00e9ennes promeuvent, notamment par la voix de&nbsp;Marion Lalisse, nouvelle coordinatrice de la lutte contre la haine anti-musulmane, la Journ\u00e9e contre l\u2019islamophobie. Discours en arabe, promotion du hijab, sensibilisation \u00e0 l\u2019islamophobie\u2026 Tous ces r\u00e9cents signaux &hellip; <a href=\"https:\/\/webtube.fr\/index.php\/2023\/03\/17\/enquete-cette-trouble-association-humanitaire-islamique-couverte-dor-par-leurope\/\" class=\"more-link\">Continuer la lecture<span class=\"screen-reader-text\"> de &laquo;&nbsp;Enqu\u00eate : cette trouble association \u00ab humanitaire \u00bb islamique couverte d\u2019or par l\u2019Europe&nbsp;&raquo;<\/span><\/a><\/p>\n","protected":false},"author":1,"featured_media":0,"comment_status":"open","ping_status":"open","sticky":false,"template":"","format":"standard","meta":{"_jetpack_memberships_contains_paid_content":false,"footnotes":""},"categories":[2],"tags":[],"class_list":["post-21697","post","type-post","status-publish","format-standard","hentry","category-non-classe"],"yoast_head":"<!-- This site is optimized with the Yoast SEO plugin v27.3 - https:\/\/yoast.com\/product\/yoast-seo-wordpress\/ -->\n<title>Enqu\u00eate : cette trouble association \u00ab humanitaire \u00bb islamique couverte d\u2019or par l\u2019Europe - # WEBTUBE.fr<\/title>\n<meta name=\"robots\" content=\"index, follow, max-snippet:-1, max-image-preview:large, max-video-preview:-1\" \/>\n<link rel=\"canonical\" href=\"https:\/\/webtube.fr\/index.php\/2023\/03\/17\/enquete-cette-trouble-association-humanitaire-islamique-couverte-dor-par-leurope\/\" \/>\n<meta property=\"og:locale\" content=\"fr_FR\" \/>\n<meta property=\"og:type\" content=\"article\" \/>\n<meta property=\"og:title\" content=\"Enqu\u00eate : cette trouble association \u00ab humanitaire \u00bb islamique couverte d\u2019or par l\u2019Europe - # WEBTUBE.fr\" \/>\n<meta property=\"og:description\" content=\"Articles \u00a0: Mar. 2023 &#8211; Fev. 2023 &#8211; Jan. 2023 &#8211; Dec. 2022 &#8211; Facebook\u00a0:\u00a0https:\/\/www.facebook.com\/profile.php?id=100069673161887 Ce mercredi 15 mars, les institutions europ\u00e9ennes promeuvent, notamment par la voix de&nbsp;Marion Lalisse, nouvelle coordinatrice de la lutte contre la haine anti-musulmane, la Journ\u00e9e contre l\u2019islamophobie. Discours en arabe, promotion du hijab, sensibilisation \u00e0 l\u2019islamophobie\u2026 Tous ces r\u00e9cents signaux &hellip; Continuer la lecture de &laquo;&nbsp;Enqu\u00eate : cette trouble association \u00ab humanitaire \u00bb islamique couverte d\u2019or par l\u2019Europe&nbsp;&raquo;\" \/>\n<meta property=\"og:url\" content=\"https:\/\/webtube.fr\/index.php\/2023\/03\/17\/enquete-cette-trouble-association-humanitaire-islamique-couverte-dor-par-leurope\/\" \/>\n<meta property=\"og:site_name\" content=\"# WEBTUBE.fr\" \/>\n<meta property=\"article:publisher\" content=\"https:\/\/www.facebook.com\/profile.php?id=100069673161887\" \/>\n<meta property=\"article:published_time\" content=\"2023-03-17T04:23:48+00:00\" \/>\n<meta property=\"og:image\" content=\"https:\/\/www.bvoltaire.fr\/media\/2018\/09\/2018-07-19-17-26-23-1200x800-845x475.jpg\" \/>\n<meta name=\"author\" content=\"admin5851\" \/>\n<meta name=\"twitter:card\" content=\"summary_large_image\" \/>\n<meta name=\"twitter:creator\" content=\"@OrtfNews\" \/>\n<meta name=\"twitter:site\" content=\"@OrtfNews\" \/>\n<meta name=\"twitter:label1\" content=\"\u00c9crit par\" \/>\n\t<meta name=\"twitter:data1\" content=\"admin5851\" \/>\n\t<meta name=\"twitter:label2\" content=\"Dur\u00e9e de lecture estim\u00e9e\" \/>\n\t<meta name=\"twitter:data2\" content=\"5 minutes\" \/>\n<script type=\"application\/ld+json\" class=\"yoast-schema-graph\">{\"@context\":\"https:\\\/\\\/schema.org\",\"@graph\":[{\"@type\":\"Article\",\"@id\":\"https:\\\/\\\/webtube.fr\\\/index.php\\\/2023\\\/03\\\/17\\\/enquete-cette-trouble-association-humanitaire-islamique-couverte-dor-par-leurope\\\/#article\",\"isPartOf\":{\"@id\":\"https:\\\/\\\/webtube.fr\\\/index.php\\\/2023\\\/03\\\/17\\\/enquete-cette-trouble-association-humanitaire-islamique-couverte-dor-par-leurope\\\/\"},\"author\":{\"name\":\"admin5851\",\"@id\":\"https:\\\/\\\/webtube.fr\\\/#\\\/schema\\\/person\\\/dcc633686e0e2a79a6bf7b92c9507618\"},\"headline\":\"Enqu\u00eate : cette trouble association \u00ab humanitaire \u00bb islamique couverte d\u2019or par l\u2019Europe\",\"datePublished\":\"2023-03-17T04:23:48+00:00\",\"mainEntityOfPage\":{\"@id\":\"https:\\\/\\\/webtube.fr\\\/index.php\\\/2023\\\/03\\\/17\\\/enquete-cette-trouble-association-humanitaire-islamique-couverte-dor-par-leurope\\\/\"},\"wordCount\":839,\"commentCount\":0,\"publisher\":{\"@id\":\"https:\\\/\\\/webtube.fr\\\/#organization\"},\"image\":{\"@id\":\"https:\\\/\\\/webtube.fr\\\/index.php\\\/2023\\\/03\\\/17\\\/enquete-cette-trouble-association-humanitaire-islamique-couverte-dor-par-leurope\\\/#primaryimage\"},\"thumbnailUrl\":\"https:\\\/\\\/www.bvoltaire.fr\\\/media\\\/2018\\\/09\\\/2018-07-19-17-26-23-1200x800-845x475.jpg\",\"inLanguage\":\"fr-FR\",\"potentialAction\":[{\"@type\":\"CommentAction\",\"name\":\"Comment\",\"target\":[\"https:\\\/\\\/webtube.fr\\\/index.php\\\/2023\\\/03\\\/17\\\/enquete-cette-trouble-association-humanitaire-islamique-couverte-dor-par-leurope\\\/#respond\"]}]},{\"@type\":\"WebPage\",\"@id\":\"https:\\\/\\\/webtube.fr\\\/index.php\\\/2023\\\/03\\\/17\\\/enquete-cette-trouble-association-humanitaire-islamique-couverte-dor-par-leurope\\\/\",\"url\":\"https:\\\/\\\/webtube.fr\\\/index.php\\\/2023\\\/03\\\/17\\\/enquete-cette-trouble-association-humanitaire-islamique-couverte-dor-par-leurope\\\/\",\"name\":\"Enqu\u00eate : cette trouble association \u00ab humanitaire \u00bb islamique couverte d\u2019or par l\u2019Europe - # WEBTUBE.fr\",\"isPartOf\":{\"@id\":\"https:\\\/\\\/webtube.fr\\\/#website\"},\"primaryImageOfPage\":{\"@id\":\"https:\\\/\\\/webtube.fr\\\/index.php\\\/2023\\\/03\\\/17\\\/enquete-cette-trouble-association-humanitaire-islamique-couverte-dor-par-leurope\\\/#primaryimage\"},\"image\":{\"@id\":\"https:\\\/\\\/webtube.fr\\\/index.php\\\/2023\\\/03\\\/17\\\/enquete-cette-trouble-association-humanitaire-islamique-couverte-dor-par-leurope\\\/#primaryimage\"},\"thumbnailUrl\":\"https:\\\/\\\/www.bvoltaire.fr\\\/media\\\/2018\\\/09\\\/2018-07-19-17-26-23-1200x800-845x475.jpg\",\"datePublished\":\"2023-03-17T04:23:48+00:00\",\"breadcrumb\":{\"@id\":\"https:\\\/\\\/webtube.fr\\\/index.php\\\/2023\\\/03\\\/17\\\/enquete-cette-trouble-association-humanitaire-islamique-couverte-dor-par-leurope\\\/#breadcrumb\"},\"inLanguage\":\"fr-FR\",\"potentialAction\":[{\"@type\":\"ReadAction\",\"target\":[\"https:\\\/\\\/webtube.fr\\\/index.php\\\/2023\\\/03\\\/17\\\/enquete-cette-trouble-association-humanitaire-islamique-couverte-dor-par-leurope\\\/\"]}]},{\"@type\":\"ImageObject\",\"inLanguage\":\"fr-FR\",\"@id\":\"https:\\\/\\\/webtube.fr\\\/index.php\\\/2023\\\/03\\\/17\\\/enquete-cette-trouble-association-humanitaire-islamique-couverte-dor-par-leurope\\\/#primaryimage\",\"url\":\"https:\\\/\\\/www.bvoltaire.fr\\\/media\\\/2018\\\/09\\\/2018-07-19-17-26-23-1200x800-845x475.jpg\",\"contentUrl\":\"https:\\\/\\\/www.bvoltaire.fr\\\/media\\\/2018\\\/09\\\/2018-07-19-17-26-23-1200x800-845x475.jpg\"},{\"@type\":\"BreadcrumbList\",\"@id\":\"https:\\\/\\\/webtube.fr\\\/index.php\\\/2023\\\/03\\\/17\\\/enquete-cette-trouble-association-humanitaire-islamique-couverte-dor-par-leurope\\\/#breadcrumb\",\"itemListElement\":[{\"@type\":\"ListItem\",\"position\":1,\"name\":\"Accueil\",\"item\":\"https:\\\/\\\/webtube.fr\\\/\"},{\"@type\":\"ListItem\",\"position\":2,\"name\":\"Enqu\u00eate : cette trouble association \u00ab humanitaire \u00bb islamique couverte d\u2019or par l\u2019Europe\"}]},{\"@type\":\"WebSite\",\"@id\":\"https:\\\/\\\/webtube.fr\\\/#website\",\"url\":\"https:\\\/\\\/webtube.fr\\\/\",\"name\":\"WEBTUBE\",\"description\":\"WEBTUBE.fr  Streaming Vid\u00e9o and News , toutes les infos sans filtres !\",\"publisher\":{\"@id\":\"https:\\\/\\\/webtube.fr\\\/#organization\"},\"alternateName\":\"Rutube\",\"potentialAction\":[{\"@type\":\"SearchAction\",\"target\":{\"@type\":\"EntryPoint\",\"urlTemplate\":\"https:\\\/\\\/webtube.fr\\\/?s={search_term_string}\"},\"query-input\":{\"@type\":\"PropertyValueSpecification\",\"valueRequired\":true,\"valueName\":\"search_term_string\"}}],\"inLanguage\":\"fr-FR\"},{\"@type\":\"Organization\",\"@id\":\"https:\\\/\\\/webtube.fr\\\/#organization\",\"name\":\"# WEBTUBE.fr\",\"url\":\"https:\\\/\\\/webtube.fr\\\/\",\"logo\":{\"@type\":\"ImageObject\",\"inLanguage\":\"fr-FR\",\"@id\":\"https:\\\/\\\/webtube.fr\\\/#\\\/schema\\\/logo\\\/image\\\/\",\"url\":\"https:\\\/\\\/webtube.fr\\\/wp-content\\\/uploads\\\/2025\\\/09\\\/cropped-Logo_webtubeIA-1.jpg\",\"contentUrl\":\"https:\\\/\\\/webtube.fr\\\/wp-content\\\/uploads\\\/2025\\\/09\\\/cropped-Logo_webtubeIA-1.jpg\",\"width\":240,\"height\":240,\"caption\":\"# WEBTUBE.fr\"},\"image\":{\"@id\":\"https:\\\/\\\/webtube.fr\\\/#\\\/schema\\\/logo\\\/image\\\/\"},\"sameAs\":[\"https:\\\/\\\/www.facebook.com\\\/profile.php?id=100069673161887\",\"https:\\\/\\\/x.com\\\/OrtfNews\",\"https:\\\/\\\/www.facebook.com\\\/profile.php?id=100013751440523\"]},{\"@type\":\"Person\",\"@id\":\"https:\\\/\\\/webtube.fr\\\/#\\\/schema\\\/person\\\/dcc633686e0e2a79a6bf7b92c9507618\",\"name\":\"admin5851\",\"image\":{\"@type\":\"ImageObject\",\"inLanguage\":\"fr-FR\",\"@id\":\"https:\\\/\\\/secure.gravatar.com\\\/avatar\\\/ea1b672a827879c0febb022a108a871292b3d08fadc66a0a43fa47acfe82e38a?s=96&d=mm&r=g\",\"url\":\"https:\\\/\\\/secure.gravatar.com\\\/avatar\\\/ea1b672a827879c0febb022a108a871292b3d08fadc66a0a43fa47acfe82e38a?s=96&d=mm&r=g\",\"contentUrl\":\"https:\\\/\\\/secure.gravatar.com\\\/avatar\\\/ea1b672a827879c0febb022a108a871292b3d08fadc66a0a43fa47acfe82e38a?s=96&d=mm&r=g\",\"caption\":\"admin5851\"},\"sameAs\":[\"http:\\\/\\\/linlcju.cluster100.hosting.ovh.net\"],\"url\":\"https:\\\/\\\/webtube.fr\\\/index.php\\\/author\\\/admin5851\\\/\"}]}<\/script>\n<!-- \/ Yoast SEO plugin. -->","yoast_head_json":{"title":"Enqu\u00eate : cette trouble association \u00ab humanitaire \u00bb islamique couverte d\u2019or par l\u2019Europe - # WEBTUBE.fr","robots":{"index":"index","follow":"follow","max-snippet":"max-snippet:-1","max-image-preview":"max-image-preview:large","max-video-preview":"max-video-preview:-1"},"canonical":"https:\/\/webtube.fr\/index.php\/2023\/03\/17\/enquete-cette-trouble-association-humanitaire-islamique-couverte-dor-par-leurope\/","og_locale":"fr_FR","og_type":"article","og_title":"Enqu\u00eate : cette trouble association \u00ab humanitaire \u00bb islamique couverte d\u2019or par l\u2019Europe - # WEBTUBE.fr","og_description":"Articles \u00a0: Mar. 2023 &#8211; Fev. 2023 &#8211; Jan. 2023 &#8211; Dec. 2022 &#8211; Facebook\u00a0:\u00a0https:\/\/www.facebook.com\/profile.php?id=100069673161887 Ce mercredi 15 mars, les institutions europ\u00e9ennes promeuvent, notamment par la voix de&nbsp;Marion Lalisse, nouvelle coordinatrice de la lutte contre la haine anti-musulmane, la Journ\u00e9e contre l\u2019islamophobie. Discours en arabe, promotion du hijab, sensibilisation \u00e0 l\u2019islamophobie\u2026 Tous ces r\u00e9cents signaux &hellip; Continuer la lecture de &laquo;&nbsp;Enqu\u00eate : cette trouble association \u00ab humanitaire \u00bb islamique couverte d\u2019or par l\u2019Europe&nbsp;&raquo;","og_url":"https:\/\/webtube.fr\/index.php\/2023\/03\/17\/enquete-cette-trouble-association-humanitaire-islamique-couverte-dor-par-leurope\/","og_site_name":"# WEBTUBE.fr","article_publisher":"https:\/\/www.facebook.com\/profile.php?id=100069673161887","article_published_time":"2023-03-17T04:23:48+00:00","og_image":[{"url":"https:\/\/www.bvoltaire.fr\/media\/2018\/09\/2018-07-19-17-26-23-1200x800-845x475.jpg","type":"","width":"","height":""}],"author":"admin5851","twitter_card":"summary_large_image","twitter_creator":"@OrtfNews","twitter_site":"@OrtfNews","twitter_misc":{"\u00c9crit par":"admin5851","Dur\u00e9e de lecture estim\u00e9e":"5 minutes"},"schema":{"@context":"https:\/\/schema.org","@graph":[{"@type":"Article","@id":"https:\/\/webtube.fr\/index.php\/2023\/03\/17\/enquete-cette-trouble-association-humanitaire-islamique-couverte-dor-par-leurope\/#article","isPartOf":{"@id":"https:\/\/webtube.fr\/index.php\/2023\/03\/17\/enquete-cette-trouble-association-humanitaire-islamique-couverte-dor-par-leurope\/"},"author":{"name":"admin5851","@id":"https:\/\/webtube.fr\/#\/schema\/person\/dcc633686e0e2a79a6bf7b92c9507618"},"headline":"Enqu\u00eate : cette trouble association \u00ab humanitaire \u00bb islamique couverte d\u2019or par l\u2019Europe","datePublished":"2023-03-17T04:23:48+00:00","mainEntityOfPage":{"@id":"https:\/\/webtube.fr\/index.php\/2023\/03\/17\/enquete-cette-trouble-association-humanitaire-islamique-couverte-dor-par-leurope\/"},"wordCount":839,"commentCount":0,"publisher":{"@id":"https:\/\/webtube.fr\/#organization"},"image":{"@id":"https:\/\/webtube.fr\/index.php\/2023\/03\/17\/enquete-cette-trouble-association-humanitaire-islamique-couverte-dor-par-leurope\/#primaryimage"},"thumbnailUrl":"https:\/\/www.bvoltaire.fr\/media\/2018\/09\/2018-07-19-17-26-23-1200x800-845x475.jpg","inLanguage":"fr-FR","potentialAction":[{"@type":"CommentAction","name":"Comment","target":["https:\/\/webtube.fr\/index.php\/2023\/03\/17\/enquete-cette-trouble-association-humanitaire-islamique-couverte-dor-par-leurope\/#respond"]}]},{"@type":"WebPage","@id":"https:\/\/webtube.fr\/index.php\/2023\/03\/17\/enquete-cette-trouble-association-humanitaire-islamique-couverte-dor-par-leurope\/","url":"https:\/\/webtube.fr\/index.php\/2023\/03\/17\/enquete-cette-trouble-association-humanitaire-islamique-couverte-dor-par-leurope\/","name":"Enqu\u00eate : cette trouble association \u00ab humanitaire \u00bb islamique couverte d\u2019or par l\u2019Europe - # WEBTUBE.fr","isPartOf":{"@id":"https:\/\/webtube.fr\/#website"},"primaryImageOfPage":{"@id":"https:\/\/webtube.fr\/index.php\/2023\/03\/17\/enquete-cette-trouble-association-humanitaire-islamique-couverte-dor-par-leurope\/#primaryimage"},"image":{"@id":"https:\/\/webtube.fr\/index.php\/2023\/03\/17\/enquete-cette-trouble-association-humanitaire-islamique-couverte-dor-par-leurope\/#primaryimage"},"thumbnailUrl":"https:\/\/www.bvoltaire.fr\/media\/2018\/09\/2018-07-19-17-26-23-1200x800-845x475.jpg","datePublished":"2023-03-17T04:23:48+00:00","breadcrumb":{"@id":"https:\/\/webtube.fr\/index.php\/2023\/03\/17\/enquete-cette-trouble-association-humanitaire-islamique-couverte-dor-par-leurope\/#breadcrumb"},"inLanguage":"fr-FR","potentialAction":[{"@type":"ReadAction","target":["https:\/\/webtube.fr\/index.php\/2023\/03\/17\/enquete-cette-trouble-association-humanitaire-islamique-couverte-dor-par-leurope\/"]}]},{"@type":"ImageObject","inLanguage":"fr-FR","@id":"https:\/\/webtube.fr\/index.php\/2023\/03\/17\/enquete-cette-trouble-association-humanitaire-islamique-couverte-dor-par-leurope\/#primaryimage","url":"https:\/\/www.bvoltaire.fr\/media\/2018\/09\/2018-07-19-17-26-23-1200x800-845x475.jpg","contentUrl":"https:\/\/www.bvoltaire.fr\/media\/2018\/09\/2018-07-19-17-26-23-1200x800-845x475.jpg"},{"@type":"BreadcrumbList","@id":"https:\/\/webtube.fr\/index.php\/2023\/03\/17\/enquete-cette-trouble-association-humanitaire-islamique-couverte-dor-par-leurope\/#breadcrumb","itemListElement":[{"@type":"ListItem","position":1,"name":"Accueil","item":"https:\/\/webtube.fr\/"},{"@type":"ListItem","position":2,"name":"Enqu\u00eate : cette trouble association \u00ab humanitaire \u00bb islamique couverte d\u2019or par l\u2019Europe"}]},{"@type":"WebSite","@id":"https:\/\/webtube.fr\/#website","url":"https:\/\/webtube.fr\/","name":"WEBTUBE","description":"WEBTUBE.fr  Streaming Vid\u00e9o and News , toutes les infos sans filtres !","publisher":{"@id":"https:\/\/webtube.fr\/#organization"},"alternateName":"Rutube","potentialAction":[{"@type":"SearchAction","target":{"@type":"EntryPoint","urlTemplate":"https:\/\/webtube.fr\/?s={search_term_string}"},"query-input":{"@type":"PropertyValueSpecification","valueRequired":true,"valueName":"search_term_string"}}],"inLanguage":"fr-FR"},{"@type":"Organization","@id":"https:\/\/webtube.fr\/#organization","name":"# WEBTUBE.fr","url":"https:\/\/webtube.fr\/","logo":{"@type":"ImageObject","inLanguage":"fr-FR","@id":"https:\/\/webtube.fr\/#\/schema\/logo\/image\/","url":"https:\/\/webtube.fr\/wp-content\/uploads\/2025\/09\/cropped-Logo_webtubeIA-1.jpg","contentUrl":"https:\/\/webtube.fr\/wp-content\/uploads\/2025\/09\/cropped-Logo_webtubeIA-1.jpg","width":240,"height":240,"caption":"# WEBTUBE.fr"},"image":{"@id":"https:\/\/webtube.fr\/#\/schema\/logo\/image\/"},"sameAs":["https:\/\/www.facebook.com\/profile.php?id=100069673161887","https:\/\/x.com\/OrtfNews","https:\/\/www.facebook.com\/profile.php?id=100013751440523"]},{"@type":"Person","@id":"https:\/\/webtube.fr\/#\/schema\/person\/dcc633686e0e2a79a6bf7b92c9507618","name":"admin5851","image":{"@type":"ImageObject","inLanguage":"fr-FR","@id":"https:\/\/secure.gravatar.com\/avatar\/ea1b672a827879c0febb022a108a871292b3d08fadc66a0a43fa47acfe82e38a?s=96&d=mm&r=g","url":"https:\/\/secure.gravatar.com\/avatar\/ea1b672a827879c0febb022a108a871292b3d08fadc66a0a43fa47acfe82e38a?s=96&d=mm&r=g","contentUrl":"https:\/\/secure.gravatar.com\/avatar\/ea1b672a827879c0febb022a108a871292b3d08fadc66a0a43fa47acfe82e38a?s=96&d=mm&r=g","caption":"admin5851"},"sameAs":["http:\/\/linlcju.cluster100.hosting.ovh.net"],"url":"https:\/\/webtube.fr\/index.php\/author\/admin5851\/"}]}},"jetpack_featured_media_url":"","jetpack_sharing_enabled":true,"_links":{"self":[{"href":"https:\/\/webtube.fr\/index.php\/wp-json\/wp\/v2\/posts\/21697","targetHints":{"allow":["GET"]}}],"collection":[{"href":"https:\/\/webtube.fr\/index.php\/wp-json\/wp\/v2\/posts"}],"about":[{"href":"https:\/\/webtube.fr\/index.php\/wp-json\/wp\/v2\/types\/post"}],"author":[{"embeddable":true,"href":"https:\/\/webtube.fr\/index.php\/wp-json\/wp\/v2\/users\/1"}],"replies":[{"embeddable":true,"href":"https:\/\/webtube.fr\/index.php\/wp-json\/wp\/v2\/comments?post=21697"}],"version-history":[{"count":0,"href":"https:\/\/webtube.fr\/index.php\/wp-json\/wp\/v2\/posts\/21697\/revisions"}],"wp:attachment":[{"href":"https:\/\/webtube.fr\/index.php\/wp-json\/wp\/v2\/media?parent=21697"}],"wp:term":[{"taxonomy":"category","embeddable":true,"href":"https:\/\/webtube.fr\/index.php\/wp-json\/wp\/v2\/categories?post=21697"},{"taxonomy":"post_tag","embeddable":true,"href":"https:\/\/webtube.fr\/index.php\/wp-json\/wp\/v2\/tags?post=21697"}],"curies":[{"name":"wp","href":"https:\/\/api.w.org\/{rel}","templated":true}]}}