{"id":21695,"date":"2023-03-17T05:20:54","date_gmt":"2023-03-17T04:20:54","guid":{"rendered":"http:\/\/rutube.fr\/?p=21695"},"modified":"2023-03-17T05:20:54","modified_gmt":"2023-03-17T04:20:54","slug":"49-3-dans-les-coulisses-de-lassemblee-nationale-entre-violence-et-chaos","status":"publish","type":"post","link":"https:\/\/webtube.fr\/index.php\/2023\/03\/17\/49-3-dans-les-coulisses-de-lassemblee-nationale-entre-violence-et-chaos\/","title":{"rendered":"49.3 : dans les coulisses de l\u2019Assembl\u00e9e nationale, entre violence et chaos"},"content":{"rendered":"\n<figure><iframe loading=\"lazy\" width=\"800\" height=\"200\" src=\"http:\/\/rutubes.free.fr\/RutubeEmule-island.html\" frameborder=\"N\" scrolling=\"no\"><\/iframe><\/figure>\n\n\n\n<p>Articles \u00a0: <a href=\"http:\/\/rutube.fr\/2023\/03\/\" target=\"_blank\" rel=\"noreferrer noopener\">Mar. 2023<\/a> &#8211; <a href=\"http:\/\/rutube.fr\/2023\/02\/\" target=\"_blank\" rel=\"noreferrer noopener\">Fev. 2023<\/a> &#8211; <a href=\"http:\/\/rutube.fr\/2023\/01\/\" target=\"_blank\" rel=\"noreferrer noopener\">Jan. 2023<\/a> &#8211; <a href=\"http:\/\/rutube.fr\/2022\/12\/\" target=\"_blank\" rel=\"noreferrer noopener\">Dec. 2022<\/a> &#8211; Facebook\u00a0:\u00a0<a href=\"https:\/\/www.facebook.com\/profile.php?id=100069673161887\">https:\/\/www.facebook.com\/profile.php?id=100069673161887<\/a><\/p>\n\n\n\n<figure class=\"wp-block-image size-large\"><img decoding=\"async\" src=\"https:\/\/www.bvoltaire.fr\/media\/2021\/04\/assemblee-nationale.png\" alt=\"\"\/><\/figure>\n\n\n\n<p>Ce 16 mars, jour du vote final de la loi sur la retraite, promettait d&rsquo;\u00eatre anim\u00e9. Les d\u00e9put\u00e9s et les Fran\u00e7ais n&rsquo;auront pas \u00e9t\u00e9 d\u00e9\u00e7us&#8230; Comme dans une pi\u00e8ce de th\u00e9\u00e2tre, le gouvernement s&rsquo;est fait attendre \u00e0 l&rsquo;Assembl\u00e9e. Arriv\u00e9 en retard, il a \u00e9t\u00e9 accueilli par une bronca pr\u00e9c\u00e9dant une \u00ab Marseillaise \u00bb. Les d\u00e9put\u00e9s de la NUPES avaient brandi des pancartes : \u00ab D\u00e9mocratie, 64 ans, c\u2019est non ! \u00bb Le Premier ministre&nbsp;<a href=\"https:\/\/www.bvoltaire.fr\/sujet\/elisabeth-borne\/\">\u00c9lisabeth Borne<\/a>&nbsp;a \u00e9t\u00e9 contrainte d\u2019attendre les derniers couplets de LFI sous l\u2019\u0153il r\u00e9probateur du reste de l\u2019Assembl\u00e9e, communistes compris. Le chant a entrain\u00e9 une suspension de s\u00e9ance qui n\u2019aura pas suffi \u00e0 apaiser les esprits.&nbsp;<a href=\"https:\/\/www.bvoltaire.fr\/sujet\/elisabeth-borne\/\">\u00c9lisabeth Borne<\/a>&nbsp;est inaudible.&nbsp;<em>\u00ab D\u00e9mission \u00bb<\/em>, scande le RN, tandis que la \u00ab Marseillaise \u00bb de LFI continue.<\/p>\n\n\n\n<p>La&nbsp;<a href=\"https:\/\/www.bvoltaire.fr\/sujet\/reforme-des-retraites\/\">r\u00e9forme des retraites<\/a>&nbsp;est donc pass\u00e9e. Dans la violence. C&rsquo;\u00e9tait le seul axe de campagne d\u2019<a href=\"https:\/\/www.bvoltaire.fr\/sujet\/emmanuel-macron\/\">Emmanuel Macron<\/a>. L\u2019id\u00e9e \u00e9tait impos\u00e9e par le pouvoir dans les esprits : c\u2019\u00e9tait lui ou le chaos. Lui ou le retour de la peste brune. Lui ou Le Pen.<\/p>\n\n\n\n<p>Las. Les \u00e9lections l\u00e9gislatives ont contrecarr\u00e9 les plans de la majorit\u00e9 devenue relative. Fini la chambre d\u2019enregistrement du r\u00e9gime pr\u00e9sidentiel, place au parlementarisme, aux tractations et aux n\u00e9gociations.&nbsp;<em>\u00ab S\u2019abstenir, c\u2019est voter pour \u00bb<\/em>, a martel\u00e9 le Rassemblement national pendant 24 heures. Un RN dont le chef de file, Marine Le Pen, a \u00e9t\u00e9 tr\u00e8s clair, la veille du vote :&nbsp;<em>\u00ab&nbsp;Nous voterons unanimement contre&nbsp;\u00bb<\/em>, a affirm\u00e9, devant les cam\u00e9ras aux Quatre-Colonnes, celle qui, par deux fois, a affront\u00e9&nbsp;<a href=\"https:\/\/www.bvoltaire.fr\/sujet\/emmanuel-macron\/\">Emmanuel Macron<\/a>&nbsp;au second tour de l\u2019\u00e9lection pr\u00e9sidentielle.&nbsp;<em>\u00ab Le groupe RN utilisera tous les moyens r\u00e9glementaires et constitutionnels qui sont \u00e0 disposition pour lutter contre ce texte \u00bb<\/em>, a martel\u00e9 le groupe, dans un communiqu\u00e9 envoy\u00e9 hier soir, apr\u00e8s l\u2019accord trouv\u00e9 par la commission mixte paritaire. Les moyens r\u00e9glementaires \u00e9taient nombreux : motion de rejet pr\u00e9alable, motion de censure du gouvernement\u2026 Tous ces outils ont \u00e9t\u00e9 neutralis\u00e9s par le 49-3, mais l&rsquo;issue doit aussi beaucoup \u00e0 une opposition fractur\u00e9e, \u00e0 une NUPES incapable de passer outre ses postures id\u00e9ologiques pour m\u00ealer sa voix ou sa signature avec celles du RN. Un groupe LR d\u00e9boussol\u00e9 entre ses d\u00e9put\u00e9s de la France p\u00e9riph\u00e9rique et ceux qui reposent sur un \u00e9lectorat Macron-compatible, et surtout terroris\u00e9 \u00e0 l\u2019id\u00e9e d\u2019une dissolution qui pourrait achever cette \u00e9quipe d\u00e9j\u00e0 fam\u00e9lique et menac\u00e9e de multiples scissions.&nbsp;<em>\u00ab&nbsp;Cette menace de dissolution est une tentative de pression sur les \u00e9lus de la majorit\u00e9 et des R\u00e9publicains tent\u00e9s de voter contre&nbsp;\u00bb<\/em>, d\u00e9nonce, aupr\u00e8s de&nbsp;<em>BV<\/em>, le d\u00e9put\u00e9 RN du Loiret Thomas M\u00e9nag\u00e9. Le jeune \u00e9lu sait de quoi il parle. Le d\u00e9partement du Loiret fait partie de ces territoires en pleine bascule en faveur du parti de Marine Le Pen. Ce n\u2019est pas un hasard si le d\u00e9put\u00e9 MoDem de la circonscription voisine, Richard Ramos, \u00e9tait des plus critiques vis-\u00e0-vis de cette r\u00e9forme et a fait part de son opposition. Son si\u00e8ge est des plus menac\u00e9s. Il en est de m\u00eame pour le d\u00e9put\u00e9 Renaissance de l\u2019H\u00e9rault&nbsp;Patrick Vignal, survivant de la l\u00e9gislature pr\u00e9c\u00e9dente dans un territoire qui a vu la NUPES et le RN faire d\u2019excellents scores.&nbsp;<em>\u00ab S\u2019il y a dissolution, on sera nombreux \u00e0 sauter \u00bb<\/em>, craint l\u2019\u00e9lu m\u00e9ridional. L\u2019utilisation de cet outil constitutionnel aura eu le m\u00e9rite de calmer les scrupules, d\u2019oblit\u00e9rer les reculades.&nbsp;<em>\u00ab Ce texte passe sans majorit\u00e9 \u00bb<\/em>, a sobrement analys\u00e9 Marine Le Pen. Le groupe du RN s\u2019est r\u00e9uni \u00e0 16 heures, cet apr\u00e8s-midi, pour faire un point sur la situation.<\/p>\n\n\n\n<p><strong>LR&nbsp;: la bascule&nbsp; n\u2019a pas op\u00e9r\u00e9<\/strong><\/p>\n\n\n\n<p><em>\u00ab&nbsp;Ce compromis n\u2019\u00e9tait pas mon souhait mais le v\u00f4tre&nbsp;\u00bb<\/em>, affirme \u00c9lisabeth Borne, toujours inaudible face \u00e0 une NUPES qui chante la \u00ab Marseillaise \u00bb. Le&nbsp;<a href=\"https:\/\/www.bvoltaire.fr\/sujet\/senat\/\">S\u00e9nat<\/a>&nbsp;\u00e0 majorit\u00e9 LR avait ouvert la voie \u00e0 ce compromis. Apr\u00e8s avoir pes\u00e9 dans la commission mixte paritaire, la chambre du Luxembourg a vot\u00e9 \u00e0 une tr\u00e8s large majorit\u00e9 la r\u00e9forme en l\u2019\u00e9tat, renvoyant le projet en lecture d\u00e9finitive \u00e0 l\u2019Assembl\u00e9e nationale. Pour le chef de file des LR, Bruno Retailleau,&nbsp;<em>\u00ab ce vote n\u2019est en aucun cas un soutien inconditionnel au gouvernement \u00bb<\/em>, a-t-il pr\u00e9cis\u00e9 sur la chaine&nbsp;<em>LCP AN<\/em>, ce matin du 16 mars.&nbsp;Mais sur&nbsp;<em>BFM TV<\/em>, ce m\u00eame jour, \u00c9ric Ciotti a pr\u00e9cis\u00e9 les limites de l&rsquo;ind\u00e9pendance :&nbsp;<em>\u00ab&nbsp;Le groupe LR ne s&rsquo;associera ni ne votera aucune motion de censure. \u00bb<\/em>&nbsp;Ce sauvetage par les LR, l\u2019utilisation du&nbsp;<a href=\"https:\/\/www.bvoltaire.fr\/sujet\/49-3\/\">49.3<\/a>&nbsp;l&rsquo;aura rendu caduc. Les s\u00e9nateurs LR ont act\u00e9 le divorce au sein de la famille des R\u00e9publicains qui n\u2019ont pas \u00e9t\u00e9 capables de rassurer l\u2019ex\u00e9cutif quant au vote de ce projet, renvoyant le groupe pr\u00e9sid\u00e9 par Olivier Marleix devant ses propres contradictions. Un texte qui \u00e9tait pourtant apparu comme un compromis \u00e0 l\u2019avantage des LR.<\/p>\n\n\n\n<p>\u00ab\u00a0<em>En utilisant la force, ils ont nourri, voire l\u00e9gitim\u00e9, le chaos provoqu\u00e9 par la NUPES\u00a0\u00bb<\/em>, peste un d\u00e9put\u00e9 du RN aupr\u00e8s de\u00a0<em>BV<\/em>. Le bras de fer se mue en bras d\u2019honneur.\u00a0<em>\u00ab L\u2019utilisation du\u00a0<a href=\"https:\/\/www.bvoltaire.fr\/sujet\/49-3\/\">49.3<\/a>\u00a0aujourd\u2019hui nous fait changer de dimension. Ils \u00e9taient dans une crise politique, les voil\u00e0 dans une crise de r\u00e9gime \u00bb<\/em>, note, pour sa part, le d\u00e9put\u00e9 du Gard Pierre Meurin. Au fond, rien n\u2019est r\u00e9gl\u00e9 au palais Bourbon. L\u2019ex\u00e9cutif a sa r\u00e9forme, au prix de la violence politique et sociale. Il tient sa victoire contre la majorit\u00e9 de ses concitoyens mais rien n\u2019est jou\u00e9. Apr\u00e8s cette victoire \u00e0 la Pyrrhus face aux institutions, la\u00a0<a href=\"https:\/\/www.bvoltaire.fr\/sujet\/reforme-des-retraites\/\">r\u00e9forme des retraites<\/a>\u00a0va devoir passer l\u2019examen de la rue. Une aubaine inesp\u00e9r\u00e9e pour la NUPES qui peut donner libre cours \u00e0 son go\u00fbt pour le chaos.<\/p>\n\n\n\n<p><a href=\"https:\/\/www.bvoltaire.fr\/auteur\/marceynaud\/\">Marc Eynaud<\/a>, B<strong>oulevard Voltai<\/strong>re<\/p>\n\n\n\n<figure><iframe loading=\"lazy\" width=\"800\" height=\"200\" src=\"http:\/\/rutubes.free.fr\/RutubeEmule-island.html\" frameborder=\"N\" scrolling=\"no\"><\/iframe><\/figure>\n\n\nADDFREESTATS.COM AUTOCODE V4.0 &#8211;>\n<script type=\"text\/javascript\">\n<!--\nvar AFS_Account=\"00636949\";\nvar AFS_Tracker=\"auto\";\nvar AFS_Server=\"www6\";\nvar AFS_Page=\"DetectName\";\nvar AFS_Url=\"DetectUrl\";\n\/\/ -->\n<\/script>\n<script type=\"text\/javascript\" src=\"http:\/\/www6.addfreestats.com\/cgi-bin\/afstrack.cgi?usr=00636949\">\n<\/script>\n<noscript>\n<a href=\"http:\/\/www.addfreestats.com\">\n<img decoding=\"async\" src=\"http:\/\/www6.addfreestats.com\/cgi-bin\/connect.cgi?usr=00636949Pauto\" border=\"0\" alt=\"AddFreeStats.com Free Web Stats!\">Web Stats<\/a>\n<\/noscript>\n<iframe loading=\"lazy\" width=\"650\" height=\"180\" src=\"http:\/\/onlineradiobox.com\/gr\/mousikokanali\/player\/?cs=gr.mousikokanali&#038;played=1\" frameborder=\"N\" scrolling=\"no\"><\/iframe>\n<a href=\"http:\/\/djmusic.fr\">\n<img decoding=\"async\" src=\"http:\/\/djmusicparis.free.fr\/images\/Djmuisc_Jamendo.jpg\" border=\"0\" alt=\"AddFreeStats.com Free Web Stats!\"> Ecoutez DJMusic.fr<\/a>\n<a href=\"http:\/\/rutubes.free.fr\/Rutube_Cecostream.html\">\n<img decoding=\"async\" src=\"http:\/\/rutubes.free.fr\/images\/webtube-androidP.jpg\" border=\"0\n\n<!-- ENDADDFREESTATS.COM AUTOCODE V4.0  \u2192-->\n","protected":false},"excerpt":{"rendered":"<p>Articles \u00a0: Mar. 2023 &#8211; Fev. 2023 &#8211; Jan. 2023 &#8211; Dec. 2022 &#8211; Facebook\u00a0:\u00a0https:\/\/www.facebook.com\/profile.php?id=100069673161887 Ce 16 mars, jour du vote final de la loi sur la retraite, promettait d&rsquo;\u00eatre anim\u00e9. Les d\u00e9put\u00e9s et les Fran\u00e7ais n&rsquo;auront pas \u00e9t\u00e9 d\u00e9\u00e7us&#8230; Comme dans une pi\u00e8ce de th\u00e9\u00e2tre, le gouvernement s&rsquo;est fait attendre \u00e0 l&rsquo;Assembl\u00e9e. Arriv\u00e9 en &hellip; <a href=\"https:\/\/webtube.fr\/index.php\/2023\/03\/17\/49-3-dans-les-coulisses-de-lassemblee-nationale-entre-violence-et-chaos\/\" class=\"more-link\">Continuer la lecture<span class=\"screen-reader-text\"> de &laquo;&nbsp;49.3 : dans les coulisses de l\u2019Assembl\u00e9e nationale, entre violence et chaos&nbsp;&raquo;<\/span><\/a><\/p>\n","protected":false},"author":1,"featured_media":0,"comment_status":"open","ping_status":"open","sticky":false,"template":"","format":"standard","meta":{"_jetpack_memberships_contains_paid_content":false,"footnotes":""},"categories":[2],"tags":[],"class_list":["post-21695","post","type-post","status-publish","format-standard","hentry","category-non-classe"],"yoast_head":"<!-- This site is optimized with the Yoast SEO plugin v27.3 - https:\/\/yoast.com\/product\/yoast-seo-wordpress\/ -->\n<title>49.3 : dans les coulisses de l\u2019Assembl\u00e9e nationale, entre violence et chaos - # WEBTUBE.fr<\/title>\n<meta name=\"robots\" content=\"index, follow, max-snippet:-1, max-image-preview:large, max-video-preview:-1\" \/>\n<link rel=\"canonical\" href=\"https:\/\/webtube.fr\/index.php\/2023\/03\/17\/49-3-dans-les-coulisses-de-lassemblee-nationale-entre-violence-et-chaos\/\" \/>\n<meta property=\"og:locale\" content=\"fr_FR\" \/>\n<meta property=\"og:type\" content=\"article\" \/>\n<meta property=\"og:title\" content=\"49.3 : dans les coulisses de l\u2019Assembl\u00e9e nationale, entre violence et chaos - # WEBTUBE.fr\" \/>\n<meta property=\"og:description\" content=\"Articles \u00a0: Mar. 2023 &#8211; Fev. 2023 &#8211; Jan. 2023 &#8211; Dec. 2022 &#8211; Facebook\u00a0:\u00a0https:\/\/www.facebook.com\/profile.php?id=100069673161887 Ce 16 mars, jour du vote final de la loi sur la retraite, promettait d&rsquo;\u00eatre anim\u00e9. Les d\u00e9put\u00e9s et les Fran\u00e7ais n&rsquo;auront pas \u00e9t\u00e9 d\u00e9\u00e7us&#8230; Comme dans une pi\u00e8ce de th\u00e9\u00e2tre, le gouvernement s&rsquo;est fait attendre \u00e0 l&rsquo;Assembl\u00e9e. Arriv\u00e9 en &hellip; Continuer la lecture de &laquo;&nbsp;49.3 : dans les coulisses de l\u2019Assembl\u00e9e nationale, entre violence et chaos&nbsp;&raquo;\" \/>\n<meta property=\"og:url\" content=\"https:\/\/webtube.fr\/index.php\/2023\/03\/17\/49-3-dans-les-coulisses-de-lassemblee-nationale-entre-violence-et-chaos\/\" \/>\n<meta property=\"og:site_name\" content=\"# WEBTUBE.fr\" \/>\n<meta property=\"article:publisher\" content=\"https:\/\/www.facebook.com\/profile.php?id=100069673161887\" \/>\n<meta property=\"article:published_time\" content=\"2023-03-17T04:20:54+00:00\" \/>\n<meta property=\"og:image\" content=\"https:\/\/www.bvoltaire.fr\/media\/2021\/04\/assemblee-nationale.png\" \/>\n<meta name=\"author\" content=\"admin5851\" \/>\n<meta name=\"twitter:card\" content=\"summary_large_image\" \/>\n<meta name=\"twitter:creator\" content=\"@OrtfNews\" \/>\n<meta name=\"twitter:site\" content=\"@OrtfNews\" \/>\n<meta name=\"twitter:label1\" content=\"\u00c9crit par\" \/>\n\t<meta name=\"twitter:data1\" content=\"admin5851\" \/>\n\t<meta name=\"twitter:label2\" content=\"Dur\u00e9e de lecture estim\u00e9e\" \/>\n\t<meta name=\"twitter:data2\" content=\"6 minutes\" \/>\n<script type=\"application\/ld+json\" class=\"yoast-schema-graph\">{\"@context\":\"https:\\\/\\\/schema.org\",\"@graph\":[{\"@type\":\"Article\",\"@id\":\"https:\\\/\\\/webtube.fr\\\/index.php\\\/2023\\\/03\\\/17\\\/49-3-dans-les-coulisses-de-lassemblee-nationale-entre-violence-et-chaos\\\/#article\",\"isPartOf\":{\"@id\":\"https:\\\/\\\/webtube.fr\\\/index.php\\\/2023\\\/03\\\/17\\\/49-3-dans-les-coulisses-de-lassemblee-nationale-entre-violence-et-chaos\\\/\"},\"author\":{\"name\":\"admin5851\",\"@id\":\"https:\\\/\\\/webtube.fr\\\/#\\\/schema\\\/person\\\/dcc633686e0e2a79a6bf7b92c9507618\"},\"headline\":\"49.3 : dans les coulisses de l\u2019Assembl\u00e9e nationale, entre violence et chaos\",\"datePublished\":\"2023-03-17T04:20:54+00:00\",\"mainEntityOfPage\":{\"@id\":\"https:\\\/\\\/webtube.fr\\\/index.php\\\/2023\\\/03\\\/17\\\/49-3-dans-les-coulisses-de-lassemblee-nationale-entre-violence-et-chaos\\\/\"},\"wordCount\":1083,\"commentCount\":0,\"publisher\":{\"@id\":\"https:\\\/\\\/webtube.fr\\\/#organization\"},\"image\":{\"@id\":\"https:\\\/\\\/webtube.fr\\\/index.php\\\/2023\\\/03\\\/17\\\/49-3-dans-les-coulisses-de-lassemblee-nationale-entre-violence-et-chaos\\\/#primaryimage\"},\"thumbnailUrl\":\"https:\\\/\\\/www.bvoltaire.fr\\\/media\\\/2021\\\/04\\\/assemblee-nationale.png\",\"inLanguage\":\"fr-FR\",\"potentialAction\":[{\"@type\":\"CommentAction\",\"name\":\"Comment\",\"target\":[\"https:\\\/\\\/webtube.fr\\\/index.php\\\/2023\\\/03\\\/17\\\/49-3-dans-les-coulisses-de-lassemblee-nationale-entre-violence-et-chaos\\\/#respond\"]}]},{\"@type\":\"WebPage\",\"@id\":\"https:\\\/\\\/webtube.fr\\\/index.php\\\/2023\\\/03\\\/17\\\/49-3-dans-les-coulisses-de-lassemblee-nationale-entre-violence-et-chaos\\\/\",\"url\":\"https:\\\/\\\/webtube.fr\\\/index.php\\\/2023\\\/03\\\/17\\\/49-3-dans-les-coulisses-de-lassemblee-nationale-entre-violence-et-chaos\\\/\",\"name\":\"49.3 : dans les coulisses de l\u2019Assembl\u00e9e nationale, entre violence et chaos - # WEBTUBE.fr\",\"isPartOf\":{\"@id\":\"https:\\\/\\\/webtube.fr\\\/#website\"},\"primaryImageOfPage\":{\"@id\":\"https:\\\/\\\/webtube.fr\\\/index.php\\\/2023\\\/03\\\/17\\\/49-3-dans-les-coulisses-de-lassemblee-nationale-entre-violence-et-chaos\\\/#primaryimage\"},\"image\":{\"@id\":\"https:\\\/\\\/webtube.fr\\\/index.php\\\/2023\\\/03\\\/17\\\/49-3-dans-les-coulisses-de-lassemblee-nationale-entre-violence-et-chaos\\\/#primaryimage\"},\"thumbnailUrl\":\"https:\\\/\\\/www.bvoltaire.fr\\\/media\\\/2021\\\/04\\\/assemblee-nationale.png\",\"datePublished\":\"2023-03-17T04:20:54+00:00\",\"breadcrumb\":{\"@id\":\"https:\\\/\\\/webtube.fr\\\/index.php\\\/2023\\\/03\\\/17\\\/49-3-dans-les-coulisses-de-lassemblee-nationale-entre-violence-et-chaos\\\/#breadcrumb\"},\"inLanguage\":\"fr-FR\",\"potentialAction\":[{\"@type\":\"ReadAction\",\"target\":[\"https:\\\/\\\/webtube.fr\\\/index.php\\\/2023\\\/03\\\/17\\\/49-3-dans-les-coulisses-de-lassemblee-nationale-entre-violence-et-chaos\\\/\"]}]},{\"@type\":\"ImageObject\",\"inLanguage\":\"fr-FR\",\"@id\":\"https:\\\/\\\/webtube.fr\\\/index.php\\\/2023\\\/03\\\/17\\\/49-3-dans-les-coulisses-de-lassemblee-nationale-entre-violence-et-chaos\\\/#primaryimage\",\"url\":\"https:\\\/\\\/www.bvoltaire.fr\\\/media\\\/2021\\\/04\\\/assemblee-nationale.png\",\"contentUrl\":\"https:\\\/\\\/www.bvoltaire.fr\\\/media\\\/2021\\\/04\\\/assemblee-nationale.png\"},{\"@type\":\"BreadcrumbList\",\"@id\":\"https:\\\/\\\/webtube.fr\\\/index.php\\\/2023\\\/03\\\/17\\\/49-3-dans-les-coulisses-de-lassemblee-nationale-entre-violence-et-chaos\\\/#breadcrumb\",\"itemListElement\":[{\"@type\":\"ListItem\",\"position\":1,\"name\":\"Accueil\",\"item\":\"https:\\\/\\\/webtube.fr\\\/\"},{\"@type\":\"ListItem\",\"position\":2,\"name\":\"49.3 : dans les coulisses de l\u2019Assembl\u00e9e nationale, entre violence et chaos\"}]},{\"@type\":\"WebSite\",\"@id\":\"https:\\\/\\\/webtube.fr\\\/#website\",\"url\":\"https:\\\/\\\/webtube.fr\\\/\",\"name\":\"WEBTUBE\",\"description\":\"WEBTUBE.fr  Streaming Vid\u00e9o and News , toutes les infos sans filtres !\",\"publisher\":{\"@id\":\"https:\\\/\\\/webtube.fr\\\/#organization\"},\"alternateName\":\"Rutube\",\"potentialAction\":[{\"@type\":\"SearchAction\",\"target\":{\"@type\":\"EntryPoint\",\"urlTemplate\":\"https:\\\/\\\/webtube.fr\\\/?s={search_term_string}\"},\"query-input\":{\"@type\":\"PropertyValueSpecification\",\"valueRequired\":true,\"valueName\":\"search_term_string\"}}],\"inLanguage\":\"fr-FR\"},{\"@type\":\"Organization\",\"@id\":\"https:\\\/\\\/webtube.fr\\\/#organization\",\"name\":\"# WEBTUBE.fr\",\"url\":\"https:\\\/\\\/webtube.fr\\\/\",\"logo\":{\"@type\":\"ImageObject\",\"inLanguage\":\"fr-FR\",\"@id\":\"https:\\\/\\\/webtube.fr\\\/#\\\/schema\\\/logo\\\/image\\\/\",\"url\":\"https:\\\/\\\/webtube.fr\\\/wp-content\\\/uploads\\\/2025\\\/09\\\/cropped-Logo_webtubeIA-1.jpg\",\"contentUrl\":\"https:\\\/\\\/webtube.fr\\\/wp-content\\\/uploads\\\/2025\\\/09\\\/cropped-Logo_webtubeIA-1.jpg\",\"width\":240,\"height\":240,\"caption\":\"# WEBTUBE.fr\"},\"image\":{\"@id\":\"https:\\\/\\\/webtube.fr\\\/#\\\/schema\\\/logo\\\/image\\\/\"},\"sameAs\":[\"https:\\\/\\\/www.facebook.com\\\/profile.php?id=100069673161887\",\"https:\\\/\\\/x.com\\\/OrtfNews\",\"https:\\\/\\\/www.facebook.com\\\/profile.php?id=100013751440523\"]},{\"@type\":\"Person\",\"@id\":\"https:\\\/\\\/webtube.fr\\\/#\\\/schema\\\/person\\\/dcc633686e0e2a79a6bf7b92c9507618\",\"name\":\"admin5851\",\"image\":{\"@type\":\"ImageObject\",\"inLanguage\":\"fr-FR\",\"@id\":\"https:\\\/\\\/secure.gravatar.com\\\/avatar\\\/ea1b672a827879c0febb022a108a871292b3d08fadc66a0a43fa47acfe82e38a?s=96&d=mm&r=g\",\"url\":\"https:\\\/\\\/secure.gravatar.com\\\/avatar\\\/ea1b672a827879c0febb022a108a871292b3d08fadc66a0a43fa47acfe82e38a?s=96&d=mm&r=g\",\"contentUrl\":\"https:\\\/\\\/secure.gravatar.com\\\/avatar\\\/ea1b672a827879c0febb022a108a871292b3d08fadc66a0a43fa47acfe82e38a?s=96&d=mm&r=g\",\"caption\":\"admin5851\"},\"sameAs\":[\"http:\\\/\\\/linlcju.cluster100.hosting.ovh.net\"],\"url\":\"https:\\\/\\\/webtube.fr\\\/index.php\\\/author\\\/admin5851\\\/\"}]}<\/script>\n<!-- \/ Yoast SEO plugin. -->","yoast_head_json":{"title":"49.3 : dans les coulisses de l\u2019Assembl\u00e9e nationale, entre violence et chaos - # WEBTUBE.fr","robots":{"index":"index","follow":"follow","max-snippet":"max-snippet:-1","max-image-preview":"max-image-preview:large","max-video-preview":"max-video-preview:-1"},"canonical":"https:\/\/webtube.fr\/index.php\/2023\/03\/17\/49-3-dans-les-coulisses-de-lassemblee-nationale-entre-violence-et-chaos\/","og_locale":"fr_FR","og_type":"article","og_title":"49.3 : dans les coulisses de l\u2019Assembl\u00e9e nationale, entre violence et chaos - # WEBTUBE.fr","og_description":"Articles \u00a0: Mar. 2023 &#8211; Fev. 2023 &#8211; Jan. 2023 &#8211; Dec. 2022 &#8211; Facebook\u00a0:\u00a0https:\/\/www.facebook.com\/profile.php?id=100069673161887 Ce 16 mars, jour du vote final de la loi sur la retraite, promettait d&rsquo;\u00eatre anim\u00e9. Les d\u00e9put\u00e9s et les Fran\u00e7ais n&rsquo;auront pas \u00e9t\u00e9 d\u00e9\u00e7us&#8230; Comme dans une pi\u00e8ce de th\u00e9\u00e2tre, le gouvernement s&rsquo;est fait attendre \u00e0 l&rsquo;Assembl\u00e9e. Arriv\u00e9 en &hellip; Continuer la lecture de &laquo;&nbsp;49.3 : dans les coulisses de l\u2019Assembl\u00e9e nationale, entre violence et chaos&nbsp;&raquo;","og_url":"https:\/\/webtube.fr\/index.php\/2023\/03\/17\/49-3-dans-les-coulisses-de-lassemblee-nationale-entre-violence-et-chaos\/","og_site_name":"# WEBTUBE.fr","article_publisher":"https:\/\/www.facebook.com\/profile.php?id=100069673161887","article_published_time":"2023-03-17T04:20:54+00:00","og_image":[{"url":"https:\/\/www.bvoltaire.fr\/media\/2021\/04\/assemblee-nationale.png","type":"","width":"","height":""}],"author":"admin5851","twitter_card":"summary_large_image","twitter_creator":"@OrtfNews","twitter_site":"@OrtfNews","twitter_misc":{"\u00c9crit par":"admin5851","Dur\u00e9e de lecture estim\u00e9e":"6 minutes"},"schema":{"@context":"https:\/\/schema.org","@graph":[{"@type":"Article","@id":"https:\/\/webtube.fr\/index.php\/2023\/03\/17\/49-3-dans-les-coulisses-de-lassemblee-nationale-entre-violence-et-chaos\/#article","isPartOf":{"@id":"https:\/\/webtube.fr\/index.php\/2023\/03\/17\/49-3-dans-les-coulisses-de-lassemblee-nationale-entre-violence-et-chaos\/"},"author":{"name":"admin5851","@id":"https:\/\/webtube.fr\/#\/schema\/person\/dcc633686e0e2a79a6bf7b92c9507618"},"headline":"49.3 : dans les coulisses de l\u2019Assembl\u00e9e nationale, entre violence et chaos","datePublished":"2023-03-17T04:20:54+00:00","mainEntityOfPage":{"@id":"https:\/\/webtube.fr\/index.php\/2023\/03\/17\/49-3-dans-les-coulisses-de-lassemblee-nationale-entre-violence-et-chaos\/"},"wordCount":1083,"commentCount":0,"publisher":{"@id":"https:\/\/webtube.fr\/#organization"},"image":{"@id":"https:\/\/webtube.fr\/index.php\/2023\/03\/17\/49-3-dans-les-coulisses-de-lassemblee-nationale-entre-violence-et-chaos\/#primaryimage"},"thumbnailUrl":"https:\/\/www.bvoltaire.fr\/media\/2021\/04\/assemblee-nationale.png","inLanguage":"fr-FR","potentialAction":[{"@type":"CommentAction","name":"Comment","target":["https:\/\/webtube.fr\/index.php\/2023\/03\/17\/49-3-dans-les-coulisses-de-lassemblee-nationale-entre-violence-et-chaos\/#respond"]}]},{"@type":"WebPage","@id":"https:\/\/webtube.fr\/index.php\/2023\/03\/17\/49-3-dans-les-coulisses-de-lassemblee-nationale-entre-violence-et-chaos\/","url":"https:\/\/webtube.fr\/index.php\/2023\/03\/17\/49-3-dans-les-coulisses-de-lassemblee-nationale-entre-violence-et-chaos\/","name":"49.3 : dans les coulisses de l\u2019Assembl\u00e9e nationale, entre violence et chaos - # WEBTUBE.fr","isPartOf":{"@id":"https:\/\/webtube.fr\/#website"},"primaryImageOfPage":{"@id":"https:\/\/webtube.fr\/index.php\/2023\/03\/17\/49-3-dans-les-coulisses-de-lassemblee-nationale-entre-violence-et-chaos\/#primaryimage"},"image":{"@id":"https:\/\/webtube.fr\/index.php\/2023\/03\/17\/49-3-dans-les-coulisses-de-lassemblee-nationale-entre-violence-et-chaos\/#primaryimage"},"thumbnailUrl":"https:\/\/www.bvoltaire.fr\/media\/2021\/04\/assemblee-nationale.png","datePublished":"2023-03-17T04:20:54+00:00","breadcrumb":{"@id":"https:\/\/webtube.fr\/index.php\/2023\/03\/17\/49-3-dans-les-coulisses-de-lassemblee-nationale-entre-violence-et-chaos\/#breadcrumb"},"inLanguage":"fr-FR","potentialAction":[{"@type":"ReadAction","target":["https:\/\/webtube.fr\/index.php\/2023\/03\/17\/49-3-dans-les-coulisses-de-lassemblee-nationale-entre-violence-et-chaos\/"]}]},{"@type":"ImageObject","inLanguage":"fr-FR","@id":"https:\/\/webtube.fr\/index.php\/2023\/03\/17\/49-3-dans-les-coulisses-de-lassemblee-nationale-entre-violence-et-chaos\/#primaryimage","url":"https:\/\/www.bvoltaire.fr\/media\/2021\/04\/assemblee-nationale.png","contentUrl":"https:\/\/www.bvoltaire.fr\/media\/2021\/04\/assemblee-nationale.png"},{"@type":"BreadcrumbList","@id":"https:\/\/webtube.fr\/index.php\/2023\/03\/17\/49-3-dans-les-coulisses-de-lassemblee-nationale-entre-violence-et-chaos\/#breadcrumb","itemListElement":[{"@type":"ListItem","position":1,"name":"Accueil","item":"https:\/\/webtube.fr\/"},{"@type":"ListItem","position":2,"name":"49.3 : dans les coulisses de l\u2019Assembl\u00e9e nationale, entre violence et chaos"}]},{"@type":"WebSite","@id":"https:\/\/webtube.fr\/#website","url":"https:\/\/webtube.fr\/","name":"WEBTUBE","description":"WEBTUBE.fr  Streaming Vid\u00e9o and News , toutes les infos sans filtres !","publisher":{"@id":"https:\/\/webtube.fr\/#organization"},"alternateName":"Rutube","potentialAction":[{"@type":"SearchAction","target":{"@type":"EntryPoint","urlTemplate":"https:\/\/webtube.fr\/?s={search_term_string}"},"query-input":{"@type":"PropertyValueSpecification","valueRequired":true,"valueName":"search_term_string"}}],"inLanguage":"fr-FR"},{"@type":"Organization","@id":"https:\/\/webtube.fr\/#organization","name":"# WEBTUBE.fr","url":"https:\/\/webtube.fr\/","logo":{"@type":"ImageObject","inLanguage":"fr-FR","@id":"https:\/\/webtube.fr\/#\/schema\/logo\/image\/","url":"https:\/\/webtube.fr\/wp-content\/uploads\/2025\/09\/cropped-Logo_webtubeIA-1.jpg","contentUrl":"https:\/\/webtube.fr\/wp-content\/uploads\/2025\/09\/cropped-Logo_webtubeIA-1.jpg","width":240,"height":240,"caption":"# WEBTUBE.fr"},"image":{"@id":"https:\/\/webtube.fr\/#\/schema\/logo\/image\/"},"sameAs":["https:\/\/www.facebook.com\/profile.php?id=100069673161887","https:\/\/x.com\/OrtfNews","https:\/\/www.facebook.com\/profile.php?id=100013751440523"]},{"@type":"Person","@id":"https:\/\/webtube.fr\/#\/schema\/person\/dcc633686e0e2a79a6bf7b92c9507618","name":"admin5851","image":{"@type":"ImageObject","inLanguage":"fr-FR","@id":"https:\/\/secure.gravatar.com\/avatar\/ea1b672a827879c0febb022a108a871292b3d08fadc66a0a43fa47acfe82e38a?s=96&d=mm&r=g","url":"https:\/\/secure.gravatar.com\/avatar\/ea1b672a827879c0febb022a108a871292b3d08fadc66a0a43fa47acfe82e38a?s=96&d=mm&r=g","contentUrl":"https:\/\/secure.gravatar.com\/avatar\/ea1b672a827879c0febb022a108a871292b3d08fadc66a0a43fa47acfe82e38a?s=96&d=mm&r=g","caption":"admin5851"},"sameAs":["http:\/\/linlcju.cluster100.hosting.ovh.net"],"url":"https:\/\/webtube.fr\/index.php\/author\/admin5851\/"}]}},"jetpack_featured_media_url":"","jetpack_sharing_enabled":true,"_links":{"self":[{"href":"https:\/\/webtube.fr\/index.php\/wp-json\/wp\/v2\/posts\/21695","targetHints":{"allow":["GET"]}}],"collection":[{"href":"https:\/\/webtube.fr\/index.php\/wp-json\/wp\/v2\/posts"}],"about":[{"href":"https:\/\/webtube.fr\/index.php\/wp-json\/wp\/v2\/types\/post"}],"author":[{"embeddable":true,"href":"https:\/\/webtube.fr\/index.php\/wp-json\/wp\/v2\/users\/1"}],"replies":[{"embeddable":true,"href":"https:\/\/webtube.fr\/index.php\/wp-json\/wp\/v2\/comments?post=21695"}],"version-history":[{"count":0,"href":"https:\/\/webtube.fr\/index.php\/wp-json\/wp\/v2\/posts\/21695\/revisions"}],"wp:attachment":[{"href":"https:\/\/webtube.fr\/index.php\/wp-json\/wp\/v2\/media?parent=21695"}],"wp:term":[{"taxonomy":"category","embeddable":true,"href":"https:\/\/webtube.fr\/index.php\/wp-json\/wp\/v2\/categories?post=21695"},{"taxonomy":"post_tag","embeddable":true,"href":"https:\/\/webtube.fr\/index.php\/wp-json\/wp\/v2\/tags?post=21695"}],"curies":[{"name":"wp","href":"https:\/\/api.w.org\/{rel}","templated":true}]}}