{"id":21693,"date":"2023-03-17T05:13:22","date_gmt":"2023-03-17T04:13:22","guid":{"rendered":"http:\/\/rutube.fr\/?p=21693"},"modified":"2023-03-17T05:13:22","modified_gmt":"2023-03-17T04:13:22","slug":"apres-callac-le-pouvoir-accelere-linvasion-de-nos-campagnes","status":"publish","type":"post","link":"https:\/\/webtube.fr\/index.php\/2023\/03\/17\/apres-callac-le-pouvoir-accelere-linvasion-de-nos-campagnes\/","title":{"rendered":"Apr\u00e8s Callac, le pouvoir acc\u00e9l\u00e8re l\u2019invasion de nos campagnes"},"content":{"rendered":"\n<figure><iframe loading=\"lazy\" width=\"800\" height=\"200\" src=\"http:\/\/rutubes.free.fr\/RutubeEmule-island.html\" frameborder=\"N\" scrolling=\"no\"><\/iframe><\/figure>\n\n\n\n<p>Articles \u00a0: <a href=\"http:\/\/rutube.fr\/2023\/03\/\" target=\"_blank\" rel=\"noreferrer noopener\">Mar. 2023<\/a> &#8211; <a href=\"http:\/\/rutube.fr\/2023\/02\/\" target=\"_blank\" rel=\"noreferrer noopener\">Fev. 2023<\/a> &#8211; <a href=\"http:\/\/rutube.fr\/2023\/01\/\" target=\"_blank\" rel=\"noreferrer noopener\">Jan. 2023<\/a> &#8211; <a href=\"http:\/\/rutube.fr\/2022\/12\/\" target=\"_blank\" rel=\"noreferrer noopener\">Dec. 2022<\/a> &#8211; Facebook\u00a0:\u00a0<a href=\"https:\/\/www.facebook.com\/profile.php?id=100069673161887\">https:\/\/www.facebook.com\/profile.php?id=100069673161887<\/a><\/p>\n\n\n\n<figure class=\"wp-block-image size-large\"><img decoding=\"async\" src=\"https:\/\/ripostelaique.com\/wp-content\/uploads\/2023\/01\/vacallac2.jpg\" alt=\"\"\/><\/figure>\n\n\n\n<p><strong>Apr\u00e8s Callac, le pouvoir acc\u00e9l\u00e8re l\u2019invasion de nos campagnes<\/strong><\/p>\n\n\n\n<p>Un vent de panique a souffl\u00e9 chez les politiciens immigrationnistes quand, suite \u00e0 la mobilisation de la population, le maire de Callac a d\u00fb renoncer au projet Horizon, pr\u00e9sent\u00e9 comme un laboratoire de la transition d\u00e9mographique voulue par Macron dans nos campagnes.<\/p>\n\n\n\n<p>Une violente campagne de presse s\u2019est mise en place contre les animateurs du combat, et les plaintes se sont multipli\u00e9es contre eux. Des maires et des journalistes se sont victimis\u00e9s, se disant l\u2019objet de graves menaces. Dans ce contexte, le pouvoir, s\u2019appuyant sur ses pr\u00e9fets, a d\u00e9cid\u00e9 de passer en force, et d\u2019acc\u00e9l\u00e9rer l\u2019implantation de migrants dans les campagnes, malgr\u00e9 le d\u00e9saccord de certains maires.<\/p>\n\n\n\n<p>\u00c0&nbsp;<strong>Callac<\/strong>, malgr\u00e9 l\u2019hostilit\u00e9 de la population, l\u2019association Vilta\u00efs vient d\u2019imposer l\u2019installation d\u2019une famille de dix Soudanais, dans des conditions indignes des valeurs qu\u2019ils pr\u00e9tendent d\u00e9fendre. Ce sont des associations callacoises, pay\u00e9es par les imp\u00f4ts des habitants, qui doivent faire face, tandis que l\u2019\u00e9cole doit accueillir des enfants ne parlant pas un mot de fran\u00e7ais.<\/p>\n\n\n\n<p>\u00c0&nbsp;<strong>Corlay<\/strong>, dans la pr\u00e9cipitation, le maire, Olivier Allain, lors des v\u0153ux, a annonc\u00e9 l\u2019arriv\u00e9e de cinq familles de clandestins africains, suite au rachat d\u2019une b\u00e2tisse ancienne par l\u2019association Vilta\u00efs. Il les a implant\u00e9s imm\u00e9diatement, rendant difficile la r\u00e9action des habitants hostiles \u00e0 ce coup de force.<\/p>\n\n\n\n<p>\u00c0&nbsp;<strong>Saint-Brevin<\/strong>, malgr\u00e9 des mobilisations toujours plus nombreuses, le maire, Yannick Morez, persiste, de mani\u00e8re irresponsable, \u00e0 vouloir imposer un Cada de 120 migrants, juste \u00e0 c\u00f4t\u00e9 d\u2019une \u00e9cole maternelle.<\/p>\n\n\n\n<p>\u00c0&nbsp;<strong>Beyssenac<\/strong>, malgr\u00e9 l\u2019hostilit\u00e9 du maire et du conseil municipal, le pr\u00e9fet Desplanques veut imposer aux 350 habitants, habitu\u00e9s \u00e0 vivre sans fermer leurs portes, la pr\u00e9sence d\u2019un Cada de 40 migrants. Il essaiera de convaincre, ce jeudi 16 mars, dans une r\u00e9union publique qui s\u2019annonce houleuse, des bienfaits de son projet, et expliquera aux habitants que la Corr\u00e8ze est en retard sur ses quotas.<\/p>\n\n\n\n<p>\u00c0&nbsp;<strong>B\u00e9l\u00e2bre<\/strong>, petite ville de 900 habitants dans l\u2019Indre, le maire Laurent Laroche, qui veut imposer un Cada de 40 personnes, a refus\u00e9 l\u2019offre d\u2019un entrepreneur, pourtant sup\u00e9rieure \u00e0 celle de Vilta\u00efs, qui proposait d\u2019implanter, \u00e0 la place de son projet, une entreprise g\u00e9n\u00e9rant vingt emplois dans la ville. Une nouvelle offre sera examin\u00e9e en conseil municipal extraordinaire, le lundi 20 mars.<\/p>\n\n\n\n<p>\u00c0&nbsp;<strong>S\u00e9loncourt<\/strong>, dans le Doubs, le maire, sans concertation, se voit \u00e9galement imposer l\u2019accueil de 40 migrants, dans les anciens locaux d\u2019une association de handicap\u00e9s.<\/p>\n\n\n\n<p>Pour compl\u00e9ter cette offensive, la LDH multiplie les plaintes contre les villageois qui refusent ces projets qui bouleverseraient leur quotidien.<\/p>\n\n\n\n<p>Nombre de citoyens, partout, s\u2019\u00e9tonnent que l\u2019on trouve des millions pour accueillir des clandestins, qu\u2019on leur promette du travail, quand les autorit\u00e9s disent aux Fran\u00e7ais qu\u2019il n\u2019y a pas d\u2019argent, ni d\u2019emplois pour eux.<\/p>\n\n\n\n<p>La&nbsp;<strong>Coordination Partout Callac<\/strong>&nbsp;encourage les citoyens des villes et villages concern\u00e9s \u00e0 r\u00e9sister, dans l\u2019esprit de la bataille de Callac. Elle se tient \u00e0 la disposition de tous ceux qui voudront s\u2019organiser pour sauver leur mode de vie. Elle se propose, forte de l\u2019exp\u00e9rience de Callac, de leur apporter l\u2019aide, le soutien et les conseils utiles pour mettre en \u00e9chec les projets gouvernementaux, soutenus par l\u2019ensemble de la gauche.<\/p>\n\n\n\n<p><strong>Bernard Germain<\/strong> Riposte La\u00efque<\/p>\n\n\n\n<figure><iframe loading=\"lazy\" width=\"800\" height=\"200\" src=\"http:\/\/rutubes.free.fr\/RutubeEmule-island.html\" frameborder=\"N\" scrolling=\"no\"><\/iframe><\/figure>\n\n\nADDFREESTATS.COM AUTOCODE V4.0 &#8211;>\n<script type=\"text\/javascript\">\n<!--\nvar AFS_Account=\"00636949\";\nvar AFS_Tracker=\"auto\";\nvar AFS_Server=\"www6\";\nvar AFS_Page=\"DetectName\";\nvar AFS_Url=\"DetectUrl\";\n\/\/ -->\n<\/script>\n<script type=\"text\/javascript\" src=\"http:\/\/www6.addfreestats.com\/cgi-bin\/afstrack.cgi?usr=00636949\">\n<\/script>\n<noscript>\n<a href=\"http:\/\/www.addfreestats.com\">\n<img decoding=\"async\" src=\"http:\/\/www6.addfreestats.com\/cgi-bin\/connect.cgi?usr=00636949Pauto\" border=\"0\" alt=\"AddFreeStats.com Free Web Stats!\">Web Stats<\/a>\n<\/noscript>\n<iframe loading=\"lazy\" width=\"650\" height=\"180\" src=\"http:\/\/onlineradiobox.com\/gr\/mousikokanali\/player\/?cs=gr.mousikokanali&#038;played=1\" frameborder=\"N\" scrolling=\"no\"><\/iframe>\n<a href=\"http:\/\/djmusic.fr\">\n<img decoding=\"async\" src=\"http:\/\/djmusicparis.free.fr\/images\/Djmuisc_Jamendo.jpg\" border=\"0\" alt=\"AddFreeStats.com Free Web Stats!\"> Ecoutez DJMusic.fr<\/a>\n<a href=\"http:\/\/rutubes.free.fr\/Rutube_Cecostream.html\">\n<img decoding=\"async\" src=\"http:\/\/rutubes.free.fr\/images\/webtube-androidP.jpg\" border=\"0\n\n<!-- ENDADDFREESTATS.COM AUTOCODE V4.0  \u2192-->\n","protected":false},"excerpt":{"rendered":"<p>Articles \u00a0: Mar. 2023 &#8211; Fev. 2023 &#8211; Jan. 2023 &#8211; Dec. 2022 &#8211; Facebook\u00a0:\u00a0https:\/\/www.facebook.com\/profile.php?id=100069673161887 Apr\u00e8s Callac, le pouvoir acc\u00e9l\u00e8re l\u2019invasion de nos campagnes Un vent de panique a souffl\u00e9 chez les politiciens immigrationnistes quand, suite \u00e0 la mobilisation de la population, le maire de Callac a d\u00fb renoncer au projet Horizon, pr\u00e9sent\u00e9 comme un &hellip; <a href=\"https:\/\/webtube.fr\/index.php\/2023\/03\/17\/apres-callac-le-pouvoir-accelere-linvasion-de-nos-campagnes\/\" class=\"more-link\">Continuer la lecture<span class=\"screen-reader-text\"> de &laquo;&nbsp;Apr\u00e8s Callac, le pouvoir acc\u00e9l\u00e8re l\u2019invasion de nos campagnes&nbsp;&raquo;<\/span><\/a><\/p>\n","protected":false},"author":1,"featured_media":0,"comment_status":"open","ping_status":"open","sticky":false,"template":"","format":"standard","meta":{"_jetpack_memberships_contains_paid_content":false,"footnotes":""},"categories":[2],"tags":[],"class_list":["post-21693","post","type-post","status-publish","format-standard","hentry","category-non-classe"],"yoast_head":"<!-- This site is optimized with the Yoast SEO plugin v27.3 - https:\/\/yoast.com\/product\/yoast-seo-wordpress\/ -->\n<title>Apr\u00e8s Callac, le pouvoir acc\u00e9l\u00e8re l\u2019invasion de nos campagnes - # WEBTUBE.fr<\/title>\n<meta name=\"robots\" content=\"index, follow, max-snippet:-1, max-image-preview:large, max-video-preview:-1\" \/>\n<link rel=\"canonical\" href=\"https:\/\/webtube.fr\/index.php\/2023\/03\/17\/apres-callac-le-pouvoir-accelere-linvasion-de-nos-campagnes\/\" \/>\n<meta property=\"og:locale\" content=\"fr_FR\" \/>\n<meta property=\"og:type\" content=\"article\" \/>\n<meta property=\"og:title\" content=\"Apr\u00e8s Callac, le pouvoir acc\u00e9l\u00e8re l\u2019invasion de nos campagnes - # WEBTUBE.fr\" \/>\n<meta property=\"og:description\" content=\"Articles \u00a0: Mar. 2023 &#8211; Fev. 2023 &#8211; Jan. 2023 &#8211; Dec. 2022 &#8211; Facebook\u00a0:\u00a0https:\/\/www.facebook.com\/profile.php?id=100069673161887 Apr\u00e8s Callac, le pouvoir acc\u00e9l\u00e8re l\u2019invasion de nos campagnes Un vent de panique a souffl\u00e9 chez les politiciens immigrationnistes quand, suite \u00e0 la mobilisation de la population, le maire de Callac a d\u00fb renoncer au projet Horizon, pr\u00e9sent\u00e9 comme un &hellip; Continuer la lecture de &laquo;&nbsp;Apr\u00e8s Callac, le pouvoir acc\u00e9l\u00e8re l\u2019invasion de nos campagnes&nbsp;&raquo;\" \/>\n<meta property=\"og:url\" content=\"https:\/\/webtube.fr\/index.php\/2023\/03\/17\/apres-callac-le-pouvoir-accelere-linvasion-de-nos-campagnes\/\" \/>\n<meta property=\"og:site_name\" content=\"# WEBTUBE.fr\" \/>\n<meta property=\"article:publisher\" content=\"https:\/\/www.facebook.com\/profile.php?id=100069673161887\" \/>\n<meta property=\"article:published_time\" content=\"2023-03-17T04:13:22+00:00\" \/>\n<meta property=\"og:image\" content=\"https:\/\/ripostelaique.com\/wp-content\/uploads\/2023\/01\/vacallac2.jpg\" \/>\n<meta name=\"author\" content=\"admin5851\" \/>\n<meta name=\"twitter:card\" content=\"summary_large_image\" \/>\n<meta name=\"twitter:creator\" content=\"@OrtfNews\" \/>\n<meta name=\"twitter:site\" content=\"@OrtfNews\" \/>\n<meta name=\"twitter:label1\" content=\"\u00c9crit par\" \/>\n\t<meta name=\"twitter:data1\" content=\"admin5851\" \/>\n\t<meta name=\"twitter:label2\" content=\"Dur\u00e9e de lecture estim\u00e9e\" \/>\n\t<meta name=\"twitter:data2\" content=\"4 minutes\" \/>\n<script type=\"application\/ld+json\" class=\"yoast-schema-graph\">{\"@context\":\"https:\\\/\\\/schema.org\",\"@graph\":[{\"@type\":\"Article\",\"@id\":\"https:\\\/\\\/webtube.fr\\\/index.php\\\/2023\\\/03\\\/17\\\/apres-callac-le-pouvoir-accelere-linvasion-de-nos-campagnes\\\/#article\",\"isPartOf\":{\"@id\":\"https:\\\/\\\/webtube.fr\\\/index.php\\\/2023\\\/03\\\/17\\\/apres-callac-le-pouvoir-accelere-linvasion-de-nos-campagnes\\\/\"},\"author\":{\"name\":\"admin5851\",\"@id\":\"https:\\\/\\\/webtube.fr\\\/#\\\/schema\\\/person\\\/dcc633686e0e2a79a6bf7b92c9507618\"},\"headline\":\"Apr\u00e8s Callac, le pouvoir acc\u00e9l\u00e8re l\u2019invasion de nos campagnes\",\"datePublished\":\"2023-03-17T04:13:22+00:00\",\"mainEntityOfPage\":{\"@id\":\"https:\\\/\\\/webtube.fr\\\/index.php\\\/2023\\\/03\\\/17\\\/apres-callac-le-pouvoir-accelere-linvasion-de-nos-campagnes\\\/\"},\"wordCount\":640,\"commentCount\":0,\"publisher\":{\"@id\":\"https:\\\/\\\/webtube.fr\\\/#organization\"},\"image\":{\"@id\":\"https:\\\/\\\/webtube.fr\\\/index.php\\\/2023\\\/03\\\/17\\\/apres-callac-le-pouvoir-accelere-linvasion-de-nos-campagnes\\\/#primaryimage\"},\"thumbnailUrl\":\"https:\\\/\\\/ripostelaique.com\\\/wp-content\\\/uploads\\\/2023\\\/01\\\/vacallac2.jpg\",\"inLanguage\":\"fr-FR\",\"potentialAction\":[{\"@type\":\"CommentAction\",\"name\":\"Comment\",\"target\":[\"https:\\\/\\\/webtube.fr\\\/index.php\\\/2023\\\/03\\\/17\\\/apres-callac-le-pouvoir-accelere-linvasion-de-nos-campagnes\\\/#respond\"]}]},{\"@type\":\"WebPage\",\"@id\":\"https:\\\/\\\/webtube.fr\\\/index.php\\\/2023\\\/03\\\/17\\\/apres-callac-le-pouvoir-accelere-linvasion-de-nos-campagnes\\\/\",\"url\":\"https:\\\/\\\/webtube.fr\\\/index.php\\\/2023\\\/03\\\/17\\\/apres-callac-le-pouvoir-accelere-linvasion-de-nos-campagnes\\\/\",\"name\":\"Apr\u00e8s Callac, le pouvoir acc\u00e9l\u00e8re l\u2019invasion de nos campagnes - # WEBTUBE.fr\",\"isPartOf\":{\"@id\":\"https:\\\/\\\/webtube.fr\\\/#website\"},\"primaryImageOfPage\":{\"@id\":\"https:\\\/\\\/webtube.fr\\\/index.php\\\/2023\\\/03\\\/17\\\/apres-callac-le-pouvoir-accelere-linvasion-de-nos-campagnes\\\/#primaryimage\"},\"image\":{\"@id\":\"https:\\\/\\\/webtube.fr\\\/index.php\\\/2023\\\/03\\\/17\\\/apres-callac-le-pouvoir-accelere-linvasion-de-nos-campagnes\\\/#primaryimage\"},\"thumbnailUrl\":\"https:\\\/\\\/ripostelaique.com\\\/wp-content\\\/uploads\\\/2023\\\/01\\\/vacallac2.jpg\",\"datePublished\":\"2023-03-17T04:13:22+00:00\",\"breadcrumb\":{\"@id\":\"https:\\\/\\\/webtube.fr\\\/index.php\\\/2023\\\/03\\\/17\\\/apres-callac-le-pouvoir-accelere-linvasion-de-nos-campagnes\\\/#breadcrumb\"},\"inLanguage\":\"fr-FR\",\"potentialAction\":[{\"@type\":\"ReadAction\",\"target\":[\"https:\\\/\\\/webtube.fr\\\/index.php\\\/2023\\\/03\\\/17\\\/apres-callac-le-pouvoir-accelere-linvasion-de-nos-campagnes\\\/\"]}]},{\"@type\":\"ImageObject\",\"inLanguage\":\"fr-FR\",\"@id\":\"https:\\\/\\\/webtube.fr\\\/index.php\\\/2023\\\/03\\\/17\\\/apres-callac-le-pouvoir-accelere-linvasion-de-nos-campagnes\\\/#primaryimage\",\"url\":\"https:\\\/\\\/ripostelaique.com\\\/wp-content\\\/uploads\\\/2023\\\/01\\\/vacallac2.jpg\",\"contentUrl\":\"https:\\\/\\\/ripostelaique.com\\\/wp-content\\\/uploads\\\/2023\\\/01\\\/vacallac2.jpg\"},{\"@type\":\"BreadcrumbList\",\"@id\":\"https:\\\/\\\/webtube.fr\\\/index.php\\\/2023\\\/03\\\/17\\\/apres-callac-le-pouvoir-accelere-linvasion-de-nos-campagnes\\\/#breadcrumb\",\"itemListElement\":[{\"@type\":\"ListItem\",\"position\":1,\"name\":\"Accueil\",\"item\":\"https:\\\/\\\/webtube.fr\\\/\"},{\"@type\":\"ListItem\",\"position\":2,\"name\":\"Apr\u00e8s Callac, le pouvoir acc\u00e9l\u00e8re l\u2019invasion de nos campagnes\"}]},{\"@type\":\"WebSite\",\"@id\":\"https:\\\/\\\/webtube.fr\\\/#website\",\"url\":\"https:\\\/\\\/webtube.fr\\\/\",\"name\":\"WEBTUBE\",\"description\":\"WEBTUBE.fr  Streaming Vid\u00e9o and News , toutes les infos sans filtres !\",\"publisher\":{\"@id\":\"https:\\\/\\\/webtube.fr\\\/#organization\"},\"alternateName\":\"Rutube\",\"potentialAction\":[{\"@type\":\"SearchAction\",\"target\":{\"@type\":\"EntryPoint\",\"urlTemplate\":\"https:\\\/\\\/webtube.fr\\\/?s={search_term_string}\"},\"query-input\":{\"@type\":\"PropertyValueSpecification\",\"valueRequired\":true,\"valueName\":\"search_term_string\"}}],\"inLanguage\":\"fr-FR\"},{\"@type\":\"Organization\",\"@id\":\"https:\\\/\\\/webtube.fr\\\/#organization\",\"name\":\"# WEBTUBE.fr\",\"url\":\"https:\\\/\\\/webtube.fr\\\/\",\"logo\":{\"@type\":\"ImageObject\",\"inLanguage\":\"fr-FR\",\"@id\":\"https:\\\/\\\/webtube.fr\\\/#\\\/schema\\\/logo\\\/image\\\/\",\"url\":\"https:\\\/\\\/webtube.fr\\\/wp-content\\\/uploads\\\/2025\\\/09\\\/cropped-Logo_webtubeIA-1.jpg\",\"contentUrl\":\"https:\\\/\\\/webtube.fr\\\/wp-content\\\/uploads\\\/2025\\\/09\\\/cropped-Logo_webtubeIA-1.jpg\",\"width\":240,\"height\":240,\"caption\":\"# WEBTUBE.fr\"},\"image\":{\"@id\":\"https:\\\/\\\/webtube.fr\\\/#\\\/schema\\\/logo\\\/image\\\/\"},\"sameAs\":[\"https:\\\/\\\/www.facebook.com\\\/profile.php?id=100069673161887\",\"https:\\\/\\\/x.com\\\/OrtfNews\",\"https:\\\/\\\/www.facebook.com\\\/profile.php?id=100013751440523\"]},{\"@type\":\"Person\",\"@id\":\"https:\\\/\\\/webtube.fr\\\/#\\\/schema\\\/person\\\/dcc633686e0e2a79a6bf7b92c9507618\",\"name\":\"admin5851\",\"image\":{\"@type\":\"ImageObject\",\"inLanguage\":\"fr-FR\",\"@id\":\"https:\\\/\\\/secure.gravatar.com\\\/avatar\\\/ea1b672a827879c0febb022a108a871292b3d08fadc66a0a43fa47acfe82e38a?s=96&d=mm&r=g\",\"url\":\"https:\\\/\\\/secure.gravatar.com\\\/avatar\\\/ea1b672a827879c0febb022a108a871292b3d08fadc66a0a43fa47acfe82e38a?s=96&d=mm&r=g\",\"contentUrl\":\"https:\\\/\\\/secure.gravatar.com\\\/avatar\\\/ea1b672a827879c0febb022a108a871292b3d08fadc66a0a43fa47acfe82e38a?s=96&d=mm&r=g\",\"caption\":\"admin5851\"},\"sameAs\":[\"http:\\\/\\\/linlcju.cluster100.hosting.ovh.net\"],\"url\":\"https:\\\/\\\/webtube.fr\\\/index.php\\\/author\\\/admin5851\\\/\"}]}<\/script>\n<!-- \/ Yoast SEO plugin. -->","yoast_head_json":{"title":"Apr\u00e8s Callac, le pouvoir acc\u00e9l\u00e8re l\u2019invasion de nos campagnes - # WEBTUBE.fr","robots":{"index":"index","follow":"follow","max-snippet":"max-snippet:-1","max-image-preview":"max-image-preview:large","max-video-preview":"max-video-preview:-1"},"canonical":"https:\/\/webtube.fr\/index.php\/2023\/03\/17\/apres-callac-le-pouvoir-accelere-linvasion-de-nos-campagnes\/","og_locale":"fr_FR","og_type":"article","og_title":"Apr\u00e8s Callac, le pouvoir acc\u00e9l\u00e8re l\u2019invasion de nos campagnes - # WEBTUBE.fr","og_description":"Articles \u00a0: Mar. 2023 &#8211; Fev. 2023 &#8211; Jan. 2023 &#8211; Dec. 2022 &#8211; Facebook\u00a0:\u00a0https:\/\/www.facebook.com\/profile.php?id=100069673161887 Apr\u00e8s Callac, le pouvoir acc\u00e9l\u00e8re l\u2019invasion de nos campagnes Un vent de panique a souffl\u00e9 chez les politiciens immigrationnistes quand, suite \u00e0 la mobilisation de la population, le maire de Callac a d\u00fb renoncer au projet Horizon, pr\u00e9sent\u00e9 comme un &hellip; Continuer la lecture de &laquo;&nbsp;Apr\u00e8s Callac, le pouvoir acc\u00e9l\u00e8re l\u2019invasion de nos campagnes&nbsp;&raquo;","og_url":"https:\/\/webtube.fr\/index.php\/2023\/03\/17\/apres-callac-le-pouvoir-accelere-linvasion-de-nos-campagnes\/","og_site_name":"# WEBTUBE.fr","article_publisher":"https:\/\/www.facebook.com\/profile.php?id=100069673161887","article_published_time":"2023-03-17T04:13:22+00:00","og_image":[{"url":"https:\/\/ripostelaique.com\/wp-content\/uploads\/2023\/01\/vacallac2.jpg","type":"","width":"","height":""}],"author":"admin5851","twitter_card":"summary_large_image","twitter_creator":"@OrtfNews","twitter_site":"@OrtfNews","twitter_misc":{"\u00c9crit par":"admin5851","Dur\u00e9e de lecture estim\u00e9e":"4 minutes"},"schema":{"@context":"https:\/\/schema.org","@graph":[{"@type":"Article","@id":"https:\/\/webtube.fr\/index.php\/2023\/03\/17\/apres-callac-le-pouvoir-accelere-linvasion-de-nos-campagnes\/#article","isPartOf":{"@id":"https:\/\/webtube.fr\/index.php\/2023\/03\/17\/apres-callac-le-pouvoir-accelere-linvasion-de-nos-campagnes\/"},"author":{"name":"admin5851","@id":"https:\/\/webtube.fr\/#\/schema\/person\/dcc633686e0e2a79a6bf7b92c9507618"},"headline":"Apr\u00e8s Callac, le pouvoir acc\u00e9l\u00e8re l\u2019invasion de nos campagnes","datePublished":"2023-03-17T04:13:22+00:00","mainEntityOfPage":{"@id":"https:\/\/webtube.fr\/index.php\/2023\/03\/17\/apres-callac-le-pouvoir-accelere-linvasion-de-nos-campagnes\/"},"wordCount":640,"commentCount":0,"publisher":{"@id":"https:\/\/webtube.fr\/#organization"},"image":{"@id":"https:\/\/webtube.fr\/index.php\/2023\/03\/17\/apres-callac-le-pouvoir-accelere-linvasion-de-nos-campagnes\/#primaryimage"},"thumbnailUrl":"https:\/\/ripostelaique.com\/wp-content\/uploads\/2023\/01\/vacallac2.jpg","inLanguage":"fr-FR","potentialAction":[{"@type":"CommentAction","name":"Comment","target":["https:\/\/webtube.fr\/index.php\/2023\/03\/17\/apres-callac-le-pouvoir-accelere-linvasion-de-nos-campagnes\/#respond"]}]},{"@type":"WebPage","@id":"https:\/\/webtube.fr\/index.php\/2023\/03\/17\/apres-callac-le-pouvoir-accelere-linvasion-de-nos-campagnes\/","url":"https:\/\/webtube.fr\/index.php\/2023\/03\/17\/apres-callac-le-pouvoir-accelere-linvasion-de-nos-campagnes\/","name":"Apr\u00e8s Callac, le pouvoir acc\u00e9l\u00e8re l\u2019invasion de nos campagnes - # WEBTUBE.fr","isPartOf":{"@id":"https:\/\/webtube.fr\/#website"},"primaryImageOfPage":{"@id":"https:\/\/webtube.fr\/index.php\/2023\/03\/17\/apres-callac-le-pouvoir-accelere-linvasion-de-nos-campagnes\/#primaryimage"},"image":{"@id":"https:\/\/webtube.fr\/index.php\/2023\/03\/17\/apres-callac-le-pouvoir-accelere-linvasion-de-nos-campagnes\/#primaryimage"},"thumbnailUrl":"https:\/\/ripostelaique.com\/wp-content\/uploads\/2023\/01\/vacallac2.jpg","datePublished":"2023-03-17T04:13:22+00:00","breadcrumb":{"@id":"https:\/\/webtube.fr\/index.php\/2023\/03\/17\/apres-callac-le-pouvoir-accelere-linvasion-de-nos-campagnes\/#breadcrumb"},"inLanguage":"fr-FR","potentialAction":[{"@type":"ReadAction","target":["https:\/\/webtube.fr\/index.php\/2023\/03\/17\/apres-callac-le-pouvoir-accelere-linvasion-de-nos-campagnes\/"]}]},{"@type":"ImageObject","inLanguage":"fr-FR","@id":"https:\/\/webtube.fr\/index.php\/2023\/03\/17\/apres-callac-le-pouvoir-accelere-linvasion-de-nos-campagnes\/#primaryimage","url":"https:\/\/ripostelaique.com\/wp-content\/uploads\/2023\/01\/vacallac2.jpg","contentUrl":"https:\/\/ripostelaique.com\/wp-content\/uploads\/2023\/01\/vacallac2.jpg"},{"@type":"BreadcrumbList","@id":"https:\/\/webtube.fr\/index.php\/2023\/03\/17\/apres-callac-le-pouvoir-accelere-linvasion-de-nos-campagnes\/#breadcrumb","itemListElement":[{"@type":"ListItem","position":1,"name":"Accueil","item":"https:\/\/webtube.fr\/"},{"@type":"ListItem","position":2,"name":"Apr\u00e8s Callac, le pouvoir acc\u00e9l\u00e8re l\u2019invasion de nos campagnes"}]},{"@type":"WebSite","@id":"https:\/\/webtube.fr\/#website","url":"https:\/\/webtube.fr\/","name":"WEBTUBE","description":"WEBTUBE.fr  Streaming Vid\u00e9o and News , toutes les infos sans filtres !","publisher":{"@id":"https:\/\/webtube.fr\/#organization"},"alternateName":"Rutube","potentialAction":[{"@type":"SearchAction","target":{"@type":"EntryPoint","urlTemplate":"https:\/\/webtube.fr\/?s={search_term_string}"},"query-input":{"@type":"PropertyValueSpecification","valueRequired":true,"valueName":"search_term_string"}}],"inLanguage":"fr-FR"},{"@type":"Organization","@id":"https:\/\/webtube.fr\/#organization","name":"# WEBTUBE.fr","url":"https:\/\/webtube.fr\/","logo":{"@type":"ImageObject","inLanguage":"fr-FR","@id":"https:\/\/webtube.fr\/#\/schema\/logo\/image\/","url":"https:\/\/webtube.fr\/wp-content\/uploads\/2025\/09\/cropped-Logo_webtubeIA-1.jpg","contentUrl":"https:\/\/webtube.fr\/wp-content\/uploads\/2025\/09\/cropped-Logo_webtubeIA-1.jpg","width":240,"height":240,"caption":"# WEBTUBE.fr"},"image":{"@id":"https:\/\/webtube.fr\/#\/schema\/logo\/image\/"},"sameAs":["https:\/\/www.facebook.com\/profile.php?id=100069673161887","https:\/\/x.com\/OrtfNews","https:\/\/www.facebook.com\/profile.php?id=100013751440523"]},{"@type":"Person","@id":"https:\/\/webtube.fr\/#\/schema\/person\/dcc633686e0e2a79a6bf7b92c9507618","name":"admin5851","image":{"@type":"ImageObject","inLanguage":"fr-FR","@id":"https:\/\/secure.gravatar.com\/avatar\/ea1b672a827879c0febb022a108a871292b3d08fadc66a0a43fa47acfe82e38a?s=96&d=mm&r=g","url":"https:\/\/secure.gravatar.com\/avatar\/ea1b672a827879c0febb022a108a871292b3d08fadc66a0a43fa47acfe82e38a?s=96&d=mm&r=g","contentUrl":"https:\/\/secure.gravatar.com\/avatar\/ea1b672a827879c0febb022a108a871292b3d08fadc66a0a43fa47acfe82e38a?s=96&d=mm&r=g","caption":"admin5851"},"sameAs":["http:\/\/linlcju.cluster100.hosting.ovh.net"],"url":"https:\/\/webtube.fr\/index.php\/author\/admin5851\/"}]}},"jetpack_featured_media_url":"","jetpack_sharing_enabled":true,"_links":{"self":[{"href":"https:\/\/webtube.fr\/index.php\/wp-json\/wp\/v2\/posts\/21693","targetHints":{"allow":["GET"]}}],"collection":[{"href":"https:\/\/webtube.fr\/index.php\/wp-json\/wp\/v2\/posts"}],"about":[{"href":"https:\/\/webtube.fr\/index.php\/wp-json\/wp\/v2\/types\/post"}],"author":[{"embeddable":true,"href":"https:\/\/webtube.fr\/index.php\/wp-json\/wp\/v2\/users\/1"}],"replies":[{"embeddable":true,"href":"https:\/\/webtube.fr\/index.php\/wp-json\/wp\/v2\/comments?post=21693"}],"version-history":[{"count":0,"href":"https:\/\/webtube.fr\/index.php\/wp-json\/wp\/v2\/posts\/21693\/revisions"}],"wp:attachment":[{"href":"https:\/\/webtube.fr\/index.php\/wp-json\/wp\/v2\/media?parent=21693"}],"wp:term":[{"taxonomy":"category","embeddable":true,"href":"https:\/\/webtube.fr\/index.php\/wp-json\/wp\/v2\/categories?post=21693"},{"taxonomy":"post_tag","embeddable":true,"href":"https:\/\/webtube.fr\/index.php\/wp-json\/wp\/v2\/tags?post=21693"}],"curies":[{"name":"wp","href":"https:\/\/api.w.org\/{rel}","templated":true}]}}