{"id":21682,"date":"2023-03-16T05:20:33","date_gmt":"2023-03-16T04:20:33","guid":{"rendered":"http:\/\/rutube.fr\/?p=21682"},"modified":"2023-03-16T05:20:33","modified_gmt":"2023-03-16T04:20:33","slug":"christine-kelly-recoit-eric-zemmour-et-surtout-vive-la-france","status":"publish","type":"post","link":"https:\/\/webtube.fr\/index.php\/2023\/03\/16\/christine-kelly-recoit-eric-zemmour-et-surtout-vive-la-france\/","title":{"rendered":"Christine Kelly re\u00e7oit \u00c9ric Zemmour : et surtout vive la France !"},"content":{"rendered":"\n<figure><iframe loading=\"lazy\" width=\"800\" height=\"200\" src=\"http:\/\/rutubes.free.fr\/RutubeEmule-island.html\" frameborder=\"N\" scrolling=\"no\"><\/iframe><\/figure>\n\n\n\n<p>Articles \u00a0: <a href=\"http:\/\/rutube.fr\/2023\/03\/\" target=\"_blank\" rel=\"noreferrer noopener\">Mar. 2023<\/a> &#8211; <a href=\"http:\/\/rutube.fr\/2023\/02\/\" target=\"_blank\" rel=\"noreferrer noopener\">Fev. 2023<\/a> &#8211; <a href=\"http:\/\/rutube.fr\/2023\/01\/\" target=\"_blank\" rel=\"noreferrer noopener\">Jan. 2023<\/a> &#8211; <a href=\"http:\/\/rutube.fr\/2022\/12\/\" target=\"_blank\" rel=\"noreferrer noopener\">Dec. 2022<\/a> &#8211; Facebook\u00a0:\u00a0<a href=\"https:\/\/www.facebook.com\/profile.php?id=100069673161887\">https:\/\/www.facebook.com\/profile.php?id=100069673161887<\/a><\/p>\n\n\n\n<figure class=\"wp-block-image size-large\"><img decoding=\"async\" src=\"https:\/\/ripostelaique.com\/wp-content\/uploads\/2023\/03\/christine-kelly-face-a_-l_info-c.webp\" alt=\"\"\/><\/figure>\n\n\n\n<p>C\u2019est une Christine Kelly rayonnante qui accueille dans son \u00e9mission&nbsp;<em>Face \u00e0 l\u2019Info<\/em>&nbsp;Eric Zemmour&nbsp;, venu nous parler de son dernier livre, d\u00e9j\u00e0 en t\u00eate des ventes,&nbsp;<strong>\u201cJe n\u2019ai pas dit mon dernier mot\u201d.<\/strong><\/p>\n\n\n\n<p>Bilan de sa campagne, secrets, mea-culpa, trahisons, tout y est. On y voit un Zemmour \u00e0 la fois fort, faible, malheureux, optimiste, humain et toujours sinc\u00e8re.&nbsp;<\/p>\n\n\n\n<p>Non, lors de sa participation \u00e0 l\u2019\u00e9mission de Christine Kelly, il ne l\u2019a pas \u201ctrahie\u201d et s\u2019y est pleinement investi, sans arri\u00e8re pens\u00e9e politique. Ce n\u2019est que peu \u00e0 peu que l\u2019id\u00e9e de la pr\u00e9sidentielle a fait son chemin pour d\u00e9fendre ses id\u00e9es et sauver la France. En se jetant dans l\u2019ar\u00e8ne, il \u00e9tait au moins certain de ne rien regretter.<\/p>\n\n\n\n<p>Ce n\u2019est pas un livre r\u00e8glement de comptes mais une mise au point sans concessions. Avec des anecdotes, des faits choquants, parfois crus, de fa\u00e7on \u00e0 en tirer une le\u00e7on politique.<\/p>\n\n\n\n<p><strong>M\u00e9nard est par exemple la parfaite figure du traitre aux retournements de veste incessants.<\/strong><\/p>\n\n\n\n<p>C\u2019est le soi-disant ami qui me dit pendant des mois que je suis le meilleur et qu\u2019il faut y aller. Puis il passe la campagne \u00e0 me taper dessus. C\u2019est le&nbsp;<strong>Judas de B\u00e9ziers<\/strong>&nbsp;qui a emp\u00each\u00e9 de parler des vrais probl\u00e8mes. Il m\u2019a diabolis\u00e9 pour d\u00e9l\u00e9gitimer mes id\u00e9es.<\/p>\n\n\n\n<p>Marine et moi sommes plus compl\u00e9mentaires qu\u2019adversaires, mais jusqu\u2019au bout j\u2019ai davantage \u00e9t\u00e9 son ennemi que Macron. Elle a d\u2019ailleurs refus\u00e9 toute alliance pour les l\u00e9gislatives. Pour ma part, j\u2019ai plus attaqu\u00e9 Val\u00e9rie P\u00e9cresse que le RN. En fait les m\u00e9dias m\u2019ont enferm\u00e9 dans un duel d\u2019extr\u00eame droite avec Marine alors que je combattais LR.&nbsp;Je suis plut\u00f4t RPR de 1990.<\/p>\n\n\n\n<p><strong>En fait, ce sont les m\u00e9dias qui ont \u00e9t\u00e9 mes plus farouches adversaires et j\u2019ai sous-estim\u00e9 leur puissance.<\/strong><\/p>\n\n\n\n<p>Au Trocad\u00e9ro, j\u2019ai fait un meeting d\u2019exception avec 100 000 personnes, une ambiance bon enfant, le soleil, un discours appr\u00e9ci\u00e9. Ce fut un succ\u00e8s. Mais un cri a retenti au loin dans la foule : \u201cMacron assassin\u201d, cri que je n\u2019ai pas entendu. Et aussit\u00f4t tout le meeting s\u2019est r\u00e9sum\u00e9 \u00e0 ce cri que je n\u2019avais pas aussit\u00f4t condamn\u00e9.<\/p>\n\n\n\n<p>Par la suite, il s\u2019est av\u00e9r\u00e9 que ce cri a avait \u00e9t\u00e9 lanc\u00e9 par des gamins. Mais les m\u00e9dias avaient fait de la mousse avec rien.<\/p>\n\n\n\n<p>Beaucoup d\u2019amis m\u2019on l\u00e2ch\u00e9. Quand on perd on d\u00e9\u00e7oit. C\u2019est la grande d\u00e9sillusion qu\u2019on ne vous pardonne pas.<\/p>\n\n\n\n<p>Mais je tiens \u00e0 faire l\u2019\u00e9loge de Philippe de Villiers, ami hors du commun, avec lequel je suis devenu encore plus proche.<\/p>\n\n\n\n<p>Macron profite du clivage entre la Macronie et le RN, mais surtout de la g\u00e9n\u00e9ration des boomers, la plus nombreuse, qui ne votera jamais Marine.&nbsp;<strong>Quand cette g\u00e9n\u00e9ration aura disparu, vers 2035, nous aurons deux grandes forces politiques : les islamo-gauchistes et la droite identitaire. Ce sera le duel de demain.<\/strong><\/p>\n\n\n\n<p>Oui, je me livre car j\u2019ai mis dans ce combat toute ma sinc\u00e9rit\u00e9 et mon \u00e9nergie et je veux que mes \u00e9lecteurs comprennent ce qui s\u2019est pass\u00e9. J\u2019explique mes erreurs et analyse les \u00e9v\u00e8nements. Oui, il y a eu des pol\u00e9miques inutiles, le handicap, les r\u00e9fugi\u00e9s ukrainiens. J\u2019ai eu peur d\u2019\u00eatre tax\u00e9 de racisme en accueillant des r\u00e9fugi\u00e9s blancs. Alors j\u2019ai r\u00e9pondu non.<\/p>\n\n\n\n<p>Puis je parle de la boule au ventre, cette tension nerveuse que j\u2019ai eue jusqu\u2019au bout depuis le 24 f\u00e9vrier, date de la guerre en Ukraine, qui a d\u00e9tourn\u00e9 les esprits de ma campagne.<\/p>\n\n\n\n<p>C\u2019est un discours de v\u00e9rit\u00e9, de sinc\u00e9rit\u00e9, de simplicit\u00e9 et de franchise que nous livre Zemmour.<\/p>\n\n\n\n<p>Sur la r\u00e9forme, Eric Zemmour est pour la retraite \u00e0 64 ans, qui figure dans son programme, mais pour une r\u00e9forme globale beaucoup plus vaste et durable, qui traite de la<strong>&nbsp;natalit\u00e9, de la fraude, de l\u2019emploi, de la r\u00e9industrialisation, d\u2019une dos de capitalisation.<\/strong>&nbsp;Il y a une gauchisation excessive du d\u00e9bat.&nbsp;<\/p>\n\n\n\n<p>Oui, je suis attach\u00e9 \u00e0 notre histoire car une nation n\u2019existe que par son histoire.<\/p>\n\n\n\n<p>Reconqu\u00eate, c\u2019est une arme pour agir. Il ne s\u2019agit plus de d\u00e9fendre seulement les id\u00e9es, il faut agir. Quand je m\u2019oppose \u00e0 ce qu\u2019une enseignante aille \u00e0&nbsp;<strong>Calais<\/strong>&nbsp;avec ses \u00e9l\u00e8ves d\u00e9fendre la cause des migrants, j\u2019agis.&nbsp;Quand je m\u2019oppose \u00e0 l\u2019installation de migrants \u00e0&nbsp;<strong>Callac<\/strong>, j\u2019agis.<\/p>\n\n\n\n<p>Il faut fa\u00e7onner les esprits et combattre l\u2019endoctrinement de gauche.<\/p>\n\n\n\n<p>Oui, nous irons aux europ\u00e9ennes et aux municipales. L\u2019important, avec Marion, ce n\u2019est pas de savoir qui sera t\u00eate de liste mais de combattre ensemble.<\/p>\n\n\n\n<p><strong>Puis Marc Menant arrive sur le plateau.<\/strong><\/p>\n\n\n\n<p>Il nous d\u00e9crit un Zemmour sinc\u00e8re qui parle vrai, tout le contraire d\u2019un raciste et d\u2019un facho.<\/p>\n\n\n\n<p>C\u2019est sur le peuple que mise Zemmour. Un peuple jud\u00e9o-chr\u00e9tien qui sait l\u2019urgence de la situation.<\/p>\n\n\n\n<p>Pour&nbsp;<strong>Mathieu Bock-C\u00f4t\u00e9<\/strong>, ce n\u2019est pas un livre r\u00e8glement de comptes. Zemmour se fait l\u2019historien de sa propre action. Mais il devra changer sa tactique. Apr\u00e8s la charge h\u00e9ro\u00efque des premiers mois, Reconqu\u00eate ne sera plus l\u2019instrument de conqu\u00eate, mais le recours apr\u00e8s la d\u00e9composition du syst\u00e8me politique.<\/p>\n\n\n\n<p>Pour Zemmour la guerre en Ukraine a \u00e9t\u00e9 sa retraite de Russie.<\/p>\n\n\n\n<p>Il nous rappelle qu\u2019au del\u00e0 des classes populaires patriotes, il y a aussi une droite bourgeoise identitaire qui n\u2019a rien \u00e0 voir avec la droite macroniste. Et cette droite, qui envoie ses enfants \u00e0 l\u2019\u00e9tranger, n\u2019attend qu\u2019une chose : que Zemmour gagne les \u00e9lections.<\/p>\n\n\n\n<p><strong>Quel est le dernier mot de Zemmour ?<\/strong><\/p>\n\n\n\n<p>Sauver la France en grand danger, c\u2019est un devoir envers le peuple.<\/p>\n\n\n\n<p>C\u2019est donc un Zemmour toujours aussi d\u00e9termin\u00e9 qui s\u2019est exprim\u00e9. Est-il l\u2019avenir de la France ? Esp\u00e9rons. C\u2019est en tout cas le plus sinc\u00e8re, le plus patriote, le plus d\u00e9sint\u00e9ress\u00e9 et le plus courageux de toute cette classe politique sans courage, qui nous a conduits vers l\u2019ab\u00eeme et qui se couche devant l\u2019Europe, r\u00e9sign\u00e9e comme \u00e0 l\u2019abattoir.<\/p>\n\n\n\n<p><strong>Jacques Guillemain<\/strong>, Riposte La\u00efque<\/p>\n\n\n\n<figure><iframe loading=\"lazy\" width=\"800\" height=\"200\" src=\"http:\/\/rutubes.free.fr\/RutubeEmule-island.html\" frameborder=\"N\" scrolling=\"no\"><\/iframe><\/figure>\n\n\nADDFREESTATS.COM AUTOCODE V4.0 &#8211;>\n<script type=\"text\/javascript\">\n<!--\nvar AFS_Account=\"00636949\";\nvar AFS_Tracker=\"auto\";\nvar AFS_Server=\"www6\";\nvar AFS_Page=\"DetectName\";\nvar AFS_Url=\"DetectUrl\";\n\/\/ -->\n<\/script>\n<script type=\"text\/javascript\" src=\"http:\/\/www6.addfreestats.com\/cgi-bin\/afstrack.cgi?usr=00636949\">\n<\/script>\n<noscript>\n<a href=\"http:\/\/www.addfreestats.com\">\n<img decoding=\"async\" src=\"http:\/\/www6.addfreestats.com\/cgi-bin\/connect.cgi?usr=00636949Pauto\" border=\"0\" alt=\"AddFreeStats.com Free Web Stats!\">Web Stats<\/a>\n<\/noscript>\n<iframe loading=\"lazy\" width=\"650\" height=\"180\" src=\"http:\/\/onlineradiobox.com\/gr\/mousikokanali\/player\/?cs=gr.mousikokanali&#038;played=1\" frameborder=\"N\" scrolling=\"no\"><\/iframe>\n<a href=\"http:\/\/djmusic.fr\">\n<img decoding=\"async\" src=\"http:\/\/djmusicparis.free.fr\/images\/Djmuisc_Jamendo.jpg\" border=\"0\" alt=\"AddFreeStats.com Free Web Stats!\"> Ecoutez DJMusic.fr<\/a>\n<a href=\"http:\/\/rutubes.free.fr\/Rutube_Cecostream.html\">\n<img decoding=\"async\" src=\"http:\/\/rutubes.free.fr\/images\/webtube-androidP.jpg\" border=\"0\n\n<!-- ENDADDFREESTATS.COM AUTOCODE V4.0  \u2192-->\n","protected":false},"excerpt":{"rendered":"<p>Articles \u00a0: Mar. 2023 &#8211; Fev. 2023 &#8211; Jan. 2023 &#8211; Dec. 2022 &#8211; Facebook\u00a0:\u00a0https:\/\/www.facebook.com\/profile.php?id=100069673161887 C\u2019est une Christine Kelly rayonnante qui accueille dans son \u00e9mission&nbsp;Face \u00e0 l\u2019Info&nbsp;Eric Zemmour&nbsp;, venu nous parler de son dernier livre, d\u00e9j\u00e0 en t\u00eate des ventes,&nbsp;\u201cJe n\u2019ai pas dit mon dernier mot\u201d. Bilan de sa campagne, secrets, mea-culpa, trahisons, tout y &hellip; <a href=\"https:\/\/webtube.fr\/index.php\/2023\/03\/16\/christine-kelly-recoit-eric-zemmour-et-surtout-vive-la-france\/\" class=\"more-link\">Continuer la lecture<span class=\"screen-reader-text\"> de &laquo;&nbsp;Christine Kelly re\u00e7oit \u00c9ric Zemmour : et surtout vive la France !&nbsp;&raquo;<\/span><\/a><\/p>\n","protected":false},"author":1,"featured_media":0,"comment_status":"open","ping_status":"open","sticky":false,"template":"","format":"standard","meta":{"_jetpack_memberships_contains_paid_content":false,"footnotes":""},"categories":[2],"tags":[],"class_list":["post-21682","post","type-post","status-publish","format-standard","hentry","category-non-classe"],"yoast_head":"<!-- This site is optimized with the Yoast SEO plugin v27.3 - https:\/\/yoast.com\/product\/yoast-seo-wordpress\/ -->\n<title>Christine Kelly re\u00e7oit \u00c9ric Zemmour : et surtout vive la France ! - # WEBTUBE.fr<\/title>\n<meta name=\"robots\" content=\"index, follow, max-snippet:-1, max-image-preview:large, max-video-preview:-1\" \/>\n<link rel=\"canonical\" href=\"https:\/\/webtube.fr\/index.php\/2023\/03\/16\/christine-kelly-recoit-eric-zemmour-et-surtout-vive-la-france\/\" \/>\n<meta property=\"og:locale\" content=\"fr_FR\" \/>\n<meta property=\"og:type\" content=\"article\" \/>\n<meta property=\"og:title\" content=\"Christine Kelly re\u00e7oit \u00c9ric Zemmour : et surtout vive la France ! - # WEBTUBE.fr\" \/>\n<meta property=\"og:description\" content=\"Articles \u00a0: Mar. 2023 &#8211; Fev. 2023 &#8211; Jan. 2023 &#8211; Dec. 2022 &#8211; Facebook\u00a0:\u00a0https:\/\/www.facebook.com\/profile.php?id=100069673161887 C\u2019est une Christine Kelly rayonnante qui accueille dans son \u00e9mission&nbsp;Face \u00e0 l\u2019Info&nbsp;Eric Zemmour&nbsp;, venu nous parler de son dernier livre, d\u00e9j\u00e0 en t\u00eate des ventes,&nbsp;\u201cJe n\u2019ai pas dit mon dernier mot\u201d. Bilan de sa campagne, secrets, mea-culpa, trahisons, tout y &hellip; Continuer la lecture de &laquo;&nbsp;Christine Kelly re\u00e7oit \u00c9ric Zemmour : et surtout vive la France !&nbsp;&raquo;\" \/>\n<meta property=\"og:url\" content=\"https:\/\/webtube.fr\/index.php\/2023\/03\/16\/christine-kelly-recoit-eric-zemmour-et-surtout-vive-la-france\/\" \/>\n<meta property=\"og:site_name\" content=\"# WEBTUBE.fr\" \/>\n<meta property=\"article:publisher\" content=\"https:\/\/www.facebook.com\/profile.php?id=100069673161887\" \/>\n<meta property=\"article:published_time\" content=\"2023-03-16T04:20:33+00:00\" \/>\n<meta property=\"og:image\" content=\"https:\/\/ripostelaique.com\/wp-content\/uploads\/2023\/03\/christine-kelly-face-a_-l_info-c.webp\" \/>\n<meta name=\"author\" content=\"admin5851\" \/>\n<meta name=\"twitter:card\" content=\"summary_large_image\" \/>\n<meta name=\"twitter:creator\" content=\"@OrtfNews\" \/>\n<meta name=\"twitter:site\" content=\"@OrtfNews\" \/>\n<meta name=\"twitter:label1\" content=\"\u00c9crit par\" \/>\n\t<meta name=\"twitter:data1\" content=\"admin5851\" \/>\n\t<meta name=\"twitter:label2\" content=\"Dur\u00e9e de lecture estim\u00e9e\" \/>\n\t<meta name=\"twitter:data2\" content=\"6 minutes\" \/>\n<script type=\"application\/ld+json\" class=\"yoast-schema-graph\">{\"@context\":\"https:\\\/\\\/schema.org\",\"@graph\":[{\"@type\":\"Article\",\"@id\":\"https:\\\/\\\/webtube.fr\\\/index.php\\\/2023\\\/03\\\/16\\\/christine-kelly-recoit-eric-zemmour-et-surtout-vive-la-france\\\/#article\",\"isPartOf\":{\"@id\":\"https:\\\/\\\/webtube.fr\\\/index.php\\\/2023\\\/03\\\/16\\\/christine-kelly-recoit-eric-zemmour-et-surtout-vive-la-france\\\/\"},\"author\":{\"name\":\"admin5851\",\"@id\":\"https:\\\/\\\/webtube.fr\\\/#\\\/schema\\\/person\\\/dcc633686e0e2a79a6bf7b92c9507618\"},\"headline\":\"Christine Kelly re\u00e7oit \u00c9ric Zemmour : et surtout vive la France !\",\"datePublished\":\"2023-03-16T04:20:33+00:00\",\"mainEntityOfPage\":{\"@id\":\"https:\\\/\\\/webtube.fr\\\/index.php\\\/2023\\\/03\\\/16\\\/christine-kelly-recoit-eric-zemmour-et-surtout-vive-la-france\\\/\"},\"wordCount\":1150,\"commentCount\":0,\"publisher\":{\"@id\":\"https:\\\/\\\/webtube.fr\\\/#organization\"},\"image\":{\"@id\":\"https:\\\/\\\/webtube.fr\\\/index.php\\\/2023\\\/03\\\/16\\\/christine-kelly-recoit-eric-zemmour-et-surtout-vive-la-france\\\/#primaryimage\"},\"thumbnailUrl\":\"https:\\\/\\\/ripostelaique.com\\\/wp-content\\\/uploads\\\/2023\\\/03\\\/christine-kelly-face-a_-l_info-c.webp\",\"inLanguage\":\"fr-FR\",\"potentialAction\":[{\"@type\":\"CommentAction\",\"name\":\"Comment\",\"target\":[\"https:\\\/\\\/webtube.fr\\\/index.php\\\/2023\\\/03\\\/16\\\/christine-kelly-recoit-eric-zemmour-et-surtout-vive-la-france\\\/#respond\"]}]},{\"@type\":\"WebPage\",\"@id\":\"https:\\\/\\\/webtube.fr\\\/index.php\\\/2023\\\/03\\\/16\\\/christine-kelly-recoit-eric-zemmour-et-surtout-vive-la-france\\\/\",\"url\":\"https:\\\/\\\/webtube.fr\\\/index.php\\\/2023\\\/03\\\/16\\\/christine-kelly-recoit-eric-zemmour-et-surtout-vive-la-france\\\/\",\"name\":\"Christine Kelly re\u00e7oit \u00c9ric Zemmour : et surtout vive la France ! - # WEBTUBE.fr\",\"isPartOf\":{\"@id\":\"https:\\\/\\\/webtube.fr\\\/#website\"},\"primaryImageOfPage\":{\"@id\":\"https:\\\/\\\/webtube.fr\\\/index.php\\\/2023\\\/03\\\/16\\\/christine-kelly-recoit-eric-zemmour-et-surtout-vive-la-france\\\/#primaryimage\"},\"image\":{\"@id\":\"https:\\\/\\\/webtube.fr\\\/index.php\\\/2023\\\/03\\\/16\\\/christine-kelly-recoit-eric-zemmour-et-surtout-vive-la-france\\\/#primaryimage\"},\"thumbnailUrl\":\"https:\\\/\\\/ripostelaique.com\\\/wp-content\\\/uploads\\\/2023\\\/03\\\/christine-kelly-face-a_-l_info-c.webp\",\"datePublished\":\"2023-03-16T04:20:33+00:00\",\"breadcrumb\":{\"@id\":\"https:\\\/\\\/webtube.fr\\\/index.php\\\/2023\\\/03\\\/16\\\/christine-kelly-recoit-eric-zemmour-et-surtout-vive-la-france\\\/#breadcrumb\"},\"inLanguage\":\"fr-FR\",\"potentialAction\":[{\"@type\":\"ReadAction\",\"target\":[\"https:\\\/\\\/webtube.fr\\\/index.php\\\/2023\\\/03\\\/16\\\/christine-kelly-recoit-eric-zemmour-et-surtout-vive-la-france\\\/\"]}]},{\"@type\":\"ImageObject\",\"inLanguage\":\"fr-FR\",\"@id\":\"https:\\\/\\\/webtube.fr\\\/index.php\\\/2023\\\/03\\\/16\\\/christine-kelly-recoit-eric-zemmour-et-surtout-vive-la-france\\\/#primaryimage\",\"url\":\"https:\\\/\\\/ripostelaique.com\\\/wp-content\\\/uploads\\\/2023\\\/03\\\/christine-kelly-face-a_-l_info-c.webp\",\"contentUrl\":\"https:\\\/\\\/ripostelaique.com\\\/wp-content\\\/uploads\\\/2023\\\/03\\\/christine-kelly-face-a_-l_info-c.webp\"},{\"@type\":\"BreadcrumbList\",\"@id\":\"https:\\\/\\\/webtube.fr\\\/index.php\\\/2023\\\/03\\\/16\\\/christine-kelly-recoit-eric-zemmour-et-surtout-vive-la-france\\\/#breadcrumb\",\"itemListElement\":[{\"@type\":\"ListItem\",\"position\":1,\"name\":\"Accueil\",\"item\":\"https:\\\/\\\/webtube.fr\\\/\"},{\"@type\":\"ListItem\",\"position\":2,\"name\":\"Christine Kelly re\u00e7oit \u00c9ric Zemmour : et surtout vive la France !\"}]},{\"@type\":\"WebSite\",\"@id\":\"https:\\\/\\\/webtube.fr\\\/#website\",\"url\":\"https:\\\/\\\/webtube.fr\\\/\",\"name\":\"WEBTUBE\",\"description\":\"WEBTUBE.fr  Streaming Vid\u00e9o and News , toutes les infos sans filtres !\",\"publisher\":{\"@id\":\"https:\\\/\\\/webtube.fr\\\/#organization\"},\"alternateName\":\"Rutube\",\"potentialAction\":[{\"@type\":\"SearchAction\",\"target\":{\"@type\":\"EntryPoint\",\"urlTemplate\":\"https:\\\/\\\/webtube.fr\\\/?s={search_term_string}\"},\"query-input\":{\"@type\":\"PropertyValueSpecification\",\"valueRequired\":true,\"valueName\":\"search_term_string\"}}],\"inLanguage\":\"fr-FR\"},{\"@type\":\"Organization\",\"@id\":\"https:\\\/\\\/webtube.fr\\\/#organization\",\"name\":\"# WEBTUBE.fr\",\"url\":\"https:\\\/\\\/webtube.fr\\\/\",\"logo\":{\"@type\":\"ImageObject\",\"inLanguage\":\"fr-FR\",\"@id\":\"https:\\\/\\\/webtube.fr\\\/#\\\/schema\\\/logo\\\/image\\\/\",\"url\":\"https:\\\/\\\/webtube.fr\\\/wp-content\\\/uploads\\\/2025\\\/09\\\/cropped-Logo_webtubeIA-1.jpg\",\"contentUrl\":\"https:\\\/\\\/webtube.fr\\\/wp-content\\\/uploads\\\/2025\\\/09\\\/cropped-Logo_webtubeIA-1.jpg\",\"width\":240,\"height\":240,\"caption\":\"# WEBTUBE.fr\"},\"image\":{\"@id\":\"https:\\\/\\\/webtube.fr\\\/#\\\/schema\\\/logo\\\/image\\\/\"},\"sameAs\":[\"https:\\\/\\\/www.facebook.com\\\/profile.php?id=100069673161887\",\"https:\\\/\\\/x.com\\\/OrtfNews\",\"https:\\\/\\\/www.facebook.com\\\/profile.php?id=100013751440523\"]},{\"@type\":\"Person\",\"@id\":\"https:\\\/\\\/webtube.fr\\\/#\\\/schema\\\/person\\\/dcc633686e0e2a79a6bf7b92c9507618\",\"name\":\"admin5851\",\"image\":{\"@type\":\"ImageObject\",\"inLanguage\":\"fr-FR\",\"@id\":\"https:\\\/\\\/secure.gravatar.com\\\/avatar\\\/ea1b672a827879c0febb022a108a871292b3d08fadc66a0a43fa47acfe82e38a?s=96&d=mm&r=g\",\"url\":\"https:\\\/\\\/secure.gravatar.com\\\/avatar\\\/ea1b672a827879c0febb022a108a871292b3d08fadc66a0a43fa47acfe82e38a?s=96&d=mm&r=g\",\"contentUrl\":\"https:\\\/\\\/secure.gravatar.com\\\/avatar\\\/ea1b672a827879c0febb022a108a871292b3d08fadc66a0a43fa47acfe82e38a?s=96&d=mm&r=g\",\"caption\":\"admin5851\"},\"sameAs\":[\"http:\\\/\\\/linlcju.cluster100.hosting.ovh.net\"],\"url\":\"https:\\\/\\\/webtube.fr\\\/index.php\\\/author\\\/admin5851\\\/\"}]}<\/script>\n<!-- \/ Yoast SEO plugin. -->","yoast_head_json":{"title":"Christine Kelly re\u00e7oit \u00c9ric Zemmour : et surtout vive la France ! - # WEBTUBE.fr","robots":{"index":"index","follow":"follow","max-snippet":"max-snippet:-1","max-image-preview":"max-image-preview:large","max-video-preview":"max-video-preview:-1"},"canonical":"https:\/\/webtube.fr\/index.php\/2023\/03\/16\/christine-kelly-recoit-eric-zemmour-et-surtout-vive-la-france\/","og_locale":"fr_FR","og_type":"article","og_title":"Christine Kelly re\u00e7oit \u00c9ric Zemmour : et surtout vive la France ! - # WEBTUBE.fr","og_description":"Articles \u00a0: Mar. 2023 &#8211; Fev. 2023 &#8211; Jan. 2023 &#8211; Dec. 2022 &#8211; Facebook\u00a0:\u00a0https:\/\/www.facebook.com\/profile.php?id=100069673161887 C\u2019est une Christine Kelly rayonnante qui accueille dans son \u00e9mission&nbsp;Face \u00e0 l\u2019Info&nbsp;Eric Zemmour&nbsp;, venu nous parler de son dernier livre, d\u00e9j\u00e0 en t\u00eate des ventes,&nbsp;\u201cJe n\u2019ai pas dit mon dernier mot\u201d. Bilan de sa campagne, secrets, mea-culpa, trahisons, tout y &hellip; Continuer la lecture de &laquo;&nbsp;Christine Kelly re\u00e7oit \u00c9ric Zemmour : et surtout vive la France !&nbsp;&raquo;","og_url":"https:\/\/webtube.fr\/index.php\/2023\/03\/16\/christine-kelly-recoit-eric-zemmour-et-surtout-vive-la-france\/","og_site_name":"# WEBTUBE.fr","article_publisher":"https:\/\/www.facebook.com\/profile.php?id=100069673161887","article_published_time":"2023-03-16T04:20:33+00:00","og_image":[{"url":"https:\/\/ripostelaique.com\/wp-content\/uploads\/2023\/03\/christine-kelly-face-a_-l_info-c.webp","type":"","width":"","height":""}],"author":"admin5851","twitter_card":"summary_large_image","twitter_creator":"@OrtfNews","twitter_site":"@OrtfNews","twitter_misc":{"\u00c9crit par":"admin5851","Dur\u00e9e de lecture estim\u00e9e":"6 minutes"},"schema":{"@context":"https:\/\/schema.org","@graph":[{"@type":"Article","@id":"https:\/\/webtube.fr\/index.php\/2023\/03\/16\/christine-kelly-recoit-eric-zemmour-et-surtout-vive-la-france\/#article","isPartOf":{"@id":"https:\/\/webtube.fr\/index.php\/2023\/03\/16\/christine-kelly-recoit-eric-zemmour-et-surtout-vive-la-france\/"},"author":{"name":"admin5851","@id":"https:\/\/webtube.fr\/#\/schema\/person\/dcc633686e0e2a79a6bf7b92c9507618"},"headline":"Christine Kelly re\u00e7oit \u00c9ric Zemmour : et surtout vive la France !","datePublished":"2023-03-16T04:20:33+00:00","mainEntityOfPage":{"@id":"https:\/\/webtube.fr\/index.php\/2023\/03\/16\/christine-kelly-recoit-eric-zemmour-et-surtout-vive-la-france\/"},"wordCount":1150,"commentCount":0,"publisher":{"@id":"https:\/\/webtube.fr\/#organization"},"image":{"@id":"https:\/\/webtube.fr\/index.php\/2023\/03\/16\/christine-kelly-recoit-eric-zemmour-et-surtout-vive-la-france\/#primaryimage"},"thumbnailUrl":"https:\/\/ripostelaique.com\/wp-content\/uploads\/2023\/03\/christine-kelly-face-a_-l_info-c.webp","inLanguage":"fr-FR","potentialAction":[{"@type":"CommentAction","name":"Comment","target":["https:\/\/webtube.fr\/index.php\/2023\/03\/16\/christine-kelly-recoit-eric-zemmour-et-surtout-vive-la-france\/#respond"]}]},{"@type":"WebPage","@id":"https:\/\/webtube.fr\/index.php\/2023\/03\/16\/christine-kelly-recoit-eric-zemmour-et-surtout-vive-la-france\/","url":"https:\/\/webtube.fr\/index.php\/2023\/03\/16\/christine-kelly-recoit-eric-zemmour-et-surtout-vive-la-france\/","name":"Christine Kelly re\u00e7oit \u00c9ric Zemmour : et surtout vive la France ! - # WEBTUBE.fr","isPartOf":{"@id":"https:\/\/webtube.fr\/#website"},"primaryImageOfPage":{"@id":"https:\/\/webtube.fr\/index.php\/2023\/03\/16\/christine-kelly-recoit-eric-zemmour-et-surtout-vive-la-france\/#primaryimage"},"image":{"@id":"https:\/\/webtube.fr\/index.php\/2023\/03\/16\/christine-kelly-recoit-eric-zemmour-et-surtout-vive-la-france\/#primaryimage"},"thumbnailUrl":"https:\/\/ripostelaique.com\/wp-content\/uploads\/2023\/03\/christine-kelly-face-a_-l_info-c.webp","datePublished":"2023-03-16T04:20:33+00:00","breadcrumb":{"@id":"https:\/\/webtube.fr\/index.php\/2023\/03\/16\/christine-kelly-recoit-eric-zemmour-et-surtout-vive-la-france\/#breadcrumb"},"inLanguage":"fr-FR","potentialAction":[{"@type":"ReadAction","target":["https:\/\/webtube.fr\/index.php\/2023\/03\/16\/christine-kelly-recoit-eric-zemmour-et-surtout-vive-la-france\/"]}]},{"@type":"ImageObject","inLanguage":"fr-FR","@id":"https:\/\/webtube.fr\/index.php\/2023\/03\/16\/christine-kelly-recoit-eric-zemmour-et-surtout-vive-la-france\/#primaryimage","url":"https:\/\/ripostelaique.com\/wp-content\/uploads\/2023\/03\/christine-kelly-face-a_-l_info-c.webp","contentUrl":"https:\/\/ripostelaique.com\/wp-content\/uploads\/2023\/03\/christine-kelly-face-a_-l_info-c.webp"},{"@type":"BreadcrumbList","@id":"https:\/\/webtube.fr\/index.php\/2023\/03\/16\/christine-kelly-recoit-eric-zemmour-et-surtout-vive-la-france\/#breadcrumb","itemListElement":[{"@type":"ListItem","position":1,"name":"Accueil","item":"https:\/\/webtube.fr\/"},{"@type":"ListItem","position":2,"name":"Christine Kelly re\u00e7oit \u00c9ric Zemmour : et surtout vive la France !"}]},{"@type":"WebSite","@id":"https:\/\/webtube.fr\/#website","url":"https:\/\/webtube.fr\/","name":"WEBTUBE","description":"WEBTUBE.fr  Streaming Vid\u00e9o and News , toutes les infos sans filtres !","publisher":{"@id":"https:\/\/webtube.fr\/#organization"},"alternateName":"Rutube","potentialAction":[{"@type":"SearchAction","target":{"@type":"EntryPoint","urlTemplate":"https:\/\/webtube.fr\/?s={search_term_string}"},"query-input":{"@type":"PropertyValueSpecification","valueRequired":true,"valueName":"search_term_string"}}],"inLanguage":"fr-FR"},{"@type":"Organization","@id":"https:\/\/webtube.fr\/#organization","name":"# WEBTUBE.fr","url":"https:\/\/webtube.fr\/","logo":{"@type":"ImageObject","inLanguage":"fr-FR","@id":"https:\/\/webtube.fr\/#\/schema\/logo\/image\/","url":"https:\/\/webtube.fr\/wp-content\/uploads\/2025\/09\/cropped-Logo_webtubeIA-1.jpg","contentUrl":"https:\/\/webtube.fr\/wp-content\/uploads\/2025\/09\/cropped-Logo_webtubeIA-1.jpg","width":240,"height":240,"caption":"# WEBTUBE.fr"},"image":{"@id":"https:\/\/webtube.fr\/#\/schema\/logo\/image\/"},"sameAs":["https:\/\/www.facebook.com\/profile.php?id=100069673161887","https:\/\/x.com\/OrtfNews","https:\/\/www.facebook.com\/profile.php?id=100013751440523"]},{"@type":"Person","@id":"https:\/\/webtube.fr\/#\/schema\/person\/dcc633686e0e2a79a6bf7b92c9507618","name":"admin5851","image":{"@type":"ImageObject","inLanguage":"fr-FR","@id":"https:\/\/secure.gravatar.com\/avatar\/ea1b672a827879c0febb022a108a871292b3d08fadc66a0a43fa47acfe82e38a?s=96&d=mm&r=g","url":"https:\/\/secure.gravatar.com\/avatar\/ea1b672a827879c0febb022a108a871292b3d08fadc66a0a43fa47acfe82e38a?s=96&d=mm&r=g","contentUrl":"https:\/\/secure.gravatar.com\/avatar\/ea1b672a827879c0febb022a108a871292b3d08fadc66a0a43fa47acfe82e38a?s=96&d=mm&r=g","caption":"admin5851"},"sameAs":["http:\/\/linlcju.cluster100.hosting.ovh.net"],"url":"https:\/\/webtube.fr\/index.php\/author\/admin5851\/"}]}},"jetpack_featured_media_url":"","jetpack_sharing_enabled":true,"_links":{"self":[{"href":"https:\/\/webtube.fr\/index.php\/wp-json\/wp\/v2\/posts\/21682","targetHints":{"allow":["GET"]}}],"collection":[{"href":"https:\/\/webtube.fr\/index.php\/wp-json\/wp\/v2\/posts"}],"about":[{"href":"https:\/\/webtube.fr\/index.php\/wp-json\/wp\/v2\/types\/post"}],"author":[{"embeddable":true,"href":"https:\/\/webtube.fr\/index.php\/wp-json\/wp\/v2\/users\/1"}],"replies":[{"embeddable":true,"href":"https:\/\/webtube.fr\/index.php\/wp-json\/wp\/v2\/comments?post=21682"}],"version-history":[{"count":0,"href":"https:\/\/webtube.fr\/index.php\/wp-json\/wp\/v2\/posts\/21682\/revisions"}],"wp:attachment":[{"href":"https:\/\/webtube.fr\/index.php\/wp-json\/wp\/v2\/media?parent=21682"}],"wp:term":[{"taxonomy":"category","embeddable":true,"href":"https:\/\/webtube.fr\/index.php\/wp-json\/wp\/v2\/categories?post=21682"},{"taxonomy":"post_tag","embeddable":true,"href":"https:\/\/webtube.fr\/index.php\/wp-json\/wp\/v2\/tags?post=21682"}],"curies":[{"name":"wp","href":"https:\/\/api.w.org\/{rel}","templated":true}]}}