{"id":19309,"date":"2022-07-16T16:48:18","date_gmt":"2022-07-16T14:48:18","guid":{"rendered":"http:\/\/rutube.fr\/?p=19309"},"modified":"2022-07-16T16:48:18","modified_gmt":"2022-07-16T14:48:18","slug":"2022-annee-louis-ferdinand-celine","status":"publish","type":"post","link":"https:\/\/webtube.fr\/index.php\/2022\/07\/16\/2022-annee-louis-ferdinand-celine\/","title":{"rendered":"2022, ann\u00e9e Louis-Ferdinand C\u00e9line"},"content":{"rendered":"\n<figure><iframe loading=\"lazy\" width=\"800\" height=\"200\" src=\"http:\/\/www.weboomedia.fr\/RutubeStreaming1.htm\" frameborder=\"N\" scrolling=\"no\"><\/iframe><\/figure>\n\n\n\n<p>Articles &nbsp;: <a href=\"http:\/\/rutube.fr\/2022\/07\/\" target=\"_blank\" rel=\"noreferrer noopener\">Juil. 2022<\/a> &#8211; <a href=\"http:\/\/rutube.fr\/2022\/06\/\" target=\"_blank\" rel=\"noreferrer noopener\">Juin. 2022 \u2013<\/a> <a href=\"http:\/\/rutube.fr\/2022\/05\/\" target=\"_blank\" rel=\"noreferrer noopener\">Mai 2022<\/a> &#8211; <a href=\"http:\/\/rutube.fr\/2022\/04\/\">Avr. 2022<\/a>&nbsp;\u2013<\/p>\n\n\n\n<p>Facebook\u00a0:\u00a0<a href=\"https:\/\/www.facebook.com\/ORTF-News-107572991571884\" target=\"_blank\" rel=\"noreferrer noopener\">https:\/\/www.facebook.com\/ORTF-News-107572991571884<\/a><\/p>\n\n\n\n<figure class=\"wp-block-image size-large\"><img decoding=\"async\" src=\"https:\/\/www.revue-elements.com\/wp-content\/uploads\/2020\/05\/celine.jpg\" alt=\"\"\/><\/figure>\n\n\n\n<p>C\u00e9linomane = lecteur fou de C\u00e9line. Arch\u00e9type du c\u00e9linomane = \u00c9meric Cian-Grang\u00e9, qui dirige \u00e0 la Nouvelle Librairie la collection \u00ab\u00a0Du c\u00f4t\u00e9 de C\u00e9line\u00a0\u00bb. Il fait le point sur la tr\u00e8s riche actualit\u00e9 c\u00e9linienne chez nos confr\u00e8res de l&rsquo;Action Fran\u00e7aise.<\/p>\n\n\n\n<p>Nous nous retrouvons aujourd\u2019hui pour \u00e9voquer Louis-Ferdinand C\u00e9line, figure incontournable de la litt\u00e9rature fran\u00e7aise, en compagnie d\u2019\u00c9meric Cian-Grang\u00e9 qui eut l\u2019extr\u00eame amabilit\u00e9 de nous accorder cet entretien. Profitant de l\u2019actualit\u00e9 litt\u00e9raire c\u00e9linienne, l\u2019Action Fran\u00e7aise voulut revenir sur les diff\u00e9rents travaux et contributions \u00e0 l\u2019\u00e9tude de cet auteur maudit, c\u2019est-\u00e0-dire sulfureux, mais g\u00e9nial ! Pensons aux nombreuses recensions que fit L\u00e9oN Daudet, que ce soit pour&nbsp;<em>Voyage au bout de la nuit<\/em>&nbsp;ou pour ses pamphlets, \u00e0 l\u2019instar de&nbsp;<em>Bagatelles&nbsp;<\/em><em>pour un massacre<\/em>&nbsp;pour lequel il eut cette appr\u00e9ciation : \u00ab Le livre de C\u00e9line [Bagatelles pour un massacre], \u00e0 mon avis, recommence aujourd\u2019hui l\u2019aventure de l\u2019Assommoir, avec un degr\u00e9sup\u00e9rieur, non de talent, mais de virulence dans l\u2019invective. C\u2019est la pression sup\u00e9rieure des circonstances qui commande cette hausse de ton&nbsp;\u00bb (L\u00e9on Daudet,&nbsp;<em>Les Nouvelles litt\u00e9raires<\/em>, 19 f\u00e9vrier 1938). Continuons modestement cette aventure litt\u00e9raire et plongeons \u00e0 nouveau au c\u0153ur du d\u00e9lirant g\u00e9nie de Louis-Ferdinand C\u00e9line&nbsp;!<\/p>\n\n\n\n<p><strong>ACTION FRAN\u00c7AISE : Cher monsieur, nous vous remercions d\u2019avoir bien voulu accorder cet entretien pour l\u2019Action fran\u00e7aise. Avant que nous nous int\u00e9ressions \u00e0 vos diff\u00e9rents travaux et \u00e0 l\u2019actualit\u00e9 c\u00e9linienne, pourriez-vous nous raconter votre rencontre avec l\u2019\u0153uvre de Louis- Ferdinand C\u00e9line ? Pourquoi vous \u00eatre tant attach\u00e9 \u00e0 cet auteur ?<\/strong><\/p>\n\n\n\n<p><strong>\u00c9MERIC CIAN-GRANG\u00c9 :&nbsp;<\/strong>Cher monsieur, C\u00e9line a fait irruption dans ma vie au d\u00e9but des ann\u00e9es 90, dans une salle de classe de lyc\u00e9e. Mon professeur de fran\u00e7ais nous avait donn\u00e9 un extrait de Voyage au bout de la nuit \u00e0 \u00e9tudier. J\u2019en ai conserv\u00e9 un souvenir tr\u00e8s pr\u00e9cis, puisqu\u2019il s\u2019agissait de la sc\u00e8ne de troc entre autochtones africains et colons fran\u00e7ais. Embarqu\u00e9 par la lecture de ce passage, j\u2019ai achet\u00e9 l\u2019\u00e9dition Folio du livre. Ce n\u2019est pas compliqu\u00e9, il y a pour moi un avant et un apr\u00e8s Voyage au bout de la nuit. Parcouru, tritur\u00e9, craquel\u00e9, le bouquin est dans le tiroir de mon bureau, toujours \u00e0 port\u00e9e de main. Pourquoi m\u2019\u00eatre \u00ab tant attach\u00e9 \u00e0 cet auteur \u00bb ? Tout simplement parce qu\u2019il m\u2019a chamboulevers\u00e9. C\u00e9line m\u2019a rendu libre, c\u2019est l\u2019homme de ma vie.<\/p>\n\n\n\n<p><strong>ACTION FRAN\u00c7AISE :&nbsp;Pourriez-vous bri\u00e8vement nous dresser un tableau du monde c\u00e9linien ? C\u00e9line provoque-t-il toujours de l\u2019int\u00e9r\u00eat ? Des travaux voient-ils encore le jour en nombre ? Bref, y avait- il un v\u00e9ritable dynamisme avant que ne surgisse la divine surprise des manuscrits perdus et retrouv\u00e9s ?<\/strong><\/p>\n\n\n\n<p><strong>\u00c9MERIC CIAN-GRANG\u00c9&nbsp;:&nbsp;<\/strong>Gr\u00e2ce au cinqui\u00e8me volume de la Bibliographie g\u00e9n\u00e9rale des droites fran\u00e7aises (Alain de Benoist, \u00c9ditions Duapha, 2021), il est possible de se faire une id\u00e9e assez pr\u00e9cise du nombre de travaux universitaires, fran\u00e7ais et \u00e9trangers, consacr\u00e9s \u00e0 C\u00e9line et \u00e0 son \u0153uvre. De 1939 \u00e0 2021, ce sont pr\u00e8s de sept-cents-soixante \u00e9tudes qui ont \u00e9t\u00e9 r\u00e9alis\u00e9es, ce qui fait une moyenne de neuf par an. Combien d\u2019\u00e9crivains sont-ils capables de susciter autant d\u2019effervescence intellectuelle ? Il semble pourtant devenu difficile pour les \u00e9tudiants de trouver un directeur de th\u00e8se. Saturation ou bien-pensance ? Le dynamisme que vous \u00e9voquez ne saurait pourtant se limiter \u00e0 ces travaux qui, il faut bien le dire, n\u2019int\u00e9ressent que le microcosme universitaire. Il existe en dehors de ce landerneau une dynamique \u00e9ditoriale constante qui se traduit par une production c\u00e9linienne \u00e0 tout le moins quantitative, \u00e0 d\u00e9faut d\u2019\u00eatre toujours qualitative. \u00c0 titre d\u2019exemples, pas moins de quatorze ouvrages sur C\u00e9line ont \u00e9t\u00e9 publi\u00e9s en 2019, neuf en 2020 et dix en 2021. L\u2019ann\u00e9e 2022 compte d\u00e9j\u00e0 douze publications. Il existe par ailleurs un p\u00e9riodique d\u00e9di\u00e9 \u00e0 cet \u00e9crivain (Le Bulletin c\u00e9linien, dirig\u00e9 par Marc Laudelout depuis plus de quarante ans), deux soci\u00e9t\u00e9s c\u00e9liniennes \u2013 la Soci\u00e9t\u00e9 d\u2019\u00e9tudes c\u00e9liniennes (SEC) et la Soci\u00e9t\u00e9 des lecteurs de C\u00e9line (SLC) \u2013 et une collection litt\u00e9raire c\u00e9linienne (\u00ab Du c\u00f4t\u00e9 de C\u00e9line \u00bb, aux \u00c9ditions de La Nouvelle Librairie). On ne compte plus les groupes Facebook consacr\u00e9s \u00e0 l\u2019auteur de Mort \u00e0 cr\u00e9dit. En somme, C\u00e9line est toujours vivant, et la r\u00e9cente d\u00e9couverte de 6 000 feuillets manuscrits in\u00e9dits montre qu\u2019il est plus vivant que jamais.<\/p>\n\n\n\n<p><strong>ACTION FRAN\u00c7AISE :&nbsp;Selon vous, en quoi r\u00e9side le g\u00e9nie de C\u00e9line ?<\/strong><\/p>\n\n\n\n<p><strong>E\u00c9MERIC CIAN-GRANG\u00c9&nbsp;:&nbsp;<\/strong>Une facult\u00e9 cr\u00e9atrice hors normes, transcendante, capable de toucher un lectorat \u00e9tonnement vari\u00e9, multiple, panach\u00e9. Qui peut en effet se targuer d\u2019avoir un public aussi composite, bigarr\u00e9, disparate que C\u00e9line ? N\u2019est-il pas un cas unique dans la litt\u00e9rature fran\u00e7aise ?<\/p>\n\n\n\n<p><strong>ACTION FRAN\u00c7AISE :&nbsp;Permettez que nous nous arr\u00eations sur ses pamphlets. Quelle place tiennent-ils pour vous dans l\u2019\u0153uvre c\u00e9linienne ? Peuvent-ils \u00eatre retranch\u00e9s de celle-ci ? La question de la r\u00e9\u00e9dition de ceux-ci est plus que d\u2019actualit\u00e9, Fran\u00e7ois Gibault, dans un entretien qu\u2019il vous a accord\u00e9 pour la revue \u00c9l\u00e9ments, d\u00e9clarait, apr\u00e8s avoir rappel\u00e9 qu\u2019il s\u2019\u00e9tait initialement oppos\u00e9 \u00e0 cette r\u00e9\u00e9dition : \u00ab Je ne vois donc pas pourquoi les pamphlets de C\u00e9line, accompagn\u00e9s d\u2019un appareil critique cons\u00e9quent, devraient \u00eatre interdits de r\u00e9\u00e9dition. \u00bb<\/strong><\/p>\n\n\n\n<p><strong>\u00c9MERIC CIAN-GRANG\u00c9&nbsp;:<\/strong>&nbsp;Vouloir, pour des raisons id\u00e9ologiques ou de confort moral, retrancher Bagatelles pour un massacre, L\u2019\u00c9cole des cadavres et Les Beaux Draps de l\u2019\u0153uvre c\u00e9linienne, me semble d\u00e9nu\u00e9 de sens, pour ne pas dire aberrant. Il est naturellement l\u00e9gitime que certaines personnes ne veuillent pas les lire, mais sont-elles pour autant en droit d\u2019emp\u00eacher les autres de le faire ? Qu\u2019on le veuille ou non, les \u00e9crits pamphl\u00e9taires de l\u2019\u00e9crivain font intrins\u00e8quement partie de son \u0153uvre. En effet, si \u00ab la litt\u00e9rature se caract\u00e9rise, non par ses supports et ses genres, mais par sa fonction esth\u00e9tique, la mise en forme du message l\u2019emportant sur le contenu \u00bb, toute l\u2019\u0153uvre c\u00e9linienne appartient \u00e0 la litt\u00e9rature. Il est vrai que la r\u00e9\u00e9dition de ces trois ouvrages constitue un point de crispation qu\u2019il faudra bien d\u00e9nouer, avant qu\u2019ils ne tombent dans le domaine public. C\u2019est Gallimard qui a les droits et Fran\u00e7ois Gibault s\u2019est effectivement engag\u00e9 \u00e0 ce qu\u2019ils sortent des presses avant 2031. Mais c\u2019est \u00ab remonter les chutes du Niagara \u00e0 la nage \u00bb, pour reprendre l\u2019expression du natif de Courbevoie. En attendant, le lecteur int\u00e9ress\u00e9 pourra se tourner vers le Qu\u00e9bec qui, depuis 2012, propose \u00e0 la vente une \u00e9dition critique des pamphlets, sous le titre : \u00c9crits pol\u00e9miques (\u00c9ditions Huit, \u00e9dition critique \u00e9tablie, pr\u00e9sent\u00e9e et annot\u00e9e par R\u00e9gis Tettamanzi).<\/p>\n\n\n\n<p><strong>ACTION FRAN\u00c7AISE :&nbsp;Vous \u00eates \u00e0 l\u2019initiative de la Soci\u00e9t\u00e9 des lecteurs de C\u00e9line, pourriez-vous nous parler de cette aventure et de ses objectifs ?<\/strong><\/p>\n\n\n\n<p><strong>\u00c9MERIC CIAN-GRANG\u00c9&nbsp;:&nbsp;<\/strong>Je suis en effet \u00e0 l\u2019initiative de la cr\u00e9ation de la Soci\u00e9t\u00e9 des lecteurs de C\u00e9line (SLC), le 1 er juillet 2021, \u00e0 l\u2019occasion des soixante ans de la mort de C\u00e9line. Sa naissance d\u00e9coule de la mise en chantier d\u2019un prix litt\u00e9raire c\u00e9linien. C\u2019est en mai 2020 que j\u2019ai eu l\u2019id\u00e9e de ce prix. Et c\u2019est au d\u00e9tour d\u2019une conversation \u00e9lectronique avec Alain de Benoist, un an plus tard, qu\u2019il devint \u00e9vident qu\u2019il devait \u00eatre d\u00e9cern\u00e9 par un organisme associatif. C\u2019est ainsi que la SLC a vu le jour. \u00c9toff\u00e9e, elle s\u2019est aussi fix\u00e9 pour objet de r\u00e9unir, sans passion partisane ni politique, les amateurs de l\u2019auteur de Mort \u00e0 cr\u00e9dit, d\u2019\u0153uvrer pour la promotion et la diffusion de l\u2019actualit\u00e9 c\u00e9linienne et de contribuer \u00e0 la recherche c\u00e9linienne. Mon ambition \u00e9tait de repr\u00e9senter le plus l\u00e9gitimement possible la communaut\u00e9 des lecteurs de C\u00e9line et de lui permettre de s\u2019exprimer de fa\u00e7on d\u00e9complex\u00e9e. Vous le savez, les soci\u00e9t\u00e9s litt\u00e9raires s\u2019\u00e9puisent et finissent par mourir d\u2019an\u00e9mie. Les lecteurs, eux, restent bien vivants. Je partais donc du principe que la SLC appartenait \u00e0 ses membres \u2013 dont le r\u00f4le ne se limite pas \u00e0 envoyer un ch\u00e8que une fois l\u2019an \u2013 et qu\u2019elle vivait \u00e0 travers et pour eux. Je terminais d\u2019ailleurs mon allocution inaugurale \u00e0 Meudon par ces quelques mots : \u00ab Lecteur d\u00e9bonnaire, apprivois\u00e9, bienveillant, peigne-cul, verbeux, stratosph\u00e9rique, persifleur, bravache, franc-ma\u00e7on, imp\u00e9tueux, mutique, \u00ab faux diable \u00bb, tartuffe, bienheureux, alchimiste, \u00ab d\u2019en haut \u00bb, \u00ab d\u2019en bas \u00bb, belge, furibond, versificateur, pyromane, enj\u00f4leur, eff\u00e9min\u00e9, juif ou binoclard, osez dire votre admiration pour l\u2019\u0153uvre de C\u00e9line et ses formidables chambardements litt\u00e9raires. \u00bb J\u2019en parle au pass\u00e9 car j\u2019ai quitt\u00e9 mes fonctions de pr\u00e9sident et d\u2019administrateur de la SLC d\u00e9but janvier. \u00c0 la faveur de certains \u00e9v\u00e8nements, je me suis rendu compte que je n\u2019\u00e9tais plus en ad\u00e9quation avec le reste de l\u2019\u00e9quipe et qu\u2019il \u00e9tait devenu n\u00e9cessaire que je reprenne mon ind\u00e9pendance.<\/p>\n\n\n\n<p><strong>ACTION FRAN\u00c7AISE :&nbsp;Vous dirigez, par ailleurs, pour les \u00e9ditions de la Nouvelle Librairie, la collection \u00ab Du c\u00f4t\u00e9 de C\u00e9line \u00bb, pourriez-vous nous pr\u00e9senter les deux derniers ouvrages de celle-ci, C\u00e9line \u00e0 hue et \u00e0 dia de Marc Laudelout et Elisabeth Craig raconte C\u00e9line de Jean Monnier ?<\/strong><\/p>\n\n\n\n<p><strong>\u00c9MERIC CIAN-GRANG\u00c9&nbsp;:<\/strong>&nbsp;\u00ab Du c\u00f4t\u00e9 de C\u00e9line \u00bb est une locomotive c\u00e9linienne, d\u00e9complex\u00e9e, d\u00e9sinhib\u00e9e et dynamique que j\u2019ai fond\u00e9e en 2020. Je lui ai fix\u00e9 pour objet de contribuer \u00e0 la connaissance et \u00e0 l\u2019exploration du continent c\u00e9linien. Elle se compose d\u2019ores et d\u00e9j\u00e0 de quatre ouvrages : Escaliers, d\u2019\u00c9velyne Pollet (pr\u00e9face de Marc Laudelout, postface de Jeanne Augier, novembre 2020) ; C\u00e9line \u00e0 fleur de peau, de Serge Kanony (pr\u00e9face d\u2019\u00c9ric Mazet, juin 2021) ; C\u00e9line \u00e0 hue et \u00e0 dia, de Marc Laudelout (avant-propos de Marc Hanrez et Fr\u00e9d\u00e9ric Saenen, janvier 2022) ; Elizabeth Craig raconte C\u00e9line, de Jean Monnier (pr\u00e9face de Pierre de Bonneville, mai 2022). Dans C\u00e9line \u00e0 hue et \u00e0 dia, Marc Laudelout \u00e9pingle les antic\u00e9liniens rabiques, \u00e9voque<\/p>\n\n\n\n<p>diverses interf\u00e9rences litt\u00e9raires, dresse le portrait de quelques figures (dont les \u00ab c\u00e9liniens historiques \u00bb) et explore quelques faits li\u00e9s \u00e0 la biographie ainsi qu\u2019\u00e0 la r\u00e9ception critique de l\u2019\u0153uvre. Elizabeth Craig raconte C\u00e9line est le fruit d\u2019un entretien entre la d\u00e9dicataire de Voyage au bout de la nuit et Jean Monnier, un universitaire ayant rencontr\u00e9 en 1988 l\u2019ancienne ma\u00eetresse de C\u00e9line. Ce t\u00e9moignage place le lecteur au c\u0153ur de la vie affective de l\u2019\u00e9crivain. \u00c0 travers les yeux de \u00ab l\u2019Imp\u00e9ratrice \u00bb, il d\u00e9couvre la relation intime qu\u2019elle entretenait avec Louis Destouches, une source d\u2019inspiration immense pour l\u2019\u00e9criture de Voyage au bout de la nuit. Nous f\u00eaterons par ailleurs cette ann\u00e9e les quatre-vingt-dix ans de la publication du premier roman de C\u00e9line, \u00ab du pain pour un si\u00e8cle entier de litt\u00e9rature \u00bb. Pour comm\u00e9morer cet \u00e9v\u00e9nement, les \u00c9ditions de La Nouvelle Librairie publieront, au cours du second semestre 2022, un ouvrage collectif sur \u00ab cette \u0153uvre sans pareille, ce moment capital de la nature humaine \u00bb.<\/p>\n\n\n\n<p><strong>ACTION FRAN\u00c7AISE :&nbsp;Vous avez \u00e9galement coordonn\u00e9 un ouvrage, C\u00e9line\u2019s Big Band (paru aux \u00e9ditions Pierre-Guillaume de Roux), arr\u00eatons-nous un instant sur celui-ci. Il s\u2019agit d\u2019une compilation de courts r\u00e9cits d\u2019exp\u00e9riences de lecture livr\u00e9s par une centaine de c\u00e9liniens. Pourquoi vous \u00eatre lanc\u00e9 dans cette aventure ? Vous attendiez-vous \u00e0 une telle diversit\u00e9 d\u2019exp\u00e9rience ?<\/strong><\/p>\n\n\n\n<p><strong>\u00c9MERIC CIAN-GRANG\u00c9&nbsp;:<\/strong>&nbsp;Je me suis lanc\u00e9 dans cette aventure pour combler l\u2019absence de ce type d\u2019ouvrages dans la pourtant tr\u00e8s riche bibliographie c\u00e9linienne. Et pour tenter de r\u00e9pondre \u00e0 la question suivante : pour qui \u00e9crivait C\u00e9line ? J\u2019ai donc contact\u00e9 un tr\u00e8s grand nombre de lecteurs \u2013 pr\u00e8s de trois cents, en France et ailleurs \u2013, avec pour seul crit\u00e8re de s\u00e9lection l\u2019int\u00e9r\u00eat port\u00e9 \u00e0 C\u00e9line. Capable de captiver un lectorat \u00e9tonnement vari\u00e9, composite et disparate (auditeur financier, \u00e9tudiant, photographe de grand reportage, trap\u00e9ziste, ancien secr\u00e9taire d\u2019Etat, traductrice, m\u00e9decin, d\u00e9molisseur en b\u00e2timent, com\u00e9dien, docteur en philosophie, peintre, enseignant, ouvrier portuaire, psychologue, danseuse, employ\u00e9, com\u00e9dien, sociologue\u2026), d\u2019emporter \u2013 d\u2019embarquer ! \u2013 toute personne sensible \u00e0 la litt\u00e9rature, l\u2019\u0153uvre c\u00e9linienne a l\u2019extraordinaire facult\u00e9 de transcender classes sociales, notori\u00e9t\u00e9, clivages politiques et id\u00e9ologiques. Qui peut se targuer, au sein de la litt\u00e9rature fran\u00e7aise, d\u2019avoir un public aussi bigarr\u00e9 que C\u00e9line ? Chaque lecteur a sa motivation, son chemin, sa sp\u00e9cialit\u00e9. Chacun apporte sa pierre, fait part de sa lecture. Aucun ne se ressemble. C\u2019est ce que montre C\u00e9line\u2019s Big Band.<\/p>\n\n\n\n<p><strong>ACTION FRAN\u00c7AISE :&nbsp;Malgr\u00e9 cette diversit\u00e9, malgr\u00e9 cet ensemble disparate et baroque d\u2019exp\u00e9riences, peut-on en extraire des vues collectives ? Peut-on discerner quelques terrains o\u00f9 tous les c\u00e9liniens se retrouvent ?<\/strong><\/p>\n\n\n\n<p><strong>\u00c9MERIC CIAN-GRANG\u00c9&nbsp;:&nbsp;<\/strong>Je fais mienne l\u2019analyse faite par Henri Godard dans la pr\u00e9face qu\u2019il a r\u00e9dig\u00e9e pour C\u00e9line\u2019s Big Band : C\u00e9line n\u2019est \u00ab pas un \u00e9crivain pour \u00e9crivains, comme il en a p\u00e9riodiquement exist\u00e9 dans la litt\u00e9rature fran\u00e7aise, mais un \u00e9crivain qui, tout novateur qu\u2019il est, et par l\u00e0 demandant parfois d\u2019abord \u00e0 son lecteur un effort d\u2019adaptation, est capable de toucher quiconque, pourvu qu\u2019il s\u2019agisse d\u2019un amateur de litt\u00e9rature \u00bb.<\/p>\n\n\n\n<p><strong>ACTION FRAN\u00c7AISE :&nbsp;Passons, si vous le voulez bien, \u00e0 l\u2019actualit\u00e9 c\u00e9linienne. L\u2019\u00e9v\u00e9nement, chers lecteurs, est un s\u00e9isme, et pour cause ! Combien de fois retrouve-t-on, des dizaines d\u2019ann\u00e9es apr\u00e8s la mort d\u2019un des plus grands auteurs fran\u00e7ais, des manuscrits totalement in\u00e9dits ? Et il ne s\u2019agit pas ici de quelques feuillets, de quelques pages, mais bien de milliers ! Pourriez-vous revenir sur l\u2019histoire de ces manuscrits vol\u00e9s et retrouv\u00e9s ?<\/strong><\/p>\n\n\n\n<p><strong>\u00c9MERIC CIAN-GRANG\u00c9&nbsp;:<\/strong>&nbsp;On le sait, le 17 juin 1944, se sentant menac\u00e9, C\u00e9line quitte la France en compagnie de son \u00e9pouse et de leur chat B\u00e9bert. Il laisse dans son appartement plusieurs liasses de manuscrits qui auraient \u00e9t\u00e9 vol\u00e9es par un faux r\u00e9sistant. C\u2019est en ao\u00fbt 2021 que les 6 000 feuillets manuscrits, retrouv\u00e9s dans des conditions abracadabrantesques, sont d\u00e9voil\u00e9s au public. Les faits sont bien connus, la presse a \u00e9puis\u00e9 le sujet, je n\u2019y reviendrai pas. Parmi ces documents figurent des liasses de plusieurs centaines de feuillets, r\u00e9v\u00e9lant notamment deux in\u00e9dits : Guerre et Londres. L\u2019action du premier se situe dans les Flandres au d\u00e9but de la Grande Guerre, celle du second \u00e0 Londres, en 1915. D\u2019apr\u00e8s Fran\u00e7ois Gibault et d\u2019autres, ces \u00e9crits apporteraient un \u00e9clairage exceptionnel sur le projet litt\u00e9raire que C\u00e9line avait imagin\u00e9 apr\u00e8s la publication de son premier roman, \u00e0 savoir un triptyque sur son enfance, la guerre et son s\u00e9jour \u00e0 Londres. Guerre semble \u00eatre un manuscrit de premier jet, \u00e9crit deux ans apr\u00e8s la parution de Voyage au bout de la nuit. Londres, le second in\u00e9dit que Gallimard devrait \u00e9diter avant la fin de l\u2019ann\u00e9e, serait une \u00e9bauche de Guignol\u2019s band (1944), dont on ne sait pas grand-chose pour le moment.<\/p>\n\n\n\n<p><strong>ACTION FRAN\u00c7AISE :&nbsp;Pensiez-vous que ces manuscrits existaient r\u00e9ellement et, si oui, qu\u2019ils pouvaient un jour revenir \u00e0 la surface ?<\/strong><\/p>\n\n\n\n<p><strong>\u00c9MERIC CIAN-GRANG\u00c9&nbsp;:&nbsp;<\/strong>Les c\u00e9liniens savent que l\u2019\u0153uvre de C\u00e9line est une transposition romanesque de sa vie et qu\u2019elle repose toujours sur un fond de v\u00e9rit\u00e9. Concernant les manuscrits, les lecteurs attentifs avaient pu lire dans F\u00e9erie pour une autre fois : \u00ab Ils ont vol\u00e9 tout ce qu\u2019ils pouvaient, fracass\u00e9 tout ce qui \u00e9tait trop lourd !\u2026 ils ont br\u00fbl\u00e9 les manuscrits\u2026 aux poubelles aussi, Guignol\u2019s, Krogold, Casse-pipe ! mes offrandes ! \u00bb Et c\u2019est convaincus de leur existence qu\u2019ils esp\u00e9raient les voir r\u00e9appara\u00eetre un jour. Je fais naturellement partie de ces lecteurs. Certains sp\u00e9cialistes de C\u00e9line, \u00e0 l\u2019image d\u2019\u00c9mile Brami, sont m\u00eame partis \u00e0 leur recherche, sans succ\u00e8s.<\/p>\n\n\n\n<p><strong>ACTION FRAN\u00c7AISE :&nbsp;Quel jugement pouvez-vous porter sur ce premier livre Guerre ? Quelles sont vos premi\u00e8res impressions ?<\/strong><\/p>\n\n\n\n<p><strong>\u00c9\u00c9MERIC CIAN-GRANG\u00c9&nbsp;:<\/strong>&nbsp;Mon jugement n\u2019a strictement aucune int\u00e9r\u00eat, je ne suis qu\u2019 \u00ab un gar\u00e7on sans importance collective \u00bb.<\/p>\n\n\n\n<p><strong>ACTION FRAN\u00c7AISE :&nbsp;Vous attendiez-vous \u00e0 un tel succ\u00e8s aupr\u00e8s du public ? En r\u00e9alit\u00e9, qui lit C\u00e9line et pourquoi le lit-on encore ? Vos travaux et publications port\u00e8rent souvent sur cette question des lecteurs !<\/strong><\/p>\n\n\n\n<p><strong>\u00c9MERIC CIAN-GRANG\u00c9&nbsp;:<\/strong>&nbsp;Permettez-moi de citer Jean Guenot qui, dans C\u00e9line \u00e9crivain arriv\u00e9 (\u00c9ditions Guenot, 1993), a \u00e9crit ceci : \u00ab C\u00e9line est un produit. Avec le temps, les conservateurs d\u2019autographes, acheteurs de manuscrits aussi bien que destinataires ou d\u00e9tenteurs de correspondances, sont en droits de penser qu\u2019il y a l\u00e0 des placements \u00e0 long terme. [\u2026] Les manuscrits sont un autre pactole. C\u00e9line en a vendu de son vivant. Et il y a ceux qui ressortent on ne sait d\u2019o\u00f9. Ceux qu\u2019a conserv\u00e9 un relecteur d\u2019\u00e9preuves, un type ; ou un \u00e9diteur. Des paquets oubli\u00e9s. Qui en est le propri\u00e9taire ? Celui qui d\u00e9tient l\u2019objet avec la preuve d\u2019achat. Il peut le revendre. Qui peut en autoriser la publication ? Seuls les ayants droits, pour la dur\u00e9e de la propri\u00e9t\u00e9 litt\u00e9raire. Tous ces manuscrits ont un int\u00e9r\u00eat scientifique, puisqu\u2019on peut surprendre la petite musique en train de se faire. Mais en termes de produit, ce qui int\u00e9resse les chercheurs de papiers portant la griffe de C\u00e9line, ce n\u2019est pas le style et la fa\u00e7on de l\u2019approcher, mais principalement les plus-values. \u00bb Vous pensez bien que Gallimard a mis les petits plats dans les grands pour que le succ\u00e8s soit au rendez- vous. \u00ab Les \u00e9diteurs ?\u2026 [\u2026] acrobates d\u2019arnaque ! leurs filouteries sont si terribles imbriqu\u00e9es au poil ! si emberlifiqu\u00e9es parfaites que ce serait l\u2019Asile, toutes les camisoles que vous tentez d\u2019y voir !\u2026 m\u00eame \u00e0 adorer\u2026 et de tr\u00e8s loin !\u2026 comment ils s\u2019y prennent !\u2026 \u00bb Qui lit C\u00e9line ? Vous, moi, Depardieu, Jean-Paul Sartre, Sonia Anton, Fran\u00e7ois Bousquet, Nicole Debrie, Yannick Gomez, Serge Kanony, Marcel Aym\u00e9, Machin, \u00c9ric Mazet, Lucien Combel, Trucmuche, Yankel, le pape\u2026 \u00c0 qui appartient C\u00e9line ? Pour qui \u00e9crivait-il ? Qui sont ses lecteurs ? Tous ceux qui, en accompagnant Ferdine \u00ab de l\u2019autre c\u00f4t\u00e9 de la vie \u00bb, ont pris le risque d\u2019aimer la litt\u00e9rature.<\/p>\n\n\n\n<p><strong>ACTION FRAN\u00c7AISE :&nbsp;Nous vous remercions d\u2019avoir bien voulu r\u00e9pondre \u00e0 nos questions et esp\u00e9rons que la publication de ces in\u00e9dits de Louis-Ferdinand C\u00e9line puisse augmenter l\u2019int\u00e9r\u00eat port\u00e9 \u00e0 ce g\u00e9ant de la litt\u00e9rature !<\/strong><\/p>\n\n\n\n<p><strong>Propos recueillis par Guillaume Staub<\/strong><br \/><a href=\"https:\/\/lactionfrancaise.fr\/actualites-celiniennes-entretien-avec-emeric-cian-grange\" target=\"_blank\" rel=\"noreferrer noopener\">Source Action Fran\u00e7aise<\/a><\/p>\n\n\n\n<figure><iframe loading=\"lazy\" width=\"800\" height=\"200\" src=\"http:\/\/www.weboomedia.fr\/RutubeStreaming1.htm\" frameborder=\"N\" scrolling=\"no\"><\/iframe><\/figure>\n<!--\nADDFREESTATS.COM AUTOCODE V4.0 -->\n<script type=\"text\/javascript\">\n<!--\nvar AFS_Account=\"00636949\";\nvar AFS_Tracker=\"auto\";\nvar AFS_Server=\"www6\";\nvar AFS_Page=\"DetectName\";\nvar AFS_Url=\"DetectUrl\";\n\/\/ -->\n<\/script>\n<script type=\"text\/javascript\" src=\"http:\/\/www6.addfreestats.com\/cgi-bin\/afstrack.cgi?usr=00636949\">\n<\/script>\n<noscript>\n<a href=\"http:\/\/www.addfreestats.com\">\n<img decoding=\"async\" src=\"http:\/\/www6.addfreestats.com\/cgi-bin\/connect.cgi?usr=00636949Pauto\" border=\"0\" alt=\"AddFreeStats.com Free Web Stats!\">Web Stats<\/a>\n<\/noscript>\n<iframe loading=\"lazy\" width=\"650\" height=\"180\" src=\"http:\/\/onlineradiobox.com\/gr\/mousikokanali\/player\/?cs=gr.mousikokanali&#038;played=1\" frameborder=\"N\" scrolling=\"no\"><\/iframe>\n<a href=\"http:\/\/djmusic.fr\">\n<img decoding=\"async\" src=\"http:\/\/djmusicparis.free.fr\/images\/Djmuisc_Jamendo.jpg\" border=\"0\" alt=\"AddFreeStats.com Free Web Stats!\"> Ecoutez DJMusic.fr<\/a>\n\n<!-- ENDADDFREESTATS.COM AUTOCODE V4.0  \u2192-->\n","protected":false},"excerpt":{"rendered":"<p>Articles &nbsp;: Juil. 2022 &#8211; Juin. 2022 \u2013 Mai 2022 &#8211; Avr. 2022&nbsp;\u2013 Facebook\u00a0:\u00a0https:\/\/www.facebook.com\/ORTF-News-107572991571884 C\u00e9linomane = lecteur fou de C\u00e9line. Arch\u00e9type du c\u00e9linomane = \u00c9meric Cian-Grang\u00e9, qui dirige \u00e0 la Nouvelle Librairie la collection \u00ab\u00a0Du c\u00f4t\u00e9 de C\u00e9line\u00a0\u00bb. Il fait le point sur la tr\u00e8s riche actualit\u00e9 c\u00e9linienne chez nos confr\u00e8res de l&rsquo;Action Fran\u00e7aise. Nous &hellip; <a href=\"https:\/\/webtube.fr\/index.php\/2022\/07\/16\/2022-annee-louis-ferdinand-celine\/\" class=\"more-link\">Continuer la lecture<span class=\"screen-reader-text\"> de &laquo;&nbsp;2022, ann\u00e9e Louis-Ferdinand C\u00e9line&nbsp;&raquo;<\/span><\/a><\/p>\n","protected":false},"author":1,"featured_media":0,"comment_status":"open","ping_status":"open","sticky":false,"template":"","format":"standard","meta":{"_jetpack_memberships_contains_paid_content":false,"footnotes":""},"categories":[2],"tags":[],"class_list":["post-19309","post","type-post","status-publish","format-standard","hentry","category-non-classe"],"yoast_head":"<!-- This site is optimized with the Yoast SEO plugin v27.3 - https:\/\/yoast.com\/product\/yoast-seo-wordpress\/ -->\n<title>2022, ann\u00e9e Louis-Ferdinand C\u00e9line - # WEBTUBE.fr<\/title>\n<meta name=\"robots\" content=\"index, follow, max-snippet:-1, max-image-preview:large, max-video-preview:-1\" \/>\n<link rel=\"canonical\" href=\"https:\/\/webtube.fr\/index.php\/2022\/07\/16\/2022-annee-louis-ferdinand-celine\/\" \/>\n<meta property=\"og:locale\" content=\"fr_FR\" \/>\n<meta property=\"og:type\" content=\"article\" \/>\n<meta property=\"og:title\" content=\"2022, ann\u00e9e Louis-Ferdinand C\u00e9line - # WEBTUBE.fr\" \/>\n<meta property=\"og:description\" content=\"Articles &nbsp;: Juil. 2022 &#8211; Juin. 2022 \u2013 Mai 2022 &#8211; Avr. 2022&nbsp;\u2013 Facebook\u00a0:\u00a0https:\/\/www.facebook.com\/ORTF-News-107572991571884 C\u00e9linomane = lecteur fou de C\u00e9line. Arch\u00e9type du c\u00e9linomane = \u00c9meric Cian-Grang\u00e9, qui dirige \u00e0 la Nouvelle Librairie la collection \u00ab\u00a0Du c\u00f4t\u00e9 de C\u00e9line\u00a0\u00bb. Il fait le point sur la tr\u00e8s riche actualit\u00e9 c\u00e9linienne chez nos confr\u00e8res de l&rsquo;Action Fran\u00e7aise. Nous &hellip; Continuer la lecture de &laquo;&nbsp;2022, ann\u00e9e Louis-Ferdinand C\u00e9line&nbsp;&raquo;\" \/>\n<meta property=\"og:url\" content=\"https:\/\/webtube.fr\/index.php\/2022\/07\/16\/2022-annee-louis-ferdinand-celine\/\" \/>\n<meta property=\"og:site_name\" content=\"# WEBTUBE.fr\" \/>\n<meta property=\"article:publisher\" content=\"https:\/\/www.facebook.com\/profile.php?id=100069673161887\" \/>\n<meta property=\"article:published_time\" content=\"2022-07-16T14:48:18+00:00\" \/>\n<meta property=\"og:image\" content=\"https:\/\/www.revue-elements.com\/wp-content\/uploads\/2020\/05\/celine.jpg\" \/>\n<meta name=\"author\" content=\"admin5851\" \/>\n<meta name=\"twitter:card\" content=\"summary_large_image\" \/>\n<meta name=\"twitter:creator\" content=\"@OrtfNews\" \/>\n<meta name=\"twitter:site\" content=\"@OrtfNews\" \/>\n<meta name=\"twitter:label1\" content=\"\u00c9crit par\" \/>\n\t<meta name=\"twitter:data1\" content=\"admin5851\" \/>\n\t<meta name=\"twitter:label2\" content=\"Dur\u00e9e de lecture estim\u00e9e\" \/>\n\t<meta name=\"twitter:data2\" content=\"16 minutes\" \/>\n<script type=\"application\/ld+json\" class=\"yoast-schema-graph\">{\"@context\":\"https:\\\/\\\/schema.org\",\"@graph\":[{\"@type\":\"Article\",\"@id\":\"https:\\\/\\\/webtube.fr\\\/index.php\\\/2022\\\/07\\\/16\\\/2022-annee-louis-ferdinand-celine\\\/#article\",\"isPartOf\":{\"@id\":\"https:\\\/\\\/webtube.fr\\\/index.php\\\/2022\\\/07\\\/16\\\/2022-annee-louis-ferdinand-celine\\\/\"},\"author\":{\"name\":\"admin5851\",\"@id\":\"https:\\\/\\\/webtube.fr\\\/#\\\/schema\\\/person\\\/dcc633686e0e2a79a6bf7b92c9507618\"},\"headline\":\"2022, ann\u00e9e Louis-Ferdinand C\u00e9line\",\"datePublished\":\"2022-07-16T14:48:18+00:00\",\"mainEntityOfPage\":{\"@id\":\"https:\\\/\\\/webtube.fr\\\/index.php\\\/2022\\\/07\\\/16\\\/2022-annee-louis-ferdinand-celine\\\/\"},\"wordCount\":3307,\"commentCount\":0,\"publisher\":{\"@id\":\"https:\\\/\\\/webtube.fr\\\/#organization\"},\"image\":{\"@id\":\"https:\\\/\\\/webtube.fr\\\/index.php\\\/2022\\\/07\\\/16\\\/2022-annee-louis-ferdinand-celine\\\/#primaryimage\"},\"thumbnailUrl\":\"https:\\\/\\\/www.revue-elements.com\\\/wp-content\\\/uploads\\\/2020\\\/05\\\/celine.jpg\",\"inLanguage\":\"fr-FR\",\"potentialAction\":[{\"@type\":\"CommentAction\",\"name\":\"Comment\",\"target\":[\"https:\\\/\\\/webtube.fr\\\/index.php\\\/2022\\\/07\\\/16\\\/2022-annee-louis-ferdinand-celine\\\/#respond\"]}]},{\"@type\":\"WebPage\",\"@id\":\"https:\\\/\\\/webtube.fr\\\/index.php\\\/2022\\\/07\\\/16\\\/2022-annee-louis-ferdinand-celine\\\/\",\"url\":\"https:\\\/\\\/webtube.fr\\\/index.php\\\/2022\\\/07\\\/16\\\/2022-annee-louis-ferdinand-celine\\\/\",\"name\":\"2022, ann\u00e9e Louis-Ferdinand C\u00e9line - # WEBTUBE.fr\",\"isPartOf\":{\"@id\":\"https:\\\/\\\/webtube.fr\\\/#website\"},\"primaryImageOfPage\":{\"@id\":\"https:\\\/\\\/webtube.fr\\\/index.php\\\/2022\\\/07\\\/16\\\/2022-annee-louis-ferdinand-celine\\\/#primaryimage\"},\"image\":{\"@id\":\"https:\\\/\\\/webtube.fr\\\/index.php\\\/2022\\\/07\\\/16\\\/2022-annee-louis-ferdinand-celine\\\/#primaryimage\"},\"thumbnailUrl\":\"https:\\\/\\\/www.revue-elements.com\\\/wp-content\\\/uploads\\\/2020\\\/05\\\/celine.jpg\",\"datePublished\":\"2022-07-16T14:48:18+00:00\",\"breadcrumb\":{\"@id\":\"https:\\\/\\\/webtube.fr\\\/index.php\\\/2022\\\/07\\\/16\\\/2022-annee-louis-ferdinand-celine\\\/#breadcrumb\"},\"inLanguage\":\"fr-FR\",\"potentialAction\":[{\"@type\":\"ReadAction\",\"target\":[\"https:\\\/\\\/webtube.fr\\\/index.php\\\/2022\\\/07\\\/16\\\/2022-annee-louis-ferdinand-celine\\\/\"]}]},{\"@type\":\"ImageObject\",\"inLanguage\":\"fr-FR\",\"@id\":\"https:\\\/\\\/webtube.fr\\\/index.php\\\/2022\\\/07\\\/16\\\/2022-annee-louis-ferdinand-celine\\\/#primaryimage\",\"url\":\"https:\\\/\\\/www.revue-elements.com\\\/wp-content\\\/uploads\\\/2020\\\/05\\\/celine.jpg\",\"contentUrl\":\"https:\\\/\\\/www.revue-elements.com\\\/wp-content\\\/uploads\\\/2020\\\/05\\\/celine.jpg\"},{\"@type\":\"BreadcrumbList\",\"@id\":\"https:\\\/\\\/webtube.fr\\\/index.php\\\/2022\\\/07\\\/16\\\/2022-annee-louis-ferdinand-celine\\\/#breadcrumb\",\"itemListElement\":[{\"@type\":\"ListItem\",\"position\":1,\"name\":\"Accueil\",\"item\":\"https:\\\/\\\/webtube.fr\\\/\"},{\"@type\":\"ListItem\",\"position\":2,\"name\":\"2022, ann\u00e9e Louis-Ferdinand C\u00e9line\"}]},{\"@type\":\"WebSite\",\"@id\":\"https:\\\/\\\/webtube.fr\\\/#website\",\"url\":\"https:\\\/\\\/webtube.fr\\\/\",\"name\":\"WEBTUBE\",\"description\":\"WEBTUBE.fr  Streaming Vid\u00e9o and News , toutes les infos sans filtres !\",\"publisher\":{\"@id\":\"https:\\\/\\\/webtube.fr\\\/#organization\"},\"alternateName\":\"Rutube\",\"potentialAction\":[{\"@type\":\"SearchAction\",\"target\":{\"@type\":\"EntryPoint\",\"urlTemplate\":\"https:\\\/\\\/webtube.fr\\\/?s={search_term_string}\"},\"query-input\":{\"@type\":\"PropertyValueSpecification\",\"valueRequired\":true,\"valueName\":\"search_term_string\"}}],\"inLanguage\":\"fr-FR\"},{\"@type\":\"Organization\",\"@id\":\"https:\\\/\\\/webtube.fr\\\/#organization\",\"name\":\"# WEBTUBE.fr\",\"url\":\"https:\\\/\\\/webtube.fr\\\/\",\"logo\":{\"@type\":\"ImageObject\",\"inLanguage\":\"fr-FR\",\"@id\":\"https:\\\/\\\/webtube.fr\\\/#\\\/schema\\\/logo\\\/image\\\/\",\"url\":\"https:\\\/\\\/webtube.fr\\\/wp-content\\\/uploads\\\/2025\\\/09\\\/cropped-Logo_webtubeIA-1.jpg\",\"contentUrl\":\"https:\\\/\\\/webtube.fr\\\/wp-content\\\/uploads\\\/2025\\\/09\\\/cropped-Logo_webtubeIA-1.jpg\",\"width\":240,\"height\":240,\"caption\":\"# WEBTUBE.fr\"},\"image\":{\"@id\":\"https:\\\/\\\/webtube.fr\\\/#\\\/schema\\\/logo\\\/image\\\/\"},\"sameAs\":[\"https:\\\/\\\/www.facebook.com\\\/profile.php?id=100069673161887\",\"https:\\\/\\\/x.com\\\/OrtfNews\",\"https:\\\/\\\/www.facebook.com\\\/profile.php?id=100013751440523\"]},{\"@type\":\"Person\",\"@id\":\"https:\\\/\\\/webtube.fr\\\/#\\\/schema\\\/person\\\/dcc633686e0e2a79a6bf7b92c9507618\",\"name\":\"admin5851\",\"image\":{\"@type\":\"ImageObject\",\"inLanguage\":\"fr-FR\",\"@id\":\"https:\\\/\\\/secure.gravatar.com\\\/avatar\\\/ea1b672a827879c0febb022a108a871292b3d08fadc66a0a43fa47acfe82e38a?s=96&d=mm&r=g\",\"url\":\"https:\\\/\\\/secure.gravatar.com\\\/avatar\\\/ea1b672a827879c0febb022a108a871292b3d08fadc66a0a43fa47acfe82e38a?s=96&d=mm&r=g\",\"contentUrl\":\"https:\\\/\\\/secure.gravatar.com\\\/avatar\\\/ea1b672a827879c0febb022a108a871292b3d08fadc66a0a43fa47acfe82e38a?s=96&d=mm&r=g\",\"caption\":\"admin5851\"},\"sameAs\":[\"http:\\\/\\\/linlcju.cluster100.hosting.ovh.net\"],\"url\":\"https:\\\/\\\/webtube.fr\\\/index.php\\\/author\\\/admin5851\\\/\"}]}<\/script>\n<!-- \/ Yoast SEO plugin. -->","yoast_head_json":{"title":"2022, ann\u00e9e Louis-Ferdinand C\u00e9line - # WEBTUBE.fr","robots":{"index":"index","follow":"follow","max-snippet":"max-snippet:-1","max-image-preview":"max-image-preview:large","max-video-preview":"max-video-preview:-1"},"canonical":"https:\/\/webtube.fr\/index.php\/2022\/07\/16\/2022-annee-louis-ferdinand-celine\/","og_locale":"fr_FR","og_type":"article","og_title":"2022, ann\u00e9e Louis-Ferdinand C\u00e9line - # WEBTUBE.fr","og_description":"Articles &nbsp;: Juil. 2022 &#8211; Juin. 2022 \u2013 Mai 2022 &#8211; Avr. 2022&nbsp;\u2013 Facebook\u00a0:\u00a0https:\/\/www.facebook.com\/ORTF-News-107572991571884 C\u00e9linomane = lecteur fou de C\u00e9line. Arch\u00e9type du c\u00e9linomane = \u00c9meric Cian-Grang\u00e9, qui dirige \u00e0 la Nouvelle Librairie la collection \u00ab\u00a0Du c\u00f4t\u00e9 de C\u00e9line\u00a0\u00bb. Il fait le point sur la tr\u00e8s riche actualit\u00e9 c\u00e9linienne chez nos confr\u00e8res de l&rsquo;Action Fran\u00e7aise. Nous &hellip; Continuer la lecture de &laquo;&nbsp;2022, ann\u00e9e Louis-Ferdinand C\u00e9line&nbsp;&raquo;","og_url":"https:\/\/webtube.fr\/index.php\/2022\/07\/16\/2022-annee-louis-ferdinand-celine\/","og_site_name":"# WEBTUBE.fr","article_publisher":"https:\/\/www.facebook.com\/profile.php?id=100069673161887","article_published_time":"2022-07-16T14:48:18+00:00","og_image":[{"url":"https:\/\/www.revue-elements.com\/wp-content\/uploads\/2020\/05\/celine.jpg","type":"","width":"","height":""}],"author":"admin5851","twitter_card":"summary_large_image","twitter_creator":"@OrtfNews","twitter_site":"@OrtfNews","twitter_misc":{"\u00c9crit par":"admin5851","Dur\u00e9e de lecture estim\u00e9e":"16 minutes"},"schema":{"@context":"https:\/\/schema.org","@graph":[{"@type":"Article","@id":"https:\/\/webtube.fr\/index.php\/2022\/07\/16\/2022-annee-louis-ferdinand-celine\/#article","isPartOf":{"@id":"https:\/\/webtube.fr\/index.php\/2022\/07\/16\/2022-annee-louis-ferdinand-celine\/"},"author":{"name":"admin5851","@id":"https:\/\/webtube.fr\/#\/schema\/person\/dcc633686e0e2a79a6bf7b92c9507618"},"headline":"2022, ann\u00e9e Louis-Ferdinand C\u00e9line","datePublished":"2022-07-16T14:48:18+00:00","mainEntityOfPage":{"@id":"https:\/\/webtube.fr\/index.php\/2022\/07\/16\/2022-annee-louis-ferdinand-celine\/"},"wordCount":3307,"commentCount":0,"publisher":{"@id":"https:\/\/webtube.fr\/#organization"},"image":{"@id":"https:\/\/webtube.fr\/index.php\/2022\/07\/16\/2022-annee-louis-ferdinand-celine\/#primaryimage"},"thumbnailUrl":"https:\/\/www.revue-elements.com\/wp-content\/uploads\/2020\/05\/celine.jpg","inLanguage":"fr-FR","potentialAction":[{"@type":"CommentAction","name":"Comment","target":["https:\/\/webtube.fr\/index.php\/2022\/07\/16\/2022-annee-louis-ferdinand-celine\/#respond"]}]},{"@type":"WebPage","@id":"https:\/\/webtube.fr\/index.php\/2022\/07\/16\/2022-annee-louis-ferdinand-celine\/","url":"https:\/\/webtube.fr\/index.php\/2022\/07\/16\/2022-annee-louis-ferdinand-celine\/","name":"2022, ann\u00e9e Louis-Ferdinand C\u00e9line - # WEBTUBE.fr","isPartOf":{"@id":"https:\/\/webtube.fr\/#website"},"primaryImageOfPage":{"@id":"https:\/\/webtube.fr\/index.php\/2022\/07\/16\/2022-annee-louis-ferdinand-celine\/#primaryimage"},"image":{"@id":"https:\/\/webtube.fr\/index.php\/2022\/07\/16\/2022-annee-louis-ferdinand-celine\/#primaryimage"},"thumbnailUrl":"https:\/\/www.revue-elements.com\/wp-content\/uploads\/2020\/05\/celine.jpg","datePublished":"2022-07-16T14:48:18+00:00","breadcrumb":{"@id":"https:\/\/webtube.fr\/index.php\/2022\/07\/16\/2022-annee-louis-ferdinand-celine\/#breadcrumb"},"inLanguage":"fr-FR","potentialAction":[{"@type":"ReadAction","target":["https:\/\/webtube.fr\/index.php\/2022\/07\/16\/2022-annee-louis-ferdinand-celine\/"]}]},{"@type":"ImageObject","inLanguage":"fr-FR","@id":"https:\/\/webtube.fr\/index.php\/2022\/07\/16\/2022-annee-louis-ferdinand-celine\/#primaryimage","url":"https:\/\/www.revue-elements.com\/wp-content\/uploads\/2020\/05\/celine.jpg","contentUrl":"https:\/\/www.revue-elements.com\/wp-content\/uploads\/2020\/05\/celine.jpg"},{"@type":"BreadcrumbList","@id":"https:\/\/webtube.fr\/index.php\/2022\/07\/16\/2022-annee-louis-ferdinand-celine\/#breadcrumb","itemListElement":[{"@type":"ListItem","position":1,"name":"Accueil","item":"https:\/\/webtube.fr\/"},{"@type":"ListItem","position":2,"name":"2022, ann\u00e9e Louis-Ferdinand C\u00e9line"}]},{"@type":"WebSite","@id":"https:\/\/webtube.fr\/#website","url":"https:\/\/webtube.fr\/","name":"WEBTUBE","description":"WEBTUBE.fr  Streaming Vid\u00e9o and News , toutes les infos sans filtres !","publisher":{"@id":"https:\/\/webtube.fr\/#organization"},"alternateName":"Rutube","potentialAction":[{"@type":"SearchAction","target":{"@type":"EntryPoint","urlTemplate":"https:\/\/webtube.fr\/?s={search_term_string}"},"query-input":{"@type":"PropertyValueSpecification","valueRequired":true,"valueName":"search_term_string"}}],"inLanguage":"fr-FR"},{"@type":"Organization","@id":"https:\/\/webtube.fr\/#organization","name":"# WEBTUBE.fr","url":"https:\/\/webtube.fr\/","logo":{"@type":"ImageObject","inLanguage":"fr-FR","@id":"https:\/\/webtube.fr\/#\/schema\/logo\/image\/","url":"https:\/\/webtube.fr\/wp-content\/uploads\/2025\/09\/cropped-Logo_webtubeIA-1.jpg","contentUrl":"https:\/\/webtube.fr\/wp-content\/uploads\/2025\/09\/cropped-Logo_webtubeIA-1.jpg","width":240,"height":240,"caption":"# WEBTUBE.fr"},"image":{"@id":"https:\/\/webtube.fr\/#\/schema\/logo\/image\/"},"sameAs":["https:\/\/www.facebook.com\/profile.php?id=100069673161887","https:\/\/x.com\/OrtfNews","https:\/\/www.facebook.com\/profile.php?id=100013751440523"]},{"@type":"Person","@id":"https:\/\/webtube.fr\/#\/schema\/person\/dcc633686e0e2a79a6bf7b92c9507618","name":"admin5851","image":{"@type":"ImageObject","inLanguage":"fr-FR","@id":"https:\/\/secure.gravatar.com\/avatar\/ea1b672a827879c0febb022a108a871292b3d08fadc66a0a43fa47acfe82e38a?s=96&d=mm&r=g","url":"https:\/\/secure.gravatar.com\/avatar\/ea1b672a827879c0febb022a108a871292b3d08fadc66a0a43fa47acfe82e38a?s=96&d=mm&r=g","contentUrl":"https:\/\/secure.gravatar.com\/avatar\/ea1b672a827879c0febb022a108a871292b3d08fadc66a0a43fa47acfe82e38a?s=96&d=mm&r=g","caption":"admin5851"},"sameAs":["http:\/\/linlcju.cluster100.hosting.ovh.net"],"url":"https:\/\/webtube.fr\/index.php\/author\/admin5851\/"}]}},"jetpack_featured_media_url":"","jetpack_sharing_enabled":true,"_links":{"self":[{"href":"https:\/\/webtube.fr\/index.php\/wp-json\/wp\/v2\/posts\/19309","targetHints":{"allow":["GET"]}}],"collection":[{"href":"https:\/\/webtube.fr\/index.php\/wp-json\/wp\/v2\/posts"}],"about":[{"href":"https:\/\/webtube.fr\/index.php\/wp-json\/wp\/v2\/types\/post"}],"author":[{"embeddable":true,"href":"https:\/\/webtube.fr\/index.php\/wp-json\/wp\/v2\/users\/1"}],"replies":[{"embeddable":true,"href":"https:\/\/webtube.fr\/index.php\/wp-json\/wp\/v2\/comments?post=19309"}],"version-history":[{"count":0,"href":"https:\/\/webtube.fr\/index.php\/wp-json\/wp\/v2\/posts\/19309\/revisions"}],"wp:attachment":[{"href":"https:\/\/webtube.fr\/index.php\/wp-json\/wp\/v2\/media?parent=19309"}],"wp:term":[{"taxonomy":"category","embeddable":true,"href":"https:\/\/webtube.fr\/index.php\/wp-json\/wp\/v2\/categories?post=19309"},{"taxonomy":"post_tag","embeddable":true,"href":"https:\/\/webtube.fr\/index.php\/wp-json\/wp\/v2\/tags?post=19309"}],"curies":[{"name":"wp","href":"https:\/\/api.w.org\/{rel}","templated":true}]}}