{"id":19120,"date":"2022-07-07T07:23:08","date_gmt":"2022-07-07T05:23:08","guid":{"rendered":"http:\/\/rutube.fr\/?p=19120"},"modified":"2022-07-07T07:23:08","modified_gmt":"2022-07-07T05:23:08","slug":"les-embarras-dolivier-klein-nouveau-ministre-du-logement-qui-veut-favoriser-le-financement-des-mosquees","status":"publish","type":"post","link":"https:\/\/webtube.fr\/index.php\/2022\/07\/07\/les-embarras-dolivier-klein-nouveau-ministre-du-logement-qui-veut-favoriser-le-financement-des-mosquees\/","title":{"rendered":"Les embarras d\u2019Olivier Klein, nouveau ministre du Logement qui veut favoriser le financement des mosqu\u00e9es"},"content":{"rendered":"\n<figure><iframe loading=\"lazy\" width=\"800\" height=\"200\" src=\"http:\/\/www.weboomedia.fr\/RutubeStreaming1.htm\" frameborder=\"N\" scrolling=\"no\"><\/iframe><\/figure>\n\n\n\n<p>Articles &nbsp;: <a href=\"http:\/\/rutube.fr\/2022\/07\/\" target=\"_blank\" rel=\"noreferrer noopener\">Juil. 2022<\/a> &#8211; <a href=\"http:\/\/rutube.fr\/2022\/06\/\" target=\"_blank\" rel=\"noreferrer noopener\">Juin. 2022 \u2013<\/a> <a href=\"http:\/\/rutube.fr\/2022\/05\/\" target=\"_blank\" rel=\"noreferrer noopener\">Mai 2022<\/a> &#8211; <a href=\"http:\/\/rutube.fr\/2022\/04\/\">Avr. 2022<\/a>&nbsp;\u2013<\/p>\n\n\n\n<p>Facebook\u00a0:\u00a0<a href=\"https:\/\/www.facebook.com\/ORTF-News-107572991571884\" target=\"_blank\" rel=\"noreferrer noopener\">https:\/\/www.facebook.com\/ORTF-News-107572991571884<\/a><\/p>\n\n\n\n<figure class=\"wp-block-image size-large\"><img decoding=\"async\" src=\"https:\/\/www.bvoltaire.fr\/media\/2022\/07\/Capture-decran-254-1240x698.png\" alt=\"\"\/><\/figure>\n\n\n\n<p>Olivier Klein, ou la figure embl\u00e9matique de la d\u00e9rive de la gauche fran\u00e7aise. Maire de Clichy-sous-Bois, le nouveau ministre \u00e2g\u00e9 de 55 ans fut d\u2019abord communiste avant de devenir socialiste et de finalement rejoindre la Macronie triomphante en 2020. Sa marque de fabrique ? Les \u00ab quartiers difficiles \u00bb. Ils ont fait de lui une sorte de Jean-Louis Borloo de centre gauche.<\/p>\n\n\n\n<p>Acc\u00e9dant enfin au maroquin tant convoit\u00e9, le ministre d\u00e9l\u00e9gu\u00e9 charg\u00e9 de la Ville et du Logement tweete :&nbsp;<em>\u00ab Immense \u00e9motion au moment o\u00f9 le pr\u00e9sident de la R\u00e9publique et la Premi\u00e8re ministre (sic) me nomment ministre d\u00e9l\u00e9gu\u00e9 \u00e0 la Ville et au Logement aux c\u00f4t\u00e9s de Christophe B\u00e9chu. Cet honneur rejaillit sur tous les enfants de nos quartiers populaires ! \u00bb<\/em>&nbsp;Voil\u00e0 une sortie appelant au moins plusieurs r\u00e9flexions.<\/p>\n\n\n\n<p>La premi\u00e8re : pourquoi remercier les enfants, alors que ce sont leurs parents qui votent ? La deuxi\u00e8me, et toujours \u00e0 propos d\u2019enfants, c\u2019est que Christophe B\u00e9chu, tout nouveau ministre de la Transition \u00e9cologique et de la Coh\u00e9sion des territoires, maire d\u2019Angers et par ailleurs s\u00e9nateur UMP, fut un vigoureux opposant au mariage homosexuel, craignant que ce dernier ne nous entra\u00eene vers la PMA et la GPA. \u00c7a risque donc de twister dans pas longtemps au sein des forces de progr\u00e8s.<\/p>\n\n\n\n<p>La troisi\u00e8me, c\u2019est qu\u2019Olivier Klein va d\u00e9sormais devoir se d\u00e9p\u00eatrer d\u2019une autre contradiction majeure. Car le peuple issu de l\u2019<a href=\"https:\/\/www.bvoltaire.fr\/sujet\/immigration\/\">immigration<\/a>\u00a0qui l\u2019aurait, \u00e0 l\u2019en croire, fait roi risque bien, fort de sa foi islamique et de ses croyances ancestrales, de ne go\u00fbter que de loin les dingueries soci\u00e9tales plus avant \u00e9voqu\u00e9es. Pensant \u00e9viter ce sujet br\u00fblant, Klein affirme n\u00e9anmoins en 2016, sur<a href=\"https:\/\/www.francebleu.fr\/infos\/politique\/video-olivier-klein-les-citoyens-de-confession-musulmane-sont-surtout-des-citoyens-1476774899\" target=\"_blank\" rel=\"noreferrer noopener\">\u00a0<em>France Bleu<\/em><\/a>\u00a0:\u00a0<em>\u00ab\u00a0On a eu tort de ne pas mettre en place le droit de vote aux \u00e9trangers\u2026\u00a0Il faut aller plus loin sur le financement des mosqu\u00e9es.\u00a0\u00bb<\/em>\u00a0Fort bien.<\/p>\n\n\n\n<blockquote class=\"twitter-tweet\" data-width=\"550\" data-dnt=\"true\"><p lang=\"fr\" dir=\"ltr\">Le nouveau ministre de la ville <a href=\"https:\/\/twitter.com\/OlivierKlein93?ref_src=twsrc%5Etfw\">@OlivierKlein93<\/a> est donc favorable au vote des \u00e9trangers et \u00e0 une am\u00e9lioration de financement des mosqu\u00e9es ! On touche le fond l\u00e0 ! <a href=\"https:\/\/t.co\/EYArXY5SQ0\">pic.twitter.com\/EYArXY5SQ0<\/a><\/p>&mdash; Beno\u00eet AUGUSTE \u24c2\ufe0f (@baugusteaura) <a href=\"https:\/\/twitter.com\/baugusteaura\/status\/1543980556442124288?ref_src=twsrc%5Etfw\">July 4, 2022<\/a><\/blockquote><script async src=\"https:\/\/platform.twitter.com\/widgets.js\" charset=\"utf-8\"><\/script>\n\n\n\n<p>Mais est-ce un choix&nbsp;<a href=\"https:\/\/www.bvoltaire.fr\/sujet\/politique\/\">politique<\/a>&nbsp;aussi judicieux que \u00e7a ? Surtout quand&nbsp;<em>Marianne<\/em>&nbsp;nous r\u00e9v\u00e9lait, le 21 janvier dernier&nbsp;:&nbsp;<em>\u00ab&nbsp;Selon un sondage IFOP pour la revue \u00c9cran de veille, les \u00e9lecteurs des&nbsp;<a href=\"https:\/\/www.bvoltaire.fr\/sujet\/banlieues\/\">banlieues<\/a>&nbsp;les plus d\u00e9favoris\u00e9es porteraient leurs voix sur Marine Le Pen, talonn\u00e9e par Jean-Luc M\u00e9lenchon.&nbsp;\u00bb<\/em>&nbsp;Et Fran\u00e7ois Kraus, directeur du p\u00f4le&nbsp;<a href=\"https:\/\/www.bvoltaire.fr\/sujet\/politique\/\">politique<\/a>\/actualit\u00e9 de cet institut, de pr\u00e9ciser&nbsp;:&nbsp;<em>\u00ab Nous avons retenu ce que l\u2019INSEE consid\u00e8re comme les villes de p\u00e9riph\u00e9rie.<\/em>&nbsp;[\u2026]&nbsp;<em>Nous avons pris les 10 % les plus pauvres en nous fondant sur le salaire m\u00e9dian par habitant. En bref, nous avons Bobigny, mais pas Neuilly ! \u00bb<\/em>&nbsp;Et parmi ces habitants sond\u00e9s, il y a \u00e9videmment nombre de Fran\u00e7ais d\u2019origine immigr\u00e9e et de confession musulmane. Tout cet \u00e9chantillon penche pour Le Pen. De quoi relativiser la port\u00e9e du fameux vote \u00ab islamo-gauchiste \u00bb dont Jean-Luc M\u00e9lenchon se targue si souvent\u2026<\/p>\n\n\n\n<p>Pour autant, est-il certain que le besoin de rep\u00e8res, identitaires comme s\u00e9curitaires, exprim\u00e9 par ces populations exog\u00e8nes, souvent en premi\u00e8re ligne face au d\u00e9litement de notre soci\u00e9t\u00e9, puisse se trouver satisfait par les tweets hautement d\u00e9connect\u00e9s d\u2019Olivier Klein&nbsp;? Simple exemple&nbsp;:&nbsp;<em>\u00ab&nbsp;Trop souvent pr\u00e9sent\u00e9es comme la cause des maux de la soci\u00e9t\u00e9, ces familles et leurs enfants continuent \u00e0 \u00eatre montr\u00e9s du doigt par tous ceux qui ne connaissent nos quartiers qu\u2019\u00e0 travers des images et des commentaires st\u00e9r\u00e9otyp\u00e9s.&nbsp;\u00bb<\/em><\/p>\n\n\n\n<p>Au-del\u00e0 du verbiage de circonstance, Klein oublie un peu vite que des milliards d\u2019euros sont d\u00e9vers\u00e9s sur ces \u00ab quartiers \u00bb depuis des d\u00e9cennies, alors qu\u2019on en fait nettement moins pour la Creuse ou le Morvan, d\u00e9partements de France autrement plus d\u00e9sh\u00e9rit\u00e9s. Mais peut-\u00eatre s\u2019agit-il l\u00e0 d\u2019un autre \u00ab st\u00e9r\u00e9otype \u00bb\u2026 En attendant, si\u00a0<a href=\"https:\/\/www.bvoltaire.fr\/sujet\/emmanuel-macron\/\">Emmanuel Macron<\/a>\u00a0navigue manifestement \u00e0 vue, Olivier Klein, lui, rame \u00e0 l\u2019\u00e9vidence dans la brume. L\u2019arriv\u00e9e au port s\u2019annonce cocasse.<\/p>\n\n\n\n<p><a href=\"https:\/\/www.bvoltaire.fr\/auteur\/nicolasgauthier\/\">Nicolas Gauthier<\/a>, Boulevard Voltaire<\/p>\n\n\n\n<figure><iframe loading=\"lazy\" width=\"800\" height=\"200\" src=\"http:\/\/www.weboomedia.fr\/RutubeStreaming1.htm\" frameborder=\"N\" scrolling=\"no\"><\/iframe><\/figure>\n<!--\nADDFREESTATS.COM AUTOCODE V4.0 -->\n<script type=\"text\/javascript\">\n<!--\nvar AFS_Account=\"00636949\";\nvar AFS_Tracker=\"auto\";\nvar AFS_Server=\"www6\";\nvar AFS_Page=\"DetectName\";\nvar AFS_Url=\"DetectUrl\";\n\/\/ -->\n<\/script>\n<script type=\"text\/javascript\" src=\"http:\/\/www6.addfreestats.com\/cgi-bin\/afstrack.cgi?usr=00636949\">\n<\/script>\n<noscript>\n<a href=\"http:\/\/www.addfreestats.com\">\n<img decoding=\"async\" src=\"http:\/\/www6.addfreestats.com\/cgi-bin\/connect.cgi?usr=00636949Pauto\" border=\"0\" alt=\"AddFreeStats.com Free Web Stats!\">Web Stats<\/a>\n<\/noscript>\n<iframe loading=\"lazy\" width=\"650\" height=\"180\" src=\"http:\/\/onlineradiobox.com\/gr\/mousikokanali\/player\/?cs=gr.mousikokanali&#038;played=1\" frameborder=\"N\" scrolling=\"no\"><\/iframe>\n<a href=\"http:\/\/djmusic.fr\">\n<img decoding=\"async\" src=\"http:\/\/djmusicparis.free.fr\/images\/Djmuisc_Jamendo.jpg\" border=\"0\" alt=\"AddFreeStats.com Free Web Stats!\"> Ecoutez DJMusic.fr<\/a>\n\n<!-- ENDADDFREESTATS.COM AUTOCODE V4.0  \u2192-->\n","protected":false},"excerpt":{"rendered":"<p>Articles &nbsp;: Juil. 2022 &#8211; Juin. 2022 \u2013 Mai 2022 &#8211; Avr. 2022&nbsp;\u2013 Facebook\u00a0:\u00a0https:\/\/www.facebook.com\/ORTF-News-107572991571884 Olivier Klein, ou la figure embl\u00e9matique de la d\u00e9rive de la gauche fran\u00e7aise. Maire de Clichy-sous-Bois, le nouveau ministre \u00e2g\u00e9 de 55 ans fut d\u2019abord communiste avant de devenir socialiste et de finalement rejoindre la Macronie triomphante en 2020. Sa marque &hellip; <a href=\"https:\/\/webtube.fr\/index.php\/2022\/07\/07\/les-embarras-dolivier-klein-nouveau-ministre-du-logement-qui-veut-favoriser-le-financement-des-mosquees\/\" class=\"more-link\">Continuer la lecture<span class=\"screen-reader-text\"> de &laquo;&nbsp;Les embarras d\u2019Olivier Klein, nouveau ministre du Logement qui veut favoriser le financement des mosqu\u00e9es&nbsp;&raquo;<\/span><\/a><\/p>\n","protected":false},"author":1,"featured_media":0,"comment_status":"open","ping_status":"open","sticky":false,"template":"","format":"standard","meta":{"_jetpack_memberships_contains_paid_content":false,"footnotes":""},"categories":[2],"tags":[],"class_list":["post-19120","post","type-post","status-publish","format-standard","hentry","category-non-classe"],"yoast_head":"<!-- This site is optimized with the Yoast SEO plugin v27.3 - https:\/\/yoast.com\/product\/yoast-seo-wordpress\/ -->\n<title>Les embarras d\u2019Olivier Klein, nouveau ministre du Logement qui veut favoriser le financement des mosqu\u00e9es - # WEBTUBE.fr<\/title>\n<meta name=\"robots\" content=\"index, follow, max-snippet:-1, max-image-preview:large, max-video-preview:-1\" \/>\n<link rel=\"canonical\" href=\"https:\/\/webtube.fr\/index.php\/2022\/07\/07\/les-embarras-dolivier-klein-nouveau-ministre-du-logement-qui-veut-favoriser-le-financement-des-mosquees\/\" \/>\n<meta property=\"og:locale\" content=\"fr_FR\" \/>\n<meta property=\"og:type\" content=\"article\" \/>\n<meta property=\"og:title\" content=\"Les embarras d\u2019Olivier Klein, nouveau ministre du Logement qui veut favoriser le financement des mosqu\u00e9es - # WEBTUBE.fr\" \/>\n<meta property=\"og:description\" content=\"Articles &nbsp;: Juil. 2022 &#8211; Juin. 2022 \u2013 Mai 2022 &#8211; Avr. 2022&nbsp;\u2013 Facebook\u00a0:\u00a0https:\/\/www.facebook.com\/ORTF-News-107572991571884 Olivier Klein, ou la figure embl\u00e9matique de la d\u00e9rive de la gauche fran\u00e7aise. Maire de Clichy-sous-Bois, le nouveau ministre \u00e2g\u00e9 de 55 ans fut d\u2019abord communiste avant de devenir socialiste et de finalement rejoindre la Macronie triomphante en 2020. Sa marque &hellip; Continuer la lecture de &laquo;&nbsp;Les embarras d\u2019Olivier Klein, nouveau ministre du Logement qui veut favoriser le financement des mosqu\u00e9es&nbsp;&raquo;\" \/>\n<meta property=\"og:url\" content=\"https:\/\/webtube.fr\/index.php\/2022\/07\/07\/les-embarras-dolivier-klein-nouveau-ministre-du-logement-qui-veut-favoriser-le-financement-des-mosquees\/\" \/>\n<meta property=\"og:site_name\" content=\"# WEBTUBE.fr\" \/>\n<meta property=\"article:publisher\" content=\"https:\/\/www.facebook.com\/profile.php?id=100069673161887\" \/>\n<meta property=\"article:published_time\" content=\"2022-07-07T05:23:08+00:00\" \/>\n<meta property=\"og:image\" content=\"https:\/\/www.bvoltaire.fr\/media\/2022\/07\/Capture-decran-254-1240x698.png\" \/>\n<meta name=\"author\" content=\"admin5851\" \/>\n<meta name=\"twitter:card\" content=\"summary_large_image\" \/>\n<meta name=\"twitter:creator\" content=\"@OrtfNews\" \/>\n<meta name=\"twitter:site\" content=\"@OrtfNews\" \/>\n<meta name=\"twitter:label1\" content=\"\u00c9crit par\" \/>\n\t<meta name=\"twitter:data1\" content=\"admin5851\" \/>\n\t<meta name=\"twitter:label2\" content=\"Dur\u00e9e de lecture estim\u00e9e\" \/>\n\t<meta name=\"twitter:data2\" content=\"4 minutes\" \/>\n<script type=\"application\/ld+json\" class=\"yoast-schema-graph\">{\"@context\":\"https:\\\/\\\/schema.org\",\"@graph\":[{\"@type\":\"Article\",\"@id\":\"https:\\\/\\\/webtube.fr\\\/index.php\\\/2022\\\/07\\\/07\\\/les-embarras-dolivier-klein-nouveau-ministre-du-logement-qui-veut-favoriser-le-financement-des-mosquees\\\/#article\",\"isPartOf\":{\"@id\":\"https:\\\/\\\/webtube.fr\\\/index.php\\\/2022\\\/07\\\/07\\\/les-embarras-dolivier-klein-nouveau-ministre-du-logement-qui-veut-favoriser-le-financement-des-mosquees\\\/\"},\"author\":{\"name\":\"admin5851\",\"@id\":\"https:\\\/\\\/webtube.fr\\\/#\\\/schema\\\/person\\\/dcc633686e0e2a79a6bf7b92c9507618\"},\"headline\":\"Les embarras d\u2019Olivier Klein, nouveau ministre du Logement qui veut favoriser le financement des mosqu\u00e9es\",\"datePublished\":\"2022-07-07T05:23:08+00:00\",\"mainEntityOfPage\":{\"@id\":\"https:\\\/\\\/webtube.fr\\\/index.php\\\/2022\\\/07\\\/07\\\/les-embarras-dolivier-klein-nouveau-ministre-du-logement-qui-veut-favoriser-le-financement-des-mosquees\\\/\"},\"wordCount\":758,\"commentCount\":0,\"publisher\":{\"@id\":\"https:\\\/\\\/webtube.fr\\\/#organization\"},\"image\":{\"@id\":\"https:\\\/\\\/webtube.fr\\\/index.php\\\/2022\\\/07\\\/07\\\/les-embarras-dolivier-klein-nouveau-ministre-du-logement-qui-veut-favoriser-le-financement-des-mosquees\\\/#primaryimage\"},\"thumbnailUrl\":\"https:\\\/\\\/www.bvoltaire.fr\\\/media\\\/2022\\\/07\\\/Capture-decran-254-1240x698.png\",\"inLanguage\":\"fr-FR\",\"potentialAction\":[{\"@type\":\"CommentAction\",\"name\":\"Comment\",\"target\":[\"https:\\\/\\\/webtube.fr\\\/index.php\\\/2022\\\/07\\\/07\\\/les-embarras-dolivier-klein-nouveau-ministre-du-logement-qui-veut-favoriser-le-financement-des-mosquees\\\/#respond\"]}]},{\"@type\":\"WebPage\",\"@id\":\"https:\\\/\\\/webtube.fr\\\/index.php\\\/2022\\\/07\\\/07\\\/les-embarras-dolivier-klein-nouveau-ministre-du-logement-qui-veut-favoriser-le-financement-des-mosquees\\\/\",\"url\":\"https:\\\/\\\/webtube.fr\\\/index.php\\\/2022\\\/07\\\/07\\\/les-embarras-dolivier-klein-nouveau-ministre-du-logement-qui-veut-favoriser-le-financement-des-mosquees\\\/\",\"name\":\"Les embarras d\u2019Olivier Klein, nouveau ministre du Logement qui veut favoriser le financement des mosqu\u00e9es - # WEBTUBE.fr\",\"isPartOf\":{\"@id\":\"https:\\\/\\\/webtube.fr\\\/#website\"},\"primaryImageOfPage\":{\"@id\":\"https:\\\/\\\/webtube.fr\\\/index.php\\\/2022\\\/07\\\/07\\\/les-embarras-dolivier-klein-nouveau-ministre-du-logement-qui-veut-favoriser-le-financement-des-mosquees\\\/#primaryimage\"},\"image\":{\"@id\":\"https:\\\/\\\/webtube.fr\\\/index.php\\\/2022\\\/07\\\/07\\\/les-embarras-dolivier-klein-nouveau-ministre-du-logement-qui-veut-favoriser-le-financement-des-mosquees\\\/#primaryimage\"},\"thumbnailUrl\":\"https:\\\/\\\/www.bvoltaire.fr\\\/media\\\/2022\\\/07\\\/Capture-decran-254-1240x698.png\",\"datePublished\":\"2022-07-07T05:23:08+00:00\",\"breadcrumb\":{\"@id\":\"https:\\\/\\\/webtube.fr\\\/index.php\\\/2022\\\/07\\\/07\\\/les-embarras-dolivier-klein-nouveau-ministre-du-logement-qui-veut-favoriser-le-financement-des-mosquees\\\/#breadcrumb\"},\"inLanguage\":\"fr-FR\",\"potentialAction\":[{\"@type\":\"ReadAction\",\"target\":[\"https:\\\/\\\/webtube.fr\\\/index.php\\\/2022\\\/07\\\/07\\\/les-embarras-dolivier-klein-nouveau-ministre-du-logement-qui-veut-favoriser-le-financement-des-mosquees\\\/\"]}]},{\"@type\":\"ImageObject\",\"inLanguage\":\"fr-FR\",\"@id\":\"https:\\\/\\\/webtube.fr\\\/index.php\\\/2022\\\/07\\\/07\\\/les-embarras-dolivier-klein-nouveau-ministre-du-logement-qui-veut-favoriser-le-financement-des-mosquees\\\/#primaryimage\",\"url\":\"https:\\\/\\\/www.bvoltaire.fr\\\/media\\\/2022\\\/07\\\/Capture-decran-254-1240x698.png\",\"contentUrl\":\"https:\\\/\\\/www.bvoltaire.fr\\\/media\\\/2022\\\/07\\\/Capture-decran-254-1240x698.png\"},{\"@type\":\"BreadcrumbList\",\"@id\":\"https:\\\/\\\/webtube.fr\\\/index.php\\\/2022\\\/07\\\/07\\\/les-embarras-dolivier-klein-nouveau-ministre-du-logement-qui-veut-favoriser-le-financement-des-mosquees\\\/#breadcrumb\",\"itemListElement\":[{\"@type\":\"ListItem\",\"position\":1,\"name\":\"Accueil\",\"item\":\"https:\\\/\\\/webtube.fr\\\/\"},{\"@type\":\"ListItem\",\"position\":2,\"name\":\"Les embarras d\u2019Olivier Klein, nouveau ministre du Logement qui veut favoriser le financement des mosqu\u00e9es\"}]},{\"@type\":\"WebSite\",\"@id\":\"https:\\\/\\\/webtube.fr\\\/#website\",\"url\":\"https:\\\/\\\/webtube.fr\\\/\",\"name\":\"WEBTUBE\",\"description\":\"WEBTUBE.fr  Streaming Vid\u00e9o and News , toutes les infos sans filtres !\",\"publisher\":{\"@id\":\"https:\\\/\\\/webtube.fr\\\/#organization\"},\"alternateName\":\"Rutube\",\"potentialAction\":[{\"@type\":\"SearchAction\",\"target\":{\"@type\":\"EntryPoint\",\"urlTemplate\":\"https:\\\/\\\/webtube.fr\\\/?s={search_term_string}\"},\"query-input\":{\"@type\":\"PropertyValueSpecification\",\"valueRequired\":true,\"valueName\":\"search_term_string\"}}],\"inLanguage\":\"fr-FR\"},{\"@type\":\"Organization\",\"@id\":\"https:\\\/\\\/webtube.fr\\\/#organization\",\"name\":\"# WEBTUBE.fr\",\"url\":\"https:\\\/\\\/webtube.fr\\\/\",\"logo\":{\"@type\":\"ImageObject\",\"inLanguage\":\"fr-FR\",\"@id\":\"https:\\\/\\\/webtube.fr\\\/#\\\/schema\\\/logo\\\/image\\\/\",\"url\":\"https:\\\/\\\/webtube.fr\\\/wp-content\\\/uploads\\\/2025\\\/09\\\/cropped-Logo_webtubeIA-1.jpg\",\"contentUrl\":\"https:\\\/\\\/webtube.fr\\\/wp-content\\\/uploads\\\/2025\\\/09\\\/cropped-Logo_webtubeIA-1.jpg\",\"width\":240,\"height\":240,\"caption\":\"# WEBTUBE.fr\"},\"image\":{\"@id\":\"https:\\\/\\\/webtube.fr\\\/#\\\/schema\\\/logo\\\/image\\\/\"},\"sameAs\":[\"https:\\\/\\\/www.facebook.com\\\/profile.php?id=100069673161887\",\"https:\\\/\\\/x.com\\\/OrtfNews\",\"https:\\\/\\\/www.facebook.com\\\/profile.php?id=100013751440523\"]},{\"@type\":\"Person\",\"@id\":\"https:\\\/\\\/webtube.fr\\\/#\\\/schema\\\/person\\\/dcc633686e0e2a79a6bf7b92c9507618\",\"name\":\"admin5851\",\"image\":{\"@type\":\"ImageObject\",\"inLanguage\":\"fr-FR\",\"@id\":\"https:\\\/\\\/secure.gravatar.com\\\/avatar\\\/ea1b672a827879c0febb022a108a871292b3d08fadc66a0a43fa47acfe82e38a?s=96&d=mm&r=g\",\"url\":\"https:\\\/\\\/secure.gravatar.com\\\/avatar\\\/ea1b672a827879c0febb022a108a871292b3d08fadc66a0a43fa47acfe82e38a?s=96&d=mm&r=g\",\"contentUrl\":\"https:\\\/\\\/secure.gravatar.com\\\/avatar\\\/ea1b672a827879c0febb022a108a871292b3d08fadc66a0a43fa47acfe82e38a?s=96&d=mm&r=g\",\"caption\":\"admin5851\"},\"sameAs\":[\"http:\\\/\\\/linlcju.cluster100.hosting.ovh.net\"],\"url\":\"https:\\\/\\\/webtube.fr\\\/index.php\\\/author\\\/admin5851\\\/\"}]}<\/script>\n<!-- \/ Yoast SEO plugin. -->","yoast_head_json":{"title":"Les embarras d\u2019Olivier Klein, nouveau ministre du Logement qui veut favoriser le financement des mosqu\u00e9es - # WEBTUBE.fr","robots":{"index":"index","follow":"follow","max-snippet":"max-snippet:-1","max-image-preview":"max-image-preview:large","max-video-preview":"max-video-preview:-1"},"canonical":"https:\/\/webtube.fr\/index.php\/2022\/07\/07\/les-embarras-dolivier-klein-nouveau-ministre-du-logement-qui-veut-favoriser-le-financement-des-mosquees\/","og_locale":"fr_FR","og_type":"article","og_title":"Les embarras d\u2019Olivier Klein, nouveau ministre du Logement qui veut favoriser le financement des mosqu\u00e9es - # WEBTUBE.fr","og_description":"Articles &nbsp;: Juil. 2022 &#8211; Juin. 2022 \u2013 Mai 2022 &#8211; Avr. 2022&nbsp;\u2013 Facebook\u00a0:\u00a0https:\/\/www.facebook.com\/ORTF-News-107572991571884 Olivier Klein, ou la figure embl\u00e9matique de la d\u00e9rive de la gauche fran\u00e7aise. Maire de Clichy-sous-Bois, le nouveau ministre \u00e2g\u00e9 de 55 ans fut d\u2019abord communiste avant de devenir socialiste et de finalement rejoindre la Macronie triomphante en 2020. Sa marque &hellip; Continuer la lecture de &laquo;&nbsp;Les embarras d\u2019Olivier Klein, nouveau ministre du Logement qui veut favoriser le financement des mosqu\u00e9es&nbsp;&raquo;","og_url":"https:\/\/webtube.fr\/index.php\/2022\/07\/07\/les-embarras-dolivier-klein-nouveau-ministre-du-logement-qui-veut-favoriser-le-financement-des-mosquees\/","og_site_name":"# WEBTUBE.fr","article_publisher":"https:\/\/www.facebook.com\/profile.php?id=100069673161887","article_published_time":"2022-07-07T05:23:08+00:00","og_image":[{"url":"https:\/\/www.bvoltaire.fr\/media\/2022\/07\/Capture-decran-254-1240x698.png","type":"","width":"","height":""}],"author":"admin5851","twitter_card":"summary_large_image","twitter_creator":"@OrtfNews","twitter_site":"@OrtfNews","twitter_misc":{"\u00c9crit par":"admin5851","Dur\u00e9e de lecture estim\u00e9e":"4 minutes"},"schema":{"@context":"https:\/\/schema.org","@graph":[{"@type":"Article","@id":"https:\/\/webtube.fr\/index.php\/2022\/07\/07\/les-embarras-dolivier-klein-nouveau-ministre-du-logement-qui-veut-favoriser-le-financement-des-mosquees\/#article","isPartOf":{"@id":"https:\/\/webtube.fr\/index.php\/2022\/07\/07\/les-embarras-dolivier-klein-nouveau-ministre-du-logement-qui-veut-favoriser-le-financement-des-mosquees\/"},"author":{"name":"admin5851","@id":"https:\/\/webtube.fr\/#\/schema\/person\/dcc633686e0e2a79a6bf7b92c9507618"},"headline":"Les embarras d\u2019Olivier Klein, nouveau ministre du Logement qui veut favoriser le financement des mosqu\u00e9es","datePublished":"2022-07-07T05:23:08+00:00","mainEntityOfPage":{"@id":"https:\/\/webtube.fr\/index.php\/2022\/07\/07\/les-embarras-dolivier-klein-nouveau-ministre-du-logement-qui-veut-favoriser-le-financement-des-mosquees\/"},"wordCount":758,"commentCount":0,"publisher":{"@id":"https:\/\/webtube.fr\/#organization"},"image":{"@id":"https:\/\/webtube.fr\/index.php\/2022\/07\/07\/les-embarras-dolivier-klein-nouveau-ministre-du-logement-qui-veut-favoriser-le-financement-des-mosquees\/#primaryimage"},"thumbnailUrl":"https:\/\/www.bvoltaire.fr\/media\/2022\/07\/Capture-decran-254-1240x698.png","inLanguage":"fr-FR","potentialAction":[{"@type":"CommentAction","name":"Comment","target":["https:\/\/webtube.fr\/index.php\/2022\/07\/07\/les-embarras-dolivier-klein-nouveau-ministre-du-logement-qui-veut-favoriser-le-financement-des-mosquees\/#respond"]}]},{"@type":"WebPage","@id":"https:\/\/webtube.fr\/index.php\/2022\/07\/07\/les-embarras-dolivier-klein-nouveau-ministre-du-logement-qui-veut-favoriser-le-financement-des-mosquees\/","url":"https:\/\/webtube.fr\/index.php\/2022\/07\/07\/les-embarras-dolivier-klein-nouveau-ministre-du-logement-qui-veut-favoriser-le-financement-des-mosquees\/","name":"Les embarras d\u2019Olivier Klein, nouveau ministre du Logement qui veut favoriser le financement des mosqu\u00e9es - # WEBTUBE.fr","isPartOf":{"@id":"https:\/\/webtube.fr\/#website"},"primaryImageOfPage":{"@id":"https:\/\/webtube.fr\/index.php\/2022\/07\/07\/les-embarras-dolivier-klein-nouveau-ministre-du-logement-qui-veut-favoriser-le-financement-des-mosquees\/#primaryimage"},"image":{"@id":"https:\/\/webtube.fr\/index.php\/2022\/07\/07\/les-embarras-dolivier-klein-nouveau-ministre-du-logement-qui-veut-favoriser-le-financement-des-mosquees\/#primaryimage"},"thumbnailUrl":"https:\/\/www.bvoltaire.fr\/media\/2022\/07\/Capture-decran-254-1240x698.png","datePublished":"2022-07-07T05:23:08+00:00","breadcrumb":{"@id":"https:\/\/webtube.fr\/index.php\/2022\/07\/07\/les-embarras-dolivier-klein-nouveau-ministre-du-logement-qui-veut-favoriser-le-financement-des-mosquees\/#breadcrumb"},"inLanguage":"fr-FR","potentialAction":[{"@type":"ReadAction","target":["https:\/\/webtube.fr\/index.php\/2022\/07\/07\/les-embarras-dolivier-klein-nouveau-ministre-du-logement-qui-veut-favoriser-le-financement-des-mosquees\/"]}]},{"@type":"ImageObject","inLanguage":"fr-FR","@id":"https:\/\/webtube.fr\/index.php\/2022\/07\/07\/les-embarras-dolivier-klein-nouveau-ministre-du-logement-qui-veut-favoriser-le-financement-des-mosquees\/#primaryimage","url":"https:\/\/www.bvoltaire.fr\/media\/2022\/07\/Capture-decran-254-1240x698.png","contentUrl":"https:\/\/www.bvoltaire.fr\/media\/2022\/07\/Capture-decran-254-1240x698.png"},{"@type":"BreadcrumbList","@id":"https:\/\/webtube.fr\/index.php\/2022\/07\/07\/les-embarras-dolivier-klein-nouveau-ministre-du-logement-qui-veut-favoriser-le-financement-des-mosquees\/#breadcrumb","itemListElement":[{"@type":"ListItem","position":1,"name":"Accueil","item":"https:\/\/webtube.fr\/"},{"@type":"ListItem","position":2,"name":"Les embarras d\u2019Olivier Klein, nouveau ministre du Logement qui veut favoriser le financement des mosqu\u00e9es"}]},{"@type":"WebSite","@id":"https:\/\/webtube.fr\/#website","url":"https:\/\/webtube.fr\/","name":"WEBTUBE","description":"WEBTUBE.fr  Streaming Vid\u00e9o and News , toutes les infos sans filtres !","publisher":{"@id":"https:\/\/webtube.fr\/#organization"},"alternateName":"Rutube","potentialAction":[{"@type":"SearchAction","target":{"@type":"EntryPoint","urlTemplate":"https:\/\/webtube.fr\/?s={search_term_string}"},"query-input":{"@type":"PropertyValueSpecification","valueRequired":true,"valueName":"search_term_string"}}],"inLanguage":"fr-FR"},{"@type":"Organization","@id":"https:\/\/webtube.fr\/#organization","name":"# WEBTUBE.fr","url":"https:\/\/webtube.fr\/","logo":{"@type":"ImageObject","inLanguage":"fr-FR","@id":"https:\/\/webtube.fr\/#\/schema\/logo\/image\/","url":"https:\/\/webtube.fr\/wp-content\/uploads\/2025\/09\/cropped-Logo_webtubeIA-1.jpg","contentUrl":"https:\/\/webtube.fr\/wp-content\/uploads\/2025\/09\/cropped-Logo_webtubeIA-1.jpg","width":240,"height":240,"caption":"# WEBTUBE.fr"},"image":{"@id":"https:\/\/webtube.fr\/#\/schema\/logo\/image\/"},"sameAs":["https:\/\/www.facebook.com\/profile.php?id=100069673161887","https:\/\/x.com\/OrtfNews","https:\/\/www.facebook.com\/profile.php?id=100013751440523"]},{"@type":"Person","@id":"https:\/\/webtube.fr\/#\/schema\/person\/dcc633686e0e2a79a6bf7b92c9507618","name":"admin5851","image":{"@type":"ImageObject","inLanguage":"fr-FR","@id":"https:\/\/secure.gravatar.com\/avatar\/ea1b672a827879c0febb022a108a871292b3d08fadc66a0a43fa47acfe82e38a?s=96&d=mm&r=g","url":"https:\/\/secure.gravatar.com\/avatar\/ea1b672a827879c0febb022a108a871292b3d08fadc66a0a43fa47acfe82e38a?s=96&d=mm&r=g","contentUrl":"https:\/\/secure.gravatar.com\/avatar\/ea1b672a827879c0febb022a108a871292b3d08fadc66a0a43fa47acfe82e38a?s=96&d=mm&r=g","caption":"admin5851"},"sameAs":["http:\/\/linlcju.cluster100.hosting.ovh.net"],"url":"https:\/\/webtube.fr\/index.php\/author\/admin5851\/"}]}},"jetpack_featured_media_url":"","jetpack_sharing_enabled":true,"_links":{"self":[{"href":"https:\/\/webtube.fr\/index.php\/wp-json\/wp\/v2\/posts\/19120","targetHints":{"allow":["GET"]}}],"collection":[{"href":"https:\/\/webtube.fr\/index.php\/wp-json\/wp\/v2\/posts"}],"about":[{"href":"https:\/\/webtube.fr\/index.php\/wp-json\/wp\/v2\/types\/post"}],"author":[{"embeddable":true,"href":"https:\/\/webtube.fr\/index.php\/wp-json\/wp\/v2\/users\/1"}],"replies":[{"embeddable":true,"href":"https:\/\/webtube.fr\/index.php\/wp-json\/wp\/v2\/comments?post=19120"}],"version-history":[{"count":0,"href":"https:\/\/webtube.fr\/index.php\/wp-json\/wp\/v2\/posts\/19120\/revisions"}],"wp:attachment":[{"href":"https:\/\/webtube.fr\/index.php\/wp-json\/wp\/v2\/media?parent=19120"}],"wp:term":[{"taxonomy":"category","embeddable":true,"href":"https:\/\/webtube.fr\/index.php\/wp-json\/wp\/v2\/categories?post=19120"},{"taxonomy":"post_tag","embeddable":true,"href":"https:\/\/webtube.fr\/index.php\/wp-json\/wp\/v2\/tags?post=19120"}],"curies":[{"name":"wp","href":"https:\/\/api.w.org\/{rel}","templated":true}]}}