{"id":17440,"date":"2022-04-03T11:02:54","date_gmt":"2022-04-03T09:02:54","guid":{"rendered":"http:\/\/rutube.fr\/?p=17440"},"modified":"2022-04-03T11:02:54","modified_gmt":"2022-04-03T09:02:54","slug":"le-ramadan-le-mois-des-sept-peches-capitaux","status":"publish","type":"post","link":"https:\/\/webtube.fr\/index.php\/2022\/04\/03\/le-ramadan-le-mois-des-sept-peches-capitaux\/","title":{"rendered":"Le ramadan, le mois des sept p\u00e9ch\u00e9s capitaux"},"content":{"rendered":"\n<figure><iframe loading=\"lazy\" width=\"800\" height=\"200\" src=\"http:\/\/www.weboomedia.fr\/RutubeStreaming1.htm\" frameborder=\"N\" scrolling=\"no\"><\/iframe><\/figure>\n\n\n\n<p>Articles \u00a0: <a href=\"http:\/\/rutube.fr\/2022\/04\/03\" target=\"_blank\" rel=\"noreferrer noopener\">Avr. 2022<\/a> &#8211; <a href=\"http:\/\/rutube.fr\/2022\/03\/\" target=\"_blank\" rel=\"noreferrer noopener\">Mar. 2022<\/a> &#8211; <a href=\"http:\/\/rutube.fr\/2022\/02\/\" target=\"_blank\" rel=\"noreferrer noopener\">Fev. 2022 &#8211;<\/a> <a href=\"http:\/\/rutube.fr\/2022\/01\/\" target=\"_blank\" rel=\"noreferrer noopener\">Jan. 2022<\/a> &#8211; Facebook\u00a0:\u00a0<a href=\"https:\/\/www.facebook.com\/ORTF-News-107572991571884\" target=\"_blank\" rel=\"noreferrer noopener\">https:\/\/www.facebook.com\/ORTF-News-107572991571884<\/a><\/p>\n\n\n\n<figure class=\"wp-block-image size-large\"><img decoding=\"async\" src=\"https:\/\/img.20mn.fr\/o1rKNrPDTLacl_-1ydmkuQ\/830x532_musulmans-pakistanais-prient-avant-rompre-jeune-peshawar-21-juillet-2012-premier-jour-ramadan.jpg\" alt=\"\"\/><\/figure>\n\n\n\n<p><\/p>\n\n\n\n<p>Le mois du ramadan, ce mois satanique du culte des 7 p\u00e9ch\u00e9s capitaux, est de retour, comme un Tsunami balayant tout sur son passage.Un mois de l\u2019haleine f\u00e9tide, de la gueule du bois,<\/p>\n\n\n\n<p>de la mauvaise humeur,<\/p>\n\n\n\n<p>de la perte de ses nerfs.<\/p>\n\n\n\n<p>de la chamaillerie pour des broutilles,<\/p>\n\n\n\n<p>de l\u2019explosion de la violence conjugale,<\/p>\n\n\n\n<p>de la flamb\u00e9e des prix,<\/p>\n\n\n\n<p>du oblig\u00e9 de se cacher pour manger,<\/p>\n\n\n\n<p>de l\u2019\u00e9tat de manque de nicotine,<\/p>\n\n\n\n<p>de la boulimie et obsession compulsive alimentairedu \u00e0 ramasser \u00e0 la petite cuiller, tellement ils sont comme des l\u00e9gumes pourris,<\/p>\n\n\n\n<p>de la sucrerie en veux-tu en voil\u00e0 pour nourrir son diab\u00e8te et son hyper tension,<\/p>\n\n\n\n<p>des agapes nocturnes o\u00f9 ils se goinfrent comme des malades,de l\u2019absent\u00e9isme \u00e0 ne pas en finir.<\/p>\n\n\n\n<p>du tout \u00e0 l\u2019arr\u00eat.des queues interminables devant les chopes de g\u00e2teau au sirop de glucose avec des vendeurs d\u00e9goulinant de sueur,de l\u2019huile de friture empestant les rues,<\/p>\n\n\n\n<p>de dormir la journ\u00e9e et se lever 20 minutes avant le coucher du soleil,, une journ\u00e9e de gagn\u00e9 sur l\u2019\u00e9preuve de la faim et de la soif,<\/p>\n\n\n\n<p>des bureaux vides et des fonctionnaires somnolents quand ils y sont,du excusez-moi le je\u00fbne m\u2019a \u00ab\u00a0tuer\u00a0\u00bb,<\/p>\n\n\n\n<p>de la surmortalit\u00e9 routi\u00e8re,<\/p>\n\n\n\n<p>de on s\u2019endette pour se nourrir.de 3500 calories dans la soir\u00e9e,<\/p>\n\n\n\n<p>de la sur affluence dans les urgences,<\/p>\n\n\n\n<p>d\u2019une mauvaise hygi\u00e8ne de vie \u00e9rig\u00e9e en dogme religieux,<\/p>\n\n\n\n<p>du ne regarde pas les jolies fille tu annules ton je\u00fbne,<\/p>\n\n\n\n<p>de la pers\u00e9cution de ceux qui bravent ce mois qui n\u2019est pas plus sacr\u00e9 que la pisse de chameau,<\/p>\n\n\n\n<p>de l\u2019attente impatiente de l\u2019appel du muezzin \u00e0 la rupture du je\u00fbne,<\/p>\n\n\n\n<p>du la tartuferie et du faux-devotisme,Quant \u00e0 la productivit\u00e9 Allah s\u2019en charge pour la r\u00e9duire \u00e0 n\u00e9ant.<\/p>\n\n\n\n<p>Le mois o\u00f9 Thanatos se fait la part belle.11 mois ils sont au r\u00e9gime sec et 30 jours o\u00f9 l\u2019on est plus regardant sur les d\u00e9penses gr\u00e2ce au pr\u00eat sp\u00e9cial Ramadan sur 1 an.Le plaisir de la chair grasse et hypercalorique est leur vraie religion.<\/p>\n\n\n\n<p><strong>Salem Benammar<\/strong> <a href=\"https:\/\/ripostelaique.com\/le-ramadan-le-mois-des-sept-peches-capitaux.html\">dans Riposte La\u00efque<\/a><\/p>\n\n\n\n<figure><iframe loading=\"lazy\" width=\"800\" height=\"200\" src=\"http:\/\/www.weboomedia.fr\/RutubeStreaming1.htm\" frameborder=\"N\" scrolling=\"no\"><\/iframe><\/figure>\n<!--\nADDFREESTATS.COM AUTOCODE V4.0 -->\n<script type=\"text\/javascript\">\n<!--\nvar AFS_Account=\"00636949\";\nvar AFS_Tracker=\"auto\";\nvar AFS_Server=\"www6\";\nvar AFS_Page=\"DetectName\";\nvar AFS_Url=\"DetectUrl\";\n\/\/ -->\n<\/script>\n<script type=\"text\/javascript\" src=\"http:\/\/www6.addfreestats.com\/cgi-bin\/afstrack.cgi?usr=00636949\">\n<\/script>\n<noscript>\n<a href=\"http:\/\/www.addfreestats.com\">\n<img decoding=\"async\" src=\"http:\/\/www6.addfreestats.com\/cgi-bin\/connect.cgi?usr=00636949Pauto\" border=\"0\" alt=\"AddFreeStats.com Free Web Stats!\">Web Stats<\/a>\n<\/noscript>\n<iframe loading=\"lazy\" width=\"650\" height=\"180\" src=\"http:\/\/onlineradiobox.com\/gr\/mousikokanali\/player\/?cs=gr.mousikokanali&#038;played=1\" frameborder=\"N\" scrolling=\"no\"><\/iframe>\n<a href=\"http:\/\/djmusic.fr\">\n<img decoding=\"async\" src=\"http:\/\/djmusicparis.free.fr\/images\/Djmuisc_Jamendo.jpg\" border=\"0\" alt=\"AddFreeStats.com Free Web Stats!\"> Ecoutez DJMusic.fr<\/a>\n\n<!-- ENDADDFREESTATS.COM AUTOCODE V4.0  \u2192-->\n","protected":false},"excerpt":{"rendered":"<p>Articles \u00a0: Avr. 2022 &#8211; Mar. 2022 &#8211; Fev. 2022 &#8211; Jan. 2022 &#8211; Facebook\u00a0:\u00a0https:\/\/www.facebook.com\/ORTF-News-107572991571884 Le mois du ramadan, ce mois satanique du culte des 7 p\u00e9ch\u00e9s capitaux, est de retour, comme un Tsunami balayant tout sur son passage.Un mois de l\u2019haleine f\u00e9tide, de la gueule du bois, de la mauvaise humeur, de la perte &hellip; <a href=\"https:\/\/webtube.fr\/index.php\/2022\/04\/03\/le-ramadan-le-mois-des-sept-peches-capitaux\/\" class=\"more-link\">Continuer la lecture<span class=\"screen-reader-text\"> de &laquo;&nbsp;Le ramadan, le mois des sept p\u00e9ch\u00e9s capitaux&nbsp;&raquo;<\/span><\/a><\/p>\n","protected":false},"author":1,"featured_media":0,"comment_status":"open","ping_status":"open","sticky":false,"template":"","format":"standard","meta":{"_jetpack_memberships_contains_paid_content":false,"footnotes":""},"categories":[2],"tags":[],"class_list":["post-17440","post","type-post","status-publish","format-standard","hentry","category-non-classe"],"yoast_head":"<!-- This site is optimized with the Yoast SEO plugin v27.3 - https:\/\/yoast.com\/product\/yoast-seo-wordpress\/ -->\n<title>Le ramadan, le mois des sept p\u00e9ch\u00e9s capitaux - # WEBTUBE.fr<\/title>\n<meta name=\"robots\" content=\"index, follow, max-snippet:-1, max-image-preview:large, max-video-preview:-1\" \/>\n<link rel=\"canonical\" href=\"https:\/\/webtube.fr\/index.php\/2022\/04\/03\/le-ramadan-le-mois-des-sept-peches-capitaux\/\" \/>\n<meta property=\"og:locale\" content=\"fr_FR\" \/>\n<meta property=\"og:type\" content=\"article\" \/>\n<meta property=\"og:title\" content=\"Le ramadan, le mois des sept p\u00e9ch\u00e9s capitaux - # WEBTUBE.fr\" \/>\n<meta property=\"og:description\" content=\"Articles \u00a0: Avr. 2022 &#8211; Mar. 2022 &#8211; Fev. 2022 &#8211; Jan. 2022 &#8211; Facebook\u00a0:\u00a0https:\/\/www.facebook.com\/ORTF-News-107572991571884 Le mois du ramadan, ce mois satanique du culte des 7 p\u00e9ch\u00e9s capitaux, est de retour, comme un Tsunami balayant tout sur son passage.Un mois de l\u2019haleine f\u00e9tide, de la gueule du bois, de la mauvaise humeur, de la perte &hellip; Continuer la lecture de &laquo;&nbsp;Le ramadan, le mois des sept p\u00e9ch\u00e9s capitaux&nbsp;&raquo;\" \/>\n<meta property=\"og:url\" content=\"https:\/\/webtube.fr\/index.php\/2022\/04\/03\/le-ramadan-le-mois-des-sept-peches-capitaux\/\" \/>\n<meta property=\"og:site_name\" content=\"# WEBTUBE.fr\" \/>\n<meta property=\"article:publisher\" content=\"https:\/\/www.facebook.com\/profile.php?id=100069673161887\" \/>\n<meta property=\"article:published_time\" content=\"2022-04-03T09:02:54+00:00\" \/>\n<meta property=\"og:image\" content=\"https:\/\/img.20mn.fr\/o1rKNrPDTLacl_-1ydmkuQ\/830x532_musulmans-pakistanais-prient-avant-rompre-jeune-peshawar-21-juillet-2012-premier-jour-ramadan.jpg\" \/>\n<meta name=\"author\" content=\"admin5851\" \/>\n<meta name=\"twitter:card\" content=\"summary_large_image\" \/>\n<meta name=\"twitter:creator\" content=\"@OrtfNews\" \/>\n<meta name=\"twitter:site\" content=\"@OrtfNews\" \/>\n<meta name=\"twitter:label1\" content=\"\u00c9crit par\" \/>\n\t<meta name=\"twitter:data1\" content=\"admin5851\" \/>\n\t<meta name=\"twitter:label2\" content=\"Dur\u00e9e de lecture estim\u00e9e\" \/>\n\t<meta name=\"twitter:data2\" content=\"3 minutes\" \/>\n<script type=\"application\/ld+json\" class=\"yoast-schema-graph\">{\"@context\":\"https:\\\/\\\/schema.org\",\"@graph\":[{\"@type\":\"Article\",\"@id\":\"https:\\\/\\\/webtube.fr\\\/index.php\\\/2022\\\/04\\\/03\\\/le-ramadan-le-mois-des-sept-peches-capitaux\\\/#article\",\"isPartOf\":{\"@id\":\"https:\\\/\\\/webtube.fr\\\/index.php\\\/2022\\\/04\\\/03\\\/le-ramadan-le-mois-des-sept-peches-capitaux\\\/\"},\"author\":{\"name\":\"admin5851\",\"@id\":\"https:\\\/\\\/webtube.fr\\\/#\\\/schema\\\/person\\\/dcc633686e0e2a79a6bf7b92c9507618\"},\"headline\":\"Le ramadan, le mois des sept p\u00e9ch\u00e9s capitaux\",\"datePublished\":\"2022-04-03T09:02:54+00:00\",\"mainEntityOfPage\":{\"@id\":\"https:\\\/\\\/webtube.fr\\\/index.php\\\/2022\\\/04\\\/03\\\/le-ramadan-le-mois-des-sept-peches-capitaux\\\/\"},\"wordCount\":403,\"commentCount\":0,\"publisher\":{\"@id\":\"https:\\\/\\\/webtube.fr\\\/#organization\"},\"image\":{\"@id\":\"https:\\\/\\\/webtube.fr\\\/index.php\\\/2022\\\/04\\\/03\\\/le-ramadan-le-mois-des-sept-peches-capitaux\\\/#primaryimage\"},\"thumbnailUrl\":\"https:\\\/\\\/img.20mn.fr\\\/o1rKNrPDTLacl_-1ydmkuQ\\\/830x532_musulmans-pakistanais-prient-avant-rompre-jeune-peshawar-21-juillet-2012-premier-jour-ramadan.jpg\",\"inLanguage\":\"fr-FR\",\"potentialAction\":[{\"@type\":\"CommentAction\",\"name\":\"Comment\",\"target\":[\"https:\\\/\\\/webtube.fr\\\/index.php\\\/2022\\\/04\\\/03\\\/le-ramadan-le-mois-des-sept-peches-capitaux\\\/#respond\"]}]},{\"@type\":\"WebPage\",\"@id\":\"https:\\\/\\\/webtube.fr\\\/index.php\\\/2022\\\/04\\\/03\\\/le-ramadan-le-mois-des-sept-peches-capitaux\\\/\",\"url\":\"https:\\\/\\\/webtube.fr\\\/index.php\\\/2022\\\/04\\\/03\\\/le-ramadan-le-mois-des-sept-peches-capitaux\\\/\",\"name\":\"Le ramadan, le mois des sept p\u00e9ch\u00e9s capitaux - # WEBTUBE.fr\",\"isPartOf\":{\"@id\":\"https:\\\/\\\/webtube.fr\\\/#website\"},\"primaryImageOfPage\":{\"@id\":\"https:\\\/\\\/webtube.fr\\\/index.php\\\/2022\\\/04\\\/03\\\/le-ramadan-le-mois-des-sept-peches-capitaux\\\/#primaryimage\"},\"image\":{\"@id\":\"https:\\\/\\\/webtube.fr\\\/index.php\\\/2022\\\/04\\\/03\\\/le-ramadan-le-mois-des-sept-peches-capitaux\\\/#primaryimage\"},\"thumbnailUrl\":\"https:\\\/\\\/img.20mn.fr\\\/o1rKNrPDTLacl_-1ydmkuQ\\\/830x532_musulmans-pakistanais-prient-avant-rompre-jeune-peshawar-21-juillet-2012-premier-jour-ramadan.jpg\",\"datePublished\":\"2022-04-03T09:02:54+00:00\",\"breadcrumb\":{\"@id\":\"https:\\\/\\\/webtube.fr\\\/index.php\\\/2022\\\/04\\\/03\\\/le-ramadan-le-mois-des-sept-peches-capitaux\\\/#breadcrumb\"},\"inLanguage\":\"fr-FR\",\"potentialAction\":[{\"@type\":\"ReadAction\",\"target\":[\"https:\\\/\\\/webtube.fr\\\/index.php\\\/2022\\\/04\\\/03\\\/le-ramadan-le-mois-des-sept-peches-capitaux\\\/\"]}]},{\"@type\":\"ImageObject\",\"inLanguage\":\"fr-FR\",\"@id\":\"https:\\\/\\\/webtube.fr\\\/index.php\\\/2022\\\/04\\\/03\\\/le-ramadan-le-mois-des-sept-peches-capitaux\\\/#primaryimage\",\"url\":\"https:\\\/\\\/img.20mn.fr\\\/o1rKNrPDTLacl_-1ydmkuQ\\\/830x532_musulmans-pakistanais-prient-avant-rompre-jeune-peshawar-21-juillet-2012-premier-jour-ramadan.jpg\",\"contentUrl\":\"https:\\\/\\\/img.20mn.fr\\\/o1rKNrPDTLacl_-1ydmkuQ\\\/830x532_musulmans-pakistanais-prient-avant-rompre-jeune-peshawar-21-juillet-2012-premier-jour-ramadan.jpg\"},{\"@type\":\"BreadcrumbList\",\"@id\":\"https:\\\/\\\/webtube.fr\\\/index.php\\\/2022\\\/04\\\/03\\\/le-ramadan-le-mois-des-sept-peches-capitaux\\\/#breadcrumb\",\"itemListElement\":[{\"@type\":\"ListItem\",\"position\":1,\"name\":\"Accueil\",\"item\":\"https:\\\/\\\/webtube.fr\\\/\"},{\"@type\":\"ListItem\",\"position\":2,\"name\":\"Le ramadan, le mois des sept p\u00e9ch\u00e9s capitaux\"}]},{\"@type\":\"WebSite\",\"@id\":\"https:\\\/\\\/webtube.fr\\\/#website\",\"url\":\"https:\\\/\\\/webtube.fr\\\/\",\"name\":\"WEBTUBE\",\"description\":\"WEBTUBE.fr  Streaming Vid\u00e9o and News , toutes les infos sans filtres !\",\"publisher\":{\"@id\":\"https:\\\/\\\/webtube.fr\\\/#organization\"},\"alternateName\":\"Rutube\",\"potentialAction\":[{\"@type\":\"SearchAction\",\"target\":{\"@type\":\"EntryPoint\",\"urlTemplate\":\"https:\\\/\\\/webtube.fr\\\/?s={search_term_string}\"},\"query-input\":{\"@type\":\"PropertyValueSpecification\",\"valueRequired\":true,\"valueName\":\"search_term_string\"}}],\"inLanguage\":\"fr-FR\"},{\"@type\":\"Organization\",\"@id\":\"https:\\\/\\\/webtube.fr\\\/#organization\",\"name\":\"# WEBTUBE.fr\",\"url\":\"https:\\\/\\\/webtube.fr\\\/\",\"logo\":{\"@type\":\"ImageObject\",\"inLanguage\":\"fr-FR\",\"@id\":\"https:\\\/\\\/webtube.fr\\\/#\\\/schema\\\/logo\\\/image\\\/\",\"url\":\"https:\\\/\\\/webtube.fr\\\/wp-content\\\/uploads\\\/2025\\\/09\\\/cropped-Logo_webtubeIA-1.jpg\",\"contentUrl\":\"https:\\\/\\\/webtube.fr\\\/wp-content\\\/uploads\\\/2025\\\/09\\\/cropped-Logo_webtubeIA-1.jpg\",\"width\":240,\"height\":240,\"caption\":\"# WEBTUBE.fr\"},\"image\":{\"@id\":\"https:\\\/\\\/webtube.fr\\\/#\\\/schema\\\/logo\\\/image\\\/\"},\"sameAs\":[\"https:\\\/\\\/www.facebook.com\\\/profile.php?id=100069673161887\",\"https:\\\/\\\/x.com\\\/OrtfNews\",\"https:\\\/\\\/www.facebook.com\\\/profile.php?id=100013751440523\"]},{\"@type\":\"Person\",\"@id\":\"https:\\\/\\\/webtube.fr\\\/#\\\/schema\\\/person\\\/dcc633686e0e2a79a6bf7b92c9507618\",\"name\":\"admin5851\",\"image\":{\"@type\":\"ImageObject\",\"inLanguage\":\"fr-FR\",\"@id\":\"https:\\\/\\\/secure.gravatar.com\\\/avatar\\\/ea1b672a827879c0febb022a108a871292b3d08fadc66a0a43fa47acfe82e38a?s=96&d=mm&r=g\",\"url\":\"https:\\\/\\\/secure.gravatar.com\\\/avatar\\\/ea1b672a827879c0febb022a108a871292b3d08fadc66a0a43fa47acfe82e38a?s=96&d=mm&r=g\",\"contentUrl\":\"https:\\\/\\\/secure.gravatar.com\\\/avatar\\\/ea1b672a827879c0febb022a108a871292b3d08fadc66a0a43fa47acfe82e38a?s=96&d=mm&r=g\",\"caption\":\"admin5851\"},\"sameAs\":[\"http:\\\/\\\/linlcju.cluster100.hosting.ovh.net\"],\"url\":\"https:\\\/\\\/webtube.fr\\\/index.php\\\/author\\\/admin5851\\\/\"}]}<\/script>\n<!-- \/ Yoast SEO plugin. -->","yoast_head_json":{"title":"Le ramadan, le mois des sept p\u00e9ch\u00e9s capitaux - # WEBTUBE.fr","robots":{"index":"index","follow":"follow","max-snippet":"max-snippet:-1","max-image-preview":"max-image-preview:large","max-video-preview":"max-video-preview:-1"},"canonical":"https:\/\/webtube.fr\/index.php\/2022\/04\/03\/le-ramadan-le-mois-des-sept-peches-capitaux\/","og_locale":"fr_FR","og_type":"article","og_title":"Le ramadan, le mois des sept p\u00e9ch\u00e9s capitaux - # WEBTUBE.fr","og_description":"Articles \u00a0: Avr. 2022 &#8211; Mar. 2022 &#8211; Fev. 2022 &#8211; Jan. 2022 &#8211; Facebook\u00a0:\u00a0https:\/\/www.facebook.com\/ORTF-News-107572991571884 Le mois du ramadan, ce mois satanique du culte des 7 p\u00e9ch\u00e9s capitaux, est de retour, comme un Tsunami balayant tout sur son passage.Un mois de l\u2019haleine f\u00e9tide, de la gueule du bois, de la mauvaise humeur, de la perte &hellip; Continuer la lecture de &laquo;&nbsp;Le ramadan, le mois des sept p\u00e9ch\u00e9s capitaux&nbsp;&raquo;","og_url":"https:\/\/webtube.fr\/index.php\/2022\/04\/03\/le-ramadan-le-mois-des-sept-peches-capitaux\/","og_site_name":"# WEBTUBE.fr","article_publisher":"https:\/\/www.facebook.com\/profile.php?id=100069673161887","article_published_time":"2022-04-03T09:02:54+00:00","og_image":[{"url":"https:\/\/img.20mn.fr\/o1rKNrPDTLacl_-1ydmkuQ\/830x532_musulmans-pakistanais-prient-avant-rompre-jeune-peshawar-21-juillet-2012-premier-jour-ramadan.jpg","type":"","width":"","height":""}],"author":"admin5851","twitter_card":"summary_large_image","twitter_creator":"@OrtfNews","twitter_site":"@OrtfNews","twitter_misc":{"\u00c9crit par":"admin5851","Dur\u00e9e de lecture estim\u00e9e":"3 minutes"},"schema":{"@context":"https:\/\/schema.org","@graph":[{"@type":"Article","@id":"https:\/\/webtube.fr\/index.php\/2022\/04\/03\/le-ramadan-le-mois-des-sept-peches-capitaux\/#article","isPartOf":{"@id":"https:\/\/webtube.fr\/index.php\/2022\/04\/03\/le-ramadan-le-mois-des-sept-peches-capitaux\/"},"author":{"name":"admin5851","@id":"https:\/\/webtube.fr\/#\/schema\/person\/dcc633686e0e2a79a6bf7b92c9507618"},"headline":"Le ramadan, le mois des sept p\u00e9ch\u00e9s capitaux","datePublished":"2022-04-03T09:02:54+00:00","mainEntityOfPage":{"@id":"https:\/\/webtube.fr\/index.php\/2022\/04\/03\/le-ramadan-le-mois-des-sept-peches-capitaux\/"},"wordCount":403,"commentCount":0,"publisher":{"@id":"https:\/\/webtube.fr\/#organization"},"image":{"@id":"https:\/\/webtube.fr\/index.php\/2022\/04\/03\/le-ramadan-le-mois-des-sept-peches-capitaux\/#primaryimage"},"thumbnailUrl":"https:\/\/img.20mn.fr\/o1rKNrPDTLacl_-1ydmkuQ\/830x532_musulmans-pakistanais-prient-avant-rompre-jeune-peshawar-21-juillet-2012-premier-jour-ramadan.jpg","inLanguage":"fr-FR","potentialAction":[{"@type":"CommentAction","name":"Comment","target":["https:\/\/webtube.fr\/index.php\/2022\/04\/03\/le-ramadan-le-mois-des-sept-peches-capitaux\/#respond"]}]},{"@type":"WebPage","@id":"https:\/\/webtube.fr\/index.php\/2022\/04\/03\/le-ramadan-le-mois-des-sept-peches-capitaux\/","url":"https:\/\/webtube.fr\/index.php\/2022\/04\/03\/le-ramadan-le-mois-des-sept-peches-capitaux\/","name":"Le ramadan, le mois des sept p\u00e9ch\u00e9s capitaux - # WEBTUBE.fr","isPartOf":{"@id":"https:\/\/webtube.fr\/#website"},"primaryImageOfPage":{"@id":"https:\/\/webtube.fr\/index.php\/2022\/04\/03\/le-ramadan-le-mois-des-sept-peches-capitaux\/#primaryimage"},"image":{"@id":"https:\/\/webtube.fr\/index.php\/2022\/04\/03\/le-ramadan-le-mois-des-sept-peches-capitaux\/#primaryimage"},"thumbnailUrl":"https:\/\/img.20mn.fr\/o1rKNrPDTLacl_-1ydmkuQ\/830x532_musulmans-pakistanais-prient-avant-rompre-jeune-peshawar-21-juillet-2012-premier-jour-ramadan.jpg","datePublished":"2022-04-03T09:02:54+00:00","breadcrumb":{"@id":"https:\/\/webtube.fr\/index.php\/2022\/04\/03\/le-ramadan-le-mois-des-sept-peches-capitaux\/#breadcrumb"},"inLanguage":"fr-FR","potentialAction":[{"@type":"ReadAction","target":["https:\/\/webtube.fr\/index.php\/2022\/04\/03\/le-ramadan-le-mois-des-sept-peches-capitaux\/"]}]},{"@type":"ImageObject","inLanguage":"fr-FR","@id":"https:\/\/webtube.fr\/index.php\/2022\/04\/03\/le-ramadan-le-mois-des-sept-peches-capitaux\/#primaryimage","url":"https:\/\/img.20mn.fr\/o1rKNrPDTLacl_-1ydmkuQ\/830x532_musulmans-pakistanais-prient-avant-rompre-jeune-peshawar-21-juillet-2012-premier-jour-ramadan.jpg","contentUrl":"https:\/\/img.20mn.fr\/o1rKNrPDTLacl_-1ydmkuQ\/830x532_musulmans-pakistanais-prient-avant-rompre-jeune-peshawar-21-juillet-2012-premier-jour-ramadan.jpg"},{"@type":"BreadcrumbList","@id":"https:\/\/webtube.fr\/index.php\/2022\/04\/03\/le-ramadan-le-mois-des-sept-peches-capitaux\/#breadcrumb","itemListElement":[{"@type":"ListItem","position":1,"name":"Accueil","item":"https:\/\/webtube.fr\/"},{"@type":"ListItem","position":2,"name":"Le ramadan, le mois des sept p\u00e9ch\u00e9s capitaux"}]},{"@type":"WebSite","@id":"https:\/\/webtube.fr\/#website","url":"https:\/\/webtube.fr\/","name":"WEBTUBE","description":"WEBTUBE.fr  Streaming Vid\u00e9o and News , toutes les infos sans filtres !","publisher":{"@id":"https:\/\/webtube.fr\/#organization"},"alternateName":"Rutube","potentialAction":[{"@type":"SearchAction","target":{"@type":"EntryPoint","urlTemplate":"https:\/\/webtube.fr\/?s={search_term_string}"},"query-input":{"@type":"PropertyValueSpecification","valueRequired":true,"valueName":"search_term_string"}}],"inLanguage":"fr-FR"},{"@type":"Organization","@id":"https:\/\/webtube.fr\/#organization","name":"# WEBTUBE.fr","url":"https:\/\/webtube.fr\/","logo":{"@type":"ImageObject","inLanguage":"fr-FR","@id":"https:\/\/webtube.fr\/#\/schema\/logo\/image\/","url":"https:\/\/webtube.fr\/wp-content\/uploads\/2025\/09\/cropped-Logo_webtubeIA-1.jpg","contentUrl":"https:\/\/webtube.fr\/wp-content\/uploads\/2025\/09\/cropped-Logo_webtubeIA-1.jpg","width":240,"height":240,"caption":"# WEBTUBE.fr"},"image":{"@id":"https:\/\/webtube.fr\/#\/schema\/logo\/image\/"},"sameAs":["https:\/\/www.facebook.com\/profile.php?id=100069673161887","https:\/\/x.com\/OrtfNews","https:\/\/www.facebook.com\/profile.php?id=100013751440523"]},{"@type":"Person","@id":"https:\/\/webtube.fr\/#\/schema\/person\/dcc633686e0e2a79a6bf7b92c9507618","name":"admin5851","image":{"@type":"ImageObject","inLanguage":"fr-FR","@id":"https:\/\/secure.gravatar.com\/avatar\/ea1b672a827879c0febb022a108a871292b3d08fadc66a0a43fa47acfe82e38a?s=96&d=mm&r=g","url":"https:\/\/secure.gravatar.com\/avatar\/ea1b672a827879c0febb022a108a871292b3d08fadc66a0a43fa47acfe82e38a?s=96&d=mm&r=g","contentUrl":"https:\/\/secure.gravatar.com\/avatar\/ea1b672a827879c0febb022a108a871292b3d08fadc66a0a43fa47acfe82e38a?s=96&d=mm&r=g","caption":"admin5851"},"sameAs":["http:\/\/linlcju.cluster100.hosting.ovh.net"],"url":"https:\/\/webtube.fr\/index.php\/author\/admin5851\/"}]}},"jetpack_featured_media_url":"","jetpack_sharing_enabled":true,"_links":{"self":[{"href":"https:\/\/webtube.fr\/index.php\/wp-json\/wp\/v2\/posts\/17440","targetHints":{"allow":["GET"]}}],"collection":[{"href":"https:\/\/webtube.fr\/index.php\/wp-json\/wp\/v2\/posts"}],"about":[{"href":"https:\/\/webtube.fr\/index.php\/wp-json\/wp\/v2\/types\/post"}],"author":[{"embeddable":true,"href":"https:\/\/webtube.fr\/index.php\/wp-json\/wp\/v2\/users\/1"}],"replies":[{"embeddable":true,"href":"https:\/\/webtube.fr\/index.php\/wp-json\/wp\/v2\/comments?post=17440"}],"version-history":[{"count":0,"href":"https:\/\/webtube.fr\/index.php\/wp-json\/wp\/v2\/posts\/17440\/revisions"}],"wp:attachment":[{"href":"https:\/\/webtube.fr\/index.php\/wp-json\/wp\/v2\/media?parent=17440"}],"wp:term":[{"taxonomy":"category","embeddable":true,"href":"https:\/\/webtube.fr\/index.php\/wp-json\/wp\/v2\/categories?post=17440"},{"taxonomy":"post_tag","embeddable":true,"href":"https:\/\/webtube.fr\/index.php\/wp-json\/wp\/v2\/tags?post=17440"}],"curies":[{"name":"wp","href":"https:\/\/api.w.org\/{rel}","templated":true}]}}