{"id":15256,"date":"2022-01-13T05:36:11","date_gmt":"2022-01-13T04:36:11","guid":{"rendered":"http:\/\/rutube.fr\/?p=15256"},"modified":"2022-01-13T05:36:11","modified_gmt":"2022-01-13T04:36:11","slug":"le-nombre-dimmigres-clandestins-arrives-dans-lunion-europeenne-en-hausse-de-57-en-2021","status":"publish","type":"post","link":"https:\/\/webtube.fr\/index.php\/2022\/01\/13\/le-nombre-dimmigres-clandestins-arrives-dans-lunion-europeenne-en-hausse-de-57-en-2021\/","title":{"rendered":"Le nombre d\u2019immigr\u00e9s clandestins arriv\u00e9s dans l\u2019Union europ\u00e9enne en hausse de 57% en 2021"},"content":{"rendered":"\n<figure><iframe loading=\"lazy\" width=\"800\" height=\"200\" src=\"http:\/\/www.weboomedia.fr\/RutubeStreaming1.htm\" frameborder=\"N\" scrolling=\"no\"><\/iframe><\/figure>\n\n\n\n<p>Articles \u00a0:\u00a0 <a href=\"http:\/\/rutube.fr\/2022\/01\/\" target=\"_blank\" rel=\"noreferrer noopener\">Jan. 2022<\/a> &#8211; \u00a0\u00a0<a href=\"http:\/\/rutube.fr\/2021\/12\/\" target=\"_blank\" rel=\"noreferrer noopener\">Dec. 2021<\/a> &#8211;\u00a0\u00a0 <a href=\"http:\/\/rutube.fr\/2021\/11\/\" target=\"_blank\" rel=\"noreferrer noopener\">Nov. 2021<\/a> &#8211;\u00a0 \u00a0<a href=\"http:\/\/rutube.fr\/2021\/10\/\" target=\"_blank\" rel=\"noreferrer noopener\">Oct. <\/a>Facebook\u00a0:\u00a0<a href=\"https:\/\/www.facebook.com\/ORTF-News-107572991571884\" target=\"_blank\" rel=\"noreferrer noopener\">https:\/\/www.facebook.com\/ORTF-News-107572991571884<\/a><\/p>\n\n\n\n<figure class=\"wp-block-image size-large\"><img decoding=\"async\" src=\"https:\/\/www.fdesouche.com\/wp-content\/uploads\/2021\/01\/97669107_deathboat.jpeg\" alt=\"\"\/><\/figure>\n\n\n\n<p><strong>L\u2019agence europ\u00e9enne Frontex a d\u00e9voil\u00e9, mardi 11 janvier, les chiffres des entr\u00e9es ill\u00e9gales en 2021. Si la pand\u00e9mie explique en partie la hausse, d\u2019autres ph\u00e9nom\u00e8nes sont \u00e0 l\u2019\u0153uvre, note Le Figaro.<\/strong><\/p>\n\n\n\n<p>En 2021, pr\u00e8s de 200 000 migrants ont p\u00e9n\u00e9tr\u00e9 ill\u00e9galement sur le sol de l\u2019Union europ\u00e9enne, a d\u00e9voil\u00e9 mardi 11 janvier Frontex, l\u2019agence communautaire de gardes-fronti\u00e8res. Un chiffre en hausse sur les quatre derni\u00e8res ann\u00e9es, pr\u00e9cise&nbsp;<a href=\"https:\/\/www.lefigaro.fr\/flash-actu\/ue-le-nombre-de-migrants-irreguliers-revenu-aux-niveaux-d-avant-la-pandemie-selon-frontex-20220111\" target=\"_blank\" rel=\"noreferrer noopener\"><em>Le Figaro<\/em><\/a>. L\u2019augmentation du nombre de clandestins est particuli\u00e8rement marqu\u00e9e si l\u2019on prend 2020 comme r\u00e9f\u00e9rence, avec une \u00e9volution de + 57 %. Mais s\u2019agissant d\u2019une ann\u00e9e de pand\u00e9mie marqu\u00e9e par une forte limitation des d\u00e9placements, la comparaison appara\u00eet moins pertinente. N\u00e9anmoins, la seule situation sanitaire ne saurait tout expliquer.<\/p>\n\n\n\n<h2 class=\"wp-block-heading\" id=\"h-la-mediterranee-premiere-zone-de-passage\">La M\u00e9diterran\u00e9e premi\u00e8re zone de passage<\/h2>\n\n\n\n<p>Car l\u2019UE n\u2019avait pas connu autant d\u2019arriv\u00e9es de clandestins depuis 2017, pr\u00e9cise Le Figaro. Surtout, par rapport \u00e0 une ann\u00e9e 2019 qui n\u2019a pas connu de restrictions particuli\u00e8res, le chiffre de 2021 reste en hausse de 36 %. Ce qui fait dire \u00e0 l\u2019agence que&nbsp;<em>\u00ab des facteurs autres que la lev\u00e9e des restrictions \u00e0 la mobilit\u00e9 mondiale sont \u00e0 l\u2019origine de l\u2019augmentation de la pression migratoire \u00bb<\/em>.<\/p>\n\n\n\n<p>L\u2019agence note ainsi l\u2019impact de l\u2019afflux de migrants \u00e0 la fronti\u00e8re entre la Pologne et la Bi\u00e9lorussie, ou via les Balkans occidentaux et Chypre. Mais la M\u00e9diterran\u00e9e reste la principale voie d\u2019arriv\u00e9e, avec pr\u00e8s d\u2019un tiers des clandestins qui sont pass\u00e9s par cette route. Selon Frontex, les migrants ill\u00e9gaux sont principalement syriens, tunisiens, marocains, alg\u00e9riens puis afghans.<\/p>\n\n\n\n<p><a href=\"https:\/\/www.valeursactuelles.com\/monde\/le-nombre-de-clandestins-arrives-dans-lue-en-hausse-de-57-en-2021\/\" target=\"_blank\" rel=\"noreferrer noopener\">Valeurs<\/a><\/p>\n\n\n\n<figure><iframe loading=\"lazy\" width=\"800\" height=\"200\" src=\"http:\/\/www.weboomedia.fr\/RutubeStreaming1.htm\" frameborder=\"N\" scrolling=\"no\"><\/iframe><\/figure>\n<!--\nADDFREESTATS.COM AUTOCODE V4.0 -->\n<script type=\"text\/javascript\">\n<!--\nvar AFS_Account=\"00636949\";\nvar AFS_Tracker=\"auto\";\nvar AFS_Server=\"www6\";\nvar AFS_Page=\"DetectName\";\nvar AFS_Url=\"DetectUrl\";\n\/\/ -->\n<\/script>\n<script type=\"text\/javascript\" src=\"http:\/\/www6.addfreestats.com\/cgi-bin\/afstrack.cgi?usr=00636949\">\n<\/script>\n<noscript>\n<a href=\"http:\/\/www.addfreestats.com\">\n<img decoding=\"async\" src=\"http:\/\/www6.addfreestats.com\/cgi-bin\/connect.cgi?usr=00636949Pauto\" border=\"0\" alt=\"AddFreeStats.com Free Web Stats!\">Web Stats<\/a>\n<\/noscript>\n\n<a href=\"http:\/\/djmusic.fr\">\n<img decoding=\"async\" src=\"http:\/\/djmusicparis.free.fr\/images\/Djmuisc_Jamendo.jpg\" border=\"0\" alt=\"AddFreeStats.com Free Web Stats!\"> Ecoutez DJMusic.fr<\/a>\n\n<!-- ENDADDFREESTATS.COM AUTOCODE V4.0  \u2192-->\n","protected":false},"excerpt":{"rendered":"<p>Articles \u00a0:\u00a0 Jan. 2022 &#8211; \u00a0\u00a0Dec. 2021 &#8211;\u00a0\u00a0 Nov. 2021 &#8211;\u00a0 \u00a0Oct. Facebook\u00a0:\u00a0https:\/\/www.facebook.com\/ORTF-News-107572991571884 L\u2019agence europ\u00e9enne Frontex a d\u00e9voil\u00e9, mardi 11 janvier, les chiffres des entr\u00e9es ill\u00e9gales en 2021. Si la pand\u00e9mie explique en partie la hausse, d\u2019autres ph\u00e9nom\u00e8nes sont \u00e0 l\u2019\u0153uvre, note Le Figaro. En 2021, pr\u00e8s de 200 000 migrants ont p\u00e9n\u00e9tr\u00e9 ill\u00e9galement sur &hellip; <a href=\"https:\/\/webtube.fr\/index.php\/2022\/01\/13\/le-nombre-dimmigres-clandestins-arrives-dans-lunion-europeenne-en-hausse-de-57-en-2021\/\" class=\"more-link\">Continuer la lecture<span class=\"screen-reader-text\"> de &laquo;&nbsp;Le nombre d\u2019immigr\u00e9s clandestins arriv\u00e9s dans l\u2019Union europ\u00e9enne en hausse de 57% en 2021&nbsp;&raquo;<\/span><\/a><\/p>\n","protected":false},"author":1,"featured_media":0,"comment_status":"open","ping_status":"open","sticky":false,"template":"","format":"standard","meta":{"_jetpack_memberships_contains_paid_content":false,"footnotes":""},"categories":[2],"tags":[],"class_list":["post-15256","post","type-post","status-publish","format-standard","hentry","category-non-classe"],"yoast_head":"<!-- This site is optimized with the Yoast SEO plugin v27.3 - https:\/\/yoast.com\/product\/yoast-seo-wordpress\/ -->\n<title>Le nombre d\u2019immigr\u00e9s clandestins arriv\u00e9s dans l\u2019Union europ\u00e9enne en hausse de 57% en 2021 - # WEBTUBE.fr<\/title>\n<meta name=\"robots\" content=\"index, follow, max-snippet:-1, max-image-preview:large, max-video-preview:-1\" \/>\n<link rel=\"canonical\" href=\"https:\/\/webtube.fr\/index.php\/2022\/01\/13\/le-nombre-dimmigres-clandestins-arrives-dans-lunion-europeenne-en-hausse-de-57-en-2021\/\" \/>\n<meta property=\"og:locale\" content=\"fr_FR\" \/>\n<meta property=\"og:type\" content=\"article\" \/>\n<meta property=\"og:title\" content=\"Le nombre d\u2019immigr\u00e9s clandestins arriv\u00e9s dans l\u2019Union europ\u00e9enne en hausse de 57% en 2021 - # WEBTUBE.fr\" \/>\n<meta property=\"og:description\" content=\"Articles \u00a0:\u00a0 Jan. 2022 &#8211; \u00a0\u00a0Dec. 2021 &#8211;\u00a0\u00a0 Nov. 2021 &#8211;\u00a0 \u00a0Oct. Facebook\u00a0:\u00a0https:\/\/www.facebook.com\/ORTF-News-107572991571884 L\u2019agence europ\u00e9enne Frontex a d\u00e9voil\u00e9, mardi 11 janvier, les chiffres des entr\u00e9es ill\u00e9gales en 2021. Si la pand\u00e9mie explique en partie la hausse, d\u2019autres ph\u00e9nom\u00e8nes sont \u00e0 l\u2019\u0153uvre, note Le Figaro. En 2021, pr\u00e8s de 200 000 migrants ont p\u00e9n\u00e9tr\u00e9 ill\u00e9galement sur &hellip; Continuer la lecture de &laquo;&nbsp;Le nombre d\u2019immigr\u00e9s clandestins arriv\u00e9s dans l\u2019Union europ\u00e9enne en hausse de 57% en 2021&nbsp;&raquo;\" \/>\n<meta property=\"og:url\" content=\"https:\/\/webtube.fr\/index.php\/2022\/01\/13\/le-nombre-dimmigres-clandestins-arrives-dans-lunion-europeenne-en-hausse-de-57-en-2021\/\" \/>\n<meta property=\"og:site_name\" content=\"# WEBTUBE.fr\" \/>\n<meta property=\"article:publisher\" content=\"https:\/\/www.facebook.com\/profile.php?id=100069673161887\" \/>\n<meta property=\"article:published_time\" content=\"2022-01-13T04:36:11+00:00\" \/>\n<meta property=\"og:image\" content=\"https:\/\/www.fdesouche.com\/wp-content\/uploads\/2021\/01\/97669107_deathboat.jpeg\" \/>\n<meta name=\"author\" content=\"admin5851\" \/>\n<meta name=\"twitter:card\" content=\"summary_large_image\" \/>\n<meta name=\"twitter:creator\" content=\"@OrtfNews\" \/>\n<meta name=\"twitter:site\" content=\"@OrtfNews\" \/>\n<meta name=\"twitter:label1\" content=\"\u00c9crit par\" \/>\n\t<meta name=\"twitter:data1\" content=\"admin5851\" \/>\n\t<meta name=\"twitter:label2\" content=\"Dur\u00e9e de lecture estim\u00e9e\" \/>\n\t<meta name=\"twitter:data2\" content=\"2 minutes\" \/>\n<script type=\"application\/ld+json\" class=\"yoast-schema-graph\">{\"@context\":\"https:\\\/\\\/schema.org\",\"@graph\":[{\"@type\":\"Article\",\"@id\":\"https:\\\/\\\/webtube.fr\\\/index.php\\\/2022\\\/01\\\/13\\\/le-nombre-dimmigres-clandestins-arrives-dans-lunion-europeenne-en-hausse-de-57-en-2021\\\/#article\",\"isPartOf\":{\"@id\":\"https:\\\/\\\/webtube.fr\\\/index.php\\\/2022\\\/01\\\/13\\\/le-nombre-dimmigres-clandestins-arrives-dans-lunion-europeenne-en-hausse-de-57-en-2021\\\/\"},\"author\":{\"name\":\"admin5851\",\"@id\":\"https:\\\/\\\/webtube.fr\\\/#\\\/schema\\\/person\\\/dcc633686e0e2a79a6bf7b92c9507618\"},\"headline\":\"Le nombre d\u2019immigr\u00e9s clandestins arriv\u00e9s dans l\u2019Union europ\u00e9enne en hausse de 57% en 2021\",\"datePublished\":\"2022-01-13T04:36:11+00:00\",\"mainEntityOfPage\":{\"@id\":\"https:\\\/\\\/webtube.fr\\\/index.php\\\/2022\\\/01\\\/13\\\/le-nombre-dimmigres-clandestins-arrives-dans-lunion-europeenne-en-hausse-de-57-en-2021\\\/\"},\"wordCount\":329,\"commentCount\":0,\"publisher\":{\"@id\":\"https:\\\/\\\/webtube.fr\\\/#organization\"},\"image\":{\"@id\":\"https:\\\/\\\/webtube.fr\\\/index.php\\\/2022\\\/01\\\/13\\\/le-nombre-dimmigres-clandestins-arrives-dans-lunion-europeenne-en-hausse-de-57-en-2021\\\/#primaryimage\"},\"thumbnailUrl\":\"https:\\\/\\\/www.fdesouche.com\\\/wp-content\\\/uploads\\\/2021\\\/01\\\/97669107_deathboat.jpeg\",\"inLanguage\":\"fr-FR\",\"potentialAction\":[{\"@type\":\"CommentAction\",\"name\":\"Comment\",\"target\":[\"https:\\\/\\\/webtube.fr\\\/index.php\\\/2022\\\/01\\\/13\\\/le-nombre-dimmigres-clandestins-arrives-dans-lunion-europeenne-en-hausse-de-57-en-2021\\\/#respond\"]}]},{\"@type\":\"WebPage\",\"@id\":\"https:\\\/\\\/webtube.fr\\\/index.php\\\/2022\\\/01\\\/13\\\/le-nombre-dimmigres-clandestins-arrives-dans-lunion-europeenne-en-hausse-de-57-en-2021\\\/\",\"url\":\"https:\\\/\\\/webtube.fr\\\/index.php\\\/2022\\\/01\\\/13\\\/le-nombre-dimmigres-clandestins-arrives-dans-lunion-europeenne-en-hausse-de-57-en-2021\\\/\",\"name\":\"Le nombre d\u2019immigr\u00e9s clandestins arriv\u00e9s dans l\u2019Union europ\u00e9enne en hausse de 57% en 2021 - # WEBTUBE.fr\",\"isPartOf\":{\"@id\":\"https:\\\/\\\/webtube.fr\\\/#website\"},\"primaryImageOfPage\":{\"@id\":\"https:\\\/\\\/webtube.fr\\\/index.php\\\/2022\\\/01\\\/13\\\/le-nombre-dimmigres-clandestins-arrives-dans-lunion-europeenne-en-hausse-de-57-en-2021\\\/#primaryimage\"},\"image\":{\"@id\":\"https:\\\/\\\/webtube.fr\\\/index.php\\\/2022\\\/01\\\/13\\\/le-nombre-dimmigres-clandestins-arrives-dans-lunion-europeenne-en-hausse-de-57-en-2021\\\/#primaryimage\"},\"thumbnailUrl\":\"https:\\\/\\\/www.fdesouche.com\\\/wp-content\\\/uploads\\\/2021\\\/01\\\/97669107_deathboat.jpeg\",\"datePublished\":\"2022-01-13T04:36:11+00:00\",\"breadcrumb\":{\"@id\":\"https:\\\/\\\/webtube.fr\\\/index.php\\\/2022\\\/01\\\/13\\\/le-nombre-dimmigres-clandestins-arrives-dans-lunion-europeenne-en-hausse-de-57-en-2021\\\/#breadcrumb\"},\"inLanguage\":\"fr-FR\",\"potentialAction\":[{\"@type\":\"ReadAction\",\"target\":[\"https:\\\/\\\/webtube.fr\\\/index.php\\\/2022\\\/01\\\/13\\\/le-nombre-dimmigres-clandestins-arrives-dans-lunion-europeenne-en-hausse-de-57-en-2021\\\/\"]}]},{\"@type\":\"ImageObject\",\"inLanguage\":\"fr-FR\",\"@id\":\"https:\\\/\\\/webtube.fr\\\/index.php\\\/2022\\\/01\\\/13\\\/le-nombre-dimmigres-clandestins-arrives-dans-lunion-europeenne-en-hausse-de-57-en-2021\\\/#primaryimage\",\"url\":\"https:\\\/\\\/www.fdesouche.com\\\/wp-content\\\/uploads\\\/2021\\\/01\\\/97669107_deathboat.jpeg\",\"contentUrl\":\"https:\\\/\\\/www.fdesouche.com\\\/wp-content\\\/uploads\\\/2021\\\/01\\\/97669107_deathboat.jpeg\"},{\"@type\":\"BreadcrumbList\",\"@id\":\"https:\\\/\\\/webtube.fr\\\/index.php\\\/2022\\\/01\\\/13\\\/le-nombre-dimmigres-clandestins-arrives-dans-lunion-europeenne-en-hausse-de-57-en-2021\\\/#breadcrumb\",\"itemListElement\":[{\"@type\":\"ListItem\",\"position\":1,\"name\":\"Accueil\",\"item\":\"https:\\\/\\\/webtube.fr\\\/\"},{\"@type\":\"ListItem\",\"position\":2,\"name\":\"Le nombre d\u2019immigr\u00e9s clandestins arriv\u00e9s dans l\u2019Union europ\u00e9enne en hausse de 57% en 2021\"}]},{\"@type\":\"WebSite\",\"@id\":\"https:\\\/\\\/webtube.fr\\\/#website\",\"url\":\"https:\\\/\\\/webtube.fr\\\/\",\"name\":\"WEBTUBE\",\"description\":\"WEBTUBE.fr  Streaming Vid\u00e9o and News , toutes les infos sans filtres !\",\"publisher\":{\"@id\":\"https:\\\/\\\/webtube.fr\\\/#organization\"},\"alternateName\":\"Rutube\",\"potentialAction\":[{\"@type\":\"SearchAction\",\"target\":{\"@type\":\"EntryPoint\",\"urlTemplate\":\"https:\\\/\\\/webtube.fr\\\/?s={search_term_string}\"},\"query-input\":{\"@type\":\"PropertyValueSpecification\",\"valueRequired\":true,\"valueName\":\"search_term_string\"}}],\"inLanguage\":\"fr-FR\"},{\"@type\":\"Organization\",\"@id\":\"https:\\\/\\\/webtube.fr\\\/#organization\",\"name\":\"# WEBTUBE.fr\",\"url\":\"https:\\\/\\\/webtube.fr\\\/\",\"logo\":{\"@type\":\"ImageObject\",\"inLanguage\":\"fr-FR\",\"@id\":\"https:\\\/\\\/webtube.fr\\\/#\\\/schema\\\/logo\\\/image\\\/\",\"url\":\"https:\\\/\\\/webtube.fr\\\/wp-content\\\/uploads\\\/2025\\\/09\\\/cropped-Logo_webtubeIA-1.jpg\",\"contentUrl\":\"https:\\\/\\\/webtube.fr\\\/wp-content\\\/uploads\\\/2025\\\/09\\\/cropped-Logo_webtubeIA-1.jpg\",\"width\":240,\"height\":240,\"caption\":\"# WEBTUBE.fr\"},\"image\":{\"@id\":\"https:\\\/\\\/webtube.fr\\\/#\\\/schema\\\/logo\\\/image\\\/\"},\"sameAs\":[\"https:\\\/\\\/www.facebook.com\\\/profile.php?id=100069673161887\",\"https:\\\/\\\/x.com\\\/OrtfNews\",\"https:\\\/\\\/www.facebook.com\\\/profile.php?id=100013751440523\"]},{\"@type\":\"Person\",\"@id\":\"https:\\\/\\\/webtube.fr\\\/#\\\/schema\\\/person\\\/dcc633686e0e2a79a6bf7b92c9507618\",\"name\":\"admin5851\",\"image\":{\"@type\":\"ImageObject\",\"inLanguage\":\"fr-FR\",\"@id\":\"https:\\\/\\\/secure.gravatar.com\\\/avatar\\\/ea1b672a827879c0febb022a108a871292b3d08fadc66a0a43fa47acfe82e38a?s=96&d=mm&r=g\",\"url\":\"https:\\\/\\\/secure.gravatar.com\\\/avatar\\\/ea1b672a827879c0febb022a108a871292b3d08fadc66a0a43fa47acfe82e38a?s=96&d=mm&r=g\",\"contentUrl\":\"https:\\\/\\\/secure.gravatar.com\\\/avatar\\\/ea1b672a827879c0febb022a108a871292b3d08fadc66a0a43fa47acfe82e38a?s=96&d=mm&r=g\",\"caption\":\"admin5851\"},\"sameAs\":[\"http:\\\/\\\/linlcju.cluster100.hosting.ovh.net\"],\"url\":\"https:\\\/\\\/webtube.fr\\\/index.php\\\/author\\\/admin5851\\\/\"}]}<\/script>\n<!-- \/ Yoast SEO plugin. -->","yoast_head_json":{"title":"Le nombre d\u2019immigr\u00e9s clandestins arriv\u00e9s dans l\u2019Union europ\u00e9enne en hausse de 57% en 2021 - # WEBTUBE.fr","robots":{"index":"index","follow":"follow","max-snippet":"max-snippet:-1","max-image-preview":"max-image-preview:large","max-video-preview":"max-video-preview:-1"},"canonical":"https:\/\/webtube.fr\/index.php\/2022\/01\/13\/le-nombre-dimmigres-clandestins-arrives-dans-lunion-europeenne-en-hausse-de-57-en-2021\/","og_locale":"fr_FR","og_type":"article","og_title":"Le nombre d\u2019immigr\u00e9s clandestins arriv\u00e9s dans l\u2019Union europ\u00e9enne en hausse de 57% en 2021 - # WEBTUBE.fr","og_description":"Articles \u00a0:\u00a0 Jan. 2022 &#8211; \u00a0\u00a0Dec. 2021 &#8211;\u00a0\u00a0 Nov. 2021 &#8211;\u00a0 \u00a0Oct. Facebook\u00a0:\u00a0https:\/\/www.facebook.com\/ORTF-News-107572991571884 L\u2019agence europ\u00e9enne Frontex a d\u00e9voil\u00e9, mardi 11 janvier, les chiffres des entr\u00e9es ill\u00e9gales en 2021. Si la pand\u00e9mie explique en partie la hausse, d\u2019autres ph\u00e9nom\u00e8nes sont \u00e0 l\u2019\u0153uvre, note Le Figaro. En 2021, pr\u00e8s de 200 000 migrants ont p\u00e9n\u00e9tr\u00e9 ill\u00e9galement sur &hellip; Continuer la lecture de &laquo;&nbsp;Le nombre d\u2019immigr\u00e9s clandestins arriv\u00e9s dans l\u2019Union europ\u00e9enne en hausse de 57% en 2021&nbsp;&raquo;","og_url":"https:\/\/webtube.fr\/index.php\/2022\/01\/13\/le-nombre-dimmigres-clandestins-arrives-dans-lunion-europeenne-en-hausse-de-57-en-2021\/","og_site_name":"# WEBTUBE.fr","article_publisher":"https:\/\/www.facebook.com\/profile.php?id=100069673161887","article_published_time":"2022-01-13T04:36:11+00:00","og_image":[{"url":"https:\/\/www.fdesouche.com\/wp-content\/uploads\/2021\/01\/97669107_deathboat.jpeg","type":"","width":"","height":""}],"author":"admin5851","twitter_card":"summary_large_image","twitter_creator":"@OrtfNews","twitter_site":"@OrtfNews","twitter_misc":{"\u00c9crit par":"admin5851","Dur\u00e9e de lecture estim\u00e9e":"2 minutes"},"schema":{"@context":"https:\/\/schema.org","@graph":[{"@type":"Article","@id":"https:\/\/webtube.fr\/index.php\/2022\/01\/13\/le-nombre-dimmigres-clandestins-arrives-dans-lunion-europeenne-en-hausse-de-57-en-2021\/#article","isPartOf":{"@id":"https:\/\/webtube.fr\/index.php\/2022\/01\/13\/le-nombre-dimmigres-clandestins-arrives-dans-lunion-europeenne-en-hausse-de-57-en-2021\/"},"author":{"name":"admin5851","@id":"https:\/\/webtube.fr\/#\/schema\/person\/dcc633686e0e2a79a6bf7b92c9507618"},"headline":"Le nombre d\u2019immigr\u00e9s clandestins arriv\u00e9s dans l\u2019Union europ\u00e9enne en hausse de 57% en 2021","datePublished":"2022-01-13T04:36:11+00:00","mainEntityOfPage":{"@id":"https:\/\/webtube.fr\/index.php\/2022\/01\/13\/le-nombre-dimmigres-clandestins-arrives-dans-lunion-europeenne-en-hausse-de-57-en-2021\/"},"wordCount":329,"commentCount":0,"publisher":{"@id":"https:\/\/webtube.fr\/#organization"},"image":{"@id":"https:\/\/webtube.fr\/index.php\/2022\/01\/13\/le-nombre-dimmigres-clandestins-arrives-dans-lunion-europeenne-en-hausse-de-57-en-2021\/#primaryimage"},"thumbnailUrl":"https:\/\/www.fdesouche.com\/wp-content\/uploads\/2021\/01\/97669107_deathboat.jpeg","inLanguage":"fr-FR","potentialAction":[{"@type":"CommentAction","name":"Comment","target":["https:\/\/webtube.fr\/index.php\/2022\/01\/13\/le-nombre-dimmigres-clandestins-arrives-dans-lunion-europeenne-en-hausse-de-57-en-2021\/#respond"]}]},{"@type":"WebPage","@id":"https:\/\/webtube.fr\/index.php\/2022\/01\/13\/le-nombre-dimmigres-clandestins-arrives-dans-lunion-europeenne-en-hausse-de-57-en-2021\/","url":"https:\/\/webtube.fr\/index.php\/2022\/01\/13\/le-nombre-dimmigres-clandestins-arrives-dans-lunion-europeenne-en-hausse-de-57-en-2021\/","name":"Le nombre d\u2019immigr\u00e9s clandestins arriv\u00e9s dans l\u2019Union europ\u00e9enne en hausse de 57% en 2021 - # WEBTUBE.fr","isPartOf":{"@id":"https:\/\/webtube.fr\/#website"},"primaryImageOfPage":{"@id":"https:\/\/webtube.fr\/index.php\/2022\/01\/13\/le-nombre-dimmigres-clandestins-arrives-dans-lunion-europeenne-en-hausse-de-57-en-2021\/#primaryimage"},"image":{"@id":"https:\/\/webtube.fr\/index.php\/2022\/01\/13\/le-nombre-dimmigres-clandestins-arrives-dans-lunion-europeenne-en-hausse-de-57-en-2021\/#primaryimage"},"thumbnailUrl":"https:\/\/www.fdesouche.com\/wp-content\/uploads\/2021\/01\/97669107_deathboat.jpeg","datePublished":"2022-01-13T04:36:11+00:00","breadcrumb":{"@id":"https:\/\/webtube.fr\/index.php\/2022\/01\/13\/le-nombre-dimmigres-clandestins-arrives-dans-lunion-europeenne-en-hausse-de-57-en-2021\/#breadcrumb"},"inLanguage":"fr-FR","potentialAction":[{"@type":"ReadAction","target":["https:\/\/webtube.fr\/index.php\/2022\/01\/13\/le-nombre-dimmigres-clandestins-arrives-dans-lunion-europeenne-en-hausse-de-57-en-2021\/"]}]},{"@type":"ImageObject","inLanguage":"fr-FR","@id":"https:\/\/webtube.fr\/index.php\/2022\/01\/13\/le-nombre-dimmigres-clandestins-arrives-dans-lunion-europeenne-en-hausse-de-57-en-2021\/#primaryimage","url":"https:\/\/www.fdesouche.com\/wp-content\/uploads\/2021\/01\/97669107_deathboat.jpeg","contentUrl":"https:\/\/www.fdesouche.com\/wp-content\/uploads\/2021\/01\/97669107_deathboat.jpeg"},{"@type":"BreadcrumbList","@id":"https:\/\/webtube.fr\/index.php\/2022\/01\/13\/le-nombre-dimmigres-clandestins-arrives-dans-lunion-europeenne-en-hausse-de-57-en-2021\/#breadcrumb","itemListElement":[{"@type":"ListItem","position":1,"name":"Accueil","item":"https:\/\/webtube.fr\/"},{"@type":"ListItem","position":2,"name":"Le nombre d\u2019immigr\u00e9s clandestins arriv\u00e9s dans l\u2019Union europ\u00e9enne en hausse de 57% en 2021"}]},{"@type":"WebSite","@id":"https:\/\/webtube.fr\/#website","url":"https:\/\/webtube.fr\/","name":"WEBTUBE","description":"WEBTUBE.fr  Streaming Vid\u00e9o and News , toutes les infos sans filtres !","publisher":{"@id":"https:\/\/webtube.fr\/#organization"},"alternateName":"Rutube","potentialAction":[{"@type":"SearchAction","target":{"@type":"EntryPoint","urlTemplate":"https:\/\/webtube.fr\/?s={search_term_string}"},"query-input":{"@type":"PropertyValueSpecification","valueRequired":true,"valueName":"search_term_string"}}],"inLanguage":"fr-FR"},{"@type":"Organization","@id":"https:\/\/webtube.fr\/#organization","name":"# WEBTUBE.fr","url":"https:\/\/webtube.fr\/","logo":{"@type":"ImageObject","inLanguage":"fr-FR","@id":"https:\/\/webtube.fr\/#\/schema\/logo\/image\/","url":"https:\/\/webtube.fr\/wp-content\/uploads\/2025\/09\/cropped-Logo_webtubeIA-1.jpg","contentUrl":"https:\/\/webtube.fr\/wp-content\/uploads\/2025\/09\/cropped-Logo_webtubeIA-1.jpg","width":240,"height":240,"caption":"# WEBTUBE.fr"},"image":{"@id":"https:\/\/webtube.fr\/#\/schema\/logo\/image\/"},"sameAs":["https:\/\/www.facebook.com\/profile.php?id=100069673161887","https:\/\/x.com\/OrtfNews","https:\/\/www.facebook.com\/profile.php?id=100013751440523"]},{"@type":"Person","@id":"https:\/\/webtube.fr\/#\/schema\/person\/dcc633686e0e2a79a6bf7b92c9507618","name":"admin5851","image":{"@type":"ImageObject","inLanguage":"fr-FR","@id":"https:\/\/secure.gravatar.com\/avatar\/ea1b672a827879c0febb022a108a871292b3d08fadc66a0a43fa47acfe82e38a?s=96&d=mm&r=g","url":"https:\/\/secure.gravatar.com\/avatar\/ea1b672a827879c0febb022a108a871292b3d08fadc66a0a43fa47acfe82e38a?s=96&d=mm&r=g","contentUrl":"https:\/\/secure.gravatar.com\/avatar\/ea1b672a827879c0febb022a108a871292b3d08fadc66a0a43fa47acfe82e38a?s=96&d=mm&r=g","caption":"admin5851"},"sameAs":["http:\/\/linlcju.cluster100.hosting.ovh.net"],"url":"https:\/\/webtube.fr\/index.php\/author\/admin5851\/"}]}},"jetpack_featured_media_url":"","jetpack_sharing_enabled":true,"_links":{"self":[{"href":"https:\/\/webtube.fr\/index.php\/wp-json\/wp\/v2\/posts\/15256","targetHints":{"allow":["GET"]}}],"collection":[{"href":"https:\/\/webtube.fr\/index.php\/wp-json\/wp\/v2\/posts"}],"about":[{"href":"https:\/\/webtube.fr\/index.php\/wp-json\/wp\/v2\/types\/post"}],"author":[{"embeddable":true,"href":"https:\/\/webtube.fr\/index.php\/wp-json\/wp\/v2\/users\/1"}],"replies":[{"embeddable":true,"href":"https:\/\/webtube.fr\/index.php\/wp-json\/wp\/v2\/comments?post=15256"}],"version-history":[{"count":0,"href":"https:\/\/webtube.fr\/index.php\/wp-json\/wp\/v2\/posts\/15256\/revisions"}],"wp:attachment":[{"href":"https:\/\/webtube.fr\/index.php\/wp-json\/wp\/v2\/media?parent=15256"}],"wp:term":[{"taxonomy":"category","embeddable":true,"href":"https:\/\/webtube.fr\/index.php\/wp-json\/wp\/v2\/categories?post=15256"},{"taxonomy":"post_tag","embeddable":true,"href":"https:\/\/webtube.fr\/index.php\/wp-json\/wp\/v2\/tags?post=15256"}],"curies":[{"name":"wp","href":"https:\/\/api.w.org\/{rel}","templated":true}]}}